{"id":972,"date":"2022-11-03T16:54:22","date_gmt":"2022-11-03T16:54:22","guid":{"rendered":"https:\/\/d66.nl\/zwolle\/nieuws\/"},"modified":"2022-11-03T16:54:23","modified_gmt":"2022-11-03T16:54:23","slug":"uit-de-raad-warm-welkom-voor-vluchtelingen-in-zwolle","status":"publish","type":"post","link":"https:\/\/d66.nl\/zwolle\/nieuws\/uit-de-raad-warm-welkom-voor-vluchtelingen-in-zwolle","title":{"rendered":"Uit de raad: warm welkom voor vluchtelingen in Zwolle"},"content":{"rendered":"<div\n  id=\"\"\n  class=\"wrapper  wrapper__spacing-bottom-large--50 wrapper__spacing-bottom-desktop--66 wrapper__spacing-bottom-mobile--76  wrapper__gutter--none\"\n  >\n  \t<div class=\"wrapper__container wrapper__container-width-large--default\">\n\t  <div class=\"wrapper__inner wrapper__width-large--14 wrapper__width-desktop--20 wrapper__width-mobile--24 wrapper__offset-large--6 wrapper__offset-desktop--4 wrapper__offset-mobile--0\">\n\t\t<h1 class=\"heading   heading__size--giant heading__font--serif heading__weight--regular  block-heading__heading\" id=\"nav-uit-de-raad--warm-welkom-voor-vluchtelingen-in-zwolle3056\"  data-nav-heading-mobile=\"Uit de raad: warm welkom voor vluchtelingen in Zwolle\" >\n\tUit de raad: warm welkom voor vluchtelingen in Zwolle<\/h1>\t  <\/div>\n\t<\/div>\n  <\/div>\n\n\n<div\n  id=\"\"\n  class=\"wrapper  wrapper__spacing-bottom-large--50 wrapper__spacing-bottom-mobile--40  wrapper__gutter--none\"\n  >\n  \t<div class=\"wrapper__container wrapper__container-width-large--default\">\n\t  <div class=\"wrapper__inner wrapper__width-large--13 wrapper__width-desktop--22 wrapper__width-mobile--24 wrapper__offset-large--6 wrapper__offset-desktop--2 wrapper__offset-mobile--0\">\n\t\t<p\n\t\tclass=\"paragraph   paragraph__size--big   block-paragraph__paragraph\"\n\t\t\t>\n\t\t<em>Op 24 oktober sprak <a href=\"https:\/\/d66.nl\/zwolle\/mensen\/lizet-klein-nagelvoort\/\">Lizet Klein Nagelvoort<\/a> in de raad over de \u2018samenhangende aanpak vluchtelingenopvang\u2019. De gemeenteraad debatteerde hierbij over de manier waarop we in de toekomst omgaan met de opvang van vluchtelingen in Zwolle. In haar bijdrage benoemde Lizet dat het belangrijk is om als Zwolle bij te dragen aan het oplossen van de situatie in Ter Apel. Mensen slapen buiten en hebben geen toegang tot medische zorg, wat beschamend is. Verder vroeg Lizet naar de mogelijkheden om een pilot te starten met mensen die nog geen status hebben te kunnen laten werken. Ook vroeg ze naar de mogelijkheden die er zijn om de statushouders die nog op zoek zijn naar een woning, versnelt aan woonruimte te helpen. Tot slot heette Lizet vluchtelingen van harte welkom in Zwolle en bedankte ze Zwollenaren die er met elkaar voor zorgen dat vluchtelingen een warm welkom krijgen. De volledige bijdrage van Lizet kun je hieronder teruglezen, of via <a href=\"https:\/\/zwolle.bestuurlijkeinformatie.nl\/Agenda\/Index\/e49cdd80-ada2-4853-943f-d3abb2b0f985\">deze link<\/a> terugkijken.<\/em>\t<\/p>\t  <\/div>\n\t<\/div>\n  <\/div>\n\n\n<div\n  id=\"\"\n  class=\"wrapper  wrapper__spacing-bottom-large--30 wrapper__spacing-bottom-desktop--20 wrapper__spacing-bottom-mobile--10  wrapper__gutter--none\"\n  >\n  \t<div class=\"wrapper__container wrapper__container-width-large--default\">\n\t  <div class=\"wrapper__inner wrapper__width-large--14 wrapper__width-desktop--24 wrapper__width-mobile--24 wrapper__offset-large--6 wrapper__offset-desktop--2 wrapper__offset-mobile--0\">\n\t\t<section class=\"block-related-post-metadata js-block-related-post-metadata\">\n\t<div class=\"block-related-post-metadata__content-wrapper\">\n\t\t<div class=\"block-related-post-metadata__persons\">\n\t\t\t\t\t<\/div>\n\t\t<div class=\"block-related-post-metadata__meta\">\n\t\t\t<div class=\"block-related-post-metadata__date\">\n\t\t\t\t03.11.2022<div class=\"post-share js-post-share rs_skip_always\">\n\t<button class=\"post-share__share-button js-post-share-share-button\">\n\t\tShare\t\t<svg xmlns='http:\/\/www.w3.org\/2000\/svg' width='100px' height='100px' viewBox='0 0 24 24' fill='none'><path d='m8.684 10.658 6.629-3.314m.003 9.314-6.622-3.311M21 6a3 3 0 1 1-6 0 3 3 0 0 1 6 0ZM9 12a3 3 0 1 1-6 0 3 3 0 0 1 6 0Zm12 6a3 3 0 1 1-6 0 3 3 0 0 1 6 0Z' stroke='currentColor' stroke-width='1.5' fill='none'\/><\/svg>\t<\/button>\n\t<dialog class=\"post-share__dialog js-post-share-dialog\" aria-hidden=\"true\">\n\t\t<div class=\"post-share__dialog-header\">\n\t\t\tShare this post\t\t\t<button class=\"post-share__dialog-close js-post-share-dialog-close\">\n\t\t\t\t<svg xmlns='http:\/\/www.w3.org\/2000\/svg' width='150' height='150' viewBox='0 0 150 150' fill='none'><path d='M44.103 105.897 75 75m30.898-30.898L75 75m0 0L44.103 44.102M75 75l30.898 30.897' stroke='currentColor' stroke-width='5' fill='none'\/><\/svg>\t\t\t<\/button>\n\t\t<\/div>\n\t\t<div class=\"post-share__dialog-socials\">\n\t\t\t\t\t\t\t\t\t\t\t<a class=\"post-share__dialog-item js-post-share-dialog-item\" href=\"#\" target=\"_blank\" data-copy=&quot;true&quot;>\n\t\t\t\t\tKopier link<svg xmlns='http:\/\/www.w3.org\/2000\/svg' width='150' height='150' viewBox='0 0 150 150' fill='none'><path d='M67.468 108.679c-8.533-.512-14.164-3.583-17.407-9.983-3.242-6.314-2.815-12.713 1.195-18.6 1.706-2.56 3.584-5.035 5.46-7.594 1.537-2.048 3.584-2.475 5.462-1.195 2.047 1.45 2.389 3.498.938 5.632-1.706 2.474-3.584 4.948-5.29 7.423-3.242 4.778-2.304 11.092 2.133 14.334 4.864 3.584 11.092 2.731 14.761-1.962 1.963-2.475 3.754-5.12 5.632-7.68 1.194-1.535 2.645-2.218 4.607-1.28 1.792.854 2.645 2.39 2.304 4.267 0 .17 0 .427-.17.597-3.67 5.12-6.4 11.178-12.544 13.993-2.56 1.195-5.46 1.707-6.996 2.219l-.085-.171Z' fill='currentColor'\/><path d='M86.921 44.6c6.144.257 11.605 3.328 14.932 9.728 3.328 6.399 2.816 12.798-1.109 18.856-1.621 2.56-3.498 4.95-5.29 7.424-1.707 2.303-3.754 2.815-5.717 1.45-2.048-1.45-2.304-3.669-.597-6.058 1.621-2.304 3.328-4.608 4.949-6.911 3.498-4.95 2.56-11.348-2.133-14.761-4.779-3.499-11.178-2.475-14.847 2.56-1.792 2.388-3.498 4.863-5.205 7.252-1.62 2.218-3.583 2.56-5.546 1.11-1.877-1.366-2.218-3.414-.768-5.462 2.048-2.986 4.01-5.972 6.314-8.703 3.67-4.351 8.448-6.399 15.103-6.399l-.086-.085Z' fill='currentColor'\/><path d='M71.478 88.457c-3.498-.341-5.46-3.413-3.754-6.143 3.327-5.29 6.825-10.495 10.324-15.7 1.45-2.133 3.413-2.389 5.46-1.109 1.878 1.28 2.219 3.413.854 5.546-3.328 5.034-6.57 9.983-9.983 14.932-.683 1.024-1.963 1.621-2.901 2.389v.085Z' fill='currentColor'\/><\/svg>\t\t\t\t<\/a>\n\t\t\t\t\t\t\t\t\t\t\t<a class=\"post-share__dialog-item js-post-share-dialog-item\" href=\"mailto:?to=%20&amp;body=https%3A%2F%2Fd66.nl%2Fzwolle%2Fnieuws%2Fuit-de-raad-warm-welkom-voor-vluchtelingen-in-zwolle\" target=\"_blank\" >\n\t\t\t\t\tMail<svg xmlns='http:\/\/www.w3.org\/2000\/svg' width='40' height='40' viewBox='0 0 40 40' fill='none'><path d='M24.107 15.865a1 1 0 0 1 1.266 1.265l-1.686 5.052a1 1 0 0 1-1.654.392l-3.37-3.37a1.001 1.001 0 0 1 .392-1.654l5.052-1.685Z' fill='currentColor'\/><path d='m21.763 19.475-5.657 5.657' stroke='currentColor' stroke-width='2' stroke-linecap='round' fill='none'\/><\/svg>\t\t\t\t<\/a>\n\t\t\t\t\t\t\t\t\t\t\t<a class=\"post-share__dialog-item js-post-share-dialog-item\" href=\"https:\/\/www.linkedin.com\/sharing\/share-offsite\/?url=https%3A%2F%2Fd66.nl%2Fzwolle%2Fnieuws%2Fuit-de-raad-warm-welkom-voor-vluchtelingen-in-zwolle\" target=\"_blank\" >\n\t\t\t\t\tLinkedIn<svg xmlns='http:\/\/www.w3.org\/2000\/svg' width='40' height='40' viewBox='0 0 40 40' fill='none'><path d='M24.107 15.865a1 1 0 0 1 1.266 1.265l-1.686 5.052a1 1 0 0 1-1.654.392l-3.37-3.37a1.001 1.001 0 0 1 .392-1.654l5.052-1.685Z' fill='currentColor'\/><path d='m21.763 19.475-5.657 5.657' stroke='currentColor' stroke-width='2' stroke-linecap='round' fill='none'\/><\/svg>\t\t\t\t<\/a>\n\t\t\t\t\t\t\t\t\t\t\t<a class=\"post-share__dialog-item js-post-share-dialog-item\" href=\"https:\/\/www.facebook.com\/sharer\/sharer.php?u=https%3A%2F%2Fd66.nl%2Fzwolle%2Fnieuws%2Fuit-de-raad-warm-welkom-voor-vluchtelingen-in-zwolle\" target=\"_blank\" >\n\t\t\t\t\tFacebook<svg xmlns='http:\/\/www.w3.org\/2000\/svg' width='40' height='40' viewBox='0 0 40 40' fill='none'><path d='M24.107 15.865a1 1 0 0 1 1.266 1.265l-1.686 5.052a1 1 0 0 1-1.654.392l-3.37-3.37a1.001 1.001 0 0 1 .392-1.654l5.052-1.685Z' fill='currentColor'\/><path d='m21.763 19.475-5.657 5.657' stroke='currentColor' stroke-width='2' stroke-linecap='round' fill='none'\/><\/svg>\t\t\t\t<\/a>\n\t\t\t\t\t\t\t\t\t\t\t<a class=\"post-share__dialog-item js-post-share-dialog-item\" href=\"whatsapp:\/\/send?text=https%3A%2F%2Fd66.nl%2Fzwolle%2Fnieuws%2Fuit-de-raad-warm-welkom-voor-vluchtelingen-in-zwolle\" target=\"_blank\" >\n\t\t\t\t\tWhatsApp<svg xmlns='http:\/\/www.w3.org\/2000\/svg' width='40' height='40' viewBox='0 0 40 40' fill='none'><path d='M24.107 15.865a1 1 0 0 1 1.266 1.265l-1.686 5.052a1 1 0 0 1-1.654.392l-3.37-3.37a1.001 1.001 0 0 1 .392-1.654l5.052-1.685Z' fill='currentColor'\/><path d='m21.763 19.475-5.657 5.657' stroke='currentColor' stroke-width='2' stroke-linecap='round' fill='none'\/><\/svg>\t\t\t\t<\/a>\n\t\t\t\t\t\t\t\t\t\t\t<a class=\"post-share__dialog-item js-post-share-dialog-item\" href=\"https:\/\/x.com\/intent\/post?url=https%3A%2F%2Fd66.nl%2Fzwolle%2Fnieuws%2Fuit-de-raad-warm-welkom-voor-vluchtelingen-in-zwolle\" target=\"_blank\" >\n\t\t\t\t\tTwitter (X)<svg xmlns='http:\/\/www.w3.org\/2000\/svg' width='40' height='40' viewBox='0 0 40 40' fill='none'><path d='M24.107 15.865a1 1 0 0 1 1.266 1.265l-1.686 5.052a1 1 0 0 1-1.654.392l-3.37-3.37a1.001 1.001 0 0 1 .392-1.654l5.052-1.685Z' fill='currentColor'\/><path d='m21.763 19.475-5.657 5.657' stroke='currentColor' stroke-width='2' stroke-linecap='round' fill='none'\/><\/svg>\t\t\t\t<\/a>\n\t\t\t\t\t<\/div>\n\t<\/dialog>\n<\/div>\t\t\t<\/div>\n\t\t\t<div class=\"block-related-post-metadata__categories\">\n\t\t\t\t<div class=\"category-link__wrapper\">\n\t\t\t<div class=\"category-link__item\">\n\t\t\t<a href=\"https:\/\/d66.nl\/zwolle\/category\/d66\/\">\n\t\t\t\tD66\t\t\t<\/a>\n\t\t<\/div>\n\t\t<\/div>\t\t\t<\/div>\n\t\t<\/div>\n\t<\/div>\n<\/section>\n\t  <\/div>\n\t<\/div>\n  <\/div>\n\n\n<div\n  id=\"\"\n  class=\"wrapper  wrapper__spacing-bottom-large--50 wrapper__spacing-bottom-desktop--70 wrapper__spacing-bottom-mobile--50  wrapper__gutter--none\"\n  >\n  \t<div class=\"wrapper__container wrapper__container-width-large--default\">\n\t  <div class=\"wrapper__inner wrapper__width-large--18 wrapper__width-desktop--22 wrapper__width-mobile--24 wrapper__offset-large--6 wrapper__offset-desktop--2 wrapper__offset-mobile--0\">\n\t\t<section class=\"block-post-content\">\n\t<div class=\"block-post-content__title\">\n\t\t<h3 class=\"heading  heading__color--black heading__size--medium heading__font--sans heading__weight--bold  block-post-content__heading\" id=\"nav-453\" data-nav-heading-mobile=\"\">\n\t<\/h3>\t<\/div>\n\t<div class=\"block-post-content__content\">\n\t\t\n<div\n  id=\"\"\n  class=\"wrapper  wrapper__spacing-bottom-large--30 wrapper__spacing-bottom-desktop--20  wrapper__gutter--none\"\n  >\n  \t<div class=\"wrapper__container wrapper__container-width-large--default\">\n\t  <div class=\"wrapper__inner wrapper__width-large--24 wrapper__width-mobile--24\">\n\t\t<p\n\t\tclass=\"paragraph paragraph__align--left paragraph__color--black paragraph__size--default   block-paragraph__paragraph\"\n\t\t\t>\n\t\t\u201cLaat ik maar direct met de deur in huis vallen. Hoe meer mensen we in crisisnoodopvang kunnen helpen in Zwolle, hoe beter. Want de situatie in Ter Apel is nog lang niet opgelost. En elke dag dat kinderen moeten slapen op een stenen vloertje is \u00e9\u00e9n nacht te veel. En elke dag dat mensen geen toegang hebben tot medische zorg is er \u00e9\u00e9n te veel. En eerlijk gezegd schaam ik me. Ik schaam me dat we het in Nederland zover hebben laten komen. Want als zelfs Artsen zonder Grenzen hulp moet gaan verlenen in eigen land dan zijn we al vele grenzen over. En als we dan in Zwolle een druppeltje op de gloeiende plaat kunnen zijn, dan lijkt me dat wel het minste wat we kunnen doen. Graag wil ik dan ook aan het college vragen de komende periode &#8211; eventueel samen met het COA &#8211; te onderzoeken welke locaties Zwolle beschikbaar heeft voor crisisnoodopvang.\t<\/p>\t  <\/div>\n\t<\/div>\n  <\/div>\n\n\t<\/div>\n\n\t<div class=\"block-post-content__sidebar\">\n\t\t\n\t\t\n\t\t\t<\/div>\n<\/section>\n\t  <\/div>\n\t<\/div>\n  <\/div>\n\n\n<div\n  id=\"\"\n  class=\"wrapper  wrapper__spacing-bottom-large--50 wrapper__spacing-bottom-desktop--70 wrapper__spacing-bottom-mobile--50  wrapper__gutter--none\"\n  >\n  \t<div class=\"wrapper__container wrapper__container-width-large--default\">\n\t  <div class=\"wrapper__inner wrapper__width-large--18 wrapper__width-desktop--22 wrapper__width-mobile--24 wrapper__offset-large--6 wrapper__offset-desktop--2 wrapper__offset-mobile--0\">\n\t\t<section class=\"block-post-content\">\n\t<div class=\"block-post-content__title\">\n\t\t<h3 class=\"heading  heading__color--black heading__size--medium heading__font--sans heading__weight--bold  block-post-content__heading\" id=\"nav-4197\" data-nav-heading-mobile=\"\">\n\t<\/h3>\t<\/div>\n\t<div class=\"block-post-content__content\">\n\t\t\n<div\n  id=\"\"\n  class=\"wrapper  wrapper__spacing-bottom-large--30 wrapper__spacing-bottom-desktop--20  wrapper__gutter--none\"\n  >\n  \t<div class=\"wrapper__container wrapper__container-width-large--default\">\n\t  <div class=\"wrapper__inner wrapper__width-large--24 wrapper__width-mobile--24\">\n\t\t<p\n\t\tclass=\"paragraph paragraph__align--left paragraph__color--black paragraph__size--default   block-paragraph__paragraph\"\n\t\t\t>\n\t\tEn dat brengt me tot het volgende, want naast de crisisopvang staan we ook voor een aanpak op de langere termijn. En voor Zwolle zijn daar in ieder geval twee belangrijke uitdagingen. De eerste uitdaging is de tijdelijke Regionale Opvang Locatie in Kamperpoort. Uit de vele gesprekken die ik voerde op straat weet ik dat er zorgen zijn. Zorgen die we niet 1-2-3 kunnen wegnemen. Ik ben daarom positief gestemd over het feit dat het college in ieder geval extra geld investeert in Kamperpoort voor een buurtcentrum en speelvoorzieningen. Ook ben ik positief over de inzet van Travers Welzijn en de politie in de wijk om het proces zo goed mogelijk te begeleiden. Daarnaast heb ik uit contacten met het COA en de gemeente Zwolle begrepen dat er veel wordt ingezet op participatie en dagbesteding van mensen die in de locatie verblijven. D66 ziet daarnaast nog mogelijkheden om ook in te zetten op het kunnen werken. We weten uit onderzoek, maar ook uit ervaring met Oekra\u00efners, dat het helpt om mee te kunnen doen. Maar we weten ook dat het juridisch lastig is. Mensen met een status mogen maximaal 24 weken per jaar werken. En mensen die kansrijk zijn om een status te krijgen, mogen helemaal niet werken. In de gemeente Zaanstad draait men hiervoor &#8211; met toestemming van staatsecretaris van den Burg- een pilot om mensen te helpen richting werk. Ik heb met hen contact gelegd om van gedachten te wisselen. Daarom wil ik het college vragen in hoeverre zij mogelijkheden ziet om ook een pilot in Zwolle te starten om mensen die zijn gevlucht en nog geen status hebben naar werk te begeleiden.\t<\/p>\t  <\/div>\n\t<\/div>\n  <\/div>\n\n\t<\/div>\n\n\t<div class=\"block-post-content__sidebar\">\n\t\t\n\t\t\n\t\t\t<\/div>\n<\/section>\n\t  <\/div>\n\t<\/div>\n  <\/div>\n\n\n<div\n  id=\"\"\n  class=\"wrapper  wrapper__spacing-bottom-large--50 wrapper__spacing-bottom-desktop--70 wrapper__spacing-bottom-mobile--50  wrapper__gutter--none\"\n  >\n  \t<div class=\"wrapper__container wrapper__container-width-large--default\">\n\t  <div class=\"wrapper__inner wrapper__width-large--18 wrapper__width-desktop--22 wrapper__width-mobile--24 wrapper__offset-large--6 wrapper__offset-desktop--2 wrapper__offset-mobile--0\">\n\t\t<section class=\"block-post-content\">\n\t<div class=\"block-post-content__title\">\n\t\t<h3 class=\"heading  heading__color--black heading__size--medium heading__font--sans heading__weight--bold  block-post-content__heading\" id=\"nav-7956\" data-nav-heading-mobile=\"\">\n\t<\/h3>\t<\/div>\n\t<div class=\"block-post-content__content\">\n\t\t\n<div\n  id=\"\"\n  class=\"wrapper  wrapper__spacing-bottom-large--30 wrapper__spacing-bottom-desktop--20  wrapper__gutter--none\"\n  >\n  \t<div class=\"wrapper__container wrapper__container-width-large--default\">\n\t  <div class=\"wrapper__inner wrapper__width-large--24 wrapper__width-mobile--24\">\n\t\t<p\n\t\tclass=\"paragraph paragraph__align--left paragraph__color--black paragraph__size--default   block-paragraph__paragraph\"\n\t\t\t>\n\t\tD66 ziet daarnaast als tweede uitdaging het vestigen van 227 mensen met een status in Zwolle. Ook voor Zwolle is het lastig haar taakstelling te behalen. En dat is logisch, want er zijn te weinig huurwoningen beschikbaar op een krappe woningmarkt. Gelukkig zijn we met een inhaalslag bezig. In de informatienota voor dit debat wordt verwezen naar een bestuurlijk overleg met de woningcorporaties om te kijken wat de mogelijkheden zijn om te versnellen. Misschien is de Utrechtse aanpak om te versnellen wel een oplossing? Daarom heb ik de volgende vraag: in hoeverre kan het college samen met de woningcorporaties ervoor zorgen dat er een versnelling van doorstroming kan plaatsvinden?<br><br>Ter afsluiting wil welkom zeggen. Welkom aan mensen die zijn gevlucht die hier tijdelijk zijn. En welkom aan mensen die zijn gevlucht en hier blijven. En als allerlaatste, misschien wel als belangrijkste, wil ik ook dankjewel zeggen. Een dankjewel aan de vele Zwollenaren uit de verschillende wijken die zich inzetten als vrijwilliger, als gastgezin of \u2018gewoon\u2019 als goede buur. Samen zijn we meer dan een druppel op de gloeiende plaat.\u201d \u2013 <em>Lizet Klein Nagelvoort, 24 oktober 2022.<\/em>\t<\/p>\t  <\/div>\n\t<\/div>\n  <\/div>\n\n\n<div\n  id=\"\"\n  class=\"wrapper  wrapper__spacing-bottom-large--20  wrapper__gutter--none\"\n  >\n  \t<div class=\"wrapper__container wrapper__container-width-large--default\">\n\t  <div class=\"wrapper__inner wrapper__width-large--24 wrapper__width-mobile--24\">\n\t\t\t<div class=\"block-lists  block-lists__color--black\">\n\t\t<p class=\"paragraph  paragraph__color--black paragraph__size--default\">\n\t\t\t<\/p><ul class=\"block-lists lists__lists lists__weight--medium lists__color--black lists__type--default\">\n\t<\/ul>\t<\/div>\n\t\t  <\/div>\n\t<\/div>\n  <\/div>\n\n\t<\/div>\n\n\t<div class=\"block-post-content__sidebar\">\n\t\t\n\t\t\n\t\t\t<\/div>\n<\/section>\n\t  <\/div>\n\t<\/div>\n  <\/div>\n","protected":false},"excerpt":{"rendered":"","protected":false},"author":1017,"featured_media":0,"comment_status":"open","ping_status":"open","sticky":false,"template":"","format":"standard","meta":{"_acf_changed":false,"footnotes":""},"categories":[1],"search-tags":[],"labels":[],"class_list":["post-972","post","type-post","status-publish","format-standard","hentry","category-d66"],"acf":[],"yoast_head":"<!-- This site is optimized with the Yoast SEO plugin v27.3 - https:\/\/yoast.com\/product\/yoast-seo-wordpress\/ -->\n<title>D66 Zwolle &#8212; Uit de raad: warm welkom voor vluchtelingen in Zwolle<\/title>\n<meta name=\"robots\" content=\"index, follow, max-snippet:-1, max-image-preview:large, max-video-preview:-1\" \/>\n<link rel=\"canonical\" href=\"https:\/\/d66.nl\/zwolle\/nieuws\/uit-de-raad-warm-welkom-voor-vluchtelingen-in-zwolle\" \/>\n<meta property=\"og:locale\" content=\"nl_NL\" \/>\n<meta property=\"og:type\" content=\"article\" \/>\n<meta property=\"og:title\" content=\"D66 Zwolle &#8212; Uit de raad: warm welkom voor vluchtelingen in Zwolle\" \/>\n<meta property=\"og:url\" content=\"https:\/\/d66.nl\/zwolle\/nieuws\/uit-de-raad-warm-welkom-voor-vluchtelingen-in-zwolle\/\" \/>\n<meta property=\"og:site_name\" content=\"D66 Zwolle\" \/>\n<meta property=\"article:published_time\" content=\"2022-11-03T16:54:22+00:00\" \/>\n<meta property=\"article:modified_time\" content=\"2022-11-03T16:54:23+00:00\" \/>\n<meta name=\"author\" content=\"Romy Dekker\" \/>\n<meta name=\"twitter:card\" content=\"summary_large_image\" \/>\n<meta name=\"twitter:creator\" content=\"@D66Zwolle\" \/>\n<meta name=\"twitter:site\" content=\"@D66Zwolle\" \/>\n<meta name=\"twitter:label1\" content=\"Geschreven door\" \/>\n\t<meta name=\"twitter:data1\" content=\"Romy Dekker\" \/>\n<script type=\"application\/ld+json\" class=\"yoast-schema-graph\">{\"@context\":\"https:\\\/\\\/schema.org\",\"@graph\":[{\"@type\":\"Article\",\"@id\":\"https:\\\/\\\/d66.nl\\\/zwolle\\\/nieuws\\\/uit-de-raad-warm-welkom-voor-vluchtelingen-in-zwolle\\\/#article\",\"isPartOf\":{\"@id\":\"https:\\\/\\\/d66.nl\\\/zwolle\\\/nieuws\\\/uit-de-raad-warm-welkom-voor-vluchtelingen-in-zwolle\\\/\"},\"author\":{\"name\":\"Romy Dekker\",\"@id\":\"https:\\\/\\\/d66.nl\\\/zwolle\\\/#\\\/schema\\\/person\\\/15b5198565d3f416501fe17b03e9c2e6\"},\"headline\":\"Uit de raad: warm welkom voor vluchtelingen in Zwolle\",\"datePublished\":\"2022-11-03T16:54:22+00:00\",\"dateModified\":\"2022-11-03T16:54:23+00:00\",\"mainEntityOfPage\":{\"@id\":\"https:\\\/\\\/d66.nl\\\/zwolle\\\/nieuws\\\/uit-de-raad-warm-welkom-voor-vluchtelingen-in-zwolle\\\/\"},\"wordCount\":9,\"commentCount\":0,\"articleSection\":[\"D66\"],\"inLanguage\":\"nl-NL\",\"potentialAction\":[{\"@type\":\"CommentAction\",\"name\":\"Comment\",\"target\":[\"https:\\\/\\\/d66.nl\\\/zwolle\\\/nieuws\\\/uit-de-raad-warm-welkom-voor-vluchtelingen-in-zwolle\\\/#respond\"]}]},{\"@type\":\"WebPage\",\"@id\":\"https:\\\/\\\/d66.nl\\\/zwolle\\\/nieuws\\\/uit-de-raad-warm-welkom-voor-vluchtelingen-in-zwolle\\\/\",\"url\":\"https:\\\/\\\/d66.nl\\\/zwolle\\\/nieuws\\\/uit-de-raad-warm-welkom-voor-vluchtelingen-in-zwolle\\\/\",\"name\":\"D66 Zwolle &#8212; Uit de raad: warm welkom voor vluchtelingen in Zwolle\",\"isPartOf\":{\"@id\":\"https:\\\/\\\/d66.nl\\\/zwolle\\\/#website\"},\"datePublished\":\"2022-11-03T16:54:22+00:00\",\"dateModified\":\"2022-11-03T16:54:23+00:00\",\"author\":{\"@id\":\"https:\\\/\\\/d66.nl\\\/zwolle\\\/#\\\/schema\\\/person\\\/15b5198565d3f416501fe17b03e9c2e6\"},\"breadcrumb\":{\"@id\":\"https:\\\/\\\/d66.nl\\\/zwolle\\\/nieuws\\\/uit-de-raad-warm-welkom-voor-vluchtelingen-in-zwolle\\\/#breadcrumb\"},\"inLanguage\":\"nl-NL\",\"potentialAction\":[{\"@type\":\"ReadAction\",\"target\":[\"https:\\\/\\\/d66.nl\\\/zwolle\\\/nieuws\\\/uit-de-raad-warm-welkom-voor-vluchtelingen-in-zwolle\\\/\"]}]},{\"@type\":\"BreadcrumbList\",\"@id\":\"https:\\\/\\\/d66.nl\\\/zwolle\\\/nieuws\\\/uit-de-raad-warm-welkom-voor-vluchtelingen-in-zwolle\\\/#breadcrumb\",\"itemListElement\":[{\"@type\":\"ListItem\",\"position\":1,\"name\":\"Home\",\"item\":\"https:\\\/\\\/d66.nl\\\/zwolle\\\/\"},{\"@type\":\"ListItem\",\"position\":2,\"name\":\"Nieuws\",\"item\":\"https:\\\/\\\/d66.nl\\\/zwolle\\\/nieuws\\\/\"},{\"@type\":\"ListItem\",\"position\":3,\"name\":\"Uit de raad: warm welkom voor vluchtelingen in Zwolle\"}]},{\"@type\":\"WebSite\",\"@id\":\"https:\\\/\\\/d66.nl\\\/zwolle\\\/#website\",\"url\":\"https:\\\/\\\/d66.nl\\\/zwolle\\\/\",\"name\":\"D66 Zwolle\",\"description\":\"Just another D66 Sites site\",\"potentialAction\":[{\"@type\":\"SearchAction\",\"target\":{\"@type\":\"EntryPoint\",\"urlTemplate\":\"https:\\\/\\\/d66.nl\\\/zwolle\\\/?s={search_term_string}\"},\"query-input\":{\"@type\":\"PropertyValueSpecification\",\"valueRequired\":true,\"valueName\":\"search_term_string\"}}],\"inLanguage\":\"nl-NL\"},{\"@type\":\"Person\",\"@id\":\"https:\\\/\\\/d66.nl\\\/zwolle\\\/#\\\/schema\\\/person\\\/15b5198565d3f416501fe17b03e9c2e6\",\"name\":\"Romy Dekker\",\"image\":{\"@type\":\"ImageObject\",\"inLanguage\":\"nl-NL\",\"@id\":\"https:\\\/\\\/secure.gravatar.com\\\/avatar\\\/ee67371a0c717d4440510b1899c76cd21333fbb02498f567c80e232ce3a5a7d9?s=96&d=mm&r=g\",\"url\":\"https:\\\/\\\/secure.gravatar.com\\\/avatar\\\/ee67371a0c717d4440510b1899c76cd21333fbb02498f567c80e232ce3a5a7d9?s=96&d=mm&r=g\",\"contentUrl\":\"https:\\\/\\\/secure.gravatar.com\\\/avatar\\\/ee67371a0c717d4440510b1899c76cd21333fbb02498f567c80e232ce3a5a7d9?s=96&d=mm&r=g\",\"caption\":\"Romy Dekker\"}}]}<\/script>\n<!-- \/ Yoast SEO plugin. -->","yoast_head_json":{"title":"D66 Zwolle &#8212; Uit de raad: warm welkom voor vluchtelingen in Zwolle","robots":{"index":"index","follow":"follow","max-snippet":"max-snippet:-1","max-image-preview":"max-image-preview:large","max-video-preview":"max-video-preview:-1"},"canonical":"https:\/\/d66.nl\/zwolle\/nieuws\/uit-de-raad-warm-welkom-voor-vluchtelingen-in-zwolle","og_locale":"nl_NL","og_type":"article","og_title":"D66 Zwolle &#8212; Uit de raad: warm welkom voor vluchtelingen in Zwolle","og_url":"https:\/\/d66.nl\/zwolle\/nieuws\/uit-de-raad-warm-welkom-voor-vluchtelingen-in-zwolle\/","og_site_name":"D66 Zwolle","article_published_time":"2022-11-03T16:54:22+00:00","article_modified_time":"2022-11-03T16:54:23+00:00","author":"Romy Dekker","twitter_card":"summary_large_image","twitter_creator":"@D66Zwolle","twitter_site":"@D66Zwolle","twitter_misc":{"Geschreven door":"Romy Dekker"},"schema":{"@context":"https:\/\/schema.org","@graph":[{"@type":"Article","@id":"https:\/\/d66.nl\/zwolle\/nieuws\/uit-de-raad-warm-welkom-voor-vluchtelingen-in-zwolle\/#article","isPartOf":{"@id":"https:\/\/d66.nl\/zwolle\/nieuws\/uit-de-raad-warm-welkom-voor-vluchtelingen-in-zwolle\/"},"author":{"name":"Romy Dekker","@id":"https:\/\/d66.nl\/zwolle\/#\/schema\/person\/15b5198565d3f416501fe17b03e9c2e6"},"headline":"Uit de raad: warm welkom voor vluchtelingen in Zwolle","datePublished":"2022-11-03T16:54:22+00:00","dateModified":"2022-11-03T16:54:23+00:00","mainEntityOfPage":{"@id":"https:\/\/d66.nl\/zwolle\/nieuws\/uit-de-raad-warm-welkom-voor-vluchtelingen-in-zwolle\/"},"wordCount":9,"commentCount":0,"articleSection":["D66"],"inLanguage":"nl-NL","potentialAction":[{"@type":"CommentAction","name":"Comment","target":["https:\/\/d66.nl\/zwolle\/nieuws\/uit-de-raad-warm-welkom-voor-vluchtelingen-in-zwolle\/#respond"]}]},{"@type":"WebPage","@id":"https:\/\/d66.nl\/zwolle\/nieuws\/uit-de-raad-warm-welkom-voor-vluchtelingen-in-zwolle\/","url":"https:\/\/d66.nl\/zwolle\/nieuws\/uit-de-raad-warm-welkom-voor-vluchtelingen-in-zwolle\/","name":"D66 Zwolle &#8212; Uit de raad: warm welkom voor vluchtelingen in Zwolle","isPartOf":{"@id":"https:\/\/d66.nl\/zwolle\/#website"},"datePublished":"2022-11-03T16:54:22+00:00","dateModified":"2022-11-03T16:54:23+00:00","author":{"@id":"https:\/\/d66.nl\/zwolle\/#\/schema\/person\/15b5198565d3f416501fe17b03e9c2e6"},"breadcrumb":{"@id":"https:\/\/d66.nl\/zwolle\/nieuws\/uit-de-raad-warm-welkom-voor-vluchtelingen-in-zwolle\/#breadcrumb"},"inLanguage":"nl-NL","potentialAction":[{"@type":"ReadAction","target":["https:\/\/d66.nl\/zwolle\/nieuws\/uit-de-raad-warm-welkom-voor-vluchtelingen-in-zwolle\/"]}]},{"@type":"BreadcrumbList","@id":"https:\/\/d66.nl\/zwolle\/nieuws\/uit-de-raad-warm-welkom-voor-vluchtelingen-in-zwolle\/#breadcrumb","itemListElement":[{"@type":"ListItem","position":1,"name":"Home","item":"https:\/\/d66.nl\/zwolle\/"},{"@type":"ListItem","position":2,"name":"Nieuws","item":"https:\/\/d66.nl\/zwolle\/nieuws\/"},{"@type":"ListItem","position":3,"name":"Uit de raad: warm welkom voor vluchtelingen in Zwolle"}]},{"@type":"WebSite","@id":"https:\/\/d66.nl\/zwolle\/#website","url":"https:\/\/d66.nl\/zwolle\/","name":"D66 Zwolle","description":"Just another D66 Sites site","potentialAction":[{"@type":"SearchAction","target":{"@type":"EntryPoint","urlTemplate":"https:\/\/d66.nl\/zwolle\/?s={search_term_string}"},"query-input":{"@type":"PropertyValueSpecification","valueRequired":true,"valueName":"search_term_string"}}],"inLanguage":"nl-NL"},{"@type":"Person","@id":"https:\/\/d66.nl\/zwolle\/#\/schema\/person\/15b5198565d3f416501fe17b03e9c2e6","name":"Romy Dekker","image":{"@type":"ImageObject","inLanguage":"nl-NL","@id":"https:\/\/secure.gravatar.com\/avatar\/ee67371a0c717d4440510b1899c76cd21333fbb02498f567c80e232ce3a5a7d9?s=96&d=mm&r=g","url":"https:\/\/secure.gravatar.com\/avatar\/ee67371a0c717d4440510b1899c76cd21333fbb02498f567c80e232ce3a5a7d9?s=96&d=mm&r=g","contentUrl":"https:\/\/secure.gravatar.com\/avatar\/ee67371a0c717d4440510b1899c76cd21333fbb02498f567c80e232ce3a5a7d9?s=96&d=mm&r=g","caption":"Romy Dekker"}}]}},"_links":{"self":[{"href":"https:\/\/d66.nl\/zwolle\/wp-json\/wp\/v2\/posts\/972","targetHints":{"allow":["GET"]}}],"collection":[{"href":"https:\/\/d66.nl\/zwolle\/wp-json\/wp\/v2\/posts"}],"about":[{"href":"https:\/\/d66.nl\/zwolle\/wp-json\/wp\/v2\/types\/post"}],"author":[{"embeddable":true,"href":"https:\/\/d66.nl\/zwolle\/wp-json\/wp\/v2\/users\/1017"}],"replies":[{"embeddable":true,"href":"https:\/\/d66.nl\/zwolle\/wp-json\/wp\/v2\/comments?post=972"}],"version-history":[{"count":1,"href":"https:\/\/d66.nl\/zwolle\/wp-json\/wp\/v2\/posts\/972\/revisions"}],"predecessor-version":[{"id":973,"href":"https:\/\/d66.nl\/zwolle\/wp-json\/wp\/v2\/posts\/972\/revisions\/973"}],"wp:attachment":[{"href":"https:\/\/d66.nl\/zwolle\/wp-json\/wp\/v2\/media?parent=972"}],"wp:term":[{"taxonomy":"category","embeddable":true,"href":"https:\/\/d66.nl\/zwolle\/wp-json\/wp\/v2\/categories?post=972"},{"taxonomy":"search-tags","embeddable":true,"href":"https:\/\/d66.nl\/zwolle\/wp-json\/wp\/v2\/search-tags?post=972"},{"taxonomy":"labels","embeddable":true,"href":"https:\/\/d66.nl\/zwolle\/wp-json\/wp\/v2\/labels?post=972"}],"curies":[{"name":"wp","href":"https:\/\/api.w.org\/{rel}","templated":true}]}}