{"id":1881,"date":"2022-11-09T13:54:21","date_gmt":"2022-11-09T13:54:21","guid":{"rendered":"https:\/\/d66.nl\/zuidholland\/nieuws\/"},"modified":"2022-11-09T13:54:22","modified_gmt":"2022-11-09T13:54:22","slug":"spreektekst-begrotingsbehandeling-2023","status":"publish","type":"post","link":"https:\/\/d66.nl\/zuidholland\/nieuws\/spreektekst-begrotingsbehandeling-2023","title":{"rendered":"Spreektekst Begrotingsbehandeling 2023"},"content":{"rendered":"<div\n  id=\"\"\n  class=\"wrapper  wrapper__spacing-bottom-large--50 wrapper__spacing-bottom-desktop--66 wrapper__spacing-bottom-mobile--76  wrapper__gutter--none\"\n  >\n  \t<div class=\"wrapper__container wrapper__container-width-large--default\">\n\t  <div class=\"wrapper__inner wrapper__width-large--14 wrapper__width-desktop--20 wrapper__width-mobile--24 wrapper__offset-large--6 wrapper__offset-desktop--4 wrapper__offset-mobile--0\">\n\t\t<h1 class=\"heading   heading__size--giant heading__font--serif heading__weight--regular  block-heading__heading\" id=\"nav-begrotingsbehandeling-20239033\"  data-nav-heading-mobile=\"Begrotingsbehandeling 2023\" >\n\tBegrotingsbehandeling 2023<\/h1>\t  <\/div>\n\t<\/div>\n  <\/div>\n\n\n<div\n  id=\"\"\n  class=\"wrapper  wrapper__spacing-bottom-large--50 wrapper__spacing-bottom-mobile--40  wrapper__gutter--none\"\n  >\n  \t<div class=\"wrapper__container wrapper__container-width-large--default\">\n\t  <div class=\"wrapper__inner wrapper__width-large--13 wrapper__width-desktop--22 wrapper__width-mobile--24 wrapper__offset-large--6 wrapper__offset-desktop--2 wrapper__offset-mobile--0\">\n\t\t<p\n\t\tclass=\"paragraph   paragraph__size--big   block-paragraph__paragraph\"\n\t\t\t>\n\t\tLaura Neijenhuis heeft bij de begrotingsbehandeling ingezet op de belangrijke punten voor D66: woningbouw, duurzaamheid, stikstof en de energietransitie. Hieronder lees je de spreektekst die Laura voordroeg tijdens de behandeling.\t<\/p>\t  <\/div>\n\t<\/div>\n  <\/div>\n\n\n<div\n  id=\"\"\n  class=\"wrapper  wrapper__spacing-bottom-large--30 wrapper__spacing-bottom-desktop--20 wrapper__spacing-bottom-mobile--10  wrapper__gutter--none\"\n  >\n  \t<div class=\"wrapper__container wrapper__container-width-large--default\">\n\t  <div class=\"wrapper__inner wrapper__width-large--14 wrapper__width-desktop--24 wrapper__width-mobile--24 wrapper__offset-large--6 wrapper__offset-desktop--2 wrapper__offset-mobile--0\">\n\t\t<section class=\"block-related-post-metadata js-block-related-post-metadata\">\n\t<div class=\"block-related-post-metadata__content-wrapper\">\n\t\t<div class=\"block-related-post-metadata__persons\">\n\t\t\t<div class=\"related-person-info__wrapper\">\n\t\t\t<div class=\"related-person-info__item related-person-info__color--skyBlue\">\n\t\t\t<a class=\"related-person-info__link\" href=\"https:\/\/d66.nl\/zuidholland\/mensen\/laura-neijenhuis\/\">\n\t\t\t\t<div class=\"related-person-info__image_container\">\n\t\t\t\t<img loading=\"lazy\" decoding=\"async\" width=\"150\" height=\"100\" src=\"https:\/\/media.d66.nl\/uploads\/sites\/375\/2022\/01\/Laura-57.jpg\" class=\"related-person-info__image\" alt=\"\" \/>\t\t\t\t<\/div>\n\t\t\t\t<div class=\"related-person-info__meta\">\n\t\t\t\t\t\t\t\t\t<header class=\"related-person-info__header\">\n\t\t\t\t\t\t<h3 class=\"heading   heading__size--small heading__font--sans heading__weight--bold\" id=\"nav-laura-neijenhuis7836\">\n\tLaura Neijenhuis<\/h3>\t\t\t\t\t<\/header>\n\t\t\t\t\t\t\t\t\t\t\t\t\t<div class=\"related-person-info__description\">\n\t\t\t\t\t\t<p class=\"paragraph   paragraph__size--small paragraph__weight--normal\">\n\t\tFractievoorzitter\t<\/p>\t\t\t\t\t<\/div>\n\t\t\t\t\t\t\t\t<\/div>\n\t\t\t<\/a>\n\t\t<\/div>\n\t\t<\/div>\t\t<\/div>\n\t\t<div class=\"block-related-post-metadata__meta\">\n\t\t\t<div class=\"block-related-post-metadata__date\">\n\t\t\t\t09.11.2022<div class=\"post-share js-post-share rs_skip_always\">\n\t<button class=\"post-share__share-button js-post-share-share-button\">\n\t\tShare\t\t<svg xmlns='http:\/\/www.w3.org\/2000\/svg' width='100px' height='100px' viewBox='0 0 24 24' fill='none'><path d='m8.684 10.658 6.629-3.314m.003 9.314-6.622-3.311M21 6a3 3 0 1 1-6 0 3 3 0 0 1 6 0ZM9 12a3 3 0 1 1-6 0 3 3 0 0 1 6 0Zm12 6a3 3 0 1 1-6 0 3 3 0 0 1 6 0Z' stroke='currentColor' stroke-width='1.5' fill='none'\/><\/svg>\t<\/button>\n\t<dialog class=\"post-share__dialog js-post-share-dialog\" aria-hidden=\"true\">\n\t\t<div class=\"post-share__dialog-header\">\n\t\t\tShare this post\t\t\t<button class=\"post-share__dialog-close js-post-share-dialog-close\">\n\t\t\t\t<svg xmlns='http:\/\/www.w3.org\/2000\/svg' width='150' height='150' viewBox='0 0 150 150' fill='none'><path d='M44.103 105.897 75 75m30.898-30.898L75 75m0 0L44.103 44.102M75 75l30.898 30.897' stroke='currentColor' stroke-width='5' fill='none'\/><\/svg>\t\t\t<\/button>\n\t\t<\/div>\n\t\t<div class=\"post-share__dialog-socials\">\n\t\t\t\t\t\t\t\t\t\t\t<a class=\"post-share__dialog-item js-post-share-dialog-item\" href=\"#\" target=\"_blank\" data-copy=&quot;true&quot;>\n\t\t\t\t\tKopier link<svg xmlns='http:\/\/www.w3.org\/2000\/svg' width='150' height='150' viewBox='0 0 150 150' fill='none'><path d='M67.468 108.679c-8.533-.512-14.164-3.583-17.407-9.983-3.242-6.314-2.815-12.713 1.195-18.6 1.706-2.56 3.584-5.035 5.46-7.594 1.537-2.048 3.584-2.475 5.462-1.195 2.047 1.45 2.389 3.498.938 5.632-1.706 2.474-3.584 4.948-5.29 7.423-3.242 4.778-2.304 11.092 2.133 14.334 4.864 3.584 11.092 2.731 14.761-1.962 1.963-2.475 3.754-5.12 5.632-7.68 1.194-1.535 2.645-2.218 4.607-1.28 1.792.854 2.645 2.39 2.304 4.267 0 .17 0 .427-.17.597-3.67 5.12-6.4 11.178-12.544 13.993-2.56 1.195-5.46 1.707-6.996 2.219l-.085-.171Z' fill='currentColor'\/><path d='M86.921 44.6c6.144.257 11.605 3.328 14.932 9.728 3.328 6.399 2.816 12.798-1.109 18.856-1.621 2.56-3.498 4.95-5.29 7.424-1.707 2.303-3.754 2.815-5.717 1.45-2.048-1.45-2.304-3.669-.597-6.058 1.621-2.304 3.328-4.608 4.949-6.911 3.498-4.95 2.56-11.348-2.133-14.761-4.779-3.499-11.178-2.475-14.847 2.56-1.792 2.388-3.498 4.863-5.205 7.252-1.62 2.218-3.583 2.56-5.546 1.11-1.877-1.366-2.218-3.414-.768-5.462 2.048-2.986 4.01-5.972 6.314-8.703 3.67-4.351 8.448-6.399 15.103-6.399l-.086-.085Z' fill='currentColor'\/><path d='M71.478 88.457c-3.498-.341-5.46-3.413-3.754-6.143 3.327-5.29 6.825-10.495 10.324-15.7 1.45-2.133 3.413-2.389 5.46-1.109 1.878 1.28 2.219 3.413.854 5.546-3.328 5.034-6.57 9.983-9.983 14.932-.683 1.024-1.963 1.621-2.901 2.389v.085Z' fill='currentColor'\/><\/svg>\t\t\t\t<\/a>\n\t\t\t\t\t\t\t\t\t\t\t<a class=\"post-share__dialog-item js-post-share-dialog-item\" href=\"mailto:?to=%20&amp;body=https%3A%2F%2Fd66.nl%2Fzuidholland%2Fnieuws%2Fspreektekst-begrotingsbehandeling-2023\" target=\"_blank\" >\n\t\t\t\t\tMail<svg xmlns='http:\/\/www.w3.org\/2000\/svg' width='40' height='40' viewBox='0 0 40 40' fill='none'><path d='M24.107 15.865a1 1 0 0 1 1.266 1.265l-1.686 5.052a1 1 0 0 1-1.654.392l-3.37-3.37a1.001 1.001 0 0 1 .392-1.654l5.052-1.685Z' fill='currentColor'\/><path d='m21.763 19.475-5.657 5.657' stroke='currentColor' stroke-width='2' stroke-linecap='round' fill='none'\/><\/svg>\t\t\t\t<\/a>\n\t\t\t\t\t\t\t\t\t\t\t<a class=\"post-share__dialog-item js-post-share-dialog-item\" href=\"https:\/\/www.linkedin.com\/sharing\/share-offsite\/?url=https%3A%2F%2Fd66.nl%2Fzuidholland%2Fnieuws%2Fspreektekst-begrotingsbehandeling-2023\" target=\"_blank\" >\n\t\t\t\t\tLinkedIn<svg xmlns='http:\/\/www.w3.org\/2000\/svg' width='40' height='40' viewBox='0 0 40 40' fill='none'><path d='M24.107 15.865a1 1 0 0 1 1.266 1.265l-1.686 5.052a1 1 0 0 1-1.654.392l-3.37-3.37a1.001 1.001 0 0 1 .392-1.654l5.052-1.685Z' fill='currentColor'\/><path d='m21.763 19.475-5.657 5.657' stroke='currentColor' stroke-width='2' stroke-linecap='round' fill='none'\/><\/svg>\t\t\t\t<\/a>\n\t\t\t\t\t\t\t\t\t\t\t<a class=\"post-share__dialog-item js-post-share-dialog-item\" href=\"https:\/\/www.facebook.com\/sharer\/sharer.php?u=https%3A%2F%2Fd66.nl%2Fzuidholland%2Fnieuws%2Fspreektekst-begrotingsbehandeling-2023\" target=\"_blank\" >\n\t\t\t\t\tFacebook<svg xmlns='http:\/\/www.w3.org\/2000\/svg' width='40' height='40' viewBox='0 0 40 40' fill='none'><path d='M24.107 15.865a1 1 0 0 1 1.266 1.265l-1.686 5.052a1 1 0 0 1-1.654.392l-3.37-3.37a1.001 1.001 0 0 1 .392-1.654l5.052-1.685Z' fill='currentColor'\/><path d='m21.763 19.475-5.657 5.657' stroke='currentColor' stroke-width='2' stroke-linecap='round' fill='none'\/><\/svg>\t\t\t\t<\/a>\n\t\t\t\t\t\t\t\t\t\t\t<a class=\"post-share__dialog-item js-post-share-dialog-item\" href=\"whatsapp:\/\/send?text=https%3A%2F%2Fd66.nl%2Fzuidholland%2Fnieuws%2Fspreektekst-begrotingsbehandeling-2023\" target=\"_blank\" >\n\t\t\t\t\tWhatsApp<svg xmlns='http:\/\/www.w3.org\/2000\/svg' width='40' height='40' viewBox='0 0 40 40' fill='none'><path d='M24.107 15.865a1 1 0 0 1 1.266 1.265l-1.686 5.052a1 1 0 0 1-1.654.392l-3.37-3.37a1.001 1.001 0 0 1 .392-1.654l5.052-1.685Z' fill='currentColor'\/><path d='m21.763 19.475-5.657 5.657' stroke='currentColor' stroke-width='2' stroke-linecap='round' fill='none'\/><\/svg>\t\t\t\t<\/a>\n\t\t\t\t\t\t\t\t\t\t\t<a class=\"post-share__dialog-item js-post-share-dialog-item\" href=\"https:\/\/x.com\/intent\/post?url=https%3A%2F%2Fd66.nl%2Fzuidholland%2Fnieuws%2Fspreektekst-begrotingsbehandeling-2023\" target=\"_blank\" >\n\t\t\t\t\tTwitter (X)<svg xmlns='http:\/\/www.w3.org\/2000\/svg' width='40' height='40' viewBox='0 0 40 40' fill='none'><path d='M24.107 15.865a1 1 0 0 1 1.266 1.265l-1.686 5.052a1 1 0 0 1-1.654.392l-3.37-3.37a1.001 1.001 0 0 1 .392-1.654l5.052-1.685Z' fill='currentColor'\/><path d='m21.763 19.475-5.657 5.657' stroke='currentColor' stroke-width='2' stroke-linecap='round' fill='none'\/><\/svg>\t\t\t\t<\/a>\n\t\t\t\t\t<\/div>\n\t<\/dialog>\n<\/div>\t\t\t<\/div>\n\t\t\t<div class=\"block-related-post-metadata__categories\">\n\t\t\t\t<div class=\"category-link__wrapper\">\n\t\t\t<div class=\"category-link__item\">\n\t\t\t<a href=\"https:\/\/d66.nl\/zuidholland\/category\/d66\/\">\n\t\t\t\tD66\t\t\t<\/a>\n\t\t<\/div>\n\t\t\t\t<div class=\"category-link__item\">\n\t\t\t<a href=\"https:\/\/d66.nl\/zuidholland\/search-tags\/energie\/\">\n\t\t\t\tEnergie\t\t\t<\/a>\n\t\t<\/div>\n\t\t\t\t<div class=\"category-link__item\">\n\t\t\t<a href=\"https:\/\/d66.nl\/zuidholland\/search-tags\/klimaat\/\">\n\t\t\t\tKlimaat &amp; natuur\t\t\t<\/a>\n\t\t<\/div>\n\t\t\t\t<div class=\"category-link__item\">\n\t\t\t<a href=\"https:\/\/d66.nl\/zuidholland\/search-tags\/wonen\/\">\n\t\t\t\tWonen\t\t\t<\/a>\n\t\t<\/div>\n\t\t<\/div>\t\t\t<\/div>\n\t\t<\/div>\n\t<\/div>\n<\/section>\n\t  <\/div>\n\t<\/div>\n  <\/div>\n\n\n<div\n  id=\"\"\n  class=\"wrapper  wrapper__spacing-bottom-large--50 wrapper__spacing-bottom-desktop--70 wrapper__spacing-bottom-mobile--50  wrapper__gutter--none\"\n  >\n  \t<div class=\"wrapper__container wrapper__container-width-large--default\">\n\t  <div class=\"wrapper__inner wrapper__width-large--18 wrapper__width-desktop--22 wrapper__width-mobile--24 wrapper__offset-large--6 wrapper__offset-desktop--2 wrapper__offset-mobile--0\">\n\t\t<section class=\"block-post-content\">\n\t<div class=\"block-post-content__title\">\n\t\t<h3 class=\"heading  heading__color--black heading__size--medium heading__font--sans heading__weight--bold  block-post-content__heading\" id=\"nav-855\" data-nav-heading-mobile=\"\">\n\t<\/h3>\t<\/div>\n\t<div class=\"block-post-content__content\">\n\t\t\n<div\n  id=\"\"\n  class=\"wrapper  wrapper__spacing-bottom-large--30 wrapper__spacing-bottom-desktop--20  wrapper__gutter--none\"\n  >\n  \t<div class=\"wrapper__container wrapper__container-width-large--default\">\n\t  <div class=\"wrapper__inner wrapper__width-large--24 wrapper__width-mobile--24\">\n\t\t<p\n\t\tclass=\"paragraph paragraph__align--left paragraph__color--black paragraph__size--default   block-paragraph__paragraph\"\n\t\t\t>\n\t\tCrisis op crisis op crisis. Je zou denken dat je er ooit aan zal wennen: Elke dag wakker worden met nieuws over weer een nieuwe crisis.. De ene dag krijg je het nieuws over een pandemie en gaat Nederland op slot. De volgende dag komt het nieuws dat de klimaatverandering desastreuze gevolgen heeft als we niet nu in actie komen. De dag daarna over het nijpende woningtekort, en veel mensen die simpelweg niet aan een thuis komen. De volgende dag valt Rusland, Oekra\u00efne binnen en is er voor het eerst in decennia weer Oorlog in Europa. Ik weet niet hoe mijn medestatenleden hiermee omgaan. Maar ik zit soms achter mijn computerscherm te worstelen met het beantwoorden van simpele e-mails, doordat gedachten blijven afdwalen naar al die grote wereldwijde problemen. Gevangen in de waan van de dag.<br><br>Gelukkig zijn we hier in de Staten in de positie om echte verandering teweeg te brengen. Om grote stappen te zetten en het verschil te maken voor Zuid-Hollanders. Wij D66\u2019ers kijken graag vooruit. Komende jaren gaan we van deze provincie een plek maken waar iedereen zich thuisvoelt. Zo zijn we trots dat we dankzij onze collega Vinesh Lalta komend jaar meer kennis vergaren over ons koloniaal en slavernij verleden. Zodat we met meer begrip voor elkaar een einde kunnen maken aan discriminatie en polarisatie. We gaan komend jaar met cultuur aan de slag onder leiding van collega Jeroen Heuvelink, zodat cultuureducatie en participatie voor iedere Zuid-Hollander mogelijk is. En we gaan ons inzetten voor meer ruimte voor ov en de fiets, met collega Ria Oosterop. Allemaal voor D66 belangrijke stappen om Zuid-Holland echt een provincie te maken waar voor iedereen een fijne en veilige leefomgeving is!<br><br>En daarom wil ik vandaag een keer niet de focus op de waan van de dag, maar op echte oplossingen. Oplossingen voor de vraagstukken waar wij als provincie en onze inwoners nu voor staan, maar die van zo veel invloed hebben op onze toekomst: voor wonen, voor de energierekening en voor de natuur.\t<\/p>\t  <\/div>\n\t<\/div>\n  <\/div>\n\n\t<\/div>\n\n\t<div class=\"block-post-content__sidebar\">\n\t\t\n\t\t\n\t\t\t<\/div>\n<\/section>\n\t  <\/div>\n\t<\/div>\n  <\/div>\n\n\n<div\n  id=\"\"\n  class=\"wrapper  wrapper__spacing-bottom-large--50 wrapper__spacing-bottom-desktop--70 wrapper__spacing-bottom-mobile--50  wrapper__gutter--none\"\n  >\n  \t<div class=\"wrapper__container wrapper__container-width-large--default\">\n\t  <div class=\"wrapper__inner wrapper__width-large--18 wrapper__width-desktop--22 wrapper__width-mobile--24 wrapper__offset-large--6 wrapper__offset-desktop--2 wrapper__offset-mobile--0\">\n\t\t<section class=\"block-post-content\">\n\t<div class=\"block-post-content__title\">\n\t\t<h3 class=\"heading  heading__color--black heading__size--medium heading__font--sans heading__weight--semiBold  block-post-content__heading\" id=\"nav-wonen8337\" data-nav-heading-mobile=\"Wonen\">\n\tWonen<\/h3>\t<\/div>\n\t<div class=\"block-post-content__content\">\n\t\t\n<div\n  id=\"\"\n  class=\"wrapper  wrapper__spacing-bottom-large--30 wrapper__spacing-bottom-desktop--20  wrapper__gutter--none\"\n  >\n  \t<div class=\"wrapper__container wrapper__container-width-large--default\">\n\t  <div class=\"wrapper__inner wrapper__width-large--24 wrapper__width-mobile--24\">\n\t\t<p\n\t\tclass=\"paragraph paragraph__align--left paragraph__color--black paragraph__size--default   block-paragraph__paragraph\"\n\t\t\t>\n\t\tDe komende jaren gaan we ontzettend veel woningen bouwen. Want voor iedereen is er een plek in Zuid-Holland. We zorgen voor voldoende woningen, met name in het betaalbare segment. Vanaf 2026 krijgen we daar geld voor vanuit het Rijk. Maar de behoefte aan nieuwe woningen is nu, daarom willen wij dat geld naar voren halen. Na meerdere malen de versnelling van de woningbouwversnelling versnellen, schakelt D66 graag door naar de 6e versnelling. Daarvoor dienen we in de tweede termijn graag een amendement in.<br><br>We gaan de komende jaren hopelijk ontzettend veel woningen realiseren. Dat betekent tegelijkertijd dat er grote behoefte zal ontstaan aan ontsluiting van de nieuwe wijken. Wat D66 betreft ligt de nadruk daarbij op goed openbaar vervoer \u00e9n goede fietsverbindingen. In de regionale woonvisies zou daarom een paragraaf over die bereikbaarheid moeten worden opgenomen. Kan het college aangeven welke mogelijkheden zij ziet \u00e9n wat de financi\u00eble gevolgen zijn?\t<\/p>\t  <\/div>\n\t<\/div>\n  <\/div>\n\n\t<\/div>\n\n\t<div class=\"block-post-content__sidebar\">\n\t\t\n\t\t\n\t\t\t<\/div>\n<\/section>\n\t  <\/div>\n\t<\/div>\n  <\/div>\n\n\n<div\n  id=\"\"\n  class=\"wrapper  wrapper__spacing-bottom-large--50 wrapper__spacing-bottom-desktop--70 wrapper__spacing-bottom-mobile--50  wrapper__gutter--none\"\n  >\n  \t<div class=\"wrapper__container wrapper__container-width-large--default\">\n\t  <div class=\"wrapper__inner wrapper__width-large--18 wrapper__width-desktop--22 wrapper__width-mobile--24 wrapper__offset-large--6 wrapper__offset-desktop--2 wrapper__offset-mobile--0\">\n\t\t<section class=\"block-post-content\">\n\t<div class=\"block-post-content__title\">\n\t\t<h3 class=\"heading  heading__color--black heading__size--medium heading__font--sans heading__weight--semiBold  block-post-content__heading\" id=\"nav-energie2955\" data-nav-heading-mobile=\"Energie\">\n\tEnergie<\/h3>\t<\/div>\n\t<div class=\"block-post-content__content\">\n\t\t\n<div\n  id=\"\"\n  class=\"wrapper  wrapper__spacing-bottom-large--30 wrapper__spacing-bottom-desktop--20  wrapper__gutter--none\"\n  >\n  \t<div class=\"wrapper__container wrapper__container-width-large--default\">\n\t  <div class=\"wrapper__inner wrapper__width-large--24 wrapper__width-mobile--24\">\n\t\t<p\n\t\tclass=\"paragraph paragraph__align--left paragraph__color--black paragraph__size--default   block-paragraph__paragraph\"\n\t\t\t>\n\t\tAfgelopen jaren hebben we de focus gelegd op de energietransitie: samen van het gas af en overstappen op duurzame alternatieven. Nu de energierekeningen stijgen is het des te meer van belang om die transitie door te zetten en te versnellen. Het college heeft zich keihard ingezet om de warmterotonde (WLQ en de WLQ+) uit haar financi\u00eble klem te krijgen. Dat is gelukt en realisatie is nu in zicht. Daarmee zijn we er nog niet: Het tempo van de duurzame energieopwekking in Zuid-Holland moet omhoog en dat kan ook. De sleutel ligt wat D66 betreft bij de lokale energieco\u00f6peraties. Zij ontwikkelen projecten met lokaal draagvlak. \u00c9n zij zorgen dat voor deelnemers de energieprijs laag blijft \u00e9n opbrengsten gedeeld worden. Dat helpt juist ook de mensen met een smalle beurs. Daarom wil D66 dat Zuid-Holland actief de initiatieven in onze provincie ondersteunen vanuit energieco\u00f6peraties.<br><br>We maken impact bij onze inwoners door hen actief te helpen met verduurzaming. We volgen het goede voorbeeld in Brabant van de &#8216;klusbus&#8217; met als doel: bij Zuid-Hollanders snel een vaste verlaging van hun energierekening voor elkaar te krijgen. We doen dat in een vorm die wat ons betreft past bij Zuid-Holland: de inzet van energiecoaches. Door Zuid-Hollandse energiecoaches in te zetten om inwoners te adviseren bij de isolatie en energiebesparing en kleine maatregelen direct uit te voeren, kunnen we ontzettend veel Zuid-Hollanders op korte termijn helpen met hun energierekening.\t<\/p>\t  <\/div>\n\t<\/div>\n  <\/div>\n\n\t<\/div>\n\n\t<div class=\"block-post-content__sidebar\">\n\t\t\n\t\t\n\t\t\t<\/div>\n<\/section>\n\t  <\/div>\n\t<\/div>\n  <\/div>\n\n\n<div\n  id=\"\"\n  class=\"wrapper  wrapper__spacing-bottom-large--50 wrapper__spacing-bottom-desktop--70 wrapper__spacing-bottom-mobile--50  wrapper__gutter--none\"\n  >\n  \t<div class=\"wrapper__container wrapper__container-width-large--default\">\n\t  <div class=\"wrapper__inner wrapper__width-large--18 wrapper__width-desktop--22 wrapper__width-mobile--24 wrapper__offset-large--6 wrapper__offset-desktop--2 wrapper__offset-mobile--0\">\n\t\t<section class=\"block-post-content\">\n\t<div class=\"block-post-content__title\">\n\t\t<h3 class=\"heading  heading__color--black heading__size--medium heading__font--sans heading__weight--semiBold  block-post-content__heading\" id=\"nav-natuur9620\" data-nav-heading-mobile=\"Natuur\">\n\tNatuur<\/h3>\t<\/div>\n\t<div class=\"block-post-content__content\">\n\t\t\n<div\n  id=\"\"\n  class=\"wrapper  wrapper__spacing-bottom-large--30 wrapper__spacing-bottom-desktop--20  wrapper__gutter--none\"\n  >\n  \t<div class=\"wrapper__container wrapper__container-width-large--default\">\n\t  <div class=\"wrapper__inner wrapper__width-large--24 wrapper__width-mobile--24\">\n\t\t<p\n\t\tclass=\"paragraph paragraph__align--left paragraph__color--black paragraph__size--default   block-paragraph__paragraph\"\n\t\t\t>\n\t\tEindelijk lezen we in de begroting terug waar D66 al jaren om vraagt: een integrale benadering. We gaan komende jaren ontzettend veel doen om de natuur in Zuid-Holland te versterken. Complimenten voor GS. We stellen als doel dat in \u201c2050 Zuid-Holland beschikt over een van de meest gevarieerde en aantrekkelijke leefomgevingen van Europa, waar wonen, werken en recre\u00ebren in harmonie zijn met natuur en landschap.\u201d Wauw, mooie ambitie. Vanuit een diversiteit aan samenwerkingen, beleidskaders en wetgeving en programma\u2019s benaderd, waar we die integraliteit in willen brengen. Daarom wil D66 graag alle programma\u2019s gericht op het landelijk gebied, de versterking van de natuur en de transitie naar een toekomstbestendige landbouw integraal samen te brengen in \u00e9\u00e9n beleid, en \u00e9\u00e9n programma. Daarop hoor ik graag een reactie van de gedeputeerde. En we hebben ook hiervoor een motie achter de hand.<br><br>Dan voorzitter, D66 is inmiddels de partij van de kringlooplandbouw, de biologische landbouw, die oh zo belangrijk is om de natuur in onze provincie een kans te geven. Een mooi initiatief komt vanuit PvdA en daar sluiten we ons graag bij aan, om komende jaren 15% van ons landbouwareaal biologisch te maken. En dat binnen de programmering voor de NPLG op te nemen. Ook hier weer een belangrijke stap.<br><br>Voorzitter, ik kom tot een afronding. De boodschap van D66 is hopelijk helder: we kijken graag verder dan de waan van de dag en werken samen aan een betere toekomst. Mijn ouders zeggen vaak dat ik en mijn generatie, de millenials, zich te veel zorgen maken. Maar ik denk dat we ons met z\u2019n allen juist niet druk genoeg maken. Want als we nu nog geen urgentie voelen, wanneer dan wel?\t<\/p>\t  <\/div>\n\t<\/div>\n  <\/div>\n\n\t<\/div>\n\n\t<div class=\"block-post-content__sidebar\">\n\t\t\n\t\t\n\t\t\t<\/div>\n<\/section>\n\t  <\/div>\n\t<\/div>\n  <\/div>\n","protected":false},"excerpt":{"rendered":"","protected":false},"author":327,"featured_media":1277,"comment_status":"open","ping_status":"open","sticky":false,"template":"","format":"standard","meta":{"_acf_changed":false,"footnotes":""},"categories":[1],"search-tags":[30,3,4],"labels":[],"class_list":["post-1881","post","type-post","status-publish","format-standard","has-post-thumbnail","hentry","category-d66","search-tags-energie","search-tags-klimaat","search-tags-wonen"],"acf":[],"yoast_head":"<!-- This site is optimized with the Yoast SEO plugin v27.3 - https:\/\/yoast.com\/product\/yoast-seo-wordpress\/ -->\n<title>D66 Zuid-Holland &#8212; Spreektekst Begrotingsbehandeling 2023<\/title>\n<meta name=\"robots\" content=\"index, follow, max-snippet:-1, max-image-preview:large, max-video-preview:-1\" \/>\n<link rel=\"canonical\" href=\"https:\/\/d66.nl\/zuidholland\/nieuws\/spreektekst-begrotingsbehandeling-2023\" \/>\n<meta property=\"og:locale\" content=\"nl_NL\" \/>\n<meta property=\"og:type\" content=\"article\" \/>\n<meta property=\"og:title\" content=\"D66 Zuid-Holland &#8212; Spreektekst Begrotingsbehandeling 2023\" \/>\n<meta property=\"og:url\" content=\"https:\/\/d66.nl\/zuidholland\/nieuws\/spreektekst-begrotingsbehandeling-2023\/\" \/>\n<meta property=\"og:site_name\" content=\"D66 Zuid-Holland\" \/>\n<meta property=\"article:published_time\" content=\"2022-11-09T13:54:21+00:00\" \/>\n<meta property=\"article:modified_time\" content=\"2022-11-09T13:54:22+00:00\" \/>\n<meta property=\"og:image\" content=\"https:\/\/d66.nl\/zuidholland\/wp-content\/uploads\/sites\/375\/2022\/01\/My-project-2-1024x683.png\" \/>\n\t<meta property=\"og:image:width\" content=\"1024\" \/>\n\t<meta property=\"og:image:height\" content=\"683\" \/>\n\t<meta property=\"og:image:type\" content=\"image\/png\" \/>\n<meta name=\"author\" content=\"Robbert Solleveld\" \/>\n<meta name=\"twitter:card\" content=\"summary_large_image\" \/>\n<meta name=\"twitter:image\" content=\"https:\/\/d66.nl\/zuidholland\/wp-content\/uploads\/sites\/375\/2022\/01\/My-project-2.png\" \/>\n<meta name=\"twitter:label1\" content=\"Geschreven door\" \/>\n\t<meta name=\"twitter:data1\" content=\"Robbert Solleveld\" \/>\n<script type=\"application\/ld+json\" class=\"yoast-schema-graph\">{\"@context\":\"https:\\\/\\\/schema.org\",\"@graph\":[{\"@type\":\"Article\",\"@id\":\"https:\\\/\\\/d66.nl\\\/zuidholland\\\/nieuws\\\/spreektekst-begrotingsbehandeling-2023\\\/#article\",\"isPartOf\":{\"@id\":\"https:\\\/\\\/d66.nl\\\/zuidholland\\\/nieuws\\\/spreektekst-begrotingsbehandeling-2023\\\/\"},\"author\":{\"name\":\"Robbert Solleveld\",\"@id\":\"https:\\\/\\\/d66.nl\\\/zuidholland\\\/#\\\/schema\\\/person\\\/c5da0599b92f28b6d06dd625c4631013\"},\"headline\":\"Spreektekst Begrotingsbehandeling 2023\",\"datePublished\":\"2022-11-09T13:54:21+00:00\",\"dateModified\":\"2022-11-09T13:54:22+00:00\",\"mainEntityOfPage\":{\"@id\":\"https:\\\/\\\/d66.nl\\\/zuidholland\\\/nieuws\\\/spreektekst-begrotingsbehandeling-2023\\\/\"},\"wordCount\":2,\"commentCount\":0,\"publisher\":{\"@id\":\"https:\\\/\\\/d66.nl\\\/zuidholland\\\/#organization\"},\"image\":{\"@id\":\"https:\\\/\\\/d66.nl\\\/zuidholland\\\/nieuws\\\/spreektekst-begrotingsbehandeling-2023\\\/#primaryimage\"},\"thumbnailUrl\":\"https:\\\/\\\/d66.nl\\\/zuidholland\\\/wp-content\\\/uploads\\\/sites\\\/375\\\/2022\\\/01\\\/220729-005-D66_ZuidHolland-JeroenMooijman-scaled.jpg\",\"articleSection\":[\"D66\"],\"inLanguage\":\"nl-NL\",\"potentialAction\":[{\"@type\":\"CommentAction\",\"name\":\"Comment\",\"target\":[\"https:\\\/\\\/d66.nl\\\/zuidholland\\\/nieuws\\\/spreektekst-begrotingsbehandeling-2023\\\/#respond\"]}]},{\"@type\":\"WebPage\",\"@id\":\"https:\\\/\\\/d66.nl\\\/zuidholland\\\/nieuws\\\/spreektekst-begrotingsbehandeling-2023\\\/\",\"url\":\"https:\\\/\\\/d66.nl\\\/zuidholland\\\/nieuws\\\/spreektekst-begrotingsbehandeling-2023\\\/\",\"name\":\"D66 Zuid-Holland &#8212; Spreektekst Begrotingsbehandeling 2023\",\"isPartOf\":{\"@id\":\"https:\\\/\\\/d66.nl\\\/zuidholland\\\/#website\"},\"primaryImageOfPage\":{\"@id\":\"https:\\\/\\\/d66.nl\\\/zuidholland\\\/nieuws\\\/spreektekst-begrotingsbehandeling-2023\\\/#primaryimage\"},\"image\":{\"@id\":\"https:\\\/\\\/d66.nl\\\/zuidholland\\\/nieuws\\\/spreektekst-begrotingsbehandeling-2023\\\/#primaryimage\"},\"thumbnailUrl\":\"https:\\\/\\\/d66.nl\\\/zuidholland\\\/wp-content\\\/uploads\\\/sites\\\/375\\\/2022\\\/01\\\/220729-005-D66_ZuidHolland-JeroenMooijman-scaled.jpg\",\"datePublished\":\"2022-11-09T13:54:21+00:00\",\"dateModified\":\"2022-11-09T13:54:22+00:00\",\"breadcrumb\":{\"@id\":\"https:\\\/\\\/d66.nl\\\/zuidholland\\\/nieuws\\\/spreektekst-begrotingsbehandeling-2023\\\/#breadcrumb\"},\"inLanguage\":\"nl-NL\",\"potentialAction\":[{\"@type\":\"ReadAction\",\"target\":[\"https:\\\/\\\/d66.nl\\\/zuidholland\\\/nieuws\\\/spreektekst-begrotingsbehandeling-2023\\\/\"]}]},{\"@type\":\"ImageObject\",\"inLanguage\":\"nl-NL\",\"@id\":\"https:\\\/\\\/d66.nl\\\/zuidholland\\\/nieuws\\\/spreektekst-begrotingsbehandeling-2023\\\/#primaryimage\",\"url\":\"https:\\\/\\\/d66.nl\\\/zuidholland\\\/wp-content\\\/uploads\\\/sites\\\/375\\\/2022\\\/01\\\/220729-005-D66_ZuidHolland-JeroenMooijman-scaled.jpg\",\"contentUrl\":\"https:\\\/\\\/d66.nl\\\/zuidholland\\\/wp-content\\\/uploads\\\/sites\\\/375\\\/2022\\\/01\\\/220729-005-D66_ZuidHolland-JeroenMooijman-scaled.jpg\",\"width\":1706,\"height\":2560,\"caption\":\"D66 Zuid-Holland juli 2022 Foto: Jeroen Mooijman\"},{\"@type\":\"BreadcrumbList\",\"@id\":\"https:\\\/\\\/d66.nl\\\/zuidholland\\\/nieuws\\\/spreektekst-begrotingsbehandeling-2023\\\/#breadcrumb\",\"itemListElement\":[{\"@type\":\"ListItem\",\"position\":1,\"name\":\"Home\",\"item\":\"https:\\\/\\\/d66.nl\\\/zuidholland\\\/\"},{\"@type\":\"ListItem\",\"position\":2,\"name\":\"Nieuws\",\"item\":\"https:\\\/\\\/d66.nl\\\/zuidholland\\\/nieuws\\\/\"},{\"@type\":\"ListItem\",\"position\":3,\"name\":\"Spreektekst Begrotingsbehandeling 2023\"}]},{\"@type\":\"WebSite\",\"@id\":\"https:\\\/\\\/d66.nl\\\/zuidholland\\\/#website\",\"url\":\"https:\\\/\\\/d66.nl\\\/zuidholland\\\/\",\"name\":\"D66 Zuid-Holland\",\"description\":\"Just another D66 Sites site\",\"publisher\":{\"@id\":\"https:\\\/\\\/d66.nl\\\/zuidholland\\\/#organization\"},\"potentialAction\":[{\"@type\":\"SearchAction\",\"target\":{\"@type\":\"EntryPoint\",\"urlTemplate\":\"https:\\\/\\\/d66.nl\\\/zuidholland\\\/?s={search_term_string}\"},\"query-input\":{\"@type\":\"PropertyValueSpecification\",\"valueRequired\":true,\"valueName\":\"search_term_string\"}}],\"inLanguage\":\"nl-NL\"},{\"@type\":\"Organization\",\"@id\":\"https:\\\/\\\/d66.nl\\\/zuidholland\\\/#organization\",\"name\":\"D66\",\"url\":\"https:\\\/\\\/d66.nl\\\/zuidholland\\\/\",\"logo\":{\"@type\":\"ImageObject\",\"inLanguage\":\"nl-NL\",\"@id\":\"https:\\\/\\\/d66.nl\\\/zuidholland\\\/#\\\/schema\\\/logo\\\/image\\\/\",\"url\":\"https:\\\/\\\/d66.nl\\\/zuidholland\\\/wp-content\\\/uploads\\\/sites\\\/2\\\/2021\\\/10\\\/d66-themas-algemeen-og.png\",\"contentUrl\":\"https:\\\/\\\/d66.nl\\\/zuidholland\\\/wp-content\\\/uploads\\\/sites\\\/2\\\/2021\\\/10\\\/d66-themas-algemeen-og.png\",\"width\":1200,\"height\":628,\"caption\":\"D66\"},\"image\":{\"@id\":\"https:\\\/\\\/d66.nl\\\/zuidholland\\\/#\\\/schema\\\/logo\\\/image\\\/\"}},{\"@type\":\"Person\",\"@id\":\"https:\\\/\\\/d66.nl\\\/zuidholland\\\/#\\\/schema\\\/person\\\/c5da0599b92f28b6d06dd625c4631013\",\"name\":\"Robbert Solleveld\",\"image\":{\"@type\":\"ImageObject\",\"inLanguage\":\"nl-NL\",\"@id\":\"https:\\\/\\\/secure.gravatar.com\\\/avatar\\\/3f404d7b60f4f62e8fbe2177eb27276338eb3fd4799a23dfb7b8ddbdf8853ace?s=96&d=mm&r=g\",\"url\":\"https:\\\/\\\/secure.gravatar.com\\\/avatar\\\/3f404d7b60f4f62e8fbe2177eb27276338eb3fd4799a23dfb7b8ddbdf8853ace?s=96&d=mm&r=g\",\"contentUrl\":\"https:\\\/\\\/secure.gravatar.com\\\/avatar\\\/3f404d7b60f4f62e8fbe2177eb27276338eb3fd4799a23dfb7b8ddbdf8853ace?s=96&d=mm&r=g\",\"caption\":\"Robbert Solleveld\"}}]}<\/script>\n<!-- \/ Yoast SEO plugin. -->","yoast_head_json":{"title":"D66 Zuid-Holland &#8212; Spreektekst Begrotingsbehandeling 2023","robots":{"index":"index","follow":"follow","max-snippet":"max-snippet:-1","max-image-preview":"max-image-preview:large","max-video-preview":"max-video-preview:-1"},"canonical":"https:\/\/d66.nl\/zuidholland\/nieuws\/spreektekst-begrotingsbehandeling-2023","og_locale":"nl_NL","og_type":"article","og_title":"D66 Zuid-Holland &#8212; Spreektekst Begrotingsbehandeling 2023","og_url":"https:\/\/d66.nl\/zuidholland\/nieuws\/spreektekst-begrotingsbehandeling-2023\/","og_site_name":"D66 Zuid-Holland","article_published_time":"2022-11-09T13:54:21+00:00","article_modified_time":"2022-11-09T13:54:22+00:00","og_image":[{"width":1024,"height":683,"url":"https:\/\/d66.nl\/zuidholland\/wp-content\/uploads\/sites\/375\/2022\/01\/My-project-2-1024x683.png","type":"image\/png"}],"author":"Robbert Solleveld","twitter_card":"summary_large_image","twitter_image":"https:\/\/d66.nl\/zuidholland\/wp-content\/uploads\/sites\/375\/2022\/01\/My-project-2.png","twitter_misc":{"Geschreven door":"Robbert Solleveld"},"schema":{"@context":"https:\/\/schema.org","@graph":[{"@type":"Article","@id":"https:\/\/d66.nl\/zuidholland\/nieuws\/spreektekst-begrotingsbehandeling-2023\/#article","isPartOf":{"@id":"https:\/\/d66.nl\/zuidholland\/nieuws\/spreektekst-begrotingsbehandeling-2023\/"},"author":{"name":"Robbert Solleveld","@id":"https:\/\/d66.nl\/zuidholland\/#\/schema\/person\/c5da0599b92f28b6d06dd625c4631013"},"headline":"Spreektekst Begrotingsbehandeling 2023","datePublished":"2022-11-09T13:54:21+00:00","dateModified":"2022-11-09T13:54:22+00:00","mainEntityOfPage":{"@id":"https:\/\/d66.nl\/zuidholland\/nieuws\/spreektekst-begrotingsbehandeling-2023\/"},"wordCount":2,"commentCount":0,"publisher":{"@id":"https:\/\/d66.nl\/zuidholland\/#organization"},"image":{"@id":"https:\/\/d66.nl\/zuidholland\/nieuws\/spreektekst-begrotingsbehandeling-2023\/#primaryimage"},"thumbnailUrl":"https:\/\/d66.nl\/zuidholland\/wp-content\/uploads\/sites\/375\/2022\/01\/220729-005-D66_ZuidHolland-JeroenMooijman-scaled.jpg","articleSection":["D66"],"inLanguage":"nl-NL","potentialAction":[{"@type":"CommentAction","name":"Comment","target":["https:\/\/d66.nl\/zuidholland\/nieuws\/spreektekst-begrotingsbehandeling-2023\/#respond"]}]},{"@type":"WebPage","@id":"https:\/\/d66.nl\/zuidholland\/nieuws\/spreektekst-begrotingsbehandeling-2023\/","url":"https:\/\/d66.nl\/zuidholland\/nieuws\/spreektekst-begrotingsbehandeling-2023\/","name":"D66 Zuid-Holland &#8212; Spreektekst Begrotingsbehandeling 2023","isPartOf":{"@id":"https:\/\/d66.nl\/zuidholland\/#website"},"primaryImageOfPage":{"@id":"https:\/\/d66.nl\/zuidholland\/nieuws\/spreektekst-begrotingsbehandeling-2023\/#primaryimage"},"image":{"@id":"https:\/\/d66.nl\/zuidholland\/nieuws\/spreektekst-begrotingsbehandeling-2023\/#primaryimage"},"thumbnailUrl":"https:\/\/d66.nl\/zuidholland\/wp-content\/uploads\/sites\/375\/2022\/01\/220729-005-D66_ZuidHolland-JeroenMooijman-scaled.jpg","datePublished":"2022-11-09T13:54:21+00:00","dateModified":"2022-11-09T13:54:22+00:00","breadcrumb":{"@id":"https:\/\/d66.nl\/zuidholland\/nieuws\/spreektekst-begrotingsbehandeling-2023\/#breadcrumb"},"inLanguage":"nl-NL","potentialAction":[{"@type":"ReadAction","target":["https:\/\/d66.nl\/zuidholland\/nieuws\/spreektekst-begrotingsbehandeling-2023\/"]}]},{"@type":"ImageObject","inLanguage":"nl-NL","@id":"https:\/\/d66.nl\/zuidholland\/nieuws\/spreektekst-begrotingsbehandeling-2023\/#primaryimage","url":"https:\/\/d66.nl\/zuidholland\/wp-content\/uploads\/sites\/375\/2022\/01\/220729-005-D66_ZuidHolland-JeroenMooijman-scaled.jpg","contentUrl":"https:\/\/d66.nl\/zuidholland\/wp-content\/uploads\/sites\/375\/2022\/01\/220729-005-D66_ZuidHolland-JeroenMooijman-scaled.jpg","width":1706,"height":2560,"caption":"D66 Zuid-Holland juli 2022 Foto: Jeroen Mooijman"},{"@type":"BreadcrumbList","@id":"https:\/\/d66.nl\/zuidholland\/nieuws\/spreektekst-begrotingsbehandeling-2023\/#breadcrumb","itemListElement":[{"@type":"ListItem","position":1,"name":"Home","item":"https:\/\/d66.nl\/zuidholland\/"},{"@type":"ListItem","position":2,"name":"Nieuws","item":"https:\/\/d66.nl\/zuidholland\/nieuws\/"},{"@type":"ListItem","position":3,"name":"Spreektekst Begrotingsbehandeling 2023"}]},{"@type":"WebSite","@id":"https:\/\/d66.nl\/zuidholland\/#website","url":"https:\/\/d66.nl\/zuidholland\/","name":"D66 Zuid-Holland","description":"Just another D66 Sites site","publisher":{"@id":"https:\/\/d66.nl\/zuidholland\/#organization"},"potentialAction":[{"@type":"SearchAction","target":{"@type":"EntryPoint","urlTemplate":"https:\/\/d66.nl\/zuidholland\/?s={search_term_string}"},"query-input":{"@type":"PropertyValueSpecification","valueRequired":true,"valueName":"search_term_string"}}],"inLanguage":"nl-NL"},{"@type":"Organization","@id":"https:\/\/d66.nl\/zuidholland\/#organization","name":"D66","url":"https:\/\/d66.nl\/zuidholland\/","logo":{"@type":"ImageObject","inLanguage":"nl-NL","@id":"https:\/\/d66.nl\/zuidholland\/#\/schema\/logo\/image\/","url":"https:\/\/d66.nl\/zuidholland\/wp-content\/uploads\/sites\/2\/2021\/10\/d66-themas-algemeen-og.png","contentUrl":"https:\/\/d66.nl\/zuidholland\/wp-content\/uploads\/sites\/2\/2021\/10\/d66-themas-algemeen-og.png","width":1200,"height":628,"caption":"D66"},"image":{"@id":"https:\/\/d66.nl\/zuidholland\/#\/schema\/logo\/image\/"}},{"@type":"Person","@id":"https:\/\/d66.nl\/zuidholland\/#\/schema\/person\/c5da0599b92f28b6d06dd625c4631013","name":"Robbert Solleveld","image":{"@type":"ImageObject","inLanguage":"nl-NL","@id":"https:\/\/secure.gravatar.com\/avatar\/3f404d7b60f4f62e8fbe2177eb27276338eb3fd4799a23dfb7b8ddbdf8853ace?s=96&d=mm&r=g","url":"https:\/\/secure.gravatar.com\/avatar\/3f404d7b60f4f62e8fbe2177eb27276338eb3fd4799a23dfb7b8ddbdf8853ace?s=96&d=mm&r=g","contentUrl":"https:\/\/secure.gravatar.com\/avatar\/3f404d7b60f4f62e8fbe2177eb27276338eb3fd4799a23dfb7b8ddbdf8853ace?s=96&d=mm&r=g","caption":"Robbert Solleveld"}}]}},"_links":{"self":[{"href":"https:\/\/d66.nl\/zuidholland\/wp-json\/wp\/v2\/posts\/1881","targetHints":{"allow":["GET"]}}],"collection":[{"href":"https:\/\/d66.nl\/zuidholland\/wp-json\/wp\/v2\/posts"}],"about":[{"href":"https:\/\/d66.nl\/zuidholland\/wp-json\/wp\/v2\/types\/post"}],"author":[{"embeddable":true,"href":"https:\/\/d66.nl\/zuidholland\/wp-json\/wp\/v2\/users\/327"}],"replies":[{"embeddable":true,"href":"https:\/\/d66.nl\/zuidholland\/wp-json\/wp\/v2\/comments?post=1881"}],"version-history":[{"count":2,"href":"https:\/\/d66.nl\/zuidholland\/wp-json\/wp\/v2\/posts\/1881\/revisions"}],"predecessor-version":[{"id":1883,"href":"https:\/\/d66.nl\/zuidholland\/wp-json\/wp\/v2\/posts\/1881\/revisions\/1883"}],"wp:featuredmedia":[{"embeddable":true,"href":"https:\/\/d66.nl\/zuidholland\/wp-json\/wp\/v2\/media\/1277"}],"wp:attachment":[{"href":"https:\/\/d66.nl\/zuidholland\/wp-json\/wp\/v2\/media?parent=1881"}],"wp:term":[{"taxonomy":"category","embeddable":true,"href":"https:\/\/d66.nl\/zuidholland\/wp-json\/wp\/v2\/categories?post=1881"},{"taxonomy":"search-tags","embeddable":true,"href":"https:\/\/d66.nl\/zuidholland\/wp-json\/wp\/v2\/search-tags?post=1881"},{"taxonomy":"labels","embeddable":true,"href":"https:\/\/d66.nl\/zuidholland\/wp-json\/wp\/v2\/labels?post=1881"}],"curies":[{"name":"wp","href":"https:\/\/api.w.org\/{rel}","templated":true}]}}