{"id":655,"date":"2024-05-29T20:17:34","date_gmt":"2024-05-29T20:17:34","guid":{"rendered":"https:\/\/d66.nl\/wijdemeren\/nieuws\/"},"modified":"2024-05-29T20:19:46","modified_gmt":"2024-05-29T20:19:46","slug":"toen-nu-en-morgen-wij-zijn-europa","status":"publish","type":"post","link":"https:\/\/d66.nl\/wijdemeren\/nieuws\/toen-nu-en-morgen-wij-zijn-europa","title":{"rendered":"TOEN, NU EN MORGEN: WIJ ZIJN EUROPA ! (deel 1)"},"content":{"rendered":"<div\n  id=\"\"\n  class=\"wrapper  wrapper__spacing-bottom-large--50 wrapper__spacing-bottom-desktop--66 wrapper__spacing-bottom-mobile--76  wrapper__gutter--none\"\n  >\n  \t<div class=\"wrapper__container wrapper__container-width-large--default\">\n\t  <div class=\"wrapper__inner wrapper__width-large--14 wrapper__width-desktop--20 wrapper__width-mobile--24 wrapper__offset-large--6 wrapper__offset-desktop--4 wrapper__offset-mobile--0\">\n\t\t<h1 class=\"heading   heading__size--giant heading__font--serif heading__weight--regular  block-heading__heading\" id=\"nav--strong-toen--nu-en-morgen--wij-zijn-europa------strong--br--deel-1--br-9704\"  data-nav-heading-mobile=\"TOEN, NU EN MORGEN: WIJ ZIJN EUROPA !\u00a0(deel 1)\" >\n\t<strong>TOEN, NU EN MORGEN: WIJ ZIJN EUROPA !\u00a0<\/strong><br>(deel 1)<br><\/h1>\t  <\/div>\n\t<\/div>\n  <\/div>\n\n\n<div\n  id=\"\"\n  class=\"wrapper  wrapper__spacing-bottom-large--50 wrapper__spacing-bottom-mobile--40  wrapper__gutter--none\"\n  >\n  \t<div class=\"wrapper__container wrapper__container-width-large--default\">\n\t  <div class=\"wrapper__inner wrapper__width-large--13 wrapper__width-desktop--22 wrapper__width-mobile--24 wrapper__offset-large--6 wrapper__offset-desktop--2 wrapper__offset-mobile--0\">\n\t\t<p\n\t\tclass=\"paragraph   paragraph__size--big   block-paragraph__paragraph\"\n\t\t\t>\n\t\t<strong>Waar een klein land groot in kan zijn<\/strong>.<br>Op 9 mei 2024 vieren we de Dag van Europa en hoe toepasselijk is het dan niet dat Joost Klein juist die dag wil knallen op het Eurovisie Songfestival en Nederland vertegenwoordigt met Europapa?<br>We kennen allen het gezegde: \u201cRome is niet in \u00e9\u00e9n dag gebouwd\u201d, maar ook \u201calle wegen leiden naar Rome\u201d. Dat geldt ook voor de Europese avontuur.<br><br>In een drietal artikelen neem ik u mee in de geschiedenis van de Europese Unie.\t<\/p>\t  <\/div>\n\t<\/div>\n  <\/div>\n\n\n<div\n  id=\"\"\n  class=\"wrapper  wrapper__spacing-bottom-large--30 wrapper__spacing-bottom-desktop--20 wrapper__spacing-bottom-mobile--10  wrapper__gutter--none\"\n  >\n  \t<div class=\"wrapper__container wrapper__container-width-large--default\">\n\t  <div class=\"wrapper__inner wrapper__width-large--14 wrapper__width-desktop--24 wrapper__width-mobile--24 wrapper__offset-large--6 wrapper__offset-desktop--2 wrapper__offset-mobile--0\">\n\t\t<section class=\"block-related-post-metadata js-block-related-post-metadata\">\n\t<div class=\"block-related-post-metadata__content-wrapper\">\n\t\t<div class=\"block-related-post-metadata__persons\">\n\t\t\t\t\t<\/div>\n\t\t<div class=\"block-related-post-metadata__meta\">\n\t\t\t<div class=\"block-related-post-metadata__date\">\n\t\t\t\t29.05.2024<div class=\"post-share js-post-share rs_skip_always\">\n\t<button class=\"post-share__share-button js-post-share-share-button\">\n\t\tShare\t\t<svg xmlns='http:\/\/www.w3.org\/2000\/svg' width='100px' height='100px' viewBox='0 0 24 24' fill='none'><path d='m8.684 10.658 6.629-3.314m.003 9.314-6.622-3.311M21 6a3 3 0 1 1-6 0 3 3 0 0 1 6 0ZM9 12a3 3 0 1 1-6 0 3 3 0 0 1 6 0Zm12 6a3 3 0 1 1-6 0 3 3 0 0 1 6 0Z' stroke='currentColor' stroke-width='1.5' fill='none'\/><\/svg>\t<\/button>\n\t<dialog class=\"post-share__dialog js-post-share-dialog\" aria-hidden=\"true\">\n\t\t<div class=\"post-share__dialog-header\">\n\t\t\tShare this post\t\t\t<button class=\"post-share__dialog-close js-post-share-dialog-close\">\n\t\t\t\t<svg xmlns='http:\/\/www.w3.org\/2000\/svg' width='150' height='150' viewBox='0 0 150 150' fill='none'><path d='M44.103 105.897 75 75m30.898-30.898L75 75m0 0L44.103 44.102M75 75l30.898 30.897' stroke='currentColor' stroke-width='5' fill='none'\/><\/svg>\t\t\t<\/button>\n\t\t<\/div>\n\t\t<div class=\"post-share__dialog-socials\">\n\t\t\t\t\t\t\t\t\t\t\t<a class=\"post-share__dialog-item js-post-share-dialog-item\" href=\"#\" target=\"_blank\" data-copy=&quot;true&quot;>\n\t\t\t\t\tKopier link<svg xmlns='http:\/\/www.w3.org\/2000\/svg' width='150' height='150' viewBox='0 0 150 150' fill='none'><path d='M67.468 108.679c-8.533-.512-14.164-3.583-17.407-9.983-3.242-6.314-2.815-12.713 1.195-18.6 1.706-2.56 3.584-5.035 5.46-7.594 1.537-2.048 3.584-2.475 5.462-1.195 2.047 1.45 2.389 3.498.938 5.632-1.706 2.474-3.584 4.948-5.29 7.423-3.242 4.778-2.304 11.092 2.133 14.334 4.864 3.584 11.092 2.731 14.761-1.962 1.963-2.475 3.754-5.12 5.632-7.68 1.194-1.535 2.645-2.218 4.607-1.28 1.792.854 2.645 2.39 2.304 4.267 0 .17 0 .427-.17.597-3.67 5.12-6.4 11.178-12.544 13.993-2.56 1.195-5.46 1.707-6.996 2.219l-.085-.171Z' fill='currentColor'\/><path d='M86.921 44.6c6.144.257 11.605 3.328 14.932 9.728 3.328 6.399 2.816 12.798-1.109 18.856-1.621 2.56-3.498 4.95-5.29 7.424-1.707 2.303-3.754 2.815-5.717 1.45-2.048-1.45-2.304-3.669-.597-6.058 1.621-2.304 3.328-4.608 4.949-6.911 3.498-4.95 2.56-11.348-2.133-14.761-4.779-3.499-11.178-2.475-14.847 2.56-1.792 2.388-3.498 4.863-5.205 7.252-1.62 2.218-3.583 2.56-5.546 1.11-1.877-1.366-2.218-3.414-.768-5.462 2.048-2.986 4.01-5.972 6.314-8.703 3.67-4.351 8.448-6.399 15.103-6.399l-.086-.085Z' fill='currentColor'\/><path d='M71.478 88.457c-3.498-.341-5.46-3.413-3.754-6.143 3.327-5.29 6.825-10.495 10.324-15.7 1.45-2.133 3.413-2.389 5.46-1.109 1.878 1.28 2.219 3.413.854 5.546-3.328 5.034-6.57 9.983-9.983 14.932-.683 1.024-1.963 1.621-2.901 2.389v.085Z' fill='currentColor'\/><\/svg>\t\t\t\t<\/a>\n\t\t\t\t\t\t\t\t\t\t\t<a class=\"post-share__dialog-item js-post-share-dialog-item\" href=\"mailto:?to=%20&amp;body=https%3A%2F%2Fd66.nl%2Fwijdemeren%2Fnieuws%2Ftoen-nu-en-morgen-wij-zijn-europa\" target=\"_blank\" >\n\t\t\t\t\tMail<svg xmlns='http:\/\/www.w3.org\/2000\/svg' width='40' height='40' viewBox='0 0 40 40' fill='none'><path d='M24.107 15.865a1 1 0 0 1 1.266 1.265l-1.686 5.052a1 1 0 0 1-1.654.392l-3.37-3.37a1.001 1.001 0 0 1 .392-1.654l5.052-1.685Z' fill='currentColor'\/><path d='m21.763 19.475-5.657 5.657' stroke='currentColor' stroke-width='2' stroke-linecap='round' fill='none'\/><\/svg>\t\t\t\t<\/a>\n\t\t\t\t\t\t\t\t\t\t\t<a class=\"post-share__dialog-item js-post-share-dialog-item\" href=\"https:\/\/www.linkedin.com\/sharing\/share-offsite\/?url=https%3A%2F%2Fd66.nl%2Fwijdemeren%2Fnieuws%2Ftoen-nu-en-morgen-wij-zijn-europa\" target=\"_blank\" >\n\t\t\t\t\tLinkedIn<svg xmlns='http:\/\/www.w3.org\/2000\/svg' width='40' height='40' viewBox='0 0 40 40' fill='none'><path d='M24.107 15.865a1 1 0 0 1 1.266 1.265l-1.686 5.052a1 1 0 0 1-1.654.392l-3.37-3.37a1.001 1.001 0 0 1 .392-1.654l5.052-1.685Z' fill='currentColor'\/><path d='m21.763 19.475-5.657 5.657' stroke='currentColor' stroke-width='2' stroke-linecap='round' fill='none'\/><\/svg>\t\t\t\t<\/a>\n\t\t\t\t\t\t\t\t\t\t\t<a class=\"post-share__dialog-item js-post-share-dialog-item\" href=\"https:\/\/www.facebook.com\/sharer\/sharer.php?u=https%3A%2F%2Fd66.nl%2Fwijdemeren%2Fnieuws%2Ftoen-nu-en-morgen-wij-zijn-europa\" target=\"_blank\" >\n\t\t\t\t\tFacebook<svg xmlns='http:\/\/www.w3.org\/2000\/svg' width='40' height='40' viewBox='0 0 40 40' fill='none'><path d='M24.107 15.865a1 1 0 0 1 1.266 1.265l-1.686 5.052a1 1 0 0 1-1.654.392l-3.37-3.37a1.001 1.001 0 0 1 .392-1.654l5.052-1.685Z' fill='currentColor'\/><path d='m21.763 19.475-5.657 5.657' stroke='currentColor' stroke-width='2' stroke-linecap='round' fill='none'\/><\/svg>\t\t\t\t<\/a>\n\t\t\t\t\t\t\t\t\t\t\t<a class=\"post-share__dialog-item js-post-share-dialog-item\" href=\"whatsapp:\/\/send?text=https%3A%2F%2Fd66.nl%2Fwijdemeren%2Fnieuws%2Ftoen-nu-en-morgen-wij-zijn-europa\" target=\"_blank\" >\n\t\t\t\t\tWhatsApp<svg xmlns='http:\/\/www.w3.org\/2000\/svg' width='40' height='40' viewBox='0 0 40 40' fill='none'><path d='M24.107 15.865a1 1 0 0 1 1.266 1.265l-1.686 5.052a1 1 0 0 1-1.654.392l-3.37-3.37a1.001 1.001 0 0 1 .392-1.654l5.052-1.685Z' fill='currentColor'\/><path d='m21.763 19.475-5.657 5.657' stroke='currentColor' stroke-width='2' stroke-linecap='round' fill='none'\/><\/svg>\t\t\t\t<\/a>\n\t\t\t\t\t\t\t\t\t\t\t<a class=\"post-share__dialog-item js-post-share-dialog-item\" href=\"https:\/\/x.com\/intent\/post?url=https%3A%2F%2Fd66.nl%2Fwijdemeren%2Fnieuws%2Ftoen-nu-en-morgen-wij-zijn-europa\" target=\"_blank\" >\n\t\t\t\t\tTwitter (X)<svg xmlns='http:\/\/www.w3.org\/2000\/svg' width='40' height='40' viewBox='0 0 40 40' fill='none'><path d='M24.107 15.865a1 1 0 0 1 1.266 1.265l-1.686 5.052a1 1 0 0 1-1.654.392l-3.37-3.37a1.001 1.001 0 0 1 .392-1.654l5.052-1.685Z' fill='currentColor'\/><path d='m21.763 19.475-5.657 5.657' stroke='currentColor' stroke-width='2' stroke-linecap='round' fill='none'\/><\/svg>\t\t\t\t<\/a>\n\t\t\t\t\t<\/div>\n\t<\/dialog>\n<\/div>\t\t\t<\/div>\n\t\t\t<div class=\"block-related-post-metadata__categories\">\n\t\t\t\t<div class=\"category-link__wrapper\">\n\t\t\t<div class=\"category-link__item\">\n\t\t\t<a href=\"https:\/\/d66.nl\/wijdemeren\/category\/d66\/\">\n\t\t\t\tD66\t\t\t<\/a>\n\t\t<\/div>\n\t\t<\/div>\t\t\t<\/div>\n\t\t<\/div>\n\t<\/div>\n<\/section>\n\t  <\/div>\n\t<\/div>\n  <\/div>\n\n\n<div\n  id=\"\"\n  class=\"wrapper  wrapper__spacing-bottom-large--50 wrapper__spacing-bottom-desktop--70 wrapper__spacing-bottom-mobile--50  wrapper__gutter--none\"\n  >\n  \t<div class=\"wrapper__container wrapper__container-width-large--default\">\n\t  <div class=\"wrapper__inner wrapper__width-large--18 wrapper__width-desktop--22 wrapper__width-mobile--24 wrapper__offset-large--6 wrapper__offset-desktop--2 wrapper__offset-mobile--0\">\n\t\t<section class=\"block-post-content\">\n\t<div class=\"block-post-content__title\">\n\t\t<h3 class=\"heading  heading__color--black heading__size--medium heading__font--sans heading__weight--bold  block-post-content__heading\" id=\"nav--strong-1-waar-komen-we---strong--br--strong-vandaan---strong--br--strong-nooit-meer-oorlog---strong-5990\" data-nav-heading-mobile=\"1 Waar komen we vandaan?Nooit meer oorlog!\">\n\t<strong>1 Waar komen we <\/strong><br><strong>vandaan?<\/strong><br><strong>Nooit meer oorlog!<\/strong><\/h3>\t<\/div>\n\t<div class=\"block-post-content__content\">\n\t\t\n<div\n  id=\"\"\n  class=\"wrapper  wrapper__spacing-bottom-large--30 wrapper__spacing-bottom-desktop--20  wrapper__gutter--none\"\n  >\n  \t<div class=\"wrapper__container wrapper__container-width-large--default\">\n\t  <div class=\"wrapper__inner wrapper__width-large--24 wrapper__width-mobile--24\">\n\t\t<p\n\t\tclass=\"paragraph paragraph__align--left paragraph__color--black paragraph__size--default   block-paragraph__paragraph\"\n\t\t\t>\n\t\tAlles begon kort na de Tweede Wereldoorlog. Al in 1946 riep Winston Churchill in een toespraak in Z\u00fcrich op tot de vorming van een soort Verenigde Staten van Europa. Als direct gevolg zag op 5 mei 1948 de Raad van Europa het licht. Maar de eerste echte aanzet tot een Europese integratie \u00a0was\u00a0 een oproep van de Franse minister van Buitenlandse Zaken, Robert Schuman, op 9 mei 1950. Om het risico van oorlogen in Europa in de toekomst uit te sluiten, riep hij op grondstoffen en oorlogsindustrie\u00ebn onder \u00e9\u00e9n\u00a0 controlerend gezag te plaatsen. <br><br>Een klein jaar later werd het verdrag ondertekend voor de oprichting van de Europese Gemeenschap van Kolen en Staal, destijds d\u00e9 grondstoffen voor de wapenindustrie. Het embryo van de huidige Europese Unie. Nederland was \u00e9\u00e9n van de oprichters van de EGKS die als uiteindelijk doel had te komen tot een Europese federatie. Nooit meer oorlog in Europa!<br><br>In de\u00a0 jaren die volgden ontstonden\u00a0 er meer samenwerkings-structuren binnen verschillende \u00a0sectoren binnen Europa, zoals onder meer de Europese Atoomgemeenschap, Euratom. \u00a0En op een heel ander vlak: de Eurovisie, bedoeld voor uitwisseling van nieuws en entertainment. In 1956 werd het eerste songfestival gehouden, geopend met de Nederlandse inzending \u201cDe vogels van Holland\u201d. Het eerste Eurovisie songfestival lied ooit!<br>\u00a0<br>Maar niet alles is van de grond gekomen. Zo werd in 1952 door dezelfde 6 landen het verdrag ondertekend voor een Europese Defensie Gemeenschap, gekoppeld aan een Europese Politieke Gemeenschap. Het waren de hoogtijdagen van de Koude Oorlog. Uiteindelijk werd dit verdrag afgewezen door het Franse parlement. Met de dood van Stalin leek alles immers niet meer zo noodzakelijk\u2026<br>Het nieuwe accent kwam te liggen\u00a0 op economische welvaart.<br><br>Maatregelen voor de bevordering van handel en modernisering van de landbouw, de pijler van onze voedselvoorziening, werden het uitgangspunt.\u00a0 In 1957 werd het Verdrag van Rome ondertekend voor de oprichting van de Europese Economische Gemeenschap die op1 januari 1958 in werking trad. En ook nu was Nederland \u00e9\u00e9n van de oprichters. De EEG zou leiden tot een gemeenschappelijke markt en een douane unie. Wij plukken daar nog steeds de vruchten van. Vroeger was echt lang niet altijd beter!<br><br>In 1967 kwamen de drie belangrijkste gemeenschappen, de EGKS, de EEG en Euratom onder leiding van \u00e9\u00e9n Commissie en \u00e9\u00e9n raad, de EG, \u00e9\u00e9n van de pijlers van de huidige Europese Unie.<br><br>74 jaar geleden op 9 mei 1950 startte ons gemeenschappelijk Europees avontuur met de toespraak van Robert Schuman.\u00a0 In 1985 werd 9 mei officieel ingesteld als de Dag van Europa. Op 9 mei wappert de Europese vlag op ons gemeente huis. Wij staan dan stil bij 74 jaar van vrede en welvaart in de landen van de Europese Unie.\t<\/p>\t  <\/div>\n\t<\/div>\n  <\/div>\n\n\t<\/div>\n\n\t<div class=\"block-post-content__sidebar\">\n\t\t\n\t\t\n\t\t\t<\/div>\n<\/section>\n\t  <\/div>\n\t<\/div>\n  <\/div>\n\n\n<div\n  id=\"\"\n  class=\"wrapper  wrapper__spacing-bottom-large--50 wrapper__spacing-bottom-desktop--70 wrapper__spacing-bottom-mobile--50  wrapper__gutter--none\"\n  >\n  \t<div class=\"wrapper__container wrapper__container-width-large--default\">\n\t  <div class=\"wrapper__inner wrapper__width-large--18 wrapper__width-desktop--22 wrapper__width-mobile--24 wrapper__offset-large--6 wrapper__offset-desktop--2 wrapper__offset-mobile--0\">\n\t\t<section class=\"block-post-content\">\n\t<div class=\"block-post-content__title\">\n\t\t<h3 class=\"heading  heading__color--black heading__size--medium heading__font--sans heading__weight--bold  block-post-content__heading\" id=\"nav-2612\" data-nav-heading-mobile=\"\">\n\t<\/h3>\t<\/div>\n\t<div class=\"block-post-content__content\">\n\t\t\n<div\n  id=\"\"\n  class=\"wrapper  wrapper__spacing-bottom-large--30 wrapper__spacing-bottom-desktop--20  wrapper__gutter--none\"\n  >\n  \t<div class=\"wrapper__container wrapper__container-width-large--default\">\n\t  <div class=\"wrapper__inner wrapper__width-large--24 wrapper__width-mobile--24\">\n\t\t<p\n\t\tclass=\"paragraph paragraph__align--left paragraph__color--black paragraph__size--default   block-paragraph__paragraph\"\n\t\t\t>\n\t\t\t<\/p>\t  <\/div>\n\t<\/div>\n  <\/div>\n\n\t<\/div>\n\n\t<div class=\"block-post-content__sidebar\">\n\t\t\n\t\t\n\t\t\t<\/div>\n<\/section>\n\t  <\/div>\n\t<\/div>\n  <\/div>\n\n\n<div\n  id=\"\"\n  class=\"wrapper  wrapper__spacing-bottom-large--50 wrapper__spacing-bottom-desktop--70 wrapper__spacing-bottom-mobile--50  wrapper__gutter--none\"\n  >\n  \t<div class=\"wrapper__container wrapper__container-width-large--default\">\n\t  <div class=\"wrapper__inner wrapper__width-large--18 wrapper__width-desktop--22 wrapper__width-mobile--24 wrapper__offset-large--6 wrapper__offset-desktop--2 wrapper__offset-mobile--0\">\n\t\t<section class=\"block-post-content\">\n\t<div class=\"block-post-content__title\">\n\t\t<h3 class=\"heading  heading__color--black heading__size--medium heading__font--sans heading__weight--bold  block-post-content__heading\" id=\"nav-8300\" data-nav-heading-mobile=\"\">\n\t<\/h3>\t<\/div>\n\t<div class=\"block-post-content__content\">\n\t\t\n<div\n  id=\"\"\n  class=\"wrapper  wrapper__spacing-bottom-large--30 wrapper__spacing-bottom-desktop--20  wrapper__gutter--none\"\n  >\n  \t<div class=\"wrapper__container wrapper__container-width-large--default\">\n\t  <div class=\"wrapper__inner wrapper__width-large--24 wrapper__width-mobile--24\">\n\t\t<p\n\t\tclass=\"paragraph paragraph__align--left paragraph__color--black paragraph__size--default   block-paragraph__paragraph\"\n\t\t\t>\n\t\t\t<\/p>\t  <\/div>\n\t<\/div>\n  <\/div>\n\n\n<div\n  id=\"\"\n  class=\"wrapper  wrapper__spacing-bottom-large--20  wrapper__gutter--none\"\n  >\n  \t<div class=\"wrapper__container wrapper__container-width-large--default\">\n\t  <div class=\"wrapper__inner wrapper__width-large--24 wrapper__width-mobile--24\">\n\t\t\t<div class=\"block-lists  block-lists__color--black\">\n\t\t<p class=\"paragraph  paragraph__color--black paragraph__size--default\">\n\t\t\t<\/p><ul class=\"block-lists lists__lists lists__weight--medium lists__color--black lists__type--default\">\n\t<\/ul>\t<\/div>\n\t\t  <\/div>\n\t<\/div>\n  <\/div>\n\n\t<\/div>\n\n\t<div class=\"block-post-content__sidebar\">\n\t\t\n\t\t\n\t\t\t<\/div>\n<\/section>\n\t  <\/div>\n\t<\/div>\n  <\/div>\n","protected":false},"excerpt":{"rendered":"","protected":false},"author":640,"featured_media":649,"comment_status":"open","ping_status":"open","sticky":false,"template":"","format":"standard","meta":{"_acf_changed":false,"footnotes":""},"categories":[1],"search-tags":[],"labels":[],"class_list":["post-655","post","type-post","status-publish","format-standard","has-post-thumbnail","hentry","category-d66"],"acf":[],"yoast_head":"<!-- This site is optimized with the Yoast SEO plugin v27.3 - https:\/\/yoast.com\/product\/yoast-seo-wordpress\/ -->\n<title>D66 Wijdemeren &#8212; TOEN, NU EN MORGEN: WIJ ZIJN EUROPA ! (deel 1)<\/title>\n<meta name=\"robots\" content=\"index, follow, max-snippet:-1, max-image-preview:large, max-video-preview:-1\" \/>\n<link rel=\"canonical\" href=\"https:\/\/d66.nl\/wijdemeren\/nieuws\/toen-nu-en-morgen-wij-zijn-europa\" \/>\n<meta property=\"og:locale\" content=\"nl_NL\" \/>\n<meta property=\"og:type\" content=\"article\" \/>\n<meta property=\"og:title\" content=\"D66 Wijdemeren &#8212; TOEN, NU EN MORGEN: WIJ ZIJN EUROPA ! (deel 1)\" \/>\n<meta property=\"og:url\" content=\"https:\/\/d66.nl\/wijdemeren\/nieuws\/toen-nu-en-morgen-wij-zijn-europa\/\" \/>\n<meta property=\"og:site_name\" content=\"D66 Wijdemeren\" \/>\n<meta property=\"article:published_time\" content=\"2024-05-29T20:17:34+00:00\" \/>\n<meta property=\"article:modified_time\" content=\"2024-05-29T20:19:46+00:00\" \/>\n<meta property=\"og:image\" content=\"https:\/\/d66.nl\/wijdemeren\/wp-content\/uploads\/sites\/196\/2024\/05\/preview_8ed2dd21842e9b7c2b2dfe45f2eae3c1a2159590.png\" \/>\n\t<meta property=\"og:image:width\" content=\"1000\" \/>\n\t<meta property=\"og:image:height\" content=\"1000\" \/>\n\t<meta property=\"og:image:type\" content=\"image\/png\" \/>\n<meta name=\"author\" content=\"myriamkooij\" \/>\n<meta name=\"twitter:card\" content=\"summary_large_image\" \/>\n<meta name=\"twitter:label1\" content=\"Geschreven door\" \/>\n\t<meta name=\"twitter:data1\" content=\"myriamkooij\" \/>\n<script type=\"application\/ld+json\" class=\"yoast-schema-graph\">{\"@context\":\"https:\\\/\\\/schema.org\",\"@graph\":[{\"@type\":\"Article\",\"@id\":\"https:\\\/\\\/d66.nl\\\/wijdemeren\\\/nieuws\\\/toen-nu-en-morgen-wij-zijn-europa\\\/#article\",\"isPartOf\":{\"@id\":\"https:\\\/\\\/d66.nl\\\/wijdemeren\\\/nieuws\\\/toen-nu-en-morgen-wij-zijn-europa\\\/\"},\"author\":{\"name\":\"myriamkooij\",\"@id\":\"https:\\\/\\\/d66.nl\\\/wijdemeren\\\/#\\\/schema\\\/person\\\/c861c737692be1a58678d9f73c663717\"},\"headline\":\"TOEN, NU EN MORGEN: WIJ ZIJN EUROPA ! (deel 1)\",\"datePublished\":\"2024-05-29T20:17:34+00:00\",\"dateModified\":\"2024-05-29T20:19:46+00:00\",\"mainEntityOfPage\":{\"@id\":\"https:\\\/\\\/d66.nl\\\/wijdemeren\\\/nieuws\\\/toen-nu-en-morgen-wij-zijn-europa\\\/\"},\"wordCount\":8,\"commentCount\":0,\"publisher\":{\"@id\":\"https:\\\/\\\/d66.nl\\\/wijdemeren\\\/#organization\"},\"image\":{\"@id\":\"https:\\\/\\\/d66.nl\\\/wijdemeren\\\/nieuws\\\/toen-nu-en-morgen-wij-zijn-europa\\\/#primaryimage\"},\"thumbnailUrl\":\"https:\\\/\\\/d66.nl\\\/wijdemeren\\\/wp-content\\\/uploads\\\/sites\\\/196\\\/2024\\\/05\\\/preview_8ed2dd21842e9b7c2b2dfe45f2eae3c1a2159590.png\",\"articleSection\":[\"D66\"],\"inLanguage\":\"nl-NL\",\"potentialAction\":[{\"@type\":\"CommentAction\",\"name\":\"Comment\",\"target\":[\"https:\\\/\\\/d66.nl\\\/wijdemeren\\\/nieuws\\\/toen-nu-en-morgen-wij-zijn-europa\\\/#respond\"]}]},{\"@type\":\"WebPage\",\"@id\":\"https:\\\/\\\/d66.nl\\\/wijdemeren\\\/nieuws\\\/toen-nu-en-morgen-wij-zijn-europa\\\/\",\"url\":\"https:\\\/\\\/d66.nl\\\/wijdemeren\\\/nieuws\\\/toen-nu-en-morgen-wij-zijn-europa\\\/\",\"name\":\"D66 Wijdemeren &#8212; TOEN, NU EN MORGEN: WIJ ZIJN EUROPA ! (deel 1)\",\"isPartOf\":{\"@id\":\"https:\\\/\\\/d66.nl\\\/wijdemeren\\\/#website\"},\"primaryImageOfPage\":{\"@id\":\"https:\\\/\\\/d66.nl\\\/wijdemeren\\\/nieuws\\\/toen-nu-en-morgen-wij-zijn-europa\\\/#primaryimage\"},\"image\":{\"@id\":\"https:\\\/\\\/d66.nl\\\/wijdemeren\\\/nieuws\\\/toen-nu-en-morgen-wij-zijn-europa\\\/#primaryimage\"},\"thumbnailUrl\":\"https:\\\/\\\/d66.nl\\\/wijdemeren\\\/wp-content\\\/uploads\\\/sites\\\/196\\\/2024\\\/05\\\/preview_8ed2dd21842e9b7c2b2dfe45f2eae3c1a2159590.png\",\"datePublished\":\"2024-05-29T20:17:34+00:00\",\"dateModified\":\"2024-05-29T20:19:46+00:00\",\"breadcrumb\":{\"@id\":\"https:\\\/\\\/d66.nl\\\/wijdemeren\\\/nieuws\\\/toen-nu-en-morgen-wij-zijn-europa\\\/#breadcrumb\"},\"inLanguage\":\"nl-NL\",\"potentialAction\":[{\"@type\":\"ReadAction\",\"target\":[\"https:\\\/\\\/d66.nl\\\/wijdemeren\\\/nieuws\\\/toen-nu-en-morgen-wij-zijn-europa\\\/\"]}]},{\"@type\":\"ImageObject\",\"inLanguage\":\"nl-NL\",\"@id\":\"https:\\\/\\\/d66.nl\\\/wijdemeren\\\/nieuws\\\/toen-nu-en-morgen-wij-zijn-europa\\\/#primaryimage\",\"url\":\"https:\\\/\\\/d66.nl\\\/wijdemeren\\\/wp-content\\\/uploads\\\/sites\\\/196\\\/2024\\\/05\\\/preview_8ed2dd21842e9b7c2b2dfe45f2eae3c1a2159590.png\",\"contentUrl\":\"https:\\\/\\\/d66.nl\\\/wijdemeren\\\/wp-content\\\/uploads\\\/sites\\\/196\\\/2024\\\/05\\\/preview_8ed2dd21842e9b7c2b2dfe45f2eae3c1a2159590.png\",\"width\":1000,\"height\":1000},{\"@type\":\"BreadcrumbList\",\"@id\":\"https:\\\/\\\/d66.nl\\\/wijdemeren\\\/nieuws\\\/toen-nu-en-morgen-wij-zijn-europa\\\/#breadcrumb\",\"itemListElement\":[{\"@type\":\"ListItem\",\"position\":1,\"name\":\"Home\",\"item\":\"https:\\\/\\\/d66.nl\\\/wijdemeren\\\/\"},{\"@type\":\"ListItem\",\"position\":2,\"name\":\"Nieuws\",\"item\":\"https:\\\/\\\/d66.nl\\\/wijdemeren\\\/nieuws\\\/\"},{\"@type\":\"ListItem\",\"position\":3,\"name\":\"TOEN, NU EN MORGEN: WIJ ZIJN EUROPA ! (deel 1)\"}]},{\"@type\":\"WebSite\",\"@id\":\"https:\\\/\\\/d66.nl\\\/wijdemeren\\\/#website\",\"url\":\"https:\\\/\\\/d66.nl\\\/wijdemeren\\\/\",\"name\":\"D66 Wijdemeren\",\"description\":\"Just another D66 Sites site\",\"publisher\":{\"@id\":\"https:\\\/\\\/d66.nl\\\/wijdemeren\\\/#organization\"},\"potentialAction\":[{\"@type\":\"SearchAction\",\"target\":{\"@type\":\"EntryPoint\",\"urlTemplate\":\"https:\\\/\\\/d66.nl\\\/wijdemeren\\\/?s={search_term_string}\"},\"query-input\":{\"@type\":\"PropertyValueSpecification\",\"valueRequired\":true,\"valueName\":\"search_term_string\"}}],\"inLanguage\":\"nl-NL\"},{\"@type\":\"Organization\",\"@id\":\"https:\\\/\\\/d66.nl\\\/wijdemeren\\\/#organization\",\"name\":\"D66\",\"url\":\"https:\\\/\\\/d66.nl\\\/wijdemeren\\\/\",\"logo\":{\"@type\":\"ImageObject\",\"inLanguage\":\"nl-NL\",\"@id\":\"https:\\\/\\\/d66.nl\\\/wijdemeren\\\/#\\\/schema\\\/logo\\\/image\\\/\",\"url\":\"https:\\\/\\\/d66.nl\\\/wijdemeren\\\/wp-content\\\/uploads\\\/sites\\\/2\\\/2021\\\/10\\\/d66-themas-algemeen-og.png\",\"contentUrl\":\"https:\\\/\\\/d66.nl\\\/wijdemeren\\\/wp-content\\\/uploads\\\/sites\\\/2\\\/2021\\\/10\\\/d66-themas-algemeen-og.png\",\"width\":1200,\"height\":628,\"caption\":\"D66\"},\"image\":{\"@id\":\"https:\\\/\\\/d66.nl\\\/wijdemeren\\\/#\\\/schema\\\/logo\\\/image\\\/\"}},{\"@type\":\"Person\",\"@id\":\"https:\\\/\\\/d66.nl\\\/wijdemeren\\\/#\\\/schema\\\/person\\\/c861c737692be1a58678d9f73c663717\",\"name\":\"myriamkooij\",\"image\":{\"@type\":\"ImageObject\",\"inLanguage\":\"nl-NL\",\"@id\":\"https:\\\/\\\/secure.gravatar.com\\\/avatar\\\/67db84a27d5855c0e0de6d6e28938e17c1f291f2d59740a6e08f153da1d6a367?s=96&d=mm&r=g\",\"url\":\"https:\\\/\\\/secure.gravatar.com\\\/avatar\\\/67db84a27d5855c0e0de6d6e28938e17c1f291f2d59740a6e08f153da1d6a367?s=96&d=mm&r=g\",\"contentUrl\":\"https:\\\/\\\/secure.gravatar.com\\\/avatar\\\/67db84a27d5855c0e0de6d6e28938e17c1f291f2d59740a6e08f153da1d6a367?s=96&d=mm&r=g\",\"caption\":\"myriamkooij\"}}]}<\/script>\n<!-- \/ Yoast SEO plugin. -->","yoast_head_json":{"title":"D66 Wijdemeren &#8212; TOEN, NU EN MORGEN: WIJ ZIJN EUROPA ! (deel 1)","robots":{"index":"index","follow":"follow","max-snippet":"max-snippet:-1","max-image-preview":"max-image-preview:large","max-video-preview":"max-video-preview:-1"},"canonical":"https:\/\/d66.nl\/wijdemeren\/nieuws\/toen-nu-en-morgen-wij-zijn-europa","og_locale":"nl_NL","og_type":"article","og_title":"D66 Wijdemeren &#8212; TOEN, NU EN MORGEN: WIJ ZIJN EUROPA ! (deel 1)","og_url":"https:\/\/d66.nl\/wijdemeren\/nieuws\/toen-nu-en-morgen-wij-zijn-europa\/","og_site_name":"D66 Wijdemeren","article_published_time":"2024-05-29T20:17:34+00:00","article_modified_time":"2024-05-29T20:19:46+00:00","og_image":[{"width":1000,"height":1000,"url":"https:\/\/d66.nl\/wijdemeren\/wp-content\/uploads\/sites\/196\/2024\/05\/preview_8ed2dd21842e9b7c2b2dfe45f2eae3c1a2159590.png","type":"image\/png"}],"author":"myriamkooij","twitter_card":"summary_large_image","twitter_misc":{"Geschreven door":"myriamkooij"},"schema":{"@context":"https:\/\/schema.org","@graph":[{"@type":"Article","@id":"https:\/\/d66.nl\/wijdemeren\/nieuws\/toen-nu-en-morgen-wij-zijn-europa\/#article","isPartOf":{"@id":"https:\/\/d66.nl\/wijdemeren\/nieuws\/toen-nu-en-morgen-wij-zijn-europa\/"},"author":{"name":"myriamkooij","@id":"https:\/\/d66.nl\/wijdemeren\/#\/schema\/person\/c861c737692be1a58678d9f73c663717"},"headline":"TOEN, NU EN MORGEN: WIJ ZIJN EUROPA ! (deel 1)","datePublished":"2024-05-29T20:17:34+00:00","dateModified":"2024-05-29T20:19:46+00:00","mainEntityOfPage":{"@id":"https:\/\/d66.nl\/wijdemeren\/nieuws\/toen-nu-en-morgen-wij-zijn-europa\/"},"wordCount":8,"commentCount":0,"publisher":{"@id":"https:\/\/d66.nl\/wijdemeren\/#organization"},"image":{"@id":"https:\/\/d66.nl\/wijdemeren\/nieuws\/toen-nu-en-morgen-wij-zijn-europa\/#primaryimage"},"thumbnailUrl":"https:\/\/d66.nl\/wijdemeren\/wp-content\/uploads\/sites\/196\/2024\/05\/preview_8ed2dd21842e9b7c2b2dfe45f2eae3c1a2159590.png","articleSection":["D66"],"inLanguage":"nl-NL","potentialAction":[{"@type":"CommentAction","name":"Comment","target":["https:\/\/d66.nl\/wijdemeren\/nieuws\/toen-nu-en-morgen-wij-zijn-europa\/#respond"]}]},{"@type":"WebPage","@id":"https:\/\/d66.nl\/wijdemeren\/nieuws\/toen-nu-en-morgen-wij-zijn-europa\/","url":"https:\/\/d66.nl\/wijdemeren\/nieuws\/toen-nu-en-morgen-wij-zijn-europa\/","name":"D66 Wijdemeren &#8212; TOEN, NU EN MORGEN: WIJ ZIJN EUROPA ! (deel 1)","isPartOf":{"@id":"https:\/\/d66.nl\/wijdemeren\/#website"},"primaryImageOfPage":{"@id":"https:\/\/d66.nl\/wijdemeren\/nieuws\/toen-nu-en-morgen-wij-zijn-europa\/#primaryimage"},"image":{"@id":"https:\/\/d66.nl\/wijdemeren\/nieuws\/toen-nu-en-morgen-wij-zijn-europa\/#primaryimage"},"thumbnailUrl":"https:\/\/d66.nl\/wijdemeren\/wp-content\/uploads\/sites\/196\/2024\/05\/preview_8ed2dd21842e9b7c2b2dfe45f2eae3c1a2159590.png","datePublished":"2024-05-29T20:17:34+00:00","dateModified":"2024-05-29T20:19:46+00:00","breadcrumb":{"@id":"https:\/\/d66.nl\/wijdemeren\/nieuws\/toen-nu-en-morgen-wij-zijn-europa\/#breadcrumb"},"inLanguage":"nl-NL","potentialAction":[{"@type":"ReadAction","target":["https:\/\/d66.nl\/wijdemeren\/nieuws\/toen-nu-en-morgen-wij-zijn-europa\/"]}]},{"@type":"ImageObject","inLanguage":"nl-NL","@id":"https:\/\/d66.nl\/wijdemeren\/nieuws\/toen-nu-en-morgen-wij-zijn-europa\/#primaryimage","url":"https:\/\/d66.nl\/wijdemeren\/wp-content\/uploads\/sites\/196\/2024\/05\/preview_8ed2dd21842e9b7c2b2dfe45f2eae3c1a2159590.png","contentUrl":"https:\/\/d66.nl\/wijdemeren\/wp-content\/uploads\/sites\/196\/2024\/05\/preview_8ed2dd21842e9b7c2b2dfe45f2eae3c1a2159590.png","width":1000,"height":1000},{"@type":"BreadcrumbList","@id":"https:\/\/d66.nl\/wijdemeren\/nieuws\/toen-nu-en-morgen-wij-zijn-europa\/#breadcrumb","itemListElement":[{"@type":"ListItem","position":1,"name":"Home","item":"https:\/\/d66.nl\/wijdemeren\/"},{"@type":"ListItem","position":2,"name":"Nieuws","item":"https:\/\/d66.nl\/wijdemeren\/nieuws\/"},{"@type":"ListItem","position":3,"name":"TOEN, NU EN MORGEN: WIJ ZIJN EUROPA ! (deel 1)"}]},{"@type":"WebSite","@id":"https:\/\/d66.nl\/wijdemeren\/#website","url":"https:\/\/d66.nl\/wijdemeren\/","name":"D66 Wijdemeren","description":"Just another D66 Sites site","publisher":{"@id":"https:\/\/d66.nl\/wijdemeren\/#organization"},"potentialAction":[{"@type":"SearchAction","target":{"@type":"EntryPoint","urlTemplate":"https:\/\/d66.nl\/wijdemeren\/?s={search_term_string}"},"query-input":{"@type":"PropertyValueSpecification","valueRequired":true,"valueName":"search_term_string"}}],"inLanguage":"nl-NL"},{"@type":"Organization","@id":"https:\/\/d66.nl\/wijdemeren\/#organization","name":"D66","url":"https:\/\/d66.nl\/wijdemeren\/","logo":{"@type":"ImageObject","inLanguage":"nl-NL","@id":"https:\/\/d66.nl\/wijdemeren\/#\/schema\/logo\/image\/","url":"https:\/\/d66.nl\/wijdemeren\/wp-content\/uploads\/sites\/2\/2021\/10\/d66-themas-algemeen-og.png","contentUrl":"https:\/\/d66.nl\/wijdemeren\/wp-content\/uploads\/sites\/2\/2021\/10\/d66-themas-algemeen-og.png","width":1200,"height":628,"caption":"D66"},"image":{"@id":"https:\/\/d66.nl\/wijdemeren\/#\/schema\/logo\/image\/"}},{"@type":"Person","@id":"https:\/\/d66.nl\/wijdemeren\/#\/schema\/person\/c861c737692be1a58678d9f73c663717","name":"myriamkooij","image":{"@type":"ImageObject","inLanguage":"nl-NL","@id":"https:\/\/secure.gravatar.com\/avatar\/67db84a27d5855c0e0de6d6e28938e17c1f291f2d59740a6e08f153da1d6a367?s=96&d=mm&r=g","url":"https:\/\/secure.gravatar.com\/avatar\/67db84a27d5855c0e0de6d6e28938e17c1f291f2d59740a6e08f153da1d6a367?s=96&d=mm&r=g","contentUrl":"https:\/\/secure.gravatar.com\/avatar\/67db84a27d5855c0e0de6d6e28938e17c1f291f2d59740a6e08f153da1d6a367?s=96&d=mm&r=g","caption":"myriamkooij"}}]}},"_links":{"self":[{"href":"https:\/\/d66.nl\/wijdemeren\/wp-json\/wp\/v2\/posts\/655","targetHints":{"allow":["GET"]}}],"collection":[{"href":"https:\/\/d66.nl\/wijdemeren\/wp-json\/wp\/v2\/posts"}],"about":[{"href":"https:\/\/d66.nl\/wijdemeren\/wp-json\/wp\/v2\/types\/post"}],"author":[{"embeddable":true,"href":"https:\/\/d66.nl\/wijdemeren\/wp-json\/wp\/v2\/users\/640"}],"replies":[{"embeddable":true,"href":"https:\/\/d66.nl\/wijdemeren\/wp-json\/wp\/v2\/comments?post=655"}],"version-history":[{"count":6,"href":"https:\/\/d66.nl\/wijdemeren\/wp-json\/wp\/v2\/posts\/655\/revisions"}],"predecessor-version":[{"id":661,"href":"https:\/\/d66.nl\/wijdemeren\/wp-json\/wp\/v2\/posts\/655\/revisions\/661"}],"wp:featuredmedia":[{"embeddable":true,"href":"https:\/\/d66.nl\/wijdemeren\/wp-json\/wp\/v2\/media\/649"}],"wp:attachment":[{"href":"https:\/\/d66.nl\/wijdemeren\/wp-json\/wp\/v2\/media?parent=655"}],"wp:term":[{"taxonomy":"category","embeddable":true,"href":"https:\/\/d66.nl\/wijdemeren\/wp-json\/wp\/v2\/categories?post=655"},{"taxonomy":"search-tags","embeddable":true,"href":"https:\/\/d66.nl\/wijdemeren\/wp-json\/wp\/v2\/search-tags?post=655"},{"taxonomy":"labels","embeddable":true,"href":"https:\/\/d66.nl\/wijdemeren\/wp-json\/wp\/v2\/labels?post=655"}],"curies":[{"name":"wp","href":"https:\/\/api.w.org\/{rel}","templated":true}]}}