{"id":952,"date":"2026-02-09T21:21:11","date_gmt":"2026-02-09T21:21:11","guid":{"rendered":"https:\/\/d66.nl\/weert\/nieuws\/"},"modified":"2026-02-09T21:51:37","modified_gmt":"2026-02-09T21:51:37","slug":"kandidatenlijst-d66-weert-bekend","status":"publish","type":"post","link":"https:\/\/d66.nl\/weert\/nieuws\/kandidatenlijst-d66-weert-bekend","title":{"rendered":"Kandidatenlijst D66 Weert bekend"},"content":{"rendered":"<div\n  id=\"\"\n  class=\"wrapper  wrapper__spacing-bottom-large--50 wrapper__spacing-bottom-desktop--66 wrapper__spacing-bottom-mobile--76  wrapper__gutter--none\"\n  >\n  \t<div class=\"wrapper__container wrapper__container-width-large--default\">\n\t  <div class=\"wrapper__inner wrapper__width-large--14 wrapper__width-desktop--20 wrapper__width-mobile--24 wrapper__offset-large--6 wrapper__offset-desktop--4 wrapper__offset-mobile--0\">\n\t\t<h1 class=\"heading   heading__size--giant heading__font--serif heading__weight--regular  block-heading__heading\" id=\"nav-kandidaten-van-d66-weert388\"  data-nav-heading-mobile=\"Kandidaten van D66 Weert\" >\n\tKandidaten van D66 Weert<\/h1>\t  <\/div>\n\t<\/div>\n  <\/div>\n\n\n<div\n  id=\"\"\n  class=\"wrapper  wrapper__spacing-bottom-large--20  wrapper__gutter--none\"\n  >\n  \t<div class=\"wrapper__container wrapper__container-width-large--default\">\n\t  <div class=\"wrapper__inner wrapper__width-large--9 wrapper__width-mobile--24 wrapper__offset-large--6\">\n\t\t<img loading=\"lazy\" decoding=\"async\" width=\"1024\" height=\"683\" src=\"https:\/\/media.d66.nl\/uploads\/sites\/378\/2026\/02\/iedereen-kijkt-2_-1024x683.jpg\" class=\"image block-image__img\" alt=\"\" srcset=\"https:\/\/media.d66.nl\/uploads\/sites\/378\/2026\/02\/iedereen-kijkt-2_-1024x683.jpg 1024w, https:\/\/media.d66.nl\/uploads\/sites\/378\/2026\/02\/iedereen-kijkt-2_-300x200.jpg 300w, https:\/\/media.d66.nl\/uploads\/sites\/378\/2026\/02\/iedereen-kijkt-2_-768x512.jpg 768w, https:\/\/media.d66.nl\/uploads\/sites\/378\/2026\/02\/iedereen-kijkt-2_-1536x1024.jpg 1536w, https:\/\/media.d66.nl\/uploads\/sites\/378\/2026\/02\/iedereen-kijkt-2_-2048x1365.jpg 2048w, https:\/\/d66.nl\/weert\/wp-content\/uploads\/sites\/378\/2026\/02\/iedereen-kijkt-2_-scaled-e1770204122162.jpg 1000w\" sizes=\"auto, (max-width: 1024px) 100vw, 1024px\" \/>\n\t\t\t<div class=\"image__caption-wrapper block-image__caption-wrapper\">\n\t\t\t<div class=\"image__caption block-image__caption\">\n\t\t\t\t<p class=\"paragraph paragraph__align--left paragraph__color--black paragraph__size--small paragraph__weight--medium\">\n\t\tBeeld: Bo Jacobs (Rechten: D66 Weert)\t<\/p>\t\t\t<\/div>\n\t\t<\/div>\t  <\/div>\n\t<\/div>\n  <\/div>\n\n\n<div\n  id=\"\"\n  class=\"wrapper  wrapper__spacing-bottom-large--50 wrapper__spacing-bottom-mobile--40  wrapper__gutter--none\"\n  >\n  \t<div class=\"wrapper__container wrapper__container-width-large--default\">\n\t  <div class=\"wrapper__inner wrapper__width-large--13 wrapper__width-desktop--22 wrapper__width-mobile--24 wrapper__offset-large--6 wrapper__offset-desktop--2 wrapper__offset-mobile--0\">\n\t\t<p\n\t\tclass=\"paragraph   paragraph__size--big   block-paragraph__paragraph\"\n\t\t\t>\n\t\t<strong>Een sterk en betrokken team voor een vooruitstrevend Weert!<br><\/strong><br>Met trots presenteert D66 Weert de kandidatenlijst voor de gemeenteraadsverkiezingen. <br>Een team van Weertenaren die zich met hoofd \u00e9n hart willen inzetten voor een gemeente die vooruitkijkt, ruimte geeft aan initiatief en niemand laat vallen.<br><br>Onze kandidaten verschillen in achtergrond, ervaring en leeftijd, maar delen \u00e9\u00e9n overtuiging: Weert wordt beter als we vertrouwen hebben in mensen en durven kiezen voor de toekomst. Of het nu gaat om wonen, onderwijs, duurzaamheid, zorg of cultuur, deze kandidaten staan klaar om samen met inwoners te bouwen aan een open, groene en kansrijke stad en dorpen.<br><br>De lijst bestaat uit mensen die Weert kennen: uit de wijken, verenigingen, het onderwijs, het bedrijfsleven en het maatschappelijk veld. Mensen die luisteren, verbinden en verantwoordelijkheid nemen. Met ervaring waar nodig en frisse idee\u00ebn waar het kan.<br><br>Onze kandidaten:<br><br><strong>1. Hans F\u00fcchs<br>2. Gerard Knoop<br>3. Patricia van der Vegt<br>4. Werner Kupers<br>5. Yves Lardenoije<br>6. Wim Kerseboom<br>7. Olaf Krings<br>8. Wim Op den Buijsch<br>9. Nienke Wieringa<br>10. Rob Gerits<br>11. Eline Korten<br>12. Yolanda Knoop-Hendrikx<br>13. Bert van Wijk<\/strong><br><br>Samen vormen zij een evenwichtige lijst met kennis, betrokkenheid en energie. Kandidaten die niet aan de zijlijn blijven staan, maar verantwoordelijkheid willen nemen voor de keuzes die n\u00fa nodig zijn \u2013 voor vandaag \u00e9n voor de volgende generatie.<br>De komende periode stellen we onze kandidaten \u00e9\u00e9n voor \u00e9\u00e9n aan u voor. Want politiek begint met mensen. En bij D66 Weert geloven we in wat mensen kunnen.<br>Vooruit met vertrouwen. Voor Weert.\t<\/p>\t  <\/div>\n\t<\/div>\n  <\/div>\n","protected":false},"excerpt":{"rendered":"<p>Onze kandidaten lijst voor de gemeenteraadsverkiezingen van 2026<\/p>\n","protected":false},"author":2106,"featured_media":821,"comment_status":"closed","ping_status":"open","sticky":false,"template":"","format":"standard","meta":{"_acf_changed":false,"footnotes":""},"categories":[1,36],"labels":[],"search-tags":[],"class_list":["post-952","post","type-post","status-publish","format-standard","has-post-thumbnail","hentry","category-d66","category-lokaal-nieuws"],"acf":[],"yoast_head":"<!-- This site is optimized with the Yoast SEO plugin v27.3 - https:\/\/yoast.com\/product\/yoast-seo-wordpress\/ -->\n<title>D66 Weert &#8212; Kandidatenlijst D66 Weert bekend<\/title>\n<meta name=\"robots\" content=\"index, follow, max-snippet:-1, max-image-preview:large, max-video-preview:-1\" \/>\n<link rel=\"canonical\" href=\"https:\/\/d66.nl\/weert\/nieuws\/kandidatenlijst-d66-weert-bekend\" \/>\n<meta property=\"og:locale\" content=\"nl_NL\" \/>\n<meta property=\"og:type\" content=\"article\" \/>\n<meta property=\"og:title\" content=\"D66 Weert &#8212; Kandidatenlijst D66 Weert bekend\" \/>\n<meta property=\"og:description\" content=\"Onze kandidaten lijst voor de gemeenteraadsverkiezingen van 2026\" \/>\n<meta property=\"og:url\" content=\"https:\/\/d66.nl\/weert\/nieuws\/kandidatenlijst-d66-weert-bekend\/\" \/>\n<meta property=\"og:site_name\" content=\"D66 Weert\" \/>\n<meta property=\"article:published_time\" content=\"2026-02-09T21:21:11+00:00\" \/>\n<meta property=\"article:modified_time\" content=\"2026-02-09T21:51:37+00:00\" \/>\n<meta property=\"og:image\" content=\"https:\/\/media.d66.nl\/uploads\/sites\/378\/2026\/02\/iedereen-kijkt-2_-scaled.jpg\" \/>\n\t<meta property=\"og:image:width\" content=\"1000\" \/>\n\t<meta property=\"og:image:height\" content=\"667\" \/>\n\t<meta property=\"og:image:type\" content=\"image\/jpeg\" \/>\n<meta name=\"author\" content=\"yveslardenoije\" \/>\n<meta name=\"twitter:card\" content=\"summary_large_image\" \/>\n<meta name=\"twitter:label1\" content=\"Geschreven door\" \/>\n\t<meta name=\"twitter:data1\" content=\"yveslardenoije\" \/>\n\t<meta name=\"twitter:label2\" content=\"Geschatte leestijd\" \/>\n\t<meta name=\"twitter:data2\" content=\"1 minuut\" \/>\n<script type=\"application\/ld+json\" class=\"yoast-schema-graph\">{\"@context\":\"https:\\\/\\\/schema.org\",\"@graph\":[{\"@type\":\"Article\",\"@id\":\"https:\\\/\\\/d66.nl\\\/weert\\\/nieuws\\\/kandidatenlijst-d66-weert-bekend\\\/#article\",\"isPartOf\":{\"@id\":\"https:\\\/\\\/d66.nl\\\/weert\\\/nieuws\\\/kandidatenlijst-d66-weert-bekend\\\/\"},\"author\":{\"name\":\"yveslardenoije\",\"@id\":\"https:\\\/\\\/d66.nl\\\/weert\\\/#\\\/schema\\\/person\\\/6cd932c08540f02a4c6c2caff8ce39b7\"},\"headline\":\"Kandidatenlijst D66 Weert bekend\",\"datePublished\":\"2026-02-09T21:21:11+00:00\",\"dateModified\":\"2026-02-09T21:51:37+00:00\",\"mainEntityOfPage\":{\"@id\":\"https:\\\/\\\/d66.nl\\\/weert\\\/nieuws\\\/kandidatenlijst-d66-weert-bekend\\\/\"},\"wordCount\":4,\"publisher\":{\"@id\":\"https:\\\/\\\/d66.nl\\\/weert\\\/#organization\"},\"image\":{\"@id\":\"https:\\\/\\\/d66.nl\\\/weert\\\/nieuws\\\/kandidatenlijst-d66-weert-bekend\\\/#primaryimage\"},\"thumbnailUrl\":\"https:\\\/\\\/media.d66.nl\\\/uploads\\\/sites\\\/378\\\/2026\\\/02\\\/iedereen-kijkt-2_-scaled.jpg\",\"articleSection\":[\"D66\",\"Lokaal nieuws\"],\"inLanguage\":\"nl-NL\"},{\"@type\":\"WebPage\",\"@id\":\"https:\\\/\\\/d66.nl\\\/weert\\\/nieuws\\\/kandidatenlijst-d66-weert-bekend\\\/\",\"url\":\"https:\\\/\\\/d66.nl\\\/weert\\\/nieuws\\\/kandidatenlijst-d66-weert-bekend\\\/\",\"name\":\"D66 Weert &#8212; Kandidatenlijst D66 Weert bekend\",\"isPartOf\":{\"@id\":\"https:\\\/\\\/d66.nl\\\/weert\\\/#website\"},\"primaryImageOfPage\":{\"@id\":\"https:\\\/\\\/d66.nl\\\/weert\\\/nieuws\\\/kandidatenlijst-d66-weert-bekend\\\/#primaryimage\"},\"image\":{\"@id\":\"https:\\\/\\\/d66.nl\\\/weert\\\/nieuws\\\/kandidatenlijst-d66-weert-bekend\\\/#primaryimage\"},\"thumbnailUrl\":\"https:\\\/\\\/media.d66.nl\\\/uploads\\\/sites\\\/378\\\/2026\\\/02\\\/iedereen-kijkt-2_-scaled.jpg\",\"datePublished\":\"2026-02-09T21:21:11+00:00\",\"dateModified\":\"2026-02-09T21:51:37+00:00\",\"breadcrumb\":{\"@id\":\"https:\\\/\\\/d66.nl\\\/weert\\\/nieuws\\\/kandidatenlijst-d66-weert-bekend\\\/#breadcrumb\"},\"inLanguage\":\"nl-NL\",\"potentialAction\":[{\"@type\":\"ReadAction\",\"target\":[\"https:\\\/\\\/d66.nl\\\/weert\\\/nieuws\\\/kandidatenlijst-d66-weert-bekend\\\/\"]}]},{\"@type\":\"ImageObject\",\"inLanguage\":\"nl-NL\",\"@id\":\"https:\\\/\\\/d66.nl\\\/weert\\\/nieuws\\\/kandidatenlijst-d66-weert-bekend\\\/#primaryimage\",\"url\":\"https:\\\/\\\/media.d66.nl\\\/uploads\\\/sites\\\/378\\\/2026\\\/02\\\/iedereen-kijkt-2_-scaled.jpg\",\"contentUrl\":\"https:\\\/\\\/media.d66.nl\\\/uploads\\\/sites\\\/378\\\/2026\\\/02\\\/iedereen-kijkt-2_-scaled.jpg\",\"width\":1000,\"height\":667},{\"@type\":\"BreadcrumbList\",\"@id\":\"https:\\\/\\\/d66.nl\\\/weert\\\/nieuws\\\/kandidatenlijst-d66-weert-bekend\\\/#breadcrumb\",\"itemListElement\":[{\"@type\":\"ListItem\",\"position\":1,\"name\":\"Home\",\"item\":\"https:\\\/\\\/d66.nl\\\/weert\\\/\"},{\"@type\":\"ListItem\",\"position\":2,\"name\":\"Nieuws\",\"item\":\"https:\\\/\\\/d66.nl\\\/weert\\\/nieuws\\\/\"},{\"@type\":\"ListItem\",\"position\":3,\"name\":\"Kandidatenlijst D66 Weert bekend\"}]},{\"@type\":\"WebSite\",\"@id\":\"https:\\\/\\\/d66.nl\\\/weert\\\/#website\",\"url\":\"https:\\\/\\\/d66.nl\\\/weert\\\/\",\"name\":\"D66 Weert\",\"description\":\"Just another D66 Sites site\",\"publisher\":{\"@id\":\"https:\\\/\\\/d66.nl\\\/weert\\\/#organization\"},\"potentialAction\":[{\"@type\":\"SearchAction\",\"target\":{\"@type\":\"EntryPoint\",\"urlTemplate\":\"https:\\\/\\\/d66.nl\\\/weert\\\/?s={search_term_string}\"},\"query-input\":{\"@type\":\"PropertyValueSpecification\",\"valueRequired\":true,\"valueName\":\"search_term_string\"}}],\"inLanguage\":\"nl-NL\"},{\"@type\":\"Organization\",\"@id\":\"https:\\\/\\\/d66.nl\\\/weert\\\/#organization\",\"name\":\"D66\",\"url\":\"https:\\\/\\\/d66.nl\\\/weert\\\/\",\"logo\":{\"@type\":\"ImageObject\",\"inLanguage\":\"nl-NL\",\"@id\":\"https:\\\/\\\/d66.nl\\\/weert\\\/#\\\/schema\\\/logo\\\/image\\\/\",\"url\":\"https:\\\/\\\/d66.nl\\\/weert\\\/wp-content\\\/uploads\\\/sites\\\/378\\\/2021\\\/10\\\/d66-themas-algemeen-og.png\",\"contentUrl\":\"https:\\\/\\\/d66.nl\\\/weert\\\/wp-content\\\/uploads\\\/sites\\\/378\\\/2021\\\/10\\\/d66-themas-algemeen-og.png\",\"width\":1200,\"height\":628,\"caption\":\"D66\"},\"image\":{\"@id\":\"https:\\\/\\\/d66.nl\\\/weert\\\/#\\\/schema\\\/logo\\\/image\\\/\"}},{\"@type\":\"Person\",\"@id\":\"https:\\\/\\\/d66.nl\\\/weert\\\/#\\\/schema\\\/person\\\/6cd932c08540f02a4c6c2caff8ce39b7\",\"name\":\"yveslardenoije\",\"image\":{\"@type\":\"ImageObject\",\"inLanguage\":\"nl-NL\",\"@id\":\"https:\\\/\\\/secure.gravatar.com\\\/avatar\\\/be16d1a121175c375d966eaf3e2c5c952cf6922793a6805c070f9250ce516d10?s=96&d=mm&r=g\",\"url\":\"https:\\\/\\\/secure.gravatar.com\\\/avatar\\\/be16d1a121175c375d966eaf3e2c5c952cf6922793a6805c070f9250ce516d10?s=96&d=mm&r=g\",\"contentUrl\":\"https:\\\/\\\/secure.gravatar.com\\\/avatar\\\/be16d1a121175c375d966eaf3e2c5c952cf6922793a6805c070f9250ce516d10?s=96&d=mm&r=g\",\"caption\":\"yveslardenoije\"}}]}<\/script>\n<!-- \/ Yoast SEO plugin. -->","yoast_head_json":{"title":"D66 Weert &#8212; Kandidatenlijst D66 Weert bekend","robots":{"index":"index","follow":"follow","max-snippet":"max-snippet:-1","max-image-preview":"max-image-preview:large","max-video-preview":"max-video-preview:-1"},"canonical":"https:\/\/d66.nl\/weert\/nieuws\/kandidatenlijst-d66-weert-bekend","og_locale":"nl_NL","og_type":"article","og_title":"D66 Weert &#8212; Kandidatenlijst D66 Weert bekend","og_description":"Onze kandidaten lijst voor de gemeenteraadsverkiezingen van 2026","og_url":"https:\/\/d66.nl\/weert\/nieuws\/kandidatenlijst-d66-weert-bekend\/","og_site_name":"D66 Weert","article_published_time":"2026-02-09T21:21:11+00:00","article_modified_time":"2026-02-09T21:51:37+00:00","og_image":[{"width":1000,"height":667,"url":"https:\/\/media.d66.nl\/uploads\/sites\/378\/2026\/02\/iedereen-kijkt-2_-scaled.jpg","type":"image\/jpeg"}],"author":"yveslardenoije","twitter_card":"summary_large_image","twitter_misc":{"Geschreven door":"yveslardenoije","Geschatte leestijd":"1 minuut"},"schema":{"@context":"https:\/\/schema.org","@graph":[{"@type":"Article","@id":"https:\/\/d66.nl\/weert\/nieuws\/kandidatenlijst-d66-weert-bekend\/#article","isPartOf":{"@id":"https:\/\/d66.nl\/weert\/nieuws\/kandidatenlijst-d66-weert-bekend\/"},"author":{"name":"yveslardenoije","@id":"https:\/\/d66.nl\/weert\/#\/schema\/person\/6cd932c08540f02a4c6c2caff8ce39b7"},"headline":"Kandidatenlijst D66 Weert bekend","datePublished":"2026-02-09T21:21:11+00:00","dateModified":"2026-02-09T21:51:37+00:00","mainEntityOfPage":{"@id":"https:\/\/d66.nl\/weert\/nieuws\/kandidatenlijst-d66-weert-bekend\/"},"wordCount":4,"publisher":{"@id":"https:\/\/d66.nl\/weert\/#organization"},"image":{"@id":"https:\/\/d66.nl\/weert\/nieuws\/kandidatenlijst-d66-weert-bekend\/#primaryimage"},"thumbnailUrl":"https:\/\/media.d66.nl\/uploads\/sites\/378\/2026\/02\/iedereen-kijkt-2_-scaled.jpg","articleSection":["D66","Lokaal nieuws"],"inLanguage":"nl-NL"},{"@type":"WebPage","@id":"https:\/\/d66.nl\/weert\/nieuws\/kandidatenlijst-d66-weert-bekend\/","url":"https:\/\/d66.nl\/weert\/nieuws\/kandidatenlijst-d66-weert-bekend\/","name":"D66 Weert &#8212; Kandidatenlijst D66 Weert bekend","isPartOf":{"@id":"https:\/\/d66.nl\/weert\/#website"},"primaryImageOfPage":{"@id":"https:\/\/d66.nl\/weert\/nieuws\/kandidatenlijst-d66-weert-bekend\/#primaryimage"},"image":{"@id":"https:\/\/d66.nl\/weert\/nieuws\/kandidatenlijst-d66-weert-bekend\/#primaryimage"},"thumbnailUrl":"https:\/\/media.d66.nl\/uploads\/sites\/378\/2026\/02\/iedereen-kijkt-2_-scaled.jpg","datePublished":"2026-02-09T21:21:11+00:00","dateModified":"2026-02-09T21:51:37+00:00","breadcrumb":{"@id":"https:\/\/d66.nl\/weert\/nieuws\/kandidatenlijst-d66-weert-bekend\/#breadcrumb"},"inLanguage":"nl-NL","potentialAction":[{"@type":"ReadAction","target":["https:\/\/d66.nl\/weert\/nieuws\/kandidatenlijst-d66-weert-bekend\/"]}]},{"@type":"ImageObject","inLanguage":"nl-NL","@id":"https:\/\/d66.nl\/weert\/nieuws\/kandidatenlijst-d66-weert-bekend\/#primaryimage","url":"https:\/\/media.d66.nl\/uploads\/sites\/378\/2026\/02\/iedereen-kijkt-2_-scaled.jpg","contentUrl":"https:\/\/media.d66.nl\/uploads\/sites\/378\/2026\/02\/iedereen-kijkt-2_-scaled.jpg","width":1000,"height":667},{"@type":"BreadcrumbList","@id":"https:\/\/d66.nl\/weert\/nieuws\/kandidatenlijst-d66-weert-bekend\/#breadcrumb","itemListElement":[{"@type":"ListItem","position":1,"name":"Home","item":"https:\/\/d66.nl\/weert\/"},{"@type":"ListItem","position":2,"name":"Nieuws","item":"https:\/\/d66.nl\/weert\/nieuws\/"},{"@type":"ListItem","position":3,"name":"Kandidatenlijst D66 Weert bekend"}]},{"@type":"WebSite","@id":"https:\/\/d66.nl\/weert\/#website","url":"https:\/\/d66.nl\/weert\/","name":"D66 Weert","description":"Just another D66 Sites site","publisher":{"@id":"https:\/\/d66.nl\/weert\/#organization"},"potentialAction":[{"@type":"SearchAction","target":{"@type":"EntryPoint","urlTemplate":"https:\/\/d66.nl\/weert\/?s={search_term_string}"},"query-input":{"@type":"PropertyValueSpecification","valueRequired":true,"valueName":"search_term_string"}}],"inLanguage":"nl-NL"},{"@type":"Organization","@id":"https:\/\/d66.nl\/weert\/#organization","name":"D66","url":"https:\/\/d66.nl\/weert\/","logo":{"@type":"ImageObject","inLanguage":"nl-NL","@id":"https:\/\/d66.nl\/weert\/#\/schema\/logo\/image\/","url":"https:\/\/d66.nl\/weert\/wp-content\/uploads\/sites\/378\/2021\/10\/d66-themas-algemeen-og.png","contentUrl":"https:\/\/d66.nl\/weert\/wp-content\/uploads\/sites\/378\/2021\/10\/d66-themas-algemeen-og.png","width":1200,"height":628,"caption":"D66"},"image":{"@id":"https:\/\/d66.nl\/weert\/#\/schema\/logo\/image\/"}},{"@type":"Person","@id":"https:\/\/d66.nl\/weert\/#\/schema\/person\/6cd932c08540f02a4c6c2caff8ce39b7","name":"yveslardenoije","image":{"@type":"ImageObject","inLanguage":"nl-NL","@id":"https:\/\/secure.gravatar.com\/avatar\/be16d1a121175c375d966eaf3e2c5c952cf6922793a6805c070f9250ce516d10?s=96&d=mm&r=g","url":"https:\/\/secure.gravatar.com\/avatar\/be16d1a121175c375d966eaf3e2c5c952cf6922793a6805c070f9250ce516d10?s=96&d=mm&r=g","contentUrl":"https:\/\/secure.gravatar.com\/avatar\/be16d1a121175c375d966eaf3e2c5c952cf6922793a6805c070f9250ce516d10?s=96&d=mm&r=g","caption":"yveslardenoije"}}]}},"_links":{"self":[{"href":"https:\/\/d66.nl\/weert\/wp-json\/wp\/v2\/posts\/952","targetHints":{"allow":["GET"]}}],"collection":[{"href":"https:\/\/d66.nl\/weert\/wp-json\/wp\/v2\/posts"}],"about":[{"href":"https:\/\/d66.nl\/weert\/wp-json\/wp\/v2\/types\/post"}],"author":[{"embeddable":true,"href":"https:\/\/d66.nl\/weert\/wp-json\/wp\/v2\/users\/2106"}],"replies":[{"embeddable":true,"href":"https:\/\/d66.nl\/weert\/wp-json\/wp\/v2\/comments?post=952"}],"version-history":[{"count":10,"href":"https:\/\/d66.nl\/weert\/wp-json\/wp\/v2\/posts\/952\/revisions"}],"predecessor-version":[{"id":973,"href":"https:\/\/d66.nl\/weert\/wp-json\/wp\/v2\/posts\/952\/revisions\/973"}],"wp:featuredmedia":[{"embeddable":true,"href":"https:\/\/d66.nl\/weert\/wp-json\/wp\/v2\/media\/821"}],"wp:attachment":[{"href":"https:\/\/d66.nl\/weert\/wp-json\/wp\/v2\/media?parent=952"}],"wp:term":[{"taxonomy":"category","embeddable":true,"href":"https:\/\/d66.nl\/weert\/wp-json\/wp\/v2\/categories?post=952"},{"taxonomy":"labels","embeddable":true,"href":"https:\/\/d66.nl\/weert\/wp-json\/wp\/v2\/labels?post=952"},{"taxonomy":"search-tags","embeddable":true,"href":"https:\/\/d66.nl\/weert\/wp-json\/wp\/v2\/search-tags?post=952"}],"curies":[{"name":"wp","href":"https:\/\/api.w.org\/{rel}","templated":true}]}}