{"id":803,"date":"2019-11-20T16:30:00","date_gmt":"2019-11-20T16:30:00","guid":{"rendered":"https:\/\/d66.nl\/waalre\/nieuws\/"},"modified":"2026-02-10T12:15:50","modified_gmt":"2026-02-10T12:15:50","slug":"motiemarkt-waalre-burgerparticipatie","status":"publish","type":"post","link":"https:\/\/d66.nl\/waalre\/nieuws\/motiemarkt-waalre-burgerparticipatie","title":{"rendered":"Idee\u00ebn van inwoners Waalre waarderen en behandelen zoals idee\u00ebn van politici."},"content":{"rendered":"<div\n  id=\"\"\n  class=\"wrapper  wrapper__spacing-bottom-large--50 wrapper__spacing-bottom-desktop--66 wrapper__spacing-bottom-mobile--76  wrapper__gutter--none\"\n  >\n  \t<div class=\"wrapper__container wrapper__container-width-large--default\">\n\t  <div class=\"wrapper__inner wrapper__width-large--14 wrapper__width-desktop--20 wrapper__width-mobile--24 wrapper__offset-large--6 wrapper__offset-desktop--4 wrapper__offset-mobile--0\">\n\t\t<h1 class=\"heading   heading__size--giant heading__font--serif heading__weight--regular  block-heading__heading\" id=\"nav-idee--n-van-inwoners-waalre-waarderen-en-behandelen-zoals-idee--n-van-politici--dat-kan-met-een-motiemarkt-7443\"  data-nav-heading-mobile=\"Idee\u00ebn van inwoners Waalre waarderen en behandelen zoals idee\u00ebn van politici. Dat kan met een motiemarkt.\" >\n\tIdee\u00ebn van inwoners Waalre waarderen en behandelen zoals idee\u00ebn van politici. Dat kan met een motiemarkt.<\/h1>\t  <\/div>\n\t<\/div>\n  <\/div>\n\n\n<div\n  id=\"\"\n  class=\"wrapper  wrapper__spacing-bottom-large--20  wrapper__gutter--none\"\n  >\n  \t<div class=\"wrapper__container wrapper__container-width-large--default\">\n\t  <div class=\"wrapper__inner wrapper__width-large--12 wrapper__width-mobile--24 wrapper__offset-large--6\">\n\t\t<img loading=\"lazy\" decoding=\"async\" width=\"787\" height=\"606\" src=\"https:\/\/d66.nl\/waalre\/wp-content\/uploads\/sites\/110\/2019\/11\/Groepsfotoraadszaalklein.jpg\" class=\"image block-image__img\" alt=\"fractie D66 Waalre\" srcset=\"https:\/\/d66.nl\/waalre\/wp-content\/uploads\/sites\/110\/2019\/11\/Groepsfotoraadszaalklein.jpg 787w, https:\/\/d66.nl\/waalre\/wp-content\/uploads\/sites\/110\/2019\/11\/Groepsfotoraadszaalklein-300x231.jpg 300w, https:\/\/d66.nl\/waalre\/wp-content\/uploads\/sites\/110\/2019\/11\/Groepsfotoraadszaalklein-768x591.jpg 768w\" sizes=\"auto, (max-width: 787px) 100vw, 787px\" \/>\n\t\t\t<div class=\"image__caption-wrapper block-image__caption-wrapper\">\n\t\t\t<div class=\"image__caption block-image__caption\">\n\t\t\t\t<p class=\"paragraph paragraph__align--left paragraph__color--black paragraph__size--small paragraph__weight--medium\">\n\t\tBeeld: D66 Waalre\t<\/p>\t\t\t<\/div>\n\t\t<\/div>\t  <\/div>\n\t<\/div>\n  <\/div>\n\n\n<div\n  id=\"\"\n  class=\"wrapper  wrapper__spacing-bottom-large--50 wrapper__spacing-bottom-mobile--40  wrapper__gutter--none\"\n  >\n  \t<div class=\"wrapper__container wrapper__container-width-large--default\">\n\t  <div class=\"wrapper__inner wrapper__width-large--13 wrapper__width-desktop--22 wrapper__width-mobile--24 wrapper__offset-large--6 wrapper__offset-desktop--2 wrapper__offset-mobile--0\">\n\t\t<p\n\t\tclass=\"paragraph   paragraph__size--big   block-paragraph__paragraph\"\n\t\t\t>\n\t\t<strong>D66 Waalre diende deze maand een motie burgerparticipatie in.Het plan: een motiemarkt organiseren, liefst elk jaar, waar inwoners hun idee\u00ebn kunnen presenteren aan de gemeenteraad. Hiermee kunnen inwoners en raadsleden samen Waarle mooier, groener of veiliger maken.\u00a0Want raadsleden kunnen goede idee\u00ebn \u2018adopteren\u2019\u00a0en indienen als motie tijdens\u00a0een raadsvergadering.\u00a0Als inwoner wordt je dan \u00e9cht betrokken bij de besluitvorming van de gemeenteraad<\/strong>.\t<\/p>\t  <\/div>\n\t<\/div>\n  <\/div>\n\n\n<div\n  id=\"\"\n  class=\"wrapper  wrapper__spacing-bottom-large--30 wrapper__spacing-bottom-desktop--20 wrapper__spacing-bottom-mobile--10  wrapper__gutter--none\"\n  >\n  \t<div class=\"wrapper__container wrapper__container-width-large--default\">\n\t  <div class=\"wrapper__inner wrapper__width-large--14 wrapper__width-desktop--24 wrapper__width-mobile--24 wrapper__offset-large--6 wrapper__offset-desktop--2 wrapper__offset-mobile--0\">\n\t\t<section class=\"block-related-post-metadata js-block-related-post-metadata\">\n\t<div class=\"block-related-post-metadata__content-wrapper\">\n\t\t<div class=\"block-related-post-metadata__persons\">\n\t\t\t\t\t<\/div>\n\t\t<div class=\"block-related-post-metadata__meta\">\n\t\t\t<div class=\"block-related-post-metadata__date\">\n\t\t\t\t20.11.2019<div class=\"post-share js-post-share rs_skip_always\">\n\t<button class=\"post-share__share-button js-post-share-share-button\">\n\t\tShare\t\t<svg xmlns='http:\/\/www.w3.org\/2000\/svg' width='100px' height='100px' viewBox='0 0 24 24' fill='none'><path d='m8.684 10.658 6.629-3.314m.003 9.314-6.622-3.311M21 6a3 3 0 1 1-6 0 3 3 0 0 1 6 0ZM9 12a3 3 0 1 1-6 0 3 3 0 0 1 6 0Zm12 6a3 3 0 1 1-6 0 3 3 0 0 1 6 0Z' stroke='currentColor' stroke-width='1.5' fill='none'\/><\/svg>\t<\/button>\n\t<dialog class=\"post-share__dialog js-post-share-dialog\" aria-hidden=\"true\">\n\t\t<div class=\"post-share__dialog-header\">\n\t\t\tShare this post\t\t\t<button class=\"post-share__dialog-close js-post-share-dialog-close\">\n\t\t\t\t<svg xmlns='http:\/\/www.w3.org\/2000\/svg' width='150' height='150' viewBox='0 0 150 150' fill='none'><path d='M44.103 105.897 75 75m30.898-30.898L75 75m0 0L44.103 44.102M75 75l30.898 30.897' stroke='currentColor' stroke-width='5' fill='none'\/><\/svg>\t\t\t<\/button>\n\t\t<\/div>\n\t\t<div class=\"post-share__dialog-socials\">\n\t\t\t\t\t\t\t\t\t\t\t<a class=\"post-share__dialog-item js-post-share-dialog-item\" href=\"#\" target=\"_blank\" data-copy=&quot;true&quot;>\n\t\t\t\t\tKopier link<svg xmlns='http:\/\/www.w3.org\/2000\/svg' width='150' height='150' viewBox='0 0 150 150' fill='none'><path d='M67.468 108.679c-8.533-.512-14.164-3.583-17.407-9.983-3.242-6.314-2.815-12.713 1.195-18.6 1.706-2.56 3.584-5.035 5.46-7.594 1.537-2.048 3.584-2.475 5.462-1.195 2.047 1.45 2.389 3.498.938 5.632-1.706 2.474-3.584 4.948-5.29 7.423-3.242 4.778-2.304 11.092 2.133 14.334 4.864 3.584 11.092 2.731 14.761-1.962 1.963-2.475 3.754-5.12 5.632-7.68 1.194-1.535 2.645-2.218 4.607-1.28 1.792.854 2.645 2.39 2.304 4.267 0 .17 0 .427-.17.597-3.67 5.12-6.4 11.178-12.544 13.993-2.56 1.195-5.46 1.707-6.996 2.219l-.085-.171Z' fill='currentColor'\/><path d='M86.921 44.6c6.144.257 11.605 3.328 14.932 9.728 3.328 6.399 2.816 12.798-1.109 18.856-1.621 2.56-3.498 4.95-5.29 7.424-1.707 2.303-3.754 2.815-5.717 1.45-2.048-1.45-2.304-3.669-.597-6.058 1.621-2.304 3.328-4.608 4.949-6.911 3.498-4.95 2.56-11.348-2.133-14.761-4.779-3.499-11.178-2.475-14.847 2.56-1.792 2.388-3.498 4.863-5.205 7.252-1.62 2.218-3.583 2.56-5.546 1.11-1.877-1.366-2.218-3.414-.768-5.462 2.048-2.986 4.01-5.972 6.314-8.703 3.67-4.351 8.448-6.399 15.103-6.399l-.086-.085Z' fill='currentColor'\/><path d='M71.478 88.457c-3.498-.341-5.46-3.413-3.754-6.143 3.327-5.29 6.825-10.495 10.324-15.7 1.45-2.133 3.413-2.389 5.46-1.109 1.878 1.28 2.219 3.413.854 5.546-3.328 5.034-6.57 9.983-9.983 14.932-.683 1.024-1.963 1.621-2.901 2.389v.085Z' fill='currentColor'\/><\/svg>\t\t\t\t<\/a>\n\t\t\t\t\t\t\t\t\t\t\t<a class=\"post-share__dialog-item js-post-share-dialog-item\" href=\"mailto:?to=%20&amp;body=https%3A%2F%2Fd66.nl%2Fwaalre%2Fnieuws%2Fmotiemarkt-waalre-burgerparticipatie\" target=\"_blank\" >\n\t\t\t\t\tMail<svg xmlns='http:\/\/www.w3.org\/2000\/svg' width='40' height='40' viewBox='0 0 40 40' fill='none'><path d='M24.107 15.865a1 1 0 0 1 1.266 1.265l-1.686 5.052a1 1 0 0 1-1.654.392l-3.37-3.37a1.001 1.001 0 0 1 .392-1.654l5.052-1.685Z' fill='currentColor'\/><path d='m21.763 19.475-5.657 5.657' stroke='currentColor' stroke-width='2' stroke-linecap='round' fill='none'\/><\/svg>\t\t\t\t<\/a>\n\t\t\t\t\t\t\t\t\t\t\t<a class=\"post-share__dialog-item js-post-share-dialog-item\" href=\"https:\/\/www.linkedin.com\/sharing\/share-offsite\/?url=https%3A%2F%2Fd66.nl%2Fwaalre%2Fnieuws%2Fmotiemarkt-waalre-burgerparticipatie\" target=\"_blank\" >\n\t\t\t\t\tLinkedIn<svg xmlns='http:\/\/www.w3.org\/2000\/svg' width='40' height='40' viewBox='0 0 40 40' fill='none'><path d='M24.107 15.865a1 1 0 0 1 1.266 1.265l-1.686 5.052a1 1 0 0 1-1.654.392l-3.37-3.37a1.001 1.001 0 0 1 .392-1.654l5.052-1.685Z' fill='currentColor'\/><path d='m21.763 19.475-5.657 5.657' stroke='currentColor' stroke-width='2' stroke-linecap='round' fill='none'\/><\/svg>\t\t\t\t<\/a>\n\t\t\t\t\t\t\t\t\t\t\t<a class=\"post-share__dialog-item js-post-share-dialog-item\" href=\"https:\/\/www.facebook.com\/sharer\/sharer.php?u=https%3A%2F%2Fd66.nl%2Fwaalre%2Fnieuws%2Fmotiemarkt-waalre-burgerparticipatie\" target=\"_blank\" >\n\t\t\t\t\tFacebook<svg xmlns='http:\/\/www.w3.org\/2000\/svg' width='40' height='40' viewBox='0 0 40 40' fill='none'><path d='M24.107 15.865a1 1 0 0 1 1.266 1.265l-1.686 5.052a1 1 0 0 1-1.654.392l-3.37-3.37a1.001 1.001 0 0 1 .392-1.654l5.052-1.685Z' fill='currentColor'\/><path d='m21.763 19.475-5.657 5.657' stroke='currentColor' stroke-width='2' stroke-linecap='round' fill='none'\/><\/svg>\t\t\t\t<\/a>\n\t\t\t\t\t\t\t\t\t\t\t<a class=\"post-share__dialog-item js-post-share-dialog-item\" href=\"whatsapp:\/\/send?text=https%3A%2F%2Fd66.nl%2Fwaalre%2Fnieuws%2Fmotiemarkt-waalre-burgerparticipatie\" target=\"_blank\" >\n\t\t\t\t\tWhatsApp<svg xmlns='http:\/\/www.w3.org\/2000\/svg' width='40' height='40' viewBox='0 0 40 40' fill='none'><path d='M24.107 15.865a1 1 0 0 1 1.266 1.265l-1.686 5.052a1 1 0 0 1-1.654.392l-3.37-3.37a1.001 1.001 0 0 1 .392-1.654l5.052-1.685Z' fill='currentColor'\/><path d='m21.763 19.475-5.657 5.657' stroke='currentColor' stroke-width='2' stroke-linecap='round' fill='none'\/><\/svg>\t\t\t\t<\/a>\n\t\t\t\t\t\t\t\t\t\t\t<a class=\"post-share__dialog-item js-post-share-dialog-item\" href=\"https:\/\/x.com\/intent\/post?url=https%3A%2F%2Fd66.nl%2Fwaalre%2Fnieuws%2Fmotiemarkt-waalre-burgerparticipatie\" target=\"_blank\" >\n\t\t\t\t\tTwitter (X)<svg xmlns='http:\/\/www.w3.org\/2000\/svg' width='40' height='40' viewBox='0 0 40 40' fill='none'><path d='M24.107 15.865a1 1 0 0 1 1.266 1.265l-1.686 5.052a1 1 0 0 1-1.654.392l-3.37-3.37a1.001 1.001 0 0 1 .392-1.654l5.052-1.685Z' fill='currentColor'\/><path d='m21.763 19.475-5.657 5.657' stroke='currentColor' stroke-width='2' stroke-linecap='round' fill='none'\/><\/svg>\t\t\t\t<\/a>\n\t\t\t\t\t<\/div>\n\t<\/dialog>\n<\/div>\t\t\t<\/div>\n\t\t\t<div class=\"block-related-post-metadata__categories\">\n\t\t\t\t<div class=\"category-link__wrapper\">\n\t\t\t<div class=\"category-link__item\">\n\t\t\t<a href=\"https:\/\/d66.nl\/waalre\/category\/d66-waalre\/\">\n\t\t\t\tD66 Waalre\t\t\t<\/a>\n\t\t<\/div>\n\t\t\t\t<div class=\"category-link__item\">\n\t\t\t<a href=\"https:\/\/d66.nl\/waalre\/search-tags\/sterke-gemeenschap-waalre\/\">\n\t\t\t\tSterke gemeenschap\t\t\t<\/a>\n\t\t<\/div>\n\t\t<\/div>\t\t\t<\/div>\n\t\t<\/div>\n\t<\/div>\n<\/section>\n\t  <\/div>\n\t<\/div>\n  <\/div>\n\n\n<div\n  id=\"\"\n  class=\"wrapper  wrapper__spacing-bottom-large--50 wrapper__spacing-bottom-desktop--70 wrapper__spacing-bottom-mobile--50  wrapper__gutter--none\"\n  >\n  \t<div class=\"wrapper__container wrapper__container-width-large--default\">\n\t  <div class=\"wrapper__inner wrapper__width-large--18 wrapper__width-desktop--22 wrapper__width-mobile--24 wrapper__offset-large--6 wrapper__offset-desktop--2 wrapper__offset-mobile--0\">\n\t\t<section class=\"block-post-content\">\n\t<div class=\"block-post-content__title\">\n\t\t<h3 class=\"heading  heading__color--black heading__size--medium heading__font--sans heading__weight--semiBold  block-post-content__heading\" id=\"nav--strong-waarom-willen-wij-uw-idee--n-horen---strong-3852\" data-nav-heading-mobile=\"Waarom willen wij uw idee\u00ebn horen?\">\n\t<strong>Waarom willen wij uw idee\u00ebn horen?<\/strong><\/h3>\t<\/div>\n\t<div class=\"block-post-content__content\">\n\t\t\n<div\n  id=\"\"\n  class=\"wrapper  wrapper__spacing-bottom-large--30 wrapper__spacing-bottom-desktop--20  wrapper__gutter--none\"\n  >\n  \t<div class=\"wrapper__container wrapper__container-width-large--default\">\n\t  <div class=\"wrapper__inner wrapper__width-large--24 wrapper__width-mobile--24\">\n\t\t<p\n\t\tclass=\"paragraph paragraph__align--left paragraph__color--black paragraph__size--default   block-paragraph__paragraph\"\n\t\t\t>\n\t\tNu worden inwoners uitgenodigd om hun mening te geven over lopende plannen. De gemeente bekijkt zelf welke meningen worden meegenomen. Maar met een motiemarkt krijg je nieuwe idee\u00ebn van inwoners, die behandeld kunnen worden als idee\u00ebn van raadsleden. Een idee wordt dan bij de vergadering over de kadernota \u2013 met de plannen voor het komend jaar \u2013 ingebracht en dan stemt de gemeenteraad erover. Zo kan de gemeente de kennis van inwoners beter benutten dan nu gebeurt.\t<\/p>\t  <\/div>\n\t<\/div>\n  <\/div>\n\n\t<\/div>\n\n\t<div class=\"block-post-content__sidebar\">\n\t\t\n\t\t\n\t\t\t<\/div>\n<\/section>\n\t  <\/div>\n\t<\/div>\n  <\/div>\n\n\n<div\n  id=\"\"\n  class=\"wrapper  wrapper__spacing-bottom-large--50 wrapper__spacing-bottom-desktop--70 wrapper__spacing-bottom-mobile--50  wrapper__gutter--none\"\n  >\n  \t<div class=\"wrapper__container wrapper__container-width-large--default\">\n\t  <div class=\"wrapper__inner wrapper__width-large--18 wrapper__width-desktop--22 wrapper__width-mobile--24 wrapper__offset-large--6 wrapper__offset-desktop--2 wrapper__offset-mobile--0\">\n\t\t<section class=\"block-post-content\">\n\t<div class=\"block-post-content__title\">\n\t\t<h3 class=\"heading  heading__color--black heading__size--medium heading__font--sans heading__weight--semiBold  block-post-content__heading\" id=\"nav--strong-komt-er-in-de-lente-een-motiemarkt---strong-3665\" data-nav-heading-mobile=\"Komt er in de lente een motiemarkt?\">\n\t<strong>Komt er in de lente een motiemarkt?<\/strong><\/h3>\t<\/div>\n\t<div class=\"block-post-content__content\">\n\t\t\n<div\n  id=\"\"\n  class=\"wrapper  wrapper__spacing-bottom-large--30 wrapper__spacing-bottom-desktop--20  wrapper__gutter--none\"\n  >\n  \t<div class=\"wrapper__container wrapper__container-width-large--default\">\n\t  <div class=\"wrapper__inner wrapper__width-large--24 wrapper__width-mobile--24\">\n\t\t<p\n\t\tclass=\"paragraph paragraph__align--left paragraph__color--black paragraph__size--default   block-paragraph__paragraph\"\n\t\t\t>\n\t\tHet is nog maar de vraag of er in de lente een motiemarkt komt, zodat idee\u00ebn van inwoners meegenomen kunnen worden bij de kadernota 2021. Want helaas stemde de hele coalitie \u2013 AWB, CDA en VVD \u2013 tegen ons idee.\t<\/p>\t  <\/div>\n\t<\/div>\n  <\/div>\n\n\t<\/div>\n\n\t<div class=\"block-post-content__sidebar\">\n\t\t\n\t\t\n\t\t\t<\/div>\n<\/section>\n\t  <\/div>\n\t<\/div>\n  <\/div>\n\n\n<div\n  id=\"\"\n  class=\"wrapper  wrapper__spacing-bottom-large--50 wrapper__spacing-bottom-desktop--70 wrapper__spacing-bottom-mobile--50  wrapper__gutter--none\"\n  >\n  \t<div class=\"wrapper__container wrapper__container-width-large--default\">\n\t  <div class=\"wrapper__inner wrapper__width-large--18 wrapper__width-desktop--22 wrapper__width-mobile--24 wrapper__offset-large--6 wrapper__offset-desktop--2 wrapper__offset-mobile--0\">\n\t\t<section class=\"block-post-content\">\n\t<div class=\"block-post-content__title\">\n\t\t<h3 class=\"heading  heading__color--black heading__size--medium heading__font--sans heading__weight--semiBold  block-post-content__heading\" id=\"nav--strong-waarom-stemden-cda--vvd-en-awb-tegen-de-motiemarkt---strong-7292\" data-nav-heading-mobile=\"Waarom stemden CDA, VVD en AWB tegen de motiemarkt?\">\n\t<strong>Waarom stemden CDA, VVD en AWB tegen de motiemarkt?<\/strong><\/h3>\t<\/div>\n\t<div class=\"block-post-content__content\">\n\t\t\n<div\n  id=\"\"\n  class=\"wrapper  wrapper__spacing-bottom-large--30 wrapper__spacing-bottom-desktop--20  wrapper__gutter--none\"\n  >\n  \t<div class=\"wrapper__container wrapper__container-width-large--default\">\n\t  <div class=\"wrapper__inner wrapper__width-large--24 wrapper__width-mobile--24\">\n\t\t<p\n\t\tclass=\"paragraph paragraph__align--left paragraph__color--black paragraph__size--default   block-paragraph__paragraph\"\n\t\t\t>\n\t\tHet CDA vroeg zich af of mensen in Waalre hier wel op zitten te wachten. Maar veel gemeenten hebben al succesvolle motiemarkten. Waarom zouden mensen in Waalre dit niet willen?<br>AWB wil sowieso niet meedoen omdat idee\u00ebn van inwoners volgens hen niet passen bij de afspraken<br>in het coalitieakoord. Dit vinden wij een bizar argument, een van die afspraken in het coalitieakkoord is juist dat men meer wil samenwerken met inwoners en het intiatief meer bij hen willen leggen.<br>VVD vindt een motiemarkt overbodig omdat er al een traject loopt om te kijken hoe burgers te betrekken. Daar zou geen zelfde soort traject naast moeten lopen. Een motiemarkt is echter geen traject. Het is juist een middel om inwoners te betrekken bij besluitvorming van de raad en gebruik te maken van hun inbreng voor een beter Waalre.\t<\/p>\t  <\/div>\n\t<\/div>\n  <\/div>\n\n\t<\/div>\n\n\t<div class=\"block-post-content__sidebar\">\n\t\t\n\t\t\n\t\t\t<\/div>\n<\/section>\n\t  <\/div>\n\t<\/div>\n  <\/div>\n\n\n<div\n  id=\"\"\n  class=\"wrapper  wrapper__spacing-bottom-large--50 wrapper__spacing-bottom-desktop--70 wrapper__spacing-bottom-mobile--50  wrapper__gutter--none\"\n  >\n  \t<div class=\"wrapper__container wrapper__container-width-large--default\">\n\t  <div class=\"wrapper__inner wrapper__width-large--18 wrapper__width-desktop--22 wrapper__width-mobile--24 wrapper__offset-large--6 wrapper__offset-desktop--2 wrapper__offset-mobile--0\">\n\t\t<section class=\"block-post-content\">\n\t<div class=\"block-post-content__title\">\n\t\t<h3 class=\"heading  heading__color--black heading__size--medium heading__font--sans heading__weight--semiBold  block-post-content__heading\" id=\"nav--strong-samenwerken-is-belangrijk--strong-4148\" data-nav-heading-mobile=\"Samenwerken is belangrijk\">\n\t<strong>Samenwerken is belangrijk<\/strong><\/h3>\t<\/div>\n\t<div class=\"block-post-content__content\">\n\t\t\n<div\n  id=\"\"\n  class=\"wrapper  wrapper__spacing-bottom-large--30 wrapper__spacing-bottom-desktop--20  wrapper__gutter--none\"\n  >\n  \t<div class=\"wrapper__container wrapper__container-width-large--default\">\n\t  <div class=\"wrapper__inner wrapper__width-large--24 wrapper__width-mobile--24\">\n\t\t<p\n\t\tclass=\"paragraph paragraph__align--left paragraph__color--black paragraph__size--default   block-paragraph__paragraph\"\n\t\t\t>\n\t\tD66 wil dat de raad bij de ontwikkeling van de motiemarkt nauw samenwerkt met het college en ambtenaren. Helaas wil het college hier niet aan meewerken. Ook de burgemeester wil zich als voorzitter van de gemeenteraad hier niet voor inzetten en wijst naar de raad. Dat is jammer. En hoe kan de raad dit realiseren als AWB, CDA en VVD niet mee willen doen?\t<\/p>\t  <\/div>\n\t<\/div>\n  <\/div>\n\n\t<\/div>\n\n\t<div class=\"block-post-content__sidebar\">\n\t\t\n\t\t\n\t\t\t<\/div>\n<\/section>\n\t  <\/div>\n\t<\/div>\n  <\/div>\n\n\n<div\n  id=\"\"\n  class=\"wrapper  wrapper__spacing-bottom-large--50 wrapper__spacing-bottom-desktop--70 wrapper__spacing-bottom-mobile--50  wrapper__gutter--none\"\n  >\n  \t<div class=\"wrapper__container wrapper__container-width-large--default\">\n\t  <div class=\"wrapper__inner wrapper__width-large--18 wrapper__width-desktop--22 wrapper__width-mobile--24 wrapper__offset-large--6 wrapper__offset-desktop--2 wrapper__offset-mobile--0\">\n\t\t<section class=\"block-post-content\">\n\t<div class=\"block-post-content__title\">\n\t\t<h3 class=\"heading  heading__color--black heading__size--medium heading__font--sans heading__weight--semiBold  block-post-content__heading\" id=\"nav--strong-we-geven-niet-op----strong-5291\" data-nav-heading-mobile=\"We geven niet op !\">\n\t<strong>We geven niet op !<\/strong><\/h3>\t<\/div>\n\t<div class=\"block-post-content__content\">\n\t\t\n<div\n  id=\"\"\n  class=\"wrapper  wrapper__spacing-bottom-large--30 wrapper__spacing-bottom-desktop--20  wrapper__gutter--none\"\n  >\n  \t<div class=\"wrapper__container wrapper__container-width-large--default\">\n\t  <div class=\"wrapper__inner wrapper__width-large--24 wrapper__width-mobile--24\">\n\t\t<p\n\t\tclass=\"paragraph paragraph__align--left paragraph__color--black paragraph__size--default   block-paragraph__paragraph\"\n\t\t\t>\n\t\tD66 wil samen met PvdA, ZW14 en GroenLinks dat de motiemarkt er in de lente komt. We gaan kijken hoe we het t\u00f3ch voor elkaar kunnen krijgen. Liefst met coalitiepartijen erbij, want dan hebben idee\u00ebn van inwoners meer kans op succes in de gemeenteraad.<br><br>Laat het ons weten als je interesse hebt in een motiemarkt! Naast inwoners kunnen ook maatschappelijke organisaties daar hun idee promoten. En als je al een idee hebt en wij het ook een goed idee vinden, kunnen we het misschien vertalen naar een motie en inbrengen in de gemeenteraad. Mail naar\u00a0<a href=\"mailto:saskia.harks@D66waalre.nl\" target=\"_blank\" rel=\"noreferrer noopener\">saskia.harks@D66waalre.nl<\/a>\t<\/p>\t  <\/div>\n\t<\/div>\n  <\/div>\n\n\n<div\n  id=\"\"\n  class=\"wrapper  wrapper__spacing-bottom-large--20  wrapper__gutter--none\"\n  >\n  \t<div class=\"wrapper__container wrapper__container-width-large--default\">\n\t  <div class=\"wrapper__inner wrapper__width-large--24 wrapper__width-mobile--24\">\n\t\t\t<div class=\"block-lists  block-lists__color--black\">\n\t\t<p class=\"paragraph  paragraph__color--black paragraph__size--default\">\n\t\t\t<\/p><ul class=\"block-lists lists__lists lists__weight--medium lists__color--black lists__type--default\">\n\t<li><a href=\"https:\/\/waalre.d66.nl\/content\/uploads\/sites\/218\/2019\/11\/D66-toelichting-motiemarkt.pdf\" target=\"_blank\" rel=\"noreferrer noopener\">Hier<\/a>\u00a0leest u meer over hoe een motiemarkt werkt.<\/li><li><a href=\"https:\/\/waalre.d66.nl\/content\/uploads\/sites\/218\/2019\/11\/2019-11-12-motie-D66-burgerparticipatie-motiemarkt-Waalre-niet-aangenomen.pdf\" target=\"_blank\" rel=\"noreferrer noopener\">Hier<\/a>\u00a0vindt u de motie \u2018burgerparticipatie motiemarkt\u2019<\/li><\/ul>\t<\/div>\n\t\t  <\/div>\n\t<\/div>\n  <\/div>\n\n\t<\/div>\n\n\t<div class=\"block-post-content__sidebar\">\n\t\t\n\t\t\n\t\t\t<\/div>\n<\/section>\n\t  <\/div>\n\t<\/div>\n  <\/div>\n","protected":false},"excerpt":{"rendered":"","protected":false},"author":514,"featured_media":805,"comment_status":"closed","ping_status":"open","sticky":false,"template":"","format":"standard","meta":{"_acf_changed":false,"footnotes":""},"categories":[30],"search-tags":[13],"labels":[],"class_list":["post-803","post","type-post","status-publish","format-standard","has-post-thumbnail","hentry","category-d66-waalre","search-tags-sterke-gemeenschap-waalre"],"acf":[],"yoast_head":"<!-- This site is optimized with the Yoast SEO plugin v27.3 - https:\/\/yoast.com\/product\/yoast-seo-wordpress\/ -->\n<title>D66 Waalre- Idee\u00ebn inwoners Waalre behandelen tijdens een Motiemarkt<\/title>\n<meta name=\"description\" content=\"Idee\u00ebn van inwoners Waalre waarderen en behandelen zoals idee\u00ebn van politici. Dat kan met een motiemarkt. D66 komt met motie particiatie\" \/>\n<meta name=\"robots\" content=\"index, follow, max-snippet:-1, max-image-preview:large, max-video-preview:-1\" \/>\n<link rel=\"canonical\" href=\"https:\/\/d66.nl\/waalre\/nieuws\/motiemarkt-waalre-burgerparticipatie\" \/>\n<meta property=\"og:locale\" content=\"nl_NL\" \/>\n<meta property=\"og:type\" content=\"article\" \/>\n<meta property=\"og:title\" content=\"D66 Waalre- Idee\u00ebn inwoners Waalre behandelen tijdens een Motiemarkt\" \/>\n<meta property=\"og:description\" content=\"Idee\u00ebn van inwoners Waalre waarderen en behandelen zoals idee\u00ebn van politici. Dat kan met een motiemarkt. D66 komt met motie particiatie\" \/>\n<meta property=\"og:url\" content=\"https:\/\/d66.nl\/waalre\/nieuws\/motiemarkt-waalre-burgerparticipatie\/\" \/>\n<meta property=\"og:site_name\" content=\"D66 Waalre\" \/>\n<meta property=\"article:published_time\" content=\"2019-11-20T16:30:00+00:00\" \/>\n<meta property=\"article:modified_time\" content=\"2026-02-10T12:15:50+00:00\" \/>\n<meta property=\"og:image\" content=\"https:\/\/d66.nl\/waalre\/wp-content\/uploads\/sites\/110\/2019\/11\/Groepsfotoraadszaalklein.jpg\" \/>\n\t<meta property=\"og:image:width\" content=\"787\" \/>\n\t<meta property=\"og:image:height\" content=\"606\" \/>\n\t<meta property=\"og:image:type\" content=\"image\/jpeg\" \/>\n<meta name=\"author\" content=\"floris-schoots\" \/>\n<meta name=\"twitter:card\" content=\"summary_large_image\" \/>\n<meta name=\"twitter:label1\" content=\"Geschreven door\" \/>\n\t<meta name=\"twitter:data1\" content=\"floris-schoots\" \/>\n\t<meta name=\"twitter:label2\" content=\"Geschatte leestijd\" \/>\n\t<meta name=\"twitter:data2\" content=\"1 minuut\" \/>\n<script type=\"application\/ld+json\" class=\"yoast-schema-graph\">{\"@context\":\"https:\\\/\\\/schema.org\",\"@graph\":[{\"@type\":\"Article\",\"@id\":\"https:\\\/\\\/d66.nl\\\/waalre\\\/nieuws\\\/motiemarkt-waalre-burgerparticipatie\\\/#article\",\"isPartOf\":{\"@id\":\"https:\\\/\\\/d66.nl\\\/waalre\\\/nieuws\\\/motiemarkt-waalre-burgerparticipatie\\\/\"},\"author\":{\"name\":\"floris-schoots\",\"@id\":\"https:\\\/\\\/d66.nl\\\/waalre\\\/#\\\/schema\\\/person\\\/b6ca0275b8116325605778e4d75c1a1d\"},\"headline\":\"Idee\u00ebn van inwoners Waalre waarderen en behandelen zoals idee\u00ebn van politici.\",\"datePublished\":\"2019-11-20T16:30:00+00:00\",\"dateModified\":\"2026-02-10T12:15:50+00:00\",\"mainEntityOfPage\":{\"@id\":\"https:\\\/\\\/d66.nl\\\/waalre\\\/nieuws\\\/motiemarkt-waalre-burgerparticipatie\\\/\"},\"wordCount\":13,\"publisher\":{\"@id\":\"https:\\\/\\\/d66.nl\\\/waalre\\\/#organization\"},\"image\":{\"@id\":\"https:\\\/\\\/d66.nl\\\/waalre\\\/nieuws\\\/motiemarkt-waalre-burgerparticipatie\\\/#primaryimage\"},\"thumbnailUrl\":\"https:\\\/\\\/d66.nl\\\/waalre\\\/wp-content\\\/uploads\\\/sites\\\/110\\\/2019\\\/11\\\/Groepsfotoraadszaalklein.jpg\",\"articleSection\":[\"D66 Waalre\"],\"inLanguage\":\"nl-NL\"},{\"@type\":\"WebPage\",\"@id\":\"https:\\\/\\\/d66.nl\\\/waalre\\\/nieuws\\\/motiemarkt-waalre-burgerparticipatie\\\/\",\"url\":\"https:\\\/\\\/d66.nl\\\/waalre\\\/nieuws\\\/motiemarkt-waalre-burgerparticipatie\\\/\",\"name\":\"D66 Waalre- Idee\u00ebn inwoners Waalre behandelen tijdens een Motiemarkt\",\"isPartOf\":{\"@id\":\"https:\\\/\\\/d66.nl\\\/waalre\\\/#website\"},\"primaryImageOfPage\":{\"@id\":\"https:\\\/\\\/d66.nl\\\/waalre\\\/nieuws\\\/motiemarkt-waalre-burgerparticipatie\\\/#primaryimage\"},\"image\":{\"@id\":\"https:\\\/\\\/d66.nl\\\/waalre\\\/nieuws\\\/motiemarkt-waalre-burgerparticipatie\\\/#primaryimage\"},\"thumbnailUrl\":\"https:\\\/\\\/d66.nl\\\/waalre\\\/wp-content\\\/uploads\\\/sites\\\/110\\\/2019\\\/11\\\/Groepsfotoraadszaalklein.jpg\",\"datePublished\":\"2019-11-20T16:30:00+00:00\",\"dateModified\":\"2026-02-10T12:15:50+00:00\",\"description\":\"Idee\u00ebn van inwoners Waalre waarderen en behandelen zoals idee\u00ebn van politici. Dat kan met een motiemarkt. D66 komt met motie particiatie\",\"breadcrumb\":{\"@id\":\"https:\\\/\\\/d66.nl\\\/waalre\\\/nieuws\\\/motiemarkt-waalre-burgerparticipatie\\\/#breadcrumb\"},\"inLanguage\":\"nl-NL\",\"potentialAction\":[{\"@type\":\"ReadAction\",\"target\":[\"https:\\\/\\\/d66.nl\\\/waalre\\\/nieuws\\\/motiemarkt-waalre-burgerparticipatie\\\/\"]}]},{\"@type\":\"ImageObject\",\"inLanguage\":\"nl-NL\",\"@id\":\"https:\\\/\\\/d66.nl\\\/waalre\\\/nieuws\\\/motiemarkt-waalre-burgerparticipatie\\\/#primaryimage\",\"url\":\"https:\\\/\\\/d66.nl\\\/waalre\\\/wp-content\\\/uploads\\\/sites\\\/110\\\/2019\\\/11\\\/Groepsfotoraadszaalklein.jpg\",\"contentUrl\":\"https:\\\/\\\/d66.nl\\\/waalre\\\/wp-content\\\/uploads\\\/sites\\\/110\\\/2019\\\/11\\\/Groepsfotoraadszaalklein.jpg\",\"width\":787,\"height\":606,\"caption\":\"fractie D66 Waalre\"},{\"@type\":\"BreadcrumbList\",\"@id\":\"https:\\\/\\\/d66.nl\\\/waalre\\\/nieuws\\\/motiemarkt-waalre-burgerparticipatie\\\/#breadcrumb\",\"itemListElement\":[{\"@type\":\"ListItem\",\"position\":1,\"name\":\"Home\",\"item\":\"https:\\\/\\\/d66.nl\\\/waalre\\\/\"},{\"@type\":\"ListItem\",\"position\":2,\"name\":\"Nieuws\",\"item\":\"https:\\\/\\\/d66.nl\\\/waalre\\\/nieuws\\\/\"},{\"@type\":\"ListItem\",\"position\":3,\"name\":\"Idee\u00ebn van inwoners Waalre waarderen en behandelen zoals idee\u00ebn van politici.\"}]},{\"@type\":\"WebSite\",\"@id\":\"https:\\\/\\\/d66.nl\\\/waalre\\\/#website\",\"url\":\"https:\\\/\\\/d66.nl\\\/waalre\\\/\",\"name\":\"D66 Waalre\",\"description\":\"Just another D66 Sites site\",\"publisher\":{\"@id\":\"https:\\\/\\\/d66.nl\\\/waalre\\\/#organization\"},\"potentialAction\":[{\"@type\":\"SearchAction\",\"target\":{\"@type\":\"EntryPoint\",\"urlTemplate\":\"https:\\\/\\\/d66.nl\\\/waalre\\\/?s={search_term_string}\"},\"query-input\":{\"@type\":\"PropertyValueSpecification\",\"valueRequired\":true,\"valueName\":\"search_term_string\"}}],\"inLanguage\":\"nl-NL\"},{\"@type\":\"Organization\",\"@id\":\"https:\\\/\\\/d66.nl\\\/waalre\\\/#organization\",\"name\":\"D66\",\"url\":\"https:\\\/\\\/d66.nl\\\/waalre\\\/\",\"logo\":{\"@type\":\"ImageObject\",\"inLanguage\":\"nl-NL\",\"@id\":\"https:\\\/\\\/d66.nl\\\/waalre\\\/#\\\/schema\\\/logo\\\/image\\\/\",\"url\":\"https:\\\/\\\/d66.nl\\\/waalre\\\/wp-content\\\/uploads\\\/sites\\\/2\\\/2021\\\/10\\\/d66-themas-algemeen-og.png\",\"contentUrl\":\"https:\\\/\\\/d66.nl\\\/waalre\\\/wp-content\\\/uploads\\\/sites\\\/2\\\/2021\\\/10\\\/d66-themas-algemeen-og.png\",\"width\":1200,\"height\":628,\"caption\":\"D66\"},\"image\":{\"@id\":\"https:\\\/\\\/d66.nl\\\/waalre\\\/#\\\/schema\\\/logo\\\/image\\\/\"}},{\"@type\":\"Person\",\"@id\":\"https:\\\/\\\/d66.nl\\\/waalre\\\/#\\\/schema\\\/person\\\/b6ca0275b8116325605778e4d75c1a1d\",\"name\":\"floris-schoots\",\"image\":{\"@type\":\"ImageObject\",\"inLanguage\":\"nl-NL\",\"@id\":\"https:\\\/\\\/secure.gravatar.com\\\/avatar\\\/5cbeb0a58372ec9a1ce9d7aa16d36b96803d51070194f57a43284f1a2af30dff?s=96&d=mm&r=g\",\"url\":\"https:\\\/\\\/secure.gravatar.com\\\/avatar\\\/5cbeb0a58372ec9a1ce9d7aa16d36b96803d51070194f57a43284f1a2af30dff?s=96&d=mm&r=g\",\"contentUrl\":\"https:\\\/\\\/secure.gravatar.com\\\/avatar\\\/5cbeb0a58372ec9a1ce9d7aa16d36b96803d51070194f57a43284f1a2af30dff?s=96&d=mm&r=g\",\"caption\":\"floris-schoots\"}}]}<\/script>\n<!-- \/ Yoast SEO plugin. -->","yoast_head_json":{"title":"D66 Waalre- Idee\u00ebn inwoners Waalre behandelen tijdens een Motiemarkt","description":"Idee\u00ebn van inwoners Waalre waarderen en behandelen zoals idee\u00ebn van politici. Dat kan met een motiemarkt. D66 komt met motie particiatie","robots":{"index":"index","follow":"follow","max-snippet":"max-snippet:-1","max-image-preview":"max-image-preview:large","max-video-preview":"max-video-preview:-1"},"canonical":"https:\/\/d66.nl\/waalre\/nieuws\/motiemarkt-waalre-burgerparticipatie","og_locale":"nl_NL","og_type":"article","og_title":"D66 Waalre- Idee\u00ebn inwoners Waalre behandelen tijdens een Motiemarkt","og_description":"Idee\u00ebn van inwoners Waalre waarderen en behandelen zoals idee\u00ebn van politici. Dat kan met een motiemarkt. D66 komt met motie particiatie","og_url":"https:\/\/d66.nl\/waalre\/nieuws\/motiemarkt-waalre-burgerparticipatie\/","og_site_name":"D66 Waalre","article_published_time":"2019-11-20T16:30:00+00:00","article_modified_time":"2026-02-10T12:15:50+00:00","og_image":[{"width":787,"height":606,"url":"https:\/\/d66.nl\/waalre\/wp-content\/uploads\/sites\/110\/2019\/11\/Groepsfotoraadszaalklein.jpg","type":"image\/jpeg"}],"author":"floris-schoots","twitter_card":"summary_large_image","twitter_misc":{"Geschreven door":"floris-schoots","Geschatte leestijd":"1 minuut"},"schema":{"@context":"https:\/\/schema.org","@graph":[{"@type":"Article","@id":"https:\/\/d66.nl\/waalre\/nieuws\/motiemarkt-waalre-burgerparticipatie\/#article","isPartOf":{"@id":"https:\/\/d66.nl\/waalre\/nieuws\/motiemarkt-waalre-burgerparticipatie\/"},"author":{"name":"floris-schoots","@id":"https:\/\/d66.nl\/waalre\/#\/schema\/person\/b6ca0275b8116325605778e4d75c1a1d"},"headline":"Idee\u00ebn van inwoners Waalre waarderen en behandelen zoals idee\u00ebn van politici.","datePublished":"2019-11-20T16:30:00+00:00","dateModified":"2026-02-10T12:15:50+00:00","mainEntityOfPage":{"@id":"https:\/\/d66.nl\/waalre\/nieuws\/motiemarkt-waalre-burgerparticipatie\/"},"wordCount":13,"publisher":{"@id":"https:\/\/d66.nl\/waalre\/#organization"},"image":{"@id":"https:\/\/d66.nl\/waalre\/nieuws\/motiemarkt-waalre-burgerparticipatie\/#primaryimage"},"thumbnailUrl":"https:\/\/d66.nl\/waalre\/wp-content\/uploads\/sites\/110\/2019\/11\/Groepsfotoraadszaalklein.jpg","articleSection":["D66 Waalre"],"inLanguage":"nl-NL"},{"@type":"WebPage","@id":"https:\/\/d66.nl\/waalre\/nieuws\/motiemarkt-waalre-burgerparticipatie\/","url":"https:\/\/d66.nl\/waalre\/nieuws\/motiemarkt-waalre-burgerparticipatie\/","name":"D66 Waalre- Idee\u00ebn inwoners Waalre behandelen tijdens een Motiemarkt","isPartOf":{"@id":"https:\/\/d66.nl\/waalre\/#website"},"primaryImageOfPage":{"@id":"https:\/\/d66.nl\/waalre\/nieuws\/motiemarkt-waalre-burgerparticipatie\/#primaryimage"},"image":{"@id":"https:\/\/d66.nl\/waalre\/nieuws\/motiemarkt-waalre-burgerparticipatie\/#primaryimage"},"thumbnailUrl":"https:\/\/d66.nl\/waalre\/wp-content\/uploads\/sites\/110\/2019\/11\/Groepsfotoraadszaalklein.jpg","datePublished":"2019-11-20T16:30:00+00:00","dateModified":"2026-02-10T12:15:50+00:00","description":"Idee\u00ebn van inwoners Waalre waarderen en behandelen zoals idee\u00ebn van politici. Dat kan met een motiemarkt. D66 komt met motie particiatie","breadcrumb":{"@id":"https:\/\/d66.nl\/waalre\/nieuws\/motiemarkt-waalre-burgerparticipatie\/#breadcrumb"},"inLanguage":"nl-NL","potentialAction":[{"@type":"ReadAction","target":["https:\/\/d66.nl\/waalre\/nieuws\/motiemarkt-waalre-burgerparticipatie\/"]}]},{"@type":"ImageObject","inLanguage":"nl-NL","@id":"https:\/\/d66.nl\/waalre\/nieuws\/motiemarkt-waalre-burgerparticipatie\/#primaryimage","url":"https:\/\/d66.nl\/waalre\/wp-content\/uploads\/sites\/110\/2019\/11\/Groepsfotoraadszaalklein.jpg","contentUrl":"https:\/\/d66.nl\/waalre\/wp-content\/uploads\/sites\/110\/2019\/11\/Groepsfotoraadszaalklein.jpg","width":787,"height":606,"caption":"fractie D66 Waalre"},{"@type":"BreadcrumbList","@id":"https:\/\/d66.nl\/waalre\/nieuws\/motiemarkt-waalre-burgerparticipatie\/#breadcrumb","itemListElement":[{"@type":"ListItem","position":1,"name":"Home","item":"https:\/\/d66.nl\/waalre\/"},{"@type":"ListItem","position":2,"name":"Nieuws","item":"https:\/\/d66.nl\/waalre\/nieuws\/"},{"@type":"ListItem","position":3,"name":"Idee\u00ebn van inwoners Waalre waarderen en behandelen zoals idee\u00ebn van politici."}]},{"@type":"WebSite","@id":"https:\/\/d66.nl\/waalre\/#website","url":"https:\/\/d66.nl\/waalre\/","name":"D66 Waalre","description":"Just another D66 Sites site","publisher":{"@id":"https:\/\/d66.nl\/waalre\/#organization"},"potentialAction":[{"@type":"SearchAction","target":{"@type":"EntryPoint","urlTemplate":"https:\/\/d66.nl\/waalre\/?s={search_term_string}"},"query-input":{"@type":"PropertyValueSpecification","valueRequired":true,"valueName":"search_term_string"}}],"inLanguage":"nl-NL"},{"@type":"Organization","@id":"https:\/\/d66.nl\/waalre\/#organization","name":"D66","url":"https:\/\/d66.nl\/waalre\/","logo":{"@type":"ImageObject","inLanguage":"nl-NL","@id":"https:\/\/d66.nl\/waalre\/#\/schema\/logo\/image\/","url":"https:\/\/d66.nl\/waalre\/wp-content\/uploads\/sites\/2\/2021\/10\/d66-themas-algemeen-og.png","contentUrl":"https:\/\/d66.nl\/waalre\/wp-content\/uploads\/sites\/2\/2021\/10\/d66-themas-algemeen-og.png","width":1200,"height":628,"caption":"D66"},"image":{"@id":"https:\/\/d66.nl\/waalre\/#\/schema\/logo\/image\/"}},{"@type":"Person","@id":"https:\/\/d66.nl\/waalre\/#\/schema\/person\/b6ca0275b8116325605778e4d75c1a1d","name":"floris-schoots","image":{"@type":"ImageObject","inLanguage":"nl-NL","@id":"https:\/\/secure.gravatar.com\/avatar\/5cbeb0a58372ec9a1ce9d7aa16d36b96803d51070194f57a43284f1a2af30dff?s=96&d=mm&r=g","url":"https:\/\/secure.gravatar.com\/avatar\/5cbeb0a58372ec9a1ce9d7aa16d36b96803d51070194f57a43284f1a2af30dff?s=96&d=mm&r=g","contentUrl":"https:\/\/secure.gravatar.com\/avatar\/5cbeb0a58372ec9a1ce9d7aa16d36b96803d51070194f57a43284f1a2af30dff?s=96&d=mm&r=g","caption":"floris-schoots"}}]}},"_links":{"self":[{"href":"https:\/\/d66.nl\/waalre\/wp-json\/wp\/v2\/posts\/803","targetHints":{"allow":["GET"]}}],"collection":[{"href":"https:\/\/d66.nl\/waalre\/wp-json\/wp\/v2\/posts"}],"about":[{"href":"https:\/\/d66.nl\/waalre\/wp-json\/wp\/v2\/types\/post"}],"author":[{"embeddable":true,"href":"https:\/\/d66.nl\/waalre\/wp-json\/wp\/v2\/users\/514"}],"replies":[{"embeddable":true,"href":"https:\/\/d66.nl\/waalre\/wp-json\/wp\/v2\/comments?post=803"}],"version-history":[{"count":6,"href":"https:\/\/d66.nl\/waalre\/wp-json\/wp\/v2\/posts\/803\/revisions"}],"predecessor-version":[{"id":1388,"href":"https:\/\/d66.nl\/waalre\/wp-json\/wp\/v2\/posts\/803\/revisions\/1388"}],"wp:featuredmedia":[{"embeddable":true,"href":"https:\/\/d66.nl\/waalre\/wp-json\/wp\/v2\/media\/805"}],"wp:attachment":[{"href":"https:\/\/d66.nl\/waalre\/wp-json\/wp\/v2\/media?parent=803"}],"wp:term":[{"taxonomy":"category","embeddable":true,"href":"https:\/\/d66.nl\/waalre\/wp-json\/wp\/v2\/categories?post=803"},{"taxonomy":"search-tags","embeddable":true,"href":"https:\/\/d66.nl\/waalre\/wp-json\/wp\/v2\/search-tags?post=803"},{"taxonomy":"labels","embeddable":true,"href":"https:\/\/d66.nl\/waalre\/wp-json\/wp\/v2\/labels?post=803"}],"curies":[{"name":"wp","href":"https:\/\/api.w.org\/{rel}","templated":true}]}}