{"id":1547,"date":"2026-03-10T16:19:23","date_gmt":"2026-03-10T16:19:23","guid":{"rendered":"https:\/\/d66.nl\/waalre\/nieuws\/"},"modified":"2026-03-17T18:11:10","modified_gmt":"2026-03-17T18:11:10","slug":"kyara-verstappen-in-debat-over-ouder-worden-in-waalre","status":"publish","type":"post","link":"https:\/\/d66.nl\/waalre\/nieuws\/kyara-verstappen-in-debat-over-ouder-worden-in-waalre","title":{"rendered":"Kyara Verstappen in debat over \u2018Ouder worden in Waalre\u2019"},"content":{"rendered":"<div\n  id=\"\"\n  class=\"wrapper  wrapper__spacing-bottom-large--30 wrapper__spacing-bottom-desktop--20 wrapper__spacing-bottom-mobile--20  wrapper__gutter--none\"\n  >\n  \t<div class=\"wrapper__container wrapper__container-width-large--default\">\n\t  <div class=\"wrapper__inner wrapper__width-large--14 wrapper__width-desktop--20 wrapper__width-mobile--24 wrapper__offset-large--6 wrapper__offset-desktop--2 wrapper__offset-mobile--0\">\n\t\t<h1 class=\"heading   heading__size--giant heading__font--serif heading__weight--regular  block-heading__heading\" id=\"nav-lijsttrekker-kyara-verstappen-ging-in-debat-over----ouder-worden-in-waalre---6708\"  data-nav-heading-mobile=\"Lijsttrekker Kyara Verstappen ging in debat over \u2018Ouder worden in Waalre\u2019\" >\n\tLijsttrekker Kyara Verstappen ging in debat over \u2018Ouder worden in Waalre\u2019<\/h1>\t  <\/div>\n\t<\/div>\n  <\/div>\n\n\n<div\n  id=\"\"\n  class=\"wrapper  wrapper__spacing-bottom-large--20 wrapper__spacing-bottom-desktop--10 wrapper__spacing-bottom-mobile--10  wrapper__gutter--none\"\n  >\n  \t<div class=\"wrapper__container wrapper__container-width-large--default\">\n\t  <div class=\"wrapper__inner wrapper__width-large--13 wrapper__width-desktop--20 wrapper__width-mobile--24 wrapper__offset-large--6 wrapper__offset-desktop--2 wrapper__offset-mobile--0\">\n\t\t<p\n\t\tclass=\"paragraph   paragraph__size--big   block-paragraph__paragraph\"\n\t\t\t>\n\t\tOp zondag 8 maart 2026 vond in het Huis van Waalre een openbaar politiek debat plaats over het thema \u201cOuder worden in Waalre \u2013 uitdagingen, kansen en keuzen\u201d. Lees hier onze intro en reactie op de stellingen.\t<\/p>\t  <\/div>\n\t<\/div>\n  <\/div>\n\n\n<div\n  id=\"\"\n  class=\"wrapper  wrapper__spacing-bottom-large--30 wrapper__spacing-bottom-desktop--20 wrapper__spacing-bottom-mobile--10  wrapper__gutter--none\"\n  >\n  \t<div class=\"wrapper__container wrapper__container-width-large--default\">\n\t  <div class=\"wrapper__inner wrapper__width-large--14 wrapper__width-desktop--22 wrapper__width-mobile--24 wrapper__offset-large--6 wrapper__offset-desktop--2 wrapper__offset-mobile--0\">\n\t\t<section class=\"block-related-post-metadata js-block-related-post-metadata\">\n\t<div class=\"block-related-post-metadata__content-wrapper\">\n\t\t<div class=\"block-related-post-metadata__persons\">\n\t\t\t<div class=\"related-person-info__wrapper\">\n\t\t\t<div class=\"related-person-info__item related-person-info__color--yellow\">\n\t\t\t<a class=\"related-person-info__link\" href=\"https:\/\/d66.nl\/waalre\/mensen\/kyara-verstappen-kandidaat-raadslid\/\">\n\t\t\t\t<div class=\"related-person-info__image_container\">\n\t\t\t\t<img loading=\"lazy\" decoding=\"async\" width=\"150\" height=\"150\" src=\"https:\/\/media.d66.nl\/uploads\/sites\/110\/2026\/02\/Kyara-2-150x150.jpg\" class=\"related-person-info__image\" alt=\"\" \/>\t\t\t\t<\/div>\n\t\t\t\t<div class=\"related-person-info__meta\">\n\t\t\t\t\t\t\t\t\t<header class=\"related-person-info__header\">\n\t\t\t\t\t\t<h3 class=\"heading   heading__size--small heading__font--sans heading__weight--bold\" id=\"nav-kyara-verstappen9237\">\n\tKyara Verstappen<\/h3>\t\t\t\t\t<\/header>\n\t\t\t\t\t\t\t\t\t\t\t\t\t<div class=\"related-person-info__description\">\n\t\t\t\t\t\t<p class=\"paragraph   paragraph__size--small paragraph__weight--normal\">\n\t\tFractievertegenwoordiger en lijsttrekker D66 Waalre\t<\/p>\t\t\t\t\t<\/div>\n\t\t\t\t\t\t\t\t<\/div>\n\t\t\t<\/a>\n\t\t<\/div>\n\t\t<\/div>\t\t<\/div>\n\t\t<div class=\"block-related-post-metadata__meta\">\n\t\t\t<div class=\"block-related-post-metadata__date\">\n\t\t\t\t10.03.2026<div class=\"post-share js-post-share rs_skip_always\">\n\t<button class=\"post-share__share-button js-post-share-share-button\">\n\t\tShare\t\t<svg xmlns='http:\/\/www.w3.org\/2000\/svg' width='100px' height='100px' viewBox='0 0 24 24' fill='none'><path d='m8.684 10.658 6.629-3.314m.003 9.314-6.622-3.311M21 6a3 3 0 1 1-6 0 3 3 0 0 1 6 0ZM9 12a3 3 0 1 1-6 0 3 3 0 0 1 6 0Zm12 6a3 3 0 1 1-6 0 3 3 0 0 1 6 0Z' stroke='currentColor' stroke-width='1.5' fill='none'\/><\/svg>\t<\/button>\n\t<dialog class=\"post-share__dialog js-post-share-dialog\" aria-hidden=\"true\">\n\t\t<div class=\"post-share__dialog-header\">\n\t\t\tShare this post\t\t\t<button class=\"post-share__dialog-close js-post-share-dialog-close\">\n\t\t\t\t<svg xmlns='http:\/\/www.w3.org\/2000\/svg' width='150' height='150' viewBox='0 0 150 150' fill='none'><path d='M44.103 105.897 75 75m30.898-30.898L75 75m0 0L44.103 44.102M75 75l30.898 30.897' stroke='currentColor' stroke-width='5' fill='none'\/><\/svg>\t\t\t<\/button>\n\t\t<\/div>\n\t\t<div class=\"post-share__dialog-socials\">\n\t\t\t\t\t\t\t\t\t\t\t<a class=\"post-share__dialog-item js-post-share-dialog-item\" href=\"#\" target=\"_blank\" data-copy=&quot;true&quot;>\n\t\t\t\t\tKopier link<svg xmlns='http:\/\/www.w3.org\/2000\/svg' width='150' height='150' viewBox='0 0 150 150' fill='none'><path d='M67.468 108.679c-8.533-.512-14.164-3.583-17.407-9.983-3.242-6.314-2.815-12.713 1.195-18.6 1.706-2.56 3.584-5.035 5.46-7.594 1.537-2.048 3.584-2.475 5.462-1.195 2.047 1.45 2.389 3.498.938 5.632-1.706 2.474-3.584 4.948-5.29 7.423-3.242 4.778-2.304 11.092 2.133 14.334 4.864 3.584 11.092 2.731 14.761-1.962 1.963-2.475 3.754-5.12 5.632-7.68 1.194-1.535 2.645-2.218 4.607-1.28 1.792.854 2.645 2.39 2.304 4.267 0 .17 0 .427-.17.597-3.67 5.12-6.4 11.178-12.544 13.993-2.56 1.195-5.46 1.707-6.996 2.219l-.085-.171Z' fill='currentColor'\/><path d='M86.921 44.6c6.144.257 11.605 3.328 14.932 9.728 3.328 6.399 2.816 12.798-1.109 18.856-1.621 2.56-3.498 4.95-5.29 7.424-1.707 2.303-3.754 2.815-5.717 1.45-2.048-1.45-2.304-3.669-.597-6.058 1.621-2.304 3.328-4.608 4.949-6.911 3.498-4.95 2.56-11.348-2.133-14.761-4.779-3.499-11.178-2.475-14.847 2.56-1.792 2.388-3.498 4.863-5.205 7.252-1.62 2.218-3.583 2.56-5.546 1.11-1.877-1.366-2.218-3.414-.768-5.462 2.048-2.986 4.01-5.972 6.314-8.703 3.67-4.351 8.448-6.399 15.103-6.399l-.086-.085Z' fill='currentColor'\/><path d='M71.478 88.457c-3.498-.341-5.46-3.413-3.754-6.143 3.327-5.29 6.825-10.495 10.324-15.7 1.45-2.133 3.413-2.389 5.46-1.109 1.878 1.28 2.219 3.413.854 5.546-3.328 5.034-6.57 9.983-9.983 14.932-.683 1.024-1.963 1.621-2.901 2.389v.085Z' fill='currentColor'\/><\/svg>\t\t\t\t<\/a>\n\t\t\t\t\t\t\t\t\t\t\t<a class=\"post-share__dialog-item js-post-share-dialog-item\" href=\"mailto:?to=%20&amp;body=https%3A%2F%2Fd66.nl%2Fwaalre%2Fnieuws%2Fkyara-verstappen-in-debat-over-ouder-worden-in-waalre\" target=\"_blank\" >\n\t\t\t\t\tMail<svg xmlns='http:\/\/www.w3.org\/2000\/svg' width='40' height='40' viewBox='0 0 40 40' fill='none'><path d='M24.107 15.865a1 1 0 0 1 1.266 1.265l-1.686 5.052a1 1 0 0 1-1.654.392l-3.37-3.37a1.001 1.001 0 0 1 .392-1.654l5.052-1.685Z' fill='currentColor'\/><path d='m21.763 19.475-5.657 5.657' stroke='currentColor' stroke-width='2' stroke-linecap='round' fill='none'\/><\/svg>\t\t\t\t<\/a>\n\t\t\t\t\t\t\t\t\t\t\t<a class=\"post-share__dialog-item js-post-share-dialog-item\" href=\"https:\/\/www.linkedin.com\/sharing\/share-offsite\/?url=https%3A%2F%2Fd66.nl%2Fwaalre%2Fnieuws%2Fkyara-verstappen-in-debat-over-ouder-worden-in-waalre\" target=\"_blank\" >\n\t\t\t\t\tLinkedIn<svg xmlns='http:\/\/www.w3.org\/2000\/svg' width='40' height='40' viewBox='0 0 40 40' fill='none'><path d='M24.107 15.865a1 1 0 0 1 1.266 1.265l-1.686 5.052a1 1 0 0 1-1.654.392l-3.37-3.37a1.001 1.001 0 0 1 .392-1.654l5.052-1.685Z' fill='currentColor'\/><path d='m21.763 19.475-5.657 5.657' stroke='currentColor' stroke-width='2' stroke-linecap='round' fill='none'\/><\/svg>\t\t\t\t<\/a>\n\t\t\t\t\t\t\t\t\t\t\t<a class=\"post-share__dialog-item js-post-share-dialog-item\" href=\"https:\/\/www.facebook.com\/sharer\/sharer.php?u=https%3A%2F%2Fd66.nl%2Fwaalre%2Fnieuws%2Fkyara-verstappen-in-debat-over-ouder-worden-in-waalre\" target=\"_blank\" >\n\t\t\t\t\tFacebook<svg xmlns='http:\/\/www.w3.org\/2000\/svg' width='40' height='40' viewBox='0 0 40 40' fill='none'><path d='M24.107 15.865a1 1 0 0 1 1.266 1.265l-1.686 5.052a1 1 0 0 1-1.654.392l-3.37-3.37a1.001 1.001 0 0 1 .392-1.654l5.052-1.685Z' fill='currentColor'\/><path d='m21.763 19.475-5.657 5.657' stroke='currentColor' stroke-width='2' stroke-linecap='round' fill='none'\/><\/svg>\t\t\t\t<\/a>\n\t\t\t\t\t\t\t\t\t\t\t<a class=\"post-share__dialog-item js-post-share-dialog-item\" href=\"whatsapp:\/\/send?text=https%3A%2F%2Fd66.nl%2Fwaalre%2Fnieuws%2Fkyara-verstappen-in-debat-over-ouder-worden-in-waalre\" target=\"_blank\" >\n\t\t\t\t\tWhatsApp<svg xmlns='http:\/\/www.w3.org\/2000\/svg' width='40' height='40' viewBox='0 0 40 40' fill='none'><path d='M24.107 15.865a1 1 0 0 1 1.266 1.265l-1.686 5.052a1 1 0 0 1-1.654.392l-3.37-3.37a1.001 1.001 0 0 1 .392-1.654l5.052-1.685Z' fill='currentColor'\/><path d='m21.763 19.475-5.657 5.657' stroke='currentColor' stroke-width='2' stroke-linecap='round' fill='none'\/><\/svg>\t\t\t\t<\/a>\n\t\t\t\t\t\t\t\t\t\t\t<a class=\"post-share__dialog-item js-post-share-dialog-item\" href=\"https:\/\/x.com\/intent\/post?url=https%3A%2F%2Fd66.nl%2Fwaalre%2Fnieuws%2Fkyara-verstappen-in-debat-over-ouder-worden-in-waalre\" target=\"_blank\" >\n\t\t\t\t\tTwitter (X)<svg xmlns='http:\/\/www.w3.org\/2000\/svg' width='40' height='40' viewBox='0 0 40 40' fill='none'><path d='M24.107 15.865a1 1 0 0 1 1.266 1.265l-1.686 5.052a1 1 0 0 1-1.654.392l-3.37-3.37a1.001 1.001 0 0 1 .392-1.654l5.052-1.685Z' fill='currentColor'\/><path d='m21.763 19.475-5.657 5.657' stroke='currentColor' stroke-width='2' stroke-linecap='round' fill='none'\/><\/svg>\t\t\t\t<\/a>\n\t\t\t\t\t<\/div>\n\t<\/dialog>\n<\/div>\t\t\t<\/div>\n\t\t\t<div class=\"block-related-post-metadata__categories\">\n\t\t\t\t<div class=\"category-link__wrapper\">\n\t\t\t<div class=\"category-link__item\">\n\t\t\t<a href=\"https:\/\/d66.nl\/waalre\/category\/d66-waalre\/\">\n\t\t\t\tD66 Waalre\t\t\t<\/a>\n\t\t<\/div>\n\t\t\t\t<div class=\"category-link__item\">\n\t\t\t<a href=\"https:\/\/d66.nl\/waalre\/search-tags\/gelijke-kansen-in-waalre\/\">\n\t\t\t\tGelijke kansen\t\t\t<\/a>\n\t\t<\/div>\n\t\t\t\t<div class=\"category-link__item\">\n\t\t\t<a href=\"https:\/\/d66.nl\/waalre\/search-tags\/gezond-duurzaam-milieu\/\">\n\t\t\t\tGezond en duurzaam\t\t\t<\/a>\n\t\t<\/div>\n\t\t\t\t<div class=\"category-link__item\">\n\t\t\t<a href=\"https:\/\/d66.nl\/waalre\/search-tags\/goed-bestuur-in-waalre\/\">\n\t\t\t\tGoed bestuur\t\t\t<\/a>\n\t\t<\/div>\n\t\t\t\t<div class=\"category-link__item\">\n\t\t\t<a href=\"https:\/\/d66.nl\/waalre\/search-tags\/lokaal\/\">\n\t\t\t\tLokaal\t\t\t<\/a>\n\t\t<\/div>\n\t\t\t\t<div class=\"category-link__item\">\n\t\t\t<a href=\"https:\/\/d66.nl\/waalre\/search-tags\/sterke-gemeenschap-waalre\/\">\n\t\t\t\tSterke gemeenschap\t\t\t<\/a>\n\t\t<\/div>\n\t\t\t\t<div class=\"category-link__item\">\n\t\t\t<a href=\"https:\/\/d66.nl\/waalre\/search-tags\/veilig-verkeer-in-waalre\/\">\n\t\t\t\tVeilig verkeer\t\t\t<\/a>\n\t\t<\/div>\n\t\t\t\t<div class=\"category-link__item\">\n\t\t\t<a href=\"https:\/\/d66.nl\/waalre\/search-tags\/wonen-in-waalre\/\">\n\t\t\t\tWonen in Waalre\t\t\t<\/a>\n\t\t<\/div>\n\t\t<\/div>\t\t\t<\/div>\n\t\t<\/div>\n\t<\/div>\n<\/section>\n\t  <\/div>\n\t<\/div>\n  <\/div>\n\n\n<div\n  id=\"\"\n  class=\"wrapper  wrapper__spacing-bottom-large--20  wrapper__gutter--none\"\n  >\n  \t<div class=\"wrapper__container wrapper__container-width-large--default\">\n\t  <div class=\"wrapper__inner wrapper__width-large--24 wrapper__width-mobile--24 wrapper__offset-large--0\">\n\t\t<img loading=\"lazy\" decoding=\"async\" width=\"500\" height=\"387\" src=\"https:\/\/media.d66.nl\/uploads\/sites\/110\/2026\/03\/Kyara-Verstappen-in-debat-vierkant.jpg\" class=\"image block-image__img\" alt=\"\" srcset=\"https:\/\/media.d66.nl\/uploads\/sites\/110\/2026\/03\/Kyara-Verstappen-in-debat-vierkant.jpg 500w, https:\/\/media.d66.nl\/uploads\/sites\/110\/2026\/03\/Kyara-Verstappen-in-debat-vierkant-300x232.jpg 300w\" sizes=\"auto, (max-width: 500px) 100vw, 500px\" \/>\n\t\t\t<div class=\"image__caption-wrapper block-image__caption-wrapper\">\n\t\t\t<div class=\"image__caption block-image__caption\">\n\t\t\t\t<p class=\"paragraph paragraph__align--left paragraph__color--black paragraph__size--small paragraph__weight--medium\">\n\t\t<b>Kyara Verstappen<\/b> <i>&#045;<\/i> Beeld: Fractie D66 Waalre\t<\/p>\t\t\t<\/div>\n\t\t<\/div>\t  <\/div>\n\t<\/div>\n  <\/div>\n\n\n<div\n  id=\"\"\n  class=\"wrapper  wrapper__spacing-bottom-large--20 wrapper__spacing-bottom-desktop--10 wrapper__spacing-bottom-mobile--10  wrapper__gutter--none\"\n  >\n  \t<div class=\"wrapper__container wrapper__container-width-large--default\">\n\t  <div class=\"wrapper__inner wrapper__width-large--18 wrapper__width-desktop--22 wrapper__width-mobile--24 wrapper__offset-large--6 wrapper__offset-desktop--2 wrapper__offset-mobile--0\">\n\t\t<section class=\"block-post-content\">\n\t<div class=\"block-post-content__title\">\n\t\t<h3 class=\"heading  heading__color--black heading__size--medium heading__font--sans heading__weight--bold  block-post-content__heading\" id=\"nav-intro6335\" data-nav-heading-mobile=\"Intro\">\n\tIntro<\/h3>\t<\/div>\n\t<div class=\"block-post-content__content\">\n\t\t\n<div\n  id=\"\"\n  class=\"wrapper  wrapper__spacing-bottom-large--30 wrapper__spacing-bottom-desktop--20  wrapper__gutter--none\"\n  >\n  \t<div class=\"wrapper__container wrapper__container-width-large--default\">\n\t  <div class=\"wrapper__inner wrapper__width-large--24 wrapper__width-mobile--24\">\n\t\t<p\n\t\tclass=\"paragraph paragraph__align--left paragraph__color--black paragraph__size--default   block-paragraph__paragraph\"\n\t\t\t>\n\t\tVoor ons draait dit thema om \u00e9\u00e9n kernvraag: voelt iedereen zich thuis in Waalre?<br><br>Een thuis is namelijk meer dan een huis. Het gaat over je plek vinden, mensen ontmoeten en de zekerheid dat je mee kunt doen.<br>Daarom werken wij als D66 Waalre vanuit een aantal duidelijke speerpunten.<br><br>Allereerst: een fijn thuis voor ons allemaal.<br>Voor te veel mensen is het onzeker of ze hier kunnen blijven wonen. Dat raakt ons. Daarom willen wij tempo maken met woningbouw: meer betaalbare woningen, minimaal 30% sociaal en passende woningen voor iedereen. Zo zorgen we voor doorstroming en bouwen we voor iedere levensfase.<br><br>Maar een fijn thuis betekent ook een veilige leefomgeving.<br>Daarom zetten wij in op veilige fietsroutes en meer ruimte voor wandelen en langzaam verkeer. Zeker voor kinderen en ouderen moet het vanzelfsprekend zijn dat je veilig door onze gemeente kunt bewegen.<br><br>Daarnaast vinden wij dat iedereen moet kunnen meedoen.<br>Dat betekent gelijke kansen voor iedereen, met ondersteuning waar dat nodig is. Of het nu gaat om zorg, onderwijs of het tegengaan van eenzaamheid \u2013 we laten niemand vallen.<br><br>Ook de omgeving waarin we wonen is belangrijk.<br>Waalre is een prachtige groene gemeente en dat willen we zo houden. Meer groen, ruimte om te bewegen en aandacht voor een gezonde leefomgeving dragen direct bij aan de kwaliteit van leven. <br><br>En tot slot: sterke buurten.<br>Plekken waar mensen elkaar ontmoeten, waar verenigingen actief zijn en waar voorzieningen dichtbij zijn. Want een sterke buurt zorgt ervoor dat mensen elkaar kennen en naar elkaar omkijken.<br><br>Voor mij draait politiek uiteindelijk om concrete vooruitgang. Minder praten over wat niet kan en meer doen wat w\u00e9l kan. Want volgens mij willen we uiteindelijk allemaal hetzelfde: een gemeente waar iedereen zich thuis voelt en mee kan doen.<br><br>Kyara Verstappen \t<\/p>\t  <\/div>\n\t<\/div>\n  <\/div>\n\n\t<\/div>\n\n\t<div class=\"block-post-content__sidebar\">\n\t\t\n\t\t\n\t\t\t<\/div>\n<\/section>\n\t  <\/div>\n\t<\/div>\n  <\/div>\n\n\n<div\n  id=\"\"\n  class=\"wrapper  wrapper__spacing-bottom-large--20 wrapper__spacing-bottom-desktop--10 wrapper__spacing-bottom-mobile--10  wrapper__gutter--none\"\n  >\n  \t<div class=\"wrapper__container wrapper__container-width-large--default\">\n\t  <div class=\"wrapper__inner wrapper__width-large--18 wrapper__width-desktop--22 wrapper__width-mobile--24 wrapper__offset-large--6 wrapper__offset-desktop--2 wrapper__offset-mobile--0\">\n\t\t<section class=\"block-post-content\">\n\t<div class=\"block-post-content__title\">\n\t\t<h3 class=\"heading  heading__color--black heading__size--medium heading__font--sans heading__weight--bold  block-post-content__heading\" id=\"nav-stelling-19167\" data-nav-heading-mobile=\"Stelling 1\">\n\tStelling 1<\/h3>\t<\/div>\n\t<div class=\"block-post-content__content\">\n\t\t\n<div\n  id=\"\"\n  class=\"wrapper  wrapper__spacing-bottom-large--30 wrapper__spacing-bottom-desktop--20  wrapper__gutter--none\"\n  >\n  \t<div class=\"wrapper__container wrapper__container-width-large--default\">\n\t  <div class=\"wrapper__inner wrapper__width-large--24 wrapper__width-mobile--24\">\n\t\t<p\n\t\tclass=\"paragraph paragraph__align--left paragraph__color--black paragraph__size--default   block-paragraph__paragraph\"\n\t\t\t>\n\t\t<strong>Het nieuwe college van B&amp;W moet investeren in, door de gemeente gefinancierde ontmoetingsfuncties in alle delen van de gemeente en in het bijzonder Waalre Dorp om de kwaliteit van leven te verbeteren en sociale cohesie te bevorderen, zoals al succesvol wordt gedaan met initiatieven als De Pracht en het Huis van Waalre.<\/strong><br><br>Hier zijn wij het zeker mee eens. Wij staan voor actieve wijken waar inwoners elkaar kennen en ontmoeten. Als je kijkt naar het succes van De Pracht in Aalst en hoe levendig het Huis van Waalre is, dan zie je hoe belangrijk zulke plekken zijn. Zo\u2019n ontmoetingsfunctie gun je Waalre-Dorp ook. Dat is ook echt de reden waarom wij met de verkoop van het Klooster toen hebben tegengestemd. Tegelijkertijd moet zo\u2019n plek wel gedragen worden door de gemeenschap. Daarom moeten we samen met inwoners kijken hoe we in Waalre-Dorp een sterke ontmoetingsplek kunnen realiseren.\t<\/p>\t  <\/div>\n\t<\/div>\n  <\/div>\n\n\t<\/div>\n\n\t<div class=\"block-post-content__sidebar\">\n\t\t\n\t\t\n\t\t\t<\/div>\n<\/section>\n\t  <\/div>\n\t<\/div>\n  <\/div>\n\n\n<div\n  id=\"\"\n  class=\"wrapper  wrapper__spacing-bottom-large--20 wrapper__spacing-bottom-desktop--10 wrapper__spacing-bottom-mobile--10  wrapper__gutter--none\"\n  >\n  \t<div class=\"wrapper__container wrapper__container-width-large--default\">\n\t  <div class=\"wrapper__inner wrapper__width-large--18 wrapper__width-desktop--22 wrapper__width-mobile--24 wrapper__offset-large--6 wrapper__offset-desktop--2 wrapper__offset-mobile--0\">\n\t\t<section class=\"block-post-content\">\n\t<div class=\"block-post-content__title\">\n\t\t<h3 class=\"heading  heading__color--black heading__size--medium heading__font--sans heading__weight--bold  block-post-content__heading\" id=\"nav-stelling-273\" data-nav-heading-mobile=\"Stelling 2\">\n\tStelling 2<\/h3>\t<\/div>\n\t<div class=\"block-post-content__content\">\n\t\t\n<div\n  id=\"\"\n  class=\"wrapper  wrapper__spacing-bottom-large--30 wrapper__spacing-bottom-desktop--20  wrapper__gutter--none\"\n  >\n  \t<div class=\"wrapper__container wrapper__container-width-large--default\">\n\t  <div class=\"wrapper__inner wrapper__width-large--24 wrapper__width-mobile--24\">\n\t\t<p\n\t\tclass=\"paragraph paragraph__align--left paragraph__color--black paragraph__size--default   block-paragraph__paragraph\"\n\t\t\t>\n\t\t<strong>De gemeente Waalre moet prioriteit geven aan ondersteuning van senioren om naar passende woonruimte te verhuizen, gericht op stimuleren van doorstroming, zelfs als dit ten koste gaat van andere woningbouwprojecten. Projectontwikkelaars moeten worden aangestuurd om deze woningen te bouwen.<\/strong><br>|<br>Met deze stelling zijn wij het niet helemaal eens, omdat het geen \u00f3f-\u00f3f-verhaal is. Natuurlijk is doorstroming belangrijk. Veel ouderen wonen nu nog in ruime gezinswoningen, terwijl ze eigenlijk op zoek zijn naar een woning die beter past bij hun levensfase, bijvoorbeeld gelijkvloers wonen en meer sociale contacten. Denk aan een Knarrenhof, waar wij ons als D66 Waalre hard voor hebben gemaakt. Dat zijn plekken waar mensen samen gezond en sociaal ouder kunnen worden. En hoe mooi is het dat daardoor ook weer gezinswoningen vrijkomen. Maar dat betekent niet dat we andere woningbouwprojecten moeten stopzetten. We moeten juist bouwen voor verschillende doelgroepen, want ook die projecten kunnen voor doorstroming zorgen.\t<\/p>\t  <\/div>\n\t<\/div>\n  <\/div>\n\n\t<\/div>\n\n\t<div class=\"block-post-content__sidebar\">\n\t\t\n\t\t\n\t\t\t<\/div>\n<\/section>\n\t  <\/div>\n\t<\/div>\n  <\/div>\n\n\n<div\n  id=\"\"\n  class=\"wrapper  wrapper__spacing-bottom-large--20 wrapper__spacing-bottom-desktop--10 wrapper__spacing-bottom-mobile--10  wrapper__gutter--none\"\n  >\n  \t<div class=\"wrapper__container wrapper__container-width-large--default\">\n\t  <div class=\"wrapper__inner wrapper__width-large--18 wrapper__width-desktop--22 wrapper__width-mobile--24 wrapper__offset-large--6 wrapper__offset-desktop--2 wrapper__offset-mobile--0\">\n\t\t<section class=\"block-post-content\">\n\t<div class=\"block-post-content__title\">\n\t\t<h3 class=\"heading  heading__color--black heading__size--medium heading__font--sans heading__weight--bold  block-post-content__heading\" id=\"nav-stelling-31345\" data-nav-heading-mobile=\"Stelling 3\">\n\tStelling 3<\/h3>\t<\/div>\n\t<div class=\"block-post-content__content\">\n\t\t\n<div\n  id=\"\"\n  class=\"wrapper  wrapper__spacing-bottom-large--30 wrapper__spacing-bottom-desktop--20  wrapper__gutter--none\"\n  >\n  \t<div class=\"wrapper__container wrapper__container-width-large--default\">\n\t  <div class=\"wrapper__inner wrapper__width-large--24 wrapper__width-mobile--24\">\n\t\t<p\n\t\tclass=\"paragraph paragraph__align--left paragraph__color--black paragraph__size--default   block-paragraph__paragraph\"\n\t\t\t>\n\t\t<strong>De gemeente zorgt voor een instrumentarium van woningaanpassing, waardoor ouderen langer zelfstandig thuis kunnen blijven wonen.<\/strong><br><br>Met deze stelling zijn wij het eens. Veel senioren willen zo lang mogelijk thuis blijven wonen, want daar zijn mensen vaak het gelukkigst. Met slimme woningaanpassingen kan dat. Als D66 vinden we wel dat ondersteuning vooral terecht moet komen bij inwoners die die hulp echt nodig hebben. Mensen die zelfredzaam zijn, kunnen vaak ook zelf een stap zetten. Zo houden we het systeem eerlijk en betaalbaar. Want in Waalre moet je kunnen wonen op een manier die bij jou past, zonder dat de regels bepalen hoe jij je leven inricht.\t<\/p>\t  <\/div>\n\t<\/div>\n  <\/div>\n\n\t<\/div>\n\n\t<div class=\"block-post-content__sidebar\">\n\t\t\n\t\t\n\t\t\t<\/div>\n<\/section>\n\t  <\/div>\n\t<\/div>\n  <\/div>\n\n\n<div\n  id=\"\"\n  class=\"wrapper  wrapper__spacing-bottom-large--20 wrapper__spacing-bottom-desktop--10 wrapper__spacing-bottom-mobile--10  wrapper__gutter--none\"\n  >\n  \t<div class=\"wrapper__container wrapper__container-width-large--default\">\n\t  <div class=\"wrapper__inner wrapper__width-large--18 wrapper__width-desktop--22 wrapper__width-mobile--24 wrapper__offset-large--6 wrapper__offset-desktop--2 wrapper__offset-mobile--0\">\n\t\t<section class=\"block-post-content\">\n\t<div class=\"block-post-content__title\">\n\t\t<h3 class=\"heading  heading__color--black heading__size--medium heading__font--sans heading__weight--bold  block-post-content__heading\" id=\"nav-stelling-47103\" data-nav-heading-mobile=\"Stelling 4\">\n\tStelling 4<\/h3>\t<\/div>\n\t<div class=\"block-post-content__content\">\n\t\t\n<div\n  id=\"\"\n  class=\"wrapper  wrapper__spacing-bottom-large--30 wrapper__spacing-bottom-desktop--20  wrapper__gutter--none\"\n  >\n  \t<div class=\"wrapper__container wrapper__container-width-large--default\">\n\t  <div class=\"wrapper__inner wrapper__width-large--24 wrapper__width-mobile--24\">\n\t\t<p\n\t\tclass=\"paragraph paragraph__align--left paragraph__color--black paragraph__size--default   block-paragraph__paragraph\"\n\t\t\t>\n\t\t<strong>De gemeente Waalre moet een voortrekkersrol vervullen in het bestrijden van eenzaamheid door sociale en digitale vaardigheden te verbeteren door daarbij samen te werken met relevante partijen zoals Stichting WeConnect, de BIEB en de VU Waalre.<\/strong><br><br>Met deze stelling zijn wij het absoluut eens. Eenzaamheid los je niet op door mensen alleen bij elkaar in een zaaltje te zetten. Het gaat erom dat mensen elkaar echt ontmoeten, iets kunnen leren en zich ergens betrokken bij voelen. Daarom hebben wij ons vorig jaar ook hard gemaakt tegen de bezuiniging op de bibliotheek. De bibliotheek, maar bijvoorbeeld ook de VolksUniversiteit, zijn plekken waar mensen samenkomen, zich ontwikkelen en nieuwe contacten opdoen. Juist dat soort plekken spelen een belangrijke rol in het tegengaan van eenzaamheid.\t<\/p>\t  <\/div>\n\t<\/div>\n  <\/div>\n\n\t<\/div>\n\n\t<div class=\"block-post-content__sidebar\">\n\t\t\n\t\t\n\t\t\t<\/div>\n<\/section>\n\t  <\/div>\n\t<\/div>\n  <\/div>\n\n\n<div\n  id=\"\"\n  class=\"wrapper  wrapper__spacing-bottom-large--20 wrapper__spacing-bottom-desktop--10 wrapper__spacing-bottom-mobile--10  wrapper__gutter--none\"\n  >\n  \t<div class=\"wrapper__container wrapper__container-width-large--default\">\n\t  <div class=\"wrapper__inner wrapper__width-large--18 wrapper__width-desktop--22 wrapper__width-mobile--24 wrapper__offset-large--6 wrapper__offset-desktop--2 wrapper__offset-mobile--0\">\n\t\t<section class=\"block-post-content\">\n\t<div class=\"block-post-content__title\">\n\t\t<h3 class=\"heading  heading__color--black heading__size--medium heading__font--sans heading__weight--bold  block-post-content__heading\" id=\"nav-stelling-53001\" data-nav-heading-mobile=\"Stelling 5\">\n\tStelling 5<\/h3>\t<\/div>\n\t<div class=\"block-post-content__content\">\n\t\t\n<div\n  id=\"\"\n  class=\"wrapper  wrapper__spacing-bottom-large--30 wrapper__spacing-bottom-desktop--20  wrapper__gutter--none\"\n  >\n  \t<div class=\"wrapper__container wrapper__container-width-large--default\">\n\t  <div class=\"wrapper__inner wrapper__width-large--24 wrapper__width-mobile--24\">\n\t\t<p\n\t\tclass=\"paragraph paragraph__align--left paragraph__color--black paragraph__size--default   block-paragraph__paragraph\"\n\t\t\t>\n\t\t<strong>Het beleid van zorgorganisaties in Waalre mag niet worden gewijzigd zonder de instemming van de gemeente om de continu\u00efteit en kwaliteit van zorg voor de inwoners te waarborgen.<\/strong><br><br>In grote lijnen zijn wij het er mee eens dat deze stelling klopt. Inwoners mogen nooit de dupe worden van plotselinge veranderingen in de zorg of aanbieders die vertrekken. Als gemeente hebben we de verantwoordelijkheid om continu\u00efteit en kwaliteit van zorg te bewaken. Tegelijkertijd moeten we ook eerlijk zijn: we kunnen niet alles bepalen wat zorgorganisaties doen. Daarom kopen we veel zorg regionaal in. Door samen te werken met andere gemeenten kunnen we sterker sturen en betere afspraken maken met zorgaanbieders.\t<\/p>\t  <\/div>\n\t<\/div>\n  <\/div>\n\n\t<\/div>\n\n\t<div class=\"block-post-content__sidebar\">\n\t\t\n\t\t\n\t\t\t<\/div>\n<\/section>\n\t  <\/div>\n\t<\/div>\n  <\/div>\n\n\n<div\n  id=\"\"\n  class=\"wrapper  wrapper__spacing-bottom-large--20 wrapper__spacing-bottom-desktop--10 wrapper__spacing-bottom-mobile--10  wrapper__gutter--none\"\n  >\n  \t<div class=\"wrapper__container wrapper__container-width-large--default\">\n\t  <div class=\"wrapper__inner wrapper__width-large--18 wrapper__width-desktop--22 wrapper__width-mobile--24 wrapper__offset-large--6 wrapper__offset-desktop--2 wrapper__offset-mobile--0\">\n\t\t<section class=\"block-post-content\">\n\t<div class=\"block-post-content__title\">\n\t\t<h3 class=\"heading  heading__color--black heading__size--medium heading__font--sans heading__weight--bold  block-post-content__heading\" id=\"nav-stelling-66202\" data-nav-heading-mobile=\"Stelling 6\">\n\tStelling 6<\/h3>\t<\/div>\n\t<div class=\"block-post-content__content\">\n\t\t\n<div\n  id=\"\"\n  class=\"wrapper  wrapper__spacing-bottom-large--30 wrapper__spacing-bottom-desktop--20  wrapper__gutter--none\"\n  >\n  \t<div class=\"wrapper__container wrapper__container-width-large--default\">\n\t  <div class=\"wrapper__inner wrapper__width-large--24 wrapper__width-mobile--24\">\n\t\t<p\n\t\tclass=\"paragraph paragraph__align--left paragraph__color--black paragraph__size--default   block-paragraph__paragraph\"\n\t\t\t>\n\t\t<span><b>Er moet, m<\/b><\/span><strong>eer dan, nu serieus werk gemaakt worden van inwonersparticipatie om ervoor te zorgen dat het menselijke (grijze) kapitaal daadwerkelijk betrokken wordt bij belangrijke gemeentelijke besluitvorming.<\/strong><br><br>Met deze stelling zijn wij het helemaal eens. Wij staan voor een overheid die niet v\u00f3\u00f3r inwoners beslist, maar m\u00e9t inwoners. In Waalre hebben we veel betrokken en deskundige inwoners, daar moeten we trots op zijn en gebruik van maken. Daarom zijn we ook blij met initiatieven zoals Waalre aan Zet, waar willekeurige inwoners meedenken over wat zij zelf kunnen oppakken en waar de gemeente nodig is. Maar betrokkenheid begint al eerder. Denk bijvoorbeeld aan onze kinderburgemeester, die laat zien dat zelfs de jongste inwoners een stem kunnen hebben in onze gemeente. Als we inwoners serieus betrekken, krijgen we betere plannen \u00e9n meer draagvlak.\t<\/p>\t  <\/div>\n\t<\/div>\n  <\/div>\n\n\t<\/div>\n\n\t<div class=\"block-post-content__sidebar\">\n\t\t\n\t\t\n\t\t\t<\/div>\n<\/section>\n\t  <\/div>\n\t<\/div>\n  <\/div>\n","protected":false},"excerpt":{"rendered":"","protected":false},"author":1752,"featured_media":1557,"comment_status":"open","ping_status":"open","sticky":false,"template":"","format":"standard","meta":{"_acf_changed":false,"footnotes":""},"categories":[30],"labels":[],"search-tags":[11,3,12,26,13,7,6],"class_list":["post-1547","post","type-post","status-publish","format-standard","has-post-thumbnail","hentry","category-d66-waalre","search-tags-gelijke-kansen-in-waalre","search-tags-gezond-duurzaam-milieu","search-tags-goed-bestuur-in-waalre","search-tags-lokaal","search-tags-sterke-gemeenschap-waalre","search-tags-veilig-verkeer-in-waalre","search-tags-wonen-in-waalre"],"acf":[],"yoast_head":"<!-- This site is optimized with the Yoast SEO plugin v27.3 - https:\/\/yoast.com\/product\/yoast-seo-wordpress\/ -->\n<title>D66 Waalre &#8212; Kyara Verstappen in debat over \u2018Ouder worden in Waalre\u2019<\/title>\n<meta name=\"description\" content=\"D66 Waalre-lijsttrekker Kyara Verstappen ging op 8 maart 2026 in debat over \u201cOuder worden in Waalre \u2013 uitdagingen, kansen en keuzen\u201d.\" \/>\n<meta name=\"robots\" content=\"index, follow, max-snippet:-1, max-image-preview:large, max-video-preview:-1\" \/>\n<link rel=\"canonical\" href=\"https:\/\/d66.nl\/waalre\/nieuws\/kyara-verstappen-in-debat-over-ouder-worden-in-waalre\" \/>\n<meta property=\"og:locale\" content=\"nl_NL\" \/>\n<meta property=\"og:type\" content=\"article\" \/>\n<meta property=\"og:title\" content=\"D66 Waalre &#8212; Kyara Verstappen in debat over \u2018Ouder worden in Waalre\u2019\" \/>\n<meta property=\"og:description\" content=\"D66 Waalre-lijsttrekker Kyara Verstappen ging op 8 maart 2026 in debat over \u201cOuder worden in Waalre \u2013 uitdagingen, kansen en keuzen\u201d.\" \/>\n<meta property=\"og:url\" content=\"https:\/\/d66.nl\/waalre\/nieuws\/kyara-verstappen-in-debat-over-ouder-worden-in-waalre\/\" \/>\n<meta property=\"og:site_name\" content=\"D66 Waalre\" \/>\n<meta property=\"article:published_time\" content=\"2026-03-10T16:19:23+00:00\" \/>\n<meta property=\"article:modified_time\" content=\"2026-03-17T18:11:10+00:00\" \/>\n<meta property=\"og:image\" content=\"https:\/\/media.d66.nl\/uploads\/sites\/110\/2026\/03\/Kyara-Verstappen-in-debat-vierkant.jpg\" \/>\n\t<meta property=\"og:image:width\" content=\"500\" \/>\n\t<meta property=\"og:image:height\" content=\"387\" \/>\n\t<meta property=\"og:image:type\" content=\"image\/jpeg\" \/>\n<meta name=\"author\" content=\"kyaraverstappen\" \/>\n<meta name=\"twitter:card\" content=\"summary_large_image\" \/>\n<meta name=\"twitter:label1\" content=\"Geschreven door\" \/>\n\t<meta name=\"twitter:data1\" content=\"kyaraverstappen\" \/>\n\t<meta name=\"twitter:label2\" content=\"Geschatte leestijd\" \/>\n\t<meta name=\"twitter:data2\" content=\"1 minuut\" \/>\n<script type=\"application\/ld+json\" class=\"yoast-schema-graph\">{\"@context\":\"https:\\\/\\\/schema.org\",\"@graph\":[{\"@type\":\"Article\",\"@id\":\"https:\\\/\\\/d66.nl\\\/waalre\\\/nieuws\\\/kyara-verstappen-in-debat-over-ouder-worden-in-waalre\\\/#article\",\"isPartOf\":{\"@id\":\"https:\\\/\\\/d66.nl\\\/waalre\\\/nieuws\\\/kyara-verstappen-in-debat-over-ouder-worden-in-waalre\\\/\"},\"author\":{\"name\":\"kyaraverstappen\",\"@id\":\"https:\\\/\\\/d66.nl\\\/waalre\\\/#\\\/schema\\\/person\\\/0bb575a22d180a0c2c34c09773f735bc\"},\"headline\":\"Kyara Verstappen in debat over \u2018Ouder worden in Waalre\u2019\",\"datePublished\":\"2026-03-10T16:19:23+00:00\",\"dateModified\":\"2026-03-17T18:11:10+00:00\",\"mainEntityOfPage\":{\"@id\":\"https:\\\/\\\/d66.nl\\\/waalre\\\/nieuws\\\/kyara-verstappen-in-debat-over-ouder-worden-in-waalre\\\/\"},\"wordCount\":9,\"commentCount\":0,\"publisher\":{\"@id\":\"https:\\\/\\\/d66.nl\\\/waalre\\\/#organization\"},\"image\":{\"@id\":\"https:\\\/\\\/d66.nl\\\/waalre\\\/nieuws\\\/kyara-verstappen-in-debat-over-ouder-worden-in-waalre\\\/#primaryimage\"},\"thumbnailUrl\":\"https:\\\/\\\/media.d66.nl\\\/uploads\\\/sites\\\/110\\\/2026\\\/03\\\/Kyara-Verstappen-in-debat-vierkant.jpg\",\"articleSection\":[\"D66 Waalre\"],\"inLanguage\":\"nl-NL\",\"potentialAction\":[{\"@type\":\"CommentAction\",\"name\":\"Comment\",\"target\":[\"https:\\\/\\\/d66.nl\\\/waalre\\\/nieuws\\\/kyara-verstappen-in-debat-over-ouder-worden-in-waalre\\\/#respond\"]}]},{\"@type\":\"WebPage\",\"@id\":\"https:\\\/\\\/d66.nl\\\/waalre\\\/nieuws\\\/kyara-verstappen-in-debat-over-ouder-worden-in-waalre\\\/\",\"url\":\"https:\\\/\\\/d66.nl\\\/waalre\\\/nieuws\\\/kyara-verstappen-in-debat-over-ouder-worden-in-waalre\\\/\",\"name\":\"D66 Waalre &#8212; Kyara Verstappen in debat over \u2018Ouder worden in Waalre\u2019\",\"isPartOf\":{\"@id\":\"https:\\\/\\\/d66.nl\\\/waalre\\\/#website\"},\"primaryImageOfPage\":{\"@id\":\"https:\\\/\\\/d66.nl\\\/waalre\\\/nieuws\\\/kyara-verstappen-in-debat-over-ouder-worden-in-waalre\\\/#primaryimage\"},\"image\":{\"@id\":\"https:\\\/\\\/d66.nl\\\/waalre\\\/nieuws\\\/kyara-verstappen-in-debat-over-ouder-worden-in-waalre\\\/#primaryimage\"},\"thumbnailUrl\":\"https:\\\/\\\/media.d66.nl\\\/uploads\\\/sites\\\/110\\\/2026\\\/03\\\/Kyara-Verstappen-in-debat-vierkant.jpg\",\"datePublished\":\"2026-03-10T16:19:23+00:00\",\"dateModified\":\"2026-03-17T18:11:10+00:00\",\"description\":\"D66 Waalre-lijsttrekker Kyara Verstappen ging op 8 maart 2026 in debat over \u201cOuder worden in Waalre \u2013 uitdagingen, kansen en keuzen\u201d.\",\"breadcrumb\":{\"@id\":\"https:\\\/\\\/d66.nl\\\/waalre\\\/nieuws\\\/kyara-verstappen-in-debat-over-ouder-worden-in-waalre\\\/#breadcrumb\"},\"inLanguage\":\"nl-NL\",\"potentialAction\":[{\"@type\":\"ReadAction\",\"target\":[\"https:\\\/\\\/d66.nl\\\/waalre\\\/nieuws\\\/kyara-verstappen-in-debat-over-ouder-worden-in-waalre\\\/\"]}]},{\"@type\":\"ImageObject\",\"inLanguage\":\"nl-NL\",\"@id\":\"https:\\\/\\\/d66.nl\\\/waalre\\\/nieuws\\\/kyara-verstappen-in-debat-over-ouder-worden-in-waalre\\\/#primaryimage\",\"url\":\"https:\\\/\\\/media.d66.nl\\\/uploads\\\/sites\\\/110\\\/2026\\\/03\\\/Kyara-Verstappen-in-debat-vierkant.jpg\",\"contentUrl\":\"https:\\\/\\\/media.d66.nl\\\/uploads\\\/sites\\\/110\\\/2026\\\/03\\\/Kyara-Verstappen-in-debat-vierkant.jpg\",\"width\":500,\"height\":387},{\"@type\":\"BreadcrumbList\",\"@id\":\"https:\\\/\\\/d66.nl\\\/waalre\\\/nieuws\\\/kyara-verstappen-in-debat-over-ouder-worden-in-waalre\\\/#breadcrumb\",\"itemListElement\":[{\"@type\":\"ListItem\",\"position\":1,\"name\":\"Home\",\"item\":\"https:\\\/\\\/d66.nl\\\/waalre\\\/\"},{\"@type\":\"ListItem\",\"position\":2,\"name\":\"Nieuws\",\"item\":\"https:\\\/\\\/d66.nl\\\/waalre\\\/nieuws\\\/\"},{\"@type\":\"ListItem\",\"position\":3,\"name\":\"Kyara Verstappen in debat over \u2018Ouder worden in Waalre\u2019\"}]},{\"@type\":\"WebSite\",\"@id\":\"https:\\\/\\\/d66.nl\\\/waalre\\\/#website\",\"url\":\"https:\\\/\\\/d66.nl\\\/waalre\\\/\",\"name\":\"D66 Waalre\",\"description\":\"Just another D66 Sites site\",\"publisher\":{\"@id\":\"https:\\\/\\\/d66.nl\\\/waalre\\\/#organization\"},\"potentialAction\":[{\"@type\":\"SearchAction\",\"target\":{\"@type\":\"EntryPoint\",\"urlTemplate\":\"https:\\\/\\\/d66.nl\\\/waalre\\\/?s={search_term_string}\"},\"query-input\":{\"@type\":\"PropertyValueSpecification\",\"valueRequired\":true,\"valueName\":\"search_term_string\"}}],\"inLanguage\":\"nl-NL\"},{\"@type\":\"Organization\",\"@id\":\"https:\\\/\\\/d66.nl\\\/waalre\\\/#organization\",\"name\":\"D66\",\"url\":\"https:\\\/\\\/d66.nl\\\/waalre\\\/\",\"logo\":{\"@type\":\"ImageObject\",\"inLanguage\":\"nl-NL\",\"@id\":\"https:\\\/\\\/d66.nl\\\/waalre\\\/#\\\/schema\\\/logo\\\/image\\\/\",\"url\":\"https:\\\/\\\/d66.nl\\\/waalre\\\/wp-content\\\/uploads\\\/sites\\\/2\\\/2021\\\/10\\\/d66-themas-algemeen-og.png\",\"contentUrl\":\"https:\\\/\\\/d66.nl\\\/waalre\\\/wp-content\\\/uploads\\\/sites\\\/2\\\/2021\\\/10\\\/d66-themas-algemeen-og.png\",\"width\":1200,\"height\":628,\"caption\":\"D66\"},\"image\":{\"@id\":\"https:\\\/\\\/d66.nl\\\/waalre\\\/#\\\/schema\\\/logo\\\/image\\\/\"}},{\"@type\":\"Person\",\"@id\":\"https:\\\/\\\/d66.nl\\\/waalre\\\/#\\\/schema\\\/person\\\/0bb575a22d180a0c2c34c09773f735bc\",\"name\":\"kyaraverstappen\",\"image\":{\"@type\":\"ImageObject\",\"inLanguage\":\"nl-NL\",\"@id\":\"https:\\\/\\\/secure.gravatar.com\\\/avatar\\\/45f4dfc6b86a80e6b7d0f46c2ffa7223208f3cbd72220f63a7196531f56c00b6?s=96&d=mm&r=g\",\"url\":\"https:\\\/\\\/secure.gravatar.com\\\/avatar\\\/45f4dfc6b86a80e6b7d0f46c2ffa7223208f3cbd72220f63a7196531f56c00b6?s=96&d=mm&r=g\",\"contentUrl\":\"https:\\\/\\\/secure.gravatar.com\\\/avatar\\\/45f4dfc6b86a80e6b7d0f46c2ffa7223208f3cbd72220f63a7196531f56c00b6?s=96&d=mm&r=g\",\"caption\":\"kyaraverstappen\"}}]}<\/script>\n<!-- \/ Yoast SEO plugin. -->","yoast_head_json":{"title":"D66 Waalre &#8212; Kyara Verstappen in debat over \u2018Ouder worden in Waalre\u2019","description":"D66 Waalre-lijsttrekker Kyara Verstappen ging op 8 maart 2026 in debat over \u201cOuder worden in Waalre \u2013 uitdagingen, kansen en keuzen\u201d.","robots":{"index":"index","follow":"follow","max-snippet":"max-snippet:-1","max-image-preview":"max-image-preview:large","max-video-preview":"max-video-preview:-1"},"canonical":"https:\/\/d66.nl\/waalre\/nieuws\/kyara-verstappen-in-debat-over-ouder-worden-in-waalre","og_locale":"nl_NL","og_type":"article","og_title":"D66 Waalre &#8212; Kyara Verstappen in debat over \u2018Ouder worden in Waalre\u2019","og_description":"D66 Waalre-lijsttrekker Kyara Verstappen ging op 8 maart 2026 in debat over \u201cOuder worden in Waalre \u2013 uitdagingen, kansen en keuzen\u201d.","og_url":"https:\/\/d66.nl\/waalre\/nieuws\/kyara-verstappen-in-debat-over-ouder-worden-in-waalre\/","og_site_name":"D66 Waalre","article_published_time":"2026-03-10T16:19:23+00:00","article_modified_time":"2026-03-17T18:11:10+00:00","og_image":[{"width":500,"height":387,"url":"https:\/\/media.d66.nl\/uploads\/sites\/110\/2026\/03\/Kyara-Verstappen-in-debat-vierkant.jpg","type":"image\/jpeg"}],"author":"kyaraverstappen","twitter_card":"summary_large_image","twitter_misc":{"Geschreven door":"kyaraverstappen","Geschatte leestijd":"1 minuut"},"schema":{"@context":"https:\/\/schema.org","@graph":[{"@type":"Article","@id":"https:\/\/d66.nl\/waalre\/nieuws\/kyara-verstappen-in-debat-over-ouder-worden-in-waalre\/#article","isPartOf":{"@id":"https:\/\/d66.nl\/waalre\/nieuws\/kyara-verstappen-in-debat-over-ouder-worden-in-waalre\/"},"author":{"name":"kyaraverstappen","@id":"https:\/\/d66.nl\/waalre\/#\/schema\/person\/0bb575a22d180a0c2c34c09773f735bc"},"headline":"Kyara Verstappen in debat over \u2018Ouder worden in Waalre\u2019","datePublished":"2026-03-10T16:19:23+00:00","dateModified":"2026-03-17T18:11:10+00:00","mainEntityOfPage":{"@id":"https:\/\/d66.nl\/waalre\/nieuws\/kyara-verstappen-in-debat-over-ouder-worden-in-waalre\/"},"wordCount":9,"commentCount":0,"publisher":{"@id":"https:\/\/d66.nl\/waalre\/#organization"},"image":{"@id":"https:\/\/d66.nl\/waalre\/nieuws\/kyara-verstappen-in-debat-over-ouder-worden-in-waalre\/#primaryimage"},"thumbnailUrl":"https:\/\/media.d66.nl\/uploads\/sites\/110\/2026\/03\/Kyara-Verstappen-in-debat-vierkant.jpg","articleSection":["D66 Waalre"],"inLanguage":"nl-NL","potentialAction":[{"@type":"CommentAction","name":"Comment","target":["https:\/\/d66.nl\/waalre\/nieuws\/kyara-verstappen-in-debat-over-ouder-worden-in-waalre\/#respond"]}]},{"@type":"WebPage","@id":"https:\/\/d66.nl\/waalre\/nieuws\/kyara-verstappen-in-debat-over-ouder-worden-in-waalre\/","url":"https:\/\/d66.nl\/waalre\/nieuws\/kyara-verstappen-in-debat-over-ouder-worden-in-waalre\/","name":"D66 Waalre &#8212; Kyara Verstappen in debat over \u2018Ouder worden in Waalre\u2019","isPartOf":{"@id":"https:\/\/d66.nl\/waalre\/#website"},"primaryImageOfPage":{"@id":"https:\/\/d66.nl\/waalre\/nieuws\/kyara-verstappen-in-debat-over-ouder-worden-in-waalre\/#primaryimage"},"image":{"@id":"https:\/\/d66.nl\/waalre\/nieuws\/kyara-verstappen-in-debat-over-ouder-worden-in-waalre\/#primaryimage"},"thumbnailUrl":"https:\/\/media.d66.nl\/uploads\/sites\/110\/2026\/03\/Kyara-Verstappen-in-debat-vierkant.jpg","datePublished":"2026-03-10T16:19:23+00:00","dateModified":"2026-03-17T18:11:10+00:00","description":"D66 Waalre-lijsttrekker Kyara Verstappen ging op 8 maart 2026 in debat over \u201cOuder worden in Waalre \u2013 uitdagingen, kansen en keuzen\u201d.","breadcrumb":{"@id":"https:\/\/d66.nl\/waalre\/nieuws\/kyara-verstappen-in-debat-over-ouder-worden-in-waalre\/#breadcrumb"},"inLanguage":"nl-NL","potentialAction":[{"@type":"ReadAction","target":["https:\/\/d66.nl\/waalre\/nieuws\/kyara-verstappen-in-debat-over-ouder-worden-in-waalre\/"]}]},{"@type":"ImageObject","inLanguage":"nl-NL","@id":"https:\/\/d66.nl\/waalre\/nieuws\/kyara-verstappen-in-debat-over-ouder-worden-in-waalre\/#primaryimage","url":"https:\/\/media.d66.nl\/uploads\/sites\/110\/2026\/03\/Kyara-Verstappen-in-debat-vierkant.jpg","contentUrl":"https:\/\/media.d66.nl\/uploads\/sites\/110\/2026\/03\/Kyara-Verstappen-in-debat-vierkant.jpg","width":500,"height":387},{"@type":"BreadcrumbList","@id":"https:\/\/d66.nl\/waalre\/nieuws\/kyara-verstappen-in-debat-over-ouder-worden-in-waalre\/#breadcrumb","itemListElement":[{"@type":"ListItem","position":1,"name":"Home","item":"https:\/\/d66.nl\/waalre\/"},{"@type":"ListItem","position":2,"name":"Nieuws","item":"https:\/\/d66.nl\/waalre\/nieuws\/"},{"@type":"ListItem","position":3,"name":"Kyara Verstappen in debat over \u2018Ouder worden in Waalre\u2019"}]},{"@type":"WebSite","@id":"https:\/\/d66.nl\/waalre\/#website","url":"https:\/\/d66.nl\/waalre\/","name":"D66 Waalre","description":"Just another D66 Sites site","publisher":{"@id":"https:\/\/d66.nl\/waalre\/#organization"},"potentialAction":[{"@type":"SearchAction","target":{"@type":"EntryPoint","urlTemplate":"https:\/\/d66.nl\/waalre\/?s={search_term_string}"},"query-input":{"@type":"PropertyValueSpecification","valueRequired":true,"valueName":"search_term_string"}}],"inLanguage":"nl-NL"},{"@type":"Organization","@id":"https:\/\/d66.nl\/waalre\/#organization","name":"D66","url":"https:\/\/d66.nl\/waalre\/","logo":{"@type":"ImageObject","inLanguage":"nl-NL","@id":"https:\/\/d66.nl\/waalre\/#\/schema\/logo\/image\/","url":"https:\/\/d66.nl\/waalre\/wp-content\/uploads\/sites\/2\/2021\/10\/d66-themas-algemeen-og.png","contentUrl":"https:\/\/d66.nl\/waalre\/wp-content\/uploads\/sites\/2\/2021\/10\/d66-themas-algemeen-og.png","width":1200,"height":628,"caption":"D66"},"image":{"@id":"https:\/\/d66.nl\/waalre\/#\/schema\/logo\/image\/"}},{"@type":"Person","@id":"https:\/\/d66.nl\/waalre\/#\/schema\/person\/0bb575a22d180a0c2c34c09773f735bc","name":"kyaraverstappen","image":{"@type":"ImageObject","inLanguage":"nl-NL","@id":"https:\/\/secure.gravatar.com\/avatar\/45f4dfc6b86a80e6b7d0f46c2ffa7223208f3cbd72220f63a7196531f56c00b6?s=96&d=mm&r=g","url":"https:\/\/secure.gravatar.com\/avatar\/45f4dfc6b86a80e6b7d0f46c2ffa7223208f3cbd72220f63a7196531f56c00b6?s=96&d=mm&r=g","contentUrl":"https:\/\/secure.gravatar.com\/avatar\/45f4dfc6b86a80e6b7d0f46c2ffa7223208f3cbd72220f63a7196531f56c00b6?s=96&d=mm&r=g","caption":"kyaraverstappen"}}]}},"_links":{"self":[{"href":"https:\/\/d66.nl\/waalre\/wp-json\/wp\/v2\/posts\/1547","targetHints":{"allow":["GET"]}}],"collection":[{"href":"https:\/\/d66.nl\/waalre\/wp-json\/wp\/v2\/posts"}],"about":[{"href":"https:\/\/d66.nl\/waalre\/wp-json\/wp\/v2\/types\/post"}],"author":[{"embeddable":true,"href":"https:\/\/d66.nl\/waalre\/wp-json\/wp\/v2\/users\/1752"}],"replies":[{"embeddable":true,"href":"https:\/\/d66.nl\/waalre\/wp-json\/wp\/v2\/comments?post=1547"}],"version-history":[{"count":8,"href":"https:\/\/d66.nl\/waalre\/wp-json\/wp\/v2\/posts\/1547\/revisions"}],"predecessor-version":[{"id":1601,"href":"https:\/\/d66.nl\/waalre\/wp-json\/wp\/v2\/posts\/1547\/revisions\/1601"}],"wp:featuredmedia":[{"embeddable":true,"href":"https:\/\/d66.nl\/waalre\/wp-json\/wp\/v2\/media\/1557"}],"wp:attachment":[{"href":"https:\/\/d66.nl\/waalre\/wp-json\/wp\/v2\/media?parent=1547"}],"wp:term":[{"taxonomy":"category","embeddable":true,"href":"https:\/\/d66.nl\/waalre\/wp-json\/wp\/v2\/categories?post=1547"},{"taxonomy":"labels","embeddable":true,"href":"https:\/\/d66.nl\/waalre\/wp-json\/wp\/v2\/labels?post=1547"},{"taxonomy":"search-tags","embeddable":true,"href":"https:\/\/d66.nl\/waalre\/wp-json\/wp\/v2\/search-tags?post=1547"}],"curies":[{"name":"wp","href":"https:\/\/api.w.org\/{rel}","templated":true}]}}