{"id":1029,"date":"2026-02-21T16:56:19","date_gmt":"2026-02-21T16:56:19","guid":{"rendered":"https:\/\/d66.nl\/voorschoten\/nieuws\/"},"modified":"2026-02-21T16:58:14","modified_gmt":"2026-02-21T16:58:14","slug":"d66-fracties-willen-blijvende-bescherming-en-versterking-van-natuur-vlietland","status":"publish","type":"post","link":"https:\/\/d66.nl\/voorschoten\/nieuws\/d66-fracties-willen-blijvende-bescherming-en-versterking-van-natuur-vlietland","title":{"rendered":"D66-fracties willen blijvende bescherming en versterking van natuur Vlietland"},"content":{"rendered":"<div\n  id=\"\"\n  class=\"wrapper  wrapper__spacing-bottom-large--30 wrapper__spacing-bottom-desktop--20 wrapper__spacing-bottom-mobile--20  wrapper__gutter--none\"\n  >\n  \t<div class=\"wrapper__container wrapper__container-width-large--default\">\n\t  <div class=\"wrapper__inner wrapper__width-large--14 wrapper__width-desktop--20 wrapper__width-mobile--24 wrapper__offset-large--6 wrapper__offset-desktop--2 wrapper__offset-mobile--0\">\n\t\t<h1 class=\"heading   heading__size--giant heading__font--serif heading__weight--regular  block-heading__heading\" id=\"nav-d66-fracties-pleiten-samen-voor-open-en-groen-vlietland404\"  data-nav-heading-mobile=\"D66-fracties pleiten samen voor open en groen Vlietland\" >\n\tD66-fracties pleiten samen voor open en groen Vlietland<\/h1>\t  <\/div>\n\t<\/div>\n  <\/div>\n\n\n<div\n  id=\"\"\n  class=\"wrapper  wrapper__spacing-bottom-large--20 wrapper__spacing-bottom-desktop--10 wrapper__spacing-bottom-mobile--10  wrapper__gutter--none\"\n  >\n  \t<div class=\"wrapper__container wrapper__container-width-large--default\">\n\t  <div class=\"wrapper__inner wrapper__width-large--13 wrapper__width-desktop--20 wrapper__width-mobile--24 wrapper__offset-large--6 wrapper__offset-desktop--2 wrapper__offset-mobile--0\">\n\t\t<p\n\t\tclass=\"paragraph   paragraph__size--big   block-paragraph__paragraph\"\n\t\t\t>\n\t\tD66 Voorschoten steunt het behoud van een open en groen Vlietland nu de rechter de bomenkap heeft stilgelegd. Wat ons betreft krijgt natuur en recreatie prioriteit boven grootschalige bebouwing met vakantiewoningen. Samen met onze regionale fracties pleiten we voor versterking van de natuur en een groene verbinding met de Tweede Groene Ring richting Leiden.\t<\/p>\t  <\/div>\n\t<\/div>\n  <\/div>\n\n\n<div\n  id=\"\"\n  class=\"wrapper wrapper__spacing-top-large--30 wrapper__spacing-top-desktop--10 wrapper__spacing-top-mobile--10 wrapper__spacing-bottom-large--30 wrapper__spacing-bottom-desktop--10 wrapper__spacing-bottom-mobile--10  wrapper__gutter--none\"\n  >\n  \t<div class=\"wrapper__container wrapper__container-width-large--default\">\n\t  <div class=\"wrapper__inner wrapper__width-large--24 wrapper__width-mobile--24\">\n\t\t<section class=\"block-video\">\n\t<div\n\t\tclass=\"block-video__video-wrapper\"\n\t\tstyle=\"background-image: url('https:\/\/media.d66.nl\/uploads\/sites\/157\/2026\/02\/D66-Vlietlanden.jpg')\"\n\t>\n\t\t\t<\/div>\n\n\t\t\t<div class=\"block-video__caption-wrapper\">\n\t\t\t<div class=\"block-video__caption\">\n\t\t\t\t<p class=\"paragraph paragraph__align--left paragraph__color--black paragraph__size--small paragraph__weight--medium\">\n\t\tBeeld: Jolien Schroot\t<\/p>\t\t\t<\/div>\n\t\t<\/div>\n\t\n<\/section>\n\n\t  <\/div>\n\t<\/div>\n  <\/div>\n\n\n<div\n  id=\"\"\n  class=\"wrapper  wrapper__spacing-bottom-large--20 wrapper__spacing-bottom-desktop--50 wrapper__spacing-bottom-mobile--10  wrapper__gutter--none\"\n  >\n  \t<div class=\"wrapper__container wrapper__container-width-large--default\">\n\t  <div class=\"wrapper__inner wrapper__width-large--14 wrapper__width-desktop--24 wrapper__width-mobile--24 wrapper__offset-large--6 wrapper__offset-desktop--2 wrapper__offset-mobile--0\">\n\t\t<section class=\"block-related-post-metadata js-block-related-post-metadata\">\n\t<div class=\"block-related-post-metadata__content-wrapper\">\n\t\t<div class=\"block-related-post-metadata__persons\">\n\t\t\t<div class=\"related-person-info__wrapper\">\n\t\t\t<div class=\"related-person-info__item related-person-info__color--romanSilver\">\n\t\t\t<a class=\"related-person-info__link\" href=\"https:\/\/d66.nl\/voorschoten\/mensen\/jolien-schroot\/\">\n\t\t\t\t<div class=\"related-person-info__image_container\">\n\t\t\t\t<img loading=\"lazy\" decoding=\"async\" width=\"150\" height=\"150\" src=\"https:\/\/media.d66.nl\/uploads\/sites\/157\/2026\/01\/Jolien-Schroot-D66-2026-150x150.jpg\" class=\"related-person-info__image\" alt=\"Foto van Jolien Schroot, genomen door Jeroen Mooijman tijdens de Algemene Afdelingsvergadering van D66 in Leidse regio op 13 december 2025.\" \/>\t\t\t\t<\/div>\n\t\t\t\t<div class=\"related-person-info__meta\">\n\t\t\t\t\t\t\t\t\t<header class=\"related-person-info__header\">\n\t\t\t\t\t\t<h3 class=\"heading   heading__size--small heading__font--sans heading__weight--bold\" id=\"nav-jolien-schroot2748\">\n\tJolien Schroot<\/h3>\t\t\t\t\t<\/header>\n\t\t\t\t\t\t\t\t\t\t\t\t\t<div class=\"related-person-info__description\">\n\t\t\t\t\t\t<p class=\"paragraph   paragraph__size--small paragraph__weight--normal\">\n\t\tGemeenteraadslid\t<\/p>\t\t\t\t\t<\/div>\n\t\t\t\t\t\t\t\t<\/div>\n\t\t\t<\/a>\n\t\t<\/div>\n\t\t<\/div>\t\t<\/div>\n\t\t<div class=\"block-related-post-metadata__meta\">\n\t\t\t<div class=\"block-related-post-metadata__date\">\n\t\t\t\t21.02.2026<div class=\"post-share js-post-share rs_skip_always\">\n\t<button class=\"post-share__share-button js-post-share-share-button\">\n\t\tShare\t\t<svg xmlns='http:\/\/www.w3.org\/2000\/svg' width='100px' height='100px' viewBox='0 0 24 24' fill='none'><path d='m8.684 10.658 6.629-3.314m.003 9.314-6.622-3.311M21 6a3 3 0 1 1-6 0 3 3 0 0 1 6 0ZM9 12a3 3 0 1 1-6 0 3 3 0 0 1 6 0Zm12 6a3 3 0 1 1-6 0 3 3 0 0 1 6 0Z' stroke='currentColor' stroke-width='1.5' fill='none'\/><\/svg>\t<\/button>\n\t<dialog class=\"post-share__dialog js-post-share-dialog\" aria-hidden=\"true\">\n\t\t<div class=\"post-share__dialog-header\">\n\t\t\tShare this post\t\t\t<button class=\"post-share__dialog-close js-post-share-dialog-close\">\n\t\t\t\t<svg xmlns='http:\/\/www.w3.org\/2000\/svg' width='150' height='150' viewBox='0 0 150 150' fill='none'><path d='M44.103 105.897 75 75m30.898-30.898L75 75m0 0L44.103 44.102M75 75l30.898 30.897' stroke='currentColor' stroke-width='5' fill='none'\/><\/svg>\t\t\t<\/button>\n\t\t<\/div>\n\t\t<div class=\"post-share__dialog-socials\">\n\t\t\t\t\t\t\t\t\t\t\t<a class=\"post-share__dialog-item js-post-share-dialog-item\" href=\"#\" target=\"_blank\" data-copy=&quot;true&quot;>\n\t\t\t\t\tKopier link<svg xmlns='http:\/\/www.w3.org\/2000\/svg' width='150' height='150' viewBox='0 0 150 150' fill='none'><path d='M67.468 108.679c-8.533-.512-14.164-3.583-17.407-9.983-3.242-6.314-2.815-12.713 1.195-18.6 1.706-2.56 3.584-5.035 5.46-7.594 1.537-2.048 3.584-2.475 5.462-1.195 2.047 1.45 2.389 3.498.938 5.632-1.706 2.474-3.584 4.948-5.29 7.423-3.242 4.778-2.304 11.092 2.133 14.334 4.864 3.584 11.092 2.731 14.761-1.962 1.963-2.475 3.754-5.12 5.632-7.68 1.194-1.535 2.645-2.218 4.607-1.28 1.792.854 2.645 2.39 2.304 4.267 0 .17 0 .427-.17.597-3.67 5.12-6.4 11.178-12.544 13.993-2.56 1.195-5.46 1.707-6.996 2.219l-.085-.171Z' fill='currentColor'\/><path d='M86.921 44.6c6.144.257 11.605 3.328 14.932 9.728 3.328 6.399 2.816 12.798-1.109 18.856-1.621 2.56-3.498 4.95-5.29 7.424-1.707 2.303-3.754 2.815-5.717 1.45-2.048-1.45-2.304-3.669-.597-6.058 1.621-2.304 3.328-4.608 4.949-6.911 3.498-4.95 2.56-11.348-2.133-14.761-4.779-3.499-11.178-2.475-14.847 2.56-1.792 2.388-3.498 4.863-5.205 7.252-1.62 2.218-3.583 2.56-5.546 1.11-1.877-1.366-2.218-3.414-.768-5.462 2.048-2.986 4.01-5.972 6.314-8.703 3.67-4.351 8.448-6.399 15.103-6.399l-.086-.085Z' fill='currentColor'\/><path d='M71.478 88.457c-3.498-.341-5.46-3.413-3.754-6.143 3.327-5.29 6.825-10.495 10.324-15.7 1.45-2.133 3.413-2.389 5.46-1.109 1.878 1.28 2.219 3.413.854 5.546-3.328 5.034-6.57 9.983-9.983 14.932-.683 1.024-1.963 1.621-2.901 2.389v.085Z' fill='currentColor'\/><\/svg>\t\t\t\t<\/a>\n\t\t\t\t\t\t\t\t\t\t\t<a class=\"post-share__dialog-item js-post-share-dialog-item\" href=\"mailto:?to=%20&amp;body=https%3A%2F%2Fd66.nl%2Fvoorschoten%2Fnieuws%2Fd66-fracties-willen-blijvende-bescherming-en-versterking-van-natuur-vlietland\" target=\"_blank\" >\n\t\t\t\t\tMail<svg xmlns='http:\/\/www.w3.org\/2000\/svg' width='40' height='40' viewBox='0 0 40 40' fill='none'><path d='M24.107 15.865a1 1 0 0 1 1.266 1.265l-1.686 5.052a1 1 0 0 1-1.654.392l-3.37-3.37a1.001 1.001 0 0 1 .392-1.654l5.052-1.685Z' fill='currentColor'\/><path d='m21.763 19.475-5.657 5.657' stroke='currentColor' stroke-width='2' stroke-linecap='round' fill='none'\/><\/svg>\t\t\t\t<\/a>\n\t\t\t\t\t\t\t\t\t\t\t<a class=\"post-share__dialog-item js-post-share-dialog-item\" href=\"https:\/\/www.linkedin.com\/sharing\/share-offsite\/?url=https%3A%2F%2Fd66.nl%2Fvoorschoten%2Fnieuws%2Fd66-fracties-willen-blijvende-bescherming-en-versterking-van-natuur-vlietland\" target=\"_blank\" >\n\t\t\t\t\tLinkedIn<svg xmlns='http:\/\/www.w3.org\/2000\/svg' width='40' height='40' viewBox='0 0 40 40' fill='none'><path d='M24.107 15.865a1 1 0 0 1 1.266 1.265l-1.686 5.052a1 1 0 0 1-1.654.392l-3.37-3.37a1.001 1.001 0 0 1 .392-1.654l5.052-1.685Z' fill='currentColor'\/><path d='m21.763 19.475-5.657 5.657' stroke='currentColor' stroke-width='2' stroke-linecap='round' fill='none'\/><\/svg>\t\t\t\t<\/a>\n\t\t\t\t\t\t\t\t\t\t\t<a class=\"post-share__dialog-item js-post-share-dialog-item\" href=\"https:\/\/www.facebook.com\/sharer\/sharer.php?u=https%3A%2F%2Fd66.nl%2Fvoorschoten%2Fnieuws%2Fd66-fracties-willen-blijvende-bescherming-en-versterking-van-natuur-vlietland\" target=\"_blank\" >\n\t\t\t\t\tFacebook<svg xmlns='http:\/\/www.w3.org\/2000\/svg' width='40' height='40' viewBox='0 0 40 40' fill='none'><path d='M24.107 15.865a1 1 0 0 1 1.266 1.265l-1.686 5.052a1 1 0 0 1-1.654.392l-3.37-3.37a1.001 1.001 0 0 1 .392-1.654l5.052-1.685Z' fill='currentColor'\/><path d='m21.763 19.475-5.657 5.657' stroke='currentColor' stroke-width='2' stroke-linecap='round' fill='none'\/><\/svg>\t\t\t\t<\/a>\n\t\t\t\t\t\t\t\t\t\t\t<a class=\"post-share__dialog-item js-post-share-dialog-item\" href=\"whatsapp:\/\/send?text=https%3A%2F%2Fd66.nl%2Fvoorschoten%2Fnieuws%2Fd66-fracties-willen-blijvende-bescherming-en-versterking-van-natuur-vlietland\" target=\"_blank\" >\n\t\t\t\t\tWhatsApp<svg xmlns='http:\/\/www.w3.org\/2000\/svg' width='40' height='40' viewBox='0 0 40 40' fill='none'><path d='M24.107 15.865a1 1 0 0 1 1.266 1.265l-1.686 5.052a1 1 0 0 1-1.654.392l-3.37-3.37a1.001 1.001 0 0 1 .392-1.654l5.052-1.685Z' fill='currentColor'\/><path d='m21.763 19.475-5.657 5.657' stroke='currentColor' stroke-width='2' stroke-linecap='round' fill='none'\/><\/svg>\t\t\t\t<\/a>\n\t\t\t\t\t\t\t\t\t\t\t<a class=\"post-share__dialog-item js-post-share-dialog-item\" href=\"https:\/\/x.com\/intent\/post?url=https%3A%2F%2Fd66.nl%2Fvoorschoten%2Fnieuws%2Fd66-fracties-willen-blijvende-bescherming-en-versterking-van-natuur-vlietland\" target=\"_blank\" >\n\t\t\t\t\tTwitter (X)<svg xmlns='http:\/\/www.w3.org\/2000\/svg' width='40' height='40' viewBox='0 0 40 40' fill='none'><path d='M24.107 15.865a1 1 0 0 1 1.266 1.265l-1.686 5.052a1 1 0 0 1-1.654.392l-3.37-3.37a1.001 1.001 0 0 1 .392-1.654l5.052-1.685Z' fill='currentColor'\/><path d='m21.763 19.475-5.657 5.657' stroke='currentColor' stroke-width='2' stroke-linecap='round' fill='none'\/><\/svg>\t\t\t\t<\/a>\n\t\t\t\t\t<\/div>\n\t<\/dialog>\n<\/div>\t\t\t<\/div>\n\t\t\t<div class=\"block-related-post-metadata__categories\">\n\t\t\t\t<div class=\"category-link__wrapper\">\n\t\t\t<div class=\"category-link__item\">\n\t\t\t<a href=\"https:\/\/d66.nl\/voorschoten\/category\/d66\/\">\n\t\t\t\tD66\t\t\t<\/a>\n\t\t<\/div>\n\t\t<\/div>\t\t\t<\/div>\n\t\t<\/div>\n\t<\/div>\n<\/section>\n\t  <\/div>\n\t<\/div>\n  <\/div>\n\n\n<div\n  id=\"\"\n  class=\"wrapper  wrapper__spacing-bottom-large--20 wrapper__spacing-bottom-desktop--10 wrapper__spacing-bottom-mobile--10  wrapper__gutter--none\"\n  >\n  \t<div class=\"wrapper__container wrapper__container-width-large--default\">\n\t  <div class=\"wrapper__inner wrapper__width-large--18 wrapper__width-desktop--22 wrapper__width-mobile--24 wrapper__offset-large--6 wrapper__offset-desktop--2 wrapper__offset-mobile--0\">\n\t\t<section class=\"block-post-content\">\n\t<div class=\"block-post-content__title\">\n\t\t<h3 class=\"heading  heading__color--black heading__size--medium heading__font--sans heading__weight--bold  block-post-content__heading\" id=\"nav-d66-pleit-voor-open-en-groen-vlietland8820\" data-nav-heading-mobile=\"D66 pleit voor open en groen Vlietland\">\n\tD66 pleit voor open en groen Vlietland<\/h3>\t<\/div>\n\t<div class=\"block-post-content__content\">\n\t\t\n<div\n  id=\"\"\n  class=\"wrapper  wrapper__spacing-bottom-large--30 wrapper__spacing-bottom-desktop--20  wrapper__gutter--none\"\n  >\n  \t<div class=\"wrapper__container wrapper__container-width-large--default\">\n\t  <div class=\"wrapper__inner wrapper__width-large--24 wrapper__width-mobile--24\">\n\t\t<p\n\t\tclass=\"paragraph paragraph__align--left paragraph__color--black paragraph__size--default   block-paragraph__paragraph\"\n\t\t\t>\n\t\tVeel inwoners maken zich zorgen over de toekomst van Vlietland. Het recente besluit van de rechter om de bomenkap stil te leggen geeft ruimte om het gebied beter te beschermen. De gezamenlijke D66-fracties van Zuid-Holland, Leidschendam-Voorburg, Leiden en Voorschoten spreken zich duidelijk uit: Vlietland moet open, groen en toegankelijk blijven voor iedereen.<br><br>Wat D66 betreft krijgt natuurbehoud prioriteit boven grootschalige commerci\u00eble bebouwing. Dat een rechtszaak nodig was om de kapwerkzaamheden te stoppen vinden wij betreurenswaardig. Dit had voorkomen kunnen worden met betere afspraken en meer samenwerking. Nu is het tijd om samen met provincie, gemeenten en betrokkenen heldere keuzes te maken voor de toekomst van het gebied.\t<\/p>\t  <\/div>\n\t<\/div>\n  <\/div>\n\n\t<\/div>\n\n\t<div class=\"block-post-content__sidebar\">\n\t\t\n\t\t\n\t\t\t<\/div>\n<\/section>\n\t  <\/div>\n\t<\/div>\n  <\/div>\n\n\n<div\n  id=\"\"\n  class=\"wrapper  wrapper__spacing-bottom-large--20 wrapper__spacing-bottom-desktop--10 wrapper__spacing-bottom-mobile--10  wrapper__gutter--none\"\n  >\n  \t<div class=\"wrapper__container wrapper__container-width-large--default\">\n\t  <div class=\"wrapper__inner wrapper__width-large--18 wrapper__width-desktop--22 wrapper__width-mobile--24 wrapper__offset-large--6 wrapper__offset-desktop--2 wrapper__offset-mobile--0\">\n\t\t<section class=\"block-post-content\">\n\t<div class=\"block-post-content__title\">\n\t\t<h3 class=\"heading  heading__color--black heading__size--medium heading__font--sans heading__weight--bold  block-post-content__heading\" id=\"nav-van-vakantiewoningen-naar-natuur-en-verbinding8909\" data-nav-heading-mobile=\"Van vakantiewoningen naar natuur en verbinding\">\n\tVan vakantiewoningen naar natuur en verbinding<\/h3>\t<\/div>\n\t<div class=\"block-post-content__content\">\n\t\t\n<div\n  id=\"\"\n  class=\"wrapper  wrapper__spacing-bottom-large--30 wrapper__spacing-bottom-desktop--20  wrapper__gutter--none\"\n  >\n  \t<div class=\"wrapper__container wrapper__container-width-large--default\">\n\t  <div class=\"wrapper__inner wrapper__width-large--24 wrapper__width-mobile--24\">\n\t\t<p\n\t\tclass=\"paragraph paragraph__align--left paragraph__color--black paragraph__size--default   block-paragraph__paragraph\"\n\t\t\t>\n\t\tD66 wil de focus verleggen van plannen voor 222 vakantiewoningen naar versterking van natuur, recreatie en biodiversiteit. Vlietland is een belangrijke plek voor inwoners om te wandelen, sporten en tot rust te komen.<br><br>Daarom pleiten wij voor een sterke natuurverbinding tussen Vlietland-Noord en de Leidse \u2018Tweede Groene Ring\u2019. Via een groene verbinding met de Oostvlietpolder en Polderpark Cronesteyn kan een robuust netwerk ontstaan dat goed is voor flora, fauna \u00e9n recreatie in onze regio.<br><br>Voor D66 Voorschoten staat \u00e9\u00e9n ding centraal: een groen Vlietland waar inwoners van nu \u00e9n toekomstige generaties van kunnen genieten.\t<\/p>\t  <\/div>\n\t<\/div>\n  <\/div>\n\n\t<\/div>\n\n\t<div class=\"block-post-content__sidebar\">\n\t\t\n\t\t\n\t\t\t<\/div>\n<\/section>\n\t  <\/div>\n\t<\/div>\n  <\/div>\n","protected":false},"excerpt":{"rendered":"","protected":false},"author":2040,"featured_media":1028,"comment_status":"open","ping_status":"open","sticky":false,"template":"","format":"standard","meta":{"_acf_changed":false,"footnotes":""},"categories":[1],"search-tags":[],"labels":[],"class_list":["post-1029","post","type-post","status-publish","format-standard","has-post-thumbnail","hentry","category-d66"],"acf":[],"yoast_head":"<!-- This site is optimized with the Yoast SEO plugin v27.3 - https:\/\/yoast.com\/product\/yoast-seo-wordpress\/ -->\n<title>D66 Voorschoten &#8212; D66-fracties willen blijvende bescherming en versterking van natuur Vlietland<\/title>\n<meta name=\"robots\" content=\"index, follow, max-snippet:-1, max-image-preview:large, max-video-preview:-1\" \/>\n<link rel=\"canonical\" href=\"https:\/\/d66.nl\/voorschoten\/nieuws\/d66-fracties-willen-blijvende-bescherming-en-versterking-van-natuur-vlietland\" \/>\n<meta property=\"og:locale\" content=\"nl_NL\" \/>\n<meta property=\"og:type\" content=\"article\" \/>\n<meta property=\"og:title\" content=\"D66 Voorschoten &#8212; D66-fracties willen blijvende bescherming en versterking van natuur Vlietland\" \/>\n<meta property=\"og:url\" content=\"https:\/\/d66.nl\/voorschoten\/nieuws\/d66-fracties-willen-blijvende-bescherming-en-versterking-van-natuur-vlietland\/\" \/>\n<meta property=\"og:site_name\" content=\"D66 Voorschoten\" \/>\n<meta property=\"article:published_time\" content=\"2026-02-21T16:56:19+00:00\" \/>\n<meta property=\"article:modified_time\" content=\"2026-02-21T16:58:14+00:00\" \/>\n<meta property=\"og:image\" content=\"https:\/\/media.d66.nl\/uploads\/sites\/157\/2026\/02\/D66-Vlietlanden.jpg\" \/>\n\t<meta property=\"og:image:width\" content=\"835\" \/>\n\t<meta property=\"og:image:height\" content=\"765\" \/>\n\t<meta property=\"og:image:type\" content=\"image\/jpeg\" \/>\n<meta name=\"author\" content=\"woutervanbijsterveld\" \/>\n<meta name=\"twitter:card\" content=\"summary_large_image\" \/>\n<meta name=\"twitter:label1\" content=\"Geschreven door\" \/>\n\t<meta name=\"twitter:data1\" content=\"woutervanbijsterveld\" \/>\n<script type=\"application\/ld+json\" class=\"yoast-schema-graph\">{\"@context\":\"https:\\\/\\\/schema.org\",\"@graph\":[{\"@type\":\"Article\",\"@id\":\"https:\\\/\\\/d66.nl\\\/voorschoten\\\/nieuws\\\/d66-fracties-willen-blijvende-bescherming-en-versterking-van-natuur-vlietland\\\/#article\",\"isPartOf\":{\"@id\":\"https:\\\/\\\/d66.nl\\\/voorschoten\\\/nieuws\\\/d66-fracties-willen-blijvende-bescherming-en-versterking-van-natuur-vlietland\\\/\"},\"author\":{\"name\":\"woutervanbijsterveld\",\"@id\":\"https:\\\/\\\/d66.nl\\\/voorschoten\\\/#\\\/schema\\\/person\\\/3f7e45edc8d9fc30b07cb36f71e1248e\"},\"headline\":\"D66-fracties willen blijvende bescherming en versterking van natuur Vlietland\",\"datePublished\":\"2026-02-21T16:56:19+00:00\",\"dateModified\":\"2026-02-21T16:58:14+00:00\",\"mainEntityOfPage\":{\"@id\":\"https:\\\/\\\/d66.nl\\\/voorschoten\\\/nieuws\\\/d66-fracties-willen-blijvende-bescherming-en-versterking-van-natuur-vlietland\\\/\"},\"wordCount\":10,\"commentCount\":0,\"publisher\":{\"@id\":\"https:\\\/\\\/d66.nl\\\/voorschoten\\\/#organization\"},\"image\":{\"@id\":\"https:\\\/\\\/d66.nl\\\/voorschoten\\\/nieuws\\\/d66-fracties-willen-blijvende-bescherming-en-versterking-van-natuur-vlietland\\\/#primaryimage\"},\"thumbnailUrl\":\"https:\\\/\\\/media.d66.nl\\\/uploads\\\/sites\\\/157\\\/2026\\\/02\\\/D66-Vlietlanden.jpg\",\"articleSection\":[\"D66\"],\"inLanguage\":\"nl-NL\",\"potentialAction\":[{\"@type\":\"CommentAction\",\"name\":\"Comment\",\"target\":[\"https:\\\/\\\/d66.nl\\\/voorschoten\\\/nieuws\\\/d66-fracties-willen-blijvende-bescherming-en-versterking-van-natuur-vlietland\\\/#respond\"]}]},{\"@type\":\"WebPage\",\"@id\":\"https:\\\/\\\/d66.nl\\\/voorschoten\\\/nieuws\\\/d66-fracties-willen-blijvende-bescherming-en-versterking-van-natuur-vlietland\\\/\",\"url\":\"https:\\\/\\\/d66.nl\\\/voorschoten\\\/nieuws\\\/d66-fracties-willen-blijvende-bescherming-en-versterking-van-natuur-vlietland\\\/\",\"name\":\"D66 Voorschoten &#8212; D66-fracties willen blijvende bescherming en versterking van natuur Vlietland\",\"isPartOf\":{\"@id\":\"https:\\\/\\\/d66.nl\\\/voorschoten\\\/#website\"},\"primaryImageOfPage\":{\"@id\":\"https:\\\/\\\/d66.nl\\\/voorschoten\\\/nieuws\\\/d66-fracties-willen-blijvende-bescherming-en-versterking-van-natuur-vlietland\\\/#primaryimage\"},\"image\":{\"@id\":\"https:\\\/\\\/d66.nl\\\/voorschoten\\\/nieuws\\\/d66-fracties-willen-blijvende-bescherming-en-versterking-van-natuur-vlietland\\\/#primaryimage\"},\"thumbnailUrl\":\"https:\\\/\\\/media.d66.nl\\\/uploads\\\/sites\\\/157\\\/2026\\\/02\\\/D66-Vlietlanden.jpg\",\"datePublished\":\"2026-02-21T16:56:19+00:00\",\"dateModified\":\"2026-02-21T16:58:14+00:00\",\"breadcrumb\":{\"@id\":\"https:\\\/\\\/d66.nl\\\/voorschoten\\\/nieuws\\\/d66-fracties-willen-blijvende-bescherming-en-versterking-van-natuur-vlietland\\\/#breadcrumb\"},\"inLanguage\":\"nl-NL\",\"potentialAction\":[{\"@type\":\"ReadAction\",\"target\":[\"https:\\\/\\\/d66.nl\\\/voorschoten\\\/nieuws\\\/d66-fracties-willen-blijvende-bescherming-en-versterking-van-natuur-vlietland\\\/\"]}]},{\"@type\":\"ImageObject\",\"inLanguage\":\"nl-NL\",\"@id\":\"https:\\\/\\\/d66.nl\\\/voorschoten\\\/nieuws\\\/d66-fracties-willen-blijvende-bescherming-en-versterking-van-natuur-vlietland\\\/#primaryimage\",\"url\":\"https:\\\/\\\/media.d66.nl\\\/uploads\\\/sites\\\/157\\\/2026\\\/02\\\/D66-Vlietlanden.jpg\",\"contentUrl\":\"https:\\\/\\\/media.d66.nl\\\/uploads\\\/sites\\\/157\\\/2026\\\/02\\\/D66-Vlietlanden.jpg\",\"width\":835,\"height\":765,\"caption\":\"Kaart groen Vlietlanden\"},{\"@type\":\"BreadcrumbList\",\"@id\":\"https:\\\/\\\/d66.nl\\\/voorschoten\\\/nieuws\\\/d66-fracties-willen-blijvende-bescherming-en-versterking-van-natuur-vlietland\\\/#breadcrumb\",\"itemListElement\":[{\"@type\":\"ListItem\",\"position\":1,\"name\":\"Home\",\"item\":\"https:\\\/\\\/d66.nl\\\/voorschoten\\\/\"},{\"@type\":\"ListItem\",\"position\":2,\"name\":\"Nieuws\",\"item\":\"https:\\\/\\\/d66.nl\\\/voorschoten\\\/nieuws\\\/\"},{\"@type\":\"ListItem\",\"position\":3,\"name\":\"D66-fracties willen blijvende bescherming en versterking van natuur Vlietland\"}]},{\"@type\":\"WebSite\",\"@id\":\"https:\\\/\\\/d66.nl\\\/voorschoten\\\/#website\",\"url\":\"https:\\\/\\\/d66.nl\\\/voorschoten\\\/\",\"name\":\"D66 Voorschoten\",\"description\":\"Just another D66 Sites site\",\"publisher\":{\"@id\":\"https:\\\/\\\/d66.nl\\\/voorschoten\\\/#organization\"},\"potentialAction\":[{\"@type\":\"SearchAction\",\"target\":{\"@type\":\"EntryPoint\",\"urlTemplate\":\"https:\\\/\\\/d66.nl\\\/voorschoten\\\/?s={search_term_string}\"},\"query-input\":{\"@type\":\"PropertyValueSpecification\",\"valueRequired\":true,\"valueName\":\"search_term_string\"}}],\"inLanguage\":\"nl-NL\"},{\"@type\":\"Organization\",\"@id\":\"https:\\\/\\\/d66.nl\\\/voorschoten\\\/#organization\",\"name\":\"D66\",\"url\":\"https:\\\/\\\/d66.nl\\\/voorschoten\\\/\",\"logo\":{\"@type\":\"ImageObject\",\"inLanguage\":\"nl-NL\",\"@id\":\"https:\\\/\\\/d66.nl\\\/voorschoten\\\/#\\\/schema\\\/logo\\\/image\\\/\",\"url\":\"https:\\\/\\\/d66.nl\\\/voorschoten\\\/wp-content\\\/uploads\\\/sites\\\/2\\\/2021\\\/10\\\/d66-themas-algemeen-og.png\",\"contentUrl\":\"https:\\\/\\\/d66.nl\\\/voorschoten\\\/wp-content\\\/uploads\\\/sites\\\/2\\\/2021\\\/10\\\/d66-themas-algemeen-og.png\",\"width\":1200,\"height\":628,\"caption\":\"D66\"},\"image\":{\"@id\":\"https:\\\/\\\/d66.nl\\\/voorschoten\\\/#\\\/schema\\\/logo\\\/image\\\/\"}},{\"@type\":\"Person\",\"@id\":\"https:\\\/\\\/d66.nl\\\/voorschoten\\\/#\\\/schema\\\/person\\\/3f7e45edc8d9fc30b07cb36f71e1248e\",\"name\":\"woutervanbijsterveld\",\"image\":{\"@type\":\"ImageObject\",\"inLanguage\":\"nl-NL\",\"@id\":\"https:\\\/\\\/secure.gravatar.com\\\/avatar\\\/b1094391f9c79814f510da15026990373c3ff75d3f6a7df623986d7a2b30789c?s=96&d=mm&r=g\",\"url\":\"https:\\\/\\\/secure.gravatar.com\\\/avatar\\\/b1094391f9c79814f510da15026990373c3ff75d3f6a7df623986d7a2b30789c?s=96&d=mm&r=g\",\"contentUrl\":\"https:\\\/\\\/secure.gravatar.com\\\/avatar\\\/b1094391f9c79814f510da15026990373c3ff75d3f6a7df623986d7a2b30789c?s=96&d=mm&r=g\",\"caption\":\"woutervanbijsterveld\"}}]}<\/script>\n<!-- \/ Yoast SEO plugin. -->","yoast_head_json":{"title":"D66 Voorschoten &#8212; D66-fracties willen blijvende bescherming en versterking van natuur Vlietland","robots":{"index":"index","follow":"follow","max-snippet":"max-snippet:-1","max-image-preview":"max-image-preview:large","max-video-preview":"max-video-preview:-1"},"canonical":"https:\/\/d66.nl\/voorschoten\/nieuws\/d66-fracties-willen-blijvende-bescherming-en-versterking-van-natuur-vlietland","og_locale":"nl_NL","og_type":"article","og_title":"D66 Voorschoten &#8212; D66-fracties willen blijvende bescherming en versterking van natuur Vlietland","og_url":"https:\/\/d66.nl\/voorschoten\/nieuws\/d66-fracties-willen-blijvende-bescherming-en-versterking-van-natuur-vlietland\/","og_site_name":"D66 Voorschoten","article_published_time":"2026-02-21T16:56:19+00:00","article_modified_time":"2026-02-21T16:58:14+00:00","og_image":[{"width":835,"height":765,"url":"https:\/\/media.d66.nl\/uploads\/sites\/157\/2026\/02\/D66-Vlietlanden.jpg","type":"image\/jpeg"}],"author":"woutervanbijsterveld","twitter_card":"summary_large_image","twitter_misc":{"Geschreven door":"woutervanbijsterveld"},"schema":{"@context":"https:\/\/schema.org","@graph":[{"@type":"Article","@id":"https:\/\/d66.nl\/voorschoten\/nieuws\/d66-fracties-willen-blijvende-bescherming-en-versterking-van-natuur-vlietland\/#article","isPartOf":{"@id":"https:\/\/d66.nl\/voorschoten\/nieuws\/d66-fracties-willen-blijvende-bescherming-en-versterking-van-natuur-vlietland\/"},"author":{"name":"woutervanbijsterveld","@id":"https:\/\/d66.nl\/voorschoten\/#\/schema\/person\/3f7e45edc8d9fc30b07cb36f71e1248e"},"headline":"D66-fracties willen blijvende bescherming en versterking van natuur Vlietland","datePublished":"2026-02-21T16:56:19+00:00","dateModified":"2026-02-21T16:58:14+00:00","mainEntityOfPage":{"@id":"https:\/\/d66.nl\/voorschoten\/nieuws\/d66-fracties-willen-blijvende-bescherming-en-versterking-van-natuur-vlietland\/"},"wordCount":10,"commentCount":0,"publisher":{"@id":"https:\/\/d66.nl\/voorschoten\/#organization"},"image":{"@id":"https:\/\/d66.nl\/voorschoten\/nieuws\/d66-fracties-willen-blijvende-bescherming-en-versterking-van-natuur-vlietland\/#primaryimage"},"thumbnailUrl":"https:\/\/media.d66.nl\/uploads\/sites\/157\/2026\/02\/D66-Vlietlanden.jpg","articleSection":["D66"],"inLanguage":"nl-NL","potentialAction":[{"@type":"CommentAction","name":"Comment","target":["https:\/\/d66.nl\/voorschoten\/nieuws\/d66-fracties-willen-blijvende-bescherming-en-versterking-van-natuur-vlietland\/#respond"]}]},{"@type":"WebPage","@id":"https:\/\/d66.nl\/voorschoten\/nieuws\/d66-fracties-willen-blijvende-bescherming-en-versterking-van-natuur-vlietland\/","url":"https:\/\/d66.nl\/voorschoten\/nieuws\/d66-fracties-willen-blijvende-bescherming-en-versterking-van-natuur-vlietland\/","name":"D66 Voorschoten &#8212; D66-fracties willen blijvende bescherming en versterking van natuur Vlietland","isPartOf":{"@id":"https:\/\/d66.nl\/voorschoten\/#website"},"primaryImageOfPage":{"@id":"https:\/\/d66.nl\/voorschoten\/nieuws\/d66-fracties-willen-blijvende-bescherming-en-versterking-van-natuur-vlietland\/#primaryimage"},"image":{"@id":"https:\/\/d66.nl\/voorschoten\/nieuws\/d66-fracties-willen-blijvende-bescherming-en-versterking-van-natuur-vlietland\/#primaryimage"},"thumbnailUrl":"https:\/\/media.d66.nl\/uploads\/sites\/157\/2026\/02\/D66-Vlietlanden.jpg","datePublished":"2026-02-21T16:56:19+00:00","dateModified":"2026-02-21T16:58:14+00:00","breadcrumb":{"@id":"https:\/\/d66.nl\/voorschoten\/nieuws\/d66-fracties-willen-blijvende-bescherming-en-versterking-van-natuur-vlietland\/#breadcrumb"},"inLanguage":"nl-NL","potentialAction":[{"@type":"ReadAction","target":["https:\/\/d66.nl\/voorschoten\/nieuws\/d66-fracties-willen-blijvende-bescherming-en-versterking-van-natuur-vlietland\/"]}]},{"@type":"ImageObject","inLanguage":"nl-NL","@id":"https:\/\/d66.nl\/voorschoten\/nieuws\/d66-fracties-willen-blijvende-bescherming-en-versterking-van-natuur-vlietland\/#primaryimage","url":"https:\/\/media.d66.nl\/uploads\/sites\/157\/2026\/02\/D66-Vlietlanden.jpg","contentUrl":"https:\/\/media.d66.nl\/uploads\/sites\/157\/2026\/02\/D66-Vlietlanden.jpg","width":835,"height":765,"caption":"Kaart groen Vlietlanden"},{"@type":"BreadcrumbList","@id":"https:\/\/d66.nl\/voorschoten\/nieuws\/d66-fracties-willen-blijvende-bescherming-en-versterking-van-natuur-vlietland\/#breadcrumb","itemListElement":[{"@type":"ListItem","position":1,"name":"Home","item":"https:\/\/d66.nl\/voorschoten\/"},{"@type":"ListItem","position":2,"name":"Nieuws","item":"https:\/\/d66.nl\/voorschoten\/nieuws\/"},{"@type":"ListItem","position":3,"name":"D66-fracties willen blijvende bescherming en versterking van natuur Vlietland"}]},{"@type":"WebSite","@id":"https:\/\/d66.nl\/voorschoten\/#website","url":"https:\/\/d66.nl\/voorschoten\/","name":"D66 Voorschoten","description":"Just another D66 Sites site","publisher":{"@id":"https:\/\/d66.nl\/voorschoten\/#organization"},"potentialAction":[{"@type":"SearchAction","target":{"@type":"EntryPoint","urlTemplate":"https:\/\/d66.nl\/voorschoten\/?s={search_term_string}"},"query-input":{"@type":"PropertyValueSpecification","valueRequired":true,"valueName":"search_term_string"}}],"inLanguage":"nl-NL"},{"@type":"Organization","@id":"https:\/\/d66.nl\/voorschoten\/#organization","name":"D66","url":"https:\/\/d66.nl\/voorschoten\/","logo":{"@type":"ImageObject","inLanguage":"nl-NL","@id":"https:\/\/d66.nl\/voorschoten\/#\/schema\/logo\/image\/","url":"https:\/\/d66.nl\/voorschoten\/wp-content\/uploads\/sites\/2\/2021\/10\/d66-themas-algemeen-og.png","contentUrl":"https:\/\/d66.nl\/voorschoten\/wp-content\/uploads\/sites\/2\/2021\/10\/d66-themas-algemeen-og.png","width":1200,"height":628,"caption":"D66"},"image":{"@id":"https:\/\/d66.nl\/voorschoten\/#\/schema\/logo\/image\/"}},{"@type":"Person","@id":"https:\/\/d66.nl\/voorschoten\/#\/schema\/person\/3f7e45edc8d9fc30b07cb36f71e1248e","name":"woutervanbijsterveld","image":{"@type":"ImageObject","inLanguage":"nl-NL","@id":"https:\/\/secure.gravatar.com\/avatar\/b1094391f9c79814f510da15026990373c3ff75d3f6a7df623986d7a2b30789c?s=96&d=mm&r=g","url":"https:\/\/secure.gravatar.com\/avatar\/b1094391f9c79814f510da15026990373c3ff75d3f6a7df623986d7a2b30789c?s=96&d=mm&r=g","contentUrl":"https:\/\/secure.gravatar.com\/avatar\/b1094391f9c79814f510da15026990373c3ff75d3f6a7df623986d7a2b30789c?s=96&d=mm&r=g","caption":"woutervanbijsterveld"}}]}},"_links":{"self":[{"href":"https:\/\/d66.nl\/voorschoten\/wp-json\/wp\/v2\/posts\/1029","targetHints":{"allow":["GET"]}}],"collection":[{"href":"https:\/\/d66.nl\/voorschoten\/wp-json\/wp\/v2\/posts"}],"about":[{"href":"https:\/\/d66.nl\/voorschoten\/wp-json\/wp\/v2\/types\/post"}],"author":[{"embeddable":true,"href":"https:\/\/d66.nl\/voorschoten\/wp-json\/wp\/v2\/users\/2040"}],"replies":[{"embeddable":true,"href":"https:\/\/d66.nl\/voorschoten\/wp-json\/wp\/v2\/comments?post=1029"}],"version-history":[{"count":4,"href":"https:\/\/d66.nl\/voorschoten\/wp-json\/wp\/v2\/posts\/1029\/revisions"}],"predecessor-version":[{"id":1033,"href":"https:\/\/d66.nl\/voorschoten\/wp-json\/wp\/v2\/posts\/1029\/revisions\/1033"}],"wp:featuredmedia":[{"embeddable":true,"href":"https:\/\/d66.nl\/voorschoten\/wp-json\/wp\/v2\/media\/1028"}],"wp:attachment":[{"href":"https:\/\/d66.nl\/voorschoten\/wp-json\/wp\/v2\/media?parent=1029"}],"wp:term":[{"taxonomy":"category","embeddable":true,"href":"https:\/\/d66.nl\/voorschoten\/wp-json\/wp\/v2\/categories?post=1029"},{"taxonomy":"search-tags","embeddable":true,"href":"https:\/\/d66.nl\/voorschoten\/wp-json\/wp\/v2\/search-tags?post=1029"},{"taxonomy":"labels","embeddable":true,"href":"https:\/\/d66.nl\/voorschoten\/wp-json\/wp\/v2\/labels?post=1029"}],"curies":[{"name":"wp","href":"https:\/\/api.w.org\/{rel}","templated":true}]}}