{"id":1083,"date":"2026-02-26T23:58:48","date_gmt":"2026-02-26T23:58:48","guid":{"rendered":"https:\/\/d66.nl\/voerendaal\/nieuws\/"},"modified":"2026-02-27T00:50:17","modified_gmt":"2026-02-27T00:50:17","slug":"terugkoppeling-raadsvergadering-26-februari-2026","status":"publish","type":"post","link":"https:\/\/d66.nl\/voerendaal\/nieuws\/terugkoppeling-raadsvergadering-26-februari-2026","title":{"rendered":"Terugkoppeling Raadsvergadering 26 februari 2026"},"content":{"rendered":"<div\n  id=\"\"\n  class=\"wrapper  wrapper__spacing-bottom-large--30 wrapper__spacing-bottom-desktop--20 wrapper__spacing-bottom-mobile--20  wrapper__gutter--none\"\n  >\n  \t<div class=\"wrapper__container wrapper__container-width-large--default\">\n\t  <div class=\"wrapper__inner wrapper__width-large--14 wrapper__width-desktop--20 wrapper__width-mobile--24 wrapper__offset-large--6 wrapper__offset-desktop--2 wrapper__offset-mobile--0\">\n\t\t<h1 class=\"heading   heading__size--giant heading__font--serif heading__weight--regular  block-heading__heading\" id=\"nav-terugkoppeling-raadsvergadering8643\"  data-nav-heading-mobile=\"Terugkoppeling raadsvergadering\" >\n\tTerugkoppeling raadsvergadering<\/h1>\t  <\/div>\n\t<\/div>\n  <\/div>\n\n\n<div\n  id=\"\"\n  class=\"wrapper  wrapper__spacing-bottom-large--20 wrapper__spacing-bottom-desktop--10 wrapper__spacing-bottom-mobile--10  wrapper__gutter--none\"\n  >\n  \t<div class=\"wrapper__container wrapper__container-width-large--default\">\n\t  <div class=\"wrapper__inner wrapper__width-large--13 wrapper__width-desktop--20 wrapper__width-mobile--24 wrapper__offset-large--6 wrapper__offset-desktop--2 wrapper__offset-mobile--0\">\n\t\t<p\n\t\tclass=\"paragraph   paragraph__size--big   block-paragraph__paragraph\"\n\t\t\t>\n\t\t\t<\/p>\t  <\/div>\n\t<\/div>\n  <\/div>\n\n\n<div\n  id=\"\"\n  class=\"wrapper wrapper__spacing-top-large--30 wrapper__spacing-top-desktop--10 wrapper__spacing-top-mobile--10 wrapper__spacing-bottom-large--30 wrapper__spacing-bottom-desktop--10 wrapper__spacing-bottom-mobile--10  wrapper__gutter--none\"\n  >\n  \t<div class=\"wrapper__container wrapper__container-width-large--default\">\n\t  <div class=\"wrapper__inner wrapper__width-large--24 wrapper__width-mobile--24\">\n\t\t<section class=\"block-video\">\n\t<div\n\t\tclass=\"block-video__video-wrapper\"\n\t\tstyle=\"background-image: url('https:\/\/media.d66.nl\/uploads\/sites\/212\/2026\/02\/Foto-Raadsvergadering-2602-scaled.jpeg')\"\n\t>\n\t\t\t<\/div>\n\n\t\t\t<div class=\"block-video__caption-wrapper\">\n\t\t\t<div class=\"block-video__caption\">\n\t\t\t\t<p class=\"paragraph paragraph__align--left paragraph__color--black paragraph__size--small paragraph__weight--medium\">\n\t\tFoto voor start raadsvergadering 26 februari. <i>&#x2022;<\/i> Beeld: Ruud Keijbets\t<\/p>\t\t\t<\/div>\n\t\t<\/div>\n\t\n<\/section>\n\n\t  <\/div>\n\t<\/div>\n  <\/div>\n\n\n<div\n  id=\"\"\n  class=\"wrapper  wrapper__spacing-bottom-large--20 wrapper__spacing-bottom-desktop--50 wrapper__spacing-bottom-mobile--10  wrapper__gutter--none\"\n  >\n  \t<div class=\"wrapper__container wrapper__container-width-large--default\">\n\t  <div class=\"wrapper__inner wrapper__width-large--14 wrapper__width-desktop--24 wrapper__width-mobile--24 wrapper__offset-large--6 wrapper__offset-desktop--2 wrapper__offset-mobile--0\">\n\t\t<section class=\"block-related-post-metadata js-block-related-post-metadata\">\n\t<div class=\"block-related-post-metadata__content-wrapper\">\n\t\t<div class=\"block-related-post-metadata__persons\">\n\t\t\t\t\t<\/div>\n\t\t<div class=\"block-related-post-metadata__meta\">\n\t\t\t<div class=\"block-related-post-metadata__date\">\n\t\t\t\t26.02.2026<div class=\"post-share js-post-share rs_skip_always\">\n\t<button class=\"post-share__share-button js-post-share-share-button\">\n\t\tShare\t\t<svg xmlns='http:\/\/www.w3.org\/2000\/svg' width='100px' height='100px' viewBox='0 0 24 24' fill='none'><path d='m8.684 10.658 6.629-3.314m.003 9.314-6.622-3.311M21 6a3 3 0 1 1-6 0 3 3 0 0 1 6 0ZM9 12a3 3 0 1 1-6 0 3 3 0 0 1 6 0Zm12 6a3 3 0 1 1-6 0 3 3 0 0 1 6 0Z' stroke='currentColor' stroke-width='1.5' fill='none'\/><\/svg>\t<\/button>\n\t<dialog class=\"post-share__dialog js-post-share-dialog\" aria-hidden=\"true\">\n\t\t<div class=\"post-share__dialog-header\">\n\t\t\tShare this post\t\t\t<button class=\"post-share__dialog-close js-post-share-dialog-close\">\n\t\t\t\t<svg xmlns='http:\/\/www.w3.org\/2000\/svg' width='150' height='150' viewBox='0 0 150 150' fill='none'><path d='M44.103 105.897 75 75m30.898-30.898L75 75m0 0L44.103 44.102M75 75l30.898 30.897' stroke='currentColor' stroke-width='5' fill='none'\/><\/svg>\t\t\t<\/button>\n\t\t<\/div>\n\t\t<div class=\"post-share__dialog-socials\">\n\t\t\t\t\t\t\t\t\t\t\t<a class=\"post-share__dialog-item js-post-share-dialog-item\" href=\"#\" target=\"_blank\" data-copy=&quot;true&quot;>\n\t\t\t\t\tKopier link<svg xmlns='http:\/\/www.w3.org\/2000\/svg' width='150' height='150' viewBox='0 0 150 150' fill='none'><path d='M67.468 108.679c-8.533-.512-14.164-3.583-17.407-9.983-3.242-6.314-2.815-12.713 1.195-18.6 1.706-2.56 3.584-5.035 5.46-7.594 1.537-2.048 3.584-2.475 5.462-1.195 2.047 1.45 2.389 3.498.938 5.632-1.706 2.474-3.584 4.948-5.29 7.423-3.242 4.778-2.304 11.092 2.133 14.334 4.864 3.584 11.092 2.731 14.761-1.962 1.963-2.475 3.754-5.12 5.632-7.68 1.194-1.535 2.645-2.218 4.607-1.28 1.792.854 2.645 2.39 2.304 4.267 0 .17 0 .427-.17.597-3.67 5.12-6.4 11.178-12.544 13.993-2.56 1.195-5.46 1.707-6.996 2.219l-.085-.171Z' fill='currentColor'\/><path d='M86.921 44.6c6.144.257 11.605 3.328 14.932 9.728 3.328 6.399 2.816 12.798-1.109 18.856-1.621 2.56-3.498 4.95-5.29 7.424-1.707 2.303-3.754 2.815-5.717 1.45-2.048-1.45-2.304-3.669-.597-6.058 1.621-2.304 3.328-4.608 4.949-6.911 3.498-4.95 2.56-11.348-2.133-14.761-4.779-3.499-11.178-2.475-14.847 2.56-1.792 2.388-3.498 4.863-5.205 7.252-1.62 2.218-3.583 2.56-5.546 1.11-1.877-1.366-2.218-3.414-.768-5.462 2.048-2.986 4.01-5.972 6.314-8.703 3.67-4.351 8.448-6.399 15.103-6.399l-.086-.085Z' fill='currentColor'\/><path d='M71.478 88.457c-3.498-.341-5.46-3.413-3.754-6.143 3.327-5.29 6.825-10.495 10.324-15.7 1.45-2.133 3.413-2.389 5.46-1.109 1.878 1.28 2.219 3.413.854 5.546-3.328 5.034-6.57 9.983-9.983 14.932-.683 1.024-1.963 1.621-2.901 2.389v.085Z' fill='currentColor'\/><\/svg>\t\t\t\t<\/a>\n\t\t\t\t\t\t\t\t\t\t\t<a class=\"post-share__dialog-item js-post-share-dialog-item\" href=\"mailto:?to=%20&amp;body=https%3A%2F%2Fd66.nl%2Fvoerendaal%2Fnieuws%2Fterugkoppeling-raadsvergadering-26-februari-2026\" target=\"_blank\" >\n\t\t\t\t\tMail<svg xmlns='http:\/\/www.w3.org\/2000\/svg' width='40' height='40' viewBox='0 0 40 40' fill='none'><path d='M24.107 15.865a1 1 0 0 1 1.266 1.265l-1.686 5.052a1 1 0 0 1-1.654.392l-3.37-3.37a1.001 1.001 0 0 1 .392-1.654l5.052-1.685Z' fill='currentColor'\/><path d='m21.763 19.475-5.657 5.657' stroke='currentColor' stroke-width='2' stroke-linecap='round' fill='none'\/><\/svg>\t\t\t\t<\/a>\n\t\t\t\t\t\t\t\t\t\t\t<a class=\"post-share__dialog-item js-post-share-dialog-item\" href=\"https:\/\/www.linkedin.com\/sharing\/share-offsite\/?url=https%3A%2F%2Fd66.nl%2Fvoerendaal%2Fnieuws%2Fterugkoppeling-raadsvergadering-26-februari-2026\" target=\"_blank\" >\n\t\t\t\t\tLinkedIn<svg xmlns='http:\/\/www.w3.org\/2000\/svg' width='40' height='40' viewBox='0 0 40 40' fill='none'><path d='M24.107 15.865a1 1 0 0 1 1.266 1.265l-1.686 5.052a1 1 0 0 1-1.654.392l-3.37-3.37a1.001 1.001 0 0 1 .392-1.654l5.052-1.685Z' fill='currentColor'\/><path d='m21.763 19.475-5.657 5.657' stroke='currentColor' stroke-width='2' stroke-linecap='round' fill='none'\/><\/svg>\t\t\t\t<\/a>\n\t\t\t\t\t\t\t\t\t\t\t<a class=\"post-share__dialog-item js-post-share-dialog-item\" href=\"https:\/\/www.facebook.com\/sharer\/sharer.php?u=https%3A%2F%2Fd66.nl%2Fvoerendaal%2Fnieuws%2Fterugkoppeling-raadsvergadering-26-februari-2026\" target=\"_blank\" >\n\t\t\t\t\tFacebook<svg xmlns='http:\/\/www.w3.org\/2000\/svg' width='40' height='40' viewBox='0 0 40 40' fill='none'><path d='M24.107 15.865a1 1 0 0 1 1.266 1.265l-1.686 5.052a1 1 0 0 1-1.654.392l-3.37-3.37a1.001 1.001 0 0 1 .392-1.654l5.052-1.685Z' fill='currentColor'\/><path d='m21.763 19.475-5.657 5.657' stroke='currentColor' stroke-width='2' stroke-linecap='round' fill='none'\/><\/svg>\t\t\t\t<\/a>\n\t\t\t\t\t\t\t\t\t\t\t<a class=\"post-share__dialog-item js-post-share-dialog-item\" href=\"whatsapp:\/\/send?text=https%3A%2F%2Fd66.nl%2Fvoerendaal%2Fnieuws%2Fterugkoppeling-raadsvergadering-26-februari-2026\" target=\"_blank\" >\n\t\t\t\t\tWhatsApp<svg xmlns='http:\/\/www.w3.org\/2000\/svg' width='40' height='40' viewBox='0 0 40 40' fill='none'><path d='M24.107 15.865a1 1 0 0 1 1.266 1.265l-1.686 5.052a1 1 0 0 1-1.654.392l-3.37-3.37a1.001 1.001 0 0 1 .392-1.654l5.052-1.685Z' fill='currentColor'\/><path d='m21.763 19.475-5.657 5.657' stroke='currentColor' stroke-width='2' stroke-linecap='round' fill='none'\/><\/svg>\t\t\t\t<\/a>\n\t\t\t\t\t\t\t\t\t\t\t<a class=\"post-share__dialog-item js-post-share-dialog-item\" href=\"https:\/\/x.com\/intent\/post?url=https%3A%2F%2Fd66.nl%2Fvoerendaal%2Fnieuws%2Fterugkoppeling-raadsvergadering-26-februari-2026\" target=\"_blank\" >\n\t\t\t\t\tTwitter (X)<svg xmlns='http:\/\/www.w3.org\/2000\/svg' width='40' height='40' viewBox='0 0 40 40' fill='none'><path d='M24.107 15.865a1 1 0 0 1 1.266 1.265l-1.686 5.052a1 1 0 0 1-1.654.392l-3.37-3.37a1.001 1.001 0 0 1 .392-1.654l5.052-1.685Z' fill='currentColor'\/><path d='m21.763 19.475-5.657 5.657' stroke='currentColor' stroke-width='2' stroke-linecap='round' fill='none'\/><\/svg>\t\t\t\t<\/a>\n\t\t\t\t\t<\/div>\n\t<\/dialog>\n<\/div>\t\t\t<\/div>\n\t\t\t<div class=\"block-related-post-metadata__categories\">\n\t\t\t\t<div class=\"category-link__wrapper\">\n\t\t\t<div class=\"category-link__item\">\n\t\t\t<a href=\"https:\/\/d66.nl\/voerendaal\/category\/d66\/\">\n\t\t\t\tD66\t\t\t<\/a>\n\t\t<\/div>\n\t\t<\/div>\t\t\t<\/div>\n\t\t<\/div>\n\t<\/div>\n<\/section>\n\t  <\/div>\n\t<\/div>\n  <\/div>\n\n\n<div\n  id=\"\"\n  class=\"wrapper  wrapper__spacing-bottom-large--20 wrapper__spacing-bottom-desktop--10 wrapper__spacing-bottom-mobile--10  wrapper__gutter--none\"\n  >\n  \t<div class=\"wrapper__container wrapper__container-width-large--default\">\n\t  <div class=\"wrapper__inner wrapper__width-large--18 wrapper__width-desktop--22 wrapper__width-mobile--24 wrapper__offset-large--6 wrapper__offset-desktop--2 wrapper__offset-mobile--0\">\n\t\t<section class=\"block-post-content\">\n\t<div class=\"block-post-content__title\">\n\t\t<h3 class=\"heading  heading__color--black heading__size--medium heading__font--sans heading__weight--bold  block-post-content__heading\" id=\"nav-inleiding6718\" data-nav-heading-mobile=\"Inleiding\">\n\tInleiding<\/h3>\t<\/div>\n\t<div class=\"block-post-content__content\">\n\t\t\n<div\n  id=\"\"\n  class=\"wrapper  wrapper__spacing-bottom-large--30 wrapper__spacing-bottom-desktop--20  wrapper__gutter--none\"\n  >\n  \t<div class=\"wrapper__container wrapper__container-width-large--default\">\n\t  <div class=\"wrapper__inner wrapper__width-large--24 wrapper__width-mobile--24\">\n\t\t<p\n\t\tclass=\"paragraph paragraph__align--left paragraph__color--black paragraph__size--default   block-paragraph__paragraph\"\n\t\t\t>\n\t\tTijdens de raadsvergadering van 26 februari hebben wij ons uitgesproken over een aantal belangrijke dossiers voor onze gemeente. Hieronder een overzicht van onze inbreng en stemverklaringen bij de agendapunten die niet als hamerstuk zijn behandeld. Ook vinden jullie een toelichting op de motie die wij hebben ingediend bij deze raadsvergadering.\t<\/p>\t  <\/div>\n\t<\/div>\n  <\/div>\n\n\t<\/div>\n\n\t<div class=\"block-post-content__sidebar\">\n\t\t\n\t\t\n\t\t\t<\/div>\n<\/section>\n\t  <\/div>\n\t<\/div>\n  <\/div>\n\n\n<div\n  id=\"\"\n  class=\"wrapper  wrapper__spacing-bottom-large--20 wrapper__spacing-bottom-desktop--10 wrapper__spacing-bottom-mobile--10  wrapper__gutter--none\"\n  >\n  \t<div class=\"wrapper__container wrapper__container-width-large--default\">\n\t  <div class=\"wrapper__inner wrapper__width-large--18 wrapper__width-desktop--22 wrapper__width-mobile--24 wrapper__offset-large--6 wrapper__offset-desktop--2 wrapper__offset-mobile--0\">\n\t\t<section class=\"block-post-content\">\n\t<div class=\"block-post-content__title\">\n\t\t<h3 class=\"heading  heading__color--black heading__size--medium heading__font--sans heading__weight--bold  block-post-content__heading\" id=\"nav--strong-extern-feitenonderzoek--strong-1154\" data-nav-heading-mobile=\"Extern feitenonderzoek\">\n\t<strong>Extern feitenonderzoek<\/strong><\/h3>\t<\/div>\n\t<div class=\"block-post-content__content\">\n\t\t\n<div\n  id=\"\"\n  class=\"wrapper  wrapper__spacing-bottom-large--30 wrapper__spacing-bottom-desktop--20  wrapper__gutter--none\"\n  >\n  \t<div class=\"wrapper__container wrapper__container-width-large--default\">\n\t  <div class=\"wrapper__inner wrapper__width-large--24 wrapper__width-mobile--24\">\n\t\t<p\n\t\tclass=\"paragraph paragraph__align--left paragraph__color--black paragraph__size--default   block-paragraph__paragraph\"\n\t\t\t>\n\t\tWij hebben ingestemd met het voorstel om het externe feitenonderzoek vast te stellen. Tegelijkertijd hebben wij nadrukkelijk aandacht gevraagd voor de procesgang.<br><br>Wat ons betreft had dit dossier eerst in vertrouwen besproken moeten worden in een seniorenconvent, zeker gezien de gevoeligheid rond integriteit en bestuurlijke verhoudingen. De rapportage werd zeer kort voorafgaand aan de besluitvorming toegezonden en zonder duidelijke aankondiging op de agenda geplaatst.<br><br>Daarnaast hebben wij aangegeven dat het onderzoek zich uitsluitend op fase twee heeft gericht, terwijl wat ons betreft een integrale beoordeling van fase \u00e9\u00e9n \u00e9n twee noodzakelijk was geweest voor volledige transparantie.<br><br>Wij hebben ingestemd met het raadsvoorstel om dit dossier zorgvuldig af te ronden, maar hebben de motie van Democraten Voerendaal niet gesteund. Deze werd naar onze mening te laat ingediend en nam onnodig positie in, binnen een persoonlijke kwestie.\t<\/p>\t  <\/div>\n\t<\/div>\n  <\/div>\n\n\t<\/div>\n\n\t<div class=\"block-post-content__sidebar\">\n\t\t\n\t\t\n\t\t\t<\/div>\n<\/section>\n\t  <\/div>\n\t<\/div>\n  <\/div>\n\n\n<div\n  id=\"\"\n  class=\"wrapper  wrapper__spacing-bottom-large--50 wrapper__spacing-bottom-desktop--70 wrapper__spacing-bottom-mobile--50  wrapper__gutter--none\"\n  >\n  \t<div class=\"wrapper__container wrapper__container-width-large--default\">\n\t  <div class=\"wrapper__inner wrapper__width-large--18 wrapper__width-desktop--22 wrapper__width-mobile--24 wrapper__offset-large--6 wrapper__offset-desktop--2 wrapper__offset-mobile--0\">\n\t\t<section class=\"block-post-content\">\n\t<div class=\"block-post-content__title\">\n\t\t<h3 class=\"heading  heading__color--black heading__size--medium heading__font--sans heading__weight--bold  block-post-content__heading\" id=\"nav--strong-visie-opvang-en-beschermd-wonen-parkstad---strong--br--strong-2026---2035--strong-1727\" data-nav-heading-mobile=\"Visie Opvang en Beschermd Wonen Parkstad 2026\u20132035\">\n\t<strong>Visie Opvang en Beschermd Wonen Parkstad <\/strong><br><strong>2026\u20132035<\/strong><\/h3>\t<\/div>\n\t<div class=\"block-post-content__content\">\n\t\t\n<div\n  id=\"\"\n  class=\"wrapper  wrapper__spacing-bottom-large--30 wrapper__spacing-bottom-desktop--20  wrapper__gutter--none\"\n  >\n  \t<div class=\"wrapper__container wrapper__container-width-large--default\">\n\t  <div class=\"wrapper__inner wrapper__width-large--24 wrapper__width-mobile--24\">\n\t\t<p\n\t\tclass=\"paragraph paragraph__align--left paragraph__color--black paragraph__size--default   block-paragraph__paragraph\"\n\t\t\t>\n\t\tBij de regionale visie voor opvang en beschermd wonen hebben wij ingestemd met het voorstel. D66 Voerendaal staat open voor opvang van kwetsbare inwoners.<br><br>Tegelijkertijd hebben wij een belangrijke zorg uitgesproken over de uitvoerbaarheid. Goede beleidsplannen zijn belangrijk, maar zonder concrete uitvoeringsplannen, monitoring en duidelijke resultaat-verantwoordelijkheid blijven het papieren ambities. <br><br>Wij hebben daarbij expliciet verwezen naar de situatie rond de Skaeve Huse in Ubachsberg: twee woningen die zijn gerealiseerd, maar nooit in gebruik zijn genomen. Dit heeft geleid tot maat-schappelijke onrust en wordt breed gezien als kapitaal-vernietiging. Juist dit voorbeeld laat zien dat het niet alleen gaat om het vaststellen van beleid, maar om zorgvuldige uitvoering, draagvlak, monitoring en bijsturing.<br><br>Onze oproep aan het college is daarom helder: zorg bij de implementatie van deze visie voor concrete uitvoeringsplannen met heldere tijdslijnen en meetbare doelen. Alleen zo voorkomen we dat mooie beleidsdoelen stranden v\u00f3\u00f3r ze effect hebben voor de mensen voor wie ze bedoeld zijn. Daarbij zijn wij zeker voorstander van opvang van deze mensen binnen onze gemeente. Solidariteit eindigt namelijk niet bij onze gemeentegrenzen.\t<\/p>\t  <\/div>\n\t<\/div>\n  <\/div>\n\n\t<\/div>\n\n\t<div class=\"block-post-content__sidebar\">\n\t\t\n\t\t\n\t\t\t<\/div>\n<\/section>\n\t  <\/div>\n\t<\/div>\n  <\/div>\n\n\n<div\n  id=\"\"\n  class=\"wrapper  wrapper__spacing-bottom-large--50 wrapper__spacing-bottom-desktop--70 wrapper__spacing-bottom-mobile--50  wrapper__gutter--none\"\n  >\n  \t<div class=\"wrapper__container wrapper__container-width-large--default\">\n\t  <div class=\"wrapper__inner wrapper__width-large--18 wrapper__width-desktop--22 wrapper__width-mobile--24 wrapper__offset-large--6 wrapper__offset-desktop--2 wrapper__offset-mobile--0\">\n\t\t<section class=\"block-post-content\">\n\t<div class=\"block-post-content__title\">\n\t\t<h3 class=\"heading  heading__color--black heading__size--medium heading__font--sans heading__weight--bold  block-post-content__heading\" id=\"nav--strong-financi--le-bijdrage-borging-continu--teit--mutsaersstichting---strong-8683\" data-nav-heading-mobile=\"Financi\u00eble bijdrage borging continu\u00efteit (Mutsaersstichting)\">\n\t<strong>Financi\u00eble bijdrage borging continu\u00efteit (Mutsaersstichting)<\/strong><\/h3>\t<\/div>\n\t<div class=\"block-post-content__content\">\n\t\t\n<div\n  id=\"\"\n  class=\"wrapper  wrapper__spacing-bottom-large--30 wrapper__spacing-bottom-desktop--20  wrapper__gutter--none\"\n  >\n  \t<div class=\"wrapper__container wrapper__container-width-large--default\">\n\t  <div class=\"wrapper__inner wrapper__width-large--24 wrapper__width-mobile--24\">\n\t\t<p\n\t\tclass=\"paragraph paragraph__align--left paragraph__color--black paragraph__size--default   block-paragraph__paragraph\"\n\t\t\t>\n\t\tDe raad besloot tot een financi\u00eble bijdrage van \u20ac 11.992 voor de borging van specialistische jeugdzorg via de Mutsaersstichting.<br>Voor D66 stond de zorgcontinu\u00efteit voor kwetsbare jongeren centraal. Niet handelen zou risico\u2019s op zorgonderbreking en langere wachtlijsten met zich meebrengen.<br><br>Wij hebben ingestemd, onder strikte voorwaarden: stevige monitoring, duidelijke evaluatiemomenten, deelname aan het Early Warning System, en het nadrukkelijk uitzonderlijke karakter van deze maatregel.<br><br>Dit mag geen precedent worden, maar is wat ons betreft een noodzakelijke noodmaatregel vanuit onze zorgplicht.\t<\/p>\t  <\/div>\n\t<\/div>\n  <\/div>\n\n\t<\/div>\n\n\t<div class=\"block-post-content__sidebar\">\n\t\t\n\t\t\n\t\t\t<\/div>\n<\/section>\n\t  <\/div>\n\t<\/div>\n  <\/div>\n\n\n<div\n  id=\"\"\n  class=\"wrapper  wrapper__spacing-bottom-large--50 wrapper__spacing-bottom-desktop--70 wrapper__spacing-bottom-mobile--50  wrapper__gutter--none\"\n  >\n  \t<div class=\"wrapper__container wrapper__container-width-large--default\">\n\t  <div class=\"wrapper__inner wrapper__width-large--18 wrapper__width-desktop--22 wrapper__width-mobile--24 wrapper__offset-large--6 wrapper__offset-desktop--2 wrapper__offset-mobile--0\">\n\t\t<section class=\"block-post-content\">\n\t<div class=\"block-post-content__title\">\n\t\t<h3 class=\"heading  heading__color--black heading__size--medium heading__font--sans heading__weight--bold  block-post-content__heading\" id=\"nav--strong-paraplubestemmingsplan-hoogzitten--strong-6287\" data-nav-heading-mobile=\"Paraplubestemmingsplan Hoogzitten\">\n\t<strong>Paraplubestemmingsplan Hoogzitten<\/strong><\/h3>\t<\/div>\n\t<div class=\"block-post-content__content\">\n\t\t\n<div\n  id=\"\"\n  class=\"wrapper  wrapper__spacing-bottom-large--30 wrapper__spacing-bottom-desktop--20  wrapper__gutter--none\"\n  >\n  \t<div class=\"wrapper__container wrapper__container-width-large--default\">\n\t  <div class=\"wrapper__inner wrapper__width-large--24 wrapper__width-mobile--24\">\n\t\t<p\n\t\tclass=\"paragraph paragraph__align--left paragraph__color--black paragraph__size--default   block-paragraph__paragraph\"\n\t\t\t>\n\t\tDe raad stelde het paraplubestemmingsplan voor hoogzitten vast. Dit plan regelt de ruimtelijke kaders \u2014 niet de jacht zelf. Wij vinden het belangrijk dat goed faunabeheer mogelijk blijft, met oog voor veiligheid, privacy en leefomgeving. <br><br>Positief is dat naar aanleiding van zienswijzen aanpassingen zijn gedaan, zoals:<br>&#8211; een minimale afstand van 100 meter tot woningen;<br>&#8211; extra waarborgen rond de faunamigratievoorziening bij Terworm.<br><br>Met deze wijzigingen vinden wij dat een goede balans is gevonden tussen veiligheid, privacy en werkbaar wildbeheer. Daarom hebben wij ingestemd met het voorstel.\t<\/p>\t  <\/div>\n\t<\/div>\n  <\/div>\n\n\t<\/div>\n\n\t<div class=\"block-post-content__sidebar\">\n\t\t\n\t\t\n\t\t\t<\/div>\n<\/section>\n\t  <\/div>\n\t<\/div>\n  <\/div>\n\n\n<div\n  id=\"\"\n  class=\"wrapper  wrapper__spacing-bottom-large--50 wrapper__spacing-bottom-desktop--70 wrapper__spacing-bottom-mobile--50  wrapper__gutter--none\"\n  >\n  \t<div class=\"wrapper__container wrapper__container-width-large--default\">\n\t  <div class=\"wrapper__inner wrapper__width-large--18 wrapper__width-desktop--22 wrapper__width-mobile--24 wrapper__offset-large--6 wrapper__offset-desktop--2 wrapper__offset-mobile--0\">\n\t\t<section class=\"block-post-content\">\n\t<div class=\"block-post-content__title\">\n\t\t<h3 class=\"heading  heading__color--black heading__size--medium heading__font--sans heading__weight--bold  block-post-content__heading\" id=\"nav-voerendaal-oost1270\" data-nav-heading-mobile=\"Voerendaal Oost\">\n\tVoerendaal Oost<\/h3>\t<\/div>\n\t<div class=\"block-post-content__content\">\n\t\t\n<div\n  id=\"\"\n  class=\"wrapper  wrapper__spacing-bottom-large--30 wrapper__spacing-bottom-desktop--20  wrapper__gutter--none\"\n  >\n  \t<div class=\"wrapper__container wrapper__container-width-large--default\">\n\t  <div class=\"wrapper__inner wrapper__width-large--24 wrapper__width-mobile--24\">\n\t\t<p\n\t\tclass=\"paragraph paragraph__align--left paragraph__color--black paragraph__size--default   block-paragraph__paragraph\"\n\t\t\t>\n\t\tHet project Voerendaal Oost betreft een investering van \u20ac 22,5 miljoen in vergroening, klimaatadaptatie, verkeersveiligheid en leefbaarheid.<br>D66 Voerendaal ondersteunt de ambities van dit project. Tegelijkertijd hebben wij stevige kanttekeningen geplaatst bij de kostenontwikkeling (van circa 9 miljoen naar 22,5 miljoen), de informatievoorziening richting de raad en de uitvoeringsrisico\u2019s.<br><br>Wij hebben daarnaast expliciet gewezen op de door ons gestelde <strong>Artikel 37-vragen<\/strong> over de ramingen (VO, DO en UO) en de momenten waarop deze met de gemeente zijn gedeeld. In onze vragen (zie bijlage) hebben wij onder andere gevraagd:<br>&#8211; op welke momenten ramingen zijn gedeeld sinds de start van het project eind 2023;<br>&#8211; welke bestuurlijke en ambtelijke afstemming hierover heeft plaatsgevonden;<br>&#8211; waarom een toegezegde informatiebijeenkomst over de kostenraming na afronding van het VO niet is belegd;<br>&#8211; waarom het oorspronkelijke budget uit 2020 nooit is ge\u00efndexeerd.<br><br>In het eerdere antwoord op schriftelijke vragen stond expliciet dat na afronding van het voorlopig ontwerp een informatiebijeenkomst zou worden georganiseerd waarin inzicht zou worden gegeven in de kostenraming. Die bijeenkomst heeft echter niet plaatsgevonden.<br>Voor ons gaat dit niet alleen over bedragen, maar over het nakomen van afspraken en het structureel informeren van de raad. Bij een project van deze omvang hoort gefaseerde en transparante kostensturing.<br><br>Wij hebben uiteindelijk ingestemd met het voorstel, onder de voorwaarden dat:<br>&#8211; het financi\u00eble kader nu volledig en realistisch is;<br>&#8211; de raad structureel wordt meegenomen in voortgang en kostenontwikkeling;<br>&#8211; de uitvoering professioneel wordt geborgd qua capaciteit en risicobeheersing.<br>\u00a0<br>Tot slot hebben wij aandacht gevraagd voor de rolvastheid van de raad. Wij constateren dat Democraten Voerendaal zich in dit traject nadrukkelijk heeft bemoeid, zowel door het verplaatsen van de agenda van oktober 2025 naar februari 2026 als door in te zoomen op inhoudelijke uitvoeringskeuzes, zoals de groeihoogte van bomen. Dat is ieders goed recht.<br><br>Maar D66 Voerendaal vindt dat wij als raad moeten sturen op kaders, budgetten en maatschappelijke doelen. Niet op materiaalkeuzes of uitvoeringsdetails. Als we die rol zuiver houden, voorkomen we dat projecten politiek worden bijgestuurd op detailniveau, terwijl de echte sturing op hoofdlijnen hoort plaats te vinden.<br><br>Wanneer wij te ver in de uitvoering treden, zetten we ambtenaren en vakdeskundigen buitenspel en riskeren we op termijn juist minder draagvlak. Het ophalen van inbreng van raad en inwoners is waardevol, maar wat ons betreft is de balans hier te ver doorgeslagen.\t<\/p>\t  <\/div>\n\t<\/div>\n  <\/div>\n\n\t<\/div>\n\n\t<div class=\"block-post-content__sidebar\">\n\t\t\n\t\t\n\t\t\t<\/div>\n<\/section>\n\t  <\/div>\n\t<\/div>\n  <\/div>\n\n\n<div\n  id=\"\"\n  class=\"wrapper  wrapper__spacing-bottom-large--50 wrapper__spacing-bottom-desktop--70 wrapper__spacing-bottom-mobile--50  wrapper__gutter--none\"\n  >\n  \t<div class=\"wrapper__container wrapper__container-width-large--default\">\n\t  <div class=\"wrapper__inner wrapper__width-large--18 wrapper__width-desktop--22 wrapper__width-mobile--24 wrapper__offset-large--6 wrapper__offset-desktop--2 wrapper__offset-mobile--0\">\n\t\t<section class=\"block-post-content\">\n\t<div class=\"block-post-content__title\">\n\t\t<h3 class=\"heading  heading__color--black heading__size--medium heading__font--sans heading__weight--bold  block-post-content__heading\" id=\"nav-motie-open-dag--br-open-club-klimmen5372\" data-nav-heading-mobile=\"Motie Open Dag Open Club Klimmen\">\n\tMotie Open Dag <br>Open Club Klimmen<\/h3>\t<\/div>\n\t<div class=\"block-post-content__content\">\n\t\t\n<div\n  id=\"\"\n  class=\"wrapper  wrapper__spacing-bottom-large--30 wrapper__spacing-bottom-desktop--20  wrapper__gutter--none\"\n  >\n  \t<div class=\"wrapper__container wrapper__container-width-large--default\">\n\t  <div class=\"wrapper__inner wrapper__width-large--24 wrapper__width-mobile--24\">\n\t\t<p\n\t\tclass=\"paragraph paragraph__align--left paragraph__color--black paragraph__size--default   block-paragraph__paragraph\"\n\t\t\t>\n\t\tD66 heeft zelf een motie ingediend over de geplande open dag van de Open Club Klimmen op 14 maart 2026: vier dagen v\u00f3\u00f3r de gemeenteraadsverkiezingen.<br><br>Wij vinden de Open Club Klimmen een prachtig initiatief dat een opening in volle glorie verdient. Tegelijkertijd constateren wij dat essenti\u00eble onderdelen nog niet volledig op orde zijn en dat fase 2 nog niet volledig is afgerond.<br><br>Onze motie vraagt het college om:<br>&#8211; Inzichtelijk te maken welke extra kosten samenhangen met het organiseren van de open dag op dit moment;<br>&#8211; Te reflecteren op de gekozen datum in relatie tot bestuurlijke neutraliteit;<br>&#8211; Te zorgen voor maximale veiligheid \u00e9n ruimte voor eerlijke reflectie tijdens de open dag.<br>&#8211; Wij vinden het belangrijk dat dit punt in een openbare raadsvergadering bespreekbaar is. Juist bij een project dat meerdere keren terugkwam wegens budgetoverschrijdingen, hoort volledige transparantie richting onze inwoners.<br><br>De volledige motie is hier te raadplegen:<br><a href=\"https:\/\/media.d66.nl\/uploads\/sites\/212\/2026\/02\/MOTIE-D66-VA-Open-dag-Open-Club-Klimmen.pdf\">https:\/\/media.d66.nl\/uploads\/sites\/212\/2026\/02\/MOTIE-D66-VA-Open-dag-Open-Club-Klimmen.pdf<\/a><br><br>Zoals verwacht is de motie niet aangenomen. Toch zijn we blij dat we deze motie hebben ingediend, om dit onderwerp in een openbare raadsvergadering bespreekbaar te maken.\t<\/p>\t  <\/div>\n\t<\/div>\n  <\/div>\n\n\t<\/div>\n\n\t<div class=\"block-post-content__sidebar\">\n\t\t\n\t\t\n\t\t\t<\/div>\n<\/section>\n\t  <\/div>\n\t<\/div>\n  <\/div>\n","protected":false},"excerpt":{"rendered":"","protected":false},"author":621,"featured_media":1089,"comment_status":"open","ping_status":"open","sticky":false,"template":"","format":"standard","meta":{"_acf_changed":false,"footnotes":""},"categories":[1],"search-tags":[],"labels":[],"class_list":["post-1083","post","type-post","status-publish","format-standard","has-post-thumbnail","hentry","category-d66"],"acf":[],"yoast_head":"<!-- This site is optimized with the Yoast SEO plugin v27.3 - https:\/\/yoast.com\/product\/yoast-seo-wordpress\/ -->\n<title>D66 Voerendaal &#8212; Terugkoppeling Raadsvergadering 26 februari 2026<\/title>\n<meta name=\"robots\" content=\"index, follow, max-snippet:-1, max-image-preview:large, max-video-preview:-1\" \/>\n<link rel=\"canonical\" href=\"https:\/\/d66.nl\/voerendaal\/nieuws\/terugkoppeling-raadsvergadering-26-februari-2026\" \/>\n<meta property=\"og:locale\" content=\"nl_NL\" \/>\n<meta property=\"og:type\" content=\"article\" \/>\n<meta property=\"og:title\" content=\"D66 Voerendaal &#8212; Terugkoppeling Raadsvergadering 26 februari 2026\" \/>\n<meta property=\"og:url\" content=\"https:\/\/d66.nl\/voerendaal\/nieuws\/terugkoppeling-raadsvergadering-26-februari-2026\/\" \/>\n<meta property=\"og:site_name\" content=\"D66 Voerendaal\" \/>\n<meta property=\"article:published_time\" content=\"2026-02-26T23:58:48+00:00\" \/>\n<meta property=\"article:modified_time\" content=\"2026-02-27T00:50:17+00:00\" \/>\n<meta property=\"og:image\" content=\"https:\/\/media.d66.nl\/uploads\/sites\/212\/2026\/02\/IMG_3868-scaled.jpeg\" \/>\n\t<meta property=\"og:image:width\" content=\"1920\" \/>\n\t<meta property=\"og:image:height\" content=\"2560\" \/>\n\t<meta property=\"og:image:type\" content=\"image\/jpeg\" \/>\n<meta name=\"author\" content=\"r_keijbets\" \/>\n<meta name=\"twitter:card\" content=\"summary_large_image\" \/>\n<meta name=\"twitter:label1\" content=\"Geschreven door\" \/>\n\t<meta name=\"twitter:data1\" content=\"r_keijbets\" \/>\n\t<meta name=\"twitter:label2\" content=\"Geschatte leestijd\" \/>\n\t<meta name=\"twitter:data2\" content=\"1 minuut\" \/>\n<script type=\"application\/ld+json\" class=\"yoast-schema-graph\">{\"@context\":\"https:\\\/\\\/schema.org\",\"@graph\":[{\"@type\":\"Article\",\"@id\":\"https:\\\/\\\/d66.nl\\\/voerendaal\\\/nieuws\\\/terugkoppeling-raadsvergadering-26-februari-2026\\\/#article\",\"isPartOf\":{\"@id\":\"https:\\\/\\\/d66.nl\\\/voerendaal\\\/nieuws\\\/terugkoppeling-raadsvergadering-26-februari-2026\\\/\"},\"author\":{\"name\":\"r_keijbets\",\"@id\":\"https:\\\/\\\/d66.nl\\\/voerendaal\\\/#\\\/schema\\\/person\\\/5abd8db477168967c16050c32fe2af84\"},\"headline\":\"Terugkoppeling Raadsvergadering 26 februari 2026\",\"datePublished\":\"2026-02-26T23:58:48+00:00\",\"dateModified\":\"2026-02-27T00:50:17+00:00\",\"mainEntityOfPage\":{\"@id\":\"https:\\\/\\\/d66.nl\\\/voerendaal\\\/nieuws\\\/terugkoppeling-raadsvergadering-26-februari-2026\\\/\"},\"wordCount\":3,\"commentCount\":0,\"publisher\":{\"@id\":\"https:\\\/\\\/d66.nl\\\/voerendaal\\\/#organization\"},\"image\":{\"@id\":\"https:\\\/\\\/d66.nl\\\/voerendaal\\\/nieuws\\\/terugkoppeling-raadsvergadering-26-februari-2026\\\/#primaryimage\"},\"thumbnailUrl\":\"https:\\\/\\\/media.d66.nl\\\/uploads\\\/sites\\\/212\\\/2026\\\/02\\\/IMG_3868-scaled.jpeg\",\"articleSection\":[\"D66\"],\"inLanguage\":\"nl-NL\",\"potentialAction\":[{\"@type\":\"CommentAction\",\"name\":\"Comment\",\"target\":[\"https:\\\/\\\/d66.nl\\\/voerendaal\\\/nieuws\\\/terugkoppeling-raadsvergadering-26-februari-2026\\\/#respond\"]}]},{\"@type\":\"WebPage\",\"@id\":\"https:\\\/\\\/d66.nl\\\/voerendaal\\\/nieuws\\\/terugkoppeling-raadsvergadering-26-februari-2026\\\/\",\"url\":\"https:\\\/\\\/d66.nl\\\/voerendaal\\\/nieuws\\\/terugkoppeling-raadsvergadering-26-februari-2026\\\/\",\"name\":\"D66 Voerendaal &#8212; Terugkoppeling Raadsvergadering 26 februari 2026\",\"isPartOf\":{\"@id\":\"https:\\\/\\\/d66.nl\\\/voerendaal\\\/#website\"},\"primaryImageOfPage\":{\"@id\":\"https:\\\/\\\/d66.nl\\\/voerendaal\\\/nieuws\\\/terugkoppeling-raadsvergadering-26-februari-2026\\\/#primaryimage\"},\"image\":{\"@id\":\"https:\\\/\\\/d66.nl\\\/voerendaal\\\/nieuws\\\/terugkoppeling-raadsvergadering-26-februari-2026\\\/#primaryimage\"},\"thumbnailUrl\":\"https:\\\/\\\/media.d66.nl\\\/uploads\\\/sites\\\/212\\\/2026\\\/02\\\/IMG_3868-scaled.jpeg\",\"datePublished\":\"2026-02-26T23:58:48+00:00\",\"dateModified\":\"2026-02-27T00:50:17+00:00\",\"breadcrumb\":{\"@id\":\"https:\\\/\\\/d66.nl\\\/voerendaal\\\/nieuws\\\/terugkoppeling-raadsvergadering-26-februari-2026\\\/#breadcrumb\"},\"inLanguage\":\"nl-NL\",\"potentialAction\":[{\"@type\":\"ReadAction\",\"target\":[\"https:\\\/\\\/d66.nl\\\/voerendaal\\\/nieuws\\\/terugkoppeling-raadsvergadering-26-februari-2026\\\/\"]}]},{\"@type\":\"ImageObject\",\"inLanguage\":\"nl-NL\",\"@id\":\"https:\\\/\\\/d66.nl\\\/voerendaal\\\/nieuws\\\/terugkoppeling-raadsvergadering-26-februari-2026\\\/#primaryimage\",\"url\":\"https:\\\/\\\/media.d66.nl\\\/uploads\\\/sites\\\/212\\\/2026\\\/02\\\/IMG_3868-scaled.jpeg\",\"contentUrl\":\"https:\\\/\\\/media.d66.nl\\\/uploads\\\/sites\\\/212\\\/2026\\\/02\\\/IMG_3868-scaled.jpeg\",\"width\":1920,\"height\":2560},{\"@type\":\"BreadcrumbList\",\"@id\":\"https:\\\/\\\/d66.nl\\\/voerendaal\\\/nieuws\\\/terugkoppeling-raadsvergadering-26-februari-2026\\\/#breadcrumb\",\"itemListElement\":[{\"@type\":\"ListItem\",\"position\":1,\"name\":\"Home\",\"item\":\"https:\\\/\\\/d66.nl\\\/voerendaal\\\/\"},{\"@type\":\"ListItem\",\"position\":2,\"name\":\"Nieuws\",\"item\":\"https:\\\/\\\/d66.nl\\\/voerendaal\\\/nieuws\\\/\"},{\"@type\":\"ListItem\",\"position\":3,\"name\":\"Terugkoppeling Raadsvergadering 26 februari 2026\"}]},{\"@type\":\"WebSite\",\"@id\":\"https:\\\/\\\/d66.nl\\\/voerendaal\\\/#website\",\"url\":\"https:\\\/\\\/d66.nl\\\/voerendaal\\\/\",\"name\":\"D66 Voerendaal\",\"description\":\"Just another D66 Sites site\",\"publisher\":{\"@id\":\"https:\\\/\\\/d66.nl\\\/voerendaal\\\/#organization\"},\"potentialAction\":[{\"@type\":\"SearchAction\",\"target\":{\"@type\":\"EntryPoint\",\"urlTemplate\":\"https:\\\/\\\/d66.nl\\\/voerendaal\\\/?s={search_term_string}\"},\"query-input\":{\"@type\":\"PropertyValueSpecification\",\"valueRequired\":true,\"valueName\":\"search_term_string\"}}],\"inLanguage\":\"nl-NL\"},{\"@type\":\"Organization\",\"@id\":\"https:\\\/\\\/d66.nl\\\/voerendaal\\\/#organization\",\"name\":\"D66\",\"url\":\"https:\\\/\\\/d66.nl\\\/voerendaal\\\/\",\"logo\":{\"@type\":\"ImageObject\",\"inLanguage\":\"nl-NL\",\"@id\":\"https:\\\/\\\/d66.nl\\\/voerendaal\\\/#\\\/schema\\\/logo\\\/image\\\/\",\"url\":\"https:\\\/\\\/d66.nl\\\/voerendaal\\\/wp-content\\\/uploads\\\/sites\\\/2\\\/2021\\\/10\\\/d66-themas-algemeen-og.png\",\"contentUrl\":\"https:\\\/\\\/d66.nl\\\/voerendaal\\\/wp-content\\\/uploads\\\/sites\\\/2\\\/2021\\\/10\\\/d66-themas-algemeen-og.png\",\"width\":1200,\"height\":628,\"caption\":\"D66\"},\"image\":{\"@id\":\"https:\\\/\\\/d66.nl\\\/voerendaal\\\/#\\\/schema\\\/logo\\\/image\\\/\"}},{\"@type\":\"Person\",\"@id\":\"https:\\\/\\\/d66.nl\\\/voerendaal\\\/#\\\/schema\\\/person\\\/5abd8db477168967c16050c32fe2af84\",\"name\":\"r_keijbets\",\"image\":{\"@type\":\"ImageObject\",\"inLanguage\":\"nl-NL\",\"@id\":\"https:\\\/\\\/secure.gravatar.com\\\/avatar\\\/f2a330cb8867baa0dea97529e28aeeb87c545d5da31aa419a91a67e8eee36d1b?s=96&d=mm&r=g\",\"url\":\"https:\\\/\\\/secure.gravatar.com\\\/avatar\\\/f2a330cb8867baa0dea97529e28aeeb87c545d5da31aa419a91a67e8eee36d1b?s=96&d=mm&r=g\",\"contentUrl\":\"https:\\\/\\\/secure.gravatar.com\\\/avatar\\\/f2a330cb8867baa0dea97529e28aeeb87c545d5da31aa419a91a67e8eee36d1b?s=96&d=mm&r=g\",\"caption\":\"r_keijbets\"}}]}<\/script>\n<!-- \/ Yoast SEO plugin. -->","yoast_head_json":{"title":"D66 Voerendaal &#8212; Terugkoppeling Raadsvergadering 26 februari 2026","robots":{"index":"index","follow":"follow","max-snippet":"max-snippet:-1","max-image-preview":"max-image-preview:large","max-video-preview":"max-video-preview:-1"},"canonical":"https:\/\/d66.nl\/voerendaal\/nieuws\/terugkoppeling-raadsvergadering-26-februari-2026","og_locale":"nl_NL","og_type":"article","og_title":"D66 Voerendaal &#8212; Terugkoppeling Raadsvergadering 26 februari 2026","og_url":"https:\/\/d66.nl\/voerendaal\/nieuws\/terugkoppeling-raadsvergadering-26-februari-2026\/","og_site_name":"D66 Voerendaal","article_published_time":"2026-02-26T23:58:48+00:00","article_modified_time":"2026-02-27T00:50:17+00:00","og_image":[{"width":1920,"height":2560,"url":"https:\/\/media.d66.nl\/uploads\/sites\/212\/2026\/02\/IMG_3868-scaled.jpeg","type":"image\/jpeg"}],"author":"r_keijbets","twitter_card":"summary_large_image","twitter_misc":{"Geschreven door":"r_keijbets","Geschatte leestijd":"1 minuut"},"schema":{"@context":"https:\/\/schema.org","@graph":[{"@type":"Article","@id":"https:\/\/d66.nl\/voerendaal\/nieuws\/terugkoppeling-raadsvergadering-26-februari-2026\/#article","isPartOf":{"@id":"https:\/\/d66.nl\/voerendaal\/nieuws\/terugkoppeling-raadsvergadering-26-februari-2026\/"},"author":{"name":"r_keijbets","@id":"https:\/\/d66.nl\/voerendaal\/#\/schema\/person\/5abd8db477168967c16050c32fe2af84"},"headline":"Terugkoppeling Raadsvergadering 26 februari 2026","datePublished":"2026-02-26T23:58:48+00:00","dateModified":"2026-02-27T00:50:17+00:00","mainEntityOfPage":{"@id":"https:\/\/d66.nl\/voerendaal\/nieuws\/terugkoppeling-raadsvergadering-26-februari-2026\/"},"wordCount":3,"commentCount":0,"publisher":{"@id":"https:\/\/d66.nl\/voerendaal\/#organization"},"image":{"@id":"https:\/\/d66.nl\/voerendaal\/nieuws\/terugkoppeling-raadsvergadering-26-februari-2026\/#primaryimage"},"thumbnailUrl":"https:\/\/media.d66.nl\/uploads\/sites\/212\/2026\/02\/IMG_3868-scaled.jpeg","articleSection":["D66"],"inLanguage":"nl-NL","potentialAction":[{"@type":"CommentAction","name":"Comment","target":["https:\/\/d66.nl\/voerendaal\/nieuws\/terugkoppeling-raadsvergadering-26-februari-2026\/#respond"]}]},{"@type":"WebPage","@id":"https:\/\/d66.nl\/voerendaal\/nieuws\/terugkoppeling-raadsvergadering-26-februari-2026\/","url":"https:\/\/d66.nl\/voerendaal\/nieuws\/terugkoppeling-raadsvergadering-26-februari-2026\/","name":"D66 Voerendaal &#8212; Terugkoppeling Raadsvergadering 26 februari 2026","isPartOf":{"@id":"https:\/\/d66.nl\/voerendaal\/#website"},"primaryImageOfPage":{"@id":"https:\/\/d66.nl\/voerendaal\/nieuws\/terugkoppeling-raadsvergadering-26-februari-2026\/#primaryimage"},"image":{"@id":"https:\/\/d66.nl\/voerendaal\/nieuws\/terugkoppeling-raadsvergadering-26-februari-2026\/#primaryimage"},"thumbnailUrl":"https:\/\/media.d66.nl\/uploads\/sites\/212\/2026\/02\/IMG_3868-scaled.jpeg","datePublished":"2026-02-26T23:58:48+00:00","dateModified":"2026-02-27T00:50:17+00:00","breadcrumb":{"@id":"https:\/\/d66.nl\/voerendaal\/nieuws\/terugkoppeling-raadsvergadering-26-februari-2026\/#breadcrumb"},"inLanguage":"nl-NL","potentialAction":[{"@type":"ReadAction","target":["https:\/\/d66.nl\/voerendaal\/nieuws\/terugkoppeling-raadsvergadering-26-februari-2026\/"]}]},{"@type":"ImageObject","inLanguage":"nl-NL","@id":"https:\/\/d66.nl\/voerendaal\/nieuws\/terugkoppeling-raadsvergadering-26-februari-2026\/#primaryimage","url":"https:\/\/media.d66.nl\/uploads\/sites\/212\/2026\/02\/IMG_3868-scaled.jpeg","contentUrl":"https:\/\/media.d66.nl\/uploads\/sites\/212\/2026\/02\/IMG_3868-scaled.jpeg","width":1920,"height":2560},{"@type":"BreadcrumbList","@id":"https:\/\/d66.nl\/voerendaal\/nieuws\/terugkoppeling-raadsvergadering-26-februari-2026\/#breadcrumb","itemListElement":[{"@type":"ListItem","position":1,"name":"Home","item":"https:\/\/d66.nl\/voerendaal\/"},{"@type":"ListItem","position":2,"name":"Nieuws","item":"https:\/\/d66.nl\/voerendaal\/nieuws\/"},{"@type":"ListItem","position":3,"name":"Terugkoppeling Raadsvergadering 26 februari 2026"}]},{"@type":"WebSite","@id":"https:\/\/d66.nl\/voerendaal\/#website","url":"https:\/\/d66.nl\/voerendaal\/","name":"D66 Voerendaal","description":"Just another D66 Sites site","publisher":{"@id":"https:\/\/d66.nl\/voerendaal\/#organization"},"potentialAction":[{"@type":"SearchAction","target":{"@type":"EntryPoint","urlTemplate":"https:\/\/d66.nl\/voerendaal\/?s={search_term_string}"},"query-input":{"@type":"PropertyValueSpecification","valueRequired":true,"valueName":"search_term_string"}}],"inLanguage":"nl-NL"},{"@type":"Organization","@id":"https:\/\/d66.nl\/voerendaal\/#organization","name":"D66","url":"https:\/\/d66.nl\/voerendaal\/","logo":{"@type":"ImageObject","inLanguage":"nl-NL","@id":"https:\/\/d66.nl\/voerendaal\/#\/schema\/logo\/image\/","url":"https:\/\/d66.nl\/voerendaal\/wp-content\/uploads\/sites\/2\/2021\/10\/d66-themas-algemeen-og.png","contentUrl":"https:\/\/d66.nl\/voerendaal\/wp-content\/uploads\/sites\/2\/2021\/10\/d66-themas-algemeen-og.png","width":1200,"height":628,"caption":"D66"},"image":{"@id":"https:\/\/d66.nl\/voerendaal\/#\/schema\/logo\/image\/"}},{"@type":"Person","@id":"https:\/\/d66.nl\/voerendaal\/#\/schema\/person\/5abd8db477168967c16050c32fe2af84","name":"r_keijbets","image":{"@type":"ImageObject","inLanguage":"nl-NL","@id":"https:\/\/secure.gravatar.com\/avatar\/f2a330cb8867baa0dea97529e28aeeb87c545d5da31aa419a91a67e8eee36d1b?s=96&d=mm&r=g","url":"https:\/\/secure.gravatar.com\/avatar\/f2a330cb8867baa0dea97529e28aeeb87c545d5da31aa419a91a67e8eee36d1b?s=96&d=mm&r=g","contentUrl":"https:\/\/secure.gravatar.com\/avatar\/f2a330cb8867baa0dea97529e28aeeb87c545d5da31aa419a91a67e8eee36d1b?s=96&d=mm&r=g","caption":"r_keijbets"}}]}},"_links":{"self":[{"href":"https:\/\/d66.nl\/voerendaal\/wp-json\/wp\/v2\/posts\/1083","targetHints":{"allow":["GET"]}}],"collection":[{"href":"https:\/\/d66.nl\/voerendaal\/wp-json\/wp\/v2\/posts"}],"about":[{"href":"https:\/\/d66.nl\/voerendaal\/wp-json\/wp\/v2\/types\/post"}],"author":[{"embeddable":true,"href":"https:\/\/d66.nl\/voerendaal\/wp-json\/wp\/v2\/users\/621"}],"replies":[{"embeddable":true,"href":"https:\/\/d66.nl\/voerendaal\/wp-json\/wp\/v2\/comments?post=1083"}],"version-history":[{"count":5,"href":"https:\/\/d66.nl\/voerendaal\/wp-json\/wp\/v2\/posts\/1083\/revisions"}],"predecessor-version":[{"id":1091,"href":"https:\/\/d66.nl\/voerendaal\/wp-json\/wp\/v2\/posts\/1083\/revisions\/1091"}],"wp:featuredmedia":[{"embeddable":true,"href":"https:\/\/d66.nl\/voerendaal\/wp-json\/wp\/v2\/media\/1089"}],"wp:attachment":[{"href":"https:\/\/d66.nl\/voerendaal\/wp-json\/wp\/v2\/media?parent=1083"}],"wp:term":[{"taxonomy":"category","embeddable":true,"href":"https:\/\/d66.nl\/voerendaal\/wp-json\/wp\/v2\/categories?post=1083"},{"taxonomy":"search-tags","embeddable":true,"href":"https:\/\/d66.nl\/voerendaal\/wp-json\/wp\/v2\/search-tags?post=1083"},{"taxonomy":"labels","embeddable":true,"href":"https:\/\/d66.nl\/voerendaal\/wp-json\/wp\/v2\/labels?post=1083"}],"curies":[{"name":"wp","href":"https:\/\/api.w.org\/{rel}","templated":true}]}}