{"id":1767,"date":"2026-02-23T21:10:16","date_gmt":"2026-02-23T21:10:16","guid":{"rendered":"https:\/\/d66.nl\/vlaardingen\/nieuws\/"},"modified":"2026-02-23T21:11:09","modified_gmt":"2026-02-23T21:11:09","slug":"oeverwind-2-inwoners-en-cooperaties-bouwen-mee-aan-schone-energie-voor-vlaardingen","status":"publish","type":"post","link":"https:\/\/d66.nl\/vlaardingen\/nieuws\/oeverwind-2-inwoners-en-cooperaties-bouwen-mee-aan-schone-energie-voor-vlaardingen","title":{"rendered":"Oeverwind 2: inwoners en co\u00f6peraties bouwen mee aan schone energie voor Vlaardingen"},"content":{"rendered":"<div\n  id=\"\"\n  class=\"wrapper  wrapper__spacing-bottom-large--30 wrapper__spacing-bottom-desktop--20 wrapper__spacing-bottom-mobile--20  wrapper__gutter--none\"\n  >\n  \t<div class=\"wrapper__container wrapper__container-width-large--default\">\n\t  <div class=\"wrapper__inner wrapper__width-large--14 wrapper__width-desktop--20 wrapper__width-mobile--24 wrapper__offset-large--6 wrapper__offset-desktop--2 wrapper__offset-mobile--0\">\n\t\t<h1 class=\"heading   heading__size--giant heading__font--serif heading__weight--regular  block-heading__heading\" id=\"nav-oeverwind-2--inwoners-en-co--peraties-bouwen-mee-aan-schone-energie-voor-vlaardingen3910\"  data-nav-heading-mobile=\"Oeverwind 2: inwoners en co\u00f6peraties bouwen mee aan schone energie voor Vlaardingen\" >\n\tOeverwind 2: inwoners en co\u00f6peraties bouwen mee aan schone energie voor Vlaardingen<\/h1>\t  <\/div>\n\t<\/div>\n  <\/div>\n\n\n<div\n  id=\"\"\n  class=\"wrapper  wrapper__spacing-bottom-large--20 wrapper__spacing-bottom-desktop--10 wrapper__spacing-bottom-mobile--10  wrapper__gutter--none\"\n  >\n  \t<div class=\"wrapper__container wrapper__container-width-large--default\">\n\t  <div class=\"wrapper__inner wrapper__width-large--13 wrapper__width-desktop--20 wrapper__width-mobile--24 wrapper__offset-large--6 wrapper__offset-desktop--2 wrapper__offset-mobile--0\">\n\t\t<p\n\t\tclass=\"paragraph   paragraph__size--big   block-paragraph__paragraph\"\n\t\t\t>\n\t\t<strong>De gemeente Vlaardingen heeft een intentieverklaring ondertekend met drie energieco\u00f6peraties voor windproject Oeverwind 2. Bij het Oeverbos komen twee nieuwe windturbines, die samen genoeg stroom opwekken voor zo&#8217;n 10.000 huishoudens. D66 Vlaardingen ziet hierin een belangrijke stap: lokale energie, lokaal eigenaarschap en minder druk op het stroomnet.<\/strong>\t<\/p>\t  <\/div>\n\t<\/div>\n  <\/div>\n\n\n<div\n  id=\"\"\n  class=\"wrapper wrapper__spacing-top-large--30 wrapper__spacing-top-desktop--10 wrapper__spacing-top-mobile--10 wrapper__spacing-bottom-large--30 wrapper__spacing-bottom-desktop--10 wrapper__spacing-bottom-mobile--10  wrapper__gutter--none\"\n  >\n  \t<div class=\"wrapper__container wrapper__container-width-large--default\">\n\t  <div class=\"wrapper__inner wrapper__width-large--24 wrapper__width-mobile--24\">\n\t\t<section class=\"block-video\">\n\t<div\n\t\tclass=\"block-video__video-wrapper\"\n\t\tstyle=\"background-image: url('')\"\n\t>\n\t\t\t<\/div>\n\n\t\t\t<div class=\"block-video__caption-wrapper\">\n\t\t\t<div class=\"block-video__caption\">\n\t\t\t\t<p class=\"paragraph paragraph__align--left paragraph__color--black paragraph__size--small paragraph__weight--medium\">\n\t\t<span style=\"color: red\">LET OP: auteursrechten ontbreken<\/span>. <a href=\"https:\/\/d66.nl\/vlaardingen\/wp-admin\/upload.php?item=0\">S.v.p. de auteursrechten invullen voor deze afbeelding<\/a> before using it.\t<\/p>\t\t\t<\/div>\n\t\t<\/div>\n\t\n<\/section>\n\n\t  <\/div>\n\t<\/div>\n  <\/div>\n\n\n<div\n  id=\"\"\n  class=\"wrapper  wrapper__spacing-bottom-large--20 wrapper__spacing-bottom-desktop--50 wrapper__spacing-bottom-mobile--10  wrapper__gutter--none\"\n  >\n  \t<div class=\"wrapper__container wrapper__container-width-large--default\">\n\t  <div class=\"wrapper__inner wrapper__width-large--14 wrapper__width-desktop--24 wrapper__width-mobile--24 wrapper__offset-large--6 wrapper__offset-desktop--2 wrapper__offset-mobile--0\">\n\t\t<section class=\"block-related-post-metadata js-block-related-post-metadata\">\n\t<div class=\"block-related-post-metadata__content-wrapper\">\n\t\t<div class=\"block-related-post-metadata__persons\">\n\t\t\t<div class=\"related-person-info__wrapper\">\n\t\t\t<div class=\"related-person-info__item related-person-info__color--yellow\">\n\t\t\t<a class=\"related-person-info__link\" href=\"https:\/\/d66.nl\/vlaardingen\/mensen\/koen-kegel\/\">\n\t\t\t\t<div class=\"related-person-info__image_container\">\n\t\t\t\t<img loading=\"lazy\" decoding=\"async\" width=\"150\" height=\"150\" src=\"https:\/\/media.d66.nl\/uploads\/sites\/160\/2024\/12\/PB291817-150x150.jpeg\" class=\"related-person-info__image\" alt=\"\" \/>\t\t\t\t<\/div>\n\t\t\t\t<div class=\"related-person-info__meta\">\n\t\t\t\t\t\t\t\t\t<header class=\"related-person-info__header\">\n\t\t\t\t\t\t<h3 class=\"heading   heading__size--small heading__font--sans heading__weight--bold\" id=\"nav-koen-kegel5776\">\n\tKoen Kegel<\/h3>\t\t\t\t\t<\/header>\n\t\t\t\t\t\t\t\t\t\t\t\t\t<div class=\"related-person-info__description\">\n\t\t\t\t\t\t<p class=\"paragraph   paragraph__size--small paragraph__weight--normal\">\n\t\tWethouder bij de Gemeente Vlaardingen\t<\/p>\t\t\t\t\t<\/div>\n\t\t\t\t\t\t\t\t<\/div>\n\t\t\t<\/a>\n\t\t<\/div>\n\t\t\t\t<div class=\"related-person-info__item related-person-info__color--ocean\">\n\t\t\t<a class=\"related-person-info__link\" href=\"https:\/\/d66.nl\/vlaardingen\/mensen\/ton-van-der-steen\/\">\n\t\t\t\t<div class=\"related-person-info__image_container\">\n\t\t\t\t<img loading=\"lazy\" decoding=\"async\" width=\"150\" height=\"150\" src=\"https:\/\/d66.nl\/vlaardingen\/wp-content\/uploads\/sites\/160\/2022\/01\/TonvdSteen-website-150x150.jpg\" class=\"related-person-info__image\" alt=\"\" \/>\t\t\t\t<\/div>\n\t\t\t\t<div class=\"related-person-info__meta\">\n\t\t\t\t\t\t\t\t\t<header class=\"related-person-info__header\">\n\t\t\t\t\t\t<h3 class=\"heading   heading__size--small heading__font--sans heading__weight--bold\" id=\"nav-ton-van-der-steen8342\">\n\tTon van der Steen<\/h3>\t\t\t\t\t<\/header>\n\t\t\t\t\t\t\t\t\t\t\t\t\t<div class=\"related-person-info__description\">\n\t\t\t\t\t\t<p class=\"paragraph   paragraph__size--small paragraph__weight--normal\">\n\t\tLijstduwer #16\t<\/p>\t\t\t\t\t<\/div>\n\t\t\t\t\t\t\t\t<\/div>\n\t\t\t<\/a>\n\t\t<\/div>\n\t\t<\/div>\t\t<\/div>\n\t\t<div class=\"block-related-post-metadata__meta\">\n\t\t\t<div class=\"block-related-post-metadata__date\">\n\t\t\t\t23.02.2026<div class=\"post-share js-post-share rs_skip_always\">\n\t<button class=\"post-share__share-button js-post-share-share-button\">\n\t\tShare\t\t<svg xmlns='http:\/\/www.w3.org\/2000\/svg' width='100px' height='100px' viewBox='0 0 24 24' fill='none'><path d='m8.684 10.658 6.629-3.314m.003 9.314-6.622-3.311M21 6a3 3 0 1 1-6 0 3 3 0 0 1 6 0ZM9 12a3 3 0 1 1-6 0 3 3 0 0 1 6 0Zm12 6a3 3 0 1 1-6 0 3 3 0 0 1 6 0Z' stroke='currentColor' stroke-width='1.5' fill='none'\/><\/svg>\t<\/button>\n\t<dialog class=\"post-share__dialog js-post-share-dialog\" aria-hidden=\"true\">\n\t\t<div class=\"post-share__dialog-header\">\n\t\t\tShare this post\t\t\t<button class=\"post-share__dialog-close js-post-share-dialog-close\">\n\t\t\t\t<svg xmlns='http:\/\/www.w3.org\/2000\/svg' width='150' height='150' viewBox='0 0 150 150' fill='none'><path d='M44.103 105.897 75 75m30.898-30.898L75 75m0 0L44.103 44.102M75 75l30.898 30.897' stroke='currentColor' stroke-width='5' fill='none'\/><\/svg>\t\t\t<\/button>\n\t\t<\/div>\n\t\t<div class=\"post-share__dialog-socials\">\n\t\t\t\t\t\t\t\t\t\t\t<a class=\"post-share__dialog-item js-post-share-dialog-item\" href=\"#\" target=\"_blank\" data-copy=&quot;true&quot;>\n\t\t\t\t\tKopier link<svg xmlns='http:\/\/www.w3.org\/2000\/svg' width='150' height='150' viewBox='0 0 150 150' fill='none'><path d='M67.468 108.679c-8.533-.512-14.164-3.583-17.407-9.983-3.242-6.314-2.815-12.713 1.195-18.6 1.706-2.56 3.584-5.035 5.46-7.594 1.537-2.048 3.584-2.475 5.462-1.195 2.047 1.45 2.389 3.498.938 5.632-1.706 2.474-3.584 4.948-5.29 7.423-3.242 4.778-2.304 11.092 2.133 14.334 4.864 3.584 11.092 2.731 14.761-1.962 1.963-2.475 3.754-5.12 5.632-7.68 1.194-1.535 2.645-2.218 4.607-1.28 1.792.854 2.645 2.39 2.304 4.267 0 .17 0 .427-.17.597-3.67 5.12-6.4 11.178-12.544 13.993-2.56 1.195-5.46 1.707-6.996 2.219l-.085-.171Z' fill='currentColor'\/><path d='M86.921 44.6c6.144.257 11.605 3.328 14.932 9.728 3.328 6.399 2.816 12.798-1.109 18.856-1.621 2.56-3.498 4.95-5.29 7.424-1.707 2.303-3.754 2.815-5.717 1.45-2.048-1.45-2.304-3.669-.597-6.058 1.621-2.304 3.328-4.608 4.949-6.911 3.498-4.95 2.56-11.348-2.133-14.761-4.779-3.499-11.178-2.475-14.847 2.56-1.792 2.388-3.498 4.863-5.205 7.252-1.62 2.218-3.583 2.56-5.546 1.11-1.877-1.366-2.218-3.414-.768-5.462 2.048-2.986 4.01-5.972 6.314-8.703 3.67-4.351 8.448-6.399 15.103-6.399l-.086-.085Z' fill='currentColor'\/><path d='M71.478 88.457c-3.498-.341-5.46-3.413-3.754-6.143 3.327-5.29 6.825-10.495 10.324-15.7 1.45-2.133 3.413-2.389 5.46-1.109 1.878 1.28 2.219 3.413.854 5.546-3.328 5.034-6.57 9.983-9.983 14.932-.683 1.024-1.963 1.621-2.901 2.389v.085Z' fill='currentColor'\/><\/svg>\t\t\t\t<\/a>\n\t\t\t\t\t\t\t\t\t\t\t<a class=\"post-share__dialog-item js-post-share-dialog-item\" href=\"mailto:?to=%20&amp;body=https%3A%2F%2Fd66.nl%2Fvlaardingen%2Fnieuws%2Foeverwind-2-inwoners-en-cooperaties-bouwen-mee-aan-schone-energie-voor-vlaardingen\" target=\"_blank\" >\n\t\t\t\t\tMail<svg xmlns='http:\/\/www.w3.org\/2000\/svg' width='40' height='40' viewBox='0 0 40 40' fill='none'><path d='M24.107 15.865a1 1 0 0 1 1.266 1.265l-1.686 5.052a1 1 0 0 1-1.654.392l-3.37-3.37a1.001 1.001 0 0 1 .392-1.654l5.052-1.685Z' fill='currentColor'\/><path d='m21.763 19.475-5.657 5.657' stroke='currentColor' stroke-width='2' stroke-linecap='round' fill='none'\/><\/svg>\t\t\t\t<\/a>\n\t\t\t\t\t\t\t\t\t\t\t<a class=\"post-share__dialog-item js-post-share-dialog-item\" href=\"https:\/\/www.linkedin.com\/sharing\/share-offsite\/?url=https%3A%2F%2Fd66.nl%2Fvlaardingen%2Fnieuws%2Foeverwind-2-inwoners-en-cooperaties-bouwen-mee-aan-schone-energie-voor-vlaardingen\" target=\"_blank\" >\n\t\t\t\t\tLinkedIn<svg xmlns='http:\/\/www.w3.org\/2000\/svg' width='40' height='40' viewBox='0 0 40 40' fill='none'><path d='M24.107 15.865a1 1 0 0 1 1.266 1.265l-1.686 5.052a1 1 0 0 1-1.654.392l-3.37-3.37a1.001 1.001 0 0 1 .392-1.654l5.052-1.685Z' fill='currentColor'\/><path d='m21.763 19.475-5.657 5.657' stroke='currentColor' stroke-width='2' stroke-linecap='round' fill='none'\/><\/svg>\t\t\t\t<\/a>\n\t\t\t\t\t\t\t\t\t\t\t<a class=\"post-share__dialog-item js-post-share-dialog-item\" href=\"https:\/\/www.facebook.com\/sharer\/sharer.php?u=https%3A%2F%2Fd66.nl%2Fvlaardingen%2Fnieuws%2Foeverwind-2-inwoners-en-cooperaties-bouwen-mee-aan-schone-energie-voor-vlaardingen\" target=\"_blank\" >\n\t\t\t\t\tFacebook<svg xmlns='http:\/\/www.w3.org\/2000\/svg' width='40' height='40' viewBox='0 0 40 40' fill='none'><path d='M24.107 15.865a1 1 0 0 1 1.266 1.265l-1.686 5.052a1 1 0 0 1-1.654.392l-3.37-3.37a1.001 1.001 0 0 1 .392-1.654l5.052-1.685Z' fill='currentColor'\/><path d='m21.763 19.475-5.657 5.657' stroke='currentColor' stroke-width='2' stroke-linecap='round' fill='none'\/><\/svg>\t\t\t\t<\/a>\n\t\t\t\t\t\t\t\t\t\t\t<a class=\"post-share__dialog-item js-post-share-dialog-item\" href=\"whatsapp:\/\/send?text=https%3A%2F%2Fd66.nl%2Fvlaardingen%2Fnieuws%2Foeverwind-2-inwoners-en-cooperaties-bouwen-mee-aan-schone-energie-voor-vlaardingen\" target=\"_blank\" >\n\t\t\t\t\tWhatsApp<svg xmlns='http:\/\/www.w3.org\/2000\/svg' width='40' height='40' viewBox='0 0 40 40' fill='none'><path d='M24.107 15.865a1 1 0 0 1 1.266 1.265l-1.686 5.052a1 1 0 0 1-1.654.392l-3.37-3.37a1.001 1.001 0 0 1 .392-1.654l5.052-1.685Z' fill='currentColor'\/><path d='m21.763 19.475-5.657 5.657' stroke='currentColor' stroke-width='2' stroke-linecap='round' fill='none'\/><\/svg>\t\t\t\t<\/a>\n\t\t\t\t\t\t\t\t\t\t\t<a class=\"post-share__dialog-item js-post-share-dialog-item\" href=\"https:\/\/x.com\/intent\/post?url=https%3A%2F%2Fd66.nl%2Fvlaardingen%2Fnieuws%2Foeverwind-2-inwoners-en-cooperaties-bouwen-mee-aan-schone-energie-voor-vlaardingen\" target=\"_blank\" >\n\t\t\t\t\tTwitter (X)<svg xmlns='http:\/\/www.w3.org\/2000\/svg' width='40' height='40' viewBox='0 0 40 40' fill='none'><path d='M24.107 15.865a1 1 0 0 1 1.266 1.265l-1.686 5.052a1 1 0 0 1-1.654.392l-3.37-3.37a1.001 1.001 0 0 1 .392-1.654l5.052-1.685Z' fill='currentColor'\/><path d='m21.763 19.475-5.657 5.657' stroke='currentColor' stroke-width='2' stroke-linecap='round' fill='none'\/><\/svg>\t\t\t\t<\/a>\n\t\t\t\t\t<\/div>\n\t<\/dialog>\n<\/div>\t\t\t<\/div>\n\t\t\t<div class=\"block-related-post-metadata__categories\">\n\t\t\t\t<div class=\"category-link__wrapper\">\n\t\t\t<div class=\"category-link__item\">\n\t\t\t<a href=\"https:\/\/d66.nl\/vlaardingen\/category\/d66\/\">\n\t\t\t\tD66\t\t\t<\/a>\n\t\t<\/div>\n\t\t\t\t<div class=\"category-link__item\">\n\t\t\t<a href=\"https:\/\/d66.nl\/vlaardingen\/search-tags\/hernieuwbare-energie-en-duurzaamheid\/\">\n\t\t\t\tHernieuwbare energie en duurzaamheid\t\t\t<\/a>\n\t\t<\/div>\n\t\t\t\t<div class=\"category-link__item\">\n\t\t\t<a href=\"https:\/\/d66.nl\/vlaardingen\/search-tags\/lokaal\/\">\n\t\t\t\tLokaal\t\t\t<\/a>\n\t\t<\/div>\n\t\t<\/div>\t\t\t<\/div>\n\t\t<\/div>\n\t<\/div>\n<\/section>\n\t  <\/div>\n\t<\/div>\n  <\/div>\n\n\n<div\n  id=\"\"\n  class=\"wrapper  wrapper__spacing-bottom-large--20 wrapper__spacing-bottom-desktop--10 wrapper__spacing-bottom-mobile--10  wrapper__gutter--none\"\n  >\n  \t<div class=\"wrapper__container wrapper__container-width-large--default\">\n\t  <div class=\"wrapper__inner wrapper__width-large--18 wrapper__width-desktop--22 wrapper__width-mobile--24 wrapper__offset-large--6 wrapper__offset-desktop--2 wrapper__offset-mobile--0\">\n\t\t<section class=\"block-post-content\">\n\t<div class=\"block-post-content__title\">\n\t\t<h3 class=\"heading  heading__color--black heading__size--medium heading__font--sans heading__weight--bold  block-post-content__heading\" id=\"nav-logisch-vervolg7173\" data-nav-heading-mobile=\"Logisch vervolg\">\n\tLogisch vervolg<\/h3>\t<\/div>\n\t<div class=\"block-post-content__content\">\n\t\t\n<div\n  id=\"\"\n  class=\"wrapper  wrapper__spacing-bottom-large--30 wrapper__spacing-bottom-desktop--20  wrapper__gutter--none\"\n  >\n  \t<div class=\"wrapper__container wrapper__container-width-large--default\">\n\t  <div class=\"wrapper__inner wrapper__width-large--24 wrapper__width-mobile--24\">\n\t\t<p\n\t\tclass=\"paragraph paragraph__align--left paragraph__color--black paragraph__size--default   block-paragraph__paragraph\"\n\t\t\t>\n\t\tOeverwind 2 bouwt voort op Oeverwind 1, dat in 2023 werd gerealiseerd. Al sinds 2012 is vastgelegd dat windturbines langs het trac\u00e9 vanaf De Groote Lucht richting de gemeentegrens mogelijk zijn. Door de komst van de Maasdeltatunnel werd destijds gekozen voor een gefaseerde aanpak. Nu de tunnel er ligt, zetten gemeente en co\u00f6peraties de volgende stap.<br><br>De drie initiatiefnemers &#8211; Co\u00f6peratie Vlaardings Energie Collectief (VEC), Co\u00f6peratie Energie Collectief Waterweg (ECW) en Co\u00f6peratie De Windvogel &#8211; werken het plan inhoudelijk uit. In de intentieverklaring is afgesproken hoe de samenwerking eruitziet: de gemeente faciliteert en is bevoegd gezag voor de vergunningen, de co\u00f6peraties doen zorgvuldig onderzoek naar geluid, slagschaduw, natuur en veiligheid.<br><br><em>\u201cMet Oeverwind 2 breiden we de reeks windturbines verder uit, met meer lokaal opgewekte en schone energie. Ook beperkt het de netcongestie, wat goed is voor ontwikkelingen op het gebied van woningbouw en het bedrijfsleven. We werken de plannen zorgvuldig uit, met aandacht voor de omgeving en met de ambitie dat inwoners via co\u00f6peraties kunnen meedoen en meeprofiteren.\u201d, <\/em>wethouder Koen Kegel (D66).\t<\/p>\t  <\/div>\n\t<\/div>\n  <\/div>\n\n\t<\/div>\n\n\t<div class=\"block-post-content__sidebar\">\n\t\t\n\t\t\n\t\t\t<\/div>\n<\/section>\n\t  <\/div>\n\t<\/div>\n  <\/div>\n\n\n<div\n  id=\"\"\n  class=\"wrapper  wrapper__spacing-bottom-large--20 wrapper__spacing-bottom-desktop--10 wrapper__spacing-bottom-mobile--10  wrapper__gutter--none\"\n  >\n  \t<div class=\"wrapper__container wrapper__container-width-large--default\">\n\t  <div class=\"wrapper__inner wrapper__width-large--18 wrapper__width-desktop--22 wrapper__width-mobile--24 wrapper__offset-large--6 wrapper__offset-desktop--2 wrapper__offset-mobile--0\">\n\t\t<section class=\"block-post-content\">\n\t<div class=\"block-post-content__title\">\n\t\t<h3 class=\"heading  heading__color--black heading__size--medium heading__font--sans heading__weight--bold  block-post-content__heading\" id=\"nav--br-meedoen-en-meeprofiteren1964\" data-nav-heading-mobile=\"Meedoen en meeprofiteren\">\n\t<br>Meedoen en meeprofiteren<\/h3>\t<\/div>\n\t<div class=\"block-post-content__content\">\n\t\t\n<div\n  id=\"\"\n  class=\"wrapper  wrapper__spacing-bottom-large--30 wrapper__spacing-bottom-desktop--20  wrapper__gutter--none\"\n  >\n  \t<div class=\"wrapper__container wrapper__container-width-large--default\">\n\t  <div class=\"wrapper__inner wrapper__width-large--24 wrapper__width-mobile--24\">\n\t\t<p\n\t\tclass=\"paragraph paragraph__align--left paragraph__color--black paragraph__size--default   block-paragraph__paragraph\"\n\t\t\t>\n\t\tNet als bij Oeverwind 1 staat lokaal eigenaarschap centraal. Inwoners en bedrijven uit Vlaardingen \u00e9n Maassluis kunnen financieel deelnemen aan het project en zo mede-eigenaar worden. Dat past bij de D66-visie dat de energietransitie niet iets is dat \u00f3ver mensen heen gaat, maar waar mensen aan m\u00e9\u00e9doen.<br><br>De twee turbines leveren samen naar verwachting circa 30 miljoen kWh per jaar op, vergelijkbaar met het jaarlijkse elektriciteitsverbruik van ongeveer 10.000 huishoudens. Daarnaast wordt verkend hoe de lokaal opgewekte stroom slim benut kan worden voor gemeentelijk vastgoed en om het stroomnet te ontlasten.\t<\/p>\t  <\/div>\n\t<\/div>\n  <\/div>\n\n\t<\/div>\n\n\t<div class=\"block-post-content__sidebar\">\n\t\t\n\t\t\n\t\t\t<\/div>\n<\/section>\n\t  <\/div>\n\t<\/div>\n  <\/div>\n\n\n<div\n  id=\"\"\n  class=\"wrapper  wrapper__spacing-bottom-large--20 wrapper__spacing-bottom-desktop--10 wrapper__spacing-bottom-mobile--10  wrapper__gutter--none\"\n  >\n  \t<div class=\"wrapper__container wrapper__container-width-large--default\">\n\t  <div class=\"wrapper__inner wrapper__width-large--18 wrapper__width-desktop--22 wrapper__width-mobile--24 wrapper__offset-large--6 wrapper__offset-desktop--2 wrapper__offset-mobile--0\">\n\t\t<section class=\"block-post-content\">\n\t<div class=\"block-post-content__title\">\n\t\t<h3 class=\"heading  heading__color--black heading__size--medium heading__font--sans heading__weight--bold  block-post-content__heading\" id=\"nav--br-puzzelstukje-in-een-groter-geheel1862\" data-nav-heading-mobile=\"Puzzelstukje in een groter geheel\">\n\t<br>Puzzelstukje in een groter geheel<\/h3>\t<\/div>\n\t<div class=\"block-post-content__content\">\n\t\t\n<div\n  id=\"\"\n  class=\"wrapper  wrapper__spacing-bottom-large--30 wrapper__spacing-bottom-desktop--20  wrapper__gutter--none\"\n  >\n  \t<div class=\"wrapper__container wrapper__container-width-large--default\">\n\t  <div class=\"wrapper__inner wrapper__width-large--24 wrapper__width-mobile--24\">\n\t\t<p\n\t\tclass=\"paragraph paragraph__align--left paragraph__color--black paragraph__size--default   block-paragraph__paragraph\"\n\t\t\t>\n\t\tOeverwind 2 staat niet op zichzelf. Eerder deze maand ondertekende wethouder Kegel een\u00a0<a href=\"https:\/\/d66.nl\/vlaardingen\/nieuws\/dfds-en-gemeente-verkennen-windturbine-bij-vulcaanhaven\/\">intentieovereenkomst met DFDS voor een windturbine bij de Vulcaanhaven<\/a>, en ontving hij een\u00a0<a href=\"https:\/\/d66.nl\/vlaardingen\/nieuws\/warmte-uit-afvalwater-slim-en-duurzaam-in-vlaardingen\/\">warmtecheque van het Hoogheemraadschap van Delfland<\/a>\u00a0voor warmteterugwinning uit de nieuwe afvalwaterzuivering. <br><br>In ons\u00a0<a href=\"https:\/\/d66.nl\/vlaardingen\/verkiezingsprogramma\/\">verkiezingsprogramma 2026-2030<\/a>\u00a0pleit D66 voor een integrale Energietransitievisie die windenergie, zonne-energie, duurzame warmte en lokale opwek samenbrengt in \u00e9\u00e9n visie, zodat Vlaardingen ruim v\u00f3\u00f3r 2050 aardgasvrij is \u00e9n de energielasten voor inwoners dalen.<br><br>Windenergie, warmte uit afvalwater, buurtaccu&#8217;s, zonnepanelen op daken: elk puzzelstukje brengt Vlaardingen dichter bij een schone en betaalbare energievoorziening. Oeverwind 2 laat zien dat het kan, samen met inwoners, co\u00f6peraties en bedrijven.<br><br>Het kan w\u00e9l.\t<\/p>\t  <\/div>\n\t<\/div>\n  <\/div>\n\n\t<\/div>\n\n\t<div class=\"block-post-content__sidebar\">\n\t\t\n\t\t\n\t\t\t<\/div>\n<\/section>\n\t  <\/div>\n\t<\/div>\n  <\/div>\n","protected":false},"excerpt":{"rendered":"","protected":false},"author":1772,"featured_media":1768,"comment_status":"open","ping_status":"open","sticky":false,"template":"","format":"standard","meta":{"_acf_changed":false,"footnotes":""},"categories":[1],"labels":[],"search-tags":[36,26],"class_list":["post-1767","post","type-post","status-publish","format-standard","has-post-thumbnail","hentry","category-d66","search-tags-hernieuwbare-energie-en-duurzaamheid","search-tags-lokaal"],"acf":[],"yoast_head":"<!-- This site is optimized with the Yoast SEO plugin v27.3 - https:\/\/yoast.com\/product\/yoast-seo-wordpress\/ -->\n<title>D66 Vlaardingen &#8212; Oeverwind 2: inwoners en co\u00f6peraties bouwen mee aan schone energie voor Vlaardingen<\/title>\n<meta name=\"description\" content=\"De gemeente Vlaardingen heeft een intentieverklaring ondertekend met drie energieco\u00f6peraties voor windproject Oeverwind 2. Bij het Oeverbos komen twee nieuwe windturbines, die samen genoeg stroom opwekken voor zo&#039;n 10.000 huishoudens. D66 Vlaardingen ziet hierin een belangrijke stap: lokale energie, lokaal eigenaarschap en minder druk op het stroomnet.\" \/>\n<meta name=\"robots\" content=\"index, follow, max-snippet:-1, max-image-preview:large, max-video-preview:-1\" \/>\n<link rel=\"canonical\" href=\"https:\/\/d66.nl\/vlaardingen\/nieuws\/oeverwind-2-inwoners-en-cooperaties-bouwen-mee-aan-schone-energie-voor-vlaardingen\" \/>\n<meta property=\"og:locale\" content=\"nl_NL\" \/>\n<meta property=\"og:type\" content=\"article\" \/>\n<meta property=\"og:title\" content=\"D66 Vlaardingen &#8212; Oeverwind 2: inwoners en co\u00f6peraties bouwen mee aan schone energie voor Vlaardingen\" \/>\n<meta property=\"og:description\" content=\"De gemeente Vlaardingen heeft een intentieverklaring ondertekend met drie energieco\u00f6peraties voor windproject Oeverwind 2. Bij het Oeverbos komen twee nieuwe windturbines, die samen genoeg stroom opwekken voor zo&#039;n 10.000 huishoudens. D66 Vlaardingen ziet hierin een belangrijke stap: lokale energie, lokaal eigenaarschap en minder druk op het stroomnet.\" \/>\n<meta property=\"og:url\" content=\"https:\/\/d66.nl\/vlaardingen\/nieuws\/oeverwind-2-inwoners-en-cooperaties-bouwen-mee-aan-schone-energie-voor-vlaardingen\/\" \/>\n<meta property=\"og:site_name\" content=\"D66 Vlaardingen\" \/>\n<meta property=\"article:publisher\" content=\"https:\/\/www.facebook.com\/D66Vlaardingen\/\" \/>\n<meta property=\"article:published_time\" content=\"2026-02-23T21:10:16+00:00\" \/>\n<meta property=\"article:modified_time\" content=\"2026-02-23T21:11:09+00:00\" \/>\n<meta property=\"og:image\" content=\"https:\/\/d66.nl\/vlaardingen\/wp-content\/uploads\/sites\/160\/2026\/02\/input-1024x670.png\" \/>\n\t<meta property=\"og:image:width\" content=\"1024\" \/>\n\t<meta property=\"og:image:height\" content=\"670\" \/>\n\t<meta property=\"og:image:type\" content=\"image\/png\" \/>\n<meta name=\"author\" content=\"maximiliaanvl\" \/>\n<meta name=\"twitter:card\" content=\"summary_large_image\" \/>\n<meta name=\"twitter:label1\" content=\"Geschreven door\" \/>\n\t<meta name=\"twitter:data1\" content=\"maximiliaanvl\" \/>\n\t<meta name=\"twitter:label2\" content=\"Geschatte leestijd\" \/>\n\t<meta name=\"twitter:data2\" content=\"1 minuut\" \/>\n<script type=\"application\/ld+json\" class=\"yoast-schema-graph\">{\"@context\":\"https:\\\/\\\/schema.org\",\"@graph\":[{\"@type\":\"Article\",\"@id\":\"https:\\\/\\\/d66.nl\\\/vlaardingen\\\/nieuws\\\/oeverwind-2-inwoners-en-cooperaties-bouwen-mee-aan-schone-energie-voor-vlaardingen\\\/#article\",\"isPartOf\":{\"@id\":\"https:\\\/\\\/d66.nl\\\/vlaardingen\\\/nieuws\\\/oeverwind-2-inwoners-en-cooperaties-bouwen-mee-aan-schone-energie-voor-vlaardingen\\\/\"},\"author\":{\"name\":\"maximiliaanvl\",\"@id\":\"https:\\\/\\\/d66.nl\\\/vlaardingen\\\/#\\\/schema\\\/person\\\/0ba66aefe218563aaab82b385fd4b0f6\"},\"headline\":\"Oeverwind 2: inwoners en co\u00f6peraties bouwen mee aan schone energie voor Vlaardingen\",\"datePublished\":\"2026-02-23T21:10:16+00:00\",\"dateModified\":\"2026-02-23T21:11:09+00:00\",\"mainEntityOfPage\":{\"@id\":\"https:\\\/\\\/d66.nl\\\/vlaardingen\\\/nieuws\\\/oeverwind-2-inwoners-en-cooperaties-bouwen-mee-aan-schone-energie-voor-vlaardingen\\\/\"},\"wordCount\":12,\"commentCount\":0,\"publisher\":{\"@id\":\"https:\\\/\\\/d66.nl\\\/vlaardingen\\\/#organization\"},\"image\":{\"@id\":\"https:\\\/\\\/d66.nl\\\/vlaardingen\\\/nieuws\\\/oeverwind-2-inwoners-en-cooperaties-bouwen-mee-aan-schone-energie-voor-vlaardingen\\\/#primaryimage\"},\"thumbnailUrl\":\"https:\\\/\\\/d66.nl\\\/vlaardingen\\\/wp-content\\\/uploads\\\/sites\\\/160\\\/2026\\\/02\\\/input.png\",\"articleSection\":[\"D66\"],\"inLanguage\":\"nl-NL\",\"potentialAction\":[{\"@type\":\"CommentAction\",\"name\":\"Comment\",\"target\":[\"https:\\\/\\\/d66.nl\\\/vlaardingen\\\/nieuws\\\/oeverwind-2-inwoners-en-cooperaties-bouwen-mee-aan-schone-energie-voor-vlaardingen\\\/#respond\"]}]},{\"@type\":\"WebPage\",\"@id\":\"https:\\\/\\\/d66.nl\\\/vlaardingen\\\/nieuws\\\/oeverwind-2-inwoners-en-cooperaties-bouwen-mee-aan-schone-energie-voor-vlaardingen\\\/\",\"url\":\"https:\\\/\\\/d66.nl\\\/vlaardingen\\\/nieuws\\\/oeverwind-2-inwoners-en-cooperaties-bouwen-mee-aan-schone-energie-voor-vlaardingen\\\/\",\"name\":\"D66 Vlaardingen &#8212; Oeverwind 2: inwoners en co\u00f6peraties bouwen mee aan schone energie voor Vlaardingen\",\"isPartOf\":{\"@id\":\"https:\\\/\\\/d66.nl\\\/vlaardingen\\\/#website\"},\"primaryImageOfPage\":{\"@id\":\"https:\\\/\\\/d66.nl\\\/vlaardingen\\\/nieuws\\\/oeverwind-2-inwoners-en-cooperaties-bouwen-mee-aan-schone-energie-voor-vlaardingen\\\/#primaryimage\"},\"image\":{\"@id\":\"https:\\\/\\\/d66.nl\\\/vlaardingen\\\/nieuws\\\/oeverwind-2-inwoners-en-cooperaties-bouwen-mee-aan-schone-energie-voor-vlaardingen\\\/#primaryimage\"},\"thumbnailUrl\":\"https:\\\/\\\/d66.nl\\\/vlaardingen\\\/wp-content\\\/uploads\\\/sites\\\/160\\\/2026\\\/02\\\/input.png\",\"datePublished\":\"2026-02-23T21:10:16+00:00\",\"dateModified\":\"2026-02-23T21:11:09+00:00\",\"description\":\"De gemeente Vlaardingen heeft een intentieverklaring ondertekend met drie energieco\u00f6peraties voor windproject Oeverwind 2. Bij het Oeverbos komen twee nieuwe windturbines, die samen genoeg stroom opwekken voor zo'n 10.000 huishoudens. D66 Vlaardingen ziet hierin een belangrijke stap: lokale energie, lokaal eigenaarschap en minder druk op het stroomnet.\",\"breadcrumb\":{\"@id\":\"https:\\\/\\\/d66.nl\\\/vlaardingen\\\/nieuws\\\/oeverwind-2-inwoners-en-cooperaties-bouwen-mee-aan-schone-energie-voor-vlaardingen\\\/#breadcrumb\"},\"inLanguage\":\"nl-NL\",\"potentialAction\":[{\"@type\":\"ReadAction\",\"target\":[\"https:\\\/\\\/d66.nl\\\/vlaardingen\\\/nieuws\\\/oeverwind-2-inwoners-en-cooperaties-bouwen-mee-aan-schone-energie-voor-vlaardingen\\\/\"]}]},{\"@type\":\"ImageObject\",\"inLanguage\":\"nl-NL\",\"@id\":\"https:\\\/\\\/d66.nl\\\/vlaardingen\\\/nieuws\\\/oeverwind-2-inwoners-en-cooperaties-bouwen-mee-aan-schone-energie-voor-vlaardingen\\\/#primaryimage\",\"url\":\"https:\\\/\\\/d66.nl\\\/vlaardingen\\\/wp-content\\\/uploads\\\/sites\\\/160\\\/2026\\\/02\\\/input.png\",\"contentUrl\":\"https:\\\/\\\/d66.nl\\\/vlaardingen\\\/wp-content\\\/uploads\\\/sites\\\/160\\\/2026\\\/02\\\/input.png\",\"width\":2424,\"height\":1586},{\"@type\":\"BreadcrumbList\",\"@id\":\"https:\\\/\\\/d66.nl\\\/vlaardingen\\\/nieuws\\\/oeverwind-2-inwoners-en-cooperaties-bouwen-mee-aan-schone-energie-voor-vlaardingen\\\/#breadcrumb\",\"itemListElement\":[{\"@type\":\"ListItem\",\"position\":1,\"name\":\"Home\",\"item\":\"https:\\\/\\\/d66.nl\\\/vlaardingen\\\/\"},{\"@type\":\"ListItem\",\"position\":2,\"name\":\"Nieuws\",\"item\":\"https:\\\/\\\/d66.nl\\\/vlaardingen\\\/nieuws\\\/\"},{\"@type\":\"ListItem\",\"position\":3,\"name\":\"Oeverwind 2: inwoners en co\u00f6peraties bouwen mee aan schone energie voor Vlaardingen\"}]},{\"@type\":\"WebSite\",\"@id\":\"https:\\\/\\\/d66.nl\\\/vlaardingen\\\/#website\",\"url\":\"https:\\\/\\\/d66.nl\\\/vlaardingen\\\/\",\"name\":\"D66 Vlaardingen - Het kan w\u00e9l\",\"description\":\"Just another D66 Sites site\",\"publisher\":{\"@id\":\"https:\\\/\\\/d66.nl\\\/vlaardingen\\\/#organization\"},\"potentialAction\":[{\"@type\":\"SearchAction\",\"target\":{\"@type\":\"EntryPoint\",\"urlTemplate\":\"https:\\\/\\\/d66.nl\\\/vlaardingen\\\/?s={search_term_string}\"},\"query-input\":{\"@type\":\"PropertyValueSpecification\",\"valueRequired\":true,\"valueName\":\"search_term_string\"}}],\"inLanguage\":\"nl-NL\"},{\"@type\":\"Organization\",\"@id\":\"https:\\\/\\\/d66.nl\\\/vlaardingen\\\/#organization\",\"name\":\"D66 Vlaardingen\",\"url\":\"https:\\\/\\\/d66.nl\\\/vlaardingen\\\/\",\"logo\":{\"@type\":\"ImageObject\",\"inLanguage\":\"nl-NL\",\"@id\":\"https:\\\/\\\/d66.nl\\\/vlaardingen\\\/#\\\/schema\\\/logo\\\/image\\\/\",\"url\":\"https:\\\/\\\/d66.nl\\\/vlaardingen\\\/wp-content\\\/uploads\\\/sites\\\/160\\\/2025\\\/10\\\/723dbf61-4120-46fe-8623-ed06f6e4be6c.jpg.png\",\"contentUrl\":\"https:\\\/\\\/d66.nl\\\/vlaardingen\\\/wp-content\\\/uploads\\\/sites\\\/160\\\/2025\\\/10\\\/723dbf61-4120-46fe-8623-ed06f6e4be6c.jpg.png\",\"width\":900,\"height\":900,\"caption\":\"D66 Vlaardingen\"},\"image\":{\"@id\":\"https:\\\/\\\/d66.nl\\\/vlaardingen\\\/#\\\/schema\\\/logo\\\/image\\\/\"},\"sameAs\":[\"https:\\\/\\\/www.facebook.com\\\/D66Vlaardingen\\\/\",\"https:\\\/\\\/www.linkedin.com\\\/company\\\/d66-vlaardingen\",\"https:\\\/\\\/www.instagram.com\\\/d66vlaardingen?igsh=MXdidGU5bzU4M3R2Yw&utm_source=qr\",\"https:\\\/\\\/bsky.app\\\/profile\\\/d66vlaardingen.bsky.social\"]},{\"@type\":\"Person\",\"@id\":\"https:\\\/\\\/d66.nl\\\/vlaardingen\\\/#\\\/schema\\\/person\\\/0ba66aefe218563aaab82b385fd4b0f6\",\"name\":\"maximiliaanvl\",\"image\":{\"@type\":\"ImageObject\",\"inLanguage\":\"nl-NL\",\"@id\":\"https:\\\/\\\/secure.gravatar.com\\\/avatar\\\/3edb31bb9f3ec8f5ff896c893ab8f858d948a8c6c51762b2b2f15947e3c9000f?s=96&d=mm&r=g\",\"url\":\"https:\\\/\\\/secure.gravatar.com\\\/avatar\\\/3edb31bb9f3ec8f5ff896c893ab8f858d948a8c6c51762b2b2f15947e3c9000f?s=96&d=mm&r=g\",\"contentUrl\":\"https:\\\/\\\/secure.gravatar.com\\\/avatar\\\/3edb31bb9f3ec8f5ff896c893ab8f858d948a8c6c51762b2b2f15947e3c9000f?s=96&d=mm&r=g\",\"caption\":\"maximiliaanvl\"}}]}<\/script>\n<!-- \/ Yoast SEO plugin. -->","yoast_head_json":{"title":"D66 Vlaardingen &#8212; Oeverwind 2: inwoners en co\u00f6peraties bouwen mee aan schone energie voor Vlaardingen","description":"De gemeente Vlaardingen heeft een intentieverklaring ondertekend met drie energieco\u00f6peraties voor windproject Oeverwind 2. Bij het Oeverbos komen twee nieuwe windturbines, die samen genoeg stroom opwekken voor zo'n 10.000 huishoudens. D66 Vlaardingen ziet hierin een belangrijke stap: lokale energie, lokaal eigenaarschap en minder druk op het stroomnet.","robots":{"index":"index","follow":"follow","max-snippet":"max-snippet:-1","max-image-preview":"max-image-preview:large","max-video-preview":"max-video-preview:-1"},"canonical":"https:\/\/d66.nl\/vlaardingen\/nieuws\/oeverwind-2-inwoners-en-cooperaties-bouwen-mee-aan-schone-energie-voor-vlaardingen","og_locale":"nl_NL","og_type":"article","og_title":"D66 Vlaardingen &#8212; Oeverwind 2: inwoners en co\u00f6peraties bouwen mee aan schone energie voor Vlaardingen","og_description":"De gemeente Vlaardingen heeft een intentieverklaring ondertekend met drie energieco\u00f6peraties voor windproject Oeverwind 2. Bij het Oeverbos komen twee nieuwe windturbines, die samen genoeg stroom opwekken voor zo'n 10.000 huishoudens. D66 Vlaardingen ziet hierin een belangrijke stap: lokale energie, lokaal eigenaarschap en minder druk op het stroomnet.","og_url":"https:\/\/d66.nl\/vlaardingen\/nieuws\/oeverwind-2-inwoners-en-cooperaties-bouwen-mee-aan-schone-energie-voor-vlaardingen\/","og_site_name":"D66 Vlaardingen","article_publisher":"https:\/\/www.facebook.com\/D66Vlaardingen\/","article_published_time":"2026-02-23T21:10:16+00:00","article_modified_time":"2026-02-23T21:11:09+00:00","og_image":[{"width":1024,"height":670,"url":"https:\/\/d66.nl\/vlaardingen\/wp-content\/uploads\/sites\/160\/2026\/02\/input-1024x670.png","type":"image\/png"}],"author":"maximiliaanvl","twitter_card":"summary_large_image","twitter_misc":{"Geschreven door":"maximiliaanvl","Geschatte leestijd":"1 minuut"},"schema":{"@context":"https:\/\/schema.org","@graph":[{"@type":"Article","@id":"https:\/\/d66.nl\/vlaardingen\/nieuws\/oeverwind-2-inwoners-en-cooperaties-bouwen-mee-aan-schone-energie-voor-vlaardingen\/#article","isPartOf":{"@id":"https:\/\/d66.nl\/vlaardingen\/nieuws\/oeverwind-2-inwoners-en-cooperaties-bouwen-mee-aan-schone-energie-voor-vlaardingen\/"},"author":{"name":"maximiliaanvl","@id":"https:\/\/d66.nl\/vlaardingen\/#\/schema\/person\/0ba66aefe218563aaab82b385fd4b0f6"},"headline":"Oeverwind 2: inwoners en co\u00f6peraties bouwen mee aan schone energie voor Vlaardingen","datePublished":"2026-02-23T21:10:16+00:00","dateModified":"2026-02-23T21:11:09+00:00","mainEntityOfPage":{"@id":"https:\/\/d66.nl\/vlaardingen\/nieuws\/oeverwind-2-inwoners-en-cooperaties-bouwen-mee-aan-schone-energie-voor-vlaardingen\/"},"wordCount":12,"commentCount":0,"publisher":{"@id":"https:\/\/d66.nl\/vlaardingen\/#organization"},"image":{"@id":"https:\/\/d66.nl\/vlaardingen\/nieuws\/oeverwind-2-inwoners-en-cooperaties-bouwen-mee-aan-schone-energie-voor-vlaardingen\/#primaryimage"},"thumbnailUrl":"https:\/\/d66.nl\/vlaardingen\/wp-content\/uploads\/sites\/160\/2026\/02\/input.png","articleSection":["D66"],"inLanguage":"nl-NL","potentialAction":[{"@type":"CommentAction","name":"Comment","target":["https:\/\/d66.nl\/vlaardingen\/nieuws\/oeverwind-2-inwoners-en-cooperaties-bouwen-mee-aan-schone-energie-voor-vlaardingen\/#respond"]}]},{"@type":"WebPage","@id":"https:\/\/d66.nl\/vlaardingen\/nieuws\/oeverwind-2-inwoners-en-cooperaties-bouwen-mee-aan-schone-energie-voor-vlaardingen\/","url":"https:\/\/d66.nl\/vlaardingen\/nieuws\/oeverwind-2-inwoners-en-cooperaties-bouwen-mee-aan-schone-energie-voor-vlaardingen\/","name":"D66 Vlaardingen &#8212; Oeverwind 2: inwoners en co\u00f6peraties bouwen mee aan schone energie voor Vlaardingen","isPartOf":{"@id":"https:\/\/d66.nl\/vlaardingen\/#website"},"primaryImageOfPage":{"@id":"https:\/\/d66.nl\/vlaardingen\/nieuws\/oeverwind-2-inwoners-en-cooperaties-bouwen-mee-aan-schone-energie-voor-vlaardingen\/#primaryimage"},"image":{"@id":"https:\/\/d66.nl\/vlaardingen\/nieuws\/oeverwind-2-inwoners-en-cooperaties-bouwen-mee-aan-schone-energie-voor-vlaardingen\/#primaryimage"},"thumbnailUrl":"https:\/\/d66.nl\/vlaardingen\/wp-content\/uploads\/sites\/160\/2026\/02\/input.png","datePublished":"2026-02-23T21:10:16+00:00","dateModified":"2026-02-23T21:11:09+00:00","description":"De gemeente Vlaardingen heeft een intentieverklaring ondertekend met drie energieco\u00f6peraties voor windproject Oeverwind 2. Bij het Oeverbos komen twee nieuwe windturbines, die samen genoeg stroom opwekken voor zo'n 10.000 huishoudens. D66 Vlaardingen ziet hierin een belangrijke stap: lokale energie, lokaal eigenaarschap en minder druk op het stroomnet.","breadcrumb":{"@id":"https:\/\/d66.nl\/vlaardingen\/nieuws\/oeverwind-2-inwoners-en-cooperaties-bouwen-mee-aan-schone-energie-voor-vlaardingen\/#breadcrumb"},"inLanguage":"nl-NL","potentialAction":[{"@type":"ReadAction","target":["https:\/\/d66.nl\/vlaardingen\/nieuws\/oeverwind-2-inwoners-en-cooperaties-bouwen-mee-aan-schone-energie-voor-vlaardingen\/"]}]},{"@type":"ImageObject","inLanguage":"nl-NL","@id":"https:\/\/d66.nl\/vlaardingen\/nieuws\/oeverwind-2-inwoners-en-cooperaties-bouwen-mee-aan-schone-energie-voor-vlaardingen\/#primaryimage","url":"https:\/\/d66.nl\/vlaardingen\/wp-content\/uploads\/sites\/160\/2026\/02\/input.png","contentUrl":"https:\/\/d66.nl\/vlaardingen\/wp-content\/uploads\/sites\/160\/2026\/02\/input.png","width":2424,"height":1586},{"@type":"BreadcrumbList","@id":"https:\/\/d66.nl\/vlaardingen\/nieuws\/oeverwind-2-inwoners-en-cooperaties-bouwen-mee-aan-schone-energie-voor-vlaardingen\/#breadcrumb","itemListElement":[{"@type":"ListItem","position":1,"name":"Home","item":"https:\/\/d66.nl\/vlaardingen\/"},{"@type":"ListItem","position":2,"name":"Nieuws","item":"https:\/\/d66.nl\/vlaardingen\/nieuws\/"},{"@type":"ListItem","position":3,"name":"Oeverwind 2: inwoners en co\u00f6peraties bouwen mee aan schone energie voor Vlaardingen"}]},{"@type":"WebSite","@id":"https:\/\/d66.nl\/vlaardingen\/#website","url":"https:\/\/d66.nl\/vlaardingen\/","name":"D66 Vlaardingen - Het kan w\u00e9l","description":"Just another D66 Sites site","publisher":{"@id":"https:\/\/d66.nl\/vlaardingen\/#organization"},"potentialAction":[{"@type":"SearchAction","target":{"@type":"EntryPoint","urlTemplate":"https:\/\/d66.nl\/vlaardingen\/?s={search_term_string}"},"query-input":{"@type":"PropertyValueSpecification","valueRequired":true,"valueName":"search_term_string"}}],"inLanguage":"nl-NL"},{"@type":"Organization","@id":"https:\/\/d66.nl\/vlaardingen\/#organization","name":"D66 Vlaardingen","url":"https:\/\/d66.nl\/vlaardingen\/","logo":{"@type":"ImageObject","inLanguage":"nl-NL","@id":"https:\/\/d66.nl\/vlaardingen\/#\/schema\/logo\/image\/","url":"https:\/\/d66.nl\/vlaardingen\/wp-content\/uploads\/sites\/160\/2025\/10\/723dbf61-4120-46fe-8623-ed06f6e4be6c.jpg.png","contentUrl":"https:\/\/d66.nl\/vlaardingen\/wp-content\/uploads\/sites\/160\/2025\/10\/723dbf61-4120-46fe-8623-ed06f6e4be6c.jpg.png","width":900,"height":900,"caption":"D66 Vlaardingen"},"image":{"@id":"https:\/\/d66.nl\/vlaardingen\/#\/schema\/logo\/image\/"},"sameAs":["https:\/\/www.facebook.com\/D66Vlaardingen\/","https:\/\/www.linkedin.com\/company\/d66-vlaardingen","https:\/\/www.instagram.com\/d66vlaardingen?igsh=MXdidGU5bzU4M3R2Yw&utm_source=qr","https:\/\/bsky.app\/profile\/d66vlaardingen.bsky.social"]},{"@type":"Person","@id":"https:\/\/d66.nl\/vlaardingen\/#\/schema\/person\/0ba66aefe218563aaab82b385fd4b0f6","name":"maximiliaanvl","image":{"@type":"ImageObject","inLanguage":"nl-NL","@id":"https:\/\/secure.gravatar.com\/avatar\/3edb31bb9f3ec8f5ff896c893ab8f858d948a8c6c51762b2b2f15947e3c9000f?s=96&d=mm&r=g","url":"https:\/\/secure.gravatar.com\/avatar\/3edb31bb9f3ec8f5ff896c893ab8f858d948a8c6c51762b2b2f15947e3c9000f?s=96&d=mm&r=g","contentUrl":"https:\/\/secure.gravatar.com\/avatar\/3edb31bb9f3ec8f5ff896c893ab8f858d948a8c6c51762b2b2f15947e3c9000f?s=96&d=mm&r=g","caption":"maximiliaanvl"}}]}},"_links":{"self":[{"href":"https:\/\/d66.nl\/vlaardingen\/wp-json\/wp\/v2\/posts\/1767","targetHints":{"allow":["GET"]}}],"collection":[{"href":"https:\/\/d66.nl\/vlaardingen\/wp-json\/wp\/v2\/posts"}],"about":[{"href":"https:\/\/d66.nl\/vlaardingen\/wp-json\/wp\/v2\/types\/post"}],"author":[{"embeddable":true,"href":"https:\/\/d66.nl\/vlaardingen\/wp-json\/wp\/v2\/users\/1772"}],"replies":[{"embeddable":true,"href":"https:\/\/d66.nl\/vlaardingen\/wp-json\/wp\/v2\/comments?post=1767"}],"version-history":[{"count":1,"href":"https:\/\/d66.nl\/vlaardingen\/wp-json\/wp\/v2\/posts\/1767\/revisions"}],"predecessor-version":[{"id":1769,"href":"https:\/\/d66.nl\/vlaardingen\/wp-json\/wp\/v2\/posts\/1767\/revisions\/1769"}],"wp:featuredmedia":[{"embeddable":true,"href":"https:\/\/d66.nl\/vlaardingen\/wp-json\/wp\/v2\/media\/1768"}],"wp:attachment":[{"href":"https:\/\/d66.nl\/vlaardingen\/wp-json\/wp\/v2\/media?parent=1767"}],"wp:term":[{"taxonomy":"category","embeddable":true,"href":"https:\/\/d66.nl\/vlaardingen\/wp-json\/wp\/v2\/categories?post=1767"},{"taxonomy":"labels","embeddable":true,"href":"https:\/\/d66.nl\/vlaardingen\/wp-json\/wp\/v2\/labels?post=1767"},{"taxonomy":"search-tags","embeddable":true,"href":"https:\/\/d66.nl\/vlaardingen\/wp-json\/wp\/v2\/search-tags?post=1767"}],"curies":[{"name":"wp","href":"https:\/\/api.w.org\/{rel}","templated":true}]}}