{"id":760,"date":"2022-07-06T10:59:04","date_gmt":"2022-07-06T10:59:04","guid":{"rendered":"https:\/\/d66.nl\/vijfheerenlanden\/nieuws\/"},"modified":"2022-09-24T13:12:49","modified_gmt":"2022-09-24T13:12:49","slug":"ingesprekmet-dagboek","status":"publish","type":"post","link":"https:\/\/d66.nl\/vijfheerenlanden\/nieuws\/ingesprekmet-dagboek","title":{"rendered":"#ingesprekmet dagboek van Debby de Lima"},"content":{"rendered":"<div\n  id=\"\"\n  class=\"wrapper  wrapper__spacing-bottom-large--50 wrapper__spacing-bottom-desktop--66 wrapper__spacing-bottom-mobile--76  wrapper__gutter--none\"\n  >\n  \t<div class=\"wrapper__container wrapper__container-width-large--default\">\n\t  <div class=\"wrapper__inner wrapper__width-large--14 wrapper__width-desktop--20 wrapper__width-mobile--24 wrapper__offset-large--6 wrapper__offset-desktop--4 wrapper__offset-mobile--0\">\n\t\t<h1 class=\"heading   heading__size--giant heading__font--serif heading__weight--regular  block-heading__heading\" id=\"nav--ingesprekmet-dagboek-van-debby-de-lima8996\"  data-nav-heading-mobile=\"#ingesprekmet dagboek van Debby de Lima\" >\n\t#ingesprekmet dagboek van Debby de Lima<\/h1>\t  <\/div>\n\t<\/div>\n  <\/div>\n\n\n<div\n  id=\"\"\n  class=\"wrapper  wrapper__spacing-bottom-large--50 wrapper__spacing-bottom-mobile--40  wrapper__gutter--none\"\n  >\n  \t<div class=\"wrapper__container wrapper__container-width-large--default\">\n\t  <div class=\"wrapper__inner wrapper__width-large--13 wrapper__width-desktop--22 wrapper__width-mobile--24 wrapper__offset-large--6 wrapper__offset-desktop--2 wrapper__offset-mobile--0\">\n\t\t<p\n\t\tclass=\"paragraph   paragraph__size--big   block-paragraph__paragraph\"\n\t\t\t>\n\t\t\u201cIn mijn eerste jaar als raadscommissielid en als brugklasser in de politieke school, ben ik vooral bezig met mijn zichtbaarheid in Leerdam, waar ik sinds november 2021 in het Hofje van Mevrouw van Aerden woon.<br>Ik praat spontaan met mensen die ik tegenkom. Deze onverwachte gesprekjes hou ik bij en deel ik op de social media met hashtag #ingesprekmet. Inmiddels lijkt het een soort van dagboek te worden. Ik vind het wel leuk zo!<br>De andere kernen van de gemeente Vijfheerenlanden komen natuurlijk ook aan bod. Heb wel idee\u00ebn, maar ben vooral benieuwd naar j\u00fallie suggesties, j\u00fallie idee\u00ebn over zichtbaarheid. Hieronder een greep uit mijn dagboek.\u201d<br>\t<\/p>\t  <\/div>\n\t<\/div>\n  <\/div>\n\n\n<div\n  id=\"\"\n  class=\"wrapper  wrapper__spacing-bottom-large--30 wrapper__spacing-bottom-desktop--20 wrapper__spacing-bottom-mobile--10  wrapper__gutter--none\"\n  >\n  \t<div class=\"wrapper__container wrapper__container-width-large--default\">\n\t  <div class=\"wrapper__inner wrapper__width-large--14 wrapper__width-desktop--24 wrapper__width-mobile--24 wrapper__offset-large--6 wrapper__offset-desktop--2 wrapper__offset-mobile--0\">\n\t\t<section class=\"block-related-post-metadata js-block-related-post-metadata\">\n\t<div class=\"block-related-post-metadata__content-wrapper\">\n\t\t<div class=\"block-related-post-metadata__persons\">\n\t\t\t<div class=\"related-person-info__wrapper\">\n\t\t\t<div class=\"related-person-info__item related-person-info__color--romanSilver\">\n\t\t\t<a class=\"related-person-info__link\" href=\"https:\/\/d66.nl\/vijfheerenlanden\/mensen\/wil-heestermans\/\">\n\t\t\t\t<div class=\"related-person-info__image_container\">\n\t\t\t\t<img loading=\"lazy\" decoding=\"async\" width=\"150\" height=\"150\" src=\"https:\/\/d66.nl\/vijfheerenlanden\/wp-content\/uploads\/sites\/109\/2022\/01\/thumbnail_DSC08151-150x150.jpg\" class=\"related-person-info__image\" alt=\"\" \/>\t\t\t\t<\/div>\n\t\t\t\t<div class=\"related-person-info__meta\">\n\t\t\t\t\t\t\t\t\t<header class=\"related-person-info__header\">\n\t\t\t\t\t\t<h3 class=\"heading   heading__size--small heading__font--sans heading__weight--bold\" id=\"nav-wil-heestermans6043\">\n\tWil Heestermans<\/h3>\t\t\t\t\t<\/header>\n\t\t\t\t\t\t\t\t\t\t\t\t\t<div class=\"related-person-info__description\">\n\t\t\t\t\t\t<p class=\"paragraph   paragraph__size--small paragraph__weight--normal\">\n\t\tCommissielid\t<\/p>\t\t\t\t\t<\/div>\n\t\t\t\t\t\t\t\t<\/div>\n\t\t\t<\/a>\n\t\t<\/div>\n\t\t<\/div>\t\t<\/div>\n\t\t<div class=\"block-related-post-metadata__meta\">\n\t\t\t<div class=\"block-related-post-metadata__date\">\n\t\t\t\t06.07.2022<div class=\"post-share js-post-share rs_skip_always\">\n\t<button class=\"post-share__share-button js-post-share-share-button\">\n\t\tShare\t\t<svg xmlns='http:\/\/www.w3.org\/2000\/svg' width='100px' height='100px' viewBox='0 0 24 24' fill='none'><path d='m8.684 10.658 6.629-3.314m.003 9.314-6.622-3.311M21 6a3 3 0 1 1-6 0 3 3 0 0 1 6 0ZM9 12a3 3 0 1 1-6 0 3 3 0 0 1 6 0Zm12 6a3 3 0 1 1-6 0 3 3 0 0 1 6 0Z' stroke='currentColor' stroke-width='1.5' fill='none'\/><\/svg>\t<\/button>\n\t<dialog class=\"post-share__dialog js-post-share-dialog\" aria-hidden=\"true\">\n\t\t<div class=\"post-share__dialog-header\">\n\t\t\tShare this post\t\t\t<button class=\"post-share__dialog-close js-post-share-dialog-close\">\n\t\t\t\t<svg xmlns='http:\/\/www.w3.org\/2000\/svg' width='150' height='150' viewBox='0 0 150 150' fill='none'><path d='M44.103 105.897 75 75m30.898-30.898L75 75m0 0L44.103 44.102M75 75l30.898 30.897' stroke='currentColor' stroke-width='5' fill='none'\/><\/svg>\t\t\t<\/button>\n\t\t<\/div>\n\t\t<div class=\"post-share__dialog-socials\">\n\t\t\t\t\t\t\t\t\t\t\t<a class=\"post-share__dialog-item js-post-share-dialog-item\" href=\"#\" target=\"_blank\" data-copy=&quot;true&quot;>\n\t\t\t\t\tKopier link<svg xmlns='http:\/\/www.w3.org\/2000\/svg' width='150' height='150' viewBox='0 0 150 150' fill='none'><path d='M67.468 108.679c-8.533-.512-14.164-3.583-17.407-9.983-3.242-6.314-2.815-12.713 1.195-18.6 1.706-2.56 3.584-5.035 5.46-7.594 1.537-2.048 3.584-2.475 5.462-1.195 2.047 1.45 2.389 3.498.938 5.632-1.706 2.474-3.584 4.948-5.29 7.423-3.242 4.778-2.304 11.092 2.133 14.334 4.864 3.584 11.092 2.731 14.761-1.962 1.963-2.475 3.754-5.12 5.632-7.68 1.194-1.535 2.645-2.218 4.607-1.28 1.792.854 2.645 2.39 2.304 4.267 0 .17 0 .427-.17.597-3.67 5.12-6.4 11.178-12.544 13.993-2.56 1.195-5.46 1.707-6.996 2.219l-.085-.171Z' fill='currentColor'\/><path d='M86.921 44.6c6.144.257 11.605 3.328 14.932 9.728 3.328 6.399 2.816 12.798-1.109 18.856-1.621 2.56-3.498 4.95-5.29 7.424-1.707 2.303-3.754 2.815-5.717 1.45-2.048-1.45-2.304-3.669-.597-6.058 1.621-2.304 3.328-4.608 4.949-6.911 3.498-4.95 2.56-11.348-2.133-14.761-4.779-3.499-11.178-2.475-14.847 2.56-1.792 2.388-3.498 4.863-5.205 7.252-1.62 2.218-3.583 2.56-5.546 1.11-1.877-1.366-2.218-3.414-.768-5.462 2.048-2.986 4.01-5.972 6.314-8.703 3.67-4.351 8.448-6.399 15.103-6.399l-.086-.085Z' fill='currentColor'\/><path d='M71.478 88.457c-3.498-.341-5.46-3.413-3.754-6.143 3.327-5.29 6.825-10.495 10.324-15.7 1.45-2.133 3.413-2.389 5.46-1.109 1.878 1.28 2.219 3.413.854 5.546-3.328 5.034-6.57 9.983-9.983 14.932-.683 1.024-1.963 1.621-2.901 2.389v.085Z' fill='currentColor'\/><\/svg>\t\t\t\t<\/a>\n\t\t\t\t\t\t\t\t\t\t\t<a class=\"post-share__dialog-item js-post-share-dialog-item\" href=\"mailto:?to=%20&amp;body=https%3A%2F%2Fd66.nl%2Fvijfheerenlanden%2Fnieuws%2Fingesprekmet-dagboek\" target=\"_blank\" >\n\t\t\t\t\tMail<svg xmlns='http:\/\/www.w3.org\/2000\/svg' width='40' height='40' viewBox='0 0 40 40' fill='none'><path d='M24.107 15.865a1 1 0 0 1 1.266 1.265l-1.686 5.052a1 1 0 0 1-1.654.392l-3.37-3.37a1.001 1.001 0 0 1 .392-1.654l5.052-1.685Z' fill='currentColor'\/><path d='m21.763 19.475-5.657 5.657' stroke='currentColor' stroke-width='2' stroke-linecap='round' fill='none'\/><\/svg>\t\t\t\t<\/a>\n\t\t\t\t\t\t\t\t\t\t\t<a class=\"post-share__dialog-item js-post-share-dialog-item\" href=\"https:\/\/www.linkedin.com\/sharing\/share-offsite\/?url=https%3A%2F%2Fd66.nl%2Fvijfheerenlanden%2Fnieuws%2Fingesprekmet-dagboek\" target=\"_blank\" >\n\t\t\t\t\tLinkedIn<svg xmlns='http:\/\/www.w3.org\/2000\/svg' width='40' height='40' viewBox='0 0 40 40' fill='none'><path d='M24.107 15.865a1 1 0 0 1 1.266 1.265l-1.686 5.052a1 1 0 0 1-1.654.392l-3.37-3.37a1.001 1.001 0 0 1 .392-1.654l5.052-1.685Z' fill='currentColor'\/><path d='m21.763 19.475-5.657 5.657' stroke='currentColor' stroke-width='2' stroke-linecap='round' fill='none'\/><\/svg>\t\t\t\t<\/a>\n\t\t\t\t\t\t\t\t\t\t\t<a class=\"post-share__dialog-item js-post-share-dialog-item\" href=\"https:\/\/www.facebook.com\/sharer\/sharer.php?u=https%3A%2F%2Fd66.nl%2Fvijfheerenlanden%2Fnieuws%2Fingesprekmet-dagboek\" target=\"_blank\" >\n\t\t\t\t\tFacebook<svg xmlns='http:\/\/www.w3.org\/2000\/svg' width='40' height='40' viewBox='0 0 40 40' fill='none'><path d='M24.107 15.865a1 1 0 0 1 1.266 1.265l-1.686 5.052a1 1 0 0 1-1.654.392l-3.37-3.37a1.001 1.001 0 0 1 .392-1.654l5.052-1.685Z' fill='currentColor'\/><path d='m21.763 19.475-5.657 5.657' stroke='currentColor' stroke-width='2' stroke-linecap='round' fill='none'\/><\/svg>\t\t\t\t<\/a>\n\t\t\t\t\t\t\t\t\t\t\t<a class=\"post-share__dialog-item js-post-share-dialog-item\" href=\"whatsapp:\/\/send?text=https%3A%2F%2Fd66.nl%2Fvijfheerenlanden%2Fnieuws%2Fingesprekmet-dagboek\" target=\"_blank\" >\n\t\t\t\t\tWhatsApp<svg xmlns='http:\/\/www.w3.org\/2000\/svg' width='40' height='40' viewBox='0 0 40 40' fill='none'><path d='M24.107 15.865a1 1 0 0 1 1.266 1.265l-1.686 5.052a1 1 0 0 1-1.654.392l-3.37-3.37a1.001 1.001 0 0 1 .392-1.654l5.052-1.685Z' fill='currentColor'\/><path d='m21.763 19.475-5.657 5.657' stroke='currentColor' stroke-width='2' stroke-linecap='round' fill='none'\/><\/svg>\t\t\t\t<\/a>\n\t\t\t\t\t\t\t\t\t\t\t<a class=\"post-share__dialog-item js-post-share-dialog-item\" href=\"https:\/\/x.com\/intent\/post?url=https%3A%2F%2Fd66.nl%2Fvijfheerenlanden%2Fnieuws%2Fingesprekmet-dagboek\" target=\"_blank\" >\n\t\t\t\t\tTwitter (X)<svg xmlns='http:\/\/www.w3.org\/2000\/svg' width='40' height='40' viewBox='0 0 40 40' fill='none'><path d='M24.107 15.865a1 1 0 0 1 1.266 1.265l-1.686 5.052a1 1 0 0 1-1.654.392l-3.37-3.37a1.001 1.001 0 0 1 .392-1.654l5.052-1.685Z' fill='currentColor'\/><path d='m21.763 19.475-5.657 5.657' stroke='currentColor' stroke-width='2' stroke-linecap='round' fill='none'\/><\/svg>\t\t\t\t<\/a>\n\t\t\t\t\t<\/div>\n\t<\/dialog>\n<\/div>\t\t\t<\/div>\n\t\t\t<div class=\"block-related-post-metadata__categories\">\n\t\t\t\t<div class=\"category-link__wrapper\">\n\t\t\t<div class=\"category-link__item\">\n\t\t\t<a href=\"https:\/\/d66.nl\/vijfheerenlanden\/category\/d66\/\">\n\t\t\t\tD66\t\t\t<\/a>\n\t\t<\/div>\n\t\t\t\t<div class=\"category-link__item\">\n\t\t\t<a href=\"https:\/\/d66.nl\/vijfheerenlanden\/search-tags\/lokaal\/\">\n\t\t\t\tLokaal\t\t\t<\/a>\n\t\t<\/div>\n\t\t<\/div>\t\t\t<\/div>\n\t\t<\/div>\n\t<\/div>\n<\/section>\n\t  <\/div>\n\t<\/div>\n  <\/div>\n\n\n<div\n  id=\"\"\n  class=\"wrapper  wrapper__spacing-bottom-large--0 wrapper__spacing-bottom-desktop--70 wrapper__spacing-bottom-mobile--50  wrapper__gutter--none\"\n  >\n  \t<div class=\"wrapper__container wrapper__container-width-large--default\">\n\t  <div class=\"wrapper__inner wrapper__width-large--18 wrapper__width-desktop--22 wrapper__width-mobile--24 wrapper__offset-large--6 wrapper__offset-desktop--2 wrapper__offset-mobile--0\">\n\t\t<section class=\"block-post-content\">\n\t<div class=\"block-post-content__title\">\n\t\t<h3 class=\"heading  heading__color--black heading__size--medium heading__font--sans heading__weight--semiBold  block-post-content__heading\" id=\"nav-13-september-20222923\" data-nav-heading-mobile=\"13 september 2022\">\n\t13 september 2022<\/h3>\t<\/div>\n\t<div class=\"block-post-content__content\">\n\t\t\n<div\n  id=\"\"\n  class=\"wrapper  wrapper__spacing-bottom-large--30 wrapper__spacing-bottom-desktop--20  wrapper__gutter--none\"\n  >\n  \t<div class=\"wrapper__container wrapper__container-width-large--default\">\n\t  <div class=\"wrapper__inner wrapper__width-large--24 wrapper__width-mobile--24\">\n\t\t<p\n\t\tclass=\"paragraph paragraph__align--left paragraph__color--black paragraph__size--default   block-paragraph__paragraph\"\n\t\t\t>\n\t\tKom ik \u2018bekende\u2019 tegen.<br>Ik: Heb u wel eens eerder gezien.<br>Bekende: Dat heb ik vaker gehoord ja.<br>I: Ja, kan niet anders met deze twee metgezellen.<br>B: (lacht) Kom!<br>Vergeet te vragen of zijn metgezellen husky\u2019s zijn \ud83e\udd2d<br>#ingesprekmet initiatief @d66VHL\t<\/p>\t  <\/div>\n\t<\/div>\n  <\/div>\n\n\t<\/div>\n\n\t<div class=\"block-post-content__sidebar\">\n\t\t\n\t\t\n\t\t\t<\/div>\n<\/section>\n\t  <\/div>\n\t<\/div>\n  <\/div>\n\n\n<div\n  id=\"\"\n  class=\"wrapper  wrapper__spacing-bottom-large--0 wrapper__spacing-bottom-desktop--70 wrapper__spacing-bottom-mobile--50  wrapper__gutter--none\"\n  >\n  \t<div class=\"wrapper__container wrapper__container-width-large--default\">\n\t  <div class=\"wrapper__inner wrapper__width-large--18 wrapper__width-desktop--22 wrapper__width-mobile--24 wrapper__offset-large--6 wrapper__offset-desktop--2 wrapper__offset-mobile--0\">\n\t\t<section class=\"block-post-content\">\n\t<div class=\"block-post-content__title\">\n\t\t<h3 class=\"heading  heading__color--black heading__size--medium heading__font--sans heading__weight--semiBold  block-post-content__heading\" id=\"nav-5-september-2022969\" data-nav-heading-mobile=\"5 september 2022\">\n\t5 september 2022<\/h3>\t<\/div>\n\t<div class=\"block-post-content__content\">\n\t\t\n<div\n  id=\"\"\n  class=\"wrapper  wrapper__spacing-bottom-large--30 wrapper__spacing-bottom-desktop--20  wrapper__gutter--none\"\n  >\n  \t<div class=\"wrapper__container wrapper__container-width-large--default\">\n\t  <div class=\"wrapper__inner wrapper__width-large--24 wrapper__width-mobile--24\">\n\t\t<p\n\t\tclass=\"paragraph paragraph__align--left paragraph__color--black paragraph__size--default   block-paragraph__paragraph\"\n\t\t\t>\n\t\tWandelen met #molukseouderen #leerdam Praten met A onder #glasboom<br>Vraag: Wij 1951?<br>A: Ja?<br>V: Asielzoekers? Vluchtelingen? Migranten?<br>A: Zeker geen vluchtelingen.<br>V: Gedwongen asielzoekers?<br>A: In ieder geval gedwongen!<br>#ingesprekmet initiatief @d66VHL\t<\/p>\t  <\/div>\n\t<\/div>\n  <\/div>\n\n\t<\/div>\n\n\t<div class=\"block-post-content__sidebar\">\n\t\t\n\t\t\n\t\t\t<\/div>\n<\/section>\n\t  <\/div>\n\t<\/div>\n  <\/div>\n\n\n<div\n  id=\"\"\n  class=\"wrapper  wrapper__spacing-bottom-large--0 wrapper__spacing-bottom-desktop--70 wrapper__spacing-bottom-mobile--50  wrapper__gutter--none\"\n  >\n  \t<div class=\"wrapper__container wrapper__container-width-large--default\">\n\t  <div class=\"wrapper__inner wrapper__width-large--18 wrapper__width-desktop--22 wrapper__width-mobile--24 wrapper__offset-large--6 wrapper__offset-desktop--2 wrapper__offset-mobile--0\">\n\t\t<section class=\"block-post-content\">\n\t<div class=\"block-post-content__title\">\n\t\t<h3 class=\"heading  heading__color--black heading__size--medium heading__font--sans heading__weight--semiBold  block-post-content__heading\" id=\"nav-23-juni-20222441\" data-nav-heading-mobile=\"23 juni 2022\">\n\t23 juni 2022<\/h3>\t<\/div>\n\t<div class=\"block-post-content__content\">\n\t\t\n<div\n  id=\"\"\n  class=\"wrapper  wrapper__spacing-bottom-large--30 wrapper__spacing-bottom-desktop--20  wrapper__gutter--none\"\n  >\n  \t<div class=\"wrapper__container wrapper__container-width-large--default\">\n\t  <div class=\"wrapper__inner wrapper__width-large--24 wrapper__width-mobile--24\">\n\t\t<p\n\t\tclass=\"paragraph paragraph__align--left paragraph__color--black paragraph__size--default   block-paragraph__paragraph\"\n\t\t\t>\n\t\tOnverwachte ontmoetingen in #leerdam<br>Hij vliegt voorbij<br>Zij houdt mij aan<br>Dan volgt er een gesprek over de liefde.<br>Van haar 6 jaar jongere 2e man die haar adoreert.<br>Voor hem die haar kinderen onmiddellijk in zijn armen sluit.<br>#ingesprekmet initiatief @d66VHL\t<\/p>\t  <\/div>\n\t<\/div>\n  <\/div>\n\n\t<\/div>\n\n\t<div class=\"block-post-content__sidebar\">\n\t\t\n\t\t\n\t\t\t<\/div>\n<\/section>\n\t  <\/div>\n\t<\/div>\n  <\/div>\n\n\n<div\n  id=\"\"\n  class=\"wrapper  wrapper__spacing-bottom-large--0 wrapper__spacing-bottom-desktop--70 wrapper__spacing-bottom-mobile--50  wrapper__gutter--none\"\n  >\n  \t<div class=\"wrapper__container wrapper__container-width-large--default\">\n\t  <div class=\"wrapper__inner wrapper__width-large--18 wrapper__width-desktop--22 wrapper__width-mobile--24 wrapper__offset-large--6 wrapper__offset-desktop--2 wrapper__offset-mobile--0\">\n\t\t<section class=\"block-post-content\">\n\t<div class=\"block-post-content__title\">\n\t\t<h3 class=\"heading  heading__color--black heading__size--medium heading__font--sans heading__weight--semiBold  block-post-content__heading\" id=\"nav-22-juni-20224209\" data-nav-heading-mobile=\"22 juni 2022\">\n\t22 juni 2022<\/h3>\t<\/div>\n\t<div class=\"block-post-content__content\">\n\t\t\n<div\n  id=\"\"\n  class=\"wrapper  wrapper__spacing-bottom-large--30 wrapper__spacing-bottom-desktop--20  wrapper__gutter--none\"\n  >\n  \t<div class=\"wrapper__container wrapper__container-width-large--default\">\n\t  <div class=\"wrapper__inner wrapper__width-large--24 wrapper__width-mobile--24\">\n\t\t<p\n\t\tclass=\"paragraph paragraph__align--left paragraph__color--black paragraph__size--default   block-paragraph__paragraph\"\n\t\t\t>\n\t\tGrote kerk #leerdam was open vandaag. Tref ik een van de vrijwilligers aan, Goof Twigt. Voormalig adj-dir Schuit &amp; De Graaf. Betrokken bij bouwrenovatie huizen Ambonezenwijk in 80-jaren. Spraakwaterval. Vlg keer meer verhalen.<br>#ingesprekmet initiatief @d66VHL\t<\/p>\t  <\/div>\n\t<\/div>\n  <\/div>\n\n\t<\/div>\n\n\t<div class=\"block-post-content__sidebar\">\n\t\t\n\t\t\n\t\t\t<\/div>\n<\/section>\n\t  <\/div>\n\t<\/div>\n  <\/div>\n\n\n<div\n  id=\"\"\n  class=\"wrapper  wrapper__spacing-bottom-large--0 wrapper__spacing-bottom-desktop--70 wrapper__spacing-bottom-mobile--50  wrapper__gutter--none\"\n  >\n  \t<div class=\"wrapper__container wrapper__container-width-large--default\">\n\t  <div class=\"wrapper__inner wrapper__width-large--18 wrapper__width-desktop--22 wrapper__width-mobile--24 wrapper__offset-large--6 wrapper__offset-desktop--2 wrapper__offset-mobile--0\">\n\t\t<section class=\"block-post-content\">\n\t<div class=\"block-post-content__title\">\n\t\t<h3 class=\"heading  heading__color--black heading__size--medium heading__font--sans heading__weight--semiBold  block-post-content__heading\" id=\"nav-20-juni-20227725\" data-nav-heading-mobile=\"20 juni 2022\">\n\t20 juni 2022<\/h3>\t<\/div>\n\t<div class=\"block-post-content__content\">\n\t\t\n<div\n  id=\"\"\n  class=\"wrapper  wrapper__spacing-bottom-large--30 wrapper__spacing-bottom-desktop--20  wrapper__gutter--none\"\n  >\n  \t<div class=\"wrapper__container wrapper__container-width-large--default\">\n\t  <div class=\"wrapper__inner wrapper__width-large--24 wrapper__width-mobile--24\">\n\t\t<p\n\t\tclass=\"paragraph paragraph__align--left paragraph__color--black paragraph__size--default   block-paragraph__paragraph\"\n\t\t\t>\n\t\tVandaag weer gewandeld met #molukseouderen #lingeoevers #leerdam @5heerenlanden<br>Waar praat je over als de zon schittert aan de hemel en je je in het Fransche landschap waant compleet met die graanbalen. Ik bedoel maar.<br>#ingesprekmet initiatief @d66VHL\t<\/p>\t  <\/div>\n\t<\/div>\n  <\/div>\n\n\t<\/div>\n\n\t<div class=\"block-post-content__sidebar\">\n\t\t\n\t\t\n\t\t\t<\/div>\n<\/section>\n\t  <\/div>\n\t<\/div>\n  <\/div>\n\n\n<div\n  id=\"\"\n  class=\"wrapper  wrapper__spacing-bottom-large--0 wrapper__spacing-bottom-desktop--70 wrapper__spacing-bottom-mobile--50  wrapper__gutter--none\"\n  >\n  \t<div class=\"wrapper__container wrapper__container-width-large--default\">\n\t  <div class=\"wrapper__inner wrapper__width-large--18 wrapper__width-desktop--22 wrapper__width-mobile--24 wrapper__offset-large--6 wrapper__offset-desktop--2 wrapper__offset-mobile--0\">\n\t\t<section class=\"block-post-content\">\n\t<div class=\"block-post-content__title\">\n\t\t<h3 class=\"heading  heading__color--black heading__size--medium heading__font--sans heading__weight--semiBold  block-post-content__heading\" id=\"nav-12-juni-20226130\" data-nav-heading-mobile=\"12 juni 2022\">\n\t12 juni 2022<\/h3>\t<\/div>\n\t<div class=\"block-post-content__content\">\n\t\t\n<div\n  id=\"\"\n  class=\"wrapper  wrapper__spacing-bottom-large--30 wrapper__spacing-bottom-desktop--20  wrapper__gutter--none\"\n  >\n  \t<div class=\"wrapper__container wrapper__container-width-large--default\">\n\t  <div class=\"wrapper__inner wrapper__width-large--24 wrapper__width-mobile--24\">\n\t\t<p\n\t\tclass=\"paragraph paragraph__align--left paragraph__color--black paragraph__size--default   block-paragraph__paragraph\"\n\t\t\t>\n\t\tOver familie, glas en Indonesie<br>Gisteren mooie dag met familie en spontane M&amp;G met kunstverzamelaar Barney Agerbeek in een prachtig pand (Galerie De Vlietskant) met dito glascollectie van glaskunstenaar Bernard Heesen.<br>#ingesprekmet initiatief @d66VHL\t<\/p>\t  <\/div>\n\t<\/div>\n  <\/div>\n\n\t<\/div>\n\n\t<div class=\"block-post-content__sidebar\">\n\t\t\n\t\t\n\t\t\t<\/div>\n<\/section>\n\t  <\/div>\n\t<\/div>\n  <\/div>\n\n\n<div\n  id=\"\"\n  class=\"wrapper  wrapper__spacing-bottom-large--0 wrapper__spacing-bottom-desktop--70 wrapper__spacing-bottom-mobile--50  wrapper__gutter--none\"\n  >\n  \t<div class=\"wrapper__container wrapper__container-width-large--default\">\n\t  <div class=\"wrapper__inner wrapper__width-large--18 wrapper__width-desktop--22 wrapper__width-mobile--24 wrapper__offset-large--6 wrapper__offset-desktop--2 wrapper__offset-mobile--0\">\n\t\t<section class=\"block-post-content\">\n\t<div class=\"block-post-content__title\">\n\t\t<h3 class=\"heading  heading__color--black heading__size--medium heading__font--sans heading__weight--semiBold  block-post-content__heading\" id=\"nav-11-juni-2022724\" data-nav-heading-mobile=\"11 juni 2022\">\n\t11 juni 2022<\/h3>\t<\/div>\n\t<div class=\"block-post-content__content\">\n\t\t\n<div\n  id=\"\"\n  class=\"wrapper  wrapper__spacing-bottom-large--30 wrapper__spacing-bottom-desktop--20  wrapper__gutter--none\"\n  >\n  \t<div class=\"wrapper__container wrapper__container-width-large--default\">\n\t  <div class=\"wrapper__inner wrapper__width-large--24 wrapper__width-mobile--24\">\n\t\t<p\n\t\tclass=\"paragraph paragraph__align--left paragraph__color--black paragraph__size--default   block-paragraph__paragraph\"\n\t\t\t>\n\t\tAls #brugklasser #politieke school heb je veel te leren. Vind ik.<br>Dus praten met bijvoorbeeld voormalig wethouder @5heerenlanden @ChristaDenkt<br>Waar? #rotterdam of all places<br>Waarom? #frietboutique de lekkerste friet!<br>Thanks Christa!<br>#ingesprekmet initiatief @d66VHL\t<\/p>\t  <\/div>\n\t<\/div>\n  <\/div>\n\n\t<\/div>\n\n\t<div class=\"block-post-content__sidebar\">\n\t\t\n\t\t\n\t\t\t<\/div>\n<\/section>\n\t  <\/div>\n\t<\/div>\n  <\/div>\n\n\n<div\n  id=\"\"\n  class=\"wrapper  wrapper__spacing-bottom-large--0 wrapper__spacing-bottom-desktop--70 wrapper__spacing-bottom-mobile--50  wrapper__gutter--none\"\n  >\n  \t<div class=\"wrapper__container wrapper__container-width-large--default\">\n\t  <div class=\"wrapper__inner wrapper__width-large--18 wrapper__width-desktop--22 wrapper__width-mobile--24 wrapper__offset-large--6 wrapper__offset-desktop--2 wrapper__offset-mobile--0\">\n\t\t<section class=\"block-post-content\">\n\t<div class=\"block-post-content__title\">\n\t\t<h3 class=\"heading  heading__color--black heading__size--medium heading__font--sans heading__weight--semiBold  block-post-content__heading\" id=\"nav-23-mei-20224917\" data-nav-heading-mobile=\"23 mei 2022\">\n\t23 mei 2022<\/h3>\t<\/div>\n\t<div class=\"block-post-content__content\">\n\t\t\n<div\n  id=\"\"\n  class=\"wrapper  wrapper__spacing-bottom-large--30 wrapper__spacing-bottom-desktop--20  wrapper__gutter--none\"\n  >\n  \t<div class=\"wrapper__container wrapper__container-width-large--default\">\n\t  <div class=\"wrapper__inner wrapper__width-large--24 wrapper__width-mobile--24\">\n\t\t<p\n\t\tclass=\"paragraph paragraph__align--left paragraph__color--black paragraph__size--default   block-paragraph__paragraph\"\n\t\t\t>\n\t\tDat je als #molukkersinnederland op vakantie gaat in eigen land #ambon #molukseroots en dat het zo leuk is daar! Wandelen met #molukseouderen #leerdam @5heerenlanden levert leuke gespreksstof op!<br>#ingesprekmet initiatief @d66VHL\t<\/p>\t  <\/div>\n\t<\/div>\n  <\/div>\n\n\t<\/div>\n\n\t<div class=\"block-post-content__sidebar\">\n\t\t\n\t\t\n\t\t\t<\/div>\n<\/section>\n\t  <\/div>\n\t<\/div>\n  <\/div>\n\n\n<div\n  id=\"\"\n  class=\"wrapper  wrapper__spacing-bottom-large--0 wrapper__spacing-bottom-desktop--70 wrapper__spacing-bottom-mobile--50  wrapper__gutter--none\"\n  >\n  \t<div class=\"wrapper__container wrapper__container-width-large--default\">\n\t  <div class=\"wrapper__inner wrapper__width-large--18 wrapper__width-desktop--22 wrapper__width-mobile--24 wrapper__offset-large--6 wrapper__offset-desktop--2 wrapper__offset-mobile--0\">\n\t\t<section class=\"block-post-content\">\n\t<div class=\"block-post-content__title\">\n\t\t<h3 class=\"heading  heading__color--black heading__size--medium heading__font--sans heading__weight--semiBold  block-post-content__heading\" id=\"nav-21-mei-20223658\" data-nav-heading-mobile=\"21 mei 2022\">\n\t21 mei 2022<\/h3>\t<\/div>\n\t<div class=\"block-post-content__content\">\n\t\t\n<div\n  id=\"\"\n  class=\"wrapper  wrapper__spacing-bottom-large--30 wrapper__spacing-bottom-desktop--20  wrapper__gutter--none\"\n  >\n  \t<div class=\"wrapper__container wrapper__container-width-large--default\">\n\t  <div class=\"wrapper__inner wrapper__width-large--24 wrapper__width-mobile--24\">\n\t\t<p\n\t\tclass=\"paragraph paragraph__align--left paragraph__color--black paragraph__size--default   block-paragraph__paragraph\"\n\t\t\t>\n\t\t#glasstadmars gaat dit jaar niet door. Muziekvereniging De Bazuin loopt toch vandaag. Jan Arie van de Sousaphon zit er (vlg week) alweer 40 jaar bij. Ook ff tambour maitre Christel gedag gezegd! Go girl!<br>#ingesprekmet initiatief @d66VHL\t<\/p>\t  <\/div>\n\t<\/div>\n  <\/div>\n\n\t<\/div>\n\n\t<div class=\"block-post-content__sidebar\">\n\t\t\n\t\t\n\t\t\t<\/div>\n<\/section>\n\t  <\/div>\n\t<\/div>\n  <\/div>\n\n\n<div\n  id=\"\"\n  class=\"wrapper  wrapper__spacing-bottom-large--0 wrapper__spacing-bottom-desktop--70 wrapper__spacing-bottom-mobile--50  wrapper__gutter--none\"\n  >\n  \t<div class=\"wrapper__container wrapper__container-width-large--default\">\n\t  <div class=\"wrapper__inner wrapper__width-large--18 wrapper__width-desktop--22 wrapper__width-mobile--24 wrapper__offset-large--6 wrapper__offset-desktop--2 wrapper__offset-mobile--0\">\n\t\t<section class=\"block-post-content\">\n\t<div class=\"block-post-content__title\">\n\t\t<h3 class=\"heading  heading__color--black heading__size--medium heading__font--sans heading__weight--semiBold  block-post-content__heading\" id=\"nav-20-mei-20227704\" data-nav-heading-mobile=\"20 mei 2022\">\n\t20 mei 2022<\/h3>\t<\/div>\n\t<div class=\"block-post-content__content\">\n\t\t\n<div\n  id=\"\"\n  class=\"wrapper  wrapper__spacing-bottom-large--30 wrapper__spacing-bottom-desktop--20  wrapper__gutter--none\"\n  >\n  \t<div class=\"wrapper__container wrapper__container-width-large--default\">\n\t  <div class=\"wrapper__inner wrapper__width-large--24 wrapper__width-mobile--24\">\n\t\t<p\n\t\tclass=\"paragraph paragraph__align--left paragraph__color--black paragraph__size--default   block-paragraph__paragraph\"\n\t\t\t>\n\t\tFietsexamen. Dat je het deed. Weet jij t nog? Ik wel. Anyways, vandaag in #leerdam @5heerenlanden voor groep 7 en 8. Sprak ff met M en J die de fietsende kinderen goed in de gaten hielden #fietsexamen @VeiligVerkeer<br>#ingesprekmet initiatief @d66VHL\t<\/p>\t  <\/div>\n\t<\/div>\n  <\/div>\n\n\t<\/div>\n\n\t<div class=\"block-post-content__sidebar\">\n\t\t\n\t\t\n\t\t\t<\/div>\n<\/section>\n\t  <\/div>\n\t<\/div>\n  <\/div>\n\n\n<div\n  id=\"\"\n  class=\"wrapper  wrapper__spacing-bottom-large--0 wrapper__spacing-bottom-desktop--70 wrapper__spacing-bottom-mobile--50  wrapper__gutter--none\"\n  >\n  \t<div class=\"wrapper__container wrapper__container-width-large--default\">\n\t  <div class=\"wrapper__inner wrapper__width-large--18 wrapper__width-desktop--22 wrapper__width-mobile--24 wrapper__offset-large--6 wrapper__offset-desktop--2 wrapper__offset-mobile--0\">\n\t\t<section class=\"block-post-content\">\n\t<div class=\"block-post-content__title\">\n\t\t<h3 class=\"heading  heading__color--black heading__size--medium heading__font--sans heading__weight--semiBold  block-post-content__heading\" id=\"nav-10-mei-20226947\" data-nav-heading-mobile=\"10 mei 2022\">\n\t10 mei 2022<\/h3>\t<\/div>\n\t<div class=\"block-post-content__content\">\n\t\t\n<div\n  id=\"\"\n  class=\"wrapper  wrapper__spacing-bottom-large--30 wrapper__spacing-bottom-desktop--20  wrapper__gutter--none\"\n  >\n  \t<div class=\"wrapper__container wrapper__container-width-large--default\">\n\t  <div class=\"wrapper__inner wrapper__width-large--24 wrapper__width-mobile--24\">\n\t\t<p\n\t\tclass=\"paragraph paragraph__align--left paragraph__color--black paragraph__size--default   block-paragraph__paragraph\"\n\t\t\t>\n\t\tBritt Holtz-Hendrikse op bezoek bij #molukseouderen Stichting Benang Radja #leerdam @5heerenlanden kennismaken en praten over bewegen op 17 mei a.s. #nationalebalkonbeweegweek @TS5heerenlanden @Ouderenfonds<br>#ingesprekmet initiatief @d66VHL\t<\/p>\t  <\/div>\n\t<\/div>\n  <\/div>\n\n\t<\/div>\n\n\t<div class=\"block-post-content__sidebar\">\n\t\t\n\t\t\n\t\t\t<\/div>\n<\/section>\n\t  <\/div>\n\t<\/div>\n  <\/div>\n\n\n<div\n  id=\"\"\n  class=\"wrapper wrapper__spacing-top-large--0 wrapper__spacing-bottom-large--0 wrapper__spacing-bottom-desktop--70 wrapper__spacing-bottom-mobile--50  wrapper__gutter--none\"\n  >\n  \t<div class=\"wrapper__container wrapper__container-width-large--default\">\n\t  <div class=\"wrapper__inner wrapper__width-large--18 wrapper__width-desktop--22 wrapper__width-mobile--24 wrapper__offset-large--6 wrapper__offset-desktop--2 wrapper__offset-mobile--0\">\n\t\t<section class=\"block-post-content\">\n\t<div class=\"block-post-content__title\">\n\t\t<h3 class=\"heading  heading__color--black heading__size--medium heading__font--sans heading__weight--semiBold  block-post-content__heading\" id=\"nav-5-mei-20227790\" data-nav-heading-mobile=\"5 mei 2022\">\n\t5 mei 2022<\/h3>\t<\/div>\n\t<div class=\"block-post-content__content\">\n\t\t\n<div\n  id=\"\"\n  class=\"wrapper  wrapper__spacing-bottom-large--30 wrapper__spacing-bottom-desktop--20  wrapper__gutter--none\"\n  >\n  \t<div class=\"wrapper__container wrapper__container-width-large--default\">\n\t  <div class=\"wrapper__inner wrapper__width-large--24 wrapper__width-mobile--24\">\n\t\t<p\n\t\tclass=\"paragraph paragraph__align--left paragraph__color--black paragraph__size--default   block-paragraph__paragraph\"\n\t\t\t>\n\t\tLunch. Tosti kaas salami werd het. En dan ontstaat een leuk gesprek. Over #leerdam over verse gemberthee, over \u2018de gemeente\u2019 bellen, over de natuurtuin. Dank je, Annelies.<br>brugklasser #politiekeschool @5heerenlanden<br>#ingesprekmet initiatief @d66VHL\t<\/p>\t  <\/div>\n\t<\/div>\n  <\/div>\n\n\t<\/div>\n\n\t<div class=\"block-post-content__sidebar\">\n\t\t\n\t\t\n\t\t\t<\/div>\n<\/section>\n\t  <\/div>\n\t<\/div>\n  <\/div>\n\n\n<div\n  id=\"\"\n  class=\"wrapper wrapper__spacing-top-large--0 wrapper__spacing-bottom-large--0 wrapper__spacing-bottom-desktop--70 wrapper__spacing-bottom-mobile--50  wrapper__gutter--none\"\n  >\n  \t<div class=\"wrapper__container wrapper__container-width-large--default\">\n\t  <div class=\"wrapper__inner wrapper__width-large--18 wrapper__width-desktop--22 wrapper__width-mobile--24 wrapper__offset-large--6 wrapper__offset-desktop--2 wrapper__offset-mobile--0\">\n\t\t<section class=\"block-post-content\">\n\t<div class=\"block-post-content__title\">\n\t\t<h3 class=\"heading  heading__color--black heading__size--medium heading__font--sans heading__weight--semiBold  block-post-content__heading\" id=\"nav-27-april-2022328\" data-nav-heading-mobile=\"27 april 2022\">\n\t27 april 2022<\/h3>\t<\/div>\n\t<div class=\"block-post-content__content\">\n\t\t\n<div\n  id=\"\"\n  class=\"wrapper  wrapper__spacing-bottom-large--30 wrapper__spacing-bottom-desktop--20  wrapper__gutter--none\"\n  >\n  \t<div class=\"wrapper__container wrapper__container-width-large--default\">\n\t  <div class=\"wrapper__inner wrapper__width-large--24 wrapper__width-mobile--24\">\n\t\t<p\n\t\tclass=\"paragraph paragraph__align--left paragraph__color--black paragraph__size--default   block-paragraph__paragraph\"\n\t\t\t>\n\t\tOnbekenden zijn in bekenden veranderd.<br>Kom ik op de vrijmarkt #leerdam @5heerenlanden haar tegen. Waar praten we over? Over politiek tuurlijk. Maar ook over verkooptechnieken. Thanks @JantineDijkstra<br>#ingesprekmet initiatief @d66VHL\t<\/p>\t  <\/div>\n\t<\/div>\n  <\/div>\n\n\t<\/div>\n\n\t<div class=\"block-post-content__sidebar\">\n\t\t\n\t\t\n\t\t\t<\/div>\n<\/section>\n\t  <\/div>\n\t<\/div>\n  <\/div>\n","protected":false},"excerpt":{"rendered":"","protected":false},"author":417,"featured_media":462,"comment_status":"closed","ping_status":"open","sticky":false,"template":"","format":"standard","meta":{"_acf_changed":false,"footnotes":""},"categories":[1],"search-tags":[26],"labels":[],"class_list":["post-760","post","type-post","status-publish","format-standard","has-post-thumbnail","hentry","category-d66","search-tags-lokaal"],"acf":[],"yoast_head":"<!-- This site is optimized with the Yoast SEO plugin v27.3 - https:\/\/yoast.com\/product\/yoast-seo-wordpress\/ -->\n<title>D66 Vijfheerenlanden &#8212; #ingesprekmet dagboek van Debby de Lima<\/title>\n<meta name=\"robots\" content=\"index, follow, max-snippet:-1, max-image-preview:large, max-video-preview:-1\" \/>\n<link rel=\"canonical\" href=\"https:\/\/d66.nl\/vijfheerenlanden\/nieuws\/ingesprekmet-dagboek\" \/>\n<meta property=\"og:locale\" content=\"nl_NL\" \/>\n<meta property=\"og:type\" content=\"article\" \/>\n<meta property=\"og:title\" content=\"D66 Vijfheerenlanden &#8212; #ingesprekmet dagboek van Debby de Lima\" \/>\n<meta property=\"og:url\" content=\"https:\/\/d66.nl\/vijfheerenlanden\/nieuws\/ingesprekmet-dagboek\/\" \/>\n<meta property=\"og:site_name\" content=\"D66 Vijfheerenlanden\" \/>\n<meta property=\"article:published_time\" content=\"2022-07-06T10:59:04+00:00\" \/>\n<meta property=\"article:modified_time\" content=\"2022-09-24T13:12:49+00:00\" \/>\n<meta property=\"og:image\" content=\"https:\/\/d66.nl\/vijfheerenlanden\/wp-content\/uploads\/sites\/109\/2022\/01\/Debby-DSC04880-scaled.jpg\" \/>\n\t<meta property=\"og:image:width\" content=\"1709\" \/>\n\t<meta property=\"og:image:height\" content=\"2560\" \/>\n\t<meta property=\"og:image:type\" content=\"image\/jpeg\" \/>\n<meta name=\"author\" content=\"Fenna Mossel\" \/>\n<meta name=\"twitter:card\" content=\"summary_large_image\" \/>\n<meta name=\"twitter:label1\" content=\"Geschreven door\" \/>\n\t<meta name=\"twitter:data1\" content=\"Fenna Mossel\" \/>\n<script type=\"application\/ld+json\" class=\"yoast-schema-graph\">{\"@context\":\"https:\\\/\\\/schema.org\",\"@graph\":[{\"@type\":\"Article\",\"@id\":\"https:\\\/\\\/d66.nl\\\/vijfheerenlanden\\\/nieuws\\\/ingesprekmet-dagboek\\\/#article\",\"isPartOf\":{\"@id\":\"https:\\\/\\\/d66.nl\\\/vijfheerenlanden\\\/nieuws\\\/ingesprekmet-dagboek\\\/\"},\"author\":{\"name\":\"Fenna Mossel\",\"@id\":\"https:\\\/\\\/d66.nl\\\/vijfheerenlanden\\\/#\\\/schema\\\/person\\\/0552d5827e482b0aea7f8562399f6e32\"},\"headline\":\"#ingesprekmet dagboek van Debby de Lima\",\"datePublished\":\"2022-07-06T10:59:04+00:00\",\"dateModified\":\"2022-09-24T13:12:49+00:00\",\"mainEntityOfPage\":{\"@id\":\"https:\\\/\\\/d66.nl\\\/vijfheerenlanden\\\/nieuws\\\/ingesprekmet-dagboek\\\/\"},\"wordCount\":6,\"publisher\":{\"@id\":\"https:\\\/\\\/d66.nl\\\/vijfheerenlanden\\\/#organization\"},\"image\":{\"@id\":\"https:\\\/\\\/d66.nl\\\/vijfheerenlanden\\\/nieuws\\\/ingesprekmet-dagboek\\\/#primaryimage\"},\"thumbnailUrl\":\"https:\\\/\\\/d66.nl\\\/vijfheerenlanden\\\/wp-content\\\/uploads\\\/sites\\\/109\\\/2022\\\/01\\\/Debby-DSC04880-scaled.jpg\",\"articleSection\":[\"D66\"],\"inLanguage\":\"nl-NL\"},{\"@type\":\"WebPage\",\"@id\":\"https:\\\/\\\/d66.nl\\\/vijfheerenlanden\\\/nieuws\\\/ingesprekmet-dagboek\\\/\",\"url\":\"https:\\\/\\\/d66.nl\\\/vijfheerenlanden\\\/nieuws\\\/ingesprekmet-dagboek\\\/\",\"name\":\"D66 Vijfheerenlanden &#8212; #ingesprekmet dagboek van Debby de Lima\",\"isPartOf\":{\"@id\":\"https:\\\/\\\/d66.nl\\\/vijfheerenlanden\\\/#website\"},\"primaryImageOfPage\":{\"@id\":\"https:\\\/\\\/d66.nl\\\/vijfheerenlanden\\\/nieuws\\\/ingesprekmet-dagboek\\\/#primaryimage\"},\"image\":{\"@id\":\"https:\\\/\\\/d66.nl\\\/vijfheerenlanden\\\/nieuws\\\/ingesprekmet-dagboek\\\/#primaryimage\"},\"thumbnailUrl\":\"https:\\\/\\\/d66.nl\\\/vijfheerenlanden\\\/wp-content\\\/uploads\\\/sites\\\/109\\\/2022\\\/01\\\/Debby-DSC04880-scaled.jpg\",\"datePublished\":\"2022-07-06T10:59:04+00:00\",\"dateModified\":\"2022-09-24T13:12:49+00:00\",\"breadcrumb\":{\"@id\":\"https:\\\/\\\/d66.nl\\\/vijfheerenlanden\\\/nieuws\\\/ingesprekmet-dagboek\\\/#breadcrumb\"},\"inLanguage\":\"nl-NL\",\"potentialAction\":[{\"@type\":\"ReadAction\",\"target\":[\"https:\\\/\\\/d66.nl\\\/vijfheerenlanden\\\/nieuws\\\/ingesprekmet-dagboek\\\/\"]}]},{\"@type\":\"ImageObject\",\"inLanguage\":\"nl-NL\",\"@id\":\"https:\\\/\\\/d66.nl\\\/vijfheerenlanden\\\/nieuws\\\/ingesprekmet-dagboek\\\/#primaryimage\",\"url\":\"https:\\\/\\\/d66.nl\\\/vijfheerenlanden\\\/wp-content\\\/uploads\\\/sites\\\/109\\\/2022\\\/01\\\/Debby-DSC04880-scaled.jpg\",\"contentUrl\":\"https:\\\/\\\/d66.nl\\\/vijfheerenlanden\\\/wp-content\\\/uploads\\\/sites\\\/109\\\/2022\\\/01\\\/Debby-DSC04880-scaled.jpg\",\"width\":1709,\"height\":2560,\"caption\":\"Photo by Erik Hendriksen\"},{\"@type\":\"BreadcrumbList\",\"@id\":\"https:\\\/\\\/d66.nl\\\/vijfheerenlanden\\\/nieuws\\\/ingesprekmet-dagboek\\\/#breadcrumb\",\"itemListElement\":[{\"@type\":\"ListItem\",\"position\":1,\"name\":\"Home\",\"item\":\"https:\\\/\\\/d66.nl\\\/vijfheerenlanden\\\/\"},{\"@type\":\"ListItem\",\"position\":2,\"name\":\"Nieuws\",\"item\":\"https:\\\/\\\/d66.nl\\\/vijfheerenlanden\\\/nieuws\\\/\"},{\"@type\":\"ListItem\",\"position\":3,\"name\":\"#ingesprekmet dagboek van Debby de Lima\"}]},{\"@type\":\"WebSite\",\"@id\":\"https:\\\/\\\/d66.nl\\\/vijfheerenlanden\\\/#website\",\"url\":\"https:\\\/\\\/d66.nl\\\/vijfheerenlanden\\\/\",\"name\":\"D66 Vijfheerenlanden\",\"description\":\"Just another D66 Sites site\",\"publisher\":{\"@id\":\"https:\\\/\\\/d66.nl\\\/vijfheerenlanden\\\/#organization\"},\"potentialAction\":[{\"@type\":\"SearchAction\",\"target\":{\"@type\":\"EntryPoint\",\"urlTemplate\":\"https:\\\/\\\/d66.nl\\\/vijfheerenlanden\\\/?s={search_term_string}\"},\"query-input\":{\"@type\":\"PropertyValueSpecification\",\"valueRequired\":true,\"valueName\":\"search_term_string\"}}],\"inLanguage\":\"nl-NL\"},{\"@type\":\"Organization\",\"@id\":\"https:\\\/\\\/d66.nl\\\/vijfheerenlanden\\\/#organization\",\"name\":\"D66\",\"url\":\"https:\\\/\\\/d66.nl\\\/vijfheerenlanden\\\/\",\"logo\":{\"@type\":\"ImageObject\",\"inLanguage\":\"nl-NL\",\"@id\":\"https:\\\/\\\/d66.nl\\\/vijfheerenlanden\\\/#\\\/schema\\\/logo\\\/image\\\/\",\"url\":\"https:\\\/\\\/d66.nl\\\/vijfheerenlanden\\\/wp-content\\\/uploads\\\/sites\\\/2\\\/2021\\\/10\\\/d66-themas-algemeen-og.png\",\"contentUrl\":\"https:\\\/\\\/d66.nl\\\/vijfheerenlanden\\\/wp-content\\\/uploads\\\/sites\\\/2\\\/2021\\\/10\\\/d66-themas-algemeen-og.png\",\"width\":1200,\"height\":628,\"caption\":\"D66\"},\"image\":{\"@id\":\"https:\\\/\\\/d66.nl\\\/vijfheerenlanden\\\/#\\\/schema\\\/logo\\\/image\\\/\"}},{\"@type\":\"Person\",\"@id\":\"https:\\\/\\\/d66.nl\\\/vijfheerenlanden\\\/#\\\/schema\\\/person\\\/0552d5827e482b0aea7f8562399f6e32\",\"name\":\"Fenna Mossel\",\"image\":{\"@type\":\"ImageObject\",\"inLanguage\":\"nl-NL\",\"@id\":\"https:\\\/\\\/secure.gravatar.com\\\/avatar\\\/77ccdccc4bc45ec13a5f34930094992547db57b204729fe0ddefc2ae83d43648?s=96&d=mm&r=g\",\"url\":\"https:\\\/\\\/secure.gravatar.com\\\/avatar\\\/77ccdccc4bc45ec13a5f34930094992547db57b204729fe0ddefc2ae83d43648?s=96&d=mm&r=g\",\"contentUrl\":\"https:\\\/\\\/secure.gravatar.com\\\/avatar\\\/77ccdccc4bc45ec13a5f34930094992547db57b204729fe0ddefc2ae83d43648?s=96&d=mm&r=g\",\"caption\":\"Fenna Mossel\"}}]}<\/script>\n<!-- \/ Yoast SEO plugin. -->","yoast_head_json":{"title":"D66 Vijfheerenlanden &#8212; #ingesprekmet dagboek van Debby de Lima","robots":{"index":"index","follow":"follow","max-snippet":"max-snippet:-1","max-image-preview":"max-image-preview:large","max-video-preview":"max-video-preview:-1"},"canonical":"https:\/\/d66.nl\/vijfheerenlanden\/nieuws\/ingesprekmet-dagboek","og_locale":"nl_NL","og_type":"article","og_title":"D66 Vijfheerenlanden &#8212; #ingesprekmet dagboek van Debby de Lima","og_url":"https:\/\/d66.nl\/vijfheerenlanden\/nieuws\/ingesprekmet-dagboek\/","og_site_name":"D66 Vijfheerenlanden","article_published_time":"2022-07-06T10:59:04+00:00","article_modified_time":"2022-09-24T13:12:49+00:00","og_image":[{"width":1709,"height":2560,"url":"https:\/\/d66.nl\/vijfheerenlanden\/wp-content\/uploads\/sites\/109\/2022\/01\/Debby-DSC04880-scaled.jpg","type":"image\/jpeg"}],"author":"Fenna Mossel","twitter_card":"summary_large_image","twitter_misc":{"Geschreven door":"Fenna Mossel"},"schema":{"@context":"https:\/\/schema.org","@graph":[{"@type":"Article","@id":"https:\/\/d66.nl\/vijfheerenlanden\/nieuws\/ingesprekmet-dagboek\/#article","isPartOf":{"@id":"https:\/\/d66.nl\/vijfheerenlanden\/nieuws\/ingesprekmet-dagboek\/"},"author":{"name":"Fenna Mossel","@id":"https:\/\/d66.nl\/vijfheerenlanden\/#\/schema\/person\/0552d5827e482b0aea7f8562399f6e32"},"headline":"#ingesprekmet dagboek van Debby de Lima","datePublished":"2022-07-06T10:59:04+00:00","dateModified":"2022-09-24T13:12:49+00:00","mainEntityOfPage":{"@id":"https:\/\/d66.nl\/vijfheerenlanden\/nieuws\/ingesprekmet-dagboek\/"},"wordCount":6,"publisher":{"@id":"https:\/\/d66.nl\/vijfheerenlanden\/#organization"},"image":{"@id":"https:\/\/d66.nl\/vijfheerenlanden\/nieuws\/ingesprekmet-dagboek\/#primaryimage"},"thumbnailUrl":"https:\/\/d66.nl\/vijfheerenlanden\/wp-content\/uploads\/sites\/109\/2022\/01\/Debby-DSC04880-scaled.jpg","articleSection":["D66"],"inLanguage":"nl-NL"},{"@type":"WebPage","@id":"https:\/\/d66.nl\/vijfheerenlanden\/nieuws\/ingesprekmet-dagboek\/","url":"https:\/\/d66.nl\/vijfheerenlanden\/nieuws\/ingesprekmet-dagboek\/","name":"D66 Vijfheerenlanden &#8212; #ingesprekmet dagboek van Debby de Lima","isPartOf":{"@id":"https:\/\/d66.nl\/vijfheerenlanden\/#website"},"primaryImageOfPage":{"@id":"https:\/\/d66.nl\/vijfheerenlanden\/nieuws\/ingesprekmet-dagboek\/#primaryimage"},"image":{"@id":"https:\/\/d66.nl\/vijfheerenlanden\/nieuws\/ingesprekmet-dagboek\/#primaryimage"},"thumbnailUrl":"https:\/\/d66.nl\/vijfheerenlanden\/wp-content\/uploads\/sites\/109\/2022\/01\/Debby-DSC04880-scaled.jpg","datePublished":"2022-07-06T10:59:04+00:00","dateModified":"2022-09-24T13:12:49+00:00","breadcrumb":{"@id":"https:\/\/d66.nl\/vijfheerenlanden\/nieuws\/ingesprekmet-dagboek\/#breadcrumb"},"inLanguage":"nl-NL","potentialAction":[{"@type":"ReadAction","target":["https:\/\/d66.nl\/vijfheerenlanden\/nieuws\/ingesprekmet-dagboek\/"]}]},{"@type":"ImageObject","inLanguage":"nl-NL","@id":"https:\/\/d66.nl\/vijfheerenlanden\/nieuws\/ingesprekmet-dagboek\/#primaryimage","url":"https:\/\/d66.nl\/vijfheerenlanden\/wp-content\/uploads\/sites\/109\/2022\/01\/Debby-DSC04880-scaled.jpg","contentUrl":"https:\/\/d66.nl\/vijfheerenlanden\/wp-content\/uploads\/sites\/109\/2022\/01\/Debby-DSC04880-scaled.jpg","width":1709,"height":2560,"caption":"Photo by Erik Hendriksen"},{"@type":"BreadcrumbList","@id":"https:\/\/d66.nl\/vijfheerenlanden\/nieuws\/ingesprekmet-dagboek\/#breadcrumb","itemListElement":[{"@type":"ListItem","position":1,"name":"Home","item":"https:\/\/d66.nl\/vijfheerenlanden\/"},{"@type":"ListItem","position":2,"name":"Nieuws","item":"https:\/\/d66.nl\/vijfheerenlanden\/nieuws\/"},{"@type":"ListItem","position":3,"name":"#ingesprekmet dagboek van Debby de Lima"}]},{"@type":"WebSite","@id":"https:\/\/d66.nl\/vijfheerenlanden\/#website","url":"https:\/\/d66.nl\/vijfheerenlanden\/","name":"D66 Vijfheerenlanden","description":"Just another D66 Sites site","publisher":{"@id":"https:\/\/d66.nl\/vijfheerenlanden\/#organization"},"potentialAction":[{"@type":"SearchAction","target":{"@type":"EntryPoint","urlTemplate":"https:\/\/d66.nl\/vijfheerenlanden\/?s={search_term_string}"},"query-input":{"@type":"PropertyValueSpecification","valueRequired":true,"valueName":"search_term_string"}}],"inLanguage":"nl-NL"},{"@type":"Organization","@id":"https:\/\/d66.nl\/vijfheerenlanden\/#organization","name":"D66","url":"https:\/\/d66.nl\/vijfheerenlanden\/","logo":{"@type":"ImageObject","inLanguage":"nl-NL","@id":"https:\/\/d66.nl\/vijfheerenlanden\/#\/schema\/logo\/image\/","url":"https:\/\/d66.nl\/vijfheerenlanden\/wp-content\/uploads\/sites\/2\/2021\/10\/d66-themas-algemeen-og.png","contentUrl":"https:\/\/d66.nl\/vijfheerenlanden\/wp-content\/uploads\/sites\/2\/2021\/10\/d66-themas-algemeen-og.png","width":1200,"height":628,"caption":"D66"},"image":{"@id":"https:\/\/d66.nl\/vijfheerenlanden\/#\/schema\/logo\/image\/"}},{"@type":"Person","@id":"https:\/\/d66.nl\/vijfheerenlanden\/#\/schema\/person\/0552d5827e482b0aea7f8562399f6e32","name":"Fenna Mossel","image":{"@type":"ImageObject","inLanguage":"nl-NL","@id":"https:\/\/secure.gravatar.com\/avatar\/77ccdccc4bc45ec13a5f34930094992547db57b204729fe0ddefc2ae83d43648?s=96&d=mm&r=g","url":"https:\/\/secure.gravatar.com\/avatar\/77ccdccc4bc45ec13a5f34930094992547db57b204729fe0ddefc2ae83d43648?s=96&d=mm&r=g","contentUrl":"https:\/\/secure.gravatar.com\/avatar\/77ccdccc4bc45ec13a5f34930094992547db57b204729fe0ddefc2ae83d43648?s=96&d=mm&r=g","caption":"Fenna Mossel"}}]}},"_links":{"self":[{"href":"https:\/\/d66.nl\/vijfheerenlanden\/wp-json\/wp\/v2\/posts\/760","targetHints":{"allow":["GET"]}}],"collection":[{"href":"https:\/\/d66.nl\/vijfheerenlanden\/wp-json\/wp\/v2\/posts"}],"about":[{"href":"https:\/\/d66.nl\/vijfheerenlanden\/wp-json\/wp\/v2\/types\/post"}],"author":[{"embeddable":true,"href":"https:\/\/d66.nl\/vijfheerenlanden\/wp-json\/wp\/v2\/users\/417"}],"replies":[{"embeddable":true,"href":"https:\/\/d66.nl\/vijfheerenlanden\/wp-json\/wp\/v2\/comments?post=760"}],"version-history":[{"count":10,"href":"https:\/\/d66.nl\/vijfheerenlanden\/wp-json\/wp\/v2\/posts\/760\/revisions"}],"predecessor-version":[{"id":785,"href":"https:\/\/d66.nl\/vijfheerenlanden\/wp-json\/wp\/v2\/posts\/760\/revisions\/785"}],"wp:featuredmedia":[{"embeddable":true,"href":"https:\/\/d66.nl\/vijfheerenlanden\/wp-json\/wp\/v2\/media\/462"}],"wp:attachment":[{"href":"https:\/\/d66.nl\/vijfheerenlanden\/wp-json\/wp\/v2\/media?parent=760"}],"wp:term":[{"taxonomy":"category","embeddable":true,"href":"https:\/\/d66.nl\/vijfheerenlanden\/wp-json\/wp\/v2\/categories?post=760"},{"taxonomy":"search-tags","embeddable":true,"href":"https:\/\/d66.nl\/vijfheerenlanden\/wp-json\/wp\/v2\/search-tags?post=760"},{"taxonomy":"labels","embeddable":true,"href":"https:\/\/d66.nl\/vijfheerenlanden\/wp-json\/wp\/v2\/labels?post=760"}],"curies":[{"name":"wp","href":"https:\/\/api.w.org\/{rel}","templated":true}]}}