{"id":1534,"date":"2025-12-03T08:44:40","date_gmt":"2025-12-03T08:44:40","guid":{"rendered":"https:\/\/d66.nl\/veldhoven\/nieuws\/"},"modified":"2025-12-03T13:40:20","modified_gmt":"2025-12-03T13:40:20","slug":"gemeenteraadsverkiezingen-2026","status":"publish","type":"post","link":"https:\/\/d66.nl\/veldhoven\/nieuws\/gemeenteraadsverkiezingen-2026","title":{"rendered":"Kandidatenlijst D66 Veldhoven 2026"},"content":{"rendered":"<div\n  id=\"\"\n  class=\"wrapper  wrapper__spacing-bottom-large--30 wrapper__spacing-bottom-desktop--20 wrapper__spacing-bottom-mobile--20  wrapper__gutter--none\"\n  >\n  \t<div class=\"wrapper__container wrapper__container-width-large--default\">\n\t  <div class=\"wrapper__inner wrapper__width-large--14 wrapper__width-desktop--20 wrapper__width-mobile--24 wrapper__offset-large--6 wrapper__offset-desktop--2 wrapper__offset-mobile--0\">\n\t\t<h1 class=\"heading   heading__size--giant heading__font--serif heading__weight--regular  block-heading__heading\" id=\"nav-kandidatenlijst-gr26-bekend-2279\"  data-nav-heading-mobile=\"Kandidatenlijst GR26 bekend!\" >\n\tKandidatenlijst GR26 bekend!<\/h1>\t  <\/div>\n\t<\/div>\n  <\/div>\n\n\n<div\n  id=\"\"\n  class=\"wrapper  wrapper__spacing-bottom-large--20 wrapper__spacing-bottom-desktop--10 wrapper__spacing-bottom-mobile--10  wrapper__gutter--none\"\n  >\n  \t<div class=\"wrapper__container wrapper__container-width-large--default\">\n\t  <div class=\"wrapper__inner wrapper__width-large--13 wrapper__width-desktop--20 wrapper__width-mobile--24 wrapper__offset-large--6 wrapper__offset-desktop--2 wrapper__offset-mobile--0\">\n\t\t<p\n\t\tclass=\"paragraph   paragraph__size--big   block-paragraph__paragraph\"\n\t\t\t>\n\t\tDe leden van D66 Veldhoven hebben de kandidatenlijst voor de gemeenteraadsverkiezingen van 18 maart 2026 vastgesteld.\t<\/p>\t  <\/div>\n\t<\/div>\n  <\/div>\n\n\n<div\n  id=\"\"\n  class=\"wrapper wrapper__spacing-top-large--30 wrapper__spacing-top-desktop--10 wrapper__spacing-top-mobile--10 wrapper__spacing-bottom-large--30 wrapper__spacing-bottom-desktop--10 wrapper__spacing-bottom-mobile--10  wrapper__gutter--none\"\n  >\n  \t<div class=\"wrapper__container wrapper__container-width-large--default\">\n\t  <div class=\"wrapper__inner wrapper__width-large--24 wrapper__width-mobile--24\">\n\t\t<section class=\"block-video\">\n\t<div\n\t\tclass=\"block-video__video-wrapper\"\n\t\tstyle=\"background-image: url('https:\/\/d66.nl\/veldhoven\/wp-content\/uploads\/sites\/141\/2025\/12\/kandidaten-D66-Veldhoven.png')\"\n\t>\n\t\t\t<\/div>\n\n\t\t\t<div class=\"block-video__caption-wrapper\">\n\t\t\t<div class=\"block-video__caption\">\n\t\t\t\t<p class=\"paragraph paragraph__align--left paragraph__color--black paragraph__size--small paragraph__weight--medium\">\n\t\tBeeld: D66 Veldhoven\t<\/p>\t\t\t<\/div>\n\t\t<\/div>\n\t\n<\/section>\n\n\t  <\/div>\n\t<\/div>\n  <\/div>\n\n\n<div\n  id=\"\"\n  class=\"wrapper  wrapper__spacing-bottom-large--20 wrapper__spacing-bottom-desktop--50 wrapper__spacing-bottom-mobile--10  wrapper__gutter--none\"\n  >\n  \t<div class=\"wrapper__container wrapper__container-width-large--default\">\n\t  <div class=\"wrapper__inner wrapper__width-large--14 wrapper__width-desktop--24 wrapper__width-mobile--24 wrapper__offset-large--6 wrapper__offset-desktop--2 wrapper__offset-mobile--0\">\n\t\t<section class=\"block-related-post-metadata js-block-related-post-metadata\">\n\t<div class=\"block-related-post-metadata__content-wrapper\">\n\t\t<div class=\"block-related-post-metadata__persons\">\n\t\t\t\t\t<\/div>\n\t\t<div class=\"block-related-post-metadata__meta\">\n\t\t\t<div class=\"block-related-post-metadata__date\">\n\t\t\t\t03.12.2025<div class=\"post-share js-post-share rs_skip_always\">\n\t<button class=\"post-share__share-button js-post-share-share-button\">\n\t\tShare\t\t<svg xmlns='http:\/\/www.w3.org\/2000\/svg' width='100px' height='100px' viewBox='0 0 24 24' fill='none'><path d='m8.684 10.658 6.629-3.314m.003 9.314-6.622-3.311M21 6a3 3 0 1 1-6 0 3 3 0 0 1 6 0ZM9 12a3 3 0 1 1-6 0 3 3 0 0 1 6 0Zm12 6a3 3 0 1 1-6 0 3 3 0 0 1 6 0Z' stroke='currentColor' stroke-width='1.5' fill='none'\/><\/svg>\t<\/button>\n\t<dialog class=\"post-share__dialog js-post-share-dialog\" aria-hidden=\"true\">\n\t\t<div class=\"post-share__dialog-header\">\n\t\t\tShare this post\t\t\t<button class=\"post-share__dialog-close js-post-share-dialog-close\">\n\t\t\t\t<svg xmlns='http:\/\/www.w3.org\/2000\/svg' width='150' height='150' viewBox='0 0 150 150' fill='none'><path d='M44.103 105.897 75 75m30.898-30.898L75 75m0 0L44.103 44.102M75 75l30.898 30.897' stroke='currentColor' stroke-width='5' fill='none'\/><\/svg>\t\t\t<\/button>\n\t\t<\/div>\n\t\t<div class=\"post-share__dialog-socials\">\n\t\t\t\t\t\t\t\t\t\t\t<a class=\"post-share__dialog-item js-post-share-dialog-item\" href=\"#\" target=\"_blank\" data-copy=&quot;true&quot;>\n\t\t\t\t\tKopier link<svg xmlns='http:\/\/www.w3.org\/2000\/svg' width='150' height='150' viewBox='0 0 150 150' fill='none'><path d='M67.468 108.679c-8.533-.512-14.164-3.583-17.407-9.983-3.242-6.314-2.815-12.713 1.195-18.6 1.706-2.56 3.584-5.035 5.46-7.594 1.537-2.048 3.584-2.475 5.462-1.195 2.047 1.45 2.389 3.498.938 5.632-1.706 2.474-3.584 4.948-5.29 7.423-3.242 4.778-2.304 11.092 2.133 14.334 4.864 3.584 11.092 2.731 14.761-1.962 1.963-2.475 3.754-5.12 5.632-7.68 1.194-1.535 2.645-2.218 4.607-1.28 1.792.854 2.645 2.39 2.304 4.267 0 .17 0 .427-.17.597-3.67 5.12-6.4 11.178-12.544 13.993-2.56 1.195-5.46 1.707-6.996 2.219l-.085-.171Z' fill='currentColor'\/><path d='M86.921 44.6c6.144.257 11.605 3.328 14.932 9.728 3.328 6.399 2.816 12.798-1.109 18.856-1.621 2.56-3.498 4.95-5.29 7.424-1.707 2.303-3.754 2.815-5.717 1.45-2.048-1.45-2.304-3.669-.597-6.058 1.621-2.304 3.328-4.608 4.949-6.911 3.498-4.95 2.56-11.348-2.133-14.761-4.779-3.499-11.178-2.475-14.847 2.56-1.792 2.388-3.498 4.863-5.205 7.252-1.62 2.218-3.583 2.56-5.546 1.11-1.877-1.366-2.218-3.414-.768-5.462 2.048-2.986 4.01-5.972 6.314-8.703 3.67-4.351 8.448-6.399 15.103-6.399l-.086-.085Z' fill='currentColor'\/><path d='M71.478 88.457c-3.498-.341-5.46-3.413-3.754-6.143 3.327-5.29 6.825-10.495 10.324-15.7 1.45-2.133 3.413-2.389 5.46-1.109 1.878 1.28 2.219 3.413.854 5.546-3.328 5.034-6.57 9.983-9.983 14.932-.683 1.024-1.963 1.621-2.901 2.389v.085Z' fill='currentColor'\/><\/svg>\t\t\t\t<\/a>\n\t\t\t\t\t\t\t\t\t\t\t<a class=\"post-share__dialog-item js-post-share-dialog-item\" href=\"mailto:?to=%20&amp;body=https%3A%2F%2Fd66.nl%2Fveldhoven%2Fnieuws%2Fgemeenteraadsverkiezingen-2026\" target=\"_blank\" >\n\t\t\t\t\tMail<svg xmlns='http:\/\/www.w3.org\/2000\/svg' width='40' height='40' viewBox='0 0 40 40' fill='none'><path d='M24.107 15.865a1 1 0 0 1 1.266 1.265l-1.686 5.052a1 1 0 0 1-1.654.392l-3.37-3.37a1.001 1.001 0 0 1 .392-1.654l5.052-1.685Z' fill='currentColor'\/><path d='m21.763 19.475-5.657 5.657' stroke='currentColor' stroke-width='2' stroke-linecap='round' fill='none'\/><\/svg>\t\t\t\t<\/a>\n\t\t\t\t\t\t\t\t\t\t\t<a class=\"post-share__dialog-item js-post-share-dialog-item\" href=\"https:\/\/www.linkedin.com\/sharing\/share-offsite\/?url=https%3A%2F%2Fd66.nl%2Fveldhoven%2Fnieuws%2Fgemeenteraadsverkiezingen-2026\" target=\"_blank\" >\n\t\t\t\t\tLinkedIn<svg xmlns='http:\/\/www.w3.org\/2000\/svg' width='40' height='40' viewBox='0 0 40 40' fill='none'><path d='M24.107 15.865a1 1 0 0 1 1.266 1.265l-1.686 5.052a1 1 0 0 1-1.654.392l-3.37-3.37a1.001 1.001 0 0 1 .392-1.654l5.052-1.685Z' fill='currentColor'\/><path d='m21.763 19.475-5.657 5.657' stroke='currentColor' stroke-width='2' stroke-linecap='round' fill='none'\/><\/svg>\t\t\t\t<\/a>\n\t\t\t\t\t\t\t\t\t\t\t<a class=\"post-share__dialog-item js-post-share-dialog-item\" href=\"https:\/\/www.facebook.com\/sharer\/sharer.php?u=https%3A%2F%2Fd66.nl%2Fveldhoven%2Fnieuws%2Fgemeenteraadsverkiezingen-2026\" target=\"_blank\" >\n\t\t\t\t\tFacebook<svg xmlns='http:\/\/www.w3.org\/2000\/svg' width='40' height='40' viewBox='0 0 40 40' fill='none'><path d='M24.107 15.865a1 1 0 0 1 1.266 1.265l-1.686 5.052a1 1 0 0 1-1.654.392l-3.37-3.37a1.001 1.001 0 0 1 .392-1.654l5.052-1.685Z' fill='currentColor'\/><path d='m21.763 19.475-5.657 5.657' stroke='currentColor' stroke-width='2' stroke-linecap='round' fill='none'\/><\/svg>\t\t\t\t<\/a>\n\t\t\t\t\t\t\t\t\t\t\t<a class=\"post-share__dialog-item js-post-share-dialog-item\" href=\"whatsapp:\/\/send?text=https%3A%2F%2Fd66.nl%2Fveldhoven%2Fnieuws%2Fgemeenteraadsverkiezingen-2026\" target=\"_blank\" >\n\t\t\t\t\tWhatsApp<svg xmlns='http:\/\/www.w3.org\/2000\/svg' width='40' height='40' viewBox='0 0 40 40' fill='none'><path d='M24.107 15.865a1 1 0 0 1 1.266 1.265l-1.686 5.052a1 1 0 0 1-1.654.392l-3.37-3.37a1.001 1.001 0 0 1 .392-1.654l5.052-1.685Z' fill='currentColor'\/><path d='m21.763 19.475-5.657 5.657' stroke='currentColor' stroke-width='2' stroke-linecap='round' fill='none'\/><\/svg>\t\t\t\t<\/a>\n\t\t\t\t\t\t\t\t\t\t\t<a class=\"post-share__dialog-item js-post-share-dialog-item\" href=\"https:\/\/x.com\/intent\/post?url=https%3A%2F%2Fd66.nl%2Fveldhoven%2Fnieuws%2Fgemeenteraadsverkiezingen-2026\" target=\"_blank\" >\n\t\t\t\t\tTwitter (X)<svg xmlns='http:\/\/www.w3.org\/2000\/svg' width='40' height='40' viewBox='0 0 40 40' fill='none'><path d='M24.107 15.865a1 1 0 0 1 1.266 1.265l-1.686 5.052a1 1 0 0 1-1.654.392l-3.37-3.37a1.001 1.001 0 0 1 .392-1.654l5.052-1.685Z' fill='currentColor'\/><path d='m21.763 19.475-5.657 5.657' stroke='currentColor' stroke-width='2' stroke-linecap='round' fill='none'\/><\/svg>\t\t\t\t<\/a>\n\t\t\t\t\t<\/div>\n\t<\/dialog>\n<\/div>\t\t\t<\/div>\n\t\t\t<div class=\"block-related-post-metadata__categories\">\n\t\t\t\t<div class=\"category-link__wrapper\">\n\t\t\t<div class=\"category-link__item\">\n\t\t\t<a href=\"https:\/\/d66.nl\/veldhoven\/category\/d66\/\">\n\t\t\t\tD66\t\t\t<\/a>\n\t\t<\/div>\n\t\t<\/div>\t\t\t<\/div>\n\t\t<\/div>\n\t<\/div>\n<\/section>\n\t  <\/div>\n\t<\/div>\n  <\/div>\n\n\n<div\n  id=\"\"\n  class=\"wrapper  wrapper__spacing-bottom-large--20 wrapper__spacing-bottom-desktop--10 wrapper__spacing-bottom-mobile--10  wrapper__gutter--none\"\n  >\n  \t<div class=\"wrapper__container wrapper__container-width-large--default\">\n\t  <div class=\"wrapper__inner wrapper__width-large--18 wrapper__width-desktop--22 wrapper__width-mobile--24 wrapper__offset-large--6 wrapper__offset-desktop--2 wrapper__offset-mobile--0\">\n\t\t<section class=\"block-post-content\">\n\t<div class=\"block-post-content__title\">\n\t\t<h3 class=\"heading  heading__color--black heading__size--medium heading__font--sans heading__weight--bold  block-post-content__heading\" id=\"nav-maak-kennis-9751\" data-nav-heading-mobile=\"Maak kennis!\">\n\tMaak kennis!<\/h3>\t<\/div>\n\t<div class=\"block-post-content__content\">\n\t\t\n<div\n  id=\"\"\n  class=\"wrapper  wrapper__spacing-bottom-large--30 wrapper__spacing-bottom-desktop--20  wrapper__gutter--none\"\n  >\n  \t<div class=\"wrapper__container wrapper__container-width-large--default\">\n\t  <div class=\"wrapper__inner wrapper__width-large--24 wrapper__width-mobile--24\">\n\t\t<p\n\t\tclass=\"paragraph paragraph__align--left paragraph__color--black paragraph__size--default   block-paragraph__paragraph\"\n\t\t\t>\n\t\tDe leden van D66 Veldhoven hebben de kandidatenlijst voor de gemeenteraadsverkiezingen van 18 maart 2026 vastgesteld.<br><br>Met trots presenteren wij een team dat onder leiding van lijsttrekker Mari\u00eblle Giesbertz klaar staat om na de gemeenteraadsverkiezingen van 2026 aan de slag te gaan voor Veldhoven. Een sterke lijst met mensen die midden in de samenleving staan en zich met volle energie en toewijding willen inzetten voor de inwoners van Veldhoven. De lijst is een prima combinatie van vertrouwde gezichten met ervaring en nieuwe kandidaten met een frisse kijk op het raadswerk.<br><br>Op plek 2 staat een bekend gezicht, het huidig raadslid Wouter van der Molen. Op plek 3 en 4 staan de huidige steunfractieleden Erik Simonse en Erik Blokland. Op plek 5 staat het ervaren raadslid en huidige fractievoorzitter Piet Wijman. De top 7 wordt gecompleteerd door het huidige steunfractielid Carsten K\u00f6hler op plek 6 en nieuwkomer Peter Schmale op plek 7.<br><br>Andere bekende namen op de lijst zijn voormalig fractielid Hein van der Reijden (plek 15) en voormalig fractievoorzitter van de Provinciale Statenfractie van D66 Noord-Brabant, Jeroen Hageman (plek 16). Lijstduwer is Marjo Verreusel, de laatste jaren op de achtergrond actief betrokken bij de fractie, en voor veel inwoners een bekend gezicht als voormalig kinderarts in Veldhoven en de Brainport.\t<\/p>\t  <\/div>\n\t<\/div>\n  <\/div>\n\n\t<\/div>\n\n\t<div class=\"block-post-content__sidebar\">\n\t\t\n\t\t\n\t\t\t<\/div>\n<\/section>\n\t  <\/div>\n\t<\/div>\n  <\/div>\n\n\n<div\n  id=\"\"\n  class=\"wrapper  wrapper__spacing-bottom-large--50 wrapper__spacing-bottom-desktop--70 wrapper__spacing-bottom-mobile--50  wrapper__gutter--none\"\n  >\n  \t<div class=\"wrapper__container wrapper__container-width-large--default\">\n\t  <div class=\"wrapper__inner wrapper__width-large--18 wrapper__width-desktop--22 wrapper__width-mobile--24 wrapper__offset-large--6 wrapper__offset-desktop--2 wrapper__offset-mobile--0\">\n\t\t<section class=\"block-post-content\">\n\t<div class=\"block-post-content__title\">\n\t\t<h3 class=\"heading  heading__color--black heading__size--medium heading__font--sans heading__weight--bold  block-post-content__heading\" id=\"nav-ploeg-vol-enthousiasme-en-idealen2884\" data-nav-heading-mobile=\"Ploeg vol enthousiasme en idealen\">\n\tPloeg vol enthousiasme en idealen<\/h3>\t<\/div>\n\t<div class=\"block-post-content__content\">\n\t\t\n<div\n  id=\"\"\n  class=\"wrapper  wrapper__spacing-bottom-large--30 wrapper__spacing-bottom-desktop--20  wrapper__gutter--none\"\n  >\n  \t<div class=\"wrapper__container wrapper__container-width-large--default\">\n\t  <div class=\"wrapper__inner wrapper__width-large--24 wrapper__width-mobile--24\">\n\t\t<p\n\t\tclass=\"paragraph paragraph__align--left paragraph__color--black paragraph__size--default   block-paragraph__paragraph\"\n\t\t\t>\n\t\t<em>\u2018\u2019Ik ben erg blij met deze kandidatenlijst. De idealen en het enthousiasme spatten ervan af. In de raadszaal en zeker ook daarbuiten, zullen we zichtbaar zijn en ons sterk maken voor een Veldhoven waarin groei in woningbouw en bedrijvigheid, hand in hand gaan met groei in groen en leefbaarheid. Het team is een prima mix van mensen met een grote diversiteit aan kennis, kunde en ervaring. Ik zie uit naar de verkiezingscampagne en vanaf maart 2026 naar een voortzetting van onze goede samenwerking met alle Veldhovenaren, binnen en buiten de gemeenteraad.&#8221;<\/em><br><br>\u2014 Mari\u00eblle Giesbertz, Lijsttrekker<br><br>De gemeenteraadsverkiezingen vinden plaats op 18 maart 2026. Het verkiezingsprogramma wordt binnenkort gepubliceerd.\t<\/p>\t  <\/div>\n\t<\/div>\n  <\/div>\n\n\t<\/div>\n\n\t<div class=\"block-post-content__sidebar\">\n\t\t\n\t\t\n\t\t\t<\/div>\n<\/section>\n\t  <\/div>\n\t<\/div>\n  <\/div>\n\n\n<div\n  id=\"\"\n  class=\"wrapper  wrapper__spacing-bottom-large--20 wrapper__spacing-bottom-desktop--10 wrapper__spacing-bottom-mobile--10  wrapper__gutter--none\"\n  >\n  \t<div class=\"wrapper__container wrapper__container-width-large--default\">\n\t  <div class=\"wrapper__inner wrapper__width-large--18 wrapper__width-desktop--22 wrapper__width-mobile--24 wrapper__offset-large--6 wrapper__offset-desktop--2 wrapper__offset-mobile--0\">\n\t\t<section class=\"block-post-content\">\n\t<div class=\"block-post-content__title\">\n\t\t<h3 class=\"heading  heading__color--black heading__size--medium heading__font--sans heading__weight--bold  block-post-content__heading\" id=\"nav-volledige-kandidatenlijst685\" data-nav-heading-mobile=\"Volledige kandidatenlijst\">\n\tVolledige kandidatenlijst<\/h3>\t<\/div>\n\t<div class=\"block-post-content__content\">\n\t\t\n<div\n  id=\"\"\n  class=\"wrapper  wrapper__spacing-bottom-large--30 wrapper__spacing-bottom-desktop--20  wrapper__gutter--none\"\n  >\n  \t<div class=\"wrapper__container wrapper__container-width-large--default\">\n\t  <div class=\"wrapper__inner wrapper__width-large--24 wrapper__width-mobile--24\">\n\t\t<p\n\t\tclass=\"paragraph paragraph__align--left paragraph__color--black paragraph__size--default   block-paragraph__paragraph\"\n\t\t\t>\n\t\t1. Mari\u00eblle Giesbertz<br>2. Wouter van der Molen<br>3. Erik Simonse<br>4. Erik Blokland<br>5. Piet Wijman<br>6. Carsten K\u00f6hler<br>7. Peter Schmale<br><br>Lijstduwers:<br>8. Ri\u00ebtte de Vries<br>9. Ruben Hovestad<br>10. Andr\u00e9 Driessen<br>11. Govert Groeneveld<br>12. Ramon Hoeks<br>13. Sharda Weistra<br>14. Tijl Kok<br>15. Hein van der Reijden<br>16. Jeroen Hageman<br>17. Paul Evers<br>18. Esther Martens<br>19. Paul Poelwijk<br>20. Frank Planjer<br>21. Antoinette Riepe<br>22. Paul Giesbertz<br>23. Wim Dirne<br>24. Marjo Verreusel\t<\/p>\t  <\/div>\n\t<\/div>\n  <\/div>\n\n\t<\/div>\n\n\t<div class=\"block-post-content__sidebar\">\n\t\t\n\t\t\n\t\t\t<\/div>\n<\/section>\n\t  <\/div>\n\t<\/div>\n  <\/div>\n","protected":false},"excerpt":{"rendered":"","protected":false},"author":1592,"featured_media":1554,"comment_status":"open","ping_status":"open","sticky":false,"template":"","format":"standard","meta":{"_acf_changed":false,"footnotes":""},"categories":[1],"search-tags":[],"labels":[],"class_list":["post-1534","post","type-post","status-publish","format-standard","has-post-thumbnail","hentry","category-d66"],"acf":[],"yoast_head":"<!-- This site is optimized with the Yoast SEO plugin v27.3 - https:\/\/yoast.com\/product\/yoast-seo-wordpress\/ -->\n<title>D66 Veldhoven &#8212; Kandidatenlijst D66 Veldhoven 2026<\/title>\n<meta name=\"robots\" content=\"index, follow, max-snippet:-1, max-image-preview:large, max-video-preview:-1\" \/>\n<link rel=\"canonical\" href=\"https:\/\/d66.nl\/veldhoven\/nieuws\/gemeenteraadsverkiezingen-2026\" \/>\n<meta property=\"og:locale\" content=\"nl_NL\" \/>\n<meta property=\"og:type\" content=\"article\" \/>\n<meta property=\"og:title\" content=\"D66 Veldhoven &#8212; Kandidatenlijst D66 Veldhoven 2026\" \/>\n<meta property=\"og:url\" content=\"https:\/\/d66.nl\/veldhoven\/nieuws\/gemeenteraadsverkiezingen-2026\/\" \/>\n<meta property=\"og:site_name\" content=\"D66 Veldhoven\" \/>\n<meta property=\"article:published_time\" content=\"2025-12-03T08:44:40+00:00\" \/>\n<meta property=\"article:modified_time\" content=\"2025-12-03T13:40:20+00:00\" \/>\n<meta property=\"og:image\" content=\"https:\/\/d66.nl\/veldhoven\/wp-content\/uploads\/sites\/141\/2025\/12\/kandidaten-D66-Veldhoven.png\" \/>\n\t<meta property=\"og:image:width\" content=\"1024\" \/>\n\t<meta property=\"og:image:height\" content=\"658\" \/>\n\t<meta property=\"og:image:type\" content=\"image\/png\" \/>\n<meta name=\"author\" content=\"sjanelien\" \/>\n<meta name=\"twitter:card\" content=\"summary_large_image\" \/>\n<meta name=\"twitter:label1\" content=\"Geschreven door\" \/>\n\t<meta name=\"twitter:data1\" content=\"sjanelien\" \/>\n\t<meta name=\"twitter:label2\" content=\"Geschatte leestijd\" \/>\n\t<meta name=\"twitter:data2\" content=\"1 minuut\" \/>\n<script type=\"application\/ld+json\" class=\"yoast-schema-graph\">{\"@context\":\"https:\\\/\\\/schema.org\",\"@graph\":[{\"@type\":\"Article\",\"@id\":\"https:\\\/\\\/d66.nl\\\/veldhoven\\\/nieuws\\\/gemeenteraadsverkiezingen-2026\\\/#article\",\"isPartOf\":{\"@id\":\"https:\\\/\\\/d66.nl\\\/veldhoven\\\/nieuws\\\/gemeenteraadsverkiezingen-2026\\\/\"},\"author\":{\"name\":\"sjanelien\",\"@id\":\"https:\\\/\\\/d66.nl\\\/veldhoven\\\/#\\\/schema\\\/person\\\/e71bbdbf553eb30c7b184070e190e227\"},\"headline\":\"Kandidatenlijst D66 Veldhoven 2026\",\"datePublished\":\"2025-12-03T08:44:40+00:00\",\"dateModified\":\"2025-12-03T13:40:20+00:00\",\"mainEntityOfPage\":{\"@id\":\"https:\\\/\\\/d66.nl\\\/veldhoven\\\/nieuws\\\/gemeenteraadsverkiezingen-2026\\\/\"},\"wordCount\":3,\"commentCount\":0,\"publisher\":{\"@id\":\"https:\\\/\\\/d66.nl\\\/veldhoven\\\/#organization\"},\"image\":{\"@id\":\"https:\\\/\\\/d66.nl\\\/veldhoven\\\/nieuws\\\/gemeenteraadsverkiezingen-2026\\\/#primaryimage\"},\"thumbnailUrl\":\"https:\\\/\\\/d66.nl\\\/veldhoven\\\/wp-content\\\/uploads\\\/sites\\\/141\\\/2025\\\/12\\\/kandidaten-D66-Veldhoven.png\",\"articleSection\":[\"D66\"],\"inLanguage\":\"nl-NL\",\"potentialAction\":[{\"@type\":\"CommentAction\",\"name\":\"Comment\",\"target\":[\"https:\\\/\\\/d66.nl\\\/veldhoven\\\/nieuws\\\/gemeenteraadsverkiezingen-2026\\\/#respond\"]}]},{\"@type\":\"WebPage\",\"@id\":\"https:\\\/\\\/d66.nl\\\/veldhoven\\\/nieuws\\\/gemeenteraadsverkiezingen-2026\\\/\",\"url\":\"https:\\\/\\\/d66.nl\\\/veldhoven\\\/nieuws\\\/gemeenteraadsverkiezingen-2026\\\/\",\"name\":\"D66 Veldhoven &#8212; Kandidatenlijst D66 Veldhoven 2026\",\"isPartOf\":{\"@id\":\"https:\\\/\\\/d66.nl\\\/veldhoven\\\/#website\"},\"primaryImageOfPage\":{\"@id\":\"https:\\\/\\\/d66.nl\\\/veldhoven\\\/nieuws\\\/gemeenteraadsverkiezingen-2026\\\/#primaryimage\"},\"image\":{\"@id\":\"https:\\\/\\\/d66.nl\\\/veldhoven\\\/nieuws\\\/gemeenteraadsverkiezingen-2026\\\/#primaryimage\"},\"thumbnailUrl\":\"https:\\\/\\\/d66.nl\\\/veldhoven\\\/wp-content\\\/uploads\\\/sites\\\/141\\\/2025\\\/12\\\/kandidaten-D66-Veldhoven.png\",\"datePublished\":\"2025-12-03T08:44:40+00:00\",\"dateModified\":\"2025-12-03T13:40:20+00:00\",\"breadcrumb\":{\"@id\":\"https:\\\/\\\/d66.nl\\\/veldhoven\\\/nieuws\\\/gemeenteraadsverkiezingen-2026\\\/#breadcrumb\"},\"inLanguage\":\"nl-NL\",\"potentialAction\":[{\"@type\":\"ReadAction\",\"target\":[\"https:\\\/\\\/d66.nl\\\/veldhoven\\\/nieuws\\\/gemeenteraadsverkiezingen-2026\\\/\"]}]},{\"@type\":\"ImageObject\",\"inLanguage\":\"nl-NL\",\"@id\":\"https:\\\/\\\/d66.nl\\\/veldhoven\\\/nieuws\\\/gemeenteraadsverkiezingen-2026\\\/#primaryimage\",\"url\":\"https:\\\/\\\/d66.nl\\\/veldhoven\\\/wp-content\\\/uploads\\\/sites\\\/141\\\/2025\\\/12\\\/kandidaten-D66-Veldhoven.png\",\"contentUrl\":\"https:\\\/\\\/d66.nl\\\/veldhoven\\\/wp-content\\\/uploads\\\/sites\\\/141\\\/2025\\\/12\\\/kandidaten-D66-Veldhoven.png\",\"width\":1024,\"height\":658},{\"@type\":\"BreadcrumbList\",\"@id\":\"https:\\\/\\\/d66.nl\\\/veldhoven\\\/nieuws\\\/gemeenteraadsverkiezingen-2026\\\/#breadcrumb\",\"itemListElement\":[{\"@type\":\"ListItem\",\"position\":1,\"name\":\"Home\",\"item\":\"https:\\\/\\\/d66.nl\\\/veldhoven\\\/\"},{\"@type\":\"ListItem\",\"position\":2,\"name\":\"Overzicht nieuws\",\"item\":\"https:\\\/\\\/d66.nl\\\/veldhoven\\\/nieuws\\\/\"},{\"@type\":\"ListItem\",\"position\":3,\"name\":\"Kandidatenlijst D66 Veldhoven 2026\"}]},{\"@type\":\"WebSite\",\"@id\":\"https:\\\/\\\/d66.nl\\\/veldhoven\\\/#website\",\"url\":\"https:\\\/\\\/d66.nl\\\/veldhoven\\\/\",\"name\":\"D66 Veldhoven\",\"description\":\"Just another D66 Sites site\",\"publisher\":{\"@id\":\"https:\\\/\\\/d66.nl\\\/veldhoven\\\/#organization\"},\"potentialAction\":[{\"@type\":\"SearchAction\",\"target\":{\"@type\":\"EntryPoint\",\"urlTemplate\":\"https:\\\/\\\/d66.nl\\\/veldhoven\\\/?s={search_term_string}\"},\"query-input\":{\"@type\":\"PropertyValueSpecification\",\"valueRequired\":true,\"valueName\":\"search_term_string\"}}],\"inLanguage\":\"nl-NL\"},{\"@type\":\"Organization\",\"@id\":\"https:\\\/\\\/d66.nl\\\/veldhoven\\\/#organization\",\"name\":\"D66\",\"url\":\"https:\\\/\\\/d66.nl\\\/veldhoven\\\/\",\"logo\":{\"@type\":\"ImageObject\",\"inLanguage\":\"nl-NL\",\"@id\":\"https:\\\/\\\/d66.nl\\\/veldhoven\\\/#\\\/schema\\\/logo\\\/image\\\/\",\"url\":\"https:\\\/\\\/d66.nl\\\/veldhoven\\\/wp-content\\\/uploads\\\/sites\\\/2\\\/2021\\\/10\\\/d66-themas-algemeen-og.png\",\"contentUrl\":\"https:\\\/\\\/d66.nl\\\/veldhoven\\\/wp-content\\\/uploads\\\/sites\\\/2\\\/2021\\\/10\\\/d66-themas-algemeen-og.png\",\"width\":1200,\"height\":628,\"caption\":\"D66\"},\"image\":{\"@id\":\"https:\\\/\\\/d66.nl\\\/veldhoven\\\/#\\\/schema\\\/logo\\\/image\\\/\"}},{\"@type\":\"Person\",\"@id\":\"https:\\\/\\\/d66.nl\\\/veldhoven\\\/#\\\/schema\\\/person\\\/e71bbdbf553eb30c7b184070e190e227\",\"name\":\"sjanelien\",\"image\":{\"@type\":\"ImageObject\",\"inLanguage\":\"nl-NL\",\"@id\":\"https:\\\/\\\/secure.gravatar.com\\\/avatar\\\/7647cbc4e849f1dc97d71ff90ee5289d9daf01390efa4ddc554a884532e63ed4?s=96&d=mm&r=g\",\"url\":\"https:\\\/\\\/secure.gravatar.com\\\/avatar\\\/7647cbc4e849f1dc97d71ff90ee5289d9daf01390efa4ddc554a884532e63ed4?s=96&d=mm&r=g\",\"contentUrl\":\"https:\\\/\\\/secure.gravatar.com\\\/avatar\\\/7647cbc4e849f1dc97d71ff90ee5289d9daf01390efa4ddc554a884532e63ed4?s=96&d=mm&r=g\",\"caption\":\"sjanelien\"}}]}<\/script>\n<!-- \/ Yoast SEO plugin. -->","yoast_head_json":{"title":"D66 Veldhoven &#8212; Kandidatenlijst D66 Veldhoven 2026","robots":{"index":"index","follow":"follow","max-snippet":"max-snippet:-1","max-image-preview":"max-image-preview:large","max-video-preview":"max-video-preview:-1"},"canonical":"https:\/\/d66.nl\/veldhoven\/nieuws\/gemeenteraadsverkiezingen-2026","og_locale":"nl_NL","og_type":"article","og_title":"D66 Veldhoven &#8212; Kandidatenlijst D66 Veldhoven 2026","og_url":"https:\/\/d66.nl\/veldhoven\/nieuws\/gemeenteraadsverkiezingen-2026\/","og_site_name":"D66 Veldhoven","article_published_time":"2025-12-03T08:44:40+00:00","article_modified_time":"2025-12-03T13:40:20+00:00","og_image":[{"width":1024,"height":658,"url":"https:\/\/d66.nl\/veldhoven\/wp-content\/uploads\/sites\/141\/2025\/12\/kandidaten-D66-Veldhoven.png","type":"image\/png"}],"author":"sjanelien","twitter_card":"summary_large_image","twitter_misc":{"Geschreven door":"sjanelien","Geschatte leestijd":"1 minuut"},"schema":{"@context":"https:\/\/schema.org","@graph":[{"@type":"Article","@id":"https:\/\/d66.nl\/veldhoven\/nieuws\/gemeenteraadsverkiezingen-2026\/#article","isPartOf":{"@id":"https:\/\/d66.nl\/veldhoven\/nieuws\/gemeenteraadsverkiezingen-2026\/"},"author":{"name":"sjanelien","@id":"https:\/\/d66.nl\/veldhoven\/#\/schema\/person\/e71bbdbf553eb30c7b184070e190e227"},"headline":"Kandidatenlijst D66 Veldhoven 2026","datePublished":"2025-12-03T08:44:40+00:00","dateModified":"2025-12-03T13:40:20+00:00","mainEntityOfPage":{"@id":"https:\/\/d66.nl\/veldhoven\/nieuws\/gemeenteraadsverkiezingen-2026\/"},"wordCount":3,"commentCount":0,"publisher":{"@id":"https:\/\/d66.nl\/veldhoven\/#organization"},"image":{"@id":"https:\/\/d66.nl\/veldhoven\/nieuws\/gemeenteraadsverkiezingen-2026\/#primaryimage"},"thumbnailUrl":"https:\/\/d66.nl\/veldhoven\/wp-content\/uploads\/sites\/141\/2025\/12\/kandidaten-D66-Veldhoven.png","articleSection":["D66"],"inLanguage":"nl-NL","potentialAction":[{"@type":"CommentAction","name":"Comment","target":["https:\/\/d66.nl\/veldhoven\/nieuws\/gemeenteraadsverkiezingen-2026\/#respond"]}]},{"@type":"WebPage","@id":"https:\/\/d66.nl\/veldhoven\/nieuws\/gemeenteraadsverkiezingen-2026\/","url":"https:\/\/d66.nl\/veldhoven\/nieuws\/gemeenteraadsverkiezingen-2026\/","name":"D66 Veldhoven &#8212; Kandidatenlijst D66 Veldhoven 2026","isPartOf":{"@id":"https:\/\/d66.nl\/veldhoven\/#website"},"primaryImageOfPage":{"@id":"https:\/\/d66.nl\/veldhoven\/nieuws\/gemeenteraadsverkiezingen-2026\/#primaryimage"},"image":{"@id":"https:\/\/d66.nl\/veldhoven\/nieuws\/gemeenteraadsverkiezingen-2026\/#primaryimage"},"thumbnailUrl":"https:\/\/d66.nl\/veldhoven\/wp-content\/uploads\/sites\/141\/2025\/12\/kandidaten-D66-Veldhoven.png","datePublished":"2025-12-03T08:44:40+00:00","dateModified":"2025-12-03T13:40:20+00:00","breadcrumb":{"@id":"https:\/\/d66.nl\/veldhoven\/nieuws\/gemeenteraadsverkiezingen-2026\/#breadcrumb"},"inLanguage":"nl-NL","potentialAction":[{"@type":"ReadAction","target":["https:\/\/d66.nl\/veldhoven\/nieuws\/gemeenteraadsverkiezingen-2026\/"]}]},{"@type":"ImageObject","inLanguage":"nl-NL","@id":"https:\/\/d66.nl\/veldhoven\/nieuws\/gemeenteraadsverkiezingen-2026\/#primaryimage","url":"https:\/\/d66.nl\/veldhoven\/wp-content\/uploads\/sites\/141\/2025\/12\/kandidaten-D66-Veldhoven.png","contentUrl":"https:\/\/d66.nl\/veldhoven\/wp-content\/uploads\/sites\/141\/2025\/12\/kandidaten-D66-Veldhoven.png","width":1024,"height":658},{"@type":"BreadcrumbList","@id":"https:\/\/d66.nl\/veldhoven\/nieuws\/gemeenteraadsverkiezingen-2026\/#breadcrumb","itemListElement":[{"@type":"ListItem","position":1,"name":"Home","item":"https:\/\/d66.nl\/veldhoven\/"},{"@type":"ListItem","position":2,"name":"Overzicht nieuws","item":"https:\/\/d66.nl\/veldhoven\/nieuws\/"},{"@type":"ListItem","position":3,"name":"Kandidatenlijst D66 Veldhoven 2026"}]},{"@type":"WebSite","@id":"https:\/\/d66.nl\/veldhoven\/#website","url":"https:\/\/d66.nl\/veldhoven\/","name":"D66 Veldhoven","description":"Just another D66 Sites site","publisher":{"@id":"https:\/\/d66.nl\/veldhoven\/#organization"},"potentialAction":[{"@type":"SearchAction","target":{"@type":"EntryPoint","urlTemplate":"https:\/\/d66.nl\/veldhoven\/?s={search_term_string}"},"query-input":{"@type":"PropertyValueSpecification","valueRequired":true,"valueName":"search_term_string"}}],"inLanguage":"nl-NL"},{"@type":"Organization","@id":"https:\/\/d66.nl\/veldhoven\/#organization","name":"D66","url":"https:\/\/d66.nl\/veldhoven\/","logo":{"@type":"ImageObject","inLanguage":"nl-NL","@id":"https:\/\/d66.nl\/veldhoven\/#\/schema\/logo\/image\/","url":"https:\/\/d66.nl\/veldhoven\/wp-content\/uploads\/sites\/2\/2021\/10\/d66-themas-algemeen-og.png","contentUrl":"https:\/\/d66.nl\/veldhoven\/wp-content\/uploads\/sites\/2\/2021\/10\/d66-themas-algemeen-og.png","width":1200,"height":628,"caption":"D66"},"image":{"@id":"https:\/\/d66.nl\/veldhoven\/#\/schema\/logo\/image\/"}},{"@type":"Person","@id":"https:\/\/d66.nl\/veldhoven\/#\/schema\/person\/e71bbdbf553eb30c7b184070e190e227","name":"sjanelien","image":{"@type":"ImageObject","inLanguage":"nl-NL","@id":"https:\/\/secure.gravatar.com\/avatar\/7647cbc4e849f1dc97d71ff90ee5289d9daf01390efa4ddc554a884532e63ed4?s=96&d=mm&r=g","url":"https:\/\/secure.gravatar.com\/avatar\/7647cbc4e849f1dc97d71ff90ee5289d9daf01390efa4ddc554a884532e63ed4?s=96&d=mm&r=g","contentUrl":"https:\/\/secure.gravatar.com\/avatar\/7647cbc4e849f1dc97d71ff90ee5289d9daf01390efa4ddc554a884532e63ed4?s=96&d=mm&r=g","caption":"sjanelien"}}]}},"_links":{"self":[{"href":"https:\/\/d66.nl\/veldhoven\/wp-json\/wp\/v2\/posts\/1534","targetHints":{"allow":["GET"]}}],"collection":[{"href":"https:\/\/d66.nl\/veldhoven\/wp-json\/wp\/v2\/posts"}],"about":[{"href":"https:\/\/d66.nl\/veldhoven\/wp-json\/wp\/v2\/types\/post"}],"author":[{"embeddable":true,"href":"https:\/\/d66.nl\/veldhoven\/wp-json\/wp\/v2\/users\/1592"}],"replies":[{"embeddable":true,"href":"https:\/\/d66.nl\/veldhoven\/wp-json\/wp\/v2\/comments?post=1534"}],"version-history":[{"count":9,"href":"https:\/\/d66.nl\/veldhoven\/wp-json\/wp\/v2\/posts\/1534\/revisions"}],"predecessor-version":[{"id":1563,"href":"https:\/\/d66.nl\/veldhoven\/wp-json\/wp\/v2\/posts\/1534\/revisions\/1563"}],"wp:featuredmedia":[{"embeddable":true,"href":"https:\/\/d66.nl\/veldhoven\/wp-json\/wp\/v2\/media\/1554"}],"wp:attachment":[{"href":"https:\/\/d66.nl\/veldhoven\/wp-json\/wp\/v2\/media?parent=1534"}],"wp:term":[{"taxonomy":"category","embeddable":true,"href":"https:\/\/d66.nl\/veldhoven\/wp-json\/wp\/v2\/categories?post=1534"},{"taxonomy":"search-tags","embeddable":true,"href":"https:\/\/d66.nl\/veldhoven\/wp-json\/wp\/v2\/search-tags?post=1534"},{"taxonomy":"labels","embeddable":true,"href":"https:\/\/d66.nl\/veldhoven\/wp-json\/wp\/v2\/labels?post=1534"}],"curies":[{"name":"wp","href":"https:\/\/api.w.org\/{rel}","templated":true}]}}