{"id":30653,"date":"2023-04-28T14:18:35","date_gmt":"2023-04-28T12:18:35","guid":{"rendered":"https:\/\/d66.nl\/vanmierlostichting\/nieuws\/"},"modified":"2023-04-28T14:33:52","modified_gmt":"2023-04-28T12:33:52","slug":"judith-shklar-en-het-liberalisme-lezing-felix-en-sofie-21-maart-2023-door-martijn-visser","status":"publish","type":"post","link":"https:\/\/d66.nl\/vanmierlostichting\/nieuws\/judith-shklar-en-het-liberalisme-lezing-felix-en-sofie-21-maart-2023-door-martijn-visser","title":{"rendered":"Judith Shklar en het Liberalisme &#8211; Lezing Felix en Sofie &#8211; 21 maart 2023 door Martijn Visser"},"content":{"rendered":"<div\n  id=\"\"\n  class=\"wrapper  wrapper__spacing-bottom-large--50 wrapper__spacing-bottom-desktop--66 wrapper__spacing-bottom-mobile--76  wrapper__gutter--none\"\n  >\n  \t<div class=\"wrapper__container wrapper__container-width-large--default\">\n\t  <div class=\"wrapper__inner wrapper__width-large--14 wrapper__width-desktop--20 wrapper__width-mobile--24 wrapper__offset-large--6 wrapper__offset-desktop--4 wrapper__offset-mobile--0\">\n\t\t<h1 class=\"heading   heading__size--larger heading__font--serif heading__weight--regular  block-heading__heading\" id=\"nav-judith-shklar-en-het-liberalisme----strong-lezing-felix-en-sofie--strong----21-maart-2023190\"  data-nav-heading-mobile=\"Judith Shklar en het Liberalisme - Lezing Felix en Sofie - 21 maart 2023\" >\n\tJudith Shklar en het Liberalisme &#8211; <strong>Lezing Felix en Sofie<\/strong> &#8211; 21 maart 2023<\/h1>\t  <\/div>\n\t<\/div>\n  <\/div>\n\n\n<div\n  id=\"\"\n  class=\"wrapper  wrapper__spacing-bottom-large--50 wrapper__spacing-bottom-mobile--40  wrapper__gutter--none\"\n  >\n  \t<div class=\"wrapper__container wrapper__container-width-large--default\">\n\t  <div class=\"wrapper__inner wrapper__width-large--13 wrapper__width-desktop--22 wrapper__width-mobile--24 wrapper__offset-large--6 wrapper__offset-desktop--2 wrapper__offset-mobile--0\">\n\t\t<p\n\t\tclass=\"paragraph   paragraph__size--default   block-paragraph__paragraph\"\n\t\t\t>\n\t\t<strong>\u00a0<\/strong><br><strong>Door <\/strong><a href=\"https:\/\/d66.nl\/vanmierlostichting\/mensen\/martijn-visser\/\">Martijn Visser<\/a><br>\u00a0<br><strong>Inleiding<\/strong><br>Het liberalisme wordt vandaag de dag van alle kanten bekritiseerd. Zowel in de kranten als in de populairwetenschappelijke literatuur krijgt het liberalisme nagenoeg overal de schuld van: het liberalisme zou gedragen worden door een kosmopolitische elite die niets om de normale mensen geeft; het liberalisme zou het gemeenschapsgevoel ondermijnen en lokale culturen en tradities te grabbel gooien; het liberalisme zou nihilisme prediken, ego\u00efsme cultiveren en de mensen reduceren tot gedachteloze consumenten; het liberalisme zou de ideologische voedingsbodem zijn van kapitalisme, racisme, seksisme, kolonialisme. En volgens sommigen heeft het liberalisme zelfs schuld aan de oorlog in Oekra\u00efne.<br><br>Dat is een serieus rijtje aanklachten voor een politieke doctrine die toch in eerste instantie individuele vrijheid voor zoveel mogelijk mensen beoogt.<br><br>De verdediging van het liberalisme komt vaak niet zo goed uit de verf. Liberalen die de naam nog durven dragen komen meestal niet veel verder dan erop te wijzen dat de alternatieven \u2013 van nationalisme, tot fascisme en communisme \u2013 toch ook niet heel aantrekkelijk zijn. Een positieve invulling van het liberalisme zelf blijft vaak achterwege \u2013 laat staan dat het liberalisme met evenzoveel geestdrift wordt bepleit als de illiberale alternatieven.<br><br>Het liberalisme van Judith Shklar kan ons in dit opzicht veel leren. We hebben net al van Josette gehoord dat Shklars \u2018liberalisme van de angst\u2019 steeds urgenter wordt in een tijd waarin macht zich steeds meer concentreert en hier ook steeds meer misbruik van wordt gemaakt. En we hebben van Anne gehoord hoe Shklar ons op een nieuwe manier kan leren nadenken over recht en onrecht in het licht van klimaatverandering. Het zijn mooie voorbeelden van hoe haar idee\u00ebn kunnen worden toegepast op actuele maatschappelijke problemen. Wat ik vanavond graag wil laten zien is hoe we in haar werk ook een antwoord kunnen vinden op de principi\u00eble bezwaren tegen het liberalisme.<br><br>Ik zal ingaan op twee van deze principi\u00eble bezwaren \u2013 het zijn bezwaren die al zo oud zijn als het liberalisme zelf en voor verschillende vormen van liberalisme ook zeker terecht zijn. Dat is ten eerste de kritiek dat het liberalisme geen moraal zou hebben en geen invulling kan geven aan het klassieke ideaal van het goede leven en een deugdzaam karakter; en ten tweede de kritiek dat het liberalisme een blinde vlek heeft voor onrecht en ongelijke machtsverhoudingen en altijd alleen de zittende macht heeft gediend.<br><br>Beide bezwaren verwijten het liberalisme eigenlijk een gemakzuchtige ideologie te zijn, die weinig van de mensen zelf vraagt, noch als burger, noch als bestuurder. Ik hoop aan de hand van Shklar te kunnen laten zien waarom deze bezwaren de plank misslaan, en het liberalisme vele malen veeleisender kan zijn dan we op het eerste gezicht denken.<br><br><strong>De morele leegte van het liberalisme<br><\/strong>Laten we beginnen met de morele leegte van het liberalisme. Deze kritiek horen we vooral vanuit rechts-populistische en christelijk-conservatieve hoek. Ze wijzen daarvoor graag op het individualisme, ego\u00efsme en materialisme dat het hedendaagse liberalisme zou cultiveren. Zolang je belasting betaalt en de ander maar met rust laat, kan je doen en laten wat je wilt. Vrijheid-blijheid, iedereen zijn eigen priv\u00e9-ethiekje en daarmee is de kous af \u2013 \u2018surfplank-liberalisme\u2019. Geen respect voor traditionele normen en waarden, geen verantwoordelijkheidsgevoel voor de gemeenschap of de publieke zaak, en geen hoger streven dan onmiddellijke behoeftebevrediging.<br><br>Shklar zou stevig protest aantekenen bij deze opvatting van het liberalisme. Ja, het klopt dat een liberale overheid geen moraal afdwingt en haar burgers niet opvoedt in \u00e9\u00e9n geloofsartikel over goed en kwaad of \u00e9\u00e9n visie op het goede leven. Het is juist een politieke doctrine die aan iedereen de vrijheid wil geven diens eigen opvatting van het goede leven na te streven. Maar het feit dat een liberale staatsinrichting de moraal aan de burger overlaat, betekent natuurlijk nog niet dat het liberalisme er zelf geen morele opvattingen op na houdt. Integendeel. Shklars liberalisme veronderstelt juist een sterk ontwikkeld ethisch bewustzijn.<br><br>Om te begrijpen hoe dat zit kunnen we het beste een blik werpen op haar boek Ordinary Vices. Vertrekpunt van dit werk is dat de filosofie de ondeugd \u2013 net als het onrecht \u2013 als een op zichzelf staand fenomeen over het hoofd heeft gezien. Natuurlijk hebben theologen en moraalfilosofen boekenkasten volgeschreven over de zeven hoofdzonden \u2013 hoogmoed, hebzucht, jaloezie, gulzigheid, etc. \u2013 maar dat waren altijd zonden gericht tegen God, die zouden worden bestraft in het hiernamaals. Maar de ondeugd, zegt Shklar, is een kwaad van het hier en nu, een zaak van mens tot medemens, van dader en slachtoffer. En de filosofie heeft daar onvoldoende over nagedacht.<br><br>Over welke alledaagse ondeugden heeft Shklar het dan? In vijf hoofdstukken bespreekt ze achtereenvolgens: wreedheid, hypocrisie, snobisme, verraad, en misantropie. Ondeugden die zowel in de persoonlijke als in de publieke sfeer voorkomen. Shklar beschrijft vervolgens hoe deze ondeugden in de praktijk werken en analyseert zowel de psychologische als politieke complexiteiten ervan. Zoals altijd schuwt ze al te stellige uitspraken of simpele definities. Op \u00e9\u00e9n uitzondering na, en dat is wreedheid. Zoals we al hebben gehoord is dat voor haar ondeugd nummer \u00e9\u00e9n, die alle andere ondeugden overschaduwt. De mogelijkheid van fysiek en ook psychologisch leed boezemt een angst in die alle vrijheid vernietigt.<br><br>Het vermijden van angst en leed krijgt bij Shklar daarom de allerhoogste prioriteit. Het is een inzicht dat ze aan de Franse filosoof Montaigne ontleent \u2013 in haar eigen woorden de grote held van haar boek Ordinary Vices. De politieke consequenties van dit inzicht worden echter pas getrokken door Montesquieu, die andere Franse edelman. Zijn idee van de rechtstaat als een geheel van wetten en procedures die de burger moet beschermen tegen willekeur en machtsmisbruik is de institutionele vertaling van \u2018putting cruelty first\u2019, zoals Shklar consequent schrijft.<br><br>Vanuit moreel perspectief vindt hier echter een cruciale omslag plaats die je snel over het hoofd ziet. Shklar wijst erop dat met de uitvinding van de rechtstaat de ethiek uit het staatsbestuur verdwijnt: waar de politiek altijd \u2013 van Aristoteles tot Machiavelli \u2013 een kwestie was van persoonlijk leiderschap, een deugdzaam karakter of een goed geweten, daar komt nu een onpersoonlijk en onpartijdig systeem van instituties voor in de plaats. Zorgvuldig in toom gehouden door een uitgebalanceerd systeem van tegenmachten. Niet personen, maar procedures regeren hier. Geen voorbeeldig leider, maar een machinerie van onbekende bureaucraten. Geen enkele deugd doet ertoe, behalve rechtvaardigheid, en ook dat wordt procedureel.<br><br>Voor Montesquieu \u2013 en Shklar volgt hem hierin \u2013 is deze staatsinrichting noodzakelijk als wreedheid als grootste kwaad wordt gezien dat ten alle tijden moet worden vermeden. Vrijheid van angst en leed mag namelijk niet louter afhankelijk zijn van de toevallige deugdzaamheid van de bestuurder, en kan alleen onvoorwaardelijk worden gegarandeerd door onpersoonlijke instituties. In de beroemde woorden van James Madison \u2013 founding father van de VS die graag naar Montesquieu verwees als \u2018het orakel van Frankrijk\u2019 \u2013 \u201cAls mensen engelen waren, had je geen overheid nodig. Als mensen door engelen werden bestuurd, had je geen controle op de overheid nodig.\u201d Of in de woorden van Shklar zelf: \u201cLiberal government for bad characters.\u201d<br><br>De liberale staat geeft ons vrijheid van angst en leed, maar maakt ons nog niet tot goede mensen, laat staan tot engelen. Door alle kaarten in te zetten op het vermijden van wreedheid als grootste kwaad, moeten we mindere kwaden leren tolereren, aldus Shklar. Maar iedere poging om de burgers \u2018op te voeden\u2019 en iedere vorm van ondeugd te elimineren resulteert al snel in de meest wrede tirannie\u00ebn, zo laat ze in Ordinary Vices zien. Het goede krijgt volgens haar alleen kans te ontkiemen in een liberale samenleving die de mensen vrijlaat zelf hun morele afwegingen maken. We kunnen alleen betere mensen worden wanneer we iedere dag weer \u2018onze armzalige maar epische strijd tegen onze eigen ondeugden\u2019 aangaan, terwijl het een enorme zelfbeheersing vereist om die ondeugden bij de ander te tolereren.<br><br>Het liberalisme is dus niet, in de woorden van Shklar, een \u201camoreel ieder-voor-zich, maar juist extreem moeilijk en veeleisend, te moeilijk voor iedereen die niet tegen contradicties, complexiteit, diversiteit en de risico\u2019s van vrijheid kan.\u201d Geen surfplank-liberalisme dus, maar eerder een sisyfus-liberalisme: voor Shklar moeten we ons iedere dag opnieuw oefenen in het vermijden van alle ondeugden die op ons pad komen; moeten we ons een weg banen door een oerwoud van morele dubbelzinnigheden waarbij we niet langer blind kunnen vertrouwen op een eenduidige religieuze waarheid over goed en kwaad, maar niets anders hebben dan de stem van ons eigen geweten.<br><br><strong>Het liberalisme als ideologie van de \u2018winnaars\u2019<br><\/strong>Het liberalisme wordt niet alleen verweten amoreel te zijn, maar het wordt ook bekritiseerd als ideologie van en voor \u2018winnaars\u2019, die alleen in het voordeel is van een elite die het toch al heeft gemaakt en die zich verder niet bekommert om de achtergestelden en de mensen die niet mee kunnen komen. Deze kritiek horen we ter linkerzijde van het politieke spectrum: het liberalisme zou ongerechtvaardigde ongelijkheden in stand houden of zelfs vergroten door net te doen alsof succes een keuze is. Het zou de economie te veel vrij spel geven in de veronderstelling dat marktwerking de natuurlijke loop der dingen is of zou moeten zijn. En het liberalisme zou te koop lopen met gelijke rechten en kansen voor iedereen terwijl ze het structurele onrecht dat achter die formele waarheid schuilgaat doelbewust negeert.<br><br>Shklars liberalisme van de angst is inderdaad vaak gelezen als een liberalisme van de klassieke soort, dat zich tevreden stelt met het vermijden van het ergste leed, zich richt op vrede en veiligheid, en zich verder weinig bekommert om het lot van de mensen. Shklar wordt dan al snel in \u00e9\u00e9n adem genoemd met politiek filosofen als Isiah Berlin en Karl Popper, die met de 20ste-eeuwse geschiedenis van het totalitarisme in het achterhoofd vooral de staat als grootste gevaar voor de samenleving zagen.<br><br>Maar zo makkelijk laat Shklar zich niet in een hokje stoppen. Wat haar theorie van het liberalisme volgens mij zo uniek maakt is dat het zich niet alleen richt op fysieke wreedheid, maar ook op de angst daarvoor. Door dit psychologisch gegeven als uitgangspunt te nemen maakt Shklar haar theorie historisch: wat ons angst aanjaagt en welke groepen daar kwetsbaar voor zijn, verandert met de tijd en het liberalisme moet zich daar telkens opnieuw toe verhouden. Daarmee vergroot Shklar de taakopvatting van liberale politiek. Daar waar de machtsverhoudingen in de samenleving te scheef gaan lopen en de ongelijkheden te groot worden moet de politiek ingrijpen. Dat geldt niet alleen de staat, maar ook sociale en economische ongelijkheden die de samenleving verdelen. Shklar laat zich in haar werk meermaals kritisch uit over de machtspositie van grote bedrijven en \u2018corporate business\u2019.<br><br>In \u00e9\u00e9n van haar teksten benadrukt ze zelfs expliciet dat haar liberalisme \u201calle bronnen van vermijdbare vrees wil inperken\u201d. Ze vervolgt: \u201cDit liberalisme hoopt een samenleving op te bouwen waarin iedereen zijn leven kan leiden zonder angst voor intimidatie door publieke of private actoren. Als gevolg ondersteunt het liberalisme van de angst daarom de beperking van alle vormen van sociale ongelijkheid. Zonder ook maar te streven naar een toestand van volledige gelijkheid, probeert het die ongelijkheid te beteugelen die de macht van effectieve bedreiging in de handen van enkelen leggen. Elke machtsconcentratie in de maatschappij die de mensen angst aanjaagt hun baan, gezondheid of opleiding te verliezen moet worden afgewezen.\u201d Klinkt dat als een verkiezingsprogramma van GroenLinks of niet?<br><br>Een liberale overheid kan veel doen om angst en leed te voorkomen, maar daar zitten natuurlijk grenzen aan: een volledige regulatie van ons fysiek en psychisch welbevinden is een totalitaire nachtmerrie. Maar dat betekent voor Shklar niet dat we op onze lauweren kunnen rusten wanneer we wat sociale voorzieningen en een goed gereguleerde rechtstaat hebben. Nieuwe vormen van leed en machtsmisbruik zullen de kop op steken. Als daar onrecht in het spel is zal de overheid er alles aan moeten doen om dat recht te zetten.<br>Zoals Anne net heeft uitgelegd is er niet alleen sprake van onrecht wanneer de wet actief wordt overtreden, maar kan er ook sprake zijn van onrecht wanneer we het passief laten gebeuren. En dat is voor Shklar net zo erg. Deze vorm van passief onrecht is vaak onzichtbaar: we missen de toeters en bellen die afgaan wanneer de wet wordt overtreden. Daarom moeten we volgens Shklar altijd eerst luisteren naar het slachtoffer: het zou zomaar kunnen dat we nog de woorden moeten vinden om het onrecht als onrecht te zien, en de ervaring en interpretatie van het slachtoffer moet daarvoor leidend zijn. Shklars liberalisme van de angst toont zich hier als een liberalisme dat er niet is voor de winnaars, maar voor de losers, de kwetsbaren, de gemarginaliseerden. Het is een liberalisme van \u2018permanente minderheden\u2019, zoals ze het zelf noemde.<br><br>Het fenomeen van passief onrecht maakt dit liberalisme opnieuw ontzettend veeleisend. Naast dat passief onrecht vaak onzichtbaar is, voelen we ons er ook niet verantwoordelijk voor: we zijn er immers niet de directe oorzaak van. Maar dat maakt het onrecht niet minder onrechtvaardig. Het enige criterium om te beoordelen of er sprake is van onrecht is voor Shklar de vraag of we het lijden hadden kunnen verminderen of voorkomen \u2013 ongeacht de oorzaak. Dit vereist een enorme waakzaamheid van zowel de overheid als de burgers. En in het bijzonder hebben de publieke instanties hier een zwaarwegende verantwoordelijkheid: het is hun primaire taak om uitvoering te geven aan de rechtstaat, om voortdurend op de uitkijk staan voor mogelijk onrecht. Als ze dat vervolgens negeren of ervoor wegkijken is dat voor Shklar echt een heel ernstig vergrijp. Ze vergelijkt het met de willekeur van een tiran.<br><br>Maar ook de individuele burger van een liberale samenleving heeft een grote verantwoordelijkheid. Want we neigen allemaal voortdurend passief onrechtvaardig te zijn. Dat begint al wanneer we in de supermarkt nalaten de caissi\u00e8re te vertellen dat ze teveel wisselgeld teruggeeft; wanneer we nalaten de politie te bellen als we huiselijk geweld bij de buren vermoeden; of wanneer we nalaten grensoverschrijdend gedrag op de werkvloer te melden. Ook hier, in de \u2018democratie van het alledaagse leven\u2019 zoals Shklar dat meermaals noemt, moeten we het lef hebben om op te staan tegen onrecht en tegemoet te komen aan de verplichtingen richting onze medemensen. Onrecht en ondeugd gaan hier uiteindelijk hand in hand.<br><br>Shklar laat volgens mij zien dat het liberalisme alles behalve gemakzuchtig en zelfgenoegzaam hoeft te zijn. Haar liberalisme laat zich leiden door een sterk ethisch bewustzijn met een grote aandacht voor ongelijke machtsverhoudingen en kwetsbare groepen. Daar kunnen hedendaagse liberalen nog veel van leren.<br><br><em>Dit is de geschreven versie van de lezing die Martijn Visser gaf bij Felix en Sofie op dinsdag 21 maart 2023. <br><\/em>\u00a0<br>\u00a0<br><br>\t<\/p>\t  <\/div>\n\t<\/div>\n  <\/div>\n\n\n<div\n  id=\"\"\n  class=\"wrapper  wrapper__spacing-bottom-large--30 wrapper__spacing-bottom-desktop--20 wrapper__spacing-bottom-mobile--10  wrapper__gutter--none\"\n  >\n  \t<div class=\"wrapper__container wrapper__container-width-large--default\">\n\t  <div class=\"wrapper__inner wrapper__width-large--14 wrapper__width-desktop--24 wrapper__width-mobile--24 wrapper__offset-large--6 wrapper__offset-desktop--2 wrapper__offset-mobile--0\">\n\t\t<section class=\"block-related-post-metadata js-block-related-post-metadata\">\n\t<div class=\"block-related-post-metadata__content-wrapper\">\n\t\t<div class=\"block-related-post-metadata__persons\">\n\t\t\t\t\t<\/div>\n\t\t<div class=\"block-related-post-metadata__meta\">\n\t\t\t<div class=\"block-related-post-metadata__date\">\n\t\t\t\t28.04.2023<div class=\"post-share js-post-share rs_skip_always\">\n\t<button class=\"post-share__share-button js-post-share-share-button\">\n\t\tShare\t\t<svg xmlns='http:\/\/www.w3.org\/2000\/svg' width='100px' height='100px' viewBox='0 0 24 24' fill='none'><path d='m8.684 10.658 6.629-3.314m.003 9.314-6.622-3.311M21 6a3 3 0 1 1-6 0 3 3 0 0 1 6 0ZM9 12a3 3 0 1 1-6 0 3 3 0 0 1 6 0Zm12 6a3 3 0 1 1-6 0 3 3 0 0 1 6 0Z' stroke='currentColor' stroke-width='1.5' fill='none'\/><\/svg>\t<\/button>\n\t<dialog class=\"post-share__dialog js-post-share-dialog\" aria-hidden=\"true\">\n\t\t<div class=\"post-share__dialog-header\">\n\t\t\tShare this post\t\t\t<button class=\"post-share__dialog-close js-post-share-dialog-close\">\n\t\t\t\t<svg xmlns='http:\/\/www.w3.org\/2000\/svg' width='150' height='150' viewBox='0 0 150 150' fill='none'><path d='M44.103 105.897 75 75m30.898-30.898L75 75m0 0L44.103 44.102M75 75l30.898 30.897' stroke='currentColor' stroke-width='5' fill='none'\/><\/svg>\t\t\t<\/button>\n\t\t<\/div>\n\t\t<div class=\"post-share__dialog-socials\">\n\t\t\t\t\t\t\t\t\t\t\t<a class=\"post-share__dialog-item js-post-share-dialog-item\" href=\"#\" target=\"_blank\" data-copy=&quot;true&quot;>\n\t\t\t\t\tKopier link<svg xmlns='http:\/\/www.w3.org\/2000\/svg' width='150' height='150' viewBox='0 0 150 150' fill='none'><path d='M67.468 108.679c-8.533-.512-14.164-3.583-17.407-9.983-3.242-6.314-2.815-12.713 1.195-18.6 1.706-2.56 3.584-5.035 5.46-7.594 1.537-2.048 3.584-2.475 5.462-1.195 2.047 1.45 2.389 3.498.938 5.632-1.706 2.474-3.584 4.948-5.29 7.423-3.242 4.778-2.304 11.092 2.133 14.334 4.864 3.584 11.092 2.731 14.761-1.962 1.963-2.475 3.754-5.12 5.632-7.68 1.194-1.535 2.645-2.218 4.607-1.28 1.792.854 2.645 2.39 2.304 4.267 0 .17 0 .427-.17.597-3.67 5.12-6.4 11.178-12.544 13.993-2.56 1.195-5.46 1.707-6.996 2.219l-.085-.171Z' fill='currentColor'\/><path d='M86.921 44.6c6.144.257 11.605 3.328 14.932 9.728 3.328 6.399 2.816 12.798-1.109 18.856-1.621 2.56-3.498 4.95-5.29 7.424-1.707 2.303-3.754 2.815-5.717 1.45-2.048-1.45-2.304-3.669-.597-6.058 1.621-2.304 3.328-4.608 4.949-6.911 3.498-4.95 2.56-11.348-2.133-14.761-4.779-3.499-11.178-2.475-14.847 2.56-1.792 2.388-3.498 4.863-5.205 7.252-1.62 2.218-3.583 2.56-5.546 1.11-1.877-1.366-2.218-3.414-.768-5.462 2.048-2.986 4.01-5.972 6.314-8.703 3.67-4.351 8.448-6.399 15.103-6.399l-.086-.085Z' fill='currentColor'\/><path d='M71.478 88.457c-3.498-.341-5.46-3.413-3.754-6.143 3.327-5.29 6.825-10.495 10.324-15.7 1.45-2.133 3.413-2.389 5.46-1.109 1.878 1.28 2.219 3.413.854 5.546-3.328 5.034-6.57 9.983-9.983 14.932-.683 1.024-1.963 1.621-2.901 2.389v.085Z' fill='currentColor'\/><\/svg>\t\t\t\t<\/a>\n\t\t\t\t\t\t\t\t\t\t\t<a class=\"post-share__dialog-item js-post-share-dialog-item\" href=\"mailto:?to=%20&amp;body=https%3A%2F%2Fd66.nl%2Fvanmierlostichting%2Fnieuws%2Fjudith-shklar-en-het-liberalisme-lezing-felix-en-sofie-21-maart-2023-door-martijn-visser\" target=\"_blank\" >\n\t\t\t\t\tMail<svg xmlns='http:\/\/www.w3.org\/2000\/svg' width='40' height='40' viewBox='0 0 40 40' fill='none'><path d='M24.107 15.865a1 1 0 0 1 1.266 1.265l-1.686 5.052a1 1 0 0 1-1.654.392l-3.37-3.37a1.001 1.001 0 0 1 .392-1.654l5.052-1.685Z' fill='currentColor'\/><path d='m21.763 19.475-5.657 5.657' stroke='currentColor' stroke-width='2' stroke-linecap='round' fill='none'\/><\/svg>\t\t\t\t<\/a>\n\t\t\t\t\t\t\t\t\t\t\t<a class=\"post-share__dialog-item js-post-share-dialog-item\" href=\"https:\/\/www.linkedin.com\/sharing\/share-offsite\/?url=https%3A%2F%2Fd66.nl%2Fvanmierlostichting%2Fnieuws%2Fjudith-shklar-en-het-liberalisme-lezing-felix-en-sofie-21-maart-2023-door-martijn-visser\" target=\"_blank\" >\n\t\t\t\t\tLinkedIn<svg xmlns='http:\/\/www.w3.org\/2000\/svg' width='40' height='40' viewBox='0 0 40 40' fill='none'><path d='M24.107 15.865a1 1 0 0 1 1.266 1.265l-1.686 5.052a1 1 0 0 1-1.654.392l-3.37-3.37a1.001 1.001 0 0 1 .392-1.654l5.052-1.685Z' fill='currentColor'\/><path d='m21.763 19.475-5.657 5.657' stroke='currentColor' stroke-width='2' stroke-linecap='round' fill='none'\/><\/svg>\t\t\t\t<\/a>\n\t\t\t\t\t\t\t\t\t\t\t<a class=\"post-share__dialog-item js-post-share-dialog-item\" href=\"https:\/\/www.facebook.com\/sharer\/sharer.php?u=https%3A%2F%2Fd66.nl%2Fvanmierlostichting%2Fnieuws%2Fjudith-shklar-en-het-liberalisme-lezing-felix-en-sofie-21-maart-2023-door-martijn-visser\" target=\"_blank\" >\n\t\t\t\t\tFacebook<svg xmlns='http:\/\/www.w3.org\/2000\/svg' width='40' height='40' viewBox='0 0 40 40' fill='none'><path d='M24.107 15.865a1 1 0 0 1 1.266 1.265l-1.686 5.052a1 1 0 0 1-1.654.392l-3.37-3.37a1.001 1.001 0 0 1 .392-1.654l5.052-1.685Z' fill='currentColor'\/><path d='m21.763 19.475-5.657 5.657' stroke='currentColor' stroke-width='2' stroke-linecap='round' fill='none'\/><\/svg>\t\t\t\t<\/a>\n\t\t\t\t\t\t\t\t\t\t\t<a class=\"post-share__dialog-item js-post-share-dialog-item\" href=\"whatsapp:\/\/send?text=https%3A%2F%2Fd66.nl%2Fvanmierlostichting%2Fnieuws%2Fjudith-shklar-en-het-liberalisme-lezing-felix-en-sofie-21-maart-2023-door-martijn-visser\" target=\"_blank\" >\n\t\t\t\t\tWhatsApp<svg xmlns='http:\/\/www.w3.org\/2000\/svg' width='40' height='40' viewBox='0 0 40 40' fill='none'><path d='M24.107 15.865a1 1 0 0 1 1.266 1.265l-1.686 5.052a1 1 0 0 1-1.654.392l-3.37-3.37a1.001 1.001 0 0 1 .392-1.654l5.052-1.685Z' fill='currentColor'\/><path d='m21.763 19.475-5.657 5.657' stroke='currentColor' stroke-width='2' stroke-linecap='round' fill='none'\/><\/svg>\t\t\t\t<\/a>\n\t\t\t\t\t\t\t\t\t\t\t<a class=\"post-share__dialog-item js-post-share-dialog-item\" href=\"https:\/\/x.com\/intent\/post?url=https%3A%2F%2Fd66.nl%2Fvanmierlostichting%2Fnieuws%2Fjudith-shklar-en-het-liberalisme-lezing-felix-en-sofie-21-maart-2023-door-martijn-visser\" target=\"_blank\" >\n\t\t\t\t\tTwitter (X)<svg xmlns='http:\/\/www.w3.org\/2000\/svg' width='40' height='40' viewBox='0 0 40 40' fill='none'><path d='M24.107 15.865a1 1 0 0 1 1.266 1.265l-1.686 5.052a1 1 0 0 1-1.654.392l-3.37-3.37a1.001 1.001 0 0 1 .392-1.654l5.052-1.685Z' fill='currentColor'\/><path d='m21.763 19.475-5.657 5.657' stroke='currentColor' stroke-width='2' stroke-linecap='round' fill='none'\/><\/svg>\t\t\t\t<\/a>\n\t\t\t\t\t<\/div>\n\t<\/dialog>\n<\/div>\t\t\t<\/div>\n\t\t\t<div class=\"block-related-post-metadata__categories\">\n\t\t\t\t<div class=\"category-link__wrapper\">\n\t\t\t<div class=\"category-link__item\">\n\t\t\t<a href=\"https:\/\/d66.nl\/vanmierlostichting\/category\/van-mierlo-stichting-nieuws\/\">\n\t\t\t\tVan Mierlo Stichting nieuws\t\t\t<\/a>\n\t\t<\/div>\n\t\t<\/div>\t\t\t<\/div>\n\t\t<\/div>\n\t<\/div>\n<\/section>\n\t  <\/div>\n\t<\/div>\n  <\/div>\n\n\n<div\n  id=\"\"\n  class=\"wrapper  wrapper__spacing-bottom-large--50 wrapper__spacing-bottom-desktop--70 wrapper__spacing-bottom-mobile--50  wrapper__gutter--none\"\n  >\n  \t<div class=\"wrapper__container wrapper__container-width-large--default\">\n\t  <div class=\"wrapper__inner wrapper__width-large--18 wrapper__width-desktop--22 wrapper__width-mobile--24 wrapper__offset-large--6 wrapper__offset-desktop--2 wrapper__offset-mobile--0\">\n\t\t<section class=\"block-post-content\">\n\t<div class=\"block-post-content__title\">\n\t\t<h3 class=\"heading  heading__color--black heading__size--medium heading__font--sans heading__weight--bold  block-post-content__heading\" id=\"nav-222\" data-nav-heading-mobile=\"\">\n\t<\/h3>\t<\/div>\n\t<div class=\"block-post-content__content\">\n\t\t\n<div\n  id=\"\"\n  class=\"wrapper  wrapper__spacing-bottom-large--30 wrapper__spacing-bottom-desktop--20  wrapper__gutter--none\"\n  >\n  \t<div class=\"wrapper__container wrapper__container-width-large--default\">\n\t  <div class=\"wrapper__inner wrapper__width-large--24 wrapper__width-mobile--24\">\n\t\t<p\n\t\tclass=\"paragraph paragraph__align--left paragraph__color--black paragraph__size--default   block-paragraph__paragraph\"\n\t\t\t>\n\t\t\t<\/p>\t  <\/div>\n\t<\/div>\n  <\/div>\n\n\t<\/div>\n\n\t<div class=\"block-post-content__sidebar\">\n\t\t\n\t\t\n\t\t\t<\/div>\n<\/section>\n\t  <\/div>\n\t<\/div>\n  <\/div>\n\n\n<div\n  id=\"\"\n  class=\"wrapper  wrapper__spacing-bottom-large--50 wrapper__spacing-bottom-desktop--70 wrapper__spacing-bottom-mobile--50  wrapper__gutter--none\"\n  >\n  \t<div class=\"wrapper__container wrapper__container-width-large--default\">\n\t  <div class=\"wrapper__inner wrapper__width-large--18 wrapper__width-desktop--22 wrapper__width-mobile--24 wrapper__offset-large--6 wrapper__offset-desktop--2 wrapper__offset-mobile--0\">\n\t\t<section class=\"block-post-content\">\n\t<div class=\"block-post-content__title\">\n\t\t<h3 class=\"heading  heading__color--black heading__size--medium heading__font--sans heading__weight--bold  block-post-content__heading\" id=\"nav-4824\" data-nav-heading-mobile=\"\">\n\t<\/h3>\t<\/div>\n\t<div class=\"block-post-content__content\">\n\t\t\n<div\n  id=\"\"\n  class=\"wrapper  wrapper__spacing-bottom-large--30 wrapper__spacing-bottom-desktop--20  wrapper__gutter--none\"\n  >\n  \t<div class=\"wrapper__container wrapper__container-width-large--default\">\n\t  <div class=\"wrapper__inner wrapper__width-large--24 wrapper__width-mobile--24\">\n\t\t<p\n\t\tclass=\"paragraph paragraph__align--left paragraph__color--black paragraph__size--default   block-paragraph__paragraph\"\n\t\t\t>\n\t\t\t<\/p>\t  <\/div>\n\t<\/div>\n  <\/div>\n\n\t<\/div>\n\n\t<div class=\"block-post-content__sidebar\">\n\t\t\n\t\t\n\t\t\t<\/div>\n<\/section>\n\t  <\/div>\n\t<\/div>\n  <\/div>\n\n\n<div\n  id=\"\"\n  class=\"wrapper  wrapper__spacing-bottom-large--50 wrapper__spacing-bottom-desktop--70 wrapper__spacing-bottom-mobile--50  wrapper__gutter--none\"\n  >\n  \t<div class=\"wrapper__container wrapper__container-width-large--default\">\n\t  <div class=\"wrapper__inner wrapper__width-large--18 wrapper__width-desktop--22 wrapper__width-mobile--24 wrapper__offset-large--6 wrapper__offset-desktop--2 wrapper__offset-mobile--0\">\n\t\t<section class=\"block-post-content\">\n\t<div class=\"block-post-content__title\">\n\t\t<h3 class=\"heading  heading__color--black heading__size--medium heading__font--sans heading__weight--bold  block-post-content__heading\" id=\"nav-9889\" data-nav-heading-mobile=\"\">\n\t<\/h3>\t<\/div>\n\t<div class=\"block-post-content__content\">\n\t\t\n<div\n  id=\"\"\n  class=\"wrapper  wrapper__spacing-bottom-large--30 wrapper__spacing-bottom-desktop--20  wrapper__gutter--none\"\n  >\n  \t<div class=\"wrapper__container wrapper__container-width-large--default\">\n\t  <div class=\"wrapper__inner wrapper__width-large--24 wrapper__width-mobile--24\">\n\t\t<p\n\t\tclass=\"paragraph paragraph__align--left paragraph__color--black paragraph__size--default   block-paragraph__paragraph\"\n\t\t\t>\n\t\t\t<\/p>\t  <\/div>\n\t<\/div>\n  <\/div>\n\n\n<div\n  id=\"\"\n  class=\"wrapper  wrapper__spacing-bottom-large--20  wrapper__gutter--none\"\n  >\n  \t<div class=\"wrapper__container wrapper__container-width-large--default\">\n\t  <div class=\"wrapper__inner wrapper__width-large--24 wrapper__width-mobile--24\">\n\t\t\t<div class=\"block-lists  block-lists__color--black\">\n\t\t<p class=\"paragraph  paragraph__color--black paragraph__size--default\">\n\t\t\t<\/p><ul class=\"block-lists lists__lists lists__weight--medium lists__color--black lists__type--default\">\n\t<\/ul>\t<\/div>\n\t\t  <\/div>\n\t<\/div>\n  <\/div>\n\n\t<\/div>\n\n\t<div class=\"block-post-content__sidebar\">\n\t\t\n\t\t\n\t\t\t<\/div>\n<\/section>\n\t  <\/div>\n\t<\/div>\n  <\/div>\n","protected":false},"excerpt":{"rendered":"","protected":false},"author":1213,"featured_media":25261,"comment_status":"open","ping_status":"open","sticky":false,"template":"","format":"standard","meta":{"_acf_changed":false,"footnotes":""},"categories":[129],"labels":[],"search-tags":[],"class_list":["post-30653","post","type-post","status-publish","format-standard","has-post-thumbnail","hentry","category-van-mierlo-stichting-nieuws"],"acf":[],"yoast_head":"<!-- This site is optimized with the Yoast SEO plugin v27.3 - https:\/\/yoast.com\/product\/yoast-seo-wordpress\/ -->\n<title>Mr. Hans van Mierlo stichting &#8211; Judith Shklar en het Liberalisme - Lezing Felix en Sofie - 21 maart 2023 door Martijn Visser<\/title>\n<meta name=\"robots\" content=\"index, follow, max-snippet:-1, max-image-preview:large, max-video-preview:-1\" \/>\n<link rel=\"canonical\" href=\"https:\/\/d66.nl\/vanmierlostichting\/nieuws\/judith-shklar-en-het-liberalisme-lezing-felix-en-sofie-21-maart-2023-door-martijn-visser\" \/>\n<meta property=\"og:locale\" content=\"nl_NL\" \/>\n<meta property=\"og:type\" content=\"article\" \/>\n<meta property=\"og:title\" content=\"Mr. Hans van Mierlo stichting &#8211; Judith Shklar en het Liberalisme - Lezing Felix en Sofie - 21 maart 2023 door Martijn Visser\" \/>\n<meta property=\"og:url\" content=\"https:\/\/d66.nl\/vanmierlostichting\/nieuws\/judith-shklar-en-het-liberalisme-lezing-felix-en-sofie-21-maart-2023-door-martijn-visser\/\" \/>\n<meta property=\"og:site_name\" content=\"Mr. Hans van Mierlo stichting\" \/>\n<meta property=\"article:publisher\" content=\"https:\/\/www.facebook.com\/vanmierlostichting\/\" \/>\n<meta property=\"article:published_time\" content=\"2023-04-28T12:18:35+00:00\" \/>\n<meta property=\"article:modified_time\" content=\"2023-04-28T12:33:52+00:00\" \/>\n<meta property=\"og:image\" content=\"https:\/\/d66.nl\/vanmierlostichting\/wp-content\/uploads\/sites\/4\/2022\/10\/Schermafbeelding-2022-10-13-om-11.07.18.png\" \/>\n\t<meta property=\"og:image:width\" content=\"948\" \/>\n\t<meta property=\"og:image:height\" content=\"934\" \/>\n\t<meta property=\"og:image:type\" content=\"image\/png\" \/>\n<meta name=\"author\" content=\"mascha-teirlinck\" \/>\n<meta name=\"twitter:card\" content=\"summary_large_image\" \/>\n<meta name=\"twitter:creator\" content=\"@vmstichting\" \/>\n<meta name=\"twitter:site\" content=\"@vmstichting\" \/>\n<meta name=\"twitter:label1\" content=\"Geschreven door\" \/>\n\t<meta name=\"twitter:data1\" content=\"mascha-teirlinck\" \/>\n<script type=\"application\/ld+json\" class=\"yoast-schema-graph\">{\"@context\":\"https:\\\/\\\/schema.org\",\"@graph\":[{\"@type\":\"Article\",\"@id\":\"https:\\\/\\\/d66.nl\\\/vanmierlostichting\\\/nieuws\\\/judith-shklar-en-het-liberalisme-lezing-felix-en-sofie-21-maart-2023-door-martijn-visser\\\/#article\",\"isPartOf\":{\"@id\":\"https:\\\/\\\/d66.nl\\\/vanmierlostichting\\\/nieuws\\\/judith-shklar-en-het-liberalisme-lezing-felix-en-sofie-21-maart-2023-door-martijn-visser\\\/\"},\"author\":{\"name\":\"mascha-teirlinck\",\"@id\":\"https:\\\/\\\/d66.nl\\\/vanmierlostichting\\\/#\\\/schema\\\/person\\\/b9b039a5c485b3023f3d73254f67595b\"},\"headline\":\"Judith Shklar en het Liberalisme &#8211; Lezing Felix en Sofie &#8211; 21 maart 2023 door Martijn Visser\",\"datePublished\":\"2023-04-28T12:18:35+00:00\",\"dateModified\":\"2023-04-28T12:33:52+00:00\",\"mainEntityOfPage\":{\"@id\":\"https:\\\/\\\/d66.nl\\\/vanmierlostichting\\\/nieuws\\\/judith-shklar-en-het-liberalisme-lezing-felix-en-sofie-21-maart-2023-door-martijn-visser\\\/\"},\"wordCount\":15,\"commentCount\":0,\"publisher\":{\"@id\":\"https:\\\/\\\/d66.nl\\\/vanmierlostichting\\\/#organization\"},\"image\":{\"@id\":\"https:\\\/\\\/d66.nl\\\/vanmierlostichting\\\/nieuws\\\/judith-shklar-en-het-liberalisme-lezing-felix-en-sofie-21-maart-2023-door-martijn-visser\\\/#primaryimage\"},\"thumbnailUrl\":\"https:\\\/\\\/d66.nl\\\/vanmierlostichting\\\/wp-content\\\/uploads\\\/sites\\\/4\\\/2022\\\/10\\\/Schermafbeelding-2022-10-13-om-11.07.18.png\",\"articleSection\":[\"Van Mierlo Stichting nieuws\"],\"inLanguage\":\"nl-NL\",\"potentialAction\":[{\"@type\":\"CommentAction\",\"name\":\"Comment\",\"target\":[\"https:\\\/\\\/d66.nl\\\/vanmierlostichting\\\/nieuws\\\/judith-shklar-en-het-liberalisme-lezing-felix-en-sofie-21-maart-2023-door-martijn-visser\\\/#respond\"]}]},{\"@type\":\"WebPage\",\"@id\":\"https:\\\/\\\/d66.nl\\\/vanmierlostichting\\\/nieuws\\\/judith-shklar-en-het-liberalisme-lezing-felix-en-sofie-21-maart-2023-door-martijn-visser\\\/\",\"url\":\"https:\\\/\\\/d66.nl\\\/vanmierlostichting\\\/nieuws\\\/judith-shklar-en-het-liberalisme-lezing-felix-en-sofie-21-maart-2023-door-martijn-visser\\\/\",\"name\":\"Mr. Hans van Mierlo stichting &#8211; Judith Shklar en het Liberalisme - Lezing Felix en Sofie - 21 maart 2023 door Martijn Visser\",\"isPartOf\":{\"@id\":\"https:\\\/\\\/d66.nl\\\/vanmierlostichting\\\/#website\"},\"primaryImageOfPage\":{\"@id\":\"https:\\\/\\\/d66.nl\\\/vanmierlostichting\\\/nieuws\\\/judith-shklar-en-het-liberalisme-lezing-felix-en-sofie-21-maart-2023-door-martijn-visser\\\/#primaryimage\"},\"image\":{\"@id\":\"https:\\\/\\\/d66.nl\\\/vanmierlostichting\\\/nieuws\\\/judith-shklar-en-het-liberalisme-lezing-felix-en-sofie-21-maart-2023-door-martijn-visser\\\/#primaryimage\"},\"thumbnailUrl\":\"https:\\\/\\\/d66.nl\\\/vanmierlostichting\\\/wp-content\\\/uploads\\\/sites\\\/4\\\/2022\\\/10\\\/Schermafbeelding-2022-10-13-om-11.07.18.png\",\"datePublished\":\"2023-04-28T12:18:35+00:00\",\"dateModified\":\"2023-04-28T12:33:52+00:00\",\"breadcrumb\":{\"@id\":\"https:\\\/\\\/d66.nl\\\/vanmierlostichting\\\/nieuws\\\/judith-shklar-en-het-liberalisme-lezing-felix-en-sofie-21-maart-2023-door-martijn-visser\\\/#breadcrumb\"},\"inLanguage\":\"nl-NL\",\"potentialAction\":[{\"@type\":\"ReadAction\",\"target\":[\"https:\\\/\\\/d66.nl\\\/vanmierlostichting\\\/nieuws\\\/judith-shklar-en-het-liberalisme-lezing-felix-en-sofie-21-maart-2023-door-martijn-visser\\\/\"]}]},{\"@type\":\"ImageObject\",\"inLanguage\":\"nl-NL\",\"@id\":\"https:\\\/\\\/d66.nl\\\/vanmierlostichting\\\/nieuws\\\/judith-shklar-en-het-liberalisme-lezing-felix-en-sofie-21-maart-2023-door-martijn-visser\\\/#primaryimage\",\"url\":\"https:\\\/\\\/d66.nl\\\/vanmierlostichting\\\/wp-content\\\/uploads\\\/sites\\\/4\\\/2022\\\/10\\\/Schermafbeelding-2022-10-13-om-11.07.18.png\",\"contentUrl\":\"https:\\\/\\\/d66.nl\\\/vanmierlostichting\\\/wp-content\\\/uploads\\\/sites\\\/4\\\/2022\\\/10\\\/Schermafbeelding-2022-10-13-om-11.07.18.png\",\"width\":948,\"height\":934},{\"@type\":\"BreadcrumbList\",\"@id\":\"https:\\\/\\\/d66.nl\\\/vanmierlostichting\\\/nieuws\\\/judith-shklar-en-het-liberalisme-lezing-felix-en-sofie-21-maart-2023-door-martijn-visser\\\/#breadcrumb\",\"itemListElement\":[{\"@type\":\"ListItem\",\"position\":1,\"name\":\"Home\",\"item\":\"https:\\\/\\\/d66.nl\\\/vanmierlostichting\\\/\"},{\"@type\":\"ListItem\",\"position\":2,\"name\":\"Nieuwspagina\",\"item\":\"https:\\\/\\\/d66.nl\\\/vanmierlostichting\\\/nieuws\\\/\"},{\"@type\":\"ListItem\",\"position\":3,\"name\":\"Judith Shklar en het Liberalisme &#8211; Lezing Felix en Sofie &#8211; 21 maart 2023 door Martijn Visser\"}]},{\"@type\":\"WebSite\",\"@id\":\"https:\\\/\\\/d66.nl\\\/vanmierlostichting\\\/#website\",\"url\":\"https:\\\/\\\/d66.nl\\\/vanmierlostichting\\\/\",\"name\":\"Mr. Hans van Mierlo stichting\",\"description\":\"Just another WordPress site\",\"publisher\":{\"@id\":\"https:\\\/\\\/d66.nl\\\/vanmierlostichting\\\/#organization\"},\"potentialAction\":[{\"@type\":\"SearchAction\",\"target\":{\"@type\":\"EntryPoint\",\"urlTemplate\":\"https:\\\/\\\/d66.nl\\\/vanmierlostichting\\\/?s={search_term_string}\"},\"query-input\":{\"@type\":\"PropertyValueSpecification\",\"valueRequired\":true,\"valueName\":\"search_term_string\"}}],\"inLanguage\":\"nl-NL\"},{\"@type\":\"Organization\",\"@id\":\"https:\\\/\\\/d66.nl\\\/vanmierlostichting\\\/#organization\",\"name\":\"Mr. Hans van Mierlo Stichting\",\"url\":\"https:\\\/\\\/d66.nl\\\/vanmierlostichting\\\/\",\"logo\":{\"@type\":\"ImageObject\",\"inLanguage\":\"nl-NL\",\"@id\":\"https:\\\/\\\/d66.nl\\\/vanmierlostichting\\\/#\\\/schema\\\/logo\\\/image\\\/\",\"url\":\"https:\\\/\\\/d66.nl\\\/vanmierlostichting\\\/wp-content\\\/uploads\\\/sites\\\/4\\\/2021\\\/05\\\/Mr-Hans-van-Mierlo-stichting-logo.png\",\"contentUrl\":\"https:\\\/\\\/d66.nl\\\/vanmierlostichting\\\/wp-content\\\/uploads\\\/sites\\\/4\\\/2021\\\/05\\\/Mr-Hans-van-Mierlo-stichting-logo.png\",\"width\":1920,\"height\":1080,\"caption\":\"Mr. Hans van Mierlo Stichting\"},\"image\":{\"@id\":\"https:\\\/\\\/d66.nl\\\/vanmierlostichting\\\/#\\\/schema\\\/logo\\\/image\\\/\"},\"sameAs\":[\"https:\\\/\\\/www.facebook.com\\\/vanmierlostichting\\\/\",\"https:\\\/\\\/x.com\\\/vmstichting\",\"https:\\\/\\\/www.instagram.com\\\/mr.hansvanmierlostichting\\\/\"]},{\"@type\":\"Person\",\"@id\":\"https:\\\/\\\/d66.nl\\\/vanmierlostichting\\\/#\\\/schema\\\/person\\\/b9b039a5c485b3023f3d73254f67595b\",\"name\":\"mascha-teirlinck\",\"image\":{\"@type\":\"ImageObject\",\"inLanguage\":\"nl-NL\",\"@id\":\"https:\\\/\\\/secure.gravatar.com\\\/avatar\\\/7ee825d9611b12088912460673a14a9525474ac0da007dbbf8013017cca4fc96?s=96&d=mm&r=g\",\"url\":\"https:\\\/\\\/secure.gravatar.com\\\/avatar\\\/7ee825d9611b12088912460673a14a9525474ac0da007dbbf8013017cca4fc96?s=96&d=mm&r=g\",\"contentUrl\":\"https:\\\/\\\/secure.gravatar.com\\\/avatar\\\/7ee825d9611b12088912460673a14a9525474ac0da007dbbf8013017cca4fc96?s=96&d=mm&r=g\",\"caption\":\"mascha-teirlinck\"}}]}<\/script>\n<!-- \/ Yoast SEO plugin. -->","yoast_head_json":{"title":"Mr. Hans van Mierlo stichting &#8211; Judith Shklar en het Liberalisme - Lezing Felix en Sofie - 21 maart 2023 door Martijn Visser","robots":{"index":"index","follow":"follow","max-snippet":"max-snippet:-1","max-image-preview":"max-image-preview:large","max-video-preview":"max-video-preview:-1"},"canonical":"https:\/\/d66.nl\/vanmierlostichting\/nieuws\/judith-shklar-en-het-liberalisme-lezing-felix-en-sofie-21-maart-2023-door-martijn-visser","og_locale":"nl_NL","og_type":"article","og_title":"Mr. Hans van Mierlo stichting &#8211; Judith Shklar en het Liberalisme - Lezing Felix en Sofie - 21 maart 2023 door Martijn Visser","og_url":"https:\/\/d66.nl\/vanmierlostichting\/nieuws\/judith-shklar-en-het-liberalisme-lezing-felix-en-sofie-21-maart-2023-door-martijn-visser\/","og_site_name":"Mr. Hans van Mierlo stichting","article_publisher":"https:\/\/www.facebook.com\/vanmierlostichting\/","article_published_time":"2023-04-28T12:18:35+00:00","article_modified_time":"2023-04-28T12:33:52+00:00","og_image":[{"width":948,"height":934,"url":"https:\/\/d66.nl\/vanmierlostichting\/wp-content\/uploads\/sites\/4\/2022\/10\/Schermafbeelding-2022-10-13-om-11.07.18.png","type":"image\/png"}],"author":"mascha-teirlinck","twitter_card":"summary_large_image","twitter_creator":"@vmstichting","twitter_site":"@vmstichting","twitter_misc":{"Geschreven door":"mascha-teirlinck"},"schema":{"@context":"https:\/\/schema.org","@graph":[{"@type":"Article","@id":"https:\/\/d66.nl\/vanmierlostichting\/nieuws\/judith-shklar-en-het-liberalisme-lezing-felix-en-sofie-21-maart-2023-door-martijn-visser\/#article","isPartOf":{"@id":"https:\/\/d66.nl\/vanmierlostichting\/nieuws\/judith-shklar-en-het-liberalisme-lezing-felix-en-sofie-21-maart-2023-door-martijn-visser\/"},"author":{"name":"mascha-teirlinck","@id":"https:\/\/d66.nl\/vanmierlostichting\/#\/schema\/person\/b9b039a5c485b3023f3d73254f67595b"},"headline":"Judith Shklar en het Liberalisme &#8211; Lezing Felix en Sofie &#8211; 21 maart 2023 door Martijn Visser","datePublished":"2023-04-28T12:18:35+00:00","dateModified":"2023-04-28T12:33:52+00:00","mainEntityOfPage":{"@id":"https:\/\/d66.nl\/vanmierlostichting\/nieuws\/judith-shklar-en-het-liberalisme-lezing-felix-en-sofie-21-maart-2023-door-martijn-visser\/"},"wordCount":15,"commentCount":0,"publisher":{"@id":"https:\/\/d66.nl\/vanmierlostichting\/#organization"},"image":{"@id":"https:\/\/d66.nl\/vanmierlostichting\/nieuws\/judith-shklar-en-het-liberalisme-lezing-felix-en-sofie-21-maart-2023-door-martijn-visser\/#primaryimage"},"thumbnailUrl":"https:\/\/d66.nl\/vanmierlostichting\/wp-content\/uploads\/sites\/4\/2022\/10\/Schermafbeelding-2022-10-13-om-11.07.18.png","articleSection":["Van Mierlo Stichting nieuws"],"inLanguage":"nl-NL","potentialAction":[{"@type":"CommentAction","name":"Comment","target":["https:\/\/d66.nl\/vanmierlostichting\/nieuws\/judith-shklar-en-het-liberalisme-lezing-felix-en-sofie-21-maart-2023-door-martijn-visser\/#respond"]}]},{"@type":"WebPage","@id":"https:\/\/d66.nl\/vanmierlostichting\/nieuws\/judith-shklar-en-het-liberalisme-lezing-felix-en-sofie-21-maart-2023-door-martijn-visser\/","url":"https:\/\/d66.nl\/vanmierlostichting\/nieuws\/judith-shklar-en-het-liberalisme-lezing-felix-en-sofie-21-maart-2023-door-martijn-visser\/","name":"Mr. Hans van Mierlo stichting &#8211; Judith Shklar en het Liberalisme - Lezing Felix en Sofie - 21 maart 2023 door Martijn Visser","isPartOf":{"@id":"https:\/\/d66.nl\/vanmierlostichting\/#website"},"primaryImageOfPage":{"@id":"https:\/\/d66.nl\/vanmierlostichting\/nieuws\/judith-shklar-en-het-liberalisme-lezing-felix-en-sofie-21-maart-2023-door-martijn-visser\/#primaryimage"},"image":{"@id":"https:\/\/d66.nl\/vanmierlostichting\/nieuws\/judith-shklar-en-het-liberalisme-lezing-felix-en-sofie-21-maart-2023-door-martijn-visser\/#primaryimage"},"thumbnailUrl":"https:\/\/d66.nl\/vanmierlostichting\/wp-content\/uploads\/sites\/4\/2022\/10\/Schermafbeelding-2022-10-13-om-11.07.18.png","datePublished":"2023-04-28T12:18:35+00:00","dateModified":"2023-04-28T12:33:52+00:00","breadcrumb":{"@id":"https:\/\/d66.nl\/vanmierlostichting\/nieuws\/judith-shklar-en-het-liberalisme-lezing-felix-en-sofie-21-maart-2023-door-martijn-visser\/#breadcrumb"},"inLanguage":"nl-NL","potentialAction":[{"@type":"ReadAction","target":["https:\/\/d66.nl\/vanmierlostichting\/nieuws\/judith-shklar-en-het-liberalisme-lezing-felix-en-sofie-21-maart-2023-door-martijn-visser\/"]}]},{"@type":"ImageObject","inLanguage":"nl-NL","@id":"https:\/\/d66.nl\/vanmierlostichting\/nieuws\/judith-shklar-en-het-liberalisme-lezing-felix-en-sofie-21-maart-2023-door-martijn-visser\/#primaryimage","url":"https:\/\/d66.nl\/vanmierlostichting\/wp-content\/uploads\/sites\/4\/2022\/10\/Schermafbeelding-2022-10-13-om-11.07.18.png","contentUrl":"https:\/\/d66.nl\/vanmierlostichting\/wp-content\/uploads\/sites\/4\/2022\/10\/Schermafbeelding-2022-10-13-om-11.07.18.png","width":948,"height":934},{"@type":"BreadcrumbList","@id":"https:\/\/d66.nl\/vanmierlostichting\/nieuws\/judith-shklar-en-het-liberalisme-lezing-felix-en-sofie-21-maart-2023-door-martijn-visser\/#breadcrumb","itemListElement":[{"@type":"ListItem","position":1,"name":"Home","item":"https:\/\/d66.nl\/vanmierlostichting\/"},{"@type":"ListItem","position":2,"name":"Nieuwspagina","item":"https:\/\/d66.nl\/vanmierlostichting\/nieuws\/"},{"@type":"ListItem","position":3,"name":"Judith Shklar en het Liberalisme &#8211; Lezing Felix en Sofie &#8211; 21 maart 2023 door Martijn Visser"}]},{"@type":"WebSite","@id":"https:\/\/d66.nl\/vanmierlostichting\/#website","url":"https:\/\/d66.nl\/vanmierlostichting\/","name":"Mr. Hans van Mierlo stichting","description":"Just another WordPress site","publisher":{"@id":"https:\/\/d66.nl\/vanmierlostichting\/#organization"},"potentialAction":[{"@type":"SearchAction","target":{"@type":"EntryPoint","urlTemplate":"https:\/\/d66.nl\/vanmierlostichting\/?s={search_term_string}"},"query-input":{"@type":"PropertyValueSpecification","valueRequired":true,"valueName":"search_term_string"}}],"inLanguage":"nl-NL"},{"@type":"Organization","@id":"https:\/\/d66.nl\/vanmierlostichting\/#organization","name":"Mr. Hans van Mierlo Stichting","url":"https:\/\/d66.nl\/vanmierlostichting\/","logo":{"@type":"ImageObject","inLanguage":"nl-NL","@id":"https:\/\/d66.nl\/vanmierlostichting\/#\/schema\/logo\/image\/","url":"https:\/\/d66.nl\/vanmierlostichting\/wp-content\/uploads\/sites\/4\/2021\/05\/Mr-Hans-van-Mierlo-stichting-logo.png","contentUrl":"https:\/\/d66.nl\/vanmierlostichting\/wp-content\/uploads\/sites\/4\/2021\/05\/Mr-Hans-van-Mierlo-stichting-logo.png","width":1920,"height":1080,"caption":"Mr. Hans van Mierlo Stichting"},"image":{"@id":"https:\/\/d66.nl\/vanmierlostichting\/#\/schema\/logo\/image\/"},"sameAs":["https:\/\/www.facebook.com\/vanmierlostichting\/","https:\/\/x.com\/vmstichting","https:\/\/www.instagram.com\/mr.hansvanmierlostichting\/"]},{"@type":"Person","@id":"https:\/\/d66.nl\/vanmierlostichting\/#\/schema\/person\/b9b039a5c485b3023f3d73254f67595b","name":"mascha-teirlinck","image":{"@type":"ImageObject","inLanguage":"nl-NL","@id":"https:\/\/secure.gravatar.com\/avatar\/7ee825d9611b12088912460673a14a9525474ac0da007dbbf8013017cca4fc96?s=96&d=mm&r=g","url":"https:\/\/secure.gravatar.com\/avatar\/7ee825d9611b12088912460673a14a9525474ac0da007dbbf8013017cca4fc96?s=96&d=mm&r=g","contentUrl":"https:\/\/secure.gravatar.com\/avatar\/7ee825d9611b12088912460673a14a9525474ac0da007dbbf8013017cca4fc96?s=96&d=mm&r=g","caption":"mascha-teirlinck"}}]}},"_links":{"self":[{"href":"https:\/\/d66.nl\/vanmierlostichting\/wp-json\/wp\/v2\/posts\/30653","targetHints":{"allow":["GET"]}}],"collection":[{"href":"https:\/\/d66.nl\/vanmierlostichting\/wp-json\/wp\/v2\/posts"}],"about":[{"href":"https:\/\/d66.nl\/vanmierlostichting\/wp-json\/wp\/v2\/types\/post"}],"author":[{"embeddable":true,"href":"https:\/\/d66.nl\/vanmierlostichting\/wp-json\/wp\/v2\/users\/1213"}],"replies":[{"embeddable":true,"href":"https:\/\/d66.nl\/vanmierlostichting\/wp-json\/wp\/v2\/comments?post=30653"}],"version-history":[{"count":4,"href":"https:\/\/d66.nl\/vanmierlostichting\/wp-json\/wp\/v2\/posts\/30653\/revisions"}],"predecessor-version":[{"id":30658,"href":"https:\/\/d66.nl\/vanmierlostichting\/wp-json\/wp\/v2\/posts\/30653\/revisions\/30658"}],"wp:featuredmedia":[{"embeddable":true,"href":"https:\/\/d66.nl\/vanmierlostichting\/wp-json\/wp\/v2\/media\/25261"}],"wp:attachment":[{"href":"https:\/\/d66.nl\/vanmierlostichting\/wp-json\/wp\/v2\/media?parent=30653"}],"wp:term":[{"taxonomy":"category","embeddable":true,"href":"https:\/\/d66.nl\/vanmierlostichting\/wp-json\/wp\/v2\/categories?post=30653"},{"taxonomy":"labels","embeddable":true,"href":"https:\/\/d66.nl\/vanmierlostichting\/wp-json\/wp\/v2\/labels?post=30653"},{"taxonomy":"search-tags","embeddable":true,"href":"https:\/\/d66.nl\/vanmierlostichting\/wp-json\/wp\/v2\/search-tags?post=30653"}],"curies":[{"name":"wp","href":"https:\/\/api.w.org\/{rel}","templated":true}]}}