{"id":1879,"date":"2026-03-08T11:13:50","date_gmt":"2026-03-08T11:13:50","guid":{"rendered":"https:\/\/d66.nl\/schouwen-duiveland\/nieuws\/"},"modified":"2026-03-08T11:13:50","modified_gmt":"2026-03-08T11:13:50","slug":"onze-inbreng-in-februari-en-maart","status":"publish","type":"post","link":"https:\/\/d66.nl\/schouwen-duiveland\/nieuws\/onze-inbreng-in-februari-en-maart","title":{"rendered":"Onze inbreng in februari en maart"},"content":{"rendered":"<div\n  id=\"\"\n  class=\"wrapper  wrapper__spacing-bottom-large--30 wrapper__spacing-bottom-desktop--20 wrapper__spacing-bottom-mobile--20  wrapper__gutter--none\"\n  >\n  \t<div class=\"wrapper__container wrapper__container-width-large--default\">\n\t  <div class=\"wrapper__inner wrapper__width-large--14 wrapper__width-desktop--20 wrapper__width-mobile--24 wrapper__offset-large--6 wrapper__offset-desktop--2 wrapper__offset-mobile--0\">\n\t\t<h1 class=\"heading   heading__size--giant heading__font--serif heading__weight--regular  block-heading__heading\" id=\"nav-onze-inbreng-in-februari-en-maart549\"  data-nav-heading-mobile=\"Onze inbreng in februari en maart\" >\n\tOnze inbreng in februari en maart<\/h1>\t  <\/div>\n\t<\/div>\n  <\/div>\n\n\n<div\n  id=\"\"\n  class=\"wrapper  wrapper__spacing-bottom-large--20 wrapper__spacing-bottom-desktop--10 wrapper__spacing-bottom-mobile--10  wrapper__gutter--none\"\n  >\n  \t<div class=\"wrapper__container wrapper__container-width-large--default\">\n\t  <div class=\"wrapper__inner wrapper__width-large--18 wrapper__width-desktop--22 wrapper__width-mobile--24 wrapper__offset-large--6 wrapper__offset-desktop--2 wrapper__offset-mobile--0\">\n\t\t<section class=\"block-post-content\">\n\t<div class=\"block-post-content__title\">\n\t\t<h3 class=\"heading  heading__color--black heading__size--medium heading__font--sans heading__weight--bold  block-post-content__heading\" id=\"nav-skaeve-huse3581\" data-nav-heading-mobile=\"Skaeve Huse\">\n\tSkaeve Huse<\/h3>\t<\/div>\n\t<div class=\"block-post-content__content\">\n\t\t\n<div\n  id=\"\"\n  class=\"wrapper  wrapper__spacing-bottom-large--30 wrapper__spacing-bottom-desktop--20  wrapper__gutter--none\"\n  >\n  \t<div class=\"wrapper__container wrapper__container-width-large--default\">\n\t  <div class=\"wrapper__inner wrapper__width-large--24 wrapper__width-mobile--24\">\n\t\t<p\n\t\tclass=\"paragraph paragraph__align--left paragraph__color--black paragraph__size--default   block-paragraph__paragraph\"\n\t\t\t>\n\t\tDe beoogde locatie voor de Skaeve Huse aan de Van Veenlaan (het grasveld naast de scouting en volkstuinen) is wat D66 betreft niet geschikt.<br><br>Wij steunen het Skaeve Huse project, maar zijn ervan overtuigd dat er betere locaties te vinden zijn, want dit veld wordt veel gebruikt door diverse inwoners en clubs en ligt wat ons betreft te dicht bij de omliggende woonwijken in de buurt. Bovendien is er een miljoen euro beschikbaar gekomen voor dit project. Een tekort aan budget kan dus ook geen reden meer zijn.<br><br>Daarom hebben wij het initiatief genomen voor een motie, die we uiteindelijk samen met <a href=\"https:\/\/www.facebook.com\/cdaschouwenduiveland?__cft__[0]=AZacry6YdrK1oorcWToe0tpwgGO2zM8tAc03bMZNt8A2HkuW3eG1ajcJTn49g0E6kNBmnFXKegHN0SdG4T_y_IG7yF-y458ZDIabkace9pFxEzzL0ri7QFSxtq-0Hwt0mVjflX8yKQB7ZTKUMZOFGs-Ep4E4rIG140Bn8-g1GEP7Ab5zQOxT_3Kp_-YX4Wi9N90&amp;__tn__=-]K-R\" target=\"_blank\" rel=\"noreferrer noopener\">CDA<\/a> en <a href=\"https:\/\/www.facebook.com\/VVDSchouwenDuiveland?__cft__[0]=AZacry6YdrK1oorcWToe0tpwgGO2zM8tAc03bMZNt8A2HkuW3eG1ajcJTn49g0E6kNBmnFXKegHN0SdG4T_y_IG7yF-y458ZDIabkace9pFxEzzL0ri7QFSxtq-0Hwt0mVjflX8yKQB7ZTKUMZOFGs-Ep4E4rIG140Bn8-g1GEP7Ab5zQOxT_3Kp_-YX4Wi9N90&amp;__tn__=-]K-R\" target=\"_blank\" rel=\"noreferrer noopener\">VVD <\/a>hebben ingediend, die het college vraagt om opzoek te gaan naar alternatieve locaties. De motie is unaniem aangenomen!<br><br>We hebben veel waardering voor alle omwonenden en belanghebbenden die op eigen initiatief &#8211; bij een gebrek aan een participatietraject vanuit de gemeente &#8211; op een respectvolle en constructieve manier contact hebben gezocht met de gemeenteraad! Bedankt voor alle gesprekken en jullie geduld!<br><br><a href=\"https:\/\/www.pzc.nl\/schouwen-duiveland\/weerstand-tegen-skaeve-huse-aan-de-rand-van-zierikzeese-wijk-malta-groeit~a9057b90\/\">Weerstand tegen Skaeve Huse aan de rand van Zierikzeese wijk Malta groeit | Schouwen-Duiveland | PZC.nl<\/a><br><br><a href=\"https:\/\/www.pzc.nl\/schouwen-duiveland\/nieuw-onderzoek-naar-geschikte-locaties-voor-skaeve-huse-op-schouwen-duiveland~a11cec2d\/\">Nieuw onderzoek naar geschikte locaties voor Skaeve Huse op Schouwen-Duiveland | Schouwen-Duiveland | PZC.nl<\/a>\t<\/p>\t  <\/div>\n\t<\/div>\n  <\/div>\n\n\t<\/div>\n\n\t<div class=\"block-post-content__sidebar\">\n\t\t\n\t\t\n\t\t\t<\/div>\n<\/section>\n\t  <\/div>\n\t<\/div>\n  <\/div>\n\n\n<div\n  id=\"\"\n  class=\"wrapper  wrapper__spacing-bottom-large--20 wrapper__spacing-bottom-desktop--10 wrapper__spacing-bottom-mobile--10  wrapper__gutter--none\"\n  >\n  \t<div class=\"wrapper__container wrapper__container-width-large--default\">\n\t  <div class=\"wrapper__inner wrapper__width-large--18 wrapper__width-desktop--22 wrapper__width-mobile--24 wrapper__offset-large--6 wrapper__offset-desktop--2 wrapper__offset-mobile--0\">\n\t\t<section class=\"block-post-content\">\n\t<div class=\"block-post-content__title\">\n\t\t<h3 class=\"heading  heading__color--black heading__size--medium heading__font--sans heading__weight--bold  block-post-content__heading\" id=\"nav-handhaving-met-behoorlijke-communicatie570\" data-nav-heading-mobile=\"Handhaving met behoorlijke communicatie\">\n\tHandhaving met behoorlijke communicatie<\/h3>\t<\/div>\n\t<div class=\"block-post-content__content\">\n\t\t\n<div\n  id=\"\"\n  class=\"wrapper  wrapper__spacing-bottom-large--30 wrapper__spacing-bottom-desktop--20  wrapper__gutter--none\"\n  >\n  \t<div class=\"wrapper__container wrapper__container-width-large--default\">\n\t  <div class=\"wrapper__inner wrapper__width-large--24 wrapper__width-mobile--24\">\n\t\t<p\n\t\tclass=\"paragraph paragraph__align--left paragraph__color--black paragraph__size--default   block-paragraph__paragraph\"\n\t\t\t>\n\t\tDe gemeente heeft een tik op de vingers gekregen van de Nationale Ombudsman naar aanleiding van de wijze waarop de gemeente een terechte klacht van een inwoner over de werkwijze van een boa heeft afgehandeld. En als gemeente krijg je niet dagelijks post van dit instituut, dus dit signaal nemen wij zeer serieus. Bovendien vinden wij het belangrijk dat mensen die met handhaving te maken krijgen, goed en verifieerbaar worden ge\u00efnformeerd over waar het gebruik van bevoegdheden op is gebaseerd. En als dat niet zo is, dat je dan met je klacht wordt geholpen, zonder dat je jaren hoeft te procederen om je gelijk te krijgen. Want wij hebben er vertrouwen in dat als inwoners en ondernemers de moeite nemen om tegen een boete in beroep gaan, dat ze dat dan met een goede reden doen.<br><br>Daarom hebben wij een motie opgesteld, die samen met LSD en de VVD is ingediend, om de communicatie over het gebruik van bevoegdheden door boa&#8217;s te professionaliseren, de samenwerking tussen de gemeente, de politie en het OM te verbeteren en de klachtenprocedure toegankelijker en duidelijker te maken. Deze motie aangenomen, dus goed nieuws voor de rechtsstaat, want als burger is het belangrijk dat je je kunt verweren tegen de overheid als dat nodig is.<br><br><a href=\"https:\/\/www.pzc.nl\/schouwen-duiveland\/ik-ben-vijf-jaar-voorgelogen-excuusbrief-over-boa-zaak-gooit-nieuwe-olie-op-het-vuur~adc8ed7a\/\">\u2018Ik ben vijf jaar voorgelogen\u2019: excuusbrief over boa-zaak gooit nieuwe olie op het vuur | Schouwen-Duiveland | PZC.nl<\/a>\t<\/p>\t  <\/div>\n\t<\/div>\n  <\/div>\n\n\t<\/div>\n\n\t<div class=\"block-post-content__sidebar\">\n\t\t\n\t\t\n\t\t\t<\/div>\n<\/section>\n\t  <\/div>\n\t<\/div>\n  <\/div>\n\n\n<div\n  id=\"\"\n  class=\"wrapper  wrapper__spacing-bottom-large--20 wrapper__spacing-bottom-desktop--10 wrapper__spacing-bottom-mobile--10  wrapper__gutter--none\"\n  >\n  \t<div class=\"wrapper__container wrapper__container-width-large--default\">\n\t  <div class=\"wrapper__inner wrapper__width-large--18 wrapper__width-desktop--22 wrapper__width-mobile--24 wrapper__offset-large--6 wrapper__offset-desktop--2 wrapper__offset-mobile--0\">\n\t\t<section class=\"block-post-content\">\n\t<div class=\"block-post-content__title\">\n\t\t<h3 class=\"heading  heading__color--black heading__size--medium heading__font--sans heading__weight--bold  block-post-content__heading\" id=\"nav-veerdijk-zonnemaire--geen-goed-bestuur2392\" data-nav-heading-mobile=\"Veerdijk Zonnemaire: geen goed bestuur\">\n\tVeerdijk Zonnemaire: geen goed bestuur<\/h3>\t<\/div>\n\t<div class=\"block-post-content__content\">\n\t\t\n<div\n  id=\"\"\n  class=\"wrapper  wrapper__spacing-bottom-large--30 wrapper__spacing-bottom-desktop--20  wrapper__gutter--none\"\n  >\n  \t<div class=\"wrapper__container wrapper__container-width-large--default\">\n\t  <div class=\"wrapper__inner wrapper__width-large--24 wrapper__width-mobile--24\">\n\t\t<p\n\t\tclass=\"paragraph paragraph__align--left paragraph__color--black paragraph__size--default   block-paragraph__paragraph\"\n\t\t\t>\n\t\tDe manier waarop een vergunning is verleend om midden in een natuurgebied aan de Veerdijk bij Zonnemaire een villa te bouwen, vinden wij niet helder en niet transparant. Mede namens CDA en GroenLinks hebben wij vragen gesteld.<br><br>Het begint al bij dat het college stelt dat geen participatieproces hoeft plaats te vinden, omdat dit al in 2009 (!) zou zijn gebeurd. Dat is misschien volgens de regels, maar wat ons betreft absoluut niet volgens de geest van die regels. Want in 17 jaar tijd kan veel veranderd zijn.<br><br>Daarnaast was het beleidsstuk waar de vergunning op is gebaseerd tot voor kort onvindbaar. Uiteindelijk is in het archief een beleidsnota uit 2005 (!) gevonden. Deze hadden wij als gemeenteraad niet tot onze beschikking, waardoor wij niet konden controleren of de verleende vergunning binnen het beleid past. En belangrijker: hoe kan het dat een vergunning is verleend op basis van beleid dat tot voor kort niemand kon vinden?<br><br>Wij blijven de situatie volgen, want dit verhaal is nog niet klaar, maar \u00e9\u00e9n ding Is duidelijk: wat ons betreft is hier geen sprake van goed bestuur.<br><br><a href=\"https:\/\/www.omroepzeeland.nl\/nieuws\/18244680\/paleis-soestdijk-in-zonnemaire-hoe-bouwplannen-voor-een-landgoed-op-schouwen-duiveland-vraagtekens-opleveren\">Paleis Soestdijk in Zonnemaire: hoe bouwplannen voor een landgoed op Schouwen-Duiveland vraagtekens opleveren &#8211; Omroep Zeeland<\/a><br><br><a href=\"https:\/\/www.omroepzeeland.nl\/nieuws\/18266360\/weer-een-woordenwisseling-over-het-landgoed-in-zonnemaire-tijdens-raadsvergadering-ik-vind-hier-wat-van\">W\u00e9\u00e9r een woordenwisseling over het landgoed in Zonnemaire tijdens raadsvergadering: &#8216;Ik vind hier wat van&#8217; &#8211; Omroep Zeeland<\/a>\t<\/p>\t  <\/div>\n\t<\/div>\n  <\/div>\n\n\t<\/div>\n\n\t<div class=\"block-post-content__sidebar\">\n\t\t\n\t\t\n\t\t\t<\/div>\n<\/section>\n\t  <\/div>\n\t<\/div>\n  <\/div>\n\n\n<div\n  id=\"\"\n  class=\"wrapper  wrapper__spacing-bottom-large--20 wrapper__spacing-bottom-desktop--10 wrapper__spacing-bottom-mobile--10  wrapper__gutter--none\"\n  >\n  \t<div class=\"wrapper__container wrapper__container-width-large--default\">\n\t  <div class=\"wrapper__inner wrapper__width-large--18 wrapper__width-desktop--22 wrapper__width-mobile--24 wrapper__offset-large--6 wrapper__offset-desktop--2 wrapper__offset-mobile--0\">\n\t\t<section class=\"block-post-content\">\n\t<div class=\"block-post-content__title\">\n\t\t<h3 class=\"heading  heading__color--black heading__size--medium heading__font--sans heading__weight--bold  block-post-content__heading\" id=\"nav-nieuwe-basisscholen5779\" data-nav-heading-mobile=\"Nieuwe basisscholen\">\n\tNieuwe basisscholen<\/h3>\t<\/div>\n\t<div class=\"block-post-content__content\">\n\t\t\n<div\n  id=\"\"\n  class=\"wrapper  wrapper__spacing-bottom-large--30 wrapper__spacing-bottom-desktop--20  wrapper__gutter--none\"\n  >\n  \t<div class=\"wrapper__container wrapper__container-width-large--default\">\n\t  <div class=\"wrapper__inner wrapper__width-large--24 wrapper__width-mobile--24\">\n\t\t<p\n\t\tclass=\"paragraph paragraph__align--left paragraph__color--black paragraph__size--default   block-paragraph__paragraph\"\n\t\t\t>\n\t\tSamen met alle andere partijen hebben we een klap gegeven op alle nieuwe huisvestingsplannen voor de basisscholen op het eiland!<br><br>Een mooie mijlpaal, want de jeugd is topprioriteit voor D66 en veel schoolgebouwen zijn versleten en hebben een flinke renovatie of zelfs nieuwbouw nodig.<br><br>Tijdens de behandeling van het huisvestingsplan hebben wij de wethouder met klem verzocht om de schoolbesturen erop aan te dringen om kleine, maar noodzakelijke reparaties, niet uit te stellen omdat er later toch een grotere verbouwing op de planning staat, maar deze gewoon uit te voeren. Het lijkt erop dat dat bij de Jan Wouter van den Doelschool is gebeurd en uiteindelijk zijn leerlingen en onderwijspersoneel daar de dupe van geworden. Scholen hoeven niet nog jaren te wachten op dubbelglas; dat is gewoon een kwestie van de glaszetter bellen.<br><br>Onze ambitie? Een D66-wethouder in het college die verantwoordelijk wordt voor onderwijshuisvesting en in de komende jaren de eerste palen in de grond zal slaan!\t<\/p>\t  <\/div>\n\t<\/div>\n  <\/div>\n\n\t<\/div>\n\n\t<div class=\"block-post-content__sidebar\">\n\t\t\n\t\t\n\t\t\t<\/div>\n<\/section>\n\t  <\/div>\n\t<\/div>\n  <\/div>\n\n\n<div\n  id=\"\"\n  class=\"wrapper  wrapper__spacing-bottom-large--20 wrapper__spacing-bottom-desktop--10 wrapper__spacing-bottom-mobile--10  wrapper__gutter--none\"\n  >\n  \t<div class=\"wrapper__container wrapper__container-width-large--default\">\n\t  <div class=\"wrapper__inner wrapper__width-large--18 wrapper__width-desktop--22 wrapper__width-mobile--24 wrapper__offset-large--6 wrapper__offset-desktop--2 wrapper__offset-mobile--0\">\n\t\t<section class=\"block-post-content\">\n\t<div class=\"block-post-content__title\">\n\t\t<h3 class=\"heading  heading__color--black heading__size--medium heading__font--sans heading__weight--bold  block-post-content__heading\" id=\"nav--strong-omgangsvormen-in-de-raad--strong-3660\" data-nav-heading-mobile=\"Omgangsvormen in de raad\">\n\t<strong>Omgangsvormen in de raad<\/strong><\/h3>\t<\/div>\n\t<div class=\"block-post-content__content\">\n\t\t\n<div\n  id=\"\"\n  class=\"wrapper  wrapper__spacing-bottom-large--30 wrapper__spacing-bottom-desktop--20  wrapper__gutter--none\"\n  >\n  \t<div class=\"wrapper__container wrapper__container-width-large--default\">\n\t  <div class=\"wrapper__inner wrapper__width-large--24 wrapper__width-mobile--24\">\n\t\t<p\n\t\tclass=\"paragraph paragraph__align--left paragraph__color--black paragraph__size--default   block-paragraph__paragraph\"\n\t\t\t>\n\t\tOpnieuw is het in de gemeenteraad gegaan over de omgangsvormen tussen raadsleden. Naar aanleiding van een eerdere openbare aankondiging van de fractievoorzitter van de VVD dat zij zich (zonder hierbij namen te noemen) ge\u00efntimideerd voelde door mede-raadsleden, is het in de laatste raadsvergadering voor de verkiezing w\u00e9\u00e9r hierover gegaan, omdat andere partijen dit opnieuw op de agenda wilde hebben.<br><br>Zonder hier nog al te veel woorden aan te besteden: wij als D66 vinden het behoorlijk g\u00eanant naar inwoners toe dat we opnieuw kostbare vergadertijd verspillen aan het oplossen van onderlinge conflicten, in plaats van deze te besteden aan het vooruithelpen van Schouwen-Duiveland met nieuwe plannen en idee\u00ebn.<br><br>Hoe uitgebreid het debat hierover in werkelijkheid ook is, met dit soort zaken zal het beeld naar buiten toe altijd zijn: &#8216;ze maken alleen maar ruzie&#8217;. Dat moeten we niet willen en geeft bovendien een vertekend beeld van de werkelijkheid, waarin er juist constructief en veelvuldig wordt samengewerkt.<br><br>D66 staat voor goed bestuur en dat begint bij respectvol samenwerken.\t<\/p>\t  <\/div>\n\t<\/div>\n  <\/div>\n\n\t<\/div>\n\n\t<div class=\"block-post-content__sidebar\">\n\t\t\n\t\t\n\t\t\t<\/div>\n<\/section>\n\t  <\/div>\n\t<\/div>\n  <\/div>\n\n\n<div\n  id=\"\"\n  class=\"wrapper  wrapper__spacing-bottom-large--20 wrapper__spacing-bottom-desktop--10 wrapper__spacing-bottom-mobile--10  wrapper__gutter--none\"\n  >\n  \t<div class=\"wrapper__container wrapper__container-width-large--default\">\n\t  <div class=\"wrapper__inner wrapper__width-large--18 wrapper__width-desktop--22 wrapper__width-mobile--24 wrapper__offset-large--6 wrapper__offset-desktop--2 wrapper__offset-mobile--0\">\n\t\t<section class=\"block-post-content\">\n\t<div class=\"block-post-content__title\">\n\t\t<h3 class=\"heading  heading__color--black heading__size--medium heading__font--sans heading__weight--bold  block-post-content__heading\" id=\"nav--strong-zo--dat-was-de-laatste-raadsvergadering-br-voor-de-verkiezing---strong-1435\" data-nav-heading-mobile=\"Zo, dat was de laatste raadsvergaderingvoor de verkiezing!\">\n\t<strong>Zo, dat was de laatste raadsvergadering<br>voor de verkiezing!<\/strong><\/h3>\t<\/div>\n\t<div class=\"block-post-content__content\">\n\t\t\n<div\n  id=\"\"\n  class=\"wrapper  wrapper__spacing-bottom-large--30 wrapper__spacing-bottom-desktop--20  wrapper__gutter--none\"\n  >\n  \t<div class=\"wrapper__container wrapper__container-width-large--default\">\n\t  <div class=\"wrapper__inner wrapper__width-large--24 wrapper__width-mobile--24\">\n\t\t<p\n\t\tclass=\"paragraph paragraph__align--left paragraph__color--black paragraph__size--default   block-paragraph__paragraph\"\n\t\t\t>\n\t\t\u2026 en hopelijk voor Jeffrey de laatste in z\u2019n eentje, want wat zou het mooi zijn als hij voor al zijn harde werk de afgelopen jaren wordt beloond met \u00e9\u00e9n of misschien wel twee D66-collega\u2019s erbij!\t<\/p>\t  <\/div>\n\t<\/div>\n  <\/div>\n\n\n<div\n  id=\"\"\n  class=\"wrapper  wrapper__spacing-bottom-large--20  wrapper__gutter--none\"\n  >\n  \t<div class=\"wrapper__container wrapper__container-width-large--default\">\n\t  <div class=\"wrapper__inner wrapper__width-large--24 wrapper__width-mobile--24\">\n\t\t<img loading=\"lazy\" decoding=\"async\" width=\"1024\" height=\"768\" src=\"https:\/\/media.d66.nl\/uploads\/sites\/144\/2026\/03\/Jeffrey-Raad-1024x768.jpeg\" class=\"image block-image__img\" alt=\"\" srcset=\"https:\/\/media.d66.nl\/uploads\/sites\/144\/2026\/03\/Jeffrey-Raad-1024x768.jpeg 1024w, https:\/\/media.d66.nl\/uploads\/sites\/144\/2026\/03\/Jeffrey-Raad-300x225.jpeg 300w, https:\/\/media.d66.nl\/uploads\/sites\/144\/2026\/03\/Jeffrey-Raad-768x576.jpeg 768w, https:\/\/media.d66.nl\/uploads\/sites\/144\/2026\/03\/Jeffrey-Raad-1536x1152.jpeg 1536w, https:\/\/media.d66.nl\/uploads\/sites\/144\/2026\/03\/Jeffrey-Raad.jpeg 2048w\" sizes=\"auto, (max-width: 1024px) 100vw, 1024px\" \/>\n\t\t\t<div class=\"image__caption-wrapper block-image__caption-wrapper\">\n\t\t\t<div class=\"image__caption block-image__caption\">\n\t\t\t\t<p class=\"paragraph paragraph__align--left paragraph__color--black paragraph__size--small paragraph__weight--medium\">\n\t\tBeeld: Joost Loomans\t<\/p>\t\t\t<\/div>\n\t\t<\/div>\t  <\/div>\n\t<\/div>\n  <\/div>\n\n\t<\/div>\n\n\t<div class=\"block-post-content__sidebar\">\n\t\t\n\t\t\n\t\t\t<\/div>\n<\/section>\n\t  <\/div>\n\t<\/div>\n  <\/div>\n","protected":false},"excerpt":{"rendered":"","protected":false},"author":1010,"featured_media":1881,"comment_status":"open","ping_status":"open","sticky":false,"template":"","format":"standard","meta":{"_acf_changed":false,"footnotes":""},"categories":[1],"labels":[],"search-tags":[],"class_list":["post-1879","post","type-post","status-publish","format-standard","has-post-thumbnail","hentry","category-d66-schouwen-duiveland"],"acf":[],"yoast_head":"<!-- This site is optimized with the Yoast SEO plugin v27.3 - https:\/\/yoast.com\/product\/yoast-seo-wordpress\/ -->\n<title>D66 Schouwen-Duiveland &#8212; Onze inbreng in februari en maart<\/title>\n<meta name=\"description\" content=\"Onze inbreng in februari en maart\" \/>\n<meta name=\"robots\" content=\"index, follow, max-snippet:-1, max-image-preview:large, max-video-preview:-1\" \/>\n<link rel=\"canonical\" href=\"https:\/\/d66.nl\/schouwen-duiveland\/nieuws\/onze-inbreng-in-februari-en-maart\" \/>\n<meta property=\"og:locale\" content=\"nl_NL\" \/>\n<meta property=\"og:type\" content=\"article\" \/>\n<meta property=\"og:title\" content=\"D66 Schouwen-Duiveland &#8212; Onze inbreng in februari en maart\" \/>\n<meta property=\"og:description\" content=\"Onze inbreng in februari en maart\" \/>\n<meta property=\"og:url\" content=\"https:\/\/d66.nl\/schouwen-duiveland\/nieuws\/onze-inbreng-in-februari-en-maart\/\" \/>\n<meta property=\"og:site_name\" content=\"D66 Schouwen-Duiveland\" \/>\n<meta property=\"article:published_time\" content=\"2026-03-08T11:13:50+00:00\" \/>\n<meta property=\"og:image\" content=\"https:\/\/media.d66.nl\/uploads\/sites\/144\/2026\/03\/schouwen-duiveland-maandelijks-4.png\" \/>\n\t<meta property=\"og:image:width\" content=\"1080\" \/>\n\t<meta property=\"og:image:height\" content=\"1350\" \/>\n\t<meta property=\"og:image:type\" content=\"image\/png\" \/>\n<meta name=\"author\" content=\"jeltpekaar\" \/>\n<meta name=\"twitter:card\" content=\"summary_large_image\" \/>\n<meta name=\"twitter:label1\" content=\"Geschreven door\" \/>\n\t<meta name=\"twitter:data1\" content=\"jeltpekaar\" \/>\n\t<meta name=\"twitter:label2\" content=\"Geschatte leestijd\" \/>\n\t<meta name=\"twitter:data2\" content=\"1 minuut\" \/>\n<script type=\"application\/ld+json\" class=\"yoast-schema-graph\">{\"@context\":\"https:\\\/\\\/schema.org\",\"@graph\":[{\"@type\":\"Article\",\"@id\":\"https:\\\/\\\/d66.nl\\\/schouwen-duiveland\\\/nieuws\\\/onze-inbreng-in-februari-en-maart\\\/#article\",\"isPartOf\":{\"@id\":\"https:\\\/\\\/d66.nl\\\/schouwen-duiveland\\\/nieuws\\\/onze-inbreng-in-februari-en-maart\\\/\"},\"author\":{\"name\":\"jeltpekaar\",\"@id\":\"https:\\\/\\\/d66.nl\\\/schouwen-duiveland\\\/#\\\/schema\\\/person\\\/ad79a8a4a3b904bd7b3f0049626da9e2\"},\"headline\":\"Onze inbreng in februari en maart\",\"datePublished\":\"2026-03-08T11:13:50+00:00\",\"mainEntityOfPage\":{\"@id\":\"https:\\\/\\\/d66.nl\\\/schouwen-duiveland\\\/nieuws\\\/onze-inbreng-in-februari-en-maart\\\/\"},\"wordCount\":6,\"commentCount\":0,\"publisher\":{\"@id\":\"https:\\\/\\\/d66.nl\\\/schouwen-duiveland\\\/#organization\"},\"image\":{\"@id\":\"https:\\\/\\\/d66.nl\\\/schouwen-duiveland\\\/nieuws\\\/onze-inbreng-in-februari-en-maart\\\/#primaryimage\"},\"thumbnailUrl\":\"https:\\\/\\\/media.d66.nl\\\/uploads\\\/sites\\\/144\\\/2026\\\/03\\\/schouwen-duiveland-maandelijks-4.png\",\"articleSection\":[\"D66 Schouwen-Duiveland\"],\"inLanguage\":\"nl-NL\",\"potentialAction\":[{\"@type\":\"CommentAction\",\"name\":\"Comment\",\"target\":[\"https:\\\/\\\/d66.nl\\\/schouwen-duiveland\\\/nieuws\\\/onze-inbreng-in-februari-en-maart\\\/#respond\"]}]},{\"@type\":\"WebPage\",\"@id\":\"https:\\\/\\\/d66.nl\\\/schouwen-duiveland\\\/nieuws\\\/onze-inbreng-in-februari-en-maart\\\/\",\"url\":\"https:\\\/\\\/d66.nl\\\/schouwen-duiveland\\\/nieuws\\\/onze-inbreng-in-februari-en-maart\\\/\",\"name\":\"D66 Schouwen-Duiveland &#8212; Onze inbreng in februari en maart\",\"isPartOf\":{\"@id\":\"https:\\\/\\\/d66.nl\\\/schouwen-duiveland\\\/#website\"},\"primaryImageOfPage\":{\"@id\":\"https:\\\/\\\/d66.nl\\\/schouwen-duiveland\\\/nieuws\\\/onze-inbreng-in-februari-en-maart\\\/#primaryimage\"},\"image\":{\"@id\":\"https:\\\/\\\/d66.nl\\\/schouwen-duiveland\\\/nieuws\\\/onze-inbreng-in-februari-en-maart\\\/#primaryimage\"},\"thumbnailUrl\":\"https:\\\/\\\/media.d66.nl\\\/uploads\\\/sites\\\/144\\\/2026\\\/03\\\/schouwen-duiveland-maandelijks-4.png\",\"datePublished\":\"2026-03-08T11:13:50+00:00\",\"description\":\"Onze inbreng in februari en maart\",\"breadcrumb\":{\"@id\":\"https:\\\/\\\/d66.nl\\\/schouwen-duiveland\\\/nieuws\\\/onze-inbreng-in-februari-en-maart\\\/#breadcrumb\"},\"inLanguage\":\"nl-NL\",\"potentialAction\":[{\"@type\":\"ReadAction\",\"target\":[\"https:\\\/\\\/d66.nl\\\/schouwen-duiveland\\\/nieuws\\\/onze-inbreng-in-februari-en-maart\\\/\"]}]},{\"@type\":\"ImageObject\",\"inLanguage\":\"nl-NL\",\"@id\":\"https:\\\/\\\/d66.nl\\\/schouwen-duiveland\\\/nieuws\\\/onze-inbreng-in-februari-en-maart\\\/#primaryimage\",\"url\":\"https:\\\/\\\/media.d66.nl\\\/uploads\\\/sites\\\/144\\\/2026\\\/03\\\/schouwen-duiveland-maandelijks-4.png\",\"contentUrl\":\"https:\\\/\\\/media.d66.nl\\\/uploads\\\/sites\\\/144\\\/2026\\\/03\\\/schouwen-duiveland-maandelijks-4.png\",\"width\":1080,\"height\":1350},{\"@type\":\"BreadcrumbList\",\"@id\":\"https:\\\/\\\/d66.nl\\\/schouwen-duiveland\\\/nieuws\\\/onze-inbreng-in-februari-en-maart\\\/#breadcrumb\",\"itemListElement\":[{\"@type\":\"ListItem\",\"position\":1,\"name\":\"Home\",\"item\":\"https:\\\/\\\/d66.nl\\\/schouwen-duiveland\\\/\"},{\"@type\":\"ListItem\",\"position\":2,\"name\":\"Onze inbreng in februari en maart\"}]},{\"@type\":\"WebSite\",\"@id\":\"https:\\\/\\\/d66.nl\\\/schouwen-duiveland\\\/#website\",\"url\":\"https:\\\/\\\/d66.nl\\\/schouwen-duiveland\\\/\",\"name\":\"D66 Schouwen-Duiveland\",\"description\":\"Just another D66 Sites site\",\"publisher\":{\"@id\":\"https:\\\/\\\/d66.nl\\\/schouwen-duiveland\\\/#organization\"},\"potentialAction\":[{\"@type\":\"SearchAction\",\"target\":{\"@type\":\"EntryPoint\",\"urlTemplate\":\"https:\\\/\\\/d66.nl\\\/schouwen-duiveland\\\/?s={search_term_string}\"},\"query-input\":{\"@type\":\"PropertyValueSpecification\",\"valueRequired\":true,\"valueName\":\"search_term_string\"}}],\"inLanguage\":\"nl-NL\"},{\"@type\":\"Organization\",\"@id\":\"https:\\\/\\\/d66.nl\\\/schouwen-duiveland\\\/#organization\",\"name\":\"D66\",\"url\":\"https:\\\/\\\/d66.nl\\\/schouwen-duiveland\\\/\",\"logo\":{\"@type\":\"ImageObject\",\"inLanguage\":\"nl-NL\",\"@id\":\"https:\\\/\\\/d66.nl\\\/schouwen-duiveland\\\/#\\\/schema\\\/logo\\\/image\\\/\",\"url\":\"https:\\\/\\\/d66.nl\\\/schouwen-duiveland\\\/wp-content\\\/uploads\\\/sites\\\/2\\\/2021\\\/10\\\/d66-themas-algemeen-og.png\",\"contentUrl\":\"https:\\\/\\\/d66.nl\\\/schouwen-duiveland\\\/wp-content\\\/uploads\\\/sites\\\/2\\\/2021\\\/10\\\/d66-themas-algemeen-og.png\",\"width\":1200,\"height\":628,\"caption\":\"D66\"},\"image\":{\"@id\":\"https:\\\/\\\/d66.nl\\\/schouwen-duiveland\\\/#\\\/schema\\\/logo\\\/image\\\/\"}},{\"@type\":\"Person\",\"@id\":\"https:\\\/\\\/d66.nl\\\/schouwen-duiveland\\\/#\\\/schema\\\/person\\\/ad79a8a4a3b904bd7b3f0049626da9e2\",\"name\":\"jeltpekaar\",\"image\":{\"@type\":\"ImageObject\",\"inLanguage\":\"nl-NL\",\"@id\":\"https:\\\/\\\/secure.gravatar.com\\\/avatar\\\/26e758f7332fdd21a7835520e7f056e94fe99083d8d1af2bb79b9411c74c4804?s=96&d=mm&r=g\",\"url\":\"https:\\\/\\\/secure.gravatar.com\\\/avatar\\\/26e758f7332fdd21a7835520e7f056e94fe99083d8d1af2bb79b9411c74c4804?s=96&d=mm&r=g\",\"contentUrl\":\"https:\\\/\\\/secure.gravatar.com\\\/avatar\\\/26e758f7332fdd21a7835520e7f056e94fe99083d8d1af2bb79b9411c74c4804?s=96&d=mm&r=g\",\"caption\":\"jeltpekaar\"}}]}<\/script>\n<!-- \/ Yoast SEO plugin. -->","yoast_head_json":{"title":"D66 Schouwen-Duiveland &#8212; Onze inbreng in februari en maart","description":"Onze inbreng in februari en maart","robots":{"index":"index","follow":"follow","max-snippet":"max-snippet:-1","max-image-preview":"max-image-preview:large","max-video-preview":"max-video-preview:-1"},"canonical":"https:\/\/d66.nl\/schouwen-duiveland\/nieuws\/onze-inbreng-in-februari-en-maart","og_locale":"nl_NL","og_type":"article","og_title":"D66 Schouwen-Duiveland &#8212; Onze inbreng in februari en maart","og_description":"Onze inbreng in februari en maart","og_url":"https:\/\/d66.nl\/schouwen-duiveland\/nieuws\/onze-inbreng-in-februari-en-maart\/","og_site_name":"D66 Schouwen-Duiveland","article_published_time":"2026-03-08T11:13:50+00:00","og_image":[{"width":1080,"height":1350,"url":"https:\/\/media.d66.nl\/uploads\/sites\/144\/2026\/03\/schouwen-duiveland-maandelijks-4.png","type":"image\/png"}],"author":"jeltpekaar","twitter_card":"summary_large_image","twitter_misc":{"Geschreven door":"jeltpekaar","Geschatte leestijd":"1 minuut"},"schema":{"@context":"https:\/\/schema.org","@graph":[{"@type":"Article","@id":"https:\/\/d66.nl\/schouwen-duiveland\/nieuws\/onze-inbreng-in-februari-en-maart\/#article","isPartOf":{"@id":"https:\/\/d66.nl\/schouwen-duiveland\/nieuws\/onze-inbreng-in-februari-en-maart\/"},"author":{"name":"jeltpekaar","@id":"https:\/\/d66.nl\/schouwen-duiveland\/#\/schema\/person\/ad79a8a4a3b904bd7b3f0049626da9e2"},"headline":"Onze inbreng in februari en maart","datePublished":"2026-03-08T11:13:50+00:00","mainEntityOfPage":{"@id":"https:\/\/d66.nl\/schouwen-duiveland\/nieuws\/onze-inbreng-in-februari-en-maart\/"},"wordCount":6,"commentCount":0,"publisher":{"@id":"https:\/\/d66.nl\/schouwen-duiveland\/#organization"},"image":{"@id":"https:\/\/d66.nl\/schouwen-duiveland\/nieuws\/onze-inbreng-in-februari-en-maart\/#primaryimage"},"thumbnailUrl":"https:\/\/media.d66.nl\/uploads\/sites\/144\/2026\/03\/schouwen-duiveland-maandelijks-4.png","articleSection":["D66 Schouwen-Duiveland"],"inLanguage":"nl-NL","potentialAction":[{"@type":"CommentAction","name":"Comment","target":["https:\/\/d66.nl\/schouwen-duiveland\/nieuws\/onze-inbreng-in-februari-en-maart\/#respond"]}]},{"@type":"WebPage","@id":"https:\/\/d66.nl\/schouwen-duiveland\/nieuws\/onze-inbreng-in-februari-en-maart\/","url":"https:\/\/d66.nl\/schouwen-duiveland\/nieuws\/onze-inbreng-in-februari-en-maart\/","name":"D66 Schouwen-Duiveland &#8212; Onze inbreng in februari en maart","isPartOf":{"@id":"https:\/\/d66.nl\/schouwen-duiveland\/#website"},"primaryImageOfPage":{"@id":"https:\/\/d66.nl\/schouwen-duiveland\/nieuws\/onze-inbreng-in-februari-en-maart\/#primaryimage"},"image":{"@id":"https:\/\/d66.nl\/schouwen-duiveland\/nieuws\/onze-inbreng-in-februari-en-maart\/#primaryimage"},"thumbnailUrl":"https:\/\/media.d66.nl\/uploads\/sites\/144\/2026\/03\/schouwen-duiveland-maandelijks-4.png","datePublished":"2026-03-08T11:13:50+00:00","description":"Onze inbreng in februari en maart","breadcrumb":{"@id":"https:\/\/d66.nl\/schouwen-duiveland\/nieuws\/onze-inbreng-in-februari-en-maart\/#breadcrumb"},"inLanguage":"nl-NL","potentialAction":[{"@type":"ReadAction","target":["https:\/\/d66.nl\/schouwen-duiveland\/nieuws\/onze-inbreng-in-februari-en-maart\/"]}]},{"@type":"ImageObject","inLanguage":"nl-NL","@id":"https:\/\/d66.nl\/schouwen-duiveland\/nieuws\/onze-inbreng-in-februari-en-maart\/#primaryimage","url":"https:\/\/media.d66.nl\/uploads\/sites\/144\/2026\/03\/schouwen-duiveland-maandelijks-4.png","contentUrl":"https:\/\/media.d66.nl\/uploads\/sites\/144\/2026\/03\/schouwen-duiveland-maandelijks-4.png","width":1080,"height":1350},{"@type":"BreadcrumbList","@id":"https:\/\/d66.nl\/schouwen-duiveland\/nieuws\/onze-inbreng-in-februari-en-maart\/#breadcrumb","itemListElement":[{"@type":"ListItem","position":1,"name":"Home","item":"https:\/\/d66.nl\/schouwen-duiveland\/"},{"@type":"ListItem","position":2,"name":"Onze inbreng in februari en maart"}]},{"@type":"WebSite","@id":"https:\/\/d66.nl\/schouwen-duiveland\/#website","url":"https:\/\/d66.nl\/schouwen-duiveland\/","name":"D66 Schouwen-Duiveland","description":"Just another D66 Sites site","publisher":{"@id":"https:\/\/d66.nl\/schouwen-duiveland\/#organization"},"potentialAction":[{"@type":"SearchAction","target":{"@type":"EntryPoint","urlTemplate":"https:\/\/d66.nl\/schouwen-duiveland\/?s={search_term_string}"},"query-input":{"@type":"PropertyValueSpecification","valueRequired":true,"valueName":"search_term_string"}}],"inLanguage":"nl-NL"},{"@type":"Organization","@id":"https:\/\/d66.nl\/schouwen-duiveland\/#organization","name":"D66","url":"https:\/\/d66.nl\/schouwen-duiveland\/","logo":{"@type":"ImageObject","inLanguage":"nl-NL","@id":"https:\/\/d66.nl\/schouwen-duiveland\/#\/schema\/logo\/image\/","url":"https:\/\/d66.nl\/schouwen-duiveland\/wp-content\/uploads\/sites\/2\/2021\/10\/d66-themas-algemeen-og.png","contentUrl":"https:\/\/d66.nl\/schouwen-duiveland\/wp-content\/uploads\/sites\/2\/2021\/10\/d66-themas-algemeen-og.png","width":1200,"height":628,"caption":"D66"},"image":{"@id":"https:\/\/d66.nl\/schouwen-duiveland\/#\/schema\/logo\/image\/"}},{"@type":"Person","@id":"https:\/\/d66.nl\/schouwen-duiveland\/#\/schema\/person\/ad79a8a4a3b904bd7b3f0049626da9e2","name":"jeltpekaar","image":{"@type":"ImageObject","inLanguage":"nl-NL","@id":"https:\/\/secure.gravatar.com\/avatar\/26e758f7332fdd21a7835520e7f056e94fe99083d8d1af2bb79b9411c74c4804?s=96&d=mm&r=g","url":"https:\/\/secure.gravatar.com\/avatar\/26e758f7332fdd21a7835520e7f056e94fe99083d8d1af2bb79b9411c74c4804?s=96&d=mm&r=g","contentUrl":"https:\/\/secure.gravatar.com\/avatar\/26e758f7332fdd21a7835520e7f056e94fe99083d8d1af2bb79b9411c74c4804?s=96&d=mm&r=g","caption":"jeltpekaar"}}]}},"_links":{"self":[{"href":"https:\/\/d66.nl\/schouwen-duiveland\/wp-json\/wp\/v2\/posts\/1879","targetHints":{"allow":["GET"]}}],"collection":[{"href":"https:\/\/d66.nl\/schouwen-duiveland\/wp-json\/wp\/v2\/posts"}],"about":[{"href":"https:\/\/d66.nl\/schouwen-duiveland\/wp-json\/wp\/v2\/types\/post"}],"author":[{"embeddable":true,"href":"https:\/\/d66.nl\/schouwen-duiveland\/wp-json\/wp\/v2\/users\/1010"}],"replies":[{"embeddable":true,"href":"https:\/\/d66.nl\/schouwen-duiveland\/wp-json\/wp\/v2\/comments?post=1879"}],"version-history":[{"count":1,"href":"https:\/\/d66.nl\/schouwen-duiveland\/wp-json\/wp\/v2\/posts\/1879\/revisions"}],"predecessor-version":[{"id":1882,"href":"https:\/\/d66.nl\/schouwen-duiveland\/wp-json\/wp\/v2\/posts\/1879\/revisions\/1882"}],"wp:featuredmedia":[{"embeddable":true,"href":"https:\/\/d66.nl\/schouwen-duiveland\/wp-json\/wp\/v2\/media\/1881"}],"wp:attachment":[{"href":"https:\/\/d66.nl\/schouwen-duiveland\/wp-json\/wp\/v2\/media?parent=1879"}],"wp:term":[{"taxonomy":"category","embeddable":true,"href":"https:\/\/d66.nl\/schouwen-duiveland\/wp-json\/wp\/v2\/categories?post=1879"},{"taxonomy":"labels","embeddable":true,"href":"https:\/\/d66.nl\/schouwen-duiveland\/wp-json\/wp\/v2\/labels?post=1879"},{"taxonomy":"search-tags","embeddable":true,"href":"https:\/\/d66.nl\/schouwen-duiveland\/wp-json\/wp\/v2\/search-tags?post=1879"}],"curies":[{"name":"wp","href":"https:\/\/api.w.org\/{rel}","templated":true}]}}