{"id":1502,"date":"2025-11-16T20:44:28","date_gmt":"2025-11-16T20:44:28","guid":{"rendered":"https:\/\/d66.nl\/schouwen-duiveland\/nieuws\/"},"modified":"2025-11-17T21:09:56","modified_gmt":"2025-11-17T21:09:56","slug":"de-begroting-november-2025-hoe-is-het-gegaan","status":"publish","type":"post","link":"https:\/\/d66.nl\/schouwen-duiveland\/nieuws\/de-begroting-november-2025-hoe-is-het-gegaan","title":{"rendered":"De begroting (november 2025): hoe is het gegaan?"},"content":{"rendered":"<div\n  id=\"\"\n  class=\"wrapper  wrapper__spacing-bottom-large--30 wrapper__spacing-bottom-desktop--20 wrapper__spacing-bottom-mobile--20  wrapper__gutter--none\"\n  >\n  \t<div class=\"wrapper__container wrapper__container-width-large--default\">\n\t  <div class=\"wrapper__inner wrapper__width-large--14 wrapper__width-desktop--20 wrapper__width-mobile--24 wrapper__offset-large--6 wrapper__offset-desktop--4 wrapper__offset-mobile--0\">\n\t\t<h1 class=\"heading   heading__size--giant heading__font--serif heading__weight--regular  block-heading__heading\" id=\"nav-de-begroting--november-2025---hoe-is-het-gegaan-6550\"  data-nav-heading-mobile=\"De begroting (november 2025): hoe is het gegaan?\" >\n\tDe begroting (november 2025): hoe is het gegaan?<\/h1>\t  <\/div>\n\t<\/div>\n  <\/div>\n\n\n<div\n  id=\"\"\n  class=\"wrapper  wrapper__spacing-bottom-large--20 wrapper__spacing-bottom-desktop--10 wrapper__spacing-bottom-mobile--10  wrapper__gutter--none\"\n  >\n  \t<div class=\"wrapper__container wrapper__container-width-large--default\">\n\t  <div class=\"wrapper__inner wrapper__width-large--13 wrapper__width-desktop--22 wrapper__width-mobile--24 wrapper__offset-large--6 wrapper__offset-desktop--2 wrapper__offset-mobile--0\">\n\t\t<p\n\t\tclass=\"paragraph   paragraph__size--big   block-paragraph__paragraph\"\n\t\t\t>\n\t\tWe kijken met een positief gevoel terug op de afgelopen begrotingsbehandeling, want al onze voorstellen en de voorstellen waar wij mede-indiener van waren, zijn aangenomen!\t<\/p>\t  <\/div>\n\t<\/div>\n  <\/div>\n\n\n<div\n  id=\"\"\n  class=\"wrapper  wrapper__spacing-bottom-large--20 wrapper__spacing-bottom-desktop--10 wrapper__spacing-bottom-mobile--10  wrapper__gutter--none\"\n  >\n  \t<div class=\"wrapper__container wrapper__container-width-large--default\">\n\t  <div class=\"wrapper__inner wrapper__width-large--18 wrapper__width-desktop--22 wrapper__width-mobile--24 wrapper__offset-large--6 wrapper__offset-desktop--2 wrapper__offset-mobile--0\">\n\t\t<section class=\"block-post-content\">\n\t<div class=\"block-post-content__title\">\n\t\t<h3 class=\"heading  heading__color--black heading__size--medium heading__font--sans heading__weight--bold  block-post-content__heading\" id=\"nav-amendement--beweegpark--zierikzee--d66--pvda--groenlinks--vvd--sp--leefbaar-schouwen-duiveland-5009\" data-nav-heading-mobile=\"Amendement: Beweegpark  Zierikzee (D66, PvdA, GroenLinks, VVD, SP, Leefbaar Schouwen-Duiveland)\">\n\tAmendement: Beweegpark  Zierikzee (D66, PvdA, GroenLinks, VVD, SP, Leefbaar Schouwen-Duiveland)<\/h3>\t<\/div>\n\t<div class=\"block-post-content__content\">\n\t\t\n<div\n  id=\"\"\n  class=\"wrapper  wrapper__spacing-bottom-large--30 wrapper__spacing-bottom-desktop--20  wrapper__gutter--none\"\n  >\n  \t<div class=\"wrapper__container wrapper__container-width-large--default\">\n\t  <div class=\"wrapper__inner wrapper__width-large--24 wrapper__width-mobile--24\">\n\t\t<p\n\t\tclass=\"paragraph paragraph__align--left paragraph__color--black paragraph__size--default   block-paragraph__paragraph\"\n\t\t\t>\n\t\tWe zijn blij dat dit voorstel om het plan voor een beweegpark daadkrachtig uit te voeren, unaniem is aangenomen! Een terechte beloning voor dit mooie burgerinitiatief van inwoners die zich inzetten voor hun wijk.\t<\/p>\t  <\/div>\n\t<\/div>\n  <\/div>\n\n\t<\/div>\n\n\t<div class=\"block-post-content__sidebar\">\n\t\t\n\t\t\n\t\t\t<\/div>\n<\/section>\n\t  <\/div>\n\t<\/div>\n  <\/div>\n\n\n<div\n  id=\"\"\n  class=\"wrapper  wrapper__spacing-bottom-large--20 wrapper__spacing-bottom-desktop--10 wrapper__spacing-bottom-mobile--10  wrapper__gutter--none\"\n  >\n  \t<div class=\"wrapper__container wrapper__container-width-large--default\">\n\t  <div class=\"wrapper__inner wrapper__width-large--18 wrapper__width-desktop--22 wrapper__width-mobile--24 wrapper__offset-large--6 wrapper__offset-desktop--2 wrapper__offset-mobile--0\">\n\t\t<section class=\"block-post-content\">\n\t<div class=\"block-post-content__title\">\n\t\t<h3 class=\"heading  heading__color--black heading__size--medium heading__font--sans heading__weight--bold  block-post-content__heading\" id=\"nav-amendement--uitbreiding-griffie--raadsbreed-4797\" data-nav-heading-mobile=\"Amendement: Uitbreiding griffie (raadsbreed)\">\n\tAmendement: Uitbreiding griffie (raadsbreed)<\/h3>\t<\/div>\n\t<div class=\"block-post-content__content\">\n\t\t\n<div\n  id=\"\"\n  class=\"wrapper  wrapper__spacing-bottom-large--30 wrapper__spacing-bottom-desktop--20  wrapper__gutter--none\"\n  >\n  \t<div class=\"wrapper__container wrapper__container-width-large--default\">\n\t  <div class=\"wrapper__inner wrapper__width-large--24 wrapper__width-mobile--24\">\n\t\t<p\n\t\tclass=\"paragraph paragraph__align--left paragraph__color--black paragraph__size--default   block-paragraph__paragraph\"\n\t\t\t>\n\t\tMet een extra raadsadviseur kan de gemeenteraad nog beter haar werk uitvoeren en inwoners vertegenwoordigen. Mooi dat dit voorstel unaniem is aangenomen, want een sterke gemeenteraad is goed nieuws voor de democratie op Schouwen-Duiveland.\t<\/p>\t  <\/div>\n\t<\/div>\n  <\/div>\n\n\t<\/div>\n\n\t<div class=\"block-post-content__sidebar\">\n\t\t\n\t\t\n\t\t\t<\/div>\n<\/section>\n\t  <\/div>\n\t<\/div>\n  <\/div>\n\n\n<div\n  id=\"\"\n  class=\"wrapper  wrapper__spacing-bottom-large--20 wrapper__spacing-bottom-desktop--10 wrapper__spacing-bottom-mobile--10  wrapper__gutter--none\"\n  >\n  \t<div class=\"wrapper__container wrapper__container-width-large--default\">\n\t  <div class=\"wrapper__inner wrapper__width-large--18 wrapper__width-desktop--22 wrapper__width-mobile--24 wrapper__offset-large--6 wrapper__offset-desktop--2 wrapper__offset-mobile--0\">\n\t\t<section class=\"block-post-content\">\n\t<div class=\"block-post-content__title\">\n\t\t<h3 class=\"heading  heading__color--black heading__size--medium heading__font--sans heading__weight--bold  block-post-content__heading\" id=\"nav-motie--veilige-fiets--en-wandelpaden--d66--cda--leefbaar-schouwen-duiveland-4266\" data-nav-heading-mobile=\"Motie: Veilige fiets- en wandelpaden (D66, CDA, Leefbaar Schouwen-Duiveland)\">\n\tMotie: Veilige fiets- en wandelpaden (D66, CDA, Leefbaar Schouwen-Duiveland)<\/h3>\t<\/div>\n\t<div class=\"block-post-content__content\">\n\t\t\n<div\n  id=\"\"\n  class=\"wrapper  wrapper__spacing-bottom-large--30 wrapper__spacing-bottom-desktop--20  wrapper__gutter--none\"\n  >\n  \t<div class=\"wrapper__container wrapper__container-width-large--default\">\n\t  <div class=\"wrapper__inner wrapper__width-large--24 wrapper__width-mobile--24\">\n\t\t<p\n\t\tclass=\"paragraph paragraph__align--left paragraph__color--black paragraph__size--default   block-paragraph__paragraph\"\n\t\t\t>\n\t\tSchouwen-Duiveland is een gemeente waar inwoners en toeristen dagelijks gebruikmaken van fiets- en wandelpaden. Deze paden moeten goed onderhouden en veilig zijn; wie er ook voor verantwoordelijk is. Mooi dat ons voorstel om snel met een oplossing te komen voor deze paden is aangenomen! Alleen de VVD stemde tegen.<br><br>De PZC schreef een stuk over dit voorstel: <a href=\"https:\/\/www.pzc.nl\/schouwen-duiveland\/politieke-partijen-schouwen-duiveland-doen-voorstel-om-fiets-en-wandelpaden-aan-te-pakken~afab1dbb\/\">Politieke partijen Schouwen-Duiveland doen voorstel om fiets- en wandelpaden aan te pakken | Schouwen-Duiveland | PZC.nl<\/a>\t<\/p>\t  <\/div>\n\t<\/div>\n  <\/div>\n\n\t<\/div>\n\n\t<div class=\"block-post-content__sidebar\">\n\t\t\n\t\t\n\t\t\t<\/div>\n<\/section>\n\t  <\/div>\n\t<\/div>\n  <\/div>\n\n\n<div\n  id=\"\"\n  class=\"wrapper  wrapper__spacing-bottom-large--20 wrapper__spacing-bottom-desktop--10 wrapper__spacing-bottom-mobile--10  wrapper__gutter--none\"\n  >\n  \t<div class=\"wrapper__container wrapper__container-width-large--default\">\n\t  <div class=\"wrapper__inner wrapper__width-large--18 wrapper__width-desktop--22 wrapper__width-mobile--24 wrapper__offset-large--6 wrapper__offset-desktop--2 wrapper__offset-mobile--0\">\n\t\t<section class=\"block-post-content\">\n\t<div class=\"block-post-content__title\">\n\t\t<h3 class=\"heading  heading__color--black heading__size--medium heading__font--sans heading__weight--bold  block-post-content__heading\" id=\"nav-motie--versterk-de-democratie--d66--pvda-3360\" data-nav-heading-mobile=\"Motie: Versterk de democratie (D66, PvdA)\">\n\tMotie: Versterk de democratie (D66, PvdA)<\/h3>\t<\/div>\n\t<div class=\"block-post-content__content\">\n\t\t\n<div\n  id=\"\"\n  class=\"wrapper  wrapper__spacing-bottom-large--30 wrapper__spacing-bottom-desktop--20  wrapper__gutter--none\"\n  >\n  \t<div class=\"wrapper__container wrapper__container-width-large--default\">\n\t  <div class=\"wrapper__inner wrapper__width-large--24 wrapper__width-mobile--24\">\n\t\t<p\n\t\tclass=\"paragraph paragraph__align--left paragraph__color--black paragraph__size--default   block-paragraph__paragraph\"\n\t\t\t>\n\t\tWe zijn blij dat we aan de slag kunnen met het verbeteren van de raadsinformatiebijeenkomsten! Op die manier kunnen we aan de slag met een format dat aantrekkelijk is voor inwoners om bij aan te sluiten. Met veel ruimte voor vragen en dialoog. Want een PowerPoint met informatie kun je ook thuis bekijken. Alleen LSD stemde tegen.\t<\/p>\t  <\/div>\n\t<\/div>\n  <\/div>\n\n\t<\/div>\n\n\t<div class=\"block-post-content__sidebar\">\n\t\t\n\t\t\n\t\t\t<\/div>\n<\/section>\n\t  <\/div>\n\t<\/div>\n  <\/div>\n\n\n<div\n  id=\"\"\n  class=\"wrapper  wrapper__spacing-bottom-large--20 wrapper__spacing-bottom-desktop--10 wrapper__spacing-bottom-mobile--10  wrapper__gutter--none\"\n  >\n  \t<div class=\"wrapper__container wrapper__container-width-large--default\">\n\t  <div class=\"wrapper__inner wrapper__width-large--18 wrapper__width-desktop--22 wrapper__width-mobile--24 wrapper__offset-large--6 wrapper__offset-desktop--2 wrapper__offset-mobile--0\">\n\t\t<section class=\"block-post-content\">\n\t<div class=\"block-post-content__title\">\n\t\t<h3 class=\"heading  heading__color--black heading__size--medium heading__font--sans heading__weight--bold  block-post-content__heading\" id=\"nav-motie--elektrische-laadkabel-over-de-stoep--d66--leefbaar-schouwen-duiveland-4377\" data-nav-heading-mobile=\"Motie: Elektrische laadkabel over de stoep (D66, Leefbaar Schouwen-Duiveland)\">\n\tMotie: Elektrische laadkabel over de stoep (D66, Leefbaar Schouwen-Duiveland)<\/h3>\t<\/div>\n\t<div class=\"block-post-content__content\">\n\t\t\n<div\n  id=\"\"\n  class=\"wrapper  wrapper__spacing-bottom-large--30 wrapper__spacing-bottom-desktop--20  wrapper__gutter--none\"\n  >\n  \t<div class=\"wrapper__container wrapper__container-width-large--default\">\n\t  <div class=\"wrapper__inner wrapper__width-large--24 wrapper__width-mobile--24\">\n\t\t<p\n\t\tclass=\"paragraph paragraph__align--left paragraph__color--black paragraph__size--default   block-paragraph__paragraph\"\n\t\t\t>\n\t\tSchouwen-Duiveland is de enige Zeeuwse gemeente waar je je elektrische auto niet mag opladen met een kabel die (onder een kabelmat) over de stoep, tussen jouw huis en auto loopt. Met onze aangenomen motie heeft de raad een duidelijk signaal afgegeven: dat moet hier ook kunnen.\t<\/p>\t  <\/div>\n\t<\/div>\n  <\/div>\n\n\t<\/div>\n\n\t<div class=\"block-post-content__sidebar\">\n\t\t\n\t\t\n\t\t\t<\/div>\n<\/section>\n\t  <\/div>\n\t<\/div>\n  <\/div>\n\n\n<div\n  id=\"\"\n  class=\"wrapper  wrapper__spacing-bottom-large--20 wrapper__spacing-bottom-desktop--10 wrapper__spacing-bottom-mobile--10  wrapper__gutter--none\"\n  >\n  \t<div class=\"wrapper__container wrapper__container-width-large--default\">\n\t  <div class=\"wrapper__inner wrapper__width-large--18 wrapper__width-desktop--22 wrapper__width-mobile--24 wrapper__offset-large--6 wrapper__offset-desktop--2 wrapper__offset-mobile--0\">\n\t\t<section class=\"block-post-content\">\n\t<div class=\"block-post-content__title\">\n\t\t<h3 class=\"heading  heading__color--black heading__size--medium heading__font--sans heading__weight--bold  block-post-content__heading\" id=\"nav-motie--regie--op-su--cidepreventie--raadsbreed-5149\" data-nav-heading-mobile=\"Motie: Regie  op su\u00efcidepreventie (raadsbreed)\">\n\tMotie: Regie  op su\u00efcidepreventie (raadsbreed)<\/h3>\t<\/div>\n\t<div class=\"block-post-content__content\">\n\t\t\n<div\n  id=\"\"\n  class=\"wrapper  wrapper__spacing-bottom-large--30 wrapper__spacing-bottom-desktop--20  wrapper__gutter--none\"\n  >\n  \t<div class=\"wrapper__container wrapper__container-width-large--default\">\n\t  <div class=\"wrapper__inner wrapper__width-large--24 wrapper__width-mobile--24\">\n\t\t<p\n\t\tclass=\"paragraph paragraph__align--left paragraph__color--black paragraph__size--default   block-paragraph__paragraph\"\n\t\t\t>\n\t\tWe zijn ontroerd en diep onder de indruk door het persoonlijke verhaal waarmee CDA-raadslid Jos\u00e9 Schikker-Hoekman dit initiatief introduceerde. Iedere su\u00efcide is er \u00e9\u00e9n te veel en het is onze plicht als raad om alles te doen om mensen tijdig te helpen. We willen het CDA en in het bijzonder collega-raadslid Jos\u00e9 bedanken voor dit initiatief en zullen samen toezien op een goede uitvoering hiervan.\t<\/p>\t  <\/div>\n\t<\/div>\n  <\/div>\n\n\t<\/div>\n\n\t<div class=\"block-post-content__sidebar\">\n\t\t\n\t\t\n\t\t\t<\/div>\n<\/section>\n\t  <\/div>\n\t<\/div>\n  <\/div>\n","protected":false},"excerpt":{"rendered":"","protected":false},"author":1010,"featured_media":1503,"comment_status":"open","ping_status":"open","sticky":false,"template":"","format":"standard","meta":{"_acf_changed":false,"footnotes":""},"categories":[1],"search-tags":[],"labels":[],"class_list":["post-1502","post","type-post","status-publish","format-standard","has-post-thumbnail","hentry","category-d66-schouwen-duiveland"],"acf":[],"yoast_head":"<!-- This site is optimized with the Yoast SEO plugin v27.3 - https:\/\/yoast.com\/product\/yoast-seo-wordpress\/ -->\n<title>D66 Schouwen-Duiveland &#8212; De begroting (november 2025): hoe is het gegaan?<\/title>\n<meta name=\"description\" content=\"De begroting (november 2025): hoe is het gegaan?\" \/>\n<meta name=\"robots\" content=\"index, follow, max-snippet:-1, max-image-preview:large, max-video-preview:-1\" \/>\n<link rel=\"canonical\" href=\"https:\/\/d66.nl\/schouwen-duiveland\/nieuws\/de-begroting-november-2025-hoe-is-het-gegaan\" \/>\n<meta property=\"og:locale\" content=\"nl_NL\" \/>\n<meta property=\"og:type\" content=\"article\" \/>\n<meta property=\"og:title\" content=\"D66 Schouwen-Duiveland &#8212; De begroting (november 2025): hoe is het gegaan?\" \/>\n<meta property=\"og:description\" content=\"De begroting (november 2025): hoe is het gegaan?\" \/>\n<meta property=\"og:url\" content=\"https:\/\/d66.nl\/schouwen-duiveland\/nieuws\/de-begroting-november-2025-hoe-is-het-gegaan\/\" \/>\n<meta property=\"og:site_name\" content=\"D66 Schouwen-Duiveland\" \/>\n<meta property=\"article:published_time\" content=\"2025-11-16T20:44:28+00:00\" \/>\n<meta property=\"article:modified_time\" content=\"2025-11-17T21:09:56+00:00\" \/>\n<meta property=\"og:image\" content=\"https:\/\/d66.nl\/schouwen-duiveland\/wp-content\/uploads\/sites\/144\/2025\/11\/schouwen-duiveland-maandelijks-3.png\" \/>\n\t<meta property=\"og:image:width\" content=\"1080\" \/>\n\t<meta property=\"og:image:height\" content=\"1350\" \/>\n\t<meta property=\"og:image:type\" content=\"image\/png\" \/>\n<meta name=\"author\" content=\"jeltpekaar\" \/>\n<meta name=\"twitter:card\" content=\"summary_large_image\" \/>\n<meta name=\"twitter:label1\" content=\"Geschreven door\" \/>\n\t<meta name=\"twitter:data1\" content=\"jeltpekaar\" \/>\n\t<meta name=\"twitter:label2\" content=\"Geschatte leestijd\" \/>\n\t<meta name=\"twitter:data2\" content=\"1 minuut\" \/>\n<script type=\"application\/ld+json\" class=\"yoast-schema-graph\">{\"@context\":\"https:\\\/\\\/schema.org\",\"@graph\":[{\"@type\":\"Article\",\"@id\":\"https:\\\/\\\/d66.nl\\\/schouwen-duiveland\\\/nieuws\\\/de-begroting-november-2025-hoe-is-het-gegaan\\\/#article\",\"isPartOf\":{\"@id\":\"https:\\\/\\\/d66.nl\\\/schouwen-duiveland\\\/nieuws\\\/de-begroting-november-2025-hoe-is-het-gegaan\\\/\"},\"author\":{\"name\":\"jeltpekaar\",\"@id\":\"https:\\\/\\\/d66.nl\\\/schouwen-duiveland\\\/#\\\/schema\\\/person\\\/ad79a8a4a3b904bd7b3f0049626da9e2\"},\"headline\":\"De begroting (november 2025): hoe is het gegaan?\",\"datePublished\":\"2025-11-16T20:44:28+00:00\",\"dateModified\":\"2025-11-17T21:09:56+00:00\",\"mainEntityOfPage\":{\"@id\":\"https:\\\/\\\/d66.nl\\\/schouwen-duiveland\\\/nieuws\\\/de-begroting-november-2025-hoe-is-het-gegaan\\\/\"},\"wordCount\":7,\"commentCount\":0,\"publisher\":{\"@id\":\"https:\\\/\\\/d66.nl\\\/schouwen-duiveland\\\/#organization\"},\"image\":{\"@id\":\"https:\\\/\\\/d66.nl\\\/schouwen-duiveland\\\/nieuws\\\/de-begroting-november-2025-hoe-is-het-gegaan\\\/#primaryimage\"},\"thumbnailUrl\":\"https:\\\/\\\/d66.nl\\\/schouwen-duiveland\\\/wp-content\\\/uploads\\\/sites\\\/144\\\/2025\\\/11\\\/schouwen-duiveland-maandelijks-3.png\",\"articleSection\":[\"D66 Schouwen-Duiveland\"],\"inLanguage\":\"nl-NL\",\"potentialAction\":[{\"@type\":\"CommentAction\",\"name\":\"Comment\",\"target\":[\"https:\\\/\\\/d66.nl\\\/schouwen-duiveland\\\/nieuws\\\/de-begroting-november-2025-hoe-is-het-gegaan\\\/#respond\"]}]},{\"@type\":\"WebPage\",\"@id\":\"https:\\\/\\\/d66.nl\\\/schouwen-duiveland\\\/nieuws\\\/de-begroting-november-2025-hoe-is-het-gegaan\\\/\",\"url\":\"https:\\\/\\\/d66.nl\\\/schouwen-duiveland\\\/nieuws\\\/de-begroting-november-2025-hoe-is-het-gegaan\\\/\",\"name\":\"D66 Schouwen-Duiveland &#8212; De begroting (november 2025): hoe is het gegaan?\",\"isPartOf\":{\"@id\":\"https:\\\/\\\/d66.nl\\\/schouwen-duiveland\\\/#website\"},\"primaryImageOfPage\":{\"@id\":\"https:\\\/\\\/d66.nl\\\/schouwen-duiveland\\\/nieuws\\\/de-begroting-november-2025-hoe-is-het-gegaan\\\/#primaryimage\"},\"image\":{\"@id\":\"https:\\\/\\\/d66.nl\\\/schouwen-duiveland\\\/nieuws\\\/de-begroting-november-2025-hoe-is-het-gegaan\\\/#primaryimage\"},\"thumbnailUrl\":\"https:\\\/\\\/d66.nl\\\/schouwen-duiveland\\\/wp-content\\\/uploads\\\/sites\\\/144\\\/2025\\\/11\\\/schouwen-duiveland-maandelijks-3.png\",\"datePublished\":\"2025-11-16T20:44:28+00:00\",\"dateModified\":\"2025-11-17T21:09:56+00:00\",\"description\":\"De begroting (november 2025): hoe is het gegaan?\",\"breadcrumb\":{\"@id\":\"https:\\\/\\\/d66.nl\\\/schouwen-duiveland\\\/nieuws\\\/de-begroting-november-2025-hoe-is-het-gegaan\\\/#breadcrumb\"},\"inLanguage\":\"nl-NL\",\"potentialAction\":[{\"@type\":\"ReadAction\",\"target\":[\"https:\\\/\\\/d66.nl\\\/schouwen-duiveland\\\/nieuws\\\/de-begroting-november-2025-hoe-is-het-gegaan\\\/\"]}]},{\"@type\":\"ImageObject\",\"inLanguage\":\"nl-NL\",\"@id\":\"https:\\\/\\\/d66.nl\\\/schouwen-duiveland\\\/nieuws\\\/de-begroting-november-2025-hoe-is-het-gegaan\\\/#primaryimage\",\"url\":\"https:\\\/\\\/d66.nl\\\/schouwen-duiveland\\\/wp-content\\\/uploads\\\/sites\\\/144\\\/2025\\\/11\\\/schouwen-duiveland-maandelijks-3.png\",\"contentUrl\":\"https:\\\/\\\/d66.nl\\\/schouwen-duiveland\\\/wp-content\\\/uploads\\\/sites\\\/144\\\/2025\\\/11\\\/schouwen-duiveland-maandelijks-3.png\",\"width\":1080,\"height\":1350},{\"@type\":\"BreadcrumbList\",\"@id\":\"https:\\\/\\\/d66.nl\\\/schouwen-duiveland\\\/nieuws\\\/de-begroting-november-2025-hoe-is-het-gegaan\\\/#breadcrumb\",\"itemListElement\":[{\"@type\":\"ListItem\",\"position\":1,\"name\":\"Home\",\"item\":\"https:\\\/\\\/d66.nl\\\/schouwen-duiveland\\\/\"},{\"@type\":\"ListItem\",\"position\":2,\"name\":\"De begroting (november 2025): hoe is het gegaan?\"}]},{\"@type\":\"WebSite\",\"@id\":\"https:\\\/\\\/d66.nl\\\/schouwen-duiveland\\\/#website\",\"url\":\"https:\\\/\\\/d66.nl\\\/schouwen-duiveland\\\/\",\"name\":\"D66 Schouwen-Duiveland\",\"description\":\"Just another D66 Sites site\",\"publisher\":{\"@id\":\"https:\\\/\\\/d66.nl\\\/schouwen-duiveland\\\/#organization\"},\"potentialAction\":[{\"@type\":\"SearchAction\",\"target\":{\"@type\":\"EntryPoint\",\"urlTemplate\":\"https:\\\/\\\/d66.nl\\\/schouwen-duiveland\\\/?s={search_term_string}\"},\"query-input\":{\"@type\":\"PropertyValueSpecification\",\"valueRequired\":true,\"valueName\":\"search_term_string\"}}],\"inLanguage\":\"nl-NL\"},{\"@type\":\"Organization\",\"@id\":\"https:\\\/\\\/d66.nl\\\/schouwen-duiveland\\\/#organization\",\"name\":\"D66\",\"url\":\"https:\\\/\\\/d66.nl\\\/schouwen-duiveland\\\/\",\"logo\":{\"@type\":\"ImageObject\",\"inLanguage\":\"nl-NL\",\"@id\":\"https:\\\/\\\/d66.nl\\\/schouwen-duiveland\\\/#\\\/schema\\\/logo\\\/image\\\/\",\"url\":\"https:\\\/\\\/d66.nl\\\/schouwen-duiveland\\\/wp-content\\\/uploads\\\/sites\\\/2\\\/2021\\\/10\\\/d66-themas-algemeen-og.png\",\"contentUrl\":\"https:\\\/\\\/d66.nl\\\/schouwen-duiveland\\\/wp-content\\\/uploads\\\/sites\\\/2\\\/2021\\\/10\\\/d66-themas-algemeen-og.png\",\"width\":1200,\"height\":628,\"caption\":\"D66\"},\"image\":{\"@id\":\"https:\\\/\\\/d66.nl\\\/schouwen-duiveland\\\/#\\\/schema\\\/logo\\\/image\\\/\"}},{\"@type\":\"Person\",\"@id\":\"https:\\\/\\\/d66.nl\\\/schouwen-duiveland\\\/#\\\/schema\\\/person\\\/ad79a8a4a3b904bd7b3f0049626da9e2\",\"name\":\"jeltpekaar\",\"image\":{\"@type\":\"ImageObject\",\"inLanguage\":\"nl-NL\",\"@id\":\"https:\\\/\\\/secure.gravatar.com\\\/avatar\\\/26e758f7332fdd21a7835520e7f056e94fe99083d8d1af2bb79b9411c74c4804?s=96&d=mm&r=g\",\"url\":\"https:\\\/\\\/secure.gravatar.com\\\/avatar\\\/26e758f7332fdd21a7835520e7f056e94fe99083d8d1af2bb79b9411c74c4804?s=96&d=mm&r=g\",\"contentUrl\":\"https:\\\/\\\/secure.gravatar.com\\\/avatar\\\/26e758f7332fdd21a7835520e7f056e94fe99083d8d1af2bb79b9411c74c4804?s=96&d=mm&r=g\",\"caption\":\"jeltpekaar\"}}]}<\/script>\n<!-- \/ Yoast SEO plugin. -->","yoast_head_json":{"title":"D66 Schouwen-Duiveland &#8212; De begroting (november 2025): hoe is het gegaan?","description":"De begroting (november 2025): hoe is het gegaan?","robots":{"index":"index","follow":"follow","max-snippet":"max-snippet:-1","max-image-preview":"max-image-preview:large","max-video-preview":"max-video-preview:-1"},"canonical":"https:\/\/d66.nl\/schouwen-duiveland\/nieuws\/de-begroting-november-2025-hoe-is-het-gegaan","og_locale":"nl_NL","og_type":"article","og_title":"D66 Schouwen-Duiveland &#8212; De begroting (november 2025): hoe is het gegaan?","og_description":"De begroting (november 2025): hoe is het gegaan?","og_url":"https:\/\/d66.nl\/schouwen-duiveland\/nieuws\/de-begroting-november-2025-hoe-is-het-gegaan\/","og_site_name":"D66 Schouwen-Duiveland","article_published_time":"2025-11-16T20:44:28+00:00","article_modified_time":"2025-11-17T21:09:56+00:00","og_image":[{"width":1080,"height":1350,"url":"https:\/\/d66.nl\/schouwen-duiveland\/wp-content\/uploads\/sites\/144\/2025\/11\/schouwen-duiveland-maandelijks-3.png","type":"image\/png"}],"author":"jeltpekaar","twitter_card":"summary_large_image","twitter_misc":{"Geschreven door":"jeltpekaar","Geschatte leestijd":"1 minuut"},"schema":{"@context":"https:\/\/schema.org","@graph":[{"@type":"Article","@id":"https:\/\/d66.nl\/schouwen-duiveland\/nieuws\/de-begroting-november-2025-hoe-is-het-gegaan\/#article","isPartOf":{"@id":"https:\/\/d66.nl\/schouwen-duiveland\/nieuws\/de-begroting-november-2025-hoe-is-het-gegaan\/"},"author":{"name":"jeltpekaar","@id":"https:\/\/d66.nl\/schouwen-duiveland\/#\/schema\/person\/ad79a8a4a3b904bd7b3f0049626da9e2"},"headline":"De begroting (november 2025): hoe is het gegaan?","datePublished":"2025-11-16T20:44:28+00:00","dateModified":"2025-11-17T21:09:56+00:00","mainEntityOfPage":{"@id":"https:\/\/d66.nl\/schouwen-duiveland\/nieuws\/de-begroting-november-2025-hoe-is-het-gegaan\/"},"wordCount":7,"commentCount":0,"publisher":{"@id":"https:\/\/d66.nl\/schouwen-duiveland\/#organization"},"image":{"@id":"https:\/\/d66.nl\/schouwen-duiveland\/nieuws\/de-begroting-november-2025-hoe-is-het-gegaan\/#primaryimage"},"thumbnailUrl":"https:\/\/d66.nl\/schouwen-duiveland\/wp-content\/uploads\/sites\/144\/2025\/11\/schouwen-duiveland-maandelijks-3.png","articleSection":["D66 Schouwen-Duiveland"],"inLanguage":"nl-NL","potentialAction":[{"@type":"CommentAction","name":"Comment","target":["https:\/\/d66.nl\/schouwen-duiveland\/nieuws\/de-begroting-november-2025-hoe-is-het-gegaan\/#respond"]}]},{"@type":"WebPage","@id":"https:\/\/d66.nl\/schouwen-duiveland\/nieuws\/de-begroting-november-2025-hoe-is-het-gegaan\/","url":"https:\/\/d66.nl\/schouwen-duiveland\/nieuws\/de-begroting-november-2025-hoe-is-het-gegaan\/","name":"D66 Schouwen-Duiveland &#8212; De begroting (november 2025): hoe is het gegaan?","isPartOf":{"@id":"https:\/\/d66.nl\/schouwen-duiveland\/#website"},"primaryImageOfPage":{"@id":"https:\/\/d66.nl\/schouwen-duiveland\/nieuws\/de-begroting-november-2025-hoe-is-het-gegaan\/#primaryimage"},"image":{"@id":"https:\/\/d66.nl\/schouwen-duiveland\/nieuws\/de-begroting-november-2025-hoe-is-het-gegaan\/#primaryimage"},"thumbnailUrl":"https:\/\/d66.nl\/schouwen-duiveland\/wp-content\/uploads\/sites\/144\/2025\/11\/schouwen-duiveland-maandelijks-3.png","datePublished":"2025-11-16T20:44:28+00:00","dateModified":"2025-11-17T21:09:56+00:00","description":"De begroting (november 2025): hoe is het gegaan?","breadcrumb":{"@id":"https:\/\/d66.nl\/schouwen-duiveland\/nieuws\/de-begroting-november-2025-hoe-is-het-gegaan\/#breadcrumb"},"inLanguage":"nl-NL","potentialAction":[{"@type":"ReadAction","target":["https:\/\/d66.nl\/schouwen-duiveland\/nieuws\/de-begroting-november-2025-hoe-is-het-gegaan\/"]}]},{"@type":"ImageObject","inLanguage":"nl-NL","@id":"https:\/\/d66.nl\/schouwen-duiveland\/nieuws\/de-begroting-november-2025-hoe-is-het-gegaan\/#primaryimage","url":"https:\/\/d66.nl\/schouwen-duiveland\/wp-content\/uploads\/sites\/144\/2025\/11\/schouwen-duiveland-maandelijks-3.png","contentUrl":"https:\/\/d66.nl\/schouwen-duiveland\/wp-content\/uploads\/sites\/144\/2025\/11\/schouwen-duiveland-maandelijks-3.png","width":1080,"height":1350},{"@type":"BreadcrumbList","@id":"https:\/\/d66.nl\/schouwen-duiveland\/nieuws\/de-begroting-november-2025-hoe-is-het-gegaan\/#breadcrumb","itemListElement":[{"@type":"ListItem","position":1,"name":"Home","item":"https:\/\/d66.nl\/schouwen-duiveland\/"},{"@type":"ListItem","position":2,"name":"De begroting (november 2025): hoe is het gegaan?"}]},{"@type":"WebSite","@id":"https:\/\/d66.nl\/schouwen-duiveland\/#website","url":"https:\/\/d66.nl\/schouwen-duiveland\/","name":"D66 Schouwen-Duiveland","description":"Just another D66 Sites site","publisher":{"@id":"https:\/\/d66.nl\/schouwen-duiveland\/#organization"},"potentialAction":[{"@type":"SearchAction","target":{"@type":"EntryPoint","urlTemplate":"https:\/\/d66.nl\/schouwen-duiveland\/?s={search_term_string}"},"query-input":{"@type":"PropertyValueSpecification","valueRequired":true,"valueName":"search_term_string"}}],"inLanguage":"nl-NL"},{"@type":"Organization","@id":"https:\/\/d66.nl\/schouwen-duiveland\/#organization","name":"D66","url":"https:\/\/d66.nl\/schouwen-duiveland\/","logo":{"@type":"ImageObject","inLanguage":"nl-NL","@id":"https:\/\/d66.nl\/schouwen-duiveland\/#\/schema\/logo\/image\/","url":"https:\/\/d66.nl\/schouwen-duiveland\/wp-content\/uploads\/sites\/2\/2021\/10\/d66-themas-algemeen-og.png","contentUrl":"https:\/\/d66.nl\/schouwen-duiveland\/wp-content\/uploads\/sites\/2\/2021\/10\/d66-themas-algemeen-og.png","width":1200,"height":628,"caption":"D66"},"image":{"@id":"https:\/\/d66.nl\/schouwen-duiveland\/#\/schema\/logo\/image\/"}},{"@type":"Person","@id":"https:\/\/d66.nl\/schouwen-duiveland\/#\/schema\/person\/ad79a8a4a3b904bd7b3f0049626da9e2","name":"jeltpekaar","image":{"@type":"ImageObject","inLanguage":"nl-NL","@id":"https:\/\/secure.gravatar.com\/avatar\/26e758f7332fdd21a7835520e7f056e94fe99083d8d1af2bb79b9411c74c4804?s=96&d=mm&r=g","url":"https:\/\/secure.gravatar.com\/avatar\/26e758f7332fdd21a7835520e7f056e94fe99083d8d1af2bb79b9411c74c4804?s=96&d=mm&r=g","contentUrl":"https:\/\/secure.gravatar.com\/avatar\/26e758f7332fdd21a7835520e7f056e94fe99083d8d1af2bb79b9411c74c4804?s=96&d=mm&r=g","caption":"jeltpekaar"}}]}},"_links":{"self":[{"href":"https:\/\/d66.nl\/schouwen-duiveland\/wp-json\/wp\/v2\/posts\/1502","targetHints":{"allow":["GET"]}}],"collection":[{"href":"https:\/\/d66.nl\/schouwen-duiveland\/wp-json\/wp\/v2\/posts"}],"about":[{"href":"https:\/\/d66.nl\/schouwen-duiveland\/wp-json\/wp\/v2\/types\/post"}],"author":[{"embeddable":true,"href":"https:\/\/d66.nl\/schouwen-duiveland\/wp-json\/wp\/v2\/users\/1010"}],"replies":[{"embeddable":true,"href":"https:\/\/d66.nl\/schouwen-duiveland\/wp-json\/wp\/v2\/comments?post=1502"}],"version-history":[{"count":2,"href":"https:\/\/d66.nl\/schouwen-duiveland\/wp-json\/wp\/v2\/posts\/1502\/revisions"}],"predecessor-version":[{"id":1507,"href":"https:\/\/d66.nl\/schouwen-duiveland\/wp-json\/wp\/v2\/posts\/1502\/revisions\/1507"}],"wp:featuredmedia":[{"embeddable":true,"href":"https:\/\/d66.nl\/schouwen-duiveland\/wp-json\/wp\/v2\/media\/1503"}],"wp:attachment":[{"href":"https:\/\/d66.nl\/schouwen-duiveland\/wp-json\/wp\/v2\/media?parent=1502"}],"wp:term":[{"taxonomy":"category","embeddable":true,"href":"https:\/\/d66.nl\/schouwen-duiveland\/wp-json\/wp\/v2\/categories?post=1502"},{"taxonomy":"search-tags","embeddable":true,"href":"https:\/\/d66.nl\/schouwen-duiveland\/wp-json\/wp\/v2\/search-tags?post=1502"},{"taxonomy":"labels","embeddable":true,"href":"https:\/\/d66.nl\/schouwen-duiveland\/wp-json\/wp\/v2\/labels?post=1502"}],"curies":[{"name":"wp","href":"https:\/\/api.w.org\/{rel}","templated":true}]}}