{"id":2131,"date":"2026-03-14T21:58:52","date_gmt":"2026-03-14T21:58:52","guid":{"rendered":"https:\/\/d66.nl\/renkum\/nieuws\/"},"modified":"2026-03-14T22:10:56","modified_gmt":"2026-03-14T22:10:56","slug":"wat-wil-d66-bereiken-voor-renkum","status":"publish","type":"post","link":"https:\/\/d66.nl\/renkum\/nieuws\/wat-wil-d66-bereiken-voor-renkum","title":{"rendered":"Wat wil D66 bereiken voor Renkum?"},"content":{"rendered":"<div\n  id=\"\"\n  class=\"wrapper  wrapper__spacing-bottom-large--220 wrapper__spacing-bottom-tablet--190 wrapper__spacing-bottom-mobile--140  wrapper__gutter--none\"\n  >\n  \t<div class=\"wrapper__container wrapper__container-width-large--default\">\n\t  <div class=\"wrapper__inner wrapper__width-large--24 wrapper__width-mobile--24\">\n\t\t\n<section class=\"block-stories-wall-slider js-block-stories-wall-slider\">\n\t<div class=\"block-stories-wall-slider__content-wrapper block-stories-wall-slider__content-wrapper--default\">\n\t\t<div class=\"block-stories-wall-slider__title\">\n\t\t\t<h2 class=\"heading heading__align--left heading__color--black heading__size--huge  heading__weight--bold\" id=\"nav-ons-plan-voor-de-gemeente-renkum5307\" data-nav-heading-mobile=\"Ons plan voor de gemeente Renkum\">\n\tOns plan voor de gemeente Renkum<\/h2>\t\t<\/div>\n\t\t<div class=\"block-stories-wall-slider__description\">\n\t\t\t<p class=\"paragraph paragraph__align--left paragraph__color--black paragraph__size--default paragraph__weight--medium\">\n\t\tIedereen moet kunnen meedoen. Daarom investeren we in gelijke kansen voor iedereen: sterke scholen, toegankelijke zorg, de bibliotheek, levendige buurthuizen, het verenigingsleven en goed openbaar vervoer. Wij denken in mogelijkheden. Zo helpen we alle inwoners van Renkum vooruit.\t<\/p>\t\t<\/div>\n\t\t\n\t\t\t\t\t<div class=\"block-stories-wall-slider__button\">\n\t\t\t\t<a href=\"https:\/\/d66.nl\/renkum\/verkiezingsprogramma\/\" class=\"btn btn__color--yellow btn__size--big btn__size-width--block\" id=\"\" title=\"Verkiezingsprogramma\" data-last-site-id=\"1\">\n\t<div class=\"btn__top-wrapper\">\n\t\t\n\t\t<span class=\"btn__title\">\n\t\t\tVerkiezingsprogramma\t\t<\/span>\n\n\t\t\t\t\t\t\t\t\t<div class=\"btn__media-icon\">\n\t\t\t\t\t<svg width='40' height='40' xmlns='http:\/\/www.w3.org\/2000\/svg'><path d='M26.447 19.724a1 1 0 0 1 0 1.79l-4.764 2.38a1 1 0 0 1-1.447-.893v-4.765a1 1 0 0 1 1.447-.893l4.764 2.381Z' fill='#000' \/><path d='M22.236 20.619h-8' \/><rect width='38' height='38' rx='19' transform='rotate(180 39 39)' \/><\/svg>\t\t\t\t<\/div>\n\t\t\t\t\t\t<\/div>\n\n\t<span class=\"btn__description\">\n\t\tLiever alles lezen? Klik dan hier!\t<\/span>\n\n\t<span class=\"btn__spinner btn__spinner--yellow btn__spinner--big\" aria-hidden=\"true\"><\/span>\n<\/a>\t\t\t<\/div>\n\t\t\t<\/div>\n\n\t<div class=\"block-stories-wall-slider__slider\">\n\t\t<div class=\"carousel-slider js-carousel-slider carousel-slider__for--cards\" data-is-slider-initialized=\"0\">\n\t<div class=\"carousel-slider__wrapper js-carousel-wrapper\">\n\t\t<div class=\"swiper\">\n\t\t\t<div class=\"swiper-wrapper\">\n\t\t\t\t\t\t\t\t\t\t\t\t\t\t<div class=\"swiper-slide\">\n\t\t\t\t\t\t<article class=\"article-card article-card__color--skyBlue\">\n\t\t<a class=\"article-card__link\" href=\"https:\/\/d66.nl\/renkum\/nieuws\/doorbraken-op-de-woningmarkt\" aria-label=\"Link naar artikel\">\n\t\t<header class=\"article-card__header\">\n\n\t\t\t\t\t\t<div class=\"article-card__meta-row-wrapper\">\n\t\t\t\t<div class=\"article-card__date\">\n\t\t\t\t\t\t<p class=\"paragraph   paragraph__size--medium paragraph__weight--semiBold\">\n\t\t02.02.2026\t<\/p>\t\t\t\t<\/div>\n\t\t\t<\/div>\n\t\t\t\t\t\t\t\t\t\t<div class=\"article-card__featured-image-wrapper\">\n\t\t\t\t\t<img loading=\"lazy\" decoding=\"async\" width=\"594\" height=\"479\" src=\"https:\/\/d66.nl\/renkum\/wp-content\/uploads\/sites\/107\/2022\/05\/woningbouw.jpg\" class=\"image article-card__img\" alt=\"\" \/>\t\t\t\t<\/div>\n\t\t\t\t\t\t\t\t<\/header>\n\n\t\t<div class=\"article-card__body\">\n\t\t\t\t\t\t\t<h3 class=\"heading   heading__size--large heading__font--sans heading__weight--bold\" id=\"nav-doorbraken-op-de-woningmarkt8322\">\n\tDoorbraken op de woningmarkt<\/h3>\t\t\t\t\t\t\n\t\t\t<button class=\"buttonV2 buttonV2__color--transparent buttonV2__size--default buttonV2__size-width--default   article-card__buttonV2\" id=\"\">\n\t<div class=\"buttonV2__top-wrapper buttonV2__arrow-align--right\">\n\t\t\t\t\t<span class=\"buttonV2__title\">\n\t\t\t\tLees verder\t\t\t<\/span>\n\t\t\n\t\t\t\t\t<div class=\"buttonV2__icon\">\n\t\t\t\t<svg xmlns='http:\/\/www.w3.org\/2000\/svg' viewBox='0 0 58.14 50.62'><path d='m32.82 50.62 25.32-25.31L32.82 0l-4.35 4.35 17.92 17.86H0v6.21h46.39L28.47 46.33l4.35 4.29z' fill='currentColor' \/><\/svg>\t\t\t<\/div>\n\t\t\t<\/div>\n\n\t<\/button>\t\t<\/div>\n\t<\/a>\n<\/article>\t\t\t\t\t<\/div>\n\t\t\t\t\t\t\t\t\t\t\t\t\t\t<div class=\"swiper-slide\">\n\t\t\t\t\t\t<article class=\"article-card article-card__color--yellow\">\n\t\t<a class=\"article-card__link\" href=\"https:\/\/d66.nl\/renkum\/nieuws\/doorbreek-de-impasse\" aria-label=\"Link naar artikel\">\n\t\t<header class=\"article-card__header\">\n\n\t\t\t\t\t\t<div class=\"article-card__meta-row-wrapper\">\n\t\t\t\t<div class=\"article-card__date\">\n\t\t\t\t\t\t<p class=\"paragraph   paragraph__size--medium paragraph__weight--semiBold\">\n\t\t06.02.2026\t<\/p>\t\t\t\t<\/div>\n\t\t\t<\/div>\n\t\t\t\t\t\t\t\t\t\t<div class=\"article-card__featured-image-wrapper\">\n\t\t\t\t\t<img loading=\"lazy\" decoding=\"async\" width=\"1024\" height=\"683\" src=\"https:\/\/d66.nl\/renkum\/wp-content\/uploads\/sites\/107\/2025\/12\/signal-2025-12-14-14-05-21-530-1024x683.jpg\" class=\"image article-card__img\" alt=\"\" \/>\t\t\t\t<\/div>\n\t\t\t\t\t\t\t\t<\/header>\n\n\t\t<div class=\"article-card__body\">\n\t\t\t\t\t\t\t<h3 class=\"heading   heading__size--large heading__font--sans heading__weight--bold\" id=\"nav-doorbreek-de-impasse6671\">\n\tDoorbreek de impasse<\/h3>\t\t\t\t\t\t\n\t\t\t<button class=\"buttonV2 buttonV2__color--transparent buttonV2__size--default buttonV2__size-width--default   article-card__buttonV2\" id=\"\">\n\t<div class=\"buttonV2__top-wrapper buttonV2__arrow-align--right\">\n\t\t\t\t\t<span class=\"buttonV2__title\">\n\t\t\t\tLees verder\t\t\t<\/span>\n\t\t\n\t\t\t\t\t<div class=\"buttonV2__icon\">\n\t\t\t\t<svg xmlns='http:\/\/www.w3.org\/2000\/svg' viewBox='0 0 58.14 50.62'><path d='m32.82 50.62 25.32-25.31L32.82 0l-4.35 4.35 17.92 17.86H0v6.21h46.39L28.47 46.33l4.35 4.29z' fill='currentColor' \/><\/svg>\t\t\t<\/div>\n\t\t\t<\/div>\n\n\t<\/button>\t\t<\/div>\n\t<\/a>\n<\/article>\t\t\t\t\t<\/div>\n\t\t\t\t\t\t\t\t\t\t\t\t\t\t<div class=\"swiper-slide\">\n\t\t\t\t\t\t<article class=\"article-card article-card__color--rosePink\">\n\t\t<a class=\"article-card__link\" href=\"https:\/\/d66.nl\/renkum\/nieuws\/doorbreek-de-bubbel\" aria-label=\"Link naar artikel\">\n\t\t<header class=\"article-card__header\">\n\n\t\t\t\t\t\t<div class=\"article-card__meta-row-wrapper\">\n\t\t\t\t<div class=\"article-card__date\">\n\t\t\t\t\t\t<p class=\"paragraph   paragraph__size--medium paragraph__weight--semiBold\">\n\t\t13.02.2026\t<\/p>\t\t\t\t<\/div>\n\t\t\t<\/div>\n\t\t\t\t\t\t\t\t\t\t<div class=\"article-card__featured-image-wrapper\">\n\t\t\t\t\t<img loading=\"lazy\" decoding=\"async\" width=\"418\" height=\"332\" src=\"https:\/\/d66.nl\/renkum\/wp-content\/uploads\/sites\/107\/2023\/01\/regenboog.png\" class=\"image article-card__img\" alt=\"\" \/>\t\t\t\t<\/div>\n\t\t\t\t\t\t\t\t<\/header>\n\n\t\t<div class=\"article-card__body\">\n\t\t\t\t\t\t\t<h3 class=\"heading   heading__size--large heading__font--sans heading__weight--bold\" id=\"nav-doorbreek-de-bubbel7682\">\n\tDoorbreek de bubbel<\/h3>\t\t\t\t\t\t\n\t\t\t<button class=\"buttonV2 buttonV2__color--transparent buttonV2__size--default buttonV2__size-width--default   article-card__buttonV2\" id=\"\">\n\t<div class=\"buttonV2__top-wrapper buttonV2__arrow-align--right\">\n\t\t\t\t\t<span class=\"buttonV2__title\">\n\t\t\t\tLees verder\t\t\t<\/span>\n\t\t\n\t\t\t\t\t<div class=\"buttonV2__icon\">\n\t\t\t\t<svg xmlns='http:\/\/www.w3.org\/2000\/svg' viewBox='0 0 58.14 50.62'><path d='m32.82 50.62 25.32-25.31L32.82 0l-4.35 4.35 17.92 17.86H0v6.21h46.39L28.47 46.33l4.35 4.29z' fill='currentColor' \/><\/svg>\t\t\t<\/div>\n\t\t\t<\/div>\n\n\t<\/button>\t\t<\/div>\n\t<\/a>\n<\/article>\t\t\t\t\t<\/div>\n\t\t\t\t\t\t\t\t\t\t\t\t\t\t<div class=\"swiper-slide\">\n\t\t\t\t\t\t<article class=\"article-card article-card__color--olive\">\n\t\t<a class=\"article-card__link\" href=\"https:\/\/d66.nl\/renkum\/nieuws\/2096\" aria-label=\"Link naar artikel\">\n\t\t<header class=\"article-card__header\">\n\n\t\t\t\t\t\t<div class=\"article-card__meta-row-wrapper\">\n\t\t\t\t<div class=\"article-card__date\">\n\t\t\t\t\t\t<p class=\"paragraph   paragraph__size--medium paragraph__weight--semiBold\">\n\t\t06.03.2026\t<\/p>\t\t\t\t<\/div>\n\t\t\t<\/div>\n\t\t\t\t\t\t\t\t\t\t<div class=\"article-card__featured-image-wrapper\">\n\t\t\t\t\t<img loading=\"lazy\" decoding=\"async\" width=\"1024\" height=\"683\" src=\"https:\/\/d66.nl\/renkum\/wp-content\/uploads\/sites\/107\/2025\/12\/2025-03-23-131526-gemrenkum-gemeentehuis-oosterbeek-1024x683.jpg\" class=\"image article-card__img\" alt=\"\" \/>\t\t\t\t<\/div>\n\t\t\t\t\t\t\t\t<\/header>\n\n\t\t<div class=\"article-card__body\">\n\t\t\t\t\t\t\t<h3 class=\"heading   heading__size--large heading__font--sans heading__weight--bold\" id=\"nav-doorbreek-de-bullshit4010\">\n\tDoorbreek de bullshit<\/h3>\t\t\t\t\t\t\n\t\t\t<button class=\"buttonV2 buttonV2__color--transparent buttonV2__size--default buttonV2__size-width--default   article-card__buttonV2\" id=\"\">\n\t<div class=\"buttonV2__top-wrapper buttonV2__arrow-align--right\">\n\t\t\t\t\t<span class=\"buttonV2__title\">\n\t\t\t\tLees verder\t\t\t<\/span>\n\t\t\n\t\t\t\t\t<div class=\"buttonV2__icon\">\n\t\t\t\t<svg xmlns='http:\/\/www.w3.org\/2000\/svg' viewBox='0 0 58.14 50.62'><path d='m32.82 50.62 25.32-25.31L32.82 0l-4.35 4.35 17.92 17.86H0v6.21h46.39L28.47 46.33l4.35 4.29z' fill='currentColor' \/><\/svg>\t\t\t<\/div>\n\t\t\t<\/div>\n\n\t<\/button>\t\t<\/div>\n\t<\/a>\n<\/article>\t\t\t\t\t<\/div>\n\t\t\t\t\t\t\t<\/div>\n\t\t<\/div>\n\t<\/div>\n\n\t\t\t<div class=\"carousel-slider-navigation js-carousel-slider-navigation carousel-slider-navigation__offset--always\">\n\t<div class=\"carousel-slider-navigation__fraction-pagination-wrapper\">\n\t\t<span class=\"custom-swiper-pagination-current\">1<\/span> \/ <span class=\"custom-swiper-pagination-total\">X<\/span>\n\t<\/div>\n\t<div class=\"carousel-slider-navigation__pagination-wrapper\">\n\t\t<div class=\"carousel-slider-navigation__pagination js-swiper-progressbar\"><\/div>\n\t<\/div>\n\t<div class=\"carousel-slider-navigation__navigation\">\n\t\t<button class=\"carousel-slider-navigation__nav-button carousel-slider-navigation__nav-button--prev js-swiper-prev\" aria-label=\"Previous slide\"><\/button>\n\t\t<button class=\"carousel-slider-navigation__nav-button carousel-slider-navigation__nav-button--next js-swiper-next\" aria-label=\"Next slide\"><\/button>\n\t<\/div>\n<\/div>\t\n<\/div>\t<\/div>\n\n<\/section>\n\t  <\/div>\n\t<\/div>\n  <\/div>\n\n\n<div\n  id=\"\"\n  class=\"wrapper  wrapper__spacing-bottom-large--20 wrapper__spacing-bottom-desktop--10 wrapper__spacing-bottom-mobile--10  wrapper__gutter--none\"\n  >\n  \t<div class=\"wrapper__container wrapper__container-width-large--default\">\n\t  <div class=\"wrapper__inner wrapper__width-large--13 wrapper__width-desktop--20 wrapper__width-mobile--24 wrapper__offset-large--6 wrapper__offset-desktop--2 wrapper__offset-mobile--0\">\n\t\t<p\n\t\tclass=\"paragraph   paragraph__size--big   block-paragraph__paragraph\"\n\t\t\t>\n\t\tOp deze pagina vind je alle punten in het kort onder elkaar.<br>\t<\/p>\t  <\/div>\n\t<\/div>\n  <\/div>\n\n\n<div\n  id=\"\"\n  class=\"wrapper  wrapper__spacing-bottom-large--50 wrapper__spacing-bottom-desktop--70 wrapper__spacing-bottom-mobile--50  wrapper__gutter--none\"\n  >\n  \t<div class=\"wrapper__container wrapper__container-width-large--default\">\n\t  <div class=\"wrapper__inner wrapper__width-large--18 wrapper__width-desktop--22 wrapper__width-mobile--24 wrapper__offset-large--6 wrapper__offset-desktop--2 wrapper__offset-mobile--0\">\n\t\t<section class=\"block-post-content\">\n\t<div class=\"block-post-content__title\">\n\t\t<h3 class=\"heading  heading__color--black heading__size--medium heading__font--sans heading__weight--bold  block-post-content__heading\" id=\"nav-inclusieve-en-verbonden-samenleving113\" data-nav-heading-mobile=\"Inclusieve en verbonden samenleving\">\n\tInclusieve en verbonden samenleving<\/h3>\t<\/div>\n\t<div class=\"block-post-content__content\">\n\t\t\n<div\n  id=\"\"\n  class=\"wrapper  wrapper__spacing-bottom-large--30 wrapper__spacing-bottom-desktop--20  wrapper__gutter--none\"\n  >\n  \t<div class=\"wrapper__container wrapper__container-width-large--default\">\n\t  <div class=\"wrapper__inner wrapper__width-large--24 wrapper__width-mobile--24\">\n\t\t<p\n\t\tclass=\"paragraph paragraph__align--left paragraph__color--black paragraph__size--default   block-paragraph__paragraph\"\n\t\t\t>\n\t\tAlle burgers s\u00e1men zijn de gemeente. D66 Renkum zet zich graag in voor iedereen in de gemeente en ziet zichzelf als een verbindende factor. Wij ondersteunen graag initiatieven als die ten goede komen aan de brede gemeenschap ongeacht inkomen, sociale groep, religie, afkomst of identiteit.\t<\/p>\t  <\/div>\n\t<\/div>\n  <\/div>\n\n\n<div\n  id=\"\"\n  class=\"wrapper  wrapper__spacing-bottom-large--30 wrapper__spacing-bottom-desktop--20  wrapper__gutter--none\"\n  >\n  \t<div class=\"wrapper__container wrapper__container-width-large--default\">\n\t  <div class=\"wrapper__inner wrapper__width-large--24 wrapper__width-mobile--24\">\n\t\t<p\n\t\tclass=\"paragraph paragraph__align--left paragraph__color--black paragraph__size--default   block-paragraph__paragraph\"\n\t\t\t>\n\t\tWij willen bereiken dat:<br>&#8211; De gemeente actief werkt aan inclusie en toegankelijkheid bij alle projecten en voorzieningen.<br>&#8211; Er een structurele aanpak is tegen discriminatie en racisme, met blijvende aandacht voor gelijke kansen.<br>&#8211; Jaarlijks een toegankelijkheidscheck plaatsvindt van gemeentelijke gebouwen, openbare ruimte en digitale diensten.<br>&#8211; De lokale inclusieagenda wordt uitgebreid en versterkt.\t<\/p>\t  <\/div>\n\t<\/div>\n  <\/div>\n\n\t<\/div>\n\n\t<div class=\"block-post-content__sidebar\">\n\t\t\n\t\t\n\t\t\t<\/div>\n<\/section>\n\t  <\/div>\n\t<\/div>\n  <\/div>\n\n\n<div\n  id=\"\"\n  class=\"wrapper  wrapper__spacing-bottom-large--50 wrapper__spacing-bottom-desktop--70 wrapper__spacing-bottom-mobile--50  wrapper__gutter--none\"\n  >\n  \t<div class=\"wrapper__container wrapper__container-width-large--default\">\n\t  <div class=\"wrapper__inner wrapper__width-large--18 wrapper__width-desktop--22 wrapper__width-mobile--24 wrapper__offset-large--6 wrapper__offset-desktop--2 wrapper__offset-mobile--0\">\n\t\t<section class=\"block-post-content\">\n\t<div class=\"block-post-content__title\">\n\t\t<h3 class=\"heading  heading__color--black heading__size--medium heading__font--sans heading__weight--bold  block-post-content__heading\" id=\"nav--strong-nieuwkomers-zijn-welkom--strong-6912\" data-nav-heading-mobile=\"Nieuwkomers zijn welkom\">\n\t<strong>Nieuwkomers zijn welkom<\/strong><\/h3>\t<\/div>\n\t<div class=\"block-post-content__content\">\n\t\t\n<div\n  id=\"\"\n  class=\"wrapper  wrapper__spacing-bottom-large--30 wrapper__spacing-bottom-desktop--20  wrapper__gutter--none\"\n  >\n  \t<div class=\"wrapper__container wrapper__container-width-large--default\">\n\t  <div class=\"wrapper__inner wrapper__width-large--24 wrapper__width-mobile--24\">\n\t\t<p\n\t\tclass=\"paragraph paragraph__align--left paragraph__color--black paragraph__size--default   block-paragraph__paragraph\"\n\t\t\t>\n\t\tWe zorgen dat nieuwkomers niet alleen worden opgevangen, maar ook daadwerkelijk hun eigen leven kunnen opbouwen en zichtbaar deel uitmaken van onze gemeenschap. We laten nieuwkomers zo snel als ze kunnen integreren door werk of studie. Je nuttig maken is een manier om je nuttig te voelen. Integratie zien wij namelijk als een tweezijdig proces: het vraagt inzet van nieuwkomers \u00e9n van de samenleving die hen ontvangt.\t<\/p>\t  <\/div>\n\t<\/div>\n  <\/div>\n\n\t<\/div>\n\n\t<div class=\"block-post-content__sidebar\">\n\t\t\n\t\t\n\t\t\t<\/div>\n<\/section>\n\t  <\/div>\n\t<\/div>\n  <\/div>\n\n\n<div\n  id=\"\"\n  class=\"wrapper  wrapper__spacing-bottom-large--50 wrapper__spacing-bottom-desktop--70 wrapper__spacing-bottom-mobile--50  wrapper__gutter--none\"\n  >\n  \t<div class=\"wrapper__container wrapper__container-width-large--default\">\n\t  <div class=\"wrapper__inner wrapper__width-large--18 wrapper__width-desktop--22 wrapper__width-mobile--24 wrapper__offset-large--6 wrapper__offset-desktop--2 wrapper__offset-mobile--0\">\n\t\t<section class=\"block-post-content\">\n\t<div class=\"block-post-content__title\">\n\t\t<h3 class=\"heading  heading__color--black heading__size--medium heading__font--sans heading__weight--bold  block-post-content__heading\" id=\"nav-sterke-verenigingen7961\" data-nav-heading-mobile=\"Sterke verenigingen\">\n\tSterke verenigingen<\/h3>\t<\/div>\n\t<div class=\"block-post-content__content\">\n\t\t\n<div\n  id=\"\"\n  class=\"wrapper  wrapper__spacing-bottom-large--30 wrapper__spacing-bottom-desktop--20  wrapper__gutter--none\"\n  >\n  \t<div class=\"wrapper__container wrapper__container-width-large--default\">\n\t  <div class=\"wrapper__inner wrapper__width-large--24 wrapper__width-mobile--24\">\n\t\t<p\n\t\tclass=\"paragraph paragraph__align--left paragraph__color--black paragraph__size--default   block-paragraph__paragraph\"\n\t\t\t>\n\t\tVerenigingen zijn het kloppend hart van onze dorpen. Ze brengen mensen samen, zorgen voor ontmoeting en verbondenheid en dragen bij aan een gezonde en veerkrachtige samenleving.<br><br>Wij willen bereiken dat:<br>&#8211; E\u00e9n goed gemeentelijk loket beschikbaar is voor alle verenigingen.<br>&#8211; Subsidies en vergunningen eenvoudig, transparant en op maat beschikbaar zijn voor verenigingen.<br>&#8211; Toekomstgericht meerjarenbeleid wordt gevoerd rondom maatschappelijk vastgoed.<br>&#8211; De gemeente actief ondersteunt bij samenwerking, kennisdeling en investeringen tussen verenigingen.<br>&#8211; De gemeente vraag en aanbod van vrijwilligers en verenigingen bij elkaar brengt.\t<\/p>\t  <\/div>\n\t<\/div>\n  <\/div>\n\n\t<\/div>\n\n\t<div class=\"block-post-content__sidebar\">\n\t\t\n\t\t\n\t\t\t<\/div>\n<\/section>\n\t  <\/div>\n\t<\/div>\n  <\/div>\n\n\n<div\n  id=\"\"\n  class=\"wrapper  wrapper__spacing-bottom-large--50 wrapper__spacing-bottom-desktop--70 wrapper__spacing-bottom-mobile--50  wrapper__gutter--none\"\n  >\n  \t<div class=\"wrapper__container wrapper__container-width-large--default\">\n\t  <div class=\"wrapper__inner wrapper__width-large--18 wrapper__width-desktop--22 wrapper__width-mobile--24 wrapper__offset-large--6 wrapper__offset-desktop--2 wrapper__offset-mobile--0\">\n\t\t<section class=\"block-post-content\">\n\t<div class=\"block-post-content__title\">\n\t\t<h3 class=\"heading  heading__color--black heading__size--medium heading__font--sans heading__weight--bold  block-post-content__heading\" id=\"nav-jeugd-en-jongeren506\" data-nav-heading-mobile=\"Jeugd en Jongeren\">\n\tJeugd en Jongeren<\/h3>\t<\/div>\n\t<div class=\"block-post-content__content\">\n\t\t\n<div\n  id=\"\"\n  class=\"wrapper  wrapper__spacing-bottom-large--30 wrapper__spacing-bottom-desktop--20  wrapper__gutter--none\"\n  >\n  \t<div class=\"wrapper__container wrapper__container-width-large--default\">\n\t  <div class=\"wrapper__inner wrapper__width-large--24 wrapper__width-mobile--24\">\n\t\t<p\n\t\tclass=\"paragraph paragraph__align--left paragraph__color--black paragraph__size--default   block-paragraph__paragraph\"\n\t\t\t>\n\t\tDe keuzes die wij vandaag maken, bepalen het Renkum van onze kinderen en kleinkinderen. Toch hebben jongeren vaak geen stem in dat debat. D66 Renkum wil dat veranderen.<br><br>Wij willen bereiken dat:<br>&#8211; Jongeren structureel participeren via een actieve jongerenraad of een gelijkwaardig alternatief.<br>&#8211; Jongeren meer vrijheid en ruimte krijgen om eigen initiatieven te starten.<br>&#8211; Jongeren zelf bepalen waar zij samenkomen, op basis van heldere afspraken.\t<\/p>\t  <\/div>\n\t<\/div>\n  <\/div>\n\n\t<\/div>\n\n\t<div class=\"block-post-content__sidebar\">\n\t\t\n\t\t\n\t\t\t<\/div>\n<\/section>\n\t  <\/div>\n\t<\/div>\n  <\/div>\n\n\n<div\n  id=\"\"\n  class=\"wrapper  wrapper__spacing-bottom-large--50 wrapper__spacing-bottom-desktop--70 wrapper__spacing-bottom-mobile--50  wrapper__gutter--none\"\n  >\n  \t<div class=\"wrapper__container wrapper__container-width-large--default\">\n\t  <div class=\"wrapper__inner wrapper__width-large--18 wrapper__width-desktop--22 wrapper__width-mobile--24 wrapper__offset-large--6 wrapper__offset-desktop--2 wrapper__offset-mobile--0\">\n\t\t<section class=\"block-post-content\">\n\t<div class=\"block-post-content__title\">\n\t\t<h3 class=\"heading  heading__color--black heading__size--medium heading__font--sans heading__weight--bold  block-post-content__heading\" id=\"nav-sport-en-bewegen987\" data-nav-heading-mobile=\"Sport en bewegen\">\n\tSport en bewegen<\/h3>\t<\/div>\n\t<div class=\"block-post-content__content\">\n\t\t\n<div\n  id=\"\"\n  class=\"wrapper  wrapper__spacing-bottom-large--30 wrapper__spacing-bottom-desktop--20  wrapper__gutter--none\"\n  >\n  \t<div class=\"wrapper__container wrapper__container-width-large--default\">\n\t  <div class=\"wrapper__inner wrapper__width-large--24 wrapper__width-mobile--24\">\n\t\t<p\n\t\tclass=\"paragraph paragraph__align--left paragraph__color--black paragraph__size--default   block-paragraph__paragraph\"\n\t\t\t>\n\t\tSport houdt ons fit en verbonden. Van verenigingen en sportevenementen tot individuele sporters: de sportcultuur in Renkum is rijk en divers. D66 wil dat iedereen, ongeacht leeftijd of inkomen, toegang heeft tot plekken waar je kunt bewegen, ook zonder lidmaatschap of hoge kosten.<br><br>Wij willen bereiken dat:<br>&#8211; In elk dorp minimaal \u00e9\u00e9n openbare sport- of beweegplek aanwezig is.<br>&#8211; Voldoende speeltuinen en buitenspeelplekken beschikbaar zijn voor kinderen.<br>&#8211; Sportevenementen gemeentelijke steun krijgen en vrij toegankelijk zijn voor inwoners.<br>&#8211; Het sport- en beweegteam behouden blijft.\t<\/p>\t  <\/div>\n\t<\/div>\n  <\/div>\n\n\n<div\n  id=\"\"\n  class=\"wrapper  wrapper__spacing-bottom-large--20  wrapper__gutter--none\"\n  >\n  \t<div class=\"wrapper__container wrapper__container-width-large--default\">\n\t  <div class=\"wrapper__inner wrapper__width-large--24 wrapper__width-mobile--24\">\n\t\t<img loading=\"lazy\" decoding=\"async\" width=\"747\" height=\"498\" src=\"https:\/\/d66.nl\/renkum\/wp-content\/uploads\/sites\/107\/2025\/11\/Speeltuin.jpg\" class=\"image block-image__img\" alt=\"\" srcset=\"https:\/\/d66.nl\/renkum\/wp-content\/uploads\/sites\/107\/2025\/11\/Speeltuin.jpg 747w, https:\/\/d66.nl\/renkum\/wp-content\/uploads\/sites\/107\/2025\/11\/Speeltuin-300x200.jpg 300w\" sizes=\"auto, (max-width: 747px) 100vw, 747px\" \/>\n\t\t\t<div class=\"image__caption-wrapper block-image__caption-wrapper\">\n\t\t\t<div class=\"image__caption block-image__caption\">\n\t\t\t\t<p class=\"paragraph paragraph__align--left paragraph__color--black paragraph__size--small paragraph__weight--medium\">\n\t\tBeeld: Jurjen Berends\t<\/p>\t\t\t<\/div>\n\t\t<\/div>\t  <\/div>\n\t<\/div>\n  <\/div>\n\n\t<\/div>\n\n\t<div class=\"block-post-content__sidebar\">\n\t\t\n\t\t\n\t\t\t<\/div>\n<\/section>\n\t  <\/div>\n\t<\/div>\n  <\/div>\n\n\n<div\n  id=\"\"\n  class=\"wrapper  wrapper__spacing-bottom-large--50 wrapper__spacing-bottom-desktop--70 wrapper__spacing-bottom-mobile--50  wrapper__gutter--none\"\n  >\n  \t<div class=\"wrapper__container wrapper__container-width-large--default\">\n\t  <div class=\"wrapper__inner wrapper__width-large--18 wrapper__width-desktop--22 wrapper__width-mobile--24 wrapper__offset-large--6 wrapper__offset-desktop--2 wrapper__offset-mobile--0\">\n\t\t<section class=\"block-post-content\">\n\t<div class=\"block-post-content__title\">\n\t\t<h3 class=\"heading  heading__color--black heading__size--medium heading__font--sans heading__weight--bold  block-post-content__heading\" id=\"nav-eenzaamheid8870\" data-nav-heading-mobile=\"Eenzaamheid\">\n\tEenzaamheid<\/h3>\t<\/div>\n\t<div class=\"block-post-content__content\">\n\t\t\n<div\n  id=\"\"\n  class=\"wrapper  wrapper__spacing-bottom-large--30 wrapper__spacing-bottom-desktop--20  wrapper__gutter--none\"\n  >\n  \t<div class=\"wrapper__container wrapper__container-width-large--default\">\n\t  <div class=\"wrapper__inner wrapper__width-large--24 wrapper__width-mobile--24\">\n\t\t<p\n\t\tclass=\"paragraph paragraph__align--left paragraph__color--black paragraph__size--default   block-paragraph__paragraph\"\n\t\t\t>\n\t\tContact met anderen is een basisbehoefte. Toch neemt eenzaamheid toe, zowel bij jongeren als ouderen. D66 Renkum vindt dat we als gemeente dit actief moeten bestrijden. Dat kan met eenvoudige middelen: een sterk verenigingsbeleid, buurtactiviteiten en plekken waar mensen elkaar kunnen ontmoeten.<br><br>Wij willen bereiken dat:<br>&#8211; Er wordt ge\u00efnvesteerd in voor iedereen toegankelijke buurt- en gemeenschapshuizen.<br>&#8211; Het aantal 60-plussers met een lidmaatschap bij een vereniging of club stijgt.<br>&#8211; Buurt- en wijkactiviteiten die ontmoeting stimuleren worden ondersteund.\t<\/p>\t  <\/div>\n\t<\/div>\n  <\/div>\n\n\t<\/div>\n\n\t<div class=\"block-post-content__sidebar\">\n\t\t\n\t\t\n\t\t\t<\/div>\n<\/section>\n\t  <\/div>\n\t<\/div>\n  <\/div>\n\n\n<div\n  id=\"\"\n  class=\"wrapper  wrapper__spacing-bottom-large--50 wrapper__spacing-bottom-desktop--70 wrapper__spacing-bottom-mobile--50  wrapper__gutter--none\"\n  >\n  \t<div class=\"wrapper__container wrapper__container-width-large--default\">\n\t  <div class=\"wrapper__inner wrapper__width-large--18 wrapper__width-desktop--22 wrapper__width-mobile--24 wrapper__offset-large--6 wrapper__offset-desktop--2 wrapper__offset-mobile--0\">\n\t\t<section class=\"block-post-content\">\n\t<div class=\"block-post-content__title\">\n\t\t<h3 class=\"heading  heading__color--black heading__size--medium heading__font--sans heading__weight--bold  block-post-content__heading\" id=\"nav-sterke-en-toegankelijke-zorg1874\" data-nav-heading-mobile=\"Sterke en toegankelijke zorg\">\n\tSterke en toegankelijke zorg<\/h3>\t<\/div>\n\t<div class=\"block-post-content__content\">\n\t\t\n<div\n  id=\"\"\n  class=\"wrapper  wrapper__spacing-bottom-large--30 wrapper__spacing-bottom-desktop--20  wrapper__gutter--none\"\n  >\n  \t<div class=\"wrapper__container wrapper__container-width-large--default\">\n\t  <div class=\"wrapper__inner wrapper__width-large--24 wrapper__width-mobile--24\">\n\t\t<p\n\t\tclass=\"paragraph paragraph__align--left paragraph__color--black paragraph__size--default   block-paragraph__paragraph\"\n\t\t\t>\n\t\tD66 Renkum wil de zorg beter organiseren door samenwerking tussen zorgverleners te versterken, de eerstelijnszorg te ondersteunen en \u00e9\u00e9n duidelijk aanspreekpunt voor inwoners te cre\u00ebren. Tegelijk wil de partij minder bureaucratie en meer vertrouwen, zodat zorgverleners hun werk beter kunnen doen en inwoners eenvoudiger de zorg krijgen die ze nodig hebben.<br><br>Wij willen bereiken dat:<br>&#8211; E\u00e9n gemeentelijk aanspreekpunt bestaat voor alle zorgvragen.<br>&#8211; Eerstelijnszorgverleners in Renkum beter samenwerken.<br>&#8211; Vertrouwen het uitgangspunt is bij zorgverlening en onnodige regels worden verminderd.<br>&#8211; Goed presterende zorgaanbieders langjarige contracten krijgen.<br>&#8211; Doel groepenvervoer regionaal wordt georganiseerd.\t<\/p>\t  <\/div>\n\t<\/div>\n  <\/div>\n\n\n<div\n  id=\"\"\n  class=\"wrapper  wrapper__spacing-bottom-large--20  wrapper__gutter--none\"\n  >\n  \t<div class=\"wrapper__container wrapper__container-width-large--default\">\n\t  <div class=\"wrapper__inner wrapper__width-large--24 wrapper__width-mobile--24\">\n\t\t<img loading=\"lazy\" decoding=\"async\" width=\"661\" height=\"445\" src=\"https:\/\/d66.nl\/renkum\/wp-content\/uploads\/sites\/107\/2025\/08\/Hanneke-bij-ons-middelpunt.jpg\" class=\"image block-image__img\" alt=\"\" srcset=\"https:\/\/d66.nl\/renkum\/wp-content\/uploads\/sites\/107\/2025\/08\/Hanneke-bij-ons-middelpunt.jpg 661w, https:\/\/d66.nl\/renkum\/wp-content\/uploads\/sites\/107\/2025\/08\/Hanneke-bij-ons-middelpunt-300x202.jpg 300w\" sizes=\"auto, (max-width: 661px) 100vw, 661px\" \/>\n\t\t\t<div class=\"image__caption-wrapper block-image__caption-wrapper\">\n\t\t\t<div class=\"image__caption block-image__caption\">\n\t\t\t\t<p class=\"paragraph paragraph__align--left paragraph__color--black paragraph__size--small paragraph__weight--medium\">\n\t\t<b>Hanneke bij Ons Middelpunt<\/b> <i>&#045;<\/i> Beeld: Arjan Mulder\t<\/p>\t\t\t<\/div>\n\t\t<\/div>\t  <\/div>\n\t<\/div>\n  <\/div>\n\n\t<\/div>\n\n\t<div class=\"block-post-content__sidebar\">\n\t\t\n\t\t\n\t\t\t<\/div>\n<\/section>\n\t  <\/div>\n\t<\/div>\n  <\/div>\n\n\n<div\n  id=\"\"\n  class=\"wrapper  wrapper__spacing-bottom-large--50 wrapper__spacing-bottom-desktop--70 wrapper__spacing-bottom-mobile--50  wrapper__gutter--none\"\n  >\n  \t<div class=\"wrapper__container wrapper__container-width-large--default\">\n\t  <div class=\"wrapper__inner wrapper__width-large--18 wrapper__width-desktop--22 wrapper__width-mobile--24 wrapper__offset-large--6 wrapper__offset-desktop--2 wrapper__offset-mobile--0\">\n\t\t<section class=\"block-post-content\">\n\t<div class=\"block-post-content__title\">\n\t\t<h3 class=\"heading  heading__color--black heading__size--medium heading__font--sans heading__weight--bold  block-post-content__heading\" id=\"nav-goede-en-veilige-jeugdzorg6949\" data-nav-heading-mobile=\"Goede en veilige jeugdzorg\">\n\tGoede en veilige jeugdzorg<\/h3>\t<\/div>\n\t<div class=\"block-post-content__content\">\n\t\t\n<div\n  id=\"\"\n  class=\"wrapper  wrapper__spacing-bottom-large--30 wrapper__spacing-bottom-desktop--20  wrapper__gutter--none\"\n  >\n  \t<div class=\"wrapper__container wrapper__container-width-large--default\">\n\t  <div class=\"wrapper__inner wrapper__width-large--24 wrapper__width-mobile--24\">\n\t\t<p\n\t\tclass=\"paragraph paragraph__align--left paragraph__color--black paragraph__size--default   block-paragraph__paragraph\"\n\t\t\t>\n\t\tIn Renkum moet ieder kind veilig en gezond kunnen opgroeien. Als opgroeien of opvoeden (tijdelijk) niet goed gaat, moeten kinderen en hun ouders of opvoeders kunnen rekenen op snelle, passende en mensgerichte hulp. Het is de taak van de gemeente om te zorgen dat er een goed vangnet is.<br><br>Wij willen bereiken dat:<br>&#8211; Er wordt ge\u00efnvesteerd in vroege signalering en preventie om zware zorg en uithuisplaatsingen te voorkomen.<br>&#8211; Organisaties snel en integraal samenwerken rondom zorgvragen.<br>&#8211; De gemeenschap ook kwetsbare jongeren een veilige omgeving biedt.\t<\/p>\t  <\/div>\n\t<\/div>\n  <\/div>\n\n\t<\/div>\n\n\t<div class=\"block-post-content__sidebar\">\n\t\t\n\t\t\n\t\t\t<\/div>\n<\/section>\n\t  <\/div>\n\t<\/div>\n  <\/div>\n\n\n<div\n  id=\"\"\n  class=\"wrapper  wrapper__spacing-bottom-large--50 wrapper__spacing-bottom-desktop--70 wrapper__spacing-bottom-mobile--50  wrapper__gutter--none\"\n  >\n  \t<div class=\"wrapper__container wrapper__container-width-large--default\">\n\t  <div class=\"wrapper__inner wrapper__width-large--18 wrapper__width-desktop--22 wrapper__width-mobile--24 wrapper__offset-large--6 wrapper__offset-desktop--2 wrapper__offset-mobile--0\">\n\t\t<section class=\"block-post-content\">\n\t<div class=\"block-post-content__title\">\n\t\t<h3 class=\"heading  heading__color--black heading__size--medium heading__font--sans heading__weight--bold  block-post-content__heading\" id=\"nav-ouderen-blijven-vitaal4845\" data-nav-heading-mobile=\"Ouderen blijven vitaal\">\n\tOuderen blijven vitaal<\/h3>\t<\/div>\n\t<div class=\"block-post-content__content\">\n\t\t\n<div\n  id=\"\"\n  class=\"wrapper  wrapper__spacing-bottom-large--30 wrapper__spacing-bottom-desktop--20  wrapper__gutter--none\"\n  >\n  \t<div class=\"wrapper__container wrapper__container-width-large--default\">\n\t  <div class=\"wrapper__inner wrapper__width-large--24 wrapper__width-mobile--24\">\n\t\t<p\n\t\tclass=\"paragraph paragraph__align--left paragraph__color--black paragraph__size--default   block-paragraph__paragraph\"\n\t\t\t>\n\t\tD66 wil dat iedereen zich onderdeel voelt van de gemeenschap, ook als ouder worden nieuwe uitdagingen met zich meebrengt.<br><br>Wij willen bereiken dat:<br>&#8211; Voorzieningen en activiteiten ouderen vitaal en betrokken houden.<br>&#8211; Zorg en welzijn dichtbij en persoonlijk worden georganiseerd door nauwe samenwerking met maatschappelijke organisaties en vrijwilligers.\t<\/p>\t  <\/div>\n\t<\/div>\n  <\/div>\n\n\t<\/div>\n\n\t<div class=\"block-post-content__sidebar\">\n\t\t\n\t\t\n\t\t\t<\/div>\n<\/section>\n\t  <\/div>\n\t<\/div>\n  <\/div>\n\n\n<div\n  id=\"\"\n  class=\"wrapper  wrapper__spacing-bottom-large--50 wrapper__spacing-bottom-desktop--70 wrapper__spacing-bottom-mobile--50  wrapper__gutter--none\"\n  >\n  \t<div class=\"wrapper__container wrapper__container-width-large--default\">\n\t  <div class=\"wrapper__inner wrapper__width-large--18 wrapper__width-desktop--22 wrapper__width-mobile--24 wrapper__offset-large--6 wrapper__offset-desktop--2 wrapper__offset-mobile--0\">\n\t\t<section class=\"block-post-content\">\n\t<div class=\"block-post-content__title\">\n\t\t<h3 class=\"heading  heading__color--black heading__size--medium heading__font--sans heading__weight--bold  block-post-content__heading\" id=\"nav-dementievriendelijke-gemeente--mantelzorg-en-respijtzorg5565\" data-nav-heading-mobile=\"Dementievriendelijke gemeente, mantelzorg en respijtzorg\">\n\tDementievriendelijke gemeente, mantelzorg en respijtzorg<\/h3>\t<\/div>\n\t<div class=\"block-post-content__content\">\n\t\t\n<div\n  id=\"\"\n  class=\"wrapper  wrapper__spacing-bottom-large--30 wrapper__spacing-bottom-desktop--20  wrapper__gutter--none\"\n  >\n  \t<div class=\"wrapper__container wrapper__container-width-large--default\">\n\t  <div class=\"wrapper__inner wrapper__width-large--24 wrapper__width-mobile--24\">\n\t\t<p\n\t\tclass=\"paragraph paragraph__align--left paragraph__color--black paragraph__size--default   block-paragraph__paragraph\"\n\t\t\t>\n\t\t<br>Iedereen moet kunnen blijven meedoen in de gemeenschap. Ook als mensen ouder of ziek worden. We willen een samenleving waarin mantelzorgers worden gewaardeerd en ondersteund en zorg georganiseerd wordt vanuit vertrouwen en de menselijke maat.<br><br>Wij willen bereiken dat:<br>&#8211; Renkum een dementievriendelijke gemeente is waarin iedereen zich welkom voelt.<br>&#8211; Respijtzorg beschikbaar is voor elke mantelzorger die dat nodig heeft.<br>&#8211; Zorgvrijwilligers gratis een VOG kunnen aanvragen.<br>&#8211; De gemeente deelneemt aan landelijke pilots voor inkomenssteun aan mantelzorgers.\t<\/p>\t  <\/div>\n\t<\/div>\n  <\/div>\n\n\t<\/div>\n\n\t<div class=\"block-post-content__sidebar\">\n\t\t\n\t\t\n\t\t\t<\/div>\n<\/section>\n\t  <\/div>\n\t<\/div>\n  <\/div>\n\n\n<div\n  id=\"\"\n  class=\"wrapper  wrapper__spacing-bottom-large--50 wrapper__spacing-bottom-desktop--70 wrapper__spacing-bottom-mobile--50  wrapper__gutter--none\"\n  >\n  \t<div class=\"wrapper__container wrapper__container-width-large--default\">\n\t  <div class=\"wrapper__inner wrapper__width-large--18 wrapper__width-desktop--22 wrapper__width-mobile--24 wrapper__offset-large--6 wrapper__offset-desktop--2 wrapper__offset-mobile--0\">\n\t\t<section class=\"block-post-content\">\n\t<div class=\"block-post-content__title\">\n\t\t<h3 class=\"heading  heading__color--black heading__size--medium heading__font--sans heading__weight--bold  block-post-content__heading\" id=\"nav-toegankelijk-voor-mensen-met-een-beperking2326\" data-nav-heading-mobile=\"Toegankelijk voor mensen met een beperking\">\n\tToegankelijk voor mensen met een beperking<\/h3>\t<\/div>\n\t<div class=\"block-post-content__content\">\n\t\t\n<div\n  id=\"\"\n  class=\"wrapper  wrapper__spacing-bottom-large--30 wrapper__spacing-bottom-desktop--20  wrapper__gutter--none\"\n  >\n  \t<div class=\"wrapper__container wrapper__container-width-large--default\">\n\t  <div class=\"wrapper__inner wrapper__width-large--24 wrapper__width-mobile--24\">\n\t\t<p\n\t\tclass=\"paragraph paragraph__align--left paragraph__color--black paragraph__size--default   block-paragraph__paragraph\"\n\t\t\t>\n\t\tZorg voor mensen met een beperking draait voor ons niet alleen om hulp of begeleiding, maar om het verbeteren van de kwaliteit van leven. Dat vraagt om een brede samenwerking tussen zorgaanbieders, gemeente, vrijwilligers en familie.<br><br>Wij willen bereiken dat:<br>&#8211; Geen jaarlijkse herhaalbewijzen nodig zijn voor blijvende beperkingen.<br>&#8211; De openbare ruimte voor iedereen toegankelijk is.<br>&#8211; Openbare toiletten beschikbaar zijn in de dorpskernen<br>&#8211; De gemeente continu lobbyt bij de provincie voor goed openbaar vervoer.<br>&#8211; De buurtbus goede bereikbaarheid biedt en vrijwilligers hiervoor een vergoeding ontvangen.\t<\/p>\t  <\/div>\n\t<\/div>\n  <\/div>\n\n\t<\/div>\n\n\t<div class=\"block-post-content__sidebar\">\n\t\t\n\t\t\n\t\t\t<\/div>\n<\/section>\n\t  <\/div>\n\t<\/div>\n  <\/div>\n\n\n<div\n  id=\"\"\n  class=\"wrapper  wrapper__spacing-bottom-large--50 wrapper__spacing-bottom-desktop--70 wrapper__spacing-bottom-mobile--50  wrapper__gutter--none\"\n  >\n  \t<div class=\"wrapper__container wrapper__container-width-large--default\">\n\t  <div class=\"wrapper__inner wrapper__width-large--18 wrapper__width-desktop--22 wrapper__width-mobile--24 wrapper__offset-large--6 wrapper__offset-desktop--2 wrapper__offset-mobile--0\">\n\t\t<section class=\"block-post-content\">\n\t<div class=\"block-post-content__title\">\n\t\t<h3 class=\"heading  heading__color--black heading__size--medium heading__font--sans heading__weight--bold  block-post-content__heading\" id=\"nav-onderwijs-en-kinderopvang6155\" data-nav-heading-mobile=\"Onderwijs en kinderopvang\">\n\tOnderwijs en kinderopvang<\/h3>\t<\/div>\n\t<div class=\"block-post-content__content\">\n\t\t\n<div\n  id=\"\"\n  class=\"wrapper  wrapper__spacing-bottom-large--30 wrapper__spacing-bottom-desktop--20  wrapper__gutter--none\"\n  >\n  \t<div class=\"wrapper__container wrapper__container-width-large--default\">\n\t  <div class=\"wrapper__inner wrapper__width-large--24 wrapper__width-mobile--24\">\n\t\t<p\n\t\tclass=\"paragraph paragraph__align--left paragraph__color--black paragraph__size--default   block-paragraph__paragraph\"\n\t\t\t>\n\t\tOnderwijs is de grote gelijkmaker in onze samenleving. Toch laten onderzoeken keer op keer zien dat scheidslijnen al vroeg ontstaan. D66 Renkum wil dat elk kind een veilige, uitdagende en gezonde leeromgeving krijgt, waar het zichzelf kan zijn en zich optimaal kan ontwikkelen. Alleen dan is onderwijs een investering in ieders toekomst.<br><br>Wij willen bereiken dat:<br>&#8211; De gemeente zorgt voor goede samenwerking tussen kinderopvang, scholen, sport, bibliotheek en verenigingen.<br>&#8211; Schoolgebouwen multifunctioneel worden ingericht en samenwerking tussen meerdere organisaties mogelijk maken voor optimale ontwikkeling van kinderen.<br>&#8211; Scholen een afspiegeling zijn van de gemeentelijke samenleving en elk aangemeld kind onderwijs bieden.<br>&#8211; Schoolgebouwen fris, groen en energiezuinig zijn.<br>\t<\/p>\t  <\/div>\n\t<\/div>\n  <\/div>\n\n\t<\/div>\n\n\t<div class=\"block-post-content__sidebar\">\n\t\t\n\t\t\n\t\t\t<\/div>\n<\/section>\n\t  <\/div>\n\t<\/div>\n  <\/div>\n\n\n<div\n  id=\"\"\n  class=\"wrapper  wrapper__spacing-bottom-large--50 wrapper__spacing-bottom-desktop--70 wrapper__spacing-bottom-mobile--50  wrapper__gutter--none\"\n  >\n  \t<div class=\"wrapper__container wrapper__container-width-large--default\">\n\t  <div class=\"wrapper__inner wrapper__width-large--18 wrapper__width-desktop--22 wrapper__width-mobile--24 wrapper__offset-large--6 wrapper__offset-desktop--2 wrapper__offset-mobile--0\">\n\t\t<section class=\"block-post-content\">\n\t<div class=\"block-post-content__title\">\n\t\t<h3 class=\"heading  heading__color--black heading__size--medium heading__font--sans heading__weight--bold  block-post-content__heading\" id=\"nav-taal-en-lezen3702\" data-nav-heading-mobile=\"Taal en lezen\">\n\tTaal en lezen<\/h3>\t<\/div>\n\t<div class=\"block-post-content__content\">\n\t\t\n<div\n  id=\"\"\n  class=\"wrapper  wrapper__spacing-bottom-large--30 wrapper__spacing-bottom-desktop--20  wrapper__gutter--none\"\n  >\n  \t<div class=\"wrapper__container wrapper__container-width-large--default\">\n\t  <div class=\"wrapper__inner wrapper__width-large--24 wrapper__width-mobile--24\">\n\t\t<p\n\t\tclass=\"paragraph paragraph__align--left paragraph__color--black paragraph__size--default   block-paragraph__paragraph\"\n\t\t\t>\n\t\tTaalvaardigheid is essentieel om volwaardig deel te nemen aan de samenleving. Dit geldt voor kinderen en volwassenen, voor inwoners die hier geboren zijn en voor nieuwkomers. We willen dat de gemeente zich inzet om laaggeletterdheid tegen te gaan.<br><br>Wij willen bereiken dat:<br>&#8211; Taalhuizen actief worden ondersteund.<br>&#8211; Onderwijs voor nieuwkomers zo wordt ingericht dat ook zij gelijke kansen krijgen.<br>&#8211; Niet wordt bezuinigd op de bibliotheek.<br>&#8211; Minimaal drie bibliotheekvestigingen beschikbaar zijn in onze gemeente\t<\/p>\t  <\/div>\n\t<\/div>\n  <\/div>\n\n\n<div\n  id=\"\"\n  class=\"wrapper  wrapper__spacing-bottom-large--20  wrapper__gutter--none\"\n  >\n  \t<div class=\"wrapper__container wrapper__container-width-large--default\">\n\t  <div class=\"wrapper__inner wrapper__width-large--24 wrapper__width-mobile--24\">\n\t\t<img loading=\"lazy\" decoding=\"async\" width=\"1024\" height=\"683\" src=\"https:\/\/d66.nl\/renkum\/wp-content\/uploads\/sites\/107\/2025\/12\/2025-03-23-125557-oosterbeek-bibliotheek-gemrenkum-gemeentehuis-zoomerij-1024x683.jpg\" class=\"image block-image__img\" alt=\"\" srcset=\"https:\/\/d66.nl\/renkum\/wp-content\/uploads\/sites\/107\/2025\/12\/2025-03-23-125557-oosterbeek-bibliotheek-gemrenkum-gemeentehuis-zoomerij-1024x683.jpg 1024w, https:\/\/d66.nl\/renkum\/wp-content\/uploads\/sites\/107\/2025\/12\/2025-03-23-125557-oosterbeek-bibliotheek-gemrenkum-gemeentehuis-zoomerij-300x200.jpg 300w, https:\/\/d66.nl\/renkum\/wp-content\/uploads\/sites\/107\/2025\/12\/2025-03-23-125557-oosterbeek-bibliotheek-gemrenkum-gemeentehuis-zoomerij-768x512.jpg 768w, https:\/\/d66.nl\/renkum\/wp-content\/uploads\/sites\/107\/2025\/12\/2025-03-23-125557-oosterbeek-bibliotheek-gemrenkum-gemeentehuis-zoomerij-1536x1024.jpg 1536w, https:\/\/d66.nl\/renkum\/wp-content\/uploads\/sites\/107\/2025\/12\/2025-03-23-125557-oosterbeek-bibliotheek-gemrenkum-gemeentehuis-zoomerij-2048x1365.jpg 2048w\" sizes=\"auto, (max-width: 1024px) 100vw, 1024px\" \/>\n\t\t\t<div class=\"image__caption-wrapper block-image__caption-wrapper\">\n\t\t\t<div class=\"image__caption block-image__caption\">\n\t\t\t\t<p class=\"paragraph paragraph__align--left paragraph__color--black paragraph__size--small paragraph__weight--medium\">\n\t\t<b>De Zoomerij<\/b> <i>&#045;<\/i> Beeld: Jurjen Berends\t<\/p>\t\t\t<\/div>\n\t\t<\/div>\t  <\/div>\n\t<\/div>\n  <\/div>\n\n\t<\/div>\n\n\t<div class=\"block-post-content__sidebar\">\n\t\t\n\t\t\n\t\t\t<\/div>\n<\/section>\n\t  <\/div>\n\t<\/div>\n  <\/div>\n\n\n<div\n  id=\"\"\n  class=\"wrapper  wrapper__spacing-bottom-large--50 wrapper__spacing-bottom-desktop--70 wrapper__spacing-bottom-mobile--50  wrapper__gutter--none\"\n  >\n  \t<div class=\"wrapper__container wrapper__container-width-large--default\">\n\t  <div class=\"wrapper__inner wrapper__width-large--18 wrapper__width-desktop--22 wrapper__width-mobile--24 wrapper__offset-large--6 wrapper__offset-desktop--2 wrapper__offset-mobile--0\">\n\t\t<section class=\"block-post-content\">\n\t<div class=\"block-post-content__title\">\n\t\t<h3 class=\"heading  heading__color--black heading__size--medium heading__font--sans heading__weight--bold  block-post-content__heading\" id=\"nav-kunst-en-cultuur7265\" data-nav-heading-mobile=\"Kunst en cultuur\">\n\tKunst en cultuur<\/h3>\t<\/div>\n\t<div class=\"block-post-content__content\">\n\t\t\n<div\n  id=\"\"\n  class=\"wrapper  wrapper__spacing-bottom-large--30 wrapper__spacing-bottom-desktop--20  wrapper__gutter--none\"\n  >\n  \t<div class=\"wrapper__container wrapper__container-width-large--default\">\n\t  <div class=\"wrapper__inner wrapper__width-large--24 wrapper__width-mobile--24\">\n\t\t<p\n\t\tclass=\"paragraph paragraph__align--left paragraph__color--black paragraph__size--default   block-paragraph__paragraph\"\n\t\t\t>\n\t\tKunst, cultuur en evenementen brengen onze dorpen tot leven. Ze verbinden mensen, verruimen je blik, stimuleren creativiteit en laten ons samen genieten van muziek, theater, dans, beeldende kunst en bijzondere momenten. Of het nu gaat om een groot festival, een harmonieconcert in het dorpshuis of een kunstwerk in het park: het zijn deze initiatieven die onze gemeenschap kleur geven.<br><br>Wij willen bereiken dat:<br>&#8211; Er duidelijkheid bestaat over de rol van de gemeente in het cultuurbeleid.<br>&#8211; Muziek- en theaterverenigingen eerlijke subsidies ontvangen op basis van landelijke normen.<br>&#8211; De gemeente samenwerking en organisatie van culturele initiatieven ondersteunt.<br>&#8211; Alle gesubsidieerde amateurclubs gratis toegankelijke optredens verzorgen<br>&#8211; Bestaande kunstwerken, monumenten en erfgoed in de openbare ruimte goed worden beheerd.<br>&#8211; Nieuwe projecten natuur, landschap en erfgoed met elkaar verbinden.<br>&#8211; Kunstenaars hulp krijgen bij het vinden van ruimte voor initiatieven zoals broedplaatsen of atelierwoningen.<br>&#8211; Er een goede balans is tussen tradities en nieuwe initiatieven, met toegankelijke evenementen die passen bij het gemeenschappelijk belang.<br>\t<\/p>\t  <\/div>\n\t<\/div>\n  <\/div>\n\n\n<div\n  id=\"\"\n  class=\"wrapper  wrapper__spacing-bottom-large--20  wrapper__gutter--none\"\n  >\n  \t<div class=\"wrapper__container wrapper__container-width-large--default\">\n\t  <div class=\"wrapper__inner wrapper__width-large--24 wrapper__width-mobile--24\">\n\t\t<img loading=\"lazy\" decoding=\"async\" width=\"1024\" height=\"682\" src=\"https:\/\/d66.nl\/renkum\/wp-content\/uploads\/sites\/107\/2025\/12\/2025-03-23-140812-gemrenkum-uiterwaarde-stuwwal-oosterbeek-1024x682.jpg\" class=\"image block-image__img\" alt=\"\" srcset=\"https:\/\/d66.nl\/renkum\/wp-content\/uploads\/sites\/107\/2025\/12\/2025-03-23-140812-gemrenkum-uiterwaarde-stuwwal-oosterbeek-1024x682.jpg 1024w, https:\/\/d66.nl\/renkum\/wp-content\/uploads\/sites\/107\/2025\/12\/2025-03-23-140812-gemrenkum-uiterwaarde-stuwwal-oosterbeek-300x200.jpg 300w, https:\/\/d66.nl\/renkum\/wp-content\/uploads\/sites\/107\/2025\/12\/2025-03-23-140812-gemrenkum-uiterwaarde-stuwwal-oosterbeek-768x512.jpg 768w, https:\/\/d66.nl\/renkum\/wp-content\/uploads\/sites\/107\/2025\/12\/2025-03-23-140812-gemrenkum-uiterwaarde-stuwwal-oosterbeek-1536x1024.jpg 1536w, https:\/\/d66.nl\/renkum\/wp-content\/uploads\/sites\/107\/2025\/12\/2025-03-23-140812-gemrenkum-uiterwaarde-stuwwal-oosterbeek-2048x1365.jpg 2048w\" sizes=\"auto, (max-width: 1024px) 100vw, 1024px\" \/>\n\t\t\t<div class=\"image__caption-wrapper block-image__caption-wrapper\">\n\t\t\t<div class=\"image__caption block-image__caption\">\n\t\t\t\t<p class=\"paragraph paragraph__align--left paragraph__color--black paragraph__size--small paragraph__weight--medium\">\n\t\tBeeld: Jurjen Berends\t<\/p>\t\t\t<\/div>\n\t\t<\/div>\t  <\/div>\n\t<\/div>\n  <\/div>\n\n\t<\/div>\n\n\t<div class=\"block-post-content__sidebar\">\n\t\t\n\t\t\n\t\t\t<\/div>\n<\/section>\n\t  <\/div>\n\t<\/div>\n  <\/div>\n\n\n<div\n  id=\"\"\n  class=\"wrapper  wrapper__spacing-bottom-large--50 wrapper__spacing-bottom-desktop--70 wrapper__spacing-bottom-mobile--50  wrapper__gutter--none\"\n  >\n  \t<div class=\"wrapper__container wrapper__container-width-large--default\">\n\t  <div class=\"wrapper__inner wrapper__width-large--18 wrapper__width-desktop--22 wrapper__width-mobile--24 wrapper__offset-large--6 wrapper__offset-desktop--2 wrapper__offset-mobile--0\">\n\t\t<section class=\"block-post-content\">\n\t<div class=\"block-post-content__title\">\n\t\t<h3 class=\"heading  heading__color--black heading__size--medium heading__font--sans heading__weight--bold  block-post-content__heading\" id=\"nav-economie-en-ondernemerschap192\" data-nav-heading-mobile=\"Economie en ondernemerschap\">\n\tEconomie en ondernemerschap<\/h3>\t<\/div>\n\t<div class=\"block-post-content__content\">\n\t\t\n<div\n  id=\"\"\n  class=\"wrapper  wrapper__spacing-bottom-large--30 wrapper__spacing-bottom-desktop--20  wrapper__gutter--none\"\n  >\n  \t<div class=\"wrapper__container wrapper__container-width-large--default\">\n\t  <div class=\"wrapper__inner wrapper__width-large--24 wrapper__width-mobile--24\">\n\t\t<p\n\t\tclass=\"paragraph paragraph__align--left paragraph__color--black paragraph__size--default   block-paragraph__paragraph\"\n\t\t\t>\n\t\tOndernemers bieden werkgelegenheid, zorgen voor de nabijheid van diensten en goederen, hebben een innovatieve kijk op zaken en denken vooruit. Ondernemers zijn dus erg belangrijk voor de gemeente en moeten de ruimte krijgen die nodig is: letterlijk en figuurlijk.<br><br>Wij willen bereiken dat:<br>&#8211; Centra levendig zijn.<br>&#8211; Samenwerking tussen ondernemers wordt gestimuleerd rond duurzaamheid, energie en lokale productieketens.<br>&#8211; Winkelgebieden goed worden onderhouden en versterkt.<br>&#8211; Eenduidige lokale regels gelden voor ondernemers.<br>&#8211; Leegstaande ruimten een alternatief gebruik krijgen.<br>&#8211; De omgevingsvisie wordt aangepast om bedrijven en kleinschalige industrie te centraliseren.<br>\t<\/p>\t  <\/div>\n\t<\/div>\n  <\/div>\n\n\t<\/div>\n\n\t<div class=\"block-post-content__sidebar\">\n\t\t\n\t\t\n\t\t\t<\/div>\n<\/section>\n\t  <\/div>\n\t<\/div>\n  <\/div>\n\n\n<div\n  id=\"\"\n  class=\"wrapper  wrapper__spacing-bottom-large--50 wrapper__spacing-bottom-desktop--70 wrapper__spacing-bottom-mobile--50  wrapper__gutter--none\"\n  >\n  \t<div class=\"wrapper__container wrapper__container-width-large--default\">\n\t  <div class=\"wrapper__inner wrapper__width-large--18 wrapper__width-desktop--22 wrapper__width-mobile--24 wrapper__offset-large--6 wrapper__offset-desktop--2 wrapper__offset-mobile--0\">\n\t\t<section class=\"block-post-content\">\n\t<div class=\"block-post-content__title\">\n\t\t<h3 class=\"heading  heading__color--black heading__size--medium heading__font--sans heading__weight--bold  block-post-content__heading\" id=\"nav-armoede--bijstand-en-schuldhulpverlening1104\" data-nav-heading-mobile=\"Armoede, bijstand en schuldhulpverlening\">\n\tArmoede, bijstand en schuldhulpverlening<\/h3>\t<\/div>\n\t<div class=\"block-post-content__content\">\n\t\t\n<div\n  id=\"\"\n  class=\"wrapper  wrapper__spacing-bottom-large--30 wrapper__spacing-bottom-desktop--20  wrapper__gutter--none\"\n  >\n  \t<div class=\"wrapper__container wrapper__container-width-large--default\">\n\t  <div class=\"wrapper__inner wrapper__width-large--24 wrapper__width-mobile--24\">\n\t\t<p\n\t\tclass=\"paragraph paragraph__align--left paragraph__color--black paragraph__size--default   block-paragraph__paragraph\"\n\t\t\t>\n\t\tIedereen krijgt wel eens een tegenslag en niet iedereen komt daar zonder hulp of bijstand weer bovenop. We willen een samenleving waarin niemand in een uitzichtloze situatie terechtkomt. Met een goed vangnet maken we van Renkum een sterke gemeenschap.<br><br>Wij willen bereiken dat:<br>&#8211; De betrokken instanties beter samenwerken bij armoedebestrijding en -preventie.<br>&#8211; Mensen actief worden geholpen om uit de bijstand te komen.<br>&#8211; De gemeente schulden overneemt als dat een kansrijke nieuwe start oplevert.\t<\/p>\t  <\/div>\n\t<\/div>\n  <\/div>\n\n\t<\/div>\n\n\t<div class=\"block-post-content__sidebar\">\n\t\t\n\t\t\n\t\t\t<\/div>\n<\/section>\n\t  <\/div>\n\t<\/div>\n  <\/div>\n\n\n<div\n  id=\"\"\n  class=\"wrapper  wrapper__spacing-bottom-large--50 wrapper__spacing-bottom-desktop--70 wrapper__spacing-bottom-mobile--50  wrapper__gutter--none\"\n  >\n  \t<div class=\"wrapper__container wrapper__container-width-large--default\">\n\t  <div class=\"wrapper__inner wrapper__width-large--18 wrapper__width-desktop--22 wrapper__width-mobile--24 wrapper__offset-large--6 wrapper__offset-desktop--2 wrapper__offset-mobile--0\">\n\t\t<section class=\"block-post-content\">\n\t<div class=\"block-post-content__title\">\n\t\t<h3 class=\"heading  heading__color--black heading__size--medium heading__font--sans heading__weight--bold  block-post-content__heading\" id=\"nav-kleine-en-betaalbare-woningen6764\" data-nav-heading-mobile=\"Kleine en betaalbare woningen\">\n\tKleine en betaalbare woningen<\/h3>\t<\/div>\n\t<div class=\"block-post-content__content\">\n\t\t\n<div\n  id=\"\"\n  class=\"wrapper  wrapper__spacing-bottom-large--30 wrapper__spacing-bottom-desktop--20  wrapper__gutter--none\"\n  >\n  \t<div class=\"wrapper__container wrapper__container-width-large--default\">\n\t  <div class=\"wrapper__inner wrapper__width-large--24 wrapper__width-mobile--24\">\n\t\t<p\n\t\tclass=\"paragraph paragraph__align--left paragraph__color--black paragraph__size--default   block-paragraph__paragraph\"\n\t\t\t>\n\t\tIn Renkum groeit de behoefte aan kleinere en betaalbare woningen. Zowel jongeren als ouderen zijn op zoek naar passende woonruimte die aansluit bij hun levensfase en financi\u00eble mogelijkheden.<br><br>Wij willen bereiken dat:<br>&#8211; Kleinere koop- en huurwoningen beschikbaar komen.<br>&#8211; Gestuurd blijft worden op betaalbaarheid. <br>&#8211; Kleinere woningen voor ouderen dichtbij voorzieningen worden gebouwd.<br>&#8211; Vormen van woongemeenschappen ontstaan.\t<\/p>\t  <\/div>\n\t<\/div>\n  <\/div>\n\n\n<div\n  id=\"\"\n  class=\"wrapper  wrapper__spacing-bottom-large--20  wrapper__gutter--none\"\n  >\n  \t<div class=\"wrapper__container wrapper__container-width-large--default\">\n\t  <div class=\"wrapper__inner wrapper__width-large--24 wrapper__width-mobile--24\">\n\t\t<img loading=\"lazy\" decoding=\"async\" width=\"1024\" height=\"768\" src=\"https:\/\/d66.nl\/renkum\/wp-content\/uploads\/sites\/107\/2025\/12\/pexels-pixabay-268362-1024x768.jpg\" class=\"image block-image__img\" alt=\"\" srcset=\"https:\/\/d66.nl\/renkum\/wp-content\/uploads\/sites\/107\/2025\/12\/pexels-pixabay-268362-1024x768.jpg 1024w, https:\/\/d66.nl\/renkum\/wp-content\/uploads\/sites\/107\/2025\/12\/pexels-pixabay-268362-300x225.jpg 300w, https:\/\/d66.nl\/renkum\/wp-content\/uploads\/sites\/107\/2025\/12\/pexels-pixabay-268362-768x576.jpg 768w, https:\/\/d66.nl\/renkum\/wp-content\/uploads\/sites\/107\/2025\/12\/pexels-pixabay-268362-1536x1152.jpg 1536w, https:\/\/d66.nl\/renkum\/wp-content\/uploads\/sites\/107\/2025\/12\/pexels-pixabay-268362-2048x1536.jpg 2048w\" sizes=\"auto, (max-width: 1024px) 100vw, 1024px\" \/>\n\t\t\t<div class=\"image__caption-wrapper block-image__caption-wrapper\">\n\t\t\t<div class=\"image__caption block-image__caption\">\n\t\t\t\t<p class=\"paragraph paragraph__align--left paragraph__color--black paragraph__size--small paragraph__weight--medium\">\n\t\tBeeld: stockfoto\t<\/p>\t\t\t<\/div>\n\t\t<\/div>\t  <\/div>\n\t<\/div>\n  <\/div>\n\n\t<\/div>\n\n\t<div class=\"block-post-content__sidebar\">\n\t\t\n\t\t\n\t\t\t<\/div>\n<\/section>\n\t  <\/div>\n\t<\/div>\n  <\/div>\n\n\n<div\n  id=\"\"\n  class=\"wrapper  wrapper__spacing-bottom-large--50 wrapper__spacing-bottom-desktop--70 wrapper__spacing-bottom-mobile--50  wrapper__gutter--none\"\n  >\n  \t<div class=\"wrapper__container wrapper__container-width-large--default\">\n\t  <div class=\"wrapper__inner wrapper__width-large--18 wrapper__width-desktop--22 wrapper__width-mobile--24 wrapper__offset-large--6 wrapper__offset-desktop--2 wrapper__offset-mobile--0\">\n\t\t<section class=\"block-post-content\">\n\t<div class=\"block-post-content__title\">\n\t\t<h3 class=\"heading  heading__color--black heading__size--medium heading__font--sans heading__weight--bold  block-post-content__heading\" id=\"nav-flexibele-en-gedeelde-woonvormen6604\" data-nav-heading-mobile=\"Flexibele en gedeelde woonvormen\">\n\tFlexibele en gedeelde woonvormen<\/h3>\t<\/div>\n\t<div class=\"block-post-content__content\">\n\t\t\n<div\n  id=\"\"\n  class=\"wrapper  wrapper__spacing-bottom-large--30 wrapper__spacing-bottom-desktop--20  wrapper__gutter--none\"\n  >\n  \t<div class=\"wrapper__container wrapper__container-width-large--default\">\n\t  <div class=\"wrapper__inner wrapper__width-large--24 wrapper__width-mobile--24\">\n\t\t<p\n\t\tclass=\"paragraph paragraph__align--left paragraph__color--black paragraph__size--default   block-paragraph__paragraph\"\n\t\t\t>\n\t\tDe woningvraag in de gemeente wordt gevormd door demografische kenmerken van inwoners. Nu hebben we woningen nodig voor ouderen, maar na 2040 zal de vraag naar woningen voor jongere eenspersoonshuishoudens toenemen. Daarom pleiten wij voor gemeentelijk beleid dat flexibele woningen mogelijk maakt, die gemakkelijk kunnen worden aangepast aan een andere doelgroep. <br><br>Wij willen bereiken dat:<br>&#8211; Flexibele woningen beschikbaar zijn die kunnen worden aangepast aan veranderende demografie.<br>&#8211; Woningdelen en meer-generatie wonen mogelijk worden gemaakt.<br>&#8211; De kostendelersnorm ter discussie wordt gesteld.\t<\/p>\t  <\/div>\n\t<\/div>\n  <\/div>\n\n\t<\/div>\n\n\t<div class=\"block-post-content__sidebar\">\n\t\t\n\t\t\n\t\t\t<\/div>\n<\/section>\n\t  <\/div>\n\t<\/div>\n  <\/div>\n\n\n<div\n  id=\"\"\n  class=\"wrapper  wrapper__spacing-bottom-large--50 wrapper__spacing-bottom-desktop--70 wrapper__spacing-bottom-mobile--50  wrapper__gutter--none\"\n  >\n  \t<div class=\"wrapper__container wrapper__container-width-large--default\">\n\t  <div class=\"wrapper__inner wrapper__width-large--18 wrapper__width-desktop--22 wrapper__width-mobile--24 wrapper__offset-large--6 wrapper__offset-desktop--2 wrapper__offset-mobile--0\">\n\t\t<section class=\"block-post-content\">\n\t<div class=\"block-post-content__title\">\n\t\t<h3 class=\"heading  heading__color--black heading__size--medium heading__font--sans heading__weight--bold  block-post-content__heading\" id=\"nav-begeleiding-en-participatie-bij-huisvesting9793\" data-nav-heading-mobile=\"Begeleiding en participatie bij huisvesting\">\n\tBegeleiding en participatie bij huisvesting<\/h3>\t<\/div>\n\t<div class=\"block-post-content__content\">\n\t\t\n<div\n  id=\"\"\n  class=\"wrapper  wrapper__spacing-bottom-large--30 wrapper__spacing-bottom-desktop--20  wrapper__gutter--none\"\n  >\n  \t<div class=\"wrapper__container wrapper__container-width-large--default\">\n\t  <div class=\"wrapper__inner wrapper__width-large--24 wrapper__width-mobile--24\">\n\t\t<p\n\t\tclass=\"paragraph paragraph__align--left paragraph__color--black paragraph__size--default   block-paragraph__paragraph\"\n\t\t\t>\n\t\tWij willen bereiken dat:<br>&#8211; Woningzoekenden een stem krijgen.<br>&#8211; De gemeente duidelijk communiceert over de woningmarkt.<br>&#8211; Passend wonen als opdracht aan de woningcorporatie wordt meegegeven.\t<\/p>\t  <\/div>\n\t<\/div>\n  <\/div>\n\n\t<\/div>\n\n\t<div class=\"block-post-content__sidebar\">\n\t\t\n\t\t\n\t\t\t<\/div>\n<\/section>\n\t  <\/div>\n\t<\/div>\n  <\/div>\n\n\n<div\n  id=\"\"\n  class=\"wrapper  wrapper__spacing-bottom-large--50 wrapper__spacing-bottom-desktop--70 wrapper__spacing-bottom-mobile--50  wrapper__gutter--none\"\n  >\n  \t<div class=\"wrapper__container wrapper__container-width-large--default\">\n\t  <div class=\"wrapper__inner wrapper__width-large--18 wrapper__width-desktop--22 wrapper__width-mobile--24 wrapper__offset-large--6 wrapper__offset-desktop--2 wrapper__offset-mobile--0\">\n\t\t<section class=\"block-post-content\">\n\t<div class=\"block-post-content__title\">\n\t\t<h3 class=\"heading  heading__color--black heading__size--medium heading__font--sans heading__weight--bold  block-post-content__heading\" id=\"nav-veilige-buurten3855\" data-nav-heading-mobile=\"Veilige buurten\">\n\tVeilige buurten<\/h3>\t<\/div>\n\t<div class=\"block-post-content__content\">\n\t\t\n<div\n  id=\"\"\n  class=\"wrapper  wrapper__spacing-bottom-large--30 wrapper__spacing-bottom-desktop--20  wrapper__gutter--none\"\n  >\n  \t<div class=\"wrapper__container wrapper__container-width-large--default\">\n\t  <div class=\"wrapper__inner wrapper__width-large--24 wrapper__width-mobile--24\">\n\t\t<p\n\t\tclass=\"paragraph paragraph__align--left paragraph__color--black paragraph__size--default   block-paragraph__paragraph\"\n\t\t\t>\n\t\tVoor D66 is veiligheid niet iets wat je alleen met regels of straffen kunt afdwingen, maar iets dat je samen opbouwt. In buurten waar mensen elkaar kennen en omzien naar elkaar, is de kans op overlast en criminaliteit kleiner.<br><br>Wij willen bereiken dat:<br>&#8211; Buurtpreventie-apps goed functioneren en worden ondersteund.<br>&#8211; Er wordt ge\u00efnvesteerd in veilige kruispunten, schoolroutes en verlichting.<br>&#8211; Meldingen via Fixi snel en zichtbaar worden opgepakt.\t<\/p>\t  <\/div>\n\t<\/div>\n  <\/div>\n\n\t<\/div>\n\n\t<div class=\"block-post-content__sidebar\">\n\t\t\n\t\t\n\t\t\t<\/div>\n<\/section>\n\t  <\/div>\n\t<\/div>\n  <\/div>\n\n\n<div\n  id=\"\"\n  class=\"wrapper  wrapper__spacing-bottom-large--50 wrapper__spacing-bottom-desktop--70 wrapper__spacing-bottom-mobile--50  wrapper__gutter--none\"\n  >\n  \t<div class=\"wrapper__container wrapper__container-width-large--default\">\n\t  <div class=\"wrapper__inner wrapper__width-large--18 wrapper__width-desktop--22 wrapper__width-mobile--24 wrapper__offset-large--6 wrapper__offset-desktop--2 wrapper__offset-mobile--0\">\n\t\t<section class=\"block-post-content\">\n\t<div class=\"block-post-content__title\">\n\t\t<h3 class=\"heading  heading__color--black heading__size--medium heading__font--sans heading__weight--bold  block-post-content__heading\" id=\"nav-digitale-veiligheid4624\" data-nav-heading-mobile=\"Digitale veiligheid\">\n\tDigitale veiligheid<\/h3>\t<\/div>\n\t<div class=\"block-post-content__content\">\n\t\t\n<div\n  id=\"\"\n  class=\"wrapper  wrapper__spacing-bottom-large--30 wrapper__spacing-bottom-desktop--20  wrapper__gutter--none\"\n  >\n  \t<div class=\"wrapper__container wrapper__container-width-large--default\">\n\t  <div class=\"wrapper__inner wrapper__width-large--24 wrapper__width-mobile--24\">\n\t\t<p\n\t\tclass=\"paragraph paragraph__align--left paragraph__color--black paragraph__size--default   block-paragraph__paragraph\"\n\t\t\t>\n\t\tWij willen bereiken dat:<br>&#8211; Gemeentelijke digitale diensten toegankelijk zijn voor iedereen.<br>&#8211; Privacy en digitale grondrechten strikt worden beschermd.<br>&#8211; Actieve voorlichting beschikbaar is over cybercrime.\t<\/p>\t  <\/div>\n\t<\/div>\n  <\/div>\n\n\t<\/div>\n\n\t<div class=\"block-post-content__sidebar\">\n\t\t\n\t\t\n\t\t\t<\/div>\n<\/section>\n\t  <\/div>\n\t<\/div>\n  <\/div>\n\n\n<div\n  id=\"\"\n  class=\"wrapper  wrapper__spacing-bottom-large--50 wrapper__spacing-bottom-desktop--70 wrapper__spacing-bottom-mobile--50  wrapper__gutter--none\"\n  >\n  \t<div class=\"wrapper__container wrapper__container-width-large--default\">\n\t  <div class=\"wrapper__inner wrapper__width-large--18 wrapper__width-desktop--22 wrapper__width-mobile--24 wrapper__offset-large--6 wrapper__offset-desktop--2 wrapper__offset-mobile--0\">\n\t\t<section class=\"block-post-content\">\n\t<div class=\"block-post-content__title\">\n\t\t<h3 class=\"heading  heading__color--black heading__size--medium heading__font--sans heading__weight--bold  block-post-content__heading\" id=\"nav-biodiversiteit8717\" data-nav-heading-mobile=\"Biodiversiteit\">\n\tBiodiversiteit<\/h3>\t<\/div>\n\t<div class=\"block-post-content__content\">\n\t\t\n<div\n  id=\"\"\n  class=\"wrapper  wrapper__spacing-bottom-large--30 wrapper__spacing-bottom-desktop--20  wrapper__gutter--none\"\n  >\n  \t<div class=\"wrapper__container wrapper__container-width-large--default\">\n\t  <div class=\"wrapper__inner wrapper__width-large--24 wrapper__width-mobile--24\">\n\t\t<p\n\t\tclass=\"paragraph paragraph__align--left paragraph__color--black paragraph__size--default   block-paragraph__paragraph\"\n\t\t\t>\n\t\tWij streven naar een hoge biodiversiteit. Een ecologisch divers systeem is namelijk weerbaar. Daardoor blijft het beter in leven in veranderende en ongunstige omstandigheden.<br><br>Wij willen bereiken dat:<br>&#8211; Ecosystemen weerbaar worden ingericht.<br>&#8211; Een soortenmanagementplan wordt opgesteld.<br>&#8211; Inwoners bomen kunnen adopteren.<br>&#8211; Ecologische corridors worden versterkt en ontwikkeld worden.<br>&#8211; De Renkumse poort als ecologische verbinding verder wordt ontwikkeld<br>\t<\/p>\t  <\/div>\n\t<\/div>\n  <\/div>\n\n\t<\/div>\n\n\t<div class=\"block-post-content__sidebar\">\n\t\t\n\t\t\n\t\t\t<\/div>\n<\/section>\n\t  <\/div>\n\t<\/div>\n  <\/div>\n\n\n<div\n  id=\"\"\n  class=\"wrapper  wrapper__spacing-bottom-large--50 wrapper__spacing-bottom-desktop--70 wrapper__spacing-bottom-mobile--50  wrapper__gutter--none\"\n  >\n  \t<div class=\"wrapper__container wrapper__container-width-large--default\">\n\t  <div class=\"wrapper__inner wrapper__width-large--18 wrapper__width-desktop--22 wrapper__width-mobile--24 wrapper__offset-large--6 wrapper__offset-desktop--2 wrapper__offset-mobile--0\">\n\t\t<section class=\"block-post-content\">\n\t<div class=\"block-post-content__title\">\n\t\t<h3 class=\"heading  heading__color--black heading__size--medium heading__font--sans heading__weight--bold  block-post-content__heading\" id=\"nav-duurzaam-onze-landbouw-behouden3760\" data-nav-heading-mobile=\"Duurzaam onze landbouw behouden\">\n\tDuurzaam onze landbouw behouden<\/h3>\t<\/div>\n\t<div class=\"block-post-content__content\">\n\t\t\n<div\n  id=\"\"\n  class=\"wrapper  wrapper__spacing-bottom-large--30 wrapper__spacing-bottom-desktop--20  wrapper__gutter--none\"\n  >\n  \t<div class=\"wrapper__container wrapper__container-width-large--default\">\n\t  <div class=\"wrapper__inner wrapper__width-large--24 wrapper__width-mobile--24\">\n\t\t<p\n\t\tclass=\"paragraph paragraph__align--left paragraph__color--black paragraph__size--default   block-paragraph__paragraph\"\n\t\t\t>\n\t\tDe landbouwsector is beperkt in Renkum, maar is qua ruimte en beeldbepaling vrij groot. Daarom verkiezen wij natuurlijk ruimtegebruik boven industri\u00eble landbouw.<br><br>Wij willen bereiken dat:<br>&#8211; Duurzame circulaire landbouw wordt gestimuleerd.<br>&#8211; Natuurwaarden worden gecombineerd met andere maatschappelijke waarden.\t<\/p>\t  <\/div>\n\t<\/div>\n  <\/div>\n\n\t<\/div>\n\n\t<div class=\"block-post-content__sidebar\">\n\t\t\n\t\t\n\t\t\t<\/div>\n<\/section>\n\t  <\/div>\n\t<\/div>\n  <\/div>\n\n\n<div\n  id=\"\"\n  class=\"wrapper  wrapper__spacing-bottom-large--50 wrapper__spacing-bottom-desktop--70 wrapper__spacing-bottom-mobile--50  wrapper__gutter--none\"\n  >\n  \t<div class=\"wrapper__container wrapper__container-width-large--default\">\n\t  <div class=\"wrapper__inner wrapper__width-large--18 wrapper__width-desktop--22 wrapper__width-mobile--24 wrapper__offset-large--6 wrapper__offset-desktop--2 wrapper__offset-mobile--0\">\n\t\t<section class=\"block-post-content\">\n\t<div class=\"block-post-content__title\">\n\t\t<h3 class=\"heading  heading__color--black heading__size--medium heading__font--sans heading__weight--bold  block-post-content__heading\" id=\"nav-energietransitie7144\" data-nav-heading-mobile=\"Energietransitie\">\n\tEnergietransitie<\/h3>\t<\/div>\n\t<div class=\"block-post-content__content\">\n\t\t\n<div\n  id=\"\"\n  class=\"wrapper  wrapper__spacing-bottom-large--30 wrapper__spacing-bottom-desktop--20  wrapper__gutter--none\"\n  >\n  \t<div class=\"wrapper__container wrapper__container-width-large--default\">\n\t  <div class=\"wrapper__inner wrapper__width-large--24 wrapper__width-mobile--24\">\n\t\t<p\n\t\tclass=\"paragraph paragraph__align--left paragraph__color--black paragraph__size--default   block-paragraph__paragraph\"\n\t\t\t>\n\t\tWij zetten ons in voor verduurzaming. Niet alleen van huizen, maar ook van de gemeente als geheel. We schuwen niet om experimenten te ondersteunen die de netcongestie kunnen voorkomen.<br><br>Wij willen bereiken dat:<br>&#8211; Kennisdeling vanuit co\u00f6peraties wordt gestimuleerd.<br>&#8211; Transformatorhuisjes worden verfraaid door lokale kunstenaars.<br>\t<\/p>\t  <\/div>\n\t<\/div>\n  <\/div>\n\n\t<\/div>\n\n\t<div class=\"block-post-content__sidebar\">\n\t\t\n\t\t\n\t\t\t<\/div>\n<\/section>\n\t  <\/div>\n\t<\/div>\n  <\/div>\n\n\n<div\n  id=\"\"\n  class=\"wrapper  wrapper__spacing-bottom-large--50 wrapper__spacing-bottom-desktop--70 wrapper__spacing-bottom-mobile--50  wrapper__gutter--none\"\n  >\n  \t<div class=\"wrapper__container wrapper__container-width-large--default\">\n\t  <div class=\"wrapper__inner wrapper__width-large--18 wrapper__width-desktop--22 wrapper__width-mobile--24 wrapper__offset-large--6 wrapper__offset-desktop--2 wrapper__offset-mobile--0\">\n\t\t<section class=\"block-post-content\">\n\t<div class=\"block-post-content__title\">\n\t\t<h3 class=\"heading  heading__color--black heading__size--medium heading__font--sans heading__weight--bold  block-post-content__heading\" id=\"nav-mobiliteit9103\" data-nav-heading-mobile=\"Mobiliteit\">\n\tMobiliteit<\/h3>\t<\/div>\n\t<div class=\"block-post-content__content\">\n\t\t\n<div\n  id=\"\"\n  class=\"wrapper  wrapper__spacing-bottom-large--30 wrapper__spacing-bottom-desktop--20  wrapper__gutter--none\"\n  >\n  \t<div class=\"wrapper__container wrapper__container-width-large--default\">\n\t  <div class=\"wrapper__inner wrapper__width-large--24 wrapper__width-mobile--24\">\n\t\t<p\n\t\tclass=\"paragraph paragraph__align--left paragraph__color--black paragraph__size--default   block-paragraph__paragraph\"\n\t\t\t>\n\t\tWij willen bereiken dat:<br>&#8211; Voldoende laadmogelijkheden beschikbaar zijn voor elektrische auto\u2019s.<br>&#8211; Deelauto-initiatieven worden gestimuleerd.<br>&#8211; Fietsgebruik wordt bevorderd.\t<\/p>\t  <\/div>\n\t<\/div>\n  <\/div>\n\n\n<div\n  id=\"\"\n  class=\"wrapper  wrapper__spacing-bottom-large--20  wrapper__gutter--none\"\n  >\n  \t<div class=\"wrapper__container wrapper__container-width-large--default\">\n\t  <div class=\"wrapper__inner wrapper__width-large--24 wrapper__width-mobile--24\">\n\t\t<img loading=\"lazy\" decoding=\"async\" width=\"1024\" height=\"768\" src=\"https:\/\/d66.nl\/renkum\/wp-content\/uploads\/sites\/107\/2023\/03\/08691fa8-df65-4148-9f29-1ad25c5639e4-1024x768.jpg\" class=\"image block-image__img\" alt=\"\" srcset=\"https:\/\/d66.nl\/renkum\/wp-content\/uploads\/sites\/107\/2023\/03\/08691fa8-df65-4148-9f29-1ad25c5639e4-1024x768.jpg 1024w, https:\/\/d66.nl\/renkum\/wp-content\/uploads\/sites\/107\/2023\/03\/08691fa8-df65-4148-9f29-1ad25c5639e4-300x225.jpg 300w, https:\/\/d66.nl\/renkum\/wp-content\/uploads\/sites\/107\/2023\/03\/08691fa8-df65-4148-9f29-1ad25c5639e4-768x576.jpg 768w, https:\/\/d66.nl\/renkum\/wp-content\/uploads\/sites\/107\/2023\/03\/08691fa8-df65-4148-9f29-1ad25c5639e4-1536x1152.jpg 1536w, https:\/\/d66.nl\/renkum\/wp-content\/uploads\/sites\/107\/2023\/03\/08691fa8-df65-4148-9f29-1ad25c5639e4.jpg 2048w\" sizes=\"auto, (max-width: 1024px) 100vw, 1024px\" \/>\n\t\t\t<div class=\"image__caption-wrapper block-image__caption-wrapper\">\n\t\t\t<div class=\"image__caption block-image__caption\">\n\t\t\t\t<p class=\"paragraph paragraph__align--left paragraph__color--black paragraph__size--small paragraph__weight--medium\">\n\t\t<b>Buurtbus<\/b> <i>&#045;<\/i> Beeld: Dick van de Meer\t<\/p>\t\t\t<\/div>\n\t\t<\/div>\t  <\/div>\n\t<\/div>\n  <\/div>\n\n\t<\/div>\n\n\t<div class=\"block-post-content__sidebar\">\n\t\t\n\t\t\n\t\t\t<\/div>\n<\/section>\n\t  <\/div>\n\t<\/div>\n  <\/div>\n\n\n<div\n  id=\"\"\n  class=\"wrapper  wrapper__spacing-bottom-large--50 wrapper__spacing-bottom-desktop--70 wrapper__spacing-bottom-mobile--50  wrapper__gutter--none\"\n  >\n  \t<div class=\"wrapper__container wrapper__container-width-large--default\">\n\t  <div class=\"wrapper__inner wrapper__width-large--18 wrapper__width-desktop--22 wrapper__width-mobile--24 wrapper__offset-large--6 wrapper__offset-desktop--2 wrapper__offset-mobile--0\">\n\t\t<section class=\"block-post-content\">\n\t<div class=\"block-post-content__title\">\n\t\t<h3 class=\"heading  heading__color--black heading__size--medium heading__font--sans heading__weight--bold  block-post-content__heading\" id=\"nav-klimaatadaptatie9936\" data-nav-heading-mobile=\"Klimaatadaptatie\">\n\tKlimaatadaptatie<\/h3>\t<\/div>\n\t<div class=\"block-post-content__content\">\n\t\t\n<div\n  id=\"\"\n  class=\"wrapper  wrapper__spacing-bottom-large--30 wrapper__spacing-bottom-desktop--20  wrapper__gutter--none\"\n  >\n  \t<div class=\"wrapper__container wrapper__container-width-large--default\">\n\t  <div class=\"wrapper__inner wrapper__width-large--24 wrapper__width-mobile--24\">\n\t\t<p\n\t\tclass=\"paragraph paragraph__align--left paragraph__color--black paragraph__size--default   block-paragraph__paragraph\"\n\t\t\t>\n\t\tIn de inrichting van onze omgeving houden we rekening met het veranderende klimaat. Zo kunnen we veel schade door klimaatcrises voorkomen.<br>Wij willen bereiken dat:<br>&#8211; Hitte bestrijdende maatregelen worden genomen bij ruimtelijke ontwikkeling.<br>&#8211; Nieuwe bomen worden geplant.\t<\/p>\t  <\/div>\n\t<\/div>\n  <\/div>\n\n\t<\/div>\n\n\t<div class=\"block-post-content__sidebar\">\n\t\t\n\t\t\n\t\t\t<\/div>\n<\/section>\n\t  <\/div>\n\t<\/div>\n  <\/div>\n\n\n<div\n  id=\"\"\n  class=\"wrapper  wrapper__spacing-bottom-large--50 wrapper__spacing-bottom-desktop--70 wrapper__spacing-bottom-mobile--50  wrapper__gutter--none\"\n  >\n  \t<div class=\"wrapper__container wrapper__container-width-large--default\">\n\t  <div class=\"wrapper__inner wrapper__width-large--18 wrapper__width-desktop--22 wrapper__width-mobile--24 wrapper__offset-large--6 wrapper__offset-desktop--2 wrapper__offset-mobile--0\">\n\t\t<section class=\"block-post-content\">\n\t<div class=\"block-post-content__title\">\n\t\t<h3 class=\"heading  heading__color--black heading__size--medium heading__font--sans heading__weight--bold  block-post-content__heading\" id=\"nav-schone-lucht-en-water8038\" data-nav-heading-mobile=\"Schone lucht en water\">\n\tSchone lucht en water<\/h3>\t<\/div>\n\t<div class=\"block-post-content__content\">\n\t\t\n<div\n  id=\"\"\n  class=\"wrapper  wrapper__spacing-bottom-large--30 wrapper__spacing-bottom-desktop--20  wrapper__gutter--none\"\n  >\n  \t<div class=\"wrapper__container wrapper__container-width-large--default\">\n\t  <div class=\"wrapper__inner wrapper__width-large--24 wrapper__width-mobile--24\">\n\t\t<p\n\t\tclass=\"paragraph paragraph__align--left paragraph__color--black paragraph__size--default   block-paragraph__paragraph\"\n\t\t\t>\n\t\tWij willen bereiken dat:<br>&#8211; fijnstof beter wordt gemeten.<br>&#8211; inwoners bewust worden gemaakt van de effecten van hun stookgedrag<br>&#8211; voorlichting wordt gegeven over watergebruik.\t<\/p>\t  <\/div>\n\t<\/div>\n  <\/div>\n\n\t<\/div>\n\n\t<div class=\"block-post-content__sidebar\">\n\t\t\n\t\t\n\t\t\t<\/div>\n<\/section>\n\t  <\/div>\n\t<\/div>\n  <\/div>\n\n\n<div\n  id=\"\"\n  class=\"wrapper  wrapper__spacing-bottom-large--50 wrapper__spacing-bottom-desktop--70 wrapper__spacing-bottom-mobile--50  wrapper__gutter--none\"\n  >\n  \t<div class=\"wrapper__container wrapper__container-width-large--default\">\n\t  <div class=\"wrapper__inner wrapper__width-large--18 wrapper__width-desktop--22 wrapper__width-mobile--24 wrapper__offset-large--6 wrapper__offset-desktop--2 wrapper__offset-mobile--0\">\n\t\t<section class=\"block-post-content\">\n\t<div class=\"block-post-content__title\">\n\t\t<h3 class=\"heading  heading__color--black heading__size--medium heading__font--sans heading__weight--bold  block-post-content__heading\" id=\"nav-fabrieken-en-omwonenden49\" data-nav-heading-mobile=\"Fabrieken en omwonenden\">\n\tFabrieken en omwonenden<\/h3>\t<\/div>\n\t<div class=\"block-post-content__content\">\n\t\t\n<div\n  id=\"\"\n  class=\"wrapper  wrapper__spacing-bottom-large--30 wrapper__spacing-bottom-desktop--20  wrapper__gutter--none\"\n  >\n  \t<div class=\"wrapper__container wrapper__container-width-large--default\">\n\t  <div class=\"wrapper__inner wrapper__width-large--24 wrapper__width-mobile--24\">\n\t\t<p\n\t\tclass=\"paragraph paragraph__align--left paragraph__color--black paragraph__size--default   block-paragraph__paragraph\"\n\t\t\t>\n\t\tBuitensporige overlast dient beperkt te worden voor de omwonenden en voor de natuur. Dat geldt op zowel het gebied van gezondheid als milieu, voor alle vormen van industri\u00eble bedrijvigheid die onze gemeente rijk is.<br><br>Wij willen bereiken dat:<br>&#8211; Actief wordt toegezien op handhaving door andere overheden om overlast en gezondheidsrisico\u2019s voor omwonenden te beperken.<br>&#8211; Smurfit Westrock Parenco zorgt voor een goede relatie met inwoners van omliggende dorpen.\t<\/p>\t  <\/div>\n\t<\/div>\n  <\/div>\n\n\n<div\n  id=\"\"\n  class=\"wrapper  wrapper__spacing-bottom-large--20  wrapper__gutter--none\"\n  >\n  \t<div class=\"wrapper__container wrapper__container-width-large--default\">\n\t  <div class=\"wrapper__inner wrapper__width-large--24 wrapper__width-mobile--24\">\n\t\t<img loading=\"lazy\" decoding=\"async\" width=\"1024\" height=\"683\" src=\"https:\/\/d66.nl\/renkum\/wp-content\/uploads\/sites\/107\/2025\/12\/2025-05-04-160248-fabriek-gemrenkum-renkum-parenco-1024x683.jpg\" class=\"image block-image__img\" alt=\"\" srcset=\"https:\/\/d66.nl\/renkum\/wp-content\/uploads\/sites\/107\/2025\/12\/2025-05-04-160248-fabriek-gemrenkum-renkum-parenco-1024x683.jpg 1024w, https:\/\/d66.nl\/renkum\/wp-content\/uploads\/sites\/107\/2025\/12\/2025-05-04-160248-fabriek-gemrenkum-renkum-parenco-300x200.jpg 300w, https:\/\/d66.nl\/renkum\/wp-content\/uploads\/sites\/107\/2025\/12\/2025-05-04-160248-fabriek-gemrenkum-renkum-parenco-768x512.jpg 768w, https:\/\/d66.nl\/renkum\/wp-content\/uploads\/sites\/107\/2025\/12\/2025-05-04-160248-fabriek-gemrenkum-renkum-parenco-1536x1024.jpg 1536w, https:\/\/d66.nl\/renkum\/wp-content\/uploads\/sites\/107\/2025\/12\/2025-05-04-160248-fabriek-gemrenkum-renkum-parenco-2048x1365.jpg 2048w\" sizes=\"auto, (max-width: 1024px) 100vw, 1024px\" \/>\n\t\t\t<div class=\"image__caption-wrapper block-image__caption-wrapper\">\n\t\t\t<div class=\"image__caption block-image__caption\">\n\t\t\t\t<p class=\"paragraph paragraph__align--left paragraph__color--black paragraph__size--small paragraph__weight--medium\">\n\t\t<b>Parenco<\/b> <i>&#045;<\/i> Beeld: Jurjen Berends\t<\/p>\t\t\t<\/div>\n\t\t<\/div>\t  <\/div>\n\t<\/div>\n  <\/div>\n\n\t<\/div>\n\n\t<div class=\"block-post-content__sidebar\">\n\t\t\n\t\t\n\t\t\t<\/div>\n<\/section>\n\t  <\/div>\n\t<\/div>\n  <\/div>\n\n\n<div\n  id=\"\"\n  class=\"wrapper  wrapper__spacing-bottom-large--50 wrapper__spacing-bottom-desktop--70 wrapper__spacing-bottom-mobile--50  wrapper__gutter--none\"\n  >\n  \t<div class=\"wrapper__container wrapper__container-width-large--default\">\n\t  <div class=\"wrapper__inner wrapper__width-large--18 wrapper__width-desktop--22 wrapper__width-mobile--24 wrapper__offset-large--6 wrapper__offset-desktop--2 wrapper__offset-mobile--0\">\n\t\t<section class=\"block-post-content\">\n\t<div class=\"block-post-content__title\">\n\t\t<h3 class=\"heading  heading__color--black heading__size--medium heading__font--sans heading__weight--bold  block-post-content__heading\" id=\"nav-afval-en-circulaire-grondstoffen2092\" data-nav-heading-mobile=\"Afval en circulaire grondstoffen\">\n\tAfval en circulaire grondstoffen<\/h3>\t<\/div>\n\t<div class=\"block-post-content__content\">\n\t\t\n<div\n  id=\"\"\n  class=\"wrapper  wrapper__spacing-bottom-large--30 wrapper__spacing-bottom-desktop--20  wrapper__gutter--none\"\n  >\n  \t<div class=\"wrapper__container wrapper__container-width-large--default\">\n\t  <div class=\"wrapper__inner wrapper__width-large--24 wrapper__width-mobile--24\">\n\t\t<p\n\t\tclass=\"paragraph paragraph__align--left paragraph__color--black paragraph__size--default   block-paragraph__paragraph\"\n\t\t\t>\n\t\tWij willen bereiken dat:<br>&#8211; Afvalinzameling goed en toegankelijk is voor alle inwoners.<br>&#8211; Extra aandacht uitgaat naar het scheiden en hergebruiken van waardevolle grondstoffen.<br>&#8211; Bijzonder afval veilig en respectvol wordt ingezameld.<br>\t<\/p>\t  <\/div>\n\t<\/div>\n  <\/div>\n\n\t<\/div>\n\n\t<div class=\"block-post-content__sidebar\">\n\t\t\n\t\t\n\t\t\t<\/div>\n<\/section>\n\t  <\/div>\n\t<\/div>\n  <\/div>\n\n\n<div\n  id=\"\"\n  class=\"wrapper  wrapper__spacing-bottom-large--50 wrapper__spacing-bottom-desktop--70 wrapper__spacing-bottom-mobile--50  wrapper__gutter--none\"\n  >\n  \t<div class=\"wrapper__container wrapper__container-width-large--default\">\n\t  <div class=\"wrapper__inner wrapper__width-large--18 wrapper__width-desktop--22 wrapper__width-mobile--24 wrapper__offset-large--6 wrapper__offset-desktop--2 wrapper__offset-mobile--0\">\n\t\t<section class=\"block-post-content\">\n\t<div class=\"block-post-content__title\">\n\t\t<h3 class=\"heading  heading__color--black heading__size--medium heading__font--sans heading__weight--bold  block-post-content__heading\" id=\"nav-politiek-en-democratie7356\" data-nav-heading-mobile=\"Politiek en democratie\">\n\tPolitiek en democratie<\/h3>\t<\/div>\n\t<div class=\"block-post-content__content\">\n\t\t\n<div\n  id=\"\"\n  class=\"wrapper  wrapper__spacing-bottom-large--30 wrapper__spacing-bottom-desktop--20  wrapper__gutter--none\"\n  >\n  \t<div class=\"wrapper__container wrapper__container-width-large--default\">\n\t  <div class=\"wrapper__inner wrapper__width-large--24 wrapper__width-mobile--24\">\n\t\t<p\n\t\tclass=\"paragraph paragraph__align--left paragraph__color--black paragraph__size--default   block-paragraph__paragraph\"\n\t\t\t>\n\t\tD66 Renkum wil af van politiek die blijft steken in eindeloos praten. Te vaak verliezen we ons in details, terwijl het echte gesprek moet gaan over de vraag: <em>wat voor gemeente willen we over tien jaar zijn en hoe komen we daar?<\/em> De gemeenteraad moet koers en visie bepalen, en debatten gebruiken om plannen te verbeteren. Ook kunnen we inwoners beter betrekken zodat we tot betere besluiten komen.<br><br>Wij willen bereiken dat:<br>&#8211; De D66-raadsfractie stuurt op koers, visie en resultaat en besluiten neemt zodra het kan.<br>&#8211; Het vergaderstelsel inwoners goed betrekt.<br>&#8211; Een burgerberaad wordt ingevoerd.<br>&#8211; Transparantie bestaat over het proces en de uitkomsten van een burgerberaad.<br>\t<\/p>\t  <\/div>\n\t<\/div>\n  <\/div>\n\n\t<\/div>\n\n\t<div class=\"block-post-content__sidebar\">\n\t\t\n\t\t\n\t\t\t<\/div>\n<\/section>\n\t  <\/div>\n\t<\/div>\n  <\/div>\n\n\n<div\n  id=\"\"\n  class=\"wrapper  wrapper__spacing-bottom-large--50 wrapper__spacing-bottom-desktop--70 wrapper__spacing-bottom-mobile--50  wrapper__gutter--none\"\n  >\n  \t<div class=\"wrapper__container wrapper__container-width-large--default\">\n\t  <div class=\"wrapper__inner wrapper__width-large--18 wrapper__width-desktop--22 wrapper__width-mobile--24 wrapper__offset-large--6 wrapper__offset-desktop--2 wrapper__offset-mobile--0\">\n\t\t<section class=\"block-post-content\">\n\t<div class=\"block-post-content__title\">\n\t\t<h3 class=\"heading  heading__color--black heading__size--medium heading__font--sans heading__weight--bold  block-post-content__heading\" id=\"nav-vertrouwen-in-inwoners-en-initiatieven1277\" data-nav-heading-mobile=\"Vertrouwen in inwoners en initiatieven\">\n\tVertrouwen in inwoners en initiatieven<\/h3>\t<\/div>\n\t<div class=\"block-post-content__content\">\n\t\t\n<div\n  id=\"\"\n  class=\"wrapper  wrapper__spacing-bottom-large--30 wrapper__spacing-bottom-desktop--20  wrapper__gutter--none\"\n  >\n  \t<div class=\"wrapper__container wrapper__container-width-large--default\">\n\t  <div class=\"wrapper__inner wrapper__width-large--24 wrapper__width-mobile--24\">\n\t\t<p\n\t\tclass=\"paragraph paragraph__align--left paragraph__color--black paragraph__size--default   block-paragraph__paragraph\"\n\t\t\t>\n\t\tGoed bestuur begint met vertrouwen in inwoners. We schrappen onnodige regels, werken vanuit de bedoeling en maken processen eenvoudiger. Initiatieven die het dorp beter maken, moeten kunnen, tenzij er zwaarwegende redenen zijn om \u2018nee\u2019 te zeggen.<br><br>Wij willen bereiken dat:<br>&#8211; Er minder regeldruk komt en men kan werken vanuit de bedoeling; goede initiatieven krijgen voorrang.<br>&#8211; Een \u201cRight to Challenge\u201d geldt met duidelijke spelregels en professioneel opdrachtgeverschap.\t<\/p>\t  <\/div>\n\t<\/div>\n  <\/div>\n\n\t<\/div>\n\n\t<div class=\"block-post-content__sidebar\">\n\t\t\n\t\t\n\t\t\t<\/div>\n<\/section>\n\t  <\/div>\n\t<\/div>\n  <\/div>\n\n\n<div\n  id=\"\"\n  class=\"wrapper  wrapper__spacing-bottom-large--50 wrapper__spacing-bottom-desktop--70 wrapper__spacing-bottom-mobile--50  wrapper__gutter--none\"\n  >\n  \t<div class=\"wrapper__container wrapper__container-width-large--default\">\n\t  <div class=\"wrapper__inner wrapper__width-large--18 wrapper__width-desktop--22 wrapper__width-mobile--24 wrapper__offset-large--6 wrapper__offset-desktop--2 wrapper__offset-mobile--0\">\n\t\t<section class=\"block-post-content\">\n\t<div class=\"block-post-content__title\">\n\t\t<h3 class=\"heading  heading__color--black heading__size--medium heading__font--sans heading__weight--bold  block-post-content__heading\" id=\"nav-sterke-zelfstandige-gemeente8522\" data-nav-heading-mobile=\"Sterke zelfstandige gemeente\">\n\tSterke zelfstandige gemeente<\/h3>\t<\/div>\n\t<div class=\"block-post-content__content\">\n\t\t\n<div\n  id=\"\"\n  class=\"wrapper  wrapper__spacing-bottom-large--30 wrapper__spacing-bottom-desktop--20  wrapper__gutter--none\"\n  >\n  \t<div class=\"wrapper__container wrapper__container-width-large--default\">\n\t  <div class=\"wrapper__inner wrapper__width-large--24 wrapper__width-mobile--24\">\n\t\t<p\n\t\tclass=\"paragraph paragraph__align--left paragraph__color--black paragraph__size--default   block-paragraph__paragraph\"\n\t\t\t>\n\t\tDe wereld om ons heen verandert snel. Dat vraagt om een gemeente die meebeweegt, leert en continu verbetert. We kunnen niet blijven werken zoals we altijd hebben gedaan en toch verwachten dat de resultaten gelijk blijven, laat staan verbeteren. D66 Renkum wil een bestuur en ambtelijke organisatie die actief zoekt naar wat slimmer, effectiever of beter kan. Dat betekent leren van ervaringen, openstaan voor nieuwe idee\u00ebn, ook van buiten, en durven bijsturen wanneer dat nodig is.<br><br>Wij willen bereiken dat:<br>&#8211; Regionale samenwerking wordt gezocht waar dit kwaliteit en effici\u00ebntie oplevert.<br>&#8211; De gemeente lid wordt van de Economic Board Lifeport.<br>&#8211; Integraal werken de norm is, met besluiten die domein overstijgend, doelgericht en praktisch uitvoerbaar zijn.<br>&#8211; Gemeentebestuur en organisatie blijven leren en verbeteren om steeds betere resultaten te behalen.<br>&#8211; Renkum een zelfstandige en toekomstbestendige gemeente blijft.<br>&#8211; We eerlijk afgewogen keuzes maken over mensen en middelen\t<\/p>\t  <\/div>\n\t<\/div>\n  <\/div>\n\n\t<\/div>\n\n\t<div class=\"block-post-content__sidebar\">\n\t\t\n\t\t\n\t\t\t<\/div>\n<\/section>\n\t  <\/div>\n\t<\/div>\n  <\/div>\n\n\n<div\n  id=\"\"\n  class=\"wrapper  wrapper__spacing-bottom-large--50 wrapper__spacing-bottom-desktop--70 wrapper__spacing-bottom-mobile--50  wrapper__gutter--none\"\n  >\n  \t<div class=\"wrapper__container wrapper__container-width-large--default\">\n\t  <div class=\"wrapper__inner wrapper__width-large--18 wrapper__width-desktop--22 wrapper__width-mobile--24 wrapper__offset-large--6 wrapper__offset-desktop--2 wrapper__offset-mobile--0\">\n\t\t<section class=\"block-post-content\">\n\t<div class=\"block-post-content__title\">\n\t\t<h3 class=\"heading  heading__color--black heading__size--medium heading__font--sans heading__weight--bold  block-post-content__heading\" id=\"nav-gemeentehuis4299\" data-nav-heading-mobile=\"Gemeentehuis\">\n\tGemeentehuis<\/h3>\t<\/div>\n\t<div class=\"block-post-content__content\">\n\t\t\n<div\n  id=\"\"\n  class=\"wrapper  wrapper__spacing-bottom-large--30 wrapper__spacing-bottom-desktop--20  wrapper__gutter--none\"\n  >\n  \t<div class=\"wrapper__container wrapper__container-width-large--default\">\n\t  <div class=\"wrapper__inner wrapper__width-large--24 wrapper__width-mobile--24\">\n\t\t<p\n\t\tclass=\"paragraph paragraph__align--left paragraph__color--black paragraph__size--default   block-paragraph__paragraph\"\n\t\t\t>\n\t\tEen gemeentehuis dient twee doelen: het zijn van een goede werkplek voor ambtenaren en een loket zijn voor inwoners om (burger)zaken te regelen.<br><br>Wij willen bereiken dat:<br>&#8211; Gemeentelijke loketten dichter bij inwoners komen.<br>&#8211; Een passende toekomst wordt gevonden voor het pand aan het Raadhuisplein in Oosterbeek.\t<\/p>\t  <\/div>\n\t<\/div>\n  <\/div>\n\n\t<\/div>\n\n\t<div class=\"block-post-content__sidebar\">\n\t\t\n\t\t\n\t\t\t<\/div>\n<\/section>\n\t  <\/div>\n\t<\/div>\n  <\/div>\n\n\n<div\n  id=\"\"\n  class=\"wrapper  wrapper__spacing-bottom-large--50 wrapper__spacing-bottom-desktop--70 wrapper__spacing-bottom-mobile--50  wrapper__gutter--none\"\n  >\n  \t<div class=\"wrapper__container wrapper__container-width-large--default\">\n\t  <div class=\"wrapper__inner wrapper__width-large--18 wrapper__width-desktop--22 wrapper__width-mobile--24 wrapper__offset-large--6 wrapper__offset-desktop--2 wrapper__offset-mobile--0\">\n\t\t<section class=\"block-post-content\">\n\t<div class=\"block-post-content__title\">\n\t\t<h3 class=\"heading  heading__color--black heading__size--medium heading__font--sans heading__weight--bold  block-post-content__heading\" id=\"nav-financi--n6908\" data-nav-heading-mobile=\"Financi\u00ebn\">\n\tFinanci\u00ebn<\/h3>\t<\/div>\n\t<div class=\"block-post-content__content\">\n\t\t\n<div\n  id=\"\"\n  class=\"wrapper  wrapper__spacing-bottom-large--30 wrapper__spacing-bottom-desktop--20  wrapper__gutter--none\"\n  >\n  \t<div class=\"wrapper__container wrapper__container-width-large--default\">\n\t  <div class=\"wrapper__inner wrapper__width-large--24 wrapper__width-mobile--24\">\n\t\t<p\n\t\tclass=\"paragraph paragraph__align--left paragraph__color--black paragraph__size--default   block-paragraph__paragraph\"\n\t\t\t>\n\t\tD66 Renkum staat voor een solide, transparant en toekomstgericht financieel beleid. Elke euro die de gemeente uitgeeft moet bijdragen aan een sterke, eerlijke en leefbare samenleving. Nu \u00e9n voor toekomstige generaties. Dat betekent dat we willen dat de gemeente slimme investeringen doet in bijvoorbeeld onderwijs, duurzaamheid en innovaties die echt verschil maken.<br><br>Wij willen bereiken dat:<br>&#8211; Uitgaven goed worden onderbouwd.<br>&#8211; De gemeente actief opkomt voor voldoende rijksmiddelen voor gemeentelijke taken.<br>&#8211; Maximaal wordt ingezet op het binnenhalen van Europese subsidies<br>&#8211; een actueel openbaar subsidieregister beschikbaar is voor volledige transparantie.<br>&#8211; Een leegstandsbelasting wordt ingevoerd voor langdurig ongebruikte woningen.<br>&#8211; De OZB eerlijk wordt vastgesteld.\t<\/p>\t  <\/div>\n\t<\/div>\n  <\/div>\n\n\n<div\n  id=\"\"\n  class=\"wrapper  wrapper__spacing-bottom-large--20  wrapper__gutter--none\"\n  >\n  \t<div class=\"wrapper__container wrapper__container-width-large--default\">\n\t  <div class=\"wrapper__inner wrapper__width-large--24 wrapper__width-mobile--24\">\n\t\t<img loading=\"lazy\" decoding=\"async\" width=\"1024\" height=\"683\" src=\"https:\/\/d66.nl\/renkum\/wp-content\/uploads\/sites\/107\/2025\/12\/2025-03-23-131526-gemrenkum-gemeentehuis-oosterbeek-1024x683.jpg\" class=\"image block-image__img\" alt=\"\" srcset=\"https:\/\/d66.nl\/renkum\/wp-content\/uploads\/sites\/107\/2025\/12\/2025-03-23-131526-gemrenkum-gemeentehuis-oosterbeek-1024x683.jpg 1024w, https:\/\/d66.nl\/renkum\/wp-content\/uploads\/sites\/107\/2025\/12\/2025-03-23-131526-gemrenkum-gemeentehuis-oosterbeek-300x200.jpg 300w, https:\/\/d66.nl\/renkum\/wp-content\/uploads\/sites\/107\/2025\/12\/2025-03-23-131526-gemrenkum-gemeentehuis-oosterbeek-768x512.jpg 768w, https:\/\/d66.nl\/renkum\/wp-content\/uploads\/sites\/107\/2025\/12\/2025-03-23-131526-gemrenkum-gemeentehuis-oosterbeek-1536x1024.jpg 1536w, https:\/\/d66.nl\/renkum\/wp-content\/uploads\/sites\/107\/2025\/12\/2025-03-23-131526-gemrenkum-gemeentehuis-oosterbeek-2048x1366.jpg 2048w\" sizes=\"auto, (max-width: 1024px) 100vw, 1024px\" \/>\n\t\t\t<div class=\"image__caption-wrapper block-image__caption-wrapper\">\n\t\t\t<div class=\"image__caption block-image__caption\">\n\t\t\t\t<p class=\"paragraph paragraph__align--left paragraph__color--black paragraph__size--small paragraph__weight--medium\">\n\t\t<b>Gemeentehuis<\/b> <i>&#045;<\/i> Beeld: Jurjen Berends\t<\/p>\t\t\t<\/div>\n\t\t<\/div>\t  <\/div>\n\t<\/div>\n  <\/div>\n\n\t<\/div>\n\n\t<div class=\"block-post-content__sidebar\">\n\t\t\n\t\t\n\t\t\t<\/div>\n<\/section>\n\t  <\/div>\n\t<\/div>\n  <\/div>\n\n\n<div\n  id=\"\"\n  class=\"wrapper  wrapper__spacing-bottom-large--20 wrapper__spacing-bottom-desktop--10 wrapper__spacing-bottom-mobile--10  wrapper__gutter--none\"\n  >\n  \t<div class=\"wrapper__container wrapper__container-width-large--default\">\n\t  <div class=\"wrapper__inner wrapper__width-large--18 wrapper__width-desktop--22 wrapper__width-mobile--24 wrapper__offset-large--6 wrapper__offset-desktop--2 wrapper__offset-mobile--0\">\n\t\t<section class=\"block-post-content\">\n\t<div class=\"block-post-content__title\">\n\t\t<h3 class=\"heading  heading__color--black heading__size--medium heading__font--sans heading__weight--bold  block-post-content__heading\" id=\"nav-4385\" data-nav-heading-mobile=\"\">\n\t<\/h3>\t<\/div>\n\t<div class=\"block-post-content__content\">\n\t\t\n<div\n  id=\"\"\n  class=\"wrapper  wrapper__spacing-bottom-large--30 wrapper__spacing-bottom-desktop--20  wrapper__gutter--none\"\n  >\n  \t<div class=\"wrapper__container wrapper__container-width-large--default\">\n\t  <div class=\"wrapper__inner wrapper__width-large--24 wrapper__width-mobile--24\">\n\t\t<p\n\t\tclass=\"paragraph paragraph__align--left paragraph__color--black paragraph__size--default   block-paragraph__paragraph\"\n\t\t\t>\n\t\t\t<\/p>\t  <\/div>\n\t<\/div>\n  <\/div>\n\n\t<\/div>\n\n\t<div class=\"block-post-content__sidebar\">\n\t\t\n\t\t\n\t\t\t<\/div>\n<\/section>\n\t  <\/div>\n\t<\/div>\n  <\/div>\n\n\n<div\n  id=\"\"\n  class=\"wrapper  wrapper__spacing-bottom-large--20 wrapper__spacing-bottom-desktop--10 wrapper__spacing-bottom-mobile--10  wrapper__gutter--none\"\n  >\n  \t<div class=\"wrapper__container wrapper__container-width-large--default\">\n\t  <div class=\"wrapper__inner wrapper__width-large--18 wrapper__width-desktop--22 wrapper__width-mobile--24 wrapper__offset-large--6 wrapper__offset-desktop--2 wrapper__offset-mobile--0\">\n\t\t<section class=\"block-post-content\">\n\t<div class=\"block-post-content__title\">\n\t\t<h3 class=\"heading  heading__color--black heading__size--medium heading__font--sans heading__weight--bold  block-post-content__heading\" id=\"nav-7726\" data-nav-heading-mobile=\"\">\n\t<\/h3>\t<\/div>\n\t<div class=\"block-post-content__content\">\n\t\t\n<div\n  id=\"\"\n  class=\"wrapper  wrapper__spacing-bottom-large--30 wrapper__spacing-bottom-desktop--20  wrapper__gutter--none\"\n  >\n  \t<div class=\"wrapper__container wrapper__container-width-large--default\">\n\t  <div class=\"wrapper__inner wrapper__width-large--24 wrapper__width-mobile--24\">\n\t\t<p\n\t\tclass=\"paragraph paragraph__align--left paragraph__color--black paragraph__size--default   block-paragraph__paragraph\"\n\t\t\t>\n\t\t\t<\/p>\t  <\/div>\n\t<\/div>\n  <\/div>\n\n\t<\/div>\n\n\t<div class=\"block-post-content__sidebar\">\n\t\t\n\t\t\n\t\t\t<\/div>\n<\/section>\n\t  <\/div>\n\t<\/div>\n  <\/div>\n","protected":false},"excerpt":{"rendered":"","protected":false},"author":298,"featured_media":1951,"comment_status":"open","ping_status":"open","sticky":false,"template":"","format":"standard","meta":{"_acf_changed":false,"footnotes":""},"categories":[1,29],"labels":[],"search-tags":[12,13,31,3,11,26,14,2,10,9,30,7,5,4,6],"class_list":["post-2131","post","type-post","status-publish","format-standard","has-post-thumbnail","hentry","category-d66","category-nieuws-d66-renkum","search-tags-democratie-bestuur","search-tags-integratie-immigratie","search-tags-kinderen-en-jeugd","search-tags-klimaat","search-tags-kunst-cultuur-media","search-tags-lokaal","search-tags-ondernemen-innoveren","search-tags-onderwijs","search-tags-ruimte-verkeer-bereikbaarheid","search-tags-veiligheid-criminaliteit","search-tags-verenigingen-en-gemeenschap","search-tags-vrijheid-gelijkheid","search-tags-werk-inkomen","search-tags-wonen","search-tags-zorg-gezondheid-sport"],"acf":[],"yoast_head":"<!-- This site is optimized with the Yoast SEO plugin v27.3 - https:\/\/yoast.com\/product\/yoast-seo-wordpress\/ -->\n<title>D66 Renkum &#8212; Wat wil D66 bereiken voor Renkum?<\/title>\n<meta name=\"robots\" content=\"index, follow, max-snippet:-1, max-image-preview:large, max-video-preview:-1\" \/>\n<link rel=\"canonical\" href=\"https:\/\/d66.nl\/renkum\/nieuws\/wat-wil-d66-bereiken-voor-renkum\" \/>\n<meta property=\"og:locale\" content=\"nl_NL\" \/>\n<meta property=\"og:type\" content=\"article\" \/>\n<meta property=\"og:title\" content=\"D66 Renkum &#8212; Wat wil D66 bereiken voor Renkum?\" \/>\n<meta property=\"og:url\" content=\"https:\/\/d66.nl\/renkum\/nieuws\/wat-wil-d66-bereiken-voor-renkum\/\" \/>\n<meta property=\"og:site_name\" content=\"D66 Renkum\" \/>\n<meta property=\"article:published_time\" content=\"2026-03-14T21:58:52+00:00\" \/>\n<meta property=\"article:modified_time\" content=\"2026-03-14T22:10:56+00:00\" \/>\n<meta property=\"og:image\" content=\"https:\/\/d66.nl\/renkum\/wp-content\/uploads\/sites\/107\/2025\/12\/hartensewegRenkum-scaled.jpg\" \/>\n\t<meta property=\"og:image:width\" content=\"2560\" \/>\n\t<meta property=\"og:image:height\" content=\"1920\" \/>\n\t<meta property=\"og:image:type\" content=\"image\/jpeg\" \/>\n<meta name=\"author\" content=\"dorien\" \/>\n<meta name=\"twitter:card\" content=\"summary_large_image\" \/>\n<meta name=\"twitter:label1\" content=\"Geschreven door\" \/>\n\t<meta name=\"twitter:data1\" content=\"dorien\" \/>\n\t<meta name=\"twitter:label2\" content=\"Geschatte leestijd\" \/>\n\t<meta name=\"twitter:data2\" content=\"1 minuut\" \/>\n<script type=\"application\/ld+json\" class=\"yoast-schema-graph\">{\"@context\":\"https:\\\/\\\/schema.org\",\"@graph\":[{\"@type\":\"Article\",\"@id\":\"https:\\\/\\\/d66.nl\\\/renkum\\\/nieuws\\\/wat-wil-d66-bereiken-voor-renkum\\\/#article\",\"isPartOf\":{\"@id\":\"https:\\\/\\\/d66.nl\\\/renkum\\\/nieuws\\\/wat-wil-d66-bereiken-voor-renkum\\\/\"},\"author\":{\"name\":\"dorien\",\"@id\":\"https:\\\/\\\/d66.nl\\\/renkum\\\/#\\\/schema\\\/person\\\/80355e784f2583727626b5b6bf900c25\"},\"headline\":\"Wat wil D66 bereiken voor Renkum?\",\"datePublished\":\"2026-03-14T21:58:52+00:00\",\"dateModified\":\"2026-03-14T22:10:56+00:00\",\"mainEntityOfPage\":{\"@id\":\"https:\\\/\\\/d66.nl\\\/renkum\\\/nieuws\\\/wat-wil-d66-bereiken-voor-renkum\\\/\"},\"wordCount\":6,\"commentCount\":0,\"image\":{\"@id\":\"https:\\\/\\\/d66.nl\\\/renkum\\\/nieuws\\\/wat-wil-d66-bereiken-voor-renkum\\\/#primaryimage\"},\"thumbnailUrl\":\"https:\\\/\\\/d66.nl\\\/renkum\\\/wp-content\\\/uploads\\\/sites\\\/107\\\/2025\\\/12\\\/hartensewegRenkum-scaled.jpg\",\"articleSection\":[\"D66\",\"Nieuws D66 Renkum\"],\"inLanguage\":\"nl-NL\",\"potentialAction\":[{\"@type\":\"CommentAction\",\"name\":\"Comment\",\"target\":[\"https:\\\/\\\/d66.nl\\\/renkum\\\/nieuws\\\/wat-wil-d66-bereiken-voor-renkum\\\/#respond\"]}]},{\"@type\":\"WebPage\",\"@id\":\"https:\\\/\\\/d66.nl\\\/renkum\\\/nieuws\\\/wat-wil-d66-bereiken-voor-renkum\\\/\",\"url\":\"https:\\\/\\\/d66.nl\\\/renkum\\\/nieuws\\\/wat-wil-d66-bereiken-voor-renkum\\\/\",\"name\":\"D66 Renkum &#8212; Wat wil D66 bereiken voor Renkum?\",\"isPartOf\":{\"@id\":\"https:\\\/\\\/d66.nl\\\/renkum\\\/#website\"},\"primaryImageOfPage\":{\"@id\":\"https:\\\/\\\/d66.nl\\\/renkum\\\/nieuws\\\/wat-wil-d66-bereiken-voor-renkum\\\/#primaryimage\"},\"image\":{\"@id\":\"https:\\\/\\\/d66.nl\\\/renkum\\\/nieuws\\\/wat-wil-d66-bereiken-voor-renkum\\\/#primaryimage\"},\"thumbnailUrl\":\"https:\\\/\\\/d66.nl\\\/renkum\\\/wp-content\\\/uploads\\\/sites\\\/107\\\/2025\\\/12\\\/hartensewegRenkum-scaled.jpg\",\"datePublished\":\"2026-03-14T21:58:52+00:00\",\"dateModified\":\"2026-03-14T22:10:56+00:00\",\"author\":{\"@id\":\"https:\\\/\\\/d66.nl\\\/renkum\\\/#\\\/schema\\\/person\\\/80355e784f2583727626b5b6bf900c25\"},\"breadcrumb\":{\"@id\":\"https:\\\/\\\/d66.nl\\\/renkum\\\/nieuws\\\/wat-wil-d66-bereiken-voor-renkum\\\/#breadcrumb\"},\"inLanguage\":\"nl-NL\",\"potentialAction\":[{\"@type\":\"ReadAction\",\"target\":[\"https:\\\/\\\/d66.nl\\\/renkum\\\/nieuws\\\/wat-wil-d66-bereiken-voor-renkum\\\/\"]}]},{\"@type\":\"ImageObject\",\"inLanguage\":\"nl-NL\",\"@id\":\"https:\\\/\\\/d66.nl\\\/renkum\\\/nieuws\\\/wat-wil-d66-bereiken-voor-renkum\\\/#primaryimage\",\"url\":\"https:\\\/\\\/d66.nl\\\/renkum\\\/wp-content\\\/uploads\\\/sites\\\/107\\\/2025\\\/12\\\/hartensewegRenkum-scaled.jpg\",\"contentUrl\":\"https:\\\/\\\/d66.nl\\\/renkum\\\/wp-content\\\/uploads\\\/sites\\\/107\\\/2025\\\/12\\\/hartensewegRenkum-scaled.jpg\",\"width\":2560,\"height\":1920},{\"@type\":\"BreadcrumbList\",\"@id\":\"https:\\\/\\\/d66.nl\\\/renkum\\\/nieuws\\\/wat-wil-d66-bereiken-voor-renkum\\\/#breadcrumb\",\"itemListElement\":[{\"@type\":\"ListItem\",\"position\":1,\"name\":\"Home\",\"item\":\"https:\\\/\\\/d66.nl\\\/renkum\\\/\"},{\"@type\":\"ListItem\",\"position\":2,\"name\":\"Nieuws\",\"item\":\"https:\\\/\\\/d66.nl\\\/renkum\\\/nieuws\\\/\"},{\"@type\":\"ListItem\",\"position\":3,\"name\":\"Wat wil D66 bereiken voor Renkum?\"}]},{\"@type\":\"WebSite\",\"@id\":\"https:\\\/\\\/d66.nl\\\/renkum\\\/#website\",\"url\":\"https:\\\/\\\/d66.nl\\\/renkum\\\/\",\"name\":\"D66 Renkum\",\"description\":\"Just another D66 Sites site\",\"potentialAction\":[{\"@type\":\"SearchAction\",\"target\":{\"@type\":\"EntryPoint\",\"urlTemplate\":\"https:\\\/\\\/d66.nl\\\/renkum\\\/?s={search_term_string}\"},\"query-input\":{\"@type\":\"PropertyValueSpecification\",\"valueRequired\":true,\"valueName\":\"search_term_string\"}}],\"inLanguage\":\"nl-NL\"},{\"@type\":\"Person\",\"@id\":\"https:\\\/\\\/d66.nl\\\/renkum\\\/#\\\/schema\\\/person\\\/80355e784f2583727626b5b6bf900c25\",\"name\":\"dorien\",\"image\":{\"@type\":\"ImageObject\",\"inLanguage\":\"nl-NL\",\"@id\":\"https:\\\/\\\/secure.gravatar.com\\\/avatar\\\/224533c1e79e6c23a671d61e92f5ff381649d9ef1f44ea7e8ca6e27ad91bf4b0?s=96&d=mm&r=g\",\"url\":\"https:\\\/\\\/secure.gravatar.com\\\/avatar\\\/224533c1e79e6c23a671d61e92f5ff381649d9ef1f44ea7e8ca6e27ad91bf4b0?s=96&d=mm&r=g\",\"contentUrl\":\"https:\\\/\\\/secure.gravatar.com\\\/avatar\\\/224533c1e79e6c23a671d61e92f5ff381649d9ef1f44ea7e8ca6e27ad91bf4b0?s=96&d=mm&r=g\",\"caption\":\"dorien\"}}]}<\/script>\n<!-- \/ Yoast SEO plugin. -->","yoast_head_json":{"title":"D66 Renkum &#8212; Wat wil D66 bereiken voor Renkum?","robots":{"index":"index","follow":"follow","max-snippet":"max-snippet:-1","max-image-preview":"max-image-preview:large","max-video-preview":"max-video-preview:-1"},"canonical":"https:\/\/d66.nl\/renkum\/nieuws\/wat-wil-d66-bereiken-voor-renkum","og_locale":"nl_NL","og_type":"article","og_title":"D66 Renkum &#8212; Wat wil D66 bereiken voor Renkum?","og_url":"https:\/\/d66.nl\/renkum\/nieuws\/wat-wil-d66-bereiken-voor-renkum\/","og_site_name":"D66 Renkum","article_published_time":"2026-03-14T21:58:52+00:00","article_modified_time":"2026-03-14T22:10:56+00:00","og_image":[{"width":2560,"height":1920,"url":"https:\/\/d66.nl\/renkum\/wp-content\/uploads\/sites\/107\/2025\/12\/hartensewegRenkum-scaled.jpg","type":"image\/jpeg"}],"author":"dorien","twitter_card":"summary_large_image","twitter_misc":{"Geschreven door":"dorien","Geschatte leestijd":"1 minuut"},"schema":{"@context":"https:\/\/schema.org","@graph":[{"@type":"Article","@id":"https:\/\/d66.nl\/renkum\/nieuws\/wat-wil-d66-bereiken-voor-renkum\/#article","isPartOf":{"@id":"https:\/\/d66.nl\/renkum\/nieuws\/wat-wil-d66-bereiken-voor-renkum\/"},"author":{"name":"dorien","@id":"https:\/\/d66.nl\/renkum\/#\/schema\/person\/80355e784f2583727626b5b6bf900c25"},"headline":"Wat wil D66 bereiken voor Renkum?","datePublished":"2026-03-14T21:58:52+00:00","dateModified":"2026-03-14T22:10:56+00:00","mainEntityOfPage":{"@id":"https:\/\/d66.nl\/renkum\/nieuws\/wat-wil-d66-bereiken-voor-renkum\/"},"wordCount":6,"commentCount":0,"image":{"@id":"https:\/\/d66.nl\/renkum\/nieuws\/wat-wil-d66-bereiken-voor-renkum\/#primaryimage"},"thumbnailUrl":"https:\/\/d66.nl\/renkum\/wp-content\/uploads\/sites\/107\/2025\/12\/hartensewegRenkum-scaled.jpg","articleSection":["D66","Nieuws D66 Renkum"],"inLanguage":"nl-NL","potentialAction":[{"@type":"CommentAction","name":"Comment","target":["https:\/\/d66.nl\/renkum\/nieuws\/wat-wil-d66-bereiken-voor-renkum\/#respond"]}]},{"@type":"WebPage","@id":"https:\/\/d66.nl\/renkum\/nieuws\/wat-wil-d66-bereiken-voor-renkum\/","url":"https:\/\/d66.nl\/renkum\/nieuws\/wat-wil-d66-bereiken-voor-renkum\/","name":"D66 Renkum &#8212; Wat wil D66 bereiken voor Renkum?","isPartOf":{"@id":"https:\/\/d66.nl\/renkum\/#website"},"primaryImageOfPage":{"@id":"https:\/\/d66.nl\/renkum\/nieuws\/wat-wil-d66-bereiken-voor-renkum\/#primaryimage"},"image":{"@id":"https:\/\/d66.nl\/renkum\/nieuws\/wat-wil-d66-bereiken-voor-renkum\/#primaryimage"},"thumbnailUrl":"https:\/\/d66.nl\/renkum\/wp-content\/uploads\/sites\/107\/2025\/12\/hartensewegRenkum-scaled.jpg","datePublished":"2026-03-14T21:58:52+00:00","dateModified":"2026-03-14T22:10:56+00:00","author":{"@id":"https:\/\/d66.nl\/renkum\/#\/schema\/person\/80355e784f2583727626b5b6bf900c25"},"breadcrumb":{"@id":"https:\/\/d66.nl\/renkum\/nieuws\/wat-wil-d66-bereiken-voor-renkum\/#breadcrumb"},"inLanguage":"nl-NL","potentialAction":[{"@type":"ReadAction","target":["https:\/\/d66.nl\/renkum\/nieuws\/wat-wil-d66-bereiken-voor-renkum\/"]}]},{"@type":"ImageObject","inLanguage":"nl-NL","@id":"https:\/\/d66.nl\/renkum\/nieuws\/wat-wil-d66-bereiken-voor-renkum\/#primaryimage","url":"https:\/\/d66.nl\/renkum\/wp-content\/uploads\/sites\/107\/2025\/12\/hartensewegRenkum-scaled.jpg","contentUrl":"https:\/\/d66.nl\/renkum\/wp-content\/uploads\/sites\/107\/2025\/12\/hartensewegRenkum-scaled.jpg","width":2560,"height":1920},{"@type":"BreadcrumbList","@id":"https:\/\/d66.nl\/renkum\/nieuws\/wat-wil-d66-bereiken-voor-renkum\/#breadcrumb","itemListElement":[{"@type":"ListItem","position":1,"name":"Home","item":"https:\/\/d66.nl\/renkum\/"},{"@type":"ListItem","position":2,"name":"Nieuws","item":"https:\/\/d66.nl\/renkum\/nieuws\/"},{"@type":"ListItem","position":3,"name":"Wat wil D66 bereiken voor Renkum?"}]},{"@type":"WebSite","@id":"https:\/\/d66.nl\/renkum\/#website","url":"https:\/\/d66.nl\/renkum\/","name":"D66 Renkum","description":"Just another D66 Sites site","potentialAction":[{"@type":"SearchAction","target":{"@type":"EntryPoint","urlTemplate":"https:\/\/d66.nl\/renkum\/?s={search_term_string}"},"query-input":{"@type":"PropertyValueSpecification","valueRequired":true,"valueName":"search_term_string"}}],"inLanguage":"nl-NL"},{"@type":"Person","@id":"https:\/\/d66.nl\/renkum\/#\/schema\/person\/80355e784f2583727626b5b6bf900c25","name":"dorien","image":{"@type":"ImageObject","inLanguage":"nl-NL","@id":"https:\/\/secure.gravatar.com\/avatar\/224533c1e79e6c23a671d61e92f5ff381649d9ef1f44ea7e8ca6e27ad91bf4b0?s=96&d=mm&r=g","url":"https:\/\/secure.gravatar.com\/avatar\/224533c1e79e6c23a671d61e92f5ff381649d9ef1f44ea7e8ca6e27ad91bf4b0?s=96&d=mm&r=g","contentUrl":"https:\/\/secure.gravatar.com\/avatar\/224533c1e79e6c23a671d61e92f5ff381649d9ef1f44ea7e8ca6e27ad91bf4b0?s=96&d=mm&r=g","caption":"dorien"}}]}},"_links":{"self":[{"href":"https:\/\/d66.nl\/renkum\/wp-json\/wp\/v2\/posts\/2131","targetHints":{"allow":["GET"]}}],"collection":[{"href":"https:\/\/d66.nl\/renkum\/wp-json\/wp\/v2\/posts"}],"about":[{"href":"https:\/\/d66.nl\/renkum\/wp-json\/wp\/v2\/types\/post"}],"author":[{"embeddable":true,"href":"https:\/\/d66.nl\/renkum\/wp-json\/wp\/v2\/users\/298"}],"replies":[{"embeddable":true,"href":"https:\/\/d66.nl\/renkum\/wp-json\/wp\/v2\/comments?post=2131"}],"version-history":[{"count":4,"href":"https:\/\/d66.nl\/renkum\/wp-json\/wp\/v2\/posts\/2131\/revisions"}],"predecessor-version":[{"id":2136,"href":"https:\/\/d66.nl\/renkum\/wp-json\/wp\/v2\/posts\/2131\/revisions\/2136"}],"wp:featuredmedia":[{"embeddable":true,"href":"https:\/\/d66.nl\/renkum\/wp-json\/wp\/v2\/media\/1951"}],"wp:attachment":[{"href":"https:\/\/d66.nl\/renkum\/wp-json\/wp\/v2\/media?parent=2131"}],"wp:term":[{"taxonomy":"category","embeddable":true,"href":"https:\/\/d66.nl\/renkum\/wp-json\/wp\/v2\/categories?post=2131"},{"taxonomy":"labels","embeddable":true,"href":"https:\/\/d66.nl\/renkum\/wp-json\/wp\/v2\/labels?post=2131"},{"taxonomy":"search-tags","embeddable":true,"href":"https:\/\/d66.nl\/renkum\/wp-json\/wp\/v2\/search-tags?post=2131"}],"curies":[{"name":"wp","href":"https:\/\/api.w.org\/{rel}","templated":true}]}}