{"id":2025,"date":"2025-09-26T12:19:35","date_gmt":"2025-09-26T12:19:35","guid":{"rendered":"https:\/\/d66.nl\/purmerend\/nieuws\/"},"modified":"2025-11-14T13:57:08","modified_gmt":"2025-11-14T13:57:08","slug":"framing-bij-debat-over-opvang-oekraiense-vluchtelingen","status":"publish","type":"post","link":"https:\/\/d66.nl\/purmerend\/nieuws\/framing-bij-debat-over-opvang-oekraiense-vluchtelingen","title":{"rendered":"Framing bij debat over opvang Oekra\u00efense vluchtelingen"},"content":{"rendered":"<div\n  id=\"\"\n  class=\"wrapper  wrapper__spacing-bottom-large--50 wrapper__spacing-bottom-desktop--66 wrapper__spacing-bottom-mobile--76  wrapper__gutter--none\"\n  >\n  \t<div class=\"wrapper__container wrapper__container-width-large--default\">\n\t  <div class=\"wrapper__inner wrapper__width-large--14 wrapper__width-desktop--20 wrapper__width-mobile--24 wrapper__offset-large--6 wrapper__offset-desktop--4 wrapper__offset-mobile--0\">\n\t\t<h1 class=\"heading   heading__size--giant heading__font--serif heading__weight--regular  block-heading__heading\" id=\"nav--strong-framing-bij-debat-over-opvang-oekra--ense-vluchtelingen--strong-2839\"  data-nav-heading-mobile=\"Framing bij debat over opvang Oekra\u00efense vluchtelingen\" >\n\t<strong>Framing bij debat over opvang Oekra\u00efense vluchtelingen<\/strong><\/h1>\t  <\/div>\n\t<\/div>\n  <\/div>\n\n\n<div\n  id=\"\"\n  class=\"wrapper  wrapper__spacing-bottom-large--50 wrapper__spacing-bottom-mobile--40  wrapper__gutter--none\"\n  >\n  \t<div class=\"wrapper__container wrapper__container-width-large--default\">\n\t  <div class=\"wrapper__inner wrapper__width-large--13 wrapper__width-desktop--22 wrapper__width-mobile--24 wrapper__offset-large--6 wrapper__offset-desktop--2 wrapper__offset-mobile--0\">\n\t\t<p\n\t\tclass=\"paragraph   paragraph__size--big   block-paragraph__paragraph\"\n\t\t\t>\n\t\t<strong>Het heeft even geduurd, maar het college van B&amp;W heeft een nieuwe locatie gevonden waar Oekra\u00efense vluchtelingen kunnen worden opgevangen in Purmerend. Op een stuk gras langs de provinciale weg N244 kunnen tien jaar lang maximaal 250 mensen worden ondergebracht. Laat het college starters op de woningmarkt in Purmerend daarmee in de kou staan? Of is dat een verkeerde voorstelling van zaken? Op 10 september 2025 ging de raadscommissie hierover in debat.<\/strong>\t<\/p>\t  <\/div>\n\t<\/div>\n  <\/div>\n\n\n<div\n  id=\"\"\n  class=\"wrapper  wrapper__spacing-bottom-large--30 wrapper__spacing-bottom-desktop--20 wrapper__spacing-bottom-mobile--10  wrapper__gutter--none\"\n  >\n  \t<div class=\"wrapper__container wrapper__container-width-large--default\">\n\t  <div class=\"wrapper__inner wrapper__width-large--14 wrapper__width-desktop--24 wrapper__width-mobile--24 wrapper__offset-large--6 wrapper__offset-desktop--2 wrapper__offset-mobile--0\">\n\t\t<section class=\"block-related-post-metadata js-block-related-post-metadata\">\n\t<div class=\"block-related-post-metadata__content-wrapper\">\n\t\t<div class=\"block-related-post-metadata__persons\">\n\t\t\t<div class=\"related-person-info__wrapper\">\n\t\t\t<div class=\"related-person-info__item related-person-info__color--yellow\">\n\t\t\t<a class=\"related-person-info__link\" href=\"https:\/\/d66.nl\/purmerend\/?post_type=people-type&#038;p=450\">\n\t\t\t\t<div class=\"related-person-info__image_container\">\n\t\t\t\t<img loading=\"lazy\" decoding=\"async\" width=\"150\" height=\"150\" src=\"https:\/\/d66.nl\/purmerend\/wp-content\/uploads\/sites\/5\/2025\/03\/Mark-nieuw-website-150x150.jpg\" class=\"related-person-info__image\" alt=\"\" \/>\t\t\t\t<\/div>\n\t\t\t\t<div class=\"related-person-info__meta\">\n\t\t\t\t\t\t\t\t\t<header class=\"related-person-info__header\">\n\t\t\t\t\t\t<h3 class=\"heading   heading__size--small heading__font--sans heading__weight--bold\" id=\"nav-mark-intres5703\">\n\tMark Intres<\/h3>\t\t\t\t\t<\/header>\n\t\t\t\t\t\t\t\t\t\t\t\t\t<div class=\"related-person-info__description\">\n\t\t\t\t\t\t<p class=\"paragraph   paragraph__size--small paragraph__weight--normal\">\n\t\tFractievoorzitter\t<\/p>\t\t\t\t\t<\/div>\n\t\t\t\t\t\t\t\t<\/div>\n\t\t\t<\/a>\n\t\t<\/div>\n\t\t<\/div>\t\t<\/div>\n\t\t<div class=\"block-related-post-metadata__meta\">\n\t\t\t<div class=\"block-related-post-metadata__date\">\n\t\t\t\t26.09.2025<div class=\"post-share js-post-share rs_skip_always\">\n\t<button class=\"post-share__share-button js-post-share-share-button\">\n\t\tShare\t\t<svg xmlns='http:\/\/www.w3.org\/2000\/svg' width='100px' height='100px' viewBox='0 0 24 24' fill='none'><path d='m8.684 10.658 6.629-3.314m.003 9.314-6.622-3.311M21 6a3 3 0 1 1-6 0 3 3 0 0 1 6 0ZM9 12a3 3 0 1 1-6 0 3 3 0 0 1 6 0Zm12 6a3 3 0 1 1-6 0 3 3 0 0 1 6 0Z' stroke='currentColor' stroke-width='1.5' fill='none'\/><\/svg>\t<\/button>\n\t<dialog class=\"post-share__dialog js-post-share-dialog\" aria-hidden=\"true\">\n\t\t<div class=\"post-share__dialog-header\">\n\t\t\tShare this post\t\t\t<button class=\"post-share__dialog-close js-post-share-dialog-close\">\n\t\t\t\t<svg xmlns='http:\/\/www.w3.org\/2000\/svg' width='150' height='150' viewBox='0 0 150 150' fill='none'><path d='M44.103 105.897 75 75m30.898-30.898L75 75m0 0L44.103 44.102M75 75l30.898 30.897' stroke='currentColor' stroke-width='5' fill='none'\/><\/svg>\t\t\t<\/button>\n\t\t<\/div>\n\t\t<div class=\"post-share__dialog-socials\">\n\t\t\t\t\t\t\t\t\t\t\t<a class=\"post-share__dialog-item js-post-share-dialog-item\" href=\"#\" target=\"_blank\" data-copy=&quot;true&quot;>\n\t\t\t\t\tKopier link<svg xmlns='http:\/\/www.w3.org\/2000\/svg' width='150' height='150' viewBox='0 0 150 150' fill='none'><path d='M67.468 108.679c-8.533-.512-14.164-3.583-17.407-9.983-3.242-6.314-2.815-12.713 1.195-18.6 1.706-2.56 3.584-5.035 5.46-7.594 1.537-2.048 3.584-2.475 5.462-1.195 2.047 1.45 2.389 3.498.938 5.632-1.706 2.474-3.584 4.948-5.29 7.423-3.242 4.778-2.304 11.092 2.133 14.334 4.864 3.584 11.092 2.731 14.761-1.962 1.963-2.475 3.754-5.12 5.632-7.68 1.194-1.535 2.645-2.218 4.607-1.28 1.792.854 2.645 2.39 2.304 4.267 0 .17 0 .427-.17.597-3.67 5.12-6.4 11.178-12.544 13.993-2.56 1.195-5.46 1.707-6.996 2.219l-.085-.171Z' fill='currentColor'\/><path d='M86.921 44.6c6.144.257 11.605 3.328 14.932 9.728 3.328 6.399 2.816 12.798-1.109 18.856-1.621 2.56-3.498 4.95-5.29 7.424-1.707 2.303-3.754 2.815-5.717 1.45-2.048-1.45-2.304-3.669-.597-6.058 1.621-2.304 3.328-4.608 4.949-6.911 3.498-4.95 2.56-11.348-2.133-14.761-4.779-3.499-11.178-2.475-14.847 2.56-1.792 2.388-3.498 4.863-5.205 7.252-1.62 2.218-3.583 2.56-5.546 1.11-1.877-1.366-2.218-3.414-.768-5.462 2.048-2.986 4.01-5.972 6.314-8.703 3.67-4.351 8.448-6.399 15.103-6.399l-.086-.085Z' fill='currentColor'\/><path d='M71.478 88.457c-3.498-.341-5.46-3.413-3.754-6.143 3.327-5.29 6.825-10.495 10.324-15.7 1.45-2.133 3.413-2.389 5.46-1.109 1.878 1.28 2.219 3.413.854 5.546-3.328 5.034-6.57 9.983-9.983 14.932-.683 1.024-1.963 1.621-2.901 2.389v.085Z' fill='currentColor'\/><\/svg>\t\t\t\t<\/a>\n\t\t\t\t\t\t\t\t\t\t\t<a class=\"post-share__dialog-item js-post-share-dialog-item\" href=\"mailto:?to=%20&amp;body=https%3A%2F%2Fd66.nl%2Fpurmerend%2Fnieuws%2Fframing-bij-debat-over-opvang-oekraiense-vluchtelingen\" target=\"_blank\" >\n\t\t\t\t\tMail<svg xmlns='http:\/\/www.w3.org\/2000\/svg' width='40' height='40' viewBox='0 0 40 40' fill='none'><path d='M24.107 15.865a1 1 0 0 1 1.266 1.265l-1.686 5.052a1 1 0 0 1-1.654.392l-3.37-3.37a1.001 1.001 0 0 1 .392-1.654l5.052-1.685Z' fill='currentColor'\/><path d='m21.763 19.475-5.657 5.657' stroke='currentColor' stroke-width='2' stroke-linecap='round' fill='none'\/><\/svg>\t\t\t\t<\/a>\n\t\t\t\t\t\t\t\t\t\t\t<a class=\"post-share__dialog-item js-post-share-dialog-item\" href=\"https:\/\/www.linkedin.com\/sharing\/share-offsite\/?url=https%3A%2F%2Fd66.nl%2Fpurmerend%2Fnieuws%2Fframing-bij-debat-over-opvang-oekraiense-vluchtelingen\" target=\"_blank\" >\n\t\t\t\t\tLinkedIn<svg xmlns='http:\/\/www.w3.org\/2000\/svg' width='40' height='40' viewBox='0 0 40 40' fill='none'><path d='M24.107 15.865a1 1 0 0 1 1.266 1.265l-1.686 5.052a1 1 0 0 1-1.654.392l-3.37-3.37a1.001 1.001 0 0 1 .392-1.654l5.052-1.685Z' fill='currentColor'\/><path d='m21.763 19.475-5.657 5.657' stroke='currentColor' stroke-width='2' stroke-linecap='round' fill='none'\/><\/svg>\t\t\t\t<\/a>\n\t\t\t\t\t\t\t\t\t\t\t<a class=\"post-share__dialog-item js-post-share-dialog-item\" href=\"https:\/\/www.facebook.com\/sharer\/sharer.php?u=https%3A%2F%2Fd66.nl%2Fpurmerend%2Fnieuws%2Fframing-bij-debat-over-opvang-oekraiense-vluchtelingen\" target=\"_blank\" >\n\t\t\t\t\tFacebook<svg xmlns='http:\/\/www.w3.org\/2000\/svg' width='40' height='40' viewBox='0 0 40 40' fill='none'><path d='M24.107 15.865a1 1 0 0 1 1.266 1.265l-1.686 5.052a1 1 0 0 1-1.654.392l-3.37-3.37a1.001 1.001 0 0 1 .392-1.654l5.052-1.685Z' fill='currentColor'\/><path d='m21.763 19.475-5.657 5.657' stroke='currentColor' stroke-width='2' stroke-linecap='round' fill='none'\/><\/svg>\t\t\t\t<\/a>\n\t\t\t\t\t\t\t\t\t\t\t<a class=\"post-share__dialog-item js-post-share-dialog-item\" href=\"whatsapp:\/\/send?text=https%3A%2F%2Fd66.nl%2Fpurmerend%2Fnieuws%2Fframing-bij-debat-over-opvang-oekraiense-vluchtelingen\" target=\"_blank\" >\n\t\t\t\t\tWhatsApp<svg xmlns='http:\/\/www.w3.org\/2000\/svg' width='40' height='40' viewBox='0 0 40 40' fill='none'><path d='M24.107 15.865a1 1 0 0 1 1.266 1.265l-1.686 5.052a1 1 0 0 1-1.654.392l-3.37-3.37a1.001 1.001 0 0 1 .392-1.654l5.052-1.685Z' fill='currentColor'\/><path d='m21.763 19.475-5.657 5.657' stroke='currentColor' stroke-width='2' stroke-linecap='round' fill='none'\/><\/svg>\t\t\t\t<\/a>\n\t\t\t\t\t\t\t\t\t\t\t<a class=\"post-share__dialog-item js-post-share-dialog-item\" href=\"https:\/\/x.com\/intent\/post?url=https%3A%2F%2Fd66.nl%2Fpurmerend%2Fnieuws%2Fframing-bij-debat-over-opvang-oekraiense-vluchtelingen\" target=\"_blank\" >\n\t\t\t\t\tTwitter (X)<svg xmlns='http:\/\/www.w3.org\/2000\/svg' width='40' height='40' viewBox='0 0 40 40' fill='none'><path d='M24.107 15.865a1 1 0 0 1 1.266 1.265l-1.686 5.052a1 1 0 0 1-1.654.392l-3.37-3.37a1.001 1.001 0 0 1 .392-1.654l5.052-1.685Z' fill='currentColor'\/><path d='m21.763 19.475-5.657 5.657' stroke='currentColor' stroke-width='2' stroke-linecap='round' fill='none'\/><\/svg>\t\t\t\t<\/a>\n\t\t\t\t\t<\/div>\n\t<\/dialog>\n<\/div>\t\t\t<\/div>\n\t\t\t<div class=\"block-related-post-metadata__categories\">\n\t\t\t\t<div class=\"category-link__wrapper\">\n\t\t\t<div class=\"category-link__item\">\n\t\t\t<a href=\"https:\/\/d66.nl\/purmerend\/category\/d66\/\">\n\t\t\t\tD66\t\t\t<\/a>\n\t\t<\/div>\n\t\t<\/div>\t\t\t<\/div>\n\t\t<\/div>\n\t<\/div>\n<\/section>\n\t  <\/div>\n\t<\/div>\n  <\/div>\n\n\n<div\n  id=\"\"\n  class=\"wrapper  wrapper__spacing-bottom-large--50 wrapper__spacing-bottom-desktop--70 wrapper__spacing-bottom-mobile--50  wrapper__gutter--none\"\n  >\n  \t<div class=\"wrapper__container wrapper__container-width-large--default\">\n\t  <div class=\"wrapper__inner wrapper__width-large--18 wrapper__width-desktop--22 wrapper__width-mobile--24 wrapper__offset-large--6 wrapper__offset-desktop--2 wrapper__offset-mobile--0\">\n\t\t<section class=\"block-post-content\">\n\t<div class=\"block-post-content__title\">\n\t\t<h3 class=\"heading  heading__color--black heading__size--medium heading__font--sans heading__weight--bold  block-post-content__heading\" id=\"nav-3148\" data-nav-heading-mobile=\"\">\n\t<\/h3>\t<\/div>\n\t<div class=\"block-post-content__content\">\n\t\t\n<div\n  id=\"\"\n  class=\"wrapper  wrapper__spacing-bottom-large--30 wrapper__spacing-bottom-desktop--20  wrapper__gutter--none\"\n  >\n  \t<div class=\"wrapper__container wrapper__container-width-large--default\">\n\t  <div class=\"wrapper__inner wrapper__width-large--24 wrapper__width-mobile--24\">\n\t\t<p\n\t\tclass=\"paragraph paragraph__align--left paragraph__color--black paragraph__size--default   block-paragraph__paragraph\"\n\t\t\t>\n\t\tDe locatie langs de N244 kwam in beeld nadat de gemeenteraad in 2023 een motie aannam van D66 en andere partijen. Destijds was het college van plan om tot 1.500 Oekra\u00efners op te vangen op \u00e9\u00e9n locatie in de Purmer-Zuid. D66 vond dat een te groot aantal, met te veel impact op de omgeving. Bovendien vonden wij deze locatie niet geschikt; het is door de provincie aangewezen \u2018landelijk gebied\u2019. Onze motie vroeg het college om kleinere opvanglocaties te zoeken, verspreid over de gemeente. Sindsdien wordt hier werk van gemaakt. Eerder is bijvoorbeeld het voormalige kantoor van Bose aan de Waterlandlaan in gebruik genomen door Oekra\u00efense vluchtelingen.\t<\/p>\t  <\/div>\n\t<\/div>\n  <\/div>\n\n\t<\/div>\n\n\t<div class=\"block-post-content__sidebar\">\n\t\t\n\t\t\n\t\t\t<\/div>\n<\/section>\n\t  <\/div>\n\t<\/div>\n  <\/div>\n\n\n<div\n  id=\"\"\n  class=\"wrapper  wrapper__spacing-bottom-large--50 wrapper__spacing-bottom-desktop--70 wrapper__spacing-bottom-mobile--50  wrapper__gutter--none\"\n  >\n  \t<div class=\"wrapper__container wrapper__container-width-large--default\">\n\t  <div class=\"wrapper__inner wrapper__width-large--18 wrapper__width-desktop--22 wrapper__width-mobile--24 wrapper__offset-large--6 wrapper__offset-desktop--2 wrapper__offset-mobile--0\">\n\t\t<section class=\"block-post-content\">\n\t<div class=\"block-post-content__title\">\n\t\t<h3 class=\"heading  heading__color--black heading__size--medium heading__font--sans heading__weight--bold  block-post-content__heading\" id=\"nav-verdraaiing-van-de-werkelijkheid9214\" data-nav-heading-mobile=\"Verdraaiing van de werkelijkheid\">\n\tVerdraaiing van de werkelijkheid<\/h3>\t<\/div>\n\t<div class=\"block-post-content__content\">\n\t\t\n<div\n  id=\"\"\n  class=\"wrapper  wrapper__spacing-bottom-large--30 wrapper__spacing-bottom-desktop--20  wrapper__gutter--none\"\n  >\n  \t<div class=\"wrapper__container wrapper__container-width-large--default\">\n\t  <div class=\"wrapper__inner wrapper__width-large--24 wrapper__width-mobile--24\">\n\t\t<p\n\t\tclass=\"paragraph paragraph__align--left paragraph__color--black paragraph__size--default   block-paragraph__paragraph\"\n\t\t\t>\n\t\tIn de commissievergadering werd de locatie langs de N244 besproken. Al bij aanvang van het debat spraken sommige partijen grote woorden. De opvang van Oekra\u00efners zou \u2018schaamteloos\u2019 zijn, want daarmee zouden we onze eigen starters op de woningmarkt in de kou laten staan. Dat is echter een vorm van \u2018framing\u2019, waarmee verkeerde verwachtingen worden gewekt bij de inwoners van Purmerend, reageerde fractievoorzitter Mark Intres namens D66. De vraag is niet of we \u00fcberhaupt Oekra\u00efense vluchtelingen willen opvangen in onze gemeente; die vraag is al lang een gepasseerd station. Aan de gemeenteraad lag de vraag voor of we willen instemmen met de locatie en met de wijze waarop de financiering is geregeld.\t<\/p>\t  <\/div>\n\t<\/div>\n  <\/div>\n\n\t<\/div>\n\n\t<div class=\"block-post-content__sidebar\">\n\t\t\n\t\t\n\t\t\t<\/div>\n<\/section>\n\t  <\/div>\n\t<\/div>\n  <\/div>\n\n\n<div\n  id=\"\"\n  class=\"wrapper  wrapper__spacing-bottom-large--50 wrapper__spacing-bottom-desktop--70 wrapper__spacing-bottom-mobile--50  wrapper__gutter--none\"\n  >\n  \t<div class=\"wrapper__container wrapper__container-width-large--default\">\n\t  <div class=\"wrapper__inner wrapper__width-large--18 wrapper__width-desktop--22 wrapper__width-mobile--24 wrapper__offset-large--6 wrapper__offset-desktop--2 wrapper__offset-mobile--0\">\n\t\t<section class=\"block-post-content\">\n\t<div class=\"block-post-content__title\">\n\t\t<h3 class=\"heading  heading__color--black heading__size--medium heading__font--sans heading__weight--bold  block-post-content__heading\" id=\"nav-3949\" data-nav-heading-mobile=\"\">\n\t<\/h3>\t<\/div>\n\t<div class=\"block-post-content__content\">\n\t\t\n<div\n  id=\"\"\n  class=\"wrapper  wrapper__spacing-bottom-large--30 wrapper__spacing-bottom-desktop--20  wrapper__gutter--none\"\n  >\n  \t<div class=\"wrapper__container wrapper__container-width-large--default\">\n\t  <div class=\"wrapper__inner wrapper__width-large--24 wrapper__width-mobile--24\">\n\t\t<p\n\t\tclass=\"paragraph paragraph__align--left paragraph__color--black paragraph__size--default   block-paragraph__paragraph\"\n\t\t\t>\n\t\tDoor dit frame neer te zetten, wordt de suggestie gewekt dat we in Purmerend moeten kiezen tussen woningen voor onze &#8216;eigen&#8217; starters of voor Oekra\u00efense vluchtelingen. Dat is een verdraaiing van de werkelijkheid. We hebben in Purmerend een stevige woningbouwambitie. Met alle hobbels op het pad rond stikstof, oplopende bouwprijzen, personeelstekort en netcongestie lukt het om jaarlijks honderden nieuwe woningen te bouwen. Daarvan is 30% sociale huur en 40% middeldure huur en koop. Op die manier wordt perspectief geboden aan starters en doorstromers op de woningmarkt.\t<\/p>\t  <\/div>\n\t<\/div>\n  <\/div>\n\n\t<\/div>\n\n\t<div class=\"block-post-content__sidebar\">\n\t\t\n\t\t\n\t\t\t<\/div>\n<\/section>\n\t  <\/div>\n\t<\/div>\n  <\/div>\n\n\n<div\n  id=\"\"\n  class=\"wrapper  wrapper__spacing-bottom-large--50 wrapper__spacing-bottom-desktop--70 wrapper__spacing-bottom-mobile--50  wrapper__gutter--none\"\n  >\n  \t<div class=\"wrapper__container wrapper__container-width-large--default\">\n\t  <div class=\"wrapper__inner wrapper__width-large--18 wrapper__width-desktop--22 wrapper__width-mobile--24 wrapper__offset-large--6 wrapper__offset-desktop--2 wrapper__offset-mobile--0\">\n\t\t<section class=\"block-post-content\">\n\t<div class=\"block-post-content__title\">\n\t\t<h3 class=\"heading  heading__color--black heading__size--medium heading__font--sans heading__weight--bold  block-post-content__heading\" id=\"nav-verantwoordelijkheid2991\" data-nav-heading-mobile=\"Verantwoordelijkheid\">\n\tVerantwoordelijkheid<\/h3>\t<\/div>\n\t<div class=\"block-post-content__content\">\n\t\t\n<div\n  id=\"\"\n  class=\"wrapper  wrapper__spacing-bottom-large--30 wrapper__spacing-bottom-desktop--20  wrapper__gutter--none\"\n  >\n  \t<div class=\"wrapper__container wrapper__container-width-large--default\">\n\t  <div class=\"wrapper__inner wrapper__width-large--24 wrapper__width-mobile--24\">\n\t\t<p\n\t\tclass=\"paragraph paragraph__align--left paragraph__color--black paragraph__size--default   block-paragraph__paragraph\"\n\t\t\t>\n\t\tDaarnaast zijn gemeenten in heel Nederland samen met de rijksoverheid verantwoordelijk voor het organiseren van opvang voor Oekra\u00efners. Op grond van een noodwet zijn gemeenten verplicht hieraan mee te werken. In de regio Zaanstreek-Waterland hebben de gemeenten afspraken gemaakt over de verdeling van de opvang van asielzoekers (de overloop van Ter Apel), Oekra\u00efners en alleenstaande minderjarige vluchtelingen. Daarbij heeft Purmerend de verantwoordelijkheid voor een flink deel van de opvang van Oekra\u00efeners op zich genomen. De kosten die de gemeente hiervoor maakt, worden door de rijksoverheid vergoed, hoewel er natuurlijk financi\u00eble risico\u2019s voor de gemeente blijven.\t<\/p>\t  <\/div>\n\t<\/div>\n  <\/div>\n\n\t<\/div>\n\n\t<div class=\"block-post-content__sidebar\">\n\t\t\n\t\t\n\t\t\t<\/div>\n<\/section>\n\t  <\/div>\n\t<\/div>\n  <\/div>\n\n\n<div\n  id=\"\"\n  class=\"wrapper  wrapper__spacing-bottom-large--50 wrapper__spacing-bottom-desktop--70 wrapper__spacing-bottom-mobile--50  wrapper__gutter--none\"\n  >\n  \t<div class=\"wrapper__container wrapper__container-width-large--default\">\n\t  <div class=\"wrapper__inner wrapper__width-large--18 wrapper__width-desktop--22 wrapper__width-mobile--24 wrapper__offset-large--6 wrapper__offset-desktop--2 wrapper__offset-mobile--0\">\n\t\t<section class=\"block-post-content\">\n\t<div class=\"block-post-content__title\">\n\t\t<h3 class=\"heading  heading__color--black heading__size--medium heading__font--sans heading__weight--bold  block-post-content__heading\" id=\"nav-4757\" data-nav-heading-mobile=\"\">\n\t<\/h3>\t<\/div>\n\t<div class=\"block-post-content__content\">\n\t\t\n<div\n  id=\"\"\n  class=\"wrapper  wrapper__spacing-bottom-large--30 wrapper__spacing-bottom-desktop--20  wrapper__gutter--none\"\n  >\n  \t<div class=\"wrapper__container wrapper__container-width-large--default\">\n\t  <div class=\"wrapper__inner wrapper__width-large--24 wrapper__width-mobile--24\">\n\t\t<p\n\t\tclass=\"paragraph paragraph__align--left paragraph__color--black paragraph__size--default   block-paragraph__paragraph\"\n\t\t\t>\n\t\tD\u00e1\u00e1r hoorde het debat op 10 september over te gaan: vinden we de locatie langs de N244 passend en zijn we akkoord met de financi\u00ebn? Wat D66 betreft, geeft het college met de keuze van deze locatie op een goede manier uitvoering aan de motie. De opvang van Oekra\u00efense vluchtelingen is, naast de noodwet en afspraken in de regio, onze humane en morele plicht. De financi\u00eble risico\u2019s zijn te overzien. Een ruime meerderheid van de gemeenteraad ziet dat ook zo. Op 25 september heeft de raad ingestemd met het voorstel.\t<\/p>\t  <\/div>\n\t<\/div>\n  <\/div>\n\n\t<\/div>\n\n\t<div class=\"block-post-content__sidebar\">\n\t\t\n\t\t\n\t\t\t<\/div>\n<\/section>\n\t  <\/div>\n\t<\/div>\n  <\/div>\n","protected":false},"excerpt":{"rendered":"","protected":false},"author":566,"featured_media":1175,"comment_status":"open","ping_status":"open","sticky":false,"template":"","format":"standard","meta":{"_acf_changed":false,"footnotes":""},"categories":[1],"search-tags":[],"labels":[],"class_list":["post-2025","post","type-post","status-publish","format-standard","has-post-thumbnail","hentry","category-d66"],"acf":[],"yoast_head":"<!-- This site is optimized with the Yoast SEO plugin v27.3 - https:\/\/yoast.com\/product\/yoast-seo-wordpress\/ -->\n<title>D66 Purmerend &#8211; Framing bij debat over opvang Oekra\u00efense vluchtelingen<\/title>\n<meta name=\"description\" content=\"Het heeft even geduurd, maar het college heeft een locatie gevonden waar Oekra\u00efense vluchtelingen kunnen worden opgevangen in Purmerend.\" \/>\n<meta name=\"robots\" content=\"index, follow, max-snippet:-1, max-image-preview:large, max-video-preview:-1\" \/>\n<link rel=\"canonical\" href=\"https:\/\/d66.nl\/purmerend\/nieuws\/framing-bij-debat-over-opvang-oekraiense-vluchtelingen\" \/>\n<meta property=\"og:locale\" content=\"nl_NL\" \/>\n<meta property=\"og:type\" content=\"article\" \/>\n<meta property=\"og:title\" content=\"D66 Purmerend &#8211; Framing bij debat over opvang Oekra\u00efense vluchtelingen\" \/>\n<meta property=\"og:description\" content=\"Het heeft even geduurd, maar het college heeft een locatie gevonden waar Oekra\u00efense vluchtelingen kunnen worden opgevangen in Purmerend.\" \/>\n<meta property=\"og:url\" content=\"https:\/\/d66.nl\/purmerend\/nieuws\/framing-bij-debat-over-opvang-oekraiense-vluchtelingen\/\" \/>\n<meta property=\"og:site_name\" content=\"D66 Purmerend\" \/>\n<meta property=\"article:published_time\" content=\"2025-09-26T12:19:35+00:00\" \/>\n<meta property=\"article:modified_time\" content=\"2025-11-14T13:57:08+00:00\" \/>\n<meta property=\"og:image\" content=\"https:\/\/d66.nl\/purmerend\/wp-content\/uploads\/sites\/5\/2022\/11\/Raadzaal.jpg\" \/>\n\t<meta property=\"og:image:width\" content=\"1280\" \/>\n\t<meta property=\"og:image:height\" content=\"960\" \/>\n\t<meta property=\"og:image:type\" content=\"image\/jpeg\" \/>\n<meta name=\"author\" content=\"markcintres\" \/>\n<meta name=\"twitter:card\" content=\"summary_large_image\" \/>\n<meta name=\"twitter:label1\" content=\"Geschreven door\" \/>\n\t<meta name=\"twitter:data1\" content=\"markcintres\" \/>\n\t<meta name=\"twitter:label2\" content=\"Geschatte leestijd\" \/>\n\t<meta name=\"twitter:data2\" content=\"1 minuut\" \/>\n<script type=\"application\/ld+json\" class=\"yoast-schema-graph\">{\"@context\":\"https:\\\/\\\/schema.org\",\"@graph\":[{\"@type\":\"Article\",\"@id\":\"https:\\\/\\\/d66.nl\\\/purmerend\\\/nieuws\\\/framing-bij-debat-over-opvang-oekraiense-vluchtelingen\\\/#article\",\"isPartOf\":{\"@id\":\"https:\\\/\\\/d66.nl\\\/purmerend\\\/nieuws\\\/framing-bij-debat-over-opvang-oekraiense-vluchtelingen\\\/\"},\"author\":{\"name\":\"markcintres\",\"@id\":\"https:\\\/\\\/d66.nl\\\/purmerend\\\/#\\\/schema\\\/person\\\/cb55159b3b3c7ab8ce18abf9322389c6\"},\"headline\":\"Framing bij debat over opvang Oekra\u00efense vluchtelingen\",\"datePublished\":\"2025-09-26T12:19:35+00:00\",\"dateModified\":\"2025-11-14T13:57:08+00:00\",\"mainEntityOfPage\":{\"@id\":\"https:\\\/\\\/d66.nl\\\/purmerend\\\/nieuws\\\/framing-bij-debat-over-opvang-oekraiense-vluchtelingen\\\/\"},\"wordCount\":8,\"commentCount\":0,\"publisher\":{\"@id\":\"https:\\\/\\\/d66.nl\\\/purmerend\\\/#organization\"},\"image\":{\"@id\":\"https:\\\/\\\/d66.nl\\\/purmerend\\\/nieuws\\\/framing-bij-debat-over-opvang-oekraiense-vluchtelingen\\\/#primaryimage\"},\"thumbnailUrl\":\"https:\\\/\\\/d66.nl\\\/purmerend\\\/wp-content\\\/uploads\\\/sites\\\/5\\\/2022\\\/11\\\/Raadzaal.jpg\",\"articleSection\":[\"D66\"],\"inLanguage\":\"nl-NL\",\"potentialAction\":[{\"@type\":\"CommentAction\",\"name\":\"Comment\",\"target\":[\"https:\\\/\\\/d66.nl\\\/purmerend\\\/nieuws\\\/framing-bij-debat-over-opvang-oekraiense-vluchtelingen\\\/#respond\"]}]},{\"@type\":\"WebPage\",\"@id\":\"https:\\\/\\\/d66.nl\\\/purmerend\\\/nieuws\\\/framing-bij-debat-over-opvang-oekraiense-vluchtelingen\\\/\",\"url\":\"https:\\\/\\\/d66.nl\\\/purmerend\\\/nieuws\\\/framing-bij-debat-over-opvang-oekraiense-vluchtelingen\\\/\",\"name\":\"D66 Purmerend &#8211; Framing bij debat over opvang Oekra\u00efense vluchtelingen\",\"isPartOf\":{\"@id\":\"https:\\\/\\\/d66.nl\\\/purmerend\\\/#website\"},\"primaryImageOfPage\":{\"@id\":\"https:\\\/\\\/d66.nl\\\/purmerend\\\/nieuws\\\/framing-bij-debat-over-opvang-oekraiense-vluchtelingen\\\/#primaryimage\"},\"image\":{\"@id\":\"https:\\\/\\\/d66.nl\\\/purmerend\\\/nieuws\\\/framing-bij-debat-over-opvang-oekraiense-vluchtelingen\\\/#primaryimage\"},\"thumbnailUrl\":\"https:\\\/\\\/d66.nl\\\/purmerend\\\/wp-content\\\/uploads\\\/sites\\\/5\\\/2022\\\/11\\\/Raadzaal.jpg\",\"datePublished\":\"2025-09-26T12:19:35+00:00\",\"dateModified\":\"2025-11-14T13:57:08+00:00\",\"description\":\"Het heeft even geduurd, maar het college heeft een locatie gevonden waar Oekra\u00efense vluchtelingen kunnen worden opgevangen in Purmerend.\",\"breadcrumb\":{\"@id\":\"https:\\\/\\\/d66.nl\\\/purmerend\\\/nieuws\\\/framing-bij-debat-over-opvang-oekraiense-vluchtelingen\\\/#breadcrumb\"},\"inLanguage\":\"nl-NL\",\"potentialAction\":[{\"@type\":\"ReadAction\",\"target\":[\"https:\\\/\\\/d66.nl\\\/purmerend\\\/nieuws\\\/framing-bij-debat-over-opvang-oekraiense-vluchtelingen\\\/\"]}]},{\"@type\":\"ImageObject\",\"inLanguage\":\"nl-NL\",\"@id\":\"https:\\\/\\\/d66.nl\\\/purmerend\\\/nieuws\\\/framing-bij-debat-over-opvang-oekraiense-vluchtelingen\\\/#primaryimage\",\"url\":\"https:\\\/\\\/d66.nl\\\/purmerend\\\/wp-content\\\/uploads\\\/sites\\\/5\\\/2022\\\/11\\\/Raadzaal.jpg\",\"contentUrl\":\"https:\\\/\\\/d66.nl\\\/purmerend\\\/wp-content\\\/uploads\\\/sites\\\/5\\\/2022\\\/11\\\/Raadzaal.jpg\",\"width\":1280,\"height\":960},{\"@type\":\"BreadcrumbList\",\"@id\":\"https:\\\/\\\/d66.nl\\\/purmerend\\\/nieuws\\\/framing-bij-debat-over-opvang-oekraiense-vluchtelingen\\\/#breadcrumb\",\"itemListElement\":[{\"@type\":\"ListItem\",\"position\":1,\"name\":\"Home\",\"item\":\"https:\\\/\\\/d66.nl\\\/purmerend\\\/\"},{\"@type\":\"ListItem\",\"position\":2,\"name\":\"Nieuws\",\"item\":\"https:\\\/\\\/d66.nl\\\/purmerend\\\/nieuws\\\/\"},{\"@type\":\"ListItem\",\"position\":3,\"name\":\"Framing bij debat over opvang Oekra\u00efense vluchtelingen\"}]},{\"@type\":\"WebSite\",\"@id\":\"https:\\\/\\\/d66.nl\\\/purmerend\\\/#website\",\"url\":\"https:\\\/\\\/d66.nl\\\/purmerend\\\/\",\"name\":\"D66 Purmerend\",\"description\":\"Just another D66 Sites site\",\"publisher\":{\"@id\":\"https:\\\/\\\/d66.nl\\\/purmerend\\\/#organization\"},\"potentialAction\":[{\"@type\":\"SearchAction\",\"target\":{\"@type\":\"EntryPoint\",\"urlTemplate\":\"https:\\\/\\\/d66.nl\\\/purmerend\\\/?s={search_term_string}\"},\"query-input\":{\"@type\":\"PropertyValueSpecification\",\"valueRequired\":true,\"valueName\":\"search_term_string\"}}],\"inLanguage\":\"nl-NL\"},{\"@type\":\"Organization\",\"@id\":\"https:\\\/\\\/d66.nl\\\/purmerend\\\/#organization\",\"name\":\"D66\",\"url\":\"https:\\\/\\\/d66.nl\\\/purmerend\\\/\",\"logo\":{\"@type\":\"ImageObject\",\"inLanguage\":\"nl-NL\",\"@id\":\"https:\\\/\\\/d66.nl\\\/purmerend\\\/#\\\/schema\\\/logo\\\/image\\\/\",\"url\":\"https:\\\/\\\/d66.nl\\\/purmerend\\\/wp-content\\\/uploads\\\/sites\\\/5\\\/2021\\\/10\\\/d66-themas-algemeen-og.png\",\"contentUrl\":\"https:\\\/\\\/d66.nl\\\/purmerend\\\/wp-content\\\/uploads\\\/sites\\\/5\\\/2021\\\/10\\\/d66-themas-algemeen-og.png\",\"width\":1200,\"height\":628,\"caption\":\"D66\"},\"image\":{\"@id\":\"https:\\\/\\\/d66.nl\\\/purmerend\\\/#\\\/schema\\\/logo\\\/image\\\/\"}},{\"@type\":\"Person\",\"@id\":\"https:\\\/\\\/d66.nl\\\/purmerend\\\/#\\\/schema\\\/person\\\/cb55159b3b3c7ab8ce18abf9322389c6\",\"name\":\"markcintres\",\"image\":{\"@type\":\"ImageObject\",\"inLanguage\":\"nl-NL\",\"@id\":\"https:\\\/\\\/secure.gravatar.com\\\/avatar\\\/5b58539a193117e9c43b893507e42048d741fe176923b1d632c97bfc79e4ee7f?s=96&d=mm&r=g\",\"url\":\"https:\\\/\\\/secure.gravatar.com\\\/avatar\\\/5b58539a193117e9c43b893507e42048d741fe176923b1d632c97bfc79e4ee7f?s=96&d=mm&r=g\",\"contentUrl\":\"https:\\\/\\\/secure.gravatar.com\\\/avatar\\\/5b58539a193117e9c43b893507e42048d741fe176923b1d632c97bfc79e4ee7f?s=96&d=mm&r=g\",\"caption\":\"markcintres\"}}]}<\/script>\n<!-- \/ Yoast SEO plugin. -->","yoast_head_json":{"title":"D66 Purmerend &#8211; Framing bij debat over opvang Oekra\u00efense vluchtelingen","description":"Het heeft even geduurd, maar het college heeft een locatie gevonden waar Oekra\u00efense vluchtelingen kunnen worden opgevangen in Purmerend.","robots":{"index":"index","follow":"follow","max-snippet":"max-snippet:-1","max-image-preview":"max-image-preview:large","max-video-preview":"max-video-preview:-1"},"canonical":"https:\/\/d66.nl\/purmerend\/nieuws\/framing-bij-debat-over-opvang-oekraiense-vluchtelingen","og_locale":"nl_NL","og_type":"article","og_title":"D66 Purmerend &#8211; Framing bij debat over opvang Oekra\u00efense vluchtelingen","og_description":"Het heeft even geduurd, maar het college heeft een locatie gevonden waar Oekra\u00efense vluchtelingen kunnen worden opgevangen in Purmerend.","og_url":"https:\/\/d66.nl\/purmerend\/nieuws\/framing-bij-debat-over-opvang-oekraiense-vluchtelingen\/","og_site_name":"D66 Purmerend","article_published_time":"2025-09-26T12:19:35+00:00","article_modified_time":"2025-11-14T13:57:08+00:00","og_image":[{"width":1280,"height":960,"url":"https:\/\/d66.nl\/purmerend\/wp-content\/uploads\/sites\/5\/2022\/11\/Raadzaal.jpg","type":"image\/jpeg"}],"author":"markcintres","twitter_card":"summary_large_image","twitter_misc":{"Geschreven door":"markcintres","Geschatte leestijd":"1 minuut"},"schema":{"@context":"https:\/\/schema.org","@graph":[{"@type":"Article","@id":"https:\/\/d66.nl\/purmerend\/nieuws\/framing-bij-debat-over-opvang-oekraiense-vluchtelingen\/#article","isPartOf":{"@id":"https:\/\/d66.nl\/purmerend\/nieuws\/framing-bij-debat-over-opvang-oekraiense-vluchtelingen\/"},"author":{"name":"markcintres","@id":"https:\/\/d66.nl\/purmerend\/#\/schema\/person\/cb55159b3b3c7ab8ce18abf9322389c6"},"headline":"Framing bij debat over opvang Oekra\u00efense vluchtelingen","datePublished":"2025-09-26T12:19:35+00:00","dateModified":"2025-11-14T13:57:08+00:00","mainEntityOfPage":{"@id":"https:\/\/d66.nl\/purmerend\/nieuws\/framing-bij-debat-over-opvang-oekraiense-vluchtelingen\/"},"wordCount":8,"commentCount":0,"publisher":{"@id":"https:\/\/d66.nl\/purmerend\/#organization"},"image":{"@id":"https:\/\/d66.nl\/purmerend\/nieuws\/framing-bij-debat-over-opvang-oekraiense-vluchtelingen\/#primaryimage"},"thumbnailUrl":"https:\/\/d66.nl\/purmerend\/wp-content\/uploads\/sites\/5\/2022\/11\/Raadzaal.jpg","articleSection":["D66"],"inLanguage":"nl-NL","potentialAction":[{"@type":"CommentAction","name":"Comment","target":["https:\/\/d66.nl\/purmerend\/nieuws\/framing-bij-debat-over-opvang-oekraiense-vluchtelingen\/#respond"]}]},{"@type":"WebPage","@id":"https:\/\/d66.nl\/purmerend\/nieuws\/framing-bij-debat-over-opvang-oekraiense-vluchtelingen\/","url":"https:\/\/d66.nl\/purmerend\/nieuws\/framing-bij-debat-over-opvang-oekraiense-vluchtelingen\/","name":"D66 Purmerend &#8211; Framing bij debat over opvang Oekra\u00efense vluchtelingen","isPartOf":{"@id":"https:\/\/d66.nl\/purmerend\/#website"},"primaryImageOfPage":{"@id":"https:\/\/d66.nl\/purmerend\/nieuws\/framing-bij-debat-over-opvang-oekraiense-vluchtelingen\/#primaryimage"},"image":{"@id":"https:\/\/d66.nl\/purmerend\/nieuws\/framing-bij-debat-over-opvang-oekraiense-vluchtelingen\/#primaryimage"},"thumbnailUrl":"https:\/\/d66.nl\/purmerend\/wp-content\/uploads\/sites\/5\/2022\/11\/Raadzaal.jpg","datePublished":"2025-09-26T12:19:35+00:00","dateModified":"2025-11-14T13:57:08+00:00","description":"Het heeft even geduurd, maar het college heeft een locatie gevonden waar Oekra\u00efense vluchtelingen kunnen worden opgevangen in Purmerend.","breadcrumb":{"@id":"https:\/\/d66.nl\/purmerend\/nieuws\/framing-bij-debat-over-opvang-oekraiense-vluchtelingen\/#breadcrumb"},"inLanguage":"nl-NL","potentialAction":[{"@type":"ReadAction","target":["https:\/\/d66.nl\/purmerend\/nieuws\/framing-bij-debat-over-opvang-oekraiense-vluchtelingen\/"]}]},{"@type":"ImageObject","inLanguage":"nl-NL","@id":"https:\/\/d66.nl\/purmerend\/nieuws\/framing-bij-debat-over-opvang-oekraiense-vluchtelingen\/#primaryimage","url":"https:\/\/d66.nl\/purmerend\/wp-content\/uploads\/sites\/5\/2022\/11\/Raadzaal.jpg","contentUrl":"https:\/\/d66.nl\/purmerend\/wp-content\/uploads\/sites\/5\/2022\/11\/Raadzaal.jpg","width":1280,"height":960},{"@type":"BreadcrumbList","@id":"https:\/\/d66.nl\/purmerend\/nieuws\/framing-bij-debat-over-opvang-oekraiense-vluchtelingen\/#breadcrumb","itemListElement":[{"@type":"ListItem","position":1,"name":"Home","item":"https:\/\/d66.nl\/purmerend\/"},{"@type":"ListItem","position":2,"name":"Nieuws","item":"https:\/\/d66.nl\/purmerend\/nieuws\/"},{"@type":"ListItem","position":3,"name":"Framing bij debat over opvang Oekra\u00efense vluchtelingen"}]},{"@type":"WebSite","@id":"https:\/\/d66.nl\/purmerend\/#website","url":"https:\/\/d66.nl\/purmerend\/","name":"D66 Purmerend","description":"Just another D66 Sites site","publisher":{"@id":"https:\/\/d66.nl\/purmerend\/#organization"},"potentialAction":[{"@type":"SearchAction","target":{"@type":"EntryPoint","urlTemplate":"https:\/\/d66.nl\/purmerend\/?s={search_term_string}"},"query-input":{"@type":"PropertyValueSpecification","valueRequired":true,"valueName":"search_term_string"}}],"inLanguage":"nl-NL"},{"@type":"Organization","@id":"https:\/\/d66.nl\/purmerend\/#organization","name":"D66","url":"https:\/\/d66.nl\/purmerend\/","logo":{"@type":"ImageObject","inLanguage":"nl-NL","@id":"https:\/\/d66.nl\/purmerend\/#\/schema\/logo\/image\/","url":"https:\/\/d66.nl\/purmerend\/wp-content\/uploads\/sites\/5\/2021\/10\/d66-themas-algemeen-og.png","contentUrl":"https:\/\/d66.nl\/purmerend\/wp-content\/uploads\/sites\/5\/2021\/10\/d66-themas-algemeen-og.png","width":1200,"height":628,"caption":"D66"},"image":{"@id":"https:\/\/d66.nl\/purmerend\/#\/schema\/logo\/image\/"}},{"@type":"Person","@id":"https:\/\/d66.nl\/purmerend\/#\/schema\/person\/cb55159b3b3c7ab8ce18abf9322389c6","name":"markcintres","image":{"@type":"ImageObject","inLanguage":"nl-NL","@id":"https:\/\/secure.gravatar.com\/avatar\/5b58539a193117e9c43b893507e42048d741fe176923b1d632c97bfc79e4ee7f?s=96&d=mm&r=g","url":"https:\/\/secure.gravatar.com\/avatar\/5b58539a193117e9c43b893507e42048d741fe176923b1d632c97bfc79e4ee7f?s=96&d=mm&r=g","contentUrl":"https:\/\/secure.gravatar.com\/avatar\/5b58539a193117e9c43b893507e42048d741fe176923b1d632c97bfc79e4ee7f?s=96&d=mm&r=g","caption":"markcintres"}}]}},"_links":{"self":[{"href":"https:\/\/d66.nl\/purmerend\/wp-json\/wp\/v2\/posts\/2025","targetHints":{"allow":["GET"]}}],"collection":[{"href":"https:\/\/d66.nl\/purmerend\/wp-json\/wp\/v2\/posts"}],"about":[{"href":"https:\/\/d66.nl\/purmerend\/wp-json\/wp\/v2\/types\/post"}],"author":[{"embeddable":true,"href":"https:\/\/d66.nl\/purmerend\/wp-json\/wp\/v2\/users\/566"}],"replies":[{"embeddable":true,"href":"https:\/\/d66.nl\/purmerend\/wp-json\/wp\/v2\/comments?post=2025"}],"version-history":[{"count":3,"href":"https:\/\/d66.nl\/purmerend\/wp-json\/wp\/v2\/posts\/2025\/revisions"}],"predecessor-version":[{"id":2121,"href":"https:\/\/d66.nl\/purmerend\/wp-json\/wp\/v2\/posts\/2025\/revisions\/2121"}],"wp:featuredmedia":[{"embeddable":true,"href":"https:\/\/d66.nl\/purmerend\/wp-json\/wp\/v2\/media\/1175"}],"wp:attachment":[{"href":"https:\/\/d66.nl\/purmerend\/wp-json\/wp\/v2\/media?parent=2025"}],"wp:term":[{"taxonomy":"category","embeddable":true,"href":"https:\/\/d66.nl\/purmerend\/wp-json\/wp\/v2\/categories?post=2025"},{"taxonomy":"search-tags","embeddable":true,"href":"https:\/\/d66.nl\/purmerend\/wp-json\/wp\/v2\/search-tags?post=2025"},{"taxonomy":"labels","embeddable":true,"href":"https:\/\/d66.nl\/purmerend\/wp-json\/wp\/v2\/labels?post=2025"}],"curies":[{"name":"wp","href":"https:\/\/api.w.org\/{rel}","templated":true}]}}