{"id":2009,"date":"2025-03-08T13:30:53","date_gmt":"2025-03-08T13:30:53","guid":{"rendered":"https:\/\/d66.nl\/provincieutrecht\/nieuws\/"},"modified":"2025-03-08T13:30:54","modified_gmt":"2025-03-08T13:30:54","slug":"column-meer-vrouwen-in-de-politiek-vraagt-ook-iets-van-mannen","status":"publish","type":"post","link":"https:\/\/d66.nl\/provincieutrecht\/nieuws\/column-meer-vrouwen-in-de-politiek-vraagt-ook-iets-van-mannen","title":{"rendered":"Column: Meer vrouwen in de politiek vraagt ook iets van mannen"},"content":{"rendered":"<div\n  id=\"\"\n  class=\"wrapper  wrapper__spacing-bottom-large--50 wrapper__spacing-bottom-desktop--66 wrapper__spacing-bottom-mobile--76  wrapper__gutter--none\"\n  >\n  \t<div class=\"wrapper__container wrapper__container-width-large--default\">\n\t  <div class=\"wrapper__inner wrapper__width-large--14 wrapper__width-desktop--20 wrapper__width-mobile--24 wrapper__offset-large--6 wrapper__offset-desktop--4 wrapper__offset-mobile--0\">\n\t\t<h1 class=\"heading   heading__size--giant heading__font--serif heading__weight--regular  block-heading__heading\" id=\"nav-column--meer-vrouwen-in-de-politiek-vraagt-ook-iets-van-mannen864\"  data-nav-heading-mobile=\"Column: Meer vrouwen in de politiek vraagt ook iets van mannen\" >\n\tColumn: Meer vrouwen in de politiek vraagt ook iets van mannen<\/h1>\t  <\/div>\n\t<\/div>\n  <\/div>\n\n\n<div\n  id=\"\"\n  class=\"wrapper  wrapper__spacing-bottom-large--110 wrapper__spacing-bottom-desktop--60 wrapper__spacing-bottom-mobile--50  wrapper__gutter--none\"\n  >\n  \t<div class=\"wrapper__container wrapper__container-width-large--default\">\n\t  <div class=\"wrapper__inner wrapper__width-large--24 wrapper__width-mobile--24\">\n\t\t<section class=\"block-video\">\n\t<div\n\t\tclass=\"block-video__video-wrapper\"\n\t\tstyle=\"background-image: url('https:\/\/d66.nl\/provincieutrecht\/wp-content\/uploads\/sites\/351\/2025\/03\/WhatsApp-Image-2025-03-08-at-13.46.00.jpeg')\"\n\t>\n\t\t\t<\/div>\n\n\t\t\t<div class=\"block-video__caption-wrapper\">\n\t\t\t<div class=\"block-video__caption\">\n\t\t\t\t<p class=\"paragraph paragraph__align--left paragraph__color--black paragraph__size--small paragraph__weight--medium\">\n\t\tDe eerste vrouwelijke Commissaris van de Koning tussen de andere portretten van haar voorgangers? <i>&#x2022;<\/i> Beeld: D66\t<\/p>\t\t\t<\/div>\n\t\t<\/div>\n\t\n<\/section>\n\n\t  <\/div>\n\t<\/div>\n  <\/div>\n\n\n<div\n  id=\"\"\n  class=\"wrapper  wrapper__spacing-bottom-large--50 wrapper__spacing-bottom-mobile--40  wrapper__gutter--none\"\n  >\n  \t<div class=\"wrapper__container wrapper__container-width-large--default\">\n\t  <div class=\"wrapper__inner wrapper__width-large--13 wrapper__width-desktop--22 wrapper__width-mobile--24 wrapper__offset-large--6 wrapper__offset-desktop--2 wrapper__offset-mobile--0\">\n\t\t<p\n\t\tclass=\"paragraph   paragraph__size--big   block-paragraph__paragraph\"\n\t\t\t>\n\t\tIn de provincie Utrecht hangt een rij portretten van alle Commissarissen van de Koning. Een rij van witte, oudere mannen. Nu hebben we een uitstekende commissaris, die zich vol overtuiging inzet voor participatie en inclusie, maar het feit dat er nog nooit een vrouw in die rij heeft gehangen, zegt veel over hoe de politiek in Nederland eruitziet. Jong, vrouw en politiek actief? Dat blijft nog altijd een uitdaging. Internationale Vrouwendag is de uitgelezen kans om aandacht te vragen voor de barri\u00e8res die vrouwen nog steeds ervaren in de politiek\u2014niet alleen in Utrecht, maar in heel Nederland\u2014\u00e9n voor het doorbreken hiervan. Als we echt meer representatie van vrouwen in de politiek willen, is er niet alleen een structurele, maar ook een culturele verandering nodig, wat juist iets vraagt van mannen in onze samenleving.\t<\/p>\t  <\/div>\n\t<\/div>\n  <\/div>\n\n\n<div\n  id=\"\"\n  class=\"wrapper  wrapper__spacing-bottom-large--30 wrapper__spacing-bottom-desktop--20 wrapper__spacing-bottom-mobile--10  wrapper__gutter--none\"\n  >\n  \t<div class=\"wrapper__container wrapper__container-width-large--default\">\n\t  <div class=\"wrapper__inner wrapper__width-large--14 wrapper__width-desktop--24 wrapper__width-mobile--24 wrapper__offset-large--6 wrapper__offset-desktop--2 wrapper__offset-mobile--0\">\n\t\t<section class=\"block-related-post-metadata js-block-related-post-metadata\">\n\t<div class=\"block-related-post-metadata__content-wrapper\">\n\t\t<div class=\"block-related-post-metadata__persons\">\n\t\t\t<div class=\"related-person-info__wrapper\">\n\t\t\t<div class=\"related-person-info__item related-person-info__color--yellow\">\n\t\t\t<a class=\"related-person-info__link\" href=\"https:\/\/d66.nl\/provincieutrecht\/mensen\/2-lyke-veen\/\">\n\t\t\t\t<div class=\"related-person-info__image_container\">\n\t\t\t\t<img loading=\"lazy\" decoding=\"async\" width=\"150\" height=\"150\" src=\"https:\/\/media.d66.nl\/uploads\/sites\/351\/2026\/04\/PortrettenD66_0021-150x150.jpg\" class=\"related-person-info__image\" alt=\"Afbeelding van Lyke Veen\" \/>\t\t\t\t<\/div>\n\t\t\t\t<div class=\"related-person-info__meta\">\n\t\t\t\t\t\t\t\t\t<header class=\"related-person-info__header\">\n\t\t\t\t\t\t<h3 class=\"heading   heading__size--small heading__font--sans heading__weight--bold\" id=\"nav-lyke-veen7157\">\n\tLyke Veen<\/h3>\t\t\t\t\t<\/header>\n\t\t\t\t\t\t\t\t\t\t\t\t\t<div class=\"related-person-info__description\">\n\t\t\t\t\t\t<p class=\"paragraph   paragraph__size--small paragraph__weight--normal\">\n\t\tStatenlid\t<\/p>\t\t\t\t\t<\/div>\n\t\t\t\t\t\t\t\t<\/div>\n\t\t\t<\/a>\n\t\t<\/div>\n\t\t<\/div>\t\t<\/div>\n\t\t<div class=\"block-related-post-metadata__meta\">\n\t\t\t<div class=\"block-related-post-metadata__date\">\n\t\t\t\t08.03.2025<div class=\"post-share js-post-share rs_skip_always\">\n\t<button class=\"post-share__share-button js-post-share-share-button\">\n\t\tShare\t\t<svg xmlns='http:\/\/www.w3.org\/2000\/svg' width='100px' height='100px' viewBox='0 0 24 24' fill='none'><path d='m8.684 10.658 6.629-3.314m.003 9.314-6.622-3.311M21 6a3 3 0 1 1-6 0 3 3 0 0 1 6 0ZM9 12a3 3 0 1 1-6 0 3 3 0 0 1 6 0Zm12 6a3 3 0 1 1-6 0 3 3 0 0 1 6 0Z' stroke='currentColor' stroke-width='1.5' fill='none'\/><\/svg>\t<\/button>\n\t<dialog class=\"post-share__dialog js-post-share-dialog\" aria-hidden=\"true\">\n\t\t<div class=\"post-share__dialog-header\">\n\t\t\tShare this post\t\t\t<button class=\"post-share__dialog-close js-post-share-dialog-close\">\n\t\t\t\t<svg xmlns='http:\/\/www.w3.org\/2000\/svg' width='150' height='150' viewBox='0 0 150 150' fill='none'><path d='M44.103 105.897 75 75m30.898-30.898L75 75m0 0L44.103 44.102M75 75l30.898 30.897' stroke='currentColor' stroke-width='5' fill='none'\/><\/svg>\t\t\t<\/button>\n\t\t<\/div>\n\t\t<div class=\"post-share__dialog-socials\">\n\t\t\t\t\t\t\t\t\t\t\t<a class=\"post-share__dialog-item js-post-share-dialog-item\" href=\"#\" target=\"_blank\" data-copy=&quot;true&quot;>\n\t\t\t\t\tKopier link<svg xmlns='http:\/\/www.w3.org\/2000\/svg' width='150' height='150' viewBox='0 0 150 150' fill='none'><path d='M67.468 108.679c-8.533-.512-14.164-3.583-17.407-9.983-3.242-6.314-2.815-12.713 1.195-18.6 1.706-2.56 3.584-5.035 5.46-7.594 1.537-2.048 3.584-2.475 5.462-1.195 2.047 1.45 2.389 3.498.938 5.632-1.706 2.474-3.584 4.948-5.29 7.423-3.242 4.778-2.304 11.092 2.133 14.334 4.864 3.584 11.092 2.731 14.761-1.962 1.963-2.475 3.754-5.12 5.632-7.68 1.194-1.535 2.645-2.218 4.607-1.28 1.792.854 2.645 2.39 2.304 4.267 0 .17 0 .427-.17.597-3.67 5.12-6.4 11.178-12.544 13.993-2.56 1.195-5.46 1.707-6.996 2.219l-.085-.171Z' fill='currentColor'\/><path d='M86.921 44.6c6.144.257 11.605 3.328 14.932 9.728 3.328 6.399 2.816 12.798-1.109 18.856-1.621 2.56-3.498 4.95-5.29 7.424-1.707 2.303-3.754 2.815-5.717 1.45-2.048-1.45-2.304-3.669-.597-6.058 1.621-2.304 3.328-4.608 4.949-6.911 3.498-4.95 2.56-11.348-2.133-14.761-4.779-3.499-11.178-2.475-14.847 2.56-1.792 2.388-3.498 4.863-5.205 7.252-1.62 2.218-3.583 2.56-5.546 1.11-1.877-1.366-2.218-3.414-.768-5.462 2.048-2.986 4.01-5.972 6.314-8.703 3.67-4.351 8.448-6.399 15.103-6.399l-.086-.085Z' fill='currentColor'\/><path d='M71.478 88.457c-3.498-.341-5.46-3.413-3.754-6.143 3.327-5.29 6.825-10.495 10.324-15.7 1.45-2.133 3.413-2.389 5.46-1.109 1.878 1.28 2.219 3.413.854 5.546-3.328 5.034-6.57 9.983-9.983 14.932-.683 1.024-1.963 1.621-2.901 2.389v.085Z' fill='currentColor'\/><\/svg>\t\t\t\t<\/a>\n\t\t\t\t\t\t\t\t\t\t\t<a class=\"post-share__dialog-item js-post-share-dialog-item\" href=\"mailto:?to=%20&amp;body=https%3A%2F%2Fd66.nl%2Fprovincieutrecht%2Fnieuws%2Fcolumn-meer-vrouwen-in-de-politiek-vraagt-ook-iets-van-mannen\" target=\"_blank\" >\n\t\t\t\t\tMail<svg xmlns='http:\/\/www.w3.org\/2000\/svg' width='40' height='40' viewBox='0 0 40 40' fill='none'><path d='M24.107 15.865a1 1 0 0 1 1.266 1.265l-1.686 5.052a1 1 0 0 1-1.654.392l-3.37-3.37a1.001 1.001 0 0 1 .392-1.654l5.052-1.685Z' fill='currentColor'\/><path d='m21.763 19.475-5.657 5.657' stroke='currentColor' stroke-width='2' stroke-linecap='round' fill='none'\/><\/svg>\t\t\t\t<\/a>\n\t\t\t\t\t\t\t\t\t\t\t<a class=\"post-share__dialog-item js-post-share-dialog-item\" href=\"https:\/\/www.linkedin.com\/sharing\/share-offsite\/?url=https%3A%2F%2Fd66.nl%2Fprovincieutrecht%2Fnieuws%2Fcolumn-meer-vrouwen-in-de-politiek-vraagt-ook-iets-van-mannen\" target=\"_blank\" >\n\t\t\t\t\tLinkedIn<svg xmlns='http:\/\/www.w3.org\/2000\/svg' width='40' height='40' viewBox='0 0 40 40' fill='none'><path d='M24.107 15.865a1 1 0 0 1 1.266 1.265l-1.686 5.052a1 1 0 0 1-1.654.392l-3.37-3.37a1.001 1.001 0 0 1 .392-1.654l5.052-1.685Z' fill='currentColor'\/><path d='m21.763 19.475-5.657 5.657' stroke='currentColor' stroke-width='2' stroke-linecap='round' fill='none'\/><\/svg>\t\t\t\t<\/a>\n\t\t\t\t\t\t\t\t\t\t\t<a class=\"post-share__dialog-item js-post-share-dialog-item\" href=\"https:\/\/www.facebook.com\/sharer\/sharer.php?u=https%3A%2F%2Fd66.nl%2Fprovincieutrecht%2Fnieuws%2Fcolumn-meer-vrouwen-in-de-politiek-vraagt-ook-iets-van-mannen\" target=\"_blank\" >\n\t\t\t\t\tFacebook<svg xmlns='http:\/\/www.w3.org\/2000\/svg' width='40' height='40' viewBox='0 0 40 40' fill='none'><path d='M24.107 15.865a1 1 0 0 1 1.266 1.265l-1.686 5.052a1 1 0 0 1-1.654.392l-3.37-3.37a1.001 1.001 0 0 1 .392-1.654l5.052-1.685Z' fill='currentColor'\/><path d='m21.763 19.475-5.657 5.657' stroke='currentColor' stroke-width='2' stroke-linecap='round' fill='none'\/><\/svg>\t\t\t\t<\/a>\n\t\t\t\t\t\t\t\t\t\t\t<a class=\"post-share__dialog-item js-post-share-dialog-item\" href=\"whatsapp:\/\/send?text=https%3A%2F%2Fd66.nl%2Fprovincieutrecht%2Fnieuws%2Fcolumn-meer-vrouwen-in-de-politiek-vraagt-ook-iets-van-mannen\" target=\"_blank\" >\n\t\t\t\t\tWhatsApp<svg xmlns='http:\/\/www.w3.org\/2000\/svg' width='40' height='40' viewBox='0 0 40 40' fill='none'><path d='M24.107 15.865a1 1 0 0 1 1.266 1.265l-1.686 5.052a1 1 0 0 1-1.654.392l-3.37-3.37a1.001 1.001 0 0 1 .392-1.654l5.052-1.685Z' fill='currentColor'\/><path d='m21.763 19.475-5.657 5.657' stroke='currentColor' stroke-width='2' stroke-linecap='round' fill='none'\/><\/svg>\t\t\t\t<\/a>\n\t\t\t\t\t\t\t\t\t\t\t<a class=\"post-share__dialog-item js-post-share-dialog-item\" href=\"https:\/\/x.com\/intent\/post?url=https%3A%2F%2Fd66.nl%2Fprovincieutrecht%2Fnieuws%2Fcolumn-meer-vrouwen-in-de-politiek-vraagt-ook-iets-van-mannen\" target=\"_blank\" >\n\t\t\t\t\tTwitter (X)<svg xmlns='http:\/\/www.w3.org\/2000\/svg' width='40' height='40' viewBox='0 0 40 40' fill='none'><path d='M24.107 15.865a1 1 0 0 1 1.266 1.265l-1.686 5.052a1 1 0 0 1-1.654.392l-3.37-3.37a1.001 1.001 0 0 1 .392-1.654l5.052-1.685Z' fill='currentColor'\/><path d='m21.763 19.475-5.657 5.657' stroke='currentColor' stroke-width='2' stroke-linecap='round' fill='none'\/><\/svg>\t\t\t\t<\/a>\n\t\t\t\t\t<\/div>\n\t<\/dialog>\n<\/div>\t\t\t<\/div>\n\t\t\t<div class=\"block-related-post-metadata__categories\">\n\t\t\t\t<div class=\"category-link__wrapper\">\n\t\t\t<div class=\"category-link__item\">\n\t\t\t<a href=\"https:\/\/d66.nl\/provincieutrecht\/category\/d66\/\">\n\t\t\t\tD66\t\t\t<\/a>\n\t\t<\/div>\n\t\t\t\t<div class=\"category-link__item\">\n\t\t\t<a href=\"https:\/\/d66.nl\/provincieutrecht\/search-tags\/columns\/\">\n\t\t\t\tColumns\t\t\t<\/a>\n\t\t<\/div>\n\t\t<\/div>\t\t\t<\/div>\n\t\t<\/div>\n\t<\/div>\n<\/section>\n\t  <\/div>\n\t<\/div>\n  <\/div>\n\n\n<div\n  id=\"\"\n  class=\"wrapper  wrapper__spacing-bottom-large--50 wrapper__spacing-bottom-desktop--70 wrapper__spacing-bottom-mobile--50  wrapper__gutter--none\"\n  >\n  \t<div class=\"wrapper__container wrapper__container-width-large--default\">\n\t  <div class=\"wrapper__inner wrapper__width-large--18 wrapper__width-desktop--22 wrapper__width-mobile--24 wrapper__offset-large--6 wrapper__offset-desktop--2 wrapper__offset-mobile--0\">\n\t\t<section class=\"block-post-content\">\n\t<div class=\"block-post-content__title\">\n\t\t<h3 class=\"heading  heading__color--black heading__size--medium heading__font--sans heading__weight--bold  block-post-content__heading\" id=\"nav-5361\" data-nav-heading-mobile=\"\">\n\t<\/h3>\t<\/div>\n\t<div class=\"block-post-content__content\">\n\t\t\n<div\n  id=\"\"\n  class=\"wrapper  wrapper__spacing-bottom-large--30 wrapper__spacing-bottom-desktop--20  wrapper__gutter--none\"\n  >\n  \t<div class=\"wrapper__container wrapper__container-width-large--default\">\n\t  <div class=\"wrapper__inner wrapper__width-large--24 wrapper__width-mobile--24\">\n\t\t<p\n\t\tclass=\"paragraph paragraph__align--left paragraph__color--black paragraph__size--default   block-paragraph__paragraph\"\n\t\t\t>\n\t\tEen paar weken geleden stond er een man tegen mij te schreeuwen bij een inspraakavond. Hij was boos over een mogelijke, nog lang niet definitieve, plaatsing van windmolens in de provincie Utrecht. Zodra ik de ruimte binnenkwam, hoorde ik hem roepen: &#8220;Ha! Daar zul je ze van D66 hebben, daar gaan we!&#8221; Elke poging om wat afstand te cre\u00ebren werd beantwoord met n\u00f3g dichterbij komen en n\u00f3g harder praten. Pas toen een mannelijke collega zich naast me voegde, kalmeerde hij. Andere vrouwelijke statenleden hebben helaas vergelijkbare ervaringen.\t<\/p>\t  <\/div>\n\t<\/div>\n  <\/div>\n\n\t<\/div>\n\n\t<div class=\"block-post-content__sidebar\">\n\t\t\n\t\t\n\t\t\t<\/div>\n<\/section>\n\t  <\/div>\n\t<\/div>\n  <\/div>\n\n\n<div\n  id=\"\"\n  class=\"wrapper  wrapper__spacing-bottom-large--50 wrapper__spacing-bottom-desktop--70 wrapper__spacing-bottom-mobile--50  wrapper__gutter--none\"\n  >\n  \t<div class=\"wrapper__container wrapper__container-width-large--default\">\n\t  <div class=\"wrapper__inner wrapper__width-large--18 wrapper__width-desktop--22 wrapper__width-mobile--24 wrapper__offset-large--6 wrapper__offset-desktop--2 wrapper__offset-mobile--0\">\n\t\t<section class=\"block-post-content\">\n\t<div class=\"block-post-content__title\">\n\t\t<h3 class=\"heading  heading__color--black heading__size--medium heading__font--sans heading__weight--bold  block-post-content__heading\" id=\"nav-afspiegeling5142\" data-nav-heading-mobile=\"Afspiegeling\">\n\tAfspiegeling<\/h3>\t<\/div>\n\t<div class=\"block-post-content__content\">\n\t\t\n<div\n  id=\"\"\n  class=\"wrapper  wrapper__spacing-bottom-large--30 wrapper__spacing-bottom-desktop--20  wrapper__gutter--none\"\n  >\n  \t<div class=\"wrapper__container wrapper__container-width-large--default\">\n\t  <div class=\"wrapper__inner wrapper__width-large--24 wrapper__width-mobile--24\">\n\t\t<p\n\t\tclass=\"paragraph paragraph__align--left paragraph__color--black paragraph__size--default   block-paragraph__paragraph\"\n\t\t\t>\n\t\tDit soort momenten zijn geen uitzondering. Ze maken deel uit van de dagelijkse realiteit van vrouwen in de politiek. En dat terwijl de aanwezigheid van vrouwen niet alleen wenselijk, maar ook essentieel is. Niet alleen zou de politiek een afspiegeling moeten zijn van de samenleving die zij vertegenwoordigt, maar onderzoek toont ook aan dat diverse besturen leiden tot evenwichtigere en beter onderbouwde beslissingen.\t<\/p>\t  <\/div>\n\t<\/div>\n  <\/div>\n\n\t<\/div>\n\n\t<div class=\"block-post-content__sidebar\">\n\t\t\n\t\t\n\t\t\t<\/div>\n<\/section>\n\t  <\/div>\n\t<\/div>\n  <\/div>\n\n\n<div\n  id=\"\"\n  class=\"wrapper  wrapper__spacing-bottom-large--50 wrapper__spacing-bottom-desktop--70 wrapper__spacing-bottom-mobile--50  wrapper__gutter--none\"\n  >\n  \t<div class=\"wrapper__container wrapper__container-width-large--default\">\n\t  <div class=\"wrapper__inner wrapper__width-large--18 wrapper__width-desktop--22 wrapper__width-mobile--24 wrapper__offset-large--6 wrapper__offset-desktop--2 wrapper__offset-mobile--0\">\n\t\t<section class=\"block-post-content\">\n\t<div class=\"block-post-content__title\">\n\t\t<h3 class=\"heading  heading__color--black heading__size--medium heading__font--sans heading__weight--bold  block-post-content__heading\" id=\"nav-ruimte2187\" data-nav-heading-mobile=\"Ruimte\">\n\tRuimte<\/h3>\t<\/div>\n\t<div class=\"block-post-content__content\">\n\t\t\n<div\n  id=\"\"\n  class=\"wrapper  wrapper__spacing-bottom-large--30 wrapper__spacing-bottom-desktop--20  wrapper__gutter--none\"\n  >\n  \t<div class=\"wrapper__container wrapper__container-width-large--default\">\n\t  <div class=\"wrapper__inner wrapper__width-large--24 wrapper__width-mobile--24\">\n\t\t<p\n\t\tclass=\"paragraph paragraph__align--left paragraph__color--black paragraph__size--default   block-paragraph__paragraph\"\n\t\t\t>\n\t\tAls we willen dat meer vrouwen hun stem laten horen in de politiek, moeten we daar ruimte voor maken. Dat vraagt niet alleen om structurele veranderingen \u2013 zo is er nog steeds geen zwangerschapsverlof voor volksvertegenwoordigers \u2013 maar ook om een cultuurverandering. Vrouwen in de politiek krijgen nog altijd vaker te maken met (online) haat en agressie dan hun mannelijke collega\u2019s. De genoemde voorbeelden illustreren de drempels vrouwen in de politiek nog altijd ervaren. Volksvertegenwoordiger zijn vraagt sowieso al om offers \u2013 zo is de vergoeding is vaak niet voldoende om gemiste werkuren te compenseren, en maken de vergadertijden het lastig dit werk te combineren met een gezinsleven \u2013 daarbovenop moet je als vrouw dus tegen de culturele uitdagingen kunnen.\t<\/p>\t  <\/div>\n\t<\/div>\n  <\/div>\n\n\t<\/div>\n\n\t<div class=\"block-post-content__sidebar\">\n\t\t\n\t\t\n\t\t\t<\/div>\n<\/section>\n\t  <\/div>\n\t<\/div>\n  <\/div>\n\n\n<div\n  id=\"\"\n  class=\"wrapper  wrapper__spacing-bottom-large--50 wrapper__spacing-bottom-desktop--70 wrapper__spacing-bottom-mobile--50  wrapper__gutter--none\"\n  >\n  \t<div class=\"wrapper__container wrapper__container-width-large--default\">\n\t  <div class=\"wrapper__inner wrapper__width-large--18 wrapper__width-desktop--22 wrapper__width-mobile--24 wrapper__offset-large--6 wrapper__offset-desktop--2 wrapper__offset-mobile--0\">\n\t\t<section class=\"block-post-content\">\n\t<div class=\"block-post-content__title\">\n\t\t<h3 class=\"heading  heading__color--black heading__size--medium heading__font--sans heading__weight--bold  block-post-content__heading\" id=\"nav-gevolgen2457\" data-nav-heading-mobile=\"Gevolgen\">\n\tGevolgen<\/h3>\t<\/div>\n\t<div class=\"block-post-content__content\">\n\t\t\n<div\n  id=\"\"\n  class=\"wrapper  wrapper__spacing-bottom-large--30 wrapper__spacing-bottom-desktop--20  wrapper__gutter--none\"\n  >\n  \t<div class=\"wrapper__container wrapper__container-width-large--default\">\n\t  <div class=\"wrapper__inner wrapper__width-large--24 wrapper__width-mobile--24\">\n\t\t<p\n\t\tclass=\"paragraph paragraph__align--left paragraph__color--black paragraph__size--default   block-paragraph__paragraph\"\n\t\t\t>\n\t\tDit is geen abstract probleem; het heeft directe gevolgen. In Nederland is nog nooit 50% vrouwelijke vertegenwoordiging gehaald. In de Tweede Kamer was het hoogste percentage ooit 39%, en op gemeentelijk niveau blijft het steken op 33%. De laatste jaren lijkt de stijgende lijn zelfs te zijn omgeslagen in stagnatie of achteruitgang, wat zorgwekkend is met de gemeenteraadsverkiezingen van volgend jaar in het vooruitzicht.\t<\/p>\t  <\/div>\n\t<\/div>\n  <\/div>\n\n\t<\/div>\n\n\t<div class=\"block-post-content__sidebar\">\n\t\t\n\t\t\n\t\t\t<\/div>\n<\/section>\n\t  <\/div>\n\t<\/div>\n  <\/div>\n\n\n<div\n  id=\"\"\n  class=\"wrapper  wrapper__spacing-bottom-large--50 wrapper__spacing-bottom-desktop--70 wrapper__spacing-bottom-mobile--50  wrapper__gutter--none\"\n  >\n  \t<div class=\"wrapper__container wrapper__container-width-large--default\">\n\t  <div class=\"wrapper__inner wrapper__width-large--18 wrapper__width-desktop--22 wrapper__width-mobile--24 wrapper__offset-large--6 wrapper__offset-desktop--2 wrapper__offset-mobile--0\">\n\t\t<section class=\"block-post-content\">\n\t<div class=\"block-post-content__title\">\n\t\t<h3 class=\"heading  heading__color--black heading__size--medium heading__font--sans heading__weight--bold  block-post-content__heading\" id=\"nav-vraag-aan-mannen6639\" data-nav-heading-mobile=\"Vraag aan mannen\">\n\tVraag aan mannen<\/h3>\t<\/div>\n\t<div class=\"block-post-content__content\">\n\t\t\n<div\n  id=\"\"\n  class=\"wrapper  wrapper__spacing-bottom-large--30 wrapper__spacing-bottom-desktop--20  wrapper__gutter--none\"\n  >\n  \t<div class=\"wrapper__container wrapper__container-width-large--default\">\n\t  <div class=\"wrapper__inner wrapper__width-large--24 wrapper__width-mobile--24\">\n\t\t<p\n\t\tclass=\"paragraph paragraph__align--left paragraph__color--black paragraph__size--default   block-paragraph__paragraph\"\n\t\t\t>\n\t\tNatuurlijk vraagt verandering iets van vrouwen zelf: ze moeten zich kandidaat stellen, zich laten horen en hun plek opeisen. Maar laten we alsjeblieft niet vergeten dat het ook iets van mannen vraagt. Niet alleen van de mannen die gelijkwaardigheid belangrijk vinden. Maar ook van het grijze midden, de mannen die zich misschien niet geneigd voelen zich uit te spreken. Maar het wel zien gebeuren.\t<\/p>\t  <\/div>\n\t<\/div>\n  <\/div>\n\n\t<\/div>\n\n\t<div class=\"block-post-content__sidebar\">\n\t\t\n\t\t\n\t\t\t<\/div>\n<\/section>\n\t  <\/div>\n\t<\/div>\n  <\/div>\n\n\n<div\n  id=\"\"\n  class=\"wrapper  wrapper__spacing-bottom-large--50 wrapper__spacing-bottom-desktop--70 wrapper__spacing-bottom-mobile--50  wrapper__gutter--none\"\n  >\n  \t<div class=\"wrapper__container wrapper__container-width-large--default\">\n\t  <div class=\"wrapper__inner wrapper__width-large--18 wrapper__width-desktop--22 wrapper__width-mobile--24 wrapper__offset-large--6 wrapper__offset-desktop--2 wrapper__offset-mobile--0\">\n\t\t<section class=\"block-post-content\">\n\t<div class=\"block-post-content__title\">\n\t\t<h3 class=\"heading  heading__color--black heading__size--medium heading__font--sans heading__weight--bold  block-post-content__heading\" id=\"nav-spreek-je-uit7387\" data-nav-heading-mobile=\"Spreek je uit\">\n\tSpreek je uit<\/h3>\t<\/div>\n\t<div class=\"block-post-content__content\">\n\t\t\n<div\n  id=\"\"\n  class=\"wrapper  wrapper__spacing-bottom-large--30 wrapper__spacing-bottom-desktop--20  wrapper__gutter--none\"\n  >\n  \t<div class=\"wrapper__container wrapper__container-width-large--default\">\n\t  <div class=\"wrapper__inner wrapper__width-large--24 wrapper__width-mobile--24\">\n\t\t<p\n\t\tclass=\"paragraph paragraph__align--left paragraph__color--black paragraph__size--default   block-paragraph__paragraph\"\n\t\t\t>\n\t\tOp deze Internationale Vrouwendag is de boodschap aan alle mannen dan ook duidelijk: spreek je uit als je ziet dat een vrouwelijke collega wordt onderbroken of genegeerd. Geef niet alleen het goede voorbeeld, maar spreek elkaar ook aan of maak een keertje ruimte.\t<\/p>\t  <\/div>\n\t<\/div>\n  <\/div>\n\n\t<\/div>\n\n\t<div class=\"block-post-content__sidebar\">\n\t\t\n\t\t\n\t\t\t<\/div>\n<\/section>\n\t  <\/div>\n\t<\/div>\n  <\/div>\n\n\n<div\n  id=\"\"\n  class=\"wrapper  wrapper__spacing-bottom-large--50 wrapper__spacing-bottom-desktop--70 wrapper__spacing-bottom-mobile--50  wrapper__gutter--none\"\n  >\n  \t<div class=\"wrapper__container wrapper__container-width-large--default\">\n\t  <div class=\"wrapper__inner wrapper__width-large--18 wrapper__width-desktop--22 wrapper__width-mobile--24 wrapper__offset-large--6 wrapper__offset-desktop--2 wrapper__offset-mobile--0\">\n\t\t<section class=\"block-post-content\">\n\t<div class=\"block-post-content__title\">\n\t\t<h3 class=\"heading  heading__color--black heading__size--medium heading__font--sans heading__weight--bold  block-post-content__heading\" id=\"nav-gemeenteraadsverkiezingen6414\" data-nav-heading-mobile=\"Gemeenteraadsverkiezingen\">\n\tGemeenteraadsverkiezingen<\/h3>\t<\/div>\n\t<div class=\"block-post-content__content\">\n\t\t\n<div\n  id=\"\"\n  class=\"wrapper  wrapper__spacing-bottom-large--30 wrapper__spacing-bottom-desktop--20  wrapper__gutter--none\"\n  >\n  \t<div class=\"wrapper__container wrapper__container-width-large--default\">\n\t  <div class=\"wrapper__inner wrapper__width-large--24 wrapper__width-mobile--24\">\n\t\t<p\n\t\tclass=\"paragraph paragraph__align--left paragraph__color--black paragraph__size--default   block-paragraph__paragraph\"\n\t\t\t>\n\t\tMet de gemeenteraadsverkiezingen in aantocht is dit h\u00e9t moment om vrouwen aan te moedigen zich kandidaat te stellen. Als we allemaal ons best doen\u2014mannen \u00e9n vrouwen\u2014halen we misschien eindelijk die 50%.\t<\/p>\t  <\/div>\n\t<\/div>\n  <\/div>\n\n\t<\/div>\n\n\t<div class=\"block-post-content__sidebar\">\n\t\t\n\t\t\n\t\t\t<\/div>\n<\/section>\n\t  <\/div>\n\t<\/div>\n  <\/div>\n\n\n<div\n  id=\"\"\n  class=\"wrapper  wrapper__spacing-bottom-large--50 wrapper__spacing-bottom-desktop--70 wrapper__spacing-bottom-mobile--50  wrapper__gutter--none\"\n  >\n  \t<div class=\"wrapper__container wrapper__container-width-large--default\">\n\t  <div class=\"wrapper__inner wrapper__width-large--18 wrapper__width-desktop--22 wrapper__width-mobile--24 wrapper__offset-large--6 wrapper__offset-desktop--2 wrapper__offset-mobile--0\">\n\t\t<section class=\"block-post-content\">\n\t<div class=\"block-post-content__title\">\n\t\t<h3 class=\"heading  heading__color--black heading__size--medium heading__font--sans heading__weight--bold  block-post-content__heading\" id=\"nav-948\" data-nav-heading-mobile=\"\">\n\t<\/h3>\t<\/div>\n\t<div class=\"block-post-content__content\">\n\t\t\n<div\n  id=\"\"\n  class=\"wrapper  wrapper__spacing-bottom-large--30 wrapper__spacing-bottom-desktop--20  wrapper__gutter--none\"\n  >\n  \t<div class=\"wrapper__container wrapper__container-width-large--default\">\n\t  <div class=\"wrapper__inner wrapper__width-large--24 wrapper__width-mobile--24\">\n\t\t<p\n\t\tclass=\"paragraph paragraph__align--left paragraph__color--black paragraph__size--default   block-paragraph__paragraph\"\n\t\t\t>\n\t\t\t<\/p>\t  <\/div>\n\t<\/div>\n  <\/div>\n\n\n<div\n  id=\"\"\n  class=\"wrapper  wrapper__spacing-bottom-large--20  wrapper__gutter--none\"\n  >\n  \t<div class=\"wrapper__container wrapper__container-width-large--default\">\n\t  <div class=\"wrapper__inner wrapper__width-large--24 wrapper__width-mobile--24\">\n\t\t\t<div class=\"block-lists  block-lists__color--black\">\n\t\t<p class=\"paragraph  paragraph__color--black paragraph__size--default\">\n\t\t\t<\/p><ul class=\"block-lists lists__lists lists__weight--medium lists__color--black lists__type--default\">\n\t<\/ul>\t<\/div>\n\t\t  <\/div>\n\t<\/div>\n  <\/div>\n\n\t<\/div>\n\n\t<div class=\"block-post-content__sidebar\">\n\t\t\n\t\t\n\t\t\t<\/div>\n<\/section>\n\t  <\/div>\n\t<\/div>\n  <\/div>\n","protected":false},"excerpt":{"rendered":"","protected":false},"author":1697,"featured_media":2010,"comment_status":"open","ping_status":"open","sticky":false,"template":"","format":"standard","meta":{"_acf_changed":false,"footnotes":""},"categories":[1],"search-tags":[35],"labels":[],"class_list":["post-2009","post","type-post","status-publish","format-standard","has-post-thumbnail","hentry","category-d66","search-tags-columns"],"acf":[],"yoast_head":"<!-- This site is optimized with the Yoast SEO plugin v27.3 - https:\/\/yoast.com\/product\/yoast-seo-wordpress\/ -->\n<title>D66 Provincie Utrecht &#8212; Column: Meer vrouwen in de politiek vraagt ook iets van mannen<\/title>\n<meta name=\"description\" content=\"Jong, vrouw en politiek actief. Het blijft een uitdaging. In het rijtje portretten van CdK&#039;s heeft nog nooit een vrouw gestaan.\" \/>\n<meta name=\"robots\" content=\"index, follow, max-snippet:-1, max-image-preview:large, max-video-preview:-1\" \/>\n<link rel=\"canonical\" href=\"https:\/\/d66.nl\/provincieutrecht\/nieuws\/column-meer-vrouwen-in-de-politiek-vraagt-ook-iets-van-mannen\" \/>\n<meta property=\"og:locale\" content=\"nl_NL\" \/>\n<meta property=\"og:type\" content=\"article\" \/>\n<meta property=\"og:title\" content=\"D66 Provincie Utrecht &#8212; Column: Meer vrouwen in de politiek vraagt ook iets van mannen\" \/>\n<meta property=\"og:description\" content=\"Jong, vrouw en politiek actief. Het blijft een uitdaging. In het rijtje portretten van CdK&#039;s heeft nog nooit een vrouw gestaan.\" \/>\n<meta property=\"og:url\" content=\"https:\/\/d66.nl\/provincieutrecht\/nieuws\/column-meer-vrouwen-in-de-politiek-vraagt-ook-iets-van-mannen\/\" \/>\n<meta property=\"og:site_name\" content=\"D66 Provincie Utrecht\" \/>\n<meta property=\"article:published_time\" content=\"2025-03-08T13:30:53+00:00\" \/>\n<meta property=\"article:modified_time\" content=\"2025-03-08T13:30:54+00:00\" \/>\n<meta property=\"og:image\" content=\"https:\/\/d66.nl\/provincieutrecht\/wp-content\/uploads\/sites\/351\/2025\/03\/WhatsApp-Image-2025-03-08-at-13.46.00.jpeg\" \/>\n\t<meta property=\"og:image:width\" content=\"2048\" \/>\n\t<meta property=\"og:image:height\" content=\"1365\" \/>\n\t<meta property=\"og:image:type\" content=\"image\/jpeg\" \/>\n<meta name=\"author\" content=\"basvandriel01\" \/>\n<meta name=\"twitter:card\" content=\"summary_large_image\" \/>\n<meta name=\"twitter:label1\" content=\"Geschreven door\" \/>\n\t<meta name=\"twitter:data1\" content=\"basvandriel01\" \/>\n\t<meta name=\"twitter:label2\" content=\"Geschatte leestijd\" \/>\n\t<meta name=\"twitter:data2\" content=\"1 minuut\" \/>\n<script type=\"application\/ld+json\" class=\"yoast-schema-graph\">{\"@context\":\"https:\\\/\\\/schema.org\",\"@graph\":[{\"@type\":\"Article\",\"@id\":\"https:\\\/\\\/d66.nl\\\/provincieutrecht\\\/nieuws\\\/column-meer-vrouwen-in-de-politiek-vraagt-ook-iets-van-mannen\\\/#article\",\"isPartOf\":{\"@id\":\"https:\\\/\\\/d66.nl\\\/provincieutrecht\\\/nieuws\\\/column-meer-vrouwen-in-de-politiek-vraagt-ook-iets-van-mannen\\\/\"},\"author\":{\"name\":\"basvandriel01\",\"@id\":\"https:\\\/\\\/d66.nl\\\/provincieutrecht\\\/#\\\/schema\\\/person\\\/fdc8249bfd5314b062c086178d9814e7\"},\"headline\":\"Column: Meer vrouwen in de politiek vraagt ook iets van mannen\",\"datePublished\":\"2025-03-08T13:30:53+00:00\",\"dateModified\":\"2025-03-08T13:30:54+00:00\",\"mainEntityOfPage\":{\"@id\":\"https:\\\/\\\/d66.nl\\\/provincieutrecht\\\/nieuws\\\/column-meer-vrouwen-in-de-politiek-vraagt-ook-iets-van-mannen\\\/\"},\"wordCount\":11,\"commentCount\":0,\"publisher\":{\"@id\":\"https:\\\/\\\/d66.nl\\\/provincieutrecht\\\/#organization\"},\"image\":{\"@id\":\"https:\\\/\\\/d66.nl\\\/provincieutrecht\\\/nieuws\\\/column-meer-vrouwen-in-de-politiek-vraagt-ook-iets-van-mannen\\\/#primaryimage\"},\"thumbnailUrl\":\"https:\\\/\\\/d66.nl\\\/provincieutrecht\\\/wp-content\\\/uploads\\\/sites\\\/351\\\/2025\\\/03\\\/WhatsApp-Image-2025-03-08-at-13.46.00.jpeg\",\"articleSection\":[\"D66\"],\"inLanguage\":\"nl-NL\",\"potentialAction\":[{\"@type\":\"CommentAction\",\"name\":\"Comment\",\"target\":[\"https:\\\/\\\/d66.nl\\\/provincieutrecht\\\/nieuws\\\/column-meer-vrouwen-in-de-politiek-vraagt-ook-iets-van-mannen\\\/#respond\"]}]},{\"@type\":\"WebPage\",\"@id\":\"https:\\\/\\\/d66.nl\\\/provincieutrecht\\\/nieuws\\\/column-meer-vrouwen-in-de-politiek-vraagt-ook-iets-van-mannen\\\/\",\"url\":\"https:\\\/\\\/d66.nl\\\/provincieutrecht\\\/nieuws\\\/column-meer-vrouwen-in-de-politiek-vraagt-ook-iets-van-mannen\\\/\",\"name\":\"D66 Provincie Utrecht &#8212; Column: Meer vrouwen in de politiek vraagt ook iets van mannen\",\"isPartOf\":{\"@id\":\"https:\\\/\\\/d66.nl\\\/provincieutrecht\\\/#website\"},\"primaryImageOfPage\":{\"@id\":\"https:\\\/\\\/d66.nl\\\/provincieutrecht\\\/nieuws\\\/column-meer-vrouwen-in-de-politiek-vraagt-ook-iets-van-mannen\\\/#primaryimage\"},\"image\":{\"@id\":\"https:\\\/\\\/d66.nl\\\/provincieutrecht\\\/nieuws\\\/column-meer-vrouwen-in-de-politiek-vraagt-ook-iets-van-mannen\\\/#primaryimage\"},\"thumbnailUrl\":\"https:\\\/\\\/d66.nl\\\/provincieutrecht\\\/wp-content\\\/uploads\\\/sites\\\/351\\\/2025\\\/03\\\/WhatsApp-Image-2025-03-08-at-13.46.00.jpeg\",\"datePublished\":\"2025-03-08T13:30:53+00:00\",\"dateModified\":\"2025-03-08T13:30:54+00:00\",\"description\":\"Jong, vrouw en politiek actief. Het blijft een uitdaging. In het rijtje portretten van CdK's heeft nog nooit een vrouw gestaan.\",\"breadcrumb\":{\"@id\":\"https:\\\/\\\/d66.nl\\\/provincieutrecht\\\/nieuws\\\/column-meer-vrouwen-in-de-politiek-vraagt-ook-iets-van-mannen\\\/#breadcrumb\"},\"inLanguage\":\"nl-NL\",\"potentialAction\":[{\"@type\":\"ReadAction\",\"target\":[\"https:\\\/\\\/d66.nl\\\/provincieutrecht\\\/nieuws\\\/column-meer-vrouwen-in-de-politiek-vraagt-ook-iets-van-mannen\\\/\"]}]},{\"@type\":\"ImageObject\",\"inLanguage\":\"nl-NL\",\"@id\":\"https:\\\/\\\/d66.nl\\\/provincieutrecht\\\/nieuws\\\/column-meer-vrouwen-in-de-politiek-vraagt-ook-iets-van-mannen\\\/#primaryimage\",\"url\":\"https:\\\/\\\/d66.nl\\\/provincieutrecht\\\/wp-content\\\/uploads\\\/sites\\\/351\\\/2025\\\/03\\\/WhatsApp-Image-2025-03-08-at-13.46.00.jpeg\",\"contentUrl\":\"https:\\\/\\\/d66.nl\\\/provincieutrecht\\\/wp-content\\\/uploads\\\/sites\\\/351\\\/2025\\\/03\\\/WhatsApp-Image-2025-03-08-at-13.46.00.jpeg\",\"width\":2048,\"height\":1365,\"caption\":\"De eerste vrouwelijke Commissaris van de Koning tussen de andere portretten van haar voorgangers?\"},{\"@type\":\"BreadcrumbList\",\"@id\":\"https:\\\/\\\/d66.nl\\\/provincieutrecht\\\/nieuws\\\/column-meer-vrouwen-in-de-politiek-vraagt-ook-iets-van-mannen\\\/#breadcrumb\",\"itemListElement\":[{\"@type\":\"ListItem\",\"position\":1,\"name\":\"Home\",\"item\":\"https:\\\/\\\/d66.nl\\\/provincieutrecht\\\/\"},{\"@type\":\"ListItem\",\"position\":2,\"name\":\"Nieuws\",\"item\":\"https:\\\/\\\/d66.nl\\\/provincieutrecht\\\/nieuws\\\/\"},{\"@type\":\"ListItem\",\"position\":3,\"name\":\"Column: Meer vrouwen in de politiek vraagt ook iets van mannen\"}]},{\"@type\":\"WebSite\",\"@id\":\"https:\\\/\\\/d66.nl\\\/provincieutrecht\\\/#website\",\"url\":\"https:\\\/\\\/d66.nl\\\/provincieutrecht\\\/\",\"name\":\"D66 Provincie Utrecht\",\"description\":\"Just another D66 Sites site\",\"publisher\":{\"@id\":\"https:\\\/\\\/d66.nl\\\/provincieutrecht\\\/#organization\"},\"potentialAction\":[{\"@type\":\"SearchAction\",\"target\":{\"@type\":\"EntryPoint\",\"urlTemplate\":\"https:\\\/\\\/d66.nl\\\/provincieutrecht\\\/?s={search_term_string}\"},\"query-input\":{\"@type\":\"PropertyValueSpecification\",\"valueRequired\":true,\"valueName\":\"search_term_string\"}}],\"inLanguage\":\"nl-NL\"},{\"@type\":\"Organization\",\"@id\":\"https:\\\/\\\/d66.nl\\\/provincieutrecht\\\/#organization\",\"name\":\"D66\",\"url\":\"https:\\\/\\\/d66.nl\\\/provincieutrecht\\\/\",\"logo\":{\"@type\":\"ImageObject\",\"inLanguage\":\"nl-NL\",\"@id\":\"https:\\\/\\\/d66.nl\\\/provincieutrecht\\\/#\\\/schema\\\/logo\\\/image\\\/\",\"url\":\"https:\\\/\\\/d66.nl\\\/provincieutrecht\\\/wp-content\\\/uploads\\\/sites\\\/2\\\/2021\\\/10\\\/d66-themas-algemeen-og.png\",\"contentUrl\":\"https:\\\/\\\/d66.nl\\\/provincieutrecht\\\/wp-content\\\/uploads\\\/sites\\\/2\\\/2021\\\/10\\\/d66-themas-algemeen-og.png\",\"width\":1200,\"height\":628,\"caption\":\"D66\"},\"image\":{\"@id\":\"https:\\\/\\\/d66.nl\\\/provincieutrecht\\\/#\\\/schema\\\/logo\\\/image\\\/\"}},{\"@type\":\"Person\",\"@id\":\"https:\\\/\\\/d66.nl\\\/provincieutrecht\\\/#\\\/schema\\\/person\\\/fdc8249bfd5314b062c086178d9814e7\",\"name\":\"basvandriel01\",\"image\":{\"@type\":\"ImageObject\",\"inLanguage\":\"nl-NL\",\"@id\":\"https:\\\/\\\/secure.gravatar.com\\\/avatar\\\/4307fb1d0c3f040dbb1d2982e503539635685bd0b31bcfb7fa31eda50e7bcd64?s=96&d=mm&r=g\",\"url\":\"https:\\\/\\\/secure.gravatar.com\\\/avatar\\\/4307fb1d0c3f040dbb1d2982e503539635685bd0b31bcfb7fa31eda50e7bcd64?s=96&d=mm&r=g\",\"contentUrl\":\"https:\\\/\\\/secure.gravatar.com\\\/avatar\\\/4307fb1d0c3f040dbb1d2982e503539635685bd0b31bcfb7fa31eda50e7bcd64?s=96&d=mm&r=g\",\"caption\":\"basvandriel01\"}}]}<\/script>\n<!-- \/ Yoast SEO plugin. -->","yoast_head_json":{"title":"D66 Provincie Utrecht &#8212; Column: Meer vrouwen in de politiek vraagt ook iets van mannen","description":"Jong, vrouw en politiek actief. Het blijft een uitdaging. In het rijtje portretten van CdK's heeft nog nooit een vrouw gestaan.","robots":{"index":"index","follow":"follow","max-snippet":"max-snippet:-1","max-image-preview":"max-image-preview:large","max-video-preview":"max-video-preview:-1"},"canonical":"https:\/\/d66.nl\/provincieutrecht\/nieuws\/column-meer-vrouwen-in-de-politiek-vraagt-ook-iets-van-mannen","og_locale":"nl_NL","og_type":"article","og_title":"D66 Provincie Utrecht &#8212; Column: Meer vrouwen in de politiek vraagt ook iets van mannen","og_description":"Jong, vrouw en politiek actief. Het blijft een uitdaging. In het rijtje portretten van CdK's heeft nog nooit een vrouw gestaan.","og_url":"https:\/\/d66.nl\/provincieutrecht\/nieuws\/column-meer-vrouwen-in-de-politiek-vraagt-ook-iets-van-mannen\/","og_site_name":"D66 Provincie Utrecht","article_published_time":"2025-03-08T13:30:53+00:00","article_modified_time":"2025-03-08T13:30:54+00:00","og_image":[{"width":2048,"height":1365,"url":"https:\/\/d66.nl\/provincieutrecht\/wp-content\/uploads\/sites\/351\/2025\/03\/WhatsApp-Image-2025-03-08-at-13.46.00.jpeg","type":"image\/jpeg"}],"author":"basvandriel01","twitter_card":"summary_large_image","twitter_misc":{"Geschreven door":"basvandriel01","Geschatte leestijd":"1 minuut"},"schema":{"@context":"https:\/\/schema.org","@graph":[{"@type":"Article","@id":"https:\/\/d66.nl\/provincieutrecht\/nieuws\/column-meer-vrouwen-in-de-politiek-vraagt-ook-iets-van-mannen\/#article","isPartOf":{"@id":"https:\/\/d66.nl\/provincieutrecht\/nieuws\/column-meer-vrouwen-in-de-politiek-vraagt-ook-iets-van-mannen\/"},"author":{"name":"basvandriel01","@id":"https:\/\/d66.nl\/provincieutrecht\/#\/schema\/person\/fdc8249bfd5314b062c086178d9814e7"},"headline":"Column: Meer vrouwen in de politiek vraagt ook iets van mannen","datePublished":"2025-03-08T13:30:53+00:00","dateModified":"2025-03-08T13:30:54+00:00","mainEntityOfPage":{"@id":"https:\/\/d66.nl\/provincieutrecht\/nieuws\/column-meer-vrouwen-in-de-politiek-vraagt-ook-iets-van-mannen\/"},"wordCount":11,"commentCount":0,"publisher":{"@id":"https:\/\/d66.nl\/provincieutrecht\/#organization"},"image":{"@id":"https:\/\/d66.nl\/provincieutrecht\/nieuws\/column-meer-vrouwen-in-de-politiek-vraagt-ook-iets-van-mannen\/#primaryimage"},"thumbnailUrl":"https:\/\/d66.nl\/provincieutrecht\/wp-content\/uploads\/sites\/351\/2025\/03\/WhatsApp-Image-2025-03-08-at-13.46.00.jpeg","articleSection":["D66"],"inLanguage":"nl-NL","potentialAction":[{"@type":"CommentAction","name":"Comment","target":["https:\/\/d66.nl\/provincieutrecht\/nieuws\/column-meer-vrouwen-in-de-politiek-vraagt-ook-iets-van-mannen\/#respond"]}]},{"@type":"WebPage","@id":"https:\/\/d66.nl\/provincieutrecht\/nieuws\/column-meer-vrouwen-in-de-politiek-vraagt-ook-iets-van-mannen\/","url":"https:\/\/d66.nl\/provincieutrecht\/nieuws\/column-meer-vrouwen-in-de-politiek-vraagt-ook-iets-van-mannen\/","name":"D66 Provincie Utrecht &#8212; Column: Meer vrouwen in de politiek vraagt ook iets van mannen","isPartOf":{"@id":"https:\/\/d66.nl\/provincieutrecht\/#website"},"primaryImageOfPage":{"@id":"https:\/\/d66.nl\/provincieutrecht\/nieuws\/column-meer-vrouwen-in-de-politiek-vraagt-ook-iets-van-mannen\/#primaryimage"},"image":{"@id":"https:\/\/d66.nl\/provincieutrecht\/nieuws\/column-meer-vrouwen-in-de-politiek-vraagt-ook-iets-van-mannen\/#primaryimage"},"thumbnailUrl":"https:\/\/d66.nl\/provincieutrecht\/wp-content\/uploads\/sites\/351\/2025\/03\/WhatsApp-Image-2025-03-08-at-13.46.00.jpeg","datePublished":"2025-03-08T13:30:53+00:00","dateModified":"2025-03-08T13:30:54+00:00","description":"Jong, vrouw en politiek actief. Het blijft een uitdaging. In het rijtje portretten van CdK's heeft nog nooit een vrouw gestaan.","breadcrumb":{"@id":"https:\/\/d66.nl\/provincieutrecht\/nieuws\/column-meer-vrouwen-in-de-politiek-vraagt-ook-iets-van-mannen\/#breadcrumb"},"inLanguage":"nl-NL","potentialAction":[{"@type":"ReadAction","target":["https:\/\/d66.nl\/provincieutrecht\/nieuws\/column-meer-vrouwen-in-de-politiek-vraagt-ook-iets-van-mannen\/"]}]},{"@type":"ImageObject","inLanguage":"nl-NL","@id":"https:\/\/d66.nl\/provincieutrecht\/nieuws\/column-meer-vrouwen-in-de-politiek-vraagt-ook-iets-van-mannen\/#primaryimage","url":"https:\/\/d66.nl\/provincieutrecht\/wp-content\/uploads\/sites\/351\/2025\/03\/WhatsApp-Image-2025-03-08-at-13.46.00.jpeg","contentUrl":"https:\/\/d66.nl\/provincieutrecht\/wp-content\/uploads\/sites\/351\/2025\/03\/WhatsApp-Image-2025-03-08-at-13.46.00.jpeg","width":2048,"height":1365,"caption":"De eerste vrouwelijke Commissaris van de Koning tussen de andere portretten van haar voorgangers?"},{"@type":"BreadcrumbList","@id":"https:\/\/d66.nl\/provincieutrecht\/nieuws\/column-meer-vrouwen-in-de-politiek-vraagt-ook-iets-van-mannen\/#breadcrumb","itemListElement":[{"@type":"ListItem","position":1,"name":"Home","item":"https:\/\/d66.nl\/provincieutrecht\/"},{"@type":"ListItem","position":2,"name":"Nieuws","item":"https:\/\/d66.nl\/provincieutrecht\/nieuws\/"},{"@type":"ListItem","position":3,"name":"Column: Meer vrouwen in de politiek vraagt ook iets van mannen"}]},{"@type":"WebSite","@id":"https:\/\/d66.nl\/provincieutrecht\/#website","url":"https:\/\/d66.nl\/provincieutrecht\/","name":"D66 Provincie Utrecht","description":"Just another D66 Sites site","publisher":{"@id":"https:\/\/d66.nl\/provincieutrecht\/#organization"},"potentialAction":[{"@type":"SearchAction","target":{"@type":"EntryPoint","urlTemplate":"https:\/\/d66.nl\/provincieutrecht\/?s={search_term_string}"},"query-input":{"@type":"PropertyValueSpecification","valueRequired":true,"valueName":"search_term_string"}}],"inLanguage":"nl-NL"},{"@type":"Organization","@id":"https:\/\/d66.nl\/provincieutrecht\/#organization","name":"D66","url":"https:\/\/d66.nl\/provincieutrecht\/","logo":{"@type":"ImageObject","inLanguage":"nl-NL","@id":"https:\/\/d66.nl\/provincieutrecht\/#\/schema\/logo\/image\/","url":"https:\/\/d66.nl\/provincieutrecht\/wp-content\/uploads\/sites\/2\/2021\/10\/d66-themas-algemeen-og.png","contentUrl":"https:\/\/d66.nl\/provincieutrecht\/wp-content\/uploads\/sites\/2\/2021\/10\/d66-themas-algemeen-og.png","width":1200,"height":628,"caption":"D66"},"image":{"@id":"https:\/\/d66.nl\/provincieutrecht\/#\/schema\/logo\/image\/"}},{"@type":"Person","@id":"https:\/\/d66.nl\/provincieutrecht\/#\/schema\/person\/fdc8249bfd5314b062c086178d9814e7","name":"basvandriel01","image":{"@type":"ImageObject","inLanguage":"nl-NL","@id":"https:\/\/secure.gravatar.com\/avatar\/4307fb1d0c3f040dbb1d2982e503539635685bd0b31bcfb7fa31eda50e7bcd64?s=96&d=mm&r=g","url":"https:\/\/secure.gravatar.com\/avatar\/4307fb1d0c3f040dbb1d2982e503539635685bd0b31bcfb7fa31eda50e7bcd64?s=96&d=mm&r=g","contentUrl":"https:\/\/secure.gravatar.com\/avatar\/4307fb1d0c3f040dbb1d2982e503539635685bd0b31bcfb7fa31eda50e7bcd64?s=96&d=mm&r=g","caption":"basvandriel01"}}]}},"_links":{"self":[{"href":"https:\/\/d66.nl\/provincieutrecht\/wp-json\/wp\/v2\/posts\/2009","targetHints":{"allow":["GET"]}}],"collection":[{"href":"https:\/\/d66.nl\/provincieutrecht\/wp-json\/wp\/v2\/posts"}],"about":[{"href":"https:\/\/d66.nl\/provincieutrecht\/wp-json\/wp\/v2\/types\/post"}],"author":[{"embeddable":true,"href":"https:\/\/d66.nl\/provincieutrecht\/wp-json\/wp\/v2\/users\/1697"}],"replies":[{"embeddable":true,"href":"https:\/\/d66.nl\/provincieutrecht\/wp-json\/wp\/v2\/comments?post=2009"}],"version-history":[{"count":1,"href":"https:\/\/d66.nl\/provincieutrecht\/wp-json\/wp\/v2\/posts\/2009\/revisions"}],"predecessor-version":[{"id":2011,"href":"https:\/\/d66.nl\/provincieutrecht\/wp-json\/wp\/v2\/posts\/2009\/revisions\/2011"}],"wp:featuredmedia":[{"embeddable":true,"href":"https:\/\/d66.nl\/provincieutrecht\/wp-json\/wp\/v2\/media\/2010"}],"wp:attachment":[{"href":"https:\/\/d66.nl\/provincieutrecht\/wp-json\/wp\/v2\/media?parent=2009"}],"wp:term":[{"taxonomy":"category","embeddable":true,"href":"https:\/\/d66.nl\/provincieutrecht\/wp-json\/wp\/v2\/categories?post=2009"},{"taxonomy":"search-tags","embeddable":true,"href":"https:\/\/d66.nl\/provincieutrecht\/wp-json\/wp\/v2\/search-tags?post=2009"},{"taxonomy":"labels","embeddable":true,"href":"https:\/\/d66.nl\/provincieutrecht\/wp-json\/wp\/v2\/labels?post=2009"}],"curies":[{"name":"wp","href":"https:\/\/api.w.org\/{rel}","templated":true}]}}