{"id":2114,"date":"2019-07-10T11:54:00","date_gmt":"2019-07-10T11:54:00","guid":{"rendered":"https:\/\/d66.nl\/provinciegroningen\/nieuws\/"},"modified":"2022-08-04T12:01:56","modified_gmt":"2022-08-04T12:01:56","slug":"motie-66-van-d66-nagenoeg-unaniem-aangenomen","status":"publish","type":"post","link":"https:\/\/d66.nl\/provinciegroningen\/nieuws\/motie-66-van-d66-nagenoeg-unaniem-aangenomen","title":{"rendered":"Motie 66 van D66 nagenoeg unaniem aangenomen!"},"content":{"rendered":"<div\n  id=\"\"\n  class=\"wrapper  wrapper__spacing-bottom-large--50 wrapper__spacing-bottom-desktop--66 wrapper__spacing-bottom-mobile--76  wrapper__gutter--none\"\n  >\n  \t<div class=\"wrapper__container wrapper__container-width-large--default\">\n\t  <div class=\"wrapper__inner wrapper__width-large--14 wrapper__width-desktop--20 wrapper__width-mobile--24 wrapper__offset-large--6 wrapper__offset-desktop--4 wrapper__offset-mobile--0\">\n\t\t<h1 class=\"heading   heading__size--huge heading__font--serif heading__weight--regular  block-heading__heading\" id=\"nav-motie-66-van-d66-nagenoeg-unaniem-aangenomen-5057\"  data-nav-heading-mobile=\"Motie 66 van D66 nagenoeg unaniem aangenomen!\" >\n\tMotie 66 van D66 nagenoeg unaniem aangenomen!<\/h1>\t  <\/div>\n\t<\/div>\n  <\/div>\n\n\n<div\n  id=\"\"\n  class=\"wrapper  wrapper__spacing-bottom-large--50 wrapper__spacing-bottom-mobile--40  wrapper__gutter--none\"\n  >\n  \t<div class=\"wrapper__container wrapper__container-width-large--default\">\n\t  <div class=\"wrapper__inner wrapper__width-large--13 wrapper__width-desktop--22 wrapper__width-mobile--24 wrapper__offset-large--6 wrapper__offset-desktop--2 wrapper__offset-mobile--0\">\n\t\t<p\n\t\tclass=\"paragraph   paragraph__size--big   block-paragraph__paragraph\"\n\t\t\t>\n\t\tDit is de woordvoering zoals Statenlid Peter Gerrits deze uitsprak tijdens de Provinciale Statenvergadering van 10 juli 2019, bij het bespreken van het programmakader voor het Nationaal Programma Groningen. Bij deze vergadering werd motie 66: &#8216;Overkoepelende ambitie voor het Groningen van 2040&#8217; nagenoeg unaniem aangenomen. De motietekst vindt u <a href=\"https:\/\/provinciegroningen.d66.nl\/content\/uploads\/sites\/20\/2019\/07\/M066.-Overkoepelende-ambitie-voor-het-Groningen-van-2040-2-agp.-3.a-Programmakader-NPG.pdf\" target=\"_blank\" rel=\"noreferrer noopener\">hier<\/a>.\u00a0\t<\/p>\t  <\/div>\n\t<\/div>\n  <\/div>\n\n\n<div\n  id=\"\"\n  class=\"wrapper  wrapper__spacing-bottom-large--30 wrapper__spacing-bottom-desktop--20 wrapper__spacing-bottom-mobile--10  wrapper__gutter--none\"\n  >\n  \t<div class=\"wrapper__container wrapper__container-width-large--default\">\n\t  <div class=\"wrapper__inner wrapper__width-large--14 wrapper__width-desktop--24 wrapper__width-mobile--24 wrapper__offset-large--6 wrapper__offset-desktop--2 wrapper__offset-mobile--0\">\n\t\t<section class=\"block-related-post-metadata js-block-related-post-metadata\">\n\t<div class=\"block-related-post-metadata__content-wrapper\">\n\t\t<div class=\"block-related-post-metadata__persons\">\n\t\t\t\t\t<\/div>\n\t\t<div class=\"block-related-post-metadata__meta\">\n\t\t\t<div class=\"block-related-post-metadata__date\">\n\t\t\t\t10.07.2019<div class=\"post-share js-post-share rs_skip_always\">\n\t<button class=\"post-share__share-button js-post-share-share-button\">\n\t\tShare\t\t<svg xmlns='http:\/\/www.w3.org\/2000\/svg' width='100px' height='100px' viewBox='0 0 24 24' fill='none'><path d='m8.684 10.658 6.629-3.314m.003 9.314-6.622-3.311M21 6a3 3 0 1 1-6 0 3 3 0 0 1 6 0ZM9 12a3 3 0 1 1-6 0 3 3 0 0 1 6 0Zm12 6a3 3 0 1 1-6 0 3 3 0 0 1 6 0Z' stroke='currentColor' stroke-width='1.5' fill='none'\/><\/svg>\t<\/button>\n\t<dialog class=\"post-share__dialog js-post-share-dialog\" aria-hidden=\"true\">\n\t\t<div class=\"post-share__dialog-header\">\n\t\t\tShare this post\t\t\t<button class=\"post-share__dialog-close js-post-share-dialog-close\">\n\t\t\t\t<svg xmlns='http:\/\/www.w3.org\/2000\/svg' width='150' height='150' viewBox='0 0 150 150' fill='none'><path d='M44.103 105.897 75 75m30.898-30.898L75 75m0 0L44.103 44.102M75 75l30.898 30.897' stroke='currentColor' stroke-width='5' fill='none'\/><\/svg>\t\t\t<\/button>\n\t\t<\/div>\n\t\t<div class=\"post-share__dialog-socials\">\n\t\t\t\t\t\t\t\t\t\t\t<a class=\"post-share__dialog-item js-post-share-dialog-item\" href=\"#\" target=\"_blank\" data-copy=&quot;true&quot;>\n\t\t\t\t\tKopier link<svg xmlns='http:\/\/www.w3.org\/2000\/svg' width='150' height='150' viewBox='0 0 150 150' fill='none'><path d='M67.468 108.679c-8.533-.512-14.164-3.583-17.407-9.983-3.242-6.314-2.815-12.713 1.195-18.6 1.706-2.56 3.584-5.035 5.46-7.594 1.537-2.048 3.584-2.475 5.462-1.195 2.047 1.45 2.389 3.498.938 5.632-1.706 2.474-3.584 4.948-5.29 7.423-3.242 4.778-2.304 11.092 2.133 14.334 4.864 3.584 11.092 2.731 14.761-1.962 1.963-2.475 3.754-5.12 5.632-7.68 1.194-1.535 2.645-2.218 4.607-1.28 1.792.854 2.645 2.39 2.304 4.267 0 .17 0 .427-.17.597-3.67 5.12-6.4 11.178-12.544 13.993-2.56 1.195-5.46 1.707-6.996 2.219l-.085-.171Z' fill='currentColor'\/><path d='M86.921 44.6c6.144.257 11.605 3.328 14.932 9.728 3.328 6.399 2.816 12.798-1.109 18.856-1.621 2.56-3.498 4.95-5.29 7.424-1.707 2.303-3.754 2.815-5.717 1.45-2.048-1.45-2.304-3.669-.597-6.058 1.621-2.304 3.328-4.608 4.949-6.911 3.498-4.95 2.56-11.348-2.133-14.761-4.779-3.499-11.178-2.475-14.847 2.56-1.792 2.388-3.498 4.863-5.205 7.252-1.62 2.218-3.583 2.56-5.546 1.11-1.877-1.366-2.218-3.414-.768-5.462 2.048-2.986 4.01-5.972 6.314-8.703 3.67-4.351 8.448-6.399 15.103-6.399l-.086-.085Z' fill='currentColor'\/><path d='M71.478 88.457c-3.498-.341-5.46-3.413-3.754-6.143 3.327-5.29 6.825-10.495 10.324-15.7 1.45-2.133 3.413-2.389 5.46-1.109 1.878 1.28 2.219 3.413.854 5.546-3.328 5.034-6.57 9.983-9.983 14.932-.683 1.024-1.963 1.621-2.901 2.389v.085Z' fill='currentColor'\/><\/svg>\t\t\t\t<\/a>\n\t\t\t\t\t\t\t\t\t\t\t<a class=\"post-share__dialog-item js-post-share-dialog-item\" href=\"mailto:?to=%20&amp;body=https%3A%2F%2Fd66.nl%2Fprovinciegroningen%2Fnieuws%2Fmotie-66-van-d66-nagenoeg-unaniem-aangenomen\" target=\"_blank\" >\n\t\t\t\t\tMail<svg xmlns='http:\/\/www.w3.org\/2000\/svg' width='40' height='40' viewBox='0 0 40 40' fill='none'><path d='M24.107 15.865a1 1 0 0 1 1.266 1.265l-1.686 5.052a1 1 0 0 1-1.654.392l-3.37-3.37a1.001 1.001 0 0 1 .392-1.654l5.052-1.685Z' fill='currentColor'\/><path d='m21.763 19.475-5.657 5.657' stroke='currentColor' stroke-width='2' stroke-linecap='round' fill='none'\/><\/svg>\t\t\t\t<\/a>\n\t\t\t\t\t\t\t\t\t\t\t<a class=\"post-share__dialog-item js-post-share-dialog-item\" href=\"https:\/\/www.linkedin.com\/sharing\/share-offsite\/?url=https%3A%2F%2Fd66.nl%2Fprovinciegroningen%2Fnieuws%2Fmotie-66-van-d66-nagenoeg-unaniem-aangenomen\" target=\"_blank\" >\n\t\t\t\t\tLinkedIn<svg xmlns='http:\/\/www.w3.org\/2000\/svg' width='40' height='40' viewBox='0 0 40 40' fill='none'><path d='M24.107 15.865a1 1 0 0 1 1.266 1.265l-1.686 5.052a1 1 0 0 1-1.654.392l-3.37-3.37a1.001 1.001 0 0 1 .392-1.654l5.052-1.685Z' fill='currentColor'\/><path d='m21.763 19.475-5.657 5.657' stroke='currentColor' stroke-width='2' stroke-linecap='round' fill='none'\/><\/svg>\t\t\t\t<\/a>\n\t\t\t\t\t\t\t\t\t\t\t<a class=\"post-share__dialog-item js-post-share-dialog-item\" href=\"https:\/\/www.facebook.com\/sharer\/sharer.php?u=https%3A%2F%2Fd66.nl%2Fprovinciegroningen%2Fnieuws%2Fmotie-66-van-d66-nagenoeg-unaniem-aangenomen\" target=\"_blank\" >\n\t\t\t\t\tFacebook<svg xmlns='http:\/\/www.w3.org\/2000\/svg' width='40' height='40' viewBox='0 0 40 40' fill='none'><path d='M24.107 15.865a1 1 0 0 1 1.266 1.265l-1.686 5.052a1 1 0 0 1-1.654.392l-3.37-3.37a1.001 1.001 0 0 1 .392-1.654l5.052-1.685Z' fill='currentColor'\/><path d='m21.763 19.475-5.657 5.657' stroke='currentColor' stroke-width='2' stroke-linecap='round' fill='none'\/><\/svg>\t\t\t\t<\/a>\n\t\t\t\t\t\t\t\t\t\t\t<a class=\"post-share__dialog-item js-post-share-dialog-item\" href=\"whatsapp:\/\/send?text=https%3A%2F%2Fd66.nl%2Fprovinciegroningen%2Fnieuws%2Fmotie-66-van-d66-nagenoeg-unaniem-aangenomen\" target=\"_blank\" >\n\t\t\t\t\tWhatsApp<svg xmlns='http:\/\/www.w3.org\/2000\/svg' width='40' height='40' viewBox='0 0 40 40' fill='none'><path d='M24.107 15.865a1 1 0 0 1 1.266 1.265l-1.686 5.052a1 1 0 0 1-1.654.392l-3.37-3.37a1.001 1.001 0 0 1 .392-1.654l5.052-1.685Z' fill='currentColor'\/><path d='m21.763 19.475-5.657 5.657' stroke='currentColor' stroke-width='2' stroke-linecap='round' fill='none'\/><\/svg>\t\t\t\t<\/a>\n\t\t\t\t\t\t\t\t\t\t\t<a class=\"post-share__dialog-item js-post-share-dialog-item\" href=\"https:\/\/x.com\/intent\/post?url=https%3A%2F%2Fd66.nl%2Fprovinciegroningen%2Fnieuws%2Fmotie-66-van-d66-nagenoeg-unaniem-aangenomen\" target=\"_blank\" >\n\t\t\t\t\tTwitter (X)<svg xmlns='http:\/\/www.w3.org\/2000\/svg' width='40' height='40' viewBox='0 0 40 40' fill='none'><path d='M24.107 15.865a1 1 0 0 1 1.266 1.265l-1.686 5.052a1 1 0 0 1-1.654.392l-3.37-3.37a1.001 1.001 0 0 1 .392-1.654l5.052-1.685Z' fill='currentColor'\/><path d='m21.763 19.475-5.657 5.657' stroke='currentColor' stroke-width='2' stroke-linecap='round' fill='none'\/><\/svg>\t\t\t\t<\/a>\n\t\t\t\t\t<\/div>\n\t<\/dialog>\n<\/div>\t\t\t<\/div>\n\t\t\t<div class=\"block-related-post-metadata__categories\">\n\t\t\t\t<div class=\"category-link__wrapper\">\n\t\t\t<div class=\"category-link__item\">\n\t\t\t<a href=\"https:\/\/d66.nl\/provinciegroningen\/category\/d66\/\">\n\t\t\t\tD66\t\t\t<\/a>\n\t\t<\/div>\n\t\t\t\t<div class=\"category-link__item\">\n\t\t\t<a href=\"https:\/\/d66.nl\/provinciegroningen\/search-tags\/arbeidsmarkt-en-economie\/\">\n\t\t\t\tArbeidsmarkt en economie\t\t\t<\/a>\n\t\t<\/div>\n\t\t\t\t<div class=\"category-link__item\">\n\t\t\t<a href=\"https:\/\/d66.nl\/provinciegroningen\/search-tags\/gaswinning-en-mijnbouw\/\">\n\t\t\t\tGaswinning en mijnbouw\t\t\t<\/a>\n\t\t<\/div>\n\t\t\t\t<div class=\"category-link__item\">\n\t\t\t<a href=\"https:\/\/d66.nl\/provinciegroningen\/search-tags\/onderwijs\/\">\n\t\t\t\tOnderwijs\t\t\t<\/a>\n\t\t<\/div>\n\t\t\t\t<div class=\"category-link__item\">\n\t\t\t<a href=\"https:\/\/d66.nl\/provinciegroningen\/search-tags\/ruimte-en-wonen\/\">\n\t\t\t\tRuimte en wonen\t\t\t<\/a>\n\t\t<\/div>\n\t\t\t\t<div class=\"category-link__item\">\n\t\t\t<a href=\"https:\/\/d66.nl\/provinciegroningen\/search-tags\/zorg-en-welzijn\/\">\n\t\t\t\tZorg en welzijn\t\t\t<\/a>\n\t\t<\/div>\n\t\t<\/div>\t\t\t<\/div>\n\t\t<\/div>\n\t<\/div>\n<\/section>\n\t  <\/div>\n\t<\/div>\n  <\/div>\n\n\n<div\n  id=\"\"\n  class=\"wrapper  wrapper__spacing-bottom-large--20  wrapper__gutter--none\"\n  >\n  \t<div class=\"wrapper__container wrapper__container-width-large--default\">\n\t  <div class=\"wrapper__inner wrapper__width-large--24 wrapper__width-mobile--24\">\n\t\t<img loading=\"lazy\" decoding=\"async\" width=\"1024\" height=\"768\" src=\"https:\/\/d66.nl\/provinciegroningen\/wp-content\/uploads\/sites\/350\/2022\/08\/groningen-5170976_1920-1024x768.jpg\" class=\"image block-image__img\" alt=\"\" srcset=\"https:\/\/d66.nl\/provinciegroningen\/wp-content\/uploads\/sites\/350\/2022\/08\/groningen-5170976_1920-1024x768.jpg 1024w, https:\/\/d66.nl\/provinciegroningen\/wp-content\/uploads\/sites\/350\/2022\/08\/groningen-5170976_1920-300x225.jpg 300w, https:\/\/d66.nl\/provinciegroningen\/wp-content\/uploads\/sites\/350\/2022\/08\/groningen-5170976_1920-768x576.jpg 768w, https:\/\/d66.nl\/provinciegroningen\/wp-content\/uploads\/sites\/350\/2022\/08\/groningen-5170976_1920-1536x1152.jpg 1536w, https:\/\/d66.nl\/provinciegroningen\/wp-content\/uploads\/sites\/350\/2022\/08\/groningen-5170976_1920.jpg 1920w\" sizes=\"auto, (max-width: 1024px) 100vw, 1024px\" \/>\n\t\t\t<div class=\"image__caption-wrapper block-image__caption-wrapper\">\n\t\t\t<div class=\"image__caption block-image__caption\">\n\t\t\t\t<p class=\"paragraph paragraph__align--left paragraph__color--black paragraph__size--small paragraph__weight--medium\">\n\t\tBeeld: Pixabay\t<\/p>\t\t\t<\/div>\n\t\t<\/div>\t  <\/div>\n\t<\/div>\n  <\/div>\n\n\n<div\n  id=\"\"\n  class=\"wrapper  wrapper__spacing-bottom-large--50 wrapper__spacing-bottom-desktop--70 wrapper__spacing-bottom-mobile--50  wrapper__gutter--none\"\n  >\n  \t<div class=\"wrapper__container wrapper__container-width-large--default\">\n\t  <div class=\"wrapper__inner wrapper__width-large--18 wrapper__width-desktop--22 wrapper__width-mobile--24 wrapper__offset-large--6 wrapper__offset-desktop--2 wrapper__offset-mobile--0\">\n\t\t<section class=\"block-post-content\">\n\t<div class=\"block-post-content__title\">\n\t\t<h3 class=\"heading  heading__color--black heading__size--medium heading__font--sans heading__weight--semiBold  block-post-content__heading\" id=\"nav-schadeherstel-en-versterking-als-voorwaarden5176\" data-nav-heading-mobile=\"Schadeherstel en versterking als voorwaarden\">\n\tSchadeherstel en versterking als voorwaarden<\/h3>\t<\/div>\n\t<div class=\"block-post-content__content\">\n\t\t\n<div\n  id=\"\"\n  class=\"wrapper  wrapper__spacing-bottom-large--30 wrapper__spacing-bottom-desktop--20  wrapper__gutter--none\"\n  >\n  \t<div class=\"wrapper__container wrapper__container-width-large--default\">\n\t  <div class=\"wrapper__inner wrapper__width-large--24 wrapper__width-mobile--24\">\n\t\t<p\n\t\tclass=\"paragraph paragraph__align--left paragraph__color--black paragraph__size--default   block-paragraph__paragraph\"\n\t\t\t>\n\t\tTerwijl Groningen nog bezig is te herstellen van de schade door de gaswinning gaan we nadenken over de toekomst. Dat kost wel moeite, want je zou zeggen: \u00e9\u00e9rst de schade uit de woningen en uit de Groningers, \u00e9\u00e9rst moeten de woningen versterkt, daarn\u00e1 is er ruimte om over de toekomst te denken. En inderdaad, volledig schadeherstel en versterkte woningen zijn absolute voorwaarden voor een goede toekomst van Groningen. Daar houden we aan vast.\t<\/p>\t  <\/div>\n\t<\/div>\n  <\/div>\n\n\t<\/div>\n\n\t<div class=\"block-post-content__sidebar\">\n\t\t\n\t\t\n\t\t\t<\/div>\n<\/section>\n\t  <\/div>\n\t<\/div>\n  <\/div>\n\n\n<div\n  id=\"\"\n  class=\"wrapper  wrapper__spacing-bottom-large--50 wrapper__spacing-bottom-desktop--70 wrapper__spacing-bottom-mobile--50  wrapper__gutter--none\"\n  >\n  \t<div class=\"wrapper__container wrapper__container-width-large--default\">\n\t  <div class=\"wrapper__inner wrapper__width-large--18 wrapper__width-desktop--22 wrapper__width-mobile--24 wrapper__offset-large--6 wrapper__offset-desktop--2 wrapper__offset-mobile--0\">\n\t\t<section class=\"block-post-content\">\n\t<div class=\"block-post-content__title\">\n\t\t<h3 class=\"heading  heading__color--black heading__size--medium heading__font--sans heading__weight--semiBold  block-post-content__heading\" id=\"nav-nadenken-over-het-groningen-van-20409279\" data-nav-heading-mobile=\"Nadenken over het Groningen van 2040\">\n\tNadenken over het Groningen van 2040<\/h3>\t<\/div>\n\t<div class=\"block-post-content__content\">\n\t\t\n<div\n  id=\"\"\n  class=\"wrapper  wrapper__spacing-bottom-large--30 wrapper__spacing-bottom-desktop--20  wrapper__gutter--none\"\n  >\n  \t<div class=\"wrapper__container wrapper__container-width-large--default\">\n\t  <div class=\"wrapper__inner wrapper__width-large--24 wrapper__width-mobile--24\">\n\t\t<p\n\t\tclass=\"paragraph paragraph__align--left paragraph__color--black paragraph__size--default   block-paragraph__paragraph\"\n\t\t\t>\n\t\tOndertussen moeten we nadenken over het Groningen van 2040. Het is immers onze taak om te kijken wat onze kinderen \u2013 en wij met wat geluk \u2013 in de toekomst nodig hebben. Wat gaan we doen om nieuw werk in het gebied te krijgen, terwijl er veel aan gas gerelateerde banen verdwijnen. Wat gaat er in de toekomst gebeuren met de krimp? Komen er ook weer nieuwe perspectieven in werk, leefbaarheid en opleiding?\t<\/p>\t  <\/div>\n\t<\/div>\n  <\/div>\n\n\t<\/div>\n\n\t<div class=\"block-post-content__sidebar\">\n\t\t\n\t\t\n\t\t\t<\/div>\n<\/section>\n\t  <\/div>\n\t<\/div>\n  <\/div>\n\n\n<div\n  id=\"\"\n  class=\"wrapper  wrapper__spacing-bottom-large--50 wrapper__spacing-bottom-desktop--70 wrapper__spacing-bottom-mobile--50  wrapper__gutter--none\"\n  >\n  \t<div class=\"wrapper__container wrapper__container-width-large--default\">\n\t  <div class=\"wrapper__inner wrapper__width-large--18 wrapper__width-desktop--22 wrapper__width-mobile--24 wrapper__offset-large--6 wrapper__offset-desktop--2 wrapper__offset-mobile--0\">\n\t\t<section class=\"block-post-content\">\n\t<div class=\"block-post-content__title\">\n\t\t<h3 class=\"heading  heading__color--black heading__size--medium heading__font--sans heading__weight--semiBold  block-post-content__heading\" id=\"nav-toekomst-vormgegeven-door-groningers-zelf8149\" data-nav-heading-mobile=\"Toekomst vormgegeven door Groningers zelf\">\n\tToekomst vormgegeven door Groningers zelf<\/h3>\t<\/div>\n\t<div class=\"block-post-content__content\">\n\t\t\n<div\n  id=\"\"\n  class=\"wrapper  wrapper__spacing-bottom-large--30 wrapper__spacing-bottom-desktop--20  wrapper__gutter--none\"\n  >\n  \t<div class=\"wrapper__container wrapper__container-width-large--default\">\n\t  <div class=\"wrapper__inner wrapper__width-large--24 wrapper__width-mobile--24\">\n\t\t<p\n\t\tclass=\"paragraph paragraph__align--left paragraph__color--black paragraph__size--default   block-paragraph__paragraph\"\n\t\t\t>\n\t\tVoorzitter, wij zien de mogelijkheid om een nieuwe toekomst te bouwen. En we denken dat dit breed in de Staten zo gevoeld wordt. Een toekomst die vorm gegeven wordt door de Groningers zelf, in een bijzondere leefomgeving, met werk, passende opleidingen en prima groeikansen. Daar staan we samen voor.\t<\/p>\t  <\/div>\n\t<\/div>\n  <\/div>\n\n\t<\/div>\n\n\t<div class=\"block-post-content__sidebar\">\n\t\t\n\t\t\n\t\t\t<\/div>\n<\/section>\n\t  <\/div>\n\t<\/div>\n  <\/div>\n\n\n<div\n  id=\"\"\n  class=\"wrapper  wrapper__spacing-bottom-large--50 wrapper__spacing-bottom-desktop--70 wrapper__spacing-bottom-mobile--50  wrapper__gutter--none\"\n  >\n  \t<div class=\"wrapper__container wrapper__container-width-large--default\">\n\t  <div class=\"wrapper__inner wrapper__width-large--18 wrapper__width-desktop--22 wrapper__width-mobile--24 wrapper__offset-large--6 wrapper__offset-desktop--2 wrapper__offset-mobile--0\">\n\t\t<section class=\"block-text-title\">\n\t<div class=\"block-text-title__title\">\n\t\t<h3 class=\"heading  heading__color--black heading__size--medium heading__font--sans heading__weight--semiBold  block-text-title__heading\" id=\"nav-middelen-als-startkapitaal2796\" data-nav-heading-mobile=\"Middelen als startkapitaal\">\n\tMiddelen als startkapitaal<\/h3>\t<\/div>\n\t<div class=\"block-text-title__content\">\n\t\t<p class=\"paragraph paragraph__align--left paragraph__color--black paragraph__size--default\">\n\t\tHet gaat om de realisatie van doelen voor Groningen op de lange termijn. De middelen die we hiervoor beschikbaar hebben gekregen zijn een startkapitaal. Met elkaar, en met het Rijk, is het zaak om de onderlinge betrokkenheid in dit grote project te vinden en vast te houden.\t<\/p>\t<\/div>\n\n\t<div class=\"block-text-title__sidebar\">\n\t\t\n\t\t\n\t\t\t<\/div>\n<\/section>\n\t  <\/div>\n\t<\/div>\n  <\/div>\n\n\n<div\n  id=\"\"\n  class=\"wrapper  wrapper__spacing-bottom-large--50 wrapper__spacing-bottom-desktop--70 wrapper__spacing-bottom-mobile--50  wrapper__gutter--none\"\n  >\n  \t<div class=\"wrapper__container wrapper__container-width-large--default\">\n\t  <div class=\"wrapper__inner wrapper__width-large--18 wrapper__width-desktop--22 wrapper__width-mobile--24 wrapper__offset-large--6 wrapper__offset-desktop--2 wrapper__offset-mobile--0\">\n\t\t<section class=\"block-text-title\">\n\t<div class=\"block-text-title__title\">\n\t\t<h3 class=\"heading  heading__color--black heading__size--medium heading__font--sans heading__weight--semiBold  block-text-title__heading\" id=\"nav-ambitie-vervat-in-een-motie3670\" data-nav-heading-mobile=\"Ambitie vervat in een motie\">\n\tAmbitie vervat in een motie<\/h3>\t<\/div>\n\t<div class=\"block-text-title__content\">\n\t\t<p class=\"paragraph paragraph__align--left paragraph__color--black paragraph__size--default\">\n\t\tHet Nationaal Programma Groningen start daarom wat ons betreft met het formuleren van een ambitie voor het Groningen van 2040. Daarin zeggen we wat Groningen in 2040 voor de Groningers is. We hebben dat onder woorden gebracht voor de onderwerpen economie, opleiding en inkomen, leefbaarheid en welzijn en tenslotte imago en aantrekkingskracht van de provincie. Deze ambitie is vervat in een motie.<br><br>Met de inhoud van deze motie en ambitie van de Staten kunnen we het gesprek aangaan met alle stakeholders in het NPG. In het najaar hebben we weer een bijeenkomst met de zeven aardbevingsgemeenten, de hier geformuleerde ambitie kan mede richting geven aan het gesprek.<br><br>We zullen nog volop met elkaar bezig gaan over de uitvoering. Daarbij helpt het enorm als we nu vertrekken met \u00e9\u00e9n doel: we maken samen het Groningen van de toekomst.\t<\/p>\t<\/div>\n\n\t<div class=\"block-text-title__sidebar\">\n\t\t\n\t\t\n\t\t\t<\/div>\n<\/section>\n\t  <\/div>\n\t<\/div>\n  <\/div>\n","protected":false},"excerpt":{"rendered":"","protected":false},"author":385,"featured_media":2115,"comment_status":"closed","ping_status":"open","sticky":false,"template":"","format":"standard","meta":{"_acf_changed":false,"footnotes":""},"categories":[1],"search-tags":[5,28,2,4,33],"labels":[],"class_list":["post-2114","post","type-post","status-publish","format-standard","has-post-thumbnail","hentry","category-d66","search-tags-arbeidsmarkt-en-economie","search-tags-gaswinning-en-mijnbouw","search-tags-onderwijs","search-tags-ruimte-en-wonen","search-tags-zorg-en-welzijn"],"acf":[],"yoast_head":"<!-- This site is optimized with the Yoast SEO plugin v27.3 - https:\/\/yoast.com\/product\/yoast-seo-wordpress\/ -->\n<title>D66 Provincie Groningen &#8212; Motie 66 van D66 nagenoeg unaniem aangenomen!<\/title>\n<meta name=\"description\" content=\"De door D66 ingediende motie 66 &#039;Overkoepelende ambitie voor het Groningen van 2040&#039; werd nagenoeg unaniem aangenomen. Hierin schetsen we een perspectief op het Groningen van 2040.\" \/>\n<meta name=\"robots\" content=\"index, follow, max-snippet:-1, max-image-preview:large, max-video-preview:-1\" \/>\n<link rel=\"canonical\" href=\"https:\/\/d66.nl\/provinciegroningen\/nieuws\/motie-66-van-d66-nagenoeg-unaniem-aangenomen\" \/>\n<meta property=\"og:locale\" content=\"nl_NL\" \/>\n<meta property=\"og:type\" content=\"article\" \/>\n<meta property=\"og:title\" content=\"D66 Provincie Groningen &#8212; Motie 66 van D66 nagenoeg unaniem aangenomen!\" \/>\n<meta property=\"og:description\" content=\"De door D66 ingediende motie 66 &#039;Overkoepelende ambitie voor het Groningen van 2040&#039; werd nagenoeg unaniem aangenomen. Hierin schetsen we een perspectief op het Groningen van 2040.\" \/>\n<meta property=\"og:url\" content=\"https:\/\/d66.nl\/provinciegroningen\/nieuws\/motie-66-van-d66-nagenoeg-unaniem-aangenomen\/\" \/>\n<meta property=\"og:site_name\" content=\"D66 Provincie Groningen\" \/>\n<meta property=\"article:published_time\" content=\"2019-07-10T11:54:00+00:00\" \/>\n<meta property=\"article:modified_time\" content=\"2022-08-04T12:01:56+00:00\" \/>\n<meta property=\"og:image\" content=\"https:\/\/d66.nl\/provinciegroningen\/wp-content\/uploads\/sites\/350\/2022\/08\/groningen-5170976_1920.jpg\" \/>\n\t<meta property=\"og:image:width\" content=\"1920\" \/>\n\t<meta property=\"og:image:height\" content=\"1440\" \/>\n\t<meta property=\"og:image:type\" content=\"image\/jpeg\" \/>\n<meta name=\"author\" content=\"David Vos\" \/>\n<meta name=\"twitter:card\" content=\"summary_large_image\" \/>\n<meta name=\"twitter:label1\" content=\"Geschreven door\" \/>\n\t<meta name=\"twitter:data1\" content=\"David Vos\" \/>\n<script type=\"application\/ld+json\" class=\"yoast-schema-graph\">{\"@context\":\"https:\\\/\\\/schema.org\",\"@graph\":[{\"@type\":\"Article\",\"@id\":\"https:\\\/\\\/d66.nl\\\/provinciegroningen\\\/nieuws\\\/motie-66-van-d66-nagenoeg-unaniem-aangenomen\\\/#article\",\"isPartOf\":{\"@id\":\"https:\\\/\\\/d66.nl\\\/provinciegroningen\\\/nieuws\\\/motie-66-van-d66-nagenoeg-unaniem-aangenomen\\\/\"},\"author\":{\"name\":\"David Vos\",\"@id\":\"https:\\\/\\\/d66.nl\\\/provinciegroningen\\\/#\\\/schema\\\/person\\\/99ef78342cdf416cf7635fbaa8c2ab58\"},\"headline\":\"Motie 66 van D66 nagenoeg unaniem aangenomen!\",\"datePublished\":\"2019-07-10T11:54:00+00:00\",\"dateModified\":\"2022-08-04T12:01:56+00:00\",\"mainEntityOfPage\":{\"@id\":\"https:\\\/\\\/d66.nl\\\/provinciegroningen\\\/nieuws\\\/motie-66-van-d66-nagenoeg-unaniem-aangenomen\\\/\"},\"wordCount\":6,\"image\":{\"@id\":\"https:\\\/\\\/d66.nl\\\/provinciegroningen\\\/nieuws\\\/motie-66-van-d66-nagenoeg-unaniem-aangenomen\\\/#primaryimage\"},\"thumbnailUrl\":\"https:\\\/\\\/d66.nl\\\/provinciegroningen\\\/wp-content\\\/uploads\\\/sites\\\/350\\\/2022\\\/08\\\/groningen-5170976_1920.jpg\",\"articleSection\":[\"D66\"],\"inLanguage\":\"nl-NL\"},{\"@type\":\"WebPage\",\"@id\":\"https:\\\/\\\/d66.nl\\\/provinciegroningen\\\/nieuws\\\/motie-66-van-d66-nagenoeg-unaniem-aangenomen\\\/\",\"url\":\"https:\\\/\\\/d66.nl\\\/provinciegroningen\\\/nieuws\\\/motie-66-van-d66-nagenoeg-unaniem-aangenomen\\\/\",\"name\":\"D66 Provincie Groningen &#8212; Motie 66 van D66 nagenoeg unaniem aangenomen!\",\"isPartOf\":{\"@id\":\"https:\\\/\\\/d66.nl\\\/provinciegroningen\\\/#website\"},\"primaryImageOfPage\":{\"@id\":\"https:\\\/\\\/d66.nl\\\/provinciegroningen\\\/nieuws\\\/motie-66-van-d66-nagenoeg-unaniem-aangenomen\\\/#primaryimage\"},\"image\":{\"@id\":\"https:\\\/\\\/d66.nl\\\/provinciegroningen\\\/nieuws\\\/motie-66-van-d66-nagenoeg-unaniem-aangenomen\\\/#primaryimage\"},\"thumbnailUrl\":\"https:\\\/\\\/d66.nl\\\/provinciegroningen\\\/wp-content\\\/uploads\\\/sites\\\/350\\\/2022\\\/08\\\/groningen-5170976_1920.jpg\",\"datePublished\":\"2019-07-10T11:54:00+00:00\",\"dateModified\":\"2022-08-04T12:01:56+00:00\",\"author\":{\"@id\":\"https:\\\/\\\/d66.nl\\\/provinciegroningen\\\/#\\\/schema\\\/person\\\/99ef78342cdf416cf7635fbaa8c2ab58\"},\"description\":\"De door D66 ingediende motie 66 'Overkoepelende ambitie voor het Groningen van 2040' werd nagenoeg unaniem aangenomen. Hierin schetsen we een perspectief op het Groningen van 2040.\",\"breadcrumb\":{\"@id\":\"https:\\\/\\\/d66.nl\\\/provinciegroningen\\\/nieuws\\\/motie-66-van-d66-nagenoeg-unaniem-aangenomen\\\/#breadcrumb\"},\"inLanguage\":\"nl-NL\",\"potentialAction\":[{\"@type\":\"ReadAction\",\"target\":[\"https:\\\/\\\/d66.nl\\\/provinciegroningen\\\/nieuws\\\/motie-66-van-d66-nagenoeg-unaniem-aangenomen\\\/\"]}]},{\"@type\":\"ImageObject\",\"inLanguage\":\"nl-NL\",\"@id\":\"https:\\\/\\\/d66.nl\\\/provinciegroningen\\\/nieuws\\\/motie-66-van-d66-nagenoeg-unaniem-aangenomen\\\/#primaryimage\",\"url\":\"https:\\\/\\\/d66.nl\\\/provinciegroningen\\\/wp-content\\\/uploads\\\/sites\\\/350\\\/2022\\\/08\\\/groningen-5170976_1920.jpg\",\"contentUrl\":\"https:\\\/\\\/d66.nl\\\/provinciegroningen\\\/wp-content\\\/uploads\\\/sites\\\/350\\\/2022\\\/08\\\/groningen-5170976_1920.jpg\",\"width\":1920,\"height\":1440},{\"@type\":\"BreadcrumbList\",\"@id\":\"https:\\\/\\\/d66.nl\\\/provinciegroningen\\\/nieuws\\\/motie-66-van-d66-nagenoeg-unaniem-aangenomen\\\/#breadcrumb\",\"itemListElement\":[{\"@type\":\"ListItem\",\"position\":1,\"name\":\"Home\",\"item\":\"https:\\\/\\\/d66.nl\\\/provinciegroningen\\\/\"},{\"@type\":\"ListItem\",\"position\":2,\"name\":\"Nieuws\",\"item\":\"https:\\\/\\\/d66.nl\\\/provinciegroningen\\\/nieuws\\\/\"},{\"@type\":\"ListItem\",\"position\":3,\"name\":\"Motie 66 van D66 nagenoeg unaniem aangenomen!\"}]},{\"@type\":\"WebSite\",\"@id\":\"https:\\\/\\\/d66.nl\\\/provinciegroningen\\\/#website\",\"url\":\"https:\\\/\\\/d66.nl\\\/provinciegroningen\\\/\",\"name\":\"D66 Provincie Groningen\",\"description\":\"Stop stilstand. Stem vooruit.\",\"potentialAction\":[{\"@type\":\"SearchAction\",\"target\":{\"@type\":\"EntryPoint\",\"urlTemplate\":\"https:\\\/\\\/d66.nl\\\/provinciegroningen\\\/?s={search_term_string}\"},\"query-input\":{\"@type\":\"PropertyValueSpecification\",\"valueRequired\":true,\"valueName\":\"search_term_string\"}}],\"inLanguage\":\"nl-NL\"},{\"@type\":\"Person\",\"@id\":\"https:\\\/\\\/d66.nl\\\/provinciegroningen\\\/#\\\/schema\\\/person\\\/99ef78342cdf416cf7635fbaa8c2ab58\",\"name\":\"David Vos\",\"image\":{\"@type\":\"ImageObject\",\"inLanguage\":\"nl-NL\",\"@id\":\"https:\\\/\\\/secure.gravatar.com\\\/avatar\\\/8503ef688bc4ca3a29578edb29f6863612d8fdd2db9bec5004b1a43402138f28?s=96&d=mm&r=g\",\"url\":\"https:\\\/\\\/secure.gravatar.com\\\/avatar\\\/8503ef688bc4ca3a29578edb29f6863612d8fdd2db9bec5004b1a43402138f28?s=96&d=mm&r=g\",\"contentUrl\":\"https:\\\/\\\/secure.gravatar.com\\\/avatar\\\/8503ef688bc4ca3a29578edb29f6863612d8fdd2db9bec5004b1a43402138f28?s=96&d=mm&r=g\",\"caption\":\"David Vos\"}}]}<\/script>\n<!-- \/ Yoast SEO plugin. -->","yoast_head_json":{"title":"D66 Provincie Groningen &#8212; Motie 66 van D66 nagenoeg unaniem aangenomen!","description":"De door D66 ingediende motie 66 'Overkoepelende ambitie voor het Groningen van 2040' werd nagenoeg unaniem aangenomen. Hierin schetsen we een perspectief op het Groningen van 2040.","robots":{"index":"index","follow":"follow","max-snippet":"max-snippet:-1","max-image-preview":"max-image-preview:large","max-video-preview":"max-video-preview:-1"},"canonical":"https:\/\/d66.nl\/provinciegroningen\/nieuws\/motie-66-van-d66-nagenoeg-unaniem-aangenomen","og_locale":"nl_NL","og_type":"article","og_title":"D66 Provincie Groningen &#8212; Motie 66 van D66 nagenoeg unaniem aangenomen!","og_description":"De door D66 ingediende motie 66 'Overkoepelende ambitie voor het Groningen van 2040' werd nagenoeg unaniem aangenomen. Hierin schetsen we een perspectief op het Groningen van 2040.","og_url":"https:\/\/d66.nl\/provinciegroningen\/nieuws\/motie-66-van-d66-nagenoeg-unaniem-aangenomen\/","og_site_name":"D66 Provincie Groningen","article_published_time":"2019-07-10T11:54:00+00:00","article_modified_time":"2022-08-04T12:01:56+00:00","og_image":[{"width":1920,"height":1440,"url":"https:\/\/d66.nl\/provinciegroningen\/wp-content\/uploads\/sites\/350\/2022\/08\/groningen-5170976_1920.jpg","type":"image\/jpeg"}],"author":"David Vos","twitter_card":"summary_large_image","twitter_misc":{"Geschreven door":"David Vos"},"schema":{"@context":"https:\/\/schema.org","@graph":[{"@type":"Article","@id":"https:\/\/d66.nl\/provinciegroningen\/nieuws\/motie-66-van-d66-nagenoeg-unaniem-aangenomen\/#article","isPartOf":{"@id":"https:\/\/d66.nl\/provinciegroningen\/nieuws\/motie-66-van-d66-nagenoeg-unaniem-aangenomen\/"},"author":{"name":"David Vos","@id":"https:\/\/d66.nl\/provinciegroningen\/#\/schema\/person\/99ef78342cdf416cf7635fbaa8c2ab58"},"headline":"Motie 66 van D66 nagenoeg unaniem aangenomen!","datePublished":"2019-07-10T11:54:00+00:00","dateModified":"2022-08-04T12:01:56+00:00","mainEntityOfPage":{"@id":"https:\/\/d66.nl\/provinciegroningen\/nieuws\/motie-66-van-d66-nagenoeg-unaniem-aangenomen\/"},"wordCount":6,"image":{"@id":"https:\/\/d66.nl\/provinciegroningen\/nieuws\/motie-66-van-d66-nagenoeg-unaniem-aangenomen\/#primaryimage"},"thumbnailUrl":"https:\/\/d66.nl\/provinciegroningen\/wp-content\/uploads\/sites\/350\/2022\/08\/groningen-5170976_1920.jpg","articleSection":["D66"],"inLanguage":"nl-NL"},{"@type":"WebPage","@id":"https:\/\/d66.nl\/provinciegroningen\/nieuws\/motie-66-van-d66-nagenoeg-unaniem-aangenomen\/","url":"https:\/\/d66.nl\/provinciegroningen\/nieuws\/motie-66-van-d66-nagenoeg-unaniem-aangenomen\/","name":"D66 Provincie Groningen &#8212; Motie 66 van D66 nagenoeg unaniem aangenomen!","isPartOf":{"@id":"https:\/\/d66.nl\/provinciegroningen\/#website"},"primaryImageOfPage":{"@id":"https:\/\/d66.nl\/provinciegroningen\/nieuws\/motie-66-van-d66-nagenoeg-unaniem-aangenomen\/#primaryimage"},"image":{"@id":"https:\/\/d66.nl\/provinciegroningen\/nieuws\/motie-66-van-d66-nagenoeg-unaniem-aangenomen\/#primaryimage"},"thumbnailUrl":"https:\/\/d66.nl\/provinciegroningen\/wp-content\/uploads\/sites\/350\/2022\/08\/groningen-5170976_1920.jpg","datePublished":"2019-07-10T11:54:00+00:00","dateModified":"2022-08-04T12:01:56+00:00","author":{"@id":"https:\/\/d66.nl\/provinciegroningen\/#\/schema\/person\/99ef78342cdf416cf7635fbaa8c2ab58"},"description":"De door D66 ingediende motie 66 'Overkoepelende ambitie voor het Groningen van 2040' werd nagenoeg unaniem aangenomen. Hierin schetsen we een perspectief op het Groningen van 2040.","breadcrumb":{"@id":"https:\/\/d66.nl\/provinciegroningen\/nieuws\/motie-66-van-d66-nagenoeg-unaniem-aangenomen\/#breadcrumb"},"inLanguage":"nl-NL","potentialAction":[{"@type":"ReadAction","target":["https:\/\/d66.nl\/provinciegroningen\/nieuws\/motie-66-van-d66-nagenoeg-unaniem-aangenomen\/"]}]},{"@type":"ImageObject","inLanguage":"nl-NL","@id":"https:\/\/d66.nl\/provinciegroningen\/nieuws\/motie-66-van-d66-nagenoeg-unaniem-aangenomen\/#primaryimage","url":"https:\/\/d66.nl\/provinciegroningen\/wp-content\/uploads\/sites\/350\/2022\/08\/groningen-5170976_1920.jpg","contentUrl":"https:\/\/d66.nl\/provinciegroningen\/wp-content\/uploads\/sites\/350\/2022\/08\/groningen-5170976_1920.jpg","width":1920,"height":1440},{"@type":"BreadcrumbList","@id":"https:\/\/d66.nl\/provinciegroningen\/nieuws\/motie-66-van-d66-nagenoeg-unaniem-aangenomen\/#breadcrumb","itemListElement":[{"@type":"ListItem","position":1,"name":"Home","item":"https:\/\/d66.nl\/provinciegroningen\/"},{"@type":"ListItem","position":2,"name":"Nieuws","item":"https:\/\/d66.nl\/provinciegroningen\/nieuws\/"},{"@type":"ListItem","position":3,"name":"Motie 66 van D66 nagenoeg unaniem aangenomen!"}]},{"@type":"WebSite","@id":"https:\/\/d66.nl\/provinciegroningen\/#website","url":"https:\/\/d66.nl\/provinciegroningen\/","name":"D66 Provincie Groningen","description":"Stop stilstand. Stem vooruit.","potentialAction":[{"@type":"SearchAction","target":{"@type":"EntryPoint","urlTemplate":"https:\/\/d66.nl\/provinciegroningen\/?s={search_term_string}"},"query-input":{"@type":"PropertyValueSpecification","valueRequired":true,"valueName":"search_term_string"}}],"inLanguage":"nl-NL"},{"@type":"Person","@id":"https:\/\/d66.nl\/provinciegroningen\/#\/schema\/person\/99ef78342cdf416cf7635fbaa8c2ab58","name":"David Vos","image":{"@type":"ImageObject","inLanguage":"nl-NL","@id":"https:\/\/secure.gravatar.com\/avatar\/8503ef688bc4ca3a29578edb29f6863612d8fdd2db9bec5004b1a43402138f28?s=96&d=mm&r=g","url":"https:\/\/secure.gravatar.com\/avatar\/8503ef688bc4ca3a29578edb29f6863612d8fdd2db9bec5004b1a43402138f28?s=96&d=mm&r=g","contentUrl":"https:\/\/secure.gravatar.com\/avatar\/8503ef688bc4ca3a29578edb29f6863612d8fdd2db9bec5004b1a43402138f28?s=96&d=mm&r=g","caption":"David Vos"}}]}},"_links":{"self":[{"href":"https:\/\/d66.nl\/provinciegroningen\/wp-json\/wp\/v2\/posts\/2114","targetHints":{"allow":["GET"]}}],"collection":[{"href":"https:\/\/d66.nl\/provinciegroningen\/wp-json\/wp\/v2\/posts"}],"about":[{"href":"https:\/\/d66.nl\/provinciegroningen\/wp-json\/wp\/v2\/types\/post"}],"author":[{"embeddable":true,"href":"https:\/\/d66.nl\/provinciegroningen\/wp-json\/wp\/v2\/users\/385"}],"replies":[{"embeddable":true,"href":"https:\/\/d66.nl\/provinciegroningen\/wp-json\/wp\/v2\/comments?post=2114"}],"version-history":[{"count":2,"href":"https:\/\/d66.nl\/provinciegroningen\/wp-json\/wp\/v2\/posts\/2114\/revisions"}],"predecessor-version":[{"id":2117,"href":"https:\/\/d66.nl\/provinciegroningen\/wp-json\/wp\/v2\/posts\/2114\/revisions\/2117"}],"wp:featuredmedia":[{"embeddable":true,"href":"https:\/\/d66.nl\/provinciegroningen\/wp-json\/wp\/v2\/media\/2115"}],"wp:attachment":[{"href":"https:\/\/d66.nl\/provinciegroningen\/wp-json\/wp\/v2\/media?parent=2114"}],"wp:term":[{"taxonomy":"category","embeddable":true,"href":"https:\/\/d66.nl\/provinciegroningen\/wp-json\/wp\/v2\/categories?post=2114"},{"taxonomy":"search-tags","embeddable":true,"href":"https:\/\/d66.nl\/provinciegroningen\/wp-json\/wp\/v2\/search-tags?post=2114"},{"taxonomy":"labels","embeddable":true,"href":"https:\/\/d66.nl\/provinciegroningen\/wp-json\/wp\/v2\/labels?post=2114"}],"curies":[{"name":"wp","href":"https:\/\/api.w.org\/{rel}","templated":true}]}}