{"id":1538,"date":"2021-02-23T13:13:00","date_gmt":"2021-02-23T13:13:00","guid":{"rendered":"https:\/\/d66.nl\/provinciegroningen\/nieuws\/"},"modified":"2022-05-05T13:33:11","modified_gmt":"2022-05-05T13:33:11","slug":"tk2021-groningen-blijft-de-energieregio-van-west-europa","status":"publish","type":"post","link":"https:\/\/d66.nl\/provinciegroningen\/nieuws\/tk2021-groningen-blijft-de-energieregio-van-west-europa","title":{"rendered":"TK2021: Groningen blijft d\u00e9 energieregio van West-Europa"},"content":{"rendered":"<div\n  id=\"\"\n  class=\"wrapper  wrapper__spacing-bottom-large--50 wrapper__spacing-bottom-desktop--66 wrapper__spacing-bottom-mobile--76  wrapper__gutter--none\"\n  >\n  \t<div class=\"wrapper__container wrapper__container-width-large--default\">\n\t  <div class=\"wrapper__inner wrapper__width-large--14 wrapper__width-desktop--20 wrapper__width-mobile--24 wrapper__offset-large--6 wrapper__offset-desktop--4 wrapper__offset-mobile--0\">\n\t\t<h1 class=\"heading   heading__size--huge heading__font--serif heading__weight--regular  block-heading__heading\" id=\"nav-tk2021--groningen-blijft-d---energieregio-van-west-europa6888\"  data-nav-heading-mobile=\"TK2021: Groningen blijft d\u00e9 energieregio van West-Europa\" >\n\tTK2021: Groningen blijft d\u00e9 energieregio van West-Europa<\/h1>\t  <\/div>\n\t<\/div>\n  <\/div>\n\n\n<div\n  id=\"\"\n  class=\"wrapper  wrapper__spacing-bottom-large--50 wrapper__spacing-bottom-mobile--40  wrapper__gutter--none\"\n  >\n  \t<div class=\"wrapper__container wrapper__container-width-large--default\">\n\t  <div class=\"wrapper__inner wrapper__width-large--13 wrapper__width-desktop--22 wrapper__width-mobile--24 wrapper__offset-large--6 wrapper__offset-desktop--2 wrapper__offset-mobile--0\">\n\t\t<p\n\t\tclass=\"paragraph   paragraph__size--big   block-paragraph__paragraph\"\n\t\t\t>\n\t\tWe willen van het gas af, zeker hier in Groningen. Dat betekent dat we in onze provincie m\u00e9\u00e9r duurzame energie gaan opwekken en verbruiken. Met de deelname van lokale energie- en dorpsco\u00f6peraties houden we dat in eigen hand, zodat Groningers hier z\u00e9lf van profiteren.\t<\/p>\t  <\/div>\n\t<\/div>\n  <\/div>\n\n\n<div\n  id=\"\"\n  class=\"wrapper  wrapper__spacing-bottom-large--30 wrapper__spacing-bottom-desktop--20 wrapper__spacing-bottom-mobile--10  wrapper__gutter--none\"\n  >\n  \t<div class=\"wrapper__container wrapper__container-width-large--default\">\n\t  <div class=\"wrapper__inner wrapper__width-large--14 wrapper__width-desktop--24 wrapper__width-mobile--24 wrapper__offset-large--6 wrapper__offset-desktop--2 wrapper__offset-mobile--0\">\n\t\t<section class=\"block-related-post-metadata js-block-related-post-metadata\">\n\t<div class=\"block-related-post-metadata__content-wrapper\">\n\t\t<div class=\"block-related-post-metadata__persons\">\n\t\t\t<div class=\"related-person-info__wrapper\">\n\t\t\t<div class=\"related-person-info__item related-person-info__color--rosePink\">\n\t\t\t<a class=\"related-person-info__link\" href=\"https:\/\/d66.nl\/provinciegroningen\/mensen\/jurgen-elshof\/\">\n\t\t\t\t<div class=\"related-person-info__image_container\">\n\t\t\t\t<img loading=\"lazy\" decoding=\"async\" width=\"150\" height=\"150\" src=\"https:\/\/d66.nl\/provinciegroningen\/wp-content\/uploads\/sites\/350\/2021\/10\/D66_Suikerterrein_dec2023-62-150x150.jpg\" class=\"related-person-info__image\" alt=\"\" \/>\t\t\t\t<\/div>\n\t\t\t\t<div class=\"related-person-info__meta\">\n\t\t\t\t\t\t\t\t\t<header class=\"related-person-info__header\">\n\t\t\t\t\t\t<h3 class=\"heading   heading__size--small heading__font--sans heading__weight--bold\" id=\"nav-jurgen-elshof6234\">\n\tJurgen Elshof<\/h3>\t\t\t\t\t<\/header>\n\t\t\t\t\t\t\t\t\t\t\t\t\t<div class=\"related-person-info__description\">\n\t\t\t\t\t\t<p class=\"paragraph   paragraph__size--small paragraph__weight--normal\">\n\t\tRegiovoorzitter\t<\/p>\t\t\t\t\t<\/div>\n\t\t\t\t\t\t\t\t<\/div>\n\t\t\t<\/a>\n\t\t<\/div>\n\t\t<\/div>\t\t<\/div>\n\t\t<div class=\"block-related-post-metadata__meta\">\n\t\t\t<div class=\"block-related-post-metadata__date\">\n\t\t\t\t23.02.2021<div class=\"post-share js-post-share rs_skip_always\">\n\t<button class=\"post-share__share-button js-post-share-share-button\">\n\t\tShare\t\t<svg xmlns='http:\/\/www.w3.org\/2000\/svg' width='100px' height='100px' viewBox='0 0 24 24' fill='none'><path d='m8.684 10.658 6.629-3.314m.003 9.314-6.622-3.311M21 6a3 3 0 1 1-6 0 3 3 0 0 1 6 0ZM9 12a3 3 0 1 1-6 0 3 3 0 0 1 6 0Zm12 6a3 3 0 1 1-6 0 3 3 0 0 1 6 0Z' stroke='currentColor' stroke-width='1.5' fill='none'\/><\/svg>\t<\/button>\n\t<dialog class=\"post-share__dialog js-post-share-dialog\" aria-hidden=\"true\">\n\t\t<div class=\"post-share__dialog-header\">\n\t\t\tShare this post\t\t\t<button class=\"post-share__dialog-close js-post-share-dialog-close\">\n\t\t\t\t<svg xmlns='http:\/\/www.w3.org\/2000\/svg' width='150' height='150' viewBox='0 0 150 150' fill='none'><path d='M44.103 105.897 75 75m30.898-30.898L75 75m0 0L44.103 44.102M75 75l30.898 30.897' stroke='currentColor' stroke-width='5' fill='none'\/><\/svg>\t\t\t<\/button>\n\t\t<\/div>\n\t\t<div class=\"post-share__dialog-socials\">\n\t\t\t\t\t\t\t\t\t\t\t<a class=\"post-share__dialog-item js-post-share-dialog-item\" href=\"#\" target=\"_blank\" data-copy=&quot;true&quot;>\n\t\t\t\t\tKopier link<svg xmlns='http:\/\/www.w3.org\/2000\/svg' width='150' height='150' viewBox='0 0 150 150' fill='none'><path d='M67.468 108.679c-8.533-.512-14.164-3.583-17.407-9.983-3.242-6.314-2.815-12.713 1.195-18.6 1.706-2.56 3.584-5.035 5.46-7.594 1.537-2.048 3.584-2.475 5.462-1.195 2.047 1.45 2.389 3.498.938 5.632-1.706 2.474-3.584 4.948-5.29 7.423-3.242 4.778-2.304 11.092 2.133 14.334 4.864 3.584 11.092 2.731 14.761-1.962 1.963-2.475 3.754-5.12 5.632-7.68 1.194-1.535 2.645-2.218 4.607-1.28 1.792.854 2.645 2.39 2.304 4.267 0 .17 0 .427-.17.597-3.67 5.12-6.4 11.178-12.544 13.993-2.56 1.195-5.46 1.707-6.996 2.219l-.085-.171Z' fill='currentColor'\/><path d='M86.921 44.6c6.144.257 11.605 3.328 14.932 9.728 3.328 6.399 2.816 12.798-1.109 18.856-1.621 2.56-3.498 4.95-5.29 7.424-1.707 2.303-3.754 2.815-5.717 1.45-2.048-1.45-2.304-3.669-.597-6.058 1.621-2.304 3.328-4.608 4.949-6.911 3.498-4.95 2.56-11.348-2.133-14.761-4.779-3.499-11.178-2.475-14.847 2.56-1.792 2.388-3.498 4.863-5.205 7.252-1.62 2.218-3.583 2.56-5.546 1.11-1.877-1.366-2.218-3.414-.768-5.462 2.048-2.986 4.01-5.972 6.314-8.703 3.67-4.351 8.448-6.399 15.103-6.399l-.086-.085Z' fill='currentColor'\/><path d='M71.478 88.457c-3.498-.341-5.46-3.413-3.754-6.143 3.327-5.29 6.825-10.495 10.324-15.7 1.45-2.133 3.413-2.389 5.46-1.109 1.878 1.28 2.219 3.413.854 5.546-3.328 5.034-6.57 9.983-9.983 14.932-.683 1.024-1.963 1.621-2.901 2.389v.085Z' fill='currentColor'\/><\/svg>\t\t\t\t<\/a>\n\t\t\t\t\t\t\t\t\t\t\t<a class=\"post-share__dialog-item js-post-share-dialog-item\" href=\"mailto:?to=%20&amp;body=https%3A%2F%2Fd66.nl%2Fprovinciegroningen%2Fnieuws%2Ftk2021-groningen-blijft-de-energieregio-van-west-europa\" target=\"_blank\" >\n\t\t\t\t\tMail<svg xmlns='http:\/\/www.w3.org\/2000\/svg' width='40' height='40' viewBox='0 0 40 40' fill='none'><path d='M24.107 15.865a1 1 0 0 1 1.266 1.265l-1.686 5.052a1 1 0 0 1-1.654.392l-3.37-3.37a1.001 1.001 0 0 1 .392-1.654l5.052-1.685Z' fill='currentColor'\/><path d='m21.763 19.475-5.657 5.657' stroke='currentColor' stroke-width='2' stroke-linecap='round' fill='none'\/><\/svg>\t\t\t\t<\/a>\n\t\t\t\t\t\t\t\t\t\t\t<a class=\"post-share__dialog-item js-post-share-dialog-item\" href=\"https:\/\/www.linkedin.com\/sharing\/share-offsite\/?url=https%3A%2F%2Fd66.nl%2Fprovinciegroningen%2Fnieuws%2Ftk2021-groningen-blijft-de-energieregio-van-west-europa\" target=\"_blank\" >\n\t\t\t\t\tLinkedIn<svg xmlns='http:\/\/www.w3.org\/2000\/svg' width='40' height='40' viewBox='0 0 40 40' fill='none'><path d='M24.107 15.865a1 1 0 0 1 1.266 1.265l-1.686 5.052a1 1 0 0 1-1.654.392l-3.37-3.37a1.001 1.001 0 0 1 .392-1.654l5.052-1.685Z' fill='currentColor'\/><path d='m21.763 19.475-5.657 5.657' stroke='currentColor' stroke-width='2' stroke-linecap='round' fill='none'\/><\/svg>\t\t\t\t<\/a>\n\t\t\t\t\t\t\t\t\t\t\t<a class=\"post-share__dialog-item js-post-share-dialog-item\" href=\"https:\/\/www.facebook.com\/sharer\/sharer.php?u=https%3A%2F%2Fd66.nl%2Fprovinciegroningen%2Fnieuws%2Ftk2021-groningen-blijft-de-energieregio-van-west-europa\" target=\"_blank\" >\n\t\t\t\t\tFacebook<svg xmlns='http:\/\/www.w3.org\/2000\/svg' width='40' height='40' viewBox='0 0 40 40' fill='none'><path d='M24.107 15.865a1 1 0 0 1 1.266 1.265l-1.686 5.052a1 1 0 0 1-1.654.392l-3.37-3.37a1.001 1.001 0 0 1 .392-1.654l5.052-1.685Z' fill='currentColor'\/><path d='m21.763 19.475-5.657 5.657' stroke='currentColor' stroke-width='2' stroke-linecap='round' fill='none'\/><\/svg>\t\t\t\t<\/a>\n\t\t\t\t\t\t\t\t\t\t\t<a class=\"post-share__dialog-item js-post-share-dialog-item\" href=\"whatsapp:\/\/send?text=https%3A%2F%2Fd66.nl%2Fprovinciegroningen%2Fnieuws%2Ftk2021-groningen-blijft-de-energieregio-van-west-europa\" target=\"_blank\" >\n\t\t\t\t\tWhatsApp<svg xmlns='http:\/\/www.w3.org\/2000\/svg' width='40' height='40' viewBox='0 0 40 40' fill='none'><path d='M24.107 15.865a1 1 0 0 1 1.266 1.265l-1.686 5.052a1 1 0 0 1-1.654.392l-3.37-3.37a1.001 1.001 0 0 1 .392-1.654l5.052-1.685Z' fill='currentColor'\/><path d='m21.763 19.475-5.657 5.657' stroke='currentColor' stroke-width='2' stroke-linecap='round' fill='none'\/><\/svg>\t\t\t\t<\/a>\n\t\t\t\t\t\t\t\t\t\t\t<a class=\"post-share__dialog-item js-post-share-dialog-item\" href=\"https:\/\/x.com\/intent\/post?url=https%3A%2F%2Fd66.nl%2Fprovinciegroningen%2Fnieuws%2Ftk2021-groningen-blijft-de-energieregio-van-west-europa\" target=\"_blank\" >\n\t\t\t\t\tTwitter (X)<svg xmlns='http:\/\/www.w3.org\/2000\/svg' width='40' height='40' viewBox='0 0 40 40' fill='none'><path d='M24.107 15.865a1 1 0 0 1 1.266 1.265l-1.686 5.052a1 1 0 0 1-1.654.392l-3.37-3.37a1.001 1.001 0 0 1 .392-1.654l5.052-1.685Z' fill='currentColor'\/><path d='m21.763 19.475-5.657 5.657' stroke='currentColor' stroke-width='2' stroke-linecap='round' fill='none'\/><\/svg>\t\t\t\t<\/a>\n\t\t\t\t\t<\/div>\n\t<\/dialog>\n<\/div>\t\t\t<\/div>\n\t\t\t<div class=\"block-related-post-metadata__categories\">\n\t\t\t\t<div class=\"category-link__wrapper\">\n\t\t\t<div class=\"category-link__item\">\n\t\t\t<a href=\"https:\/\/d66.nl\/provinciegroningen\/category\/d66\/\">\n\t\t\t\tD66\t\t\t<\/a>\n\t\t<\/div>\n\t\t\t\t<div class=\"category-link__item\">\n\t\t\t<a href=\"https:\/\/d66.nl\/provinciegroningen\/search-tags\/energietransitie\/\">\n\t\t\t\tEnergietransitie\t\t\t<\/a>\n\t\t<\/div>\n\t\t\t\t<div class=\"category-link__item\">\n\t\t\t<a href=\"https:\/\/d66.nl\/provinciegroningen\/search-tags\/gaswinning-en-mijnbouw\/\">\n\t\t\t\tGaswinning en mijnbouw\t\t\t<\/a>\n\t\t<\/div>\n\t\t\t\t<div class=\"category-link__item\">\n\t\t\t<a href=\"https:\/\/d66.nl\/provinciegroningen\/search-tags\/ruimte-en-wonen\/\">\n\t\t\t\tRuimte en wonen\t\t\t<\/a>\n\t\t<\/div>\n\t\t<\/div>\t\t\t<\/div>\n\t\t<\/div>\n\t<\/div>\n<\/section>\n\t  <\/div>\n\t<\/div>\n  <\/div>\n\n\n<div\n  id=\"\"\n  class=\"wrapper  wrapper__spacing-bottom-large--20  wrapper__gutter--none\"\n  >\n  \t<div class=\"wrapper__container wrapper__container-width-large--default\">\n\t  <div class=\"wrapper__inner wrapper__width-large--24 wrapper__width-mobile--24\">\n\t\t<img loading=\"lazy\" decoding=\"async\" width=\"1024\" height=\"683\" src=\"https:\/\/d66.nl\/provinciegroningen\/wp-content\/uploads\/sites\/350\/2022\/01\/Foto-energie-Stella-Dekker-1024x683.jpg\" class=\"image block-image__img\" alt=\"\" srcset=\"https:\/\/d66.nl\/provinciegroningen\/wp-content\/uploads\/sites\/350\/2022\/01\/Foto-energie-Stella-Dekker-1024x683.jpg 1024w, https:\/\/d66.nl\/provinciegroningen\/wp-content\/uploads\/sites\/350\/2022\/01\/Foto-energie-Stella-Dekker-300x200.jpg 300w, https:\/\/d66.nl\/provinciegroningen\/wp-content\/uploads\/sites\/350\/2022\/01\/Foto-energie-Stella-Dekker-768x512.jpg 768w, https:\/\/d66.nl\/provinciegroningen\/wp-content\/uploads\/sites\/350\/2022\/01\/Foto-energie-Stella-Dekker-1536x1024.jpg 1536w, https:\/\/d66.nl\/provinciegroningen\/wp-content\/uploads\/sites\/350\/2022\/01\/Foto-energie-Stella-Dekker.jpg 1920w\" sizes=\"auto, (max-width: 1024px) 100vw, 1024px\" \/>\n\t\t\t<div class=\"image__caption-wrapper block-image__caption-wrapper\">\n\t\t\t<div class=\"image__caption block-image__caption\">\n\t\t\t\t<p class=\"paragraph paragraph__align--left paragraph__color--black paragraph__size--small paragraph__weight--medium\">\n\t\tBeeld: Stella Dekker Fotografie\t<\/p>\t\t\t<\/div>\n\t\t<\/div>\t  <\/div>\n\t<\/div>\n  <\/div>\n\n\n<div\n  id=\"\"\n  class=\"wrapper  wrapper__spacing-bottom-large--50 wrapper__spacing-bottom-desktop--70 wrapper__spacing-bottom-mobile--50  wrapper__gutter--none\"\n  >\n  \t<div class=\"wrapper__container wrapper__container-width-large--default\">\n\t  <div class=\"wrapper__inner wrapper__width-large--18 wrapper__width-desktop--22 wrapper__width-mobile--24 wrapper__offset-large--6 wrapper__offset-desktop--2 wrapper__offset-mobile--0\">\n\t\t<section class=\"block-post-content\">\n\t<div class=\"block-post-content__title\">\n\t\t<h3 class=\"heading  heading__color--black heading__size--medium heading__font--sans heading__weight--semiBold  block-post-content__heading\" id=\"nav-energiezuinige-woningen1309\" data-nav-heading-mobile=\"Energiezuinige woningen\">\n\tEnergiezuinige woningen<\/h3>\t<\/div>\n\t<div class=\"block-post-content__content\">\n\t\t\n<div\n  id=\"\"\n  class=\"wrapper  wrapper__spacing-bottom-large--30 wrapper__spacing-bottom-desktop--20  wrapper__gutter--none\"\n  >\n  \t<div class=\"wrapper__container wrapper__container-width-large--default\">\n\t  <div class=\"wrapper__inner wrapper__width-large--24 wrapper__width-mobile--24\">\n\t\t<p\n\t\tclass=\"paragraph paragraph__align--left paragraph__color--black paragraph__size--default   block-paragraph__paragraph\"\n\t\t\t>\n\t\tNieuwe woningen worden bijna energieneutraal gebouwd. Oudere woningen van het gas af halen is vaak een stap lastiger. Met de hulp van energiecoaches \u00e9n subsidies worden bewoners geholpen om hun woningen energiezuiniger te maken.\t<\/p>\t  <\/div>\n\t<\/div>\n  <\/div>\n\n\t<\/div>\n\n\t<div class=\"block-post-content__sidebar\">\n\t\t\n\t\t\n\t\t\t<\/div>\n<\/section>\n\t  <\/div>\n\t<\/div>\n  <\/div>\n\n\n<div\n  id=\"\"\n  class=\"wrapper  wrapper__spacing-bottom-large--50 wrapper__spacing-bottom-desktop--70 wrapper__spacing-bottom-mobile--50  wrapper__gutter--none\"\n  >\n  \t<div class=\"wrapper__container wrapper__container-width-large--default\">\n\t  <div class=\"wrapper__inner wrapper__width-large--18 wrapper__width-desktop--22 wrapper__width-mobile--24 wrapper__offset-large--6 wrapper__offset-desktop--2 wrapper__offset-mobile--0\">\n\t\t<section class=\"block-post-content\">\n\t<div class=\"block-post-content__title\">\n\t\t<h3 class=\"heading  heading__color--black heading__size--medium heading__font--sans heading__weight--semiBold  block-post-content__heading\" id=\"nav-juiste-balans-in-het-landschap5044\" data-nav-heading-mobile=\"Juiste balans in het landschap\">\n\tJuiste balans in het landschap<\/h3>\t<\/div>\n\t<div class=\"block-post-content__content\">\n\t\t\n<div\n  id=\"\"\n  class=\"wrapper  wrapper__spacing-bottom-large--30 wrapper__spacing-bottom-desktop--20  wrapper__gutter--none\"\n  >\n  \t<div class=\"wrapper__container wrapper__container-width-large--default\">\n\t  <div class=\"wrapper__inner wrapper__width-large--24 wrapper__width-mobile--24\">\n\t\t<p\n\t\tclass=\"paragraph paragraph__align--left paragraph__color--black paragraph__size--default   block-paragraph__paragraph\"\n\t\t\t>\n\t\tEnergie maken met zon en wind vraagt ruimte. Ook in Groningen is ruimte schaars. D66 wil dat we samen zoeken naar de juiste balans tussen wonen, natuur, landbouw en energieopwekking. Zodat we ook in de toekomst goed kunnen blijven wonen, werken en recre\u00ebren in onze mooie provincie.\t<\/p>\t  <\/div>\n\t<\/div>\n  <\/div>\n\n\t<\/div>\n\n\t<div class=\"block-post-content__sidebar\">\n\t\t\n\t\t\n\t\t\t<\/div>\n<\/section>\n\t  <\/div>\n\t<\/div>\n  <\/div>\n","protected":false},"excerpt":{"rendered":"","protected":false},"author":385,"featured_media":513,"comment_status":"closed","ping_status":"open","sticky":false,"template":"","format":"standard","meta":{"_acf_changed":false,"footnotes":""},"categories":[1],"search-tags":[3,28,4],"labels":[],"class_list":["post-1538","post","type-post","status-publish","format-standard","has-post-thumbnail","hentry","category-d66","search-tags-energietransitie","search-tags-gaswinning-en-mijnbouw","search-tags-ruimte-en-wonen"],"acf":[],"yoast_head":"<!-- This site is optimized with the Yoast SEO plugin v27.3 - https:\/\/yoast.com\/product\/yoast-seo-wordpress\/ -->\n<title>D66 Provincie Groningen &#8212; TK2021: Groningen blijft d\u00e9 energieregio van West-Europa<\/title>\n<meta name=\"description\" content=\"We willen van het gas af, zeker hier in Groningen. Dat betekent dat we in onze provincie m\u00e9\u00e9r duurzame energie moeten opwekken en woningen moeten verduurzamen.\" \/>\n<meta name=\"robots\" content=\"index, follow, max-snippet:-1, max-image-preview:large, max-video-preview:-1\" \/>\n<link rel=\"canonical\" href=\"https:\/\/d66.nl\/provinciegroningen\/nieuws\/tk2021-groningen-blijft-de-energieregio-van-west-europa\" \/>\n<meta property=\"og:locale\" content=\"nl_NL\" \/>\n<meta property=\"og:type\" content=\"article\" \/>\n<meta property=\"og:title\" content=\"D66 Provincie Groningen &#8212; TK2021: Groningen blijft d\u00e9 energieregio van West-Europa\" \/>\n<meta property=\"og:description\" content=\"We willen van het gas af, zeker hier in Groningen. Dat betekent dat we in onze provincie m\u00e9\u00e9r duurzame energie moeten opwekken en woningen moeten verduurzamen.\" \/>\n<meta property=\"og:url\" content=\"https:\/\/d66.nl\/provinciegroningen\/nieuws\/tk2021-groningen-blijft-de-energieregio-van-west-europa\/\" \/>\n<meta property=\"og:site_name\" content=\"D66 Provincie Groningen\" \/>\n<meta property=\"article:published_time\" content=\"2021-02-23T13:13:00+00:00\" \/>\n<meta property=\"article:modified_time\" content=\"2022-05-05T13:33:11+00:00\" \/>\n<meta property=\"og:image\" content=\"https:\/\/d66.nl\/provinciegroningen\/wp-content\/uploads\/sites\/350\/2022\/01\/Foto-energie-Stella-Dekker.jpg\" \/>\n\t<meta property=\"og:image:width\" content=\"1920\" \/>\n\t<meta property=\"og:image:height\" content=\"1280\" \/>\n\t<meta property=\"og:image:type\" content=\"image\/jpeg\" \/>\n<meta name=\"author\" content=\"David Vos\" \/>\n<meta name=\"twitter:card\" content=\"summary_large_image\" \/>\n<meta name=\"twitter:label1\" content=\"Geschreven door\" \/>\n\t<meta name=\"twitter:data1\" content=\"David Vos\" \/>\n<script type=\"application\/ld+json\" class=\"yoast-schema-graph\">{\"@context\":\"https:\\\/\\\/schema.org\",\"@graph\":[{\"@type\":\"Article\",\"@id\":\"https:\\\/\\\/d66.nl\\\/provinciegroningen\\\/nieuws\\\/tk2021-groningen-blijft-de-energieregio-van-west-europa\\\/#article\",\"isPartOf\":{\"@id\":\"https:\\\/\\\/d66.nl\\\/provinciegroningen\\\/nieuws\\\/tk2021-groningen-blijft-de-energieregio-van-west-europa\\\/\"},\"author\":{\"name\":\"David Vos\",\"@id\":\"https:\\\/\\\/d66.nl\\\/provinciegroningen\\\/#\\\/schema\\\/person\\\/99ef78342cdf416cf7635fbaa8c2ab58\"},\"headline\":\"TK2021: Groningen blijft d\u00e9 energieregio van West-Europa\",\"datePublished\":\"2021-02-23T13:13:00+00:00\",\"dateModified\":\"2022-05-05T13:33:11+00:00\",\"mainEntityOfPage\":{\"@id\":\"https:\\\/\\\/d66.nl\\\/provinciegroningen\\\/nieuws\\\/tk2021-groningen-blijft-de-energieregio-van-west-europa\\\/\"},\"wordCount\":7,\"image\":{\"@id\":\"https:\\\/\\\/d66.nl\\\/provinciegroningen\\\/nieuws\\\/tk2021-groningen-blijft-de-energieregio-van-west-europa\\\/#primaryimage\"},\"thumbnailUrl\":\"https:\\\/\\\/d66.nl\\\/provinciegroningen\\\/wp-content\\\/uploads\\\/sites\\\/350\\\/2022\\\/01\\\/Foto-energie-Stella-Dekker.jpg\",\"articleSection\":[\"D66\"],\"inLanguage\":\"nl-NL\"},{\"@type\":\"WebPage\",\"@id\":\"https:\\\/\\\/d66.nl\\\/provinciegroningen\\\/nieuws\\\/tk2021-groningen-blijft-de-energieregio-van-west-europa\\\/\",\"url\":\"https:\\\/\\\/d66.nl\\\/provinciegroningen\\\/nieuws\\\/tk2021-groningen-blijft-de-energieregio-van-west-europa\\\/\",\"name\":\"D66 Provincie Groningen &#8212; TK2021: Groningen blijft d\u00e9 energieregio van West-Europa\",\"isPartOf\":{\"@id\":\"https:\\\/\\\/d66.nl\\\/provinciegroningen\\\/#website\"},\"primaryImageOfPage\":{\"@id\":\"https:\\\/\\\/d66.nl\\\/provinciegroningen\\\/nieuws\\\/tk2021-groningen-blijft-de-energieregio-van-west-europa\\\/#primaryimage\"},\"image\":{\"@id\":\"https:\\\/\\\/d66.nl\\\/provinciegroningen\\\/nieuws\\\/tk2021-groningen-blijft-de-energieregio-van-west-europa\\\/#primaryimage\"},\"thumbnailUrl\":\"https:\\\/\\\/d66.nl\\\/provinciegroningen\\\/wp-content\\\/uploads\\\/sites\\\/350\\\/2022\\\/01\\\/Foto-energie-Stella-Dekker.jpg\",\"datePublished\":\"2021-02-23T13:13:00+00:00\",\"dateModified\":\"2022-05-05T13:33:11+00:00\",\"author\":{\"@id\":\"https:\\\/\\\/d66.nl\\\/provinciegroningen\\\/#\\\/schema\\\/person\\\/99ef78342cdf416cf7635fbaa8c2ab58\"},\"description\":\"We willen van het gas af, zeker hier in Groningen. Dat betekent dat we in onze provincie m\u00e9\u00e9r duurzame energie moeten opwekken en woningen moeten verduurzamen.\",\"breadcrumb\":{\"@id\":\"https:\\\/\\\/d66.nl\\\/provinciegroningen\\\/nieuws\\\/tk2021-groningen-blijft-de-energieregio-van-west-europa\\\/#breadcrumb\"},\"inLanguage\":\"nl-NL\",\"potentialAction\":[{\"@type\":\"ReadAction\",\"target\":[\"https:\\\/\\\/d66.nl\\\/provinciegroningen\\\/nieuws\\\/tk2021-groningen-blijft-de-energieregio-van-west-europa\\\/\"]}]},{\"@type\":\"ImageObject\",\"inLanguage\":\"nl-NL\",\"@id\":\"https:\\\/\\\/d66.nl\\\/provinciegroningen\\\/nieuws\\\/tk2021-groningen-blijft-de-energieregio-van-west-europa\\\/#primaryimage\",\"url\":\"https:\\\/\\\/d66.nl\\\/provinciegroningen\\\/wp-content\\\/uploads\\\/sites\\\/350\\\/2022\\\/01\\\/Foto-energie-Stella-Dekker.jpg\",\"contentUrl\":\"https:\\\/\\\/d66.nl\\\/provinciegroningen\\\/wp-content\\\/uploads\\\/sites\\\/350\\\/2022\\\/01\\\/Foto-energie-Stella-Dekker.jpg\",\"width\":1920,\"height\":1280},{\"@type\":\"BreadcrumbList\",\"@id\":\"https:\\\/\\\/d66.nl\\\/provinciegroningen\\\/nieuws\\\/tk2021-groningen-blijft-de-energieregio-van-west-europa\\\/#breadcrumb\",\"itemListElement\":[{\"@type\":\"ListItem\",\"position\":1,\"name\":\"Home\",\"item\":\"https:\\\/\\\/d66.nl\\\/provinciegroningen\\\/\"},{\"@type\":\"ListItem\",\"position\":2,\"name\":\"Nieuws\",\"item\":\"https:\\\/\\\/d66.nl\\\/provinciegroningen\\\/nieuws\\\/\"},{\"@type\":\"ListItem\",\"position\":3,\"name\":\"TK2021: Groningen blijft d\u00e9 energieregio van West-Europa\"}]},{\"@type\":\"WebSite\",\"@id\":\"https:\\\/\\\/d66.nl\\\/provinciegroningen\\\/#website\",\"url\":\"https:\\\/\\\/d66.nl\\\/provinciegroningen\\\/\",\"name\":\"D66 Provincie Groningen\",\"description\":\"Stop stilstand. Stem vooruit.\",\"potentialAction\":[{\"@type\":\"SearchAction\",\"target\":{\"@type\":\"EntryPoint\",\"urlTemplate\":\"https:\\\/\\\/d66.nl\\\/provinciegroningen\\\/?s={search_term_string}\"},\"query-input\":{\"@type\":\"PropertyValueSpecification\",\"valueRequired\":true,\"valueName\":\"search_term_string\"}}],\"inLanguage\":\"nl-NL\"},{\"@type\":\"Person\",\"@id\":\"https:\\\/\\\/d66.nl\\\/provinciegroningen\\\/#\\\/schema\\\/person\\\/99ef78342cdf416cf7635fbaa8c2ab58\",\"name\":\"David Vos\",\"image\":{\"@type\":\"ImageObject\",\"inLanguage\":\"nl-NL\",\"@id\":\"https:\\\/\\\/secure.gravatar.com\\\/avatar\\\/8503ef688bc4ca3a29578edb29f6863612d8fdd2db9bec5004b1a43402138f28?s=96&d=mm&r=g\",\"url\":\"https:\\\/\\\/secure.gravatar.com\\\/avatar\\\/8503ef688bc4ca3a29578edb29f6863612d8fdd2db9bec5004b1a43402138f28?s=96&d=mm&r=g\",\"contentUrl\":\"https:\\\/\\\/secure.gravatar.com\\\/avatar\\\/8503ef688bc4ca3a29578edb29f6863612d8fdd2db9bec5004b1a43402138f28?s=96&d=mm&r=g\",\"caption\":\"David Vos\"}}]}<\/script>\n<!-- \/ Yoast SEO plugin. -->","yoast_head_json":{"title":"D66 Provincie Groningen &#8212; TK2021: Groningen blijft d\u00e9 energieregio van West-Europa","description":"We willen van het gas af, zeker hier in Groningen. Dat betekent dat we in onze provincie m\u00e9\u00e9r duurzame energie moeten opwekken en woningen moeten verduurzamen.","robots":{"index":"index","follow":"follow","max-snippet":"max-snippet:-1","max-image-preview":"max-image-preview:large","max-video-preview":"max-video-preview:-1"},"canonical":"https:\/\/d66.nl\/provinciegroningen\/nieuws\/tk2021-groningen-blijft-de-energieregio-van-west-europa","og_locale":"nl_NL","og_type":"article","og_title":"D66 Provincie Groningen &#8212; TK2021: Groningen blijft d\u00e9 energieregio van West-Europa","og_description":"We willen van het gas af, zeker hier in Groningen. Dat betekent dat we in onze provincie m\u00e9\u00e9r duurzame energie moeten opwekken en woningen moeten verduurzamen.","og_url":"https:\/\/d66.nl\/provinciegroningen\/nieuws\/tk2021-groningen-blijft-de-energieregio-van-west-europa\/","og_site_name":"D66 Provincie Groningen","article_published_time":"2021-02-23T13:13:00+00:00","article_modified_time":"2022-05-05T13:33:11+00:00","og_image":[{"width":1920,"height":1280,"url":"https:\/\/d66.nl\/provinciegroningen\/wp-content\/uploads\/sites\/350\/2022\/01\/Foto-energie-Stella-Dekker.jpg","type":"image\/jpeg"}],"author":"David Vos","twitter_card":"summary_large_image","twitter_misc":{"Geschreven door":"David Vos"},"schema":{"@context":"https:\/\/schema.org","@graph":[{"@type":"Article","@id":"https:\/\/d66.nl\/provinciegroningen\/nieuws\/tk2021-groningen-blijft-de-energieregio-van-west-europa\/#article","isPartOf":{"@id":"https:\/\/d66.nl\/provinciegroningen\/nieuws\/tk2021-groningen-blijft-de-energieregio-van-west-europa\/"},"author":{"name":"David Vos","@id":"https:\/\/d66.nl\/provinciegroningen\/#\/schema\/person\/99ef78342cdf416cf7635fbaa8c2ab58"},"headline":"TK2021: Groningen blijft d\u00e9 energieregio van West-Europa","datePublished":"2021-02-23T13:13:00+00:00","dateModified":"2022-05-05T13:33:11+00:00","mainEntityOfPage":{"@id":"https:\/\/d66.nl\/provinciegroningen\/nieuws\/tk2021-groningen-blijft-de-energieregio-van-west-europa\/"},"wordCount":7,"image":{"@id":"https:\/\/d66.nl\/provinciegroningen\/nieuws\/tk2021-groningen-blijft-de-energieregio-van-west-europa\/#primaryimage"},"thumbnailUrl":"https:\/\/d66.nl\/provinciegroningen\/wp-content\/uploads\/sites\/350\/2022\/01\/Foto-energie-Stella-Dekker.jpg","articleSection":["D66"],"inLanguage":"nl-NL"},{"@type":"WebPage","@id":"https:\/\/d66.nl\/provinciegroningen\/nieuws\/tk2021-groningen-blijft-de-energieregio-van-west-europa\/","url":"https:\/\/d66.nl\/provinciegroningen\/nieuws\/tk2021-groningen-blijft-de-energieregio-van-west-europa\/","name":"D66 Provincie Groningen &#8212; TK2021: Groningen blijft d\u00e9 energieregio van West-Europa","isPartOf":{"@id":"https:\/\/d66.nl\/provinciegroningen\/#website"},"primaryImageOfPage":{"@id":"https:\/\/d66.nl\/provinciegroningen\/nieuws\/tk2021-groningen-blijft-de-energieregio-van-west-europa\/#primaryimage"},"image":{"@id":"https:\/\/d66.nl\/provinciegroningen\/nieuws\/tk2021-groningen-blijft-de-energieregio-van-west-europa\/#primaryimage"},"thumbnailUrl":"https:\/\/d66.nl\/provinciegroningen\/wp-content\/uploads\/sites\/350\/2022\/01\/Foto-energie-Stella-Dekker.jpg","datePublished":"2021-02-23T13:13:00+00:00","dateModified":"2022-05-05T13:33:11+00:00","author":{"@id":"https:\/\/d66.nl\/provinciegroningen\/#\/schema\/person\/99ef78342cdf416cf7635fbaa8c2ab58"},"description":"We willen van het gas af, zeker hier in Groningen. Dat betekent dat we in onze provincie m\u00e9\u00e9r duurzame energie moeten opwekken en woningen moeten verduurzamen.","breadcrumb":{"@id":"https:\/\/d66.nl\/provinciegroningen\/nieuws\/tk2021-groningen-blijft-de-energieregio-van-west-europa\/#breadcrumb"},"inLanguage":"nl-NL","potentialAction":[{"@type":"ReadAction","target":["https:\/\/d66.nl\/provinciegroningen\/nieuws\/tk2021-groningen-blijft-de-energieregio-van-west-europa\/"]}]},{"@type":"ImageObject","inLanguage":"nl-NL","@id":"https:\/\/d66.nl\/provinciegroningen\/nieuws\/tk2021-groningen-blijft-de-energieregio-van-west-europa\/#primaryimage","url":"https:\/\/d66.nl\/provinciegroningen\/wp-content\/uploads\/sites\/350\/2022\/01\/Foto-energie-Stella-Dekker.jpg","contentUrl":"https:\/\/d66.nl\/provinciegroningen\/wp-content\/uploads\/sites\/350\/2022\/01\/Foto-energie-Stella-Dekker.jpg","width":1920,"height":1280},{"@type":"BreadcrumbList","@id":"https:\/\/d66.nl\/provinciegroningen\/nieuws\/tk2021-groningen-blijft-de-energieregio-van-west-europa\/#breadcrumb","itemListElement":[{"@type":"ListItem","position":1,"name":"Home","item":"https:\/\/d66.nl\/provinciegroningen\/"},{"@type":"ListItem","position":2,"name":"Nieuws","item":"https:\/\/d66.nl\/provinciegroningen\/nieuws\/"},{"@type":"ListItem","position":3,"name":"TK2021: Groningen blijft d\u00e9 energieregio van West-Europa"}]},{"@type":"WebSite","@id":"https:\/\/d66.nl\/provinciegroningen\/#website","url":"https:\/\/d66.nl\/provinciegroningen\/","name":"D66 Provincie Groningen","description":"Stop stilstand. Stem vooruit.","potentialAction":[{"@type":"SearchAction","target":{"@type":"EntryPoint","urlTemplate":"https:\/\/d66.nl\/provinciegroningen\/?s={search_term_string}"},"query-input":{"@type":"PropertyValueSpecification","valueRequired":true,"valueName":"search_term_string"}}],"inLanguage":"nl-NL"},{"@type":"Person","@id":"https:\/\/d66.nl\/provinciegroningen\/#\/schema\/person\/99ef78342cdf416cf7635fbaa8c2ab58","name":"David Vos","image":{"@type":"ImageObject","inLanguage":"nl-NL","@id":"https:\/\/secure.gravatar.com\/avatar\/8503ef688bc4ca3a29578edb29f6863612d8fdd2db9bec5004b1a43402138f28?s=96&d=mm&r=g","url":"https:\/\/secure.gravatar.com\/avatar\/8503ef688bc4ca3a29578edb29f6863612d8fdd2db9bec5004b1a43402138f28?s=96&d=mm&r=g","contentUrl":"https:\/\/secure.gravatar.com\/avatar\/8503ef688bc4ca3a29578edb29f6863612d8fdd2db9bec5004b1a43402138f28?s=96&d=mm&r=g","caption":"David Vos"}}]}},"_links":{"self":[{"href":"https:\/\/d66.nl\/provinciegroningen\/wp-json\/wp\/v2\/posts\/1538","targetHints":{"allow":["GET"]}}],"collection":[{"href":"https:\/\/d66.nl\/provinciegroningen\/wp-json\/wp\/v2\/posts"}],"about":[{"href":"https:\/\/d66.nl\/provinciegroningen\/wp-json\/wp\/v2\/types\/post"}],"author":[{"embeddable":true,"href":"https:\/\/d66.nl\/provinciegroningen\/wp-json\/wp\/v2\/users\/385"}],"replies":[{"embeddable":true,"href":"https:\/\/d66.nl\/provinciegroningen\/wp-json\/wp\/v2\/comments?post=1538"}],"version-history":[{"count":3,"href":"https:\/\/d66.nl\/provinciegroningen\/wp-json\/wp\/v2\/posts\/1538\/revisions"}],"predecessor-version":[{"id":1541,"href":"https:\/\/d66.nl\/provinciegroningen\/wp-json\/wp\/v2\/posts\/1538\/revisions\/1541"}],"wp:featuredmedia":[{"embeddable":true,"href":"https:\/\/d66.nl\/provinciegroningen\/wp-json\/wp\/v2\/media\/513"}],"wp:attachment":[{"href":"https:\/\/d66.nl\/provinciegroningen\/wp-json\/wp\/v2\/media?parent=1538"}],"wp:term":[{"taxonomy":"category","embeddable":true,"href":"https:\/\/d66.nl\/provinciegroningen\/wp-json\/wp\/v2\/categories?post=1538"},{"taxonomy":"search-tags","embeddable":true,"href":"https:\/\/d66.nl\/provinciegroningen\/wp-json\/wp\/v2\/search-tags?post=1538"},{"taxonomy":"labels","embeddable":true,"href":"https:\/\/d66.nl\/provinciegroningen\/wp-json\/wp\/v2\/labels?post=1538"}],"curies":[{"name":"wp","href":"https:\/\/api.w.org\/{rel}","templated":true}]}}