{"id":2151,"date":"2024-07-08T17:00:00","date_gmt":"2024-07-08T17:00:00","guid":{"rendered":"https:\/\/d66.nl\/oldenzaal\/nieuws\/"},"modified":"2024-10-28T18:40:43","modified_gmt":"2024-10-28T18:40:43","slug":"kadernota-2025","status":"publish","type":"post","link":"https:\/\/d66.nl\/oldenzaal\/nieuws\/kadernota-2025","title":{"rendered":"Kadernota 2025"},"content":{"rendered":"<div\n  id=\"\"\n  class=\"wrapper  wrapper__spacing-bottom-large--50 wrapper__spacing-bottom-desktop--66 wrapper__spacing-bottom-mobile--76  wrapper__gutter--none\"\n  >\n  \t<div class=\"wrapper__container wrapper__container-width-large--default\">\n\t  <div class=\"wrapper__inner wrapper__width-large--14 wrapper__width-desktop--20 wrapper__width-mobile--24 wrapper__offset-large--6 wrapper__offset-desktop--4 wrapper__offset-mobile--0\">\n\t\t<h1 class=\"heading   heading__size--giant heading__font--serif heading__weight--regular  block-heading__heading\" id=\"nav-inbreng-d66-kadernota-20257233\"  data-nav-heading-mobile=\"Inbreng D66 Kadernota 2025\" >\n\tInbreng D66 Kadernota 2025<\/h1>\t  <\/div>\n\t<\/div>\n  <\/div>\n\n\n<div\n  id=\"\"\n  class=\"wrapper  wrapper__spacing-bottom-large--50 wrapper__spacing-bottom-mobile--40  wrapper__gutter--none\"\n  >\n  \t<div class=\"wrapper__container wrapper__container-width-large--default\">\n\t  <div class=\"wrapper__inner wrapper__width-large--13 wrapper__width-desktop--22 wrapper__width-mobile--24 wrapper__offset-large--6 wrapper__offset-desktop--2 wrapper__offset-mobile--0\">\n\t\t<p\n\t\tclass=\"paragraph   paragraph__size--big   block-paragraph__paragraph\"\n\t\t\t>\n\t\t<br>Voorzitter,<br><br><br>We bespreken vandaag de kadernota voor het jaar 2025, waarin we kijken hoe we in 2025 van Oldenzaal als leukste stad van Nederland een n\u00f3g leukere stad gaan maken. We hebben het over over doelen die we willen halen, met bijbehorende financi\u00eble uitgaven . Dat laatste is een groter probleem dan in eerdere jaren omdat in het jaar 2026 en in de jaren daarna verwacht moet worden dat we minder geld krijgen van het rijk om onze gemeente draaiende te houden. Dat betekent dat we met minder geld toe moeten en dus nog meer dan eerdere jaren keuzes moeten maken. Keuzes die onplezierig zijn, soms pijn kunnen doen.\t<\/p>\t  <\/div>\n\t<\/div>\n  <\/div>\n\n\n<div\n  id=\"\"\n  class=\"wrapper  wrapper__spacing-bottom-large--30 wrapper__spacing-bottom-desktop--20 wrapper__spacing-bottom-mobile--10  wrapper__gutter--none\"\n  >\n  \t<div class=\"wrapper__container wrapper__container-width-large--default\">\n\t  <div class=\"wrapper__inner wrapper__width-large--14 wrapper__width-desktop--24 wrapper__width-mobile--24 wrapper__offset-large--6 wrapper__offset-desktop--2 wrapper__offset-mobile--0\">\n\t\t<section class=\"block-related-post-metadata js-block-related-post-metadata\">\n\t<div class=\"block-related-post-metadata__content-wrapper\">\n\t\t<div class=\"block-related-post-metadata__persons\">\n\t\t\t<div class=\"related-person-info__wrapper\">\n\t\t\t<div class=\"related-person-info__item related-person-info__color--yellow\">\n\t\t\t<a class=\"related-person-info__link\" href=\"https:\/\/d66.nl\/oldenzaal\/mensen\/maarten_van_der_waal\/\">\n\t\t\t\t<div class=\"related-person-info__image_container\">\n\t\t\t\t<img loading=\"lazy\" decoding=\"async\" width=\"150\" height=\"150\" src=\"https:\/\/media.d66.nl\/uploads\/sites\/343\/2021\/10\/RHK20251213D66Oldenzaal_26-150x150.jpg\" class=\"related-person-info__image\" alt=\"\" \/>\t\t\t\t<\/div>\n\t\t\t\t<div class=\"related-person-info__meta\">\n\t\t\t\t\t\t\t\t\t<header class=\"related-person-info__header\">\n\t\t\t\t\t\t<h3 class=\"heading   heading__size--small heading__font--sans heading__weight--bold\" id=\"nav-maarten-van-der-waal5881\">\n\tMaarten van der Waal<\/h3>\t\t\t\t\t<\/header>\n\t\t\t\t\t\t\t\t\t\t\t\t\t<div class=\"related-person-info__description\">\n\t\t\t\t\t\t<p class=\"paragraph   paragraph__size--small paragraph__weight--normal\">\n\t\tVoormalig Fractievoorzitter (tot 1 april 2026)\t<\/p>\t\t\t\t\t<\/div>\n\t\t\t\t\t\t\t\t<\/div>\n\t\t\t<\/a>\n\t\t<\/div>\n\t\t<\/div>\t\t<\/div>\n\t\t<div class=\"block-related-post-metadata__meta\">\n\t\t\t<div class=\"block-related-post-metadata__date\">\n\t\t\t\t08.07.2024<div class=\"post-share js-post-share rs_skip_always\">\n\t<button class=\"post-share__share-button js-post-share-share-button\">\n\t\tShare\t\t<svg xmlns='http:\/\/www.w3.org\/2000\/svg' width='100px' height='100px' viewBox='0 0 24 24' fill='none'><path d='m8.684 10.658 6.629-3.314m.003 9.314-6.622-3.311M21 6a3 3 0 1 1-6 0 3 3 0 0 1 6 0ZM9 12a3 3 0 1 1-6 0 3 3 0 0 1 6 0Zm12 6a3 3 0 1 1-6 0 3 3 0 0 1 6 0Z' stroke='currentColor' stroke-width='1.5' fill='none'\/><\/svg>\t<\/button>\n\t<dialog class=\"post-share__dialog js-post-share-dialog\" aria-hidden=\"true\">\n\t\t<div class=\"post-share__dialog-header\">\n\t\t\tShare this post\t\t\t<button class=\"post-share__dialog-close js-post-share-dialog-close\">\n\t\t\t\t<svg xmlns='http:\/\/www.w3.org\/2000\/svg' width='150' height='150' viewBox='0 0 150 150' fill='none'><path d='M44.103 105.897 75 75m30.898-30.898L75 75m0 0L44.103 44.102M75 75l30.898 30.897' stroke='currentColor' stroke-width='5' fill='none'\/><\/svg>\t\t\t<\/button>\n\t\t<\/div>\n\t\t<div class=\"post-share__dialog-socials\">\n\t\t\t\t\t\t\t\t\t\t\t<a class=\"post-share__dialog-item js-post-share-dialog-item\" href=\"#\" target=\"_blank\" data-copy=&quot;true&quot;>\n\t\t\t\t\tKopier link<svg xmlns='http:\/\/www.w3.org\/2000\/svg' width='150' height='150' viewBox='0 0 150 150' fill='none'><path d='M67.468 108.679c-8.533-.512-14.164-3.583-17.407-9.983-3.242-6.314-2.815-12.713 1.195-18.6 1.706-2.56 3.584-5.035 5.46-7.594 1.537-2.048 3.584-2.475 5.462-1.195 2.047 1.45 2.389 3.498.938 5.632-1.706 2.474-3.584 4.948-5.29 7.423-3.242 4.778-2.304 11.092 2.133 14.334 4.864 3.584 11.092 2.731 14.761-1.962 1.963-2.475 3.754-5.12 5.632-7.68 1.194-1.535 2.645-2.218 4.607-1.28 1.792.854 2.645 2.39 2.304 4.267 0 .17 0 .427-.17.597-3.67 5.12-6.4 11.178-12.544 13.993-2.56 1.195-5.46 1.707-6.996 2.219l-.085-.171Z' fill='currentColor'\/><path d='M86.921 44.6c6.144.257 11.605 3.328 14.932 9.728 3.328 6.399 2.816 12.798-1.109 18.856-1.621 2.56-3.498 4.95-5.29 7.424-1.707 2.303-3.754 2.815-5.717 1.45-2.048-1.45-2.304-3.669-.597-6.058 1.621-2.304 3.328-4.608 4.949-6.911 3.498-4.95 2.56-11.348-2.133-14.761-4.779-3.499-11.178-2.475-14.847 2.56-1.792 2.388-3.498 4.863-5.205 7.252-1.62 2.218-3.583 2.56-5.546 1.11-1.877-1.366-2.218-3.414-.768-5.462 2.048-2.986 4.01-5.972 6.314-8.703 3.67-4.351 8.448-6.399 15.103-6.399l-.086-.085Z' fill='currentColor'\/><path d='M71.478 88.457c-3.498-.341-5.46-3.413-3.754-6.143 3.327-5.29 6.825-10.495 10.324-15.7 1.45-2.133 3.413-2.389 5.46-1.109 1.878 1.28 2.219 3.413.854 5.546-3.328 5.034-6.57 9.983-9.983 14.932-.683 1.024-1.963 1.621-2.901 2.389v.085Z' fill='currentColor'\/><\/svg>\t\t\t\t<\/a>\n\t\t\t\t\t\t\t\t\t\t\t<a class=\"post-share__dialog-item js-post-share-dialog-item\" href=\"mailto:?to=%20&amp;body=https%3A%2F%2Fd66.nl%2Foldenzaal%2Fnieuws%2Fkadernota-2025\" target=\"_blank\" >\n\t\t\t\t\tMail<svg xmlns='http:\/\/www.w3.org\/2000\/svg' width='40' height='40' viewBox='0 0 40 40' fill='none'><path d='M24.107 15.865a1 1 0 0 1 1.266 1.265l-1.686 5.052a1 1 0 0 1-1.654.392l-3.37-3.37a1.001 1.001 0 0 1 .392-1.654l5.052-1.685Z' fill='currentColor'\/><path d='m21.763 19.475-5.657 5.657' stroke='currentColor' stroke-width='2' stroke-linecap='round' fill='none'\/><\/svg>\t\t\t\t<\/a>\n\t\t\t\t\t\t\t\t\t\t\t<a class=\"post-share__dialog-item js-post-share-dialog-item\" href=\"https:\/\/www.linkedin.com\/sharing\/share-offsite\/?url=https%3A%2F%2Fd66.nl%2Foldenzaal%2Fnieuws%2Fkadernota-2025\" target=\"_blank\" >\n\t\t\t\t\tLinkedIn<svg xmlns='http:\/\/www.w3.org\/2000\/svg' width='40' height='40' viewBox='0 0 40 40' fill='none'><path d='M24.107 15.865a1 1 0 0 1 1.266 1.265l-1.686 5.052a1 1 0 0 1-1.654.392l-3.37-3.37a1.001 1.001 0 0 1 .392-1.654l5.052-1.685Z' fill='currentColor'\/><path d='m21.763 19.475-5.657 5.657' stroke='currentColor' stroke-width='2' stroke-linecap='round' fill='none'\/><\/svg>\t\t\t\t<\/a>\n\t\t\t\t\t\t\t\t\t\t\t<a class=\"post-share__dialog-item js-post-share-dialog-item\" href=\"https:\/\/www.facebook.com\/sharer\/sharer.php?u=https%3A%2F%2Fd66.nl%2Foldenzaal%2Fnieuws%2Fkadernota-2025\" target=\"_blank\" >\n\t\t\t\t\tFacebook<svg xmlns='http:\/\/www.w3.org\/2000\/svg' width='40' height='40' viewBox='0 0 40 40' fill='none'><path d='M24.107 15.865a1 1 0 0 1 1.266 1.265l-1.686 5.052a1 1 0 0 1-1.654.392l-3.37-3.37a1.001 1.001 0 0 1 .392-1.654l5.052-1.685Z' fill='currentColor'\/><path d='m21.763 19.475-5.657 5.657' stroke='currentColor' stroke-width='2' stroke-linecap='round' fill='none'\/><\/svg>\t\t\t\t<\/a>\n\t\t\t\t\t\t\t\t\t\t\t<a class=\"post-share__dialog-item js-post-share-dialog-item\" href=\"whatsapp:\/\/send?text=https%3A%2F%2Fd66.nl%2Foldenzaal%2Fnieuws%2Fkadernota-2025\" target=\"_blank\" >\n\t\t\t\t\tWhatsApp<svg xmlns='http:\/\/www.w3.org\/2000\/svg' width='40' height='40' viewBox='0 0 40 40' fill='none'><path d='M24.107 15.865a1 1 0 0 1 1.266 1.265l-1.686 5.052a1 1 0 0 1-1.654.392l-3.37-3.37a1.001 1.001 0 0 1 .392-1.654l5.052-1.685Z' fill='currentColor'\/><path d='m21.763 19.475-5.657 5.657' stroke='currentColor' stroke-width='2' stroke-linecap='round' fill='none'\/><\/svg>\t\t\t\t<\/a>\n\t\t\t\t\t\t\t\t\t\t\t<a class=\"post-share__dialog-item js-post-share-dialog-item\" href=\"https:\/\/x.com\/intent\/post?url=https%3A%2F%2Fd66.nl%2Foldenzaal%2Fnieuws%2Fkadernota-2025\" target=\"_blank\" >\n\t\t\t\t\tTwitter (X)<svg xmlns='http:\/\/www.w3.org\/2000\/svg' width='40' height='40' viewBox='0 0 40 40' fill='none'><path d='M24.107 15.865a1 1 0 0 1 1.266 1.265l-1.686 5.052a1 1 0 0 1-1.654.392l-3.37-3.37a1.001 1.001 0 0 1 .392-1.654l5.052-1.685Z' fill='currentColor'\/><path d='m21.763 19.475-5.657 5.657' stroke='currentColor' stroke-width='2' stroke-linecap='round' fill='none'\/><\/svg>\t\t\t\t<\/a>\n\t\t\t\t\t<\/div>\n\t<\/dialog>\n<\/div>\t\t\t<\/div>\n\t\t\t<div class=\"block-related-post-metadata__categories\">\n\t\t\t\t<div class=\"category-link__wrapper\">\n\t\t\t<div class=\"category-link__item\">\n\t\t\t<a href=\"https:\/\/d66.nl\/oldenzaal\/category\/d66\/\">\n\t\t\t\tD66\t\t\t<\/a>\n\t\t<\/div>\n\t\t\t\t<div class=\"category-link__item\">\n\t\t\t<a href=\"https:\/\/d66.nl\/oldenzaal\/category\/d66\/d66-oldenzaal\/\">\n\t\t\t\tD66 Oldenzaal\t\t\t<\/a>\n\t\t<\/div>\n\t\t\t\t<div class=\"category-link__item\">\n\t\t\t<a href=\"https:\/\/d66.nl\/oldenzaal\/category\/raadsinbreng\/\">\n\t\t\t\tRaadsinbreng\t\t\t<\/a>\n\t\t<\/div>\n\t\t\t\t<div class=\"category-link__item\">\n\t\t\t<a href=\"https:\/\/d66.nl\/oldenzaal\/search-tags\/democratie-bestuur\/\">\n\t\t\t\tDemocratie en bestuur\t\t\t<\/a>\n\t\t<\/div>\n\t\t\t\t<div class=\"category-link__item\">\n\t\t\t<a href=\"https:\/\/d66.nl\/oldenzaal\/search-tags\/integratie-immigratie\/\">\n\t\t\t\tIntegratie en immigratie\t\t\t<\/a>\n\t\t<\/div>\n\t\t\t\t<div class=\"category-link__item\">\n\t\t\t<a href=\"https:\/\/d66.nl\/oldenzaal\/search-tags\/klimaat\/\">\n\t\t\t\tKlimaat, natuur en milieu\t\t\t<\/a>\n\t\t<\/div>\n\t\t\t\t<div class=\"category-link__item\">\n\t\t\t<a href=\"https:\/\/d66.nl\/oldenzaal\/search-tags\/werk-inkomen\/\">\n\t\t\t\tWerk en inkomen\t\t\t<\/a>\n\t\t<\/div>\n\t\t\t\t<div class=\"category-link__item\">\n\t\t\t<a href=\"https:\/\/d66.nl\/oldenzaal\/search-tags\/wonen\/\">\n\t\t\t\tWonen\t\t\t<\/a>\n\t\t<\/div>\n\t\t<\/div>\t\t\t<\/div>\n\t\t<\/div>\n\t<\/div>\n<\/section>\n\t  <\/div>\n\t<\/div>\n  <\/div>\n\n\n<div\n  id=\"\"\n  class=\"wrapper  wrapper__spacing-bottom-large--50 wrapper__spacing-bottom-desktop--70 wrapper__spacing-bottom-mobile--50  wrapper__gutter--none\"\n  >\n  \t<div class=\"wrapper__container wrapper__container-width-large--default\">\n\t  <div class=\"wrapper__inner wrapper__width-large--18 wrapper__width-desktop--22 wrapper__width-mobile--24 wrapper__offset-large--6 wrapper__offset-desktop--2 wrapper__offset-mobile--0\">\n\t\t<section class=\"block-post-content\">\n\t<div class=\"block-post-content__title\">\n\t\t<h3 class=\"heading  heading__color--black heading__size--medium heading__font--sans heading__weight--bold  block-post-content__heading\" id=\"nav-3710\" data-nav-heading-mobile=\"\">\n\t<\/h3>\t<\/div>\n\t<div class=\"block-post-content__content\">\n\t\t\n<div\n  id=\"\"\n  class=\"wrapper  wrapper__spacing-bottom-large--30 wrapper__spacing-bottom-desktop--20  wrapper__gutter--none\"\n  >\n  \t<div class=\"wrapper__container wrapper__container-width-large--default\">\n\t  <div class=\"wrapper__inner wrapper__width-large--24 wrapper__width-mobile--24\">\n\t\t<p\n\t\tclass=\"paragraph paragraph__align--left paragraph__color--black paragraph__size--default   block-paragraph__paragraph\"\n\t\t\t>\n\t\t<br>w<strong>oningbouw<\/strong><br>Oldenzaal gaat tot 2030 100 woningen per jaar erbij bouwen. Dit is best een grote hoeveelheid en daar zijn we trots op. Net zo trots als in de jaren van 2004 tot 2022, waarin we ook 100 woningen per jaar wisten te bouwen (kadastralekaart.com). Eerdere cijfers heb ik niet gevonden.<br>We hebben een beperkt oppervlak en moeten dus zuinig met de ruimte omgaan. Woningprijzen gaan nog steeds omhoog. Dit zou toch moeten leiden tot aandacht naar goedkoper bouwen en kleinere grondoppervlakken per woning? Niet alleen de mensen met veel geld moeten wonen, ook de minder vermogenden moeten ordentelijk en voor hen betaalbaar wonen.<br>Op waarstaatjegemeente.nl vinden we dat de hittestress voor ouderen in de wijk De Thij vergelijkbaar is met die van Glinde-Hooiland.<br>&#8211; Kan het college aangeven hoe bij veranderingen in de wijk De Thij rekening wordt gehouden met een vermindering van deze hittestress?<br>\t<\/p>\t  <\/div>\n\t<\/div>\n  <\/div>\n\n\t<\/div>\n\n\t<div class=\"block-post-content__sidebar\">\n\t\t\n\t\t\n\t\t\t<\/div>\n<\/section>\n\t  <\/div>\n\t<\/div>\n  <\/div>\n\n\n<div\n  id=\"\"\n  class=\"wrapper  wrapper__spacing-bottom-large--50 wrapper__spacing-bottom-desktop--70 wrapper__spacing-bottom-mobile--50  wrapper__gutter--none\"\n  >\n  \t<div class=\"wrapper__container wrapper__container-width-large--default\">\n\t  <div class=\"wrapper__inner wrapper__width-large--18 wrapper__width-desktop--22 wrapper__width-mobile--24 wrapper__offset-large--6 wrapper__offset-desktop--2 wrapper__offset-mobile--0\">\n\t\t<section class=\"block-post-content\">\n\t<div class=\"block-post-content__title\">\n\t\t<h3 class=\"heading  heading__color--black heading__size--medium heading__font--sans heading__weight--bold  block-post-content__heading\" id=\"nav-3570\" data-nav-heading-mobile=\"\">\n\t<\/h3>\t<\/div>\n\t<div class=\"block-post-content__content\">\n\t\t\n<div\n  id=\"\"\n  class=\"wrapper  wrapper__spacing-bottom-large--30 wrapper__spacing-bottom-desktop--20  wrapper__gutter--none\"\n  >\n  \t<div class=\"wrapper__container wrapper__container-width-large--default\">\n\t  <div class=\"wrapper__inner wrapper__width-large--24 wrapper__width-mobile--24\">\n\t\t<p\n\t\tclass=\"paragraph paragraph__align--left paragraph__color--black paragraph__size--default   block-paragraph__paragraph\"\n\t\t\t>\n\t\t<strong>klimaat<\/strong>:<br>Om het klimaat binnen de perken te houden, dus de natuur en daardoor de mens te behouden is in het akkoord van Parijs afgesproken dat de productie van CO<sub>2<\/sub> fors omlaag wordt gebracht.<br>Dit kan door minder energie te verbruiken, door te isoleren en energie effici\u00ebnter te verbruiken.<br>Er is afgesproken dat voor elke wijk een WUP wordt gemaakt. Voor De Thij is een stichting bezig met de verduurzaming van die wijk.<br>&#8211; Kan het college aangeven hoe succesvol deze stichting is en hoeveel energie in De Thij minder wordt verbruikt ten opzichte van enkele jaren geleden?<br>&#8211; Hoever is de stichting of de gemeente op weg de wijk minder van aardgas afhankelijk te maken?<br>&#8211; Heeft het college plannen voor WUP\u2019s voor andere wijken? Zo ja, wanneer kunnen we hier de plannen van zien? Zo nee, wat zijn de plannen van het college om in de wijken minder energie te laten gebruiken?<br>&#8211; Heeft het college plannen om naast bestaande maatregelen als subsidies die beschikbaar zijn de isolatie van woningen verder te stimuleren en mogelijk te vergemakkelijken?\t<\/p>\t  <\/div>\n\t<\/div>\n  <\/div>\n\n\n<div\n  id=\"\"\n  class=\"wrapper  wrapper__spacing-bottom-large--30 wrapper__spacing-bottom-desktop--20  wrapper__gutter--none\"\n  >\n  \t<div class=\"wrapper__container wrapper__container-width-large--default\">\n\t  <div class=\"wrapper__inner wrapper__width-large--24 wrapper__width-mobile--24\">\n\t\t<p\n\t\tclass=\"paragraph paragraph__align--left paragraph__color--black paragraph__size--default   block-paragraph__paragraph\"\n\t\t\t>\n\t\t<br><strong>Woonwagens, vluchtelingen<\/strong><br>De leukste gemeente van Nederland behandelt niet alle inwoners gelijk. Zo heeft een rechter elders in Nederland geoordeeld dat afstammelingen van woonwagenbewoners eenzelfde recht hebben op een woonwagenstandplaats zoals andere inwoners recht hebben op een &#8211; al dan niet sociale &#8211; woning. Als de uitspraak van de rechter ook op Oldenzaal betrekking heeft dan handelt de gemeente in strijd met het discriminatieverbod \u2013 dan discrimineert de gemeente. Dat willen we toch niet in de leukste gemeente van Nederland?<br><br>Daarnaast zijn vluchtelingen van verre minder welkom dan vluchtelingen van dichtbij. Voor Oekra\u00efense vluchtelingen wordt ruim plaats gecre\u00eberd, voor asielzoekers en statushouders die nu landelijk te weinig plaats hebben wordt ook hier geen plaats gecre\u00eberd. Hierbij verzaakt Oldenzaal in onze ogen zijn collegiale noaberplicht naar andere gemeenten in Nederland. We hebben een grondwettelijke en ethische taak mensen op het Nederlands grondgebied fatsoenlijk onderdak te bieden. Oldenzaal zou in onze ogen daarbij behulpzaam moeten zijn.\t<\/p>\t  <\/div>\n\t<\/div>\n  <\/div>\n\n\n<div\n  id=\"\"\n  class=\"wrapper  wrapper__spacing-bottom-large--30 wrapper__spacing-bottom-desktop--20  wrapper__gutter--none\"\n  >\n  \t<div class=\"wrapper__container wrapper__container-width-large--default\">\n\t  <div class=\"wrapper__inner wrapper__width-large--24 wrapper__width-mobile--24\">\n\t\t<p\n\t\tclass=\"paragraph paragraph__align--left paragraph__color--black paragraph__size--default   block-paragraph__paragraph\"\n\t\t\t>\n\t\t<strong>Inwoners en raad betrekken bij plannen<\/strong><br>Inwoners van Oldenzaal zouden steeds voldoende en tijdig moeten zijn betrokken bij veranderingen in hun omgeving. In de kadernota wordt gesuggereerd om extra personeel (0.67 fte) aan te nemen om de participatie uit te voeren. Dit verbaast ons erg \u2013 het zou een vaste gewoonte moeten zijn betrokken inwoners mee te laten denken. Liever zien we budget voor opleiding en training voor actieve participatie dan voor extra personeel om dit als hun baan te doen.<br>Het college stelt voor het Sociaal Plein te verplaatsen naar Ganzenmarkt 11. Wij zijn het met het college eens dat het Sociaal Plein moet worden aangepast en dat er meer partners in dezelfde ruimte nuttig zijn, maar het belang en het geld zijn beide te groot om dit niet uitgebreid in de raad te beoordelen alvorens een besluit te nemen. Wij stellen dan ook voor wel een bedrag voor verandering in de kadernota op te nemen, maar de uitwerking nog aan de orde van de raad te laten komen.\t<\/p>\t  <\/div>\n\t<\/div>\n  <\/div>\n\n\n<div\n  id=\"\"\n  class=\"wrapper  wrapper__spacing-bottom-large--30 wrapper__spacing-bottom-desktop--20  wrapper__gutter--none\"\n  >\n  \t<div class=\"wrapper__container wrapper__container-width-large--default\">\n\t  <div class=\"wrapper__inner wrapper__width-large--24 wrapper__width-mobile--24\">\n\t\t<p\n\t\tclass=\"paragraph paragraph__align--left paragraph__color--black paragraph__size--default   block-paragraph__paragraph\"\n\t\t\t>\n\t\t<strong>armoede<\/strong>.<br>In de leukste gemeente van Nederland hebben veel mensen het heel erg goed. Het zij hun gegund. Wij moeten ons daarnaast realiseren dat er ook inwoners hun eten noodzakelijkerwijs bij de voedselbank moeten halen. Het gaat hierbij niet alleen over inwoners met een bijstandsuitkering, ook inwoners met een werk-inkomen zijn aangewezen op de voedselbank.<br>Welke maatregelen bestaan en welke plannen heeft het college om de gang naar de voedselbank overbodig te maken?<br>In de kadernota wordt als \u00e9\u00e9n van de bezuinigingsvoorstellen voorgesteld om mensen die uit de bijstand een baan hebben gevonden direct los te laten. Dat lijkt ons een zorgelijk voorstel. Bij het aannemen van een baan vanuit de bijstand is de kans aanwezig dat bepaalde regelingen vervallen, waardoor bij de werknemer extra stress kan ontstaan. Bij het mislukken van een blijkbaar niet passende baan moet het niet te complex zijn terug te keren en een nieuwe start te maken. Laten we het valnet niet te snel laten vallen!\t<\/p>\t  <\/div>\n\t<\/div>\n  <\/div>\n\n\n<div\n  id=\"\"\n  class=\"wrapper  wrapper__spacing-bottom-large--30 wrapper__spacing-bottom-desktop--20  wrapper__gutter--none\"\n  >\n  \t<div class=\"wrapper__container wrapper__container-width-large--default\">\n\t  <div class=\"wrapper__inner wrapper__width-large--24 wrapper__width-mobile--24\">\n\t\t<p\n\t\tclass=\"paragraph paragraph__align--left paragraph__color--black paragraph__size--default   block-paragraph__paragraph\"\n\t\t\t>\n\t\t<strong>Bezuinigingen<\/strong><br>In de kadernota wordt voorgesteld het Vondelpark 2.0 voorlopig niet door te laten gaan. Verder worden andere bezuinigingen voorgesteld voor wanneer de plannen van het Rijk over gelden voor gemeenten niet veranderen. Het is noodzakelijk keuzes te maken. Wij kunnen met tegenzin leven met uitstel van het Vondelparkplan, want bestaande sociale activiteiten willen we maar al te graag in stand houden.<br>In de lijst van \u2018voorgestelde bezuinigingen\u2019 valt op dat 50% van het geld betrekking heeft op uitgaven voor kwetsbare inwoners. Daarbij is in het forum door diverse insprekers vaak terecht aangegeven dat wanneer activiteiten geen vergoedingen meer krijgen van de gemeente deze noodzakelijkerwijs moeten stoppen, en hierdoor inwoners van Oldenzaal zullen vereenzamen of zich gaan vervelen met alle ongewenste gevolgen van dien. Dit alles gaat op korte termijn geld kosten aan de gemeenschap. Laten we ervoor waken niet \u2018zuiver op de stuiver\u2019 te zijn, maar door de resulterende kosten \u2018Eurodom\u2019 zijn. Kortom: voor elke bezuinigingsmaatregel moet eerst goed worden bekeken of de baat niet op hogere kosten vooruit loopt. Pas wanneer dat duidelijk is, mag wat ons betreft de maatregel worden overwogen. We zijn door de insprekers terecht hierop gewezen! Dan laat ik de sociale en ethische kant van het verhaal hierbij even rusten.<br>In de lijst van potenti\u00eble bezuinigingen missen we mogelijkheden binnen het huidig (onverbouwd) stadhuis. Er is volgens de plannen voor het vernieuwde stadhuis heden teveel ruimte wat betekent dat hierop bezuinigd kan worden. Ook kan bespaard worden met elke halve graad lagere temperatuur in het huidig stadhuis. Het argument dat een goed werkgever dit niet kan doen laten we voor wat het is. Wanneer het personeel weet welke temperatuur te verwachten is, kunnen de korte mouwen lang worden en een T-schirt extra worden aangedaan zonder het te koud te krijgen om te werken.\t<\/p>\t  <\/div>\n\t<\/div>\n  <\/div>\n\n\n<div\n  id=\"\"\n  class=\"wrapper  wrapper__spacing-bottom-large--30 wrapper__spacing-bottom-desktop--20  wrapper__gutter--none\"\n  >\n  \t<div class=\"wrapper__container wrapper__container-width-large--default\">\n\t  <div class=\"wrapper__inner wrapper__width-large--24 wrapper__width-mobile--24\">\n\t\t<p\n\t\tclass=\"paragraph paragraph__align--left paragraph__color--black paragraph__size--default   block-paragraph__paragraph\"\n\t\t\t>\n\t\t<strong>Personeel<\/strong><br>We zien dat het college voorstelt tegen jaarlijkse kosten van \u20ac330.000 om 3 fte voor personeelszaken toe te voegen, naast een verhoging voor wervingsmiddelen met een factor 10.<br>De getallen voor pensionering en baanverandering van personeel laten niet een afwijking zien ten opzichte van wat normaal te verwachten zou zijn. W\u00e8l horen we te vaak in de raad dat stukken niet op tijd af kunnen zijn vanwege capaciteitsgebrek. Wij stellen dan ook voor de voorgestelde extra fte in te zetten voor uitbreiding voor mensen aan het bureau om zo de werkdruk voor het huidig personeel te verlichten.\t<\/p>\t  <\/div>\n\t<\/div>\n  <\/div>\n\n\n<div\n  id=\"\"\n  class=\"wrapper  wrapper__spacing-bottom-large--30 wrapper__spacing-bottom-desktop--20  wrapper__gutter--none\"\n  >\n  \t<div class=\"wrapper__container wrapper__container-width-large--default\">\n\t  <div class=\"wrapper__inner wrapper__width-large--24 wrapper__width-mobile--24\">\n\t\t<p\n\t\tclass=\"paragraph paragraph__align--left paragraph__color--black paragraph__size--default   block-paragraph__paragraph\"\n\t\t\t>\n\t\t<strong>Tenslotte <\/strong>hebben wij nog een vraag openstaan over de niet opgenomen kosten van wegenonderhoud, die vorig jaar in de kadernota en begroting als pm posten waren opgenomen.<br>&#8211; Wij hebben hier graag een antwoord op.<br><br>Voorzitter,<br>D66 streeft naar een sociaal, duurzaam en leefbaar Oldenzaal voor al haar inwoners.\t<\/p>\t  <\/div>\n\t<\/div>\n  <\/div>\n\n\t<\/div>\n\n\t<div class=\"block-post-content__sidebar\">\n\t\t\n\t\t\n\t\t\t<\/div>\n<\/section>\n\t  <\/div>\n\t<\/div>\n  <\/div>\n\n\n<div\n  id=\"\"\n  class=\"wrapper  wrapper__spacing-bottom-large--50 wrapper__spacing-bottom-desktop--70 wrapper__spacing-bottom-mobile--50  wrapper__gutter--none\"\n  >\n  \t<div class=\"wrapper__container wrapper__container-width-large--default\">\n\t  <div class=\"wrapper__inner wrapper__width-large--18 wrapper__width-desktop--22 wrapper__width-mobile--24 wrapper__offset-large--6 wrapper__offset-desktop--2 wrapper__offset-mobile--0\">\n\t\t<section class=\"block-post-content\">\n\t<div class=\"block-post-content__title\">\n\t\t<h3 class=\"heading  heading__color--black heading__size--medium heading__font--sans heading__weight--bold  block-post-content__heading\" id=\"nav-1790\" data-nav-heading-mobile=\"\">\n\t<\/h3>\t<\/div>\n\t<div class=\"block-post-content__content\">\n\t\t\n<div\n  id=\"\"\n  class=\"wrapper  wrapper__spacing-bottom-large--30 wrapper__spacing-bottom-desktop--20  wrapper__gutter--none\"\n  >\n  \t<div class=\"wrapper__container wrapper__container-width-large--default\">\n\t  <div class=\"wrapper__inner wrapper__width-large--24 wrapper__width-mobile--24\">\n\t\t<p\n\t\tclass=\"paragraph paragraph__align--left paragraph__color--black paragraph__size--default   block-paragraph__paragraph\"\n\t\t\t>\n\t\tAmendement:<br><br>Amendement van de fractie van D66 Oldenzaal<br>De raad van de gemeente Oldenzaal, bijeen in vergadering van 8 juli 2024 stelt voor de tekst<br>in het besluit betreffende \u2018Ambities en middelen in balans\u2019<br>waar staat:<br><code>2. de voorgenomen bezuinigingsvoorstellen en de prioriteringsvolgorde uit het document \u201cVoorgenomen keuzes indien Rijk tekortschiet\u201d vast te stellen en indien het Rijk het tekort niet dekt deze te verwerken in de Kadernota 2026.<\/code><br>te wijzigen in en aan te vullen met:<br><code>2. de lijst van bezuinigingsmaatregelen genoemd in \u201cVoorgenomen keuzes indien Rijk tekortschiet\u201d wordt heroverwogen door alvorens een bezuinigingsvoorstel op te nemen, te berekenen of de bezuinigingsopbrengst opweegt tegen later optredende kosten, mede gehoord hebbende de betrokkenen bij het onderwerp waarop de bezuiniging betrekking heeft. <\/code><br><code>3. indien de in lid 1 genoemde berekeningen uitwijzen dat de bezuinigingsopbrengst kleiner is dan de later optredende kosten, wordt dit bezuinigingsvoorstel uit de lijst weg genomen <\/code><br><code>4. bij wegneming van een voorgesteld bezuinigingsmaatregel wordt een andere maatregel ter compensatie voorgesteld, met inachtneming van het voorgaande, <\/code><br><code>5. het resultaat van de bezuinigingsvoorstellen en de prioriteringsvolgorde uit het document \u201cVoorgenomen keuzes indien Rijk tekortschiet\u201d, onder voorbehoud van de genoemde berekening, vast te stellen en indien het Rijk het tekort niet dekt deze te verwerken in de Kadernota 2026. <\/code><br><code>6. geruime tijd v\u00f2\u00f2r de behandeling van de Kadernota 2026 de raad een aangepaste lijst van bezuinigingsvoorstellen te doen<\/code><br>Overwegingen:<br>\u2022 Door het mogelijk krijgen van minder middelen van het Rijk ontstaat een tekort op de begroting van de gemeente<br>\u2022 Wanneer deze mindere middelen voortduren, loopt het tekort bij afwezigheid van bezuinigingen alsmaar verder op<br>\u2022 Als gevolg van genoemd tekort zal de gemeente moeten zoeken naar effectieve bezuinigingen<br>\u2022 De te kiezen bezuinigingen mogen niet leiden tot hogere kosten in de toekomst, waardoor mogelijk toenemende tekorten in de toekomst ontstaan.<br>\u2022 Oldenzaal investeert al vele jaren in projecten voor preventie met als doel kosten voor diverse middelen van zorg te voorkomen.<br>\u2022 Blijkens onderzoeken zijn veel preventieprojecten rendabel in de zin dat kosten worden voorkomen met een veelvoud van de kosten voor preventie.<br>Aldus getekend, 8 juli 2024.<br><br>(Resultaat: verworpen)<br><br>&#8212;&#8212;&#8212;&#8212;&#8212;&#8212;&#8212;&#8212;&#8212;-\t<\/p>\t  <\/div>\n\t<\/div>\n  <\/div>\n\n\n<div\n  id=\"\"\n  class=\"wrapper  wrapper__spacing-bottom-large--30 wrapper__spacing-bottom-desktop--20  wrapper__gutter--none\"\n  >\n  \t<div class=\"wrapper__container wrapper__container-width-large--default\">\n\t  <div class=\"wrapper__inner wrapper__width-large--24 wrapper__width-mobile--24\">\n\t\t<p\n\t\tclass=\"paragraph paragraph__align--left paragraph__color--black paragraph__size--default   block-paragraph__paragraph\"\n\t\t\t>\n\t\tMoties (2):<br><br>1. Motie participatiemedewerker:<br>Motie van de fractie van D66 Oldenzaal<br>\u00a0<br>De raad van de gemeente\u00a0Oldenzaal, in vergadering bijeen\u00a0op 8 juli 2024<br>\u00a0\u00a0<br>Constaterende dat:<br>1. Participatie bij projecten waarbij inwoners betrokken zijn, dan wel belang hebben gehoord te worden, te vaak niet naar wens verloopt,<br>2. Participatie bij veel projecten pas in een laat stadium in gang wordt gezet,<br>Overwegende dat:<br>1. Meedenken van inwoners op hoge prijs moet worden gesteld,<br>2. Participatie door de raad van deze gemeente op hoge prijs wordt gesteld,<br>Roept het college op om<br>1. Het in de kadernota 2025 bij volgnr 23-25 opgenomen bedrag voor extra 0.67 fte personeel, zijnde \u20ac63.650 niet te bestemmen voor extra fte, maar aan te wenden voor opleiding en training van bestaand personeel om hen betere participatievaardigheden en -gewoonten aan te leren.<br>Aldus getekend, 8 juli 2024.<br><br>(ingetrokken)<br><br>2. Motie extra fte voor personeelszaken:<br>Motie van de fractie van D66 Oldenzaal<br>\u00a0<br>De raad van de gemeente\u00a0Oldenzaal, in vergadering bijeen\u00a0op 8 juli 2024<br>\u00a0\u00a0<br>Constaterende dat:<br>1. Bij Volgnr. 42 van de Kadernota 2025 aangegeven wordt dat uitstroom van ambtelijk personeel door pensionering tot 2030 nagenoeg 20% zal zijn, naast een uitstroom van ongeveer 50 collega\u2019s,<br>2. Aangegeven wordt dat Oldenzaal op basis van vergelijking met andere gemeenten \u2018fors achterblijft\u2019 bij vergelijkbare gemeenten op het gebied van P&amp;O,<br>3. Het college het nodig vindt 3 fte bij personeelszaken extra aan te nemen tegen 3 maal \u20ac95.000 jaarlijkse kosten,<br>4. Het college voorstelt het budget voor \u2018recruitmentmiddelen\u2019 te verhogen van \u20ac4.500 naar \u20ac50.000.<br>Overwegende dat:<br>1. Oldenzaal gezien de constatering 2 trots mag zijn effici\u00ebnt met haar personeelszaken bezig te zijn,<br>2. De uitstroom van personeel niet afwijkt van wat normaal te verwachten op basis van gebruikelijk baanwisselen en jaren (40) van werken,<br>3. De raad veelvuldig is meegedeeld dat door capaciteitsgebrek noodzakelijke stukken niet op tijd gereed kunnen zijn vanwege capaciteitsgebrek<br>Roept het college op om:<br>1. Het in de kadernota 2025 bij volgnr 42 opgenomen bedrag voor extra 3 fte personeel, zijnde \u20ac285.000 niet te bestemmen voor aanvulling bij personeelszaken, maar het genoemde bedrag aan te wenden voor \u2018mensen aan het bureau\u2019.<br>2. Het in de kadernota 2025 bij volgnr 42 opgenomen bedrag voor extra \u2018recruitment\u00admiddelen\u2019, zijnde \u20ac45.000 niet te bestemmen voor extra \u2018recruitmentmiddelen\u2019, maar het genoemde bedrag aan te wenden voor \u2018mensen aan het bureau\u2019 of voor opleiding en training voor personeel waar nodig.<br>Aldus getekend, 8 juli 2024.<br><br>(Resultaat: motie aangepast naar 2 fte personeel, zijnde \u20ac190.000, maar toch verworpen).<br>\t<\/p>\t  <\/div>\n\t<\/div>\n  <\/div>\n\n\n<div\n  id=\"\"\n  class=\"wrapper  wrapper__spacing-bottom-large--20  wrapper__gutter--none\"\n  >\n  \t<div class=\"wrapper__container wrapper__container-width-large--default\">\n\t  <div class=\"wrapper__inner wrapper__width-large--24 wrapper__width-mobile--24\">\n\t\t\t<div class=\"block-lists  block-lists__color--black\">\n\t\t<p class=\"paragraph  paragraph__color--black paragraph__size--default\">\n\t\t\t<\/p><ul class=\"block-lists lists__lists lists__weight--medium lists__color--black lists__type--default\">\n\t<\/ul>\t<\/div>\n\t\t  <\/div>\n\t<\/div>\n  <\/div>\n\n\n<div\n  id=\"\"\n  class=\"wrapper  wrapper__spacing-bottom-large--20  wrapper__gutter--none\"\n  >\n  \t<div class=\"wrapper__container wrapper__container-width-large--default\">\n\t  <div class=\"wrapper__inner wrapper__width-large--24 wrapper__width-mobile--24\">\n\t\t\t<div class=\"block-lists  block-lists__color--black\">\n\t\t<p class=\"paragraph  paragraph__color--black paragraph__size--default\">\n\t\t\t<\/p><ul class=\"block-lists lists__lists lists__weight--medium lists__color--black lists__type--default\">\n\t<\/ul>\t<\/div>\n\t\t  <\/div>\n\t<\/div>\n  <\/div>\n\n\t<\/div>\n\n\t<div class=\"block-post-content__sidebar\">\n\t\t\n\t\t\n\t\t\t<\/div>\n<\/section>\n\t  <\/div>\n\t<\/div>\n  <\/div>\n","protected":false},"excerpt":{"rendered":"","protected":false},"author":764,"featured_media":0,"comment_status":"open","ping_status":"open","sticky":false,"template":"","format":"standard","meta":{"_acf_changed":false,"footnotes":""},"categories":[1,37,31],"labels":[],"search-tags":[12,13,3,5,4],"class_list":["post-2151","post","type-post","status-publish","format-standard","hentry","category-d66","category-d66-oldenzaal","category-raadsinbreng","search-tags-democratie-bestuur","search-tags-integratie-immigratie","search-tags-klimaat","search-tags-werk-inkomen","search-tags-wonen"],"acf":[],"yoast_head":"<!-- This site is optimized with the Yoast SEO plugin v27.3 - https:\/\/yoast.com\/product\/yoast-seo-wordpress\/ -->\n<title>D66 Oldenzaal &#8212; Kadernota 2025<\/title>\n<meta name=\"robots\" content=\"index, follow, max-snippet:-1, max-image-preview:large, max-video-preview:-1\" \/>\n<link rel=\"canonical\" href=\"https:\/\/d66.nl\/oldenzaal\/nieuws\/kadernota-2025\" \/>\n<meta property=\"og:locale\" content=\"nl_NL\" \/>\n<meta property=\"og:type\" content=\"article\" \/>\n<meta property=\"og:title\" content=\"D66 Oldenzaal &#8212; Kadernota 2025\" \/>\n<meta property=\"og:url\" content=\"https:\/\/d66.nl\/oldenzaal\/nieuws\/kadernota-2025\/\" \/>\n<meta property=\"og:site_name\" content=\"D66 Oldenzaal\" \/>\n<meta property=\"article:published_time\" content=\"2024-07-08T17:00:00+00:00\" \/>\n<meta property=\"article:modified_time\" content=\"2024-10-28T18:40:43+00:00\" \/>\n<meta name=\"author\" content=\"mj\" \/>\n<meta name=\"twitter:card\" content=\"summary_large_image\" \/>\n<meta name=\"twitter:label1\" content=\"Geschreven door\" \/>\n\t<meta name=\"twitter:data1\" content=\"mj\" \/>\n<script type=\"application\/ld+json\" class=\"yoast-schema-graph\">{\"@context\":\"https:\\\/\\\/schema.org\",\"@graph\":[{\"@type\":\"Article\",\"@id\":\"https:\\\/\\\/d66.nl\\\/oldenzaal\\\/nieuws\\\/kadernota-2025\\\/#article\",\"isPartOf\":{\"@id\":\"https:\\\/\\\/d66.nl\\\/oldenzaal\\\/nieuws\\\/kadernota-2025\\\/\"},\"author\":{\"name\":\"mj\",\"@id\":\"https:\\\/\\\/d66.nl\\\/oldenzaal\\\/#\\\/schema\\\/person\\\/a860d32dcbf0c385b9e59f0afdab1dfb\"},\"headline\":\"Kadernota 2025\",\"datePublished\":\"2024-07-08T17:00:00+00:00\",\"dateModified\":\"2024-10-28T18:40:43+00:00\",\"mainEntityOfPage\":{\"@id\":\"https:\\\/\\\/d66.nl\\\/oldenzaal\\\/nieuws\\\/kadernota-2025\\\/\"},\"wordCount\":1,\"commentCount\":0,\"publisher\":{\"@id\":\"https:\\\/\\\/d66.nl\\\/oldenzaal\\\/#organization\"},\"articleSection\":[\"D66\",\"D66 Oldenzaal\",\"Raadsinbreng\"],\"inLanguage\":\"nl-NL\",\"potentialAction\":[{\"@type\":\"CommentAction\",\"name\":\"Comment\",\"target\":[\"https:\\\/\\\/d66.nl\\\/oldenzaal\\\/nieuws\\\/kadernota-2025\\\/#respond\"]}]},{\"@type\":\"WebPage\",\"@id\":\"https:\\\/\\\/d66.nl\\\/oldenzaal\\\/nieuws\\\/kadernota-2025\\\/\",\"url\":\"https:\\\/\\\/d66.nl\\\/oldenzaal\\\/nieuws\\\/kadernota-2025\\\/\",\"name\":\"D66 Oldenzaal &#8212; Kadernota 2025\",\"isPartOf\":{\"@id\":\"https:\\\/\\\/d66.nl\\\/oldenzaal\\\/#website\"},\"datePublished\":\"2024-07-08T17:00:00+00:00\",\"dateModified\":\"2024-10-28T18:40:43+00:00\",\"breadcrumb\":{\"@id\":\"https:\\\/\\\/d66.nl\\\/oldenzaal\\\/nieuws\\\/kadernota-2025\\\/#breadcrumb\"},\"inLanguage\":\"nl-NL\",\"potentialAction\":[{\"@type\":\"ReadAction\",\"target\":[\"https:\\\/\\\/d66.nl\\\/oldenzaal\\\/nieuws\\\/kadernota-2025\\\/\"]}]},{\"@type\":\"BreadcrumbList\",\"@id\":\"https:\\\/\\\/d66.nl\\\/oldenzaal\\\/nieuws\\\/kadernota-2025\\\/#breadcrumb\",\"itemListElement\":[{\"@type\":\"ListItem\",\"position\":1,\"name\":\"Home\",\"item\":\"https:\\\/\\\/d66.nl\\\/oldenzaal\\\/\"},{\"@type\":\"ListItem\",\"position\":2,\"name\":\"Nieuws\",\"item\":\"https:\\\/\\\/d66.nl\\\/oldenzaal\\\/nieuws\\\/\"},{\"@type\":\"ListItem\",\"position\":3,\"name\":\"Kadernota 2025\"}]},{\"@type\":\"WebSite\",\"@id\":\"https:\\\/\\\/d66.nl\\\/oldenzaal\\\/#website\",\"url\":\"https:\\\/\\\/d66.nl\\\/oldenzaal\\\/\",\"name\":\"D66 Oldenzaal\",\"description\":\"Just another D66 Sites site\",\"publisher\":{\"@id\":\"https:\\\/\\\/d66.nl\\\/oldenzaal\\\/#organization\"},\"potentialAction\":[{\"@type\":\"SearchAction\",\"target\":{\"@type\":\"EntryPoint\",\"urlTemplate\":\"https:\\\/\\\/d66.nl\\\/oldenzaal\\\/?s={search_term_string}\"},\"query-input\":{\"@type\":\"PropertyValueSpecification\",\"valueRequired\":true,\"valueName\":\"search_term_string\"}}],\"inLanguage\":\"nl-NL\"},{\"@type\":\"Organization\",\"@id\":\"https:\\\/\\\/d66.nl\\\/oldenzaal\\\/#organization\",\"name\":\"D66\",\"url\":\"https:\\\/\\\/d66.nl\\\/oldenzaal\\\/\",\"logo\":{\"@type\":\"ImageObject\",\"inLanguage\":\"nl-NL\",\"@id\":\"https:\\\/\\\/d66.nl\\\/oldenzaal\\\/#\\\/schema\\\/logo\\\/image\\\/\",\"url\":\"https:\\\/\\\/d66.nl\\\/oldenzaal\\\/wp-content\\\/uploads\\\/sites\\\/2\\\/2021\\\/10\\\/d66-themas-algemeen-og.png\",\"contentUrl\":\"https:\\\/\\\/d66.nl\\\/oldenzaal\\\/wp-content\\\/uploads\\\/sites\\\/2\\\/2021\\\/10\\\/d66-themas-algemeen-og.png\",\"width\":1200,\"height\":628,\"caption\":\"D66\"},\"image\":{\"@id\":\"https:\\\/\\\/d66.nl\\\/oldenzaal\\\/#\\\/schema\\\/logo\\\/image\\\/\"}},{\"@type\":\"Person\",\"@id\":\"https:\\\/\\\/d66.nl\\\/oldenzaal\\\/#\\\/schema\\\/person\\\/a860d32dcbf0c385b9e59f0afdab1dfb\",\"name\":\"mj\",\"image\":{\"@type\":\"ImageObject\",\"inLanguage\":\"nl-NL\",\"@id\":\"https:\\\/\\\/secure.gravatar.com\\\/avatar\\\/f4704b2dd1f386e7ce0bfedf8a197451a4034ec1cda08be6bb021ea94b27dea3?s=96&d=mm&r=g\",\"url\":\"https:\\\/\\\/secure.gravatar.com\\\/avatar\\\/f4704b2dd1f386e7ce0bfedf8a197451a4034ec1cda08be6bb021ea94b27dea3?s=96&d=mm&r=g\",\"contentUrl\":\"https:\\\/\\\/secure.gravatar.com\\\/avatar\\\/f4704b2dd1f386e7ce0bfedf8a197451a4034ec1cda08be6bb021ea94b27dea3?s=96&d=mm&r=g\",\"caption\":\"mj\"}}]}<\/script>\n<!-- \/ Yoast SEO plugin. -->","yoast_head_json":{"title":"D66 Oldenzaal &#8212; Kadernota 2025","robots":{"index":"index","follow":"follow","max-snippet":"max-snippet:-1","max-image-preview":"max-image-preview:large","max-video-preview":"max-video-preview:-1"},"canonical":"https:\/\/d66.nl\/oldenzaal\/nieuws\/kadernota-2025","og_locale":"nl_NL","og_type":"article","og_title":"D66 Oldenzaal &#8212; Kadernota 2025","og_url":"https:\/\/d66.nl\/oldenzaal\/nieuws\/kadernota-2025\/","og_site_name":"D66 Oldenzaal","article_published_time":"2024-07-08T17:00:00+00:00","article_modified_time":"2024-10-28T18:40:43+00:00","author":"mj","twitter_card":"summary_large_image","twitter_misc":{"Geschreven door":"mj"},"schema":{"@context":"https:\/\/schema.org","@graph":[{"@type":"Article","@id":"https:\/\/d66.nl\/oldenzaal\/nieuws\/kadernota-2025\/#article","isPartOf":{"@id":"https:\/\/d66.nl\/oldenzaal\/nieuws\/kadernota-2025\/"},"author":{"name":"mj","@id":"https:\/\/d66.nl\/oldenzaal\/#\/schema\/person\/a860d32dcbf0c385b9e59f0afdab1dfb"},"headline":"Kadernota 2025","datePublished":"2024-07-08T17:00:00+00:00","dateModified":"2024-10-28T18:40:43+00:00","mainEntityOfPage":{"@id":"https:\/\/d66.nl\/oldenzaal\/nieuws\/kadernota-2025\/"},"wordCount":1,"commentCount":0,"publisher":{"@id":"https:\/\/d66.nl\/oldenzaal\/#organization"},"articleSection":["D66","D66 Oldenzaal","Raadsinbreng"],"inLanguage":"nl-NL","potentialAction":[{"@type":"CommentAction","name":"Comment","target":["https:\/\/d66.nl\/oldenzaal\/nieuws\/kadernota-2025\/#respond"]}]},{"@type":"WebPage","@id":"https:\/\/d66.nl\/oldenzaal\/nieuws\/kadernota-2025\/","url":"https:\/\/d66.nl\/oldenzaal\/nieuws\/kadernota-2025\/","name":"D66 Oldenzaal &#8212; Kadernota 2025","isPartOf":{"@id":"https:\/\/d66.nl\/oldenzaal\/#website"},"datePublished":"2024-07-08T17:00:00+00:00","dateModified":"2024-10-28T18:40:43+00:00","breadcrumb":{"@id":"https:\/\/d66.nl\/oldenzaal\/nieuws\/kadernota-2025\/#breadcrumb"},"inLanguage":"nl-NL","potentialAction":[{"@type":"ReadAction","target":["https:\/\/d66.nl\/oldenzaal\/nieuws\/kadernota-2025\/"]}]},{"@type":"BreadcrumbList","@id":"https:\/\/d66.nl\/oldenzaal\/nieuws\/kadernota-2025\/#breadcrumb","itemListElement":[{"@type":"ListItem","position":1,"name":"Home","item":"https:\/\/d66.nl\/oldenzaal\/"},{"@type":"ListItem","position":2,"name":"Nieuws","item":"https:\/\/d66.nl\/oldenzaal\/nieuws\/"},{"@type":"ListItem","position":3,"name":"Kadernota 2025"}]},{"@type":"WebSite","@id":"https:\/\/d66.nl\/oldenzaal\/#website","url":"https:\/\/d66.nl\/oldenzaal\/","name":"D66 Oldenzaal","description":"Just another D66 Sites site","publisher":{"@id":"https:\/\/d66.nl\/oldenzaal\/#organization"},"potentialAction":[{"@type":"SearchAction","target":{"@type":"EntryPoint","urlTemplate":"https:\/\/d66.nl\/oldenzaal\/?s={search_term_string}"},"query-input":{"@type":"PropertyValueSpecification","valueRequired":true,"valueName":"search_term_string"}}],"inLanguage":"nl-NL"},{"@type":"Organization","@id":"https:\/\/d66.nl\/oldenzaal\/#organization","name":"D66","url":"https:\/\/d66.nl\/oldenzaal\/","logo":{"@type":"ImageObject","inLanguage":"nl-NL","@id":"https:\/\/d66.nl\/oldenzaal\/#\/schema\/logo\/image\/","url":"https:\/\/d66.nl\/oldenzaal\/wp-content\/uploads\/sites\/2\/2021\/10\/d66-themas-algemeen-og.png","contentUrl":"https:\/\/d66.nl\/oldenzaal\/wp-content\/uploads\/sites\/2\/2021\/10\/d66-themas-algemeen-og.png","width":1200,"height":628,"caption":"D66"},"image":{"@id":"https:\/\/d66.nl\/oldenzaal\/#\/schema\/logo\/image\/"}},{"@type":"Person","@id":"https:\/\/d66.nl\/oldenzaal\/#\/schema\/person\/a860d32dcbf0c385b9e59f0afdab1dfb","name":"mj","image":{"@type":"ImageObject","inLanguage":"nl-NL","@id":"https:\/\/secure.gravatar.com\/avatar\/f4704b2dd1f386e7ce0bfedf8a197451a4034ec1cda08be6bb021ea94b27dea3?s=96&d=mm&r=g","url":"https:\/\/secure.gravatar.com\/avatar\/f4704b2dd1f386e7ce0bfedf8a197451a4034ec1cda08be6bb021ea94b27dea3?s=96&d=mm&r=g","contentUrl":"https:\/\/secure.gravatar.com\/avatar\/f4704b2dd1f386e7ce0bfedf8a197451a4034ec1cda08be6bb021ea94b27dea3?s=96&d=mm&r=g","caption":"mj"}}]}},"_links":{"self":[{"href":"https:\/\/d66.nl\/oldenzaal\/wp-json\/wp\/v2\/posts\/2151","targetHints":{"allow":["GET"]}}],"collection":[{"href":"https:\/\/d66.nl\/oldenzaal\/wp-json\/wp\/v2\/posts"}],"about":[{"href":"https:\/\/d66.nl\/oldenzaal\/wp-json\/wp\/v2\/types\/post"}],"author":[{"embeddable":true,"href":"https:\/\/d66.nl\/oldenzaal\/wp-json\/wp\/v2\/users\/764"}],"replies":[{"embeddable":true,"href":"https:\/\/d66.nl\/oldenzaal\/wp-json\/wp\/v2\/comments?post=2151"}],"version-history":[{"count":2,"href":"https:\/\/d66.nl\/oldenzaal\/wp-json\/wp\/v2\/posts\/2151\/revisions"}],"predecessor-version":[{"id":2153,"href":"https:\/\/d66.nl\/oldenzaal\/wp-json\/wp\/v2\/posts\/2151\/revisions\/2153"}],"wp:attachment":[{"href":"https:\/\/d66.nl\/oldenzaal\/wp-json\/wp\/v2\/media?parent=2151"}],"wp:term":[{"taxonomy":"category","embeddable":true,"href":"https:\/\/d66.nl\/oldenzaal\/wp-json\/wp\/v2\/categories?post=2151"},{"taxonomy":"labels","embeddable":true,"href":"https:\/\/d66.nl\/oldenzaal\/wp-json\/wp\/v2\/labels?post=2151"},{"taxonomy":"search-tags","embeddable":true,"href":"https:\/\/d66.nl\/oldenzaal\/wp-json\/wp\/v2\/search-tags?post=2151"}],"curies":[{"name":"wp","href":"https:\/\/api.w.org\/{rel}","templated":true}]}}