{"id":744,"date":"2025-12-09T10:40:00","date_gmt":"2025-12-09T10:40:00","guid":{"rendered":"https:\/\/d66.nl\/oldambt\/nieuws\/"},"modified":"2026-02-26T10:53:54","modified_gmt":"2026-02-26T10:53:54","slug":"d66-oldambt-presenteert-kandidatenlijst-voor-gemeenteraadsverkiezingen-kevin-wojcik-nieuwe-lijsttrekker","status":"publish","type":"post","link":"https:\/\/d66.nl\/oldambt\/nieuws\/d66-oldambt-presenteert-kandidatenlijst-voor-gemeenteraadsverkiezingen-kevin-wojcik-nieuwe-lijsttrekker","title":{"rendered":"D66 Oldambt presenteert kandidatenlijst voor gemeenteraadsverkiezingen. Kevin W\u00f3jcik nieuwe lijsttrekker."},"content":{"rendered":"<div\n  id=\"\"\n  class=\"wrapper  wrapper__spacing-bottom-large--30 wrapper__spacing-bottom-desktop--20 wrapper__spacing-bottom-mobile--20  wrapper__gutter--none\"\n  >\n  \t<div class=\"wrapper__container wrapper__container-width-large--default\">\n\t  <div class=\"wrapper__inner wrapper__width-large--14 wrapper__width-desktop--20 wrapper__width-mobile--24 wrapper__offset-large--6 wrapper__offset-desktop--2 wrapper__offset-mobile--0\">\n\t\t<h1 class=\"heading   heading__size--giant heading__font--serif heading__weight--regular  block-heading__heading\" id=\"nav--strong-d66-oldambt-presenteert-kandidatenlijst-voor-gemeenteraadsverkiezingen--kevin-w--jcik-nieuwe-lijsttrekker---strong-9054\"  data-nav-heading-mobile=\"D66 Oldambt presenteert kandidatenlijst voor gemeenteraadsverkiezingen. Kevin W\u00f3jcik nieuwe lijsttrekker.\" >\n\t<strong>D66 Oldambt presenteert kandidatenlijst voor gemeenteraadsverkiezingen. Kevin W\u00f3jcik nieuwe lijsttrekker.<\/strong><\/h1>\t  <\/div>\n\t<\/div>\n  <\/div>\n\n\n<div\n  id=\"\"\n  class=\"wrapper  wrapper__spacing-bottom-large--20 wrapper__spacing-bottom-desktop--10 wrapper__spacing-bottom-mobile--10  wrapper__gutter--none\"\n  >\n  \t<div class=\"wrapper__container wrapper__container-width-large--default\">\n\t  <div class=\"wrapper__inner wrapper__width-large--13 wrapper__width-desktop--20 wrapper__width-mobile--24 wrapper__offset-large--6 wrapper__offset-desktop--2 wrapper__offset-mobile--0\">\n\t\t<p\n\t\tclass=\"paragraph   paragraph__size--big   block-paragraph__paragraph\"\n\t\t\t>\n\t\tDe leden van D66 Oldambt hebben Kevin W\u00f3jcik unaniem gekozen tot lijsttrekker bij de komende gemeenteraadsverkiezingen. Op de tweede plek staat Sander G\u00fcndogan, die zijn politieke ervaring bij D66 in Castricum meebrengt naar Oldambt. Cora Wiersma, bestuurslid van D66 Provincie Groningen, completeert de top drie. Samen vormen zij een sterke voorhoede van een diverse en gemotiveerde lijst.\t<\/p>\t  <\/div>\n\t<\/div>\n  <\/div>\n\n\n<div\n  id=\"\"\n  class=\"wrapper  wrapper__spacing-bottom-large--20 wrapper__spacing-bottom-desktop--50 wrapper__spacing-bottom-mobile--10  wrapper__gutter--none\"\n  >\n  \t<div class=\"wrapper__container wrapper__container-width-large--default\">\n\t  <div class=\"wrapper__inner wrapper__width-large--14 wrapper__width-desktop--24 wrapper__width-mobile--24 wrapper__offset-large--6 wrapper__offset-desktop--2 wrapper__offset-mobile--0\">\n\t\t<section class=\"block-related-post-metadata js-block-related-post-metadata\">\n\t<div class=\"block-related-post-metadata__content-wrapper\">\n\t\t<div class=\"block-related-post-metadata__persons\">\n\t\t\t\t\t<\/div>\n\t\t<div class=\"block-related-post-metadata__meta\">\n\t\t\t<div class=\"block-related-post-metadata__date\">\n\t\t\t\t09.12.2025<div class=\"post-share js-post-share rs_skip_always\">\n\t<button class=\"post-share__share-button js-post-share-share-button\">\n\t\tShare\t\t<svg xmlns='http:\/\/www.w3.org\/2000\/svg' width='100px' height='100px' viewBox='0 0 24 24' fill='none'><path d='m8.684 10.658 6.629-3.314m.003 9.314-6.622-3.311M21 6a3 3 0 1 1-6 0 3 3 0 0 1 6 0ZM9 12a3 3 0 1 1-6 0 3 3 0 0 1 6 0Zm12 6a3 3 0 1 1-6 0 3 3 0 0 1 6 0Z' stroke='currentColor' stroke-width='1.5' fill='none'\/><\/svg>\t<\/button>\n\t<dialog class=\"post-share__dialog js-post-share-dialog\" aria-hidden=\"true\">\n\t\t<div class=\"post-share__dialog-header\">\n\t\t\tShare this post\t\t\t<button class=\"post-share__dialog-close js-post-share-dialog-close\">\n\t\t\t\t<svg xmlns='http:\/\/www.w3.org\/2000\/svg' width='150' height='150' viewBox='0 0 150 150' fill='none'><path d='M44.103 105.897 75 75m30.898-30.898L75 75m0 0L44.103 44.102M75 75l30.898 30.897' stroke='currentColor' stroke-width='5' fill='none'\/><\/svg>\t\t\t<\/button>\n\t\t<\/div>\n\t\t<div class=\"post-share__dialog-socials\">\n\t\t\t\t\t\t\t\t\t\t\t<a class=\"post-share__dialog-item js-post-share-dialog-item\" href=\"#\" target=\"_blank\" data-copy=&quot;true&quot;>\n\t\t\t\t\tKopier link<svg xmlns='http:\/\/www.w3.org\/2000\/svg' width='150' height='150' viewBox='0 0 150 150' fill='none'><path d='M67.468 108.679c-8.533-.512-14.164-3.583-17.407-9.983-3.242-6.314-2.815-12.713 1.195-18.6 1.706-2.56 3.584-5.035 5.46-7.594 1.537-2.048 3.584-2.475 5.462-1.195 2.047 1.45 2.389 3.498.938 5.632-1.706 2.474-3.584 4.948-5.29 7.423-3.242 4.778-2.304 11.092 2.133 14.334 4.864 3.584 11.092 2.731 14.761-1.962 1.963-2.475 3.754-5.12 5.632-7.68 1.194-1.535 2.645-2.218 4.607-1.28 1.792.854 2.645 2.39 2.304 4.267 0 .17 0 .427-.17.597-3.67 5.12-6.4 11.178-12.544 13.993-2.56 1.195-5.46 1.707-6.996 2.219l-.085-.171Z' fill='currentColor'\/><path d='M86.921 44.6c6.144.257 11.605 3.328 14.932 9.728 3.328 6.399 2.816 12.798-1.109 18.856-1.621 2.56-3.498 4.95-5.29 7.424-1.707 2.303-3.754 2.815-5.717 1.45-2.048-1.45-2.304-3.669-.597-6.058 1.621-2.304 3.328-4.608 4.949-6.911 3.498-4.95 2.56-11.348-2.133-14.761-4.779-3.499-11.178-2.475-14.847 2.56-1.792 2.388-3.498 4.863-5.205 7.252-1.62 2.218-3.583 2.56-5.546 1.11-1.877-1.366-2.218-3.414-.768-5.462 2.048-2.986 4.01-5.972 6.314-8.703 3.67-4.351 8.448-6.399 15.103-6.399l-.086-.085Z' fill='currentColor'\/><path d='M71.478 88.457c-3.498-.341-5.46-3.413-3.754-6.143 3.327-5.29 6.825-10.495 10.324-15.7 1.45-2.133 3.413-2.389 5.46-1.109 1.878 1.28 2.219 3.413.854 5.546-3.328 5.034-6.57 9.983-9.983 14.932-.683 1.024-1.963 1.621-2.901 2.389v.085Z' fill='currentColor'\/><\/svg>\t\t\t\t<\/a>\n\t\t\t\t\t\t\t\t\t\t\t<a class=\"post-share__dialog-item js-post-share-dialog-item\" href=\"mailto:?to=%20&amp;body=https%3A%2F%2Fd66.nl%2Foldambt%2Fnieuws%2Fd66-oldambt-presenteert-kandidatenlijst-voor-gemeenteraadsverkiezingen-kevin-wojcik-nieuwe-lijsttrekker\" target=\"_blank\" >\n\t\t\t\t\tMail<svg xmlns='http:\/\/www.w3.org\/2000\/svg' width='40' height='40' viewBox='0 0 40 40' fill='none'><path d='M24.107 15.865a1 1 0 0 1 1.266 1.265l-1.686 5.052a1 1 0 0 1-1.654.392l-3.37-3.37a1.001 1.001 0 0 1 .392-1.654l5.052-1.685Z' fill='currentColor'\/><path d='m21.763 19.475-5.657 5.657' stroke='currentColor' stroke-width='2' stroke-linecap='round' fill='none'\/><\/svg>\t\t\t\t<\/a>\n\t\t\t\t\t\t\t\t\t\t\t<a class=\"post-share__dialog-item js-post-share-dialog-item\" href=\"https:\/\/www.linkedin.com\/sharing\/share-offsite\/?url=https%3A%2F%2Fd66.nl%2Foldambt%2Fnieuws%2Fd66-oldambt-presenteert-kandidatenlijst-voor-gemeenteraadsverkiezingen-kevin-wojcik-nieuwe-lijsttrekker\" target=\"_blank\" >\n\t\t\t\t\tLinkedIn<svg xmlns='http:\/\/www.w3.org\/2000\/svg' width='40' height='40' viewBox='0 0 40 40' fill='none'><path d='M24.107 15.865a1 1 0 0 1 1.266 1.265l-1.686 5.052a1 1 0 0 1-1.654.392l-3.37-3.37a1.001 1.001 0 0 1 .392-1.654l5.052-1.685Z' fill='currentColor'\/><path d='m21.763 19.475-5.657 5.657' stroke='currentColor' stroke-width='2' stroke-linecap='round' fill='none'\/><\/svg>\t\t\t\t<\/a>\n\t\t\t\t\t\t\t\t\t\t\t<a class=\"post-share__dialog-item js-post-share-dialog-item\" href=\"https:\/\/www.facebook.com\/sharer\/sharer.php?u=https%3A%2F%2Fd66.nl%2Foldambt%2Fnieuws%2Fd66-oldambt-presenteert-kandidatenlijst-voor-gemeenteraadsverkiezingen-kevin-wojcik-nieuwe-lijsttrekker\" target=\"_blank\" >\n\t\t\t\t\tFacebook<svg xmlns='http:\/\/www.w3.org\/2000\/svg' width='40' height='40' viewBox='0 0 40 40' fill='none'><path d='M24.107 15.865a1 1 0 0 1 1.266 1.265l-1.686 5.052a1 1 0 0 1-1.654.392l-3.37-3.37a1.001 1.001 0 0 1 .392-1.654l5.052-1.685Z' fill='currentColor'\/><path d='m21.763 19.475-5.657 5.657' stroke='currentColor' stroke-width='2' stroke-linecap='round' fill='none'\/><\/svg>\t\t\t\t<\/a>\n\t\t\t\t\t\t\t\t\t\t\t<a class=\"post-share__dialog-item js-post-share-dialog-item\" href=\"whatsapp:\/\/send?text=https%3A%2F%2Fd66.nl%2Foldambt%2Fnieuws%2Fd66-oldambt-presenteert-kandidatenlijst-voor-gemeenteraadsverkiezingen-kevin-wojcik-nieuwe-lijsttrekker\" target=\"_blank\" >\n\t\t\t\t\tWhatsApp<svg xmlns='http:\/\/www.w3.org\/2000\/svg' width='40' height='40' viewBox='0 0 40 40' fill='none'><path d='M24.107 15.865a1 1 0 0 1 1.266 1.265l-1.686 5.052a1 1 0 0 1-1.654.392l-3.37-3.37a1.001 1.001 0 0 1 .392-1.654l5.052-1.685Z' fill='currentColor'\/><path d='m21.763 19.475-5.657 5.657' stroke='currentColor' stroke-width='2' stroke-linecap='round' fill='none'\/><\/svg>\t\t\t\t<\/a>\n\t\t\t\t\t\t\t\t\t\t\t<a class=\"post-share__dialog-item js-post-share-dialog-item\" href=\"https:\/\/x.com\/intent\/post?url=https%3A%2F%2Fd66.nl%2Foldambt%2Fnieuws%2Fd66-oldambt-presenteert-kandidatenlijst-voor-gemeenteraadsverkiezingen-kevin-wojcik-nieuwe-lijsttrekker\" target=\"_blank\" >\n\t\t\t\t\tTwitter (X)<svg xmlns='http:\/\/www.w3.org\/2000\/svg' width='40' height='40' viewBox='0 0 40 40' fill='none'><path d='M24.107 15.865a1 1 0 0 1 1.266 1.265l-1.686 5.052a1 1 0 0 1-1.654.392l-3.37-3.37a1.001 1.001 0 0 1 .392-1.654l5.052-1.685Z' fill='currentColor'\/><path d='m21.763 19.475-5.657 5.657' stroke='currentColor' stroke-width='2' stroke-linecap='round' fill='none'\/><\/svg>\t\t\t\t<\/a>\n\t\t\t\t\t<\/div>\n\t<\/dialog>\n<\/div>\t\t\t<\/div>\n\t\t\t<div class=\"block-related-post-metadata__categories\">\n\t\t\t\t<div class=\"category-link__wrapper\">\n\t\t\t<div class=\"category-link__item\">\n\t\t\t<a href=\"https:\/\/d66.nl\/oldambt\/category\/d66\/\">\n\t\t\t\tD66\t\t\t<\/a>\n\t\t<\/div>\n\t\t<\/div>\t\t\t<\/div>\n\t\t<\/div>\n\t<\/div>\n<\/section>\n\t  <\/div>\n\t<\/div>\n  <\/div>\n\n\n<div\n  id=\"\"\n  class=\"wrapper  wrapper__spacing-bottom-large--20 wrapper__spacing-bottom-desktop--10 wrapper__spacing-bottom-mobile--10  wrapper__gutter--none\"\n  >\n  \t<div class=\"wrapper__container wrapper__container-width-large--default\">\n\t  <div class=\"wrapper__inner wrapper__width-large--18 wrapper__width-desktop--22 wrapper__width-mobile--24 wrapper__offset-large--6 wrapper__offset-desktop--2 wrapper__offset-mobile--0\">\n\t\t<section class=\"block-post-content\">\n\t<div class=\"block-post-content__title\">\n\t\t<h3 class=\"heading  heading__color--black heading__size--medium heading__font--sans heading__weight--bold  block-post-content__heading\" id=\"nav-9841\" data-nav-heading-mobile=\"\">\n\t<\/h3>\t<\/div>\n\t<div class=\"block-post-content__content\">\n\t\t\n<div\n  id=\"\"\n  class=\"wrapper  wrapper__spacing-bottom-large--30 wrapper__spacing-bottom-desktop--20  wrapper__gutter--none\"\n  >\n  \t<div class=\"wrapper__container wrapper__container-width-large--default\">\n\t  <div class=\"wrapper__inner wrapper__width-large--24 wrapper__width-mobile--24\">\n\t\t<p\n\t\tclass=\"paragraph paragraph__align--left paragraph__color--black paragraph__size--default   block-paragraph__paragraph\"\n\t\t\t>\n\t\tHuidig fractievoorzitter Henri\u00ebtte Davelaar gaf eerder aan zich niet opnieuw verkiesbaar te stellen voor een positie in de gemeenteraad. Zij staat als lijstduwer op plek elf. Davelaar blijft actief en nauw betrokken bij D66 Oldambt en zal de fractie en de nieuwe kandidaten met haar ervaring en kennis blijven ondersteunen.\u00a0\t<\/p>\t  <\/div>\n\t<\/div>\n  <\/div>\n\n\t<\/div>\n\n\t<div class=\"block-post-content__sidebar\">\n\t\t\n\t\t\n\t\t\t<\/div>\n<\/section>\n\t  <\/div>\n\t<\/div>\n  <\/div>\n\n\n<div\n  id=\"\"\n  class=\"wrapper  wrapper__spacing-bottom-large--20 wrapper__spacing-bottom-desktop--10 wrapper__spacing-bottom-mobile--10  wrapper__gutter--none\"\n  >\n  \t<div class=\"wrapper__container wrapper__container-width-large--default\">\n\t  <div class=\"wrapper__inner wrapper__width-large--18 wrapper__width-desktop--22 wrapper__width-mobile--24 wrapper__offset-large--6 wrapper__offset-desktop--2 wrapper__offset-mobile--0\">\n\t\t<section class=\"block-post-content\">\n\t<div class=\"block-post-content__title\">\n\t\t<h3 class=\"heading  heading__color--black heading__size--medium heading__font--sans heading__weight--bold  block-post-content__heading\" id=\"nav-470\" data-nav-heading-mobile=\"\">\n\t<\/h3>\t<\/div>\n\t<div class=\"block-post-content__content\">\n\t\t\n<div\n  id=\"\"\n  class=\"wrapper  wrapper__spacing-bottom-large--30 wrapper__spacing-bottom-desktop--20  wrapper__gutter--none\"\n  >\n  \t<div class=\"wrapper__container wrapper__container-width-large--default\">\n\t  <div class=\"wrapper__inner wrapper__width-large--24 wrapper__width-mobile--24\">\n\t\t<p\n\t\tclass=\"paragraph paragraph__align--left paragraph__color--black paragraph__size--default   block-paragraph__paragraph\"\n\t\t\t>\n\t\tLijsttrekker Kevin W\u00f3jcik kijkt met groot enthousiasme vooruit: \u201c<em>D66 is de partij van het optimisme. Met deze sterke groep kandidaten hebben we alle reden om vol vertrouwen de verkiezingen in te gaan. D66 is inmiddels de grootste partij van Nederland en ook in Oldambt groeit ons ledenaantal snel. Dat laat zien dat mensen ook in onze gemeente echt behoefte hebben aan een positief verhaal vanuit het politieke midden.<\/em>\u201d\t<\/p>\t  <\/div>\n\t<\/div>\n  <\/div>\n\n\t<\/div>\n\n\t<div class=\"block-post-content__sidebar\">\n\t\t\n\t\t\n\t\t\t<\/div>\n<\/section>\n\t  <\/div>\n\t<\/div>\n  <\/div>\n\n\n<div\n  id=\"\"\n  class=\"wrapper  wrapper__spacing-bottom-large--20 wrapper__spacing-bottom-desktop--10 wrapper__spacing-bottom-mobile--10  wrapper__gutter--none\"\n  >\n  \t<div class=\"wrapper__container wrapper__container-width-large--default\">\n\t  <div class=\"wrapper__inner wrapper__width-large--18 wrapper__width-desktop--22 wrapper__width-mobile--24 wrapper__offset-large--6 wrapper__offset-desktop--2 wrapper__offset-mobile--0\">\n\t\t<section class=\"block-post-content\">\n\t<div class=\"block-post-content__title\">\n\t\t<h3 class=\"heading  heading__color--black heading__size--medium heading__font--sans heading__weight--bold  block-post-content__heading\" id=\"nav-6598\" data-nav-heading-mobile=\"\">\n\t<\/h3>\t<\/div>\n\t<div class=\"block-post-content__content\">\n\t\t\n<div\n  id=\"\"\n  class=\"wrapper  wrapper__spacing-bottom-large--30 wrapper__spacing-bottom-desktop--20  wrapper__gutter--none\"\n  >\n  \t<div class=\"wrapper__container wrapper__container-width-large--default\">\n\t  <div class=\"wrapper__inner wrapper__width-large--24 wrapper__width-mobile--24\">\n\t\t<p\n\t\tclass=\"paragraph paragraph__align--left paragraph__color--black paragraph__size--default   block-paragraph__paragraph\"\n\t\t\t>\n\t\tVolgens W\u00f3jcik staat D66 voor een gemeente waarin balans centraal staat: \u201c<em>Wij werken aan een Oldambt waar mens, natuur en economie in evenwicht zijn. Waar ondernemers de ruimte krijgen, waar iedereen gezond en betaalbaar kan wonen en waar groen altijd dichtbij is. Een gemeente met een bruisende stad en levendige dorpen waar je graag wilt opgroeien \u00e9n oud wilt worden. Op 18 maart laten we zien: het kan w\u00e9l.<\/em>\u201d\t<\/p>\t  <\/div>\n\t<\/div>\n  <\/div>\n\n\t<\/div>\n\n\t<div class=\"block-post-content__sidebar\">\n\t\t\n\t\t\n\t\t\t<\/div>\n<\/section>\n\t  <\/div>\n\t<\/div>\n  <\/div>\n","protected":false},"excerpt":{"rendered":"","protected":false},"author":1301,"featured_media":686,"comment_status":"open","ping_status":"open","sticky":false,"template":"","format":"standard","meta":{"_acf_changed":false,"footnotes":""},"categories":[1],"search-tags":[],"labels":[],"class_list":["post-744","post","type-post","status-publish","format-standard","has-post-thumbnail","hentry","category-d66"],"acf":[],"yoast_head":"<!-- This site is optimized with the Yoast SEO plugin v27.3 - https:\/\/yoast.com\/product\/yoast-seo-wordpress\/ -->\n<title>D66 Oldambt &#8212; D66 Oldambt presenteert kandidatenlijst voor gemeenteraadsverkiezingen. Kevin W\u00f3jcik nieuwe lijsttrekker.<\/title>\n<meta name=\"description\" content=\"De leden van D66 Oldambt hebben Kevin W\u00f3jcik unaniem gekozen tot lijsttrekker bij de komende gemeenteraadsverkiezingen. Op de tweede plek staat Sander G\u00fcndogan, die zijn politieke ervaring bij D66 in Castricum meebrengt naar Oldambt. Cora Wiersma, bestuurslid van D66 Provincie Groningen, completeert de top drie. Samen vormen zij een sterke voorhoede van een diverse en gemotiveerde lijst.\" \/>\n<meta name=\"robots\" content=\"index, follow, max-snippet:-1, max-image-preview:large, max-video-preview:-1\" \/>\n<link rel=\"canonical\" href=\"https:\/\/d66.nl\/oldambt\/nieuws\/d66-oldambt-presenteert-kandidatenlijst-voor-gemeenteraadsverkiezingen-kevin-wojcik-nieuwe-lijsttrekker\" \/>\n<meta property=\"og:locale\" content=\"nl_NL\" \/>\n<meta property=\"og:type\" content=\"article\" \/>\n<meta property=\"og:title\" content=\"D66 Oldambt &#8212; D66 Oldambt presenteert kandidatenlijst voor gemeenteraadsverkiezingen. Kevin W\u00f3jcik nieuwe lijsttrekker.\" \/>\n<meta property=\"og:description\" content=\"De leden van D66 Oldambt hebben Kevin W\u00f3jcik unaniem gekozen tot lijsttrekker bij de komende gemeenteraadsverkiezingen. Op de tweede plek staat Sander G\u00fcndogan, die zijn politieke ervaring bij D66 in Castricum meebrengt naar Oldambt. Cora Wiersma, bestuurslid van D66 Provincie Groningen, completeert de top drie. Samen vormen zij een sterke voorhoede van een diverse en gemotiveerde lijst.\" \/>\n<meta property=\"og:url\" content=\"https:\/\/d66.nl\/oldambt\/nieuws\/d66-oldambt-presenteert-kandidatenlijst-voor-gemeenteraadsverkiezingen-kevin-wojcik-nieuwe-lijsttrekker\/\" \/>\n<meta property=\"og:site_name\" content=\"D66 Oldambt\" \/>\n<meta property=\"article:published_time\" content=\"2025-12-09T10:40:00+00:00\" \/>\n<meta property=\"article:modified_time\" content=\"2026-02-26T10:53:54+00:00\" \/>\n<meta property=\"og:image\" content=\"https:\/\/media.d66.nl\/uploads\/sites\/236\/2022\/01\/Kevin_Wojcik_foto.jpg\" \/>\n\t<meta property=\"og:image:width\" content=\"1888\" \/>\n\t<meta property=\"og:image:height\" content=\"1338\" \/>\n\t<meta property=\"og:image:type\" content=\"image\/jpeg\" \/>\n<meta name=\"author\" content=\"kevinfw2003\" \/>\n<meta name=\"twitter:card\" content=\"summary_large_image\" \/>\n<meta name=\"twitter:label1\" content=\"Geschreven door\" \/>\n\t<meta name=\"twitter:data1\" content=\"kevinfw2003\" \/>\n\t<meta name=\"twitter:label2\" content=\"Geschatte leestijd\" \/>\n\t<meta name=\"twitter:data2\" content=\"1 minuut\" \/>\n<script type=\"application\/ld+json\" class=\"yoast-schema-graph\">{\"@context\":\"https:\\\/\\\/schema.org\",\"@graph\":[{\"@type\":\"Article\",\"@id\":\"https:\\\/\\\/d66.nl\\\/oldambt\\\/nieuws\\\/d66-oldambt-presenteert-kandidatenlijst-voor-gemeenteraadsverkiezingen-kevin-wojcik-nieuwe-lijsttrekker\\\/#article\",\"isPartOf\":{\"@id\":\"https:\\\/\\\/d66.nl\\\/oldambt\\\/nieuws\\\/d66-oldambt-presenteert-kandidatenlijst-voor-gemeenteraadsverkiezingen-kevin-wojcik-nieuwe-lijsttrekker\\\/\"},\"author\":{\"name\":\"kevinfw2003\",\"@id\":\"https:\\\/\\\/d66.nl\\\/oldambt\\\/#\\\/schema\\\/person\\\/f48430e1fbba088730fcf8e4c7ecdab5\"},\"headline\":\"D66 Oldambt presenteert kandidatenlijst voor gemeenteraadsverkiezingen. Kevin W\u00f3jcik nieuwe lijsttrekker.\",\"datePublished\":\"2025-12-09T10:40:00+00:00\",\"dateModified\":\"2026-02-26T10:53:54+00:00\",\"mainEntityOfPage\":{\"@id\":\"https:\\\/\\\/d66.nl\\\/oldambt\\\/nieuws\\\/d66-oldambt-presenteert-kandidatenlijst-voor-gemeenteraadsverkiezingen-kevin-wojcik-nieuwe-lijsttrekker\\\/\"},\"wordCount\":11,\"commentCount\":0,\"publisher\":{\"@id\":\"https:\\\/\\\/d66.nl\\\/oldambt\\\/#organization\"},\"image\":{\"@id\":\"https:\\\/\\\/d66.nl\\\/oldambt\\\/nieuws\\\/d66-oldambt-presenteert-kandidatenlijst-voor-gemeenteraadsverkiezingen-kevin-wojcik-nieuwe-lijsttrekker\\\/#primaryimage\"},\"thumbnailUrl\":\"https:\\\/\\\/media.d66.nl\\\/uploads\\\/sites\\\/236\\\/2022\\\/01\\\/Kevin_Wojcik_foto.jpg\",\"articleSection\":[\"D66\"],\"inLanguage\":\"nl-NL\",\"potentialAction\":[{\"@type\":\"CommentAction\",\"name\":\"Comment\",\"target\":[\"https:\\\/\\\/d66.nl\\\/oldambt\\\/nieuws\\\/d66-oldambt-presenteert-kandidatenlijst-voor-gemeenteraadsverkiezingen-kevin-wojcik-nieuwe-lijsttrekker\\\/#respond\"]}]},{\"@type\":\"WebPage\",\"@id\":\"https:\\\/\\\/d66.nl\\\/oldambt\\\/nieuws\\\/d66-oldambt-presenteert-kandidatenlijst-voor-gemeenteraadsverkiezingen-kevin-wojcik-nieuwe-lijsttrekker\\\/\",\"url\":\"https:\\\/\\\/d66.nl\\\/oldambt\\\/nieuws\\\/d66-oldambt-presenteert-kandidatenlijst-voor-gemeenteraadsverkiezingen-kevin-wojcik-nieuwe-lijsttrekker\\\/\",\"name\":\"D66 Oldambt &#8212; D66 Oldambt presenteert kandidatenlijst voor gemeenteraadsverkiezingen. Kevin W\u00f3jcik nieuwe lijsttrekker.\",\"isPartOf\":{\"@id\":\"https:\\\/\\\/d66.nl\\\/oldambt\\\/#website\"},\"primaryImageOfPage\":{\"@id\":\"https:\\\/\\\/d66.nl\\\/oldambt\\\/nieuws\\\/d66-oldambt-presenteert-kandidatenlijst-voor-gemeenteraadsverkiezingen-kevin-wojcik-nieuwe-lijsttrekker\\\/#primaryimage\"},\"image\":{\"@id\":\"https:\\\/\\\/d66.nl\\\/oldambt\\\/nieuws\\\/d66-oldambt-presenteert-kandidatenlijst-voor-gemeenteraadsverkiezingen-kevin-wojcik-nieuwe-lijsttrekker\\\/#primaryimage\"},\"thumbnailUrl\":\"https:\\\/\\\/media.d66.nl\\\/uploads\\\/sites\\\/236\\\/2022\\\/01\\\/Kevin_Wojcik_foto.jpg\",\"datePublished\":\"2025-12-09T10:40:00+00:00\",\"dateModified\":\"2026-02-26T10:53:54+00:00\",\"description\":\"De leden van D66 Oldambt hebben Kevin W\u00f3jcik unaniem gekozen tot lijsttrekker bij de komende gemeenteraadsverkiezingen. Op de tweede plek staat Sander G\u00fcndogan, die zijn politieke ervaring bij D66 in Castricum meebrengt naar Oldambt. Cora Wiersma, bestuurslid van D66 Provincie Groningen, completeert de top drie. Samen vormen zij een sterke voorhoede van een diverse en gemotiveerde lijst.\",\"breadcrumb\":{\"@id\":\"https:\\\/\\\/d66.nl\\\/oldambt\\\/nieuws\\\/d66-oldambt-presenteert-kandidatenlijst-voor-gemeenteraadsverkiezingen-kevin-wojcik-nieuwe-lijsttrekker\\\/#breadcrumb\"},\"inLanguage\":\"nl-NL\",\"potentialAction\":[{\"@type\":\"ReadAction\",\"target\":[\"https:\\\/\\\/d66.nl\\\/oldambt\\\/nieuws\\\/d66-oldambt-presenteert-kandidatenlijst-voor-gemeenteraadsverkiezingen-kevin-wojcik-nieuwe-lijsttrekker\\\/\"]}]},{\"@type\":\"ImageObject\",\"inLanguage\":\"nl-NL\",\"@id\":\"https:\\\/\\\/d66.nl\\\/oldambt\\\/nieuws\\\/d66-oldambt-presenteert-kandidatenlijst-voor-gemeenteraadsverkiezingen-kevin-wojcik-nieuwe-lijsttrekker\\\/#primaryimage\",\"url\":\"https:\\\/\\\/media.d66.nl\\\/uploads\\\/sites\\\/236\\\/2022\\\/01\\\/Kevin_Wojcik_foto.jpg\",\"contentUrl\":\"https:\\\/\\\/media.d66.nl\\\/uploads\\\/sites\\\/236\\\/2022\\\/01\\\/Kevin_Wojcik_foto.jpg\",\"width\":1888,\"height\":1338},{\"@type\":\"BreadcrumbList\",\"@id\":\"https:\\\/\\\/d66.nl\\\/oldambt\\\/nieuws\\\/d66-oldambt-presenteert-kandidatenlijst-voor-gemeenteraadsverkiezingen-kevin-wojcik-nieuwe-lijsttrekker\\\/#breadcrumb\",\"itemListElement\":[{\"@type\":\"ListItem\",\"position\":1,\"name\":\"Home\",\"item\":\"https:\\\/\\\/d66.nl\\\/oldambt\\\/\"},{\"@type\":\"ListItem\",\"position\":2,\"name\":\"Nieuws\",\"item\":\"https:\\\/\\\/d66.nl\\\/oldambt\\\/nieuws\\\/\"},{\"@type\":\"ListItem\",\"position\":3,\"name\":\"D66 Oldambt presenteert kandidatenlijst voor gemeenteraadsverkiezingen. Kevin W\u00f3jcik nieuwe lijsttrekker.\"}]},{\"@type\":\"WebSite\",\"@id\":\"https:\\\/\\\/d66.nl\\\/oldambt\\\/#website\",\"url\":\"https:\\\/\\\/d66.nl\\\/oldambt\\\/\",\"name\":\"D66 Oldambt\",\"description\":\"Just another D66 Sites site\",\"publisher\":{\"@id\":\"https:\\\/\\\/d66.nl\\\/oldambt\\\/#organization\"},\"potentialAction\":[{\"@type\":\"SearchAction\",\"target\":{\"@type\":\"EntryPoint\",\"urlTemplate\":\"https:\\\/\\\/d66.nl\\\/oldambt\\\/?s={search_term_string}\"},\"query-input\":{\"@type\":\"PropertyValueSpecification\",\"valueRequired\":true,\"valueName\":\"search_term_string\"}}],\"inLanguage\":\"nl-NL\"},{\"@type\":\"Organization\",\"@id\":\"https:\\\/\\\/d66.nl\\\/oldambt\\\/#organization\",\"name\":\"D66\",\"url\":\"https:\\\/\\\/d66.nl\\\/oldambt\\\/\",\"logo\":{\"@type\":\"ImageObject\",\"inLanguage\":\"nl-NL\",\"@id\":\"https:\\\/\\\/d66.nl\\\/oldambt\\\/#\\\/schema\\\/logo\\\/image\\\/\",\"url\":\"https:\\\/\\\/d66.nl\\\/oldambt\\\/wp-content\\\/uploads\\\/sites\\\/2\\\/2021\\\/10\\\/d66-themas-algemeen-og.png\",\"contentUrl\":\"https:\\\/\\\/d66.nl\\\/oldambt\\\/wp-content\\\/uploads\\\/sites\\\/2\\\/2021\\\/10\\\/d66-themas-algemeen-og.png\",\"width\":1200,\"height\":628,\"caption\":\"D66\"},\"image\":{\"@id\":\"https:\\\/\\\/d66.nl\\\/oldambt\\\/#\\\/schema\\\/logo\\\/image\\\/\"}},{\"@type\":\"Person\",\"@id\":\"https:\\\/\\\/d66.nl\\\/oldambt\\\/#\\\/schema\\\/person\\\/f48430e1fbba088730fcf8e4c7ecdab5\",\"name\":\"kevinfw2003\",\"image\":{\"@type\":\"ImageObject\",\"inLanguage\":\"nl-NL\",\"@id\":\"https:\\\/\\\/secure.gravatar.com\\\/avatar\\\/0ac1827e08d705b1ea48592c14cf0c007b817fe6d4ab9ce133377cff134af18c?s=96&d=mm&r=g\",\"url\":\"https:\\\/\\\/secure.gravatar.com\\\/avatar\\\/0ac1827e08d705b1ea48592c14cf0c007b817fe6d4ab9ce133377cff134af18c?s=96&d=mm&r=g\",\"contentUrl\":\"https:\\\/\\\/secure.gravatar.com\\\/avatar\\\/0ac1827e08d705b1ea48592c14cf0c007b817fe6d4ab9ce133377cff134af18c?s=96&d=mm&r=g\",\"caption\":\"kevinfw2003\"}}]}<\/script>\n<!-- \/ Yoast SEO plugin. -->","yoast_head_json":{"title":"D66 Oldambt &#8212; D66 Oldambt presenteert kandidatenlijst voor gemeenteraadsverkiezingen. Kevin W\u00f3jcik nieuwe lijsttrekker.","description":"De leden van D66 Oldambt hebben Kevin W\u00f3jcik unaniem gekozen tot lijsttrekker bij de komende gemeenteraadsverkiezingen. Op de tweede plek staat Sander G\u00fcndogan, die zijn politieke ervaring bij D66 in Castricum meebrengt naar Oldambt. Cora Wiersma, bestuurslid van D66 Provincie Groningen, completeert de top drie. Samen vormen zij een sterke voorhoede van een diverse en gemotiveerde lijst.","robots":{"index":"index","follow":"follow","max-snippet":"max-snippet:-1","max-image-preview":"max-image-preview:large","max-video-preview":"max-video-preview:-1"},"canonical":"https:\/\/d66.nl\/oldambt\/nieuws\/d66-oldambt-presenteert-kandidatenlijst-voor-gemeenteraadsverkiezingen-kevin-wojcik-nieuwe-lijsttrekker","og_locale":"nl_NL","og_type":"article","og_title":"D66 Oldambt &#8212; D66 Oldambt presenteert kandidatenlijst voor gemeenteraadsverkiezingen. Kevin W\u00f3jcik nieuwe lijsttrekker.","og_description":"De leden van D66 Oldambt hebben Kevin W\u00f3jcik unaniem gekozen tot lijsttrekker bij de komende gemeenteraadsverkiezingen. Op de tweede plek staat Sander G\u00fcndogan, die zijn politieke ervaring bij D66 in Castricum meebrengt naar Oldambt. Cora Wiersma, bestuurslid van D66 Provincie Groningen, completeert de top drie. Samen vormen zij een sterke voorhoede van een diverse en gemotiveerde lijst.","og_url":"https:\/\/d66.nl\/oldambt\/nieuws\/d66-oldambt-presenteert-kandidatenlijst-voor-gemeenteraadsverkiezingen-kevin-wojcik-nieuwe-lijsttrekker\/","og_site_name":"D66 Oldambt","article_published_time":"2025-12-09T10:40:00+00:00","article_modified_time":"2026-02-26T10:53:54+00:00","og_image":[{"width":1888,"height":1338,"url":"https:\/\/media.d66.nl\/uploads\/sites\/236\/2022\/01\/Kevin_Wojcik_foto.jpg","type":"image\/jpeg"}],"author":"kevinfw2003","twitter_card":"summary_large_image","twitter_misc":{"Geschreven door":"kevinfw2003","Geschatte leestijd":"1 minuut"},"schema":{"@context":"https:\/\/schema.org","@graph":[{"@type":"Article","@id":"https:\/\/d66.nl\/oldambt\/nieuws\/d66-oldambt-presenteert-kandidatenlijst-voor-gemeenteraadsverkiezingen-kevin-wojcik-nieuwe-lijsttrekker\/#article","isPartOf":{"@id":"https:\/\/d66.nl\/oldambt\/nieuws\/d66-oldambt-presenteert-kandidatenlijst-voor-gemeenteraadsverkiezingen-kevin-wojcik-nieuwe-lijsttrekker\/"},"author":{"name":"kevinfw2003","@id":"https:\/\/d66.nl\/oldambt\/#\/schema\/person\/f48430e1fbba088730fcf8e4c7ecdab5"},"headline":"D66 Oldambt presenteert kandidatenlijst voor gemeenteraadsverkiezingen. Kevin W\u00f3jcik nieuwe lijsttrekker.","datePublished":"2025-12-09T10:40:00+00:00","dateModified":"2026-02-26T10:53:54+00:00","mainEntityOfPage":{"@id":"https:\/\/d66.nl\/oldambt\/nieuws\/d66-oldambt-presenteert-kandidatenlijst-voor-gemeenteraadsverkiezingen-kevin-wojcik-nieuwe-lijsttrekker\/"},"wordCount":11,"commentCount":0,"publisher":{"@id":"https:\/\/d66.nl\/oldambt\/#organization"},"image":{"@id":"https:\/\/d66.nl\/oldambt\/nieuws\/d66-oldambt-presenteert-kandidatenlijst-voor-gemeenteraadsverkiezingen-kevin-wojcik-nieuwe-lijsttrekker\/#primaryimage"},"thumbnailUrl":"https:\/\/media.d66.nl\/uploads\/sites\/236\/2022\/01\/Kevin_Wojcik_foto.jpg","articleSection":["D66"],"inLanguage":"nl-NL","potentialAction":[{"@type":"CommentAction","name":"Comment","target":["https:\/\/d66.nl\/oldambt\/nieuws\/d66-oldambt-presenteert-kandidatenlijst-voor-gemeenteraadsverkiezingen-kevin-wojcik-nieuwe-lijsttrekker\/#respond"]}]},{"@type":"WebPage","@id":"https:\/\/d66.nl\/oldambt\/nieuws\/d66-oldambt-presenteert-kandidatenlijst-voor-gemeenteraadsverkiezingen-kevin-wojcik-nieuwe-lijsttrekker\/","url":"https:\/\/d66.nl\/oldambt\/nieuws\/d66-oldambt-presenteert-kandidatenlijst-voor-gemeenteraadsverkiezingen-kevin-wojcik-nieuwe-lijsttrekker\/","name":"D66 Oldambt &#8212; D66 Oldambt presenteert kandidatenlijst voor gemeenteraadsverkiezingen. Kevin W\u00f3jcik nieuwe lijsttrekker.","isPartOf":{"@id":"https:\/\/d66.nl\/oldambt\/#website"},"primaryImageOfPage":{"@id":"https:\/\/d66.nl\/oldambt\/nieuws\/d66-oldambt-presenteert-kandidatenlijst-voor-gemeenteraadsverkiezingen-kevin-wojcik-nieuwe-lijsttrekker\/#primaryimage"},"image":{"@id":"https:\/\/d66.nl\/oldambt\/nieuws\/d66-oldambt-presenteert-kandidatenlijst-voor-gemeenteraadsverkiezingen-kevin-wojcik-nieuwe-lijsttrekker\/#primaryimage"},"thumbnailUrl":"https:\/\/media.d66.nl\/uploads\/sites\/236\/2022\/01\/Kevin_Wojcik_foto.jpg","datePublished":"2025-12-09T10:40:00+00:00","dateModified":"2026-02-26T10:53:54+00:00","description":"De leden van D66 Oldambt hebben Kevin W\u00f3jcik unaniem gekozen tot lijsttrekker bij de komende gemeenteraadsverkiezingen. Op de tweede plek staat Sander G\u00fcndogan, die zijn politieke ervaring bij D66 in Castricum meebrengt naar Oldambt. Cora Wiersma, bestuurslid van D66 Provincie Groningen, completeert de top drie. Samen vormen zij een sterke voorhoede van een diverse en gemotiveerde lijst.","breadcrumb":{"@id":"https:\/\/d66.nl\/oldambt\/nieuws\/d66-oldambt-presenteert-kandidatenlijst-voor-gemeenteraadsverkiezingen-kevin-wojcik-nieuwe-lijsttrekker\/#breadcrumb"},"inLanguage":"nl-NL","potentialAction":[{"@type":"ReadAction","target":["https:\/\/d66.nl\/oldambt\/nieuws\/d66-oldambt-presenteert-kandidatenlijst-voor-gemeenteraadsverkiezingen-kevin-wojcik-nieuwe-lijsttrekker\/"]}]},{"@type":"ImageObject","inLanguage":"nl-NL","@id":"https:\/\/d66.nl\/oldambt\/nieuws\/d66-oldambt-presenteert-kandidatenlijst-voor-gemeenteraadsverkiezingen-kevin-wojcik-nieuwe-lijsttrekker\/#primaryimage","url":"https:\/\/media.d66.nl\/uploads\/sites\/236\/2022\/01\/Kevin_Wojcik_foto.jpg","contentUrl":"https:\/\/media.d66.nl\/uploads\/sites\/236\/2022\/01\/Kevin_Wojcik_foto.jpg","width":1888,"height":1338},{"@type":"BreadcrumbList","@id":"https:\/\/d66.nl\/oldambt\/nieuws\/d66-oldambt-presenteert-kandidatenlijst-voor-gemeenteraadsverkiezingen-kevin-wojcik-nieuwe-lijsttrekker\/#breadcrumb","itemListElement":[{"@type":"ListItem","position":1,"name":"Home","item":"https:\/\/d66.nl\/oldambt\/"},{"@type":"ListItem","position":2,"name":"Nieuws","item":"https:\/\/d66.nl\/oldambt\/nieuws\/"},{"@type":"ListItem","position":3,"name":"D66 Oldambt presenteert kandidatenlijst voor gemeenteraadsverkiezingen. Kevin W\u00f3jcik nieuwe lijsttrekker."}]},{"@type":"WebSite","@id":"https:\/\/d66.nl\/oldambt\/#website","url":"https:\/\/d66.nl\/oldambt\/","name":"D66 Oldambt","description":"Just another D66 Sites site","publisher":{"@id":"https:\/\/d66.nl\/oldambt\/#organization"},"potentialAction":[{"@type":"SearchAction","target":{"@type":"EntryPoint","urlTemplate":"https:\/\/d66.nl\/oldambt\/?s={search_term_string}"},"query-input":{"@type":"PropertyValueSpecification","valueRequired":true,"valueName":"search_term_string"}}],"inLanguage":"nl-NL"},{"@type":"Organization","@id":"https:\/\/d66.nl\/oldambt\/#organization","name":"D66","url":"https:\/\/d66.nl\/oldambt\/","logo":{"@type":"ImageObject","inLanguage":"nl-NL","@id":"https:\/\/d66.nl\/oldambt\/#\/schema\/logo\/image\/","url":"https:\/\/d66.nl\/oldambt\/wp-content\/uploads\/sites\/2\/2021\/10\/d66-themas-algemeen-og.png","contentUrl":"https:\/\/d66.nl\/oldambt\/wp-content\/uploads\/sites\/2\/2021\/10\/d66-themas-algemeen-og.png","width":1200,"height":628,"caption":"D66"},"image":{"@id":"https:\/\/d66.nl\/oldambt\/#\/schema\/logo\/image\/"}},{"@type":"Person","@id":"https:\/\/d66.nl\/oldambt\/#\/schema\/person\/f48430e1fbba088730fcf8e4c7ecdab5","name":"kevinfw2003","image":{"@type":"ImageObject","inLanguage":"nl-NL","@id":"https:\/\/secure.gravatar.com\/avatar\/0ac1827e08d705b1ea48592c14cf0c007b817fe6d4ab9ce133377cff134af18c?s=96&d=mm&r=g","url":"https:\/\/secure.gravatar.com\/avatar\/0ac1827e08d705b1ea48592c14cf0c007b817fe6d4ab9ce133377cff134af18c?s=96&d=mm&r=g","contentUrl":"https:\/\/secure.gravatar.com\/avatar\/0ac1827e08d705b1ea48592c14cf0c007b817fe6d4ab9ce133377cff134af18c?s=96&d=mm&r=g","caption":"kevinfw2003"}}]}},"_links":{"self":[{"href":"https:\/\/d66.nl\/oldambt\/wp-json\/wp\/v2\/posts\/744","targetHints":{"allow":["GET"]}}],"collection":[{"href":"https:\/\/d66.nl\/oldambt\/wp-json\/wp\/v2\/posts"}],"about":[{"href":"https:\/\/d66.nl\/oldambt\/wp-json\/wp\/v2\/types\/post"}],"author":[{"embeddable":true,"href":"https:\/\/d66.nl\/oldambt\/wp-json\/wp\/v2\/users\/1301"}],"replies":[{"embeddable":true,"href":"https:\/\/d66.nl\/oldambt\/wp-json\/wp\/v2\/comments?post=744"}],"version-history":[{"count":1,"href":"https:\/\/d66.nl\/oldambt\/wp-json\/wp\/v2\/posts\/744\/revisions"}],"predecessor-version":[{"id":747,"href":"https:\/\/d66.nl\/oldambt\/wp-json\/wp\/v2\/posts\/744\/revisions\/747"}],"wp:featuredmedia":[{"embeddable":true,"href":"https:\/\/d66.nl\/oldambt\/wp-json\/wp\/v2\/media\/686"}],"wp:attachment":[{"href":"https:\/\/d66.nl\/oldambt\/wp-json\/wp\/v2\/media?parent=744"}],"wp:term":[{"taxonomy":"category","embeddable":true,"href":"https:\/\/d66.nl\/oldambt\/wp-json\/wp\/v2\/categories?post=744"},{"taxonomy":"search-tags","embeddable":true,"href":"https:\/\/d66.nl\/oldambt\/wp-json\/wp\/v2\/search-tags?post=744"},{"taxonomy":"labels","embeddable":true,"href":"https:\/\/d66.nl\/oldambt\/wp-json\/wp\/v2\/labels?post=744"}],"curies":[{"name":"wp","href":"https:\/\/api.w.org\/{rel}","templated":true}]}}