{"id":557,"date":"2022-03-04T13:18:12","date_gmt":"2022-03-04T13:18:12","guid":{"rendered":"https:\/\/d66.nl\/oldambt\/nieuws\/"},"modified":"2022-03-04T13:58:53","modified_gmt":"2022-03-04T13:58:53","slug":"d66-oldambt-roept-de-gemeente-op-om-ruimhartig-oekraiense-vluchtelingen-op-te-vangen","status":"publish","type":"post","link":"https:\/\/d66.nl\/oldambt\/nieuws\/d66-oldambt-roept-de-gemeente-op-om-ruimhartig-oekraiense-vluchtelingen-op-te-vangen","title":{"rendered":"D66 roept de gemeente Oldambt op vluchtelingen op te vangen"},"content":{"rendered":"<div\n  id=\"\"\n  class=\"wrapper  wrapper__spacing-bottom-large--50 wrapper__spacing-bottom-desktop--66 wrapper__spacing-bottom-mobile--76  wrapper__gutter--none\"\n  >\n  \t<div class=\"wrapper__container wrapper__container-width-large--default\">\n\t  <div class=\"wrapper__inner wrapper__width-large--14 wrapper__width-desktop--20 wrapper__width-mobile--24 wrapper__offset-large--6 wrapper__offset-desktop--4 wrapper__offset-mobile--0\">\n\t\t<h1 class=\"heading   heading__size--giant heading__font--serif heading__weight--regular  block-heading__heading\" id=\"nav-een-veilige-plek-voor-oekra--ners-op-de-vlucht5092\"  data-nav-heading-mobile=\"Een veilige plek voor Oekra\u00efners op de vlucht\" >\n\tEen veilige plek voor Oekra\u00efners op de vlucht<\/h1>\t  <\/div>\n\t<\/div>\n  <\/div>\n\n\n<div\n  id=\"\"\n  class=\"wrapper  wrapper__spacing-bottom-large--50 wrapper__spacing-bottom-mobile--40  wrapper__gutter--none\"\n  >\n  \t<div class=\"wrapper__container wrapper__container-width-large--default\">\n\t  <div class=\"wrapper__inner wrapper__width-large--13 wrapper__width-desktop--22 wrapper__width-mobile--24 wrapper__offset-large--6 wrapper__offset-desktop--2 wrapper__offset-mobile--0\">\n\t\t<p\n\t\tclass=\"paragraph   paragraph__size--big   block-paragraph__paragraph\"\n\t\t\t>\n\t\tNadat Europa vorige week opgeschrokken werd door een oorlog in Oekra\u00efne, moet Nederland zich voorbereiden op de komst van vluchtelingen. Wat D66 Oldambt betreft worden er ook in de gemeente Oldambt vluchtelingen opgevangen. Henri\u00ebtte Davelaar, lijsttrekker D66 Oldambt: \u201cGelukkig zijn er veel burgerinitiatieven om vluchtelingen op te vangen. Maar D66 wil dat ook de gemeente klaar staat voor opvang van vluchtelingen, door bijvoorbeeld leegstaande gebouwen geschikt te maken voor opvang van vluchtelingen uit Oekra\u00efne. Mensen die vluchten voor oorlog en geweld moeten we helpen. Daar staat D66 voor. Oekra\u00efners zijn welkom in Oldambt. Laten we met elkaar de schouders eronder zetten om deze mensen goed op te vangen.\u201d\t<\/p>\t  <\/div>\n\t<\/div>\n  <\/div>\n\n\n<div\n  id=\"\"\n  class=\"wrapper  wrapper__spacing-bottom-large--30 wrapper__spacing-bottom-desktop--20 wrapper__spacing-bottom-mobile--10  wrapper__gutter--none\"\n  >\n  \t<div class=\"wrapper__container wrapper__container-width-large--default\">\n\t  <div class=\"wrapper__inner wrapper__width-large--14 wrapper__width-desktop--24 wrapper__width-mobile--24 wrapper__offset-large--6 wrapper__offset-desktop--2 wrapper__offset-mobile--0\">\n\t\t<section class=\"block-related-post-metadata js-block-related-post-metadata\">\n\t<div class=\"block-related-post-metadata__content-wrapper\">\n\t\t<div class=\"block-related-post-metadata__persons\">\n\t\t\t<div class=\"related-person-info__wrapper\">\n\t\t\t<div class=\"related-person-info__item related-person-info__color--yellow\">\n\t\t\t<a class=\"related-person-info__link\" href=\"https:\/\/d66.nl\/oldambt\/mensen\/henriettedavelaar\/\">\n\t\t\t\t<div class=\"related-person-info__image_container\">\n\t\t\t\t<img loading=\"lazy\" decoding=\"async\" width=\"150\" height=\"150\" src=\"https:\/\/media.d66.nl\/uploads\/sites\/236\/2021\/10\/Henriette_Davelaar-150x150.jpg\" class=\"related-person-info__image\" alt=\"\" \/>\t\t\t\t<\/div>\n\t\t\t\t<div class=\"related-person-info__meta\">\n\t\t\t\t\t\t\t\t\t<header class=\"related-person-info__header\">\n\t\t\t\t\t\t<h3 class=\"heading   heading__size--small heading__font--sans heading__weight--bold\" id=\"nav-henri--tte-davelaar7314\">\n\tHenri\u00ebtte Davelaar<\/h3>\t\t\t\t\t<\/header>\n\t\t\t\t\t\t\t\t\t\t\t\t\t<div class=\"related-person-info__description\">\n\t\t\t\t\t\t<p class=\"paragraph   paragraph__size--small paragraph__weight--normal\">\n\t\tLijstduwer | fractievoorzitter\t<\/p>\t\t\t\t\t<\/div>\n\t\t\t\t\t\t\t\t<\/div>\n\t\t\t<\/a>\n\t\t<\/div>\n\t\t<\/div>\t\t<\/div>\n\t\t<div class=\"block-related-post-metadata__meta\">\n\t\t\t<div class=\"block-related-post-metadata__date\">\n\t\t\t\t04.03.2022<div class=\"post-share js-post-share rs_skip_always\">\n\t<button class=\"post-share__share-button js-post-share-share-button\">\n\t\tShare\t\t<svg xmlns='http:\/\/www.w3.org\/2000\/svg' width='100px' height='100px' viewBox='0 0 24 24' fill='none'><path d='m8.684 10.658 6.629-3.314m.003 9.314-6.622-3.311M21 6a3 3 0 1 1-6 0 3 3 0 0 1 6 0ZM9 12a3 3 0 1 1-6 0 3 3 0 0 1 6 0Zm12 6a3 3 0 1 1-6 0 3 3 0 0 1 6 0Z' stroke='currentColor' stroke-width='1.5' fill='none'\/><\/svg>\t<\/button>\n\t<dialog class=\"post-share__dialog js-post-share-dialog\" aria-hidden=\"true\">\n\t\t<div class=\"post-share__dialog-header\">\n\t\t\tShare this post\t\t\t<button class=\"post-share__dialog-close js-post-share-dialog-close\">\n\t\t\t\t<svg xmlns='http:\/\/www.w3.org\/2000\/svg' width='150' height='150' viewBox='0 0 150 150' fill='none'><path d='M44.103 105.897 75 75m30.898-30.898L75 75m0 0L44.103 44.102M75 75l30.898 30.897' stroke='currentColor' stroke-width='5' fill='none'\/><\/svg>\t\t\t<\/button>\n\t\t<\/div>\n\t\t<div class=\"post-share__dialog-socials\">\n\t\t\t\t\t\t\t\t\t\t\t<a class=\"post-share__dialog-item js-post-share-dialog-item\" href=\"#\" target=\"_blank\" data-copy=&quot;true&quot;>\n\t\t\t\t\tKopier link<svg xmlns='http:\/\/www.w3.org\/2000\/svg' width='150' height='150' viewBox='0 0 150 150' fill='none'><path d='M67.468 108.679c-8.533-.512-14.164-3.583-17.407-9.983-3.242-6.314-2.815-12.713 1.195-18.6 1.706-2.56 3.584-5.035 5.46-7.594 1.537-2.048 3.584-2.475 5.462-1.195 2.047 1.45 2.389 3.498.938 5.632-1.706 2.474-3.584 4.948-5.29 7.423-3.242 4.778-2.304 11.092 2.133 14.334 4.864 3.584 11.092 2.731 14.761-1.962 1.963-2.475 3.754-5.12 5.632-7.68 1.194-1.535 2.645-2.218 4.607-1.28 1.792.854 2.645 2.39 2.304 4.267 0 .17 0 .427-.17.597-3.67 5.12-6.4 11.178-12.544 13.993-2.56 1.195-5.46 1.707-6.996 2.219l-.085-.171Z' fill='currentColor'\/><path d='M86.921 44.6c6.144.257 11.605 3.328 14.932 9.728 3.328 6.399 2.816 12.798-1.109 18.856-1.621 2.56-3.498 4.95-5.29 7.424-1.707 2.303-3.754 2.815-5.717 1.45-2.048-1.45-2.304-3.669-.597-6.058 1.621-2.304 3.328-4.608 4.949-6.911 3.498-4.95 2.56-11.348-2.133-14.761-4.779-3.499-11.178-2.475-14.847 2.56-1.792 2.388-3.498 4.863-5.205 7.252-1.62 2.218-3.583 2.56-5.546 1.11-1.877-1.366-2.218-3.414-.768-5.462 2.048-2.986 4.01-5.972 6.314-8.703 3.67-4.351 8.448-6.399 15.103-6.399l-.086-.085Z' fill='currentColor'\/><path d='M71.478 88.457c-3.498-.341-5.46-3.413-3.754-6.143 3.327-5.29 6.825-10.495 10.324-15.7 1.45-2.133 3.413-2.389 5.46-1.109 1.878 1.28 2.219 3.413.854 5.546-3.328 5.034-6.57 9.983-9.983 14.932-.683 1.024-1.963 1.621-2.901 2.389v.085Z' fill='currentColor'\/><\/svg>\t\t\t\t<\/a>\n\t\t\t\t\t\t\t\t\t\t\t<a class=\"post-share__dialog-item js-post-share-dialog-item\" href=\"mailto:?to=%20&amp;body=https%3A%2F%2Fd66.nl%2Foldambt%2Fnieuws%2Fd66-oldambt-roept-de-gemeente-op-om-ruimhartig-oekraiense-vluchtelingen-op-te-vangen\" target=\"_blank\" >\n\t\t\t\t\tMail<svg xmlns='http:\/\/www.w3.org\/2000\/svg' width='40' height='40' viewBox='0 0 40 40' fill='none'><path d='M24.107 15.865a1 1 0 0 1 1.266 1.265l-1.686 5.052a1 1 0 0 1-1.654.392l-3.37-3.37a1.001 1.001 0 0 1 .392-1.654l5.052-1.685Z' fill='currentColor'\/><path d='m21.763 19.475-5.657 5.657' stroke='currentColor' stroke-width='2' stroke-linecap='round' fill='none'\/><\/svg>\t\t\t\t<\/a>\n\t\t\t\t\t\t\t\t\t\t\t<a class=\"post-share__dialog-item js-post-share-dialog-item\" href=\"https:\/\/www.linkedin.com\/sharing\/share-offsite\/?url=https%3A%2F%2Fd66.nl%2Foldambt%2Fnieuws%2Fd66-oldambt-roept-de-gemeente-op-om-ruimhartig-oekraiense-vluchtelingen-op-te-vangen\" target=\"_blank\" >\n\t\t\t\t\tLinkedIn<svg xmlns='http:\/\/www.w3.org\/2000\/svg' width='40' height='40' viewBox='0 0 40 40' fill='none'><path d='M24.107 15.865a1 1 0 0 1 1.266 1.265l-1.686 5.052a1 1 0 0 1-1.654.392l-3.37-3.37a1.001 1.001 0 0 1 .392-1.654l5.052-1.685Z' fill='currentColor'\/><path d='m21.763 19.475-5.657 5.657' stroke='currentColor' stroke-width='2' stroke-linecap='round' fill='none'\/><\/svg>\t\t\t\t<\/a>\n\t\t\t\t\t\t\t\t\t\t\t<a class=\"post-share__dialog-item js-post-share-dialog-item\" href=\"https:\/\/www.facebook.com\/sharer\/sharer.php?u=https%3A%2F%2Fd66.nl%2Foldambt%2Fnieuws%2Fd66-oldambt-roept-de-gemeente-op-om-ruimhartig-oekraiense-vluchtelingen-op-te-vangen\" target=\"_blank\" >\n\t\t\t\t\tFacebook<svg xmlns='http:\/\/www.w3.org\/2000\/svg' width='40' height='40' viewBox='0 0 40 40' fill='none'><path d='M24.107 15.865a1 1 0 0 1 1.266 1.265l-1.686 5.052a1 1 0 0 1-1.654.392l-3.37-3.37a1.001 1.001 0 0 1 .392-1.654l5.052-1.685Z' fill='currentColor'\/><path d='m21.763 19.475-5.657 5.657' stroke='currentColor' stroke-width='2' stroke-linecap='round' fill='none'\/><\/svg>\t\t\t\t<\/a>\n\t\t\t\t\t\t\t\t\t\t\t<a class=\"post-share__dialog-item js-post-share-dialog-item\" href=\"whatsapp:\/\/send?text=https%3A%2F%2Fd66.nl%2Foldambt%2Fnieuws%2Fd66-oldambt-roept-de-gemeente-op-om-ruimhartig-oekraiense-vluchtelingen-op-te-vangen\" target=\"_blank\" >\n\t\t\t\t\tWhatsApp<svg xmlns='http:\/\/www.w3.org\/2000\/svg' width='40' height='40' viewBox='0 0 40 40' fill='none'><path d='M24.107 15.865a1 1 0 0 1 1.266 1.265l-1.686 5.052a1 1 0 0 1-1.654.392l-3.37-3.37a1.001 1.001 0 0 1 .392-1.654l5.052-1.685Z' fill='currentColor'\/><path d='m21.763 19.475-5.657 5.657' stroke='currentColor' stroke-width='2' stroke-linecap='round' fill='none'\/><\/svg>\t\t\t\t<\/a>\n\t\t\t\t\t\t\t\t\t\t\t<a class=\"post-share__dialog-item js-post-share-dialog-item\" href=\"https:\/\/x.com\/intent\/post?url=https%3A%2F%2Fd66.nl%2Foldambt%2Fnieuws%2Fd66-oldambt-roept-de-gemeente-op-om-ruimhartig-oekraiense-vluchtelingen-op-te-vangen\" target=\"_blank\" >\n\t\t\t\t\tTwitter (X)<svg xmlns='http:\/\/www.w3.org\/2000\/svg' width='40' height='40' viewBox='0 0 40 40' fill='none'><path d='M24.107 15.865a1 1 0 0 1 1.266 1.265l-1.686 5.052a1 1 0 0 1-1.654.392l-3.37-3.37a1.001 1.001 0 0 1 .392-1.654l5.052-1.685Z' fill='currentColor'\/><path d='m21.763 19.475-5.657 5.657' stroke='currentColor' stroke-width='2' stroke-linecap='round' fill='none'\/><\/svg>\t\t\t\t<\/a>\n\t\t\t\t\t<\/div>\n\t<\/dialog>\n<\/div>\t\t\t<\/div>\n\t\t\t<div class=\"block-related-post-metadata__categories\">\n\t\t\t\t<div class=\"category-link__wrapper\">\n\t\t\t<div class=\"category-link__item\">\n\t\t\t<a href=\"https:\/\/d66.nl\/oldambt\/category\/d66\/\">\n\t\t\t\tD66\t\t\t<\/a>\n\t\t<\/div>\n\t\t\t\t<div class=\"category-link__item\">\n\t\t\t<a href=\"https:\/\/d66.nl\/oldambt\/search-tags\/integratie-immigratie\/\">\n\t\t\t\tIntegratie en immigratie\t\t\t<\/a>\n\t\t<\/div>\n\t\t\t\t<div class=\"category-link__item\">\n\t\t\t<a href=\"https:\/\/d66.nl\/oldambt\/search-tags\/lokaal\/\">\n\t\t\t\tLokaal\t\t\t<\/a>\n\t\t<\/div>\n\t\t<\/div>\t\t\t<\/div>\n\t\t<\/div>\n\t<\/div>\n<\/section>\n\t  <\/div>\n\t<\/div>\n  <\/div>\n\n\n<div\n  id=\"\"\n  class=\"wrapper  wrapper__spacing-bottom-large--50 wrapper__spacing-bottom-desktop--70 wrapper__spacing-bottom-mobile--50  wrapper__gutter--none\"\n  >\n  \t<div class=\"wrapper__container wrapper__container-width-large--default\">\n\t  <div class=\"wrapper__inner wrapper__width-large--18 wrapper__width-desktop--22 wrapper__width-mobile--24 wrapper__offset-large--6 wrapper__offset-desktop--2 wrapper__offset-mobile--0\">\n\t\t<section class=\"block-post-content\">\n\t<div class=\"block-post-content__title\">\n\t\t<h3 class=\"heading  heading__color--black heading__size--medium heading__font--sans heading__weight--semiBold  block-post-content__heading\" id=\"nav-solidair-met-oekra--ne2239\" data-nav-heading-mobile=\"Solidair met Oekra\u00efne\">\n\tSolidair met Oekra\u00efne<\/h3>\t<\/div>\n\t<div class=\"block-post-content__content\">\n\t\t\n<div\n  id=\"\"\n  class=\"wrapper  wrapper__spacing-bottom-large--30 wrapper__spacing-bottom-desktop--20  wrapper__gutter--none\"\n  >\n  \t<div class=\"wrapper__container wrapper__container-width-large--default\">\n\t  <div class=\"wrapper__inner wrapper__width-large--24 wrapper__width-mobile--24\">\n\t\t<p\n\t\tclass=\"paragraph paragraph__align--left paragraph__color--black paragraph__size--default   block-paragraph__paragraph\"\n\t\t\t>\n\t\tDuizenden mensen uit Oekra\u00efne zijn al op de vlucht geslagen. Vaders, moeders, kinderen, opa\u2019s en oma\u2019s. Zij laten huis en haard achter op zoek naar veiligheid. D66 vindt dat er altijd plek moet zijn voor mensen die vluchten voor oorlog en geweld. Oekra\u00efners moeten in Nederland een veilige plek kunnen vinden. Door een associatieverdrag van de Europese Unie met Oekra\u00efne kunnen Oekra\u00efners met een paspoort de eerste 90 dagen zonder visum in Nederland verblijven. De staatssecretaris heeft al aangekondigd dat deze termijn wordt verlengd. Mensen zonder paspoort kunnen via de IND een visumaanvraag doen.<br><br>Veel Oekra\u00efners zullen zelfstandig onderdak vinden. Wanneer dat niet lukt, moet de overheid zorgen voor goede opvang. Dat vraagt iets van ons allemaal. D66 vindt het belangrijk dat we solidair zijn. D66 Kamerlid Anne-Marijke Podt heeft gemeenten ook opgeroepen klaar te staan voor wanneer meer opvang nodig is.\t<\/p>\t  <\/div>\n\t<\/div>\n  <\/div>\n\n\t<\/div>\n\n\t<div class=\"block-post-content__sidebar\">\n\t\t\n\t\t\n\t\t\t<\/div>\n<\/section>\n\t  <\/div>\n\t<\/div>\n  <\/div>\n\n\n<div\n  id=\"\"\n  class=\"wrapper  wrapper__spacing-bottom-large--50 wrapper__spacing-bottom-desktop--70 wrapper__spacing-bottom-mobile--50  wrapper__gutter--none\"\n  >\n  \t<div class=\"wrapper__container wrapper__container-width-large--default\">\n\t  <div class=\"wrapper__inner wrapper__width-large--18 wrapper__width-desktop--22 wrapper__width-mobile--24 wrapper__offset-large--6 wrapper__offset-desktop--2 wrapper__offset-mobile--0\">\n\t\t<section class=\"block-post-content\">\n\t<div class=\"block-post-content__title\">\n\t\t<h3 class=\"heading  heading__color--black heading__size--medium heading__font--sans heading__weight--semiBold  block-post-content__heading\" id=\"nav-snel-handelen3448\" data-nav-heading-mobile=\"Snel handelen\">\n\tSnel handelen<\/h3>\t<\/div>\n\t<div class=\"block-post-content__content\">\n\t\t\n<div\n  id=\"\"\n  class=\"wrapper  wrapper__spacing-bottom-large--30 wrapper__spacing-bottom-desktop--20  wrapper__gutter--none\"\n  >\n  \t<div class=\"wrapper__container wrapper__container-width-large--default\">\n\t  <div class=\"wrapper__inner wrapper__width-large--24 wrapper__width-mobile--24\">\n\t\t<p\n\t\tclass=\"paragraph paragraph__align--left paragraph__color--black paragraph__size--default   block-paragraph__paragraph\"\n\t\t\t>\n\t\tVolgens D66 ligt er voor Oldambt een belangrijke taak bij de opvang. Davelaar: \u201cD66 staat voor gelijke kansen voor iedereen. Niet voor niets zeggen we laat iedereen vrij, maar niemand vallen. Dat betekent ook in nood dat een overheid je helpt. We roepen daarom de gemeente op om ruimhartig vluchtelingen op te vangen. Gelukkig is de gemeente achter de schermen met een crisisteam bezig met een inventarisatie van panden die geschikt gemaakt kunnen worden voor opvang. En is de eerste locatie bekend waar vluchtelingen opgevangen kunnen worden. Het City Hotel in Winschoten is direct beschikbaar voor opvang. Helaas zijn niet alle partijen in Oldambt voorstander van het (tijdelijk) opvangen van vluchtelingen. Voor het opvangen van vluchtelingen is samenwerking essentieel. We moeten dit samen doen.\u201d\t<\/p>\t  <\/div>\n\t<\/div>\n  <\/div>\n\n\t<\/div>\n\n\t<div class=\"block-post-content__sidebar\">\n\t\t\n\t\t\n\t\t\t<\/div>\n<\/section>\n\t  <\/div>\n\t<\/div>\n  <\/div>\n\n\n<div\n  id=\"\"\n  class=\"wrapper  wrapper__spacing-bottom-large--50 wrapper__spacing-bottom-desktop--70 wrapper__spacing-bottom-mobile--50  wrapper__gutter--none\"\n  >\n  \t<div class=\"wrapper__container wrapper__container-width-large--default\">\n\t  <div class=\"wrapper__inner wrapper__width-large--18 wrapper__width-desktop--22 wrapper__width-mobile--24 wrapper__offset-large--6 wrapper__offset-desktop--2 wrapper__offset-mobile--0\">\n\t\t<section class=\"block-post-content\">\n\t<div class=\"block-post-content__title\">\n\t\t<h3 class=\"heading  heading__color--black heading__size--medium heading__font--sans heading__weight--bold  block-post-content__heading\" id=\"nav-6189\" data-nav-heading-mobile=\"\">\n\t<\/h3>\t<\/div>\n\t<div class=\"block-post-content__content\">\n\t\t\n<div\n  id=\"\"\n  class=\"wrapper  wrapper__spacing-bottom-large--30 wrapper__spacing-bottom-desktop--20  wrapper__gutter--none\"\n  >\n  \t<div class=\"wrapper__container wrapper__container-width-large--default\">\n\t  <div class=\"wrapper__inner wrapper__width-large--24 wrapper__width-mobile--24\">\n\t\t<p\n\t\tclass=\"paragraph paragraph__align--left paragraph__color--black paragraph__size--default   block-paragraph__paragraph\"\n\t\t\t>\n\t\t\t<\/p>\t  <\/div>\n\t<\/div>\n  <\/div>\n\n\n<div\n  id=\"\"\n  class=\"wrapper  wrapper__spacing-bottom-large--20  wrapper__gutter--none\"\n  >\n  \t<div class=\"wrapper__container wrapper__container-width-large--default\">\n\t  <div class=\"wrapper__inner wrapper__width-large--24 wrapper__width-mobile--24\">\n\t\t\t<div class=\"block-lists  block-lists__color--black\">\n\t\t<p class=\"paragraph  paragraph__color--black paragraph__size--default\">\n\t\t\t<\/p><ul class=\"block-lists lists__lists lists__weight--medium lists__color--black lists__type--default\">\n\t<\/ul>\t<\/div>\n\t\t  <\/div>\n\t<\/div>\n  <\/div>\n\n\t<\/div>\n\n\t<div class=\"block-post-content__sidebar\">\n\t\t\n\t\t\n\t\t\t<\/div>\n<\/section>\n\t  <\/div>\n\t<\/div>\n  <\/div>\n","protected":false},"excerpt":{"rendered":"","protected":false},"author":374,"featured_media":0,"comment_status":"closed","ping_status":"open","sticky":false,"template":"","format":"standard","meta":{"_acf_changed":false,"footnotes":""},"categories":[1],"search-tags":[13,26],"labels":[],"class_list":["post-557","post","type-post","status-publish","format-standard","hentry","category-d66","search-tags-integratie-immigratie","search-tags-lokaal"],"acf":[],"yoast_head":"<!-- This site is optimized with the Yoast SEO plugin v27.3 - https:\/\/yoast.com\/product\/yoast-seo-wordpress\/ -->\n<title>D66 Oldambt &#8212; Vang vluchtelingen uit Oekra\u00efne op in Oldambt<\/title>\n<meta name=\"description\" content=\"Wat D66 Oldambt betreft worden er ook in de gemeente Oldambt vluchtelingen opgevangen. D66 wil dat ook de gemeente klaar staat voor opvang van vluchtelingen, door bijvoorbeeld leegstaande gebouwen geschikt te maken voor opvang.\" \/>\n<meta name=\"robots\" content=\"index, follow, max-snippet:-1, max-image-preview:large, max-video-preview:-1\" \/>\n<link rel=\"canonical\" href=\"https:\/\/d66.nl\/oldambt\/nieuws\/d66-oldambt-roept-de-gemeente-op-om-ruimhartig-oekraiense-vluchtelingen-op-te-vangen\" \/>\n<meta property=\"og:locale\" content=\"nl_NL\" \/>\n<meta property=\"og:type\" content=\"article\" \/>\n<meta property=\"og:title\" content=\"D66 Oldambt &#8212; Vang vluchtelingen uit Oekra\u00efne op in Oldambt\" \/>\n<meta property=\"og:description\" content=\"Wat D66 Oldambt betreft worden er ook in de gemeente Oldambt vluchtelingen opgevangen. D66 wil dat ook de gemeente klaar staat voor opvang van vluchtelingen, door bijvoorbeeld leegstaande gebouwen geschikt te maken voor opvang.\" \/>\n<meta property=\"og:url\" content=\"https:\/\/d66.nl\/oldambt\/nieuws\/d66-oldambt-roept-de-gemeente-op-om-ruimhartig-oekraiense-vluchtelingen-op-te-vangen\/\" \/>\n<meta property=\"og:site_name\" content=\"D66 Oldambt\" \/>\n<meta property=\"article:published_time\" content=\"2022-03-04T13:18:12+00:00\" \/>\n<meta property=\"article:modified_time\" content=\"2022-03-04T13:58:53+00:00\" \/>\n<meta name=\"author\" content=\"Henri\u00ebtte Davelaar\" \/>\n<meta name=\"twitter:card\" content=\"summary_large_image\" \/>\n<meta name=\"twitter:label1\" content=\"Geschreven door\" \/>\n\t<meta name=\"twitter:data1\" content=\"Henri\u00ebtte Davelaar\" \/>\n<script type=\"application\/ld+json\" class=\"yoast-schema-graph\">{\"@context\":\"https:\\\/\\\/schema.org\",\"@graph\":[{\"@type\":\"Article\",\"@id\":\"https:\\\/\\\/d66.nl\\\/oldambt\\\/nieuws\\\/d66-oldambt-roept-de-gemeente-op-om-ruimhartig-oekraiense-vluchtelingen-op-te-vangen\\\/#article\",\"isPartOf\":{\"@id\":\"https:\\\/\\\/d66.nl\\\/oldambt\\\/nieuws\\\/d66-oldambt-roept-de-gemeente-op-om-ruimhartig-oekraiense-vluchtelingen-op-te-vangen\\\/\"},\"author\":{\"name\":\"Henri\u00ebtte Davelaar\",\"@id\":\"https:\\\/\\\/d66.nl\\\/oldambt\\\/#\\\/schema\\\/person\\\/41c96438f070245753afff575263223d\"},\"headline\":\"D66 roept de gemeente Oldambt op vluchtelingen op te vangen\",\"datePublished\":\"2022-03-04T13:18:12+00:00\",\"dateModified\":\"2022-03-04T13:58:53+00:00\",\"mainEntityOfPage\":{\"@id\":\"https:\\\/\\\/d66.nl\\\/oldambt\\\/nieuws\\\/d66-oldambt-roept-de-gemeente-op-om-ruimhartig-oekraiense-vluchtelingen-op-te-vangen\\\/\"},\"wordCount\":10,\"publisher\":{\"@id\":\"https:\\\/\\\/d66.nl\\\/oldambt\\\/#organization\"},\"articleSection\":[\"D66\"],\"inLanguage\":\"nl-NL\"},{\"@type\":\"WebPage\",\"@id\":\"https:\\\/\\\/d66.nl\\\/oldambt\\\/nieuws\\\/d66-oldambt-roept-de-gemeente-op-om-ruimhartig-oekraiense-vluchtelingen-op-te-vangen\\\/\",\"url\":\"https:\\\/\\\/d66.nl\\\/oldambt\\\/nieuws\\\/d66-oldambt-roept-de-gemeente-op-om-ruimhartig-oekraiense-vluchtelingen-op-te-vangen\\\/\",\"name\":\"D66 Oldambt &#8212; Vang vluchtelingen uit Oekra\u00efne op in Oldambt\",\"isPartOf\":{\"@id\":\"https:\\\/\\\/d66.nl\\\/oldambt\\\/#website\"},\"datePublished\":\"2022-03-04T13:18:12+00:00\",\"dateModified\":\"2022-03-04T13:58:53+00:00\",\"description\":\"Wat D66 Oldambt betreft worden er ook in de gemeente Oldambt vluchtelingen opgevangen. D66 wil dat ook de gemeente klaar staat voor opvang van vluchtelingen, door bijvoorbeeld leegstaande gebouwen geschikt te maken voor opvang.\",\"breadcrumb\":{\"@id\":\"https:\\\/\\\/d66.nl\\\/oldambt\\\/nieuws\\\/d66-oldambt-roept-de-gemeente-op-om-ruimhartig-oekraiense-vluchtelingen-op-te-vangen\\\/#breadcrumb\"},\"inLanguage\":\"nl-NL\",\"potentialAction\":[{\"@type\":\"ReadAction\",\"target\":[\"https:\\\/\\\/d66.nl\\\/oldambt\\\/nieuws\\\/d66-oldambt-roept-de-gemeente-op-om-ruimhartig-oekraiense-vluchtelingen-op-te-vangen\\\/\"]}]},{\"@type\":\"BreadcrumbList\",\"@id\":\"https:\\\/\\\/d66.nl\\\/oldambt\\\/nieuws\\\/d66-oldambt-roept-de-gemeente-op-om-ruimhartig-oekraiense-vluchtelingen-op-te-vangen\\\/#breadcrumb\",\"itemListElement\":[{\"@type\":\"ListItem\",\"position\":1,\"name\":\"Home\",\"item\":\"https:\\\/\\\/d66.nl\\\/oldambt\\\/\"},{\"@type\":\"ListItem\",\"position\":2,\"name\":\"Nieuws\",\"item\":\"https:\\\/\\\/d66.nl\\\/oldambt\\\/nieuws\\\/\"},{\"@type\":\"ListItem\",\"position\":3,\"name\":\"D66 roept de gemeente Oldambt op vluchtelingen op te vangen\"}]},{\"@type\":\"WebSite\",\"@id\":\"https:\\\/\\\/d66.nl\\\/oldambt\\\/#website\",\"url\":\"https:\\\/\\\/d66.nl\\\/oldambt\\\/\",\"name\":\"D66 Oldambt\",\"description\":\"Just another D66 Sites site\",\"publisher\":{\"@id\":\"https:\\\/\\\/d66.nl\\\/oldambt\\\/#organization\"},\"potentialAction\":[{\"@type\":\"SearchAction\",\"target\":{\"@type\":\"EntryPoint\",\"urlTemplate\":\"https:\\\/\\\/d66.nl\\\/oldambt\\\/?s={search_term_string}\"},\"query-input\":{\"@type\":\"PropertyValueSpecification\",\"valueRequired\":true,\"valueName\":\"search_term_string\"}}],\"inLanguage\":\"nl-NL\"},{\"@type\":\"Organization\",\"@id\":\"https:\\\/\\\/d66.nl\\\/oldambt\\\/#organization\",\"name\":\"D66\",\"url\":\"https:\\\/\\\/d66.nl\\\/oldambt\\\/\",\"logo\":{\"@type\":\"ImageObject\",\"inLanguage\":\"nl-NL\",\"@id\":\"https:\\\/\\\/d66.nl\\\/oldambt\\\/#\\\/schema\\\/logo\\\/image\\\/\",\"url\":\"https:\\\/\\\/d66.nl\\\/oldambt\\\/wp-content\\\/uploads\\\/sites\\\/2\\\/2021\\\/10\\\/d66-themas-algemeen-og.png\",\"contentUrl\":\"https:\\\/\\\/d66.nl\\\/oldambt\\\/wp-content\\\/uploads\\\/sites\\\/2\\\/2021\\\/10\\\/d66-themas-algemeen-og.png\",\"width\":1200,\"height\":628,\"caption\":\"D66\"},\"image\":{\"@id\":\"https:\\\/\\\/d66.nl\\\/oldambt\\\/#\\\/schema\\\/logo\\\/image\\\/\"}},{\"@type\":\"Person\",\"@id\":\"https:\\\/\\\/d66.nl\\\/oldambt\\\/#\\\/schema\\\/person\\\/41c96438f070245753afff575263223d\",\"name\":\"Henri\u00ebtte Davelaar\",\"image\":{\"@type\":\"ImageObject\",\"inLanguage\":\"nl-NL\",\"@id\":\"https:\\\/\\\/secure.gravatar.com\\\/avatar\\\/c2223cf19dfe646074da76865789d57e700747805c8a1cc92ad27685ec92fc2f?s=96&d=mm&r=g\",\"url\":\"https:\\\/\\\/secure.gravatar.com\\\/avatar\\\/c2223cf19dfe646074da76865789d57e700747805c8a1cc92ad27685ec92fc2f?s=96&d=mm&r=g\",\"contentUrl\":\"https:\\\/\\\/secure.gravatar.com\\\/avatar\\\/c2223cf19dfe646074da76865789d57e700747805c8a1cc92ad27685ec92fc2f?s=96&d=mm&r=g\",\"caption\":\"Henri\u00ebtte Davelaar\"}}]}<\/script>\n<!-- \/ Yoast SEO plugin. -->","yoast_head_json":{"title":"D66 Oldambt &#8212; Vang vluchtelingen uit Oekra\u00efne op in Oldambt","description":"Wat D66 Oldambt betreft worden er ook in de gemeente Oldambt vluchtelingen opgevangen. D66 wil dat ook de gemeente klaar staat voor opvang van vluchtelingen, door bijvoorbeeld leegstaande gebouwen geschikt te maken voor opvang.","robots":{"index":"index","follow":"follow","max-snippet":"max-snippet:-1","max-image-preview":"max-image-preview:large","max-video-preview":"max-video-preview:-1"},"canonical":"https:\/\/d66.nl\/oldambt\/nieuws\/d66-oldambt-roept-de-gemeente-op-om-ruimhartig-oekraiense-vluchtelingen-op-te-vangen","og_locale":"nl_NL","og_type":"article","og_title":"D66 Oldambt &#8212; Vang vluchtelingen uit Oekra\u00efne op in Oldambt","og_description":"Wat D66 Oldambt betreft worden er ook in de gemeente Oldambt vluchtelingen opgevangen. D66 wil dat ook de gemeente klaar staat voor opvang van vluchtelingen, door bijvoorbeeld leegstaande gebouwen geschikt te maken voor opvang.","og_url":"https:\/\/d66.nl\/oldambt\/nieuws\/d66-oldambt-roept-de-gemeente-op-om-ruimhartig-oekraiense-vluchtelingen-op-te-vangen\/","og_site_name":"D66 Oldambt","article_published_time":"2022-03-04T13:18:12+00:00","article_modified_time":"2022-03-04T13:58:53+00:00","author":"Henri\u00ebtte Davelaar","twitter_card":"summary_large_image","twitter_misc":{"Geschreven door":"Henri\u00ebtte Davelaar"},"schema":{"@context":"https:\/\/schema.org","@graph":[{"@type":"Article","@id":"https:\/\/d66.nl\/oldambt\/nieuws\/d66-oldambt-roept-de-gemeente-op-om-ruimhartig-oekraiense-vluchtelingen-op-te-vangen\/#article","isPartOf":{"@id":"https:\/\/d66.nl\/oldambt\/nieuws\/d66-oldambt-roept-de-gemeente-op-om-ruimhartig-oekraiense-vluchtelingen-op-te-vangen\/"},"author":{"name":"Henri\u00ebtte Davelaar","@id":"https:\/\/d66.nl\/oldambt\/#\/schema\/person\/41c96438f070245753afff575263223d"},"headline":"D66 roept de gemeente Oldambt op vluchtelingen op te vangen","datePublished":"2022-03-04T13:18:12+00:00","dateModified":"2022-03-04T13:58:53+00:00","mainEntityOfPage":{"@id":"https:\/\/d66.nl\/oldambt\/nieuws\/d66-oldambt-roept-de-gemeente-op-om-ruimhartig-oekraiense-vluchtelingen-op-te-vangen\/"},"wordCount":10,"publisher":{"@id":"https:\/\/d66.nl\/oldambt\/#organization"},"articleSection":["D66"],"inLanguage":"nl-NL"},{"@type":"WebPage","@id":"https:\/\/d66.nl\/oldambt\/nieuws\/d66-oldambt-roept-de-gemeente-op-om-ruimhartig-oekraiense-vluchtelingen-op-te-vangen\/","url":"https:\/\/d66.nl\/oldambt\/nieuws\/d66-oldambt-roept-de-gemeente-op-om-ruimhartig-oekraiense-vluchtelingen-op-te-vangen\/","name":"D66 Oldambt &#8212; Vang vluchtelingen uit Oekra\u00efne op in Oldambt","isPartOf":{"@id":"https:\/\/d66.nl\/oldambt\/#website"},"datePublished":"2022-03-04T13:18:12+00:00","dateModified":"2022-03-04T13:58:53+00:00","description":"Wat D66 Oldambt betreft worden er ook in de gemeente Oldambt vluchtelingen opgevangen. D66 wil dat ook de gemeente klaar staat voor opvang van vluchtelingen, door bijvoorbeeld leegstaande gebouwen geschikt te maken voor opvang.","breadcrumb":{"@id":"https:\/\/d66.nl\/oldambt\/nieuws\/d66-oldambt-roept-de-gemeente-op-om-ruimhartig-oekraiense-vluchtelingen-op-te-vangen\/#breadcrumb"},"inLanguage":"nl-NL","potentialAction":[{"@type":"ReadAction","target":["https:\/\/d66.nl\/oldambt\/nieuws\/d66-oldambt-roept-de-gemeente-op-om-ruimhartig-oekraiense-vluchtelingen-op-te-vangen\/"]}]},{"@type":"BreadcrumbList","@id":"https:\/\/d66.nl\/oldambt\/nieuws\/d66-oldambt-roept-de-gemeente-op-om-ruimhartig-oekraiense-vluchtelingen-op-te-vangen\/#breadcrumb","itemListElement":[{"@type":"ListItem","position":1,"name":"Home","item":"https:\/\/d66.nl\/oldambt\/"},{"@type":"ListItem","position":2,"name":"Nieuws","item":"https:\/\/d66.nl\/oldambt\/nieuws\/"},{"@type":"ListItem","position":3,"name":"D66 roept de gemeente Oldambt op vluchtelingen op te vangen"}]},{"@type":"WebSite","@id":"https:\/\/d66.nl\/oldambt\/#website","url":"https:\/\/d66.nl\/oldambt\/","name":"D66 Oldambt","description":"Just another D66 Sites site","publisher":{"@id":"https:\/\/d66.nl\/oldambt\/#organization"},"potentialAction":[{"@type":"SearchAction","target":{"@type":"EntryPoint","urlTemplate":"https:\/\/d66.nl\/oldambt\/?s={search_term_string}"},"query-input":{"@type":"PropertyValueSpecification","valueRequired":true,"valueName":"search_term_string"}}],"inLanguage":"nl-NL"},{"@type":"Organization","@id":"https:\/\/d66.nl\/oldambt\/#organization","name":"D66","url":"https:\/\/d66.nl\/oldambt\/","logo":{"@type":"ImageObject","inLanguage":"nl-NL","@id":"https:\/\/d66.nl\/oldambt\/#\/schema\/logo\/image\/","url":"https:\/\/d66.nl\/oldambt\/wp-content\/uploads\/sites\/2\/2021\/10\/d66-themas-algemeen-og.png","contentUrl":"https:\/\/d66.nl\/oldambt\/wp-content\/uploads\/sites\/2\/2021\/10\/d66-themas-algemeen-og.png","width":1200,"height":628,"caption":"D66"},"image":{"@id":"https:\/\/d66.nl\/oldambt\/#\/schema\/logo\/image\/"}},{"@type":"Person","@id":"https:\/\/d66.nl\/oldambt\/#\/schema\/person\/41c96438f070245753afff575263223d","name":"Henri\u00ebtte Davelaar","image":{"@type":"ImageObject","inLanguage":"nl-NL","@id":"https:\/\/secure.gravatar.com\/avatar\/c2223cf19dfe646074da76865789d57e700747805c8a1cc92ad27685ec92fc2f?s=96&d=mm&r=g","url":"https:\/\/secure.gravatar.com\/avatar\/c2223cf19dfe646074da76865789d57e700747805c8a1cc92ad27685ec92fc2f?s=96&d=mm&r=g","contentUrl":"https:\/\/secure.gravatar.com\/avatar\/c2223cf19dfe646074da76865789d57e700747805c8a1cc92ad27685ec92fc2f?s=96&d=mm&r=g","caption":"Henri\u00ebtte Davelaar"}}]}},"_links":{"self":[{"href":"https:\/\/d66.nl\/oldambt\/wp-json\/wp\/v2\/posts\/557","targetHints":{"allow":["GET"]}}],"collection":[{"href":"https:\/\/d66.nl\/oldambt\/wp-json\/wp\/v2\/posts"}],"about":[{"href":"https:\/\/d66.nl\/oldambt\/wp-json\/wp\/v2\/types\/post"}],"author":[{"embeddable":true,"href":"https:\/\/d66.nl\/oldambt\/wp-json\/wp\/v2\/users\/374"}],"replies":[{"embeddable":true,"href":"https:\/\/d66.nl\/oldambt\/wp-json\/wp\/v2\/comments?post=557"}],"version-history":[{"count":8,"href":"https:\/\/d66.nl\/oldambt\/wp-json\/wp\/v2\/posts\/557\/revisions"}],"predecessor-version":[{"id":565,"href":"https:\/\/d66.nl\/oldambt\/wp-json\/wp\/v2\/posts\/557\/revisions\/565"}],"wp:attachment":[{"href":"https:\/\/d66.nl\/oldambt\/wp-json\/wp\/v2\/media?parent=557"}],"wp:term":[{"taxonomy":"category","embeddable":true,"href":"https:\/\/d66.nl\/oldambt\/wp-json\/wp\/v2\/categories?post=557"},{"taxonomy":"search-tags","embeddable":true,"href":"https:\/\/d66.nl\/oldambt\/wp-json\/wp\/v2\/search-tags?post=557"},{"taxonomy":"labels","embeddable":true,"href":"https:\/\/d66.nl\/oldambt\/wp-json\/wp\/v2\/labels?post=557"}],"curies":[{"name":"wp","href":"https:\/\/api.w.org\/{rel}","templated":true}]}}