{"id":1754,"date":"2026-03-31T09:37:52","date_gmt":"2026-03-31T09:37:52","guid":{"rendered":"https:\/\/d66.nl\/oisterwijk\/nieuws\/"},"modified":"2026-03-31T10:00:42","modified_gmt":"2026-03-31T10:00:42","slug":"koninklijke-onderscheiding-voor-jan-van-ginneken","status":"publish","type":"post","link":"https:\/\/d66.nl\/oisterwijk\/nieuws\/koninklijke-onderscheiding-voor-jan-van-ginneken","title":{"rendered":"Koninklijke onderscheiding voor Jan van Ginneken"},"content":{"rendered":"<div\n  id=\"\"\n  class=\"wrapper  wrapper__spacing-bottom-large--20  wrapper__gutter--none\"\n  >\n  \t<div class=\"wrapper__container wrapper__container-width-large--default\">\n\t  <div class=\"wrapper__inner wrapper__width-large--24 wrapper__width-mobile--24\">\n\t\t<h2 class=\"heading heading__align--left heading__color--black heading__size--huge heading__font--sans heading__weight--bold  block-heading__heading\" id=\"nav-een-vaste-waarde-neemt-afscheid-van-de-raad6418\"  data-nav-heading-mobile=\"Een vaste waarde neemt afscheid van de raad\" >\n\tEen vaste waarde neemt afscheid van de raad<\/h2>\t  <\/div>\n\t<\/div>\n  <\/div>\n\n\n<div\n  id=\"\"\n  class=\"wrapper  wrapper__spacing-bottom-large--30 wrapper__spacing-bottom-desktop--20  wrapper__gutter--none\"\n  >\n  \t<div class=\"wrapper__container wrapper__container-width-large--default\">\n\t  <div class=\"wrapper__inner wrapper__width-large--24 wrapper__width-mobile--24\">\n\t\t<p\n\t\tclass=\"paragraph paragraph__align--left paragraph__color--black paragraph__size--default   block-paragraph__paragraph\"\n\t\t\t>\n\t\tOp 30 maart heeft Jan van Ginneken een koninklijke onderscheiding ontvangen bij zijn afscheid uit de gemeenteraad van Oisterwijk. Een meer dan terechte erkenning voor iemand die zich al jarenlang met hart en ziel inzet voor de samenleving. Want wie Jan kent, weet: maatschappelijk engagement is voor hem geen keuze, maar een vanzelfsprekendheid.\t<\/p>\t  <\/div>\n\t<\/div>\n  <\/div>\n\n\n<div\n  id=\"\"\n  class=\"wrapper  wrapper__spacing-bottom-large--30 wrapper__spacing-bottom-desktop--20  wrapper__gutter--none\"\n  >\n  \t<div class=\"wrapper__container wrapper__container-width-large--default\">\n\t  <div class=\"wrapper__inner wrapper__width-large--24 wrapper__width-desktop--22 wrapper__width-mobile--24 wrapper__offset-desktop--2\">\n\t\t<p\n\t\tclass=\"paragraph paragraph__align--left paragraph__color--black paragraph__size--default   block-paragraph__paragraph\"\n\t\t\t>\n\t\t\t<\/p>\t  <\/div>\n\t<\/div>\n  <\/div>\n\n\n<div\n  id=\"\"\n  class=\"wrapper  wrapper__spacing-bottom-large--20  wrapper__gutter--none\"\n  >\n  \t<div class=\"wrapper__container wrapper__container-width-large--default\">\n\t  <div class=\"wrapper__inner wrapper__width-large--24 wrapper__width-mobile--24 wrapper__offset-large--6\">\n\t\t<img loading=\"lazy\" decoding=\"async\" width=\"360\" height=\"480\" src=\"https:\/\/media.d66.nl\/uploads\/sites\/146\/2026\/03\/jan-lintje.jpg\" class=\"image block-image__img\" alt=\"\" srcset=\"https:\/\/media.d66.nl\/uploads\/sites\/146\/2026\/03\/jan-lintje.jpg 360w, https:\/\/media.d66.nl\/uploads\/sites\/146\/2026\/03\/jan-lintje-225x300.jpg 225w\" sizes=\"auto, (max-width: 360px) 100vw, 360px\" \/>\n\t\t\t<div class=\"image__caption-wrapper block-image__caption-wrapper\">\n\t\t\t<div class=\"image__caption block-image__caption\">\n\t\t\t\t<p class=\"paragraph paragraph__align--left paragraph__color--black paragraph__size--small paragraph__weight--medium\">\n\t\t<b>Jan van Ginneken<\/b> <i>&#045;<\/i> Beeld: D66 Oisterwijk\t<\/p>\t\t\t<\/div>\n\t\t<\/div>\t  <\/div>\n\t<\/div>\n  <\/div>\n\n\n<div\n  id=\"\"\n  class=\"wrapper  wrapper__spacing-bottom-large--50 wrapper__spacing-bottom-desktop--70 wrapper__spacing-bottom-mobile--50  wrapper__gutter--none\"\n  >\n  \t<div class=\"wrapper__container wrapper__container-width-large--default\">\n\t  <div class=\"wrapper__inner wrapper__width-large--18 wrapper__width-desktop--22 wrapper__width-mobile--24 wrapper__offset-large--6 wrapper__offset-desktop--2 wrapper__offset-mobile--0\">\n\t\t<section class=\"block-post-content\">\n\t<div class=\"block-post-content__title\">\n\t\t<h3 class=\"heading  heading__color--black heading__size--medium heading__font--sans heading__weight--bold  block-post-content__heading\" id=\"nav-12-jaar-politieke-inzet883\" data-nav-heading-mobile=\"12 jaar politieke inzet\">\n\t12 jaar politieke inzet<\/h3>\t<\/div>\n\t<div class=\"block-post-content__content\">\n\t\t\n<div\n  id=\"\"\n  class=\"wrapper  wrapper__spacing-bottom-large--30 wrapper__spacing-bottom-desktop--20  wrapper__gutter--none\"\n  >\n  \t<div class=\"wrapper__container wrapper__container-width-large--default\">\n\t  <div class=\"wrapper__inner wrapper__width-large--24 wrapper__width-mobile--24\">\n\t\t<p\n\t\tclass=\"paragraph paragraph__align--left paragraph__color--black paragraph__size--default   block-paragraph__paragraph\"\n\t\t\t>\n\t\tAl tijdens zijn studie Sociaal Cultureel Werk liet Jan zien waar hij voor staat. Hij was oprichter en voorzitter van de studentenraad van het Koning Willem I College in Den Bosch, actief binnen de jongerenorganisatie van het beroepsonderwijs en betrokken bij de vakbond. De rode draad is duidelijk: Jan wil invloed uitoefenen, verbeteren, en vooral: iets betekenen voor anderen.<br>De lokale politiek zit hem dan ook in de haarvaten. In 2013 werd hij commissielid en vanaf 2014 \u2013 tot de opheffing van de gemeente Haaren \u2013 was hij raadslid voor de lokale partij Progressief 96 Haaren. Inmiddels staat de teller op ruim 12 jaar politieke inzet voor de gemeenschap van Haaren, Oisterwijk, Moergestel en Heukelom. Dat is geen bijzaak, dat is een stevig deel van zijn leven.\t<\/p>\t  <\/div>\n\t<\/div>\n  <\/div>\n\n\t<\/div>\n\n\t<div class=\"block-post-content__sidebar\">\n\t\t\n\t\t\n\t\t\t<\/div>\n<\/section>\n\t  <\/div>\n\t<\/div>\n  <\/div>\n\n\n<div\n  id=\"\"\n  class=\"wrapper  wrapper__spacing-bottom-large--50 wrapper__spacing-bottom-desktop--70 wrapper__spacing-bottom-mobile--50  wrapper__gutter--none\"\n  >\n  \t<div class=\"wrapper__container wrapper__container-width-large--default\">\n\t  <div class=\"wrapper__inner wrapper__width-large--18 wrapper__width-desktop--22 wrapper__width-mobile--24 wrapper__offset-large--6 wrapper__offset-desktop--2 wrapper__offset-mobile--0\">\n\t\t<section class=\"block-post-content\">\n\t<div class=\"block-post-content__title\">\n\t\t<h3 class=\"heading  heading__color--black heading__size--medium heading__font--sans heading__weight--bold  block-post-content__heading\" id=\"nav-een-vaste-waarde9786\" data-nav-heading-mobile=\"Een vaste waarde\">\n\tEen vaste waarde<\/h3>\t<\/div>\n\t<div class=\"block-post-content__content\">\n\t\t\n<div\n  id=\"\"\n  class=\"wrapper  wrapper__spacing-bottom-large--30 wrapper__spacing-bottom-desktop--20  wrapper__gutter--none\"\n  >\n  \t<div class=\"wrapper__container wrapper__container-width-large--default\">\n\t  <div class=\"wrapper__inner wrapper__width-large--24 wrapper__width-mobile--24\">\n\t\t<p\n\t\tclass=\"paragraph paragraph__align--left paragraph__color--black paragraph__size--default   block-paragraph__paragraph\"\n\t\t\t>\n\t\tFractievoorzitter Sharon Kroon: &#8220;Mijn eerste kennismaking met Jan in 2019 staat nog scherp op het netvlies.\u00a0 We spraken elkaar met \u00e9\u00e9n centrale vraag: durven we het aan om D66 weer zelfstandig mee te laten doen aan de herindelingsverkiezingen? Jan hoefde daar niet lang over na te denken. Hij zag het helemaal zitten \u2013 en stond daarmee mede aan de wieg van de terugkeer van D66 in de gemeenteraad van Oisterwijk.<br>Zonder Jan had D66 daar vandaag simpelweg niet gestaan.<br><br>De afgelopen vijf jaar was hij een herkenbaar en consistent geluid in de raad. Een vaste waarde. Iemand die zich niet beperkte tot \u00e9\u00e9n dossier, maar het brede verhaal omarmde. Met aandacht voor jongerenwerk en voorzieningen zoals Haarendael, \u00e9n met inzet op onderwerpen als de starterslening en regionale ontwikkelingen binnen Hart van Brabant.<br><br>Altijd aanwezig, altijd betrokken, en nooit bang om positie te kiezen. Zichtbaar en hoorbaar, met een eigen geluid. Soms scherp, vaak vasthoudend, maar altijd vanuit betrokkenheid en een sterk rechtvaardigheidsgevoel. Dat hebben we gezien, gevoeld en gewaardeerd.&#8221;\t<\/p>\t  <\/div>\n\t<\/div>\n  <\/div>\n\n\t<\/div>\n\n\t<div class=\"block-post-content__sidebar\">\n\t\t\n\t\t\n\t\t\t<\/div>\n<\/section>\n\t  <\/div>\n\t<\/div>\n  <\/div>\n\n\n<div\n  id=\"\"\n  class=\"wrapper  wrapper__spacing-bottom-large--50 wrapper__spacing-bottom-desktop--70 wrapper__spacing-bottom-mobile--50  wrapper__gutter--none\"\n  >\n  \t<div class=\"wrapper__container wrapper__container-width-large--default\">\n\t  <div class=\"wrapper__inner wrapper__width-large--18 wrapper__width-desktop--22 wrapper__width-mobile--24 wrapper__offset-large--6 wrapper__offset-desktop--2 wrapper__offset-mobile--0\">\n\t\t<section class=\"block-post-content\">\n\t<div class=\"block-post-content__title\">\n\t\t<h3 class=\"heading  heading__color--black heading__size--medium heading__font--sans heading__weight--bold  block-post-content__heading\" id=\"nav-afscheid--voor-nu3641\" data-nav-heading-mobile=\"Afscheid, voor nu\">\n\tAfscheid, voor nu<\/h3>\t<\/div>\n\t<div class=\"block-post-content__content\">\n\t\t\n<div\n  id=\"\"\n  class=\"wrapper  wrapper__spacing-bottom-large--30 wrapper__spacing-bottom-desktop--20  wrapper__gutter--none\"\n  >\n  \t<div class=\"wrapper__container wrapper__container-width-large--default\">\n\t  <div class=\"wrapper__inner wrapper__width-large--24 wrapper__width-mobile--24\">\n\t\t<p\n\t\tclass=\"paragraph paragraph__align--left paragraph__color--black paragraph__size--default   block-paragraph__paragraph\"\n\t\t\t>\n\t\tNu neemt hij afscheid van de raad. Althans\u2026 formeel. Want laten we eerlijk zijn: iemand zoals Jan stopt niet echt. Daarvoor zit de betrokkenheid te diep en de drive te stevig verankerd. De kans dat we hem ergens weer tegenkomen \u2013 in een andere rol, op een ander podium \u2013 is ongeveer 100 procent.\t<\/p>\t  <\/div>\n\t<\/div>\n  <\/div>\n\n\t<\/div>\n\n\t<div class=\"block-post-content__sidebar\">\n\t\t\n\t\t\n\t\t\t<\/div>\n<\/section>\n\t  <\/div>\n\t<\/div>\n  <\/div>\n","protected":false},"excerpt":{"rendered":"<p>Op 30 maart heeft Jan van Ginneken een koninklijke onderscheiding ontvangen bij zijn afscheid uit de gemeenteraad van Oisterwijk. <\/p>\n","protected":false},"author":1438,"featured_media":742,"comment_status":"open","ping_status":"open","sticky":false,"template":"","format":"standard","meta":{"_acf_changed":false,"footnotes":""},"categories":[34],"search-tags":[12,26],"labels":[62,74],"class_list":["post-1754","post","type-post","status-publish","format-standard","has-post-thumbnail","hentry","category-d66-oisterwijk","search-tags-democratie-bestuur","search-tags-lokaal","labels-jan-van-ginneken","labels-koninklijke-onderscheiding"],"acf":[],"yoast_head":"<!-- This site is optimized with the Yoast SEO plugin v27.3 - https:\/\/yoast.com\/product\/yoast-seo-wordpress\/ -->\n<title>D66 Oisterwijk &#8212; Koninklijke onderscheiding voor Jan van Ginneken<\/title>\n<meta name=\"robots\" content=\"index, follow, max-snippet:-1, max-image-preview:large, max-video-preview:-1\" \/>\n<link rel=\"canonical\" href=\"https:\/\/d66.nl\/oisterwijk\/nieuws\/koninklijke-onderscheiding-voor-jan-van-ginneken\" \/>\n<meta property=\"og:locale\" content=\"nl_NL\" \/>\n<meta property=\"og:type\" content=\"article\" \/>\n<meta property=\"og:title\" content=\"D66 Oisterwijk &#8212; Koninklijke onderscheiding voor Jan van Ginneken\" \/>\n<meta property=\"og:description\" content=\"Op 30 maart heeft Jan van Ginneken een koninklijke onderscheiding ontvangen bij zijn afscheid uit de gemeenteraad van Oisterwijk.\" \/>\n<meta property=\"og:url\" content=\"https:\/\/d66.nl\/oisterwijk\/nieuws\/koninklijke-onderscheiding-voor-jan-van-ginneken\/\" \/>\n<meta property=\"og:site_name\" content=\"D66 Oisterwijk\" \/>\n<meta property=\"article:published_time\" content=\"2026-03-31T09:37:52+00:00\" \/>\n<meta property=\"article:modified_time\" content=\"2026-03-31T10:00:42+00:00\" \/>\n<meta property=\"og:image\" content=\"https:\/\/d66.nl\/oisterwijk\/wp-content\/uploads\/sites\/146\/2022\/09\/IMG_6579-3-2.jpg\" \/>\n\t<meta property=\"og:image:width\" content=\"2357\" \/>\n\t<meta property=\"og:image:height\" content=\"2521\" \/>\n\t<meta property=\"og:image:type\" content=\"image\/jpeg\" \/>\n<meta name=\"author\" content=\"jolandapolkamp\" \/>\n<meta name=\"twitter:card\" content=\"summary_large_image\" \/>\n<meta name=\"twitter:label1\" content=\"Geschreven door\" \/>\n\t<meta name=\"twitter:data1\" content=\"jolandapolkamp\" \/>\n\t<meta name=\"twitter:label2\" content=\"Geschatte leestijd\" \/>\n\t<meta name=\"twitter:data2\" content=\"1 minuut\" \/>\n<script type=\"application\/ld+json\" class=\"yoast-schema-graph\">{\"@context\":\"https:\\\/\\\/schema.org\",\"@graph\":[{\"@type\":\"Article\",\"@id\":\"https:\\\/\\\/d66.nl\\\/oisterwijk\\\/nieuws\\\/koninklijke-onderscheiding-voor-jan-van-ginneken\\\/#article\",\"isPartOf\":{\"@id\":\"https:\\\/\\\/d66.nl\\\/oisterwijk\\\/nieuws\\\/koninklijke-onderscheiding-voor-jan-van-ginneken\\\/\"},\"author\":{\"name\":\"jolandapolkamp\",\"@id\":\"https:\\\/\\\/d66.nl\\\/oisterwijk\\\/#\\\/schema\\\/person\\\/7f67b42ca393f406ad24b22bbb3e3282\"},\"headline\":\"Koninklijke onderscheiding voor Jan van Ginneken\",\"datePublished\":\"2026-03-31T09:37:52+00:00\",\"dateModified\":\"2026-03-31T10:00:42+00:00\",\"mainEntityOfPage\":{\"@id\":\"https:\\\/\\\/d66.nl\\\/oisterwijk\\\/nieuws\\\/koninklijke-onderscheiding-voor-jan-van-ginneken\\\/\"},\"wordCount\":6,\"commentCount\":0,\"publisher\":{\"@id\":\"https:\\\/\\\/d66.nl\\\/oisterwijk\\\/#organization\"},\"image\":{\"@id\":\"https:\\\/\\\/d66.nl\\\/oisterwijk\\\/nieuws\\\/koninklijke-onderscheiding-voor-jan-van-ginneken\\\/#primaryimage\"},\"thumbnailUrl\":\"https:\\\/\\\/d66.nl\\\/oisterwijk\\\/wp-content\\\/uploads\\\/sites\\\/146\\\/2022\\\/09\\\/IMG_6579-3-2.jpg\",\"articleSection\":[\"D66 Oisterwijk\"],\"inLanguage\":\"nl-NL\",\"potentialAction\":[{\"@type\":\"CommentAction\",\"name\":\"Comment\",\"target\":[\"https:\\\/\\\/d66.nl\\\/oisterwijk\\\/nieuws\\\/koninklijke-onderscheiding-voor-jan-van-ginneken\\\/#respond\"]}]},{\"@type\":\"WebPage\",\"@id\":\"https:\\\/\\\/d66.nl\\\/oisterwijk\\\/nieuws\\\/koninklijke-onderscheiding-voor-jan-van-ginneken\\\/\",\"url\":\"https:\\\/\\\/d66.nl\\\/oisterwijk\\\/nieuws\\\/koninklijke-onderscheiding-voor-jan-van-ginneken\\\/\",\"name\":\"D66 Oisterwijk &#8212; Koninklijke onderscheiding voor Jan van Ginneken\",\"isPartOf\":{\"@id\":\"https:\\\/\\\/d66.nl\\\/oisterwijk\\\/#website\"},\"primaryImageOfPage\":{\"@id\":\"https:\\\/\\\/d66.nl\\\/oisterwijk\\\/nieuws\\\/koninklijke-onderscheiding-voor-jan-van-ginneken\\\/#primaryimage\"},\"image\":{\"@id\":\"https:\\\/\\\/d66.nl\\\/oisterwijk\\\/nieuws\\\/koninklijke-onderscheiding-voor-jan-van-ginneken\\\/#primaryimage\"},\"thumbnailUrl\":\"https:\\\/\\\/d66.nl\\\/oisterwijk\\\/wp-content\\\/uploads\\\/sites\\\/146\\\/2022\\\/09\\\/IMG_6579-3-2.jpg\",\"datePublished\":\"2026-03-31T09:37:52+00:00\",\"dateModified\":\"2026-03-31T10:00:42+00:00\",\"breadcrumb\":{\"@id\":\"https:\\\/\\\/d66.nl\\\/oisterwijk\\\/nieuws\\\/koninklijke-onderscheiding-voor-jan-van-ginneken\\\/#breadcrumb\"},\"inLanguage\":\"nl-NL\",\"potentialAction\":[{\"@type\":\"ReadAction\",\"target\":[\"https:\\\/\\\/d66.nl\\\/oisterwijk\\\/nieuws\\\/koninklijke-onderscheiding-voor-jan-van-ginneken\\\/\"]}]},{\"@type\":\"ImageObject\",\"inLanguage\":\"nl-NL\",\"@id\":\"https:\\\/\\\/d66.nl\\\/oisterwijk\\\/nieuws\\\/koninklijke-onderscheiding-voor-jan-van-ginneken\\\/#primaryimage\",\"url\":\"https:\\\/\\\/d66.nl\\\/oisterwijk\\\/wp-content\\\/uploads\\\/sites\\\/146\\\/2022\\\/09\\\/IMG_6579-3-2.jpg\",\"contentUrl\":\"https:\\\/\\\/d66.nl\\\/oisterwijk\\\/wp-content\\\/uploads\\\/sites\\\/146\\\/2022\\\/09\\\/IMG_6579-3-2.jpg\",\"width\":2357,\"height\":2521},{\"@type\":\"BreadcrumbList\",\"@id\":\"https:\\\/\\\/d66.nl\\\/oisterwijk\\\/nieuws\\\/koninklijke-onderscheiding-voor-jan-van-ginneken\\\/#breadcrumb\",\"itemListElement\":[{\"@type\":\"ListItem\",\"position\":1,\"name\":\"Home\",\"item\":\"https:\\\/\\\/d66.nl\\\/oisterwijk\\\/\"},{\"@type\":\"ListItem\",\"position\":2,\"name\":\"Nieuws\",\"item\":\"https:\\\/\\\/d66.nl\\\/oisterwijk\\\/nieuws\\\/\"},{\"@type\":\"ListItem\",\"position\":3,\"name\":\"Koninklijke onderscheiding voor Jan van Ginneken\"}]},{\"@type\":\"WebSite\",\"@id\":\"https:\\\/\\\/d66.nl\\\/oisterwijk\\\/#website\",\"url\":\"https:\\\/\\\/d66.nl\\\/oisterwijk\\\/\",\"name\":\"D66 Oisterwijk\",\"description\":\"Just another D66 Sites site\",\"publisher\":{\"@id\":\"https:\\\/\\\/d66.nl\\\/oisterwijk\\\/#organization\"},\"potentialAction\":[{\"@type\":\"SearchAction\",\"target\":{\"@type\":\"EntryPoint\",\"urlTemplate\":\"https:\\\/\\\/d66.nl\\\/oisterwijk\\\/?s={search_term_string}\"},\"query-input\":{\"@type\":\"PropertyValueSpecification\",\"valueRequired\":true,\"valueName\":\"search_term_string\"}}],\"inLanguage\":\"nl-NL\"},{\"@type\":\"Organization\",\"@id\":\"https:\\\/\\\/d66.nl\\\/oisterwijk\\\/#organization\",\"name\":\"D66\",\"url\":\"https:\\\/\\\/d66.nl\\\/oisterwijk\\\/\",\"logo\":{\"@type\":\"ImageObject\",\"inLanguage\":\"nl-NL\",\"@id\":\"https:\\\/\\\/d66.nl\\\/oisterwijk\\\/#\\\/schema\\\/logo\\\/image\\\/\",\"url\":\"https:\\\/\\\/d66.nl\\\/oisterwijk\\\/wp-content\\\/uploads\\\/sites\\\/2\\\/2021\\\/10\\\/d66-themas-algemeen-og.png\",\"contentUrl\":\"https:\\\/\\\/d66.nl\\\/oisterwijk\\\/wp-content\\\/uploads\\\/sites\\\/2\\\/2021\\\/10\\\/d66-themas-algemeen-og.png\",\"width\":1200,\"height\":628,\"caption\":\"D66\"},\"image\":{\"@id\":\"https:\\\/\\\/d66.nl\\\/oisterwijk\\\/#\\\/schema\\\/logo\\\/image\\\/\"}},{\"@type\":\"Person\",\"@id\":\"https:\\\/\\\/d66.nl\\\/oisterwijk\\\/#\\\/schema\\\/person\\\/7f67b42ca393f406ad24b22bbb3e3282\",\"name\":\"jolandapolkamp\",\"image\":{\"@type\":\"ImageObject\",\"inLanguage\":\"nl-NL\",\"@id\":\"https:\\\/\\\/secure.gravatar.com\\\/avatar\\\/062a6b58b8347ca15073ba6bf22d2d428121791ba531521c163510a7c048f8d8?s=96&d=mm&r=g\",\"url\":\"https:\\\/\\\/secure.gravatar.com\\\/avatar\\\/062a6b58b8347ca15073ba6bf22d2d428121791ba531521c163510a7c048f8d8?s=96&d=mm&r=g\",\"contentUrl\":\"https:\\\/\\\/secure.gravatar.com\\\/avatar\\\/062a6b58b8347ca15073ba6bf22d2d428121791ba531521c163510a7c048f8d8?s=96&d=mm&r=g\",\"caption\":\"jolandapolkamp\"}}]}<\/script>\n<!-- \/ Yoast SEO plugin. -->","yoast_head_json":{"title":"D66 Oisterwijk &#8212; Koninklijke onderscheiding voor Jan van Ginneken","robots":{"index":"index","follow":"follow","max-snippet":"max-snippet:-1","max-image-preview":"max-image-preview:large","max-video-preview":"max-video-preview:-1"},"canonical":"https:\/\/d66.nl\/oisterwijk\/nieuws\/koninklijke-onderscheiding-voor-jan-van-ginneken","og_locale":"nl_NL","og_type":"article","og_title":"D66 Oisterwijk &#8212; Koninklijke onderscheiding voor Jan van Ginneken","og_description":"Op 30 maart heeft Jan van Ginneken een koninklijke onderscheiding ontvangen bij zijn afscheid uit de gemeenteraad van Oisterwijk.","og_url":"https:\/\/d66.nl\/oisterwijk\/nieuws\/koninklijke-onderscheiding-voor-jan-van-ginneken\/","og_site_name":"D66 Oisterwijk","article_published_time":"2026-03-31T09:37:52+00:00","article_modified_time":"2026-03-31T10:00:42+00:00","og_image":[{"width":2357,"height":2521,"url":"https:\/\/d66.nl\/oisterwijk\/wp-content\/uploads\/sites\/146\/2022\/09\/IMG_6579-3-2.jpg","type":"image\/jpeg"}],"author":"jolandapolkamp","twitter_card":"summary_large_image","twitter_misc":{"Geschreven door":"jolandapolkamp","Geschatte leestijd":"1 minuut"},"schema":{"@context":"https:\/\/schema.org","@graph":[{"@type":"Article","@id":"https:\/\/d66.nl\/oisterwijk\/nieuws\/koninklijke-onderscheiding-voor-jan-van-ginneken\/#article","isPartOf":{"@id":"https:\/\/d66.nl\/oisterwijk\/nieuws\/koninklijke-onderscheiding-voor-jan-van-ginneken\/"},"author":{"name":"jolandapolkamp","@id":"https:\/\/d66.nl\/oisterwijk\/#\/schema\/person\/7f67b42ca393f406ad24b22bbb3e3282"},"headline":"Koninklijke onderscheiding voor Jan van Ginneken","datePublished":"2026-03-31T09:37:52+00:00","dateModified":"2026-03-31T10:00:42+00:00","mainEntityOfPage":{"@id":"https:\/\/d66.nl\/oisterwijk\/nieuws\/koninklijke-onderscheiding-voor-jan-van-ginneken\/"},"wordCount":6,"commentCount":0,"publisher":{"@id":"https:\/\/d66.nl\/oisterwijk\/#organization"},"image":{"@id":"https:\/\/d66.nl\/oisterwijk\/nieuws\/koninklijke-onderscheiding-voor-jan-van-ginneken\/#primaryimage"},"thumbnailUrl":"https:\/\/d66.nl\/oisterwijk\/wp-content\/uploads\/sites\/146\/2022\/09\/IMG_6579-3-2.jpg","articleSection":["D66 Oisterwijk"],"inLanguage":"nl-NL","potentialAction":[{"@type":"CommentAction","name":"Comment","target":["https:\/\/d66.nl\/oisterwijk\/nieuws\/koninklijke-onderscheiding-voor-jan-van-ginneken\/#respond"]}]},{"@type":"WebPage","@id":"https:\/\/d66.nl\/oisterwijk\/nieuws\/koninklijke-onderscheiding-voor-jan-van-ginneken\/","url":"https:\/\/d66.nl\/oisterwijk\/nieuws\/koninklijke-onderscheiding-voor-jan-van-ginneken\/","name":"D66 Oisterwijk &#8212; Koninklijke onderscheiding voor Jan van Ginneken","isPartOf":{"@id":"https:\/\/d66.nl\/oisterwijk\/#website"},"primaryImageOfPage":{"@id":"https:\/\/d66.nl\/oisterwijk\/nieuws\/koninklijke-onderscheiding-voor-jan-van-ginneken\/#primaryimage"},"image":{"@id":"https:\/\/d66.nl\/oisterwijk\/nieuws\/koninklijke-onderscheiding-voor-jan-van-ginneken\/#primaryimage"},"thumbnailUrl":"https:\/\/d66.nl\/oisterwijk\/wp-content\/uploads\/sites\/146\/2022\/09\/IMG_6579-3-2.jpg","datePublished":"2026-03-31T09:37:52+00:00","dateModified":"2026-03-31T10:00:42+00:00","breadcrumb":{"@id":"https:\/\/d66.nl\/oisterwijk\/nieuws\/koninklijke-onderscheiding-voor-jan-van-ginneken\/#breadcrumb"},"inLanguage":"nl-NL","potentialAction":[{"@type":"ReadAction","target":["https:\/\/d66.nl\/oisterwijk\/nieuws\/koninklijke-onderscheiding-voor-jan-van-ginneken\/"]}]},{"@type":"ImageObject","inLanguage":"nl-NL","@id":"https:\/\/d66.nl\/oisterwijk\/nieuws\/koninklijke-onderscheiding-voor-jan-van-ginneken\/#primaryimage","url":"https:\/\/d66.nl\/oisterwijk\/wp-content\/uploads\/sites\/146\/2022\/09\/IMG_6579-3-2.jpg","contentUrl":"https:\/\/d66.nl\/oisterwijk\/wp-content\/uploads\/sites\/146\/2022\/09\/IMG_6579-3-2.jpg","width":2357,"height":2521},{"@type":"BreadcrumbList","@id":"https:\/\/d66.nl\/oisterwijk\/nieuws\/koninklijke-onderscheiding-voor-jan-van-ginneken\/#breadcrumb","itemListElement":[{"@type":"ListItem","position":1,"name":"Home","item":"https:\/\/d66.nl\/oisterwijk\/"},{"@type":"ListItem","position":2,"name":"Nieuws","item":"https:\/\/d66.nl\/oisterwijk\/nieuws\/"},{"@type":"ListItem","position":3,"name":"Koninklijke onderscheiding voor Jan van Ginneken"}]},{"@type":"WebSite","@id":"https:\/\/d66.nl\/oisterwijk\/#website","url":"https:\/\/d66.nl\/oisterwijk\/","name":"D66 Oisterwijk","description":"Just another D66 Sites site","publisher":{"@id":"https:\/\/d66.nl\/oisterwijk\/#organization"},"potentialAction":[{"@type":"SearchAction","target":{"@type":"EntryPoint","urlTemplate":"https:\/\/d66.nl\/oisterwijk\/?s={search_term_string}"},"query-input":{"@type":"PropertyValueSpecification","valueRequired":true,"valueName":"search_term_string"}}],"inLanguage":"nl-NL"},{"@type":"Organization","@id":"https:\/\/d66.nl\/oisterwijk\/#organization","name":"D66","url":"https:\/\/d66.nl\/oisterwijk\/","logo":{"@type":"ImageObject","inLanguage":"nl-NL","@id":"https:\/\/d66.nl\/oisterwijk\/#\/schema\/logo\/image\/","url":"https:\/\/d66.nl\/oisterwijk\/wp-content\/uploads\/sites\/2\/2021\/10\/d66-themas-algemeen-og.png","contentUrl":"https:\/\/d66.nl\/oisterwijk\/wp-content\/uploads\/sites\/2\/2021\/10\/d66-themas-algemeen-og.png","width":1200,"height":628,"caption":"D66"},"image":{"@id":"https:\/\/d66.nl\/oisterwijk\/#\/schema\/logo\/image\/"}},{"@type":"Person","@id":"https:\/\/d66.nl\/oisterwijk\/#\/schema\/person\/7f67b42ca393f406ad24b22bbb3e3282","name":"jolandapolkamp","image":{"@type":"ImageObject","inLanguage":"nl-NL","@id":"https:\/\/secure.gravatar.com\/avatar\/062a6b58b8347ca15073ba6bf22d2d428121791ba531521c163510a7c048f8d8?s=96&d=mm&r=g","url":"https:\/\/secure.gravatar.com\/avatar\/062a6b58b8347ca15073ba6bf22d2d428121791ba531521c163510a7c048f8d8?s=96&d=mm&r=g","contentUrl":"https:\/\/secure.gravatar.com\/avatar\/062a6b58b8347ca15073ba6bf22d2d428121791ba531521c163510a7c048f8d8?s=96&d=mm&r=g","caption":"jolandapolkamp"}}]}},"_links":{"self":[{"href":"https:\/\/d66.nl\/oisterwijk\/wp-json\/wp\/v2\/posts\/1754","targetHints":{"allow":["GET"]}}],"collection":[{"href":"https:\/\/d66.nl\/oisterwijk\/wp-json\/wp\/v2\/posts"}],"about":[{"href":"https:\/\/d66.nl\/oisterwijk\/wp-json\/wp\/v2\/types\/post"}],"author":[{"embeddable":true,"href":"https:\/\/d66.nl\/oisterwijk\/wp-json\/wp\/v2\/users\/1438"}],"replies":[{"embeddable":true,"href":"https:\/\/d66.nl\/oisterwijk\/wp-json\/wp\/v2\/comments?post=1754"}],"version-history":[{"count":10,"href":"https:\/\/d66.nl\/oisterwijk\/wp-json\/wp\/v2\/posts\/1754\/revisions"}],"predecessor-version":[{"id":1770,"href":"https:\/\/d66.nl\/oisterwijk\/wp-json\/wp\/v2\/posts\/1754\/revisions\/1770"}],"wp:featuredmedia":[{"embeddable":true,"href":"https:\/\/d66.nl\/oisterwijk\/wp-json\/wp\/v2\/media\/742"}],"wp:attachment":[{"href":"https:\/\/d66.nl\/oisterwijk\/wp-json\/wp\/v2\/media?parent=1754"}],"wp:term":[{"taxonomy":"category","embeddable":true,"href":"https:\/\/d66.nl\/oisterwijk\/wp-json\/wp\/v2\/categories?post=1754"},{"taxonomy":"search-tags","embeddable":true,"href":"https:\/\/d66.nl\/oisterwijk\/wp-json\/wp\/v2\/search-tags?post=1754"},{"taxonomy":"labels","embeddable":true,"href":"https:\/\/d66.nl\/oisterwijk\/wp-json\/wp\/v2\/labels?post=1754"}],"curies":[{"name":"wp","href":"https:\/\/api.w.org\/{rel}","templated":true}]}}