{"id":4831,"date":"2025-07-02T12:18:06","date_gmt":"2025-07-02T12:18:06","guid":{"rendered":"https:\/\/d66.nl\/noordholland\/nieuws\/"},"modified":"2025-07-02T13:03:42","modified_gmt":"2025-07-02T13:03:42","slug":"debat-kaderbrief-2026","status":"publish","type":"post","link":"https:\/\/d66.nl\/noordholland\/nieuws\/debat-kaderbrief-2026","title":{"rendered":"Debat Kaderbrief 2026"},"content":{"rendered":"<div\n  id=\"\"\n  class=\"wrapper  wrapper__spacing-bottom-large--50 wrapper__spacing-bottom-desktop--66 wrapper__spacing-bottom-mobile--76  wrapper__gutter--none\"\n  >\n  \t<div class=\"wrapper__container wrapper__container-width-large--default\">\n\t  <div class=\"wrapper__inner wrapper__width-large--14 wrapper__width-desktop--20 wrapper__width-mobile--24 wrapper__offset-large--6 wrapper__offset-desktop--4 wrapper__offset-mobile--0\">\n\t\t<h1 class=\"heading   heading__size--giant heading__font--serif heading__weight--regular  block-heading__heading\" id=\"nav--strong--em-goed-debat-over-de-kaderbrief-----em---strong----br--strong--em-maar-coalitie-wilde-niet-echt-luisteren--em---strong-8598\"  data-nav-heading-mobile=\"Goed debat over de Kaderbrief\u2026\u00a0maar coalitie wilde niet echt luisteren\" >\n\t<strong><em>Goed debat over de Kaderbrief\u2026<\/em><\/strong>\u00a0<br><strong><em>maar coalitie wilde niet echt luisteren<\/em><\/strong><\/h1>\t  <\/div>\n\t<\/div>\n  <\/div>\n\n\n<div\n  id=\"\"\n  class=\"wrapper  wrapper__spacing-bottom-large--50 wrapper__spacing-bottom-mobile--40  wrapper__gutter--none\"\n  >\n  \t<div class=\"wrapper__container wrapper__container-width-large--default\">\n\t  <div class=\"wrapper__inner wrapper__width-large--13 wrapper__width-desktop--22 wrapper__width-mobile--24 wrapper__offset-large--6 wrapper__offset-desktop--2 wrapper__offset-mobile--0\">\n\t\t<p\n\t\tclass=\"paragraph   paragraph__size--big   block-paragraph__paragraph\"\n\t\t\t>\n\t\tD66 is dit jaar een stuk positiever over de financi\u00eble plannen van de provincie in de <a href=\"https:\/\/noordholland.bestuurlijkeinformatie.nl\/Agenda\/Document\/50cdc20f-a9c9-40a5-b4a8-d776350a77c2?documentId=9c8dd512-506d-4af1-b8fa-3030975642fe&amp;agendaItemId=d1a9f86d-9a9b-4553-82c7-a05df20a846d\">kaderbrief 2026<\/a> dan vorig jaar. De Provinciale Staten vergaderden over de uitgangspunten voor de begroting van volgend jaar op een tropische maandag \u00e9n de verjaardag van onze fractievoorzitter. <br>Sijmen M\u00fclder voerde namens D66 een constructief debat met andere fracties van rechts tot links \u00e9n met het college. Niet veel oproepen vanuit de oppositie kregen steun van een meerderheid, omdat de coalitie de gelederen gesloten hield. Opmerkelijk was wel dat er vanuit verschillende samenwerkingen tussen partijen voorstellen in het debat gebracht werden. Samenwerken in het bestuur is wat we moeten doen in de democratie.\u00a0\t<\/p>\t  <\/div>\n\t<\/div>\n  <\/div>\n\n\n<div\n  id=\"\"\n  class=\"wrapper  wrapper__spacing-bottom-large--20  wrapper__gutter--none\"\n  >\n  \t<div class=\"wrapper__container wrapper__container-width-large--default\">\n\t  <div class=\"wrapper__inner wrapper__width-large--24 wrapper__width-mobile--24\">\n\t\t<img loading=\"lazy\" decoding=\"async\" width=\"1024\" height=\"768\" src=\"https:\/\/d66.nl\/noordholland\/wp-content\/uploads\/sites\/340\/2025\/07\/SM-PS30juni2025EKf-1024x768.jpg\" class=\"image block-image__img\" alt=\"\" srcset=\"https:\/\/d66.nl\/noordholland\/wp-content\/uploads\/sites\/340\/2025\/07\/SM-PS30juni2025EKf-1024x768.jpg 1024w, https:\/\/d66.nl\/noordholland\/wp-content\/uploads\/sites\/340\/2025\/07\/SM-PS30juni2025EKf-300x225.jpg 300w, https:\/\/d66.nl\/noordholland\/wp-content\/uploads\/sites\/340\/2025\/07\/SM-PS30juni2025EKf-768x576.jpg 768w, https:\/\/d66.nl\/noordholland\/wp-content\/uploads\/sites\/340\/2025\/07\/SM-PS30juni2025EKf.jpg 1442w\" sizes=\"auto, (max-width: 1024px) 100vw, 1024px\" \/>\n\t\t\t<div class=\"image__caption-wrapper block-image__caption-wrapper\">\n\t\t\t<div class=\"image__caption block-image__caption\">\n\t\t\t\t<p class=\"paragraph paragraph__align--left paragraph__color--black paragraph__size--small paragraph__weight--medium\">\n\t\t<b>Sijmen M\u00fclder<\/b> <i>&#045;<\/i> Beeld: KanikFotografie\t<\/p>\t\t\t<\/div>\n\t\t<\/div>\t  <\/div>\n\t<\/div>\n  <\/div>\n\n\n<div\n  id=\"\"\n  class=\"wrapper  wrapper__spacing-bottom-large--30 wrapper__spacing-bottom-desktop--20 wrapper__spacing-bottom-mobile--10  wrapper__gutter--none\"\n  >\n  \t<div class=\"wrapper__container wrapper__container-width-large--default\">\n\t  <div class=\"wrapper__inner wrapper__width-large--14 wrapper__width-desktop--24 wrapper__width-mobile--24 wrapper__offset-large--6 wrapper__offset-desktop--2 wrapper__offset-mobile--0\">\n\t\t<section class=\"block-related-post-metadata js-block-related-post-metadata\">\n\t<div class=\"block-related-post-metadata__content-wrapper\">\n\t\t<div class=\"block-related-post-metadata__persons\">\n\t\t\t<div class=\"related-person-info__wrapper\">\n\t\t\t<div class=\"related-person-info__item related-person-info__color--skyBlue\">\n\t\t\t<a class=\"related-person-info__link\" href=\"https:\/\/d66.nl\/noordholland\/mensen\/sijmen-mulder\/\">\n\t\t\t\t<div class=\"related-person-info__image_container\">\n\t\t\t\t<img loading=\"lazy\" decoding=\"async\" width=\"113\" height=\"150\" src=\"https:\/\/media.d66.nl\/uploads\/sites\/340\/2026\/04\/fd3c0d38-1133-4a47-a23b-b37ade0e1258.jpeg\" class=\"related-person-info__image\" alt=\"\" \/>\t\t\t\t<\/div>\n\t\t\t\t<div class=\"related-person-info__meta\">\n\t\t\t\t\t\t\t\t\t<header class=\"related-person-info__header\">\n\t\t\t\t\t\t<h3 class=\"heading   heading__size--small heading__font--sans heading__weight--bold\" id=\"nav-sijmen-m--lder52\">\n\tSijmen M\u00fclder<\/h3>\t\t\t\t\t<\/header>\n\t\t\t\t\t\t\t\t\t\t\t\t\t<div class=\"related-person-info__description\">\n\t\t\t\t\t\t<p class=\"paragraph   paragraph__size--small paragraph__weight--normal\">\n\t\tFractievoorzitter\t<\/p>\t\t\t\t\t<\/div>\n\t\t\t\t\t\t\t\t<\/div>\n\t\t\t<\/a>\n\t\t<\/div>\n\t\t<\/div>\t\t<\/div>\n\t\t<div class=\"block-related-post-metadata__meta\">\n\t\t\t<div class=\"block-related-post-metadata__date\">\n\t\t\t\t02.07.2025<div class=\"post-share js-post-share rs_skip_always\">\n\t<button class=\"post-share__share-button js-post-share-share-button\">\n\t\tShare\t\t<svg xmlns='http:\/\/www.w3.org\/2000\/svg' width='100px' height='100px' viewBox='0 0 24 24' fill='none'><path d='m8.684 10.658 6.629-3.314m.003 9.314-6.622-3.311M21 6a3 3 0 1 1-6 0 3 3 0 0 1 6 0ZM9 12a3 3 0 1 1-6 0 3 3 0 0 1 6 0Zm12 6a3 3 0 1 1-6 0 3 3 0 0 1 6 0Z' stroke='currentColor' stroke-width='1.5' fill='none'\/><\/svg>\t<\/button>\n\t<dialog class=\"post-share__dialog js-post-share-dialog\" aria-hidden=\"true\">\n\t\t<div class=\"post-share__dialog-header\">\n\t\t\tShare this post\t\t\t<button class=\"post-share__dialog-close js-post-share-dialog-close\">\n\t\t\t\t<svg xmlns='http:\/\/www.w3.org\/2000\/svg' width='150' height='150' viewBox='0 0 150 150' fill='none'><path d='M44.103 105.897 75 75m30.898-30.898L75 75m0 0L44.103 44.102M75 75l30.898 30.897' stroke='currentColor' stroke-width='5' fill='none'\/><\/svg>\t\t\t<\/button>\n\t\t<\/div>\n\t\t<div class=\"post-share__dialog-socials\">\n\t\t\t\t\t\t\t\t\t\t\t<a class=\"post-share__dialog-item js-post-share-dialog-item\" href=\"#\" target=\"_blank\" data-copy=&quot;true&quot;>\n\t\t\t\t\tKopier link<svg xmlns='http:\/\/www.w3.org\/2000\/svg' width='150' height='150' viewBox='0 0 150 150' fill='none'><path d='M67.468 108.679c-8.533-.512-14.164-3.583-17.407-9.983-3.242-6.314-2.815-12.713 1.195-18.6 1.706-2.56 3.584-5.035 5.46-7.594 1.537-2.048 3.584-2.475 5.462-1.195 2.047 1.45 2.389 3.498.938 5.632-1.706 2.474-3.584 4.948-5.29 7.423-3.242 4.778-2.304 11.092 2.133 14.334 4.864 3.584 11.092 2.731 14.761-1.962 1.963-2.475 3.754-5.12 5.632-7.68 1.194-1.535 2.645-2.218 4.607-1.28 1.792.854 2.645 2.39 2.304 4.267 0 .17 0 .427-.17.597-3.67 5.12-6.4 11.178-12.544 13.993-2.56 1.195-5.46 1.707-6.996 2.219l-.085-.171Z' fill='currentColor'\/><path d='M86.921 44.6c6.144.257 11.605 3.328 14.932 9.728 3.328 6.399 2.816 12.798-1.109 18.856-1.621 2.56-3.498 4.95-5.29 7.424-1.707 2.303-3.754 2.815-5.717 1.45-2.048-1.45-2.304-3.669-.597-6.058 1.621-2.304 3.328-4.608 4.949-6.911 3.498-4.95 2.56-11.348-2.133-14.761-4.779-3.499-11.178-2.475-14.847 2.56-1.792 2.388-3.498 4.863-5.205 7.252-1.62 2.218-3.583 2.56-5.546 1.11-1.877-1.366-2.218-3.414-.768-5.462 2.048-2.986 4.01-5.972 6.314-8.703 3.67-4.351 8.448-6.399 15.103-6.399l-.086-.085Z' fill='currentColor'\/><path d='M71.478 88.457c-3.498-.341-5.46-3.413-3.754-6.143 3.327-5.29 6.825-10.495 10.324-15.7 1.45-2.133 3.413-2.389 5.46-1.109 1.878 1.28 2.219 3.413.854 5.546-3.328 5.034-6.57 9.983-9.983 14.932-.683 1.024-1.963 1.621-2.901 2.389v.085Z' fill='currentColor'\/><\/svg>\t\t\t\t<\/a>\n\t\t\t\t\t\t\t\t\t\t\t<a class=\"post-share__dialog-item js-post-share-dialog-item\" href=\"mailto:?to=%20&amp;body=https%3A%2F%2Fd66.nl%2Fnoordholland%2Fnieuws%2Fdebat-kaderbrief-2026\" target=\"_blank\" >\n\t\t\t\t\tMail<svg xmlns='http:\/\/www.w3.org\/2000\/svg' width='40' height='40' viewBox='0 0 40 40' fill='none'><path d='M24.107 15.865a1 1 0 0 1 1.266 1.265l-1.686 5.052a1 1 0 0 1-1.654.392l-3.37-3.37a1.001 1.001 0 0 1 .392-1.654l5.052-1.685Z' fill='currentColor'\/><path d='m21.763 19.475-5.657 5.657' stroke='currentColor' stroke-width='2' stroke-linecap='round' fill='none'\/><\/svg>\t\t\t\t<\/a>\n\t\t\t\t\t\t\t\t\t\t\t<a class=\"post-share__dialog-item js-post-share-dialog-item\" href=\"https:\/\/www.linkedin.com\/sharing\/share-offsite\/?url=https%3A%2F%2Fd66.nl%2Fnoordholland%2Fnieuws%2Fdebat-kaderbrief-2026\" target=\"_blank\" >\n\t\t\t\t\tLinkedIn<svg xmlns='http:\/\/www.w3.org\/2000\/svg' width='40' height='40' viewBox='0 0 40 40' fill='none'><path d='M24.107 15.865a1 1 0 0 1 1.266 1.265l-1.686 5.052a1 1 0 0 1-1.654.392l-3.37-3.37a1.001 1.001 0 0 1 .392-1.654l5.052-1.685Z' fill='currentColor'\/><path d='m21.763 19.475-5.657 5.657' stroke='currentColor' stroke-width='2' stroke-linecap='round' fill='none'\/><\/svg>\t\t\t\t<\/a>\n\t\t\t\t\t\t\t\t\t\t\t<a class=\"post-share__dialog-item js-post-share-dialog-item\" href=\"https:\/\/www.facebook.com\/sharer\/sharer.php?u=https%3A%2F%2Fd66.nl%2Fnoordholland%2Fnieuws%2Fdebat-kaderbrief-2026\" target=\"_blank\" >\n\t\t\t\t\tFacebook<svg xmlns='http:\/\/www.w3.org\/2000\/svg' width='40' height='40' viewBox='0 0 40 40' fill='none'><path d='M24.107 15.865a1 1 0 0 1 1.266 1.265l-1.686 5.052a1 1 0 0 1-1.654.392l-3.37-3.37a1.001 1.001 0 0 1 .392-1.654l5.052-1.685Z' fill='currentColor'\/><path d='m21.763 19.475-5.657 5.657' stroke='currentColor' stroke-width='2' stroke-linecap='round' fill='none'\/><\/svg>\t\t\t\t<\/a>\n\t\t\t\t\t\t\t\t\t\t\t<a class=\"post-share__dialog-item js-post-share-dialog-item\" href=\"whatsapp:\/\/send?text=https%3A%2F%2Fd66.nl%2Fnoordholland%2Fnieuws%2Fdebat-kaderbrief-2026\" target=\"_blank\" >\n\t\t\t\t\tWhatsApp<svg xmlns='http:\/\/www.w3.org\/2000\/svg' width='40' height='40' viewBox='0 0 40 40' fill='none'><path d='M24.107 15.865a1 1 0 0 1 1.266 1.265l-1.686 5.052a1 1 0 0 1-1.654.392l-3.37-3.37a1.001 1.001 0 0 1 .392-1.654l5.052-1.685Z' fill='currentColor'\/><path d='m21.763 19.475-5.657 5.657' stroke='currentColor' stroke-width='2' stroke-linecap='round' fill='none'\/><\/svg>\t\t\t\t<\/a>\n\t\t\t\t\t\t\t\t\t\t\t<a class=\"post-share__dialog-item js-post-share-dialog-item\" href=\"https:\/\/x.com\/intent\/post?url=https%3A%2F%2Fd66.nl%2Fnoordholland%2Fnieuws%2Fdebat-kaderbrief-2026\" target=\"_blank\" >\n\t\t\t\t\tTwitter (X)<svg xmlns='http:\/\/www.w3.org\/2000\/svg' width='40' height='40' viewBox='0 0 40 40' fill='none'><path d='M24.107 15.865a1 1 0 0 1 1.266 1.265l-1.686 5.052a1 1 0 0 1-1.654.392l-3.37-3.37a1.001 1.001 0 0 1 .392-1.654l5.052-1.685Z' fill='currentColor'\/><path d='m21.763 19.475-5.657 5.657' stroke='currentColor' stroke-width='2' stroke-linecap='round' fill='none'\/><\/svg>\t\t\t\t<\/a>\n\t\t\t\t\t<\/div>\n\t<\/dialog>\n<\/div>\t\t\t<\/div>\n\t\t\t<div class=\"block-related-post-metadata__categories\">\n\t\t\t\t<div class=\"category-link__wrapper\">\n\t\t\t<div class=\"category-link__item\">\n\t\t\t<a href=\"https:\/\/d66.nl\/noordholland\/category\/d66\/\">\n\t\t\t\tD66\t\t\t<\/a>\n\t\t<\/div>\n\t\t<\/div>\t\t\t<\/div>\n\t\t<\/div>\n\t<\/div>\n<\/section>\n\t  <\/div>\n\t<\/div>\n  <\/div>\n\n\n<div\n  id=\"\"\n  class=\"wrapper  wrapper__spacing-bottom-large--50 wrapper__spacing-bottom-desktop--70 wrapper__spacing-bottom-mobile--50  wrapper__gutter--none\"\n  >\n  \t<div class=\"wrapper__container wrapper__container-width-large--default\">\n\t  <div class=\"wrapper__inner wrapper__width-large--18 wrapper__width-desktop--22 wrapper__width-mobile--24 wrapper__offset-large--6 wrapper__offset-desktop--2 wrapper__offset-mobile--0\">\n\t\t<section class=\"block-post-content\">\n\t<div class=\"block-post-content__title\">\n\t\t<h3 class=\"heading  heading__color--black heading__size--medium heading__font--sans heading__weight--bold  block-post-content__heading\" id=\"nav-de-kaderbrief-20266596\" data-nav-heading-mobile=\"De kaderbrief 2026\">\n\tDe kaderbrief 2026<\/h3>\t<\/div>\n\t<div class=\"block-post-content__content\">\n\t\t\n<div\n  id=\"\"\n  class=\"wrapper  wrapper__spacing-bottom-large--30 wrapper__spacing-bottom-desktop--20  wrapper__gutter--none\"\n  >\n  \t<div class=\"wrapper__container wrapper__container-width-large--default\">\n\t  <div class=\"wrapper__inner wrapper__width-large--24 wrapper__width-mobile--24\">\n\t\t<p\n\t\tclass=\"paragraph paragraph__align--left paragraph__color--black paragraph__size--default   block-paragraph__paragraph\"\n\t\t\t>\n\t\tOp basis van een <a href=\"https:\/\/www.noord-holland.nl\/Bestuur\/Financien\">kaderbrief<\/a> wordt de begroting voor het volgende jaar gemaakt. De kaderbrief geeft inzicht in welke afspraken er in de coalitie van BBB, VVD, GroenLinks en PvdA gemaakt zijn over de financi\u00ebn. M\u00fclder: \u201cDat was eerder niet altijd helder. Aanleiding is de matige financi\u00eble situatie van de provincie. Het college erkent dat er daadwerkelijk iets aan de hand is en dat ingrijpen nodig is.\u201d\u00a0\t<\/p>\t  <\/div>\n\t<\/div>\n  <\/div>\n\n\n<div\n  id=\"\"\n  class=\"wrapper  wrapper__spacing-bottom-large--20  wrapper__gutter--none\"\n  >\n  \t<div class=\"wrapper__container wrapper__container-width-large--default\">\n\t  <div class=\"wrapper__inner wrapper__width-large--24 wrapper__width-mobile--24\">\n\t\t<img loading=\"lazy\" decoding=\"async\" width=\"1024\" height=\"768\" src=\"https:\/\/d66.nl\/noordholland\/wp-content\/uploads\/sites\/340\/2025\/07\/SM-PS30juni2025EKa-1024x768.jpg\" class=\"image block-image__img\" alt=\"\" srcset=\"https:\/\/d66.nl\/noordholland\/wp-content\/uploads\/sites\/340\/2025\/07\/SM-PS30juni2025EKa-1024x768.jpg 1024w, https:\/\/d66.nl\/noordholland\/wp-content\/uploads\/sites\/340\/2025\/07\/SM-PS30juni2025EKa-300x225.jpg 300w, https:\/\/d66.nl\/noordholland\/wp-content\/uploads\/sites\/340\/2025\/07\/SM-PS30juni2025EKa-768x576.jpg 768w, https:\/\/d66.nl\/noordholland\/wp-content\/uploads\/sites\/340\/2025\/07\/SM-PS30juni2025EKa.jpg 1504w\" sizes=\"auto, (max-width: 1024px) 100vw, 1024px\" \/>\n\t\t\t<div class=\"image__caption-wrapper block-image__caption-wrapper\">\n\t\t\t<div class=\"image__caption block-image__caption\">\n\t\t\t\t<p class=\"paragraph paragraph__align--left paragraph__color--black paragraph__size--small paragraph__weight--medium\">\n\t\t<b>Sijmen M\u00fclder<\/b> <i>&#045;<\/i> Beeld: KanikFotografie\t<\/p>\t\t\t<\/div>\n\t\t<\/div>\t  <\/div>\n\t<\/div>\n  <\/div>\n\n\t<\/div>\n\n\t<div class=\"block-post-content__sidebar\">\n\t\t\n\t\t\n\t\t\t<\/div>\n<\/section>\n\t  <\/div>\n\t<\/div>\n  <\/div>\n\n\n<div\n  id=\"\"\n  class=\"wrapper  wrapper__spacing-bottom-large--50 wrapper__spacing-bottom-desktop--70 wrapper__spacing-bottom-mobile--50  wrapper__gutter--none\"\n  >\n  \t<div class=\"wrapper__container wrapper__container-width-large--default\">\n\t  <div class=\"wrapper__inner wrapper__width-large--18 wrapper__width-desktop--22 wrapper__width-mobile--24 wrapper__offset-large--6 wrapper__offset-desktop--2 wrapper__offset-mobile--0\">\n\t\t<section class=\"block-post-content\">\n\t<div class=\"block-post-content__title\">\n\t\t<h3 class=\"heading  heading__color--black heading__size--medium heading__font--sans heading__weight--bold  block-post-content__heading\" id=\"nav-eindelijk-indexeren346\" data-nav-heading-mobile=\"Eindelijk indexeren\">\n\tEindelijk indexeren<\/h3>\t<\/div>\n\t<div class=\"block-post-content__content\">\n\t\t\n<div\n  id=\"\"\n  class=\"wrapper  wrapper__spacing-bottom-large--30 wrapper__spacing-bottom-desktop--20  wrapper__gutter--none\"\n  >\n  \t<div class=\"wrapper__container wrapper__container-width-large--default\">\n\t  <div class=\"wrapper__inner wrapper__width-large--24 wrapper__width-mobile--24\">\n\t\t<p\n\t\tclass=\"paragraph paragraph__align--left paragraph__color--black paragraph__size--default   block-paragraph__paragraph\"\n\t\t\t>\n\t\t<em>Ja, de motorrijtuigenbelasting in Noord-Holland gaat omhoog, maar blijft de laagste in Nederland.<\/em>\u00a0<br><br>De provincie heeft jarenlang geteerd op de gelden uit de verkoop van Nuon. Dat geld is in beperkte mate wel ge\u00efnvesteerd in grote Noord-Hollandse projecten (zoals de Westfrisia-weg en tunnels), maar is vooral gebruikt om de provinciale belastingen niet te indexeren (=verhogen langs de lijn van de inflatie). De provincie kreeg dus steeds minder geld binnen. De D66-fractie heeft daar altijd tegen geageerd, maar noch in coalitieonderhandelingen noch in Provinciale Staten daar een meerderheid voor weten te bewegen. <br>M\u00fclder: \u201cHet is pijnlijk te constateren dat de VVD ervoor gekozen heeft om schulden te maken, en niet voor een eerlijke correctie van de opcenten. Het probleem is duidelijk onderschat. Ook nu wordt er gecorrigeerd met de handrem erop. De opgelopen achterstand van 13 jaar wordt niet ingehaald. We blijven de goedkoopste provincie voor autorijders.\u201d <br>Een <a href=\"https:\/\/noordholland.bestuurlijkeinformatie.nl\/Agenda\/Document\/50cdc20f-a9c9-40a5-b4a8-d776350a77c2?documentId=0153cfe4-f259-4aaf-b067-aa63445c6573&amp;agendaItemId=d1a9f86d-9a9b-4553-82c7-a05df20a846d\">voorstel van Volt <\/a>voor toekomstbestendige opcenten werd door D66 ondersteund. Hiermee willen we voorkomen, dat de provincie weer de fout ingaat en de rekening doorschuift naar een volgende generatie. Helaas haalde het voorstel geen meerderheid\t<\/p>\t  <\/div>\n\t<\/div>\n  <\/div>\n\n\t<\/div>\n\n\t<div class=\"block-post-content__sidebar\">\n\t\t\n\t\t\n\t\t\t<\/div>\n<\/section>\n\t  <\/div>\n\t<\/div>\n  <\/div>\n\n\n<div\n  id=\"\"\n  class=\"wrapper  wrapper__spacing-bottom-large--50 wrapper__spacing-bottom-desktop--70 wrapper__spacing-bottom-mobile--50  wrapper__gutter--none\"\n  >\n  \t<div class=\"wrapper__container wrapper__container-width-large--default\">\n\t  <div class=\"wrapper__inner wrapper__width-large--18 wrapper__width-desktop--22 wrapper__width-mobile--24 wrapper__offset-large--6 wrapper__offset-desktop--2 wrapper__offset-mobile--0\">\n\t\t<section class=\"block-post-content\">\n\t<div class=\"block-post-content__title\">\n\t\t<h3 class=\"heading  heading__color--black heading__size--medium heading__font--sans heading__weight--bold  block-post-content__heading\" id=\"nav-noord-holland-heeft-nu-schulden6490\" data-nav-heading-mobile=\"Noord-Holland heeft nu schulden\">\n\tNoord-Holland heeft nu schulden<\/h3>\t<\/div>\n\t<div class=\"block-post-content__content\">\n\t\t\n<div\n  id=\"\"\n  class=\"wrapper  wrapper__spacing-bottom-large--30 wrapper__spacing-bottom-desktop--20  wrapper__gutter--none\"\n  >\n  \t<div class=\"wrapper__container wrapper__container-width-large--default\">\n\t  <div class=\"wrapper__inner wrapper__width-large--24 wrapper__width-mobile--24\">\n\t\t<p\n\t\tclass=\"paragraph paragraph__align--left paragraph__color--black paragraph__size--default   block-paragraph__paragraph\"\n\t\t\t>\n\t\tDoor het niet tijdig bijsturen leent de provincie nu geld en hebben we nu op eens beleid nodig voor het vreemd vermogen, schuldquota en kengetallen. D66 vindt de houding van het college \u00e9n van sommige coalitiepartijen daarin te laconiek. De provincie kan niet doorgaan met zogenoemde onderbestedingen, die nu vaak als cadeautjes aan het einde van het jaar binnen de coalitie worden verdeeld. Ook moet er structureel afgelost gaan worden.\u00a0Daar was een <a href=\"https:\/\/noordholland.bestuurlijkeinformatie.nl\/Agenda\/Document\/50cdc20f-a9c9-40a5-b4a8-d776350a77c2?documentId=2038dc0c-dc6c-4c32-84da-ca3d1cc7e18b&amp;agendaItemId=d1a9f86d-9a9b-4553-82c7-a05df20a846d\">voorstel vanuit PS <\/a>voor nodig.\u00a0\t<\/p>\t  <\/div>\n\t<\/div>\n  <\/div>\n\n\n\n<div class=\"block-infographics block-infographics--no-wrapper\">\n\t\t\t\t\t<div class=\"block-infographics__wrapper\" style=\"--bg-color: var(--global-colors-illusion);\">\n\t\t\t<div class=\"block-infographics__media\">\n\t\t\t\t\t\t\t\t<span class=\"block-infographics__media-icon\">\n\t\t\t\t\t<i class=\"icon\">\n\t<svg xmlns='http:\/\/www.w3.org\/2000\/svg' width='571.321' height='535.247' viewBox='0 0 571.321 535.247'><g data-name='Group 90' transform='translate(-121.636 -15.862)' fill='none' stroke='#000' stroke-width='7'><ellipse data-name='Ellipse 6' cx='195.878' cy='93.702' rx='195.878' ry='93.702' transform='translate(125.136 19.362)' stroke-miterlimit='10' fill='none'\/><path data-name='Path 75' d='M125.164 113.057v325.914c0 51.726 87.681 93.639 195.829 93.639 35.886 0 69.528-4.626 98.475-12.686' stroke-miterlimit='10' fill='none'\/><path data-name='Line 31' stroke-miterlimit='10' d='M516.891 177.048v-63.991' fill='none'\/><path data-name='Path 76' d='M125.164 354.444c0 51.726 87.681 93.709 195.829 93.709 10.583 0 20.957-.42 31.049-1.191' stroke-miterlimit='10' fill='none'\/><path data-name='Path 77' d='M125.164 273.701c0 51.726 87.681 93.709 195.829 93.709 3.574 0 7.149-.07 10.724-.14' stroke-miterlimit='10' fill='none'\/><path data-name='Path 78' d='M125.164 192.889c0 51.8 87.681 93.709 195.829 93.709 9.252 0 18.293-.28 27.195-.911' stroke-miterlimit='10' fill='none'\/><path data-name='Path 79' d='M516.891 177.049a185.326 185.326 0 0 0-185.315 185.315c0 1.612 0 3.294.14 4.906a182.64 182.64 0 0 0 20.326 79.691A185.385 185.385 0 0 0 516.891 547.61' stroke-miterlimit='10' fill='none'\/><path data-name='Path 80' d='M504.142 547.61a185.385 185.385 0 0 0 164.85-100.648 182.637 182.637 0 0 0 20.326-79.691c.14-1.612.14-3.294.14-4.906a185.326 185.326 0 0 0-185.316-185.316' stroke-miterlimit='10' fill='none'\/><path data-name='Path 81' d='M594.396 436.28a104.986 104.986 0 1 1-.35-148.813' stroke-linecap='round' stroke-linejoin='round' fill='none'\/><path data-name='Line 32' stroke-linecap='round' stroke-linejoin='round' d='M384.288 335.255h169.09' fill='none'\/><path data-name='Line 33' stroke-linecap='round' stroke-linejoin='round' d='M384.288 384.806h169.09' fill='none'\/><\/g><\/svg><\/i>\t\t\t\t<\/span>\n\t\t\t\t\t\t\t<\/div>\n\t\t\t<div class=\"block-infographics__content\">\n\t\t\t\t<span class=\"block-infographics__content-title\">\n\t\t\t\t\tCDA-D66 motie aangenomen\t\t\t\t<\/span>\n\t\t\t\t<span class=\"block-infographics__content-text\">\n\t\t\t\t\t<a href=\"https:\/\/noordholland.bestuurlijkeinformatie.nl\/Agenda\/Document\/50cdc20f-a9c9-40a5-b4a8-d776350a77c2?documentId=2038dc0c-dc6c-4c32-84da-ca3d1cc7e18b&amp;agendaItemId=d1a9f86d-9a9b-4553-82c7-a05df20a846d\">Voorstel <\/a>over het aflossen van de schulden met het jaarlijkse positief rekeningresultaat (=wat er aan het einde van het jaar over is).\t\t\t\t<\/span>\n\t\t\t<\/div>\n\t\t<\/div>\n\t\n<\/div>\n\n\t<\/div>\n\n\t<div class=\"block-post-content__sidebar\">\n\t\t\n\t\t\n\t\t\t<\/div>\n<\/section>\n\t  <\/div>\n\t<\/div>\n  <\/div>\n\n\n<div\n  id=\"\"\n  class=\"wrapper  wrapper__spacing-bottom-large--50 wrapper__spacing-bottom-desktop--70 wrapper__spacing-bottom-mobile--50  wrapper__gutter--none\"\n  >\n  \t<div class=\"wrapper__container wrapper__container-width-large--default\">\n\t  <div class=\"wrapper__inner wrapper__width-large--18 wrapper__width-desktop--22 wrapper__width-mobile--24 wrapper__offset-large--6 wrapper__offset-desktop--2 wrapper__offset-mobile--0\">\n\t\t<section class=\"block-post-content\">\n\t<div class=\"block-post-content__title\">\n\t\t<h3 class=\"heading  heading__color--black heading__size--medium heading__font--sans heading__weight--bold  block-post-content__heading\" id=\"nav-schuldenlast-moet-niet-verder-oplopen2254\" data-nav-heading-mobile=\"Schuldenlast moet niet verder oplopen\">\n\tSchuldenlast moet niet verder oplopen<\/h3>\t<\/div>\n\t<div class=\"block-post-content__content\">\n\t\t\n<div\n  id=\"\"\n  class=\"wrapper  wrapper__spacing-bottom-large--30 wrapper__spacing-bottom-desktop--20  wrapper__gutter--none\"\n  >\n  \t<div class=\"wrapper__container wrapper__container-width-large--default\">\n\t  <div class=\"wrapper__inner wrapper__width-large--24 wrapper__width-mobile--24\">\n\t\t<p\n\t\tclass=\"paragraph paragraph__align--left paragraph__color--black paragraph__size--default   block-paragraph__paragraph\"\n\t\t\t>\n\t\tMaar het gaat ook om de houding ten opzichte van het aangaan van schulden. Schulden moet je zien te voorkomen. Wat D66 betreft gaat deze Kaderbrief daar te weinig over. Daarom stelt D66 gesteund door CDA, JA21 en Volt voor om te verkennen hoe signaalwaarden meer verplichtend kunnen worden verankerd in het financieel beleid. Het college vond dit geen slecht idee maar wilde toch niets toezeggen. En de coalitiepartijen stemden uiteindelijk gewoon tegen een zelfs nog tekstueel <a href=\"https:\/\/noordholland.bestuurlijkeinformatie.nl\/Agenda\/Document\/50cdc20f-a9c9-40a5-b4a8-d776350a77c2?documentId=4e0765a3-52e8-4525-9d39-34999014d684&amp;agendaItemId=d1a9f86d-9a9b-4553-82c7-a05df20a846d\">aangepast voorstel<\/a>. Erg jammer.\u00a0\t<\/p>\t  <\/div>\n\t<\/div>\n  <\/div>\n\n\t<\/div>\n\n\t<div class=\"block-post-content__sidebar\">\n\t\t\n\t\t\n\t\t\t<\/div>\n<\/section>\n\t  <\/div>\n\t<\/div>\n  <\/div>\n\n\n<div\n  id=\"\"\n  class=\"wrapper  wrapper__spacing-bottom-large--50 wrapper__spacing-bottom-desktop--70 wrapper__spacing-bottom-mobile--50  wrapper__gutter--none\"\n  >\n  \t<div class=\"wrapper__container wrapper__container-width-large--default\">\n\t  <div class=\"wrapper__inner wrapper__width-large--18 wrapper__width-desktop--22 wrapper__width-mobile--24 wrapper__offset-large--6 wrapper__offset-desktop--2 wrapper__offset-mobile--0\">\n\t\t<section class=\"block-post-content\">\n\t<div class=\"block-post-content__title\">\n\t\t<h3 class=\"heading  heading__color--black heading__size--medium heading__font--sans heading__weight--bold  block-post-content__heading\" id=\"nav-investeren-in-natuur--graag-2672\" data-nav-heading-mobile=\"Investeren in natuur? Graag!\">\n\tInvesteren in natuur? Graag!<\/h3>\t<\/div>\n\t<div class=\"block-post-content__content\">\n\t\t\n<div\n  id=\"\"\n  class=\"wrapper  wrapper__spacing-bottom-large--30 wrapper__spacing-bottom-desktop--20  wrapper__gutter--none\"\n  >\n  \t<div class=\"wrapper__container wrapper__container-width-large--default\">\n\t  <div class=\"wrapper__inner wrapper__width-large--24 wrapper__width-mobile--24\">\n\t\t<p\n\t\tclass=\"paragraph paragraph__align--left paragraph__color--black paragraph__size--default   block-paragraph__paragraph\"\n\t\t\t>\n\t\tHet college maakt 200 miljoen vrij voor natuur \u2013 wat D66 betreft een prachtige overwinning. Maar als je de cijfers induikt, blijkt dat slechts de helft van dit bedrag hard begroot is. De andere helft moet nog komen uit zgn. reserves, maar niet duidelijk is welke en of die wel hard zijn. GroenLinks blaast overal al de loftrompet over deze \u201cmega-investering\u201d, maar D66 kan niet anders dan daar een kanttekening bij plaatsen. Want begroten voor natuur is \u00e9\u00e9n ding \u2013 realiseren is een stuk weerbarstiger. Juist in het naturbeleid zagen we de laatste jaren enorme onderbestedingen (= het gebudgetteerde geld wordt niet uitgegeven) doordat vele factoren de realisatie van het Natuurnetwerk Nederland vertragen. Ondertussen holt de biodiversiteit achteruit.\u00a0<br>D66 wil daar meer en beter grip op krijgen, en inzichtelijk maken hoe dit komt en kan worden verbeterd. Een <a href=\"https:\/\/noordholland.bestuurlijkeinformatie.nl\/Agenda\/Document\/50cdc20f-a9c9-40a5-b4a8-d776350a77c2?documentId=60636943-36ce-421a-aabd-b05de8c2bccc&amp;agendaItemId=d1a9f86d-9a9b-4553-82c7-a05df20a846d\">concreet voorstel<\/a> daarvoor kreeg veel sympathie en van het college de toezegging dat de provincie al bezig is om een uitvoeringsagenda te maken die daarin voorziet. D66 heeft daarop het voorstel ingetrokken om eerst het voorstel van het college binnenkort te bestuderen. Als het maar niet te lang duurt&#8230;\u00a0 \u00a0\t<\/p>\t  <\/div>\n\t<\/div>\n  <\/div>\n\n\t<\/div>\n\n\t<div class=\"block-post-content__sidebar\">\n\t\t\n\t\t\n\t\t\t<\/div>\n<\/section>\n\t  <\/div>\n\t<\/div>\n  <\/div>\n\n\n<div\n  id=\"\"\n  class=\"wrapper  wrapper__spacing-bottom-large--50 wrapper__spacing-bottom-desktop--70 wrapper__spacing-bottom-mobile--50  wrapper__gutter--none\"\n  >\n  \t<div class=\"wrapper__container wrapper__container-width-large--default\">\n\t  <div class=\"wrapper__inner wrapper__width-large--18 wrapper__width-desktop--22 wrapper__width-mobile--24 wrapper__offset-large--6 wrapper__offset-desktop--2 wrapper__offset-mobile--0\">\n\t\t<section class=\"block-post-content\">\n\t<div class=\"block-post-content__title\">\n\t\t<h3 class=\"heading  heading__color--black heading__size--medium heading__font--sans heading__weight--bold  block-post-content__heading\" id=\"nav-ps-moties-negeren-7293\" data-nav-heading-mobile=\"PS-moties negeren?\">\n\tPS-moties negeren?<\/h3>\t<\/div>\n\t<div class=\"block-post-content__content\">\n\t\t\n<div\n  id=\"\"\n  class=\"wrapper  wrapper__spacing-bottom-large--30 wrapper__spacing-bottom-desktop--20  wrapper__gutter--none\"\n  >\n  \t<div class=\"wrapper__container wrapper__container-width-large--default\">\n\t  <div class=\"wrapper__inner wrapper__width-large--24 wrapper__width-mobile--24\">\n\t\t<p\n\t\tclass=\"paragraph paragraph__align--left paragraph__color--black paragraph__size--default   block-paragraph__paragraph\"\n\t\t\t>\n\t\tDit college bezuinigt hier en daar op diverse terreinen zonder rigoureuze keuzes te maken. Opmerkelijk is dat er bezuinigd wordt op een aantal terreinen waar Provinciale Staten recent bij meerderheid een motie over aangenomen hebben. M\u00fclder: \u201cDat is moeilijk uit te leggen aan onze inwoners. Het college neemt daarmee eigenlijk een loopje met de democratie in dit huis.\u201d\u00a0<br><br>\t<\/p>\t  <\/div>\n\t<\/div>\n  <\/div>\n\n\n<div\n  id=\"\"\n  class=\"wrapper  wrapper__spacing-bottom-large--20  wrapper__gutter--none\"\n  >\n  \t<div class=\"wrapper__container wrapper__container-width-large--default\">\n\t  <div class=\"wrapper__inner wrapper__width-large--24 wrapper__width-mobile--24\">\n\t\t<img loading=\"lazy\" decoding=\"async\" width=\"1024\" height=\"768\" src=\"https:\/\/d66.nl\/noordholland\/wp-content\/uploads\/sites\/340\/2025\/07\/SM-PS30juni2025EKb-1024x768.jpg\" class=\"image block-image__img\" alt=\"\" srcset=\"https:\/\/d66.nl\/noordholland\/wp-content\/uploads\/sites\/340\/2025\/07\/SM-PS30juni2025EKb-1024x768.jpg 1024w, https:\/\/d66.nl\/noordholland\/wp-content\/uploads\/sites\/340\/2025\/07\/SM-PS30juni2025EKb-300x225.jpg 300w, https:\/\/d66.nl\/noordholland\/wp-content\/uploads\/sites\/340\/2025\/07\/SM-PS30juni2025EKb-768x576.jpg 768w, https:\/\/d66.nl\/noordholland\/wp-content\/uploads\/sites\/340\/2025\/07\/SM-PS30juni2025EKb.jpg 1181w\" sizes=\"auto, (max-width: 1024px) 100vw, 1024px\" \/>\n\t\t\t<div class=\"image__caption-wrapper block-image__caption-wrapper\">\n\t\t\t<div class=\"image__caption block-image__caption\">\n\t\t\t\t<p class=\"paragraph paragraph__align--left paragraph__color--black paragraph__size--small paragraph__weight--medium\">\n\t\t<b>Sijmen M\u00fclder<\/b> <i>&#045;<\/i> Beeld: KanikFotografie\t<\/p>\t\t\t<\/div>\n\t\t<\/div>\t  <\/div>\n\t<\/div>\n  <\/div>\n\n\t<\/div>\n\n\t<div class=\"block-post-content__sidebar\">\n\t\t\n\t\t\n\t\t\t<\/div>\n<\/section>\n\t  <\/div>\n\t<\/div>\n  <\/div>\n\n\n<div\n  id=\"\"\n  class=\"wrapper  wrapper__spacing-bottom-large--50 wrapper__spacing-bottom-desktop--70 wrapper__spacing-bottom-mobile--50  wrapper__gutter--none\"\n  >\n  \t<div class=\"wrapper__container wrapper__container-width-large--default\">\n\t  <div class=\"wrapper__inner wrapper__width-large--18 wrapper__width-desktop--22 wrapper__width-mobile--24 wrapper__offset-large--6 wrapper__offset-desktop--2 wrapper__offset-mobile--0\">\n\t\t<section class=\"block-post-content\">\n\t<div class=\"block-post-content__title\">\n\t\t<h3 class=\"heading  heading__color--black heading__size--medium heading__font--sans heading__weight--bold  block-post-content__heading\" id=\"nav-bezuinigen-op-toerisme8516\" data-nav-heading-mobile=\"Bezuinigen op toerisme\">\n\tBezuinigen op toerisme<\/h3>\t<\/div>\n\t<div class=\"block-post-content__content\">\n\t\t\n<div\n  id=\"\"\n  class=\"wrapper  wrapper__spacing-bottom-large--30 wrapper__spacing-bottom-desktop--20  wrapper__gutter--none\"\n  >\n  \t<div class=\"wrapper__container wrapper__container-width-large--default\">\n\t  <div class=\"wrapper__inner wrapper__width-large--24 wrapper__width-mobile--24\">\n\t\t<p\n\t\tclass=\"paragraph paragraph__align--left paragraph__color--black paragraph__size--default   block-paragraph__paragraph\"\n\t\t\t>\n\t\tHet belangrijkste \u2013 en wat ons betreft meest zorgelijke \u2013 voorbeeld is de bezuiniging op het budget voor toerisme. Juist in onze provincie liggen zoveel kansen op het gebied van toerisme die onze regionale economie kunnen versterken. Tegelijkertijd kan het ook helpen om de druk op overbelaste toeristische centra en natuurgebieden te verlichten, door bezoekers beter te spreiden. Wij steunen daarom ook de hartenkreet van de vele wethouders uit Noord-Holland, en roepen u op om deze fout recht te zetten en dienen <a href=\"https:\/\/noordholland.bestuurlijkeinformatie.nl\/Agenda\/Document\/50cdc20f-a9c9-40a5-b4a8-d776350a77c2?documentId=c8a6761b-dc1b-4e7c-9a8d-d1b3135be440&amp;agendaItemId=d1a9f86d-9a9b-4553-82c7-a05df20a846d\">motie van CDA<\/a> mede in. Dat voorstel werd weggestemd door de coalitiefracties met de mededeling dat er nu eenmaal moeilijke keuzes gemaakt moesten worden en de gemeenten dit op kunnen lossen.\u00a0\t<\/p>\t  <\/div>\n\t<\/div>\n  <\/div>\n\n\t<\/div>\n\n\t<div class=\"block-post-content__sidebar\">\n\t\t\n\t\t\n\t\t\t<\/div>\n<\/section>\n\t  <\/div>\n\t<\/div>\n  <\/div>\n\n\n<div\n  id=\"\"\n  class=\"wrapper  wrapper__spacing-bottom-large--50 wrapper__spacing-bottom-desktop--70 wrapper__spacing-bottom-mobile--50  wrapper__gutter--none\"\n  >\n  \t<div class=\"wrapper__container wrapper__container-width-large--default\">\n\t  <div class=\"wrapper__inner wrapper__width-large--18 wrapper__width-desktop--22 wrapper__width-mobile--24 wrapper__offset-large--6 wrapper__offset-desktop--2 wrapper__offset-mobile--0\">\n\t\t<section class=\"block-post-content\">\n\t<div class=\"block-post-content__title\">\n\t\t<h3 class=\"heading  heading__color--black heading__size--medium heading__font--sans heading__weight--bold  block-post-content__heading\" id=\"nav-beloften-niet-nakomen-over-co2-reductie7891\" data-nav-heading-mobile=\"Beloften niet nakomen over CO2 reductie\">\n\tBeloften niet nakomen over CO2 reductie<\/h3>\t<\/div>\n\t<div class=\"block-post-content__content\">\n\t\t\n<div\n  id=\"\"\n  class=\"wrapper  wrapper__spacing-bottom-large--30 wrapper__spacing-bottom-desktop--20  wrapper__gutter--none\"\n  >\n  \t<div class=\"wrapper__container wrapper__container-width-large--default\">\n\t  <div class=\"wrapper__inner wrapper__width-large--24 wrapper__width-mobile--24\">\n\t\t<p\n\t\tclass=\"paragraph paragraph__align--left paragraph__color--black paragraph__size--default   block-paragraph__paragraph\"\n\t\t\t>\n\t\tMaar dit is niet de enige recente belofte aan de Staten die u niet nakomt. Uw coalitie heeft zelf stevige eisen gesteld aan CO\u2082-reductie. Toch verscheen er recent een alarmerend rapport over de voortgang op dat vlak, en daarvan is niets terug te zien in deze kaderbrief. Dat verbaast onze fractie enorm. Het is vrijwel onmogelijk om de reductiedoelen te halen zonder extra middelen, en daarom roepen wij \u2013 samen met andere partijen \u2013 op tot actie. <a href=\"https:\/\/noordholland.bestuurlijkeinformatie.nl\/Agenda\/Document\/50cdc20f-a9c9-40a5-b4a8-d776350a77c2?documentId=21f50ce4-4bd7-44cb-b956-68f3a27cdec3&amp;agendaItemId=d1a9f86d-9a9b-4553-82c7-a05df20a846d\">Die oproep<\/a> vond het college allemaal te snel en vroeg meer tijd.\u00a0\t<\/p>\t  <\/div>\n\t<\/div>\n  <\/div>\n\n\t<\/div>\n\n\t<div class=\"block-post-content__sidebar\">\n\t\t\n\t\t\n\t\t\t<\/div>\n<\/section>\n\t  <\/div>\n\t<\/div>\n  <\/div>\n\n\n<div\n  id=\"\"\n  class=\"wrapper  wrapper__spacing-bottom-large--50 wrapper__spacing-bottom-desktop--70 wrapper__spacing-bottom-mobile--50  wrapper__gutter--none\"\n  >\n  \t<div class=\"wrapper__container wrapper__container-width-large--default\">\n\t  <div class=\"wrapper__inner wrapper__width-large--18 wrapper__width-desktop--22 wrapper__width-mobile--24 wrapper__offset-large--6 wrapper__offset-desktop--2 wrapper__offset-mobile--0\">\n\t\t<section class=\"block-post-content\">\n\t<div class=\"block-post-content__title\">\n\t\t<h3 class=\"heading  heading__color--black heading__size--medium heading__font--sans heading__weight--bold  block-post-content__heading\" id=\"nav-ps-moties-zonder-dekking-blijven-ps-moties6211\" data-nav-heading-mobile=\"PS-moties zonder dekking blijven PS-moties\">\n\tPS-moties zonder dekking blijven PS-moties<\/h3>\t<\/div>\n\t<div class=\"block-post-content__content\">\n\t\t\n<div\n  id=\"\"\n  class=\"wrapper  wrapper__spacing-bottom-large--30 wrapper__spacing-bottom-desktop--20  wrapper__gutter--none\"\n  >\n  \t<div class=\"wrapper__container wrapper__container-width-large--default\">\n\t  <div class=\"wrapper__inner wrapper__width-large--24 wrapper__width-mobile--24\">\n\t\t<p\n\t\tclass=\"paragraph paragraph__align--left paragraph__color--black paragraph__size--default   block-paragraph__paragraph\"\n\t\t\t>\n\t\tEen kleiner, maar principieel niet minder belangrijk punt is dat in de kaderbrief staat dat het college geen moties zonder dekking zou willen accepteren. De gedachte daarachter is begrijpelijk, maar de formulering in de kaderbrief is een regelrechte miskenning van het hoogste orgaan van deze provincie: Provinciale Staten. <br>D66 onderschrijft daarom het <a href=\"https:\/\/noordholland.bestuurlijkeinformatie.nl\/Agenda\/Document\/50cdc20f-a9c9-40a5-b4a8-d776350a77c2?documentId=aa18fe00-1e67-4a4e-99d6-75bdf7242e56&amp;agendaItemId=d1a9f86d-9a9b-4553-82c7-a05df20a846d\">voorstel van Volt<\/a> die deze tekst wijzigt. Dit voorstel is aangenomen.\u00a0\t<\/p>\t  <\/div>\n\t<\/div>\n  <\/div>\n\n\n\n<div class=\"block-infographics block-infographics--no-wrapper\">\n\t\t\t\t\t<div class=\"block-infographics__wrapper\" style=\"--bg-color: var(--global-colors-casablanca);\">\n\t\t\t<div class=\"block-infographics__media\">\n\t\t\t\t\t\t\t\t<span class=\"block-infographics__media-icon\">\n\t\t\t\t\t<i class=\"icon\">\n\t<svg xmlns='http:\/\/www.w3.org\/2000\/svg' width='528.709' height='499.459' viewBox='0 0 528.709 499.459'><g data-name='Group 621' fill='none' stroke='#000' stroke-linecap='round' stroke-linejoin='round' stroke-width='7'><path data-name='Rectangle 194' d='M5.381 111.544h217.786v192.208h0H5.381a1.881 1.881 0 0 1-1.881-1.88V113.425a1.881 1.881 0 0 1 1.881-1.881z' fill='none'\/><path data-name='Path 998' d='m475.701 400.432-31.852-30.125a219.913 219.913 0 0 0-132.6-59.227l-88.087-7.328V111.541l88.087-7.328a219.9 219.9 0 0 0 132.6-59.23l31.852-30.121c15.6-21.445 49.508-10.406 49.508 16.09v353.391c0 26.495-33.911 37.534-49.508 16.089z' fill='none'\/><path data-name='Path 999' d='m58.417 303.748 82.375 192.207h54.917a27.467 27.467 0 0 0 27.458-27.457v-16.121a27.39 27.39 0 0 0-8.018-19.355l-19.44-19.441-27.458-109.833' fill='none'\/><\/g><\/svg><\/i>\t\t\t\t<\/span>\n\t\t\t\t\t\t\t<\/div>\n\t\t\t<div class=\"block-infographics__content\">\n\t\t\t\t<span class=\"block-infographics__content-title\">\n\t\t\t\t\tD66 motie over WorldPride 2026 aangenomen\t\t\t\t<\/span>\n\t\t\t\t<span class=\"block-infographics__content-text\">\n\t\t\t\t\tDe grote steun voor <a href=\"https:\/\/d66.nl\/noordholland\/wp-content\/uploads\/sites\/340\/2025\/07\/D66-VVD-GL-PvdD-Volt-BBB-PvdA-50plus-motie-vreemd-provincies-bij-worldpride-2026.pdf\">het D66 voorstel<\/a> om andere provincies uit te nodigen voor deelname aan WorldPride 2026 in Amsterdam, geeft ons die warme maandag toch nog het gevoel dat er iets bereikt is.\u00a0<br><a href=\"https:\/\/d66.nl\/noordholland\/nieuws\/provincies-bij-worldpride-2026\">Lees hier verder<\/a>\t\t\t\t<\/span>\n\t\t\t<\/div>\n\t\t<\/div>\n\t\n<\/div>\n\n\t<\/div>\n\n\t<div class=\"block-post-content__sidebar\">\n\t\t\n\t\t\n\t\t\t<\/div>\n<\/section>\n\t  <\/div>\n\t<\/div>\n  <\/div>\n","protected":false},"excerpt":{"rendered":"","protected":false},"author":981,"featured_media":4827,"comment_status":"open","ping_status":"open","sticky":false,"template":"","format":"standard","meta":{"_acf_changed":false,"footnotes":""},"categories":[1],"search-tags":[],"labels":[],"class_list":["post-4831","post","type-post","status-publish","format-standard","has-post-thumbnail","hentry","category-d66"],"acf":[],"yoast_head":"<!-- This site is optimized with the Yoast SEO plugin v27.3 - https:\/\/yoast.com\/product\/yoast-seo-wordpress\/ -->\n<title>D66 Noord-Holland &#8212; Debat Kaderbrief 2026<\/title>\n<meta name=\"robots\" content=\"index, follow, max-snippet:-1, max-image-preview:large, max-video-preview:-1\" \/>\n<link rel=\"canonical\" href=\"https:\/\/d66.nl\/noordholland\/nieuws\/debat-kaderbrief-2026\" \/>\n<meta property=\"og:locale\" content=\"nl_NL\" \/>\n<meta property=\"og:type\" content=\"article\" \/>\n<meta property=\"og:title\" content=\"D66 Noord-Holland &#8212; Debat Kaderbrief 2026\" \/>\n<meta property=\"og:url\" content=\"https:\/\/d66.nl\/noordholland\/nieuws\/debat-kaderbrief-2026\/\" \/>\n<meta property=\"og:site_name\" content=\"D66 Noord-Holland\" \/>\n<meta property=\"article:published_time\" content=\"2025-07-02T12:18:06+00:00\" \/>\n<meta property=\"article:modified_time\" content=\"2025-07-02T13:03:42+00:00\" \/>\n<meta property=\"og:image\" content=\"https:\/\/d66.nl\/noordholland\/wp-content\/uploads\/sites\/340\/2025\/07\/SM-PS30juni2025EKe.jpg\" \/>\n\t<meta property=\"og:image:width\" content=\"1448\" \/>\n\t<meta property=\"og:image:height\" content=\"1086\" \/>\n\t<meta property=\"og:image:type\" content=\"image\/jpeg\" \/>\n<meta name=\"author\" content=\"connyvs\" \/>\n<meta name=\"twitter:card\" content=\"summary_large_image\" \/>\n<meta name=\"twitter:label1\" content=\"Geschreven door\" \/>\n\t<meta name=\"twitter:data1\" content=\"connyvs\" \/>\n\t<meta name=\"twitter:label2\" content=\"Geschatte leestijd\" \/>\n\t<meta name=\"twitter:data2\" content=\"1 minuut\" \/>\n<script type=\"application\/ld+json\" class=\"yoast-schema-graph\">{\"@context\":\"https:\\\/\\\/schema.org\",\"@graph\":[{\"@type\":\"Article\",\"@id\":\"https:\\\/\\\/d66.nl\\\/noordholland\\\/nieuws\\\/debat-kaderbrief-2026\\\/#article\",\"isPartOf\":{\"@id\":\"https:\\\/\\\/d66.nl\\\/noordholland\\\/nieuws\\\/debat-kaderbrief-2026\\\/\"},\"author\":{\"name\":\"connyvs\",\"@id\":\"https:\\\/\\\/d66.nl\\\/noordholland\\\/#\\\/schema\\\/person\\\/2af81192d34dd3c1ac0e0ec68b9d7f89\"},\"headline\":\"Debat Kaderbrief 2026\",\"datePublished\":\"2025-07-02T12:18:06+00:00\",\"dateModified\":\"2025-07-02T13:03:42+00:00\",\"mainEntityOfPage\":{\"@id\":\"https:\\\/\\\/d66.nl\\\/noordholland\\\/nieuws\\\/debat-kaderbrief-2026\\\/\"},\"wordCount\":2,\"commentCount\":0,\"publisher\":{\"@id\":\"https:\\\/\\\/d66.nl\\\/noordholland\\\/#organization\"},\"image\":{\"@id\":\"https:\\\/\\\/d66.nl\\\/noordholland\\\/nieuws\\\/debat-kaderbrief-2026\\\/#primaryimage\"},\"thumbnailUrl\":\"https:\\\/\\\/d66.nl\\\/noordholland\\\/wp-content\\\/uploads\\\/sites\\\/340\\\/2025\\\/07\\\/SM-PS30juni2025EKe.jpg\",\"articleSection\":[\"D66\"],\"inLanguage\":\"nl-NL\",\"potentialAction\":[{\"@type\":\"CommentAction\",\"name\":\"Comment\",\"target\":[\"https:\\\/\\\/d66.nl\\\/noordholland\\\/nieuws\\\/debat-kaderbrief-2026\\\/#respond\"]}]},{\"@type\":\"WebPage\",\"@id\":\"https:\\\/\\\/d66.nl\\\/noordholland\\\/nieuws\\\/debat-kaderbrief-2026\\\/\",\"url\":\"https:\\\/\\\/d66.nl\\\/noordholland\\\/nieuws\\\/debat-kaderbrief-2026\\\/\",\"name\":\"D66 Noord-Holland &#8212; Debat Kaderbrief 2026\",\"isPartOf\":{\"@id\":\"https:\\\/\\\/d66.nl\\\/noordholland\\\/#website\"},\"primaryImageOfPage\":{\"@id\":\"https:\\\/\\\/d66.nl\\\/noordholland\\\/nieuws\\\/debat-kaderbrief-2026\\\/#primaryimage\"},\"image\":{\"@id\":\"https:\\\/\\\/d66.nl\\\/noordholland\\\/nieuws\\\/debat-kaderbrief-2026\\\/#primaryimage\"},\"thumbnailUrl\":\"https:\\\/\\\/d66.nl\\\/noordholland\\\/wp-content\\\/uploads\\\/sites\\\/340\\\/2025\\\/07\\\/SM-PS30juni2025EKe.jpg\",\"datePublished\":\"2025-07-02T12:18:06+00:00\",\"dateModified\":\"2025-07-02T13:03:42+00:00\",\"breadcrumb\":{\"@id\":\"https:\\\/\\\/d66.nl\\\/noordholland\\\/nieuws\\\/debat-kaderbrief-2026\\\/#breadcrumb\"},\"inLanguage\":\"nl-NL\",\"potentialAction\":[{\"@type\":\"ReadAction\",\"target\":[\"https:\\\/\\\/d66.nl\\\/noordholland\\\/nieuws\\\/debat-kaderbrief-2026\\\/\"]}]},{\"@type\":\"ImageObject\",\"inLanguage\":\"nl-NL\",\"@id\":\"https:\\\/\\\/d66.nl\\\/noordholland\\\/nieuws\\\/debat-kaderbrief-2026\\\/#primaryimage\",\"url\":\"https:\\\/\\\/d66.nl\\\/noordholland\\\/wp-content\\\/uploads\\\/sites\\\/340\\\/2025\\\/07\\\/SM-PS30juni2025EKe.jpg\",\"contentUrl\":\"https:\\\/\\\/d66.nl\\\/noordholland\\\/wp-content\\\/uploads\\\/sites\\\/340\\\/2025\\\/07\\\/SM-PS30juni2025EKe.jpg\",\"width\":1448,\"height\":1086},{\"@type\":\"BreadcrumbList\",\"@id\":\"https:\\\/\\\/d66.nl\\\/noordholland\\\/nieuws\\\/debat-kaderbrief-2026\\\/#breadcrumb\",\"itemListElement\":[{\"@type\":\"ListItem\",\"position\":1,\"name\":\"Home\",\"item\":\"https:\\\/\\\/d66.nl\\\/noordholland\\\/\"},{\"@type\":\"ListItem\",\"position\":2,\"name\":\"Nieuws\",\"item\":\"https:\\\/\\\/d66.nl\\\/noordholland\\\/nieuws\\\/\"},{\"@type\":\"ListItem\",\"position\":3,\"name\":\"Debat Kaderbrief 2026\"}]},{\"@type\":\"WebSite\",\"@id\":\"https:\\\/\\\/d66.nl\\\/noordholland\\\/#website\",\"url\":\"https:\\\/\\\/d66.nl\\\/noordholland\\\/\",\"name\":\"D66 Noord-Holland\",\"description\":\"Just another D66 Sites site\",\"publisher\":{\"@id\":\"https:\\\/\\\/d66.nl\\\/noordholland\\\/#organization\"},\"potentialAction\":[{\"@type\":\"SearchAction\",\"target\":{\"@type\":\"EntryPoint\",\"urlTemplate\":\"https:\\\/\\\/d66.nl\\\/noordholland\\\/?s={search_term_string}\"},\"query-input\":{\"@type\":\"PropertyValueSpecification\",\"valueRequired\":true,\"valueName\":\"search_term_string\"}}],\"inLanguage\":\"nl-NL\"},{\"@type\":\"Organization\",\"@id\":\"https:\\\/\\\/d66.nl\\\/noordholland\\\/#organization\",\"name\":\"D66\",\"url\":\"https:\\\/\\\/d66.nl\\\/noordholland\\\/\",\"logo\":{\"@type\":\"ImageObject\",\"inLanguage\":\"nl-NL\",\"@id\":\"https:\\\/\\\/d66.nl\\\/noordholland\\\/#\\\/schema\\\/logo\\\/image\\\/\",\"url\":\"https:\\\/\\\/d66.nl\\\/noordholland\\\/wp-content\\\/uploads\\\/sites\\\/2\\\/2021\\\/10\\\/d66-themas-algemeen-og.png\",\"contentUrl\":\"https:\\\/\\\/d66.nl\\\/noordholland\\\/wp-content\\\/uploads\\\/sites\\\/2\\\/2021\\\/10\\\/d66-themas-algemeen-og.png\",\"width\":1200,\"height\":628,\"caption\":\"D66\"},\"image\":{\"@id\":\"https:\\\/\\\/d66.nl\\\/noordholland\\\/#\\\/schema\\\/logo\\\/image\\\/\"}},{\"@type\":\"Person\",\"@id\":\"https:\\\/\\\/d66.nl\\\/noordholland\\\/#\\\/schema\\\/person\\\/2af81192d34dd3c1ac0e0ec68b9d7f89\",\"name\":\"connyvs\",\"image\":{\"@type\":\"ImageObject\",\"inLanguage\":\"nl-NL\",\"@id\":\"https:\\\/\\\/secure.gravatar.com\\\/avatar\\\/0c51824b28433b6e0135c1e4a03c600ab9c758ba6de47e4776ac752a5ef9c833?s=96&d=mm&r=g\",\"url\":\"https:\\\/\\\/secure.gravatar.com\\\/avatar\\\/0c51824b28433b6e0135c1e4a03c600ab9c758ba6de47e4776ac752a5ef9c833?s=96&d=mm&r=g\",\"contentUrl\":\"https:\\\/\\\/secure.gravatar.com\\\/avatar\\\/0c51824b28433b6e0135c1e4a03c600ab9c758ba6de47e4776ac752a5ef9c833?s=96&d=mm&r=g\",\"caption\":\"connyvs\"}}]}<\/script>\n<!-- \/ Yoast SEO plugin. -->","yoast_head_json":{"title":"D66 Noord-Holland &#8212; Debat Kaderbrief 2026","robots":{"index":"index","follow":"follow","max-snippet":"max-snippet:-1","max-image-preview":"max-image-preview:large","max-video-preview":"max-video-preview:-1"},"canonical":"https:\/\/d66.nl\/noordholland\/nieuws\/debat-kaderbrief-2026","og_locale":"nl_NL","og_type":"article","og_title":"D66 Noord-Holland &#8212; Debat Kaderbrief 2026","og_url":"https:\/\/d66.nl\/noordholland\/nieuws\/debat-kaderbrief-2026\/","og_site_name":"D66 Noord-Holland","article_published_time":"2025-07-02T12:18:06+00:00","article_modified_time":"2025-07-02T13:03:42+00:00","og_image":[{"width":1448,"height":1086,"url":"https:\/\/d66.nl\/noordholland\/wp-content\/uploads\/sites\/340\/2025\/07\/SM-PS30juni2025EKe.jpg","type":"image\/jpeg"}],"author":"connyvs","twitter_card":"summary_large_image","twitter_misc":{"Geschreven door":"connyvs","Geschatte leestijd":"1 minuut"},"schema":{"@context":"https:\/\/schema.org","@graph":[{"@type":"Article","@id":"https:\/\/d66.nl\/noordholland\/nieuws\/debat-kaderbrief-2026\/#article","isPartOf":{"@id":"https:\/\/d66.nl\/noordholland\/nieuws\/debat-kaderbrief-2026\/"},"author":{"name":"connyvs","@id":"https:\/\/d66.nl\/noordholland\/#\/schema\/person\/2af81192d34dd3c1ac0e0ec68b9d7f89"},"headline":"Debat Kaderbrief 2026","datePublished":"2025-07-02T12:18:06+00:00","dateModified":"2025-07-02T13:03:42+00:00","mainEntityOfPage":{"@id":"https:\/\/d66.nl\/noordholland\/nieuws\/debat-kaderbrief-2026\/"},"wordCount":2,"commentCount":0,"publisher":{"@id":"https:\/\/d66.nl\/noordholland\/#organization"},"image":{"@id":"https:\/\/d66.nl\/noordholland\/nieuws\/debat-kaderbrief-2026\/#primaryimage"},"thumbnailUrl":"https:\/\/d66.nl\/noordholland\/wp-content\/uploads\/sites\/340\/2025\/07\/SM-PS30juni2025EKe.jpg","articleSection":["D66"],"inLanguage":"nl-NL","potentialAction":[{"@type":"CommentAction","name":"Comment","target":["https:\/\/d66.nl\/noordholland\/nieuws\/debat-kaderbrief-2026\/#respond"]}]},{"@type":"WebPage","@id":"https:\/\/d66.nl\/noordholland\/nieuws\/debat-kaderbrief-2026\/","url":"https:\/\/d66.nl\/noordholland\/nieuws\/debat-kaderbrief-2026\/","name":"D66 Noord-Holland &#8212; Debat Kaderbrief 2026","isPartOf":{"@id":"https:\/\/d66.nl\/noordholland\/#website"},"primaryImageOfPage":{"@id":"https:\/\/d66.nl\/noordholland\/nieuws\/debat-kaderbrief-2026\/#primaryimage"},"image":{"@id":"https:\/\/d66.nl\/noordholland\/nieuws\/debat-kaderbrief-2026\/#primaryimage"},"thumbnailUrl":"https:\/\/d66.nl\/noordholland\/wp-content\/uploads\/sites\/340\/2025\/07\/SM-PS30juni2025EKe.jpg","datePublished":"2025-07-02T12:18:06+00:00","dateModified":"2025-07-02T13:03:42+00:00","breadcrumb":{"@id":"https:\/\/d66.nl\/noordholland\/nieuws\/debat-kaderbrief-2026\/#breadcrumb"},"inLanguage":"nl-NL","potentialAction":[{"@type":"ReadAction","target":["https:\/\/d66.nl\/noordholland\/nieuws\/debat-kaderbrief-2026\/"]}]},{"@type":"ImageObject","inLanguage":"nl-NL","@id":"https:\/\/d66.nl\/noordholland\/nieuws\/debat-kaderbrief-2026\/#primaryimage","url":"https:\/\/d66.nl\/noordholland\/wp-content\/uploads\/sites\/340\/2025\/07\/SM-PS30juni2025EKe.jpg","contentUrl":"https:\/\/d66.nl\/noordholland\/wp-content\/uploads\/sites\/340\/2025\/07\/SM-PS30juni2025EKe.jpg","width":1448,"height":1086},{"@type":"BreadcrumbList","@id":"https:\/\/d66.nl\/noordholland\/nieuws\/debat-kaderbrief-2026\/#breadcrumb","itemListElement":[{"@type":"ListItem","position":1,"name":"Home","item":"https:\/\/d66.nl\/noordholland\/"},{"@type":"ListItem","position":2,"name":"Nieuws","item":"https:\/\/d66.nl\/noordholland\/nieuws\/"},{"@type":"ListItem","position":3,"name":"Debat Kaderbrief 2026"}]},{"@type":"WebSite","@id":"https:\/\/d66.nl\/noordholland\/#website","url":"https:\/\/d66.nl\/noordholland\/","name":"D66 Noord-Holland","description":"Just another D66 Sites site","publisher":{"@id":"https:\/\/d66.nl\/noordholland\/#organization"},"potentialAction":[{"@type":"SearchAction","target":{"@type":"EntryPoint","urlTemplate":"https:\/\/d66.nl\/noordholland\/?s={search_term_string}"},"query-input":{"@type":"PropertyValueSpecification","valueRequired":true,"valueName":"search_term_string"}}],"inLanguage":"nl-NL"},{"@type":"Organization","@id":"https:\/\/d66.nl\/noordholland\/#organization","name":"D66","url":"https:\/\/d66.nl\/noordholland\/","logo":{"@type":"ImageObject","inLanguage":"nl-NL","@id":"https:\/\/d66.nl\/noordholland\/#\/schema\/logo\/image\/","url":"https:\/\/d66.nl\/noordholland\/wp-content\/uploads\/sites\/2\/2021\/10\/d66-themas-algemeen-og.png","contentUrl":"https:\/\/d66.nl\/noordholland\/wp-content\/uploads\/sites\/2\/2021\/10\/d66-themas-algemeen-og.png","width":1200,"height":628,"caption":"D66"},"image":{"@id":"https:\/\/d66.nl\/noordholland\/#\/schema\/logo\/image\/"}},{"@type":"Person","@id":"https:\/\/d66.nl\/noordholland\/#\/schema\/person\/2af81192d34dd3c1ac0e0ec68b9d7f89","name":"connyvs","image":{"@type":"ImageObject","inLanguage":"nl-NL","@id":"https:\/\/secure.gravatar.com\/avatar\/0c51824b28433b6e0135c1e4a03c600ab9c758ba6de47e4776ac752a5ef9c833?s=96&d=mm&r=g","url":"https:\/\/secure.gravatar.com\/avatar\/0c51824b28433b6e0135c1e4a03c600ab9c758ba6de47e4776ac752a5ef9c833?s=96&d=mm&r=g","contentUrl":"https:\/\/secure.gravatar.com\/avatar\/0c51824b28433b6e0135c1e4a03c600ab9c758ba6de47e4776ac752a5ef9c833?s=96&d=mm&r=g","caption":"connyvs"}}]}},"_links":{"self":[{"href":"https:\/\/d66.nl\/noordholland\/wp-json\/wp\/v2\/posts\/4831","targetHints":{"allow":["GET"]}}],"collection":[{"href":"https:\/\/d66.nl\/noordholland\/wp-json\/wp\/v2\/posts"}],"about":[{"href":"https:\/\/d66.nl\/noordholland\/wp-json\/wp\/v2\/types\/post"}],"author":[{"embeddable":true,"href":"https:\/\/d66.nl\/noordholland\/wp-json\/wp\/v2\/users\/981"}],"replies":[{"embeddable":true,"href":"https:\/\/d66.nl\/noordholland\/wp-json\/wp\/v2\/comments?post=4831"}],"version-history":[{"count":9,"href":"https:\/\/d66.nl\/noordholland\/wp-json\/wp\/v2\/posts\/4831\/revisions"}],"predecessor-version":[{"id":4843,"href":"https:\/\/d66.nl\/noordholland\/wp-json\/wp\/v2\/posts\/4831\/revisions\/4843"}],"wp:featuredmedia":[{"embeddable":true,"href":"https:\/\/d66.nl\/noordholland\/wp-json\/wp\/v2\/media\/4827"}],"wp:attachment":[{"href":"https:\/\/d66.nl\/noordholland\/wp-json\/wp\/v2\/media?parent=4831"}],"wp:term":[{"taxonomy":"category","embeddable":true,"href":"https:\/\/d66.nl\/noordholland\/wp-json\/wp\/v2\/categories?post=4831"},{"taxonomy":"search-tags","embeddable":true,"href":"https:\/\/d66.nl\/noordholland\/wp-json\/wp\/v2\/search-tags?post=4831"},{"taxonomy":"labels","embeddable":true,"href":"https:\/\/d66.nl\/noordholland\/wp-json\/wp\/v2\/labels?post=4831"}],"curies":[{"name":"wp","href":"https:\/\/api.w.org\/{rel}","templated":true}]}}