{"id":1369,"date":"2022-05-23T10:21:00","date_gmt":"2022-05-23T10:21:00","guid":{"rendered":"https:\/\/d66.nl\/noordholland\/nieuws\/"},"modified":"2022-12-05T10:48:00","modified_gmt":"2022-12-05T10:48:00","slug":"statenlid-mulder-pleit-in-maidenspeech-voor-lef-creativiteit-en-visie","status":"publish","type":"post","link":"https:\/\/d66.nl\/noordholland\/nieuws\/statenlid-mulder-pleit-in-maidenspeech-voor-lef-creativiteit-en-visie","title":{"rendered":"Statenlid M\u00fclder pleit in maidenspeech voor lef, creativiteit en visie"},"content":{"rendered":"<div\n  id=\"\"\n  class=\"wrapper  wrapper__spacing-bottom-large--50 wrapper__spacing-bottom-desktop--66 wrapper__spacing-bottom-mobile--76  wrapper__gutter--none\"\n  >\n  \t<div class=\"wrapper__container wrapper__container-width-large--default\">\n\t  <div class=\"wrapper__inner wrapper__width-large--14 wrapper__width-desktop--20 wrapper__width-mobile--24 wrapper__offset-large--6 wrapper__offset-desktop--4 wrapper__offset-mobile--0\">\n\t\t<h1 class=\"heading   heading__size--giant heading__font--serif heading__weight--regular  block-heading__heading\" id=\"nav-statenlid-m--lder-pleit-in-maidenspeech-voor-lef--creativiteit-en-visie7242\"  data-nav-heading-mobile=\"Statenlid M\u00fclder pleit in maidenspeech voor lef, creativiteit en visie\" >\n\tStatenlid M\u00fclder pleit in maidenspeech voor lef, creativiteit en visie<\/h1>\t  <\/div>\n\t<\/div>\n  <\/div>\n\n\n<div\n  id=\"\"\n  class=\"wrapper  wrapper__spacing-bottom-large--50 wrapper__spacing-bottom-mobile--40  wrapper__gutter--none\"\n  >\n  \t<div class=\"wrapper__container wrapper__container-width-large--default\">\n\t  <div class=\"wrapper__inner wrapper__width-large--13 wrapper__width-desktop--22 wrapper__width-mobile--24 wrapper__offset-large--6 wrapper__offset-desktop--2 wrapper__offset-mobile--0\">\n\t\t<p\n\t\tclass=\"paragraph   paragraph__size--big   block-paragraph__paragraph\"\n\t\t\t>\n\t\tDe behandeling van de Omgevingsverordening is \u00e9\u00e9n van de belangrijkste besluiten die Provinciale Staten neemt. Voor statenlid Sijmen M\u00fclder had de behandeling van het agendapunt een extra belangrijke lading: Hij mocht in de vergadering maidenspeech voordragen. In de speech ging M\u00fclder in op de impact van de wooncrisis, het belang van het betrekken van jongeren in Provinciale besluitvorming en de noodzaak van een lange-termijn visie op ruimtelijke ordening.\t<\/p>\t  <\/div>\n\t<\/div>\n  <\/div>\n\n\n<div\n  id=\"\"\n  class=\"wrapper  wrapper__spacing-bottom-large--30 wrapper__spacing-bottom-desktop--20 wrapper__spacing-bottom-mobile--10  wrapper__gutter--none\"\n  >\n  \t<div class=\"wrapper__container wrapper__container-width-large--default\">\n\t  <div class=\"wrapper__inner wrapper__width-large--14 wrapper__width-desktop--24 wrapper__width-mobile--24 wrapper__offset-large--6 wrapper__offset-desktop--2 wrapper__offset-mobile--0\">\n\t\t<section class=\"block-related-post-metadata js-block-related-post-metadata\">\n\t<div class=\"block-related-post-metadata__content-wrapper\">\n\t\t<div class=\"block-related-post-metadata__persons\">\n\t\t\t<div class=\"related-person-info__wrapper\">\n\t\t\t<div class=\"related-person-info__item related-person-info__color--skyBlue\">\n\t\t\t<a class=\"related-person-info__link\" href=\"https:\/\/d66.nl\/noordholland\/mensen\/sijmen-mulder\/\">\n\t\t\t\t<div class=\"related-person-info__image_container\">\n\t\t\t\t<img loading=\"lazy\" decoding=\"async\" width=\"113\" height=\"150\" src=\"https:\/\/media.d66.nl\/uploads\/sites\/340\/2026\/04\/fd3c0d38-1133-4a47-a23b-b37ade0e1258.jpeg\" class=\"related-person-info__image\" alt=\"\" \/>\t\t\t\t<\/div>\n\t\t\t\t<div class=\"related-person-info__meta\">\n\t\t\t\t\t\t\t\t\t<header class=\"related-person-info__header\">\n\t\t\t\t\t\t<h3 class=\"heading   heading__size--small heading__font--sans heading__weight--bold\" id=\"nav-sijmen-m--lder1333\">\n\tSijmen M\u00fclder<\/h3>\t\t\t\t\t<\/header>\n\t\t\t\t\t\t\t\t\t\t\t\t\t<div class=\"related-person-info__description\">\n\t\t\t\t\t\t<p class=\"paragraph   paragraph__size--small paragraph__weight--normal\">\n\t\tFractievoorzitter\t<\/p>\t\t\t\t\t<\/div>\n\t\t\t\t\t\t\t\t<\/div>\n\t\t\t<\/a>\n\t\t<\/div>\n\t\t<\/div>\t\t<\/div>\n\t\t<div class=\"block-related-post-metadata__meta\">\n\t\t\t<div class=\"block-related-post-metadata__date\">\n\t\t\t\t23.05.2022<div class=\"post-share js-post-share rs_skip_always\">\n\t<button class=\"post-share__share-button js-post-share-share-button\">\n\t\tShare\t\t<svg xmlns='http:\/\/www.w3.org\/2000\/svg' width='100px' height='100px' viewBox='0 0 24 24' fill='none'><path d='m8.684 10.658 6.629-3.314m.003 9.314-6.622-3.311M21 6a3 3 0 1 1-6 0 3 3 0 0 1 6 0ZM9 12a3 3 0 1 1-6 0 3 3 0 0 1 6 0Zm12 6a3 3 0 1 1-6 0 3 3 0 0 1 6 0Z' stroke='currentColor' stroke-width='1.5' fill='none'\/><\/svg>\t<\/button>\n\t<dialog class=\"post-share__dialog js-post-share-dialog\" aria-hidden=\"true\">\n\t\t<div class=\"post-share__dialog-header\">\n\t\t\tShare this post\t\t\t<button class=\"post-share__dialog-close js-post-share-dialog-close\">\n\t\t\t\t<svg xmlns='http:\/\/www.w3.org\/2000\/svg' width='150' height='150' viewBox='0 0 150 150' fill='none'><path d='M44.103 105.897 75 75m30.898-30.898L75 75m0 0L44.103 44.102M75 75l30.898 30.897' stroke='currentColor' stroke-width='5' fill='none'\/><\/svg>\t\t\t<\/button>\n\t\t<\/div>\n\t\t<div class=\"post-share__dialog-socials\">\n\t\t\t\t\t\t\t\t\t\t\t<a class=\"post-share__dialog-item js-post-share-dialog-item\" href=\"#\" target=\"_blank\" data-copy=&quot;true&quot;>\n\t\t\t\t\tKopier link<svg xmlns='http:\/\/www.w3.org\/2000\/svg' width='150' height='150' viewBox='0 0 150 150' fill='none'><path d='M67.468 108.679c-8.533-.512-14.164-3.583-17.407-9.983-3.242-6.314-2.815-12.713 1.195-18.6 1.706-2.56 3.584-5.035 5.46-7.594 1.537-2.048 3.584-2.475 5.462-1.195 2.047 1.45 2.389 3.498.938 5.632-1.706 2.474-3.584 4.948-5.29 7.423-3.242 4.778-2.304 11.092 2.133 14.334 4.864 3.584 11.092 2.731 14.761-1.962 1.963-2.475 3.754-5.12 5.632-7.68 1.194-1.535 2.645-2.218 4.607-1.28 1.792.854 2.645 2.39 2.304 4.267 0 .17 0 .427-.17.597-3.67 5.12-6.4 11.178-12.544 13.993-2.56 1.195-5.46 1.707-6.996 2.219l-.085-.171Z' fill='currentColor'\/><path d='M86.921 44.6c6.144.257 11.605 3.328 14.932 9.728 3.328 6.399 2.816 12.798-1.109 18.856-1.621 2.56-3.498 4.95-5.29 7.424-1.707 2.303-3.754 2.815-5.717 1.45-2.048-1.45-2.304-3.669-.597-6.058 1.621-2.304 3.328-4.608 4.949-6.911 3.498-4.95 2.56-11.348-2.133-14.761-4.779-3.499-11.178-2.475-14.847 2.56-1.792 2.388-3.498 4.863-5.205 7.252-1.62 2.218-3.583 2.56-5.546 1.11-1.877-1.366-2.218-3.414-.768-5.462 2.048-2.986 4.01-5.972 6.314-8.703 3.67-4.351 8.448-6.399 15.103-6.399l-.086-.085Z' fill='currentColor'\/><path d='M71.478 88.457c-3.498-.341-5.46-3.413-3.754-6.143 3.327-5.29 6.825-10.495 10.324-15.7 1.45-2.133 3.413-2.389 5.46-1.109 1.878 1.28 2.219 3.413.854 5.546-3.328 5.034-6.57 9.983-9.983 14.932-.683 1.024-1.963 1.621-2.901 2.389v.085Z' fill='currentColor'\/><\/svg>\t\t\t\t<\/a>\n\t\t\t\t\t\t\t\t\t\t\t<a class=\"post-share__dialog-item js-post-share-dialog-item\" href=\"mailto:?to=%20&amp;body=https%3A%2F%2Fd66.nl%2Fnoordholland%2Fnieuws%2Fstatenlid-mulder-pleit-in-maidenspeech-voor-lef-creativiteit-en-visie\" target=\"_blank\" >\n\t\t\t\t\tMail<svg xmlns='http:\/\/www.w3.org\/2000\/svg' width='40' height='40' viewBox='0 0 40 40' fill='none'><path d='M24.107 15.865a1 1 0 0 1 1.266 1.265l-1.686 5.052a1 1 0 0 1-1.654.392l-3.37-3.37a1.001 1.001 0 0 1 .392-1.654l5.052-1.685Z' fill='currentColor'\/><path d='m21.763 19.475-5.657 5.657' stroke='currentColor' stroke-width='2' stroke-linecap='round' fill='none'\/><\/svg>\t\t\t\t<\/a>\n\t\t\t\t\t\t\t\t\t\t\t<a class=\"post-share__dialog-item js-post-share-dialog-item\" href=\"https:\/\/www.linkedin.com\/sharing\/share-offsite\/?url=https%3A%2F%2Fd66.nl%2Fnoordholland%2Fnieuws%2Fstatenlid-mulder-pleit-in-maidenspeech-voor-lef-creativiteit-en-visie\" target=\"_blank\" >\n\t\t\t\t\tLinkedIn<svg xmlns='http:\/\/www.w3.org\/2000\/svg' width='40' height='40' viewBox='0 0 40 40' fill='none'><path d='M24.107 15.865a1 1 0 0 1 1.266 1.265l-1.686 5.052a1 1 0 0 1-1.654.392l-3.37-3.37a1.001 1.001 0 0 1 .392-1.654l5.052-1.685Z' fill='currentColor'\/><path d='m21.763 19.475-5.657 5.657' stroke='currentColor' stroke-width='2' stroke-linecap='round' fill='none'\/><\/svg>\t\t\t\t<\/a>\n\t\t\t\t\t\t\t\t\t\t\t<a class=\"post-share__dialog-item js-post-share-dialog-item\" href=\"https:\/\/www.facebook.com\/sharer\/sharer.php?u=https%3A%2F%2Fd66.nl%2Fnoordholland%2Fnieuws%2Fstatenlid-mulder-pleit-in-maidenspeech-voor-lef-creativiteit-en-visie\" target=\"_blank\" >\n\t\t\t\t\tFacebook<svg xmlns='http:\/\/www.w3.org\/2000\/svg' width='40' height='40' viewBox='0 0 40 40' fill='none'><path d='M24.107 15.865a1 1 0 0 1 1.266 1.265l-1.686 5.052a1 1 0 0 1-1.654.392l-3.37-3.37a1.001 1.001 0 0 1 .392-1.654l5.052-1.685Z' fill='currentColor'\/><path d='m21.763 19.475-5.657 5.657' stroke='currentColor' stroke-width='2' stroke-linecap='round' fill='none'\/><\/svg>\t\t\t\t<\/a>\n\t\t\t\t\t\t\t\t\t\t\t<a class=\"post-share__dialog-item js-post-share-dialog-item\" href=\"whatsapp:\/\/send?text=https%3A%2F%2Fd66.nl%2Fnoordholland%2Fnieuws%2Fstatenlid-mulder-pleit-in-maidenspeech-voor-lef-creativiteit-en-visie\" target=\"_blank\" >\n\t\t\t\t\tWhatsApp<svg xmlns='http:\/\/www.w3.org\/2000\/svg' width='40' height='40' viewBox='0 0 40 40' fill='none'><path d='M24.107 15.865a1 1 0 0 1 1.266 1.265l-1.686 5.052a1 1 0 0 1-1.654.392l-3.37-3.37a1.001 1.001 0 0 1 .392-1.654l5.052-1.685Z' fill='currentColor'\/><path d='m21.763 19.475-5.657 5.657' stroke='currentColor' stroke-width='2' stroke-linecap='round' fill='none'\/><\/svg>\t\t\t\t<\/a>\n\t\t\t\t\t\t\t\t\t\t\t<a class=\"post-share__dialog-item js-post-share-dialog-item\" href=\"https:\/\/x.com\/intent\/post?url=https%3A%2F%2Fd66.nl%2Fnoordholland%2Fnieuws%2Fstatenlid-mulder-pleit-in-maidenspeech-voor-lef-creativiteit-en-visie\" target=\"_blank\" >\n\t\t\t\t\tTwitter (X)<svg xmlns='http:\/\/www.w3.org\/2000\/svg' width='40' height='40' viewBox='0 0 40 40' fill='none'><path d='M24.107 15.865a1 1 0 0 1 1.266 1.265l-1.686 5.052a1 1 0 0 1-1.654.392l-3.37-3.37a1.001 1.001 0 0 1 .392-1.654l5.052-1.685Z' fill='currentColor'\/><path d='m21.763 19.475-5.657 5.657' stroke='currentColor' stroke-width='2' stroke-linecap='round' fill='none'\/><\/svg>\t\t\t\t<\/a>\n\t\t\t\t\t<\/div>\n\t<\/dialog>\n<\/div>\t\t\t<\/div>\n\t\t\t<div class=\"block-related-post-metadata__categories\">\n\t\t\t\t<div class=\"category-link__wrapper\">\n\t\t\t<div class=\"category-link__item\">\n\t\t\t<a href=\"https:\/\/d66.nl\/noordholland\/category\/d66-noord-holland\/\">\n\t\t\t\tD66 Noord-Holland\t\t\t<\/a>\n\t\t<\/div>\n\t\t\t\t<div class=\"category-link__item\">\n\t\t\t<a href=\"https:\/\/d66.nl\/noordholland\/search-tags\/klimaat\/\">\n\t\t\t\tKlimaat, natuur en milieu\t\t\t<\/a>\n\t\t<\/div>\n\t\t\t\t<div class=\"category-link__item\">\n\t\t\t<a href=\"https:\/\/d66.nl\/noordholland\/search-tags\/wonen\/\">\n\t\t\t\tWonen\t\t\t<\/a>\n\t\t<\/div>\n\t\t<\/div>\t\t\t<\/div>\n\t\t<\/div>\n\t<\/div>\n<\/section>\n\t  <\/div>\n\t<\/div>\n  <\/div>\n\n\n<div\n  id=\"\"\n  class=\"wrapper  wrapper__spacing-bottom-large--50 wrapper__spacing-bottom-desktop--70 wrapper__spacing-bottom-mobile--50  wrapper__gutter--none\"\n  >\n  \t<div class=\"wrapper__container wrapper__container-width-large--default\">\n\t  <div class=\"wrapper__inner wrapper__width-large--18 wrapper__width-desktop--22 wrapper__width-mobile--24 wrapper__offset-large--6 wrapper__offset-desktop--2 wrapper__offset-mobile--0\">\n\t\t<section class=\"block-post-content\">\n\t<div class=\"block-post-content__title\">\n\t\t<h3 class=\"heading  heading__color--black heading__size--medium heading__font--sans heading__weight--semiBold  block-post-content__heading\" id=\"nav-slepende-crisis4156\" data-nav-heading-mobile=\"Slepende crisis\">\n\tSlepende crisis<\/h3>\t<\/div>\n\t<div class=\"block-post-content__content\">\n\t\t\n<div\n  id=\"\"\n  class=\"wrapper  wrapper__spacing-bottom-large--30 wrapper__spacing-bottom-desktop--20  wrapper__gutter--none\"\n  >\n  \t<div class=\"wrapper__container wrapper__container-width-large--default\">\n\t  <div class=\"wrapper__inner wrapper__width-large--24 wrapper__width-mobile--24\">\n\t\t<p\n\t\tclass=\"paragraph paragraph__align--left paragraph__color--black paragraph__size--default   block-paragraph__paragraph\"\n\t\t\t>\n\t\tM\u00fclder begon zijn maidenspeech met een korte voordracht uit een artikel van het NRC, met als titel: \u2018\u2019Nederland bouwt onmiskenbaar veel te weinig woningen\u201d. Een kop die sterk lijkt op recente nieuwsberichten omtrent de wooncrisis. Echter, het artikel stamt uit 2003. M\u00fclder benadrukte de noodzaak om in actie te komen tegen het slepende probleem: \u2018\u2019Ik vraag ook in het laatste jaar van ons termijn nog om lef, creativiteit en visie bij het aanpakken van de woningnood\u2019.\t<\/p>\t  <\/div>\n\t<\/div>\n  <\/div>\n\n\t<\/div>\n\n\t<div class=\"block-post-content__sidebar\">\n\t\t\n\t\t\n\t\t\t<\/div>\n<\/section>\n\t  <\/div>\n\t<\/div>\n  <\/div>\n\n\n<div\n  id=\"\"\n  class=\"wrapper  wrapper__spacing-bottom-large--50 wrapper__spacing-bottom-desktop--70 wrapper__spacing-bottom-mobile--50  wrapper__gutter--none\"\n  >\n  \t<div class=\"wrapper__container wrapper__container-width-large--default\">\n\t  <div class=\"wrapper__inner wrapper__width-large--18 wrapper__width-desktop--22 wrapper__width-mobile--24 wrapper__offset-large--6 wrapper__offset-desktop--2 wrapper__offset-mobile--0\">\n\t\t<section class=\"block-post-content\">\n\t<div class=\"block-post-content__title\">\n\t\t<h3 class=\"heading  heading__color--black heading__size--medium heading__font--sans heading__weight--semiBold  block-post-content__heading\" id=\"nav-d66-tevreden-br-met-ov20228199\" data-nav-heading-mobile=\"D66 tevredenmet OV2022\">\n\tD66 tevreden<br>met OV2022<\/h3>\t<\/div>\n\t<div class=\"block-post-content__content\">\n\t\t\n<div\n  id=\"\"\n  class=\"wrapper  wrapper__spacing-bottom-large--30 wrapper__spacing-bottom-desktop--20  wrapper__gutter--none\"\n  >\n  \t<div class=\"wrapper__container wrapper__container-width-large--default\">\n\t  <div class=\"wrapper__inner wrapper__width-large--24 wrapper__width-mobile--24\">\n\t\t<p\n\t\tclass=\"paragraph paragraph__align--left paragraph__color--black paragraph__size--default   block-paragraph__paragraph\"\n\t\t\t>\n\t\tIn de behandeling van de Omgevingsverordening 2022 benadrukte M\u00fclder namens D66 het belang van de verankering van de Voedselvisie in de Verordening. Bovendien is D66 tevreden met de bescherming van NNN-gebieden, waarbij M\u00fclder benadrukte dat de Noord-Hollandse inwoner in de toekomst scherpe keuzes verwacht over bijvoorbeeld landbouwactiviteiten in NNN-gebied. D66 pleit dan ook voor duidelijke keuzes op dit gebied.\t<\/p>\t  <\/div>\n\t<\/div>\n  <\/div>\n\n\t<\/div>\n\n\t<div class=\"block-post-content__sidebar\">\n\t\t\n\t\t\n\t\t\t<\/div>\n<\/section>\n\t  <\/div>\n\t<\/div>\n  <\/div>\n","protected":false},"excerpt":{"rendered":"","protected":false},"author":1081,"featured_media":1375,"comment_status":"open","ping_status":"open","sticky":false,"template":"","format":"standard","meta":{"_acf_changed":false,"footnotes":""},"categories":[34],"labels":[],"search-tags":[3,4],"class_list":["post-1369","post","type-post","status-publish","format-standard","has-post-thumbnail","hentry","category-d66-noord-holland","search-tags-klimaat","search-tags-wonen"],"acf":[],"yoast_head":"<!-- This site is optimized with the Yoast SEO plugin v27.3 - https:\/\/yoast.com\/product\/yoast-seo-wordpress\/ -->\n<title>D66 Noord-Holland &#8212; Statenlid M\u00fclder pleit in maidenspeech voor lef, creativiteit en visie<\/title>\n<meta name=\"robots\" content=\"index, follow, max-snippet:-1, max-image-preview:large, max-video-preview:-1\" \/>\n<link rel=\"canonical\" href=\"https:\/\/d66.nl\/noordholland\/nieuws\/statenlid-mulder-pleit-in-maidenspeech-voor-lef-creativiteit-en-visie\" \/>\n<meta property=\"og:locale\" content=\"nl_NL\" \/>\n<meta property=\"og:type\" content=\"article\" \/>\n<meta property=\"og:title\" content=\"D66 Noord-Holland &#8212; Statenlid M\u00fclder pleit in maidenspeech voor lef, creativiteit en visie\" \/>\n<meta property=\"og:url\" content=\"https:\/\/d66.nl\/noordholland\/nieuws\/statenlid-mulder-pleit-in-maidenspeech-voor-lef-creativiteit-en-visie\/\" \/>\n<meta property=\"og:site_name\" content=\"D66 Noord-Holland\" \/>\n<meta property=\"article:published_time\" content=\"2022-05-23T10:21:00+00:00\" \/>\n<meta property=\"article:modified_time\" content=\"2022-12-05T10:48:00+00:00\" \/>\n<meta property=\"og:image\" content=\"https:\/\/d66.nl\/noordholland\/wp-content\/uploads\/sites\/340\/2022\/05\/Sijmen-Maidenspeech-1024x768-1.jpeg\" \/>\n\t<meta property=\"og:image:width\" content=\"1024\" \/>\n\t<meta property=\"og:image:height\" content=\"768\" \/>\n\t<meta property=\"og:image:type\" content=\"image\/jpeg\" \/>\n<meta name=\"author\" content=\"angelicadewinter\" \/>\n<meta name=\"twitter:card\" content=\"summary_large_image\" \/>\n<meta name=\"twitter:label1\" content=\"Geschreven door\" \/>\n\t<meta name=\"twitter:data1\" content=\"angelicadewinter\" \/>\n<script type=\"application\/ld+json\" class=\"yoast-schema-graph\">{\"@context\":\"https:\\\/\\\/schema.org\",\"@graph\":[{\"@type\":\"Article\",\"@id\":\"https:\\\/\\\/d66.nl\\\/noordholland\\\/nieuws\\\/statenlid-mulder-pleit-in-maidenspeech-voor-lef-creativiteit-en-visie\\\/#article\",\"isPartOf\":{\"@id\":\"https:\\\/\\\/d66.nl\\\/noordholland\\\/nieuws\\\/statenlid-mulder-pleit-in-maidenspeech-voor-lef-creativiteit-en-visie\\\/\"},\"author\":{\"name\":\"angelicadewinter\",\"@id\":\"https:\\\/\\\/d66.nl\\\/noordholland\\\/#\\\/schema\\\/person\\\/9ed5b81fea88ffca1b26c2941b0a124f\"},\"headline\":\"Statenlid M\u00fclder pleit in maidenspeech voor lef, creativiteit en visie\",\"datePublished\":\"2022-05-23T10:21:00+00:00\",\"dateModified\":\"2022-12-05T10:48:00+00:00\",\"mainEntityOfPage\":{\"@id\":\"https:\\\/\\\/d66.nl\\\/noordholland\\\/nieuws\\\/statenlid-mulder-pleit-in-maidenspeech-voor-lef-creativiteit-en-visie\\\/\"},\"wordCount\":11,\"commentCount\":0,\"publisher\":{\"@id\":\"https:\\\/\\\/d66.nl\\\/noordholland\\\/#organization\"},\"image\":{\"@id\":\"https:\\\/\\\/d66.nl\\\/noordholland\\\/nieuws\\\/statenlid-mulder-pleit-in-maidenspeech-voor-lef-creativiteit-en-visie\\\/#primaryimage\"},\"thumbnailUrl\":\"https:\\\/\\\/d66.nl\\\/noordholland\\\/wp-content\\\/uploads\\\/sites\\\/340\\\/2022\\\/05\\\/Sijmen-Maidenspeech-1024x768-1.jpeg\",\"articleSection\":[\"D66 Noord-Holland\"],\"inLanguage\":\"nl-NL\",\"potentialAction\":[{\"@type\":\"CommentAction\",\"name\":\"Comment\",\"target\":[\"https:\\\/\\\/d66.nl\\\/noordholland\\\/nieuws\\\/statenlid-mulder-pleit-in-maidenspeech-voor-lef-creativiteit-en-visie\\\/#respond\"]}]},{\"@type\":\"WebPage\",\"@id\":\"https:\\\/\\\/d66.nl\\\/noordholland\\\/nieuws\\\/statenlid-mulder-pleit-in-maidenspeech-voor-lef-creativiteit-en-visie\\\/\",\"url\":\"https:\\\/\\\/d66.nl\\\/noordholland\\\/nieuws\\\/statenlid-mulder-pleit-in-maidenspeech-voor-lef-creativiteit-en-visie\\\/\",\"name\":\"D66 Noord-Holland &#8212; Statenlid M\u00fclder pleit in maidenspeech voor lef, creativiteit en visie\",\"isPartOf\":{\"@id\":\"https:\\\/\\\/d66.nl\\\/noordholland\\\/#website\"},\"primaryImageOfPage\":{\"@id\":\"https:\\\/\\\/d66.nl\\\/noordholland\\\/nieuws\\\/statenlid-mulder-pleit-in-maidenspeech-voor-lef-creativiteit-en-visie\\\/#primaryimage\"},\"image\":{\"@id\":\"https:\\\/\\\/d66.nl\\\/noordholland\\\/nieuws\\\/statenlid-mulder-pleit-in-maidenspeech-voor-lef-creativiteit-en-visie\\\/#primaryimage\"},\"thumbnailUrl\":\"https:\\\/\\\/d66.nl\\\/noordholland\\\/wp-content\\\/uploads\\\/sites\\\/340\\\/2022\\\/05\\\/Sijmen-Maidenspeech-1024x768-1.jpeg\",\"datePublished\":\"2022-05-23T10:21:00+00:00\",\"dateModified\":\"2022-12-05T10:48:00+00:00\",\"breadcrumb\":{\"@id\":\"https:\\\/\\\/d66.nl\\\/noordholland\\\/nieuws\\\/statenlid-mulder-pleit-in-maidenspeech-voor-lef-creativiteit-en-visie\\\/#breadcrumb\"},\"inLanguage\":\"nl-NL\",\"potentialAction\":[{\"@type\":\"ReadAction\",\"target\":[\"https:\\\/\\\/d66.nl\\\/noordholland\\\/nieuws\\\/statenlid-mulder-pleit-in-maidenspeech-voor-lef-creativiteit-en-visie\\\/\"]}]},{\"@type\":\"ImageObject\",\"inLanguage\":\"nl-NL\",\"@id\":\"https:\\\/\\\/d66.nl\\\/noordholland\\\/nieuws\\\/statenlid-mulder-pleit-in-maidenspeech-voor-lef-creativiteit-en-visie\\\/#primaryimage\",\"url\":\"https:\\\/\\\/d66.nl\\\/noordholland\\\/wp-content\\\/uploads\\\/sites\\\/340\\\/2022\\\/05\\\/Sijmen-Maidenspeech-1024x768-1.jpeg\",\"contentUrl\":\"https:\\\/\\\/d66.nl\\\/noordholland\\\/wp-content\\\/uploads\\\/sites\\\/340\\\/2022\\\/05\\\/Sijmen-Maidenspeech-1024x768-1.jpeg\",\"width\":1024,\"height\":768},{\"@type\":\"BreadcrumbList\",\"@id\":\"https:\\\/\\\/d66.nl\\\/noordholland\\\/nieuws\\\/statenlid-mulder-pleit-in-maidenspeech-voor-lef-creativiteit-en-visie\\\/#breadcrumb\",\"itemListElement\":[{\"@type\":\"ListItem\",\"position\":1,\"name\":\"Home\",\"item\":\"https:\\\/\\\/d66.nl\\\/noordholland\\\/\"},{\"@type\":\"ListItem\",\"position\":2,\"name\":\"Nieuws\",\"item\":\"https:\\\/\\\/d66.nl\\\/noordholland\\\/nieuws\\\/\"},{\"@type\":\"ListItem\",\"position\":3,\"name\":\"Statenlid M\u00fclder pleit in maidenspeech voor lef, creativiteit en visie\"}]},{\"@type\":\"WebSite\",\"@id\":\"https:\\\/\\\/d66.nl\\\/noordholland\\\/#website\",\"url\":\"https:\\\/\\\/d66.nl\\\/noordholland\\\/\",\"name\":\"D66 Noord-Holland\",\"description\":\"Just another D66 Sites site\",\"publisher\":{\"@id\":\"https:\\\/\\\/d66.nl\\\/noordholland\\\/#organization\"},\"potentialAction\":[{\"@type\":\"SearchAction\",\"target\":{\"@type\":\"EntryPoint\",\"urlTemplate\":\"https:\\\/\\\/d66.nl\\\/noordholland\\\/?s={search_term_string}\"},\"query-input\":{\"@type\":\"PropertyValueSpecification\",\"valueRequired\":true,\"valueName\":\"search_term_string\"}}],\"inLanguage\":\"nl-NL\"},{\"@type\":\"Organization\",\"@id\":\"https:\\\/\\\/d66.nl\\\/noordholland\\\/#organization\",\"name\":\"D66\",\"url\":\"https:\\\/\\\/d66.nl\\\/noordholland\\\/\",\"logo\":{\"@type\":\"ImageObject\",\"inLanguage\":\"nl-NL\",\"@id\":\"https:\\\/\\\/d66.nl\\\/noordholland\\\/#\\\/schema\\\/logo\\\/image\\\/\",\"url\":\"https:\\\/\\\/d66.nl\\\/noordholland\\\/wp-content\\\/uploads\\\/sites\\\/2\\\/2021\\\/10\\\/d66-themas-algemeen-og.png\",\"contentUrl\":\"https:\\\/\\\/d66.nl\\\/noordholland\\\/wp-content\\\/uploads\\\/sites\\\/2\\\/2021\\\/10\\\/d66-themas-algemeen-og.png\",\"width\":1200,\"height\":628,\"caption\":\"D66\"},\"image\":{\"@id\":\"https:\\\/\\\/d66.nl\\\/noordholland\\\/#\\\/schema\\\/logo\\\/image\\\/\"}},{\"@type\":\"Person\",\"@id\":\"https:\\\/\\\/d66.nl\\\/noordholland\\\/#\\\/schema\\\/person\\\/9ed5b81fea88ffca1b26c2941b0a124f\",\"name\":\"angelicadewinter\",\"image\":{\"@type\":\"ImageObject\",\"inLanguage\":\"nl-NL\",\"@id\":\"https:\\\/\\\/secure.gravatar.com\\\/avatar\\\/1d8b316f2e043ebcec89078f8a49069c813c07ee2348c4696819e6c77f7b8af8?s=96&d=mm&r=g\",\"url\":\"https:\\\/\\\/secure.gravatar.com\\\/avatar\\\/1d8b316f2e043ebcec89078f8a49069c813c07ee2348c4696819e6c77f7b8af8?s=96&d=mm&r=g\",\"contentUrl\":\"https:\\\/\\\/secure.gravatar.com\\\/avatar\\\/1d8b316f2e043ebcec89078f8a49069c813c07ee2348c4696819e6c77f7b8af8?s=96&d=mm&r=g\",\"caption\":\"angelicadewinter\"}}]}<\/script>\n<!-- \/ Yoast SEO plugin. -->","yoast_head_json":{"title":"D66 Noord-Holland &#8212; Statenlid M\u00fclder pleit in maidenspeech voor lef, creativiteit en visie","robots":{"index":"index","follow":"follow","max-snippet":"max-snippet:-1","max-image-preview":"max-image-preview:large","max-video-preview":"max-video-preview:-1"},"canonical":"https:\/\/d66.nl\/noordholland\/nieuws\/statenlid-mulder-pleit-in-maidenspeech-voor-lef-creativiteit-en-visie","og_locale":"nl_NL","og_type":"article","og_title":"D66 Noord-Holland &#8212; Statenlid M\u00fclder pleit in maidenspeech voor lef, creativiteit en visie","og_url":"https:\/\/d66.nl\/noordholland\/nieuws\/statenlid-mulder-pleit-in-maidenspeech-voor-lef-creativiteit-en-visie\/","og_site_name":"D66 Noord-Holland","article_published_time":"2022-05-23T10:21:00+00:00","article_modified_time":"2022-12-05T10:48:00+00:00","og_image":[{"width":1024,"height":768,"url":"https:\/\/d66.nl\/noordholland\/wp-content\/uploads\/sites\/340\/2022\/05\/Sijmen-Maidenspeech-1024x768-1.jpeg","type":"image\/jpeg"}],"author":"angelicadewinter","twitter_card":"summary_large_image","twitter_misc":{"Geschreven door":"angelicadewinter"},"schema":{"@context":"https:\/\/schema.org","@graph":[{"@type":"Article","@id":"https:\/\/d66.nl\/noordholland\/nieuws\/statenlid-mulder-pleit-in-maidenspeech-voor-lef-creativiteit-en-visie\/#article","isPartOf":{"@id":"https:\/\/d66.nl\/noordholland\/nieuws\/statenlid-mulder-pleit-in-maidenspeech-voor-lef-creativiteit-en-visie\/"},"author":{"name":"angelicadewinter","@id":"https:\/\/d66.nl\/noordholland\/#\/schema\/person\/9ed5b81fea88ffca1b26c2941b0a124f"},"headline":"Statenlid M\u00fclder pleit in maidenspeech voor lef, creativiteit en visie","datePublished":"2022-05-23T10:21:00+00:00","dateModified":"2022-12-05T10:48:00+00:00","mainEntityOfPage":{"@id":"https:\/\/d66.nl\/noordholland\/nieuws\/statenlid-mulder-pleit-in-maidenspeech-voor-lef-creativiteit-en-visie\/"},"wordCount":11,"commentCount":0,"publisher":{"@id":"https:\/\/d66.nl\/noordholland\/#organization"},"image":{"@id":"https:\/\/d66.nl\/noordholland\/nieuws\/statenlid-mulder-pleit-in-maidenspeech-voor-lef-creativiteit-en-visie\/#primaryimage"},"thumbnailUrl":"https:\/\/d66.nl\/noordholland\/wp-content\/uploads\/sites\/340\/2022\/05\/Sijmen-Maidenspeech-1024x768-1.jpeg","articleSection":["D66 Noord-Holland"],"inLanguage":"nl-NL","potentialAction":[{"@type":"CommentAction","name":"Comment","target":["https:\/\/d66.nl\/noordholland\/nieuws\/statenlid-mulder-pleit-in-maidenspeech-voor-lef-creativiteit-en-visie\/#respond"]}]},{"@type":"WebPage","@id":"https:\/\/d66.nl\/noordholland\/nieuws\/statenlid-mulder-pleit-in-maidenspeech-voor-lef-creativiteit-en-visie\/","url":"https:\/\/d66.nl\/noordholland\/nieuws\/statenlid-mulder-pleit-in-maidenspeech-voor-lef-creativiteit-en-visie\/","name":"D66 Noord-Holland &#8212; Statenlid M\u00fclder pleit in maidenspeech voor lef, creativiteit en visie","isPartOf":{"@id":"https:\/\/d66.nl\/noordholland\/#website"},"primaryImageOfPage":{"@id":"https:\/\/d66.nl\/noordholland\/nieuws\/statenlid-mulder-pleit-in-maidenspeech-voor-lef-creativiteit-en-visie\/#primaryimage"},"image":{"@id":"https:\/\/d66.nl\/noordholland\/nieuws\/statenlid-mulder-pleit-in-maidenspeech-voor-lef-creativiteit-en-visie\/#primaryimage"},"thumbnailUrl":"https:\/\/d66.nl\/noordholland\/wp-content\/uploads\/sites\/340\/2022\/05\/Sijmen-Maidenspeech-1024x768-1.jpeg","datePublished":"2022-05-23T10:21:00+00:00","dateModified":"2022-12-05T10:48:00+00:00","breadcrumb":{"@id":"https:\/\/d66.nl\/noordholland\/nieuws\/statenlid-mulder-pleit-in-maidenspeech-voor-lef-creativiteit-en-visie\/#breadcrumb"},"inLanguage":"nl-NL","potentialAction":[{"@type":"ReadAction","target":["https:\/\/d66.nl\/noordholland\/nieuws\/statenlid-mulder-pleit-in-maidenspeech-voor-lef-creativiteit-en-visie\/"]}]},{"@type":"ImageObject","inLanguage":"nl-NL","@id":"https:\/\/d66.nl\/noordholland\/nieuws\/statenlid-mulder-pleit-in-maidenspeech-voor-lef-creativiteit-en-visie\/#primaryimage","url":"https:\/\/d66.nl\/noordholland\/wp-content\/uploads\/sites\/340\/2022\/05\/Sijmen-Maidenspeech-1024x768-1.jpeg","contentUrl":"https:\/\/d66.nl\/noordholland\/wp-content\/uploads\/sites\/340\/2022\/05\/Sijmen-Maidenspeech-1024x768-1.jpeg","width":1024,"height":768},{"@type":"BreadcrumbList","@id":"https:\/\/d66.nl\/noordholland\/nieuws\/statenlid-mulder-pleit-in-maidenspeech-voor-lef-creativiteit-en-visie\/#breadcrumb","itemListElement":[{"@type":"ListItem","position":1,"name":"Home","item":"https:\/\/d66.nl\/noordholland\/"},{"@type":"ListItem","position":2,"name":"Nieuws","item":"https:\/\/d66.nl\/noordholland\/nieuws\/"},{"@type":"ListItem","position":3,"name":"Statenlid M\u00fclder pleit in maidenspeech voor lef, creativiteit en visie"}]},{"@type":"WebSite","@id":"https:\/\/d66.nl\/noordholland\/#website","url":"https:\/\/d66.nl\/noordholland\/","name":"D66 Noord-Holland","description":"Just another D66 Sites site","publisher":{"@id":"https:\/\/d66.nl\/noordholland\/#organization"},"potentialAction":[{"@type":"SearchAction","target":{"@type":"EntryPoint","urlTemplate":"https:\/\/d66.nl\/noordholland\/?s={search_term_string}"},"query-input":{"@type":"PropertyValueSpecification","valueRequired":true,"valueName":"search_term_string"}}],"inLanguage":"nl-NL"},{"@type":"Organization","@id":"https:\/\/d66.nl\/noordholland\/#organization","name":"D66","url":"https:\/\/d66.nl\/noordholland\/","logo":{"@type":"ImageObject","inLanguage":"nl-NL","@id":"https:\/\/d66.nl\/noordholland\/#\/schema\/logo\/image\/","url":"https:\/\/d66.nl\/noordholland\/wp-content\/uploads\/sites\/2\/2021\/10\/d66-themas-algemeen-og.png","contentUrl":"https:\/\/d66.nl\/noordholland\/wp-content\/uploads\/sites\/2\/2021\/10\/d66-themas-algemeen-og.png","width":1200,"height":628,"caption":"D66"},"image":{"@id":"https:\/\/d66.nl\/noordholland\/#\/schema\/logo\/image\/"}},{"@type":"Person","@id":"https:\/\/d66.nl\/noordholland\/#\/schema\/person\/9ed5b81fea88ffca1b26c2941b0a124f","name":"angelicadewinter","image":{"@type":"ImageObject","inLanguage":"nl-NL","@id":"https:\/\/secure.gravatar.com\/avatar\/1d8b316f2e043ebcec89078f8a49069c813c07ee2348c4696819e6c77f7b8af8?s=96&d=mm&r=g","url":"https:\/\/secure.gravatar.com\/avatar\/1d8b316f2e043ebcec89078f8a49069c813c07ee2348c4696819e6c77f7b8af8?s=96&d=mm&r=g","contentUrl":"https:\/\/secure.gravatar.com\/avatar\/1d8b316f2e043ebcec89078f8a49069c813c07ee2348c4696819e6c77f7b8af8?s=96&d=mm&r=g","caption":"angelicadewinter"}}]}},"_links":{"self":[{"href":"https:\/\/d66.nl\/noordholland\/wp-json\/wp\/v2\/posts\/1369","targetHints":{"allow":["GET"]}}],"collection":[{"href":"https:\/\/d66.nl\/noordholland\/wp-json\/wp\/v2\/posts"}],"about":[{"href":"https:\/\/d66.nl\/noordholland\/wp-json\/wp\/v2\/types\/post"}],"author":[{"embeddable":true,"href":"https:\/\/d66.nl\/noordholland\/wp-json\/wp\/v2\/users\/1081"}],"replies":[{"embeddable":true,"href":"https:\/\/d66.nl\/noordholland\/wp-json\/wp\/v2\/comments?post=1369"}],"version-history":[{"count":5,"href":"https:\/\/d66.nl\/noordholland\/wp-json\/wp\/v2\/posts\/1369\/revisions"}],"predecessor-version":[{"id":1376,"href":"https:\/\/d66.nl\/noordholland\/wp-json\/wp\/v2\/posts\/1369\/revisions\/1376"}],"wp:featuredmedia":[{"embeddable":true,"href":"https:\/\/d66.nl\/noordholland\/wp-json\/wp\/v2\/media\/1375"}],"wp:attachment":[{"href":"https:\/\/d66.nl\/noordholland\/wp-json\/wp\/v2\/media?parent=1369"}],"wp:term":[{"taxonomy":"category","embeddable":true,"href":"https:\/\/d66.nl\/noordholland\/wp-json\/wp\/v2\/categories?post=1369"},{"taxonomy":"labels","embeddable":true,"href":"https:\/\/d66.nl\/noordholland\/wp-json\/wp\/v2\/labels?post=1369"},{"taxonomy":"search-tags","embeddable":true,"href":"https:\/\/d66.nl\/noordholland\/wp-json\/wp\/v2\/search-tags?post=1369"}],"curies":[{"name":"wp","href":"https:\/\/api.w.org\/{rel}","templated":true}]}}