{"id":880,"date":"2020-11-09T15:56:00","date_gmt":"2020-11-09T15:56:00","guid":{"rendered":"https:\/\/d66.nl\/nederweert\/nieuws\/"},"modified":"2022-02-03T19:39:16","modified_gmt":"2022-02-03T19:39:16","slug":"raadpraat-24-begroting-2021-bedank-de-coronahelden","status":"publish","type":"post","link":"https:\/\/d66.nl\/nederweert\/nieuws\/raadpraat-24-begroting-2021-bedank-de-coronahelden","title":{"rendered":"Raadpraat 24 &#8211; Begroting 2021: Bedank de coronahelden"},"content":{"rendered":"<div\n  id=\"\"\n  class=\"wrapper  wrapper__spacing-bottom-large--50 wrapper__spacing-bottom-desktop--66 wrapper__spacing-bottom-mobile--76  wrapper__gutter--none\"\n  >\n  \t<div class=\"wrapper__container wrapper__container-width-large--default\">\n\t  <div class=\"wrapper__inner wrapper__width-large--14 wrapper__width-desktop--20 wrapper__width-mobile--24 wrapper__offset-large--6 wrapper__offset-desktop--4 wrapper__offset-mobile--0\">\n\t\t<h1 class=\"heading   heading__size--giant heading__font--serif heading__weight--regular  block-heading__heading\" id=\"nav-raadpraat-24---begroting-2021--bedank-de-coronahelden3205\"  data-nav-heading-mobile=\"Raadpraat 24 - Begroting 2021: Bedank de coronahelden\" >\n\tRaadpraat 24 &#8211; Begroting 2021: Bedank de coronahelden<\/h1>\t  <\/div>\n\t<\/div>\n  <\/div>\n\n\n<div\n  id=\"\"\n  class=\"wrapper  wrapper__spacing-bottom-large--50 wrapper__spacing-bottom-mobile--40  wrapper__gutter--none\"\n  >\n  \t<div class=\"wrapper__container wrapper__container-width-large--default\">\n\t  <div class=\"wrapper__inner wrapper__width-large--13 wrapper__width-desktop--22 wrapper__width-mobile--24 wrapper__offset-large--6 wrapper__offset-desktop--2 wrapper__offset-mobile--0\">\n\t\t<p\n\t\tclass=\"paragraph   paragraph__size--big   block-paragraph__paragraph\"\n\t\t\t>\n\t\tTijdens de raadsvergadering van 3 november 2020 is de begroting voor 2021 behandeld. De begroting laat zien dat de gemeente financieel gezond is en wat de gemeente komend jaar gaat doen. In deze raadpraat bespreken we onze aanvullende voorstellen.\t<\/p>\t  <\/div>\n\t<\/div>\n  <\/div>\n\n\n<div\n  id=\"\"\n  class=\"wrapper  wrapper__spacing-bottom-large--30 wrapper__spacing-bottom-desktop--20 wrapper__spacing-bottom-mobile--10  wrapper__gutter--none\"\n  >\n  \t<div class=\"wrapper__container wrapper__container-width-large--default\">\n\t  <div class=\"wrapper__inner wrapper__width-large--14 wrapper__width-desktop--24 wrapper__width-mobile--24 wrapper__offset-large--6 wrapper__offset-desktop--2 wrapper__offset-mobile--0\">\n\t\t<section class=\"block-related-post-metadata js-block-related-post-metadata\">\n\t<div class=\"block-related-post-metadata__content-wrapper\">\n\t\t<div class=\"block-related-post-metadata__persons\">\n\t\t\t<div class=\"related-person-info__wrapper\">\n\t\t\t<div class=\"related-person-info__item related-person-info__color--mint\">\n\t\t\t<a class=\"related-person-info__link\" href=\"https:\/\/d66.nl\/nederweert\/mensen\/martin-van-montfort\/\">\n\t\t\t\t<div class=\"related-person-info__image_container\">\n\t\t\t\t<img loading=\"lazy\" decoding=\"async\" width=\"150\" height=\"150\" src=\"https:\/\/d66.nl\/nederweert\/wp-content\/uploads\/sites\/184\/2022\/01\/1.-Martin-150x150.jpg\" class=\"related-person-info__image\" alt=\"\" \/>\t\t\t\t<\/div>\n\t\t\t\t<div class=\"related-person-info__meta\">\n\t\t\t\t\t\t\t\t\t<header class=\"related-person-info__header\">\n\t\t\t\t\t\t<h3 class=\"heading   heading__size--small heading__font--sans heading__weight--bold\" id=\"nav-martin-van-montfort2932\">\n\tMartin van Montfort<\/h3>\t\t\t\t\t<\/header>\n\t\t\t\t\t\t\t\t\t\t\t\t\t<div class=\"related-person-info__description\">\n\t\t\t\t\t\t<p class=\"paragraph   paragraph__size--small paragraph__weight--normal\">\n\t\tFractievoorzitter\t<\/p>\t\t\t\t\t<\/div>\n\t\t\t\t\t\t\t\t<\/div>\n\t\t\t<\/a>\n\t\t<\/div>\n\t\t\t\t<div class=\"related-person-info__item related-person-info__color--mint\">\n\t\t\t<a class=\"related-person-info__link\" href=\"https:\/\/d66.nl\/nederweert\/mensen\/kyll-bruijnaers\/\">\n\t\t\t\t<div class=\"related-person-info__image_container\">\n\t\t\t\t<img loading=\"lazy\" decoding=\"async\" width=\"150\" height=\"150\" src=\"https:\/\/d66.nl\/nederweert\/wp-content\/uploads\/sites\/184\/2022\/01\/2.-Kyll-150x150.jpg\" class=\"related-person-info__image\" alt=\"\" \/>\t\t\t\t<\/div>\n\t\t\t\t<div class=\"related-person-info__meta\">\n\t\t\t\t\t\t\t\t\t<header class=\"related-person-info__header\">\n\t\t\t\t\t\t<h3 class=\"heading   heading__size--small heading__font--sans heading__weight--bold\" id=\"nav-kyll-bruijnaers9705\">\n\tKyll Bruijnaers<\/h3>\t\t\t\t\t<\/header>\n\t\t\t\t\t\t\t\t\t\t\t\t\t<div class=\"related-person-info__description\">\n\t\t\t\t\t\t<p class=\"paragraph   paragraph__size--small paragraph__weight--normal\">\n\t\tRaadslid\t<\/p>\t\t\t\t\t<\/div>\n\t\t\t\t\t\t\t\t<\/div>\n\t\t\t<\/a>\n\t\t<\/div>\n\t\t<\/div>\t\t<\/div>\n\t\t<div class=\"block-related-post-metadata__meta\">\n\t\t\t<div class=\"block-related-post-metadata__date\">\n\t\t\t\t09.11.2020<div class=\"post-share js-post-share rs_skip_always\">\n\t<button class=\"post-share__share-button js-post-share-share-button\">\n\t\tShare\t\t<svg xmlns='http:\/\/www.w3.org\/2000\/svg' width='100px' height='100px' viewBox='0 0 24 24' fill='none'><path d='m8.684 10.658 6.629-3.314m.003 9.314-6.622-3.311M21 6a3 3 0 1 1-6 0 3 3 0 0 1 6 0ZM9 12a3 3 0 1 1-6 0 3 3 0 0 1 6 0Zm12 6a3 3 0 1 1-6 0 3 3 0 0 1 6 0Z' stroke='currentColor' stroke-width='1.5' fill='none'\/><\/svg>\t<\/button>\n\t<dialog class=\"post-share__dialog js-post-share-dialog\" aria-hidden=\"true\">\n\t\t<div class=\"post-share__dialog-header\">\n\t\t\tShare this post\t\t\t<button class=\"post-share__dialog-close js-post-share-dialog-close\">\n\t\t\t\t<svg xmlns='http:\/\/www.w3.org\/2000\/svg' width='150' height='150' viewBox='0 0 150 150' fill='none'><path d='M44.103 105.897 75 75m30.898-30.898L75 75m0 0L44.103 44.102M75 75l30.898 30.897' stroke='currentColor' stroke-width='5' fill='none'\/><\/svg>\t\t\t<\/button>\n\t\t<\/div>\n\t\t<div class=\"post-share__dialog-socials\">\n\t\t\t\t\t\t\t\t\t\t\t<a class=\"post-share__dialog-item js-post-share-dialog-item\" href=\"#\" target=\"_blank\" data-copy=&quot;true&quot;>\n\t\t\t\t\tKopier link<svg xmlns='http:\/\/www.w3.org\/2000\/svg' width='150' height='150' viewBox='0 0 150 150' fill='none'><path d='M67.468 108.679c-8.533-.512-14.164-3.583-17.407-9.983-3.242-6.314-2.815-12.713 1.195-18.6 1.706-2.56 3.584-5.035 5.46-7.594 1.537-2.048 3.584-2.475 5.462-1.195 2.047 1.45 2.389 3.498.938 5.632-1.706 2.474-3.584 4.948-5.29 7.423-3.242 4.778-2.304 11.092 2.133 14.334 4.864 3.584 11.092 2.731 14.761-1.962 1.963-2.475 3.754-5.12 5.632-7.68 1.194-1.535 2.645-2.218 4.607-1.28 1.792.854 2.645 2.39 2.304 4.267 0 .17 0 .427-.17.597-3.67 5.12-6.4 11.178-12.544 13.993-2.56 1.195-5.46 1.707-6.996 2.219l-.085-.171Z' fill='currentColor'\/><path d='M86.921 44.6c6.144.257 11.605 3.328 14.932 9.728 3.328 6.399 2.816 12.798-1.109 18.856-1.621 2.56-3.498 4.95-5.29 7.424-1.707 2.303-3.754 2.815-5.717 1.45-2.048-1.45-2.304-3.669-.597-6.058 1.621-2.304 3.328-4.608 4.949-6.911 3.498-4.95 2.56-11.348-2.133-14.761-4.779-3.499-11.178-2.475-14.847 2.56-1.792 2.388-3.498 4.863-5.205 7.252-1.62 2.218-3.583 2.56-5.546 1.11-1.877-1.366-2.218-3.414-.768-5.462 2.048-2.986 4.01-5.972 6.314-8.703 3.67-4.351 8.448-6.399 15.103-6.399l-.086-.085Z' fill='currentColor'\/><path d='M71.478 88.457c-3.498-.341-5.46-3.413-3.754-6.143 3.327-5.29 6.825-10.495 10.324-15.7 1.45-2.133 3.413-2.389 5.46-1.109 1.878 1.28 2.219 3.413.854 5.546-3.328 5.034-6.57 9.983-9.983 14.932-.683 1.024-1.963 1.621-2.901 2.389v.085Z' fill='currentColor'\/><\/svg>\t\t\t\t<\/a>\n\t\t\t\t\t\t\t\t\t\t\t<a class=\"post-share__dialog-item js-post-share-dialog-item\" href=\"mailto:?to=%20&amp;body=https%3A%2F%2Fd66.nl%2Fnederweert%2Fnieuws%2Fraadpraat-24-begroting-2021-bedank-de-coronahelden\" target=\"_blank\" >\n\t\t\t\t\tMail<svg xmlns='http:\/\/www.w3.org\/2000\/svg' width='40' height='40' viewBox='0 0 40 40' fill='none'><path d='M24.107 15.865a1 1 0 0 1 1.266 1.265l-1.686 5.052a1 1 0 0 1-1.654.392l-3.37-3.37a1.001 1.001 0 0 1 .392-1.654l5.052-1.685Z' fill='currentColor'\/><path d='m21.763 19.475-5.657 5.657' stroke='currentColor' stroke-width='2' stroke-linecap='round' fill='none'\/><\/svg>\t\t\t\t<\/a>\n\t\t\t\t\t\t\t\t\t\t\t<a class=\"post-share__dialog-item js-post-share-dialog-item\" href=\"https:\/\/www.linkedin.com\/sharing\/share-offsite\/?url=https%3A%2F%2Fd66.nl%2Fnederweert%2Fnieuws%2Fraadpraat-24-begroting-2021-bedank-de-coronahelden\" target=\"_blank\" >\n\t\t\t\t\tLinkedIn<svg xmlns='http:\/\/www.w3.org\/2000\/svg' width='40' height='40' viewBox='0 0 40 40' fill='none'><path d='M24.107 15.865a1 1 0 0 1 1.266 1.265l-1.686 5.052a1 1 0 0 1-1.654.392l-3.37-3.37a1.001 1.001 0 0 1 .392-1.654l5.052-1.685Z' fill='currentColor'\/><path d='m21.763 19.475-5.657 5.657' stroke='currentColor' stroke-width='2' stroke-linecap='round' fill='none'\/><\/svg>\t\t\t\t<\/a>\n\t\t\t\t\t\t\t\t\t\t\t<a class=\"post-share__dialog-item js-post-share-dialog-item\" href=\"https:\/\/www.facebook.com\/sharer\/sharer.php?u=https%3A%2F%2Fd66.nl%2Fnederweert%2Fnieuws%2Fraadpraat-24-begroting-2021-bedank-de-coronahelden\" target=\"_blank\" >\n\t\t\t\t\tFacebook<svg xmlns='http:\/\/www.w3.org\/2000\/svg' width='40' height='40' viewBox='0 0 40 40' fill='none'><path d='M24.107 15.865a1 1 0 0 1 1.266 1.265l-1.686 5.052a1 1 0 0 1-1.654.392l-3.37-3.37a1.001 1.001 0 0 1 .392-1.654l5.052-1.685Z' fill='currentColor'\/><path d='m21.763 19.475-5.657 5.657' stroke='currentColor' stroke-width='2' stroke-linecap='round' fill='none'\/><\/svg>\t\t\t\t<\/a>\n\t\t\t\t\t\t\t\t\t\t\t<a class=\"post-share__dialog-item js-post-share-dialog-item\" href=\"whatsapp:\/\/send?text=https%3A%2F%2Fd66.nl%2Fnederweert%2Fnieuws%2Fraadpraat-24-begroting-2021-bedank-de-coronahelden\" target=\"_blank\" >\n\t\t\t\t\tWhatsApp<svg xmlns='http:\/\/www.w3.org\/2000\/svg' width='40' height='40' viewBox='0 0 40 40' fill='none'><path d='M24.107 15.865a1 1 0 0 1 1.266 1.265l-1.686 5.052a1 1 0 0 1-1.654.392l-3.37-3.37a1.001 1.001 0 0 1 .392-1.654l5.052-1.685Z' fill='currentColor'\/><path d='m21.763 19.475-5.657 5.657' stroke='currentColor' stroke-width='2' stroke-linecap='round' fill='none'\/><\/svg>\t\t\t\t<\/a>\n\t\t\t\t\t\t\t\t\t\t\t<a class=\"post-share__dialog-item js-post-share-dialog-item\" href=\"https:\/\/x.com\/intent\/post?url=https%3A%2F%2Fd66.nl%2Fnederweert%2Fnieuws%2Fraadpraat-24-begroting-2021-bedank-de-coronahelden\" target=\"_blank\" >\n\t\t\t\t\tTwitter (X)<svg xmlns='http:\/\/www.w3.org\/2000\/svg' width='40' height='40' viewBox='0 0 40 40' fill='none'><path d='M24.107 15.865a1 1 0 0 1 1.266 1.265l-1.686 5.052a1 1 0 0 1-1.654.392l-3.37-3.37a1.001 1.001 0 0 1 .392-1.654l5.052-1.685Z' fill='currentColor'\/><path d='m21.763 19.475-5.657 5.657' stroke='currentColor' stroke-width='2' stroke-linecap='round' fill='none'\/><\/svg>\t\t\t\t<\/a>\n\t\t\t\t\t<\/div>\n\t<\/dialog>\n<\/div>\t\t\t<\/div>\n\t\t\t<div class=\"block-related-post-metadata__categories\">\n\t\t\t\t<div class=\"category-link__wrapper\">\n\t\t\t<div class=\"category-link__item\">\n\t\t\t<a href=\"https:\/\/d66.nl\/nederweert\/category\/raadpraat\/\">\n\t\t\t\tRaadpraat\t\t\t<\/a>\n\t\t<\/div>\n\t\t\t\t<div class=\"category-link__item\">\n\t\t\t<a href=\"https:\/\/d66.nl\/nederweert\/search-tags\/kunst-cultuur-media\/\">\n\t\t\t\tKunst, cultuur en media\t\t\t<\/a>\n\t\t<\/div>\n\t\t\t\t<div class=\"category-link__item\">\n\t\t\t<a href=\"https:\/\/d66.nl\/nederweert\/search-tags\/sociaal\/\">\n\t\t\t\tSociaal Domein\t\t\t<\/a>\n\t\t<\/div>\n\t\t\t\t<div class=\"category-link__item\">\n\t\t\t<a href=\"https:\/\/d66.nl\/nederweert\/search-tags\/sport\/\">\n\t\t\t\tSport\t\t\t<\/a>\n\t\t<\/div>\n\t\t\t\t<div class=\"category-link__item\">\n\t\t\t<a href=\"https:\/\/d66.nl\/nederweert\/search-tags\/ruimte-verkeer-bereikbaarheid\/\">\n\t\t\t\tVerkeer\t\t\t<\/a>\n\t\t<\/div>\n\t\t<\/div>\t\t\t<\/div>\n\t\t<\/div>\n\t<\/div>\n<\/section>\n\t  <\/div>\n\t<\/div>\n  <\/div>\n\n\n<div\n  id=\"\"\n  class=\"wrapper  wrapper__spacing-bottom-large--50 wrapper__spacing-bottom-desktop--70 wrapper__spacing-bottom-mobile--50  wrapper__gutter--none\"\n  >\n  \t<div class=\"wrapper__container wrapper__container-width-large--default\">\n\t  <div class=\"wrapper__inner wrapper__width-large--18 wrapper__width-desktop--22 wrapper__width-mobile--24 wrapper__offset-large--6 wrapper__offset-desktop--2 wrapper__offset-mobile--0\">\n\t\t<section class=\"block-post-content\">\n\t<div class=\"block-post-content__title\">\n\t\t<h3 class=\"heading  heading__color--black heading__size--medium heading__font--sans heading__weight--semiBold  block-post-content__heading\" id=\"nav--strong-bedank-de-coronahelden--strong-373\" data-nav-heading-mobile=\"Bedank de coronahelden\">\n\t<strong>Bedank de coronahelden<\/strong><\/h3>\t<\/div>\n\t<div class=\"block-post-content__content\">\n\t\t\n<div\n  id=\"\"\n  class=\"wrapper  wrapper__spacing-bottom-large--30 wrapper__spacing-bottom-desktop--20  wrapper__gutter--none\"\n  >\n  \t<div class=\"wrapper__container wrapper__container-width-large--default\">\n\t  <div class=\"wrapper__inner wrapper__width-large--24 wrapper__width-mobile--24\">\n\t\t<p\n\t\tclass=\"paragraph paragraph__align--left paragraph__color--black paragraph__size--default   block-paragraph__paragraph\"\n\t\t\t>\n\t\tHet is een moeilijk jaar, dat veel vraagt van iedereen. We zijn trots op de manier waarop we als samenleving de schouders eronder zetten. Trots op de medewerkers in de zorg, maar ook trots op alle mantelzorgers en vrijwilligers. Het is mooi om te zien hoe inwoners voor elkaar klaar staan, bijvoorbeeld boodschappen doen voor de buren. Er ontstaan allerlei mooie initiatieven, zoals de Krottepoffers die <a href=\"https:\/\/www.nederweert24.nl\/2020\/10\/26\/de-krottepoffers-schenken-700-mondkapjes\/\" target=\"_blank\" rel=\"noreferrer noopener\">700 mondkapjes<\/a> geven aan mensen met een laag inkomen, <a href=\"https:\/\/lokaalbezorgen.nl\/nederweert\/\" target=\"_blank\" rel=\"noreferrer noopener\">Lokaal Bezorgen Nederweert<\/a> om lokale ondernemers wat extra omzet te bezorgen en de vele vrijwilligers die veilige activiteiten organiseren voor mensen in eenzaamheid of te zorgen dat kinderen kunnen sporten.<br><br>Het lijkt voor veel mensen misschien vanzelfsprekend om in deze tijden iets te doen voor de medemens, maar dat is het niet. Het is bijzondere inzet waar wij enorm trots op zijn. Daarom hebben we <a href=\"https:\/\/d66.nl\/nederweert\/wp-content\/uploads\/sites\/184\/2022\/01\/20201103-M4-Coronahelden.pdf\" target=\"_blank\" rel=\"noreferrer noopener\">een voorstel<\/a> gedaan waarin we het college vragen om deze coronahelden op een gepaste manier te bedanken en in het zonnetje te zetten. We denken bijvoorbeeld aan het <a href=\"https:\/\/www.nederweert.nl\/gemeentecompliment\/\" target=\"_blank\" rel=\"noreferrer noopener\">Gemeentecompliment<\/a> in de categorie Sociaal Nederweert. Of aan een cadeaubon van de lokale horeca, dan sla je twee vliegen in \u00e9\u00e9n klap. Je bedankt de coronahelden \u00e9n steunt de lokale ondernemers.\t<\/p>\t  <\/div>\n\t<\/div>\n  <\/div>\n\n\t<\/div>\n\n\t<div class=\"block-post-content__sidebar\">\n\t\t\n\t\t\n\t\t\t<\/div>\n<\/section>\n\t  <\/div>\n\t<\/div>\n  <\/div>\n\n\n<div\n  id=\"\"\n  class=\"wrapper  wrapper__spacing-bottom-large--50 wrapper__spacing-bottom-desktop--70 wrapper__spacing-bottom-mobile--50  wrapper__gutter--none\"\n  >\n  \t<div class=\"wrapper__container wrapper__container-width-large--default\">\n\t  <div class=\"wrapper__inner wrapper__width-large--18 wrapper__width-desktop--22 wrapper__width-mobile--24 wrapper__offset-large--6 wrapper__offset-desktop--2 wrapper__offset-mobile--0\">\n\t\t<section class=\"block-post-content\">\n\t<div class=\"block-post-content__title\">\n\t\t<h3 class=\"heading  heading__color--black heading__size--medium heading__font--sans heading__weight--semiBold  block-post-content__heading\" id=\"nav--strong-nederweerts-sportakkoord--strong-4711\" data-nav-heading-mobile=\"Nederweerts Sportakkoord\">\n\t<strong>Nederweerts Sportakkoord<\/strong><\/h3>\t<\/div>\n\t<div class=\"block-post-content__content\">\n\t\t\n<div\n  id=\"\"\n  class=\"wrapper  wrapper__spacing-bottom-large--30 wrapper__spacing-bottom-desktop--20  wrapper__gutter--none\"\n  >\n  \t<div class=\"wrapper__container wrapper__container-width-large--default\">\n\t  <div class=\"wrapper__inner wrapper__width-large--24 wrapper__width-mobile--24\">\n\t\t<p\n\t\tclass=\"paragraph paragraph__align--left paragraph__color--black paragraph__size--default   block-paragraph__paragraph\"\n\t\t\t>\n\t\tEr is een mooi <a href=\"https:\/\/www.sportnederweert.nl\/uploads\/Sportakkoord-Nederweert-2020.pdf\" target=\"_blank\" rel=\"noreferrer noopener\">sportakkoord<\/a> gesloten. Een akkoord waarbij we sport en bewegen weer de aandacht geven dat het verdient. Sport is goed voor de persoonlijke ontwikkeling van kinderen. Bewegen houdt mensen vitaal tot op zeer hoge leeftijd. Het is een akkoord dat ambitie uitstraalt, een akkoord waar we trots op zijn. Onze voorstellen voor de aanleg van <a href=\"https:\/\/d66.nl\/nederweert\/wp-content\/uploads\/sites\/184\/2022\/01\/D66-Amendement-Aanleg-openbare-sportvoorzieningen_2.pdf\" target=\"_blank\" rel=\"noreferrer noopener\">pannaveldjes, beweegroutes <\/a>en <a href=\"https:\/\/d66.nl\/nederweert\/wp-content\/uploads\/sites\/184\/2022\/01\/D66-Motie-Aanleg-watertappunten.pdf\" target=\"_blank\" rel=\"noreferrer noopener\">watertappunten<\/a> zijn er ook in opgenomen.<br><br>We zijn niet alleen trots op de inhoud, maar zeker ook op het proces. Het Nederweerts Sportakkoord is gesloten door meer dan 40 organisaties, van sportverenigingen tot basisscholen, van fysiotherapeuten tot Jong Nederland en van kinderopvang tot Land van Horne. Het is mooi om te zien dat kinderen actief betrokken zijn en er een Junior Akkoord is gesloten. We kijken uit naar de uitvoering van al deze plannen.\t<\/p>\t  <\/div>\n\t<\/div>\n  <\/div>\n\n\t<\/div>\n\n\t<div class=\"block-post-content__sidebar\">\n\t\t\n\t\t\n\t\t\t<\/div>\n<\/section>\n\t  <\/div>\n\t<\/div>\n  <\/div>\n\n\n<div\n  id=\"\"\n  class=\"wrapper  wrapper__spacing-bottom-large--50 wrapper__spacing-bottom-desktop--70 wrapper__spacing-bottom-mobile--50  wrapper__gutter--none\"\n  >\n  \t<div class=\"wrapper__container wrapper__container-width-large--default\">\n\t  <div class=\"wrapper__inner wrapper__width-large--18 wrapper__width-desktop--22 wrapper__width-mobile--24 wrapper__offset-large--6 wrapper__offset-desktop--2 wrapper__offset-mobile--0\">\n\t\t<section class=\"block-post-content\">\n\t<div class=\"block-post-content__title\">\n\t\t<h3 class=\"heading  heading__color--black heading__size--medium heading__font--sans heading__weight--semiBold  block-post-content__heading\" id=\"nav--strong-helaas-geen--strong--br--strong-schoolzwemmen--strong-679\" data-nav-heading-mobile=\"Helaas geenschoolzwemmen\">\n\t<strong>Helaas geen<\/strong><br><strong>schoolzwemmen<\/strong><\/h3>\t<\/div>\n\t<div class=\"block-post-content__content\">\n\t\t\n<div\n  id=\"\"\n  class=\"wrapper  wrapper__spacing-bottom-large--30 wrapper__spacing-bottom-desktop--20  wrapper__gutter--none\"\n  >\n  \t<div class=\"wrapper__container wrapper__container-width-large--default\">\n\t  <div class=\"wrapper__inner wrapper__width-large--24 wrapper__width-mobile--24\">\n\t\t<p\n\t\tclass=\"paragraph paragraph__align--left paragraph__color--black paragraph__size--default   block-paragraph__paragraph\"\n\t\t\t>\n\t\tWe missen echter aparte aandacht voor zwemmen in het akkoord. Het is erg belangrijk dat alle kinderen leren zwemmen. Goede zwemvaardigheden zijn van levensbelang. Daarom <a href=\"https:\/\/d66.nl\/nederweert\/wp-content\/uploads\/sites\/184\/2022\/01\/20201103-M3-Schoolzwemmen.pdf\" target=\"_blank\" rel=\"noreferrer noopener\">hebben we gevraagd<\/a> om afspraken te maken over zwemvaardigheid bij kinderen en daarbij te kijken wat de mogelijkheden zijn om schoolzwemmen opnieuw in te voeren. Helaas kregen we daarvoor geen steun van CDA, JAN en VVD.\t<\/p>\t  <\/div>\n\t<\/div>\n  <\/div>\n\n\t<\/div>\n\n\t<div class=\"block-post-content__sidebar\">\n\t\t\n\t\t\n\t\t\t<\/div>\n<\/section>\n\t  <\/div>\n\t<\/div>\n  <\/div>\n\n\n<div\n  id=\"\"\n  class=\"wrapper  wrapper__spacing-bottom-large--50 wrapper__spacing-bottom-desktop--70 wrapper__spacing-bottom-mobile--50  wrapper__gutter--none\"\n  >\n  \t<div class=\"wrapper__container wrapper__container-width-large--default\">\n\t  <div class=\"wrapper__inner wrapper__width-large--18 wrapper__width-desktop--22 wrapper__width-mobile--24 wrapper__offset-large--6 wrapper__offset-desktop--2 wrapper__offset-mobile--0\">\n\t\t<section class=\"block-post-content\">\n\t<div class=\"block-post-content__title\">\n\t\t<h3 class=\"heading  heading__color--black heading__size--medium heading__font--sans heading__weight--semiBold  block-post-content__heading\" id=\"nav--strong-ruim-baan--strong--br--strong-voor-de-fiets---strong-92\" data-nav-heading-mobile=\"Ruim baanvoor de fiets!\">\n\t<strong>Ruim baan<\/strong><br><strong>voor de fiets!<\/strong><\/h3>\t<\/div>\n\t<div class=\"block-post-content__content\">\n\t\t\n<div\n  id=\"\"\n  class=\"wrapper  wrapper__spacing-bottom-large--30 wrapper__spacing-bottom-desktop--20  wrapper__gutter--none\"\n  >\n  \t<div class=\"wrapper__container wrapper__container-width-large--default\">\n\t  <div class=\"wrapper__inner wrapper__width-large--24 wrapper__width-mobile--24\">\n\t\t<p\n\t\tclass=\"paragraph paragraph__align--left paragraph__color--black paragraph__size--default   block-paragraph__paragraph\"\n\t\t\t>\n\t\tSinds wij in de raad zitten kiest de gemeente duidelijk voor investeringen in de fiets: fietsbruggen over de Randweg Zuid bij McDonald\u2019s en over het kanaal bij St. Joseph, een fietstunnel bij Staat en een mooie nieuwe fietsroute tussen Ospeldijk en De Peel. We willen echter niet alleen investeren in nieuwe fietsvoorzieningen, maar ook fietsvoorzieningen terughalen die door vorige coalities zijn wegbezuinigd. Daarom <a href=\"https:\/\/d66.nl\/nederweert\/wp-content\/uploads\/sites\/184\/2022\/01\/20201103-M2-Fietsstroken.pdf\" target=\"_blank\" rel=\"noreferrer noopener\">hebben we voorgesteld<\/a> om opnieuw fietsstroken aan te brengen op straten waar deze de laatste jaren zijn verwijderd, zoals de Ospelseweg en Burgemeester Greijmansstraat. Met steun van JAN, Nederweert Anders en VVD is ons voorstel aangenomen.\t<\/p>\t  <\/div>\n\t<\/div>\n  <\/div>\n\n\t<\/div>\n\n\t<div class=\"block-post-content__sidebar\">\n\t\t\n\t\t\n\t\t\t<\/div>\n<\/section>\n\t  <\/div>\n\t<\/div>\n  <\/div>\n\n\n<div\n  id=\"\"\n  class=\"wrapper  wrapper__spacing-bottom-large--50 wrapper__spacing-bottom-desktop--70 wrapper__spacing-bottom-mobile--50  wrapper__gutter--none\"\n  >\n  \t<div class=\"wrapper__container wrapper__container-width-large--default\">\n\t  <div class=\"wrapper__inner wrapper__width-large--18 wrapper__width-desktop--22 wrapper__width-mobile--24 wrapper__offset-large--6 wrapper__offset-desktop--2 wrapper__offset-mobile--0\">\n\t\t<section class=\"block-post-content\">\n\t<div class=\"block-post-content__title\">\n\t\t<h3 class=\"heading  heading__color--black heading__size--medium heading__font--sans heading__weight--semiBold  block-post-content__heading\" id=\"nav--strong-maak-de-historie-zichtbaar--strong-2005\" data-nav-heading-mobile=\"Maak de historie zichtbaar\">\n\t<strong>Maak de historie zichtbaar<\/strong><\/h3>\t<\/div>\n\t<div class=\"block-post-content__content\">\n\t\t\n<div\n  id=\"\"\n  class=\"wrapper  wrapper__spacing-bottom-large--30 wrapper__spacing-bottom-desktop--20  wrapper__gutter--none\"\n  >\n  \t<div class=\"wrapper__container wrapper__container-width-large--default\">\n\t  <div class=\"wrapper__inner wrapper__width-large--24 wrapper__width-mobile--24\">\n\t\t<p\n\t\tclass=\"paragraph paragraph__align--left paragraph__color--black paragraph__size--default   block-paragraph__paragraph\"\n\t\t\t>\n\t\tOnze gemeente heeft een prachtige en rijke historie. Een historie waar bij de inwoners van Nederweert veel aandacht voor is. We vinden het belangrijk om oog te hebben voor onze rijke historie in de openbare ruimte van de gemeente. Bij herinrichting van de openbare ruimte moet er volgens ons altijd aandacht zijn voor onze rijke historie.<br><br>Binnenkort start de herontwikkeling van de Burgemeester Hobusstraat. Een plek met een grote sportieve historie. We hebben het college <a href=\"https:\/\/d66.nl\/nederweert\/wp-content\/uploads\/sites\/184\/2022\/01\/20201103-M1-Kunst-en-historie-in-de-openbare-ruimte.pdf\" target=\"_blank\" rel=\"noreferrer noopener\">gevraagd<\/a> om bij de herinrichting van deze plek een kunstwerk te realiseren dat recht doet aan deze historie. Het college heeft toegezegd om dit op te pakken en o.a. de Ondernemers Vereniging Nederweert, Stichting Geschiedschrijving Nederweert en Heemkundevereniging Nederweert hierbij te betrekken. Samen moet er een mooi kunstwerk te realiseren zijn, bij voorkeur gemaakt door een kunstenaar uit de regio.\t<\/p>\t  <\/div>\n\t<\/div>\n  <\/div>\n\n\t<\/div>\n\n\t<div class=\"block-post-content__sidebar\">\n\t\t\n\t\t\n\t\t\t<\/div>\n<\/section>\n\t  <\/div>\n\t<\/div>\n  <\/div>\n\n\n<div\n  id=\"\"\n  class=\"wrapper  wrapper__spacing-bottom-large--50 wrapper__spacing-bottom-desktop--70 wrapper__spacing-bottom-mobile--50  wrapper__gutter--none\"\n  >\n  \t<div class=\"wrapper__container wrapper__container-width-large--default\">\n\t  <div class=\"wrapper__inner wrapper__width-large--18 wrapper__width-desktop--22 wrapper__width-mobile--24 wrapper__offset-large--6 wrapper__offset-desktop--2 wrapper__offset-mobile--0\">\n\t\t<section class=\"block-post-content\">\n\t<div class=\"block-post-content__title\">\n\t\t<h3 class=\"heading  heading__color--black heading__size--medium heading__font--sans heading__weight--semiBold  block-post-content__heading\" id=\"nav--strong-denk-mee-en-doe-mee---strong-6911\" data-nav-heading-mobile=\"Denk mee en doe mee!\">\n\t<strong>Denk mee en doe mee!<\/strong><\/h3>\t<\/div>\n\t<div class=\"block-post-content__content\">\n\t\t\n<div\n  id=\"\"\n  class=\"wrapper  wrapper__spacing-bottom-large--30 wrapper__spacing-bottom-desktop--20  wrapper__gutter--none\"\n  >\n  \t<div class=\"wrapper__container wrapper__container-width-large--default\">\n\t  <div class=\"wrapper__inner wrapper__width-large--24 wrapper__width-mobile--24\">\n\t\t<p\n\t\tclass=\"paragraph paragraph__align--left paragraph__color--black paragraph__size--default   block-paragraph__paragraph\"\n\t\t\t>\n\t\tWe vinden het altijd fijn als mensen ons willen steunen of mee willen denken. Opmerkingen, vragen of idee\u00ebn zijn altijd welkom, of <a href=\"https:\/\/wordlid.d66.nl\/\" target=\"_blank\" rel=\"noreferrer noopener\">word lid<\/a>. Met uw steun kunnen wij een nog krachtiger geluid laten horen en Nederweert verder verbeteren.<br><br>Martin van Montfort &amp; Kyll Bruijnaers<br>Raadsleden D66 Nederweert\t<\/p>\t  <\/div>\n\t<\/div>\n  <\/div>\n\n\t<\/div>\n\n\t<div class=\"block-post-content__sidebar\">\n\t\t\n\t\t\n\t\t\t<\/div>\n<\/section>\n\t  <\/div>\n\t<\/div>\n  <\/div>\n","protected":false},"excerpt":{"rendered":"","protected":false},"author":645,"featured_media":0,"comment_status":"closed","ping_status":"open","sticky":false,"template":"","format":"standard","meta":{"_acf_changed":false,"footnotes":""},"categories":[29],"labels":[],"search-tags":[11,39,34,10],"class_list":["post-880","post","type-post","status-publish","format-standard","hentry","category-raadpraat","search-tags-kunst-cultuur-media","search-tags-sociaal","search-tags-sport","search-tags-ruimte-verkeer-bereikbaarheid"],"acf":[],"yoast_head":"<!-- This site is optimized with the Yoast SEO plugin v27.3 - https:\/\/yoast.com\/product\/yoast-seo-wordpress\/ -->\n<title>D66 Nederweert &#8212; Raadpraat 24 - Begroting 2021: Bedank de coronahelden<\/title>\n<meta name=\"robots\" content=\"index, follow, max-snippet:-1, max-image-preview:large, max-video-preview:-1\" \/>\n<link rel=\"canonical\" href=\"https:\/\/d66.nl\/nederweert\/nieuws\/raadpraat-24-begroting-2021-bedank-de-coronahelden\" \/>\n<meta property=\"og:locale\" content=\"nl_NL\" \/>\n<meta property=\"og:type\" content=\"article\" \/>\n<meta property=\"og:title\" content=\"D66 Nederweert &#8212; Raadpraat 24 - Begroting 2021: Bedank de coronahelden\" \/>\n<meta property=\"og:url\" content=\"https:\/\/d66.nl\/nederweert\/nieuws\/raadpraat-24-begroting-2021-bedank-de-coronahelden\/\" \/>\n<meta property=\"og:site_name\" content=\"D66 Nederweert\" \/>\n<meta property=\"article:published_time\" content=\"2020-11-09T15:56:00+00:00\" \/>\n<meta property=\"article:modified_time\" content=\"2022-02-03T19:39:16+00:00\" \/>\n<meta name=\"author\" content=\"martinvanmontfort\" \/>\n<meta name=\"twitter:card\" content=\"summary_large_image\" \/>\n<meta name=\"twitter:label1\" content=\"Geschreven door\" \/>\n\t<meta name=\"twitter:data1\" content=\"martinvanmontfort\" \/>\n<script type=\"application\/ld+json\" class=\"yoast-schema-graph\">{\"@context\":\"https:\\\/\\\/schema.org\",\"@graph\":[{\"@type\":\"Article\",\"@id\":\"https:\\\/\\\/d66.nl\\\/nederweert\\\/nieuws\\\/raadpraat-24-begroting-2021-bedank-de-coronahelden\\\/#article\",\"isPartOf\":{\"@id\":\"https:\\\/\\\/d66.nl\\\/nederweert\\\/nieuws\\\/raadpraat-24-begroting-2021-bedank-de-coronahelden\\\/\"},\"author\":{\"name\":\"martinvanmontfort\",\"@id\":\"https:\\\/\\\/d66.nl\\\/nederweert\\\/#\\\/schema\\\/person\\\/0dde4e004349c9b90a160e8d872921d0\"},\"headline\":\"Raadpraat 24 &#8211; Begroting 2021: Bedank de coronahelden\",\"datePublished\":\"2020-11-09T15:56:00+00:00\",\"dateModified\":\"2022-02-03T19:39:16+00:00\",\"mainEntityOfPage\":{\"@id\":\"https:\\\/\\\/d66.nl\\\/nederweert\\\/nieuws\\\/raadpraat-24-begroting-2021-bedank-de-coronahelden\\\/\"},\"wordCount\":6,\"publisher\":{\"@id\":\"https:\\\/\\\/d66.nl\\\/nederweert\\\/#organization\"},\"articleSection\":[\"Raadpraat\"],\"inLanguage\":\"nl-NL\"},{\"@type\":\"WebPage\",\"@id\":\"https:\\\/\\\/d66.nl\\\/nederweert\\\/nieuws\\\/raadpraat-24-begroting-2021-bedank-de-coronahelden\\\/\",\"url\":\"https:\\\/\\\/d66.nl\\\/nederweert\\\/nieuws\\\/raadpraat-24-begroting-2021-bedank-de-coronahelden\\\/\",\"name\":\"D66 Nederweert &#8212; Raadpraat 24 - Begroting 2021: Bedank de coronahelden\",\"isPartOf\":{\"@id\":\"https:\\\/\\\/d66.nl\\\/nederweert\\\/#website\"},\"datePublished\":\"2020-11-09T15:56:00+00:00\",\"dateModified\":\"2022-02-03T19:39:16+00:00\",\"breadcrumb\":{\"@id\":\"https:\\\/\\\/d66.nl\\\/nederweert\\\/nieuws\\\/raadpraat-24-begroting-2021-bedank-de-coronahelden\\\/#breadcrumb\"},\"inLanguage\":\"nl-NL\",\"potentialAction\":[{\"@type\":\"ReadAction\",\"target\":[\"https:\\\/\\\/d66.nl\\\/nederweert\\\/nieuws\\\/raadpraat-24-begroting-2021-bedank-de-coronahelden\\\/\"]}]},{\"@type\":\"BreadcrumbList\",\"@id\":\"https:\\\/\\\/d66.nl\\\/nederweert\\\/nieuws\\\/raadpraat-24-begroting-2021-bedank-de-coronahelden\\\/#breadcrumb\",\"itemListElement\":[{\"@type\":\"ListItem\",\"position\":1,\"name\":\"Home\",\"item\":\"https:\\\/\\\/d66.nl\\\/nederweert\\\/\"},{\"@type\":\"ListItem\",\"position\":2,\"name\":\"Nieuws\",\"item\":\"https:\\\/\\\/d66.nl\\\/nederweert\\\/nieuws\\\/\"},{\"@type\":\"ListItem\",\"position\":3,\"name\":\"Raadpraat 24 &#8211; Begroting 2021: Bedank de coronahelden\"}]},{\"@type\":\"WebSite\",\"@id\":\"https:\\\/\\\/d66.nl\\\/nederweert\\\/#website\",\"url\":\"https:\\\/\\\/d66.nl\\\/nederweert\\\/\",\"name\":\"D66 Nederweert\",\"description\":\"Just another D66 Sites site\",\"publisher\":{\"@id\":\"https:\\\/\\\/d66.nl\\\/nederweert\\\/#organization\"},\"potentialAction\":[{\"@type\":\"SearchAction\",\"target\":{\"@type\":\"EntryPoint\",\"urlTemplate\":\"https:\\\/\\\/d66.nl\\\/nederweert\\\/?s={search_term_string}\"},\"query-input\":{\"@type\":\"PropertyValueSpecification\",\"valueRequired\":true,\"valueName\":\"search_term_string\"}}],\"inLanguage\":\"nl-NL\"},{\"@type\":\"Organization\",\"@id\":\"https:\\\/\\\/d66.nl\\\/nederweert\\\/#organization\",\"name\":\"D66\",\"url\":\"https:\\\/\\\/d66.nl\\\/nederweert\\\/\",\"logo\":{\"@type\":\"ImageObject\",\"inLanguage\":\"nl-NL\",\"@id\":\"https:\\\/\\\/d66.nl\\\/nederweert\\\/#\\\/schema\\\/logo\\\/image\\\/\",\"url\":\"https:\\\/\\\/d66.nl\\\/nederweert\\\/wp-content\\\/uploads\\\/sites\\\/2\\\/2021\\\/10\\\/d66-themas-algemeen-og.png\",\"contentUrl\":\"https:\\\/\\\/d66.nl\\\/nederweert\\\/wp-content\\\/uploads\\\/sites\\\/2\\\/2021\\\/10\\\/d66-themas-algemeen-og.png\",\"width\":1200,\"height\":628,\"caption\":\"D66\"},\"image\":{\"@id\":\"https:\\\/\\\/d66.nl\\\/nederweert\\\/#\\\/schema\\\/logo\\\/image\\\/\"}},{\"@type\":\"Person\",\"@id\":\"https:\\\/\\\/d66.nl\\\/nederweert\\\/#\\\/schema\\\/person\\\/0dde4e004349c9b90a160e8d872921d0\",\"name\":\"martinvanmontfort\",\"image\":{\"@type\":\"ImageObject\",\"inLanguage\":\"nl-NL\",\"@id\":\"https:\\\/\\\/secure.gravatar.com\\\/avatar\\\/98fd909c659aae929d9ffc1af5ea9ed290a1e0ee4c791728b74dd1f65f854ddd?s=96&d=mm&r=g\",\"url\":\"https:\\\/\\\/secure.gravatar.com\\\/avatar\\\/98fd909c659aae929d9ffc1af5ea9ed290a1e0ee4c791728b74dd1f65f854ddd?s=96&d=mm&r=g\",\"contentUrl\":\"https:\\\/\\\/secure.gravatar.com\\\/avatar\\\/98fd909c659aae929d9ffc1af5ea9ed290a1e0ee4c791728b74dd1f65f854ddd?s=96&d=mm&r=g\",\"caption\":\"martinvanmontfort\"}}]}<\/script>\n<!-- \/ Yoast SEO plugin. -->","yoast_head_json":{"title":"D66 Nederweert &#8212; Raadpraat 24 - Begroting 2021: Bedank de coronahelden","robots":{"index":"index","follow":"follow","max-snippet":"max-snippet:-1","max-image-preview":"max-image-preview:large","max-video-preview":"max-video-preview:-1"},"canonical":"https:\/\/d66.nl\/nederweert\/nieuws\/raadpraat-24-begroting-2021-bedank-de-coronahelden","og_locale":"nl_NL","og_type":"article","og_title":"D66 Nederweert &#8212; Raadpraat 24 - Begroting 2021: Bedank de coronahelden","og_url":"https:\/\/d66.nl\/nederweert\/nieuws\/raadpraat-24-begroting-2021-bedank-de-coronahelden\/","og_site_name":"D66 Nederweert","article_published_time":"2020-11-09T15:56:00+00:00","article_modified_time":"2022-02-03T19:39:16+00:00","author":"martinvanmontfort","twitter_card":"summary_large_image","twitter_misc":{"Geschreven door":"martinvanmontfort"},"schema":{"@context":"https:\/\/schema.org","@graph":[{"@type":"Article","@id":"https:\/\/d66.nl\/nederweert\/nieuws\/raadpraat-24-begroting-2021-bedank-de-coronahelden\/#article","isPartOf":{"@id":"https:\/\/d66.nl\/nederweert\/nieuws\/raadpraat-24-begroting-2021-bedank-de-coronahelden\/"},"author":{"name":"martinvanmontfort","@id":"https:\/\/d66.nl\/nederweert\/#\/schema\/person\/0dde4e004349c9b90a160e8d872921d0"},"headline":"Raadpraat 24 &#8211; Begroting 2021: Bedank de coronahelden","datePublished":"2020-11-09T15:56:00+00:00","dateModified":"2022-02-03T19:39:16+00:00","mainEntityOfPage":{"@id":"https:\/\/d66.nl\/nederweert\/nieuws\/raadpraat-24-begroting-2021-bedank-de-coronahelden\/"},"wordCount":6,"publisher":{"@id":"https:\/\/d66.nl\/nederweert\/#organization"},"articleSection":["Raadpraat"],"inLanguage":"nl-NL"},{"@type":"WebPage","@id":"https:\/\/d66.nl\/nederweert\/nieuws\/raadpraat-24-begroting-2021-bedank-de-coronahelden\/","url":"https:\/\/d66.nl\/nederweert\/nieuws\/raadpraat-24-begroting-2021-bedank-de-coronahelden\/","name":"D66 Nederweert &#8212; Raadpraat 24 - Begroting 2021: Bedank de coronahelden","isPartOf":{"@id":"https:\/\/d66.nl\/nederweert\/#website"},"datePublished":"2020-11-09T15:56:00+00:00","dateModified":"2022-02-03T19:39:16+00:00","breadcrumb":{"@id":"https:\/\/d66.nl\/nederweert\/nieuws\/raadpraat-24-begroting-2021-bedank-de-coronahelden\/#breadcrumb"},"inLanguage":"nl-NL","potentialAction":[{"@type":"ReadAction","target":["https:\/\/d66.nl\/nederweert\/nieuws\/raadpraat-24-begroting-2021-bedank-de-coronahelden\/"]}]},{"@type":"BreadcrumbList","@id":"https:\/\/d66.nl\/nederweert\/nieuws\/raadpraat-24-begroting-2021-bedank-de-coronahelden\/#breadcrumb","itemListElement":[{"@type":"ListItem","position":1,"name":"Home","item":"https:\/\/d66.nl\/nederweert\/"},{"@type":"ListItem","position":2,"name":"Nieuws","item":"https:\/\/d66.nl\/nederweert\/nieuws\/"},{"@type":"ListItem","position":3,"name":"Raadpraat 24 &#8211; Begroting 2021: Bedank de coronahelden"}]},{"@type":"WebSite","@id":"https:\/\/d66.nl\/nederweert\/#website","url":"https:\/\/d66.nl\/nederweert\/","name":"D66 Nederweert","description":"Just another D66 Sites site","publisher":{"@id":"https:\/\/d66.nl\/nederweert\/#organization"},"potentialAction":[{"@type":"SearchAction","target":{"@type":"EntryPoint","urlTemplate":"https:\/\/d66.nl\/nederweert\/?s={search_term_string}"},"query-input":{"@type":"PropertyValueSpecification","valueRequired":true,"valueName":"search_term_string"}}],"inLanguage":"nl-NL"},{"@type":"Organization","@id":"https:\/\/d66.nl\/nederweert\/#organization","name":"D66","url":"https:\/\/d66.nl\/nederweert\/","logo":{"@type":"ImageObject","inLanguage":"nl-NL","@id":"https:\/\/d66.nl\/nederweert\/#\/schema\/logo\/image\/","url":"https:\/\/d66.nl\/nederweert\/wp-content\/uploads\/sites\/2\/2021\/10\/d66-themas-algemeen-og.png","contentUrl":"https:\/\/d66.nl\/nederweert\/wp-content\/uploads\/sites\/2\/2021\/10\/d66-themas-algemeen-og.png","width":1200,"height":628,"caption":"D66"},"image":{"@id":"https:\/\/d66.nl\/nederweert\/#\/schema\/logo\/image\/"}},{"@type":"Person","@id":"https:\/\/d66.nl\/nederweert\/#\/schema\/person\/0dde4e004349c9b90a160e8d872921d0","name":"martinvanmontfort","image":{"@type":"ImageObject","inLanguage":"nl-NL","@id":"https:\/\/secure.gravatar.com\/avatar\/98fd909c659aae929d9ffc1af5ea9ed290a1e0ee4c791728b74dd1f65f854ddd?s=96&d=mm&r=g","url":"https:\/\/secure.gravatar.com\/avatar\/98fd909c659aae929d9ffc1af5ea9ed290a1e0ee4c791728b74dd1f65f854ddd?s=96&d=mm&r=g","contentUrl":"https:\/\/secure.gravatar.com\/avatar\/98fd909c659aae929d9ffc1af5ea9ed290a1e0ee4c791728b74dd1f65f854ddd?s=96&d=mm&r=g","caption":"martinvanmontfort"}}]}},"_links":{"self":[{"href":"https:\/\/d66.nl\/nederweert\/wp-json\/wp\/v2\/posts\/880","targetHints":{"allow":["GET"]}}],"collection":[{"href":"https:\/\/d66.nl\/nederweert\/wp-json\/wp\/v2\/posts"}],"about":[{"href":"https:\/\/d66.nl\/nederweert\/wp-json\/wp\/v2\/types\/post"}],"author":[{"embeddable":true,"href":"https:\/\/d66.nl\/nederweert\/wp-json\/wp\/v2\/users\/645"}],"replies":[{"embeddable":true,"href":"https:\/\/d66.nl\/nederweert\/wp-json\/wp\/v2\/comments?post=880"}],"version-history":[{"count":2,"href":"https:\/\/d66.nl\/nederweert\/wp-json\/wp\/v2\/posts\/880\/revisions"}],"predecessor-version":[{"id":882,"href":"https:\/\/d66.nl\/nederweert\/wp-json\/wp\/v2\/posts\/880\/revisions\/882"}],"wp:attachment":[{"href":"https:\/\/d66.nl\/nederweert\/wp-json\/wp\/v2\/media?parent=880"}],"wp:term":[{"taxonomy":"category","embeddable":true,"href":"https:\/\/d66.nl\/nederweert\/wp-json\/wp\/v2\/categories?post=880"},{"taxonomy":"labels","embeddable":true,"href":"https:\/\/d66.nl\/nederweert\/wp-json\/wp\/v2\/labels?post=880"},{"taxonomy":"search-tags","embeddable":true,"href":"https:\/\/d66.nl\/nederweert\/wp-json\/wp\/v2\/search-tags?post=880"}],"curies":[{"name":"wp","href":"https:\/\/api.w.org\/{rel}","templated":true}]}}