{"id":521,"date":"2021-04-20T18:15:00","date_gmt":"2021-04-20T18:15:00","guid":{"rendered":"https:\/\/d66.nl\/leudal\/nieuws\/"},"modified":"2022-01-01T16:56:05","modified_gmt":"2022-01-01T16:56:05","slug":"fietsers-en-autos-gescheiden-brug-neerbeek","status":"publish","type":"post","link":"https:\/\/d66.nl\/leudal\/nieuws\/fietsers-en-autos-gescheiden-brug-neerbeek","title":{"rendered":"Fietsers en auto\u2019s gescheiden brug Neerbeek"},"content":{"rendered":"<div\n  id=\"\"\n  class=\"wrapper  wrapper__spacing-bottom-large--50 wrapper__spacing-bottom-desktop--66 wrapper__spacing-bottom-mobile--76  wrapper__gutter--none\"\n  >\n  \t<div class=\"wrapper__container wrapper__container-width-large--default\">\n\t  <div class=\"wrapper__inner wrapper__width-large--14 wrapper__width-desktop--20 wrapper__width-mobile--24 wrapper__offset-large--6 wrapper__offset-desktop--4 wrapper__offset-mobile--0\">\n\t\t<h1 class=\"heading   heading__size--giant heading__font--serif heading__weight--regular  block-heading__heading\" id=\"nav-fietsers-en-auto---s-gescheiden-brug-neerbeek1830\"  data-nav-heading-mobile=\"Fietsers en auto\u2019s gescheiden brug Neerbeek\" >\n\tFietsers en auto\u2019s gescheiden brug Neerbeek<\/h1>\t  <\/div>\n\t<\/div>\n  <\/div>\n\n\n<div\n  id=\"\"\n  class=\"wrapper  wrapper__spacing-bottom-large--50 wrapper__spacing-bottom-mobile--40  wrapper__gutter--none\"\n  >\n  \t<div class=\"wrapper__container wrapper__container-width-large--default\">\n\t  <div class=\"wrapper__inner wrapper__width-large--13 wrapper__width-desktop--22 wrapper__width-mobile--24 wrapper__offset-large--6 wrapper__offset-desktop--2 wrapper__offset-mobile--0\">\n\t\t<p\n\t\tclass=\"paragraph   paragraph__size--big   block-paragraph__paragraph\"\n\t\t\t>\n\t\tVanavond gaf de gemeenteraad van Leudal groen licht voor de aanpassingen aan het \u2018Kunstwerk Neerbeek\u2019. Omdat het realiseren van de fietsbrug niet past binnen het ter plaatse geldende bestemmingsplan diende door de gemeente een herziening doorgevoerd te worden. Dit vond tijdens de raadsvergadering van dinsdag 20 april 2021 plaats.\t<\/p>\t  <\/div>\n\t<\/div>\n  <\/div>\n\n\n<div\n  id=\"\"\n  class=\"wrapper  wrapper__spacing-bottom-large--30 wrapper__spacing-bottom-desktop--20 wrapper__spacing-bottom-mobile--10  wrapper__gutter--none\"\n  >\n  \t<div class=\"wrapper__container wrapper__container-width-large--default\">\n\t  <div class=\"wrapper__inner wrapper__width-large--14 wrapper__width-desktop--24 wrapper__width-mobile--24 wrapper__offset-large--6 wrapper__offset-desktop--2 wrapper__offset-mobile--0\">\n\t\t<section class=\"block-related-post-metadata js-block-related-post-metadata\">\n\t<div class=\"block-related-post-metadata__content-wrapper\">\n\t\t<div class=\"block-related-post-metadata__persons\">\n\t\t\t\t\t<\/div>\n\t\t<div class=\"block-related-post-metadata__meta\">\n\t\t\t<div class=\"block-related-post-metadata__date\">\n\t\t\t\t20.04.2021<div class=\"post-share js-post-share rs_skip_always\">\n\t<button class=\"post-share__share-button js-post-share-share-button\">\n\t\tShare\t\t<svg xmlns='http:\/\/www.w3.org\/2000\/svg' width='100px' height='100px' viewBox='0 0 24 24' fill='none'><path d='m8.684 10.658 6.629-3.314m.003 9.314-6.622-3.311M21 6a3 3 0 1 1-6 0 3 3 0 0 1 6 0ZM9 12a3 3 0 1 1-6 0 3 3 0 0 1 6 0Zm12 6a3 3 0 1 1-6 0 3 3 0 0 1 6 0Z' stroke='currentColor' stroke-width='1.5' fill='none'\/><\/svg>\t<\/button>\n\t<dialog class=\"post-share__dialog js-post-share-dialog\" aria-hidden=\"true\">\n\t\t<div class=\"post-share__dialog-header\">\n\t\t\tShare this post\t\t\t<button class=\"post-share__dialog-close js-post-share-dialog-close\">\n\t\t\t\t<svg xmlns='http:\/\/www.w3.org\/2000\/svg' width='150' height='150' viewBox='0 0 150 150' fill='none'><path d='M44.103 105.897 75 75m30.898-30.898L75 75m0 0L44.103 44.102M75 75l30.898 30.897' stroke='currentColor' stroke-width='5' fill='none'\/><\/svg>\t\t\t<\/button>\n\t\t<\/div>\n\t\t<div class=\"post-share__dialog-socials\">\n\t\t\t\t\t\t\t\t\t\t\t<a class=\"post-share__dialog-item js-post-share-dialog-item\" href=\"#\" target=\"_blank\" data-copy=&quot;true&quot;>\n\t\t\t\t\tKopier link<svg xmlns='http:\/\/www.w3.org\/2000\/svg' width='150' height='150' viewBox='0 0 150 150' fill='none'><path d='M67.468 108.679c-8.533-.512-14.164-3.583-17.407-9.983-3.242-6.314-2.815-12.713 1.195-18.6 1.706-2.56 3.584-5.035 5.46-7.594 1.537-2.048 3.584-2.475 5.462-1.195 2.047 1.45 2.389 3.498.938 5.632-1.706 2.474-3.584 4.948-5.29 7.423-3.242 4.778-2.304 11.092 2.133 14.334 4.864 3.584 11.092 2.731 14.761-1.962 1.963-2.475 3.754-5.12 5.632-7.68 1.194-1.535 2.645-2.218 4.607-1.28 1.792.854 2.645 2.39 2.304 4.267 0 .17 0 .427-.17.597-3.67 5.12-6.4 11.178-12.544 13.993-2.56 1.195-5.46 1.707-6.996 2.219l-.085-.171Z' fill='currentColor'\/><path d='M86.921 44.6c6.144.257 11.605 3.328 14.932 9.728 3.328 6.399 2.816 12.798-1.109 18.856-1.621 2.56-3.498 4.95-5.29 7.424-1.707 2.303-3.754 2.815-5.717 1.45-2.048-1.45-2.304-3.669-.597-6.058 1.621-2.304 3.328-4.608 4.949-6.911 3.498-4.95 2.56-11.348-2.133-14.761-4.779-3.499-11.178-2.475-14.847 2.56-1.792 2.388-3.498 4.863-5.205 7.252-1.62 2.218-3.583 2.56-5.546 1.11-1.877-1.366-2.218-3.414-.768-5.462 2.048-2.986 4.01-5.972 6.314-8.703 3.67-4.351 8.448-6.399 15.103-6.399l-.086-.085Z' fill='currentColor'\/><path d='M71.478 88.457c-3.498-.341-5.46-3.413-3.754-6.143 3.327-5.29 6.825-10.495 10.324-15.7 1.45-2.133 3.413-2.389 5.46-1.109 1.878 1.28 2.219 3.413.854 5.546-3.328 5.034-6.57 9.983-9.983 14.932-.683 1.024-1.963 1.621-2.901 2.389v.085Z' fill='currentColor'\/><\/svg>\t\t\t\t<\/a>\n\t\t\t\t\t\t\t\t\t\t\t<a class=\"post-share__dialog-item js-post-share-dialog-item\" href=\"mailto:?to=%20&amp;body=https%3A%2F%2Fd66.nl%2Fleudal%2Fnieuws%2Ffietsers-en-autos-gescheiden-brug-neerbeek\" target=\"_blank\" >\n\t\t\t\t\tMail<svg xmlns='http:\/\/www.w3.org\/2000\/svg' width='40' height='40' viewBox='0 0 40 40' fill='none'><path d='M24.107 15.865a1 1 0 0 1 1.266 1.265l-1.686 5.052a1 1 0 0 1-1.654.392l-3.37-3.37a1.001 1.001 0 0 1 .392-1.654l5.052-1.685Z' fill='currentColor'\/><path d='m21.763 19.475-5.657 5.657' stroke='currentColor' stroke-width='2' stroke-linecap='round' fill='none'\/><\/svg>\t\t\t\t<\/a>\n\t\t\t\t\t\t\t\t\t\t\t<a class=\"post-share__dialog-item js-post-share-dialog-item\" href=\"https:\/\/www.linkedin.com\/sharing\/share-offsite\/?url=https%3A%2F%2Fd66.nl%2Fleudal%2Fnieuws%2Ffietsers-en-autos-gescheiden-brug-neerbeek\" target=\"_blank\" >\n\t\t\t\t\tLinkedIn<svg xmlns='http:\/\/www.w3.org\/2000\/svg' width='40' height='40' viewBox='0 0 40 40' fill='none'><path d='M24.107 15.865a1 1 0 0 1 1.266 1.265l-1.686 5.052a1 1 0 0 1-1.654.392l-3.37-3.37a1.001 1.001 0 0 1 .392-1.654l5.052-1.685Z' fill='currentColor'\/><path d='m21.763 19.475-5.657 5.657' stroke='currentColor' stroke-width='2' stroke-linecap='round' fill='none'\/><\/svg>\t\t\t\t<\/a>\n\t\t\t\t\t\t\t\t\t\t\t<a class=\"post-share__dialog-item js-post-share-dialog-item\" href=\"https:\/\/www.facebook.com\/sharer\/sharer.php?u=https%3A%2F%2Fd66.nl%2Fleudal%2Fnieuws%2Ffietsers-en-autos-gescheiden-brug-neerbeek\" target=\"_blank\" >\n\t\t\t\t\tFacebook<svg xmlns='http:\/\/www.w3.org\/2000\/svg' width='40' height='40' viewBox='0 0 40 40' fill='none'><path d='M24.107 15.865a1 1 0 0 1 1.266 1.265l-1.686 5.052a1 1 0 0 1-1.654.392l-3.37-3.37a1.001 1.001 0 0 1 .392-1.654l5.052-1.685Z' fill='currentColor'\/><path d='m21.763 19.475-5.657 5.657' stroke='currentColor' stroke-width='2' stroke-linecap='round' fill='none'\/><\/svg>\t\t\t\t<\/a>\n\t\t\t\t\t\t\t\t\t\t\t<a class=\"post-share__dialog-item js-post-share-dialog-item\" href=\"whatsapp:\/\/send?text=https%3A%2F%2Fd66.nl%2Fleudal%2Fnieuws%2Ffietsers-en-autos-gescheiden-brug-neerbeek\" target=\"_blank\" >\n\t\t\t\t\tWhatsApp<svg xmlns='http:\/\/www.w3.org\/2000\/svg' width='40' height='40' viewBox='0 0 40 40' fill='none'><path d='M24.107 15.865a1 1 0 0 1 1.266 1.265l-1.686 5.052a1 1 0 0 1-1.654.392l-3.37-3.37a1.001 1.001 0 0 1 .392-1.654l5.052-1.685Z' fill='currentColor'\/><path d='m21.763 19.475-5.657 5.657' stroke='currentColor' stroke-width='2' stroke-linecap='round' fill='none'\/><\/svg>\t\t\t\t<\/a>\n\t\t\t\t\t\t\t\t\t\t\t<a class=\"post-share__dialog-item js-post-share-dialog-item\" href=\"https:\/\/x.com\/intent\/post?url=https%3A%2F%2Fd66.nl%2Fleudal%2Fnieuws%2Ffietsers-en-autos-gescheiden-brug-neerbeek\" target=\"_blank\" >\n\t\t\t\t\tTwitter (X)<svg xmlns='http:\/\/www.w3.org\/2000\/svg' width='40' height='40' viewBox='0 0 40 40' fill='none'><path d='M24.107 15.865a1 1 0 0 1 1.266 1.265l-1.686 5.052a1 1 0 0 1-1.654.392l-3.37-3.37a1.001 1.001 0 0 1 .392-1.654l5.052-1.685Z' fill='currentColor'\/><path d='m21.763 19.475-5.657 5.657' stroke='currentColor' stroke-width='2' stroke-linecap='round' fill='none'\/><\/svg>\t\t\t\t<\/a>\n\t\t\t\t\t<\/div>\n\t<\/dialog>\n<\/div>\t\t\t<\/div>\n\t\t\t<div class=\"block-related-post-metadata__categories\">\n\t\t\t\t<div class=\"category-link__wrapper\">\n\t\t\t<div class=\"category-link__item\">\n\t\t\t<a href=\"https:\/\/d66.nl\/leudal\/category\/d66\/\">\n\t\t\t\tD66\t\t\t<\/a>\n\t\t<\/div>\n\t\t\t\t<div class=\"category-link__item\">\n\t\t\t<a href=\"https:\/\/d66.nl\/leudal\/search-tags\/lokaal\/neer\/\">\n\t\t\t\tNeer\t\t\t<\/a>\n\t\t<\/div>\n\t\t\t\t<div class=\"category-link__item\">\n\t\t\t<a href=\"https:\/\/d66.nl\/leudal\/search-tags\/ruimte-verkeer-bereikbaarheid\/\">\n\t\t\t\tRuimte, verkeer en bereikbaarheid\t\t\t<\/a>\n\t\t<\/div>\n\t\t<\/div>\t\t\t<\/div>\n\t\t<\/div>\n\t<\/div>\n<\/section>\n\t  <\/div>\n\t<\/div>\n  <\/div>\n\n\n<div\n  id=\"\"\n  class=\"wrapper  wrapper__spacing-bottom-large--80 wrapper__spacing-bottom-mobile--50  wrapper__gutter--none\"\n  >\n  \t<div class=\"wrapper__container wrapper__container-width-large--default\">\n\t  <div class=\"wrapper__inner wrapper__width-large--17 wrapper__width-mobile--24 wrapper__offset-large--5 wrapper__offset-desktop--0\">\n\t\t\n<section class=\"block-image-carousel js-block-image-carousel\">\n\n\t<div class=\"block-image-carousel__slider\">\n\n\t  <div class=\"carousel-slider js-carousel-slider carousel-slider__for--images\" data-is-slider-initialized=\"0\">\n\t<div class=\"carousel-slider__wrapper js-carousel-wrapper\">\n\t\t<div class=\"swiper\">\n\t\t\t<div class=\"swiper-wrapper\">\n\t\t\t\t\t\t\t\t\t\t\t\t\t\t<div class=\"swiper-slide\">\n\t\t\t\t\t\t<div class=\"block-image-carousel__image-wrapper\">\n\n\t<img loading=\"lazy\" decoding=\"async\" width=\"1024\" height=\"641\" src=\"https:\/\/d66.nl\/leudal\/wp-content\/uploads\/sites\/165\/2021\/12\/Kunstwerk-Neerbeek-1024x641-1.png\" class=\"image block-image-carousel__img\" alt=\"\" \/>\n\t\t\t<div class=\"image__caption-wrapper block-image-carousel__caption-wrapper\">\n\t\t\t<div class=\"image__caption block-image-carousel__caption\">\n\t\t\t\t<p class=\"paragraph paragraph__align--left paragraph__color--black paragraph__size--small paragraph__weight--medium\">\n\t\t<b>Kunstwerk Neer<\/b> <i>&#045;<\/i> Brug over de Neerbeek <i>&#x2022;<\/i> Beeld: Provincie Limburg\t<\/p>\t\t\t<\/div>\n\t\t<\/div>\n\t\t<\/div>\t\t\t\t\t<\/div>\n\t\t\t\t\t\t\t\t\t\t\t\t\t\t<div class=\"swiper-slide\">\n\t\t\t\t\t\t<div class=\"block-image-carousel__image-wrapper\">\n\n\t<img loading=\"lazy\" decoding=\"async\" width=\"1024\" height=\"696\" src=\"https:\/\/d66.nl\/leudal\/wp-content\/uploads\/sites\/165\/2021\/12\/Kunstwerk-2-Neerbeek-1024x696-1.png\" class=\"image block-image-carousel__img\" alt=\"Tekening kunstwerk Neer\" \/>\n\t\t\t<div class=\"image__caption-wrapper block-image-carousel__caption-wrapper\">\n\t\t\t<div class=\"image__caption block-image-carousel__caption\">\n\t\t\t\t<p class=\"paragraph paragraph__align--left paragraph__color--black paragraph__size--small paragraph__weight--medium\">\n\t\t<b>Tekening kunstwerk Neer<\/b> <i>&#045;<\/i> Beeld: Provincie Limburg\t<\/p>\t\t\t<\/div>\n\t\t<\/div>\n\t\t<\/div>\t\t\t\t\t<\/div>\n\t\t\t\t\t\t\t<\/div>\n\t\t<\/div>\n\t<\/div>\n\n\t\t\t<div class=\"carousel-slider-navigation js-carousel-slider-navigation carousel-slider-navigation__offset--only-large\">\n\t<div class=\"carousel-slider-navigation__fraction-pagination-wrapper\">\n\t\t<span class=\"custom-swiper-pagination-current\">1<\/span> \/ <span class=\"custom-swiper-pagination-total\">X<\/span>\n\t<\/div>\n\t<div class=\"carousel-slider-navigation__pagination-wrapper\">\n\t\t<div class=\"carousel-slider-navigation__pagination js-swiper-progressbar\"><\/div>\n\t<\/div>\n\t<div class=\"carousel-slider-navigation__navigation\">\n\t\t<button class=\"carousel-slider-navigation__nav-button carousel-slider-navigation__nav-button--prev js-swiper-prev\" aria-label=\"Previous slide\"><\/button>\n\t\t<button class=\"carousel-slider-navigation__nav-button carousel-slider-navigation__nav-button--next js-swiper-next\" aria-label=\"Next slide\"><\/button>\n\t<\/div>\n<\/div>\t\n<\/div>\t<\/div>\n\n<\/section>\n\t  <\/div>\n\t<\/div>\n  <\/div>\n\n\n<div\n  id=\"\"\n  class=\"wrapper  wrapper__spacing-bottom-large--50 wrapper__spacing-bottom-desktop--70 wrapper__spacing-bottom-mobile--50  wrapper__gutter--none\"\n  >\n  \t<div class=\"wrapper__container wrapper__container-width-large--default\">\n\t  <div class=\"wrapper__inner wrapper__width-large--18 wrapper__width-desktop--22 wrapper__width-mobile--24 wrapper__offset-large--6 wrapper__offset-desktop--2 wrapper__offset-mobile--0\">\n\t\t<section class=\"block-post-content\">\n\t<div class=\"block-post-content__title\">\n\t\t<h3 class=\"heading  heading__color--black heading__size--medium heading__font--sans heading__weight--semiBold  block-post-content__heading\" id=\"nav-bestemmingsplan7640\" data-nav-heading-mobile=\"Bestemmingsplan\">\n\tBestemmingsplan<\/h3>\t<\/div>\n\t<div class=\"block-post-content__content\">\n\t\t\n<div\n  id=\"\"\n  class=\"wrapper  wrapper__spacing-bottom-large--30 wrapper__spacing-bottom-desktop--20  wrapper__gutter--none\"\n  >\n  \t<div class=\"wrapper__container wrapper__container-width-large--default\">\n\t  <div class=\"wrapper__inner wrapper__width-large--24 wrapper__width-mobile--24\">\n\t\t<p\n\t\tclass=\"paragraph paragraph__align--left paragraph__color--black paragraph__size--default   block-paragraph__paragraph\"\n\t\t\t>\n\t\t<strong>D66 Leudal heeft ingestemd met de vaststelling van het nieuwe bestemmingsplan.<\/strong>\u00a0Het fietspad komt hierdoor verder van de weg te liggen. Voetgangers en (brom)fietsers worden duidelijker gescheiden van automobilisten. Dit zorgt voor een veiligere situatie.<br>De provincie Limburg is voornemens om een bestaand kunstwerk (N273) over de Neerbeek te vervangen (zie afbeelding hieronder). In de huidige situatie wordt gebruik gemaakt van \u00e9\u00e9n kunstwerk voor zowel auto- als fietsverkeer.\t<\/p>\t  <\/div>\n\t<\/div>\n  <\/div>\n\n\t<\/div>\n\n\t<div class=\"block-post-content__sidebar\">\n\t\t\n\t\t\n\t\t\t<\/div>\n<\/section>\n\t  <\/div>\n\t<\/div>\n  <\/div>\n\n\n<div\n  id=\"\"\n  class=\"wrapper  wrapper__spacing-bottom-large--50 wrapper__spacing-bottom-desktop--70 wrapper__spacing-bottom-mobile--50  wrapper__gutter--none\"\n  >\n  \t<div class=\"wrapper__container wrapper__container-width-large--default\">\n\t  <div class=\"wrapper__inner wrapper__width-large--18 wrapper__width-desktop--22 wrapper__width-mobile--24 wrapper__offset-large--6 wrapper__offset-desktop--2 wrapper__offset-mobile--0\">\n\t\t<section class=\"block-post-content\">\n\t<div class=\"block-post-content__title\">\n\t\t<h3 class=\"heading  heading__color--black heading__size--medium heading__font--sans heading__weight--semiBold  block-post-content__heading\" id=\"nav-aparte-brug-voor-fietsers3046\" data-nav-heading-mobile=\"Aparte brug voor fietsers\">\n\tAparte brug voor fietsers<\/h3>\t<\/div>\n\t<div class=\"block-post-content__content\">\n\t\t\n<div\n  id=\"\"\n  class=\"wrapper  wrapper__spacing-bottom-large--30 wrapper__spacing-bottom-desktop--20  wrapper__gutter--none\"\n  >\n  \t<div class=\"wrapper__container wrapper__container-width-large--default\">\n\t  <div class=\"wrapper__inner wrapper__width-large--24 wrapper__width-mobile--24\">\n\t\t<p\n\t\tclass=\"paragraph paragraph__align--left paragraph__color--black paragraph__size--default   block-paragraph__paragraph\"\n\t\t\t>\n\t\tIn de toekomstige situatie worden dit twee aparte kunstwerken. E\u00e9n voor het langzame verkeer (fiets) en \u00e9\u00e9n voor autoverkeer. Het nieuwe kunstwerk voor het snelverkeer komt op dezelfde locatie als de huidige brug terug. De nieuwe fietsburg wordt direct ten westen van de bestaande fietsbrug gerealiseerd.<br>Ten behoeve van deze ruimtelijke ontwikkeling wordt tijdelijk ten oosten van de bestaande brug een nieuwe tijdelijke brug aangelegd om het auto- en fietsverkeer te kunnen omleiden. Dit wordt gedaan omdat het oude, reeds aanwezige, fietspad niet bereikbaar is tijdens de werkzaamheden. Daarom wordt een tijdelijke fietsbrug (bypass) naast de aanwezige brug neergelegd.<br>Realisatie van de fietsbrug vindt plaats binnen het gebied zoals weergegeven in onderstaande afbeelding.\u00a0<strong>Hierbij is te zien dat het fietspad in \u00e9\u00e9n rechte lijn is doorgetrokken en op afstand van de (provinciale)weg blijft. Dit zal voor een veiligere situatie zorgen doordat de verschillende vervoersstromen separaat van elkaar liggen.<\/strong>\t<\/p>\t  <\/div>\n\t<\/div>\n  <\/div>\n\n\t<\/div>\n\n\t<div class=\"block-post-content__sidebar\">\n\t\t\n\t\t\n\t\t\t<\/div>\n<\/section>\n\t  <\/div>\n\t<\/div>\n  <\/div>\n\n\n<div\n  id=\"\"\n  class=\"wrapper  wrapper__spacing-bottom-large--50 wrapper__spacing-bottom-desktop--70 wrapper__spacing-bottom-mobile--50  wrapper__gutter--none\"\n  >\n  \t<div class=\"wrapper__container wrapper__container-width-large--default\">\n\t  <div class=\"wrapper__inner wrapper__width-large--18 wrapper__width-desktop--22 wrapper__width-mobile--24 wrapper__offset-large--6 wrapper__offset-desktop--2 wrapper__offset-mobile--0\">\n\t\t<section class=\"block-post-content\">\n\t<div class=\"block-post-content__title\">\n\t\t<h3 class=\"heading  heading__color--black heading__size--medium heading__font--sans heading__weight--bold  block-post-content__heading\" id=\"nav-5427\" data-nav-heading-mobile=\"\">\n\t<\/h3>\t<\/div>\n\t<div class=\"block-post-content__content\">\n\t\t\n<div\n  id=\"\"\n  class=\"wrapper  wrapper__spacing-bottom-large--30 wrapper__spacing-bottom-desktop--20  wrapper__gutter--none\"\n  >\n  \t<div class=\"wrapper__container wrapper__container-width-large--default\">\n\t  <div class=\"wrapper__inner wrapper__width-large--24 wrapper__width-mobile--24\">\n\t\t<p\n\t\tclass=\"paragraph paragraph__align--left paragraph__color--black paragraph__size--default   block-paragraph__paragraph\"\n\t\t\t>\n\t\t\t<\/p>\t  <\/div>\n\t<\/div>\n  <\/div>\n\n\n<div\n  id=\"\"\n  class=\"wrapper  wrapper__spacing-bottom-large--20  wrapper__gutter--none\"\n  >\n  \t<div class=\"wrapper__container wrapper__container-width-large--default\">\n\t  <div class=\"wrapper__inner wrapper__width-large--24 wrapper__width-mobile--24\">\n\t\t\t<div class=\"block-lists  block-lists__color--black\">\n\t\t<p class=\"paragraph  paragraph__color--black paragraph__size--default\">\n\t\t\t<\/p><ul class=\"block-lists lists__lists lists__weight--medium lists__color--black lists__type--default\">\n\t<\/ul>\t<\/div>\n\t\t  <\/div>\n\t<\/div>\n  <\/div>\n\n\t<\/div>\n\n\t<div class=\"block-post-content__sidebar\">\n\t\t\n\t\t\n\t\t\t<\/div>\n<\/section>\n\t  <\/div>\n\t<\/div>\n  <\/div>\n","protected":false},"excerpt":{"rendered":"<p>D66 stemt in met een extra fietsbrug over de Neerbeek,<\/p>\n","protected":false},"author":190,"featured_media":522,"comment_status":"closed","ping_status":"open","sticky":false,"template":"","format":"standard","meta":{"_acf_changed":false,"footnotes":""},"categories":[1],"search-tags":[39,10],"labels":[],"class_list":["post-521","post","type-post","status-publish","format-standard","has-post-thumbnail","hentry","category-d66","search-tags-neer","search-tags-ruimte-verkeer-bereikbaarheid"],"acf":[],"yoast_head":"<!-- This site is optimized with the Yoast SEO plugin v27.3 - https:\/\/yoast.com\/product\/yoast-seo-wordpress\/ -->\n<title>D66 Leudal &#8212; Fietsers en auto\u2019s gescheiden brug Neerbeek<\/title>\n<meta name=\"robots\" content=\"index, follow, max-snippet:-1, max-image-preview:large, max-video-preview:-1\" \/>\n<link rel=\"canonical\" href=\"https:\/\/d66.nl\/leudal\/nieuws\/fietsers-en-autos-gescheiden-brug-neerbeek\" \/>\n<meta property=\"og:locale\" content=\"nl_NL\" \/>\n<meta property=\"og:type\" content=\"article\" \/>\n<meta property=\"og:title\" content=\"D66 Leudal &#8212; Fietsers en auto\u2019s gescheiden brug Neerbeek\" \/>\n<meta property=\"og:description\" content=\"D66 stemt in met een extra fietsbrug over de Neerbeek,\" \/>\n<meta property=\"og:url\" content=\"https:\/\/d66.nl\/leudal\/nieuws\/fietsers-en-autos-gescheiden-brug-neerbeek\/\" \/>\n<meta property=\"og:site_name\" content=\"D66 Leudal\" \/>\n<meta property=\"article:publisher\" content=\"https:\/\/www.facebook.com\/d66leudal\" \/>\n<meta property=\"article:author\" content=\"https:\/\/www.facebook.com\/leo.schouten.75\" \/>\n<meta property=\"article:published_time\" content=\"2021-04-20T18:15:00+00:00\" \/>\n<meta property=\"article:modified_time\" content=\"2022-01-01T16:56:05+00:00\" \/>\n<meta property=\"og:image\" content=\"https:\/\/d66.nl\/leudal\/wp-content\/uploads\/sites\/165\/2021\/12\/Kunstwerk-Neerbeek-1024x641-1.png\" \/>\n\t<meta property=\"og:image:width\" content=\"1024\" \/>\n\t<meta property=\"og:image:height\" content=\"641\" \/>\n\t<meta property=\"og:image:type\" content=\"image\/png\" \/>\n<meta name=\"author\" content=\"Leo Schouten\" \/>\n<meta name=\"twitter:card\" content=\"summary_large_image\" \/>\n<meta name=\"twitter:creator\" content=\"@LJSchouten\" \/>\n<meta name=\"twitter:site\" content=\"@D66leudal\" \/>\n<meta name=\"twitter:label1\" content=\"Geschreven door\" \/>\n\t<meta name=\"twitter:data1\" content=\"Leo Schouten\" \/>\n<script type=\"application\/ld+json\" class=\"yoast-schema-graph\">{\"@context\":\"https:\\\/\\\/schema.org\",\"@graph\":[{\"@type\":\"Article\",\"@id\":\"https:\\\/\\\/d66.nl\\\/leudal\\\/nieuws\\\/fietsers-en-autos-gescheiden-brug-neerbeek\\\/#article\",\"isPartOf\":{\"@id\":\"https:\\\/\\\/d66.nl\\\/leudal\\\/nieuws\\\/fietsers-en-autos-gescheiden-brug-neerbeek\\\/\"},\"author\":{\"name\":\"Leo Schouten\",\"@id\":\"https:\\\/\\\/d66.nl\\\/leudal\\\/#\\\/schema\\\/person\\\/cb4907e7cf15d305e0aac0a345135c0a\"},\"headline\":\"Fietsers en auto\u2019s gescheiden brug Neerbeek\",\"datePublished\":\"2021-04-20T18:15:00+00:00\",\"dateModified\":\"2022-01-01T16:56:05+00:00\",\"mainEntityOfPage\":{\"@id\":\"https:\\\/\\\/d66.nl\\\/leudal\\\/nieuws\\\/fietsers-en-autos-gescheiden-brug-neerbeek\\\/\"},\"wordCount\":7,\"publisher\":{\"@id\":\"https:\\\/\\\/d66.nl\\\/leudal\\\/#organization\"},\"image\":{\"@id\":\"https:\\\/\\\/d66.nl\\\/leudal\\\/nieuws\\\/fietsers-en-autos-gescheiden-brug-neerbeek\\\/#primaryimage\"},\"thumbnailUrl\":\"https:\\\/\\\/d66.nl\\\/leudal\\\/wp-content\\\/uploads\\\/sites\\\/165\\\/2021\\\/12\\\/Kunstwerk-Neerbeek-1024x641-1.png\",\"articleSection\":[\"D66\"],\"inLanguage\":\"nl-NL\"},{\"@type\":\"WebPage\",\"@id\":\"https:\\\/\\\/d66.nl\\\/leudal\\\/nieuws\\\/fietsers-en-autos-gescheiden-brug-neerbeek\\\/\",\"url\":\"https:\\\/\\\/d66.nl\\\/leudal\\\/nieuws\\\/fietsers-en-autos-gescheiden-brug-neerbeek\\\/\",\"name\":\"D66 Leudal &#8212; Fietsers en auto\u2019s gescheiden brug Neerbeek\",\"isPartOf\":{\"@id\":\"https:\\\/\\\/d66.nl\\\/leudal\\\/#website\"},\"primaryImageOfPage\":{\"@id\":\"https:\\\/\\\/d66.nl\\\/leudal\\\/nieuws\\\/fietsers-en-autos-gescheiden-brug-neerbeek\\\/#primaryimage\"},\"image\":{\"@id\":\"https:\\\/\\\/d66.nl\\\/leudal\\\/nieuws\\\/fietsers-en-autos-gescheiden-brug-neerbeek\\\/#primaryimage\"},\"thumbnailUrl\":\"https:\\\/\\\/d66.nl\\\/leudal\\\/wp-content\\\/uploads\\\/sites\\\/165\\\/2021\\\/12\\\/Kunstwerk-Neerbeek-1024x641-1.png\",\"datePublished\":\"2021-04-20T18:15:00+00:00\",\"dateModified\":\"2022-01-01T16:56:05+00:00\",\"breadcrumb\":{\"@id\":\"https:\\\/\\\/d66.nl\\\/leudal\\\/nieuws\\\/fietsers-en-autos-gescheiden-brug-neerbeek\\\/#breadcrumb\"},\"inLanguage\":\"nl-NL\",\"potentialAction\":[{\"@type\":\"ReadAction\",\"target\":[\"https:\\\/\\\/d66.nl\\\/leudal\\\/nieuws\\\/fietsers-en-autos-gescheiden-brug-neerbeek\\\/\"]}]},{\"@type\":\"ImageObject\",\"inLanguage\":\"nl-NL\",\"@id\":\"https:\\\/\\\/d66.nl\\\/leudal\\\/nieuws\\\/fietsers-en-autos-gescheiden-brug-neerbeek\\\/#primaryimage\",\"url\":\"https:\\\/\\\/d66.nl\\\/leudal\\\/wp-content\\\/uploads\\\/sites\\\/165\\\/2021\\\/12\\\/Kunstwerk-Neerbeek-1024x641-1.png\",\"contentUrl\":\"https:\\\/\\\/d66.nl\\\/leudal\\\/wp-content\\\/uploads\\\/sites\\\/165\\\/2021\\\/12\\\/Kunstwerk-Neerbeek-1024x641-1.png\",\"width\":1024,\"height\":641},{\"@type\":\"BreadcrumbList\",\"@id\":\"https:\\\/\\\/d66.nl\\\/leudal\\\/nieuws\\\/fietsers-en-autos-gescheiden-brug-neerbeek\\\/#breadcrumb\",\"itemListElement\":[{\"@type\":\"ListItem\",\"position\":1,\"name\":\"Home\",\"item\":\"https:\\\/\\\/d66.nl\\\/leudal\\\/\"},{\"@type\":\"ListItem\",\"position\":2,\"name\":\"Nieuws\",\"item\":\"https:\\\/\\\/d66.nl\\\/leudal\\\/nieuws\\\/\"},{\"@type\":\"ListItem\",\"position\":3,\"name\":\"Fietsers en auto\u2019s gescheiden brug Neerbeek\"}]},{\"@type\":\"WebSite\",\"@id\":\"https:\\\/\\\/d66.nl\\\/leudal\\\/#website\",\"url\":\"https:\\\/\\\/d66.nl\\\/leudal\\\/\",\"name\":\"D66 Leudal\",\"description\":\"Just another D66 Sites site\",\"publisher\":{\"@id\":\"https:\\\/\\\/d66.nl\\\/leudal\\\/#organization\"},\"potentialAction\":[{\"@type\":\"SearchAction\",\"target\":{\"@type\":\"EntryPoint\",\"urlTemplate\":\"https:\\\/\\\/d66.nl\\\/leudal\\\/?s={search_term_string}\"},\"query-input\":{\"@type\":\"PropertyValueSpecification\",\"valueRequired\":true,\"valueName\":\"search_term_string\"}}],\"inLanguage\":\"nl-NL\"},{\"@type\":\"Organization\",\"@id\":\"https:\\\/\\\/d66.nl\\\/leudal\\\/#organization\",\"name\":\"D66\",\"url\":\"https:\\\/\\\/d66.nl\\\/leudal\\\/\",\"logo\":{\"@type\":\"ImageObject\",\"inLanguage\":\"nl-NL\",\"@id\":\"https:\\\/\\\/d66.nl\\\/leudal\\\/#\\\/schema\\\/logo\\\/image\\\/\",\"url\":\"https:\\\/\\\/d66.nl\\\/leudal\\\/wp-content\\\/uploads\\\/sites\\\/165\\\/2021\\\/10\\\/d66-themas-algemeen-og.png\",\"contentUrl\":\"https:\\\/\\\/d66.nl\\\/leudal\\\/wp-content\\\/uploads\\\/sites\\\/165\\\/2021\\\/10\\\/d66-themas-algemeen-og.png\",\"width\":1200,\"height\":628,\"caption\":\"D66\"},\"image\":{\"@id\":\"https:\\\/\\\/d66.nl\\\/leudal\\\/#\\\/schema\\\/logo\\\/image\\\/\"},\"sameAs\":[\"https:\\\/\\\/www.facebook.com\\\/d66leudal\",\"https:\\\/\\\/x.com\\\/D66leudal\",\"https:\\\/\\\/www.instagram.com\\\/d66leudal\\\/\",\"https:\\\/\\\/www.youtube.com\\\/channel\\\/UCbdbgvkZun7iMr1AnVVY_YQ\"]},{\"@type\":\"Person\",\"@id\":\"https:\\\/\\\/d66.nl\\\/leudal\\\/#\\\/schema\\\/person\\\/cb4907e7cf15d305e0aac0a345135c0a\",\"name\":\"Leo Schouten\",\"image\":{\"@type\":\"ImageObject\",\"inLanguage\":\"nl-NL\",\"@id\":\"https:\\\/\\\/secure.gravatar.com\\\/avatar\\\/65709bbbbad835217e6ac11c0f85ec3fff55546fed6bc2552d517ed4c3add98f?s=96&d=mm&r=g\",\"url\":\"https:\\\/\\\/secure.gravatar.com\\\/avatar\\\/65709bbbbad835217e6ac11c0f85ec3fff55546fed6bc2552d517ed4c3add98f?s=96&d=mm&r=g\",\"contentUrl\":\"https:\\\/\\\/secure.gravatar.com\\\/avatar\\\/65709bbbbad835217e6ac11c0f85ec3fff55546fed6bc2552d517ed4c3add98f?s=96&d=mm&r=g\",\"caption\":\"Leo Schouten\"},\"sameAs\":[\"https:\\\/\\\/www.facebook.com\\\/leo.schouten.75\",\"https:\\\/\\\/www.instagram.com\\\/lj.schouten\\\/\",\"https:\\\/\\\/www.linkedin.com\\\/in\\\/leo-schouten-b8847a7\\\/\",\"https:\\\/\\\/x.com\\\/LJSchouten\"]}]}<\/script>\n<!-- \/ Yoast SEO plugin. -->","yoast_head_json":{"title":"D66 Leudal &#8212; Fietsers en auto\u2019s gescheiden brug Neerbeek","robots":{"index":"index","follow":"follow","max-snippet":"max-snippet:-1","max-image-preview":"max-image-preview:large","max-video-preview":"max-video-preview:-1"},"canonical":"https:\/\/d66.nl\/leudal\/nieuws\/fietsers-en-autos-gescheiden-brug-neerbeek","og_locale":"nl_NL","og_type":"article","og_title":"D66 Leudal &#8212; Fietsers en auto\u2019s gescheiden brug Neerbeek","og_description":"D66 stemt in met een extra fietsbrug over de Neerbeek,","og_url":"https:\/\/d66.nl\/leudal\/nieuws\/fietsers-en-autos-gescheiden-brug-neerbeek\/","og_site_name":"D66 Leudal","article_publisher":"https:\/\/www.facebook.com\/d66leudal","article_author":"https:\/\/www.facebook.com\/leo.schouten.75","article_published_time":"2021-04-20T18:15:00+00:00","article_modified_time":"2022-01-01T16:56:05+00:00","og_image":[{"width":1024,"height":641,"url":"https:\/\/d66.nl\/leudal\/wp-content\/uploads\/sites\/165\/2021\/12\/Kunstwerk-Neerbeek-1024x641-1.png","type":"image\/png"}],"author":"Leo Schouten","twitter_card":"summary_large_image","twitter_creator":"@LJSchouten","twitter_site":"@D66leudal","twitter_misc":{"Geschreven door":"Leo Schouten"},"schema":{"@context":"https:\/\/schema.org","@graph":[{"@type":"Article","@id":"https:\/\/d66.nl\/leudal\/nieuws\/fietsers-en-autos-gescheiden-brug-neerbeek\/#article","isPartOf":{"@id":"https:\/\/d66.nl\/leudal\/nieuws\/fietsers-en-autos-gescheiden-brug-neerbeek\/"},"author":{"name":"Leo Schouten","@id":"https:\/\/d66.nl\/leudal\/#\/schema\/person\/cb4907e7cf15d305e0aac0a345135c0a"},"headline":"Fietsers en auto\u2019s gescheiden brug Neerbeek","datePublished":"2021-04-20T18:15:00+00:00","dateModified":"2022-01-01T16:56:05+00:00","mainEntityOfPage":{"@id":"https:\/\/d66.nl\/leudal\/nieuws\/fietsers-en-autos-gescheiden-brug-neerbeek\/"},"wordCount":7,"publisher":{"@id":"https:\/\/d66.nl\/leudal\/#organization"},"image":{"@id":"https:\/\/d66.nl\/leudal\/nieuws\/fietsers-en-autos-gescheiden-brug-neerbeek\/#primaryimage"},"thumbnailUrl":"https:\/\/d66.nl\/leudal\/wp-content\/uploads\/sites\/165\/2021\/12\/Kunstwerk-Neerbeek-1024x641-1.png","articleSection":["D66"],"inLanguage":"nl-NL"},{"@type":"WebPage","@id":"https:\/\/d66.nl\/leudal\/nieuws\/fietsers-en-autos-gescheiden-brug-neerbeek\/","url":"https:\/\/d66.nl\/leudal\/nieuws\/fietsers-en-autos-gescheiden-brug-neerbeek\/","name":"D66 Leudal &#8212; Fietsers en auto\u2019s gescheiden brug Neerbeek","isPartOf":{"@id":"https:\/\/d66.nl\/leudal\/#website"},"primaryImageOfPage":{"@id":"https:\/\/d66.nl\/leudal\/nieuws\/fietsers-en-autos-gescheiden-brug-neerbeek\/#primaryimage"},"image":{"@id":"https:\/\/d66.nl\/leudal\/nieuws\/fietsers-en-autos-gescheiden-brug-neerbeek\/#primaryimage"},"thumbnailUrl":"https:\/\/d66.nl\/leudal\/wp-content\/uploads\/sites\/165\/2021\/12\/Kunstwerk-Neerbeek-1024x641-1.png","datePublished":"2021-04-20T18:15:00+00:00","dateModified":"2022-01-01T16:56:05+00:00","breadcrumb":{"@id":"https:\/\/d66.nl\/leudal\/nieuws\/fietsers-en-autos-gescheiden-brug-neerbeek\/#breadcrumb"},"inLanguage":"nl-NL","potentialAction":[{"@type":"ReadAction","target":["https:\/\/d66.nl\/leudal\/nieuws\/fietsers-en-autos-gescheiden-brug-neerbeek\/"]}]},{"@type":"ImageObject","inLanguage":"nl-NL","@id":"https:\/\/d66.nl\/leudal\/nieuws\/fietsers-en-autos-gescheiden-brug-neerbeek\/#primaryimage","url":"https:\/\/d66.nl\/leudal\/wp-content\/uploads\/sites\/165\/2021\/12\/Kunstwerk-Neerbeek-1024x641-1.png","contentUrl":"https:\/\/d66.nl\/leudal\/wp-content\/uploads\/sites\/165\/2021\/12\/Kunstwerk-Neerbeek-1024x641-1.png","width":1024,"height":641},{"@type":"BreadcrumbList","@id":"https:\/\/d66.nl\/leudal\/nieuws\/fietsers-en-autos-gescheiden-brug-neerbeek\/#breadcrumb","itemListElement":[{"@type":"ListItem","position":1,"name":"Home","item":"https:\/\/d66.nl\/leudal\/"},{"@type":"ListItem","position":2,"name":"Nieuws","item":"https:\/\/d66.nl\/leudal\/nieuws\/"},{"@type":"ListItem","position":3,"name":"Fietsers en auto\u2019s gescheiden brug Neerbeek"}]},{"@type":"WebSite","@id":"https:\/\/d66.nl\/leudal\/#website","url":"https:\/\/d66.nl\/leudal\/","name":"D66 Leudal","description":"Just another D66 Sites site","publisher":{"@id":"https:\/\/d66.nl\/leudal\/#organization"},"potentialAction":[{"@type":"SearchAction","target":{"@type":"EntryPoint","urlTemplate":"https:\/\/d66.nl\/leudal\/?s={search_term_string}"},"query-input":{"@type":"PropertyValueSpecification","valueRequired":true,"valueName":"search_term_string"}}],"inLanguage":"nl-NL"},{"@type":"Organization","@id":"https:\/\/d66.nl\/leudal\/#organization","name":"D66","url":"https:\/\/d66.nl\/leudal\/","logo":{"@type":"ImageObject","inLanguage":"nl-NL","@id":"https:\/\/d66.nl\/leudal\/#\/schema\/logo\/image\/","url":"https:\/\/d66.nl\/leudal\/wp-content\/uploads\/sites\/165\/2021\/10\/d66-themas-algemeen-og.png","contentUrl":"https:\/\/d66.nl\/leudal\/wp-content\/uploads\/sites\/165\/2021\/10\/d66-themas-algemeen-og.png","width":1200,"height":628,"caption":"D66"},"image":{"@id":"https:\/\/d66.nl\/leudal\/#\/schema\/logo\/image\/"},"sameAs":["https:\/\/www.facebook.com\/d66leudal","https:\/\/x.com\/D66leudal","https:\/\/www.instagram.com\/d66leudal\/","https:\/\/www.youtube.com\/channel\/UCbdbgvkZun7iMr1AnVVY_YQ"]},{"@type":"Person","@id":"https:\/\/d66.nl\/leudal\/#\/schema\/person\/cb4907e7cf15d305e0aac0a345135c0a","name":"Leo Schouten","image":{"@type":"ImageObject","inLanguage":"nl-NL","@id":"https:\/\/secure.gravatar.com\/avatar\/65709bbbbad835217e6ac11c0f85ec3fff55546fed6bc2552d517ed4c3add98f?s=96&d=mm&r=g","url":"https:\/\/secure.gravatar.com\/avatar\/65709bbbbad835217e6ac11c0f85ec3fff55546fed6bc2552d517ed4c3add98f?s=96&d=mm&r=g","contentUrl":"https:\/\/secure.gravatar.com\/avatar\/65709bbbbad835217e6ac11c0f85ec3fff55546fed6bc2552d517ed4c3add98f?s=96&d=mm&r=g","caption":"Leo Schouten"},"sameAs":["https:\/\/www.facebook.com\/leo.schouten.75","https:\/\/www.instagram.com\/lj.schouten\/","https:\/\/www.linkedin.com\/in\/leo-schouten-b8847a7\/","https:\/\/x.com\/LJSchouten"]}]}},"_links":{"self":[{"href":"https:\/\/d66.nl\/leudal\/wp-json\/wp\/v2\/posts\/521","targetHints":{"allow":["GET"]}}],"collection":[{"href":"https:\/\/d66.nl\/leudal\/wp-json\/wp\/v2\/posts"}],"about":[{"href":"https:\/\/d66.nl\/leudal\/wp-json\/wp\/v2\/types\/post"}],"author":[{"embeddable":true,"href":"https:\/\/d66.nl\/leudal\/wp-json\/wp\/v2\/users\/190"}],"replies":[{"embeddable":true,"href":"https:\/\/d66.nl\/leudal\/wp-json\/wp\/v2\/comments?post=521"}],"version-history":[{"count":8,"href":"https:\/\/d66.nl\/leudal\/wp-json\/wp\/v2\/posts\/521\/revisions"}],"predecessor-version":[{"id":571,"href":"https:\/\/d66.nl\/leudal\/wp-json\/wp\/v2\/posts\/521\/revisions\/571"}],"wp:featuredmedia":[{"embeddable":true,"href":"https:\/\/d66.nl\/leudal\/wp-json\/wp\/v2\/media\/522"}],"wp:attachment":[{"href":"https:\/\/d66.nl\/leudal\/wp-json\/wp\/v2\/media?parent=521"}],"wp:term":[{"taxonomy":"category","embeddable":true,"href":"https:\/\/d66.nl\/leudal\/wp-json\/wp\/v2\/categories?post=521"},{"taxonomy":"search-tags","embeddable":true,"href":"https:\/\/d66.nl\/leudal\/wp-json\/wp\/v2\/search-tags?post=521"},{"taxonomy":"labels","embeddable":true,"href":"https:\/\/d66.nl\/leudal\/wp-json\/wp\/v2\/labels?post=521"}],"curies":[{"name":"wp","href":"https:\/\/api.w.org\/{rel}","templated":true}]}}