{"id":2351,"date":"2023-11-10T19:25:00","date_gmt":"2023-11-10T19:25:00","guid":{"rendered":"https:\/\/d66.nl\/hulst\/nieuws\/"},"modified":"2026-02-02T19:33:04","modified_gmt":"2026-02-02T19:33:04","slug":"geen-extraatje-voor-de-minima-politieke-onwil-wint-van-de-menselijke-maat","status":"publish","type":"post","link":"https:\/\/d66.nl\/hulst\/nieuws\/geen-extraatje-voor-de-minima-politieke-onwil-wint-van-de-menselijke-maat","title":{"rendered":"Geen extraatje voor de minima: Politieke onwil wint van de menselijke maat"},"content":{"rendered":"<div\n  id=\"\"\n  class=\"wrapper  wrapper__spacing-bottom-large--30 wrapper__spacing-bottom-desktop--20 wrapper__spacing-bottom-mobile--20  wrapper__gutter--none\"\n  >\n  \t<div class=\"wrapper__container wrapper__container-width-large--default\">\n\t  <div class=\"wrapper__inner wrapper__width-large--14 wrapper__width-desktop--20 wrapper__width-mobile--24 wrapper__offset-large--6 wrapper__offset-desktop--2 wrapper__offset-mobile--0\">\n\t\t<h1 class=\"heading   heading__size--giant heading__font--serif heading__weight--regular  block-heading__heading\" id=\"nav-geen-extraatje-voor-de-minima--politieke-onwil-wint-van-de-menselijke-maat2676\"  data-nav-heading-mobile=\"Geen extraatje voor de minima: Politieke onwil wint van de menselijke maat\" >\n\tGeen extraatje voor de minima: Politieke onwil wint van de menselijke maat<\/h1>\t  <\/div>\n\t<\/div>\n  <\/div>\n\n\n<div\n  id=\"\"\n  class=\"wrapper  wrapper__spacing-bottom-large--20 wrapper__spacing-bottom-desktop--10 wrapper__spacing-bottom-mobile--10  wrapper__gutter--none\"\n  >\n  \t<div class=\"wrapper__container wrapper__container-width-large--default\">\n\t  <div class=\"wrapper__inner wrapper__width-large--13 wrapper__width-desktop--20 wrapper__width-mobile--24 wrapper__offset-large--6 wrapper__offset-desktop--2 wrapper__offset-mobile--0\">\n\t\t<p\n\t\tclass=\"paragraph   paragraph__size--big   block-paragraph__paragraph\"\n\t\t\t>\n\t\tTijdens de laatste raadsvergadering heeft een ruime meerderheid van de gemeenteraad tegen de motie \u2018Extra Bijstand\u2019 gestemd. Ondanks een vurig pleidooi van D66 Hulst en HulstPlus om 269 huishoudens in onze gemeente een steuntje in de rug te geven, bleef de teller steken op slechts twee voorstemmers. Een kille uitkomst, zeker met de dure decembermaand in het vooruitzicht.\t<\/p>\t  <\/div>\n\t<\/div>\n  <\/div>\n\n\n<div\n  id=\"\"\n  class=\"wrapper  wrapper__spacing-bottom-large--20 wrapper__spacing-bottom-desktop--50 wrapper__spacing-bottom-mobile--10  wrapper__gutter--none\"\n  >\n  \t<div class=\"wrapper__container wrapper__container-width-large--default\">\n\t  <div class=\"wrapper__inner wrapper__width-large--14 wrapper__width-desktop--24 wrapper__width-mobile--24 wrapper__offset-large--6 wrapper__offset-desktop--2 wrapper__offset-mobile--0\">\n\t\t<section class=\"block-related-post-metadata js-block-related-post-metadata\">\n\t<div class=\"block-related-post-metadata__content-wrapper\">\n\t\t<div class=\"block-related-post-metadata__persons\">\n\t\t\t\t\t<\/div>\n\t\t<div class=\"block-related-post-metadata__meta\">\n\t\t\t<div class=\"block-related-post-metadata__date\">\n\t\t\t\t10.11.2023<div class=\"post-share js-post-share rs_skip_always\">\n\t<button class=\"post-share__share-button js-post-share-share-button\">\n\t\tShare\t\t<svg xmlns='http:\/\/www.w3.org\/2000\/svg' width='100px' height='100px' viewBox='0 0 24 24' fill='none'><path d='m8.684 10.658 6.629-3.314m.003 9.314-6.622-3.311M21 6a3 3 0 1 1-6 0 3 3 0 0 1 6 0ZM9 12a3 3 0 1 1-6 0 3 3 0 0 1 6 0Zm12 6a3 3 0 1 1-6 0 3 3 0 0 1 6 0Z' stroke='currentColor' stroke-width='1.5' fill='none'\/><\/svg>\t<\/button>\n\t<dialog class=\"post-share__dialog js-post-share-dialog\" aria-hidden=\"true\">\n\t\t<div class=\"post-share__dialog-header\">\n\t\t\tShare this post\t\t\t<button class=\"post-share__dialog-close js-post-share-dialog-close\">\n\t\t\t\t<svg xmlns='http:\/\/www.w3.org\/2000\/svg' width='150' height='150' viewBox='0 0 150 150' fill='none'><path d='M44.103 105.897 75 75m30.898-30.898L75 75m0 0L44.103 44.102M75 75l30.898 30.897' stroke='currentColor' stroke-width='5' fill='none'\/><\/svg>\t\t\t<\/button>\n\t\t<\/div>\n\t\t<div class=\"post-share__dialog-socials\">\n\t\t\t\t\t\t\t\t\t\t\t<a class=\"post-share__dialog-item js-post-share-dialog-item\" href=\"#\" target=\"_blank\" data-copy=&quot;true&quot;>\n\t\t\t\t\tKopier link<svg xmlns='http:\/\/www.w3.org\/2000\/svg' width='150' height='150' viewBox='0 0 150 150' fill='none'><path d='M67.468 108.679c-8.533-.512-14.164-3.583-17.407-9.983-3.242-6.314-2.815-12.713 1.195-18.6 1.706-2.56 3.584-5.035 5.46-7.594 1.537-2.048 3.584-2.475 5.462-1.195 2.047 1.45 2.389 3.498.938 5.632-1.706 2.474-3.584 4.948-5.29 7.423-3.242 4.778-2.304 11.092 2.133 14.334 4.864 3.584 11.092 2.731 14.761-1.962 1.963-2.475 3.754-5.12 5.632-7.68 1.194-1.535 2.645-2.218 4.607-1.28 1.792.854 2.645 2.39 2.304 4.267 0 .17 0 .427-.17.597-3.67 5.12-6.4 11.178-12.544 13.993-2.56 1.195-5.46 1.707-6.996 2.219l-.085-.171Z' fill='currentColor'\/><path d='M86.921 44.6c6.144.257 11.605 3.328 14.932 9.728 3.328 6.399 2.816 12.798-1.109 18.856-1.621 2.56-3.498 4.95-5.29 7.424-1.707 2.303-3.754 2.815-5.717 1.45-2.048-1.45-2.304-3.669-.597-6.058 1.621-2.304 3.328-4.608 4.949-6.911 3.498-4.95 2.56-11.348-2.133-14.761-4.779-3.499-11.178-2.475-14.847 2.56-1.792 2.388-3.498 4.863-5.205 7.252-1.62 2.218-3.583 2.56-5.546 1.11-1.877-1.366-2.218-3.414-.768-5.462 2.048-2.986 4.01-5.972 6.314-8.703 3.67-4.351 8.448-6.399 15.103-6.399l-.086-.085Z' fill='currentColor'\/><path d='M71.478 88.457c-3.498-.341-5.46-3.413-3.754-6.143 3.327-5.29 6.825-10.495 10.324-15.7 1.45-2.133 3.413-2.389 5.46-1.109 1.878 1.28 2.219 3.413.854 5.546-3.328 5.034-6.57 9.983-9.983 14.932-.683 1.024-1.963 1.621-2.901 2.389v.085Z' fill='currentColor'\/><\/svg>\t\t\t\t<\/a>\n\t\t\t\t\t\t\t\t\t\t\t<a class=\"post-share__dialog-item js-post-share-dialog-item\" href=\"mailto:?to=%20&amp;body=https%3A%2F%2Fd66.nl%2Fhulst%2Fnieuws%2Fgeen-extraatje-voor-de-minima-politieke-onwil-wint-van-de-menselijke-maat\" target=\"_blank\" >\n\t\t\t\t\tMail<svg xmlns='http:\/\/www.w3.org\/2000\/svg' width='40' height='40' viewBox='0 0 40 40' fill='none'><path d='M24.107 15.865a1 1 0 0 1 1.266 1.265l-1.686 5.052a1 1 0 0 1-1.654.392l-3.37-3.37a1.001 1.001 0 0 1 .392-1.654l5.052-1.685Z' fill='currentColor'\/><path d='m21.763 19.475-5.657 5.657' stroke='currentColor' stroke-width='2' stroke-linecap='round' fill='none'\/><\/svg>\t\t\t\t<\/a>\n\t\t\t\t\t\t\t\t\t\t\t<a class=\"post-share__dialog-item js-post-share-dialog-item\" href=\"https:\/\/www.linkedin.com\/sharing\/share-offsite\/?url=https%3A%2F%2Fd66.nl%2Fhulst%2Fnieuws%2Fgeen-extraatje-voor-de-minima-politieke-onwil-wint-van-de-menselijke-maat\" target=\"_blank\" >\n\t\t\t\t\tLinkedIn<svg xmlns='http:\/\/www.w3.org\/2000\/svg' width='40' height='40' viewBox='0 0 40 40' fill='none'><path d='M24.107 15.865a1 1 0 0 1 1.266 1.265l-1.686 5.052a1 1 0 0 1-1.654.392l-3.37-3.37a1.001 1.001 0 0 1 .392-1.654l5.052-1.685Z' fill='currentColor'\/><path d='m21.763 19.475-5.657 5.657' stroke='currentColor' stroke-width='2' stroke-linecap='round' fill='none'\/><\/svg>\t\t\t\t<\/a>\n\t\t\t\t\t\t\t\t\t\t\t<a class=\"post-share__dialog-item js-post-share-dialog-item\" href=\"https:\/\/www.facebook.com\/sharer\/sharer.php?u=https%3A%2F%2Fd66.nl%2Fhulst%2Fnieuws%2Fgeen-extraatje-voor-de-minima-politieke-onwil-wint-van-de-menselijke-maat\" target=\"_blank\" >\n\t\t\t\t\tFacebook<svg xmlns='http:\/\/www.w3.org\/2000\/svg' width='40' height='40' viewBox='0 0 40 40' fill='none'><path d='M24.107 15.865a1 1 0 0 1 1.266 1.265l-1.686 5.052a1 1 0 0 1-1.654.392l-3.37-3.37a1.001 1.001 0 0 1 .392-1.654l5.052-1.685Z' fill='currentColor'\/><path d='m21.763 19.475-5.657 5.657' stroke='currentColor' stroke-width='2' stroke-linecap='round' fill='none'\/><\/svg>\t\t\t\t<\/a>\n\t\t\t\t\t\t\t\t\t\t\t<a class=\"post-share__dialog-item js-post-share-dialog-item\" href=\"whatsapp:\/\/send?text=https%3A%2F%2Fd66.nl%2Fhulst%2Fnieuws%2Fgeen-extraatje-voor-de-minima-politieke-onwil-wint-van-de-menselijke-maat\" target=\"_blank\" >\n\t\t\t\t\tWhatsApp<svg xmlns='http:\/\/www.w3.org\/2000\/svg' width='40' height='40' viewBox='0 0 40 40' fill='none'><path d='M24.107 15.865a1 1 0 0 1 1.266 1.265l-1.686 5.052a1 1 0 0 1-1.654.392l-3.37-3.37a1.001 1.001 0 0 1 .392-1.654l5.052-1.685Z' fill='currentColor'\/><path d='m21.763 19.475-5.657 5.657' stroke='currentColor' stroke-width='2' stroke-linecap='round' fill='none'\/><\/svg>\t\t\t\t<\/a>\n\t\t\t\t\t\t\t\t\t\t\t<a class=\"post-share__dialog-item js-post-share-dialog-item\" href=\"https:\/\/x.com\/intent\/post?url=https%3A%2F%2Fd66.nl%2Fhulst%2Fnieuws%2Fgeen-extraatje-voor-de-minima-politieke-onwil-wint-van-de-menselijke-maat\" target=\"_blank\" >\n\t\t\t\t\tTwitter (X)<svg xmlns='http:\/\/www.w3.org\/2000\/svg' width='40' height='40' viewBox='0 0 40 40' fill='none'><path d='M24.107 15.865a1 1 0 0 1 1.266 1.265l-1.686 5.052a1 1 0 0 1-1.654.392l-3.37-3.37a1.001 1.001 0 0 1 .392-1.654l5.052-1.685Z' fill='currentColor'\/><path d='m21.763 19.475-5.657 5.657' stroke='currentColor' stroke-width='2' stroke-linecap='round' fill='none'\/><\/svg>\t\t\t\t<\/a>\n\t\t\t\t\t<\/div>\n\t<\/dialog>\n<\/div>\t\t\t<\/div>\n\t\t\t<div class=\"block-related-post-metadata__categories\">\n\t\t\t\t<div class=\"category-link__wrapper\">\n\t\t\t<div class=\"category-link__item\">\n\t\t\t<a href=\"https:\/\/d66.nl\/hulst\/category\/hulst\/\">\n\t\t\t\tHulst\t\t\t<\/a>\n\t\t<\/div>\n\t\t\t\t<div class=\"category-link__item\">\n\t\t\t<a href=\"https:\/\/d66.nl\/hulst\/search-tags\/werk-inkomen\/minima\/\">\n\t\t\t\tMinima\t\t\t<\/a>\n\t\t<\/div>\n\t\t<\/div>\t\t\t<\/div>\n\t\t<\/div>\n\t<\/div>\n<\/section>\n\t  <\/div>\n\t<\/div>\n  <\/div>\n\n\n<div\n  id=\"\"\n  class=\"wrapper wrapper__spacing-top-large---10 wrapper__spacing-bottom-large---10 wrapper__spacing-bottom-desktop--10 wrapper__spacing-bottom-mobile--10  wrapper__gutter--none\"\n  >\n  \t<div class=\"wrapper__container wrapper__container-width-large--default\">\n\t  <div class=\"wrapper__inner wrapper__width-large--18 wrapper__width-desktop--22 wrapper__width-mobile--24 wrapper__offset-large--6 wrapper__offset-desktop--2 wrapper__offset-mobile--0\">\n\t\t<section class=\"block-post-content\">\n\t<div class=\"block-post-content__title\">\n\t\t<h3 class=\"heading  heading__color--black heading__size--medium heading__font--sans heading__weight--bold  block-post-content__heading\" id=\"nav-2319\" data-nav-heading-mobile=\"\">\n\t<\/h3>\t<\/div>\n\t<div class=\"block-post-content__content\">\n\t\t\n<div\n  id=\"\"\n  class=\"wrapper  wrapper__spacing-bottom-large--30 wrapper__spacing-bottom-desktop--20  wrapper__gutter--none\"\n  >\n  \t<div class=\"wrapper__container wrapper__container-width-large--default\">\n\t  <div class=\"wrapper__inner wrapper__width-large--24 wrapper__width-mobile--24\">\n\t\t<p\n\t\tclass=\"paragraph paragraph__align--left paragraph__color--black paragraph__size--default   block-paragraph__paragraph\"\n\t\t\t>\n\t\tD66 Hulst stelde voor om een eenmalige bijdrage te verstrekken aan gezinnen en alleenstaanden met een bijstandsuitkering. De kosten voor de gemeente? Slechts <strong>twee euro per inwoner<\/strong>. In een tijd waarin de gemeente Hulst er financieel erg goed voorstaat, vonden wij dit een passend en bescheiden gebaar. Helaas dacht de rest van de raad daar anders over.<br><br><strong>Regels boven mensen<\/strong><br>De discussie in de raad werd gedomineerd door technische bezwaren en koudwatervrees. Waar D66 de menselijke maat centraal stelt, kozen andere partijen voor de veilige weg van bureaucreatie:\t<\/p>\t  <\/div>\n\t<\/div>\n  <\/div>\n\n\n<div\n  id=\"\"\n  class=\"wrapper wrapper__spacing-top-large---10 wrapper__spacing-bottom-large---10  wrapper__gutter--none\"\n  >\n  \t<div class=\"wrapper__container wrapper__container-width-large--default\">\n\t  <div class=\"wrapper__inner wrapper__width-large--24 wrapper__width-mobile--24\">\n\t\t\t<div class=\"block-lists  block-lists__color--black\">\n\t\t<p class=\"paragraph  paragraph__color--black paragraph__size--default\">\n\t\t\t<\/p><ul class=\"block-lists lists__lists lists__weight--medium lists__color--black lists__type--default\">\n\t<li><strong>&#8220;Geen cadeautjes&#8221;:<\/strong> Diverse partijen gaven aan tegen het &#8220;uitdelen van geld&#8221; of &#8220;schenkingen&#8221; te zijn. D66 ziet dit echter niet als een luxe extraatje, maar als noodzakelijke ondersteuning voor mensen die door de inflatie simpelweg niet meer rondkomen.<\/li><li><strong>Inkomenspolitiek:<\/strong> Wethouder Mangnus en enkele partijen schermden met het argument dat de gemeente geen \u2018inkomenspolitiek\u2019 mag voeren. Een juridisch schild dat volgens ons voorbijgaat aan de morele plicht die je als lokale overheid hebt. In andere Nederlandse gemeenten wordt een dergelijke regeling namelijk w\u00e9l succesvol uitgevoerd.<\/li><li><strong>De &#8220;ravijnjaren&#8221;:<\/strong> Er werd gewezen op onzekere financi\u00eble tijden in de toekomst. D66 Hulst is van mening dat we j\u00fa\u00edst nu, terwijl de kas goed gevuld is, onze inwoners niet in de kou moeten laten staan.<\/li><\/ul>\t<\/div>\n\t\t  <\/div>\n\t<\/div>\n  <\/div>\n\n\n<div\n  id=\"\"\n  class=\"wrapper  wrapper__spacing-bottom-large--30 wrapper__spacing-bottom-desktop--20  wrapper__gutter--none\"\n  >\n  \t<div class=\"wrapper__container wrapper__container-width-large--default\">\n\t  <div class=\"wrapper__inner wrapper__width-large--24 wrapper__width-mobile--24\">\n\t\t<p\n\t\tclass=\"paragraph paragraph__align--left paragraph__color--black paragraph__size--default   block-paragraph__paragraph\"\n\t\t\t>\n\t\t<strong>&#8220;Wie wil deze mensen \u00e9cht steunen?&#8221;<\/strong><br>Fractievoorzitter Pieter de Bruijn probeerde de raad nog te overtuigen door te wijzen op de eenvoud van het plan: <em>&#8220;Het betreft geen lastig uit te voeren regeling. De vraag is simpel: wil de raad deze mensen steunen of niet?&#8221;<\/em> Helaas bleek het antwoord van de andere partijen \u2014 ondanks suggesties over &#8220;samenwerking met ondernemers&#8221; of &#8220;betere voorbereiding&#8221; \u2014 in de praktijk een keihard \u2018nee\u2019. De motie werd met <strong>16 stemmen tegen en 3 stemmen voor<\/strong> (D66 en HulstPlus) verworpen.<br><br><strong>Hoe nu verder?<\/strong><br>D66 Hulst vindt het buitengewoon spijtig dat we dit kleine gebaar niet hebben kunnen realiseren voor de mensen die het het hardst nodig hebben. We laten ons echter niet uit het veld slaan. De strijd voor een socialer Hulst en een eerlijkere verdeling gaat door.<br><br>&#8220;<em>Bestaanszekerheid is geen gunst, maar een recht. Wij blijven knokken voor een gemeente die niet wegkijkt bij armoede.<\/em>&#8221; \u2013 Pieter de Bruijn<br><br>Wij danken HulstPlus voor de steun en blijven de vinger aan de pols houden bij het college. Onze inwoners verdienen een overheid die uitgaat van vertrouwen en solidariteit, ook als dat niet precies binnen de standaard hokjes past.<br><br><strong>Wil je met ons meedenken over hoe we armoede in Hulst \u00e9cht effectief kunnen bestrijden? Laat van je horen en stuur ons een bericht!<\/strong><br><br><a href=\"https:\/\/d66.nl\/hulst\/nieuws\/geen-inwoner-tussen-wal-en-schip-d66-hulst-pleit-voor-extra-steun-bij-de-laagste-inkomens\/\">Lees hier het originele bericht over onze motie.<\/a>\t<\/p>\t  <\/div>\n\t<\/div>\n  <\/div>\n\n\t<\/div>\n\n\t<div class=\"block-post-content__sidebar\">\n\t\t\n\t\t\n\t\t\t<\/div>\n<\/section>\n\t  <\/div>\n\t<\/div>\n  <\/div>\n","protected":false},"excerpt":{"rendered":"","protected":false},"author":414,"featured_media":803,"comment_status":"open","ping_status":"open","sticky":false,"template":"","format":"standard","meta":{"_acf_changed":false,"footnotes":""},"categories":[33],"search-tags":[43],"labels":[],"class_list":["post-2351","post","type-post","status-publish","format-standard","has-post-thumbnail","hentry","category-hulst","search-tags-minima"],"acf":[],"yoast_head":"<!-- This site is optimized with the Yoast SEO plugin v27.3 - https:\/\/yoast.com\/product\/yoast-seo-wordpress\/ -->\n<title>D66 Hulst &#8212; Geen extraatje voor de minima: Politieke onwil wint van de menselijke maat<\/title>\n<meta name=\"robots\" content=\"index, follow, max-snippet:-1, max-image-preview:large, max-video-preview:-1\" \/>\n<link rel=\"canonical\" href=\"https:\/\/d66.nl\/hulst\/nieuws\/geen-extraatje-voor-de-minima-politieke-onwil-wint-van-de-menselijke-maat\" \/>\n<meta property=\"og:locale\" content=\"nl_NL\" \/>\n<meta property=\"og:type\" content=\"article\" \/>\n<meta property=\"og:title\" content=\"D66 Hulst &#8212; Geen extraatje voor de minima: Politieke onwil wint van de menselijke maat\" \/>\n<meta property=\"og:url\" content=\"https:\/\/d66.nl\/hulst\/nieuws\/geen-extraatje-voor-de-minima-politieke-onwil-wint-van-de-menselijke-maat\/\" \/>\n<meta property=\"og:site_name\" content=\"D66 Hulst\" \/>\n<meta property=\"article:published_time\" content=\"2023-11-10T19:25:00+00:00\" \/>\n<meta property=\"article:modified_time\" content=\"2026-02-02T19:33:04+00:00\" \/>\n<meta property=\"og:image\" content=\"https:\/\/d66.nl\/hulst\/wp-content\/uploads\/sites\/208\/2022\/03\/PXL_20220306_232435290.MP_-scaled.jpg\" \/>\n\t<meta property=\"og:image:width\" content=\"1920\" \/>\n\t<meta property=\"og:image:height\" content=\"2560\" \/>\n\t<meta property=\"og:image:type\" content=\"image\/jpeg\" \/>\n<meta name=\"author\" content=\"pieter\" \/>\n<meta name=\"twitter:card\" content=\"summary_large_image\" \/>\n<meta name=\"twitter:label1\" content=\"Geschreven door\" \/>\n\t<meta name=\"twitter:data1\" content=\"pieter\" \/>\n\t<meta name=\"twitter:label2\" content=\"Geschatte leestijd\" \/>\n\t<meta name=\"twitter:data2\" content=\"1 minuut\" \/>\n<script type=\"application\/ld+json\" class=\"yoast-schema-graph\">{\"@context\":\"https:\\\/\\\/schema.org\",\"@graph\":[{\"@type\":\"Article\",\"@id\":\"https:\\\/\\\/d66.nl\\\/hulst\\\/nieuws\\\/geen-extraatje-voor-de-minima-politieke-onwil-wint-van-de-menselijke-maat\\\/#article\",\"isPartOf\":{\"@id\":\"https:\\\/\\\/d66.nl\\\/hulst\\\/nieuws\\\/geen-extraatje-voor-de-minima-politieke-onwil-wint-van-de-menselijke-maat\\\/\"},\"author\":{\"name\":\"pieter\",\"@id\":\"https:\\\/\\\/d66.nl\\\/hulst\\\/#\\\/schema\\\/person\\\/6f835ec8e7a9e279dfb17322dcd02573\"},\"headline\":\"Geen extraatje voor de minima: Politieke onwil wint van de menselijke maat\",\"datePublished\":\"2023-11-10T19:25:00+00:00\",\"dateModified\":\"2026-02-02T19:33:04+00:00\",\"mainEntityOfPage\":{\"@id\":\"https:\\\/\\\/d66.nl\\\/hulst\\\/nieuws\\\/geen-extraatje-voor-de-minima-politieke-onwil-wint-van-de-menselijke-maat\\\/\"},\"wordCount\":12,\"commentCount\":0,\"publisher\":{\"@id\":\"https:\\\/\\\/d66.nl\\\/hulst\\\/#organization\"},\"image\":{\"@id\":\"https:\\\/\\\/d66.nl\\\/hulst\\\/nieuws\\\/geen-extraatje-voor-de-minima-politieke-onwil-wint-van-de-menselijke-maat\\\/#primaryimage\"},\"thumbnailUrl\":\"https:\\\/\\\/d66.nl\\\/hulst\\\/wp-content\\\/uploads\\\/sites\\\/208\\\/2022\\\/03\\\/PXL_20220306_232435290.MP_-scaled.jpg\",\"articleSection\":[\"Hulst\"],\"inLanguage\":\"nl-NL\",\"potentialAction\":[{\"@type\":\"CommentAction\",\"name\":\"Comment\",\"target\":[\"https:\\\/\\\/d66.nl\\\/hulst\\\/nieuws\\\/geen-extraatje-voor-de-minima-politieke-onwil-wint-van-de-menselijke-maat\\\/#respond\"]}]},{\"@type\":\"WebPage\",\"@id\":\"https:\\\/\\\/d66.nl\\\/hulst\\\/nieuws\\\/geen-extraatje-voor-de-minima-politieke-onwil-wint-van-de-menselijke-maat\\\/\",\"url\":\"https:\\\/\\\/d66.nl\\\/hulst\\\/nieuws\\\/geen-extraatje-voor-de-minima-politieke-onwil-wint-van-de-menselijke-maat\\\/\",\"name\":\"D66 Hulst &#8212; Geen extraatje voor de minima: Politieke onwil wint van de menselijke maat\",\"isPartOf\":{\"@id\":\"https:\\\/\\\/d66.nl\\\/hulst\\\/#website\"},\"primaryImageOfPage\":{\"@id\":\"https:\\\/\\\/d66.nl\\\/hulst\\\/nieuws\\\/geen-extraatje-voor-de-minima-politieke-onwil-wint-van-de-menselijke-maat\\\/#primaryimage\"},\"image\":{\"@id\":\"https:\\\/\\\/d66.nl\\\/hulst\\\/nieuws\\\/geen-extraatje-voor-de-minima-politieke-onwil-wint-van-de-menselijke-maat\\\/#primaryimage\"},\"thumbnailUrl\":\"https:\\\/\\\/d66.nl\\\/hulst\\\/wp-content\\\/uploads\\\/sites\\\/208\\\/2022\\\/03\\\/PXL_20220306_232435290.MP_-scaled.jpg\",\"datePublished\":\"2023-11-10T19:25:00+00:00\",\"dateModified\":\"2026-02-02T19:33:04+00:00\",\"breadcrumb\":{\"@id\":\"https:\\\/\\\/d66.nl\\\/hulst\\\/nieuws\\\/geen-extraatje-voor-de-minima-politieke-onwil-wint-van-de-menselijke-maat\\\/#breadcrumb\"},\"inLanguage\":\"nl-NL\",\"potentialAction\":[{\"@type\":\"ReadAction\",\"target\":[\"https:\\\/\\\/d66.nl\\\/hulst\\\/nieuws\\\/geen-extraatje-voor-de-minima-politieke-onwil-wint-van-de-menselijke-maat\\\/\"]}]},{\"@type\":\"ImageObject\",\"inLanguage\":\"nl-NL\",\"@id\":\"https:\\\/\\\/d66.nl\\\/hulst\\\/nieuws\\\/geen-extraatje-voor-de-minima-politieke-onwil-wint-van-de-menselijke-maat\\\/#primaryimage\",\"url\":\"https:\\\/\\\/d66.nl\\\/hulst\\\/wp-content\\\/uploads\\\/sites\\\/208\\\/2022\\\/03\\\/PXL_20220306_232435290.MP_-scaled.jpg\",\"contentUrl\":\"https:\\\/\\\/d66.nl\\\/hulst\\\/wp-content\\\/uploads\\\/sites\\\/208\\\/2022\\\/03\\\/PXL_20220306_232435290.MP_-scaled.jpg\",\"width\":1920,\"height\":2560,\"caption\":\"Financi\u00ebn\"},{\"@type\":\"BreadcrumbList\",\"@id\":\"https:\\\/\\\/d66.nl\\\/hulst\\\/nieuws\\\/geen-extraatje-voor-de-minima-politieke-onwil-wint-van-de-menselijke-maat\\\/#breadcrumb\",\"itemListElement\":[{\"@type\":\"ListItem\",\"position\":1,\"name\":\"Home\",\"item\":\"https:\\\/\\\/d66.nl\\\/hulst\\\/\"},{\"@type\":\"ListItem\",\"position\":2,\"name\":\"Nieuws\",\"item\":\"https:\\\/\\\/d66.nl\\\/hulst\\\/nieuws\\\/\"},{\"@type\":\"ListItem\",\"position\":3,\"name\":\"Geen extraatje voor de minima: Politieke onwil wint van de menselijke maat\"}]},{\"@type\":\"WebSite\",\"@id\":\"https:\\\/\\\/d66.nl\\\/hulst\\\/#website\",\"url\":\"https:\\\/\\\/d66.nl\\\/hulst\\\/\",\"name\":\"D66 Hulst\",\"description\":\"Just another D66 Sites site\",\"publisher\":{\"@id\":\"https:\\\/\\\/d66.nl\\\/hulst\\\/#organization\"},\"potentialAction\":[{\"@type\":\"SearchAction\",\"target\":{\"@type\":\"EntryPoint\",\"urlTemplate\":\"https:\\\/\\\/d66.nl\\\/hulst\\\/?s={search_term_string}\"},\"query-input\":{\"@type\":\"PropertyValueSpecification\",\"valueRequired\":true,\"valueName\":\"search_term_string\"}}],\"inLanguage\":\"nl-NL\"},{\"@type\":\"Organization\",\"@id\":\"https:\\\/\\\/d66.nl\\\/hulst\\\/#organization\",\"name\":\"D66\",\"url\":\"https:\\\/\\\/d66.nl\\\/hulst\\\/\",\"logo\":{\"@type\":\"ImageObject\",\"inLanguage\":\"nl-NL\",\"@id\":\"https:\\\/\\\/d66.nl\\\/hulst\\\/#\\\/schema\\\/logo\\\/image\\\/\",\"url\":\"https:\\\/\\\/d66.nl\\\/hulst\\\/wp-content\\\/uploads\\\/sites\\\/2\\\/2021\\\/10\\\/d66-themas-algemeen-og.png\",\"contentUrl\":\"https:\\\/\\\/d66.nl\\\/hulst\\\/wp-content\\\/uploads\\\/sites\\\/2\\\/2021\\\/10\\\/d66-themas-algemeen-og.png\",\"width\":1200,\"height\":628,\"caption\":\"D66\"},\"image\":{\"@id\":\"https:\\\/\\\/d66.nl\\\/hulst\\\/#\\\/schema\\\/logo\\\/image\\\/\"}},{\"@type\":\"Person\",\"@id\":\"https:\\\/\\\/d66.nl\\\/hulst\\\/#\\\/schema\\\/person\\\/6f835ec8e7a9e279dfb17322dcd02573\",\"name\":\"pieter\",\"image\":{\"@type\":\"ImageObject\",\"inLanguage\":\"nl-NL\",\"@id\":\"https:\\\/\\\/secure.gravatar.com\\\/avatar\\\/00bcf4b02ea5c9a398c564f46d6d37f7c82ead6440b94864d4f6a8e1e5757999?s=96&d=mm&r=g\",\"url\":\"https:\\\/\\\/secure.gravatar.com\\\/avatar\\\/00bcf4b02ea5c9a398c564f46d6d37f7c82ead6440b94864d4f6a8e1e5757999?s=96&d=mm&r=g\",\"contentUrl\":\"https:\\\/\\\/secure.gravatar.com\\\/avatar\\\/00bcf4b02ea5c9a398c564f46d6d37f7c82ead6440b94864d4f6a8e1e5757999?s=96&d=mm&r=g\",\"caption\":\"pieter\"}}]}<\/script>\n<!-- \/ Yoast SEO plugin. -->","yoast_head_json":{"title":"D66 Hulst &#8212; Geen extraatje voor de minima: Politieke onwil wint van de menselijke maat","robots":{"index":"index","follow":"follow","max-snippet":"max-snippet:-1","max-image-preview":"max-image-preview:large","max-video-preview":"max-video-preview:-1"},"canonical":"https:\/\/d66.nl\/hulst\/nieuws\/geen-extraatje-voor-de-minima-politieke-onwil-wint-van-de-menselijke-maat","og_locale":"nl_NL","og_type":"article","og_title":"D66 Hulst &#8212; Geen extraatje voor de minima: Politieke onwil wint van de menselijke maat","og_url":"https:\/\/d66.nl\/hulst\/nieuws\/geen-extraatje-voor-de-minima-politieke-onwil-wint-van-de-menselijke-maat\/","og_site_name":"D66 Hulst","article_published_time":"2023-11-10T19:25:00+00:00","article_modified_time":"2026-02-02T19:33:04+00:00","og_image":[{"width":1920,"height":2560,"url":"https:\/\/d66.nl\/hulst\/wp-content\/uploads\/sites\/208\/2022\/03\/PXL_20220306_232435290.MP_-scaled.jpg","type":"image\/jpeg"}],"author":"pieter","twitter_card":"summary_large_image","twitter_misc":{"Geschreven door":"pieter","Geschatte leestijd":"1 minuut"},"schema":{"@context":"https:\/\/schema.org","@graph":[{"@type":"Article","@id":"https:\/\/d66.nl\/hulst\/nieuws\/geen-extraatje-voor-de-minima-politieke-onwil-wint-van-de-menselijke-maat\/#article","isPartOf":{"@id":"https:\/\/d66.nl\/hulst\/nieuws\/geen-extraatje-voor-de-minima-politieke-onwil-wint-van-de-menselijke-maat\/"},"author":{"name":"pieter","@id":"https:\/\/d66.nl\/hulst\/#\/schema\/person\/6f835ec8e7a9e279dfb17322dcd02573"},"headline":"Geen extraatje voor de minima: Politieke onwil wint van de menselijke maat","datePublished":"2023-11-10T19:25:00+00:00","dateModified":"2026-02-02T19:33:04+00:00","mainEntityOfPage":{"@id":"https:\/\/d66.nl\/hulst\/nieuws\/geen-extraatje-voor-de-minima-politieke-onwil-wint-van-de-menselijke-maat\/"},"wordCount":12,"commentCount":0,"publisher":{"@id":"https:\/\/d66.nl\/hulst\/#organization"},"image":{"@id":"https:\/\/d66.nl\/hulst\/nieuws\/geen-extraatje-voor-de-minima-politieke-onwil-wint-van-de-menselijke-maat\/#primaryimage"},"thumbnailUrl":"https:\/\/d66.nl\/hulst\/wp-content\/uploads\/sites\/208\/2022\/03\/PXL_20220306_232435290.MP_-scaled.jpg","articleSection":["Hulst"],"inLanguage":"nl-NL","potentialAction":[{"@type":"CommentAction","name":"Comment","target":["https:\/\/d66.nl\/hulst\/nieuws\/geen-extraatje-voor-de-minima-politieke-onwil-wint-van-de-menselijke-maat\/#respond"]}]},{"@type":"WebPage","@id":"https:\/\/d66.nl\/hulst\/nieuws\/geen-extraatje-voor-de-minima-politieke-onwil-wint-van-de-menselijke-maat\/","url":"https:\/\/d66.nl\/hulst\/nieuws\/geen-extraatje-voor-de-minima-politieke-onwil-wint-van-de-menselijke-maat\/","name":"D66 Hulst &#8212; Geen extraatje voor de minima: Politieke onwil wint van de menselijke maat","isPartOf":{"@id":"https:\/\/d66.nl\/hulst\/#website"},"primaryImageOfPage":{"@id":"https:\/\/d66.nl\/hulst\/nieuws\/geen-extraatje-voor-de-minima-politieke-onwil-wint-van-de-menselijke-maat\/#primaryimage"},"image":{"@id":"https:\/\/d66.nl\/hulst\/nieuws\/geen-extraatje-voor-de-minima-politieke-onwil-wint-van-de-menselijke-maat\/#primaryimage"},"thumbnailUrl":"https:\/\/d66.nl\/hulst\/wp-content\/uploads\/sites\/208\/2022\/03\/PXL_20220306_232435290.MP_-scaled.jpg","datePublished":"2023-11-10T19:25:00+00:00","dateModified":"2026-02-02T19:33:04+00:00","breadcrumb":{"@id":"https:\/\/d66.nl\/hulst\/nieuws\/geen-extraatje-voor-de-minima-politieke-onwil-wint-van-de-menselijke-maat\/#breadcrumb"},"inLanguage":"nl-NL","potentialAction":[{"@type":"ReadAction","target":["https:\/\/d66.nl\/hulst\/nieuws\/geen-extraatje-voor-de-minima-politieke-onwil-wint-van-de-menselijke-maat\/"]}]},{"@type":"ImageObject","inLanguage":"nl-NL","@id":"https:\/\/d66.nl\/hulst\/nieuws\/geen-extraatje-voor-de-minima-politieke-onwil-wint-van-de-menselijke-maat\/#primaryimage","url":"https:\/\/d66.nl\/hulst\/wp-content\/uploads\/sites\/208\/2022\/03\/PXL_20220306_232435290.MP_-scaled.jpg","contentUrl":"https:\/\/d66.nl\/hulst\/wp-content\/uploads\/sites\/208\/2022\/03\/PXL_20220306_232435290.MP_-scaled.jpg","width":1920,"height":2560,"caption":"Financi\u00ebn"},{"@type":"BreadcrumbList","@id":"https:\/\/d66.nl\/hulst\/nieuws\/geen-extraatje-voor-de-minima-politieke-onwil-wint-van-de-menselijke-maat\/#breadcrumb","itemListElement":[{"@type":"ListItem","position":1,"name":"Home","item":"https:\/\/d66.nl\/hulst\/"},{"@type":"ListItem","position":2,"name":"Nieuws","item":"https:\/\/d66.nl\/hulst\/nieuws\/"},{"@type":"ListItem","position":3,"name":"Geen extraatje voor de minima: Politieke onwil wint van de menselijke maat"}]},{"@type":"WebSite","@id":"https:\/\/d66.nl\/hulst\/#website","url":"https:\/\/d66.nl\/hulst\/","name":"D66 Hulst","description":"Just another D66 Sites site","publisher":{"@id":"https:\/\/d66.nl\/hulst\/#organization"},"potentialAction":[{"@type":"SearchAction","target":{"@type":"EntryPoint","urlTemplate":"https:\/\/d66.nl\/hulst\/?s={search_term_string}"},"query-input":{"@type":"PropertyValueSpecification","valueRequired":true,"valueName":"search_term_string"}}],"inLanguage":"nl-NL"},{"@type":"Organization","@id":"https:\/\/d66.nl\/hulst\/#organization","name":"D66","url":"https:\/\/d66.nl\/hulst\/","logo":{"@type":"ImageObject","inLanguage":"nl-NL","@id":"https:\/\/d66.nl\/hulst\/#\/schema\/logo\/image\/","url":"https:\/\/d66.nl\/hulst\/wp-content\/uploads\/sites\/2\/2021\/10\/d66-themas-algemeen-og.png","contentUrl":"https:\/\/d66.nl\/hulst\/wp-content\/uploads\/sites\/2\/2021\/10\/d66-themas-algemeen-og.png","width":1200,"height":628,"caption":"D66"},"image":{"@id":"https:\/\/d66.nl\/hulst\/#\/schema\/logo\/image\/"}},{"@type":"Person","@id":"https:\/\/d66.nl\/hulst\/#\/schema\/person\/6f835ec8e7a9e279dfb17322dcd02573","name":"pieter","image":{"@type":"ImageObject","inLanguage":"nl-NL","@id":"https:\/\/secure.gravatar.com\/avatar\/00bcf4b02ea5c9a398c564f46d6d37f7c82ead6440b94864d4f6a8e1e5757999?s=96&d=mm&r=g","url":"https:\/\/secure.gravatar.com\/avatar\/00bcf4b02ea5c9a398c564f46d6d37f7c82ead6440b94864d4f6a8e1e5757999?s=96&d=mm&r=g","contentUrl":"https:\/\/secure.gravatar.com\/avatar\/00bcf4b02ea5c9a398c564f46d6d37f7c82ead6440b94864d4f6a8e1e5757999?s=96&d=mm&r=g","caption":"pieter"}}]}},"_links":{"self":[{"href":"https:\/\/d66.nl\/hulst\/wp-json\/wp\/v2\/posts\/2351","targetHints":{"allow":["GET"]}}],"collection":[{"href":"https:\/\/d66.nl\/hulst\/wp-json\/wp\/v2\/posts"}],"about":[{"href":"https:\/\/d66.nl\/hulst\/wp-json\/wp\/v2\/types\/post"}],"author":[{"embeddable":true,"href":"https:\/\/d66.nl\/hulst\/wp-json\/wp\/v2\/users\/414"}],"replies":[{"embeddable":true,"href":"https:\/\/d66.nl\/hulst\/wp-json\/wp\/v2\/comments?post=2351"}],"version-history":[{"count":2,"href":"https:\/\/d66.nl\/hulst\/wp-json\/wp\/v2\/posts\/2351\/revisions"}],"predecessor-version":[{"id":2353,"href":"https:\/\/d66.nl\/hulst\/wp-json\/wp\/v2\/posts\/2351\/revisions\/2353"}],"wp:featuredmedia":[{"embeddable":true,"href":"https:\/\/d66.nl\/hulst\/wp-json\/wp\/v2\/media\/803"}],"wp:attachment":[{"href":"https:\/\/d66.nl\/hulst\/wp-json\/wp\/v2\/media?parent=2351"}],"wp:term":[{"taxonomy":"category","embeddable":true,"href":"https:\/\/d66.nl\/hulst\/wp-json\/wp\/v2\/categories?post=2351"},{"taxonomy":"search-tags","embeddable":true,"href":"https:\/\/d66.nl\/hulst\/wp-json\/wp\/v2\/search-tags?post=2351"},{"taxonomy":"labels","embeddable":true,"href":"https:\/\/d66.nl\/hulst\/wp-json\/wp\/v2\/labels?post=2351"}],"curies":[{"name":"wp","href":"https:\/\/api.w.org\/{rel}","templated":true}]}}