{"id":681,"date":"2025-09-05T09:43:15","date_gmt":"2025-09-05T09:43:15","guid":{"rendered":"https:\/\/d66.nl\/hengelo\/nieuws\/"},"modified":"2025-09-05T15:16:31","modified_gmt":"2025-09-05T15:16:31","slug":"annemieke-traag-nieuwe-wethouder","status":"publish","type":"post","link":"https:\/\/d66.nl\/hengelo\/nieuws\/annemieke-traag-nieuwe-wethouder","title":{"rendered":"Annemieke Traag nieuwe wethouder"},"content":{"rendered":"<div\n  id=\"\"\n  class=\"wrapper  wrapper__spacing-bottom-large--50 wrapper__spacing-bottom-desktop--66 wrapper__spacing-bottom-mobile--76  wrapper__gutter--none\"\n  >\n  \t<div class=\"wrapper__container wrapper__container-width-large--default\">\n\t  <div class=\"wrapper__inner wrapper__width-large--14 wrapper__width-desktop--20 wrapper__width-mobile--24 wrapper__offset-large--6 wrapper__offset-desktop--4 wrapper__offset-mobile--0\">\n\t\t<h1 class=\"heading   heading__size--giant heading__font--serif heading__weight--regular  block-heading__heading\" id=\"nav-annemieke-traag-nieuwe-wethouder6572\"  data-nav-heading-mobile=\"Annemieke Traag nieuwe wethouder\" >\n\tAnnemieke Traag nieuwe wethouder<\/h1>\t  <\/div>\n\t<\/div>\n  <\/div>\n\n\n<div\n  id=\"\"\n  class=\"wrapper  wrapper__spacing-bottom-large--50 wrapper__spacing-bottom-mobile--40  wrapper__gutter--none\"\n  >\n  \t<div class=\"wrapper__container wrapper__container-width-large--default\">\n\t  <div class=\"wrapper__inner wrapper__width-large--13 wrapper__width-desktop--22 wrapper__width-mobile--24 wrapper__offset-large--6 wrapper__offset-desktop--2 wrapper__offset-mobile--0\">\n\t\t<p\n\t\tclass=\"paragraph   paragraph__size--big   block-paragraph__paragraph\"\n\t\t\t>\n\t\tAnnemieke Traag volgt Claudio Bruggink op als D66 wethouder in Hengelo.<br>Claudio Bruggink wordt per 1 oktober bestuurder van scholengemeenschap Reggesteyn en is 9,5 jaar wethouder geweest in Hengelo.<br><br>Annemieke Traag zal zijn taken overnemen tot er na de gemeenteraadsverkiezingen volgend jaar een nieuw college wordt gevormd.\t<\/p>\t  <\/div>\n\t<\/div>\n  <\/div>\n\n\n<div\n  id=\"\"\n  class=\"wrapper  wrapper__spacing-bottom-large--30 wrapper__spacing-bottom-desktop--20 wrapper__spacing-bottom-mobile--10  wrapper__gutter--none\"\n  >\n  \t<div class=\"wrapper__container wrapper__container-width-large--default\">\n\t  <div class=\"wrapper__inner wrapper__width-large--14 wrapper__width-desktop--24 wrapper__width-mobile--24 wrapper__offset-large--6 wrapper__offset-desktop--2 wrapper__offset-mobile--0\">\n\t\t<section class=\"block-related-post-metadata js-block-related-post-metadata\">\n\t<div class=\"block-related-post-metadata__content-wrapper\">\n\t\t<div class=\"block-related-post-metadata__persons\">\n\t\t\t<div class=\"related-person-info__wrapper\">\n\t\t\t<div class=\"related-person-info__item related-person-info__color--skyBlue\">\n\t\t\t<a class=\"related-person-info__link\" href=\"https:\/\/d66.nl\/hengelo\/mensen\/annemieke-traag\/\">\n\t\t\t\t<div class=\"related-person-info__image_container\">\n\t\t\t\t<img loading=\"lazy\" decoding=\"async\" width=\"150\" height=\"150\" src=\"https:\/\/media.d66.nl\/uploads\/sites\/217\/2026\/01\/IMG_1089-150x150.jpg\" class=\"related-person-info__image\" alt=\"Portret Annemieke Traag\" \/>\t\t\t\t<\/div>\n\t\t\t\t<div class=\"related-person-info__meta\">\n\t\t\t\t\t\t\t\t\t<header class=\"related-person-info__header\">\n\t\t\t\t\t\t<h3 class=\"heading   heading__size--small heading__font--sans heading__weight--bold\" id=\"nav-annemieke-traag7619\">\n\tAnnemieke Traag<\/h3>\t\t\t\t\t<\/header>\n\t\t\t\t\t\t\t\t\t\t\t\t\t<div class=\"related-person-info__description\">\n\t\t\t\t\t\t<p class=\"paragraph   paragraph__size--small paragraph__weight--normal\">\n\t\tWethouder en kandidaat raadslid\t<\/p>\t\t\t\t\t<\/div>\n\t\t\t\t\t\t\t\t<\/div>\n\t\t\t<\/a>\n\t\t<\/div>\n\t\t<\/div>\t\t<\/div>\n\t\t<div class=\"block-related-post-metadata__meta\">\n\t\t\t<div class=\"block-related-post-metadata__date\">\n\t\t\t\t05.09.2025<div class=\"post-share js-post-share rs_skip_always\">\n\t<button class=\"post-share__share-button js-post-share-share-button\">\n\t\tShare\t\t<svg xmlns='http:\/\/www.w3.org\/2000\/svg' width='100px' height='100px' viewBox='0 0 24 24' fill='none'><path d='m8.684 10.658 6.629-3.314m.003 9.314-6.622-3.311M21 6a3 3 0 1 1-6 0 3 3 0 0 1 6 0ZM9 12a3 3 0 1 1-6 0 3 3 0 0 1 6 0Zm12 6a3 3 0 1 1-6 0 3 3 0 0 1 6 0Z' stroke='currentColor' stroke-width='1.5' fill='none'\/><\/svg>\t<\/button>\n\t<dialog class=\"post-share__dialog js-post-share-dialog\" aria-hidden=\"true\">\n\t\t<div class=\"post-share__dialog-header\">\n\t\t\tShare this post\t\t\t<button class=\"post-share__dialog-close js-post-share-dialog-close\">\n\t\t\t\t<svg xmlns='http:\/\/www.w3.org\/2000\/svg' width='150' height='150' viewBox='0 0 150 150' fill='none'><path d='M44.103 105.897 75 75m30.898-30.898L75 75m0 0L44.103 44.102M75 75l30.898 30.897' stroke='currentColor' stroke-width='5' fill='none'\/><\/svg>\t\t\t<\/button>\n\t\t<\/div>\n\t\t<div class=\"post-share__dialog-socials\">\n\t\t\t\t\t\t\t\t\t\t\t<a class=\"post-share__dialog-item js-post-share-dialog-item\" href=\"#\" target=\"_blank\" data-copy=&quot;true&quot;>\n\t\t\t\t\tKopier link<svg xmlns='http:\/\/www.w3.org\/2000\/svg' width='150' height='150' viewBox='0 0 150 150' fill='none'><path d='M67.468 108.679c-8.533-.512-14.164-3.583-17.407-9.983-3.242-6.314-2.815-12.713 1.195-18.6 1.706-2.56 3.584-5.035 5.46-7.594 1.537-2.048 3.584-2.475 5.462-1.195 2.047 1.45 2.389 3.498.938 5.632-1.706 2.474-3.584 4.948-5.29 7.423-3.242 4.778-2.304 11.092 2.133 14.334 4.864 3.584 11.092 2.731 14.761-1.962 1.963-2.475 3.754-5.12 5.632-7.68 1.194-1.535 2.645-2.218 4.607-1.28 1.792.854 2.645 2.39 2.304 4.267 0 .17 0 .427-.17.597-3.67 5.12-6.4 11.178-12.544 13.993-2.56 1.195-5.46 1.707-6.996 2.219l-.085-.171Z' fill='currentColor'\/><path d='M86.921 44.6c6.144.257 11.605 3.328 14.932 9.728 3.328 6.399 2.816 12.798-1.109 18.856-1.621 2.56-3.498 4.95-5.29 7.424-1.707 2.303-3.754 2.815-5.717 1.45-2.048-1.45-2.304-3.669-.597-6.058 1.621-2.304 3.328-4.608 4.949-6.911 3.498-4.95 2.56-11.348-2.133-14.761-4.779-3.499-11.178-2.475-14.847 2.56-1.792 2.388-3.498 4.863-5.205 7.252-1.62 2.218-3.583 2.56-5.546 1.11-1.877-1.366-2.218-3.414-.768-5.462 2.048-2.986 4.01-5.972 6.314-8.703 3.67-4.351 8.448-6.399 15.103-6.399l-.086-.085Z' fill='currentColor'\/><path d='M71.478 88.457c-3.498-.341-5.46-3.413-3.754-6.143 3.327-5.29 6.825-10.495 10.324-15.7 1.45-2.133 3.413-2.389 5.46-1.109 1.878 1.28 2.219 3.413.854 5.546-3.328 5.034-6.57 9.983-9.983 14.932-.683 1.024-1.963 1.621-2.901 2.389v.085Z' fill='currentColor'\/><\/svg>\t\t\t\t<\/a>\n\t\t\t\t\t\t\t\t\t\t\t<a class=\"post-share__dialog-item js-post-share-dialog-item\" href=\"mailto:?to=%20&amp;body=https%3A%2F%2Fd66.nl%2Fhengelo%2Fnieuws%2Fannemieke-traag-nieuwe-wethouder\" target=\"_blank\" >\n\t\t\t\t\tMail<svg xmlns='http:\/\/www.w3.org\/2000\/svg' width='40' height='40' viewBox='0 0 40 40' fill='none'><path d='M24.107 15.865a1 1 0 0 1 1.266 1.265l-1.686 5.052a1 1 0 0 1-1.654.392l-3.37-3.37a1.001 1.001 0 0 1 .392-1.654l5.052-1.685Z' fill='currentColor'\/><path d='m21.763 19.475-5.657 5.657' stroke='currentColor' stroke-width='2' stroke-linecap='round' fill='none'\/><\/svg>\t\t\t\t<\/a>\n\t\t\t\t\t\t\t\t\t\t\t<a class=\"post-share__dialog-item js-post-share-dialog-item\" href=\"https:\/\/www.linkedin.com\/sharing\/share-offsite\/?url=https%3A%2F%2Fd66.nl%2Fhengelo%2Fnieuws%2Fannemieke-traag-nieuwe-wethouder\" target=\"_blank\" >\n\t\t\t\t\tLinkedIn<svg xmlns='http:\/\/www.w3.org\/2000\/svg' width='40' height='40' viewBox='0 0 40 40' fill='none'><path d='M24.107 15.865a1 1 0 0 1 1.266 1.265l-1.686 5.052a1 1 0 0 1-1.654.392l-3.37-3.37a1.001 1.001 0 0 1 .392-1.654l5.052-1.685Z' fill='currentColor'\/><path d='m21.763 19.475-5.657 5.657' stroke='currentColor' stroke-width='2' stroke-linecap='round' fill='none'\/><\/svg>\t\t\t\t<\/a>\n\t\t\t\t\t\t\t\t\t\t\t<a class=\"post-share__dialog-item js-post-share-dialog-item\" href=\"https:\/\/www.facebook.com\/sharer\/sharer.php?u=https%3A%2F%2Fd66.nl%2Fhengelo%2Fnieuws%2Fannemieke-traag-nieuwe-wethouder\" target=\"_blank\" >\n\t\t\t\t\tFacebook<svg xmlns='http:\/\/www.w3.org\/2000\/svg' width='40' height='40' viewBox='0 0 40 40' fill='none'><path d='M24.107 15.865a1 1 0 0 1 1.266 1.265l-1.686 5.052a1 1 0 0 1-1.654.392l-3.37-3.37a1.001 1.001 0 0 1 .392-1.654l5.052-1.685Z' fill='currentColor'\/><path d='m21.763 19.475-5.657 5.657' stroke='currentColor' stroke-width='2' stroke-linecap='round' fill='none'\/><\/svg>\t\t\t\t<\/a>\n\t\t\t\t\t\t\t\t\t\t\t<a class=\"post-share__dialog-item js-post-share-dialog-item\" href=\"whatsapp:\/\/send?text=https%3A%2F%2Fd66.nl%2Fhengelo%2Fnieuws%2Fannemieke-traag-nieuwe-wethouder\" target=\"_blank\" >\n\t\t\t\t\tWhatsApp<svg xmlns='http:\/\/www.w3.org\/2000\/svg' width='40' height='40' viewBox='0 0 40 40' fill='none'><path d='M24.107 15.865a1 1 0 0 1 1.266 1.265l-1.686 5.052a1 1 0 0 1-1.654.392l-3.37-3.37a1.001 1.001 0 0 1 .392-1.654l5.052-1.685Z' fill='currentColor'\/><path d='m21.763 19.475-5.657 5.657' stroke='currentColor' stroke-width='2' stroke-linecap='round' fill='none'\/><\/svg>\t\t\t\t<\/a>\n\t\t\t\t\t\t\t\t\t\t\t<a class=\"post-share__dialog-item js-post-share-dialog-item\" href=\"https:\/\/x.com\/intent\/post?url=https%3A%2F%2Fd66.nl%2Fhengelo%2Fnieuws%2Fannemieke-traag-nieuwe-wethouder\" target=\"_blank\" >\n\t\t\t\t\tTwitter (X)<svg xmlns='http:\/\/www.w3.org\/2000\/svg' width='40' height='40' viewBox='0 0 40 40' fill='none'><path d='M24.107 15.865a1 1 0 0 1 1.266 1.265l-1.686 5.052a1 1 0 0 1-1.654.392l-3.37-3.37a1.001 1.001 0 0 1 .392-1.654l5.052-1.685Z' fill='currentColor'\/><path d='m21.763 19.475-5.657 5.657' stroke='currentColor' stroke-width='2' stroke-linecap='round' fill='none'\/><\/svg>\t\t\t\t<\/a>\n\t\t\t\t\t<\/div>\n\t<\/dialog>\n<\/div>\t\t\t<\/div>\n\t\t\t<div class=\"block-related-post-metadata__categories\">\n\t\t\t\t<div class=\"category-link__wrapper\">\n\t\t\t<div class=\"category-link__item\">\n\t\t\t<a href=\"https:\/\/d66.nl\/hengelo\/category\/d66\/\">\n\t\t\t\tD66\t\t\t<\/a>\n\t\t<\/div>\n\t\t\t\t<div class=\"category-link__item\">\n\t\t\t<a href=\"https:\/\/d66.nl\/hengelo\/search-tags\/klimaat\/\">\n\t\t\t\tKlimaat, natuur en milieu\t\t\t<\/a>\n\t\t<\/div>\n\t\t\t\t<div class=\"category-link__item\">\n\t\t\t<a href=\"https:\/\/d66.nl\/hengelo\/search-tags\/lokaal\/\">\n\t\t\t\tLokaal\t\t\t<\/a>\n\t\t<\/div>\n\t\t\t\t<div class=\"category-link__item\">\n\t\t\t<a href=\"https:\/\/d66.nl\/hengelo\/search-tags\/onderwijs\/\">\n\t\t\t\tOnderwijs\t\t\t<\/a>\n\t\t<\/div>\n\t\t\t\t<div class=\"category-link__item\">\n\t\t\t<a href=\"https:\/\/d66.nl\/hengelo\/search-tags\/zorg-gezondheid-sport\/\">\n\t\t\t\tZorg, gezondheid en sport\t\t\t<\/a>\n\t\t<\/div>\n\t\t<\/div>\t\t\t<\/div>\n\t\t<\/div>\n\t<\/div>\n<\/section>\n\t  <\/div>\n\t<\/div>\n  <\/div>\n\n\n<div\n  id=\"\"\n  class=\"wrapper  wrapper__spacing-bottom-large--50 wrapper__spacing-bottom-desktop--70 wrapper__spacing-bottom-mobile--50  wrapper__gutter--none\"\n  >\n  \t<div class=\"wrapper__container wrapper__container-width-large--default\">\n\t  <div class=\"wrapper__inner wrapper__width-large--18 wrapper__width-desktop--22 wrapper__width-mobile--24 wrapper__offset-large--6 wrapper__offset-desktop--2 wrapper__offset-mobile--0\">\n\t\t<section class=\"block-post-content\">\n\t<div class=\"block-post-content__title\">\n\t\t<h3 class=\"heading  heading__color--black heading__size--medium heading__font--sans heading__weight--bold  block-post-content__heading\" id=\"nav-voordracht-annemieke-traag7973\" data-nav-heading-mobile=\"Voordracht Annemieke Traag\">\n\tVoordracht Annemieke Traag<\/h3>\t<\/div>\n\t<div class=\"block-post-content__content\">\n\t\t\n<div\n  id=\"\"\n  class=\"wrapper  wrapper__spacing-bottom-large--30 wrapper__spacing-bottom-desktop--20  wrapper__gutter--none\"\n  >\n  \t<div class=\"wrapper__container wrapper__container-width-large--default\">\n\t  <div class=\"wrapper__inner wrapper__width-large--24 wrapper__width-mobile--24\">\n\t\t<p\n\t\tclass=\"paragraph paragraph__align--left paragraph__color--black paragraph__size--default   block-paragraph__paragraph\"\n\t\t\t>\n\t\tMet trots presenteren we onze nieuwe wethouder Annemieke Traag.\u00a0 Annemieke is geboren in Oldenzaal en getogen in Hengelo. Naast de indrukwekkende en relevante staat van dienst is er een duidelijke klik tussen de fractie en onze nieuwe wethouder. We kijken uit naar een fijne samenwerking, die ongetwijfeld vlot van start zal gaan. Annemieke zal per \u00e9\u00e9n oktober onze huidige wethouder Claudio Bruggink vervangen.\t<\/p>\t  <\/div>\n\t<\/div>\n  <\/div>\n\n\t<\/div>\n\n\t<div class=\"block-post-content__sidebar\">\n\t\t\n\t\t\n\t\t\t<\/div>\n<\/section>\n\t  <\/div>\n\t<\/div>\n  <\/div>\n\n\n<div\n  id=\"\"\n  class=\"wrapper  wrapper__spacing-bottom-large--50 wrapper__spacing-bottom-desktop--70 wrapper__spacing-bottom-mobile--50  wrapper__gutter--none\"\n  >\n  \t<div class=\"wrapper__container wrapper__container-width-large--default\">\n\t  <div class=\"wrapper__inner wrapper__width-large--18 wrapper__width-desktop--22 wrapper__width-mobile--24 wrapper__offset-large--6 wrapper__offset-desktop--2 wrapper__offset-mobile--0\">\n\t\t<section class=\"block-post-content\">\n\t<div class=\"block-post-content__title\">\n\t\t<h3 class=\"heading  heading__color--black heading__size--medium heading__font--sans heading__weight--bold  block-post-content__heading\" id=\"nav-ervaren-bestuurder-met-twentse-wortels8070\" data-nav-heading-mobile=\"Ervaren bestuurder met Twentse Wortels\">\n\tErvaren bestuurder met Twentse Wortels<\/h3>\t<\/div>\n\t<div class=\"block-post-content__content\">\n\t\t\n<div\n  id=\"\"\n  class=\"wrapper  wrapper__spacing-bottom-large--30 wrapper__spacing-bottom-desktop--20  wrapper__gutter--none\"\n  >\n  \t<div class=\"wrapper__container wrapper__container-width-large--default\">\n\t  <div class=\"wrapper__inner wrapper__width-large--24 wrapper__width-mobile--24\">\n\t\t<p\n\t\tclass=\"paragraph paragraph__align--left paragraph__color--black paragraph__size--default   block-paragraph__paragraph\"\n\t\t\t>\n\t\tAnnemieke Traag (geboren in Oldenzaal en opgegroeid in Hengelo) studeerde en promoveerde in bestuurskunde aan de Universiteit Twente. Ze bekleedde diverse functies bij gemeenten, de provincie Overijssel, het Interprovinciaal Overleg, het CBS en adviesbureaus. Daarnaast was ze gedeputeerde in Gelderland en Overijssel en waarnemend burgemeester van Doetinchem.\t<\/p>\t  <\/div>\n\t<\/div>\n  <\/div>\n\n\t<\/div>\n\n\t<div class=\"block-post-content__sidebar\">\n\t\t\n\t\t\n\t\t\t<\/div>\n<\/section>\n\t  <\/div>\n\t<\/div>\n  <\/div>\n\n\n<div\n  id=\"\"\n  class=\"wrapper  wrapper__spacing-bottom-large--50 wrapper__spacing-bottom-desktop--70 wrapper__spacing-bottom-mobile--50  wrapper__gutter--none\"\n  >\n  \t<div class=\"wrapper__container wrapper__container-width-large--default\">\n\t  <div class=\"wrapper__inner wrapper__width-large--18 wrapper__width-desktop--22 wrapper__width-mobile--24 wrapper__offset-large--6 wrapper__offset-desktop--2 wrapper__offset-mobile--0\">\n\t\t<section class=\"block-post-content\">\n\t<div class=\"block-post-content__title\">\n\t\t<h3 class=\"heading  heading__color--black heading__size--medium heading__font--sans heading__weight--bold  block-post-content__heading\" id=\"nav--strong-trots-op-twente--strong-244\" data-nav-heading-mobile=\"Trots op Twente\">\n\t<strong>Trots op Twente<\/strong><\/h3>\t<\/div>\n\t<div class=\"block-post-content__content\">\n\t\t\n<div\n  id=\"\"\n  class=\"wrapper  wrapper__spacing-bottom-large--30 wrapper__spacing-bottom-desktop--20  wrapper__gutter--none\"\n  >\n  \t<div class=\"wrapper__container wrapper__container-width-large--default\">\n\t  <div class=\"wrapper__inner wrapper__width-large--24 wrapper__width-mobile--24\">\n\t\t<p\n\t\tclass=\"paragraph paragraph__align--left paragraph__color--black paragraph__size--default   block-paragraph__paragraph\"\n\t\t\t>\n\t\tNaast haar bestuursfuncties is Traag medeoprichter van de\u00a0<em>Agenda van Twente<\/em>, waarmee ze zich inzette voor de economische ontwikkeling van de regio.<br>Sinds april 2022 is Traag directeur bestuurszaken bij Vitens. Ook is ze lid van de raad van advies van de deeltijd Master Public Management aan de Universiteit Twente en lid van de raad van commissarissen van Huisartsenzorg Oude IJssel.\t<\/p>\t  <\/div>\n\t<\/div>\n  <\/div>\n\n\t<\/div>\n\n\t<div class=\"block-post-content__sidebar\">\n\t\t\n\t\t\n\t\t\t<\/div>\n<\/section>\n\t  <\/div>\n\t<\/div>\n  <\/div>\n\n\n<div\n  id=\"\"\n  class=\"wrapper  wrapper__spacing-bottom-large--50 wrapper__spacing-bottom-desktop--70 wrapper__spacing-bottom-mobile--50  wrapper__gutter--none\"\n  >\n  \t<div class=\"wrapper__container wrapper__container-width-large--default\">\n\t  <div class=\"wrapper__inner wrapper__width-large--18 wrapper__width-desktop--22 wrapper__width-mobile--24 wrapper__offset-large--6 wrapper__offset-desktop--2 wrapper__offset-mobile--0\">\n\t\t<section class=\"block-post-content\">\n\t<div class=\"block-post-content__title\">\n\t\t<h3 class=\"heading  heading__color--black heading__size--medium heading__font--sans heading__weight--bold  block-post-content__heading\" id=\"nav--strong--strong-planning--strong---strong-4991\" data-nav-heading-mobile=\"Planning\">\n\t<strong><strong>Planning<\/strong><\/strong><\/h3>\t<\/div>\n\t<div class=\"block-post-content__content\">\n\t\t\n<div\n  id=\"\"\n  class=\"wrapper  wrapper__spacing-bottom-large--30 wrapper__spacing-bottom-desktop--20  wrapper__gutter--none\"\n  >\n  \t<div class=\"wrapper__container wrapper__container-width-large--default\">\n\t  <div class=\"wrapper__inner wrapper__width-large--24 wrapper__width-mobile--24\">\n\t\t<p\n\t\tclass=\"paragraph paragraph__align--left paragraph__color--black paragraph__size--default   block-paragraph__paragraph\"\n\t\t\t>\n\t\tDe installatie staat gepland op \u00e9\u00e9n oktober, de dag dat Claudio vertrekt zodat we de continu\u00efteit van zijn portefeuilles kunnen waarborgen en ze snel haar weg kan gaan vinden in het college.\t<\/p>\t  <\/div>\n\t<\/div>\n  <\/div>\n\n\t<\/div>\n\n\t<div class=\"block-post-content__sidebar\">\n\t\t\n\t\t\n\t\t\t<\/div>\n<\/section>\n\t  <\/div>\n\t<\/div>\n  <\/div>\n","protected":false},"excerpt":{"rendered":"","protected":false},"author":853,"featured_media":684,"comment_status":"open","ping_status":"open","sticky":false,"template":"","format":"standard","meta":{"_acf_changed":false,"footnotes":""},"categories":[1],"search-tags":[3,26,2,6],"labels":[],"class_list":["post-681","post","type-post","status-publish","format-standard","has-post-thumbnail","hentry","category-d66","search-tags-klimaat","search-tags-lokaal","search-tags-onderwijs","search-tags-zorg-gezondheid-sport"],"acf":[],"yoast_head":"<!-- This site is optimized with the Yoast SEO plugin v27.3 - https:\/\/yoast.com\/product\/yoast-seo-wordpress\/ -->\n<title>Annemieke Traag nieuwe wethouder D66 Hengelo<\/title>\n<meta name=\"description\" content=\"Annemieke Traag volgt Claudio Bruggink op als D66 wethouder in Hengelo. Claudio Bruggink wordt per 1 oktober bestuurder van scholengemeenschap Reggesteyn.\" \/>\n<meta name=\"robots\" content=\"index, follow, max-snippet:-1, max-image-preview:large, max-video-preview:-1\" \/>\n<link rel=\"canonical\" href=\"https:\/\/d66.nl\/hengelo\/nieuws\/annemieke-traag-nieuwe-wethouder\" \/>\n<meta property=\"og:locale\" content=\"nl_NL\" \/>\n<meta property=\"og:type\" content=\"article\" \/>\n<meta property=\"og:title\" content=\"Annemieke Traag nieuwe wethouder D66 Hengelo\" \/>\n<meta property=\"og:description\" content=\"Annemieke Traag volgt Claudio Bruggink op als D66 wethouder in Hengelo. Claudio Bruggink wordt per 1 oktober bestuurder van scholengemeenschap Reggesteyn.\" \/>\n<meta property=\"og:url\" content=\"https:\/\/d66.nl\/hengelo\/nieuws\/annemieke-traag-nieuwe-wethouder\/\" \/>\n<meta property=\"og:site_name\" content=\"D66 Hengelo\" \/>\n<meta property=\"article:published_time\" content=\"2025-09-05T09:43:15+00:00\" \/>\n<meta property=\"article:modified_time\" content=\"2025-09-05T15:16:31+00:00\" \/>\n<meta property=\"og:image\" content=\"https:\/\/d66.nl\/hengelo\/wp-content\/uploads\/sites\/217\/2025\/08\/annemieke-traag.jpg\" \/>\n\t<meta property=\"og:image:width\" content=\"600\" \/>\n\t<meta property=\"og:image:height\" content=\"900\" \/>\n\t<meta property=\"og:image:type\" content=\"image\/jpeg\" \/>\n<meta name=\"author\" content=\"dedondersteen\" \/>\n<meta name=\"twitter:card\" content=\"summary_large_image\" \/>\n<meta name=\"twitter:label1\" content=\"Geschreven door\" \/>\n\t<meta name=\"twitter:data1\" content=\"dedondersteen\" \/>\n\t<meta name=\"twitter:label2\" content=\"Geschatte leestijd\" \/>\n\t<meta name=\"twitter:data2\" content=\"1 minuut\" \/>\n<script type=\"application\/ld+json\" class=\"yoast-schema-graph\">{\"@context\":\"https:\\\/\\\/schema.org\",\"@graph\":[{\"@type\":\"Article\",\"@id\":\"https:\\\/\\\/d66.nl\\\/hengelo\\\/nieuws\\\/annemieke-traag-nieuwe-wethouder\\\/#article\",\"isPartOf\":{\"@id\":\"https:\\\/\\\/d66.nl\\\/hengelo\\\/nieuws\\\/annemieke-traag-nieuwe-wethouder\\\/\"},\"author\":{\"name\":\"dedondersteen\",\"@id\":\"https:\\\/\\\/d66.nl\\\/hengelo\\\/#\\\/schema\\\/person\\\/fef35c4786d29f5a8a394c6cecbacc41\"},\"headline\":\"Annemieke Traag nieuwe wethouder\",\"datePublished\":\"2025-09-05T09:43:15+00:00\",\"dateModified\":\"2025-09-05T15:16:31+00:00\",\"mainEntityOfPage\":{\"@id\":\"https:\\\/\\\/d66.nl\\\/hengelo\\\/nieuws\\\/annemieke-traag-nieuwe-wethouder\\\/\"},\"wordCount\":4,\"commentCount\":0,\"publisher\":{\"@id\":\"https:\\\/\\\/d66.nl\\\/hengelo\\\/#organization\"},\"image\":{\"@id\":\"https:\\\/\\\/d66.nl\\\/hengelo\\\/nieuws\\\/annemieke-traag-nieuwe-wethouder\\\/#primaryimage\"},\"thumbnailUrl\":\"https:\\\/\\\/d66.nl\\\/hengelo\\\/wp-content\\\/uploads\\\/sites\\\/217\\\/2025\\\/08\\\/annemieke-traag.jpg\",\"articleSection\":[\"D66\"],\"inLanguage\":\"nl-NL\",\"potentialAction\":[{\"@type\":\"CommentAction\",\"name\":\"Comment\",\"target\":[\"https:\\\/\\\/d66.nl\\\/hengelo\\\/nieuws\\\/annemieke-traag-nieuwe-wethouder\\\/#respond\"]}]},{\"@type\":\"WebPage\",\"@id\":\"https:\\\/\\\/d66.nl\\\/hengelo\\\/nieuws\\\/annemieke-traag-nieuwe-wethouder\\\/\",\"url\":\"https:\\\/\\\/d66.nl\\\/hengelo\\\/nieuws\\\/annemieke-traag-nieuwe-wethouder\\\/\",\"name\":\"Annemieke Traag nieuwe wethouder D66 Hengelo\",\"isPartOf\":{\"@id\":\"https:\\\/\\\/d66.nl\\\/hengelo\\\/#website\"},\"primaryImageOfPage\":{\"@id\":\"https:\\\/\\\/d66.nl\\\/hengelo\\\/nieuws\\\/annemieke-traag-nieuwe-wethouder\\\/#primaryimage\"},\"image\":{\"@id\":\"https:\\\/\\\/d66.nl\\\/hengelo\\\/nieuws\\\/annemieke-traag-nieuwe-wethouder\\\/#primaryimage\"},\"thumbnailUrl\":\"https:\\\/\\\/d66.nl\\\/hengelo\\\/wp-content\\\/uploads\\\/sites\\\/217\\\/2025\\\/08\\\/annemieke-traag.jpg\",\"datePublished\":\"2025-09-05T09:43:15+00:00\",\"dateModified\":\"2025-09-05T15:16:31+00:00\",\"description\":\"Annemieke Traag volgt Claudio Bruggink op als D66 wethouder in Hengelo. Claudio Bruggink wordt per 1 oktober bestuurder van scholengemeenschap Reggesteyn.\",\"breadcrumb\":{\"@id\":\"https:\\\/\\\/d66.nl\\\/hengelo\\\/nieuws\\\/annemieke-traag-nieuwe-wethouder\\\/#breadcrumb\"},\"inLanguage\":\"nl-NL\",\"potentialAction\":[{\"@type\":\"ReadAction\",\"target\":[\"https:\\\/\\\/d66.nl\\\/hengelo\\\/nieuws\\\/annemieke-traag-nieuwe-wethouder\\\/\"]}]},{\"@type\":\"ImageObject\",\"inLanguage\":\"nl-NL\",\"@id\":\"https:\\\/\\\/d66.nl\\\/hengelo\\\/nieuws\\\/annemieke-traag-nieuwe-wethouder\\\/#primaryimage\",\"url\":\"https:\\\/\\\/d66.nl\\\/hengelo\\\/wp-content\\\/uploads\\\/sites\\\/217\\\/2025\\\/08\\\/annemieke-traag.jpg\",\"contentUrl\":\"https:\\\/\\\/d66.nl\\\/hengelo\\\/wp-content\\\/uploads\\\/sites\\\/217\\\/2025\\\/08\\\/annemieke-traag.jpg\",\"width\":600,\"height\":900,\"caption\":\"Portretfoto Annemieke Traag\"},{\"@type\":\"BreadcrumbList\",\"@id\":\"https:\\\/\\\/d66.nl\\\/hengelo\\\/nieuws\\\/annemieke-traag-nieuwe-wethouder\\\/#breadcrumb\",\"itemListElement\":[{\"@type\":\"ListItem\",\"position\":1,\"name\":\"Home\",\"item\":\"https:\\\/\\\/d66.nl\\\/hengelo\\\/\"},{\"@type\":\"ListItem\",\"position\":2,\"name\":\"Nieuws\",\"item\":\"https:\\\/\\\/d66.nl\\\/hengelo\\\/nieuws\\\/\"},{\"@type\":\"ListItem\",\"position\":3,\"name\":\"Annemieke Traag nieuwe wethouder\"}]},{\"@type\":\"WebSite\",\"@id\":\"https:\\\/\\\/d66.nl\\\/hengelo\\\/#website\",\"url\":\"https:\\\/\\\/d66.nl\\\/hengelo\\\/\",\"name\":\"D66 Hengelo\",\"description\":\"Just another D66 Sites site\",\"publisher\":{\"@id\":\"https:\\\/\\\/d66.nl\\\/hengelo\\\/#organization\"},\"potentialAction\":[{\"@type\":\"SearchAction\",\"target\":{\"@type\":\"EntryPoint\",\"urlTemplate\":\"https:\\\/\\\/d66.nl\\\/hengelo\\\/?s={search_term_string}\"},\"query-input\":{\"@type\":\"PropertyValueSpecification\",\"valueRequired\":true,\"valueName\":\"search_term_string\"}}],\"inLanguage\":\"nl-NL\"},{\"@type\":\"Organization\",\"@id\":\"https:\\\/\\\/d66.nl\\\/hengelo\\\/#organization\",\"name\":\"D66\",\"url\":\"https:\\\/\\\/d66.nl\\\/hengelo\\\/\",\"logo\":{\"@type\":\"ImageObject\",\"inLanguage\":\"nl-NL\",\"@id\":\"https:\\\/\\\/d66.nl\\\/hengelo\\\/#\\\/schema\\\/logo\\\/image\\\/\",\"url\":\"https:\\\/\\\/d66.nl\\\/hengelo\\\/wp-content\\\/uploads\\\/sites\\\/2\\\/2021\\\/10\\\/d66-themas-algemeen-og.png\",\"contentUrl\":\"https:\\\/\\\/d66.nl\\\/hengelo\\\/wp-content\\\/uploads\\\/sites\\\/2\\\/2021\\\/10\\\/d66-themas-algemeen-og.png\",\"width\":1200,\"height\":628,\"caption\":\"D66\"},\"image\":{\"@id\":\"https:\\\/\\\/d66.nl\\\/hengelo\\\/#\\\/schema\\\/logo\\\/image\\\/\"}},{\"@type\":\"Person\",\"@id\":\"https:\\\/\\\/d66.nl\\\/hengelo\\\/#\\\/schema\\\/person\\\/fef35c4786d29f5a8a394c6cecbacc41\",\"name\":\"dedondersteen\",\"image\":{\"@type\":\"ImageObject\",\"inLanguage\":\"nl-NL\",\"@id\":\"https:\\\/\\\/secure.gravatar.com\\\/avatar\\\/ab2cd4ab92564a44bc7c0ed37b34966639d0013a6bf745b60d129ecd0d47bd68?s=96&d=mm&r=g\",\"url\":\"https:\\\/\\\/secure.gravatar.com\\\/avatar\\\/ab2cd4ab92564a44bc7c0ed37b34966639d0013a6bf745b60d129ecd0d47bd68?s=96&d=mm&r=g\",\"contentUrl\":\"https:\\\/\\\/secure.gravatar.com\\\/avatar\\\/ab2cd4ab92564a44bc7c0ed37b34966639d0013a6bf745b60d129ecd0d47bd68?s=96&d=mm&r=g\",\"caption\":\"dedondersteen\"}}]}<\/script>\n<!-- \/ Yoast SEO plugin. -->","yoast_head_json":{"title":"Annemieke Traag nieuwe wethouder D66 Hengelo","description":"Annemieke Traag volgt Claudio Bruggink op als D66 wethouder in Hengelo. Claudio Bruggink wordt per 1 oktober bestuurder van scholengemeenschap Reggesteyn.","robots":{"index":"index","follow":"follow","max-snippet":"max-snippet:-1","max-image-preview":"max-image-preview:large","max-video-preview":"max-video-preview:-1"},"canonical":"https:\/\/d66.nl\/hengelo\/nieuws\/annemieke-traag-nieuwe-wethouder","og_locale":"nl_NL","og_type":"article","og_title":"Annemieke Traag nieuwe wethouder D66 Hengelo","og_description":"Annemieke Traag volgt Claudio Bruggink op als D66 wethouder in Hengelo. Claudio Bruggink wordt per 1 oktober bestuurder van scholengemeenschap Reggesteyn.","og_url":"https:\/\/d66.nl\/hengelo\/nieuws\/annemieke-traag-nieuwe-wethouder\/","og_site_name":"D66 Hengelo","article_published_time":"2025-09-05T09:43:15+00:00","article_modified_time":"2025-09-05T15:16:31+00:00","og_image":[{"width":600,"height":900,"url":"https:\/\/d66.nl\/hengelo\/wp-content\/uploads\/sites\/217\/2025\/08\/annemieke-traag.jpg","type":"image\/jpeg"}],"author":"dedondersteen","twitter_card":"summary_large_image","twitter_misc":{"Geschreven door":"dedondersteen","Geschatte leestijd":"1 minuut"},"schema":{"@context":"https:\/\/schema.org","@graph":[{"@type":"Article","@id":"https:\/\/d66.nl\/hengelo\/nieuws\/annemieke-traag-nieuwe-wethouder\/#article","isPartOf":{"@id":"https:\/\/d66.nl\/hengelo\/nieuws\/annemieke-traag-nieuwe-wethouder\/"},"author":{"name":"dedondersteen","@id":"https:\/\/d66.nl\/hengelo\/#\/schema\/person\/fef35c4786d29f5a8a394c6cecbacc41"},"headline":"Annemieke Traag nieuwe wethouder","datePublished":"2025-09-05T09:43:15+00:00","dateModified":"2025-09-05T15:16:31+00:00","mainEntityOfPage":{"@id":"https:\/\/d66.nl\/hengelo\/nieuws\/annemieke-traag-nieuwe-wethouder\/"},"wordCount":4,"commentCount":0,"publisher":{"@id":"https:\/\/d66.nl\/hengelo\/#organization"},"image":{"@id":"https:\/\/d66.nl\/hengelo\/nieuws\/annemieke-traag-nieuwe-wethouder\/#primaryimage"},"thumbnailUrl":"https:\/\/d66.nl\/hengelo\/wp-content\/uploads\/sites\/217\/2025\/08\/annemieke-traag.jpg","articleSection":["D66"],"inLanguage":"nl-NL","potentialAction":[{"@type":"CommentAction","name":"Comment","target":["https:\/\/d66.nl\/hengelo\/nieuws\/annemieke-traag-nieuwe-wethouder\/#respond"]}]},{"@type":"WebPage","@id":"https:\/\/d66.nl\/hengelo\/nieuws\/annemieke-traag-nieuwe-wethouder\/","url":"https:\/\/d66.nl\/hengelo\/nieuws\/annemieke-traag-nieuwe-wethouder\/","name":"Annemieke Traag nieuwe wethouder D66 Hengelo","isPartOf":{"@id":"https:\/\/d66.nl\/hengelo\/#website"},"primaryImageOfPage":{"@id":"https:\/\/d66.nl\/hengelo\/nieuws\/annemieke-traag-nieuwe-wethouder\/#primaryimage"},"image":{"@id":"https:\/\/d66.nl\/hengelo\/nieuws\/annemieke-traag-nieuwe-wethouder\/#primaryimage"},"thumbnailUrl":"https:\/\/d66.nl\/hengelo\/wp-content\/uploads\/sites\/217\/2025\/08\/annemieke-traag.jpg","datePublished":"2025-09-05T09:43:15+00:00","dateModified":"2025-09-05T15:16:31+00:00","description":"Annemieke Traag volgt Claudio Bruggink op als D66 wethouder in Hengelo. Claudio Bruggink wordt per 1 oktober bestuurder van scholengemeenschap Reggesteyn.","breadcrumb":{"@id":"https:\/\/d66.nl\/hengelo\/nieuws\/annemieke-traag-nieuwe-wethouder\/#breadcrumb"},"inLanguage":"nl-NL","potentialAction":[{"@type":"ReadAction","target":["https:\/\/d66.nl\/hengelo\/nieuws\/annemieke-traag-nieuwe-wethouder\/"]}]},{"@type":"ImageObject","inLanguage":"nl-NL","@id":"https:\/\/d66.nl\/hengelo\/nieuws\/annemieke-traag-nieuwe-wethouder\/#primaryimage","url":"https:\/\/d66.nl\/hengelo\/wp-content\/uploads\/sites\/217\/2025\/08\/annemieke-traag.jpg","contentUrl":"https:\/\/d66.nl\/hengelo\/wp-content\/uploads\/sites\/217\/2025\/08\/annemieke-traag.jpg","width":600,"height":900,"caption":"Portretfoto Annemieke Traag"},{"@type":"BreadcrumbList","@id":"https:\/\/d66.nl\/hengelo\/nieuws\/annemieke-traag-nieuwe-wethouder\/#breadcrumb","itemListElement":[{"@type":"ListItem","position":1,"name":"Home","item":"https:\/\/d66.nl\/hengelo\/"},{"@type":"ListItem","position":2,"name":"Nieuws","item":"https:\/\/d66.nl\/hengelo\/nieuws\/"},{"@type":"ListItem","position":3,"name":"Annemieke Traag nieuwe wethouder"}]},{"@type":"WebSite","@id":"https:\/\/d66.nl\/hengelo\/#website","url":"https:\/\/d66.nl\/hengelo\/","name":"D66 Hengelo","description":"Just another D66 Sites site","publisher":{"@id":"https:\/\/d66.nl\/hengelo\/#organization"},"potentialAction":[{"@type":"SearchAction","target":{"@type":"EntryPoint","urlTemplate":"https:\/\/d66.nl\/hengelo\/?s={search_term_string}"},"query-input":{"@type":"PropertyValueSpecification","valueRequired":true,"valueName":"search_term_string"}}],"inLanguage":"nl-NL"},{"@type":"Organization","@id":"https:\/\/d66.nl\/hengelo\/#organization","name":"D66","url":"https:\/\/d66.nl\/hengelo\/","logo":{"@type":"ImageObject","inLanguage":"nl-NL","@id":"https:\/\/d66.nl\/hengelo\/#\/schema\/logo\/image\/","url":"https:\/\/d66.nl\/hengelo\/wp-content\/uploads\/sites\/2\/2021\/10\/d66-themas-algemeen-og.png","contentUrl":"https:\/\/d66.nl\/hengelo\/wp-content\/uploads\/sites\/2\/2021\/10\/d66-themas-algemeen-og.png","width":1200,"height":628,"caption":"D66"},"image":{"@id":"https:\/\/d66.nl\/hengelo\/#\/schema\/logo\/image\/"}},{"@type":"Person","@id":"https:\/\/d66.nl\/hengelo\/#\/schema\/person\/fef35c4786d29f5a8a394c6cecbacc41","name":"dedondersteen","image":{"@type":"ImageObject","inLanguage":"nl-NL","@id":"https:\/\/secure.gravatar.com\/avatar\/ab2cd4ab92564a44bc7c0ed37b34966639d0013a6bf745b60d129ecd0d47bd68?s=96&d=mm&r=g","url":"https:\/\/secure.gravatar.com\/avatar\/ab2cd4ab92564a44bc7c0ed37b34966639d0013a6bf745b60d129ecd0d47bd68?s=96&d=mm&r=g","contentUrl":"https:\/\/secure.gravatar.com\/avatar\/ab2cd4ab92564a44bc7c0ed37b34966639d0013a6bf745b60d129ecd0d47bd68?s=96&d=mm&r=g","caption":"dedondersteen"}}]}},"_links":{"self":[{"href":"https:\/\/d66.nl\/hengelo\/wp-json\/wp\/v2\/posts\/681","targetHints":{"allow":["GET"]}}],"collection":[{"href":"https:\/\/d66.nl\/hengelo\/wp-json\/wp\/v2\/posts"}],"about":[{"href":"https:\/\/d66.nl\/hengelo\/wp-json\/wp\/v2\/types\/post"}],"author":[{"embeddable":true,"href":"https:\/\/d66.nl\/hengelo\/wp-json\/wp\/v2\/users\/853"}],"replies":[{"embeddable":true,"href":"https:\/\/d66.nl\/hengelo\/wp-json\/wp\/v2\/comments?post=681"}],"version-history":[{"count":10,"href":"https:\/\/d66.nl\/hengelo\/wp-json\/wp\/v2\/posts\/681\/revisions"}],"predecessor-version":[{"id":704,"href":"https:\/\/d66.nl\/hengelo\/wp-json\/wp\/v2\/posts\/681\/revisions\/704"}],"wp:featuredmedia":[{"embeddable":true,"href":"https:\/\/d66.nl\/hengelo\/wp-json\/wp\/v2\/media\/684"}],"wp:attachment":[{"href":"https:\/\/d66.nl\/hengelo\/wp-json\/wp\/v2\/media?parent=681"}],"wp:term":[{"taxonomy":"category","embeddable":true,"href":"https:\/\/d66.nl\/hengelo\/wp-json\/wp\/v2\/categories?post=681"},{"taxonomy":"search-tags","embeddable":true,"href":"https:\/\/d66.nl\/hengelo\/wp-json\/wp\/v2\/search-tags?post=681"},{"taxonomy":"labels","embeddable":true,"href":"https:\/\/d66.nl\/hengelo\/wp-json\/wp\/v2\/labels?post=681"}],"curies":[{"name":"wp","href":"https:\/\/api.w.org\/{rel}","templated":true}]}}