{"id":2103,"date":"2024-05-29T18:29:36","date_gmt":"2024-05-29T18:29:36","guid":{"rendered":"https:\/\/d66.nl\/haarlemmermeer\/nieuws\/"},"modified":"2024-07-30T10:59:32","modified_gmt":"2024-07-30T10:59:32","slug":"verslag-21-mei-ons-eten-en-onze-omgeving-van-haarlemmermeer-tot-europa","status":"publish","type":"post","link":"https:\/\/d66.nl\/haarlemmermeer\/nieuws\/verslag-21-mei-ons-eten-en-onze-omgeving-van-haarlemmermeer-tot-europa","title":{"rendered":"Verslag 21 mei &#8211; ons eten en onze omgeving van Haarlemmermeer tot Europa"},"content":{"rendered":"<div\n  id=\"\"\n  class=\"wrapper  wrapper__spacing-bottom-large--50 wrapper__spacing-bottom-desktop--66 wrapper__spacing-bottom-mobile--76  wrapper__gutter--none\"\n  >\n  \t<div class=\"wrapper__container wrapper__container-width-large--default\">\n\t  <div class=\"wrapper__inner wrapper__width-large--14 wrapper__width-desktop--20 wrapper__width-mobile--24 wrapper__offset-large--6 wrapper__offset-desktop--4 wrapper__offset-mobile--0\">\n\t\t<h1 class=\"heading   heading__size--giant heading__font--serif heading__weight--regular  block-heading__heading\" id=\"nav-verslag-21-mei---ons-eten-en-onze-omgeving-van-haarlemmermeer-tot-europa-5356\"  data-nav-heading-mobile=\"Verslag 21 mei - ons eten en onze omgeving van Haarlemmermeer tot Europa\" >\n\tVerslag 21 mei &#8211; ons eten en onze omgeving van Haarlemmermeer tot Europa <\/h1>\t  <\/div>\n\t<\/div>\n  <\/div>\n\n\n<div\n  id=\"\"\n  class=\"wrapper  wrapper__spacing-bottom-large--50 wrapper__spacing-bottom-mobile--40  wrapper__gutter--none\"\n  >\n  \t<div class=\"wrapper__container wrapper__container-width-large--default\">\n\t  <div class=\"wrapper__inner wrapper__width-large--13 wrapper__width-desktop--22 wrapper__width-mobile--24 wrapper__offset-large--6 wrapper__offset-desktop--2 wrapper__offset-mobile--0\">\n\t\t<p\n\t\tclass=\"paragraph   paragraph__size--big   block-paragraph__paragraph\"\n\t\t\t>\n\t\tOp 21 mei organiseerden D66 en GroenLinks-PvdA Haarlemmermeer een debat over landbouw en natuurbeleid in Europa. Door de inbreng van wetenschap, praktijk, politiek en de inwoners in de zaal, werd het een mooie en vooral leerzame avond.\t<\/p>\t  <\/div>\n\t<\/div>\n  <\/div>\n\n\n<div\n  id=\"\"\n  class=\"wrapper  wrapper__spacing-bottom-large--110 wrapper__spacing-bottom-desktop--60 wrapper__spacing-bottom-mobile--50  wrapper__gutter--none\"\n  >\n  \t<div class=\"wrapper__container wrapper__container-width-large--default\">\n\t  <div class=\"wrapper__inner wrapper__width-large--24 wrapper__width-mobile--24\">\n\t\t<section class=\"block-video\">\n\t<div\n\t\tclass=\"block-video__video-wrapper\"\n\t\tstyle=\"background-image: url('https:\/\/d66.nl\/haarlemmermeer\/wp-content\/uploads\/sites\/88\/2024\/05\/FA8B1171-B25C-48DB-A779-70375F2D8F88-1.jpeg')\"\n\t>\n\t\t\t<\/div>\n\n\t\t\t<div class=\"block-video__caption-wrapper\">\n\t\t\t<div class=\"block-video__caption\">\n\t\t\t\t<p class=\"paragraph paragraph__align--left paragraph__color--black paragraph__size--small paragraph__weight--medium\">\n\t\tDeelnemers D66\/GL-PvdA EU debat natuur en landbouw <i>&#x2022;<\/i> Beeld: Jorien Mosman\t<\/p>\t\t\t<\/div>\n\t\t<\/div>\n\t\n<\/section>\n\n\t  <\/div>\n\t<\/div>\n  <\/div>\n\n\n<div\n  id=\"\"\n  class=\"wrapper  wrapper__spacing-bottom-large--50 wrapper__spacing-bottom-desktop--70 wrapper__spacing-bottom-mobile--50  wrapper__gutter--none\"\n  >\n  \t<div class=\"wrapper__container wrapper__container-width-large--default\">\n\t  <div class=\"wrapper__inner wrapper__width-large--18 wrapper__width-desktop--22 wrapper__width-mobile--24 wrapper__offset-large--6 wrapper__offset-desktop--2 wrapper__offset-mobile--0\">\n\t\t<section class=\"block-post-content\">\n\t<div class=\"block-post-content__title\">\n\t\t<h3 class=\"heading  heading__color--black heading__size--medium heading__font--sans heading__weight--bold  block-post-content__heading\" id=\"nav--strong-inchecken--europa-wat-betekent-dat-eigenlijk-voor-ons--strong-5312\" data-nav-heading-mobile=\"Inchecken; Europa wat betekent dat eigenlijk voor ons\">\n\t<strong>Inchecken; Europa wat betekent dat eigenlijk voor ons<\/strong><\/h3>\t<\/div>\n\t<div class=\"block-post-content__content\">\n\t\t\n<div\n  id=\"\"\n  class=\"wrapper  wrapper__spacing-bottom-large--30 wrapper__spacing-bottom-desktop--20  wrapper__gutter--none\"\n  >\n  \t<div class=\"wrapper__container wrapper__container-width-large--default\">\n\t  <div class=\"wrapper__inner wrapper__width-large--24 wrapper__width-mobile--24\">\n\t\t<p\n\t\tclass=\"paragraph paragraph__align--left paragraph__color--black paragraph__size--default   block-paragraph__paragraph\"\n\t\t\t>\n\t\tVoor de \u00e9\u00e9n blijkt Europa een vanzelfsprekendheid en daarmee eigenlijk \u2018niks\u2019, voor de ander staat Europa voor gedeelde waarden.\u00a0 Een derde roept op om Europa juist serieuzer te nemen, omdat daar juist zo veel te winnen valt.<br>\u00a0<br>Op de vraag wat men zou willen bereiken of veranderen in Europa klinkt; veel meer aandacht voor veiligheid en klimaat, bescherming van onze democratische waarden en het verbieden van stunten met voedselprijzen in de supermarkt.\t<\/p>\t  <\/div>\n\t<\/div>\n  <\/div>\n\n\t<\/div>\n\n\t<div class=\"block-post-content__sidebar\">\n\t\t\n\t\t\n\t\t\t<\/div>\n<\/section>\n\t  <\/div>\n\t<\/div>\n  <\/div>\n\n\n<div\n  id=\"\"\n  class=\"wrapper  wrapper__spacing-bottom-large--50 wrapper__spacing-bottom-desktop--70 wrapper__spacing-bottom-mobile--50  wrapper__gutter--none\"\n  >\n  \t<div class=\"wrapper__container wrapper__container-width-large--default\">\n\t  <div class=\"wrapper__inner wrapper__width-large--18 wrapper__width-desktop--22 wrapper__width-mobile--24 wrapper__offset-large--6 wrapper__offset-desktop--2 wrapper__offset-mobile--0\">\n\t\t<section class=\"block-post-content\">\n\t<div class=\"block-post-content__title\">\n\t\t<h3 class=\"heading  heading__color--black heading__size--medium heading__font--sans heading__weight--bold  block-post-content__heading\" id=\"nav--strong-het-landbouw-en-natuurbeleid-tot-nu-toe--strong-5619\" data-nav-heading-mobile=\"Het landbouw en natuurbeleid tot nu toe\">\n\t<strong>Het landbouw en natuurbeleid tot nu toe<\/strong><\/h3>\t<\/div>\n\t<div class=\"block-post-content__content\">\n\t\t\n<div\n  id=\"\"\n  class=\"wrapper  wrapper__spacing-bottom-large--30 wrapper__spacing-bottom-desktop--20  wrapper__gutter--none\"\n  >\n  \t<div class=\"wrapper__container wrapper__container-width-large--default\">\n\t  <div class=\"wrapper__inner wrapper__width-large--24 wrapper__width-mobile--24\">\n\t\t<p\n\t\tclass=\"paragraph paragraph__align--left paragraph__color--black paragraph__size--default   block-paragraph__paragraph\"\n\t\t\t>\n\t\tGerry Alons, universitair hoofddocent internationale betrekkingen aan de Radboud Universiteit Nijmegen, nam ons vervolgens mee door de geschiedenis van ons landbouw- en natuurbeleid. Waar we eerst inzette op vaste prijzen voor producten, dat voedselzekerheid en bestaanszekerheid van de boer moest garanderen wordt nu ingezet op inkomenssteun. Steun die steeds meer gekoppeld wordt aan voorwaarden en te behalen doelen. Daarnaast wordt via de Green Deal ingezet op behalen van klimaatdoelen. Deze zouden in lijn moeten zijn met de landbouwdoelen, maar dat wordt niet altijd zo ervaren.\u00a0 Ze eindigde haar presentatie met vier mogelijke toekomstscenario\u2019s.\t<\/p>\t  <\/div>\n\t<\/div>\n  <\/div>\n\n\t<\/div>\n\n\t<div class=\"block-post-content__sidebar\">\n\t\t\n\t\t\n\t\t\t<\/div>\n<\/section>\n\t  <\/div>\n\t<\/div>\n  <\/div>\n\n\n<div\n  id=\"\"\n  class=\"wrapper  wrapper__spacing-bottom-large--50 wrapper__spacing-bottom-desktop--70 wrapper__spacing-bottom-mobile--50  wrapper__gutter--none\"\n  >\n  \t<div class=\"wrapper__container wrapper__container-width-large--default\">\n\t  <div class=\"wrapper__inner wrapper__width-large--18 wrapper__width-desktop--22 wrapper__width-mobile--24 wrapper__offset-large--6 wrapper__offset-desktop--2 wrapper__offset-mobile--0\">\n\t\t<section class=\"block-post-content\">\n\t<div class=\"block-post-content__title\">\n\t\t<h3 class=\"heading  heading__color--black heading__size--medium heading__font--sans heading__weight--bold  block-post-content__heading\" id=\"nav--strong-de-weerbarstige-praktijk--strong-9918\" data-nav-heading-mobile=\"De weerbarstige praktijk\">\n\t<strong>De weerbarstige praktijk<\/strong><\/h3>\t<\/div>\n\t<div class=\"block-post-content__content\">\n\t\t\n<div\n  id=\"\"\n  class=\"wrapper  wrapper__spacing-bottom-large--30 wrapper__spacing-bottom-desktop--20  wrapper__gutter--none\"\n  >\n  \t<div class=\"wrapper__container wrapper__container-width-large--default\">\n\t  <div class=\"wrapper__inner wrapper__width-large--24 wrapper__width-mobile--24\">\n\t\t<p\n\t\tclass=\"paragraph paragraph__align--left paragraph__color--black paragraph__size--default   block-paragraph__paragraph\"\n\t\t\t>\n\t\tAkkerbouwer Jan Ham nam het stokje over en vertelde over de gevolgen van het beleid voor de praktijk. Zo krijg je nu heel veel bonuspunten voor het telen van stikstofvasthoudende gewassen als erwtjes en bonen. Hak is er blij mee, die krijgt nu veel aanbod voor weinig. Maar of onze natuurdoelen er ook echt wat mee opschieten dat is nog maar de vraag. Hij pleitte voor een gedegen transitie programma, waarbij boeren geholpen worden via onafhankelijke kennisknooppunten gewoon aan de eigen keukentafel. Met het beantwoorden van vragen als \u2018wat wil ik nu echt\u2019 en \u2018wat vraagt de omgeving van mij\u2019.\t<\/p>\t  <\/div>\n\t<\/div>\n  <\/div>\n\n\t<\/div>\n\n\t<div class=\"block-post-content__sidebar\">\n\t\t\n\t\t\n\t\t\t<\/div>\n<\/section>\n\t  <\/div>\n\t<\/div>\n  <\/div>\n\n\n<div\n  id=\"\"\n  class=\"wrapper  wrapper__spacing-bottom-large--50 wrapper__spacing-bottom-desktop--70 wrapper__spacing-bottom-mobile--50  wrapper__gutter--none\"\n  >\n  \t<div class=\"wrapper__container wrapper__container-width-large--default\">\n\t  <div class=\"wrapper__inner wrapper__width-large--18 wrapper__width-desktop--22 wrapper__width-mobile--24 wrapper__offset-large--6 wrapper__offset-desktop--2 wrapper__offset-mobile--0\">\n\t\t<section class=\"block-post-content\">\n\t<div class=\"block-post-content__title\">\n\t\t<h3 class=\"heading  heading__color--black heading__size--medium heading__font--sans heading__weight--bold  block-post-content__heading\" id=\"nav--strong-het-antwoord-van-de-politiek--strong-9878\" data-nav-heading-mobile=\"Het antwoord van de politiek\">\n\t<strong>Het antwoord van de politiek<\/strong><\/h3>\t<\/div>\n\t<div class=\"block-post-content__content\">\n\t\t\n<div\n  id=\"\"\n  class=\"wrapper  wrapper__spacing-bottom-large--30 wrapper__spacing-bottom-desktop--20  wrapper__gutter--none\"\n  >\n  \t<div class=\"wrapper__container wrapper__container-width-large--default\">\n\t  <div class=\"wrapper__inner wrapper__width-large--24 wrapper__width-mobile--24\">\n\t\t<p\n\t\tclass=\"paragraph paragraph__align--left paragraph__color--black paragraph__size--default   block-paragraph__paragraph\"\n\t\t\t>\n\t\t<strong>Ian Hendriks<\/strong> van Volt vroeg aan de aanwezige boeren welk scenario van Gerry hun voorkeur had. In zijn ogen zijn subsidies bedoeld om transities te ondersteunen en dus altijd tijdelijk. Als ze permanent nodig blijken te zijn, dan klopt er iets niet in het systeem. Dan moeten we het gewoon gaan benaderen als wat het ook kan zijn, namelijk het vergoeden van diensten. De onafhankelijke kennisknooppunten van Jan, ziet hij het liefst ook uitgebreid naar Europa.<br>\u00a0<br><strong>Arjan Tolkamp<\/strong> Europees kandidaat van het CDA, nu nog Provinciaal Statenlid in Gelderland, zou graag meer op doelen willen sturen. Hij ziet ook dat veel goedbedoeld natuurbeleid te star wordt uitgevoerd, waardoor je juist je doel voorbij kan schieten. Hij ziet dat veel van het geld uit de EU helemaal verkeerd terecht komt, namelijk bij de adviserende laag. Er zijn in zijn ogen nog veel mogelijkheden bij de rol van banken en supermarkten.<br>\u00a0<br><strong>Laura Bromet<\/strong>, tweede kamerlid van GroenLinks-PvdA, vertelde openhartig dat ze best graag wat minder star zou willen zijn als het over natuuropgaven gaat, maar bang is om daarmee de deur open te zetten naar algehele versoepelingen in plaats van naar maatwerk. Ze vindt het net als Arjan jammer dat natuur en landbouw twee gescheiden werelden lijken te zijn, terwijl de boeren in Nederland zo\u2019n grote rol spelen en gespeeld hebben bij het tot stand komen van onze natuurcultuur. Ze pleit dan ook voor een betere samenwerking tussen deze werelden.<br>\u00a0<br><strong>Raquel Garc\u00eda Hermida- van der Walle<\/strong>, Europees kandidaat van D66, vindt op doelen sturen ok\u00e9, zolang het integraal gebeurd. Dit om te voorkomen dat je op stikstof of CO2 fantastische resultaten haalt, maar daarmee op biodiversiteitdoelen volledig de mist in gaat. De veestapel ziet zij, vanuit onze planetaire grenzen en dierenwelzijn, graag krimpen. Maar dat gaat in haar scenario gepaard met minimaal hetzelfde aantal boeren en bedrijven. Net als Ian van Volt is zij voor een echt democratisch Europa, waar het parlement dezelfde rechten krijgt als de tweede kamer in Nederland en het vetorecht wordt opgeheven.<br>\u00a0<br><strong>Transitiefonds<\/strong><br>Vanuit de zaal kwam de vraag waar het transitiefonds is gebleven. Laura Bromet moest daar enigszins cynisch op antwoorden dat die in het nieuwe hoofdlijnenakkoord van PVV\/NSC\/BBB\/VVD is gesneuveld en wordt ingezet om de komst van kerncentrales te financieren. Vanuit de boeren kwam de opmerking of zo\u2019n transitiefonds niet beter terecht kan komen bij de boeren die juist blijven en de transitie moeten gaan waarmaken in plaats van bij de stoppende boeren.\t<\/p>\t  <\/div>\n\t<\/div>\n  <\/div>\n\n\t<\/div>\n\n\t<div class=\"block-post-content__sidebar\">\n\t\t\n\t\t\n\t\t\t<\/div>\n<\/section>\n\t  <\/div>\n\t<\/div>\n  <\/div>\n\n\n<div\n  id=\"\"\n  class=\"wrapper  wrapper__spacing-bottom-large--50 wrapper__spacing-bottom-desktop--70 wrapper__spacing-bottom-mobile--50  wrapper__gutter--none\"\n  >\n  \t<div class=\"wrapper__container wrapper__container-width-large--default\">\n\t  <div class=\"wrapper__inner wrapper__width-large--18 wrapper__width-desktop--22 wrapper__width-mobile--24 wrapper__offset-large--6 wrapper__offset-desktop--2 wrapper__offset-mobile--0\">\n\t\t<section class=\"block-post-content\">\n\t<div class=\"block-post-content__title\">\n\t\t<h3 class=\"heading  heading__color--black heading__size--medium heading__font--sans heading__weight--bold  block-post-content__heading\" id=\"nav--strong-stem-op-6-juni---strong-713\" data-nav-heading-mobile=\"Stem op 6 juni!\">\n\t<strong>Stem op 6 juni!<\/strong><\/h3>\t<\/div>\n\t<div class=\"block-post-content__content\">\n\t\t\n<div\n  id=\"\"\n  class=\"wrapper  wrapper__spacing-bottom-large--30 wrapper__spacing-bottom-desktop--20  wrapper__gutter--none\"\n  >\n  \t<div class=\"wrapper__container wrapper__container-width-large--default\">\n\t  <div class=\"wrapper__inner wrapper__width-large--24 wrapper__width-mobile--24\">\n\t\t<p\n\t\tclass=\"paragraph paragraph__align--left paragraph__color--black paragraph__size--default   block-paragraph__paragraph\"\n\t\t\t>\n\t\tMet deze hoofdpunten vrees ik dat ik de diversiteit en kwaliteit van het debat tekort doe. Het was misschien wel eerder \u00e9\u00e9n groot keukentafelgesprek, waar over en weer naar elkaar werd geluisterd, mooie mogelijkheden en idee\u00ebn werden geopperd en veel werd geleerd.<br>\u00a0<br>Er blijkt dus nog veel te winnen en te bereiken op dit onderwerp. Des te belangrijker om 6 juni ook jouw stem hierin te laten horen.\t<\/p>\t  <\/div>\n\t<\/div>\n  <\/div>\n\n\t<\/div>\n\n\t<div class=\"block-post-content__sidebar\">\n\t\t\n\t\t\n\t\t\t<\/div>\n<\/section>\n\t  <\/div>\n\t<\/div>\n  <\/div>\n","protected":false},"excerpt":{"rendered":"<p>Op 21 mei organiseerden D66 en GroenLinks-PvdA Haarlemmermeer een debat over landbouw en natuurbeleid in Europa. Door de inbreng van wetenschap, praktijk, politiek en de &#8216;gewone&#8217; burger in de zaal, werd het een mooie en vooral leerzame avond.<\/p>\n","protected":false},"author":1314,"featured_media":2104,"comment_status":"open","ping_status":"open","sticky":false,"template":"","format":"standard","meta":{"_acf_changed":false,"footnotes":""},"categories":[1,34],"search-tags":[8,3,26,39],"labels":[],"class_list":["post-2103","post","type-post","status-publish","format-standard","has-post-thumbnail","hentry","category-d66","category-d66-afdeling-haarlemmermeer-aalsmeer","search-tags-europa","search-tags-klimaat","search-tags-lokaal","search-tags-verslag"],"acf":[],"yoast_head":"<!-- This site is optimized with the Yoast SEO plugin v27.3 - https:\/\/yoast.com\/product\/yoast-seo-wordpress\/ -->\n<title>D66 Haarlemmermeer &#8212; Verslag 21 mei - ons eten en onze omgeving van Haarlemmermeer tot Europa<\/title>\n<meta name=\"description\" content=\"Op 21 mei organiseerden D66 en GroenLinks-PvdA Haarlemmermeer een debat over landbouw en natuurbeleid in Europa. Door de inbreng van wetenschap, praktijk, politiek en de inwoners in de zaal, werd het een mooie en vooral leerzame avond.\" \/>\n<meta name=\"robots\" content=\"index, follow, max-snippet:-1, max-image-preview:large, max-video-preview:-1\" \/>\n<link rel=\"canonical\" href=\"https:\/\/d66.nl\/haarlemmermeer\/nieuws\/verslag-21-mei-ons-eten-en-onze-omgeving-van-haarlemmermeer-tot-europa\" \/>\n<meta property=\"og:locale\" content=\"nl_NL\" \/>\n<meta property=\"og:type\" content=\"article\" \/>\n<meta property=\"og:title\" content=\"D66 Haarlemmermeer &#8212; Verslag 21 mei - ons eten en onze omgeving van Haarlemmermeer tot Europa\" \/>\n<meta property=\"og:description\" content=\"Op 21 mei organiseerden D66 en GroenLinks-PvdA Haarlemmermeer een debat over landbouw en natuurbeleid in Europa. Door de inbreng van wetenschap, praktijk, politiek en de inwoners in de zaal, werd het een mooie en vooral leerzame avond.\" \/>\n<meta property=\"og:url\" content=\"https:\/\/d66.nl\/haarlemmermeer\/nieuws\/verslag-21-mei-ons-eten-en-onze-omgeving-van-haarlemmermeer-tot-europa\/\" \/>\n<meta property=\"og:site_name\" content=\"D66 Haarlemmermeer\" \/>\n<meta property=\"article:published_time\" content=\"2024-05-29T18:29:36+00:00\" \/>\n<meta property=\"article:modified_time\" content=\"2024-07-30T10:59:32+00:00\" \/>\n<meta property=\"og:image\" content=\"https:\/\/d66.nl\/haarlemmermeer\/wp-content\/uploads\/sites\/88\/2024\/05\/FA8B1171-B25C-48DB-A779-70375F2D8F88.jpeg\" \/>\n\t<meta property=\"og:image:width\" content=\"2000\" \/>\n\t<meta property=\"og:image:height\" content=\"1504\" \/>\n\t<meta property=\"og:image:type\" content=\"image\/jpeg\" \/>\n<meta name=\"author\" content=\"marieke-haaker\" \/>\n<meta name=\"twitter:card\" content=\"summary_large_image\" \/>\n<meta name=\"twitter:label1\" content=\"Geschreven door\" \/>\n\t<meta name=\"twitter:data1\" content=\"marieke-haaker\" \/>\n\t<meta name=\"twitter:label2\" content=\"Geschatte leestijd\" \/>\n\t<meta name=\"twitter:data2\" content=\"1 minuut\" \/>\n<script type=\"application\/ld+json\" class=\"yoast-schema-graph\">{\"@context\":\"https:\\\/\\\/schema.org\",\"@graph\":[{\"@type\":\"Article\",\"@id\":\"https:\\\/\\\/d66.nl\\\/haarlemmermeer\\\/nieuws\\\/verslag-21-mei-ons-eten-en-onze-omgeving-van-haarlemmermeer-tot-europa\\\/#article\",\"isPartOf\":{\"@id\":\"https:\\\/\\\/d66.nl\\\/haarlemmermeer\\\/nieuws\\\/verslag-21-mei-ons-eten-en-onze-omgeving-van-haarlemmermeer-tot-europa\\\/\"},\"author\":{\"name\":\"marieke-haaker\",\"@id\":\"https:\\\/\\\/d66.nl\\\/haarlemmermeer\\\/#\\\/schema\\\/person\\\/4412284c499dc9249c6b9788401ef9ad\"},\"headline\":\"Verslag 21 mei &#8211; ons eten en onze omgeving van Haarlemmermeer tot Europa\",\"datePublished\":\"2024-05-29T18:29:36+00:00\",\"dateModified\":\"2024-07-30T10:59:32+00:00\",\"mainEntityOfPage\":{\"@id\":\"https:\\\/\\\/d66.nl\\\/haarlemmermeer\\\/nieuws\\\/verslag-21-mei-ons-eten-en-onze-omgeving-van-haarlemmermeer-tot-europa\\\/\"},\"wordCount\":12,\"commentCount\":0,\"publisher\":{\"@id\":\"https:\\\/\\\/d66.nl\\\/haarlemmermeer\\\/#organization\"},\"image\":{\"@id\":\"https:\\\/\\\/d66.nl\\\/haarlemmermeer\\\/nieuws\\\/verslag-21-mei-ons-eten-en-onze-omgeving-van-haarlemmermeer-tot-europa\\\/#primaryimage\"},\"thumbnailUrl\":\"https:\\\/\\\/d66.nl\\\/haarlemmermeer\\\/wp-content\\\/uploads\\\/sites\\\/88\\\/2024\\\/05\\\/FA8B1171-B25C-48DB-A779-70375F2D8F88.jpeg\",\"articleSection\":[\"D66\",\"D66 afdeling Haarlemmermeer - Aalsmeer\"],\"inLanguage\":\"nl-NL\",\"potentialAction\":[{\"@type\":\"CommentAction\",\"name\":\"Comment\",\"target\":[\"https:\\\/\\\/d66.nl\\\/haarlemmermeer\\\/nieuws\\\/verslag-21-mei-ons-eten-en-onze-omgeving-van-haarlemmermeer-tot-europa\\\/#respond\"]}]},{\"@type\":\"WebPage\",\"@id\":\"https:\\\/\\\/d66.nl\\\/haarlemmermeer\\\/nieuws\\\/verslag-21-mei-ons-eten-en-onze-omgeving-van-haarlemmermeer-tot-europa\\\/\",\"url\":\"https:\\\/\\\/d66.nl\\\/haarlemmermeer\\\/nieuws\\\/verslag-21-mei-ons-eten-en-onze-omgeving-van-haarlemmermeer-tot-europa\\\/\",\"name\":\"D66 Haarlemmermeer &#8212; Verslag 21 mei - ons eten en onze omgeving van Haarlemmermeer tot Europa\",\"isPartOf\":{\"@id\":\"https:\\\/\\\/d66.nl\\\/haarlemmermeer\\\/#website\"},\"primaryImageOfPage\":{\"@id\":\"https:\\\/\\\/d66.nl\\\/haarlemmermeer\\\/nieuws\\\/verslag-21-mei-ons-eten-en-onze-omgeving-van-haarlemmermeer-tot-europa\\\/#primaryimage\"},\"image\":{\"@id\":\"https:\\\/\\\/d66.nl\\\/haarlemmermeer\\\/nieuws\\\/verslag-21-mei-ons-eten-en-onze-omgeving-van-haarlemmermeer-tot-europa\\\/#primaryimage\"},\"thumbnailUrl\":\"https:\\\/\\\/d66.nl\\\/haarlemmermeer\\\/wp-content\\\/uploads\\\/sites\\\/88\\\/2024\\\/05\\\/FA8B1171-B25C-48DB-A779-70375F2D8F88.jpeg\",\"datePublished\":\"2024-05-29T18:29:36+00:00\",\"dateModified\":\"2024-07-30T10:59:32+00:00\",\"description\":\"Op 21 mei organiseerden D66 en GroenLinks-PvdA Haarlemmermeer een debat over landbouw en natuurbeleid in Europa. Door de inbreng van wetenschap, praktijk, politiek en de inwoners in de zaal, werd het een mooie en vooral leerzame avond.\",\"breadcrumb\":{\"@id\":\"https:\\\/\\\/d66.nl\\\/haarlemmermeer\\\/nieuws\\\/verslag-21-mei-ons-eten-en-onze-omgeving-van-haarlemmermeer-tot-europa\\\/#breadcrumb\"},\"inLanguage\":\"nl-NL\",\"potentialAction\":[{\"@type\":\"ReadAction\",\"target\":[\"https:\\\/\\\/d66.nl\\\/haarlemmermeer\\\/nieuws\\\/verslag-21-mei-ons-eten-en-onze-omgeving-van-haarlemmermeer-tot-europa\\\/\"]}]},{\"@type\":\"ImageObject\",\"inLanguage\":\"nl-NL\",\"@id\":\"https:\\\/\\\/d66.nl\\\/haarlemmermeer\\\/nieuws\\\/verslag-21-mei-ons-eten-en-onze-omgeving-van-haarlemmermeer-tot-europa\\\/#primaryimage\",\"url\":\"https:\\\/\\\/d66.nl\\\/haarlemmermeer\\\/wp-content\\\/uploads\\\/sites\\\/88\\\/2024\\\/05\\\/FA8B1171-B25C-48DB-A779-70375F2D8F88.jpeg\",\"contentUrl\":\"https:\\\/\\\/d66.nl\\\/haarlemmermeer\\\/wp-content\\\/uploads\\\/sites\\\/88\\\/2024\\\/05\\\/FA8B1171-B25C-48DB-A779-70375F2D8F88.jpeg\",\"width\":2000,\"height\":1504,\"caption\":\"europees debat over landbouw en natuur in Haarlemmermeer\"},{\"@type\":\"BreadcrumbList\",\"@id\":\"https:\\\/\\\/d66.nl\\\/haarlemmermeer\\\/nieuws\\\/verslag-21-mei-ons-eten-en-onze-omgeving-van-haarlemmermeer-tot-europa\\\/#breadcrumb\",\"itemListElement\":[{\"@type\":\"ListItem\",\"position\":1,\"name\":\"Home\",\"item\":\"https:\\\/\\\/d66.nl\\\/haarlemmermeer\\\/\"},{\"@type\":\"ListItem\",\"position\":2,\"name\":\"Nieuws\",\"item\":\"https:\\\/\\\/d66.nl\\\/haarlemmermeer\\\/nieuws\\\/\"},{\"@type\":\"ListItem\",\"position\":3,\"name\":\"Verslag 21 mei &#8211; ons eten en onze omgeving van Haarlemmermeer tot Europa\"}]},{\"@type\":\"WebSite\",\"@id\":\"https:\\\/\\\/d66.nl\\\/haarlemmermeer\\\/#website\",\"url\":\"https:\\\/\\\/d66.nl\\\/haarlemmermeer\\\/\",\"name\":\"D66 Haarlemmermeer\",\"description\":\"Just another D66 Sites site\",\"publisher\":{\"@id\":\"https:\\\/\\\/d66.nl\\\/haarlemmermeer\\\/#organization\"},\"potentialAction\":[{\"@type\":\"SearchAction\",\"target\":{\"@type\":\"EntryPoint\",\"urlTemplate\":\"https:\\\/\\\/d66.nl\\\/haarlemmermeer\\\/?s={search_term_string}\"},\"query-input\":{\"@type\":\"PropertyValueSpecification\",\"valueRequired\":true,\"valueName\":\"search_term_string\"}}],\"inLanguage\":\"nl-NL\"},{\"@type\":\"Organization\",\"@id\":\"https:\\\/\\\/d66.nl\\\/haarlemmermeer\\\/#organization\",\"name\":\"D66\",\"url\":\"https:\\\/\\\/d66.nl\\\/haarlemmermeer\\\/\",\"logo\":{\"@type\":\"ImageObject\",\"inLanguage\":\"nl-NL\",\"@id\":\"https:\\\/\\\/d66.nl\\\/haarlemmermeer\\\/#\\\/schema\\\/logo\\\/image\\\/\",\"url\":\"https:\\\/\\\/d66.nl\\\/haarlemmermeer\\\/wp-content\\\/uploads\\\/sites\\\/2\\\/2021\\\/10\\\/d66-themas-algemeen-og.png\",\"contentUrl\":\"https:\\\/\\\/d66.nl\\\/haarlemmermeer\\\/wp-content\\\/uploads\\\/sites\\\/2\\\/2021\\\/10\\\/d66-themas-algemeen-og.png\",\"width\":1200,\"height\":628,\"caption\":\"D66\"},\"image\":{\"@id\":\"https:\\\/\\\/d66.nl\\\/haarlemmermeer\\\/#\\\/schema\\\/logo\\\/image\\\/\"}},{\"@type\":\"Person\",\"@id\":\"https:\\\/\\\/d66.nl\\\/haarlemmermeer\\\/#\\\/schema\\\/person\\\/4412284c499dc9249c6b9788401ef9ad\",\"name\":\"marieke-haaker\",\"image\":{\"@type\":\"ImageObject\",\"inLanguage\":\"nl-NL\",\"@id\":\"https:\\\/\\\/secure.gravatar.com\\\/avatar\\\/13e1c56f9c6c422a0d8aa362cd5ecb11df43ecd70a4c14e3fbcc0c4b407803f2?s=96&d=mm&r=g\",\"url\":\"https:\\\/\\\/secure.gravatar.com\\\/avatar\\\/13e1c56f9c6c422a0d8aa362cd5ecb11df43ecd70a4c14e3fbcc0c4b407803f2?s=96&d=mm&r=g\",\"contentUrl\":\"https:\\\/\\\/secure.gravatar.com\\\/avatar\\\/13e1c56f9c6c422a0d8aa362cd5ecb11df43ecd70a4c14e3fbcc0c4b407803f2?s=96&d=mm&r=g\",\"caption\":\"marieke-haaker\"}}]}<\/script>\n<!-- \/ Yoast SEO plugin. -->","yoast_head_json":{"title":"D66 Haarlemmermeer &#8212; Verslag 21 mei - ons eten en onze omgeving van Haarlemmermeer tot Europa","description":"Op 21 mei organiseerden D66 en GroenLinks-PvdA Haarlemmermeer een debat over landbouw en natuurbeleid in Europa. Door de inbreng van wetenschap, praktijk, politiek en de inwoners in de zaal, werd het een mooie en vooral leerzame avond.","robots":{"index":"index","follow":"follow","max-snippet":"max-snippet:-1","max-image-preview":"max-image-preview:large","max-video-preview":"max-video-preview:-1"},"canonical":"https:\/\/d66.nl\/haarlemmermeer\/nieuws\/verslag-21-mei-ons-eten-en-onze-omgeving-van-haarlemmermeer-tot-europa","og_locale":"nl_NL","og_type":"article","og_title":"D66 Haarlemmermeer &#8212; Verslag 21 mei - ons eten en onze omgeving van Haarlemmermeer tot Europa","og_description":"Op 21 mei organiseerden D66 en GroenLinks-PvdA Haarlemmermeer een debat over landbouw en natuurbeleid in Europa. Door de inbreng van wetenschap, praktijk, politiek en de inwoners in de zaal, werd het een mooie en vooral leerzame avond.","og_url":"https:\/\/d66.nl\/haarlemmermeer\/nieuws\/verslag-21-mei-ons-eten-en-onze-omgeving-van-haarlemmermeer-tot-europa\/","og_site_name":"D66 Haarlemmermeer","article_published_time":"2024-05-29T18:29:36+00:00","article_modified_time":"2024-07-30T10:59:32+00:00","og_image":[{"width":2000,"height":1504,"url":"https:\/\/d66.nl\/haarlemmermeer\/wp-content\/uploads\/sites\/88\/2024\/05\/FA8B1171-B25C-48DB-A779-70375F2D8F88.jpeg","type":"image\/jpeg"}],"author":"marieke-haaker","twitter_card":"summary_large_image","twitter_misc":{"Geschreven door":"marieke-haaker","Geschatte leestijd":"1 minuut"},"schema":{"@context":"https:\/\/schema.org","@graph":[{"@type":"Article","@id":"https:\/\/d66.nl\/haarlemmermeer\/nieuws\/verslag-21-mei-ons-eten-en-onze-omgeving-van-haarlemmermeer-tot-europa\/#article","isPartOf":{"@id":"https:\/\/d66.nl\/haarlemmermeer\/nieuws\/verslag-21-mei-ons-eten-en-onze-omgeving-van-haarlemmermeer-tot-europa\/"},"author":{"name":"marieke-haaker","@id":"https:\/\/d66.nl\/haarlemmermeer\/#\/schema\/person\/4412284c499dc9249c6b9788401ef9ad"},"headline":"Verslag 21 mei &#8211; ons eten en onze omgeving van Haarlemmermeer tot Europa","datePublished":"2024-05-29T18:29:36+00:00","dateModified":"2024-07-30T10:59:32+00:00","mainEntityOfPage":{"@id":"https:\/\/d66.nl\/haarlemmermeer\/nieuws\/verslag-21-mei-ons-eten-en-onze-omgeving-van-haarlemmermeer-tot-europa\/"},"wordCount":12,"commentCount":0,"publisher":{"@id":"https:\/\/d66.nl\/haarlemmermeer\/#organization"},"image":{"@id":"https:\/\/d66.nl\/haarlemmermeer\/nieuws\/verslag-21-mei-ons-eten-en-onze-omgeving-van-haarlemmermeer-tot-europa\/#primaryimage"},"thumbnailUrl":"https:\/\/d66.nl\/haarlemmermeer\/wp-content\/uploads\/sites\/88\/2024\/05\/FA8B1171-B25C-48DB-A779-70375F2D8F88.jpeg","articleSection":["D66","D66 afdeling Haarlemmermeer - Aalsmeer"],"inLanguage":"nl-NL","potentialAction":[{"@type":"CommentAction","name":"Comment","target":["https:\/\/d66.nl\/haarlemmermeer\/nieuws\/verslag-21-mei-ons-eten-en-onze-omgeving-van-haarlemmermeer-tot-europa\/#respond"]}]},{"@type":"WebPage","@id":"https:\/\/d66.nl\/haarlemmermeer\/nieuws\/verslag-21-mei-ons-eten-en-onze-omgeving-van-haarlemmermeer-tot-europa\/","url":"https:\/\/d66.nl\/haarlemmermeer\/nieuws\/verslag-21-mei-ons-eten-en-onze-omgeving-van-haarlemmermeer-tot-europa\/","name":"D66 Haarlemmermeer &#8212; Verslag 21 mei - ons eten en onze omgeving van Haarlemmermeer tot Europa","isPartOf":{"@id":"https:\/\/d66.nl\/haarlemmermeer\/#website"},"primaryImageOfPage":{"@id":"https:\/\/d66.nl\/haarlemmermeer\/nieuws\/verslag-21-mei-ons-eten-en-onze-omgeving-van-haarlemmermeer-tot-europa\/#primaryimage"},"image":{"@id":"https:\/\/d66.nl\/haarlemmermeer\/nieuws\/verslag-21-mei-ons-eten-en-onze-omgeving-van-haarlemmermeer-tot-europa\/#primaryimage"},"thumbnailUrl":"https:\/\/d66.nl\/haarlemmermeer\/wp-content\/uploads\/sites\/88\/2024\/05\/FA8B1171-B25C-48DB-A779-70375F2D8F88.jpeg","datePublished":"2024-05-29T18:29:36+00:00","dateModified":"2024-07-30T10:59:32+00:00","description":"Op 21 mei organiseerden D66 en GroenLinks-PvdA Haarlemmermeer een debat over landbouw en natuurbeleid in Europa. Door de inbreng van wetenschap, praktijk, politiek en de inwoners in de zaal, werd het een mooie en vooral leerzame avond.","breadcrumb":{"@id":"https:\/\/d66.nl\/haarlemmermeer\/nieuws\/verslag-21-mei-ons-eten-en-onze-omgeving-van-haarlemmermeer-tot-europa\/#breadcrumb"},"inLanguage":"nl-NL","potentialAction":[{"@type":"ReadAction","target":["https:\/\/d66.nl\/haarlemmermeer\/nieuws\/verslag-21-mei-ons-eten-en-onze-omgeving-van-haarlemmermeer-tot-europa\/"]}]},{"@type":"ImageObject","inLanguage":"nl-NL","@id":"https:\/\/d66.nl\/haarlemmermeer\/nieuws\/verslag-21-mei-ons-eten-en-onze-omgeving-van-haarlemmermeer-tot-europa\/#primaryimage","url":"https:\/\/d66.nl\/haarlemmermeer\/wp-content\/uploads\/sites\/88\/2024\/05\/FA8B1171-B25C-48DB-A779-70375F2D8F88.jpeg","contentUrl":"https:\/\/d66.nl\/haarlemmermeer\/wp-content\/uploads\/sites\/88\/2024\/05\/FA8B1171-B25C-48DB-A779-70375F2D8F88.jpeg","width":2000,"height":1504,"caption":"europees debat over landbouw en natuur in Haarlemmermeer"},{"@type":"BreadcrumbList","@id":"https:\/\/d66.nl\/haarlemmermeer\/nieuws\/verslag-21-mei-ons-eten-en-onze-omgeving-van-haarlemmermeer-tot-europa\/#breadcrumb","itemListElement":[{"@type":"ListItem","position":1,"name":"Home","item":"https:\/\/d66.nl\/haarlemmermeer\/"},{"@type":"ListItem","position":2,"name":"Nieuws","item":"https:\/\/d66.nl\/haarlemmermeer\/nieuws\/"},{"@type":"ListItem","position":3,"name":"Verslag 21 mei &#8211; ons eten en onze omgeving van Haarlemmermeer tot Europa"}]},{"@type":"WebSite","@id":"https:\/\/d66.nl\/haarlemmermeer\/#website","url":"https:\/\/d66.nl\/haarlemmermeer\/","name":"D66 Haarlemmermeer","description":"Just another D66 Sites site","publisher":{"@id":"https:\/\/d66.nl\/haarlemmermeer\/#organization"},"potentialAction":[{"@type":"SearchAction","target":{"@type":"EntryPoint","urlTemplate":"https:\/\/d66.nl\/haarlemmermeer\/?s={search_term_string}"},"query-input":{"@type":"PropertyValueSpecification","valueRequired":true,"valueName":"search_term_string"}}],"inLanguage":"nl-NL"},{"@type":"Organization","@id":"https:\/\/d66.nl\/haarlemmermeer\/#organization","name":"D66","url":"https:\/\/d66.nl\/haarlemmermeer\/","logo":{"@type":"ImageObject","inLanguage":"nl-NL","@id":"https:\/\/d66.nl\/haarlemmermeer\/#\/schema\/logo\/image\/","url":"https:\/\/d66.nl\/haarlemmermeer\/wp-content\/uploads\/sites\/2\/2021\/10\/d66-themas-algemeen-og.png","contentUrl":"https:\/\/d66.nl\/haarlemmermeer\/wp-content\/uploads\/sites\/2\/2021\/10\/d66-themas-algemeen-og.png","width":1200,"height":628,"caption":"D66"},"image":{"@id":"https:\/\/d66.nl\/haarlemmermeer\/#\/schema\/logo\/image\/"}},{"@type":"Person","@id":"https:\/\/d66.nl\/haarlemmermeer\/#\/schema\/person\/4412284c499dc9249c6b9788401ef9ad","name":"marieke-haaker","image":{"@type":"ImageObject","inLanguage":"nl-NL","@id":"https:\/\/secure.gravatar.com\/avatar\/13e1c56f9c6c422a0d8aa362cd5ecb11df43ecd70a4c14e3fbcc0c4b407803f2?s=96&d=mm&r=g","url":"https:\/\/secure.gravatar.com\/avatar\/13e1c56f9c6c422a0d8aa362cd5ecb11df43ecd70a4c14e3fbcc0c4b407803f2?s=96&d=mm&r=g","contentUrl":"https:\/\/secure.gravatar.com\/avatar\/13e1c56f9c6c422a0d8aa362cd5ecb11df43ecd70a4c14e3fbcc0c4b407803f2?s=96&d=mm&r=g","caption":"marieke-haaker"}}]}},"_links":{"self":[{"href":"https:\/\/d66.nl\/haarlemmermeer\/wp-json\/wp\/v2\/posts\/2103","targetHints":{"allow":["GET"]}}],"collection":[{"href":"https:\/\/d66.nl\/haarlemmermeer\/wp-json\/wp\/v2\/posts"}],"about":[{"href":"https:\/\/d66.nl\/haarlemmermeer\/wp-json\/wp\/v2\/types\/post"}],"author":[{"embeddable":true,"href":"https:\/\/d66.nl\/haarlemmermeer\/wp-json\/wp\/v2\/users\/1314"}],"replies":[{"embeddable":true,"href":"https:\/\/d66.nl\/haarlemmermeer\/wp-json\/wp\/v2\/comments?post=2103"}],"version-history":[{"count":10,"href":"https:\/\/d66.nl\/haarlemmermeer\/wp-json\/wp\/v2\/posts\/2103\/revisions"}],"predecessor-version":[{"id":2196,"href":"https:\/\/d66.nl\/haarlemmermeer\/wp-json\/wp\/v2\/posts\/2103\/revisions\/2196"}],"wp:featuredmedia":[{"embeddable":true,"href":"https:\/\/d66.nl\/haarlemmermeer\/wp-json\/wp\/v2\/media\/2104"}],"wp:attachment":[{"href":"https:\/\/d66.nl\/haarlemmermeer\/wp-json\/wp\/v2\/media?parent=2103"}],"wp:term":[{"taxonomy":"category","embeddable":true,"href":"https:\/\/d66.nl\/haarlemmermeer\/wp-json\/wp\/v2\/categories?post=2103"},{"taxonomy":"search-tags","embeddable":true,"href":"https:\/\/d66.nl\/haarlemmermeer\/wp-json\/wp\/v2\/search-tags?post=2103"},{"taxonomy":"labels","embeddable":true,"href":"https:\/\/d66.nl\/haarlemmermeer\/wp-json\/wp\/v2\/labels?post=2103"}],"curies":[{"name":"wp","href":"https:\/\/api.w.org\/{rel}","templated":true}]}}