{"id":2899,"date":"2026-03-13T14:16:02","date_gmt":"2026-03-13T14:16:02","guid":{"rendered":"https:\/\/d66.nl\/haarlem\/nieuws\/"},"modified":"2026-03-16T09:13:36","modified_gmt":"2026-03-16T09:13:36","slug":"dit-zijn-de-leraren-van-het-jaar-2026","status":"publish","type":"post","link":"https:\/\/d66.nl\/haarlem\/nieuws\/dit-zijn-de-leraren-van-het-jaar-2026","title":{"rendered":"Dit zijn de leraren van het jaar 2026"},"content":{"rendered":"<div\n  id=\"\"\n  class=\"wrapper  wrapper__spacing-bottom-large--30 wrapper__spacing-bottom-desktop--20 wrapper__spacing-bottom-mobile--20  wrapper__gutter--none\"\n  >\n  \t<div class=\"wrapper__container wrapper__container-width-large--default\">\n\t  <div class=\"wrapper__inner wrapper__width-large--14 wrapper__width-desktop--20 wrapper__width-mobile--24 wrapper__offset-large--6 wrapper__offset-desktop--2 wrapper__offset-mobile--0\">\n\t\t<h1 class=\"heading   heading__size--giant heading__font--serif heading__weight--regular  block-heading__heading\" id=\"nav-dit-zijn-de-leraren-van-het-jaar-20265437\"  data-nav-heading-mobile=\"Dit zijn de leraren van het jaar 2026\" >\n\tDit zijn de leraren van het jaar 2026<\/h1>\t  <\/div>\n\t<\/div>\n  <\/div>\n\n\n<div\n  id=\"\"\n  class=\"wrapper  wrapper__spacing-bottom-large--20 wrapper__spacing-bottom-desktop--10 wrapper__spacing-bottom-mobile--10  wrapper__gutter--none\"\n  >\n  \t<div class=\"wrapper__container wrapper__container-width-large--default\">\n\t  <div class=\"wrapper__inner wrapper__width-large--13 wrapper__width-desktop--20 wrapper__width-mobile--24 wrapper__offset-large--6 wrapper__offset-desktop--2 wrapper__offset-mobile--0\">\n\t\t<p\n\t\tclass=\"paragraph   paragraph__size--big   block-paragraph__paragraph\"\n\t\t\t>\n\t\tD66 Haarlem heeft twee winnaars uitgeroepen in de verkiezing \u2018Haarlemse Leraar van het Jaar\u2019: Sander Leppink van het Coornhert Lyceum en Anne Kl\u00fccken van Vrije School Kennemerland in Haarlem-Noord. Donderdagochtend reikte D66-lijsttrekker Steven Jonker samen met D66-onderwijswethouder Bas van Leeuwen de beker en een taart uit op de scholen van de winnaars.\t<\/p>\t  <\/div>\n\t<\/div>\n  <\/div>\n\n\n<div\n  id=\"\"\n  class=\"wrapper  wrapper__spacing-bottom-large--20  wrapper__gutter--none\"\n  >\n  \t<div class=\"wrapper__container wrapper__container-width-large--default\">\n\t  <div class=\"wrapper__inner wrapper__width-large--24 wrapper__width-mobile--24\">\n\t\t<img loading=\"lazy\" decoding=\"async\" width=\"1024\" height=\"758\" src=\"https:\/\/media.d66.nl\/uploads\/sites\/86\/2026\/03\/Leraar-Coornhert-1024x758.jpeg\" class=\"image block-image__img\" alt=\"\" srcset=\"https:\/\/media.d66.nl\/uploads\/sites\/86\/2026\/03\/Leraar-Coornhert-1024x758.jpeg 1024w, https:\/\/media.d66.nl\/uploads\/sites\/86\/2026\/03\/Leraar-Coornhert-300x222.jpeg 300w, https:\/\/media.d66.nl\/uploads\/sites\/86\/2026\/03\/Leraar-Coornhert-768x569.jpeg 768w, https:\/\/media.d66.nl\/uploads\/sites\/86\/2026\/03\/Leraar-Coornhert-1536x1137.jpeg 1536w, https:\/\/media.d66.nl\/uploads\/sites\/86\/2026\/03\/Leraar-Coornhert-2048x1516.jpeg 2048w\" sizes=\"auto, (max-width: 1024px) 100vw, 1024px\" \/>\n\t\t\t<div class=\"image__caption-wrapper block-image__caption-wrapper\">\n\t\t\t<div class=\"image__caption block-image__caption\">\n\t\t\t\t<p class=\"paragraph paragraph__align--left paragraph__color--black paragraph__size--small paragraph__weight--medium\">\n\t\t<span style=\"color: red\">LET OP: auteursrechten ontbreken<\/span>. <a href=\"https:\/\/d66.nl\/haarlem\/wp-admin\/upload.php?item=2902\">S.v.p. de auteursrechten invullen voor deze afbeelding<\/a> before using it.\t<\/p>\t\t\t<\/div>\n\t\t<\/div>\t  <\/div>\n\t<\/div>\n  <\/div>\n\n\n<div\n  id=\"\"\n  class=\"wrapper  wrapper__spacing-bottom-large--20 wrapper__spacing-bottom-desktop--50 wrapper__spacing-bottom-mobile--10  wrapper__gutter--none\"\n  >\n  \t<div class=\"wrapper__container wrapper__container-width-large--default\">\n\t  <div class=\"wrapper__inner wrapper__width-large--14 wrapper__width-desktop--24 wrapper__width-mobile--24 wrapper__offset-large--6 wrapper__offset-desktop--2 wrapper__offset-mobile--0\">\n\t\t<section class=\"block-related-post-metadata js-block-related-post-metadata\">\n\t<div class=\"block-related-post-metadata__content-wrapper\">\n\t\t<div class=\"block-related-post-metadata__persons\">\n\t\t\t\t\t<\/div>\n\t\t<div class=\"block-related-post-metadata__meta\">\n\t\t\t<div class=\"block-related-post-metadata__date\">\n\t\t\t\t13.03.2026<div class=\"post-share js-post-share rs_skip_always\">\n\t<button class=\"post-share__share-button js-post-share-share-button\">\n\t\tShare\t\t<svg xmlns='http:\/\/www.w3.org\/2000\/svg' width='100px' height='100px' viewBox='0 0 24 24' fill='none'><path d='m8.684 10.658 6.629-3.314m.003 9.314-6.622-3.311M21 6a3 3 0 1 1-6 0 3 3 0 0 1 6 0ZM9 12a3 3 0 1 1-6 0 3 3 0 0 1 6 0Zm12 6a3 3 0 1 1-6 0 3 3 0 0 1 6 0Z' stroke='currentColor' stroke-width='1.5' fill='none'\/><\/svg>\t<\/button>\n\t<dialog class=\"post-share__dialog js-post-share-dialog\" aria-hidden=\"true\">\n\t\t<div class=\"post-share__dialog-header\">\n\t\t\tShare this post\t\t\t<button class=\"post-share__dialog-close js-post-share-dialog-close\">\n\t\t\t\t<svg xmlns='http:\/\/www.w3.org\/2000\/svg' width='150' height='150' viewBox='0 0 150 150' fill='none'><path d='M44.103 105.897 75 75m30.898-30.898L75 75m0 0L44.103 44.102M75 75l30.898 30.897' stroke='currentColor' stroke-width='5' fill='none'\/><\/svg>\t\t\t<\/button>\n\t\t<\/div>\n\t\t<div class=\"post-share__dialog-socials\">\n\t\t\t\t\t\t\t\t\t\t\t<a class=\"post-share__dialog-item js-post-share-dialog-item\" href=\"#\" target=\"_blank\" data-copy=&quot;true&quot;>\n\t\t\t\t\tKopier link<svg xmlns='http:\/\/www.w3.org\/2000\/svg' width='150' height='150' viewBox='0 0 150 150' fill='none'><path d='M67.468 108.679c-8.533-.512-14.164-3.583-17.407-9.983-3.242-6.314-2.815-12.713 1.195-18.6 1.706-2.56 3.584-5.035 5.46-7.594 1.537-2.048 3.584-2.475 5.462-1.195 2.047 1.45 2.389 3.498.938 5.632-1.706 2.474-3.584 4.948-5.29 7.423-3.242 4.778-2.304 11.092 2.133 14.334 4.864 3.584 11.092 2.731 14.761-1.962 1.963-2.475 3.754-5.12 5.632-7.68 1.194-1.535 2.645-2.218 4.607-1.28 1.792.854 2.645 2.39 2.304 4.267 0 .17 0 .427-.17.597-3.67 5.12-6.4 11.178-12.544 13.993-2.56 1.195-5.46 1.707-6.996 2.219l-.085-.171Z' fill='currentColor'\/><path d='M86.921 44.6c6.144.257 11.605 3.328 14.932 9.728 3.328 6.399 2.816 12.798-1.109 18.856-1.621 2.56-3.498 4.95-5.29 7.424-1.707 2.303-3.754 2.815-5.717 1.45-2.048-1.45-2.304-3.669-.597-6.058 1.621-2.304 3.328-4.608 4.949-6.911 3.498-4.95 2.56-11.348-2.133-14.761-4.779-3.499-11.178-2.475-14.847 2.56-1.792 2.388-3.498 4.863-5.205 7.252-1.62 2.218-3.583 2.56-5.546 1.11-1.877-1.366-2.218-3.414-.768-5.462 2.048-2.986 4.01-5.972 6.314-8.703 3.67-4.351 8.448-6.399 15.103-6.399l-.086-.085Z' fill='currentColor'\/><path d='M71.478 88.457c-3.498-.341-5.46-3.413-3.754-6.143 3.327-5.29 6.825-10.495 10.324-15.7 1.45-2.133 3.413-2.389 5.46-1.109 1.878 1.28 2.219 3.413.854 5.546-3.328 5.034-6.57 9.983-9.983 14.932-.683 1.024-1.963 1.621-2.901 2.389v.085Z' fill='currentColor'\/><\/svg>\t\t\t\t<\/a>\n\t\t\t\t\t\t\t\t\t\t\t<a class=\"post-share__dialog-item js-post-share-dialog-item\" href=\"mailto:?to=%20&amp;body=https%3A%2F%2Fd66.nl%2Fhaarlem%2Fnieuws%2Fdit-zijn-de-leraren-van-het-jaar-2026\" target=\"_blank\" >\n\t\t\t\t\tMail<svg xmlns='http:\/\/www.w3.org\/2000\/svg' width='40' height='40' viewBox='0 0 40 40' fill='none'><path d='M24.107 15.865a1 1 0 0 1 1.266 1.265l-1.686 5.052a1 1 0 0 1-1.654.392l-3.37-3.37a1.001 1.001 0 0 1 .392-1.654l5.052-1.685Z' fill='currentColor'\/><path d='m21.763 19.475-5.657 5.657' stroke='currentColor' stroke-width='2' stroke-linecap='round' fill='none'\/><\/svg>\t\t\t\t<\/a>\n\t\t\t\t\t\t\t\t\t\t\t<a class=\"post-share__dialog-item js-post-share-dialog-item\" href=\"https:\/\/www.linkedin.com\/sharing\/share-offsite\/?url=https%3A%2F%2Fd66.nl%2Fhaarlem%2Fnieuws%2Fdit-zijn-de-leraren-van-het-jaar-2026\" target=\"_blank\" >\n\t\t\t\t\tLinkedIn<svg xmlns='http:\/\/www.w3.org\/2000\/svg' width='40' height='40' viewBox='0 0 40 40' fill='none'><path d='M24.107 15.865a1 1 0 0 1 1.266 1.265l-1.686 5.052a1 1 0 0 1-1.654.392l-3.37-3.37a1.001 1.001 0 0 1 .392-1.654l5.052-1.685Z' fill='currentColor'\/><path d='m21.763 19.475-5.657 5.657' stroke='currentColor' stroke-width='2' stroke-linecap='round' fill='none'\/><\/svg>\t\t\t\t<\/a>\n\t\t\t\t\t\t\t\t\t\t\t<a class=\"post-share__dialog-item js-post-share-dialog-item\" href=\"https:\/\/www.facebook.com\/sharer\/sharer.php?u=https%3A%2F%2Fd66.nl%2Fhaarlem%2Fnieuws%2Fdit-zijn-de-leraren-van-het-jaar-2026\" target=\"_blank\" >\n\t\t\t\t\tFacebook<svg xmlns='http:\/\/www.w3.org\/2000\/svg' width='40' height='40' viewBox='0 0 40 40' fill='none'><path d='M24.107 15.865a1 1 0 0 1 1.266 1.265l-1.686 5.052a1 1 0 0 1-1.654.392l-3.37-3.37a1.001 1.001 0 0 1 .392-1.654l5.052-1.685Z' fill='currentColor'\/><path d='m21.763 19.475-5.657 5.657' stroke='currentColor' stroke-width='2' stroke-linecap='round' fill='none'\/><\/svg>\t\t\t\t<\/a>\n\t\t\t\t\t\t\t\t\t\t\t<a class=\"post-share__dialog-item js-post-share-dialog-item\" href=\"whatsapp:\/\/send?text=https%3A%2F%2Fd66.nl%2Fhaarlem%2Fnieuws%2Fdit-zijn-de-leraren-van-het-jaar-2026\" target=\"_blank\" >\n\t\t\t\t\tWhatsApp<svg xmlns='http:\/\/www.w3.org\/2000\/svg' width='40' height='40' viewBox='0 0 40 40' fill='none'><path d='M24.107 15.865a1 1 0 0 1 1.266 1.265l-1.686 5.052a1 1 0 0 1-1.654.392l-3.37-3.37a1.001 1.001 0 0 1 .392-1.654l5.052-1.685Z' fill='currentColor'\/><path d='m21.763 19.475-5.657 5.657' stroke='currentColor' stroke-width='2' stroke-linecap='round' fill='none'\/><\/svg>\t\t\t\t<\/a>\n\t\t\t\t\t\t\t\t\t\t\t<a class=\"post-share__dialog-item js-post-share-dialog-item\" href=\"https:\/\/x.com\/intent\/post?url=https%3A%2F%2Fd66.nl%2Fhaarlem%2Fnieuws%2Fdit-zijn-de-leraren-van-het-jaar-2026\" target=\"_blank\" >\n\t\t\t\t\tTwitter (X)<svg xmlns='http:\/\/www.w3.org\/2000\/svg' width='40' height='40' viewBox='0 0 40 40' fill='none'><path d='M24.107 15.865a1 1 0 0 1 1.266 1.265l-1.686 5.052a1 1 0 0 1-1.654.392l-3.37-3.37a1.001 1.001 0 0 1 .392-1.654l5.052-1.685Z' fill='currentColor'\/><path d='m21.763 19.475-5.657 5.657' stroke='currentColor' stroke-width='2' stroke-linecap='round' fill='none'\/><\/svg>\t\t\t\t<\/a>\n\t\t\t\t\t<\/div>\n\t<\/dialog>\n<\/div>\t\t\t<\/div>\n\t\t\t<div class=\"block-related-post-metadata__categories\">\n\t\t\t\t<div class=\"category-link__wrapper\">\n\t\t\t<div class=\"category-link__item\">\n\t\t\t<a href=\"https:\/\/d66.nl\/haarlem\/category\/d66\/\">\n\t\t\t\tD66\t\t\t<\/a>\n\t\t<\/div>\n\t\t\t\t<div class=\"category-link__item\">\n\t\t\t<a href=\"https:\/\/d66.nl\/haarlem\/search-tags\/onderwijs\/\">\n\t\t\t\tOnderwijs\t\t\t<\/a>\n\t\t<\/div>\n\t\t<\/div>\t\t\t<\/div>\n\t\t<\/div>\n\t<\/div>\n<\/section>\n\t  <\/div>\n\t<\/div>\n  <\/div>\n\n\n<div\n  id=\"\"\n  class=\"wrapper  wrapper__spacing-bottom-large--20 wrapper__spacing-bottom-desktop--10 wrapper__spacing-bottom-mobile--10  wrapper__gutter--none\"\n  >\n  \t<div class=\"wrapper__container wrapper__container-width-large--default\">\n\t  <div class=\"wrapper__inner wrapper__width-large--18 wrapper__width-desktop--22 wrapper__width-mobile--24 wrapper__offset-large--6 wrapper__offset-desktop--2 wrapper__offset-mobile--0\">\n\t\t<section class=\"block-post-content\">\n\t<div class=\"block-post-content__title\">\n\t\t<h3 class=\"heading  heading__color--black heading__size--medium heading__font--sans heading__weight--bold  block-post-content__heading\" id=\"nav-1216\" data-nav-heading-mobile=\"\">\n\t<\/h3>\t<\/div>\n\t<div class=\"block-post-content__content\">\n\t\t\n<div\n  id=\"\"\n  class=\"wrapper  wrapper__spacing-bottom-large--30 wrapper__spacing-bottom-desktop--20  wrapper__gutter--none\"\n  >\n  \t<div class=\"wrapper__container wrapper__container-width-large--default\">\n\t  <div class=\"wrapper__inner wrapper__width-large--24 wrapper__width-mobile--24\">\n\t\t<p\n\t\tclass=\"paragraph paragraph__align--left paragraph__color--black paragraph__size--default   block-paragraph__paragraph\"\n\t\t\t>\n\t\tNet als bij de verkiezing voor conci\u00ebrge van het jaar ontving D66 Haarlem ook nu weer veel mooie nominaties van leerlingen en ouders. De jury koos er daarom voor om twee prijzen uit te reiken: \u00e9\u00e9n voor het basisonderwijs en \u00e9\u00e9n voor het voortgezet onderwijs.\t<\/p>\t  <\/div>\n\t<\/div>\n  <\/div>\n\n\t<\/div>\n\n\t<div class=\"block-post-content__sidebar\">\n\t\t\n\t\t\n\t\t\t<\/div>\n<\/section>\n\t  <\/div>\n\t<\/div>\n  <\/div>\n\n\n<div\n  id=\"\"\n  class=\"wrapper  wrapper__spacing-bottom-large--20 wrapper__spacing-bottom-desktop--10 wrapper__spacing-bottom-mobile--10  wrapper__gutter--none\"\n  >\n  \t<div class=\"wrapper__container wrapper__container-width-large--default\">\n\t  <div class=\"wrapper__inner wrapper__width-large--18 wrapper__width-desktop--22 wrapper__width-mobile--24 wrapper__offset-large--6 wrapper__offset-desktop--2 wrapper__offset-mobile--0\">\n\t\t<section class=\"block-post-content\">\n\t<div class=\"block-post-content__title\">\n\t\t<h3 class=\"heading  heading__color--black heading__size--medium heading__font--sans heading__weight--bold  block-post-content__heading\" id=\"nav-levendige-lessen6540\" data-nav-heading-mobile=\"Levendige lessen\">\n\tLevendige lessen<\/h3>\t<\/div>\n\t<div class=\"block-post-content__content\">\n\t\t\n<div\n  id=\"\"\n  class=\"wrapper  wrapper__spacing-bottom-large--30 wrapper__spacing-bottom-desktop--20  wrapper__gutter--none\"\n  >\n  \t<div class=\"wrapper__container wrapper__container-width-large--default\">\n\t  <div class=\"wrapper__inner wrapper__width-large--24 wrapper__width-mobile--24\">\n\t\t<p\n\t\tclass=\"paragraph paragraph__align--left paragraph__color--black paragraph__size--default   block-paragraph__paragraph\"\n\t\t\t>\n\t\tSander Leppink, docent geschiedenis op het Coornhert Lyceum, kreeg maar liefst zeven nominaties van zijn leerlingen. In hun motivaties noemen zij zijn inspirerende en levendige manier van lesgeven, waarmee hij geschiedenis \u2013 van de Romeinen tot de Koude Oorlog \u2013 echt tot leven brengt in de klas. Dankzij zijn sterke verhalen, humor en theatrale vertelstijl zijn zijn lessen nooit saai en blijven leerlingen tot het achtste uur geboeid.<br><br>Leerlingen geven aan dat Sander de lesstof duidelijk en beeldend uitlegt in een goede structuur, waardoor ook ingewikkelde onderwerpen goed te volgen zijn. Zijn toetsen sluiten nauw aan op de lessen en helpen leerlingen om het beste uit zichzelf te halen. Daarnaast waarderen zij de fijne sfeer in de klas.\t<\/p>\t  <\/div>\n\t<\/div>\n  <\/div>\n\n\t<\/div>\n\n\t<div class=\"block-post-content__sidebar\">\n\t\t\n\t\t\n\t\t\t<\/div>\n<\/section>\n\t  <\/div>\n\t<\/div>\n  <\/div>\n\n\n<div\n  id=\"\"\n  class=\"wrapper  wrapper__spacing-bottom-large--20 wrapper__spacing-bottom-desktop--10 wrapper__spacing-bottom-mobile--10  wrapper__gutter--none\"\n  >\n  \t<div class=\"wrapper__container wrapper__container-width-large--default\">\n\t  <div class=\"wrapper__inner wrapper__width-large--18 wrapper__width-desktop--22 wrapper__width-mobile--24 wrapper__offset-large--6 wrapper__offset-desktop--2 wrapper__offset-mobile--0\">\n\t\t<section class=\"block-post-content\">\n\t<div class=\"block-post-content__title\">\n\t\t<h3 class=\"heading  heading__color--black heading__size--medium heading__font--sans heading__weight--bold  block-post-content__heading\" id=\"nav-warme-juf-en-hechte-klas7501\" data-nav-heading-mobile=\"Warme juf en hechte klas\">\n\tWarme juf en hechte klas<\/h3>\t<\/div>\n\t<div class=\"block-post-content__content\">\n\t\t\n<div\n  id=\"\"\n  class=\"wrapper  wrapper__spacing-bottom-large--30 wrapper__spacing-bottom-desktop--20  wrapper__gutter--none\"\n  >\n  \t<div class=\"wrapper__container wrapper__container-width-large--default\">\n\t  <div class=\"wrapper__inner wrapper__width-large--24 wrapper__width-mobile--24\">\n\t\t<p\n\t\tclass=\"paragraph paragraph__align--left paragraph__color--black paragraph__size--default   block-paragraph__paragraph\"\n\t\t\t>\n\t\tIn het basisonderwijs gaat de titel naar Anne Kl\u00fccken, leerkracht van groep 8 op de Vrije School Kennemerland in Haarlem-Noord. Leerlingen en ouders roemen haar warme, betrokken en inspirerende manier van lesgeven. Anne staat altijd klaar voor haar klas, heeft oog voor ieder kind en organiseert daarnaast veel leuke en leerzame activiteiten buiten de standaardlessen.<br><br>Met haar eerlijke, aandachtige en verbindende aanpak heeft Anne een hechte groep gecre\u00eberd waarin leerlingen helemaal zichzelf kunnen zijn. Een van haar leerlingen, Lois, vat het volgens velen treffend samen: zij noemt Anne \u201ceen hele toffe juf\u201d. Daarmee laat Anne zien hoe groot de impact van een leraar kan zijn op het zelfvertrouwen en het plezier van kinderen op school.<br>\t<\/p>\t  <\/div>\n\t<\/div>\n  <\/div>\n\n\n<div\n  id=\"\"\n  class=\"wrapper  wrapper__spacing-bottom-large--20  wrapper__gutter--none\"\n  >\n  \t<div class=\"wrapper__container wrapper__container-width-large--default\">\n\t  <div class=\"wrapper__inner wrapper__width-large--24 wrapper__width-mobile--24\">\n\t\t<div class=\"image__caption-wrapper block-image__caption-wrapper\">\n\t\t\t<div class=\"image__caption block-image__caption\">\n\t\t\t\t<p class=\"paragraph paragraph__align--left paragraph__color--black paragraph__size--small paragraph__weight--medium\">\n\t\t<span style=\"color: red\">LET OP: auteursrechten ontbreken<\/span>. <a href=\"https:\/\/d66.nl\/haarlem\/wp-admin\/upload.php?item=2904\">S.v.p. de auteursrechten invullen voor deze afbeelding<\/a> before using it.\t<\/p>\t\t\t<\/div>\n\t\t<\/div>\t  <\/div>\n\t<\/div>\n  <\/div>\n\n\t<\/div>\n\n\t<div class=\"block-post-content__sidebar\">\n\t\t\n\t\t\n\t\t\t<\/div>\n<\/section>\n\t  <\/div>\n\t<\/div>\n  <\/div>\n\n\n<div\n  id=\"\"\n  class=\"wrapper  wrapper__spacing-bottom-large--20  wrapper__gutter--none\"\n  >\n  \t<div class=\"wrapper__container wrapper__container-width-large--default\">\n\t  <div class=\"wrapper__inner wrapper__width-large--24 wrapper__width-mobile--24\">\n\t\t<img loading=\"lazy\" decoding=\"async\" width=\"883\" height=\"836\" src=\"https:\/\/media.d66.nl\/uploads\/sites\/86\/2026\/03\/Leraar-Vrije-School-Noord.jpg\" class=\"image block-image__img\" alt=\"\" srcset=\"https:\/\/media.d66.nl\/uploads\/sites\/86\/2026\/03\/Leraar-Vrije-School-Noord.jpg 883w, https:\/\/media.d66.nl\/uploads\/sites\/86\/2026\/03\/Leraar-Vrije-School-Noord-300x284.jpg 300w, https:\/\/media.d66.nl\/uploads\/sites\/86\/2026\/03\/Leraar-Vrije-School-Noord-768x727.jpg 768w\" sizes=\"auto, (max-width: 883px) 100vw, 883px\" \/>\n\t\t\t<div class=\"image__caption-wrapper block-image__caption-wrapper\">\n\t\t\t<div class=\"image__caption block-image__caption\">\n\t\t\t\t<p class=\"paragraph paragraph__align--left paragraph__color--black paragraph__size--small paragraph__weight--medium\">\n\t\t<span style=\"color: red\">LET OP: auteursrechten ontbreken<\/span>. <a href=\"https:\/\/d66.nl\/haarlem\/wp-admin\/upload.php?item=2910\">S.v.p. de auteursrechten invullen voor deze afbeelding<\/a> before using it.\t<\/p>\t\t\t<\/div>\n\t\t<\/div>\t  <\/div>\n\t<\/div>\n  <\/div>\n\n\n<div\n  id=\"\"\n  class=\"wrapper  wrapper__spacing-bottom-large--20  wrapper__gutter--none\"\n  >\n  \t<div class=\"wrapper__container wrapper__container-width-large--default\">\n\t  <div class=\"wrapper__inner wrapper__width-large--24 wrapper__width-mobile--24\">\n\t\t<div class=\"image__caption-wrapper block-image__caption-wrapper\">\n\t\t\t<div class=\"image__caption block-image__caption\">\n\t\t\t\t<p class=\"paragraph paragraph__align--left paragraph__color--black paragraph__size--small paragraph__weight--medium\">\n\t\t<span style=\"color: red\">LET OP: auteursrechten ontbreken<\/span>. <a href=\"https:\/\/d66.nl\/haarlem\/wp-admin\/upload.php?item=2904\">S.v.p. de auteursrechten invullen voor deze afbeelding<\/a> before using it.\t<\/p>\t\t\t<\/div>\n\t\t<\/div>\t  <\/div>\n\t<\/div>\n  <\/div>\n\n\n<div\n  id=\"\"\n  class=\"wrapper  wrapper__spacing-bottom-large--20 wrapper__spacing-bottom-desktop--10 wrapper__spacing-bottom-mobile--10  wrapper__gutter--none\"\n  >\n  \t<div class=\"wrapper__container wrapper__container-width-large--default\">\n\t  <div class=\"wrapper__inner wrapper__width-large--18 wrapper__width-desktop--22 wrapper__width-mobile--24 wrapper__offset-large--6 wrapper__offset-desktop--2 wrapper__offset-mobile--0\">\n\t\t<section class=\"block-post-content\">\n\t<div class=\"block-post-content__title\">\n\t\t<h3 class=\"heading  heading__color--black heading__size--medium heading__font--sans heading__weight--bold  block-post-content__heading\" id=\"nav-leraren-in-het-zonnetje1015\" data-nav-heading-mobile=\"Leraren in het zonnetje\">\n\tLeraren in het zonnetje<\/h3>\t<\/div>\n\t<div class=\"block-post-content__content\">\n\t\t\n<div\n  id=\"\"\n  class=\"wrapper  wrapper__spacing-bottom-large--30 wrapper__spacing-bottom-desktop--20  wrapper__gutter--none\"\n  >\n  \t<div class=\"wrapper__container wrapper__container-width-large--default\">\n\t  <div class=\"wrapper__inner wrapper__width-large--24 wrapper__width-mobile--24\">\n\t\t<p\n\t\tclass=\"paragraph paragraph__align--left paragraph__color--black paragraph__size--default   block-paragraph__paragraph\"\n\t\t\t>\n\t\tMet de verkiezing \u2018Haarlems Leraar van het Jaar\u2019 wil D66 Haarlem laten zien hoe onmisbaar leraren zijn voor goed onderwijs in de stad. Leraren brengen niet alleen kennis over, maar wakkeren ook de passie voor leren aan en zijn vaak een belangrijk aanspreekpunt voor leerlingen die steun of een luisterend oor nodig hebben. D66 Haarlem blijft zich inzetten voor sterk en toegankelijk onderwijs, waarin leraren de waardering krijgen die zij verdienen \u2013 niet alleen vandaag, maar het hele jaar door.\t<\/p>\t  <\/div>\n\t<\/div>\n  <\/div>\n\n\t<\/div>\n\n\t<div class=\"block-post-content__sidebar\">\n\t\t\n\t\t\n\t\t\t<\/div>\n<\/section>\n\t  <\/div>\n\t<\/div>\n  <\/div>\n\n\n<div\n  id=\"\"\n  class=\"wrapper  wrapper__spacing-bottom-large--20 wrapper__spacing-bottom-desktop--10 wrapper__spacing-bottom-mobile--10  wrapper__gutter--none\"\n  >\n  \t<div class=\"wrapper__container wrapper__container-width-large--default\">\n\t  <div class=\"wrapper__inner wrapper__width-large--18 wrapper__width-desktop--22 wrapper__width-mobile--24 wrapper__offset-large--6 wrapper__offset-desktop--2 wrapper__offset-mobile--0\">\n\t\t<section class=\"block-post-content\">\n\t<div class=\"block-post-content__title\">\n\t\t<h3 class=\"heading  heading__color--black heading__size--medium heading__font--sans heading__weight--bold  block-post-content__heading\" id=\"nav-verrassing-op-school6865\" data-nav-heading-mobile=\"Verrassing op school\">\n\tVerrassing op school<\/h3>\t<\/div>\n\t<div class=\"block-post-content__content\">\n\t\t\n<div\n  id=\"\"\n  class=\"wrapper  wrapper__spacing-bottom-large--30 wrapper__spacing-bottom-desktop--20  wrapper__gutter--none\"\n  >\n  \t<div class=\"wrapper__container wrapper__container-width-large--default\">\n\t  <div class=\"wrapper__inner wrapper__width-large--24 wrapper__width-mobile--24\">\n\t\t<p\n\t\tclass=\"paragraph paragraph__align--left paragraph__color--black paragraph__size--default   block-paragraph__paragraph\"\n\t\t\t>\n\t\tWe hebben leuke video&#8217;s gemaakt van de verrassing en uitreiking. Bekijk ze hier:<br><br><a href=\"https:\/\/www.instagram.com\/reel\/DV23Ob1DBAo\/?utm_source=ig_web_copy_link&amp;igsh=MzRlODBiNWFlZA==\">Op de Vrije School Kennemerland<br><\/a><br><a href=\"https:\/\/www.instagram.com\/reel\/DV0d0sdDOQ2\/?utm_source=ig_web_copy_link&amp;igsh=MzRlODBiNWFlZA==\">Op het Coornhert<\/a>\t<\/p>\t  <\/div>\n\t<\/div>\n  <\/div>\n\n\t<\/div>\n\n\t<div class=\"block-post-content__sidebar\">\n\t\t\n\t\t\n\t\t\t<\/div>\n<\/section>\n\t  <\/div>\n\t<\/div>\n  <\/div>\n\n\n<div\n  id=\"\"\n  class=\"wrapper  wrapper__spacing-bottom-large--20  wrapper__gutter--none\"\n  >\n  \t<div class=\"wrapper__container wrapper__container-width-large--default\">\n\t  <div class=\"wrapper__inner wrapper__width-large--24 wrapper__width-mobile--24\">\n\t\t<div class=\"image__caption-wrapper block-image__caption-wrapper\">\n\t\t\t<div class=\"image__caption block-image__caption\">\n\t\t\t\t<p class=\"paragraph paragraph__align--left paragraph__color--black paragraph__size--small paragraph__weight--medium\">\n\t\t<span style=\"color: red\">LET OP: auteursrechten ontbreken<\/span>. <a href=\"https:\/\/d66.nl\/haarlem\/wp-admin\/upload.php?item=2909\">S.v.p. de auteursrechten invullen voor deze afbeelding<\/a> before using it.\t<\/p>\t\t\t<\/div>\n\t\t<\/div>\t  <\/div>\n\t<\/div>\n  <\/div>\n","protected":false},"excerpt":{"rendered":"","protected":false},"author":1857,"featured_media":2910,"comment_status":"open","ping_status":"open","sticky":false,"template":"","format":"standard","meta":{"_acf_changed":false,"footnotes":""},"categories":[1],"search-tags":[2],"labels":[],"class_list":["post-2899","post","type-post","status-publish","format-standard","has-post-thumbnail","hentry","category-d66","search-tags-onderwijs"],"acf":[],"yoast_head":"<!-- This site is optimized with the Yoast SEO plugin v27.3 - https:\/\/yoast.com\/product\/yoast-seo-wordpress\/ -->\n<title>D66 Haarlem &#8212; Dit zijn de leraren van het jaar 2026<\/title>\n<meta name=\"description\" content=\"Sander Leppink van het Coornhert Lyceum en Anne Kl\u00fccken van Vrije School Kennemerland zijn Haarlemse leraren van het jaar 2026.\" \/>\n<meta name=\"robots\" content=\"index, follow, max-snippet:-1, max-image-preview:large, max-video-preview:-1\" \/>\n<link rel=\"canonical\" href=\"https:\/\/d66.nl\/haarlem\/nieuws\/dit-zijn-de-leraren-van-het-jaar-2026\" \/>\n<meta property=\"og:locale\" content=\"nl_NL\" \/>\n<meta property=\"og:type\" content=\"article\" \/>\n<meta property=\"og:title\" content=\"D66 Haarlem &#8212; Dit zijn de leraren van het jaar 2026\" \/>\n<meta property=\"og:description\" content=\"Sander Leppink van het Coornhert Lyceum en Anne Kl\u00fccken van Vrije School Kennemerland zijn Haarlemse leraren van het jaar 2026.\" \/>\n<meta property=\"og:url\" content=\"https:\/\/d66.nl\/haarlem\/nieuws\/dit-zijn-de-leraren-van-het-jaar-2026\/\" \/>\n<meta property=\"og:site_name\" content=\"D66 Haarlem\" \/>\n<meta property=\"article:published_time\" content=\"2026-03-13T14:16:02+00:00\" \/>\n<meta property=\"article:modified_time\" content=\"2026-03-16T09:13:36+00:00\" \/>\n<meta property=\"og:image\" content=\"https:\/\/media.d66.nl\/uploads\/sites\/86\/2026\/03\/Leraar-Vrije-School-Noord.jpg\" \/>\n\t<meta property=\"og:image:width\" content=\"883\" \/>\n\t<meta property=\"og:image:height\" content=\"836\" \/>\n\t<meta property=\"og:image:type\" content=\"image\/jpeg\" \/>\n<meta name=\"author\" content=\"rebeccarijnders\" \/>\n<meta name=\"twitter:card\" content=\"summary_large_image\" \/>\n<meta name=\"twitter:label1\" content=\"Geschreven door\" \/>\n\t<meta name=\"twitter:data1\" content=\"rebeccarijnders\" \/>\n\t<meta name=\"twitter:label2\" content=\"Geschatte leestijd\" \/>\n\t<meta name=\"twitter:data2\" content=\"1 minuut\" \/>\n<script type=\"application\/ld+json\" class=\"yoast-schema-graph\">{\"@context\":\"https:\\\/\\\/schema.org\",\"@graph\":[{\"@type\":\"Article\",\"@id\":\"https:\\\/\\\/d66.nl\\\/haarlem\\\/nieuws\\\/dit-zijn-de-leraren-van-het-jaar-2026\\\/#article\",\"isPartOf\":{\"@id\":\"https:\\\/\\\/d66.nl\\\/haarlem\\\/nieuws\\\/dit-zijn-de-leraren-van-het-jaar-2026\\\/\"},\"author\":{\"name\":\"rebeccarijnders\",\"@id\":\"https:\\\/\\\/d66.nl\\\/haarlem\\\/#\\\/schema\\\/person\\\/73759724238f4f52c8de8eb495771596\"},\"headline\":\"Dit zijn de leraren van het jaar 2026\",\"datePublished\":\"2026-03-13T14:16:02+00:00\",\"dateModified\":\"2026-03-16T09:13:36+00:00\",\"mainEntityOfPage\":{\"@id\":\"https:\\\/\\\/d66.nl\\\/haarlem\\\/nieuws\\\/dit-zijn-de-leraren-van-het-jaar-2026\\\/\"},\"wordCount\":7,\"commentCount\":0,\"publisher\":{\"@id\":\"https:\\\/\\\/d66.nl\\\/haarlem\\\/#organization\"},\"image\":{\"@id\":\"https:\\\/\\\/d66.nl\\\/haarlem\\\/nieuws\\\/dit-zijn-de-leraren-van-het-jaar-2026\\\/#primaryimage\"},\"thumbnailUrl\":\"https:\\\/\\\/media.d66.nl\\\/uploads\\\/sites\\\/86\\\/2026\\\/03\\\/Leraar-Vrije-School-Noord.jpg\",\"articleSection\":[\"D66\"],\"inLanguage\":\"nl-NL\",\"potentialAction\":[{\"@type\":\"CommentAction\",\"name\":\"Comment\",\"target\":[\"https:\\\/\\\/d66.nl\\\/haarlem\\\/nieuws\\\/dit-zijn-de-leraren-van-het-jaar-2026\\\/#respond\"]}]},{\"@type\":\"WebPage\",\"@id\":\"https:\\\/\\\/d66.nl\\\/haarlem\\\/nieuws\\\/dit-zijn-de-leraren-van-het-jaar-2026\\\/\",\"url\":\"https:\\\/\\\/d66.nl\\\/haarlem\\\/nieuws\\\/dit-zijn-de-leraren-van-het-jaar-2026\\\/\",\"name\":\"D66 Haarlem &#8212; Dit zijn de leraren van het jaar 2026\",\"isPartOf\":{\"@id\":\"https:\\\/\\\/d66.nl\\\/haarlem\\\/#website\"},\"primaryImageOfPage\":{\"@id\":\"https:\\\/\\\/d66.nl\\\/haarlem\\\/nieuws\\\/dit-zijn-de-leraren-van-het-jaar-2026\\\/#primaryimage\"},\"image\":{\"@id\":\"https:\\\/\\\/d66.nl\\\/haarlem\\\/nieuws\\\/dit-zijn-de-leraren-van-het-jaar-2026\\\/#primaryimage\"},\"thumbnailUrl\":\"https:\\\/\\\/media.d66.nl\\\/uploads\\\/sites\\\/86\\\/2026\\\/03\\\/Leraar-Vrije-School-Noord.jpg\",\"datePublished\":\"2026-03-13T14:16:02+00:00\",\"dateModified\":\"2026-03-16T09:13:36+00:00\",\"description\":\"Sander Leppink van het Coornhert Lyceum en Anne Kl\u00fccken van Vrije School Kennemerland zijn Haarlemse leraren van het jaar 2026.\",\"breadcrumb\":{\"@id\":\"https:\\\/\\\/d66.nl\\\/haarlem\\\/nieuws\\\/dit-zijn-de-leraren-van-het-jaar-2026\\\/#breadcrumb\"},\"inLanguage\":\"nl-NL\",\"potentialAction\":[{\"@type\":\"ReadAction\",\"target\":[\"https:\\\/\\\/d66.nl\\\/haarlem\\\/nieuws\\\/dit-zijn-de-leraren-van-het-jaar-2026\\\/\"]}]},{\"@type\":\"ImageObject\",\"inLanguage\":\"nl-NL\",\"@id\":\"https:\\\/\\\/d66.nl\\\/haarlem\\\/nieuws\\\/dit-zijn-de-leraren-van-het-jaar-2026\\\/#primaryimage\",\"url\":\"https:\\\/\\\/media.d66.nl\\\/uploads\\\/sites\\\/86\\\/2026\\\/03\\\/Leraar-Vrije-School-Noord.jpg\",\"contentUrl\":\"https:\\\/\\\/media.d66.nl\\\/uploads\\\/sites\\\/86\\\/2026\\\/03\\\/Leraar-Vrije-School-Noord.jpg\",\"width\":883,\"height\":836},{\"@type\":\"BreadcrumbList\",\"@id\":\"https:\\\/\\\/d66.nl\\\/haarlem\\\/nieuws\\\/dit-zijn-de-leraren-van-het-jaar-2026\\\/#breadcrumb\",\"itemListElement\":[{\"@type\":\"ListItem\",\"position\":1,\"name\":\"Home\",\"item\":\"https:\\\/\\\/d66.nl\\\/haarlem\\\/\"},{\"@type\":\"ListItem\",\"position\":2,\"name\":\"Nieuws\",\"item\":\"https:\\\/\\\/d66.nl\\\/haarlem\\\/nieuws\\\/\"},{\"@type\":\"ListItem\",\"position\":3,\"name\":\"Dit zijn de leraren van het jaar 2026\"}]},{\"@type\":\"WebSite\",\"@id\":\"https:\\\/\\\/d66.nl\\\/haarlem\\\/#website\",\"url\":\"https:\\\/\\\/d66.nl\\\/haarlem\\\/\",\"name\":\"D66 Haarlem\",\"description\":\"Just another D66 Sites site\",\"publisher\":{\"@id\":\"https:\\\/\\\/d66.nl\\\/haarlem\\\/#organization\"},\"potentialAction\":[{\"@type\":\"SearchAction\",\"target\":{\"@type\":\"EntryPoint\",\"urlTemplate\":\"https:\\\/\\\/d66.nl\\\/haarlem\\\/?s={search_term_string}\"},\"query-input\":{\"@type\":\"PropertyValueSpecification\",\"valueRequired\":true,\"valueName\":\"search_term_string\"}}],\"inLanguage\":\"nl-NL\"},{\"@type\":\"Organization\",\"@id\":\"https:\\\/\\\/d66.nl\\\/haarlem\\\/#organization\",\"name\":\"D66\",\"url\":\"https:\\\/\\\/d66.nl\\\/haarlem\\\/\",\"logo\":{\"@type\":\"ImageObject\",\"inLanguage\":\"nl-NL\",\"@id\":\"https:\\\/\\\/d66.nl\\\/haarlem\\\/#\\\/schema\\\/logo\\\/image\\\/\",\"url\":\"https:\\\/\\\/d66.nl\\\/haarlem\\\/wp-content\\\/uploads\\\/sites\\\/86\\\/2021\\\/12\\\/Partijlogo-D66-HAARLEM.png\",\"contentUrl\":\"https:\\\/\\\/d66.nl\\\/haarlem\\\/wp-content\\\/uploads\\\/sites\\\/86\\\/2021\\\/12\\\/Partijlogo-D66-HAARLEM.png\",\"width\":274,\"height\":187,\"caption\":\"D66\"},\"image\":{\"@id\":\"https:\\\/\\\/d66.nl\\\/haarlem\\\/#\\\/schema\\\/logo\\\/image\\\/\"}},{\"@type\":\"Person\",\"@id\":\"https:\\\/\\\/d66.nl\\\/haarlem\\\/#\\\/schema\\\/person\\\/73759724238f4f52c8de8eb495771596\",\"name\":\"rebeccarijnders\",\"image\":{\"@type\":\"ImageObject\",\"inLanguage\":\"nl-NL\",\"@id\":\"https:\\\/\\\/secure.gravatar.com\\\/avatar\\\/59858cf6f35622ba949953b8da13388546c05450637e618b490dcb386bda264c?s=96&d=mm&r=g\",\"url\":\"https:\\\/\\\/secure.gravatar.com\\\/avatar\\\/59858cf6f35622ba949953b8da13388546c05450637e618b490dcb386bda264c?s=96&d=mm&r=g\",\"contentUrl\":\"https:\\\/\\\/secure.gravatar.com\\\/avatar\\\/59858cf6f35622ba949953b8da13388546c05450637e618b490dcb386bda264c?s=96&d=mm&r=g\",\"caption\":\"rebeccarijnders\"}}]}<\/script>\n<!-- \/ Yoast SEO plugin. -->","yoast_head_json":{"title":"D66 Haarlem &#8212; Dit zijn de leraren van het jaar 2026","description":"Sander Leppink van het Coornhert Lyceum en Anne Kl\u00fccken van Vrije School Kennemerland zijn Haarlemse leraren van het jaar 2026.","robots":{"index":"index","follow":"follow","max-snippet":"max-snippet:-1","max-image-preview":"max-image-preview:large","max-video-preview":"max-video-preview:-1"},"canonical":"https:\/\/d66.nl\/haarlem\/nieuws\/dit-zijn-de-leraren-van-het-jaar-2026","og_locale":"nl_NL","og_type":"article","og_title":"D66 Haarlem &#8212; Dit zijn de leraren van het jaar 2026","og_description":"Sander Leppink van het Coornhert Lyceum en Anne Kl\u00fccken van Vrije School Kennemerland zijn Haarlemse leraren van het jaar 2026.","og_url":"https:\/\/d66.nl\/haarlem\/nieuws\/dit-zijn-de-leraren-van-het-jaar-2026\/","og_site_name":"D66 Haarlem","article_published_time":"2026-03-13T14:16:02+00:00","article_modified_time":"2026-03-16T09:13:36+00:00","og_image":[{"width":883,"height":836,"url":"https:\/\/media.d66.nl\/uploads\/sites\/86\/2026\/03\/Leraar-Vrije-School-Noord.jpg","type":"image\/jpeg"}],"author":"rebeccarijnders","twitter_card":"summary_large_image","twitter_misc":{"Geschreven door":"rebeccarijnders","Geschatte leestijd":"1 minuut"},"schema":{"@context":"https:\/\/schema.org","@graph":[{"@type":"Article","@id":"https:\/\/d66.nl\/haarlem\/nieuws\/dit-zijn-de-leraren-van-het-jaar-2026\/#article","isPartOf":{"@id":"https:\/\/d66.nl\/haarlem\/nieuws\/dit-zijn-de-leraren-van-het-jaar-2026\/"},"author":{"name":"rebeccarijnders","@id":"https:\/\/d66.nl\/haarlem\/#\/schema\/person\/73759724238f4f52c8de8eb495771596"},"headline":"Dit zijn de leraren van het jaar 2026","datePublished":"2026-03-13T14:16:02+00:00","dateModified":"2026-03-16T09:13:36+00:00","mainEntityOfPage":{"@id":"https:\/\/d66.nl\/haarlem\/nieuws\/dit-zijn-de-leraren-van-het-jaar-2026\/"},"wordCount":7,"commentCount":0,"publisher":{"@id":"https:\/\/d66.nl\/haarlem\/#organization"},"image":{"@id":"https:\/\/d66.nl\/haarlem\/nieuws\/dit-zijn-de-leraren-van-het-jaar-2026\/#primaryimage"},"thumbnailUrl":"https:\/\/media.d66.nl\/uploads\/sites\/86\/2026\/03\/Leraar-Vrije-School-Noord.jpg","articleSection":["D66"],"inLanguage":"nl-NL","potentialAction":[{"@type":"CommentAction","name":"Comment","target":["https:\/\/d66.nl\/haarlem\/nieuws\/dit-zijn-de-leraren-van-het-jaar-2026\/#respond"]}]},{"@type":"WebPage","@id":"https:\/\/d66.nl\/haarlem\/nieuws\/dit-zijn-de-leraren-van-het-jaar-2026\/","url":"https:\/\/d66.nl\/haarlem\/nieuws\/dit-zijn-de-leraren-van-het-jaar-2026\/","name":"D66 Haarlem &#8212; Dit zijn de leraren van het jaar 2026","isPartOf":{"@id":"https:\/\/d66.nl\/haarlem\/#website"},"primaryImageOfPage":{"@id":"https:\/\/d66.nl\/haarlem\/nieuws\/dit-zijn-de-leraren-van-het-jaar-2026\/#primaryimage"},"image":{"@id":"https:\/\/d66.nl\/haarlem\/nieuws\/dit-zijn-de-leraren-van-het-jaar-2026\/#primaryimage"},"thumbnailUrl":"https:\/\/media.d66.nl\/uploads\/sites\/86\/2026\/03\/Leraar-Vrije-School-Noord.jpg","datePublished":"2026-03-13T14:16:02+00:00","dateModified":"2026-03-16T09:13:36+00:00","description":"Sander Leppink van het Coornhert Lyceum en Anne Kl\u00fccken van Vrije School Kennemerland zijn Haarlemse leraren van het jaar 2026.","breadcrumb":{"@id":"https:\/\/d66.nl\/haarlem\/nieuws\/dit-zijn-de-leraren-van-het-jaar-2026\/#breadcrumb"},"inLanguage":"nl-NL","potentialAction":[{"@type":"ReadAction","target":["https:\/\/d66.nl\/haarlem\/nieuws\/dit-zijn-de-leraren-van-het-jaar-2026\/"]}]},{"@type":"ImageObject","inLanguage":"nl-NL","@id":"https:\/\/d66.nl\/haarlem\/nieuws\/dit-zijn-de-leraren-van-het-jaar-2026\/#primaryimage","url":"https:\/\/media.d66.nl\/uploads\/sites\/86\/2026\/03\/Leraar-Vrije-School-Noord.jpg","contentUrl":"https:\/\/media.d66.nl\/uploads\/sites\/86\/2026\/03\/Leraar-Vrije-School-Noord.jpg","width":883,"height":836},{"@type":"BreadcrumbList","@id":"https:\/\/d66.nl\/haarlem\/nieuws\/dit-zijn-de-leraren-van-het-jaar-2026\/#breadcrumb","itemListElement":[{"@type":"ListItem","position":1,"name":"Home","item":"https:\/\/d66.nl\/haarlem\/"},{"@type":"ListItem","position":2,"name":"Nieuws","item":"https:\/\/d66.nl\/haarlem\/nieuws\/"},{"@type":"ListItem","position":3,"name":"Dit zijn de leraren van het jaar 2026"}]},{"@type":"WebSite","@id":"https:\/\/d66.nl\/haarlem\/#website","url":"https:\/\/d66.nl\/haarlem\/","name":"D66 Haarlem","description":"Just another D66 Sites site","publisher":{"@id":"https:\/\/d66.nl\/haarlem\/#organization"},"potentialAction":[{"@type":"SearchAction","target":{"@type":"EntryPoint","urlTemplate":"https:\/\/d66.nl\/haarlem\/?s={search_term_string}"},"query-input":{"@type":"PropertyValueSpecification","valueRequired":true,"valueName":"search_term_string"}}],"inLanguage":"nl-NL"},{"@type":"Organization","@id":"https:\/\/d66.nl\/haarlem\/#organization","name":"D66","url":"https:\/\/d66.nl\/haarlem\/","logo":{"@type":"ImageObject","inLanguage":"nl-NL","@id":"https:\/\/d66.nl\/haarlem\/#\/schema\/logo\/image\/","url":"https:\/\/d66.nl\/haarlem\/wp-content\/uploads\/sites\/86\/2021\/12\/Partijlogo-D66-HAARLEM.png","contentUrl":"https:\/\/d66.nl\/haarlem\/wp-content\/uploads\/sites\/86\/2021\/12\/Partijlogo-D66-HAARLEM.png","width":274,"height":187,"caption":"D66"},"image":{"@id":"https:\/\/d66.nl\/haarlem\/#\/schema\/logo\/image\/"}},{"@type":"Person","@id":"https:\/\/d66.nl\/haarlem\/#\/schema\/person\/73759724238f4f52c8de8eb495771596","name":"rebeccarijnders","image":{"@type":"ImageObject","inLanguage":"nl-NL","@id":"https:\/\/secure.gravatar.com\/avatar\/59858cf6f35622ba949953b8da13388546c05450637e618b490dcb386bda264c?s=96&d=mm&r=g","url":"https:\/\/secure.gravatar.com\/avatar\/59858cf6f35622ba949953b8da13388546c05450637e618b490dcb386bda264c?s=96&d=mm&r=g","contentUrl":"https:\/\/secure.gravatar.com\/avatar\/59858cf6f35622ba949953b8da13388546c05450637e618b490dcb386bda264c?s=96&d=mm&r=g","caption":"rebeccarijnders"}}]}},"_links":{"self":[{"href":"https:\/\/d66.nl\/haarlem\/wp-json\/wp\/v2\/posts\/2899","targetHints":{"allow":["GET"]}}],"collection":[{"href":"https:\/\/d66.nl\/haarlem\/wp-json\/wp\/v2\/posts"}],"about":[{"href":"https:\/\/d66.nl\/haarlem\/wp-json\/wp\/v2\/types\/post"}],"author":[{"embeddable":true,"href":"https:\/\/d66.nl\/haarlem\/wp-json\/wp\/v2\/users\/1857"}],"replies":[{"embeddable":true,"href":"https:\/\/d66.nl\/haarlem\/wp-json\/wp\/v2\/comments?post=2899"}],"version-history":[{"count":7,"href":"https:\/\/d66.nl\/haarlem\/wp-json\/wp\/v2\/posts\/2899\/revisions"}],"predecessor-version":[{"id":2913,"href":"https:\/\/d66.nl\/haarlem\/wp-json\/wp\/v2\/posts\/2899\/revisions\/2913"}],"wp:featuredmedia":[{"embeddable":true,"href":"https:\/\/d66.nl\/haarlem\/wp-json\/wp\/v2\/media\/2910"}],"wp:attachment":[{"href":"https:\/\/d66.nl\/haarlem\/wp-json\/wp\/v2\/media?parent=2899"}],"wp:term":[{"taxonomy":"category","embeddable":true,"href":"https:\/\/d66.nl\/haarlem\/wp-json\/wp\/v2\/categories?post=2899"},{"taxonomy":"search-tags","embeddable":true,"href":"https:\/\/d66.nl\/haarlem\/wp-json\/wp\/v2\/search-tags?post=2899"},{"taxonomy":"labels","embeddable":true,"href":"https:\/\/d66.nl\/haarlem\/wp-json\/wp\/v2\/labels?post=2899"}],"curies":[{"name":"wp","href":"https:\/\/api.w.org\/{rel}","templated":true}]}}