{"id":603,"date":"2022-05-18T12:37:56","date_gmt":"2022-05-18T12:37:56","guid":{"rendered":"https:\/\/d66.nl\/gelderland\/nieuws\/"},"modified":"2022-05-18T12:37:57","modified_gmt":"2022-05-18T12:37:57","slug":"d66-gelderland-zet-in-op-klimaat-cultuur-en-onderwijs","status":"publish","type":"post","link":"https:\/\/d66.nl\/gelderland\/nieuws\/d66-gelderland-zet-in-op-klimaat-cultuur-en-onderwijs","title":{"rendered":"D66 Gelderland zet in op klimaat, cultuur en onderwijs"},"content":{"rendered":"<div\n  id=\"\"\n  class=\"wrapper  wrapper__spacing-bottom-large--50 wrapper__spacing-bottom-desktop--66 wrapper__spacing-bottom-mobile--76  wrapper__gutter--none\"\n  >\n  \t<div class=\"wrapper__container wrapper__container-width-large--default\">\n\t  <div class=\"wrapper__inner wrapper__width-large--14 wrapper__width-desktop--20 wrapper__width-mobile--24 wrapper__offset-large--6 wrapper__offset-desktop--4 wrapper__offset-mobile--0\">\n\t\t<h1 class=\"heading   heading__size--giant heading__font--serif heading__weight--regular  block-heading__heading\" id=\"nav-d66-gelderland-zet-in-op-klimaat--cultuur-en-onderwijs1481\"  data-nav-heading-mobile=\"D66 Gelderland zet in op klimaat, cultuur en onderwijs\" >\n\tD66 Gelderland zet in op klimaat, cultuur en onderwijs<\/h1>\t  <\/div>\n\t<\/div>\n  <\/div>\n\n\n<div\n  id=\"\"\n  class=\"wrapper  wrapper__spacing-bottom-large--50 wrapper__spacing-bottom-mobile--40  wrapper__gutter--none\"\n  >\n  \t<div class=\"wrapper__container wrapper__container-width-large--default\">\n\t  <div class=\"wrapper__inner wrapper__width-large--13 wrapper__width-desktop--22 wrapper__width-mobile--24 wrapper__offset-large--6 wrapper__offset-desktop--2 wrapper__offset-mobile--0\">\n\t\t<p\n\t\tclass=\"paragraph   paragraph__size--big   block-paragraph__paragraph\"\n\t\t\t>\n\t\t<strong>D66 Gelderland wilde pleitten voor een snelloket voor kunstenaars waarbij zij binnen elke dagen een subsidie konden aanvragen voor een (kunst)project dat breed toegankelijk is. Hiervoor diende C\u00e9line Blom gisteren een motie in bij de Provinciale Staten van Gelderland. Helaas heeft deze motie geen meerderheid behaald. Blom vroeg naast cultuur ook aandacht voor klimaat en onderwijs. De hele inbreng van D66 Gelderland bij het COVID 2019 plan van de provincie Gelderland lees je hieronder.<\/strong>\t<\/p>\t  <\/div>\n\t<\/div>\n  <\/div>\n\n\n<div\n  id=\"\"\n  class=\"wrapper  wrapper__spacing-bottom-large--30 wrapper__spacing-bottom-desktop--20 wrapper__spacing-bottom-mobile--10  wrapper__gutter--none\"\n  >\n  \t<div class=\"wrapper__container wrapper__container-width-large--default\">\n\t  <div class=\"wrapper__inner wrapper__width-large--14 wrapper__width-desktop--24 wrapper__width-mobile--24 wrapper__offset-large--6 wrapper__offset-desktop--2 wrapper__offset-mobile--0\">\n\t\t<section class=\"block-related-post-metadata js-block-related-post-metadata\">\n\t<div class=\"block-related-post-metadata__content-wrapper\">\n\t\t<div class=\"block-related-post-metadata__persons\">\n\t\t\t\t\t<\/div>\n\t\t<div class=\"block-related-post-metadata__meta\">\n\t\t\t<div class=\"block-related-post-metadata__date\">\n\t\t\t\t<div class=\"post-share js-post-share rs_skip_always\">\n\t<button class=\"post-share__share-button js-post-share-share-button\">\n\t\tShare\t\t<svg xmlns='http:\/\/www.w3.org\/2000\/svg' width='100px' height='100px' viewBox='0 0 24 24' fill='none'><path d='m8.684 10.658 6.629-3.314m.003 9.314-6.622-3.311M21 6a3 3 0 1 1-6 0 3 3 0 0 1 6 0ZM9 12a3 3 0 1 1-6 0 3 3 0 0 1 6 0Zm12 6a3 3 0 1 1-6 0 3 3 0 0 1 6 0Z' stroke='currentColor' stroke-width='1.5' fill='none'\/><\/svg>\t<\/button>\n\t<dialog class=\"post-share__dialog js-post-share-dialog\" aria-hidden=\"true\">\n\t\t<div class=\"post-share__dialog-header\">\n\t\t\tShare this post\t\t\t<button class=\"post-share__dialog-close js-post-share-dialog-close\">\n\t\t\t\t<svg xmlns='http:\/\/www.w3.org\/2000\/svg' width='150' height='150' viewBox='0 0 150 150' fill='none'><path d='M44.103 105.897 75 75m30.898-30.898L75 75m0 0L44.103 44.102M75 75l30.898 30.897' stroke='currentColor' stroke-width='5' fill='none'\/><\/svg>\t\t\t<\/button>\n\t\t<\/div>\n\t\t<div class=\"post-share__dialog-socials\">\n\t\t\t\t\t\t\t\t\t\t\t<a class=\"post-share__dialog-item js-post-share-dialog-item\" href=\"#\" target=\"_blank\" data-copy=&quot;true&quot;>\n\t\t\t\t\tKopier link<svg xmlns='http:\/\/www.w3.org\/2000\/svg' width='150' height='150' viewBox='0 0 150 150' fill='none'><path d='M67.468 108.679c-8.533-.512-14.164-3.583-17.407-9.983-3.242-6.314-2.815-12.713 1.195-18.6 1.706-2.56 3.584-5.035 5.46-7.594 1.537-2.048 3.584-2.475 5.462-1.195 2.047 1.45 2.389 3.498.938 5.632-1.706 2.474-3.584 4.948-5.29 7.423-3.242 4.778-2.304 11.092 2.133 14.334 4.864 3.584 11.092 2.731 14.761-1.962 1.963-2.475 3.754-5.12 5.632-7.68 1.194-1.535 2.645-2.218 4.607-1.28 1.792.854 2.645 2.39 2.304 4.267 0 .17 0 .427-.17.597-3.67 5.12-6.4 11.178-12.544 13.993-2.56 1.195-5.46 1.707-6.996 2.219l-.085-.171Z' fill='currentColor'\/><path d='M86.921 44.6c6.144.257 11.605 3.328 14.932 9.728 3.328 6.399 2.816 12.798-1.109 18.856-1.621 2.56-3.498 4.95-5.29 7.424-1.707 2.303-3.754 2.815-5.717 1.45-2.048-1.45-2.304-3.669-.597-6.058 1.621-2.304 3.328-4.608 4.949-6.911 3.498-4.95 2.56-11.348-2.133-14.761-4.779-3.499-11.178-2.475-14.847 2.56-1.792 2.388-3.498 4.863-5.205 7.252-1.62 2.218-3.583 2.56-5.546 1.11-1.877-1.366-2.218-3.414-.768-5.462 2.048-2.986 4.01-5.972 6.314-8.703 3.67-4.351 8.448-6.399 15.103-6.399l-.086-.085Z' fill='currentColor'\/><path d='M71.478 88.457c-3.498-.341-5.46-3.413-3.754-6.143 3.327-5.29 6.825-10.495 10.324-15.7 1.45-2.133 3.413-2.389 5.46-1.109 1.878 1.28 2.219 3.413.854 5.546-3.328 5.034-6.57 9.983-9.983 14.932-.683 1.024-1.963 1.621-2.901 2.389v.085Z' fill='currentColor'\/><\/svg>\t\t\t\t<\/a>\n\t\t\t\t\t\t\t\t\t\t\t<a class=\"post-share__dialog-item js-post-share-dialog-item\" href=\"mailto:?to=%20&amp;body=https%3A%2F%2Fd66.nl%2Fgelderland%2Fnieuws%2Fd66-gelderland-zet-in-op-klimaat-cultuur-en-onderwijs\" target=\"_blank\" >\n\t\t\t\t\tMail<svg xmlns='http:\/\/www.w3.org\/2000\/svg' width='40' height='40' viewBox='0 0 40 40' fill='none'><path d='M24.107 15.865a1 1 0 0 1 1.266 1.265l-1.686 5.052a1 1 0 0 1-1.654.392l-3.37-3.37a1.001 1.001 0 0 1 .392-1.654l5.052-1.685Z' fill='currentColor'\/><path d='m21.763 19.475-5.657 5.657' stroke='currentColor' stroke-width='2' stroke-linecap='round' fill='none'\/><\/svg>\t\t\t\t<\/a>\n\t\t\t\t\t\t\t\t\t\t\t<a class=\"post-share__dialog-item js-post-share-dialog-item\" href=\"https:\/\/www.linkedin.com\/sharing\/share-offsite\/?url=https%3A%2F%2Fd66.nl%2Fgelderland%2Fnieuws%2Fd66-gelderland-zet-in-op-klimaat-cultuur-en-onderwijs\" target=\"_blank\" >\n\t\t\t\t\tLinkedIn<svg xmlns='http:\/\/www.w3.org\/2000\/svg' width='40' height='40' viewBox='0 0 40 40' fill='none'><path d='M24.107 15.865a1 1 0 0 1 1.266 1.265l-1.686 5.052a1 1 0 0 1-1.654.392l-3.37-3.37a1.001 1.001 0 0 1 .392-1.654l5.052-1.685Z' fill='currentColor'\/><path d='m21.763 19.475-5.657 5.657' stroke='currentColor' stroke-width='2' stroke-linecap='round' fill='none'\/><\/svg>\t\t\t\t<\/a>\n\t\t\t\t\t\t\t\t\t\t\t<a class=\"post-share__dialog-item js-post-share-dialog-item\" href=\"https:\/\/www.facebook.com\/sharer\/sharer.php?u=https%3A%2F%2Fd66.nl%2Fgelderland%2Fnieuws%2Fd66-gelderland-zet-in-op-klimaat-cultuur-en-onderwijs\" target=\"_blank\" >\n\t\t\t\t\tFacebook<svg xmlns='http:\/\/www.w3.org\/2000\/svg' width='40' height='40' viewBox='0 0 40 40' fill='none'><path d='M24.107 15.865a1 1 0 0 1 1.266 1.265l-1.686 5.052a1 1 0 0 1-1.654.392l-3.37-3.37a1.001 1.001 0 0 1 .392-1.654l5.052-1.685Z' fill='currentColor'\/><path d='m21.763 19.475-5.657 5.657' stroke='currentColor' stroke-width='2' stroke-linecap='round' fill='none'\/><\/svg>\t\t\t\t<\/a>\n\t\t\t\t\t\t\t\t\t\t\t<a class=\"post-share__dialog-item js-post-share-dialog-item\" href=\"whatsapp:\/\/send?text=https%3A%2F%2Fd66.nl%2Fgelderland%2Fnieuws%2Fd66-gelderland-zet-in-op-klimaat-cultuur-en-onderwijs\" target=\"_blank\" >\n\t\t\t\t\tWhatsApp<svg xmlns='http:\/\/www.w3.org\/2000\/svg' width='40' height='40' viewBox='0 0 40 40' fill='none'><path d='M24.107 15.865a1 1 0 0 1 1.266 1.265l-1.686 5.052a1 1 0 0 1-1.654.392l-3.37-3.37a1.001 1.001 0 0 1 .392-1.654l5.052-1.685Z' fill='currentColor'\/><path d='m21.763 19.475-5.657 5.657' stroke='currentColor' stroke-width='2' stroke-linecap='round' fill='none'\/><\/svg>\t\t\t\t<\/a>\n\t\t\t\t\t\t\t\t\t\t\t<a class=\"post-share__dialog-item js-post-share-dialog-item\" href=\"https:\/\/x.com\/intent\/post?url=https%3A%2F%2Fd66.nl%2Fgelderland%2Fnieuws%2Fd66-gelderland-zet-in-op-klimaat-cultuur-en-onderwijs\" target=\"_blank\" >\n\t\t\t\t\tTwitter (X)<svg xmlns='http:\/\/www.w3.org\/2000\/svg' width='40' height='40' viewBox='0 0 40 40' fill='none'><path d='M24.107 15.865a1 1 0 0 1 1.266 1.265l-1.686 5.052a1 1 0 0 1-1.654.392l-3.37-3.37a1.001 1.001 0 0 1 .392-1.654l5.052-1.685Z' fill='currentColor'\/><path d='m21.763 19.475-5.657 5.657' stroke='currentColor' stroke-width='2' stroke-linecap='round' fill='none'\/><\/svg>\t\t\t\t<\/a>\n\t\t\t\t\t<\/div>\n\t<\/dialog>\n<\/div>\t\t\t<\/div>\n\t\t\t<div class=\"block-related-post-metadata__categories\">\n\t\t\t\t<div class=\"category-link__wrapper\">\n\t\t\t<div class=\"category-link__item\">\n\t\t\t<a href=\"https:\/\/d66.nl\/gelderland\/category\/d66\/\">\n\t\t\t\tD66\t\t\t<\/a>\n\t\t<\/div>\n\t\t\t\t<div class=\"category-link__item\">\n\t\t\t<a href=\"https:\/\/d66.nl\/gelderland\/search-tags\/corona-aanpak\/\">\n\t\t\t\tCorona-aanpak\t\t\t<\/a>\n\t\t<\/div>\n\t\t\t\t<div class=\"category-link__item\">\n\t\t\t<a href=\"https:\/\/d66.nl\/gelderland\/search-tags\/klimaat\/\">\n\t\t\t\tKlimaat, natuur en milieu\t\t\t<\/a>\n\t\t<\/div>\n\t\t\t\t<div class=\"category-link__item\">\n\t\t\t<a href=\"https:\/\/d66.nl\/gelderland\/search-tags\/kunst-cultuur-media\/\">\n\t\t\t\tKunst, cultuur en media\t\t\t<\/a>\n\t\t<\/div>\n\t\t\t\t<div class=\"category-link__item\">\n\t\t\t<a href=\"https:\/\/d66.nl\/gelderland\/search-tags\/onderwijs\/\">\n\t\t\t\tOnderwijs\t\t\t<\/a>\n\t\t<\/div>\n\t\t<\/div>\t\t\t<\/div>\n\t\t<\/div>\n\t<\/div>\n<\/section>\n\t  <\/div>\n\t<\/div>\n  <\/div>\n\n\n<div\n  id=\"\"\n  class=\"wrapper  wrapper__spacing-bottom-large--50 wrapper__spacing-bottom-desktop--70 wrapper__spacing-bottom-mobile--50  wrapper__gutter--none\"\n  >\n  \t<div class=\"wrapper__container wrapper__container-width-large--default\">\n\t  <div class=\"wrapper__inner wrapper__width-large--18 wrapper__width-desktop--22 wrapper__width-mobile--24 wrapper__offset-large--6 wrapper__offset-desktop--2 wrapper__offset-mobile--0\">\n\t\t<section class=\"block-post-content\">\n\t<div class=\"block-post-content__title\">\n\t\t<h3 class=\"heading  heading__color--black heading__size--medium heading__font--sans heading__weight--semiBold  block-post-content__heading\" id=\"nav-spreektekst8356\" data-nav-heading-mobile=\"Spreektekst\">\n\tSpreektekst<\/h3>\t<\/div>\n\t<div class=\"block-post-content__content\">\n\t\t\n<div\n  id=\"\"\n  class=\"wrapper  wrapper__spacing-bottom-large--30 wrapper__spacing-bottom-desktop--20  wrapper__gutter--none\"\n  >\n  \t<div class=\"wrapper__container wrapper__container-width-large--default\">\n\t  <div class=\"wrapper__inner wrapper__width-large--24 wrapper__width-mobile--24\">\n\t\t<p\n\t\tclass=\"paragraph paragraph__align--left paragraph__color--black paragraph__size--default   block-paragraph__paragraph\"\n\t\t\t>\n\t\t<em>Voorzitter, Op dit moment spreken veel mensen over de periode v\u00f3\u00f3r en de periode n\u00e1 Corona. Maar we <strong>zullen<\/strong> nooit meer terugkomen naar het \u2018<strong>oude<\/strong> leven\u2019 van <strong>voor<\/strong> Corona. Om met de woorden van Rob Jetten te spreken op het 1<sup>e<\/sup> digitale d66 congres afgelopen zaterdag: \u2018Corona is een gamechanger voor de komende tientallen jaren.\u2019<\/em><br><em>D66 leeft mee met allen die nu ziek zijn en met hen die misschien dierbare mensen moeten missen agv Corona.<\/em><br><em>Dank aan GS voor de Statenbrief die ter kennisgeving voor ligt over de provinciale aanpak van COVID 2019.<\/em><br><br><em>De provincie Gelderland helpt aanvullend op landelijke en gemeentelijke regelingen. En zo hoort het ook. De provincie is niet leidend. Maar dat betekent niet dat we op onze handen gaan zitten. Er wordt ingezet op acties voor het herstel en het stimuleren van de economie en Samen zetten we de schouders eronder en doen we wat nodig is voor vitale processen en getroffen sectoren.<\/em><br><br><em>Voorzitter, D66 staat achter het helpen van de gemeenten. De financi\u00eble positie van veel gemeenten in Gelderland was v\u00f3\u00f3r de Corona\u00a0crisis al zorgwekkend,\u00a0vanwege decentralisaties in, onder andere in het sociale domein. De extra kosten die nu vanwege de corona\u00a0crisis gemaakt worden door de gemeenten, legt nog meer druk op een al moeilijke situatie.\u00a0 <strong>We vragen GS vinger aan de pols te houden en ook te lobbyen bij het rijk voor extra maatregelen<\/strong><\/em><br><em>D66 steunt het voorstel van 10 miljoen en wil in deze bijdrage een hartenkreet doen voor 3 thema\u2019s daarbinnen: klimaat, cultuur en onderwijs<\/em><br><br><em>Klimaat<\/em><br><em>Bij de inzet van de provincie die gericht is op stimuleringsmaatregelen voor onze economie wil D66 juist aandacht vragen voor <strong>klimaat<\/strong>. Wij merken dat de ambities op het gebied van het verduurzamen en de uitgangspunten beschreven in het Gelders Energieakkoord erg onder druk komen te staan. Wij zien liever dat er OMGEDACHT wordt: juist nu geld investeren in klimaat kan een enorme stimulans zijn voor werkgelegenheid en de economie. Met investeringen in bv het toekomstbestendig maken van woningen houden we de bouw en alle daaraan gelieerde economische sectoren zo veel mogelijk aan de gang. Kan de provincie extra subsidies beschikbaar stellen aan bedrijven en particulieren voor de verduurzaming van huizen?<\/em><br><br><em>Cultuur<\/em><br><em>Juist nu veel van ons thuiszitten wordt de waarde van cultuur en het gemis daarvan n\u00f3g meer gevoeld. D66 is verheugd dat de provincie Gelderland voor de organisaties die we als provincie structureel financieren, zoals Introdans en Oostpool, de subsidies in stand houdt, ook als de prestaties vanwege Corona niet gerealiseerd kunnen worden.<\/em><br><br><em>Sommige gemeenten betalen een deel van de subsidies door, of schelden de huur kwijt, of geven uitstel van betaling.<\/em><br><em>Er zijn regelingen van uit het rijk voor zelfstandigen en voor het doorbetalen van loon.<\/em><br><em>Onlangs is bekend gemaakt dat het rijk 300 miljoen euro beschikbaar stelt om vooral de bis instellingen overeind te houden. Er is nog onduidelijkheid over deze regeling maar wat wel duidelijk is, is dat het zo veel mogelijke overeind houden van de werkgelegenheid in de sector een belangrijk argument is daarbij is en die lijn volgt ook de provincie wat d66 betreft.<\/em><br><br><br><em>Want we weten allemaal dat het niet voldoende zal zijn. Dit terwijl er juist in deze tijd behoefte is aan de verbinding, verbeelding en verlichting die kunst en cultuur kunnen bieden, ook voor de leefbaarheid;<\/em><br><br><em>D66 maakt zich grote zorgen over de culturele sector en is bang dat gesubsidieerde en niet gesubsidieerde instellingen in onze gehele regio gaan omvallen, zoals theaters, muziekscholen, kunstencentra. En daarmee ook de artiesten zelf, veelal zzp\u2019ers, zij worden niet geboekt en gaan failliet.<\/em><br><br><em>Daarom dient D66 een motie in die GS oproept om uit de acute middelen die GS nu extra beschikbaar stelt, een snelloket in het leven te roepen waar eenvoudig en binnen enkele werkdagen een subsidie verstrekt kan worden aan (klein)kunstenaars die hun talenten inzetten voor een project tijdens de coronacrisis;<\/em><br><em>Als voorwaarde aan de subsidie de eis dat het project voor een breed publiek toegankelijk is;<\/em><br><br><em>En als laatste Onderwijs<\/em><br><em>Op dit moment neemt het digitale afstandsonderwijs een vlucht. We zouden dit een positieve bijvangst kunnen noemen van de huidige situatie. Het risico is dat we dit niet weten te borgen. Terwijl dit afstandsonderwijs een kans is voor bijvoorbeeld kinderen die niet naar school kunnen omdat ze ziek zijn. D66 vraagt een <strong>toezegging<\/strong> om vanuit onderwijs en arbeidsmarkt vanuit het overleg dat er is met de onderwijsinstellingen in Gelderland te onderzoeken hoe deze ontwikkelingen vastgehouden en door ontwikkeld kunnen worden en hoe de provincie daarin kan faciliteren. Daarnaast is D66 benieuwd of vanuit deze zelfde arbeidsmarkt en onderwijsbenadering ingehaakt kan worden op de enorme imagoverbetering die er is voor de vitale beroepen zoals het onderwijs de zorg en logistiek. Kunnen we dit moment aangrijpen om meer mensen voor deze beroepen te interesseren?<\/em><br><br><em>Om af te sluiten waar ik mee startte, corona is de gamechanger voor de komende decennia, laten we Nu die kans grijpen om met elkaar na te denken over hoe onze wereld eruit komt te zien.<\/em><br>\u00a0\t<\/p>\t  <\/div>\n\t<\/div>\n  <\/div>\n\n\t<\/div>\n\n\t<div class=\"block-post-content__sidebar\">\n\t\t\n\t\t\n\t\t\t<\/div>\n<\/section>\n\t  <\/div>\n\t<\/div>\n  <\/div>\n","protected":false},"excerpt":{"rendered":"","protected":false},"author":458,"featured_media":0,"comment_status":"closed","ping_status":"open","sticky":false,"template":"","format":"standard","meta":{"_acf_changed":false,"footnotes":""},"categories":[1],"labels":[],"search-tags":[15,3,11,2],"class_list":["post-603","post","type-post","status-publish","format-standard","hentry","category-d66","search-tags-corona-aanpak","search-tags-klimaat","search-tags-kunst-cultuur-media","search-tags-onderwijs"],"acf":[],"yoast_head":"<!-- This site is optimized with the Yoast SEO plugin v27.3 - https:\/\/yoast.com\/product\/yoast-seo-wordpress\/ -->\n<title>D66 Gelderland &#8212; D66 Gelderland zet in op klimaat, cultuur en onderwijs<\/title>\n<meta name=\"robots\" content=\"index, follow, max-snippet:-1, max-image-preview:large, max-video-preview:-1\" \/>\n<link rel=\"canonical\" href=\"https:\/\/d66.nl\/gelderland\/nieuws\/d66-gelderland-zet-in-op-klimaat-cultuur-en-onderwijs\" \/>\n<meta property=\"og:locale\" content=\"nl_NL\" \/>\n<meta property=\"og:type\" content=\"article\" \/>\n<meta property=\"og:title\" content=\"D66 Gelderland &#8212; D66 Gelderland zet in op klimaat, cultuur en onderwijs\" \/>\n<meta property=\"og:url\" content=\"https:\/\/d66.nl\/gelderland\/nieuws\/d66-gelderland-zet-in-op-klimaat-cultuur-en-onderwijs\/\" \/>\n<meta property=\"og:site_name\" content=\"D66 Gelderland\" \/>\n<meta property=\"article:published_time\" content=\"2022-05-18T12:37:56+00:00\" \/>\n<meta property=\"article:modified_time\" content=\"2022-05-18T12:37:57+00:00\" \/>\n<meta name=\"author\" content=\"loestendolle\" \/>\n<meta name=\"twitter:card\" content=\"summary_large_image\" \/>\n<meta name=\"twitter:label1\" content=\"Geschreven door\" \/>\n\t<meta name=\"twitter:data1\" content=\"loestendolle\" \/>\n<script type=\"application\/ld+json\" class=\"yoast-schema-graph\">{\"@context\":\"https:\\\/\\\/schema.org\",\"@graph\":[{\"@type\":\"Article\",\"@id\":\"https:\\\/\\\/d66.nl\\\/gelderland\\\/nieuws\\\/d66-gelderland-zet-in-op-klimaat-cultuur-en-onderwijs\\\/#article\",\"isPartOf\":{\"@id\":\"https:\\\/\\\/d66.nl\\\/gelderland\\\/nieuws\\\/d66-gelderland-zet-in-op-klimaat-cultuur-en-onderwijs\\\/\"},\"author\":{\"name\":\"loestendolle\",\"@id\":\"https:\\\/\\\/d66.nl\\\/gelderland\\\/#\\\/schema\\\/person\\\/7b553693aec6a255a5c18f163027928d\"},\"headline\":\"D66 Gelderland zet in op klimaat, cultuur en onderwijs\",\"datePublished\":\"2022-05-18T12:37:56+00:00\",\"dateModified\":\"2022-05-18T12:37:57+00:00\",\"mainEntityOfPage\":{\"@id\":\"https:\\\/\\\/d66.nl\\\/gelderland\\\/nieuws\\\/d66-gelderland-zet-in-op-klimaat-cultuur-en-onderwijs\\\/\"},\"wordCount\":9,\"publisher\":{\"@id\":\"https:\\\/\\\/d66.nl\\\/gelderland\\\/#organization\"},\"articleSection\":[\"D66\"],\"inLanguage\":\"nl-NL\"},{\"@type\":\"WebPage\",\"@id\":\"https:\\\/\\\/d66.nl\\\/gelderland\\\/nieuws\\\/d66-gelderland-zet-in-op-klimaat-cultuur-en-onderwijs\\\/\",\"url\":\"https:\\\/\\\/d66.nl\\\/gelderland\\\/nieuws\\\/d66-gelderland-zet-in-op-klimaat-cultuur-en-onderwijs\\\/\",\"name\":\"D66 Gelderland &#8212; D66 Gelderland zet in op klimaat, cultuur en onderwijs\",\"isPartOf\":{\"@id\":\"https:\\\/\\\/d66.nl\\\/gelderland\\\/#website\"},\"datePublished\":\"2022-05-18T12:37:56+00:00\",\"dateModified\":\"2022-05-18T12:37:57+00:00\",\"breadcrumb\":{\"@id\":\"https:\\\/\\\/d66.nl\\\/gelderland\\\/nieuws\\\/d66-gelderland-zet-in-op-klimaat-cultuur-en-onderwijs\\\/#breadcrumb\"},\"inLanguage\":\"nl-NL\",\"potentialAction\":[{\"@type\":\"ReadAction\",\"target\":[\"https:\\\/\\\/d66.nl\\\/gelderland\\\/nieuws\\\/d66-gelderland-zet-in-op-klimaat-cultuur-en-onderwijs\\\/\"]}]},{\"@type\":\"BreadcrumbList\",\"@id\":\"https:\\\/\\\/d66.nl\\\/gelderland\\\/nieuws\\\/d66-gelderland-zet-in-op-klimaat-cultuur-en-onderwijs\\\/#breadcrumb\",\"itemListElement\":[{\"@type\":\"ListItem\",\"position\":1,\"name\":\"Home\",\"item\":\"https:\\\/\\\/d66.nl\\\/gelderland\\\/\"},{\"@type\":\"ListItem\",\"position\":2,\"name\":\"Nieuws\",\"item\":\"https:\\\/\\\/d66.nl\\\/gelderland\\\/nieuws\\\/\"},{\"@type\":\"ListItem\",\"position\":3,\"name\":\"D66 Gelderland zet in op klimaat, cultuur en onderwijs\"}]},{\"@type\":\"WebSite\",\"@id\":\"https:\\\/\\\/d66.nl\\\/gelderland\\\/#website\",\"url\":\"https:\\\/\\\/d66.nl\\\/gelderland\\\/\",\"name\":\"D66 Gelderland\",\"description\":\"Website van D66 Gelderland\",\"publisher\":{\"@id\":\"https:\\\/\\\/d66.nl\\\/gelderland\\\/#organization\"},\"potentialAction\":[{\"@type\":\"SearchAction\",\"target\":{\"@type\":\"EntryPoint\",\"urlTemplate\":\"https:\\\/\\\/d66.nl\\\/gelderland\\\/?s={search_term_string}\"},\"query-input\":{\"@type\":\"PropertyValueSpecification\",\"valueRequired\":true,\"valueName\":\"search_term_string\"}}],\"inLanguage\":\"nl-NL\"},{\"@type\":\"Organization\",\"@id\":\"https:\\\/\\\/d66.nl\\\/gelderland\\\/#organization\",\"name\":\"D66\",\"url\":\"https:\\\/\\\/d66.nl\\\/gelderland\\\/\",\"logo\":{\"@type\":\"ImageObject\",\"inLanguage\":\"nl-NL\",\"@id\":\"https:\\\/\\\/d66.nl\\\/gelderland\\\/#\\\/schema\\\/logo\\\/image\\\/\",\"url\":\"https:\\\/\\\/d66.nl\\\/gelderland\\\/wp-content\\\/uploads\\\/sites\\\/2\\\/2021\\\/10\\\/d66-themas-algemeen-og.png\",\"contentUrl\":\"https:\\\/\\\/d66.nl\\\/gelderland\\\/wp-content\\\/uploads\\\/sites\\\/2\\\/2021\\\/10\\\/d66-themas-algemeen-og.png\",\"width\":1200,\"height\":628,\"caption\":\"D66\"},\"image\":{\"@id\":\"https:\\\/\\\/d66.nl\\\/gelderland\\\/#\\\/schema\\\/logo\\\/image\\\/\"}},{\"@type\":\"Person\",\"@id\":\"https:\\\/\\\/d66.nl\\\/gelderland\\\/#\\\/schema\\\/person\\\/7b553693aec6a255a5c18f163027928d\",\"name\":\"loestendolle\",\"image\":{\"@type\":\"ImageObject\",\"inLanguage\":\"nl-NL\",\"@id\":\"https:\\\/\\\/secure.gravatar.com\\\/avatar\\\/ab4bec5787de3fe7453997d73f8605504a377f29845cbf6ec1512adafa3419c4?s=96&d=mm&r=g\",\"url\":\"https:\\\/\\\/secure.gravatar.com\\\/avatar\\\/ab4bec5787de3fe7453997d73f8605504a377f29845cbf6ec1512adafa3419c4?s=96&d=mm&r=g\",\"contentUrl\":\"https:\\\/\\\/secure.gravatar.com\\\/avatar\\\/ab4bec5787de3fe7453997d73f8605504a377f29845cbf6ec1512adafa3419c4?s=96&d=mm&r=g\",\"caption\":\"loestendolle\"}}]}<\/script>\n<!-- \/ Yoast SEO plugin. -->","yoast_head_json":{"title":"D66 Gelderland &#8212; D66 Gelderland zet in op klimaat, cultuur en onderwijs","robots":{"index":"index","follow":"follow","max-snippet":"max-snippet:-1","max-image-preview":"max-image-preview:large","max-video-preview":"max-video-preview:-1"},"canonical":"https:\/\/d66.nl\/gelderland\/nieuws\/d66-gelderland-zet-in-op-klimaat-cultuur-en-onderwijs","og_locale":"nl_NL","og_type":"article","og_title":"D66 Gelderland &#8212; D66 Gelderland zet in op klimaat, cultuur en onderwijs","og_url":"https:\/\/d66.nl\/gelderland\/nieuws\/d66-gelderland-zet-in-op-klimaat-cultuur-en-onderwijs\/","og_site_name":"D66 Gelderland","article_published_time":"2022-05-18T12:37:56+00:00","article_modified_time":"2022-05-18T12:37:57+00:00","author":"loestendolle","twitter_card":"summary_large_image","twitter_misc":{"Geschreven door":"loestendolle"},"schema":{"@context":"https:\/\/schema.org","@graph":[{"@type":"Article","@id":"https:\/\/d66.nl\/gelderland\/nieuws\/d66-gelderland-zet-in-op-klimaat-cultuur-en-onderwijs\/#article","isPartOf":{"@id":"https:\/\/d66.nl\/gelderland\/nieuws\/d66-gelderland-zet-in-op-klimaat-cultuur-en-onderwijs\/"},"author":{"name":"loestendolle","@id":"https:\/\/d66.nl\/gelderland\/#\/schema\/person\/7b553693aec6a255a5c18f163027928d"},"headline":"D66 Gelderland zet in op klimaat, cultuur en onderwijs","datePublished":"2022-05-18T12:37:56+00:00","dateModified":"2022-05-18T12:37:57+00:00","mainEntityOfPage":{"@id":"https:\/\/d66.nl\/gelderland\/nieuws\/d66-gelderland-zet-in-op-klimaat-cultuur-en-onderwijs\/"},"wordCount":9,"publisher":{"@id":"https:\/\/d66.nl\/gelderland\/#organization"},"articleSection":["D66"],"inLanguage":"nl-NL"},{"@type":"WebPage","@id":"https:\/\/d66.nl\/gelderland\/nieuws\/d66-gelderland-zet-in-op-klimaat-cultuur-en-onderwijs\/","url":"https:\/\/d66.nl\/gelderland\/nieuws\/d66-gelderland-zet-in-op-klimaat-cultuur-en-onderwijs\/","name":"D66 Gelderland &#8212; D66 Gelderland zet in op klimaat, cultuur en onderwijs","isPartOf":{"@id":"https:\/\/d66.nl\/gelderland\/#website"},"datePublished":"2022-05-18T12:37:56+00:00","dateModified":"2022-05-18T12:37:57+00:00","breadcrumb":{"@id":"https:\/\/d66.nl\/gelderland\/nieuws\/d66-gelderland-zet-in-op-klimaat-cultuur-en-onderwijs\/#breadcrumb"},"inLanguage":"nl-NL","potentialAction":[{"@type":"ReadAction","target":["https:\/\/d66.nl\/gelderland\/nieuws\/d66-gelderland-zet-in-op-klimaat-cultuur-en-onderwijs\/"]}]},{"@type":"BreadcrumbList","@id":"https:\/\/d66.nl\/gelderland\/nieuws\/d66-gelderland-zet-in-op-klimaat-cultuur-en-onderwijs\/#breadcrumb","itemListElement":[{"@type":"ListItem","position":1,"name":"Home","item":"https:\/\/d66.nl\/gelderland\/"},{"@type":"ListItem","position":2,"name":"Nieuws","item":"https:\/\/d66.nl\/gelderland\/nieuws\/"},{"@type":"ListItem","position":3,"name":"D66 Gelderland zet in op klimaat, cultuur en onderwijs"}]},{"@type":"WebSite","@id":"https:\/\/d66.nl\/gelderland\/#website","url":"https:\/\/d66.nl\/gelderland\/","name":"D66 Gelderland","description":"Website van D66 Gelderland","publisher":{"@id":"https:\/\/d66.nl\/gelderland\/#organization"},"potentialAction":[{"@type":"SearchAction","target":{"@type":"EntryPoint","urlTemplate":"https:\/\/d66.nl\/gelderland\/?s={search_term_string}"},"query-input":{"@type":"PropertyValueSpecification","valueRequired":true,"valueName":"search_term_string"}}],"inLanguage":"nl-NL"},{"@type":"Organization","@id":"https:\/\/d66.nl\/gelderland\/#organization","name":"D66","url":"https:\/\/d66.nl\/gelderland\/","logo":{"@type":"ImageObject","inLanguage":"nl-NL","@id":"https:\/\/d66.nl\/gelderland\/#\/schema\/logo\/image\/","url":"https:\/\/d66.nl\/gelderland\/wp-content\/uploads\/sites\/2\/2021\/10\/d66-themas-algemeen-og.png","contentUrl":"https:\/\/d66.nl\/gelderland\/wp-content\/uploads\/sites\/2\/2021\/10\/d66-themas-algemeen-og.png","width":1200,"height":628,"caption":"D66"},"image":{"@id":"https:\/\/d66.nl\/gelderland\/#\/schema\/logo\/image\/"}},{"@type":"Person","@id":"https:\/\/d66.nl\/gelderland\/#\/schema\/person\/7b553693aec6a255a5c18f163027928d","name":"loestendolle","image":{"@type":"ImageObject","inLanguage":"nl-NL","@id":"https:\/\/secure.gravatar.com\/avatar\/ab4bec5787de3fe7453997d73f8605504a377f29845cbf6ec1512adafa3419c4?s=96&d=mm&r=g","url":"https:\/\/secure.gravatar.com\/avatar\/ab4bec5787de3fe7453997d73f8605504a377f29845cbf6ec1512adafa3419c4?s=96&d=mm&r=g","contentUrl":"https:\/\/secure.gravatar.com\/avatar\/ab4bec5787de3fe7453997d73f8605504a377f29845cbf6ec1512adafa3419c4?s=96&d=mm&r=g","caption":"loestendolle"}}]}},"_links":{"self":[{"href":"https:\/\/d66.nl\/gelderland\/wp-json\/wp\/v2\/posts\/603","targetHints":{"allow":["GET"]}}],"collection":[{"href":"https:\/\/d66.nl\/gelderland\/wp-json\/wp\/v2\/posts"}],"about":[{"href":"https:\/\/d66.nl\/gelderland\/wp-json\/wp\/v2\/types\/post"}],"author":[{"embeddable":true,"href":"https:\/\/d66.nl\/gelderland\/wp-json\/wp\/v2\/users\/458"}],"replies":[{"embeddable":true,"href":"https:\/\/d66.nl\/gelderland\/wp-json\/wp\/v2\/comments?post=603"}],"version-history":[{"count":2,"href":"https:\/\/d66.nl\/gelderland\/wp-json\/wp\/v2\/posts\/603\/revisions"}],"predecessor-version":[{"id":605,"href":"https:\/\/d66.nl\/gelderland\/wp-json\/wp\/v2\/posts\/603\/revisions\/605"}],"wp:attachment":[{"href":"https:\/\/d66.nl\/gelderland\/wp-json\/wp\/v2\/media?parent=603"}],"wp:term":[{"taxonomy":"category","embeddable":true,"href":"https:\/\/d66.nl\/gelderland\/wp-json\/wp\/v2\/categories?post=603"},{"taxonomy":"labels","embeddable":true,"href":"https:\/\/d66.nl\/gelderland\/wp-json\/wp\/v2\/labels?post=603"},{"taxonomy":"search-tags","embeddable":true,"href":"https:\/\/d66.nl\/gelderland\/wp-json\/wp\/v2\/search-tags?post=603"}],"curies":[{"name":"wp","href":"https:\/\/api.w.org\/{rel}","templated":true}]}}