{"id":870,"date":"2023-03-07T10:02:39","date_gmt":"2023-03-07T10:02:39","guid":{"rendered":"https:\/\/d66.nl\/fryslan\/nieuws\/"},"modified":"2023-03-07T10:02:41","modified_gmt":"2023-03-07T10:02:41","slug":"februari-2023","status":"publish","type":"post","link":"https:\/\/d66.nl\/fryslan\/nieuws\/februari-2023","title":{"rendered":"Kijkje in de Staten: februari"},"content":{"rendered":"<div\n  id=\"\"\n  class=\"wrapper  wrapper__spacing-bottom-large--50 wrapper__spacing-bottom-desktop--66 wrapper__spacing-bottom-mobile--76  wrapper__gutter--none\"\n  >\n  \t<div class=\"wrapper__container wrapper__container-width-large--default\">\n\t  <div class=\"wrapper__inner wrapper__width-large--14 wrapper__width-desktop--20 wrapper__width-mobile--24 wrapper__offset-large--6 wrapper__offset-desktop--4 wrapper__offset-mobile--0\">\n\t\t<h1 class=\"heading   heading__size--giant heading__font--serif heading__weight--regular  block-heading__heading\" id=\"nav-kijkje-in-de-staten--februari2812\"  data-nav-heading-mobile=\"Kijkje in de Staten: februari\" >\n\tKijkje in de Staten: februari<\/h1>\t  <\/div>\n\t<\/div>\n  <\/div>\n\n\n<div\n  id=\"\"\n  class=\"wrapper  wrapper__spacing-bottom-large--50 wrapper__spacing-bottom-mobile--40  wrapper__gutter--none\"\n  >\n  \t<div class=\"wrapper__container wrapper__container-width-large--default\">\n\t  <div class=\"wrapper__inner wrapper__width-large--13 wrapper__width-desktop--22 wrapper__width-mobile--24 wrapper__offset-large--6 wrapper__offset-desktop--2 wrapper__offset-mobile--0\">\n\t\t<p\n\t\tclass=\"paragraph   paragraph__size--big   block-paragraph__paragraph\"\n\t\t\t>\n\t\tMet de verkiezingen in zicht lijkt het alsof de dagelijkse politiek stil is komen te liggen en alle politici op de verkiezingen gefocust zijn. Toch hadden we nog een Statenvergadering in februari. Alweer de laatste van deze coalitieperiode. Tijdens deze Statenvergadering hebben we als D66 weer goede dingen gedaan voor de toekomst van Frysl\u00e2n. Zo hebben we ons weer hard gemaakt voor de Friese taal, aandacht gevraagd voor CO2-uitstoot en de effecten op toekomstige generaties en gepleit voor het recht op reparatie. We begonnen de dag met Holwerd aan Zee.\t<\/p>\t  <\/div>\n\t<\/div>\n  <\/div>\n\n\n<div\n  id=\"\"\n  class=\"wrapper  wrapper__spacing-bottom-large--30 wrapper__spacing-bottom-desktop--20 wrapper__spacing-bottom-mobile--10  wrapper__gutter--none\"\n  >\n  \t<div class=\"wrapper__container wrapper__container-width-large--default\">\n\t  <div class=\"wrapper__inner wrapper__width-large--14 wrapper__width-desktop--24 wrapper__width-mobile--24 wrapper__offset-large--6 wrapper__offset-desktop--2 wrapper__offset-mobile--0\">\n\t\t<section class=\"block-related-post-metadata js-block-related-post-metadata\">\n\t<div class=\"block-related-post-metadata__content-wrapper\">\n\t\t<div class=\"block-related-post-metadata__persons\">\n\t\t\t<div class=\"related-person-info__wrapper\">\n\t\t\t<div class=\"related-person-info__item related-person-info__color--yellow\">\n\t\t\t<a class=\"related-person-info__link\" href=\"https:\/\/d66.nl\/fryslan\/mensen\/danny-van-der-weijde\/\">\n\t\t\t\t<div class=\"related-person-info__image_container\">\n\t\t\t\t<img loading=\"lazy\" decoding=\"async\" width=\"150\" height=\"150\" src=\"https:\/\/d66.nl\/fryslan\/wp-content\/uploads\/sites\/405\/2023\/02\/IMG_7332-150x150.jpeg\" class=\"related-person-info__image\" alt=\"\" \/>\t\t\t\t<\/div>\n\t\t\t\t<div class=\"related-person-info__meta\">\n\t\t\t\t\t\t\t\t\t<header class=\"related-person-info__header\">\n\t\t\t\t\t\t<h3 class=\"heading   heading__size--small heading__font--sans heading__weight--bold\" id=\"nav-danny-van-der-weijde3728\">\n\tDanny van der Weijde<\/h3>\t\t\t\t\t<\/header>\n\t\t\t\t\t\t\t\t\t\t\t\t\t<div class=\"related-person-info__description\">\n\t\t\t\t\t\t<p class=\"paragraph   paragraph__size--small paragraph__weight--normal\">\n\t\tFractievoorzitter\t<\/p>\t\t\t\t\t<\/div>\n\t\t\t\t\t\t\t\t<\/div>\n\t\t\t<\/a>\n\t\t<\/div>\n\t\t\t\t<div class=\"related-person-info__item related-person-info__color--romanSilver\">\n\t\t\t<a class=\"related-person-info__link\" href=\"https:\/\/d66.nl\/fryslan\/mensen\/bea-bijlsma\/\">\n\t\t\t\t<div class=\"related-person-info__image_container\">\n\t\t\t\t<img loading=\"lazy\" decoding=\"async\" width=\"150\" height=\"150\" src=\"https:\/\/d66.nl\/fryslan\/wp-content\/uploads\/sites\/405\/2023\/03\/IMG_7284-150x150.jpeg\" class=\"related-person-info__image\" alt=\"\" \/>\t\t\t\t<\/div>\n\t\t\t\t<div class=\"related-person-info__meta\">\n\t\t\t\t\t\t\t\t\t<header class=\"related-person-info__header\">\n\t\t\t\t\t\t<h3 class=\"heading   heading__size--small heading__font--sans heading__weight--bold\" id=\"nav-bea-bijlsma845\">\n\tBea Bijlsma<\/h3>\t\t\t\t\t<\/header>\n\t\t\t\t\t\t\t\t\t\t\t\t\t<div class=\"related-person-info__description\">\n\t\t\t\t\t\t<p class=\"paragraph   paragraph__size--small paragraph__weight--normal\">\n\t\tCommissielid\t<\/p>\t\t\t\t\t<\/div>\n\t\t\t\t\t\t\t\t<\/div>\n\t\t\t<\/a>\n\t\t<\/div>\n\t\t<\/div>\t\t<\/div>\n\t\t<div class=\"block-related-post-metadata__meta\">\n\t\t\t<div class=\"block-related-post-metadata__date\">\n\t\t\t\t07.03.2023<div class=\"post-share js-post-share rs_skip_always\">\n\t<button class=\"post-share__share-button js-post-share-share-button\">\n\t\tShare\t\t<svg xmlns='http:\/\/www.w3.org\/2000\/svg' width='100px' height='100px' viewBox='0 0 24 24' fill='none'><path d='m8.684 10.658 6.629-3.314m.003 9.314-6.622-3.311M21 6a3 3 0 1 1-6 0 3 3 0 0 1 6 0ZM9 12a3 3 0 1 1-6 0 3 3 0 0 1 6 0Zm12 6a3 3 0 1 1-6 0 3 3 0 0 1 6 0Z' stroke='currentColor' stroke-width='1.5' fill='none'\/><\/svg>\t<\/button>\n\t<dialog class=\"post-share__dialog js-post-share-dialog\" aria-hidden=\"true\">\n\t\t<div class=\"post-share__dialog-header\">\n\t\t\tShare this post\t\t\t<button class=\"post-share__dialog-close js-post-share-dialog-close\">\n\t\t\t\t<svg xmlns='http:\/\/www.w3.org\/2000\/svg' width='150' height='150' viewBox='0 0 150 150' fill='none'><path d='M44.103 105.897 75 75m30.898-30.898L75 75m0 0L44.103 44.102M75 75l30.898 30.897' stroke='currentColor' stroke-width='5' fill='none'\/><\/svg>\t\t\t<\/button>\n\t\t<\/div>\n\t\t<div class=\"post-share__dialog-socials\">\n\t\t\t\t\t\t\t\t\t\t\t<a class=\"post-share__dialog-item js-post-share-dialog-item\" href=\"#\" target=\"_blank\" data-copy=&quot;true&quot;>\n\t\t\t\t\tKopier link<svg xmlns='http:\/\/www.w3.org\/2000\/svg' width='150' height='150' viewBox='0 0 150 150' fill='none'><path d='M67.468 108.679c-8.533-.512-14.164-3.583-17.407-9.983-3.242-6.314-2.815-12.713 1.195-18.6 1.706-2.56 3.584-5.035 5.46-7.594 1.537-2.048 3.584-2.475 5.462-1.195 2.047 1.45 2.389 3.498.938 5.632-1.706 2.474-3.584 4.948-5.29 7.423-3.242 4.778-2.304 11.092 2.133 14.334 4.864 3.584 11.092 2.731 14.761-1.962 1.963-2.475 3.754-5.12 5.632-7.68 1.194-1.535 2.645-2.218 4.607-1.28 1.792.854 2.645 2.39 2.304 4.267 0 .17 0 .427-.17.597-3.67 5.12-6.4 11.178-12.544 13.993-2.56 1.195-5.46 1.707-6.996 2.219l-.085-.171Z' fill='currentColor'\/><path d='M86.921 44.6c6.144.257 11.605 3.328 14.932 9.728 3.328 6.399 2.816 12.798-1.109 18.856-1.621 2.56-3.498 4.95-5.29 7.424-1.707 2.303-3.754 2.815-5.717 1.45-2.048-1.45-2.304-3.669-.597-6.058 1.621-2.304 3.328-4.608 4.949-6.911 3.498-4.95 2.56-11.348-2.133-14.761-4.779-3.499-11.178-2.475-14.847 2.56-1.792 2.388-3.498 4.863-5.205 7.252-1.62 2.218-3.583 2.56-5.546 1.11-1.877-1.366-2.218-3.414-.768-5.462 2.048-2.986 4.01-5.972 6.314-8.703 3.67-4.351 8.448-6.399 15.103-6.399l-.086-.085Z' fill='currentColor'\/><path d='M71.478 88.457c-3.498-.341-5.46-3.413-3.754-6.143 3.327-5.29 6.825-10.495 10.324-15.7 1.45-2.133 3.413-2.389 5.46-1.109 1.878 1.28 2.219 3.413.854 5.546-3.328 5.034-6.57 9.983-9.983 14.932-.683 1.024-1.963 1.621-2.901 2.389v.085Z' fill='currentColor'\/><\/svg>\t\t\t\t<\/a>\n\t\t\t\t\t\t\t\t\t\t\t<a class=\"post-share__dialog-item js-post-share-dialog-item\" href=\"mailto:?to=%20&amp;body=https%3A%2F%2Fd66.nl%2Ffryslan%2Fnieuws%2Ffebruari-2023\" target=\"_blank\" >\n\t\t\t\t\tMail<svg xmlns='http:\/\/www.w3.org\/2000\/svg' width='40' height='40' viewBox='0 0 40 40' fill='none'><path d='M24.107 15.865a1 1 0 0 1 1.266 1.265l-1.686 5.052a1 1 0 0 1-1.654.392l-3.37-3.37a1.001 1.001 0 0 1 .392-1.654l5.052-1.685Z' fill='currentColor'\/><path d='m21.763 19.475-5.657 5.657' stroke='currentColor' stroke-width='2' stroke-linecap='round' fill='none'\/><\/svg>\t\t\t\t<\/a>\n\t\t\t\t\t\t\t\t\t\t\t<a class=\"post-share__dialog-item js-post-share-dialog-item\" href=\"https:\/\/www.linkedin.com\/sharing\/share-offsite\/?url=https%3A%2F%2Fd66.nl%2Ffryslan%2Fnieuws%2Ffebruari-2023\" target=\"_blank\" >\n\t\t\t\t\tLinkedIn<svg xmlns='http:\/\/www.w3.org\/2000\/svg' width='40' height='40' viewBox='0 0 40 40' fill='none'><path d='M24.107 15.865a1 1 0 0 1 1.266 1.265l-1.686 5.052a1 1 0 0 1-1.654.392l-3.37-3.37a1.001 1.001 0 0 1 .392-1.654l5.052-1.685Z' fill='currentColor'\/><path d='m21.763 19.475-5.657 5.657' stroke='currentColor' stroke-width='2' stroke-linecap='round' fill='none'\/><\/svg>\t\t\t\t<\/a>\n\t\t\t\t\t\t\t\t\t\t\t<a class=\"post-share__dialog-item js-post-share-dialog-item\" href=\"https:\/\/www.facebook.com\/sharer\/sharer.php?u=https%3A%2F%2Fd66.nl%2Ffryslan%2Fnieuws%2Ffebruari-2023\" target=\"_blank\" >\n\t\t\t\t\tFacebook<svg xmlns='http:\/\/www.w3.org\/2000\/svg' width='40' height='40' viewBox='0 0 40 40' fill='none'><path d='M24.107 15.865a1 1 0 0 1 1.266 1.265l-1.686 5.052a1 1 0 0 1-1.654.392l-3.37-3.37a1.001 1.001 0 0 1 .392-1.654l5.052-1.685Z' fill='currentColor'\/><path d='m21.763 19.475-5.657 5.657' stroke='currentColor' stroke-width='2' stroke-linecap='round' fill='none'\/><\/svg>\t\t\t\t<\/a>\n\t\t\t\t\t\t\t\t\t\t\t<a class=\"post-share__dialog-item js-post-share-dialog-item\" href=\"whatsapp:\/\/send?text=https%3A%2F%2Fd66.nl%2Ffryslan%2Fnieuws%2Ffebruari-2023\" target=\"_blank\" >\n\t\t\t\t\tWhatsApp<svg xmlns='http:\/\/www.w3.org\/2000\/svg' width='40' height='40' viewBox='0 0 40 40' fill='none'><path d='M24.107 15.865a1 1 0 0 1 1.266 1.265l-1.686 5.052a1 1 0 0 1-1.654.392l-3.37-3.37a1.001 1.001 0 0 1 .392-1.654l5.052-1.685Z' fill='currentColor'\/><path d='m21.763 19.475-5.657 5.657' stroke='currentColor' stroke-width='2' stroke-linecap='round' fill='none'\/><\/svg>\t\t\t\t<\/a>\n\t\t\t\t\t\t\t\t\t\t\t<a class=\"post-share__dialog-item js-post-share-dialog-item\" href=\"https:\/\/x.com\/intent\/post?url=https%3A%2F%2Fd66.nl%2Ffryslan%2Fnieuws%2Ffebruari-2023\" target=\"_blank\" >\n\t\t\t\t\tTwitter (X)<svg xmlns='http:\/\/www.w3.org\/2000\/svg' width='40' height='40' viewBox='0 0 40 40' fill='none'><path d='M24.107 15.865a1 1 0 0 1 1.266 1.265l-1.686 5.052a1 1 0 0 1-1.654.392l-3.37-3.37a1.001 1.001 0 0 1 .392-1.654l5.052-1.685Z' fill='currentColor'\/><path d='m21.763 19.475-5.657 5.657' stroke='currentColor' stroke-width='2' stroke-linecap='round' fill='none'\/><\/svg>\t\t\t\t<\/a>\n\t\t\t\t\t<\/div>\n\t<\/dialog>\n<\/div>\t\t\t<\/div>\n\t\t\t<div class=\"block-related-post-metadata__categories\">\n\t\t\t\t<div class=\"category-link__wrapper\">\n\t\t\t<div class=\"category-link__item\">\n\t\t\t<a href=\"https:\/\/d66.nl\/fryslan\/category\/d66\/\">\n\t\t\t\tD66\t\t\t<\/a>\n\t\t<\/div>\n\t\t\t\t<div class=\"category-link__item\">\n\t\t\t<a href=\"https:\/\/d66.nl\/fryslan\/search-tags\/klimaat\/\">\n\t\t\t\tKlimaat, natuur en milieu\t\t\t<\/a>\n\t\t<\/div>\n\t\t\t\t<div class=\"category-link__item\">\n\t\t\t<a href=\"https:\/\/d66.nl\/fryslan\/search-tags\/kunst-cultuur-media\/\">\n\t\t\t\tKunst, cultuur en media\t\t\t<\/a>\n\t\t<\/div>\n\t\t\t\t<div class=\"category-link__item\">\n\t\t\t<a href=\"https:\/\/d66.nl\/fryslan\/search-tags\/lokaal\/\">\n\t\t\t\tLokaal\t\t\t<\/a>\n\t\t<\/div>\n\t\t\t\t<div class=\"category-link__item\">\n\t\t\t<a href=\"https:\/\/d66.nl\/fryslan\/search-tags\/onderwijs\/\">\n\t\t\t\tOnderwijs\t\t\t<\/a>\n\t\t<\/div>\n\t\t<\/div>\t\t\t<\/div>\n\t\t<\/div>\n\t<\/div>\n<\/section>\n\t  <\/div>\n\t<\/div>\n  <\/div>\n\n\n<div\n  id=\"\"\n  class=\"wrapper  wrapper__spacing-bottom-large--50 wrapper__spacing-bottom-desktop--70 wrapper__spacing-bottom-mobile--50  wrapper__gutter--none\"\n  >\n  \t<div class=\"wrapper__container wrapper__container-width-large--default\">\n\t  <div class=\"wrapper__inner wrapper__width-large--18 wrapper__width-desktop--22 wrapper__width-mobile--24 wrapper__offset-large--6 wrapper__offset-desktop--2 wrapper__offset-mobile--0\">\n\t\t<section class=\"block-post-content\">\n\t<div class=\"block-post-content__title\">\n\t\t<h3 class=\"heading  heading__color--black heading__size--medium heading__font--sans heading__weight--semiBold  block-post-content__heading\" id=\"nav-holwerd-aan-zee9681\" data-nav-heading-mobile=\"Holwerd aan Zee\">\n\tHolwerd aan Zee<\/h3>\t<\/div>\n\t<div class=\"block-post-content__content\">\n\t\t\n<div\n  id=\"\"\n  class=\"wrapper  wrapper__spacing-bottom-large--30 wrapper__spacing-bottom-desktop--20  wrapper__gutter--none\"\n  >\n  \t<div class=\"wrapper__container wrapper__container-width-large--default\">\n\t  <div class=\"wrapper__inner wrapper__width-large--24 wrapper__width-mobile--24\">\n\t\t<p\n\t\tclass=\"paragraph paragraph__align--left paragraph__color--black paragraph__size--default   block-paragraph__paragraph\"\n\t\t\t>\n\t\tMet Holwerd aan Zee (HaZ) willen inwoners uit Holwerd het dorp een nieuwe impuls geven op het gebied van economie, biodiversiteit en leefbaarheid. Net als vroeger willen ze het dorp weer verbinden met de Waddenzee. Het plan is over de jaren heen vaak veranderd en verbeterd na overleg met inwoners en experts. Als D66 moesten we nu een keuze maken of we met HaZ door wilden gaan.<br><br>Het college wilde niet doorgaan met HaZ omdat het huidige plan te veel af zou wijken van het origineel. Als D66 <a href=\"https:\/\/www.omropfryslan.nl\/fy\/nijs\/1187959\/bea-bijlsma-d66-hat-muoite-mei-draai-deputearre-steaten-oer-holwert-oan-see\">verbaasde<\/a> ons dit. &#8220;Neffens my ha we as provinsje altyd it projekt stipe, elkenien f\u00fbn it prachtich en makke der goeie sier mei. En doe kamen der wat kritykpunten fan de LTO en it wetterskip. Earder sei de deputearre dat er fol achter it projekt stie, mar juster hie er ynienen in oar st\u00e2npunt,&#8221; aldus Statenlid Bea Bijlsma.<br><br>Als D66 wilden we doorgaan met HaZ. Er lag namelijk een positieve kostenbaten-analyse en eventuele risico\u2019s konden nog verder uitgewerkt worden. We dienden daarom een voorstel mee-in zodat we doorgaan met HaZ en risico\u2019s verder uitwerken. Dit voorstel werd met grote meerderheid aangenomen!<br><br>De inwoners van Holwerd hebben daarmee weer perspectief. Maar volgens Statenlid Bea Bijlsma en Kandidaat-Statenlid Madieke Wiegersma gaat het te vaak het mis met de communicatie bij de Provincie Frysl\u00e2n. Nu bij HaZ maar ook bij de bezuinigingen op de Friese taal en cultuur, bij de digitale idee\u00ebnkaart langs de Friese IJsselmeerkust en ook heel recent met de gratis regenton. Telkens schiet de communicatie tekort: inwoners horen niks meer van provincie of moeten een besluit in de krant lezen. D66 Frysl\u00e2n vindt dit niet kunnen. Statenlid Bea Bijlsma en Kandidaat-Statenlid Madieke Wiegersma schreven er een <a href=\"https:\/\/d66.nl\/fryslan\/nieuws\/serieus-oer-mienskip\/\">opiniestuk<\/a> over en pleiten voor een betere behandeling van de initiatieven in de Mienskip.\t<\/p>\t  <\/div>\n\t<\/div>\n  <\/div>\n\n\t<\/div>\n\n\t<div class=\"block-post-content__sidebar\">\n\t\t\n\t\t\n\t\t\t<\/div>\n<\/section>\n\t  <\/div>\n\t<\/div>\n  <\/div>\n\n\n<div\n  id=\"\"\n  class=\"wrapper  wrapper__spacing-bottom-large--50 wrapper__spacing-bottom-desktop--70 wrapper__spacing-bottom-mobile--50  wrapper__gutter--none\"\n  >\n  \t<div class=\"wrapper__container wrapper__container-width-large--default\">\n\t  <div class=\"wrapper__inner wrapper__width-large--18 wrapper__width-desktop--22 wrapper__width-mobile--24 wrapper__offset-large--6 wrapper__offset-desktop--2 wrapper__offset-mobile--0\">\n\t\t<section class=\"block-post-content\">\n\t<div class=\"block-post-content__title\">\n\t\t<h3 class=\"heading  heading__color--black heading__size--medium heading__font--sans heading__weight--semiBold  block-post-content__heading\" id=\"nav-samenwerken-voor-de-friese-taal5720\" data-nav-heading-mobile=\"Samenwerken voor de Friese taal\">\n\tSamenwerken voor de Friese taal<\/h3>\t<\/div>\n\t<div class=\"block-post-content__content\">\n\t\t\n<div\n  id=\"\"\n  class=\"wrapper  wrapper__spacing-bottom-large--30 wrapper__spacing-bottom-desktop--20  wrapper__gutter--none\"\n  >\n  \t<div class=\"wrapper__container wrapper__container-width-large--default\">\n\t  <div class=\"wrapper__inner wrapper__width-large--24 wrapper__width-mobile--24\">\n\t\t<p\n\t\tclass=\"paragraph paragraph__align--left paragraph__color--black paragraph__size--default   block-paragraph__paragraph\"\n\t\t\t>\n\t\tD66 Frysl\u00e2n is van alle partijen het meest ambitieus voor de instandhouding van de Friese taal. Zo willen we in 2040 dat alle Friezen met het Fries als moedertaal de taal goed kunnen lezen en schrijven. Willen we dat Friezen in de rechtszaal Fries kunnen spreken. Dat journalisten in het Fries nieuws kunnen maken en kinderen recht hebben op Fries onderwijs. Deze ambities kunnen we als provincie niet in ons eentje waarmaken. Daar hebben we het Rijk en onze Friese organisaties voor nodig.<br><br>D66 Frysl\u00e2n gelooft in de kracht van samenwerking. Gelukkig hebben we in Frysl\u00e2n veel kennisinstellingen die met elkaar samenwerken voor de ontwikkeling van de Friese taal. Denk aan de Fryske Akademy, Mercator, Af\u00fbk en Tresoar. D66 Frysl\u00e2n wil niet alleen samenwerking in Frysl\u00e2n, maar ook in Europa. In Europa zijn namelijk veel meer regio\u2019s met minderheidstalen die tegen dezelfde problemen aanlopen.<br><br>We dienden daarom een voorstel in om als Frysl\u00e2n samen met de Friese kennisinstellingen voorop te lopen in de Europese samenwerking tussen minderheidstalen en volop in te zetten op technologische innovatie in het Friese taalonderwijs. Ons voorstel werd met grote meerderheid aangenomen.\t<\/p>\t  <\/div>\n\t<\/div>\n  <\/div>\n\n\t<\/div>\n\n\t<div class=\"block-post-content__sidebar\">\n\t\t\n\t\t\n\t\t\t<\/div>\n<\/section>\n\t  <\/div>\n\t<\/div>\n  <\/div>\n\n\n<div\n  id=\"\"\n  class=\"wrapper  wrapper__spacing-bottom-large--50 wrapper__spacing-bottom-desktop--70 wrapper__spacing-bottom-mobile--50  wrapper__gutter--none\"\n  >\n  \t<div class=\"wrapper__container wrapper__container-width-large--default\">\n\t  <div class=\"wrapper__inner wrapper__width-large--18 wrapper__width-desktop--22 wrapper__width-mobile--24 wrapper__offset-large--6 wrapper__offset-desktop--2 wrapper__offset-mobile--0\">\n\t\t<section class=\"block-post-content\">\n\t<div class=\"block-post-content__title\">\n\t\t<h3 class=\"heading  heading__color--black heading__size--medium heading__font--sans heading__weight--semiBold  block-post-content__heading\" id=\"nav-een-eerlijke-prijs-voor-de-toekomst3010\" data-nav-heading-mobile=\"Een eerlijke prijs voor de toekomst\">\n\tEen eerlijke prijs voor de toekomst<\/h3>\t<\/div>\n\t<div class=\"block-post-content__content\">\n\t\t\n<div\n  id=\"\"\n  class=\"wrapper  wrapper__spacing-bottom-large--30 wrapper__spacing-bottom-desktop--20  wrapper__gutter--none\"\n  >\n  \t<div class=\"wrapper__container wrapper__container-width-large--default\">\n\t  <div class=\"wrapper__inner wrapper__width-large--24 wrapper__width-mobile--24\">\n\t\t<p\n\t\tclass=\"paragraph paragraph__align--left paragraph__color--black paragraph__size--default   block-paragraph__paragraph\"\n\t\t\t>\n\t\tWe hebben de Aarde in bruikleen van onze kinderen. We moeten er daarom zorgvuldig mee omgaan. D66 Frysl\u00e2n wil daarom dat Frysl\u00e2n in 2030 de eerste klimaatneutrale provincie van Nederland wordt. Als provincie kunnen wij daar wat aan doen. Bijvoorbeeld door duurzame energie op te wekken en energie te besparen. Maar ook door rekening te houden met onze CO2-uitstoot bij investeringen.<br><br>Zo is de Provincie Utrecht onlangs gaan rekenen met een \u2018eerlijke\u2019 CO2-prijs van 875 euro per ton CO2. Volgens onderzoek van Klimaatverbond Nederland en het Duitse Milieuministerie is er pas sprake van een eerlijke CO2-prijs als die het belang van huidige en toekomstige generaties even zwaar weegt. Utrecht daagt Frysl\u00e2n uit om ook een eerlijke CO2-prijs te gaan hanteren.<br><br>We dienden daarom een voorstel in om na te gaan hoe Frysl\u00e2n ook met eerlijke CO2-prijs kan werken. Het voorstel werd aangenomen! Eind 2023 horen we hoe het ervoor staat.\t<\/p>\t  <\/div>\n\t<\/div>\n  <\/div>\n\n\t<\/div>\n\n\t<div class=\"block-post-content__sidebar\">\n\t\t\n\t\t\n\t\t\t<\/div>\n<\/section>\n\t  <\/div>\n\t<\/div>\n  <\/div>\n\n\n<div\n  id=\"\"\n  class=\"wrapper  wrapper__spacing-bottom-large--50 wrapper__spacing-bottom-desktop--70 wrapper__spacing-bottom-mobile--50  wrapper__gutter--none\"\n  >\n  \t<div class=\"wrapper__container wrapper__container-width-large--default\">\n\t  <div class=\"wrapper__inner wrapper__width-large--18 wrapper__width-desktop--22 wrapper__width-mobile--24 wrapper__offset-large--6 wrapper__offset-desktop--2 wrapper__offset-mobile--0\">\n\t\t<section class=\"block-text-title\">\n\t<div class=\"block-text-title__title\">\n\t\t<h3 class=\"heading  heading__color--black heading__size--medium heading__font--sans heading__weight--semiBold  block-text-title__heading\" id=\"nav-recht-op-reparatie2048\" data-nav-heading-mobile=\"Recht op reparatie\">\n\tRecht op reparatie<\/h3>\t<\/div>\n\t<div class=\"block-text-title__content\">\n\t\t<p class=\"paragraph paragraph__align--left paragraph__color--black paragraph__size--default\">\n\t\tD66 Frysl\u00e2n wil dat Frysl\u00e2n volledig circulair is in 2030. De provincie steunt organisaties die werken aan bewustwording bij bedrijven, stimuleren innovatie en dragen bij aan kennisuitwisseling tussen bedrijven. En bij een hoop Friese bedrijven is ook al aandacht voor recycling en hergebruik.<br><br>Maar de circulaire economie is meer dan recycling en hergebruik. Als we vooruit willen met de circulaire economie. Met minder verbruik en meer hergebruik. Dan hoort daar bij dat wat stuk gaat niet hoeft te worden weggegooid, maar gerepareerd kan worden, schrijft Statenlid Danny van der Weijde in zijn <a href=\"https:\/\/d66.nl\/fryslan\/nieuws\/opinie-right-to-repair\/\">opniestuk<\/a>. Het <em>right to repair<\/em> of het <em>rjocht fan reparaasje<\/em>, geeft mensen het recht je gekochte spullen zelf te repareren of te laten repareren. Bedrijven zullen dus ook onderdelen beschikbaar moeten maken of reparatiediensten moeten aanbieden. Maar het gaat verder dan alleen fysieke objecten. Binnen de Europese Unie wordt er al volop gesproken over dit recht en regels om dit mogelijk te maken.<br><br>D66 Frysl\u00e2n wil niet afwachten op Europa, maar vooroplopen. We dienden daarom een voorstel in om in 2023 samen met het bedrijfsleven een akkoord te maken waarin het <em>rjocht van reparaasje<\/em> een plek krijgt in de Friese economie en hierbij gemeenten en sociale werkvoorzieningen te betrekken. Ook willen we dat er een bewustwordingscampagne komt voor bedrijven. Het voorstel werd met grote meerderheid aangenomen! Eind 2023 horen we hoe het ervoor staat.\t<\/p>\t<\/div>\n\n\t<div class=\"block-text-title__sidebar\">\n\t\t\n\t\t\n\t\t\t<\/div>\n<\/section>\n\t  <\/div>\n\t<\/div>\n  <\/div>\n\n\n<div\n  id=\"\"\n  class=\"wrapper  wrapper__spacing-bottom-large--50 wrapper__spacing-bottom-desktop--70 wrapper__spacing-bottom-mobile--50  wrapper__gutter--none\"\n  >\n  \t<div class=\"wrapper__container wrapper__container-width-large--default\">\n\t  <div class=\"wrapper__inner wrapper__width-large--18 wrapper__width-desktop--22 wrapper__width-mobile--24 wrapper__offset-large--6 wrapper__offset-desktop--2 wrapper__offset-mobile--0\">\n\t\t<section class=\"block-text-title\">\n\t<div class=\"block-text-title__title\">\n\t\t<h3 class=\"heading  heading__color--black heading__size--medium heading__font--sans heading__weight--semiBold  block-text-title__heading\" id=\"nav-meedoen-campagne7060\" data-nav-heading-mobile=\"Meedoen campagne\">\n\tMeedoen campagne<\/h3>\t<\/div>\n\t<div class=\"block-text-title__content\">\n\t\t<p class=\"paragraph paragraph__align--left paragraph__color--black paragraph__size--default\">\n\t\tWe zijn momenteel volop campagne aan het voeren in alle Friese dorpen en steden. Lijkt het je leuk om een bijdrage te leveren aan de campagne? Stuur dan een mail naar <a href=\"mailto:campagne@d66friesland.nl\">campagne@d66friesland.nl<\/a> dan nemen we contact met je op.\t<\/p>\t<\/div>\n\n\t<div class=\"block-text-title__sidebar\">\n\t\t\n\t\t\n\t\t\t<\/div>\n<\/section>\n\t  <\/div>\n\t<\/div>\n  <\/div>\n","protected":false},"excerpt":{"rendered":"","protected":false},"author":661,"featured_media":871,"comment_status":"open","ping_status":"open","sticky":false,"template":"","format":"standard","meta":{"_acf_changed":false,"footnotes":""},"categories":[1],"labels":[],"search-tags":[3,11,26,2],"class_list":["post-870","post","type-post","status-publish","format-standard","has-post-thumbnail","hentry","category-d66","search-tags-klimaat","search-tags-kunst-cultuur-media","search-tags-lokaal","search-tags-onderwijs"],"acf":[],"yoast_head":"<!-- This site is optimized with the Yoast SEO plugin v27.3 - https:\/\/yoast.com\/product\/yoast-seo-wordpress\/ -->\n<title>D66 Frysl\u00e2n &#8212; Kijkje in de Staten: februari<\/title>\n<meta name=\"description\" content=\"Tijdens deze Statenvergadering hebben we als D66 weer goede dingen gedaan voor de toekomst van Frysl\u00e2n.\" \/>\n<meta name=\"robots\" content=\"index, follow, max-snippet:-1, max-image-preview:large, max-video-preview:-1\" \/>\n<link rel=\"canonical\" href=\"https:\/\/d66.nl\/fryslan\/nieuws\/februari-2023\" \/>\n<meta property=\"og:locale\" content=\"nl_NL\" \/>\n<meta property=\"og:type\" content=\"article\" \/>\n<meta property=\"og:title\" content=\"D66 Frysl\u00e2n &#8212; Kijkje in de Staten: februari\" \/>\n<meta property=\"og:description\" content=\"Tijdens deze Statenvergadering hebben we als D66 weer goede dingen gedaan voor de toekomst van Frysl\u00e2n.\" \/>\n<meta property=\"og:url\" content=\"https:\/\/d66.nl\/fryslan\/nieuws\/februari-2023\/\" \/>\n<meta property=\"og:site_name\" content=\"D66 Frysl\u00e2n\" \/>\n<meta property=\"article:published_time\" content=\"2023-03-07T10:02:39+00:00\" \/>\n<meta property=\"article:modified_time\" content=\"2023-03-07T10:02:41+00:00\" \/>\n<meta property=\"og:image\" content=\"https:\/\/d66.nl\/fryslan\/wp-content\/uploads\/sites\/405\/2023\/03\/WhatsApp-Image-2023-01-18-at-14.43.46.jpeg\" \/>\n\t<meta property=\"og:image:width\" content=\"1600\" \/>\n\t<meta property=\"og:image:height\" content=\"1134\" \/>\n\t<meta property=\"og:image:type\" content=\"image\/jpeg\" \/>\n<meta name=\"author\" content=\"Lars Padmos\" \/>\n<meta name=\"twitter:card\" content=\"summary_large_image\" \/>\n<meta name=\"twitter:label1\" content=\"Geschreven door\" \/>\n\t<meta name=\"twitter:data1\" content=\"Lars Padmos\" \/>\n<script type=\"application\/ld+json\" class=\"yoast-schema-graph\">{\"@context\":\"https:\\\/\\\/schema.org\",\"@graph\":[{\"@type\":\"Article\",\"@id\":\"https:\\\/\\\/d66.nl\\\/fryslan\\\/nieuws\\\/februari-2023\\\/#article\",\"isPartOf\":{\"@id\":\"https:\\\/\\\/d66.nl\\\/fryslan\\\/nieuws\\\/februari-2023\\\/\"},\"author\":{\"name\":\"Lars Padmos\",\"@id\":\"https:\\\/\\\/d66.nl\\\/fryslan\\\/#\\\/schema\\\/person\\\/ec2aae63138b3ad41c08c0b471051548\"},\"headline\":\"Kijkje in de Staten: februari\",\"datePublished\":\"2023-03-07T10:02:39+00:00\",\"dateModified\":\"2023-03-07T10:02:41+00:00\",\"mainEntityOfPage\":{\"@id\":\"https:\\\/\\\/d66.nl\\\/fryslan\\\/nieuws\\\/februari-2023\\\/\"},\"wordCount\":5,\"commentCount\":0,\"publisher\":{\"@id\":\"https:\\\/\\\/d66.nl\\\/fryslan\\\/#organization\"},\"image\":{\"@id\":\"https:\\\/\\\/d66.nl\\\/fryslan\\\/nieuws\\\/februari-2023\\\/#primaryimage\"},\"thumbnailUrl\":\"https:\\\/\\\/d66.nl\\\/fryslan\\\/wp-content\\\/uploads\\\/sites\\\/405\\\/2023\\\/03\\\/WhatsApp-Image-2023-01-18-at-14.43.46.jpeg\",\"articleSection\":[\"D66\"],\"inLanguage\":\"nl-NL\",\"potentialAction\":[{\"@type\":\"CommentAction\",\"name\":\"Comment\",\"target\":[\"https:\\\/\\\/d66.nl\\\/fryslan\\\/nieuws\\\/februari-2023\\\/#respond\"]}]},{\"@type\":\"WebPage\",\"@id\":\"https:\\\/\\\/d66.nl\\\/fryslan\\\/nieuws\\\/februari-2023\\\/\",\"url\":\"https:\\\/\\\/d66.nl\\\/fryslan\\\/nieuws\\\/februari-2023\\\/\",\"name\":\"D66 Frysl\u00e2n &#8212; Kijkje in de Staten: februari\",\"isPartOf\":{\"@id\":\"https:\\\/\\\/d66.nl\\\/fryslan\\\/#website\"},\"primaryImageOfPage\":{\"@id\":\"https:\\\/\\\/d66.nl\\\/fryslan\\\/nieuws\\\/februari-2023\\\/#primaryimage\"},\"image\":{\"@id\":\"https:\\\/\\\/d66.nl\\\/fryslan\\\/nieuws\\\/februari-2023\\\/#primaryimage\"},\"thumbnailUrl\":\"https:\\\/\\\/d66.nl\\\/fryslan\\\/wp-content\\\/uploads\\\/sites\\\/405\\\/2023\\\/03\\\/WhatsApp-Image-2023-01-18-at-14.43.46.jpeg\",\"datePublished\":\"2023-03-07T10:02:39+00:00\",\"dateModified\":\"2023-03-07T10:02:41+00:00\",\"description\":\"Tijdens deze Statenvergadering hebben we als D66 weer goede dingen gedaan voor de toekomst van Frysl\u00e2n.\",\"breadcrumb\":{\"@id\":\"https:\\\/\\\/d66.nl\\\/fryslan\\\/nieuws\\\/februari-2023\\\/#breadcrumb\"},\"inLanguage\":\"nl-NL\",\"potentialAction\":[{\"@type\":\"ReadAction\",\"target\":[\"https:\\\/\\\/d66.nl\\\/fryslan\\\/nieuws\\\/februari-2023\\\/\"]}]},{\"@type\":\"ImageObject\",\"inLanguage\":\"nl-NL\",\"@id\":\"https:\\\/\\\/d66.nl\\\/fryslan\\\/nieuws\\\/februari-2023\\\/#primaryimage\",\"url\":\"https:\\\/\\\/d66.nl\\\/fryslan\\\/wp-content\\\/uploads\\\/sites\\\/405\\\/2023\\\/03\\\/WhatsApp-Image-2023-01-18-at-14.43.46.jpeg\",\"contentUrl\":\"https:\\\/\\\/d66.nl\\\/fryslan\\\/wp-content\\\/uploads\\\/sites\\\/405\\\/2023\\\/03\\\/WhatsApp-Image-2023-01-18-at-14.43.46.jpeg\",\"width\":1600,\"height\":1134},{\"@type\":\"BreadcrumbList\",\"@id\":\"https:\\\/\\\/d66.nl\\\/fryslan\\\/nieuws\\\/februari-2023\\\/#breadcrumb\",\"itemListElement\":[{\"@type\":\"ListItem\",\"position\":1,\"name\":\"Home\",\"item\":\"https:\\\/\\\/d66.nl\\\/fryslan\\\/\"},{\"@type\":\"ListItem\",\"position\":2,\"name\":\"Nieuws\",\"item\":\"https:\\\/\\\/d66.nl\\\/fryslan\\\/nieuws\\\/\"},{\"@type\":\"ListItem\",\"position\":3,\"name\":\"Kijkje in de Staten: februari\"}]},{\"@type\":\"WebSite\",\"@id\":\"https:\\\/\\\/d66.nl\\\/fryslan\\\/#website\",\"url\":\"https:\\\/\\\/d66.nl\\\/fryslan\\\/\",\"name\":\"D66 Frysl\u00e2n\",\"description\":\"Just another D66 Sites site\",\"publisher\":{\"@id\":\"https:\\\/\\\/d66.nl\\\/fryslan\\\/#organization\"},\"potentialAction\":[{\"@type\":\"SearchAction\",\"target\":{\"@type\":\"EntryPoint\",\"urlTemplate\":\"https:\\\/\\\/d66.nl\\\/fryslan\\\/?s={search_term_string}\"},\"query-input\":{\"@type\":\"PropertyValueSpecification\",\"valueRequired\":true,\"valueName\":\"search_term_string\"}}],\"inLanguage\":\"nl-NL\"},{\"@type\":\"Organization\",\"@id\":\"https:\\\/\\\/d66.nl\\\/fryslan\\\/#organization\",\"name\":\"D66\",\"url\":\"https:\\\/\\\/d66.nl\\\/fryslan\\\/\",\"logo\":{\"@type\":\"ImageObject\",\"inLanguage\":\"nl-NL\",\"@id\":\"https:\\\/\\\/d66.nl\\\/fryslan\\\/#\\\/schema\\\/logo\\\/image\\\/\",\"url\":\"https:\\\/\\\/d66.nl\\\/fryslan\\\/wp-content\\\/uploads\\\/sites\\\/2\\\/2021\\\/10\\\/d66-themas-algemeen-og.png\",\"contentUrl\":\"https:\\\/\\\/d66.nl\\\/fryslan\\\/wp-content\\\/uploads\\\/sites\\\/2\\\/2021\\\/10\\\/d66-themas-algemeen-og.png\",\"width\":1200,\"height\":628,\"caption\":\"D66\"},\"image\":{\"@id\":\"https:\\\/\\\/d66.nl\\\/fryslan\\\/#\\\/schema\\\/logo\\\/image\\\/\"}},{\"@type\":\"Person\",\"@id\":\"https:\\\/\\\/d66.nl\\\/fryslan\\\/#\\\/schema\\\/person\\\/ec2aae63138b3ad41c08c0b471051548\",\"name\":\"Lars Padmos\",\"image\":{\"@type\":\"ImageObject\",\"inLanguage\":\"nl-NL\",\"@id\":\"https:\\\/\\\/secure.gravatar.com\\\/avatar\\\/caed7bf098a2c023499831697a471e4ecfd09c540164d614dd2ea8c222b40047?s=96&d=mm&r=g\",\"url\":\"https:\\\/\\\/secure.gravatar.com\\\/avatar\\\/caed7bf098a2c023499831697a471e4ecfd09c540164d614dd2ea8c222b40047?s=96&d=mm&r=g\",\"contentUrl\":\"https:\\\/\\\/secure.gravatar.com\\\/avatar\\\/caed7bf098a2c023499831697a471e4ecfd09c540164d614dd2ea8c222b40047?s=96&d=mm&r=g\",\"caption\":\"Lars Padmos\"}}]}<\/script>\n<!-- \/ Yoast SEO plugin. -->","yoast_head_json":{"title":"D66 Frysl\u00e2n &#8212; Kijkje in de Staten: februari","description":"Tijdens deze Statenvergadering hebben we als D66 weer goede dingen gedaan voor de toekomst van Frysl\u00e2n.","robots":{"index":"index","follow":"follow","max-snippet":"max-snippet:-1","max-image-preview":"max-image-preview:large","max-video-preview":"max-video-preview:-1"},"canonical":"https:\/\/d66.nl\/fryslan\/nieuws\/februari-2023","og_locale":"nl_NL","og_type":"article","og_title":"D66 Frysl\u00e2n &#8212; Kijkje in de Staten: februari","og_description":"Tijdens deze Statenvergadering hebben we als D66 weer goede dingen gedaan voor de toekomst van Frysl\u00e2n.","og_url":"https:\/\/d66.nl\/fryslan\/nieuws\/februari-2023\/","og_site_name":"D66 Frysl\u00e2n","article_published_time":"2023-03-07T10:02:39+00:00","article_modified_time":"2023-03-07T10:02:41+00:00","og_image":[{"width":1600,"height":1134,"url":"https:\/\/d66.nl\/fryslan\/wp-content\/uploads\/sites\/405\/2023\/03\/WhatsApp-Image-2023-01-18-at-14.43.46.jpeg","type":"image\/jpeg"}],"author":"Lars Padmos","twitter_card":"summary_large_image","twitter_misc":{"Geschreven door":"Lars Padmos"},"schema":{"@context":"https:\/\/schema.org","@graph":[{"@type":"Article","@id":"https:\/\/d66.nl\/fryslan\/nieuws\/februari-2023\/#article","isPartOf":{"@id":"https:\/\/d66.nl\/fryslan\/nieuws\/februari-2023\/"},"author":{"name":"Lars Padmos","@id":"https:\/\/d66.nl\/fryslan\/#\/schema\/person\/ec2aae63138b3ad41c08c0b471051548"},"headline":"Kijkje in de Staten: februari","datePublished":"2023-03-07T10:02:39+00:00","dateModified":"2023-03-07T10:02:41+00:00","mainEntityOfPage":{"@id":"https:\/\/d66.nl\/fryslan\/nieuws\/februari-2023\/"},"wordCount":5,"commentCount":0,"publisher":{"@id":"https:\/\/d66.nl\/fryslan\/#organization"},"image":{"@id":"https:\/\/d66.nl\/fryslan\/nieuws\/februari-2023\/#primaryimage"},"thumbnailUrl":"https:\/\/d66.nl\/fryslan\/wp-content\/uploads\/sites\/405\/2023\/03\/WhatsApp-Image-2023-01-18-at-14.43.46.jpeg","articleSection":["D66"],"inLanguage":"nl-NL","potentialAction":[{"@type":"CommentAction","name":"Comment","target":["https:\/\/d66.nl\/fryslan\/nieuws\/februari-2023\/#respond"]}]},{"@type":"WebPage","@id":"https:\/\/d66.nl\/fryslan\/nieuws\/februari-2023\/","url":"https:\/\/d66.nl\/fryslan\/nieuws\/februari-2023\/","name":"D66 Frysl\u00e2n &#8212; Kijkje in de Staten: februari","isPartOf":{"@id":"https:\/\/d66.nl\/fryslan\/#website"},"primaryImageOfPage":{"@id":"https:\/\/d66.nl\/fryslan\/nieuws\/februari-2023\/#primaryimage"},"image":{"@id":"https:\/\/d66.nl\/fryslan\/nieuws\/februari-2023\/#primaryimage"},"thumbnailUrl":"https:\/\/d66.nl\/fryslan\/wp-content\/uploads\/sites\/405\/2023\/03\/WhatsApp-Image-2023-01-18-at-14.43.46.jpeg","datePublished":"2023-03-07T10:02:39+00:00","dateModified":"2023-03-07T10:02:41+00:00","description":"Tijdens deze Statenvergadering hebben we als D66 weer goede dingen gedaan voor de toekomst van Frysl\u00e2n.","breadcrumb":{"@id":"https:\/\/d66.nl\/fryslan\/nieuws\/februari-2023\/#breadcrumb"},"inLanguage":"nl-NL","potentialAction":[{"@type":"ReadAction","target":["https:\/\/d66.nl\/fryslan\/nieuws\/februari-2023\/"]}]},{"@type":"ImageObject","inLanguage":"nl-NL","@id":"https:\/\/d66.nl\/fryslan\/nieuws\/februari-2023\/#primaryimage","url":"https:\/\/d66.nl\/fryslan\/wp-content\/uploads\/sites\/405\/2023\/03\/WhatsApp-Image-2023-01-18-at-14.43.46.jpeg","contentUrl":"https:\/\/d66.nl\/fryslan\/wp-content\/uploads\/sites\/405\/2023\/03\/WhatsApp-Image-2023-01-18-at-14.43.46.jpeg","width":1600,"height":1134},{"@type":"BreadcrumbList","@id":"https:\/\/d66.nl\/fryslan\/nieuws\/februari-2023\/#breadcrumb","itemListElement":[{"@type":"ListItem","position":1,"name":"Home","item":"https:\/\/d66.nl\/fryslan\/"},{"@type":"ListItem","position":2,"name":"Nieuws","item":"https:\/\/d66.nl\/fryslan\/nieuws\/"},{"@type":"ListItem","position":3,"name":"Kijkje in de Staten: februari"}]},{"@type":"WebSite","@id":"https:\/\/d66.nl\/fryslan\/#website","url":"https:\/\/d66.nl\/fryslan\/","name":"D66 Frysl\u00e2n","description":"Just another D66 Sites site","publisher":{"@id":"https:\/\/d66.nl\/fryslan\/#organization"},"potentialAction":[{"@type":"SearchAction","target":{"@type":"EntryPoint","urlTemplate":"https:\/\/d66.nl\/fryslan\/?s={search_term_string}"},"query-input":{"@type":"PropertyValueSpecification","valueRequired":true,"valueName":"search_term_string"}}],"inLanguage":"nl-NL"},{"@type":"Organization","@id":"https:\/\/d66.nl\/fryslan\/#organization","name":"D66","url":"https:\/\/d66.nl\/fryslan\/","logo":{"@type":"ImageObject","inLanguage":"nl-NL","@id":"https:\/\/d66.nl\/fryslan\/#\/schema\/logo\/image\/","url":"https:\/\/d66.nl\/fryslan\/wp-content\/uploads\/sites\/2\/2021\/10\/d66-themas-algemeen-og.png","contentUrl":"https:\/\/d66.nl\/fryslan\/wp-content\/uploads\/sites\/2\/2021\/10\/d66-themas-algemeen-og.png","width":1200,"height":628,"caption":"D66"},"image":{"@id":"https:\/\/d66.nl\/fryslan\/#\/schema\/logo\/image\/"}},{"@type":"Person","@id":"https:\/\/d66.nl\/fryslan\/#\/schema\/person\/ec2aae63138b3ad41c08c0b471051548","name":"Lars Padmos","image":{"@type":"ImageObject","inLanguage":"nl-NL","@id":"https:\/\/secure.gravatar.com\/avatar\/caed7bf098a2c023499831697a471e4ecfd09c540164d614dd2ea8c222b40047?s=96&d=mm&r=g","url":"https:\/\/secure.gravatar.com\/avatar\/caed7bf098a2c023499831697a471e4ecfd09c540164d614dd2ea8c222b40047?s=96&d=mm&r=g","contentUrl":"https:\/\/secure.gravatar.com\/avatar\/caed7bf098a2c023499831697a471e4ecfd09c540164d614dd2ea8c222b40047?s=96&d=mm&r=g","caption":"Lars Padmos"}}]}},"_links":{"self":[{"href":"https:\/\/d66.nl\/fryslan\/wp-json\/wp\/v2\/posts\/870","targetHints":{"allow":["GET"]}}],"collection":[{"href":"https:\/\/d66.nl\/fryslan\/wp-json\/wp\/v2\/posts"}],"about":[{"href":"https:\/\/d66.nl\/fryslan\/wp-json\/wp\/v2\/types\/post"}],"author":[{"embeddable":true,"href":"https:\/\/d66.nl\/fryslan\/wp-json\/wp\/v2\/users\/661"}],"replies":[{"embeddable":true,"href":"https:\/\/d66.nl\/fryslan\/wp-json\/wp\/v2\/comments?post=870"}],"version-history":[{"count":6,"href":"https:\/\/d66.nl\/fryslan\/wp-json\/wp\/v2\/posts\/870\/revisions"}],"predecessor-version":[{"id":877,"href":"https:\/\/d66.nl\/fryslan\/wp-json\/wp\/v2\/posts\/870\/revisions\/877"}],"wp:featuredmedia":[{"embeddable":true,"href":"https:\/\/d66.nl\/fryslan\/wp-json\/wp\/v2\/media\/871"}],"wp:attachment":[{"href":"https:\/\/d66.nl\/fryslan\/wp-json\/wp\/v2\/media?parent=870"}],"wp:term":[{"taxonomy":"category","embeddable":true,"href":"https:\/\/d66.nl\/fryslan\/wp-json\/wp\/v2\/categories?post=870"},{"taxonomy":"labels","embeddable":true,"href":"https:\/\/d66.nl\/fryslan\/wp-json\/wp\/v2\/labels?post=870"},{"taxonomy":"search-tags","embeddable":true,"href":"https:\/\/d66.nl\/fryslan\/wp-json\/wp\/v2\/search-tags?post=870"}],"curies":[{"name":"wp","href":"https:\/\/api.w.org\/{rel}","templated":true}]}}