{"id":894,"date":"2023-09-29T17:04:02","date_gmt":"2023-09-29T17:04:02","guid":{"rendered":"https:\/\/d66.nl\/flevoland\/nieuws\/"},"modified":"2023-09-30T15:53:28","modified_gmt":"2023-09-30T15:53:28","slug":"bbb-en-vvd-trekken-stekker-uit-noodfonds-oekraine","status":"publish","type":"post","link":"https:\/\/d66.nl\/flevoland\/nieuws\/bbb-en-vvd-trekken-stekker-uit-noodfonds-oekraine","title":{"rendered":"BBB en VVD trekken stekker uit Noodfonds Oekra\u00efne"},"content":{"rendered":"<div\n  id=\"\"\n  class=\"wrapper  wrapper__spacing-bottom-large--50 wrapper__spacing-bottom-desktop--66 wrapper__spacing-bottom-mobile--76  wrapper__gutter--none\"\n  >\n  \t<div class=\"wrapper__container wrapper__container-width-large--default\">\n\t  <div class=\"wrapper__inner wrapper__width-large--14 wrapper__width-desktop--20 wrapper__width-mobile--24 wrapper__offset-large--6 wrapper__offset-desktop--4 wrapper__offset-mobile--0\">\n\t\t<h1 class=\"heading   heading__size--giant heading__font--serif heading__weight--regular  block-heading__heading\" id=\"nav-bbb-en-vvd-trekken-stekker-uit-noodfonds-oekra--ne5790\"  data-nav-heading-mobile=\"BBB en VVD trekken stekker uit Noodfonds Oekra\u00efne\" >\n\tBBB en VVD trekken stekker uit Noodfonds Oekra\u00efne<\/h1>\t  <\/div>\n\t<\/div>\n  <\/div>\n\n\n<div\n  id=\"\"\n  class=\"wrapper  wrapper__spacing-bottom-large--110 wrapper__spacing-bottom-desktop--60 wrapper__spacing-bottom-mobile--50  wrapper__gutter--none\"\n  >\n  \t<div class=\"wrapper__container wrapper__container-width-large--default\">\n\t  <div class=\"wrapper__inner wrapper__width-large--24 wrapper__width-mobile--24\">\n\t\t<section class=\"block-video\">\n\t<div\n\t\tclass=\"block-video__video-wrapper\"\n\t\tstyle=\"background-image: url('https:\/\/d66.nl\/flevoland\/wp-content\/uploads\/sites\/302\/2023\/09\/max-kukurudziak-qbc3Zmxw0G8-unsplash.jpg')\"\n\t>\n\t\t\t<\/div>\n\n\t\t\t<div class=\"block-video__caption-wrapper\">\n\t\t\t<div class=\"block-video__caption\">\n\t\t\t\t<p class=\"paragraph paragraph__align--left paragraph__color--black paragraph__size--small paragraph__weight--medium\">\n\t\tBeeld: Max Kukurudziak\/Unsplash\t<\/p>\t\t\t<\/div>\n\t\t<\/div>\n\t\n<\/section>\n\n\t  <\/div>\n\t<\/div>\n  <\/div>\n\n\n<div\n  id=\"\"\n  class=\"wrapper  wrapper__spacing-bottom-large--50 wrapper__spacing-bottom-mobile--40  wrapper__gutter--none\"\n  >\n  \t<div class=\"wrapper__container wrapper__container-width-large--default\">\n\t  <div class=\"wrapper__inner wrapper__width-large--13 wrapper__width-desktop--22 wrapper__width-mobile--24 wrapper__offset-large--6 wrapper__offset-desktop--2 wrapper__offset-mobile--0\">\n\t\t<p\n\t\tclass=\"paragraph   paragraph__size--big   block-paragraph__paragraph\"\n\t\t\t>\n\t\tEen voorstel om het Noodfonds Oekra\u00efne aan te vullen werd onverwacht afgewezen door de rechtse meerderheid.\t<\/p>\t  <\/div>\n\t<\/div>\n  <\/div>\n\n\n<div\n  id=\"\"\n  class=\"wrapper  wrapper__spacing-bottom-large--30 wrapper__spacing-bottom-desktop--20 wrapper__spacing-bottom-mobile--10  wrapper__gutter--none\"\n  >\n  \t<div class=\"wrapper__container wrapper__container-width-large--default\">\n\t  <div class=\"wrapper__inner wrapper__width-large--14 wrapper__width-desktop--24 wrapper__width-mobile--24 wrapper__offset-large--6 wrapper__offset-desktop--2 wrapper__offset-mobile--0\">\n\t\t<section class=\"block-related-post-metadata js-block-related-post-metadata\">\n\t<div class=\"block-related-post-metadata__content-wrapper\">\n\t\t<div class=\"block-related-post-metadata__persons\">\n\t\t\t\t\t<\/div>\n\t\t<div class=\"block-related-post-metadata__meta\">\n\t\t\t<div class=\"block-related-post-metadata__date\">\n\t\t\t\t29.09.2023<div class=\"post-share js-post-share rs_skip_always\">\n\t<button class=\"post-share__share-button js-post-share-share-button\">\n\t\tShare\t\t<svg xmlns='http:\/\/www.w3.org\/2000\/svg' width='100px' height='100px' viewBox='0 0 24 24' fill='none'><path d='m8.684 10.658 6.629-3.314m.003 9.314-6.622-3.311M21 6a3 3 0 1 1-6 0 3 3 0 0 1 6 0ZM9 12a3 3 0 1 1-6 0 3 3 0 0 1 6 0Zm12 6a3 3 0 1 1-6 0 3 3 0 0 1 6 0Z' stroke='currentColor' stroke-width='1.5' fill='none'\/><\/svg>\t<\/button>\n\t<dialog class=\"post-share__dialog js-post-share-dialog\" aria-hidden=\"true\">\n\t\t<div class=\"post-share__dialog-header\">\n\t\t\tShare this post\t\t\t<button class=\"post-share__dialog-close js-post-share-dialog-close\">\n\t\t\t\t<svg xmlns='http:\/\/www.w3.org\/2000\/svg' width='150' height='150' viewBox='0 0 150 150' fill='none'><path d='M44.103 105.897 75 75m30.898-30.898L75 75m0 0L44.103 44.102M75 75l30.898 30.897' stroke='currentColor' stroke-width='5' fill='none'\/><\/svg>\t\t\t<\/button>\n\t\t<\/div>\n\t\t<div class=\"post-share__dialog-socials\">\n\t\t\t\t\t\t\t\t\t\t\t<a class=\"post-share__dialog-item js-post-share-dialog-item\" href=\"#\" target=\"_blank\" data-copy=&quot;true&quot;>\n\t\t\t\t\tKopier link<svg xmlns='http:\/\/www.w3.org\/2000\/svg' width='150' height='150' viewBox='0 0 150 150' fill='none'><path d='M67.468 108.679c-8.533-.512-14.164-3.583-17.407-9.983-3.242-6.314-2.815-12.713 1.195-18.6 1.706-2.56 3.584-5.035 5.46-7.594 1.537-2.048 3.584-2.475 5.462-1.195 2.047 1.45 2.389 3.498.938 5.632-1.706 2.474-3.584 4.948-5.29 7.423-3.242 4.778-2.304 11.092 2.133 14.334 4.864 3.584 11.092 2.731 14.761-1.962 1.963-2.475 3.754-5.12 5.632-7.68 1.194-1.535 2.645-2.218 4.607-1.28 1.792.854 2.645 2.39 2.304 4.267 0 .17 0 .427-.17.597-3.67 5.12-6.4 11.178-12.544 13.993-2.56 1.195-5.46 1.707-6.996 2.219l-.085-.171Z' fill='currentColor'\/><path d='M86.921 44.6c6.144.257 11.605 3.328 14.932 9.728 3.328 6.399 2.816 12.798-1.109 18.856-1.621 2.56-3.498 4.95-5.29 7.424-1.707 2.303-3.754 2.815-5.717 1.45-2.048-1.45-2.304-3.669-.597-6.058 1.621-2.304 3.328-4.608 4.949-6.911 3.498-4.95 2.56-11.348-2.133-14.761-4.779-3.499-11.178-2.475-14.847 2.56-1.792 2.388-3.498 4.863-5.205 7.252-1.62 2.218-3.583 2.56-5.546 1.11-1.877-1.366-2.218-3.414-.768-5.462 2.048-2.986 4.01-5.972 6.314-8.703 3.67-4.351 8.448-6.399 15.103-6.399l-.086-.085Z' fill='currentColor'\/><path d='M71.478 88.457c-3.498-.341-5.46-3.413-3.754-6.143 3.327-5.29 6.825-10.495 10.324-15.7 1.45-2.133 3.413-2.389 5.46-1.109 1.878 1.28 2.219 3.413.854 5.546-3.328 5.034-6.57 9.983-9.983 14.932-.683 1.024-1.963 1.621-2.901 2.389v.085Z' fill='currentColor'\/><\/svg>\t\t\t\t<\/a>\n\t\t\t\t\t\t\t\t\t\t\t<a class=\"post-share__dialog-item js-post-share-dialog-item\" href=\"mailto:?to=%20&amp;body=https%3A%2F%2Fd66.nl%2Fflevoland%2Fnieuws%2Fbbb-en-vvd-trekken-stekker-uit-noodfonds-oekraine\" target=\"_blank\" >\n\t\t\t\t\tMail<svg xmlns='http:\/\/www.w3.org\/2000\/svg' width='40' height='40' viewBox='0 0 40 40' fill='none'><path d='M24.107 15.865a1 1 0 0 1 1.266 1.265l-1.686 5.052a1 1 0 0 1-1.654.392l-3.37-3.37a1.001 1.001 0 0 1 .392-1.654l5.052-1.685Z' fill='currentColor'\/><path d='m21.763 19.475-5.657 5.657' stroke='currentColor' stroke-width='2' stroke-linecap='round' fill='none'\/><\/svg>\t\t\t\t<\/a>\n\t\t\t\t\t\t\t\t\t\t\t<a class=\"post-share__dialog-item js-post-share-dialog-item\" href=\"https:\/\/www.linkedin.com\/sharing\/share-offsite\/?url=https%3A%2F%2Fd66.nl%2Fflevoland%2Fnieuws%2Fbbb-en-vvd-trekken-stekker-uit-noodfonds-oekraine\" target=\"_blank\" >\n\t\t\t\t\tLinkedIn<svg xmlns='http:\/\/www.w3.org\/2000\/svg' width='40' height='40' viewBox='0 0 40 40' fill='none'><path d='M24.107 15.865a1 1 0 0 1 1.266 1.265l-1.686 5.052a1 1 0 0 1-1.654.392l-3.37-3.37a1.001 1.001 0 0 1 .392-1.654l5.052-1.685Z' fill='currentColor'\/><path d='m21.763 19.475-5.657 5.657' stroke='currentColor' stroke-width='2' stroke-linecap='round' fill='none'\/><\/svg>\t\t\t\t<\/a>\n\t\t\t\t\t\t\t\t\t\t\t<a class=\"post-share__dialog-item js-post-share-dialog-item\" href=\"https:\/\/www.facebook.com\/sharer\/sharer.php?u=https%3A%2F%2Fd66.nl%2Fflevoland%2Fnieuws%2Fbbb-en-vvd-trekken-stekker-uit-noodfonds-oekraine\" target=\"_blank\" >\n\t\t\t\t\tFacebook<svg xmlns='http:\/\/www.w3.org\/2000\/svg' width='40' height='40' viewBox='0 0 40 40' fill='none'><path d='M24.107 15.865a1 1 0 0 1 1.266 1.265l-1.686 5.052a1 1 0 0 1-1.654.392l-3.37-3.37a1.001 1.001 0 0 1 .392-1.654l5.052-1.685Z' fill='currentColor'\/><path d='m21.763 19.475-5.657 5.657' stroke='currentColor' stroke-width='2' stroke-linecap='round' fill='none'\/><\/svg>\t\t\t\t<\/a>\n\t\t\t\t\t\t\t\t\t\t\t<a class=\"post-share__dialog-item js-post-share-dialog-item\" href=\"whatsapp:\/\/send?text=https%3A%2F%2Fd66.nl%2Fflevoland%2Fnieuws%2Fbbb-en-vvd-trekken-stekker-uit-noodfonds-oekraine\" target=\"_blank\" >\n\t\t\t\t\tWhatsApp<svg xmlns='http:\/\/www.w3.org\/2000\/svg' width='40' height='40' viewBox='0 0 40 40' fill='none'><path d='M24.107 15.865a1 1 0 0 1 1.266 1.265l-1.686 5.052a1 1 0 0 1-1.654.392l-3.37-3.37a1.001 1.001 0 0 1 .392-1.654l5.052-1.685Z' fill='currentColor'\/><path d='m21.763 19.475-5.657 5.657' stroke='currentColor' stroke-width='2' stroke-linecap='round' fill='none'\/><\/svg>\t\t\t\t<\/a>\n\t\t\t\t\t\t\t\t\t\t\t<a class=\"post-share__dialog-item js-post-share-dialog-item\" href=\"https:\/\/x.com\/intent\/post?url=https%3A%2F%2Fd66.nl%2Fflevoland%2Fnieuws%2Fbbb-en-vvd-trekken-stekker-uit-noodfonds-oekraine\" target=\"_blank\" >\n\t\t\t\t\tTwitter (X)<svg xmlns='http:\/\/www.w3.org\/2000\/svg' width='40' height='40' viewBox='0 0 40 40' fill='none'><path d='M24.107 15.865a1 1 0 0 1 1.266 1.265l-1.686 5.052a1 1 0 0 1-1.654.392l-3.37-3.37a1.001 1.001 0 0 1 .392-1.654l5.052-1.685Z' fill='currentColor'\/><path d='m21.763 19.475-5.657 5.657' stroke='currentColor' stroke-width='2' stroke-linecap='round' fill='none'\/><\/svg>\t\t\t\t<\/a>\n\t\t\t\t\t<\/div>\n\t<\/dialog>\n<\/div>\t\t\t<\/div>\n\t\t\t<div class=\"block-related-post-metadata__categories\">\n\t\t\t\t<div class=\"category-link__wrapper\">\n\t\t\t<div class=\"category-link__item\">\n\t\t\t<a href=\"https:\/\/d66.nl\/flevoland\/category\/d66\/\">\n\t\t\t\tD66\t\t\t<\/a>\n\t\t<\/div>\n\t\t<\/div>\t\t\t<\/div>\n\t\t<\/div>\n\t<\/div>\n<\/section>\n\t  <\/div>\n\t<\/div>\n  <\/div>\n\n\n<div\n  id=\"\"\n  class=\"wrapper  wrapper__spacing-bottom-large--50 wrapper__spacing-bottom-desktop--70 wrapper__spacing-bottom-mobile--50  wrapper__gutter--none\"\n  >\n  \t<div class=\"wrapper__container wrapper__container-width-large--default\">\n\t  <div class=\"wrapper__inner wrapper__width-large--18 wrapper__width-desktop--22 wrapper__width-mobile--24 wrapper__offset-large--6 wrapper__offset-desktop--2 wrapper__offset-mobile--0\">\n\t\t<section class=\"block-post-content\">\n\t<div class=\"block-post-content__title\">\n\t\t<h3 class=\"heading  heading__color--black heading__size--medium heading__font--sans heading__weight--bold  block-post-content__heading\" id=\"nav-cda-initiatief4835\" data-nav-heading-mobile=\"CDA-initiatief\">\n\tCDA-initiatief<\/h3>\t<\/div>\n\t<div class=\"block-post-content__content\">\n\t\t\n<div\n  id=\"\"\n  class=\"wrapper  wrapper__spacing-bottom-large--30 wrapper__spacing-bottom-desktop--20  wrapper__gutter--none\"\n  >\n  \t<div class=\"wrapper__container wrapper__container-width-large--default\">\n\t  <div class=\"wrapper__inner wrapper__width-large--24 wrapper__width-mobile--24\">\n\t\t<p\n\t\tclass=\"paragraph paragraph__align--left paragraph__color--black paragraph__size--default   block-paragraph__paragraph\"\n\t\t\t>\n\t\tAfgelopen Statenvergadering diende het CDA een motie in om het noodfonds Oekra\u00efne aan te vullen. Het Noodfonds financiert hulptransporten naar Oekra\u00efne, Flevolandse initiatieven voor integratie en lokale activiteiten voor Oekra\u00efense vluchtelingen. Eerder dit jaar werd dit succesvolle fonds al eens opgehoogd, <a href=\"https:\/\/www.omroepflevoland.nl\/nieuws\/349081\/bodem-van-provinciaal-noodfonds-voor-oekraiense-vluchtelingen-is-in-zicht\">maar de bodem komt dit najaar in zicht<\/a>.\t<\/p>\t  <\/div>\n\t<\/div>\n  <\/div>\n\n\t<\/div>\n\n\t<div class=\"block-post-content__sidebar\">\n\t\t\n\t\t\n\t\t\t<\/div>\n<\/section>\n\t  <\/div>\n\t<\/div>\n  <\/div>\n\n\n<div\n  id=\"\"\n  class=\"wrapper  wrapper__spacing-bottom-large--50 wrapper__spacing-bottom-desktop--70 wrapper__spacing-bottom-mobile--50  wrapper__gutter--none\"\n  >\n  \t<div class=\"wrapper__container wrapper__container-width-large--default\">\n\t  <div class=\"wrapper__inner wrapper__width-large--18 wrapper__width-desktop--22 wrapper__width-mobile--24 wrapper__offset-large--6 wrapper__offset-desktop--2 wrapper__offset-mobile--0\">\n\t\t<section class=\"block-post-content\">\n\t<div class=\"block-post-content__title\">\n\t\t<h3 class=\"heading  heading__color--black heading__size--medium heading__font--sans heading__weight--bold  block-post-content__heading\" id=\"nav-warm-voorstander2699\" data-nav-heading-mobile=\"Warm voorstander\">\n\tWarm voorstander<\/h3>\t<\/div>\n\t<div class=\"block-post-content__content\">\n\t\t\n<div\n  id=\"\"\n  class=\"wrapper  wrapper__spacing-bottom-large--30 wrapper__spacing-bottom-desktop--20  wrapper__gutter--none\"\n  >\n  \t<div class=\"wrapper__container wrapper__container-width-large--default\">\n\t  <div class=\"wrapper__inner wrapper__width-large--24 wrapper__width-mobile--24\">\n\t\t<p\n\t\tclass=\"paragraph paragraph__align--left paragraph__color--black paragraph__size--default   block-paragraph__paragraph\"\n\t\t\t>\n\t\tDaarom was D66 warm voorstander van <a href=\"https:\/\/www.cda.nl\/flevoland\/actueel\/nieuws\/cda-wil-opnieuw-geld-voor-noodfonds-oekraine\">het initiatief van het CDA<\/a> om het noodfonds op te hogen. Ook gedeputeerde Sjaak Simonse (SGP) hield een gloedvol betoog over de noodzaak voor de getroffenen en het belang van bijzondere burgerinitiatieven in Flevoland.\t<\/p>\t  <\/div>\n\t<\/div>\n  <\/div>\n\n\t<\/div>\n\n\t<div class=\"block-post-content__sidebar\">\n\t\t\n\t\t\n\t\t\t<\/div>\n<\/section>\n\t  <\/div>\n\t<\/div>\n  <\/div>\n\n\n<div\n  id=\"\"\n  class=\"wrapper  wrapper__spacing-bottom-large--50 wrapper__spacing-bottom-desktop--70 wrapper__spacing-bottom-mobile--50  wrapper__gutter--none\"\n  >\n  \t<div class=\"wrapper__container wrapper__container-width-large--default\">\n\t  <div class=\"wrapper__inner wrapper__width-large--18 wrapper__width-desktop--22 wrapper__width-mobile--24 wrapper__offset-large--6 wrapper__offset-desktop--2 wrapper__offset-mobile--0\">\n\t\t<section class=\"block-post-content\">\n\t<div class=\"block-post-content__title\">\n\t\t<h3 class=\"heading  heading__color--black heading__size--medium heading__font--sans heading__weight--bold  block-post-content__heading\" id=\"nav-onbegrijpelijk4250\" data-nav-heading-mobile=\"Onbegrijpelijk\">\n\tOnbegrijpelijk<\/h3>\t<\/div>\n\t<div class=\"block-post-content__content\">\n\t\t\n<div\n  id=\"\"\n  class=\"wrapper  wrapper__spacing-bottom-large--30 wrapper__spacing-bottom-desktop--20  wrapper__gutter--none\"\n  >\n  \t<div class=\"wrapper__container wrapper__container-width-large--default\">\n\t  <div class=\"wrapper__inner wrapper__width-large--24 wrapper__width-mobile--24\">\n\t\t<p\n\t\tclass=\"paragraph paragraph__align--left paragraph__color--black paragraph__size--default   block-paragraph__paragraph\"\n\t\t\t>\n\t\tD66 vind het dan ook onbegrijpelijk dat BBB en VVD tegen de motie van het CDA hebben gestemd.Ook PVV, Forum voor Democratie, JA21 en Sterk Lokaal Flevoland steunen de motie niet. De provincie Flevoland moet pal achter Oekra\u00efne en de Oekra\u00efense vluchtelingen staan. Nog altijd treffen Russische bommen Oekra\u00efense huizen. En met de winter in aantocht is hulp hard nodig. Dat blijkt ook uit <a href=\"https:\/\/www.flevoland.nl\/actueel\/samenwerken-om-hulp-te-bieden-aan-het-oorlogsgebi\">het bezoek van gedeputeerde Simonse<\/a> aan ondernemer Gerjan Wielink uit Dronten, die bijna wekelijks hulpgoederen naar Oekra\u00efne voert.\t<\/p>\t  <\/div>\n\t<\/div>\n  <\/div>\n\n\n<div\n  id=\"\"\n  class=\"wrapper  wrapper__spacing-bottom-large--30 wrapper__spacing-bottom-desktop--20  wrapper__gutter--none\"\n  >\n  \t<div class=\"wrapper__container wrapper__container-width-large--default\">\n\t  <div class=\"wrapper__inner wrapper__width-large--24 wrapper__width-mobile--24\">\n\t\t<p\n\t\tclass=\"paragraph paragraph__align--left paragraph__color--black paragraph__size--default   block-paragraph__paragraph\"\n\t\t\t>\n\t\tWij betreuren dat BBB en VVD \u2013 ondanks deze warme steun van het College \u2013 de stekker trekken uit het Noodfonds Oekra\u00efne. D66 zal zich in de Staten blijvend inzetten voor steun aan Oekra\u00efne.\t<\/p>\t  <\/div>\n\t<\/div>\n  <\/div>\n\n\t<\/div>\n\n\t<div class=\"block-post-content__sidebar\">\n\t\t\n\t\t\n\t\t\t<\/div>\n<\/section>\n\t  <\/div>\n\t<\/div>\n  <\/div>\n","protected":false},"excerpt":{"rendered":"","protected":false},"author":431,"featured_media":897,"comment_status":"open","ping_status":"open","sticky":false,"template":"","format":"standard","meta":{"_acf_changed":false,"footnotes":""},"categories":[1],"search-tags":[],"labels":[],"class_list":["post-894","post","type-post","status-publish","format-standard","has-post-thumbnail","hentry","category-d66"],"acf":[],"yoast_head":"<!-- This site is optimized with the Yoast SEO plugin v27.3 - https:\/\/yoast.com\/product\/yoast-seo-wordpress\/ -->\n<title>D66 Flevoland &#8212; BBB en VVD trekken stekker uit Noodfonds Oekra\u00efne<\/title>\n<meta name=\"description\" content=\"Een voorstel om het Noodfonds Oekra\u00efne aan te vullen werd onverwacht afgewezen door de rechtse meerderheid.\" \/>\n<meta name=\"robots\" content=\"index, follow, max-snippet:-1, max-image-preview:large, max-video-preview:-1\" \/>\n<link rel=\"canonical\" href=\"https:\/\/d66.nl\/flevoland\/nieuws\/bbb-en-vvd-trekken-stekker-uit-noodfonds-oekraine\" \/>\n<meta property=\"og:locale\" content=\"nl_NL\" \/>\n<meta property=\"og:type\" content=\"article\" \/>\n<meta property=\"og:title\" content=\"D66 Flevoland &#8212; BBB en VVD trekken stekker uit Noodfonds Oekra\u00efne\" \/>\n<meta property=\"og:description\" content=\"Een voorstel om het Noodfonds Oekra\u00efne aan te vullen werd onverwacht afgewezen door de rechtse meerderheid.\" \/>\n<meta property=\"og:url\" content=\"https:\/\/d66.nl\/flevoland\/nieuws\/bbb-en-vvd-trekken-stekker-uit-noodfonds-oekraine\/\" \/>\n<meta property=\"og:site_name\" content=\"D66 Flevoland\" \/>\n<meta property=\"article:published_time\" content=\"2023-09-29T17:04:02+00:00\" \/>\n<meta property=\"article:modified_time\" content=\"2023-09-30T15:53:28+00:00\" \/>\n<meta property=\"og:image\" content=\"https:\/\/d66.nl\/flevoland\/wp-content\/uploads\/sites\/302\/2023\/09\/max-kukurudziak-qbc3Zmxw0G8-unsplash.jpg\" \/>\n\t<meta property=\"og:image:width\" content=\"1920\" \/>\n\t<meta property=\"og:image:height\" content=\"1281\" \/>\n\t<meta property=\"og:image:type\" content=\"image\/jpeg\" \/>\n<meta name=\"author\" content=\"joriscanoy\" \/>\n<meta name=\"twitter:card\" content=\"summary_large_image\" \/>\n<meta name=\"twitter:label1\" content=\"Geschreven door\" \/>\n\t<meta name=\"twitter:data1\" content=\"joriscanoy\" \/>\n<script type=\"application\/ld+json\" class=\"yoast-schema-graph\">{\"@context\":\"https:\\\/\\\/schema.org\",\"@graph\":[{\"@type\":\"Article\",\"@id\":\"https:\\\/\\\/d66.nl\\\/flevoland\\\/nieuws\\\/bbb-en-vvd-trekken-stekker-uit-noodfonds-oekraine\\\/#article\",\"isPartOf\":{\"@id\":\"https:\\\/\\\/d66.nl\\\/flevoland\\\/nieuws\\\/bbb-en-vvd-trekken-stekker-uit-noodfonds-oekraine\\\/\"},\"author\":{\"name\":\"joriscanoy\",\"@id\":\"https:\\\/\\\/d66.nl\\\/flevoland\\\/#\\\/schema\\\/person\\\/9888fa52c20b781c63841fc48a303192\"},\"headline\":\"BBB en VVD trekken stekker uit Noodfonds Oekra\u00efne\",\"datePublished\":\"2023-09-29T17:04:02+00:00\",\"dateModified\":\"2023-09-30T15:53:28+00:00\",\"mainEntityOfPage\":{\"@id\":\"https:\\\/\\\/d66.nl\\\/flevoland\\\/nieuws\\\/bbb-en-vvd-trekken-stekker-uit-noodfonds-oekraine\\\/\"},\"wordCount\":9,\"commentCount\":0,\"publisher\":{\"@id\":\"https:\\\/\\\/d66.nl\\\/flevoland\\\/#organization\"},\"image\":{\"@id\":\"https:\\\/\\\/d66.nl\\\/flevoland\\\/nieuws\\\/bbb-en-vvd-trekken-stekker-uit-noodfonds-oekraine\\\/#primaryimage\"},\"thumbnailUrl\":\"https:\\\/\\\/d66.nl\\\/flevoland\\\/wp-content\\\/uploads\\\/sites\\\/302\\\/2023\\\/09\\\/max-kukurudziak-qbc3Zmxw0G8-unsplash.jpg\",\"articleSection\":[\"D66\"],\"inLanguage\":\"nl-NL\",\"potentialAction\":[{\"@type\":\"CommentAction\",\"name\":\"Comment\",\"target\":[\"https:\\\/\\\/d66.nl\\\/flevoland\\\/nieuws\\\/bbb-en-vvd-trekken-stekker-uit-noodfonds-oekraine\\\/#respond\"]}]},{\"@type\":\"WebPage\",\"@id\":\"https:\\\/\\\/d66.nl\\\/flevoland\\\/nieuws\\\/bbb-en-vvd-trekken-stekker-uit-noodfonds-oekraine\\\/\",\"url\":\"https:\\\/\\\/d66.nl\\\/flevoland\\\/nieuws\\\/bbb-en-vvd-trekken-stekker-uit-noodfonds-oekraine\\\/\",\"name\":\"D66 Flevoland &#8212; BBB en VVD trekken stekker uit Noodfonds Oekra\u00efne\",\"isPartOf\":{\"@id\":\"https:\\\/\\\/d66.nl\\\/flevoland\\\/#website\"},\"primaryImageOfPage\":{\"@id\":\"https:\\\/\\\/d66.nl\\\/flevoland\\\/nieuws\\\/bbb-en-vvd-trekken-stekker-uit-noodfonds-oekraine\\\/#primaryimage\"},\"image\":{\"@id\":\"https:\\\/\\\/d66.nl\\\/flevoland\\\/nieuws\\\/bbb-en-vvd-trekken-stekker-uit-noodfonds-oekraine\\\/#primaryimage\"},\"thumbnailUrl\":\"https:\\\/\\\/d66.nl\\\/flevoland\\\/wp-content\\\/uploads\\\/sites\\\/302\\\/2023\\\/09\\\/max-kukurudziak-qbc3Zmxw0G8-unsplash.jpg\",\"datePublished\":\"2023-09-29T17:04:02+00:00\",\"dateModified\":\"2023-09-30T15:53:28+00:00\",\"description\":\"Een voorstel om het Noodfonds Oekra\u00efne aan te vullen werd onverwacht afgewezen door de rechtse meerderheid.\",\"breadcrumb\":{\"@id\":\"https:\\\/\\\/d66.nl\\\/flevoland\\\/nieuws\\\/bbb-en-vvd-trekken-stekker-uit-noodfonds-oekraine\\\/#breadcrumb\"},\"inLanguage\":\"nl-NL\",\"potentialAction\":[{\"@type\":\"ReadAction\",\"target\":[\"https:\\\/\\\/d66.nl\\\/flevoland\\\/nieuws\\\/bbb-en-vvd-trekken-stekker-uit-noodfonds-oekraine\\\/\"]}]},{\"@type\":\"ImageObject\",\"inLanguage\":\"nl-NL\",\"@id\":\"https:\\\/\\\/d66.nl\\\/flevoland\\\/nieuws\\\/bbb-en-vvd-trekken-stekker-uit-noodfonds-oekraine\\\/#primaryimage\",\"url\":\"https:\\\/\\\/d66.nl\\\/flevoland\\\/wp-content\\\/uploads\\\/sites\\\/302\\\/2023\\\/09\\\/max-kukurudziak-qbc3Zmxw0G8-unsplash.jpg\",\"contentUrl\":\"https:\\\/\\\/d66.nl\\\/flevoland\\\/wp-content\\\/uploads\\\/sites\\\/302\\\/2023\\\/09\\\/max-kukurudziak-qbc3Zmxw0G8-unsplash.jpg\",\"width\":1920,\"height\":1281},{\"@type\":\"BreadcrumbList\",\"@id\":\"https:\\\/\\\/d66.nl\\\/flevoland\\\/nieuws\\\/bbb-en-vvd-trekken-stekker-uit-noodfonds-oekraine\\\/#breadcrumb\",\"itemListElement\":[{\"@type\":\"ListItem\",\"position\":1,\"name\":\"Home\",\"item\":\"https:\\\/\\\/d66.nl\\\/flevoland\\\/\"},{\"@type\":\"ListItem\",\"position\":2,\"name\":\"Nieuws\",\"item\":\"https:\\\/\\\/d66.nl\\\/flevoland\\\/nieuws\\\/\"},{\"@type\":\"ListItem\",\"position\":3,\"name\":\"BBB en VVD trekken stekker uit Noodfonds Oekra\u00efne\"}]},{\"@type\":\"WebSite\",\"@id\":\"https:\\\/\\\/d66.nl\\\/flevoland\\\/#website\",\"url\":\"https:\\\/\\\/d66.nl\\\/flevoland\\\/\",\"name\":\"D66 Flevoland\",\"description\":\"Just another D66 Sites site\",\"publisher\":{\"@id\":\"https:\\\/\\\/d66.nl\\\/flevoland\\\/#organization\"},\"potentialAction\":[{\"@type\":\"SearchAction\",\"target\":{\"@type\":\"EntryPoint\",\"urlTemplate\":\"https:\\\/\\\/d66.nl\\\/flevoland\\\/?s={search_term_string}\"},\"query-input\":{\"@type\":\"PropertyValueSpecification\",\"valueRequired\":true,\"valueName\":\"search_term_string\"}}],\"inLanguage\":\"nl-NL\"},{\"@type\":\"Organization\",\"@id\":\"https:\\\/\\\/d66.nl\\\/flevoland\\\/#organization\",\"name\":\"D66\",\"url\":\"https:\\\/\\\/d66.nl\\\/flevoland\\\/\",\"logo\":{\"@type\":\"ImageObject\",\"inLanguage\":\"nl-NL\",\"@id\":\"https:\\\/\\\/d66.nl\\\/flevoland\\\/#\\\/schema\\\/logo\\\/image\\\/\",\"url\":\"https:\\\/\\\/d66.nl\\\/flevoland\\\/wp-content\\\/uploads\\\/sites\\\/2\\\/2021\\\/10\\\/d66-themas-algemeen-og.png\",\"contentUrl\":\"https:\\\/\\\/d66.nl\\\/flevoland\\\/wp-content\\\/uploads\\\/sites\\\/2\\\/2021\\\/10\\\/d66-themas-algemeen-og.png\",\"width\":1200,\"height\":628,\"caption\":\"D66\"},\"image\":{\"@id\":\"https:\\\/\\\/d66.nl\\\/flevoland\\\/#\\\/schema\\\/logo\\\/image\\\/\"}},{\"@type\":\"Person\",\"@id\":\"https:\\\/\\\/d66.nl\\\/flevoland\\\/#\\\/schema\\\/person\\\/9888fa52c20b781c63841fc48a303192\",\"name\":\"joriscanoy\",\"image\":{\"@type\":\"ImageObject\",\"inLanguage\":\"nl-NL\",\"@id\":\"https:\\\/\\\/secure.gravatar.com\\\/avatar\\\/c805f92e6570e83cec846d5e07d7917a305baf60325f3e1f948eed1796a1ad29?s=96&d=mm&r=g\",\"url\":\"https:\\\/\\\/secure.gravatar.com\\\/avatar\\\/c805f92e6570e83cec846d5e07d7917a305baf60325f3e1f948eed1796a1ad29?s=96&d=mm&r=g\",\"contentUrl\":\"https:\\\/\\\/secure.gravatar.com\\\/avatar\\\/c805f92e6570e83cec846d5e07d7917a305baf60325f3e1f948eed1796a1ad29?s=96&d=mm&r=g\",\"caption\":\"joriscanoy\"}}]}<\/script>\n<!-- \/ Yoast SEO plugin. -->","yoast_head_json":{"title":"D66 Flevoland &#8212; BBB en VVD trekken stekker uit Noodfonds Oekra\u00efne","description":"Een voorstel om het Noodfonds Oekra\u00efne aan te vullen werd onverwacht afgewezen door de rechtse meerderheid.","robots":{"index":"index","follow":"follow","max-snippet":"max-snippet:-1","max-image-preview":"max-image-preview:large","max-video-preview":"max-video-preview:-1"},"canonical":"https:\/\/d66.nl\/flevoland\/nieuws\/bbb-en-vvd-trekken-stekker-uit-noodfonds-oekraine","og_locale":"nl_NL","og_type":"article","og_title":"D66 Flevoland &#8212; BBB en VVD trekken stekker uit Noodfonds Oekra\u00efne","og_description":"Een voorstel om het Noodfonds Oekra\u00efne aan te vullen werd onverwacht afgewezen door de rechtse meerderheid.","og_url":"https:\/\/d66.nl\/flevoland\/nieuws\/bbb-en-vvd-trekken-stekker-uit-noodfonds-oekraine\/","og_site_name":"D66 Flevoland","article_published_time":"2023-09-29T17:04:02+00:00","article_modified_time":"2023-09-30T15:53:28+00:00","og_image":[{"width":1920,"height":1281,"url":"https:\/\/d66.nl\/flevoland\/wp-content\/uploads\/sites\/302\/2023\/09\/max-kukurudziak-qbc3Zmxw0G8-unsplash.jpg","type":"image\/jpeg"}],"author":"joriscanoy","twitter_card":"summary_large_image","twitter_misc":{"Geschreven door":"joriscanoy"},"schema":{"@context":"https:\/\/schema.org","@graph":[{"@type":"Article","@id":"https:\/\/d66.nl\/flevoland\/nieuws\/bbb-en-vvd-trekken-stekker-uit-noodfonds-oekraine\/#article","isPartOf":{"@id":"https:\/\/d66.nl\/flevoland\/nieuws\/bbb-en-vvd-trekken-stekker-uit-noodfonds-oekraine\/"},"author":{"name":"joriscanoy","@id":"https:\/\/d66.nl\/flevoland\/#\/schema\/person\/9888fa52c20b781c63841fc48a303192"},"headline":"BBB en VVD trekken stekker uit Noodfonds Oekra\u00efne","datePublished":"2023-09-29T17:04:02+00:00","dateModified":"2023-09-30T15:53:28+00:00","mainEntityOfPage":{"@id":"https:\/\/d66.nl\/flevoland\/nieuws\/bbb-en-vvd-trekken-stekker-uit-noodfonds-oekraine\/"},"wordCount":9,"commentCount":0,"publisher":{"@id":"https:\/\/d66.nl\/flevoland\/#organization"},"image":{"@id":"https:\/\/d66.nl\/flevoland\/nieuws\/bbb-en-vvd-trekken-stekker-uit-noodfonds-oekraine\/#primaryimage"},"thumbnailUrl":"https:\/\/d66.nl\/flevoland\/wp-content\/uploads\/sites\/302\/2023\/09\/max-kukurudziak-qbc3Zmxw0G8-unsplash.jpg","articleSection":["D66"],"inLanguage":"nl-NL","potentialAction":[{"@type":"CommentAction","name":"Comment","target":["https:\/\/d66.nl\/flevoland\/nieuws\/bbb-en-vvd-trekken-stekker-uit-noodfonds-oekraine\/#respond"]}]},{"@type":"WebPage","@id":"https:\/\/d66.nl\/flevoland\/nieuws\/bbb-en-vvd-trekken-stekker-uit-noodfonds-oekraine\/","url":"https:\/\/d66.nl\/flevoland\/nieuws\/bbb-en-vvd-trekken-stekker-uit-noodfonds-oekraine\/","name":"D66 Flevoland &#8212; BBB en VVD trekken stekker uit Noodfonds Oekra\u00efne","isPartOf":{"@id":"https:\/\/d66.nl\/flevoland\/#website"},"primaryImageOfPage":{"@id":"https:\/\/d66.nl\/flevoland\/nieuws\/bbb-en-vvd-trekken-stekker-uit-noodfonds-oekraine\/#primaryimage"},"image":{"@id":"https:\/\/d66.nl\/flevoland\/nieuws\/bbb-en-vvd-trekken-stekker-uit-noodfonds-oekraine\/#primaryimage"},"thumbnailUrl":"https:\/\/d66.nl\/flevoland\/wp-content\/uploads\/sites\/302\/2023\/09\/max-kukurudziak-qbc3Zmxw0G8-unsplash.jpg","datePublished":"2023-09-29T17:04:02+00:00","dateModified":"2023-09-30T15:53:28+00:00","description":"Een voorstel om het Noodfonds Oekra\u00efne aan te vullen werd onverwacht afgewezen door de rechtse meerderheid.","breadcrumb":{"@id":"https:\/\/d66.nl\/flevoland\/nieuws\/bbb-en-vvd-trekken-stekker-uit-noodfonds-oekraine\/#breadcrumb"},"inLanguage":"nl-NL","potentialAction":[{"@type":"ReadAction","target":["https:\/\/d66.nl\/flevoland\/nieuws\/bbb-en-vvd-trekken-stekker-uit-noodfonds-oekraine\/"]}]},{"@type":"ImageObject","inLanguage":"nl-NL","@id":"https:\/\/d66.nl\/flevoland\/nieuws\/bbb-en-vvd-trekken-stekker-uit-noodfonds-oekraine\/#primaryimage","url":"https:\/\/d66.nl\/flevoland\/wp-content\/uploads\/sites\/302\/2023\/09\/max-kukurudziak-qbc3Zmxw0G8-unsplash.jpg","contentUrl":"https:\/\/d66.nl\/flevoland\/wp-content\/uploads\/sites\/302\/2023\/09\/max-kukurudziak-qbc3Zmxw0G8-unsplash.jpg","width":1920,"height":1281},{"@type":"BreadcrumbList","@id":"https:\/\/d66.nl\/flevoland\/nieuws\/bbb-en-vvd-trekken-stekker-uit-noodfonds-oekraine\/#breadcrumb","itemListElement":[{"@type":"ListItem","position":1,"name":"Home","item":"https:\/\/d66.nl\/flevoland\/"},{"@type":"ListItem","position":2,"name":"Nieuws","item":"https:\/\/d66.nl\/flevoland\/nieuws\/"},{"@type":"ListItem","position":3,"name":"BBB en VVD trekken stekker uit Noodfonds Oekra\u00efne"}]},{"@type":"WebSite","@id":"https:\/\/d66.nl\/flevoland\/#website","url":"https:\/\/d66.nl\/flevoland\/","name":"D66 Flevoland","description":"Just another D66 Sites site","publisher":{"@id":"https:\/\/d66.nl\/flevoland\/#organization"},"potentialAction":[{"@type":"SearchAction","target":{"@type":"EntryPoint","urlTemplate":"https:\/\/d66.nl\/flevoland\/?s={search_term_string}"},"query-input":{"@type":"PropertyValueSpecification","valueRequired":true,"valueName":"search_term_string"}}],"inLanguage":"nl-NL"},{"@type":"Organization","@id":"https:\/\/d66.nl\/flevoland\/#organization","name":"D66","url":"https:\/\/d66.nl\/flevoland\/","logo":{"@type":"ImageObject","inLanguage":"nl-NL","@id":"https:\/\/d66.nl\/flevoland\/#\/schema\/logo\/image\/","url":"https:\/\/d66.nl\/flevoland\/wp-content\/uploads\/sites\/2\/2021\/10\/d66-themas-algemeen-og.png","contentUrl":"https:\/\/d66.nl\/flevoland\/wp-content\/uploads\/sites\/2\/2021\/10\/d66-themas-algemeen-og.png","width":1200,"height":628,"caption":"D66"},"image":{"@id":"https:\/\/d66.nl\/flevoland\/#\/schema\/logo\/image\/"}},{"@type":"Person","@id":"https:\/\/d66.nl\/flevoland\/#\/schema\/person\/9888fa52c20b781c63841fc48a303192","name":"joriscanoy","image":{"@type":"ImageObject","inLanguage":"nl-NL","@id":"https:\/\/secure.gravatar.com\/avatar\/c805f92e6570e83cec846d5e07d7917a305baf60325f3e1f948eed1796a1ad29?s=96&d=mm&r=g","url":"https:\/\/secure.gravatar.com\/avatar\/c805f92e6570e83cec846d5e07d7917a305baf60325f3e1f948eed1796a1ad29?s=96&d=mm&r=g","contentUrl":"https:\/\/secure.gravatar.com\/avatar\/c805f92e6570e83cec846d5e07d7917a305baf60325f3e1f948eed1796a1ad29?s=96&d=mm&r=g","caption":"joriscanoy"}}]}},"_links":{"self":[{"href":"https:\/\/d66.nl\/flevoland\/wp-json\/wp\/v2\/posts\/894","targetHints":{"allow":["GET"]}}],"collection":[{"href":"https:\/\/d66.nl\/flevoland\/wp-json\/wp\/v2\/posts"}],"about":[{"href":"https:\/\/d66.nl\/flevoland\/wp-json\/wp\/v2\/types\/post"}],"author":[{"embeddable":true,"href":"https:\/\/d66.nl\/flevoland\/wp-json\/wp\/v2\/users\/431"}],"replies":[{"embeddable":true,"href":"https:\/\/d66.nl\/flevoland\/wp-json\/wp\/v2\/comments?post=894"}],"version-history":[{"count":6,"href":"https:\/\/d66.nl\/flevoland\/wp-json\/wp\/v2\/posts\/894\/revisions"}],"predecessor-version":[{"id":903,"href":"https:\/\/d66.nl\/flevoland\/wp-json\/wp\/v2\/posts\/894\/revisions\/903"}],"wp:featuredmedia":[{"embeddable":true,"href":"https:\/\/d66.nl\/flevoland\/wp-json\/wp\/v2\/media\/897"}],"wp:attachment":[{"href":"https:\/\/d66.nl\/flevoland\/wp-json\/wp\/v2\/media?parent=894"}],"wp:term":[{"taxonomy":"category","embeddable":true,"href":"https:\/\/d66.nl\/flevoland\/wp-json\/wp\/v2\/categories?post=894"},{"taxonomy":"search-tags","embeddable":true,"href":"https:\/\/d66.nl\/flevoland\/wp-json\/wp\/v2\/search-tags?post=894"},{"taxonomy":"labels","embeddable":true,"href":"https:\/\/d66.nl\/flevoland\/wp-json\/wp\/v2\/labels?post=894"}],"curies":[{"name":"wp","href":"https:\/\/api.w.org\/{rel}","templated":true}]}}