{"id":308,"date":"2024-04-06T15:35:00","date_gmt":"2024-04-06T15:35:00","guid":{"rendered":"https:\/\/d66.nl\/europa\/nieuws\/"},"modified":"2024-05-30T18:06:51","modified_gmt":"2024-05-30T18:06:51","slug":"speech-gerben-jan-gerbrandy-congres-119","status":"publish","type":"post","link":"https:\/\/d66.nl\/europa\/nieuws\/speech-gerben-jan-gerbrandy-congres-119","title":{"rendered":"Speech lijsttrekker Gerbrandy: Sterk Europa voor Nederland (congres 119)"},"content":{"rendered":"<div\n  id=\"\"\n  class=\"wrapper  wrapper__spacing-bottom-large--50 wrapper__spacing-bottom-desktop--66 wrapper__spacing-bottom-mobile--76  wrapper__gutter--none\"\n  >\n  \t<div class=\"wrapper__container wrapper__container-width-large--default\">\n\t  <div class=\"wrapper__inner wrapper__width-large--14 wrapper__width-desktop--20 wrapper__width-mobile--24 wrapper__offset-large--6 wrapper__offset-desktop--4 wrapper__offset-mobile--0\">\n\t\t<h1 class=\"heading   heading__size--giant heading__font--serif heading__weight--regular  block-heading__heading\" id=\"nav-speech-lijsttrekker-gerbrandy-over-een-sterk-europa-voor-nederland1862\"  data-nav-heading-mobile=\"Speech lijsttrekker Gerbrandy over een sterk Europa voor Nederland\" >\n\tSpeech lijsttrekker Gerbrandy over een sterk Europa voor Nederland<\/h1>\t  <\/div>\n\t<\/div>\n  <\/div>\n\n\n<div\n  id=\"\"\n  class=\"wrapper  wrapper__spacing-bottom-large--110 wrapper__spacing-bottom-desktop--60 wrapper__spacing-bottom-mobile--50  wrapper__gutter--none\"\n  >\n  \t<div class=\"wrapper__container wrapper__container-width-large--default\">\n\t  <div class=\"wrapper__inner wrapper__width-large--24 wrapper__width-mobile--24\">\n\t\t<section class=\"block-video\">\n\t<div\n\t\tclass=\"block-video__video-wrapper\"\n\t\tstyle=\"background-image: url('https:\/\/d66.nl\/europa\/wp-content\/uploads\/sites\/434\/2024\/04\/d66-gerben-jan-gerbrandy-congrestoespraak.jpg')\"\n\t>\n\t\t\t<\/div>\n\n\t\t\t<div class=\"block-video__caption-wrapper\">\n\t\t\t<div class=\"block-video__caption\">\n\t\t\t\t<p class=\"paragraph paragraph__align--left paragraph__color--black paragraph__size--small paragraph__weight--medium\">\n\t\t<b>Gerben-Jan<\/b> <i>&#045;<\/i> Lijsttrekker Gerben-Jan Gerbrandy tijdens zijn congrestoespraak. <i>&#x2022;<\/i> Beeld: Jeroen Mooijman\t<\/p>\t\t\t<\/div>\n\t\t<\/div>\n\t\n<\/section>\n\n\t  <\/div>\n\t<\/div>\n  <\/div>\n\n\n<div\n  id=\"\"\n  class=\"wrapper  wrapper__spacing-bottom-large--50 wrapper__spacing-bottom-mobile--40  wrapper__gutter--none\"\n  >\n  \t<div class=\"wrapper__container wrapper__container-width-large--default\">\n\t  <div class=\"wrapper__inner wrapper__width-large--13 wrapper__width-desktop--22 wrapper__width-mobile--24 wrapper__offset-large--6 wrapper__offset-desktop--2 wrapper__offset-mobile--0\">\n\t\t<p\n\t\tclass=\"paragraph   paragraph__size--big   block-paragraph__paragraph\"\n\t\t\t>\n\t\tLees hier de toespraak van Gerben-Jan Gerbrandy tijdens het 119de partijcongres in Nieuwegein.\t<\/p>\t  <\/div>\n\t<\/div>\n  <\/div>\n\n\n<div\n  id=\"\"\n  class=\"wrapper  wrapper__spacing-bottom-large--30 wrapper__spacing-bottom-desktop--20 wrapper__spacing-bottom-mobile--10  wrapper__gutter--none\"\n  >\n  \t<div class=\"wrapper__container wrapper__container-width-large--default\">\n\t  <div class=\"wrapper__inner wrapper__width-large--14 wrapper__width-desktop--24 wrapper__width-mobile--24 wrapper__offset-large--6 wrapper__offset-desktop--2 wrapper__offset-mobile--0\">\n\t\t<section class=\"block-related-post-metadata js-block-related-post-metadata\">\n\t<div class=\"block-related-post-metadata__content-wrapper\">\n\t\t<div class=\"block-related-post-metadata__persons\">\n\t\t\t<div class=\"related-person-info__wrapper\">\n\t\t\t<div class=\"related-person-info__item related-person-info__color--yellow\">\n\t\t\t<a class=\"related-person-info__link\" href=\"https:\/\/d66.nl\/europa\/mensen\/gerben-jan-gerbrandy\/\">\n\t\t\t\t<div class=\"related-person-info__image_container\">\n\t\t\t\t<img loading=\"lazy\" decoding=\"async\" width=\"150\" height=\"150\" src=\"https:\/\/d66.nl\/europa\/wp-content\/uploads\/sites\/434\/2024\/04\/d66-gerben-jan-gerbrandywv-150x150.jpg\" class=\"related-person-info__image\" alt=\"\" \/>\t\t\t\t<\/div>\n\t\t\t\t<div class=\"related-person-info__meta\">\n\t\t\t\t\t\t\t\t\t<header class=\"related-person-info__header\">\n\t\t\t\t\t\t<h3 class=\"heading   heading__size--small heading__font--sans heading__weight--bold\" id=\"nav-gerben-jan-gerbrandy9577\">\n\tGerben-Jan Gerbrandy<\/h3>\t\t\t\t\t<\/header>\n\t\t\t\t\t\t\t\t\t\t\t\t\t<div class=\"related-person-info__description\">\n\t\t\t\t\t\t<p class=\"paragraph   paragraph__size--small paragraph__weight--normal\">\n\t\tDelegatieleider, vice-voorzitter Renew Europe\t<\/p>\t\t\t\t\t<\/div>\n\t\t\t\t\t\t\t\t<\/div>\n\t\t\t<\/a>\n\t\t<\/div>\n\t\t<\/div>\t\t<\/div>\n\t\t<div class=\"block-related-post-metadata__meta\">\n\t\t\t<div class=\"block-related-post-metadata__date\">\n\t\t\t\t06.04.2024<div class=\"post-share js-post-share rs_skip_always\">\n\t<button class=\"post-share__share-button js-post-share-share-button\">\n\t\tShare\t\t<svg xmlns='http:\/\/www.w3.org\/2000\/svg' width='100px' height='100px' viewBox='0 0 24 24' fill='none'><path d='m8.684 10.658 6.629-3.314m.003 9.314-6.622-3.311M21 6a3 3 0 1 1-6 0 3 3 0 0 1 6 0ZM9 12a3 3 0 1 1-6 0 3 3 0 0 1 6 0Zm12 6a3 3 0 1 1-6 0 3 3 0 0 1 6 0Z' stroke='currentColor' stroke-width='1.5' fill='none'\/><\/svg>\t<\/button>\n\t<dialog class=\"post-share__dialog js-post-share-dialog\" aria-hidden=\"true\">\n\t\t<div class=\"post-share__dialog-header\">\n\t\t\tShare this post\t\t\t<button class=\"post-share__dialog-close js-post-share-dialog-close\">\n\t\t\t\t<svg xmlns='http:\/\/www.w3.org\/2000\/svg' width='150' height='150' viewBox='0 0 150 150' fill='none'><path d='M44.103 105.897 75 75m30.898-30.898L75 75m0 0L44.103 44.102M75 75l30.898 30.897' stroke='currentColor' stroke-width='5' fill='none'\/><\/svg>\t\t\t<\/button>\n\t\t<\/div>\n\t\t<div class=\"post-share__dialog-socials\">\n\t\t\t\t\t\t\t\t\t\t\t<a class=\"post-share__dialog-item js-post-share-dialog-item\" href=\"#\" target=\"_blank\" data-copy=&quot;true&quot;>\n\t\t\t\t\tKopier link<svg xmlns='http:\/\/www.w3.org\/2000\/svg' width='150' height='150' viewBox='0 0 150 150' fill='none'><path d='M67.468 108.679c-8.533-.512-14.164-3.583-17.407-9.983-3.242-6.314-2.815-12.713 1.195-18.6 1.706-2.56 3.584-5.035 5.46-7.594 1.537-2.048 3.584-2.475 5.462-1.195 2.047 1.45 2.389 3.498.938 5.632-1.706 2.474-3.584 4.948-5.29 7.423-3.242 4.778-2.304 11.092 2.133 14.334 4.864 3.584 11.092 2.731 14.761-1.962 1.963-2.475 3.754-5.12 5.632-7.68 1.194-1.535 2.645-2.218 4.607-1.28 1.792.854 2.645 2.39 2.304 4.267 0 .17 0 .427-.17.597-3.67 5.12-6.4 11.178-12.544 13.993-2.56 1.195-5.46 1.707-6.996 2.219l-.085-.171Z' fill='currentColor'\/><path d='M86.921 44.6c6.144.257 11.605 3.328 14.932 9.728 3.328 6.399 2.816 12.798-1.109 18.856-1.621 2.56-3.498 4.95-5.29 7.424-1.707 2.303-3.754 2.815-5.717 1.45-2.048-1.45-2.304-3.669-.597-6.058 1.621-2.304 3.328-4.608 4.949-6.911 3.498-4.95 2.56-11.348-2.133-14.761-4.779-3.499-11.178-2.475-14.847 2.56-1.792 2.388-3.498 4.863-5.205 7.252-1.62 2.218-3.583 2.56-5.546 1.11-1.877-1.366-2.218-3.414-.768-5.462 2.048-2.986 4.01-5.972 6.314-8.703 3.67-4.351 8.448-6.399 15.103-6.399l-.086-.085Z' fill='currentColor'\/><path d='M71.478 88.457c-3.498-.341-5.46-3.413-3.754-6.143 3.327-5.29 6.825-10.495 10.324-15.7 1.45-2.133 3.413-2.389 5.46-1.109 1.878 1.28 2.219 3.413.854 5.546-3.328 5.034-6.57 9.983-9.983 14.932-.683 1.024-1.963 1.621-2.901 2.389v.085Z' fill='currentColor'\/><\/svg>\t\t\t\t<\/a>\n\t\t\t\t\t\t\t\t\t\t\t<a class=\"post-share__dialog-item js-post-share-dialog-item\" href=\"mailto:?to=%20&amp;body=https%3A%2F%2Fd66.nl%2Feuropa%2Fnieuws%2Fspeech-gerben-jan-gerbrandy-congres-119\" target=\"_blank\" >\n\t\t\t\t\tMail<svg xmlns='http:\/\/www.w3.org\/2000\/svg' width='40' height='40' viewBox='0 0 40 40' fill='none'><path d='M24.107 15.865a1 1 0 0 1 1.266 1.265l-1.686 5.052a1 1 0 0 1-1.654.392l-3.37-3.37a1.001 1.001 0 0 1 .392-1.654l5.052-1.685Z' fill='currentColor'\/><path d='m21.763 19.475-5.657 5.657' stroke='currentColor' stroke-width='2' stroke-linecap='round' fill='none'\/><\/svg>\t\t\t\t<\/a>\n\t\t\t\t\t\t\t\t\t\t\t<a class=\"post-share__dialog-item js-post-share-dialog-item\" href=\"https:\/\/www.linkedin.com\/sharing\/share-offsite\/?url=https%3A%2F%2Fd66.nl%2Feuropa%2Fnieuws%2Fspeech-gerben-jan-gerbrandy-congres-119\" target=\"_blank\" >\n\t\t\t\t\tLinkedIn<svg xmlns='http:\/\/www.w3.org\/2000\/svg' width='40' height='40' viewBox='0 0 40 40' fill='none'><path d='M24.107 15.865a1 1 0 0 1 1.266 1.265l-1.686 5.052a1 1 0 0 1-1.654.392l-3.37-3.37a1.001 1.001 0 0 1 .392-1.654l5.052-1.685Z' fill='currentColor'\/><path d='m21.763 19.475-5.657 5.657' stroke='currentColor' stroke-width='2' stroke-linecap='round' fill='none'\/><\/svg>\t\t\t\t<\/a>\n\t\t\t\t\t\t\t\t\t\t\t<a class=\"post-share__dialog-item js-post-share-dialog-item\" href=\"https:\/\/www.facebook.com\/sharer\/sharer.php?u=https%3A%2F%2Fd66.nl%2Feuropa%2Fnieuws%2Fspeech-gerben-jan-gerbrandy-congres-119\" target=\"_blank\" >\n\t\t\t\t\tFacebook<svg xmlns='http:\/\/www.w3.org\/2000\/svg' width='40' height='40' viewBox='0 0 40 40' fill='none'><path d='M24.107 15.865a1 1 0 0 1 1.266 1.265l-1.686 5.052a1 1 0 0 1-1.654.392l-3.37-3.37a1.001 1.001 0 0 1 .392-1.654l5.052-1.685Z' fill='currentColor'\/><path d='m21.763 19.475-5.657 5.657' stroke='currentColor' stroke-width='2' stroke-linecap='round' fill='none'\/><\/svg>\t\t\t\t<\/a>\n\t\t\t\t\t\t\t\t\t\t\t<a class=\"post-share__dialog-item js-post-share-dialog-item\" href=\"whatsapp:\/\/send?text=https%3A%2F%2Fd66.nl%2Feuropa%2Fnieuws%2Fspeech-gerben-jan-gerbrandy-congres-119\" target=\"_blank\" >\n\t\t\t\t\tWhatsApp<svg xmlns='http:\/\/www.w3.org\/2000\/svg' width='40' height='40' viewBox='0 0 40 40' fill='none'><path d='M24.107 15.865a1 1 0 0 1 1.266 1.265l-1.686 5.052a1 1 0 0 1-1.654.392l-3.37-3.37a1.001 1.001 0 0 1 .392-1.654l5.052-1.685Z' fill='currentColor'\/><path d='m21.763 19.475-5.657 5.657' stroke='currentColor' stroke-width='2' stroke-linecap='round' fill='none'\/><\/svg>\t\t\t\t<\/a>\n\t\t\t\t\t\t\t\t\t\t\t<a class=\"post-share__dialog-item js-post-share-dialog-item\" href=\"https:\/\/x.com\/intent\/post?url=https%3A%2F%2Fd66.nl%2Feuropa%2Fnieuws%2Fspeech-gerben-jan-gerbrandy-congres-119\" target=\"_blank\" >\n\t\t\t\t\tTwitter (X)<svg xmlns='http:\/\/www.w3.org\/2000\/svg' width='40' height='40' viewBox='0 0 40 40' fill='none'><path d='M24.107 15.865a1 1 0 0 1 1.266 1.265l-1.686 5.052a1 1 0 0 1-1.654.392l-3.37-3.37a1.001 1.001 0 0 1 .392-1.654l5.052-1.685Z' fill='currentColor'\/><path d='m21.763 19.475-5.657 5.657' stroke='currentColor' stroke-width='2' stroke-linecap='round' fill='none'\/><\/svg>\t\t\t\t<\/a>\n\t\t\t\t\t<\/div>\n\t<\/dialog>\n<\/div>\t\t\t<\/div>\n\t\t\t<div class=\"block-related-post-metadata__categories\">\n\t\t\t\t<div class=\"category-link__wrapper\">\n\t\t\t<div class=\"category-link__item\">\n\t\t\t<a href=\"https:\/\/d66.nl\/europa\/category\/europa\/\">\n\t\t\t\tEuropa\t\t\t<\/a>\n\t\t<\/div>\n\t\t<\/div>\t\t\t<\/div>\n\t\t<\/div>\n\t<\/div>\n<\/section>\n\t  <\/div>\n\t<\/div>\n  <\/div>\n\n\n<div\n  id=\"\"\n  class=\"wrapper  wrapper__spacing-bottom-large--50 wrapper__spacing-bottom-desktop--70 wrapper__spacing-bottom-mobile--50  wrapper__gutter--none\"\n  >\n  \t<div class=\"wrapper__container wrapper__container-width-large--default\">\n\t  <div class=\"wrapper__inner wrapper__width-large--18 wrapper__width-desktop--22 wrapper__width-mobile--24 wrapper__offset-large--6 wrapper__offset-desktop--2 wrapper__offset-mobile--0\">\n\t\t<section class=\"block-post-content\">\n\t<div class=\"block-post-content__title\">\n\t\t<h3 class=\"heading  heading__color--black heading__size--medium heading__font--sans heading__weight--bold  block-post-content__heading\" id=\"nav-6217\" data-nav-heading-mobile=\"\">\n\t<\/h3>\t<\/div>\n\t<div class=\"block-post-content__content\">\n\t\t\n<div\n  id=\"\"\n  class=\"wrapper  wrapper__spacing-bottom-large--30 wrapper__spacing-bottom-desktop--20  wrapper__gutter--none\"\n  >\n  \t<div class=\"wrapper__container wrapper__container-width-large--default\">\n\t  <div class=\"wrapper__inner wrapper__width-large--24 wrapper__width-mobile--24\">\n\t\t<p\n\t\tclass=\"paragraph paragraph__align--left paragraph__color--black paragraph__size--default   block-paragraph__paragraph\"\n\t\t\t>\n\t\tBeste Democraten, we weten allemaal dat deze verkiezingen zich afspelen in een totaal nieuwe realiteit.<br>\u00a0<br>Er raast een oorlog langs de randen van de Europese Unie. En er hangt een donkere wolk boven ons continent. We moeten opstaan tegen partijen die de rechtsstaat afbreken.\u00a0<br>\u00a0<br>Een les die ik z\u00e9lf heb geleerd is dat onze democratische verworvenheden n\u00f3oit vanzelfsprekend zijn.<br>\u00a0<br>Als twintiger bezocht ik een vriend in Bratislava. Nu de hoofdstad van Slowakije, maar al eeuwenlang een kruispunt van Europese culturen.<br>\u00a0<br>Mijn vriend Joszef was Slowaak, behorend tot de Hongaarse minderheid, en hij genoot in 1995 pas een paar jaar van de vrijheid die wij in het westen vanzelfsprekend vinden<em>.\u00a0<\/em><br>\u00a0<br>Wandelend door een zonnig Bratislava vertelde deze leeftijdsgenoot mij verhalen die ik vroeger van de generatie van mijn grootouders over de Duitse bezetting hoorde.<br>De krantenwinkel, waar illegaal westerse kranten werden verkocht,\u00a0<br>het cafe waar het studentenverzet bijeen kwam,\u00a0<br>en de statige schouwburg, waar opgepakte leden van het verzet gevangen zaten. Dierbare vrienden van Joszef.\u00a0<br>\u00a0<br>Die wandeling door een stad die na decennia dictatuur weer opleefde, die de nieuwe vrijheid uitbundig vierde, maakte op mij een diepe, blijvende indruk.\u00a0<br>\u00a0<br>Een leven in angst, geen bescherming tegen willekeur van de overheid. Het zijn \u2013 helaas \u2013 geen spoken uit het verleden die we 80 jaar geleden definitief hebben verslagen. Ze zijn nu nog steeds aan de orde van de dag.<br>\u00a0<br>De agressie van Poetin en een steeds assertiever China laten zien dat de antidemocratische krachten aan invloed winnen op het wereldtoneel.<br>St\u00e9rker nog, ook binnen onze \u00e9igen Europese grenzen heeft een autocratisch leider in Hongarije al jaren de touwtjes in handen.\u00a0<br>\u00a0<br>M\u00edj\u0301n zorg is dat Orban straks samen met Wilders, le Pen en Meloni diezelfde sloophamer in Europa gaat hanteren.\u00a0\u00a0<br>\u00a0<br>Europa is niet van nature immuun voor autoritair gedachtegoed. Onze democratie is kwetsbaar, verre van zelfsprekend.<br>En d\u00e1t terwijl democratie de bel\u00e1ngrijkste voorwaarde is voor onze welvaart, vrijheid en veiligheid.\u00a0<br>D\u00e1t is precies waar de Europese verkiezingen van 6 juni over gaan!!<br>\u00a0<br>Willen wij in ongekende vrijheid en welvaart blijven leven? Of laten wij onze toekomst gijzelen door de valse beloftes van extreemrechts?\u00a0<br>Ik vind het daarom volstr\u00e9kt onverantwoord dat partijen als de VVD een knieval maken voor extreemrechts, en dit afbraakbeleid mogelijk maken.<br>Congres, wij zijn \u00e9chte liberalen. In onze N\u00e9derlandse traditie, in onze Europese samenwerking. En laat duidelijk zijn: \u00a0\u00e9chte liberalen verd\u00e9digen onze Europese waarden, verd\u00e9digen onze vrijheid. Wij zullen daarom n\u00f3\u00f3it samenwerken met extreem-rechts, en \u00e9chte liberalen zijn welkom bij D66!!<br>\u00a0<br>Wij zijn als D66\u2019ers vaak ongeduldig, verandering gaat ons zelden snel genoeg. Maar verandering kost tijd. Het heeft ook tijd gekost om Europa de goede koers op te sturen.<br>\u00a0<br>B\u00f3uwen duurt lang maar wij weten ook dat slopen snel kan gaan. De progressieve koers die wij in Nederland en Europa hebben ingezet, is z\u00f3 weer onderuit gehaald. Onder de dreiging van extreemrechts zien we n\u00fa al dat conservatieve partijen zand in de motor strooien.\u00a0<br>\u00a0<br>Het slopen van de natuurherstelwet was voor mij persoonlijk d\u00e9 aanleiding om de politieke handschoen weer op te pakken.<br>\u00a0<br>Als zoon van twee biologen weet ik hoe mooi, maar ook hoe kwetsbaar de natuur is. En hoe belangrijk voor de mens. Wij kunnen simpelweg niet zonder.\u00a0<br>\u00a0<br>Die natuurherstelwet staat niet op zichzelf, maar is een symbool voor iets groters. Voor een radicale, noodzakelijke verandering in ons denken over hoe wij met onze planeet omgaan.<br>\u00a0<br>Klimaatverandering en verlies aan biodiversiteit dwingen ons onze economie fundamenteel te veranderen.<br>Dat klinkt voor sommigen misschien bedreigend, maar voor ons spannend, uitdagend, en, als de enige weg vooruit.<br>\u00a0<br>De economie van morgen zal h\u00f3e dan ook groen zijn. En dat biedt juist k\u00e1nsen. Kansen ook voor onze Nederlandse innovatieve ondernemers. Maar dan moeten we die w\u00e9l pakken.<br>\u00a0<br>Voor m\u00edj\u0301 is het duidelijk: wie groen beleid door de shredder wil halen, vernietigt ook het loonstrookje van morgen!!<br>\u00a0<br>De grote economische uitdaging is dus niet hoe we beho\u00faden wat we hebben, maar hoe we de transities die over de wereld razen \u00e1anjagen.<br>Wat D66 betreft wordt Europa niet afhankelijk van groene technologie uit China en kunstmatige intelligentie uit de Verenigde Staten, maar loopt het zelf voorop.\u00a0<br>Want een krachtige democratie en een leven in vrijheid vragen ook om een florerende economie.\u00a0<br>\u00a0<br>Het moge duidelijk zijn: het worden cruciale jaren in het Europees Parlement. In deze veranderende wereld moet Europa eensgezinder zijn.<br>\u00a0<br>Geen 27 koninkrijkjes, maar \u00e9\u00e9n wereldmacht.<br>Dat dankzij haar kracht niet bedr\u00e9igd wordt door anderen, maar bew\u00f3nderd om haar democratie, individuele vrijheden en kwaliteit van leven.\u00a0<br>Voor d\u00e1t Europa gaan we in juni naar de stembus.\u00a0<br>\u00a0<br>Ik ga er alles aan doen, samen met de andere kandidaten en met jullie, om te zorgen dat we Nederland overtuigen van dit verhaal. Niet aan de kant blijven staan. Sta op, laat je horen en doe mee. Meld je vandaag nog bij je lokale afdeling, ga de straat op, overtuig de buren, je vrienden en familie om \u00f3ok D66 te stemmen.\u00a0<br>\u00a0<br>Want ik wil dat straks een Oekra\u00efense Jozsef met onze kinderen door een zonnig en vredig\u00a0Marioepol kan wandelen.\t<\/p>\t  <\/div>\n\t<\/div>\n  <\/div>\n\n\t<\/div>\n\n\t<div class=\"block-post-content__sidebar\">\n\t\t\n\t\t\n\t\t\t<\/div>\n<\/section>\n\t  <\/div>\n\t<\/div>\n  <\/div>\n","protected":false},"excerpt":{"rendered":"","protected":false},"author":6,"featured_media":334,"comment_status":"open","ping_status":"open","sticky":false,"template":"","format":"standard","meta":{"_acf_changed":false,"footnotes":""},"categories":[1],"labels":[],"search-tags":[],"class_list":["post-308","post","type-post","status-publish","format-standard","has-post-thumbnail","hentry","category-europa"],"acf":[],"yoast_head":"<!-- This site is optimized with the Yoast SEO plugin v27.3 - https:\/\/yoast.com\/product\/yoast-seo-wordpress\/ -->\n<title>Speech lijsttrekker Gerbrandy: Sterk Europa voor Nederland (congres 119) - D66 Europa<\/title>\n<meta name=\"robots\" content=\"index, follow, max-snippet:-1, max-image-preview:large, max-video-preview:-1\" \/>\n<link rel=\"canonical\" href=\"https:\/\/d66.nl\/europa\/nieuws\/speech-gerben-jan-gerbrandy-congres-119\" \/>\n<meta property=\"og:locale\" content=\"nl_NL\" \/>\n<meta property=\"og:type\" content=\"article\" \/>\n<meta property=\"og:title\" content=\"Speech lijsttrekker Gerbrandy: Sterk Europa voor Nederland (congres 119) - D66 Europa\" \/>\n<meta property=\"og:url\" content=\"https:\/\/d66.nl\/europa\/nieuws\/speech-gerben-jan-gerbrandy-congres-119\/\" \/>\n<meta property=\"og:site_name\" content=\"D66 Europa\" \/>\n<meta property=\"article:published_time\" content=\"2024-04-06T15:35:00+00:00\" \/>\n<meta property=\"article:modified_time\" content=\"2024-05-30T18:06:51+00:00\" \/>\n<meta property=\"og:image\" content=\"https:\/\/d66.nl\/europa\/wp-content\/uploads\/sites\/434\/2024\/04\/d66-gerben-jan-gerbrandy-congrestoespraak.jpg\" \/>\n\t<meta property=\"og:image:width\" content=\"1920\" \/>\n\t<meta property=\"og:image:height\" content=\"1080\" \/>\n\t<meta property=\"og:image:type\" content=\"image\/jpeg\" \/>\n<meta name=\"author\" content=\"benjamin-buurman\" \/>\n<meta name=\"twitter:card\" content=\"summary_large_image\" \/>\n<meta name=\"twitter:label1\" content=\"Geschreven door\" \/>\n\t<meta name=\"twitter:data1\" content=\"benjamin-buurman\" \/>\n<script type=\"application\/ld+json\" class=\"yoast-schema-graph\">{\"@context\":\"https:\\\/\\\/schema.org\",\"@graph\":[{\"@type\":\"Article\",\"@id\":\"https:\\\/\\\/d66.nl\\\/europa\\\/nieuws\\\/speech-gerben-jan-gerbrandy-congres-119\\\/#article\",\"isPartOf\":{\"@id\":\"https:\\\/\\\/d66.nl\\\/europa\\\/nieuws\\\/speech-gerben-jan-gerbrandy-congres-119\\\/\"},\"author\":{\"name\":\"benjamin-buurman\",\"@id\":\"https:\\\/\\\/d66.nl\\\/europa\\\/#\\\/schema\\\/person\\\/137ec0b269b901ab78c287e2b7a583a5\"},\"headline\":\"Speech lijsttrekker Gerbrandy: Sterk Europa voor Nederland (congres 119)\",\"datePublished\":\"2024-04-06T15:35:00+00:00\",\"dateModified\":\"2024-05-30T18:06:51+00:00\",\"mainEntityOfPage\":{\"@id\":\"https:\\\/\\\/d66.nl\\\/europa\\\/nieuws\\\/speech-gerben-jan-gerbrandy-congres-119\\\/\"},\"wordCount\":8,\"commentCount\":0,\"image\":{\"@id\":\"https:\\\/\\\/d66.nl\\\/europa\\\/nieuws\\\/speech-gerben-jan-gerbrandy-congres-119\\\/#primaryimage\"},\"thumbnailUrl\":\"https:\\\/\\\/d66.nl\\\/europa\\\/wp-content\\\/uploads\\\/sites\\\/434\\\/2024\\\/04\\\/d66-gerben-jan-gerbrandy-congrestoespraak.jpg\",\"articleSection\":[\"Europa\"],\"inLanguage\":\"nl-NL\",\"potentialAction\":[{\"@type\":\"CommentAction\",\"name\":\"Comment\",\"target\":[\"https:\\\/\\\/d66.nl\\\/europa\\\/nieuws\\\/speech-gerben-jan-gerbrandy-congres-119\\\/#respond\"]}]},{\"@type\":\"WebPage\",\"@id\":\"https:\\\/\\\/d66.nl\\\/europa\\\/nieuws\\\/speech-gerben-jan-gerbrandy-congres-119\\\/\",\"url\":\"https:\\\/\\\/d66.nl\\\/europa\\\/nieuws\\\/speech-gerben-jan-gerbrandy-congres-119\\\/\",\"name\":\"Speech lijsttrekker Gerbrandy: Sterk Europa voor Nederland (congres 119) - D66 Europa\",\"isPartOf\":{\"@id\":\"https:\\\/\\\/d66.nl\\\/europa\\\/#website\"},\"primaryImageOfPage\":{\"@id\":\"https:\\\/\\\/d66.nl\\\/europa\\\/nieuws\\\/speech-gerben-jan-gerbrandy-congres-119\\\/#primaryimage\"},\"image\":{\"@id\":\"https:\\\/\\\/d66.nl\\\/europa\\\/nieuws\\\/speech-gerben-jan-gerbrandy-congres-119\\\/#primaryimage\"},\"thumbnailUrl\":\"https:\\\/\\\/d66.nl\\\/europa\\\/wp-content\\\/uploads\\\/sites\\\/434\\\/2024\\\/04\\\/d66-gerben-jan-gerbrandy-congrestoespraak.jpg\",\"datePublished\":\"2024-04-06T15:35:00+00:00\",\"dateModified\":\"2024-05-30T18:06:51+00:00\",\"author\":{\"@id\":\"https:\\\/\\\/d66.nl\\\/europa\\\/#\\\/schema\\\/person\\\/137ec0b269b901ab78c287e2b7a583a5\"},\"breadcrumb\":{\"@id\":\"https:\\\/\\\/d66.nl\\\/europa\\\/nieuws\\\/speech-gerben-jan-gerbrandy-congres-119\\\/#breadcrumb\"},\"inLanguage\":\"nl-NL\",\"potentialAction\":[{\"@type\":\"ReadAction\",\"target\":[\"https:\\\/\\\/d66.nl\\\/europa\\\/nieuws\\\/speech-gerben-jan-gerbrandy-congres-119\\\/\"]}]},{\"@type\":\"ImageObject\",\"inLanguage\":\"nl-NL\",\"@id\":\"https:\\\/\\\/d66.nl\\\/europa\\\/nieuws\\\/speech-gerben-jan-gerbrandy-congres-119\\\/#primaryimage\",\"url\":\"https:\\\/\\\/d66.nl\\\/europa\\\/wp-content\\\/uploads\\\/sites\\\/434\\\/2024\\\/04\\\/d66-gerben-jan-gerbrandy-congrestoespraak.jpg\",\"contentUrl\":\"https:\\\/\\\/d66.nl\\\/europa\\\/wp-content\\\/uploads\\\/sites\\\/434\\\/2024\\\/04\\\/d66-gerben-jan-gerbrandy-congrestoespraak.jpg\",\"width\":1920,\"height\":1080},{\"@type\":\"BreadcrumbList\",\"@id\":\"https:\\\/\\\/d66.nl\\\/europa\\\/nieuws\\\/speech-gerben-jan-gerbrandy-congres-119\\\/#breadcrumb\",\"itemListElement\":[{\"@type\":\"ListItem\",\"position\":1,\"name\":\"Home\",\"item\":\"https:\\\/\\\/d66.nl\\\/europa\\\/\"},{\"@type\":\"ListItem\",\"position\":2,\"name\":\"Nieuws\",\"item\":\"https:\\\/\\\/d66.nl\\\/europa\\\/nieuws\\\/\"},{\"@type\":\"ListItem\",\"position\":3,\"name\":\"Speech lijsttrekker Gerbrandy: Sterk Europa voor Nederland (congres 119)\"}]},{\"@type\":\"WebSite\",\"@id\":\"https:\\\/\\\/d66.nl\\\/europa\\\/#website\",\"url\":\"https:\\\/\\\/d66.nl\\\/europa\\\/\",\"name\":\"D66 Europa\",\"description\":\"\u2060Het kan w\u00e9l\",\"potentialAction\":[{\"@type\":\"SearchAction\",\"target\":{\"@type\":\"EntryPoint\",\"urlTemplate\":\"https:\\\/\\\/d66.nl\\\/europa\\\/?s={search_term_string}\"},\"query-input\":{\"@type\":\"PropertyValueSpecification\",\"valueRequired\":true,\"valueName\":\"search_term_string\"}}],\"inLanguage\":\"nl-NL\"},{\"@type\":\"Person\",\"@id\":\"https:\\\/\\\/d66.nl\\\/europa\\\/#\\\/schema\\\/person\\\/137ec0b269b901ab78c287e2b7a583a5\",\"name\":\"benjamin-buurman\",\"image\":{\"@type\":\"ImageObject\",\"inLanguage\":\"nl-NL\",\"@id\":\"https:\\\/\\\/secure.gravatar.com\\\/avatar\\\/1c27693b8fcd12f5b22b275136c4592ca6ffdb3211f92760cbfef0db6f9c16d1?s=96&d=mm&r=g\",\"url\":\"https:\\\/\\\/secure.gravatar.com\\\/avatar\\\/1c27693b8fcd12f5b22b275136c4592ca6ffdb3211f92760cbfef0db6f9c16d1?s=96&d=mm&r=g\",\"contentUrl\":\"https:\\\/\\\/secure.gravatar.com\\\/avatar\\\/1c27693b8fcd12f5b22b275136c4592ca6ffdb3211f92760cbfef0db6f9c16d1?s=96&d=mm&r=g\",\"caption\":\"benjamin-buurman\"}}]}<\/script>\n<!-- \/ Yoast SEO plugin. -->","yoast_head_json":{"title":"Speech lijsttrekker Gerbrandy: Sterk Europa voor Nederland (congres 119) - D66 Europa","robots":{"index":"index","follow":"follow","max-snippet":"max-snippet:-1","max-image-preview":"max-image-preview:large","max-video-preview":"max-video-preview:-1"},"canonical":"https:\/\/d66.nl\/europa\/nieuws\/speech-gerben-jan-gerbrandy-congres-119","og_locale":"nl_NL","og_type":"article","og_title":"Speech lijsttrekker Gerbrandy: Sterk Europa voor Nederland (congres 119) - D66 Europa","og_url":"https:\/\/d66.nl\/europa\/nieuws\/speech-gerben-jan-gerbrandy-congres-119\/","og_site_name":"D66 Europa","article_published_time":"2024-04-06T15:35:00+00:00","article_modified_time":"2024-05-30T18:06:51+00:00","og_image":[{"width":1920,"height":1080,"url":"https:\/\/d66.nl\/europa\/wp-content\/uploads\/sites\/434\/2024\/04\/d66-gerben-jan-gerbrandy-congrestoespraak.jpg","type":"image\/jpeg"}],"author":"benjamin-buurman","twitter_card":"summary_large_image","twitter_misc":{"Geschreven door":"benjamin-buurman"},"schema":{"@context":"https:\/\/schema.org","@graph":[{"@type":"Article","@id":"https:\/\/d66.nl\/europa\/nieuws\/speech-gerben-jan-gerbrandy-congres-119\/#article","isPartOf":{"@id":"https:\/\/d66.nl\/europa\/nieuws\/speech-gerben-jan-gerbrandy-congres-119\/"},"author":{"name":"benjamin-buurman","@id":"https:\/\/d66.nl\/europa\/#\/schema\/person\/137ec0b269b901ab78c287e2b7a583a5"},"headline":"Speech lijsttrekker Gerbrandy: Sterk Europa voor Nederland (congres 119)","datePublished":"2024-04-06T15:35:00+00:00","dateModified":"2024-05-30T18:06:51+00:00","mainEntityOfPage":{"@id":"https:\/\/d66.nl\/europa\/nieuws\/speech-gerben-jan-gerbrandy-congres-119\/"},"wordCount":8,"commentCount":0,"image":{"@id":"https:\/\/d66.nl\/europa\/nieuws\/speech-gerben-jan-gerbrandy-congres-119\/#primaryimage"},"thumbnailUrl":"https:\/\/d66.nl\/europa\/wp-content\/uploads\/sites\/434\/2024\/04\/d66-gerben-jan-gerbrandy-congrestoespraak.jpg","articleSection":["Europa"],"inLanguage":"nl-NL","potentialAction":[{"@type":"CommentAction","name":"Comment","target":["https:\/\/d66.nl\/europa\/nieuws\/speech-gerben-jan-gerbrandy-congres-119\/#respond"]}]},{"@type":"WebPage","@id":"https:\/\/d66.nl\/europa\/nieuws\/speech-gerben-jan-gerbrandy-congres-119\/","url":"https:\/\/d66.nl\/europa\/nieuws\/speech-gerben-jan-gerbrandy-congres-119\/","name":"Speech lijsttrekker Gerbrandy: Sterk Europa voor Nederland (congres 119) - D66 Europa","isPartOf":{"@id":"https:\/\/d66.nl\/europa\/#website"},"primaryImageOfPage":{"@id":"https:\/\/d66.nl\/europa\/nieuws\/speech-gerben-jan-gerbrandy-congres-119\/#primaryimage"},"image":{"@id":"https:\/\/d66.nl\/europa\/nieuws\/speech-gerben-jan-gerbrandy-congres-119\/#primaryimage"},"thumbnailUrl":"https:\/\/d66.nl\/europa\/wp-content\/uploads\/sites\/434\/2024\/04\/d66-gerben-jan-gerbrandy-congrestoespraak.jpg","datePublished":"2024-04-06T15:35:00+00:00","dateModified":"2024-05-30T18:06:51+00:00","author":{"@id":"https:\/\/d66.nl\/europa\/#\/schema\/person\/137ec0b269b901ab78c287e2b7a583a5"},"breadcrumb":{"@id":"https:\/\/d66.nl\/europa\/nieuws\/speech-gerben-jan-gerbrandy-congres-119\/#breadcrumb"},"inLanguage":"nl-NL","potentialAction":[{"@type":"ReadAction","target":["https:\/\/d66.nl\/europa\/nieuws\/speech-gerben-jan-gerbrandy-congres-119\/"]}]},{"@type":"ImageObject","inLanguage":"nl-NL","@id":"https:\/\/d66.nl\/europa\/nieuws\/speech-gerben-jan-gerbrandy-congres-119\/#primaryimage","url":"https:\/\/d66.nl\/europa\/wp-content\/uploads\/sites\/434\/2024\/04\/d66-gerben-jan-gerbrandy-congrestoespraak.jpg","contentUrl":"https:\/\/d66.nl\/europa\/wp-content\/uploads\/sites\/434\/2024\/04\/d66-gerben-jan-gerbrandy-congrestoespraak.jpg","width":1920,"height":1080},{"@type":"BreadcrumbList","@id":"https:\/\/d66.nl\/europa\/nieuws\/speech-gerben-jan-gerbrandy-congres-119\/#breadcrumb","itemListElement":[{"@type":"ListItem","position":1,"name":"Home","item":"https:\/\/d66.nl\/europa\/"},{"@type":"ListItem","position":2,"name":"Nieuws","item":"https:\/\/d66.nl\/europa\/nieuws\/"},{"@type":"ListItem","position":3,"name":"Speech lijsttrekker Gerbrandy: Sterk Europa voor Nederland (congres 119)"}]},{"@type":"WebSite","@id":"https:\/\/d66.nl\/europa\/#website","url":"https:\/\/d66.nl\/europa\/","name":"D66 Europa","description":"\u2060Het kan w\u00e9l","potentialAction":[{"@type":"SearchAction","target":{"@type":"EntryPoint","urlTemplate":"https:\/\/d66.nl\/europa\/?s={search_term_string}"},"query-input":{"@type":"PropertyValueSpecification","valueRequired":true,"valueName":"search_term_string"}}],"inLanguage":"nl-NL"},{"@type":"Person","@id":"https:\/\/d66.nl\/europa\/#\/schema\/person\/137ec0b269b901ab78c287e2b7a583a5","name":"benjamin-buurman","image":{"@type":"ImageObject","inLanguage":"nl-NL","@id":"https:\/\/secure.gravatar.com\/avatar\/1c27693b8fcd12f5b22b275136c4592ca6ffdb3211f92760cbfef0db6f9c16d1?s=96&d=mm&r=g","url":"https:\/\/secure.gravatar.com\/avatar\/1c27693b8fcd12f5b22b275136c4592ca6ffdb3211f92760cbfef0db6f9c16d1?s=96&d=mm&r=g","contentUrl":"https:\/\/secure.gravatar.com\/avatar\/1c27693b8fcd12f5b22b275136c4592ca6ffdb3211f92760cbfef0db6f9c16d1?s=96&d=mm&r=g","caption":"benjamin-buurman"}}]}},"_links":{"self":[{"href":"https:\/\/d66.nl\/europa\/wp-json\/wp\/v2\/posts\/308","targetHints":{"allow":["GET"]}}],"collection":[{"href":"https:\/\/d66.nl\/europa\/wp-json\/wp\/v2\/posts"}],"about":[{"href":"https:\/\/d66.nl\/europa\/wp-json\/wp\/v2\/types\/post"}],"author":[{"embeddable":true,"href":"https:\/\/d66.nl\/europa\/wp-json\/wp\/v2\/users\/6"}],"replies":[{"embeddable":true,"href":"https:\/\/d66.nl\/europa\/wp-json\/wp\/v2\/comments?post=308"}],"version-history":[{"count":10,"href":"https:\/\/d66.nl\/europa\/wp-json\/wp\/v2\/posts\/308\/revisions"}],"predecessor-version":[{"id":582,"href":"https:\/\/d66.nl\/europa\/wp-json\/wp\/v2\/posts\/308\/revisions\/582"}],"wp:featuredmedia":[{"embeddable":true,"href":"https:\/\/d66.nl\/europa\/wp-json\/wp\/v2\/media\/334"}],"wp:attachment":[{"href":"https:\/\/d66.nl\/europa\/wp-json\/wp\/v2\/media?parent=308"}],"wp:term":[{"taxonomy":"category","embeddable":true,"href":"https:\/\/d66.nl\/europa\/wp-json\/wp\/v2\/categories?post=308"},{"taxonomy":"labels","embeddable":true,"href":"https:\/\/d66.nl\/europa\/wp-json\/wp\/v2\/labels?post=308"},{"taxonomy":"search-tags","embeddable":true,"href":"https:\/\/d66.nl\/europa\/wp-json\/wp\/v2\/search-tags?post=308"}],"curies":[{"name":"wp","href":"https:\/\/api.w.org\/{rel}","templated":true}]}}