{"id":1554,"date":"2026-04-21T09:52:34","date_gmt":"2026-04-21T09:52:34","guid":{"rendered":"https:\/\/d66.nl\/europa\/nieuws\/"},"modified":"2026-04-22T08:03:42","modified_gmt":"2026-04-22T08:03:42","slug":"europanacht","status":"publish","type":"post","link":"https:\/\/d66.nl\/europa\/nieuws\/europanacht","title":{"rendered":"Kom naar de Nacht van Europa"},"content":{"rendered":"<div\n  id=\"\"\n  class=\"wrapper  wrapper__spacing-bottom-large--30 wrapper__spacing-bottom-desktop--20 wrapper__spacing-bottom-mobile--20  wrapper__gutter--none\"\n  >\n  \t<div class=\"wrapper__container wrapper__container-width-large--default\">\n\t  <div class=\"wrapper__inner wrapper__width-large--14 wrapper__width-desktop--20 wrapper__width-mobile--24 wrapper__offset-large--6 wrapper__offset-desktop--2 wrapper__offset-mobile--0\">\n\t\t<h1 class=\"heading   heading__size--giant heading__font--serif heading__weight--regular  block-heading__heading\" id=\"nav-kom-naar-de-nacht-van-europa845\"  data-nav-heading-mobile=\"Kom naar de Nacht van Europa\" >\n\tKom naar de Nacht van Europa<\/h1>\t  <\/div>\n\t<\/div>\n  <\/div>\n\n\n<div\n  id=\"\"\n  class=\"wrapper  wrapper__spacing-bottom-large--20 wrapper__spacing-bottom-desktop--10 wrapper__spacing-bottom-mobile--10  wrapper__gutter--none\"\n  >\n  \t<div class=\"wrapper__container wrapper__container-width-large--default\">\n\t  <div class=\"wrapper__inner wrapper__width-large--13 wrapper__width-desktop--20 wrapper__width-mobile--24 wrapper__offset-large--6 wrapper__offset-desktop--2 wrapper__offset-mobile--0\">\n\t\t<p\n\t\tclass=\"paragraph   paragraph__size--big   block-paragraph__paragraph\"\n\t\t\t>\n\t\t<strong>Op vrijdag 8 mei komen we samen in Caf\u00e9 Noorderlicht in Amsterdam om de nacht van Europa te vieren, aan de vooravond van Europadag. Omdat Europa ons vrede en vrijheid biedt en het vieren waard is<\/strong>!\t<\/p>\t  <\/div>\n\t<\/div>\n  <\/div>\n\n\n<div\n  id=\"\"\n  class=\"wrapper wrapper__spacing-top-large--30 wrapper__spacing-top-desktop--10 wrapper__spacing-top-mobile--10 wrapper__spacing-bottom-large--30 wrapper__spacing-bottom-desktop--10 wrapper__spacing-bottom-mobile--10  wrapper__gutter--none\"\n  >\n  \t<div class=\"wrapper__container wrapper__container-width-large--default\">\n\t  <div class=\"wrapper__inner wrapper__width-large--24 wrapper__width-mobile--24\">\n\t\t<section class=\"block-video\">\n\t<div\n\t\tclass=\"block-video__video-wrapper\"\n\t\tstyle=\"background-image: url('https:\/\/media.d66.nl\/uploads\/sites\/434\/2026\/04\/IMG_1249.jpg')\"\n\t>\n\t\t\t<\/div>\n\n\t\t\t<div class=\"block-video__caption-wrapper\">\n\t\t\t<div class=\"block-video__caption\">\n\t\t\t\t<p class=\"paragraph paragraph__align--left paragraph__color--black paragraph__size--small paragraph__weight--medium\">\n\t\tBeeld: D66 Europa\t<\/p>\t\t\t<\/div>\n\t\t<\/div>\n\t\n<\/section>\n\n\t  <\/div>\n\t<\/div>\n  <\/div>\n\n\n<div\n  id=\"\"\n  class=\"wrapper  wrapper__spacing-bottom-large--20 wrapper__spacing-bottom-desktop--50 wrapper__spacing-bottom-mobile--10  wrapper__gutter--none\"\n  >\n  \t<div class=\"wrapper__container wrapper__container-width-large--default\">\n\t  <div class=\"wrapper__inner wrapper__width-large--14 wrapper__width-desktop--24 wrapper__width-mobile--24 wrapper__offset-large--6 wrapper__offset-desktop--2 wrapper__offset-mobile--0\">\n\t\t<section class=\"block-related-post-metadata js-block-related-post-metadata\">\n\t<div class=\"block-related-post-metadata__content-wrapper\">\n\t\t<div class=\"block-related-post-metadata__persons\">\n\t\t\t<div class=\"related-person-info__wrapper\">\n\t\t\t<div class=\"related-person-info__item related-person-info__color--yellow\">\n\t\t\t<a class=\"related-person-info__link\" href=\"https:\/\/d66.nl\/europa\/mensen\/gerben-jan-gerbrandy\/\">\n\t\t\t\t<div class=\"related-person-info__image_container\">\n\t\t\t\t<img loading=\"lazy\" decoding=\"async\" width=\"150\" height=\"150\" src=\"https:\/\/d66.nl\/europa\/wp-content\/uploads\/sites\/434\/2024\/04\/d66-gerben-jan-gerbrandywv-150x150.jpg\" class=\"related-person-info__image\" alt=\"\" \/>\t\t\t\t<\/div>\n\t\t\t\t<div class=\"related-person-info__meta\">\n\t\t\t\t\t\t\t\t\t<header class=\"related-person-info__header\">\n\t\t\t\t\t\t<h3 class=\"heading   heading__size--small heading__font--sans heading__weight--bold\" id=\"nav-gerben-jan-gerbrandy3087\">\n\tGerben-Jan Gerbrandy<\/h3>\t\t\t\t\t<\/header>\n\t\t\t\t\t\t\t\t\t\t\t\t\t<div class=\"related-person-info__description\">\n\t\t\t\t\t\t<p class=\"paragraph   paragraph__size--small paragraph__weight--normal\">\n\t\tDelegatieleider, vice-voorzitter Renew Europe\t<\/p>\t\t\t\t\t<\/div>\n\t\t\t\t\t\t\t\t<\/div>\n\t\t\t<\/a>\n\t\t<\/div>\n\t\t<\/div>\t\t<\/div>\n\t\t<div class=\"block-related-post-metadata__meta\">\n\t\t\t<div class=\"block-related-post-metadata__date\">\n\t\t\t\t21.04.2026<div class=\"post-share js-post-share rs_skip_always\">\n\t<button class=\"post-share__share-button js-post-share-share-button\">\n\t\tShare\t\t<svg xmlns='http:\/\/www.w3.org\/2000\/svg' width='100px' height='100px' viewBox='0 0 24 24' fill='none'><path d='m8.684 10.658 6.629-3.314m.003 9.314-6.622-3.311M21 6a3 3 0 1 1-6 0 3 3 0 0 1 6 0ZM9 12a3 3 0 1 1-6 0 3 3 0 0 1 6 0Zm12 6a3 3 0 1 1-6 0 3 3 0 0 1 6 0Z' stroke='currentColor' stroke-width='1.5' fill='none'\/><\/svg>\t<\/button>\n\t<dialog class=\"post-share__dialog js-post-share-dialog\" aria-hidden=\"true\">\n\t\t<div class=\"post-share__dialog-header\">\n\t\t\tShare this post\t\t\t<button class=\"post-share__dialog-close js-post-share-dialog-close\">\n\t\t\t\t<svg xmlns='http:\/\/www.w3.org\/2000\/svg' width='150' height='150' viewBox='0 0 150 150' fill='none'><path d='M44.103 105.897 75 75m30.898-30.898L75 75m0 0L44.103 44.102M75 75l30.898 30.897' stroke='currentColor' stroke-width='5' fill='none'\/><\/svg>\t\t\t<\/button>\n\t\t<\/div>\n\t\t<div class=\"post-share__dialog-socials\">\n\t\t\t\t\t\t\t\t\t\t\t<a class=\"post-share__dialog-item js-post-share-dialog-item\" href=\"#\" target=\"_blank\" data-copy=&quot;true&quot;>\n\t\t\t\t\tKopier link<svg xmlns='http:\/\/www.w3.org\/2000\/svg' width='150' height='150' viewBox='0 0 150 150' fill='none'><path d='M67.468 108.679c-8.533-.512-14.164-3.583-17.407-9.983-3.242-6.314-2.815-12.713 1.195-18.6 1.706-2.56 3.584-5.035 5.46-7.594 1.537-2.048 3.584-2.475 5.462-1.195 2.047 1.45 2.389 3.498.938 5.632-1.706 2.474-3.584 4.948-5.29 7.423-3.242 4.778-2.304 11.092 2.133 14.334 4.864 3.584 11.092 2.731 14.761-1.962 1.963-2.475 3.754-5.12 5.632-7.68 1.194-1.535 2.645-2.218 4.607-1.28 1.792.854 2.645 2.39 2.304 4.267 0 .17 0 .427-.17.597-3.67 5.12-6.4 11.178-12.544 13.993-2.56 1.195-5.46 1.707-6.996 2.219l-.085-.171Z' fill='currentColor'\/><path d='M86.921 44.6c6.144.257 11.605 3.328 14.932 9.728 3.328 6.399 2.816 12.798-1.109 18.856-1.621 2.56-3.498 4.95-5.29 7.424-1.707 2.303-3.754 2.815-5.717 1.45-2.048-1.45-2.304-3.669-.597-6.058 1.621-2.304 3.328-4.608 4.949-6.911 3.498-4.95 2.56-11.348-2.133-14.761-4.779-3.499-11.178-2.475-14.847 2.56-1.792 2.388-3.498 4.863-5.205 7.252-1.62 2.218-3.583 2.56-5.546 1.11-1.877-1.366-2.218-3.414-.768-5.462 2.048-2.986 4.01-5.972 6.314-8.703 3.67-4.351 8.448-6.399 15.103-6.399l-.086-.085Z' fill='currentColor'\/><path d='M71.478 88.457c-3.498-.341-5.46-3.413-3.754-6.143 3.327-5.29 6.825-10.495 10.324-15.7 1.45-2.133 3.413-2.389 5.46-1.109 1.878 1.28 2.219 3.413.854 5.546-3.328 5.034-6.57 9.983-9.983 14.932-.683 1.024-1.963 1.621-2.901 2.389v.085Z' fill='currentColor'\/><\/svg>\t\t\t\t<\/a>\n\t\t\t\t\t\t\t\t\t\t\t<a class=\"post-share__dialog-item js-post-share-dialog-item\" href=\"mailto:?to=%20&amp;body=https%3A%2F%2Fd66.nl%2Feuropa%2Fnieuws%2Feuropanacht\" target=\"_blank\" >\n\t\t\t\t\tMail<svg xmlns='http:\/\/www.w3.org\/2000\/svg' width='40' height='40' viewBox='0 0 40 40' fill='none'><path d='M24.107 15.865a1 1 0 0 1 1.266 1.265l-1.686 5.052a1 1 0 0 1-1.654.392l-3.37-3.37a1.001 1.001 0 0 1 .392-1.654l5.052-1.685Z' fill='currentColor'\/><path d='m21.763 19.475-5.657 5.657' stroke='currentColor' stroke-width='2' stroke-linecap='round' fill='none'\/><\/svg>\t\t\t\t<\/a>\n\t\t\t\t\t\t\t\t\t\t\t<a class=\"post-share__dialog-item js-post-share-dialog-item\" href=\"https:\/\/www.linkedin.com\/sharing\/share-offsite\/?url=https%3A%2F%2Fd66.nl%2Feuropa%2Fnieuws%2Feuropanacht\" target=\"_blank\" >\n\t\t\t\t\tLinkedIn<svg xmlns='http:\/\/www.w3.org\/2000\/svg' width='40' height='40' viewBox='0 0 40 40' fill='none'><path d='M24.107 15.865a1 1 0 0 1 1.266 1.265l-1.686 5.052a1 1 0 0 1-1.654.392l-3.37-3.37a1.001 1.001 0 0 1 .392-1.654l5.052-1.685Z' fill='currentColor'\/><path d='m21.763 19.475-5.657 5.657' stroke='currentColor' stroke-width='2' stroke-linecap='round' fill='none'\/><\/svg>\t\t\t\t<\/a>\n\t\t\t\t\t\t\t\t\t\t\t<a class=\"post-share__dialog-item js-post-share-dialog-item\" href=\"https:\/\/www.facebook.com\/sharer\/sharer.php?u=https%3A%2F%2Fd66.nl%2Feuropa%2Fnieuws%2Feuropanacht\" target=\"_blank\" >\n\t\t\t\t\tFacebook<svg xmlns='http:\/\/www.w3.org\/2000\/svg' width='40' height='40' viewBox='0 0 40 40' fill='none'><path d='M24.107 15.865a1 1 0 0 1 1.266 1.265l-1.686 5.052a1 1 0 0 1-1.654.392l-3.37-3.37a1.001 1.001 0 0 1 .392-1.654l5.052-1.685Z' fill='currentColor'\/><path d='m21.763 19.475-5.657 5.657' stroke='currentColor' stroke-width='2' stroke-linecap='round' fill='none'\/><\/svg>\t\t\t\t<\/a>\n\t\t\t\t\t\t\t\t\t\t\t<a class=\"post-share__dialog-item js-post-share-dialog-item\" href=\"whatsapp:\/\/send?text=https%3A%2F%2Fd66.nl%2Feuropa%2Fnieuws%2Feuropanacht\" target=\"_blank\" >\n\t\t\t\t\tWhatsApp<svg xmlns='http:\/\/www.w3.org\/2000\/svg' width='40' height='40' viewBox='0 0 40 40' fill='none'><path d='M24.107 15.865a1 1 0 0 1 1.266 1.265l-1.686 5.052a1 1 0 0 1-1.654.392l-3.37-3.37a1.001 1.001 0 0 1 .392-1.654l5.052-1.685Z' fill='currentColor'\/><path d='m21.763 19.475-5.657 5.657' stroke='currentColor' stroke-width='2' stroke-linecap='round' fill='none'\/><\/svg>\t\t\t\t<\/a>\n\t\t\t\t\t\t\t\t\t\t\t<a class=\"post-share__dialog-item js-post-share-dialog-item\" href=\"https:\/\/x.com\/intent\/post?url=https%3A%2F%2Fd66.nl%2Feuropa%2Fnieuws%2Feuropanacht\" target=\"_blank\" >\n\t\t\t\t\tTwitter (X)<svg xmlns='http:\/\/www.w3.org\/2000\/svg' width='40' height='40' viewBox='0 0 40 40' fill='none'><path d='M24.107 15.865a1 1 0 0 1 1.266 1.265l-1.686 5.052a1 1 0 0 1-1.654.392l-3.37-3.37a1.001 1.001 0 0 1 .392-1.654l5.052-1.685Z' fill='currentColor'\/><path d='m21.763 19.475-5.657 5.657' stroke='currentColor' stroke-width='2' stroke-linecap='round' fill='none'\/><\/svg>\t\t\t\t<\/a>\n\t\t\t\t\t<\/div>\n\t<\/dialog>\n<\/div>\t\t\t<\/div>\n\t\t\t<div class=\"block-related-post-metadata__categories\">\n\t\t\t\t<div class=\"category-link__wrapper\">\n\t\t\t<div class=\"category-link__item\">\n\t\t\t<a href=\"https:\/\/d66.nl\/europa\/category\/europa\/\">\n\t\t\t\tEuropa\t\t\t<\/a>\n\t\t<\/div>\n\t\t<\/div>\t\t\t<\/div>\n\t\t<\/div>\n\t<\/div>\n<\/section>\n\t  <\/div>\n\t<\/div>\n  <\/div>\n\n\n<div\n  id=\"\"\n  class=\"wrapper  wrapper__spacing-bottom-large--20 wrapper__spacing-bottom-desktop--10 wrapper__spacing-bottom-mobile--10  wrapper__gutter--none\"\n  >\n  \t<div class=\"wrapper__container wrapper__container-width-large--default\">\n\t  <div class=\"wrapper__inner wrapper__width-large--18 wrapper__width-desktop--22 wrapper__width-mobile--24 wrapper__offset-large--6 wrapper__offset-desktop--2 wrapper__offset-mobile--0\">\n\t\t<section class=\"block-post-content\">\n\t<div class=\"block-post-content__title\">\n\t\t<h3 class=\"heading  heading__color--black heading__size--medium heading__font--sans heading__weight--bold  block-post-content__heading\" id=\"nav-8543\" data-nav-heading-mobile=\"\">\n\t<\/h3>\t<\/div>\n\t<div class=\"block-post-content__content\">\n\t\t\n<div\n  id=\"\"\n  class=\"wrapper  wrapper__spacing-bottom-large--30 wrapper__spacing-bottom-desktop--20  wrapper__gutter--none\"\n  >\n  \t<div class=\"wrapper__container wrapper__container-width-large--default\">\n\t  <div class=\"wrapper__inner wrapper__width-large--24 wrapper__width-mobile--24\">\n\t\t<p\n\t\tclass=\"paragraph paragraph__align--left paragraph__color--black paragraph__size--default   block-paragraph__paragraph\"\n\t\t\t>\n\t\tD66 is sinds haar oprichting d\u00e9 Europapartij van Nederland. Met de constructieve, liberale krachten in het Europees Parlement werken we samen in Renew Europe. Voor een Europa waarin iedereen vrij is. Voor een democratisch Europa. En voor een sterk Nederland, in een sterk Europa. Samen met jou markeren we waarom dat nu belangrijker is dan ooit. Samen zorgen we voor vooruitgang.\t<\/p>\t  <\/div>\n\t<\/div>\n  <\/div>\n\n\t<\/div>\n\n\t<div class=\"block-post-content__sidebar\">\n\t\t\n\t\t\n\t\t\t<\/div>\n<\/section>\n\t  <\/div>\n\t<\/div>\n  <\/div>\n\n\n<div\n  id=\"\"\n  class=\"wrapper  wrapper__spacing-bottom-large--20 wrapper__spacing-bottom-desktop--10 wrapper__spacing-bottom-mobile--10  wrapper__gutter--none\"\n  >\n  \t<div class=\"wrapper__container wrapper__container-width-large--default\">\n\t  <div class=\"wrapper__inner wrapper__width-large--18 wrapper__width-desktop--22 wrapper__width-mobile--24 wrapper__offset-large--6 wrapper__offset-desktop--2 wrapper__offset-mobile--0\">\n\t\t<section class=\"block-post-content\">\n\t<div class=\"block-post-content__title\">\n\t\t<h3 class=\"heading  heading__color--black heading__size--medium heading__font--sans heading__weight--bold  block-post-content__heading\" id=\"nav-programma6730\" data-nav-heading-mobile=\"Programma\">\n\tProgramma<\/h3>\t<\/div>\n\t<div class=\"block-post-content__content\">\n\t\t\n<div\n  id=\"\"\n  class=\"wrapper  wrapper__spacing-bottom-large--30 wrapper__spacing-bottom-desktop--20  wrapper__gutter--none\"\n  >\n  \t<div class=\"wrapper__container wrapper__container-width-large--default\">\n\t  <div class=\"wrapper__inner wrapper__width-large--24 wrapper__width-mobile--24\">\n\t\t<p\n\t\tclass=\"paragraph paragraph__align--left paragraph__color--black paragraph__size--default   block-paragraph__paragraph\"\n\t\t\t>\n\t\tHet avondprogramma zit vol inspiratie, vermaak, comedy en muziek. Er is reden voor hoop en optimisme, nu Victor Orb\u00e1n vertrokken is. Europarlementari\u00ebr Gerben-Jan Gerbrandy geeft de keynote speech van de avond over de kansen die dat biedt voor een nieuw Europa.  Tweede Kamerlid Felix Klos gaat het gesprek aan met Bernard Hammelburg over wat Europa w\u00e9l kan nu de wereldorde instabiel is. En Europarlementari\u00ebr Raquel Garc\u00eda Hermida-van der Walle geeft het antwoord op de vraag vertelt over feminisme. \t<\/p>\t  <\/div>\n\t<\/div>\n  <\/div>\n\n\t<\/div>\n\n\t<div class=\"block-post-content__sidebar\">\n\t\t\n\t\t\n\t\t\t<\/div>\n<\/section>\n\t  <\/div>\n\t<\/div>\n  <\/div>\n\n\n<div\n  id=\"\"\n  class=\"wrapper  wrapper__spacing-bottom-large--20 wrapper__spacing-bottom-desktop--10 wrapper__spacing-bottom-mobile--10  wrapper__gutter--none\"\n  >\n  \t<div class=\"wrapper__container wrapper__container-width-large--default\">\n\t  <div class=\"wrapper__inner wrapper__width-large--18 wrapper__width-desktop--22 wrapper__width-mobile--24 wrapper__offset-large--6 wrapper__offset-desktop--2 wrapper__offset-mobile--0\">\n\t\t<section class=\"block-post-content\">\n\t<div class=\"block-post-content__title\">\n\t\t<h3 class=\"heading  heading__color--black heading__size--medium heading__font--sans heading__weight--bold  block-post-content__heading\" id=\"nav-5676\" data-nav-heading-mobile=\"\">\n\t<\/h3>\t<\/div>\n\t<div class=\"block-post-content__content\">\n\t\t\n<div\n  id=\"\"\n  class=\"wrapper  wrapper__spacing-bottom-large--50 wrapper__spacing-bottom-desktop--40 wrapper__spacing-bottom-mobile--40  wrapper__gutter--none\"\n  >\n  \t<div class=\"wrapper__container wrapper__container-width-large--default\">\n\t  <div class=\"wrapper__inner wrapper__width-large--10 wrapper__width-desktop--22 wrapper__width-mobile--24 wrapper__offset-large--6 wrapper__offset-desktop--2 wrapper__offset-mobile--0\">\n\t\t<a\thref=\"https:\/\/weeztix.shop\/yqykfv9q\"\n\tclass=\"btn btn__color--macaroni btn__size--default btn__size-width--default    block-button__btn\"\n\tid=\"\"\n\ttitle=\"Bestel je ticket\"\n\t\t\t\n\t\n\t\n\t\n\t\n\tdata-last-site-id=\"1\"\n\t>\n\t<div class=\"btn__top-wrapper\">\n\t\t\n\t\t<span class=\"btn__title\">\n\t\t\tBestel je ticket\t\t<\/span>\n\n\t\t\t<\/div>\n\n\t<span class=\"btn__description\">\n\t\t\t<\/span>\n\n\t<span class=\"btn__spinner btn__spinner--macaroni btn__spinner--default\" aria-hidden=\"true\"><\/span>\n<\/a>\t  <\/div>\n\t<\/div>\n  <\/div>\n\n\n<div\n  id=\"\"\n  class=\"wrapper  wrapper__spacing-bottom-large--30 wrapper__spacing-bottom-desktop--20  wrapper__gutter--none\"\n  >\n  \t<div class=\"wrapper__container wrapper__container-width-large--default\">\n\t  <div class=\"wrapper__inner wrapper__width-large--24 wrapper__width-mobile--24\">\n\t\t<p\n\t\tclass=\"paragraph paragraph__align--left paragraph__color--black paragraph__size--default   block-paragraph__paragraph\"\n\t\t\t>\n\t\t<em>De nacht van Europa is toegankelijk voor iedereen, daarom krijg je in ruil voor de kleine bijdrage het eerste drankje gratis. Ook mensen die geen lid zijn van D66 zijn van harte welkom.<\/em>\t<\/p>\t  <\/div>\n\t<\/div>\n  <\/div>\n\n\t<\/div>\n\n\t<div class=\"block-post-content__sidebar\">\n\t\t\n\t\t\n\t\t\t<\/div>\n<\/section>\n\t  <\/div>\n\t<\/div>\n  <\/div>\n\n\n<div\n  id=\"\"\n  class=\"wrapper  wrapper__spacing-bottom-large--20 wrapper__spacing-bottom-desktop--10 wrapper__spacing-bottom-mobile--10  wrapper__gutter--none\"\n  >\n  \t<div class=\"wrapper__container wrapper__container-width-large--default\">\n\t  <div class=\"wrapper__inner wrapper__width-large--18 wrapper__width-desktop--22 wrapper__width-mobile--24 wrapper__offset-large--6 wrapper__offset-desktop--2 wrapper__offset-mobile--0\">\n\t\t<section class=\"block-post-content\">\n\t<div class=\"block-post-content__title\">\n\t\t<h3 class=\"heading  heading__color--black heading__size--medium heading__font--sans heading__weight--bold  block-post-content__heading\" id=\"nav-locatie-en-tijd9152\" data-nav-heading-mobile=\"Locatie en tijd\">\n\tLocatie en tijd<\/h3>\t<\/div>\n\t<div class=\"block-post-content__content\">\n\t\t\n<div\n  id=\"\"\n  class=\"wrapper  wrapper__spacing-bottom-large--30 wrapper__spacing-bottom-desktop--20  wrapper__gutter--none\"\n  >\n  \t<div class=\"wrapper__container wrapper__container-width-large--default\">\n\t  <div class=\"wrapper__inner wrapper__width-large--24 wrapper__width-mobile--24\">\n\t\t<p\n\t\tclass=\"paragraph paragraph__align--left paragraph__color--black paragraph__size--default   block-paragraph__paragraph\"\n\t\t\t>\n\t\t<a href=\"https:\/\/noorderlichtcafe.nl\/\">Noorderlicht<\/a><br>NDSM-Plein 102<br>1033 WB Amsterdam<br><br>18:00 uur inloop<br>18.30 uur start programma<br><br><em>Dit evenement wordt mogelijk gemaakt door Renew Europe.<\/em>\t<\/p>\t  <\/div>\n\t<\/div>\n  <\/div>\n\n\t<\/div>\n\n\t<div class=\"block-post-content__sidebar\">\n\t\t\n\t\t\n\t\t\t<\/div>\n<\/section>\n\t  <\/div>\n\t<\/div>\n  <\/div>\n\n\n<div\n  id=\"\"\n  class=\"wrapper wrapper__spacing-top-large--10 wrapper__spacing-bottom-large--100 wrapper__spacing-bottom-desktop--60 wrapper__spacing-bottom-mobile--40  wrapper__gutter--none\"\n  >\n  \t<div class=\"wrapper__container wrapper__container-width-large--default\">\n\t  <div class=\"wrapper__inner wrapper__width-large--24 wrapper__width-mobile--24\">\n\t\t<div class=\"cta block-cta__cta\">\n  <div class=\"box box__style--full-width-on-mobile cta__box\" style=\"--box-bg-color: var(--global-colors-yellow)\">\n\t<h2 class=\"heading heading__align--left heading__color--white heading__size--largest heading__font--sans heading__weight--bold  cta__heading\" id=\"nav-bouwen-aan-een-nieuw-europa5756\" data-nav-heading-mobile=\"Bouwen aan een nieuw Europa\">\n\tBouwen aan een nieuw Europa<\/h2><div class=\"cta__image\">\n\n\t<img loading=\"lazy\" decoding=\"async\" width=\"1024\" height=\"1024\" src=\"https:\/\/d66.nl\/europa\/wp-content\/uploads\/sites\/434\/2025\/10\/Renew-europe-1024x1024.png\" class=\"image cta__img\" alt=\"\" \/>\n\t<\/div><p class=\"paragraph paragraph__align--left paragraph__color--white paragraph__size--default paragraph__weight--medium  cta__paragraph\">\n\t\tIn het Europees Parlement werken we samen met alle Europese liberalen die willen bouwen aan een nieuw Europa, Renew Europe. Samen zetten we ons in voor Europa, voor vrede, vrijheid en welvaart. Onze delegatieleider Gerben-Jan Gerbrandy is vice-voorzitter van Renew Europe. \t<\/p><div class=\"cta__buttons-wrapper\"><a href=\"https:\/\/www.reneweuropegroup.eu\/\" class=\"btn btn__color--white btn__size--default btn__size-width--default    cta__btn\" id=\"\" title=\"Lees meer over Renew Europe\" data-last-site-id=\"1\">\n\t<div class=\"btn__top-wrapper\">\n\t\t\n\t\t<span class=\"btn__title\">\n\t\t\tLees meer over Renew Europe\t\t<\/span>\n\n\t\t\t<\/div>\n\n\t<span class=\"btn__description\">\n\t\t\t<\/span>\n\n\t<span class=\"btn__spinner btn__spinner--white btn__spinner--default\" aria-hidden=\"true\"><\/span>\n<\/a><\/div><\/div><\/div>\t  <\/div>\n\t<\/div>\n  <\/div>\n","protected":false},"excerpt":{"rendered":"","protected":false},"author":579,"featured_media":1555,"comment_status":"open","ping_status":"open","sticky":false,"template":"","format":"standard","meta":{"_acf_changed":false,"footnotes":""},"categories":[1],"labels":[],"search-tags":[],"class_list":["post-1554","post","type-post","status-publish","format-standard","has-post-thumbnail","hentry","category-europa"],"acf":[],"yoast_head":"<!-- This site is optimized with the Yoast SEO plugin v27.3 - https:\/\/yoast.com\/product\/yoast-seo-wordpress\/ -->\n<title>Kom naar de Nacht van Europa<\/title>\n<meta name=\"description\" content=\"Op vrijdag 8 mei komen we samen om de nacht van Europa te vieren. Omdat Europa ons vrede en vrijheid biedt en het vieren waard is!\" \/>\n<meta name=\"robots\" content=\"index, follow, max-snippet:-1, max-image-preview:large, max-video-preview:-1\" \/>\n<link rel=\"canonical\" href=\"https:\/\/d66.nl\/europa\/nieuws\/europanacht\" \/>\n<meta property=\"og:locale\" content=\"nl_NL\" \/>\n<meta property=\"og:type\" content=\"article\" \/>\n<meta property=\"og:title\" content=\"Kom naar de Nacht van Europa\" \/>\n<meta property=\"og:description\" content=\"Op vrijdag 8 mei komen we samen om de nacht van Europa te vieren. Omdat Europa ons vrede en vrijheid biedt en het vieren waard is!\" \/>\n<meta property=\"og:url\" content=\"https:\/\/d66.nl\/europa\/nieuws\/europanacht\/\" \/>\n<meta property=\"og:site_name\" content=\"D66 Europa\" \/>\n<meta property=\"article:published_time\" content=\"2026-04-21T09:52:34+00:00\" \/>\n<meta property=\"article:modified_time\" content=\"2026-04-22T08:03:42+00:00\" \/>\n<meta property=\"og:image\" content=\"https:\/\/media.d66.nl\/uploads\/sites\/434\/2026\/04\/IMG_1249.jpg\" \/>\n\t<meta property=\"og:image:width\" content=\"1024\" \/>\n\t<meta property=\"og:image:height\" content=\"683\" \/>\n\t<meta property=\"og:image:type\" content=\"image\/jpeg\" \/>\n<meta name=\"author\" content=\"sjirker\" \/>\n<meta name=\"twitter:card\" content=\"summary_large_image\" \/>\n<meta name=\"twitter:label1\" content=\"Geschreven door\" \/>\n\t<meta name=\"twitter:data1\" content=\"sjirker\" \/>\n\t<meta name=\"twitter:label2\" content=\"Geschatte leestijd\" \/>\n\t<meta name=\"twitter:data2\" content=\"1 minuut\" \/>\n<script type=\"application\/ld+json\" class=\"yoast-schema-graph\">{\"@context\":\"https:\\\/\\\/schema.org\",\"@graph\":[{\"@type\":\"Article\",\"@id\":\"https:\\\/\\\/d66.nl\\\/europa\\\/nieuws\\\/europanacht\\\/#article\",\"isPartOf\":{\"@id\":\"https:\\\/\\\/d66.nl\\\/europa\\\/nieuws\\\/europanacht\\\/\"},\"author\":{\"name\":\"sjirker\",\"@id\":\"https:\\\/\\\/d66.nl\\\/europa\\\/#\\\/schema\\\/person\\\/9903f19e2195a7cccac44f6c92f356a4\"},\"headline\":\"Kom naar de Nacht van Europa\",\"datePublished\":\"2026-04-21T09:52:34+00:00\",\"dateModified\":\"2026-04-22T08:03:42+00:00\",\"mainEntityOfPage\":{\"@id\":\"https:\\\/\\\/d66.nl\\\/europa\\\/nieuws\\\/europanacht\\\/\"},\"wordCount\":6,\"commentCount\":0,\"image\":{\"@id\":\"https:\\\/\\\/d66.nl\\\/europa\\\/nieuws\\\/europanacht\\\/#primaryimage\"},\"thumbnailUrl\":\"https:\\\/\\\/media.d66.nl\\\/uploads\\\/sites\\\/434\\\/2026\\\/04\\\/IMG_1249.jpg\",\"articleSection\":[\"Europa\"],\"inLanguage\":\"nl-NL\",\"potentialAction\":[{\"@type\":\"CommentAction\",\"name\":\"Comment\",\"target\":[\"https:\\\/\\\/d66.nl\\\/europa\\\/nieuws\\\/europanacht\\\/#respond\"]}]},{\"@type\":\"WebPage\",\"@id\":\"https:\\\/\\\/d66.nl\\\/europa\\\/nieuws\\\/europanacht\\\/\",\"url\":\"https:\\\/\\\/d66.nl\\\/europa\\\/nieuws\\\/europanacht\\\/\",\"name\":\"Kom naar de Nacht van Europa\",\"isPartOf\":{\"@id\":\"https:\\\/\\\/d66.nl\\\/europa\\\/#website\"},\"primaryImageOfPage\":{\"@id\":\"https:\\\/\\\/d66.nl\\\/europa\\\/nieuws\\\/europanacht\\\/#primaryimage\"},\"image\":{\"@id\":\"https:\\\/\\\/d66.nl\\\/europa\\\/nieuws\\\/europanacht\\\/#primaryimage\"},\"thumbnailUrl\":\"https:\\\/\\\/media.d66.nl\\\/uploads\\\/sites\\\/434\\\/2026\\\/04\\\/IMG_1249.jpg\",\"datePublished\":\"2026-04-21T09:52:34+00:00\",\"dateModified\":\"2026-04-22T08:03:42+00:00\",\"author\":{\"@id\":\"https:\\\/\\\/d66.nl\\\/europa\\\/#\\\/schema\\\/person\\\/9903f19e2195a7cccac44f6c92f356a4\"},\"description\":\"Op vrijdag 8 mei komen we samen om de nacht van Europa te vieren. Omdat Europa ons vrede en vrijheid biedt en het vieren waard is!\",\"breadcrumb\":{\"@id\":\"https:\\\/\\\/d66.nl\\\/europa\\\/nieuws\\\/europanacht\\\/#breadcrumb\"},\"inLanguage\":\"nl-NL\",\"potentialAction\":[{\"@type\":\"ReadAction\",\"target\":[\"https:\\\/\\\/d66.nl\\\/europa\\\/nieuws\\\/europanacht\\\/\"]}]},{\"@type\":\"ImageObject\",\"inLanguage\":\"nl-NL\",\"@id\":\"https:\\\/\\\/d66.nl\\\/europa\\\/nieuws\\\/europanacht\\\/#primaryimage\",\"url\":\"https:\\\/\\\/media.d66.nl\\\/uploads\\\/sites\\\/434\\\/2026\\\/04\\\/IMG_1249.jpg\",\"contentUrl\":\"https:\\\/\\\/media.d66.nl\\\/uploads\\\/sites\\\/434\\\/2026\\\/04\\\/IMG_1249.jpg\",\"width\":3692,\"height\":2461},{\"@type\":\"BreadcrumbList\",\"@id\":\"https:\\\/\\\/d66.nl\\\/europa\\\/nieuws\\\/europanacht\\\/#breadcrumb\",\"itemListElement\":[{\"@type\":\"ListItem\",\"position\":1,\"name\":\"Home\",\"item\":\"https:\\\/\\\/d66.nl\\\/europa\\\/\"},{\"@type\":\"ListItem\",\"position\":2,\"name\":\"Nieuws\",\"item\":\"https:\\\/\\\/d66.nl\\\/europa\\\/nieuws\\\/\"},{\"@type\":\"ListItem\",\"position\":3,\"name\":\"Kom naar de Nacht van Europa\"}]},{\"@type\":\"WebSite\",\"@id\":\"https:\\\/\\\/d66.nl\\\/europa\\\/#website\",\"url\":\"https:\\\/\\\/d66.nl\\\/europa\\\/\",\"name\":\"D66 Europa\",\"description\":\"\u2060Het kan w\u00e9l\",\"potentialAction\":[{\"@type\":\"SearchAction\",\"target\":{\"@type\":\"EntryPoint\",\"urlTemplate\":\"https:\\\/\\\/d66.nl\\\/europa\\\/?s={search_term_string}\"},\"query-input\":{\"@type\":\"PropertyValueSpecification\",\"valueRequired\":true,\"valueName\":\"search_term_string\"}}],\"inLanguage\":\"nl-NL\"},{\"@type\":\"Person\",\"@id\":\"https:\\\/\\\/d66.nl\\\/europa\\\/#\\\/schema\\\/person\\\/9903f19e2195a7cccac44f6c92f356a4\",\"name\":\"sjirker\",\"image\":{\"@type\":\"ImageObject\",\"inLanguage\":\"nl-NL\",\"@id\":\"https:\\\/\\\/secure.gravatar.com\\\/avatar\\\/0abd21a793c8d66ce713c2928a5bbf584e204fbbc40b97b8965f8b7b94634daf?s=96&d=mm&r=g\",\"url\":\"https:\\\/\\\/secure.gravatar.com\\\/avatar\\\/0abd21a793c8d66ce713c2928a5bbf584e204fbbc40b97b8965f8b7b94634daf?s=96&d=mm&r=g\",\"contentUrl\":\"https:\\\/\\\/secure.gravatar.com\\\/avatar\\\/0abd21a793c8d66ce713c2928a5bbf584e204fbbc40b97b8965f8b7b94634daf?s=96&d=mm&r=g\",\"caption\":\"sjirker\"}}]}<\/script>\n<!-- \/ Yoast SEO plugin. -->","yoast_head_json":{"title":"Kom naar de Nacht van Europa","description":"Op vrijdag 8 mei komen we samen om de nacht van Europa te vieren. Omdat Europa ons vrede en vrijheid biedt en het vieren waard is!","robots":{"index":"index","follow":"follow","max-snippet":"max-snippet:-1","max-image-preview":"max-image-preview:large","max-video-preview":"max-video-preview:-1"},"canonical":"https:\/\/d66.nl\/europa\/nieuws\/europanacht","og_locale":"nl_NL","og_type":"article","og_title":"Kom naar de Nacht van Europa","og_description":"Op vrijdag 8 mei komen we samen om de nacht van Europa te vieren. Omdat Europa ons vrede en vrijheid biedt en het vieren waard is!","og_url":"https:\/\/d66.nl\/europa\/nieuws\/europanacht\/","og_site_name":"D66 Europa","article_published_time":"2026-04-21T09:52:34+00:00","article_modified_time":"2026-04-22T08:03:42+00:00","og_image":[{"url":"https:\/\/media.d66.nl\/uploads\/sites\/434\/2026\/04\/IMG_1249.jpg","width":1024,"height":683,"type":"image\/jpeg"}],"author":"sjirker","twitter_card":"summary_large_image","twitter_misc":{"Geschreven door":"sjirker","Geschatte leestijd":"1 minuut"},"schema":{"@context":"https:\/\/schema.org","@graph":[{"@type":"Article","@id":"https:\/\/d66.nl\/europa\/nieuws\/europanacht\/#article","isPartOf":{"@id":"https:\/\/d66.nl\/europa\/nieuws\/europanacht\/"},"author":{"name":"sjirker","@id":"https:\/\/d66.nl\/europa\/#\/schema\/person\/9903f19e2195a7cccac44f6c92f356a4"},"headline":"Kom naar de Nacht van Europa","datePublished":"2026-04-21T09:52:34+00:00","dateModified":"2026-04-22T08:03:42+00:00","mainEntityOfPage":{"@id":"https:\/\/d66.nl\/europa\/nieuws\/europanacht\/"},"wordCount":6,"commentCount":0,"image":{"@id":"https:\/\/d66.nl\/europa\/nieuws\/europanacht\/#primaryimage"},"thumbnailUrl":"https:\/\/media.d66.nl\/uploads\/sites\/434\/2026\/04\/IMG_1249.jpg","articleSection":["Europa"],"inLanguage":"nl-NL","potentialAction":[{"@type":"CommentAction","name":"Comment","target":["https:\/\/d66.nl\/europa\/nieuws\/europanacht\/#respond"]}]},{"@type":"WebPage","@id":"https:\/\/d66.nl\/europa\/nieuws\/europanacht\/","url":"https:\/\/d66.nl\/europa\/nieuws\/europanacht\/","name":"Kom naar de Nacht van Europa","isPartOf":{"@id":"https:\/\/d66.nl\/europa\/#website"},"primaryImageOfPage":{"@id":"https:\/\/d66.nl\/europa\/nieuws\/europanacht\/#primaryimage"},"image":{"@id":"https:\/\/d66.nl\/europa\/nieuws\/europanacht\/#primaryimage"},"thumbnailUrl":"https:\/\/media.d66.nl\/uploads\/sites\/434\/2026\/04\/IMG_1249.jpg","datePublished":"2026-04-21T09:52:34+00:00","dateModified":"2026-04-22T08:03:42+00:00","author":{"@id":"https:\/\/d66.nl\/europa\/#\/schema\/person\/9903f19e2195a7cccac44f6c92f356a4"},"description":"Op vrijdag 8 mei komen we samen om de nacht van Europa te vieren. Omdat Europa ons vrede en vrijheid biedt en het vieren waard is!","breadcrumb":{"@id":"https:\/\/d66.nl\/europa\/nieuws\/europanacht\/#breadcrumb"},"inLanguage":"nl-NL","potentialAction":[{"@type":"ReadAction","target":["https:\/\/d66.nl\/europa\/nieuws\/europanacht\/"]}]},{"@type":"ImageObject","inLanguage":"nl-NL","@id":"https:\/\/d66.nl\/europa\/nieuws\/europanacht\/#primaryimage","url":"https:\/\/media.d66.nl\/uploads\/sites\/434\/2026\/04\/IMG_1249.jpg","contentUrl":"https:\/\/media.d66.nl\/uploads\/sites\/434\/2026\/04\/IMG_1249.jpg","width":3692,"height":2461},{"@type":"BreadcrumbList","@id":"https:\/\/d66.nl\/europa\/nieuws\/europanacht\/#breadcrumb","itemListElement":[{"@type":"ListItem","position":1,"name":"Home","item":"https:\/\/d66.nl\/europa\/"},{"@type":"ListItem","position":2,"name":"Nieuws","item":"https:\/\/d66.nl\/europa\/nieuws\/"},{"@type":"ListItem","position":3,"name":"Kom naar de Nacht van Europa"}]},{"@type":"WebSite","@id":"https:\/\/d66.nl\/europa\/#website","url":"https:\/\/d66.nl\/europa\/","name":"D66 Europa","description":"\u2060Het kan w\u00e9l","potentialAction":[{"@type":"SearchAction","target":{"@type":"EntryPoint","urlTemplate":"https:\/\/d66.nl\/europa\/?s={search_term_string}"},"query-input":{"@type":"PropertyValueSpecification","valueRequired":true,"valueName":"search_term_string"}}],"inLanguage":"nl-NL"},{"@type":"Person","@id":"https:\/\/d66.nl\/europa\/#\/schema\/person\/9903f19e2195a7cccac44f6c92f356a4","name":"sjirker","image":{"@type":"ImageObject","inLanguage":"nl-NL","@id":"https:\/\/secure.gravatar.com\/avatar\/0abd21a793c8d66ce713c2928a5bbf584e204fbbc40b97b8965f8b7b94634daf?s=96&d=mm&r=g","url":"https:\/\/secure.gravatar.com\/avatar\/0abd21a793c8d66ce713c2928a5bbf584e204fbbc40b97b8965f8b7b94634daf?s=96&d=mm&r=g","contentUrl":"https:\/\/secure.gravatar.com\/avatar\/0abd21a793c8d66ce713c2928a5bbf584e204fbbc40b97b8965f8b7b94634daf?s=96&d=mm&r=g","caption":"sjirker"}}]}},"_links":{"self":[{"href":"https:\/\/d66.nl\/europa\/wp-json\/wp\/v2\/posts\/1554","targetHints":{"allow":["GET"]}}],"collection":[{"href":"https:\/\/d66.nl\/europa\/wp-json\/wp\/v2\/posts"}],"about":[{"href":"https:\/\/d66.nl\/europa\/wp-json\/wp\/v2\/types\/post"}],"author":[{"embeddable":true,"href":"https:\/\/d66.nl\/europa\/wp-json\/wp\/v2\/users\/579"}],"replies":[{"embeddable":true,"href":"https:\/\/d66.nl\/europa\/wp-json\/wp\/v2\/comments?post=1554"}],"version-history":[{"count":7,"href":"https:\/\/d66.nl\/europa\/wp-json\/wp\/v2\/posts\/1554\/revisions"}],"predecessor-version":[{"id":1571,"href":"https:\/\/d66.nl\/europa\/wp-json\/wp\/v2\/posts\/1554\/revisions\/1571"}],"wp:featuredmedia":[{"embeddable":true,"href":"https:\/\/d66.nl\/europa\/wp-json\/wp\/v2\/media\/1555"}],"wp:attachment":[{"href":"https:\/\/d66.nl\/europa\/wp-json\/wp\/v2\/media?parent=1554"}],"wp:term":[{"taxonomy":"category","embeddable":true,"href":"https:\/\/d66.nl\/europa\/wp-json\/wp\/v2\/categories?post=1554"},{"taxonomy":"labels","embeddable":true,"href":"https:\/\/d66.nl\/europa\/wp-json\/wp\/v2\/labels?post=1554"},{"taxonomy":"search-tags","embeddable":true,"href":"https:\/\/d66.nl\/europa\/wp-json\/wp\/v2\/search-tags?post=1554"}],"curies":[{"name":"wp","href":"https:\/\/api.w.org\/{rel}","templated":true}]}}