{"id":627,"date":"2021-07-06T15:42:00","date_gmt":"2021-07-06T15:42:00","guid":{"rendered":"https:\/\/d66.nl\/epe\/nieuws\/"},"modified":"2022-01-08T11:17:25","modified_gmt":"2022-01-08T11:17:25","slug":"raadslid-is-uit-protest-een-dag-vegetarier-in-epe","status":"publish","type":"post","link":"https:\/\/d66.nl\/epe\/nieuws\/raadslid-is-uit-protest-een-dag-vegetarier-in-epe","title":{"rendered":"Raadslid is uit protest \u00e9\u00e9n dag vegetari\u00ebr in Epe"},"content":{"rendered":"<div\n  id=\"\"\n  class=\"wrapper  wrapper__spacing-bottom-large--50 wrapper__spacing-bottom-desktop--66 wrapper__spacing-bottom-mobile--76  wrapper__gutter--none\"\n  >\n  \t<div class=\"wrapper__container wrapper__container-width-large--default\">\n\t  <div class=\"wrapper__inner wrapper__width-large--14 wrapper__width-desktop--20 wrapper__width-mobile--24 wrapper__offset-large--6 wrapper__offset-desktop--4 wrapper__offset-mobile--0\">\n\t\t<h1 class=\"heading   heading__size--giant heading__font--serif heading__weight--regular  block-heading__heading\" id=\"nav-raadslid-is-uit-protest-----n-dag-vegetari--r-in-epe6151\"  data-nav-heading-mobile=\"Raadslid is uit protest \u00e9\u00e9n dag vegetari\u00ebr in Epe\" >\n\tRaadslid is uit protest \u00e9\u00e9n dag vegetari\u00ebr in Epe<\/h1>\t  <\/div>\n\t<\/div>\n  <\/div>\n\n\n<div\n  id=\"\"\n  class=\"wrapper  wrapper__spacing-bottom-large--50 wrapper__spacing-bottom-mobile--40  wrapper__gutter--none\"\n  >\n  \t<div class=\"wrapper__container wrapper__container-width-large--default\">\n\t  <div class=\"wrapper__inner wrapper__width-large--13 wrapper__width-desktop--22 wrapper__width-mobile--24 wrapper__offset-large--6 wrapper__offset-desktop--2 wrapper__offset-mobile--0\">\n\t\t<p\n\t\tclass=\"paragraph   paragraph__size--big   block-paragraph__paragraph\"\n\t\t\t>\n\t\tHans de Goede, fractievoorzitter van D66, wil uitsluiten dat hij vlees eet dat afkomstig is uit de omstreden slachterij Gosschalk.<br><br>Artikel van De Stentor\t<\/p>\t  <\/div>\n\t<\/div>\n  <\/div>\n\n\n<div\n  id=\"\"\n  class=\"wrapper  wrapper__spacing-bottom-large--30 wrapper__spacing-bottom-desktop--20 wrapper__spacing-bottom-mobile--10  wrapper__gutter--none\"\n  >\n  \t<div class=\"wrapper__container wrapper__container-width-large--default\">\n\t  <div class=\"wrapper__inner wrapper__width-large--14 wrapper__width-desktop--24 wrapper__width-mobile--24 wrapper__offset-large--6 wrapper__offset-desktop--2 wrapper__offset-mobile--0\">\n\t\t<section class=\"block-related-post-metadata js-block-related-post-metadata\">\n\t<div class=\"block-related-post-metadata__content-wrapper\">\n\t\t<div class=\"block-related-post-metadata__persons\">\n\t\t\t\t\t<\/div>\n\t\t<div class=\"block-related-post-metadata__meta\">\n\t\t\t<div class=\"block-related-post-metadata__date\">\n\t\t\t\t06.07.2021<div class=\"post-share js-post-share rs_skip_always\">\n\t<button class=\"post-share__share-button js-post-share-share-button\">\n\t\tShare\t\t<svg xmlns='http:\/\/www.w3.org\/2000\/svg' width='100px' height='100px' viewBox='0 0 24 24' fill='none'><path d='m8.684 10.658 6.629-3.314m.003 9.314-6.622-3.311M21 6a3 3 0 1 1-6 0 3 3 0 0 1 6 0ZM9 12a3 3 0 1 1-6 0 3 3 0 0 1 6 0Zm12 6a3 3 0 1 1-6 0 3 3 0 0 1 6 0Z' stroke='currentColor' stroke-width='1.5' fill='none'\/><\/svg>\t<\/button>\n\t<dialog class=\"post-share__dialog js-post-share-dialog\" aria-hidden=\"true\">\n\t\t<div class=\"post-share__dialog-header\">\n\t\t\tShare this post\t\t\t<button class=\"post-share__dialog-close js-post-share-dialog-close\">\n\t\t\t\t<svg xmlns='http:\/\/www.w3.org\/2000\/svg' width='150' height='150' viewBox='0 0 150 150' fill='none'><path d='M44.103 105.897 75 75m30.898-30.898L75 75m0 0L44.103 44.102M75 75l30.898 30.897' stroke='currentColor' stroke-width='5' fill='none'\/><\/svg>\t\t\t<\/button>\n\t\t<\/div>\n\t\t<div class=\"post-share__dialog-socials\">\n\t\t\t\t\t\t\t\t\t\t\t<a class=\"post-share__dialog-item js-post-share-dialog-item\" href=\"#\" target=\"_blank\" data-copy=&quot;true&quot;>\n\t\t\t\t\tKopier link<svg xmlns='http:\/\/www.w3.org\/2000\/svg' width='150' height='150' viewBox='0 0 150 150' fill='none'><path d='M67.468 108.679c-8.533-.512-14.164-3.583-17.407-9.983-3.242-6.314-2.815-12.713 1.195-18.6 1.706-2.56 3.584-5.035 5.46-7.594 1.537-2.048 3.584-2.475 5.462-1.195 2.047 1.45 2.389 3.498.938 5.632-1.706 2.474-3.584 4.948-5.29 7.423-3.242 4.778-2.304 11.092 2.133 14.334 4.864 3.584 11.092 2.731 14.761-1.962 1.963-2.475 3.754-5.12 5.632-7.68 1.194-1.535 2.645-2.218 4.607-1.28 1.792.854 2.645 2.39 2.304 4.267 0 .17 0 .427-.17.597-3.67 5.12-6.4 11.178-12.544 13.993-2.56 1.195-5.46 1.707-6.996 2.219l-.085-.171Z' fill='currentColor'\/><path d='M86.921 44.6c6.144.257 11.605 3.328 14.932 9.728 3.328 6.399 2.816 12.798-1.109 18.856-1.621 2.56-3.498 4.95-5.29 7.424-1.707 2.303-3.754 2.815-5.717 1.45-2.048-1.45-2.304-3.669-.597-6.058 1.621-2.304 3.328-4.608 4.949-6.911 3.498-4.95 2.56-11.348-2.133-14.761-4.779-3.499-11.178-2.475-14.847 2.56-1.792 2.388-3.498 4.863-5.205 7.252-1.62 2.218-3.583 2.56-5.546 1.11-1.877-1.366-2.218-3.414-.768-5.462 2.048-2.986 4.01-5.972 6.314-8.703 3.67-4.351 8.448-6.399 15.103-6.399l-.086-.085Z' fill='currentColor'\/><path d='M71.478 88.457c-3.498-.341-5.46-3.413-3.754-6.143 3.327-5.29 6.825-10.495 10.324-15.7 1.45-2.133 3.413-2.389 5.46-1.109 1.878 1.28 2.219 3.413.854 5.546-3.328 5.034-6.57 9.983-9.983 14.932-.683 1.024-1.963 1.621-2.901 2.389v.085Z' fill='currentColor'\/><\/svg>\t\t\t\t<\/a>\n\t\t\t\t\t\t\t\t\t\t\t<a class=\"post-share__dialog-item js-post-share-dialog-item\" href=\"mailto:?to=%20&amp;body=https%3A%2F%2Fd66.nl%2Fepe%2Fnieuws%2Fraadslid-is-uit-protest-een-dag-vegetarier-in-epe\" target=\"_blank\" >\n\t\t\t\t\tMail<svg xmlns='http:\/\/www.w3.org\/2000\/svg' width='40' height='40' viewBox='0 0 40 40' fill='none'><path d='M24.107 15.865a1 1 0 0 1 1.266 1.265l-1.686 5.052a1 1 0 0 1-1.654.392l-3.37-3.37a1.001 1.001 0 0 1 .392-1.654l5.052-1.685Z' fill='currentColor'\/><path d='m21.763 19.475-5.657 5.657' stroke='currentColor' stroke-width='2' stroke-linecap='round' fill='none'\/><\/svg>\t\t\t\t<\/a>\n\t\t\t\t\t\t\t\t\t\t\t<a class=\"post-share__dialog-item js-post-share-dialog-item\" href=\"https:\/\/www.linkedin.com\/sharing\/share-offsite\/?url=https%3A%2F%2Fd66.nl%2Fepe%2Fnieuws%2Fraadslid-is-uit-protest-een-dag-vegetarier-in-epe\" target=\"_blank\" >\n\t\t\t\t\tLinkedIn<svg xmlns='http:\/\/www.w3.org\/2000\/svg' width='40' height='40' viewBox='0 0 40 40' fill='none'><path d='M24.107 15.865a1 1 0 0 1 1.266 1.265l-1.686 5.052a1 1 0 0 1-1.654.392l-3.37-3.37a1.001 1.001 0 0 1 .392-1.654l5.052-1.685Z' fill='currentColor'\/><path d='m21.763 19.475-5.657 5.657' stroke='currentColor' stroke-width='2' stroke-linecap='round' fill='none'\/><\/svg>\t\t\t\t<\/a>\n\t\t\t\t\t\t\t\t\t\t\t<a class=\"post-share__dialog-item js-post-share-dialog-item\" href=\"https:\/\/www.facebook.com\/sharer\/sharer.php?u=https%3A%2F%2Fd66.nl%2Fepe%2Fnieuws%2Fraadslid-is-uit-protest-een-dag-vegetarier-in-epe\" target=\"_blank\" >\n\t\t\t\t\tFacebook<svg xmlns='http:\/\/www.w3.org\/2000\/svg' width='40' height='40' viewBox='0 0 40 40' fill='none'><path d='M24.107 15.865a1 1 0 0 1 1.266 1.265l-1.686 5.052a1 1 0 0 1-1.654.392l-3.37-3.37a1.001 1.001 0 0 1 .392-1.654l5.052-1.685Z' fill='currentColor'\/><path d='m21.763 19.475-5.657 5.657' stroke='currentColor' stroke-width='2' stroke-linecap='round' fill='none'\/><\/svg>\t\t\t\t<\/a>\n\t\t\t\t\t\t\t\t\t\t\t<a class=\"post-share__dialog-item js-post-share-dialog-item\" href=\"whatsapp:\/\/send?text=https%3A%2F%2Fd66.nl%2Fepe%2Fnieuws%2Fraadslid-is-uit-protest-een-dag-vegetarier-in-epe\" target=\"_blank\" >\n\t\t\t\t\tWhatsApp<svg xmlns='http:\/\/www.w3.org\/2000\/svg' width='40' height='40' viewBox='0 0 40 40' fill='none'><path d='M24.107 15.865a1 1 0 0 1 1.266 1.265l-1.686 5.052a1 1 0 0 1-1.654.392l-3.37-3.37a1.001 1.001 0 0 1 .392-1.654l5.052-1.685Z' fill='currentColor'\/><path d='m21.763 19.475-5.657 5.657' stroke='currentColor' stroke-width='2' stroke-linecap='round' fill='none'\/><\/svg>\t\t\t\t<\/a>\n\t\t\t\t\t\t\t\t\t\t\t<a class=\"post-share__dialog-item js-post-share-dialog-item\" href=\"https:\/\/x.com\/intent\/post?url=https%3A%2F%2Fd66.nl%2Fepe%2Fnieuws%2Fraadslid-is-uit-protest-een-dag-vegetarier-in-epe\" target=\"_blank\" >\n\t\t\t\t\tTwitter (X)<svg xmlns='http:\/\/www.w3.org\/2000\/svg' width='40' height='40' viewBox='0 0 40 40' fill='none'><path d='M24.107 15.865a1 1 0 0 1 1.266 1.265l-1.686 5.052a1 1 0 0 1-1.654.392l-3.37-3.37a1.001 1.001 0 0 1 .392-1.654l5.052-1.685Z' fill='currentColor'\/><path d='m21.763 19.475-5.657 5.657' stroke='currentColor' stroke-width='2' stroke-linecap='round' fill='none'\/><\/svg>\t\t\t\t<\/a>\n\t\t\t\t\t<\/div>\n\t<\/dialog>\n<\/div>\t\t\t<\/div>\n\t\t\t<div class=\"block-related-post-metadata__categories\">\n\t\t\t\t<div class=\"category-link__wrapper\">\n\t\t\t<div class=\"category-link__item\">\n\t\t\t<a href=\"https:\/\/d66.nl\/epe\/category\/d66-epe\/\">\n\t\t\t\tD66 Gemeente Epe\t\t\t<\/a>\n\t\t<\/div>\n\t\t\t\t<div class=\"category-link__item\">\n\t\t\t<a href=\"https:\/\/d66.nl\/epe\/search-tags\/lokaal\/\">\n\t\t\t\tLokaal\t\t\t<\/a>\n\t\t<\/div>\n\t\t<\/div>\t\t\t<\/div>\n\t\t<\/div>\n\t<\/div>\n<\/section>\n\t  <\/div>\n\t<\/div>\n  <\/div>\n\n\n<div\n  id=\"\"\n  class=\"wrapper  wrapper__spacing-bottom-large--50 wrapper__spacing-bottom-desktop--70 wrapper__spacing-bottom-mobile--50  wrapper__gutter--none\"\n  >\n  \t<div class=\"wrapper__container wrapper__container-width-large--default\">\n\t  <div class=\"wrapper__inner wrapper__width-large--18 wrapper__width-desktop--22 wrapper__width-mobile--24 wrapper__offset-large--6 wrapper__offset-desktop--2 wrapper__offset-mobile--0\">\n\t\t<section class=\"block-post-content\">\n\t<div class=\"block-post-content__title\">\n\t\t<h3 class=\"heading  heading__color--black heading__size--medium heading__font--sans heading__weight--semiBold  block-post-content__heading\" id=\"nav-vegetari--r6576\" data-nav-heading-mobile=\"Vegetari\u00ebr\">\n\tVegetari\u00ebr<\/h3>\t<\/div>\n\t<div class=\"block-post-content__content\">\n\t\t\n<div\n  id=\"\"\n  class=\"wrapper  wrapper__spacing-bottom-large--30 wrapper__spacing-bottom-desktop--20  wrapper__gutter--none\"\n  >\n  \t<div class=\"wrapper__container wrapper__container-width-large--default\">\n\t  <div class=\"wrapper__inner wrapper__width-large--24 wrapper__width-mobile--24\">\n\t\t<p\n\t\tclass=\"paragraph paragraph__align--left paragraph__color--black paragraph__size--default   block-paragraph__paragraph\"\n\t\t\t>\n\t\tHij houdt wel van een lekker stukje vlees, maar voor de barbecue waarmee de gemeenteraad van Epe vrijdag het politieke jaar afsluit, heeft hij zich als vegetari\u00ebr aangemeld. Hans de Goede, fractievoorzitter van D66, wil uitsluiten dat hij vlees eet dat afkomstig is uit de omstreden slachterij Gosschalk.\t<\/p>\t  <\/div>\n\t<\/div>\n  <\/div>\n\n\t<\/div>\n\n\t<div class=\"block-post-content__sidebar\">\n\t\t\n\t\t\n\t\t\t<\/div>\n<\/section>\n\t  <\/div>\n\t<\/div>\n  <\/div>\n\n\n<div\n  id=\"\"\n  class=\"wrapper  wrapper__spacing-bottom-large--50 wrapper__spacing-bottom-desktop--70 wrapper__spacing-bottom-mobile--50  wrapper__gutter--none\"\n  >\n  \t<div class=\"wrapper__container wrapper__container-width-large--default\">\n\t  <div class=\"wrapper__inner wrapper__width-large--18 wrapper__width-desktop--22 wrapper__width-mobile--24 wrapper__offset-large--6 wrapper__offset-desktop--2 wrapper__offset-mobile--0\">\n\t\t<section class=\"block-post-content\">\n\t<div class=\"block-post-content__title\">\n\t\t<h3 class=\"heading  heading__color--black heading__size--medium heading__font--sans heading__weight--semiBold  block-post-content__heading\" id=\"nav-onder-vuur2768\" data-nav-heading-mobile=\"Onder vuur\">\n\tOnder vuur<\/h3>\t<\/div>\n\t<div class=\"block-post-content__content\">\n\t\t\n<div\n  id=\"\"\n  class=\"wrapper  wrapper__spacing-bottom-large--30 wrapper__spacing-bottom-desktop--20  wrapper__gutter--none\"\n  >\n  \t<div class=\"wrapper__container wrapper__container-width-large--default\">\n\t  <div class=\"wrapper__inner wrapper__width-large--24 wrapper__width-mobile--24\">\n\t\t<p\n\t\tclass=\"paragraph paragraph__align--left paragraph__color--black paragraph__size--default   block-paragraph__paragraph\"\n\t\t\t>\n\t\tHet plaatselijke slachthuis ligt zwaar onder vuur sinds vorige week beelden uitlekten waarop te zien is hoe dieren in de slachterij ernstig worden mishandeld door het personeel. Toezichthouder NVWA besloot dat Gosschalk per direct zijn deuren moest sluiten. Het Openbaar Ministerie startte een strafrechtelijk onderzoek en landbouwminister Carola Schouten sprak haar afschuw uit over de geconstateerde misstanden. Dat gebeurde nadat D66-Kamerlid Tjeerd de Groot tijdens het Vragenuurtje in de Tweede Kamer op sluiting had aangedrongen.\t<\/p>\t  <\/div>\n\t<\/div>\n  <\/div>\n\n\t<\/div>\n\n\t<div class=\"block-post-content__sidebar\">\n\t\t\n\t\t\n\t\t\t<\/div>\n<\/section>\n\t  <\/div>\n\t<\/div>\n  <\/div>\n\n\n<div\n  id=\"\"\n  class=\"wrapper  wrapper__spacing-bottom-large--50 wrapper__spacing-bottom-desktop--70 wrapper__spacing-bottom-mobile--50  wrapper__gutter--none\"\n  >\n  \t<div class=\"wrapper__container wrapper__container-width-large--default\">\n\t  <div class=\"wrapper__inner wrapper__width-large--18 wrapper__width-desktop--22 wrapper__width-mobile--24 wrapper__offset-large--6 wrapper__offset-desktop--2 wrapper__offset-mobile--0\">\n\t\t<section class=\"block-post-content\">\n\t<div class=\"block-post-content__title\">\n\t\t<h3 class=\"heading  heading__color--black heading__size--medium heading__font--sans heading__weight--semiBold  block-post-content__heading\" id=\"nav-onduidelijke-afkomst7905\" data-nav-heading-mobile=\"Onduidelijke afkomst\">\n\tOnduidelijke afkomst<\/h3>\t<\/div>\n\t<div class=\"block-post-content__content\">\n\t\t\n<div\n  id=\"\"\n  class=\"wrapper  wrapper__spacing-bottom-large--30 wrapper__spacing-bottom-desktop--20  wrapper__gutter--none\"\n  >\n  \t<div class=\"wrapper__container wrapper__container-width-large--default\">\n\t  <div class=\"wrapper__inner wrapper__width-large--24 wrapper__width-mobile--24\">\n\t\t<p\n\t\tclass=\"paragraph paragraph__align--left paragraph__color--black paragraph__size--default   block-paragraph__paragraph\"\n\t\t\t>\n\t\tDe Groots partijgenoot De Goede vindt het onder die omstandigheden onbestaanbaar dat hij zich tegoed doet aan vlees dat bij Gosschalk vandaan komt. ,,Ik heb ge\u00efnformeerd waar het vlees van onze eindejaarsbarbecue vandaan komt\u2019\u2019, zei hij tegen zijn collega-fractievoorzitters. ,,Daar kreeg ik geen duidelijk antwoord op. Wel bij welke slager het is besteld. Voor zover ik weet haalt die het vlees bij Gosschalk vandaan. Daarom heb ik me aangemeld als vegetari\u00ebr.\u2019\u2019<br><br>Of andere raadsleden dat voorbeeld volgen is niet bekend.\t<\/p>\t  <\/div>\n\t<\/div>\n  <\/div>\n\n\n<div\n  id=\"\"\n  class=\"wrapper  wrapper__spacing-bottom-large--20  wrapper__gutter--none\"\n  >\n  \t<div class=\"wrapper__container wrapper__container-width-large--default\">\n\t  <div class=\"wrapper__inner wrapper__width-large--24 wrapper__width-mobile--24\">\n\t\t\t<div class=\"block-lists  block-lists__color--black\">\n\t\t<p class=\"paragraph  paragraph__color--black paragraph__size--default\">\n\t\t\t<\/p><ul class=\"block-lists lists__lists lists__weight--medium lists__color--black lists__type--default\">\n\t<\/ul>\t<\/div>\n\t\t  <\/div>\n\t<\/div>\n  <\/div>\n\n\t<\/div>\n\n\t<div class=\"block-post-content__sidebar\">\n\t\t\n\t\t\n\t\t\t<\/div>\n<\/section>\n\t  <\/div>\n\t<\/div>\n  <\/div>\n","protected":false},"excerpt":{"rendered":"","protected":false},"author":505,"featured_media":439,"comment_status":"closed","ping_status":"open","sticky":false,"template":"","format":"standard","meta":{"_acf_changed":false,"footnotes":""},"categories":[1],"labels":[],"search-tags":[26],"class_list":["post-627","post","type-post","status-publish","format-standard","has-post-thumbnail","hentry","category-d66-epe","search-tags-lokaal"],"acf":[],"yoast_head":"<!-- This site is optimized with the Yoast SEO plugin v27.3 - https:\/\/yoast.com\/product\/yoast-seo-wordpress\/ -->\n<title>D66 Gemeente Epe &#8212; Raadslid is uit protest \u00e9\u00e9n dag vegetari\u00ebr in Epe<\/title>\n<meta name=\"description\" content=\"Hans de Goede, fractievoorzitter van D66, wil uitsluiten dat hij vlees eet dat afkomstig is uit de omstreden slachterij Gosschalk.\" \/>\n<meta name=\"robots\" content=\"index, follow, max-snippet:-1, max-image-preview:large, max-video-preview:-1\" \/>\n<link rel=\"canonical\" href=\"https:\/\/d66.nl\/epe\/nieuws\/raadslid-is-uit-protest-een-dag-vegetarier-in-epe\" \/>\n<meta property=\"og:locale\" content=\"nl_NL\" \/>\n<meta property=\"og:type\" content=\"article\" \/>\n<meta property=\"og:title\" content=\"D66 Gemeente Epe &#8212; Raadslid is uit protest \u00e9\u00e9n dag vegetari\u00ebr in Epe\" \/>\n<meta property=\"og:description\" content=\"Hans de Goede, fractievoorzitter van D66, wil uitsluiten dat hij vlees eet dat afkomstig is uit de omstreden slachterij Gosschalk.\" \/>\n<meta property=\"og:url\" content=\"https:\/\/d66.nl\/epe\/nieuws\/raadslid-is-uit-protest-een-dag-vegetarier-in-epe\/\" \/>\n<meta property=\"og:site_name\" content=\"D66 Gemeente Epe\" \/>\n<meta property=\"article:published_time\" content=\"2021-07-06T15:42:00+00:00\" \/>\n<meta property=\"article:modified_time\" content=\"2022-01-08T11:17:25+00:00\" \/>\n<meta property=\"og:image\" content=\"https:\/\/d66.nl\/epe\/wp-content\/uploads\/sites\/193\/2021\/12\/IMG_0111Headshotk-1024x683.jpg\" \/>\n\t<meta property=\"og:image:width\" content=\"1024\" \/>\n\t<meta property=\"og:image:height\" content=\"683\" \/>\n\t<meta property=\"og:image:type\" content=\"image\/jpeg\" \/>\n<meta name=\"author\" content=\"Mieke Schilder\" \/>\n<meta name=\"twitter:card\" content=\"summary_large_image\" \/>\n<meta name=\"twitter:label1\" content=\"Geschreven door\" \/>\n\t<meta name=\"twitter:data1\" content=\"Mieke Schilder\" \/>\n<script type=\"application\/ld+json\" class=\"yoast-schema-graph\">{\"@context\":\"https:\\\/\\\/schema.org\",\"@graph\":[{\"@type\":\"Article\",\"@id\":\"https:\\\/\\\/d66.nl\\\/epe\\\/nieuws\\\/raadslid-is-uit-protest-een-dag-vegetarier-in-epe\\\/#article\",\"isPartOf\":{\"@id\":\"https:\\\/\\\/d66.nl\\\/epe\\\/nieuws\\\/raadslid-is-uit-protest-een-dag-vegetarier-in-epe\\\/\"},\"author\":{\"name\":\"Mieke Schilder\",\"@id\":\"https:\\\/\\\/d66.nl\\\/epe\\\/#\\\/schema\\\/person\\\/be9d0af474de1b8f804c8723ca63c3d3\"},\"headline\":\"Raadslid is uit protest \u00e9\u00e9n dag vegetari\u00ebr in Epe\",\"datePublished\":\"2021-07-06T15:42:00+00:00\",\"dateModified\":\"2022-01-08T11:17:25+00:00\",\"mainEntityOfPage\":{\"@id\":\"https:\\\/\\\/d66.nl\\\/epe\\\/nieuws\\\/raadslid-is-uit-protest-een-dag-vegetarier-in-epe\\\/\"},\"wordCount\":10,\"publisher\":{\"@id\":\"https:\\\/\\\/d66.nl\\\/epe\\\/#organization\"},\"image\":{\"@id\":\"https:\\\/\\\/d66.nl\\\/epe\\\/nieuws\\\/raadslid-is-uit-protest-een-dag-vegetarier-in-epe\\\/#primaryimage\"},\"thumbnailUrl\":\"https:\\\/\\\/d66.nl\\\/epe\\\/wp-content\\\/uploads\\\/sites\\\/193\\\/2021\\\/12\\\/IMG_0111Headshotk.jpg\",\"articleSection\":[\"D66 Gemeente Epe\"],\"inLanguage\":\"nl-NL\"},{\"@type\":\"WebPage\",\"@id\":\"https:\\\/\\\/d66.nl\\\/epe\\\/nieuws\\\/raadslid-is-uit-protest-een-dag-vegetarier-in-epe\\\/\",\"url\":\"https:\\\/\\\/d66.nl\\\/epe\\\/nieuws\\\/raadslid-is-uit-protest-een-dag-vegetarier-in-epe\\\/\",\"name\":\"D66 Gemeente Epe &#8212; Raadslid is uit protest \u00e9\u00e9n dag vegetari\u00ebr in Epe\",\"isPartOf\":{\"@id\":\"https:\\\/\\\/d66.nl\\\/epe\\\/#website\"},\"primaryImageOfPage\":{\"@id\":\"https:\\\/\\\/d66.nl\\\/epe\\\/nieuws\\\/raadslid-is-uit-protest-een-dag-vegetarier-in-epe\\\/#primaryimage\"},\"image\":{\"@id\":\"https:\\\/\\\/d66.nl\\\/epe\\\/nieuws\\\/raadslid-is-uit-protest-een-dag-vegetarier-in-epe\\\/#primaryimage\"},\"thumbnailUrl\":\"https:\\\/\\\/d66.nl\\\/epe\\\/wp-content\\\/uploads\\\/sites\\\/193\\\/2021\\\/12\\\/IMG_0111Headshotk.jpg\",\"datePublished\":\"2021-07-06T15:42:00+00:00\",\"dateModified\":\"2022-01-08T11:17:25+00:00\",\"description\":\"Hans de Goede, fractievoorzitter van D66, wil uitsluiten dat hij vlees eet dat afkomstig is uit de omstreden slachterij Gosschalk.\",\"breadcrumb\":{\"@id\":\"https:\\\/\\\/d66.nl\\\/epe\\\/nieuws\\\/raadslid-is-uit-protest-een-dag-vegetarier-in-epe\\\/#breadcrumb\"},\"inLanguage\":\"nl-NL\",\"potentialAction\":[{\"@type\":\"ReadAction\",\"target\":[\"https:\\\/\\\/d66.nl\\\/epe\\\/nieuws\\\/raadslid-is-uit-protest-een-dag-vegetarier-in-epe\\\/\"]}]},{\"@type\":\"ImageObject\",\"inLanguage\":\"nl-NL\",\"@id\":\"https:\\\/\\\/d66.nl\\\/epe\\\/nieuws\\\/raadslid-is-uit-protest-een-dag-vegetarier-in-epe\\\/#primaryimage\",\"url\":\"https:\\\/\\\/d66.nl\\\/epe\\\/wp-content\\\/uploads\\\/sites\\\/193\\\/2021\\\/12\\\/IMG_0111Headshotk.jpg\",\"contentUrl\":\"https:\\\/\\\/d66.nl\\\/epe\\\/wp-content\\\/uploads\\\/sites\\\/193\\\/2021\\\/12\\\/IMG_0111Headshotk.jpg\",\"width\":2250,\"height\":1500},{\"@type\":\"BreadcrumbList\",\"@id\":\"https:\\\/\\\/d66.nl\\\/epe\\\/nieuws\\\/raadslid-is-uit-protest-een-dag-vegetarier-in-epe\\\/#breadcrumb\",\"itemListElement\":[{\"@type\":\"ListItem\",\"position\":1,\"name\":\"Home\",\"item\":\"https:\\\/\\\/d66.nl\\\/epe\\\/\"},{\"@type\":\"ListItem\",\"position\":2,\"name\":\"Raadslid is uit protest \u00e9\u00e9n dag vegetari\u00ebr in Epe\"}]},{\"@type\":\"WebSite\",\"@id\":\"https:\\\/\\\/d66.nl\\\/epe\\\/#website\",\"url\":\"https:\\\/\\\/d66.nl\\\/epe\\\/\",\"name\":\"D66 Gemeente Epe\",\"description\":\"Just another D66 Sites site\",\"publisher\":{\"@id\":\"https:\\\/\\\/d66.nl\\\/epe\\\/#organization\"},\"potentialAction\":[{\"@type\":\"SearchAction\",\"target\":{\"@type\":\"EntryPoint\",\"urlTemplate\":\"https:\\\/\\\/d66.nl\\\/epe\\\/?s={search_term_string}\"},\"query-input\":{\"@type\":\"PropertyValueSpecification\",\"valueRequired\":true,\"valueName\":\"search_term_string\"}}],\"inLanguage\":\"nl-NL\"},{\"@type\":\"Organization\",\"@id\":\"https:\\\/\\\/d66.nl\\\/epe\\\/#organization\",\"name\":\"D66\",\"url\":\"https:\\\/\\\/d66.nl\\\/epe\\\/\",\"logo\":{\"@type\":\"ImageObject\",\"inLanguage\":\"nl-NL\",\"@id\":\"https:\\\/\\\/d66.nl\\\/epe\\\/#\\\/schema\\\/logo\\\/image\\\/\",\"url\":\"https:\\\/\\\/d66.nl\\\/epe\\\/wp-content\\\/uploads\\\/sites\\\/2\\\/2021\\\/10\\\/d66-themas-algemeen-og.png\",\"contentUrl\":\"https:\\\/\\\/d66.nl\\\/epe\\\/wp-content\\\/uploads\\\/sites\\\/2\\\/2021\\\/10\\\/d66-themas-algemeen-og.png\",\"width\":1200,\"height\":628,\"caption\":\"D66\"},\"image\":{\"@id\":\"https:\\\/\\\/d66.nl\\\/epe\\\/#\\\/schema\\\/logo\\\/image\\\/\"}},{\"@type\":\"Person\",\"@id\":\"https:\\\/\\\/d66.nl\\\/epe\\\/#\\\/schema\\\/person\\\/be9d0af474de1b8f804c8723ca63c3d3\",\"name\":\"Mieke Schilder\",\"image\":{\"@type\":\"ImageObject\",\"inLanguage\":\"nl-NL\",\"@id\":\"https:\\\/\\\/secure.gravatar.com\\\/avatar\\\/18f35d1ffd0cfe3574d7291dbaf6aa1747befa361da916ba3e6bbc149ea64837?s=96&d=mm&r=g\",\"url\":\"https:\\\/\\\/secure.gravatar.com\\\/avatar\\\/18f35d1ffd0cfe3574d7291dbaf6aa1747befa361da916ba3e6bbc149ea64837?s=96&d=mm&r=g\",\"contentUrl\":\"https:\\\/\\\/secure.gravatar.com\\\/avatar\\\/18f35d1ffd0cfe3574d7291dbaf6aa1747befa361da916ba3e6bbc149ea64837?s=96&d=mm&r=g\",\"caption\":\"Mieke Schilder\"}}]}<\/script>\n<!-- \/ Yoast SEO plugin. -->","yoast_head_json":{"title":"D66 Gemeente Epe &#8212; Raadslid is uit protest \u00e9\u00e9n dag vegetari\u00ebr in Epe","description":"Hans de Goede, fractievoorzitter van D66, wil uitsluiten dat hij vlees eet dat afkomstig is uit de omstreden slachterij Gosschalk.","robots":{"index":"index","follow":"follow","max-snippet":"max-snippet:-1","max-image-preview":"max-image-preview:large","max-video-preview":"max-video-preview:-1"},"canonical":"https:\/\/d66.nl\/epe\/nieuws\/raadslid-is-uit-protest-een-dag-vegetarier-in-epe","og_locale":"nl_NL","og_type":"article","og_title":"D66 Gemeente Epe &#8212; Raadslid is uit protest \u00e9\u00e9n dag vegetari\u00ebr in Epe","og_description":"Hans de Goede, fractievoorzitter van D66, wil uitsluiten dat hij vlees eet dat afkomstig is uit de omstreden slachterij Gosschalk.","og_url":"https:\/\/d66.nl\/epe\/nieuws\/raadslid-is-uit-protest-een-dag-vegetarier-in-epe\/","og_site_name":"D66 Gemeente Epe","article_published_time":"2021-07-06T15:42:00+00:00","article_modified_time":"2022-01-08T11:17:25+00:00","og_image":[{"width":1024,"height":683,"url":"https:\/\/d66.nl\/epe\/wp-content\/uploads\/sites\/193\/2021\/12\/IMG_0111Headshotk-1024x683.jpg","type":"image\/jpeg"}],"author":"Mieke Schilder","twitter_card":"summary_large_image","twitter_misc":{"Geschreven door":"Mieke Schilder"},"schema":{"@context":"https:\/\/schema.org","@graph":[{"@type":"Article","@id":"https:\/\/d66.nl\/epe\/nieuws\/raadslid-is-uit-protest-een-dag-vegetarier-in-epe\/#article","isPartOf":{"@id":"https:\/\/d66.nl\/epe\/nieuws\/raadslid-is-uit-protest-een-dag-vegetarier-in-epe\/"},"author":{"name":"Mieke Schilder","@id":"https:\/\/d66.nl\/epe\/#\/schema\/person\/be9d0af474de1b8f804c8723ca63c3d3"},"headline":"Raadslid is uit protest \u00e9\u00e9n dag vegetari\u00ebr in Epe","datePublished":"2021-07-06T15:42:00+00:00","dateModified":"2022-01-08T11:17:25+00:00","mainEntityOfPage":{"@id":"https:\/\/d66.nl\/epe\/nieuws\/raadslid-is-uit-protest-een-dag-vegetarier-in-epe\/"},"wordCount":10,"publisher":{"@id":"https:\/\/d66.nl\/epe\/#organization"},"image":{"@id":"https:\/\/d66.nl\/epe\/nieuws\/raadslid-is-uit-protest-een-dag-vegetarier-in-epe\/#primaryimage"},"thumbnailUrl":"https:\/\/d66.nl\/epe\/wp-content\/uploads\/sites\/193\/2021\/12\/IMG_0111Headshotk.jpg","articleSection":["D66 Gemeente Epe"],"inLanguage":"nl-NL"},{"@type":"WebPage","@id":"https:\/\/d66.nl\/epe\/nieuws\/raadslid-is-uit-protest-een-dag-vegetarier-in-epe\/","url":"https:\/\/d66.nl\/epe\/nieuws\/raadslid-is-uit-protest-een-dag-vegetarier-in-epe\/","name":"D66 Gemeente Epe &#8212; Raadslid is uit protest \u00e9\u00e9n dag vegetari\u00ebr in Epe","isPartOf":{"@id":"https:\/\/d66.nl\/epe\/#website"},"primaryImageOfPage":{"@id":"https:\/\/d66.nl\/epe\/nieuws\/raadslid-is-uit-protest-een-dag-vegetarier-in-epe\/#primaryimage"},"image":{"@id":"https:\/\/d66.nl\/epe\/nieuws\/raadslid-is-uit-protest-een-dag-vegetarier-in-epe\/#primaryimage"},"thumbnailUrl":"https:\/\/d66.nl\/epe\/wp-content\/uploads\/sites\/193\/2021\/12\/IMG_0111Headshotk.jpg","datePublished":"2021-07-06T15:42:00+00:00","dateModified":"2022-01-08T11:17:25+00:00","description":"Hans de Goede, fractievoorzitter van D66, wil uitsluiten dat hij vlees eet dat afkomstig is uit de omstreden slachterij Gosschalk.","breadcrumb":{"@id":"https:\/\/d66.nl\/epe\/nieuws\/raadslid-is-uit-protest-een-dag-vegetarier-in-epe\/#breadcrumb"},"inLanguage":"nl-NL","potentialAction":[{"@type":"ReadAction","target":["https:\/\/d66.nl\/epe\/nieuws\/raadslid-is-uit-protest-een-dag-vegetarier-in-epe\/"]}]},{"@type":"ImageObject","inLanguage":"nl-NL","@id":"https:\/\/d66.nl\/epe\/nieuws\/raadslid-is-uit-protest-een-dag-vegetarier-in-epe\/#primaryimage","url":"https:\/\/d66.nl\/epe\/wp-content\/uploads\/sites\/193\/2021\/12\/IMG_0111Headshotk.jpg","contentUrl":"https:\/\/d66.nl\/epe\/wp-content\/uploads\/sites\/193\/2021\/12\/IMG_0111Headshotk.jpg","width":2250,"height":1500},{"@type":"BreadcrumbList","@id":"https:\/\/d66.nl\/epe\/nieuws\/raadslid-is-uit-protest-een-dag-vegetarier-in-epe\/#breadcrumb","itemListElement":[{"@type":"ListItem","position":1,"name":"Home","item":"https:\/\/d66.nl\/epe\/"},{"@type":"ListItem","position":2,"name":"Raadslid is uit protest \u00e9\u00e9n dag vegetari\u00ebr in Epe"}]},{"@type":"WebSite","@id":"https:\/\/d66.nl\/epe\/#website","url":"https:\/\/d66.nl\/epe\/","name":"D66 Gemeente Epe","description":"Just another D66 Sites site","publisher":{"@id":"https:\/\/d66.nl\/epe\/#organization"},"potentialAction":[{"@type":"SearchAction","target":{"@type":"EntryPoint","urlTemplate":"https:\/\/d66.nl\/epe\/?s={search_term_string}"},"query-input":{"@type":"PropertyValueSpecification","valueRequired":true,"valueName":"search_term_string"}}],"inLanguage":"nl-NL"},{"@type":"Organization","@id":"https:\/\/d66.nl\/epe\/#organization","name":"D66","url":"https:\/\/d66.nl\/epe\/","logo":{"@type":"ImageObject","inLanguage":"nl-NL","@id":"https:\/\/d66.nl\/epe\/#\/schema\/logo\/image\/","url":"https:\/\/d66.nl\/epe\/wp-content\/uploads\/sites\/2\/2021\/10\/d66-themas-algemeen-og.png","contentUrl":"https:\/\/d66.nl\/epe\/wp-content\/uploads\/sites\/2\/2021\/10\/d66-themas-algemeen-og.png","width":1200,"height":628,"caption":"D66"},"image":{"@id":"https:\/\/d66.nl\/epe\/#\/schema\/logo\/image\/"}},{"@type":"Person","@id":"https:\/\/d66.nl\/epe\/#\/schema\/person\/be9d0af474de1b8f804c8723ca63c3d3","name":"Mieke Schilder","image":{"@type":"ImageObject","inLanguage":"nl-NL","@id":"https:\/\/secure.gravatar.com\/avatar\/18f35d1ffd0cfe3574d7291dbaf6aa1747befa361da916ba3e6bbc149ea64837?s=96&d=mm&r=g","url":"https:\/\/secure.gravatar.com\/avatar\/18f35d1ffd0cfe3574d7291dbaf6aa1747befa361da916ba3e6bbc149ea64837?s=96&d=mm&r=g","contentUrl":"https:\/\/secure.gravatar.com\/avatar\/18f35d1ffd0cfe3574d7291dbaf6aa1747befa361da916ba3e6bbc149ea64837?s=96&d=mm&r=g","caption":"Mieke Schilder"}}]}},"_links":{"self":[{"href":"https:\/\/d66.nl\/epe\/wp-json\/wp\/v2\/posts\/627","targetHints":{"allow":["GET"]}}],"collection":[{"href":"https:\/\/d66.nl\/epe\/wp-json\/wp\/v2\/posts"}],"about":[{"href":"https:\/\/d66.nl\/epe\/wp-json\/wp\/v2\/types\/post"}],"author":[{"embeddable":true,"href":"https:\/\/d66.nl\/epe\/wp-json\/wp\/v2\/users\/505"}],"replies":[{"embeddable":true,"href":"https:\/\/d66.nl\/epe\/wp-json\/wp\/v2\/comments?post=627"}],"version-history":[{"count":4,"href":"https:\/\/d66.nl\/epe\/wp-json\/wp\/v2\/posts\/627\/revisions"}],"predecessor-version":[{"id":797,"href":"https:\/\/d66.nl\/epe\/wp-json\/wp\/v2\/posts\/627\/revisions\/797"}],"wp:featuredmedia":[{"embeddable":true,"href":"https:\/\/d66.nl\/epe\/wp-json\/wp\/v2\/media\/439"}],"wp:attachment":[{"href":"https:\/\/d66.nl\/epe\/wp-json\/wp\/v2\/media?parent=627"}],"wp:term":[{"taxonomy":"category","embeddable":true,"href":"https:\/\/d66.nl\/epe\/wp-json\/wp\/v2\/categories?post=627"},{"taxonomy":"labels","embeddable":true,"href":"https:\/\/d66.nl\/epe\/wp-json\/wp\/v2\/labels?post=627"},{"taxonomy":"search-tags","embeddable":true,"href":"https:\/\/d66.nl\/epe\/wp-json\/wp\/v2\/search-tags?post=627"}],"curies":[{"name":"wp","href":"https:\/\/api.w.org\/{rel}","templated":true}]}}