{"id":1191,"date":"2023-10-30T13:51:00","date_gmt":"2023-10-30T13:51:00","guid":{"rendered":"https:\/\/d66.nl\/epe\/nieuws\/"},"modified":"2024-02-14T13:56:29","modified_gmt":"2024-02-14T13:56:29","slug":"raadsfracties-aan-het-woord-oktober-2023","status":"publish","type":"post","link":"https:\/\/d66.nl\/epe\/nieuws\/raadsfracties-aan-het-woord-oktober-2023","title":{"rendered":"Raadsfracties aan het woord &#8211; Oktober 2023"},"content":{"rendered":"<div\n  id=\"\"\n  class=\"wrapper  wrapper__spacing-bottom-large--50 wrapper__spacing-bottom-desktop--66 wrapper__spacing-bottom-mobile--76  wrapper__gutter--none\"\n  >\n  \t<div class=\"wrapper__container wrapper__container-width-large--default\">\n\t  <div class=\"wrapper__inner wrapper__width-large--14 wrapper__width-desktop--20 wrapper__width-mobile--24 wrapper__offset-large--6 wrapper__offset-desktop--4 wrapper__offset-mobile--0\">\n\t\t<h1 class=\"heading   heading__size--giant heading__font--serif heading__weight--regular  block-heading__heading\" id=\"nav-jongeren-en-politiek4623\"  data-nav-heading-mobile=\"Jongeren en politiek\" >\n\tJongeren en politiek<\/h1>\t  <\/div>\n\t<\/div>\n  <\/div>\n\n\n<div\n  id=\"\"\n  class=\"wrapper  wrapper__spacing-bottom-large--50 wrapper__spacing-bottom-mobile--40  wrapper__gutter--none\"\n  >\n  \t<div class=\"wrapper__container wrapper__container-width-large--default\">\n\t  <div class=\"wrapper__inner wrapper__width-large--13 wrapper__width-desktop--22 wrapper__width-mobile--24 wrapper__offset-large--6 wrapper__offset-desktop--2 wrapper__offset-mobile--0\">\n\t\t<p\n\t\tclass=\"paragraph   paragraph__size--big   block-paragraph__paragraph\"\n\t\t\t>\n\t\tJongeren verdienen meer inspraak, vindt ook Sander van den Berg &#8211; h\u00e9t D66 raadslid dat zich hard maakt voor jongerenparticipatie.\t<\/p>\t  <\/div>\n\t<\/div>\n  <\/div>\n\n\n<div\n  id=\"\"\n  class=\"wrapper  wrapper__spacing-bottom-large--30 wrapper__spacing-bottom-desktop--20 wrapper__spacing-bottom-mobile--10  wrapper__gutter--none\"\n  >\n  \t<div class=\"wrapper__container wrapper__container-width-large--default\">\n\t  <div class=\"wrapper__inner wrapper__width-large--14 wrapper__width-desktop--24 wrapper__width-mobile--24 wrapper__offset-large--6 wrapper__offset-desktop--2 wrapper__offset-mobile--0\">\n\t\t<section class=\"block-related-post-metadata js-block-related-post-metadata\">\n\t<div class=\"block-related-post-metadata__content-wrapper\">\n\t\t<div class=\"block-related-post-metadata__persons\">\n\t\t\t<div class=\"related-person-info__wrapper\">\n\t\t\t<div class=\"related-person-info__item related-person-info__color--yellow\">\n\t\t\t<a class=\"related-person-info__link\" href=\"https:\/\/d66.nl\/epe\/mensen\/sander-van-den-berg\/\">\n\t\t\t\t<div class=\"related-person-info__image_container\">\n\t\t\t\t<img loading=\"lazy\" decoding=\"async\" width=\"150\" height=\"150\" src=\"https:\/\/d66.nl\/epe\/wp-content\/uploads\/sites\/193\/2021\/12\/IMG_0216Headshotk-1-150x150.jpg\" class=\"related-person-info__image\" alt=\"\" \/>\t\t\t\t<\/div>\n\t\t\t\t<div class=\"related-person-info__meta\">\n\t\t\t\t\t\t\t\t\t<header class=\"related-person-info__header\">\n\t\t\t\t\t\t<h3 class=\"heading   heading__size--small heading__font--sans heading__weight--bold\" id=\"nav-sander-van-den-berg7607\">\n\tSander van den Berg<\/h3>\t\t\t\t\t<\/header>\n\t\t\t\t\t\t\t\t\t\t\t\t\t<div class=\"related-person-info__description\">\n\t\t\t\t\t\t<p class=\"paragraph   paragraph__size--small paragraph__weight--normal\">\n\t\tFractievoorzitter\t<\/p>\t\t\t\t\t<\/div>\n\t\t\t\t\t\t\t\t<\/div>\n\t\t\t<\/a>\n\t\t<\/div>\n\t\t\t\t<div class=\"related-person-info__item related-person-info__color--tomato\">\n\t\t\t<a class=\"related-person-info__link\" href=\"https:\/\/d66.nl\/epe\/mensen\/nathalie-doorn\/\">\n\t\t\t\t<div class=\"related-person-info__image_container\">\n\t\t\t\t<img loading=\"lazy\" decoding=\"async\" width=\"150\" height=\"150\" src=\"https:\/\/d66.nl\/epe\/wp-content\/uploads\/sites\/193\/2021\/12\/IMG_0007Headshotk-150x150.jpg\" class=\"related-person-info__image\" alt=\"\" \/>\t\t\t\t<\/div>\n\t\t\t\t<div class=\"related-person-info__meta\">\n\t\t\t\t\t\t\t\t\t<header class=\"related-person-info__header\">\n\t\t\t\t\t\t<h3 class=\"heading   heading__size--small heading__font--sans heading__weight--bold\" id=\"nav-nathalie-doorn1032\">\n\tNathalie Doorn<\/h3>\t\t\t\t\t<\/header>\n\t\t\t\t\t\t\t\t\t\t\t\t\t<div class=\"related-person-info__description\">\n\t\t\t\t\t\t<p class=\"paragraph   paragraph__size--small paragraph__weight--normal\">\n\t\tRaadslid\t<\/p>\t\t\t\t\t<\/div>\n\t\t\t\t\t\t\t\t<\/div>\n\t\t\t<\/a>\n\t\t<\/div>\n\t\t<\/div>\t\t<\/div>\n\t\t<div class=\"block-related-post-metadata__meta\">\n\t\t\t<div class=\"block-related-post-metadata__date\">\n\t\t\t\t30.10.2023<div class=\"post-share js-post-share rs_skip_always\">\n\t<button class=\"post-share__share-button js-post-share-share-button\">\n\t\tShare\t\t<svg xmlns='http:\/\/www.w3.org\/2000\/svg' width='100px' height='100px' viewBox='0 0 24 24' fill='none'><path d='m8.684 10.658 6.629-3.314m.003 9.314-6.622-3.311M21 6a3 3 0 1 1-6 0 3 3 0 0 1 6 0ZM9 12a3 3 0 1 1-6 0 3 3 0 0 1 6 0Zm12 6a3 3 0 1 1-6 0 3 3 0 0 1 6 0Z' stroke='currentColor' stroke-width='1.5' fill='none'\/><\/svg>\t<\/button>\n\t<dialog class=\"post-share__dialog js-post-share-dialog\" aria-hidden=\"true\">\n\t\t<div class=\"post-share__dialog-header\">\n\t\t\tShare this post\t\t\t<button class=\"post-share__dialog-close js-post-share-dialog-close\">\n\t\t\t\t<svg xmlns='http:\/\/www.w3.org\/2000\/svg' width='150' height='150' viewBox='0 0 150 150' fill='none'><path d='M44.103 105.897 75 75m30.898-30.898L75 75m0 0L44.103 44.102M75 75l30.898 30.897' stroke='currentColor' stroke-width='5' fill='none'\/><\/svg>\t\t\t<\/button>\n\t\t<\/div>\n\t\t<div class=\"post-share__dialog-socials\">\n\t\t\t\t\t\t\t\t\t\t\t<a class=\"post-share__dialog-item js-post-share-dialog-item\" href=\"#\" target=\"_blank\" data-copy=&quot;true&quot;>\n\t\t\t\t\tKopier link<svg xmlns='http:\/\/www.w3.org\/2000\/svg' width='150' height='150' viewBox='0 0 150 150' fill='none'><path d='M67.468 108.679c-8.533-.512-14.164-3.583-17.407-9.983-3.242-6.314-2.815-12.713 1.195-18.6 1.706-2.56 3.584-5.035 5.46-7.594 1.537-2.048 3.584-2.475 5.462-1.195 2.047 1.45 2.389 3.498.938 5.632-1.706 2.474-3.584 4.948-5.29 7.423-3.242 4.778-2.304 11.092 2.133 14.334 4.864 3.584 11.092 2.731 14.761-1.962 1.963-2.475 3.754-5.12 5.632-7.68 1.194-1.535 2.645-2.218 4.607-1.28 1.792.854 2.645 2.39 2.304 4.267 0 .17 0 .427-.17.597-3.67 5.12-6.4 11.178-12.544 13.993-2.56 1.195-5.46 1.707-6.996 2.219l-.085-.171Z' fill='currentColor'\/><path d='M86.921 44.6c6.144.257 11.605 3.328 14.932 9.728 3.328 6.399 2.816 12.798-1.109 18.856-1.621 2.56-3.498 4.95-5.29 7.424-1.707 2.303-3.754 2.815-5.717 1.45-2.048-1.45-2.304-3.669-.597-6.058 1.621-2.304 3.328-4.608 4.949-6.911 3.498-4.95 2.56-11.348-2.133-14.761-4.779-3.499-11.178-2.475-14.847 2.56-1.792 2.388-3.498 4.863-5.205 7.252-1.62 2.218-3.583 2.56-5.546 1.11-1.877-1.366-2.218-3.414-.768-5.462 2.048-2.986 4.01-5.972 6.314-8.703 3.67-4.351 8.448-6.399 15.103-6.399l-.086-.085Z' fill='currentColor'\/><path d='M71.478 88.457c-3.498-.341-5.46-3.413-3.754-6.143 3.327-5.29 6.825-10.495 10.324-15.7 1.45-2.133 3.413-2.389 5.46-1.109 1.878 1.28 2.219 3.413.854 5.546-3.328 5.034-6.57 9.983-9.983 14.932-.683 1.024-1.963 1.621-2.901 2.389v.085Z' fill='currentColor'\/><\/svg>\t\t\t\t<\/a>\n\t\t\t\t\t\t\t\t\t\t\t<a class=\"post-share__dialog-item js-post-share-dialog-item\" href=\"mailto:?to=%20&amp;body=https%3A%2F%2Fd66.nl%2Fepe%2Fnieuws%2Fraadsfracties-aan-het-woord-oktober-2023\" target=\"_blank\" >\n\t\t\t\t\tMail<svg xmlns='http:\/\/www.w3.org\/2000\/svg' width='40' height='40' viewBox='0 0 40 40' fill='none'><path d='M24.107 15.865a1 1 0 0 1 1.266 1.265l-1.686 5.052a1 1 0 0 1-1.654.392l-3.37-3.37a1.001 1.001 0 0 1 .392-1.654l5.052-1.685Z' fill='currentColor'\/><path d='m21.763 19.475-5.657 5.657' stroke='currentColor' stroke-width='2' stroke-linecap='round' fill='none'\/><\/svg>\t\t\t\t<\/a>\n\t\t\t\t\t\t\t\t\t\t\t<a class=\"post-share__dialog-item js-post-share-dialog-item\" href=\"https:\/\/www.linkedin.com\/sharing\/share-offsite\/?url=https%3A%2F%2Fd66.nl%2Fepe%2Fnieuws%2Fraadsfracties-aan-het-woord-oktober-2023\" target=\"_blank\" >\n\t\t\t\t\tLinkedIn<svg xmlns='http:\/\/www.w3.org\/2000\/svg' width='40' height='40' viewBox='0 0 40 40' fill='none'><path d='M24.107 15.865a1 1 0 0 1 1.266 1.265l-1.686 5.052a1 1 0 0 1-1.654.392l-3.37-3.37a1.001 1.001 0 0 1 .392-1.654l5.052-1.685Z' fill='currentColor'\/><path d='m21.763 19.475-5.657 5.657' stroke='currentColor' stroke-width='2' stroke-linecap='round' fill='none'\/><\/svg>\t\t\t\t<\/a>\n\t\t\t\t\t\t\t\t\t\t\t<a class=\"post-share__dialog-item js-post-share-dialog-item\" href=\"https:\/\/www.facebook.com\/sharer\/sharer.php?u=https%3A%2F%2Fd66.nl%2Fepe%2Fnieuws%2Fraadsfracties-aan-het-woord-oktober-2023\" target=\"_blank\" >\n\t\t\t\t\tFacebook<svg xmlns='http:\/\/www.w3.org\/2000\/svg' width='40' height='40' viewBox='0 0 40 40' fill='none'><path d='M24.107 15.865a1 1 0 0 1 1.266 1.265l-1.686 5.052a1 1 0 0 1-1.654.392l-3.37-3.37a1.001 1.001 0 0 1 .392-1.654l5.052-1.685Z' fill='currentColor'\/><path d='m21.763 19.475-5.657 5.657' stroke='currentColor' stroke-width='2' stroke-linecap='round' fill='none'\/><\/svg>\t\t\t\t<\/a>\n\t\t\t\t\t\t\t\t\t\t\t<a class=\"post-share__dialog-item js-post-share-dialog-item\" href=\"whatsapp:\/\/send?text=https%3A%2F%2Fd66.nl%2Fepe%2Fnieuws%2Fraadsfracties-aan-het-woord-oktober-2023\" target=\"_blank\" >\n\t\t\t\t\tWhatsApp<svg xmlns='http:\/\/www.w3.org\/2000\/svg' width='40' height='40' viewBox='0 0 40 40' fill='none'><path d='M24.107 15.865a1 1 0 0 1 1.266 1.265l-1.686 5.052a1 1 0 0 1-1.654.392l-3.37-3.37a1.001 1.001 0 0 1 .392-1.654l5.052-1.685Z' fill='currentColor'\/><path d='m21.763 19.475-5.657 5.657' stroke='currentColor' stroke-width='2' stroke-linecap='round' fill='none'\/><\/svg>\t\t\t\t<\/a>\n\t\t\t\t\t\t\t\t\t\t\t<a class=\"post-share__dialog-item js-post-share-dialog-item\" href=\"https:\/\/x.com\/intent\/post?url=https%3A%2F%2Fd66.nl%2Fepe%2Fnieuws%2Fraadsfracties-aan-het-woord-oktober-2023\" target=\"_blank\" >\n\t\t\t\t\tTwitter (X)<svg xmlns='http:\/\/www.w3.org\/2000\/svg' width='40' height='40' viewBox='0 0 40 40' fill='none'><path d='M24.107 15.865a1 1 0 0 1 1.266 1.265l-1.686 5.052a1 1 0 0 1-1.654.392l-3.37-3.37a1.001 1.001 0 0 1 .392-1.654l5.052-1.685Z' fill='currentColor'\/><path d='m21.763 19.475-5.657 5.657' stroke='currentColor' stroke-width='2' stroke-linecap='round' fill='none'\/><\/svg>\t\t\t\t<\/a>\n\t\t\t\t\t<\/div>\n\t<\/dialog>\n<\/div>\t\t\t<\/div>\n\t\t\t<div class=\"block-related-post-metadata__categories\">\n\t\t\t\t<div class=\"category-link__wrapper\">\n\t\t\t<div class=\"category-link__item\">\n\t\t\t<a href=\"https:\/\/d66.nl\/epe\/category\/d66-epe\/\">\n\t\t\t\tD66 Gemeente Epe\t\t\t<\/a>\n\t\t<\/div>\n\t\t<\/div>\t\t\t<\/div>\n\t\t<\/div>\n\t<\/div>\n<\/section>\n\t  <\/div>\n\t<\/div>\n  <\/div>\n\n\n<div\n  id=\"\"\n  class=\"wrapper  wrapper__spacing-bottom-large--50 wrapper__spacing-bottom-desktop--70 wrapper__spacing-bottom-mobile--50  wrapper__gutter--none\"\n  >\n  \t<div class=\"wrapper__container wrapper__container-width-large--default\">\n\t  <div class=\"wrapper__inner wrapper__width-large--18 wrapper__width-desktop--22 wrapper__width-mobile--24 wrapper__offset-large--6 wrapper__offset-desktop--2 wrapper__offset-mobile--0\">\n\t\t<section class=\"block-post-content\">\n\t<div class=\"block-post-content__title\">\n\t\t<h3 class=\"heading  heading__color--black heading__size--medium heading__font--sans heading__weight--bold  block-post-content__heading\" id=\"nav-spreken-m--t-jongeren4470\" data-nav-heading-mobile=\"Spreken m\u00e9t jongeren\">\n\tSpreken m\u00e9t jongeren<\/h3>\t<\/div>\n\t<div class=\"block-post-content__content\">\n\t\t\n<div\n  id=\"\"\n  class=\"wrapper  wrapper__spacing-bottom-large--30 wrapper__spacing-bottom-desktop--20  wrapper__gutter--none\"\n  >\n  \t<div class=\"wrapper__container wrapper__container-width-large--default\">\n\t  <div class=\"wrapper__inner wrapper__width-large--24 wrapper__width-mobile--24\">\n\t\t<p\n\t\tclass=\"paragraph paragraph__align--left paragraph__color--black paragraph__size--default   block-paragraph__paragraph\"\n\t\t\t>\n\t\tIn een tijd waarin oorlogen, humanitaire crises, natuurrampen en ander nieuws de boventoon voeren, voelt het onwerkelijk om te schrijven over de lokale politiek. Toch gaan we het proberen, want ook hier gebeurt er veel en zijn er zaken aan te pakken. E\u00e9n daarvan is dat er te vaak \u00f3ver jongeren wordt gesproken in plaats van m\u00e9t hen.\t<\/p>\t  <\/div>\n\t<\/div>\n  <\/div>\n\n\t<\/div>\n\n\t<div class=\"block-post-content__sidebar\">\n\t\t\n\t\t\n\t\t\t<\/div>\n<\/section>\n\t  <\/div>\n\t<\/div>\n  <\/div>\n\n\n<div\n  id=\"\"\n  class=\"wrapper  wrapper__spacing-bottom-large--50 wrapper__spacing-bottom-desktop--70 wrapper__spacing-bottom-mobile--50  wrapper__gutter--none\"\n  >\n  \t<div class=\"wrapper__container wrapper__container-width-large--default\">\n\t  <div class=\"wrapper__inner wrapper__width-large--18 wrapper__width-desktop--22 wrapper__width-mobile--24 wrapper__offset-large--6 wrapper__offset-desktop--2 wrapper__offset-mobile--0\">\n\t\t<section class=\"block-post-content\">\n\t<div class=\"block-post-content__title\">\n\t\t<h3 class=\"heading  heading__color--black heading__size--medium heading__font--sans heading__weight--bold  block-post-content__heading\" id=\"nav-jongerenparticipatie4889\" data-nav-heading-mobile=\"Jongerenparticipatie\">\n\tJongerenparticipatie<\/h3>\t<\/div>\n\t<div class=\"block-post-content__content\">\n\t\t\n<div\n  id=\"\"\n  class=\"wrapper  wrapper__spacing-bottom-large--30 wrapper__spacing-bottom-desktop--20  wrapper__gutter--none\"\n  >\n  \t<div class=\"wrapper__container wrapper__container-width-large--default\">\n\t  <div class=\"wrapper__inner wrapper__width-large--24 wrapper__width-mobile--24\">\n\t\t<p\n\t\tclass=\"paragraph paragraph__align--left paragraph__color--black paragraph__size--default   block-paragraph__paragraph\"\n\t\t\t>\n\t\tJongeren ervaren een afstand tot de politiek. Dit werd ons duidelijk tijdens gesprekken die wij met hen voerden. Jongeren zijn de toekomst van onze gemeente, maar hun geluid wordt in de gemeente vaak onvoldoende gehoord. Daarom werkt onze fractie &#8211; samen met de CDA-fractie &#8211; aan een initiatiefvoorstel voor een nieuwe manier van jongerenparticipatie in onze gemeente, met een volgroeide Jongerenraad als potentieel einddoel.\t<\/p>\t  <\/div>\n\t<\/div>\n  <\/div>\n\n\t<\/div>\n\n\t<div class=\"block-post-content__sidebar\">\n\t\t\n\t\t\n\t\t\t<\/div>\n<\/section>\n\t  <\/div>\n\t<\/div>\n  <\/div>\n\n\n<div\n  id=\"\"\n  class=\"wrapper  wrapper__spacing-bottom-large--50 wrapper__spacing-bottom-desktop--70 wrapper__spacing-bottom-mobile--50  wrapper__gutter--none\"\n  >\n  \t<div class=\"wrapper__container wrapper__container-width-large--default\">\n\t  <div class=\"wrapper__inner wrapper__width-large--18 wrapper__width-desktop--22 wrapper__width-mobile--24 wrapper__offset-large--6 wrapper__offset-desktop--2 wrapper__offset-mobile--0\">\n\t\t<section class=\"block-post-content\">\n\t<div class=\"block-post-content__title\">\n\t\t<h3 class=\"heading  heading__color--black heading__size--medium heading__font--sans heading__weight--bold  block-post-content__heading\" id=\"nav-toekomst-van-onze-gemeente3695\" data-nav-heading-mobile=\"Toekomst van onze gemeente\">\n\tToekomst van onze gemeente<\/h3>\t<\/div>\n\t<div class=\"block-post-content__content\">\n\t\t\n<div\n  id=\"\"\n  class=\"wrapper  wrapper__spacing-bottom-large--30 wrapper__spacing-bottom-desktop--20  wrapper__gutter--none\"\n  >\n  \t<div class=\"wrapper__container wrapper__container-width-large--default\">\n\t  <div class=\"wrapper__inner wrapper__width-large--24 wrapper__width-mobile--24\">\n\t\t<p\n\t\tclass=\"paragraph paragraph__align--left paragraph__color--black paragraph__size--default   block-paragraph__paragraph\"\n\t\t\t>\n\t\tHet is hard nodig. De besluiten van vandaag, hebben invloed op morgen. Wanneer de belangen van jongeren worden meegewogen in de besluitvorming, kan er toekomstbestendig beleid worden gemaakt. Het is tijd voor nieuwe energie voor onze gemeente. Jongeren kijken met een ander perspectief naar de wereld, hebben een frisse blik en zitten vol creatieve idee\u00ebn om de toekomst vorm te geven. Hun toekomst. En daarmee de toekomst van onze gemeente.\t<\/p>\t  <\/div>\n\t<\/div>\n  <\/div>\n\n\t<\/div>\n\n\t<div class=\"block-post-content__sidebar\">\n\t\t\n\t\t\n\t\t\t<\/div>\n<\/section>\n\t  <\/div>\n\t<\/div>\n  <\/div>\n\n\n<div\n  id=\"\"\n  class=\"wrapper  wrapper__spacing-bottom-large--50 wrapper__spacing-bottom-desktop--70 wrapper__spacing-bottom-mobile--50  wrapper__gutter--none\"\n  >\n  \t<div class=\"wrapper__container wrapper__container-width-large--default\">\n\t  <div class=\"wrapper__inner wrapper__width-large--18 wrapper__width-desktop--22 wrapper__width-mobile--24 wrapper__offset-large--6 wrapper__offset-desktop--2 wrapper__offset-mobile--0\">\n\t\t<section class=\"block-post-content\">\n\t<div class=\"block-post-content__title\">\n\t\t<h3 class=\"heading  heading__color--black heading__size--medium heading__font--sans heading__weight--bold  block-post-content__heading\" id=\"nav-we-hebben-ook-jou-nodig-331\" data-nav-heading-mobile=\"We hebben ook jou nodig!\">\n\tWe hebben ook jou nodig!<\/h3>\t<\/div>\n\t<div class=\"block-post-content__content\">\n\t\t\n<div\n  id=\"\"\n  class=\"wrapper  wrapper__spacing-bottom-large--30 wrapper__spacing-bottom-desktop--20  wrapper__gutter--none\"\n  >\n  \t<div class=\"wrapper__container wrapper__container-width-large--default\">\n\t  <div class=\"wrapper__inner wrapper__width-large--24 wrapper__width-mobile--24\">\n\t\t<p\n\t\tclass=\"paragraph paragraph__align--left paragraph__color--black paragraph__size--default   block-paragraph__paragraph\"\n\t\t\t>\n\t\tHet gemeentebestuur is niet alwetend en kan niet zonder de input van inwoners. Jong, oud en alles er tussenin. Jullie maken het iedere dag mee, zien wat er goed gaat, maar ook wat beter kan. Daarom willen wij met jou aan het werk om onze gemeente iedere dag een stukje mooier te maken. Door naar jou te luisteren en met jou in gesprek te gaan. <br><br><br>Loop je ergens tegenaan of heb je een idee dat je met ons wil delen? Je bent van harte welkom bij een van onze fractievergaderingen. Is dat niet mogelijk, dan komen we ook graag bij je langs. Neem vooral contact met ons op!\t<\/p>\t  <\/div>\n\t<\/div>\n  <\/div>\n\n\t<\/div>\n\n\t<div class=\"block-post-content__sidebar\">\n\t\t\n\t\t\n\t\t\t<\/div>\n<\/section>\n\t  <\/div>\n\t<\/div>\n  <\/div>\n","protected":false},"excerpt":{"rendered":"","protected":false},"author":468,"featured_media":0,"comment_status":"open","ping_status":"open","sticky":false,"template":"","format":"standard","meta":{"_acf_changed":false,"footnotes":""},"categories":[1],"labels":[],"search-tags":[],"class_list":["post-1191","post","type-post","status-publish","format-standard","hentry","category-d66-epe"],"acf":[],"yoast_head":"<!-- This site is optimized with the Yoast SEO plugin v27.3 - https:\/\/yoast.com\/product\/yoast-seo-wordpress\/ -->\n<title>D66 Gemeente Epe &#8212; Raadsfracties aan het woord - Oktober 2023<\/title>\n<meta name=\"description\" content=\"Jongeren verdienen meer inspraak, vindt ook Sander van den Berg - h\u00e9t D66 raadslid dat zich hard maakt voor jongerenparticipatie.\" \/>\n<meta name=\"robots\" content=\"index, follow, max-snippet:-1, max-image-preview:large, max-video-preview:-1\" \/>\n<link rel=\"canonical\" href=\"https:\/\/d66.nl\/epe\/nieuws\/raadsfracties-aan-het-woord-oktober-2023\" \/>\n<meta property=\"og:locale\" content=\"nl_NL\" \/>\n<meta property=\"og:type\" content=\"article\" \/>\n<meta property=\"og:title\" content=\"D66 Gemeente Epe &#8212; Raadsfracties aan het woord - Oktober 2023\" \/>\n<meta property=\"og:description\" content=\"Jongeren verdienen meer inspraak, vindt ook Sander van den Berg - h\u00e9t D66 raadslid dat zich hard maakt voor jongerenparticipatie.\" \/>\n<meta property=\"og:url\" content=\"https:\/\/d66.nl\/epe\/nieuws\/raadsfracties-aan-het-woord-oktober-2023\/\" \/>\n<meta property=\"og:site_name\" content=\"D66 Gemeente Epe\" \/>\n<meta property=\"article:published_time\" content=\"2023-10-30T13:51:00+00:00\" \/>\n<meta property=\"article:modified_time\" content=\"2024-02-14T13:56:29+00:00\" \/>\n<meta name=\"author\" content=\"nathalie-doorn\" \/>\n<meta name=\"twitter:card\" content=\"summary_large_image\" \/>\n<meta name=\"twitter:label1\" content=\"Geschreven door\" \/>\n\t<meta name=\"twitter:data1\" content=\"nathalie-doorn\" \/>\n<script type=\"application\/ld+json\" class=\"yoast-schema-graph\">{\"@context\":\"https:\\\/\\\/schema.org\",\"@graph\":[{\"@type\":\"Article\",\"@id\":\"https:\\\/\\\/d66.nl\\\/epe\\\/nieuws\\\/raadsfracties-aan-het-woord-oktober-2023\\\/#article\",\"isPartOf\":{\"@id\":\"https:\\\/\\\/d66.nl\\\/epe\\\/nieuws\\\/raadsfracties-aan-het-woord-oktober-2023\\\/\"},\"author\":{\"name\":\"nathalie-doorn\",\"@id\":\"https:\\\/\\\/d66.nl\\\/epe\\\/#\\\/schema\\\/person\\\/ecec925360c1cda1c62a2feb85ee5d66\"},\"headline\":\"Raadsfracties aan het woord &#8211; Oktober 2023\",\"datePublished\":\"2023-10-30T13:51:00+00:00\",\"dateModified\":\"2024-02-14T13:56:29+00:00\",\"mainEntityOfPage\":{\"@id\":\"https:\\\/\\\/d66.nl\\\/epe\\\/nieuws\\\/raadsfracties-aan-het-woord-oktober-2023\\\/\"},\"wordCount\":6,\"commentCount\":0,\"publisher\":{\"@id\":\"https:\\\/\\\/d66.nl\\\/epe\\\/#organization\"},\"articleSection\":[\"D66 Gemeente Epe\"],\"inLanguage\":\"nl-NL\",\"potentialAction\":[{\"@type\":\"CommentAction\",\"name\":\"Comment\",\"target\":[\"https:\\\/\\\/d66.nl\\\/epe\\\/nieuws\\\/raadsfracties-aan-het-woord-oktober-2023\\\/#respond\"]}]},{\"@type\":\"WebPage\",\"@id\":\"https:\\\/\\\/d66.nl\\\/epe\\\/nieuws\\\/raadsfracties-aan-het-woord-oktober-2023\\\/\",\"url\":\"https:\\\/\\\/d66.nl\\\/epe\\\/nieuws\\\/raadsfracties-aan-het-woord-oktober-2023\\\/\",\"name\":\"D66 Gemeente Epe &#8212; Raadsfracties aan het woord - Oktober 2023\",\"isPartOf\":{\"@id\":\"https:\\\/\\\/d66.nl\\\/epe\\\/#website\"},\"datePublished\":\"2023-10-30T13:51:00+00:00\",\"dateModified\":\"2024-02-14T13:56:29+00:00\",\"description\":\"Jongeren verdienen meer inspraak, vindt ook Sander van den Berg - h\u00e9t D66 raadslid dat zich hard maakt voor jongerenparticipatie.\",\"breadcrumb\":{\"@id\":\"https:\\\/\\\/d66.nl\\\/epe\\\/nieuws\\\/raadsfracties-aan-het-woord-oktober-2023\\\/#breadcrumb\"},\"inLanguage\":\"nl-NL\",\"potentialAction\":[{\"@type\":\"ReadAction\",\"target\":[\"https:\\\/\\\/d66.nl\\\/epe\\\/nieuws\\\/raadsfracties-aan-het-woord-oktober-2023\\\/\"]}]},{\"@type\":\"BreadcrumbList\",\"@id\":\"https:\\\/\\\/d66.nl\\\/epe\\\/nieuws\\\/raadsfracties-aan-het-woord-oktober-2023\\\/#breadcrumb\",\"itemListElement\":[{\"@type\":\"ListItem\",\"position\":1,\"name\":\"Home\",\"item\":\"https:\\\/\\\/d66.nl\\\/epe\\\/\"},{\"@type\":\"ListItem\",\"position\":2,\"name\":\"Raadsfracties aan het woord &#8211; Oktober 2023\"}]},{\"@type\":\"WebSite\",\"@id\":\"https:\\\/\\\/d66.nl\\\/epe\\\/#website\",\"url\":\"https:\\\/\\\/d66.nl\\\/epe\\\/\",\"name\":\"D66 Gemeente Epe\",\"description\":\"Just another D66 Sites site\",\"publisher\":{\"@id\":\"https:\\\/\\\/d66.nl\\\/epe\\\/#organization\"},\"potentialAction\":[{\"@type\":\"SearchAction\",\"target\":{\"@type\":\"EntryPoint\",\"urlTemplate\":\"https:\\\/\\\/d66.nl\\\/epe\\\/?s={search_term_string}\"},\"query-input\":{\"@type\":\"PropertyValueSpecification\",\"valueRequired\":true,\"valueName\":\"search_term_string\"}}],\"inLanguage\":\"nl-NL\"},{\"@type\":\"Organization\",\"@id\":\"https:\\\/\\\/d66.nl\\\/epe\\\/#organization\",\"name\":\"D66\",\"url\":\"https:\\\/\\\/d66.nl\\\/epe\\\/\",\"logo\":{\"@type\":\"ImageObject\",\"inLanguage\":\"nl-NL\",\"@id\":\"https:\\\/\\\/d66.nl\\\/epe\\\/#\\\/schema\\\/logo\\\/image\\\/\",\"url\":\"https:\\\/\\\/d66.nl\\\/epe\\\/wp-content\\\/uploads\\\/sites\\\/2\\\/2021\\\/10\\\/d66-themas-algemeen-og.png\",\"contentUrl\":\"https:\\\/\\\/d66.nl\\\/epe\\\/wp-content\\\/uploads\\\/sites\\\/2\\\/2021\\\/10\\\/d66-themas-algemeen-og.png\",\"width\":1200,\"height\":628,\"caption\":\"D66\"},\"image\":{\"@id\":\"https:\\\/\\\/d66.nl\\\/epe\\\/#\\\/schema\\\/logo\\\/image\\\/\"}},{\"@type\":\"Person\",\"@id\":\"https:\\\/\\\/d66.nl\\\/epe\\\/#\\\/schema\\\/person\\\/ecec925360c1cda1c62a2feb85ee5d66\",\"name\":\"nathalie-doorn\",\"image\":{\"@type\":\"ImageObject\",\"inLanguage\":\"nl-NL\",\"@id\":\"https:\\\/\\\/secure.gravatar.com\\\/avatar\\\/75511502e907ad55110a04fad7f1b1cb6acc4bd3c9e3b0ed8f2004ec18189b98?s=96&d=mm&r=g\",\"url\":\"https:\\\/\\\/secure.gravatar.com\\\/avatar\\\/75511502e907ad55110a04fad7f1b1cb6acc4bd3c9e3b0ed8f2004ec18189b98?s=96&d=mm&r=g\",\"contentUrl\":\"https:\\\/\\\/secure.gravatar.com\\\/avatar\\\/75511502e907ad55110a04fad7f1b1cb6acc4bd3c9e3b0ed8f2004ec18189b98?s=96&d=mm&r=g\",\"caption\":\"nathalie-doorn\"}}]}<\/script>\n<!-- \/ Yoast SEO plugin. -->","yoast_head_json":{"title":"D66 Gemeente Epe &#8212; Raadsfracties aan het woord - Oktober 2023","description":"Jongeren verdienen meer inspraak, vindt ook Sander van den Berg - h\u00e9t D66 raadslid dat zich hard maakt voor jongerenparticipatie.","robots":{"index":"index","follow":"follow","max-snippet":"max-snippet:-1","max-image-preview":"max-image-preview:large","max-video-preview":"max-video-preview:-1"},"canonical":"https:\/\/d66.nl\/epe\/nieuws\/raadsfracties-aan-het-woord-oktober-2023","og_locale":"nl_NL","og_type":"article","og_title":"D66 Gemeente Epe &#8212; Raadsfracties aan het woord - Oktober 2023","og_description":"Jongeren verdienen meer inspraak, vindt ook Sander van den Berg - h\u00e9t D66 raadslid dat zich hard maakt voor jongerenparticipatie.","og_url":"https:\/\/d66.nl\/epe\/nieuws\/raadsfracties-aan-het-woord-oktober-2023\/","og_site_name":"D66 Gemeente Epe","article_published_time":"2023-10-30T13:51:00+00:00","article_modified_time":"2024-02-14T13:56:29+00:00","author":"nathalie-doorn","twitter_card":"summary_large_image","twitter_misc":{"Geschreven door":"nathalie-doorn"},"schema":{"@context":"https:\/\/schema.org","@graph":[{"@type":"Article","@id":"https:\/\/d66.nl\/epe\/nieuws\/raadsfracties-aan-het-woord-oktober-2023\/#article","isPartOf":{"@id":"https:\/\/d66.nl\/epe\/nieuws\/raadsfracties-aan-het-woord-oktober-2023\/"},"author":{"name":"nathalie-doorn","@id":"https:\/\/d66.nl\/epe\/#\/schema\/person\/ecec925360c1cda1c62a2feb85ee5d66"},"headline":"Raadsfracties aan het woord &#8211; Oktober 2023","datePublished":"2023-10-30T13:51:00+00:00","dateModified":"2024-02-14T13:56:29+00:00","mainEntityOfPage":{"@id":"https:\/\/d66.nl\/epe\/nieuws\/raadsfracties-aan-het-woord-oktober-2023\/"},"wordCount":6,"commentCount":0,"publisher":{"@id":"https:\/\/d66.nl\/epe\/#organization"},"articleSection":["D66 Gemeente Epe"],"inLanguage":"nl-NL","potentialAction":[{"@type":"CommentAction","name":"Comment","target":["https:\/\/d66.nl\/epe\/nieuws\/raadsfracties-aan-het-woord-oktober-2023\/#respond"]}]},{"@type":"WebPage","@id":"https:\/\/d66.nl\/epe\/nieuws\/raadsfracties-aan-het-woord-oktober-2023\/","url":"https:\/\/d66.nl\/epe\/nieuws\/raadsfracties-aan-het-woord-oktober-2023\/","name":"D66 Gemeente Epe &#8212; Raadsfracties aan het woord - Oktober 2023","isPartOf":{"@id":"https:\/\/d66.nl\/epe\/#website"},"datePublished":"2023-10-30T13:51:00+00:00","dateModified":"2024-02-14T13:56:29+00:00","description":"Jongeren verdienen meer inspraak, vindt ook Sander van den Berg - h\u00e9t D66 raadslid dat zich hard maakt voor jongerenparticipatie.","breadcrumb":{"@id":"https:\/\/d66.nl\/epe\/nieuws\/raadsfracties-aan-het-woord-oktober-2023\/#breadcrumb"},"inLanguage":"nl-NL","potentialAction":[{"@type":"ReadAction","target":["https:\/\/d66.nl\/epe\/nieuws\/raadsfracties-aan-het-woord-oktober-2023\/"]}]},{"@type":"BreadcrumbList","@id":"https:\/\/d66.nl\/epe\/nieuws\/raadsfracties-aan-het-woord-oktober-2023\/#breadcrumb","itemListElement":[{"@type":"ListItem","position":1,"name":"Home","item":"https:\/\/d66.nl\/epe\/"},{"@type":"ListItem","position":2,"name":"Raadsfracties aan het woord &#8211; Oktober 2023"}]},{"@type":"WebSite","@id":"https:\/\/d66.nl\/epe\/#website","url":"https:\/\/d66.nl\/epe\/","name":"D66 Gemeente Epe","description":"Just another D66 Sites site","publisher":{"@id":"https:\/\/d66.nl\/epe\/#organization"},"potentialAction":[{"@type":"SearchAction","target":{"@type":"EntryPoint","urlTemplate":"https:\/\/d66.nl\/epe\/?s={search_term_string}"},"query-input":{"@type":"PropertyValueSpecification","valueRequired":true,"valueName":"search_term_string"}}],"inLanguage":"nl-NL"},{"@type":"Organization","@id":"https:\/\/d66.nl\/epe\/#organization","name":"D66","url":"https:\/\/d66.nl\/epe\/","logo":{"@type":"ImageObject","inLanguage":"nl-NL","@id":"https:\/\/d66.nl\/epe\/#\/schema\/logo\/image\/","url":"https:\/\/d66.nl\/epe\/wp-content\/uploads\/sites\/2\/2021\/10\/d66-themas-algemeen-og.png","contentUrl":"https:\/\/d66.nl\/epe\/wp-content\/uploads\/sites\/2\/2021\/10\/d66-themas-algemeen-og.png","width":1200,"height":628,"caption":"D66"},"image":{"@id":"https:\/\/d66.nl\/epe\/#\/schema\/logo\/image\/"}},{"@type":"Person","@id":"https:\/\/d66.nl\/epe\/#\/schema\/person\/ecec925360c1cda1c62a2feb85ee5d66","name":"nathalie-doorn","image":{"@type":"ImageObject","inLanguage":"nl-NL","@id":"https:\/\/secure.gravatar.com\/avatar\/75511502e907ad55110a04fad7f1b1cb6acc4bd3c9e3b0ed8f2004ec18189b98?s=96&d=mm&r=g","url":"https:\/\/secure.gravatar.com\/avatar\/75511502e907ad55110a04fad7f1b1cb6acc4bd3c9e3b0ed8f2004ec18189b98?s=96&d=mm&r=g","contentUrl":"https:\/\/secure.gravatar.com\/avatar\/75511502e907ad55110a04fad7f1b1cb6acc4bd3c9e3b0ed8f2004ec18189b98?s=96&d=mm&r=g","caption":"nathalie-doorn"}}]}},"_links":{"self":[{"href":"https:\/\/d66.nl\/epe\/wp-json\/wp\/v2\/posts\/1191","targetHints":{"allow":["GET"]}}],"collection":[{"href":"https:\/\/d66.nl\/epe\/wp-json\/wp\/v2\/posts"}],"about":[{"href":"https:\/\/d66.nl\/epe\/wp-json\/wp\/v2\/types\/post"}],"author":[{"embeddable":true,"href":"https:\/\/d66.nl\/epe\/wp-json\/wp\/v2\/users\/468"}],"replies":[{"embeddable":true,"href":"https:\/\/d66.nl\/epe\/wp-json\/wp\/v2\/comments?post=1191"}],"version-history":[{"count":2,"href":"https:\/\/d66.nl\/epe\/wp-json\/wp\/v2\/posts\/1191\/revisions"}],"predecessor-version":[{"id":1193,"href":"https:\/\/d66.nl\/epe\/wp-json\/wp\/v2\/posts\/1191\/revisions\/1193"}],"wp:attachment":[{"href":"https:\/\/d66.nl\/epe\/wp-json\/wp\/v2\/media?parent=1191"}],"wp:term":[{"taxonomy":"category","embeddable":true,"href":"https:\/\/d66.nl\/epe\/wp-json\/wp\/v2\/categories?post=1191"},{"taxonomy":"labels","embeddable":true,"href":"https:\/\/d66.nl\/epe\/wp-json\/wp\/v2\/labels?post=1191"},{"taxonomy":"search-tags","embeddable":true,"href":"https:\/\/d66.nl\/epe\/wp-json\/wp\/v2\/search-tags?post=1191"}],"curies":[{"name":"wp","href":"https:\/\/api.w.org\/{rel}","templated":true}]}}