{"id":905,"date":"2023-04-04T16:27:12","date_gmt":"2023-04-04T16:27:12","guid":{"rendered":"https:\/\/d66.nl\/eerstekamer\/nieuws\/"},"modified":"2023-04-04T16:27:13","modified_gmt":"2023-04-04T16:27:13","slug":"opvang-van-oekrainers","status":"publish","type":"post","link":"https:\/\/d66.nl\/eerstekamer\/nieuws\/opvang-van-oekrainers","title":{"rendered":"Opvang van Oekra\u00efners"},"content":{"rendered":"<div\n  id=\"\"\n  class=\"wrapper  wrapper__spacing-bottom-large--50 wrapper__spacing-bottom-desktop--66 wrapper__spacing-bottom-mobile--76  wrapper__gutter--none\"\n  >\n  \t<div class=\"wrapper__container wrapper__container-width-large--default\">\n\t  <div class=\"wrapper__inner wrapper__width-large--14 wrapper__width-desktop--20 wrapper__width-mobile--24 wrapper__offset-large--6 wrapper__offset-desktop--4 wrapper__offset-mobile--0\">\n\t\t<h1 class=\"heading   heading__size--giant heading__font--serif heading__weight--regular  block-heading__heading\" id=\"nav--waar-een-klein-land-groot-in-kan-zijn--medemenselijkheid-en-lotsverbondenheid-6887\"  data-nav-heading-mobile=\"&quot;Waar een klein land groot in kan zijn: medemenselijkheid en lotsverbondenheid&quot;\" >\n\t&#8220;Waar een klein land groot in kan zijn: medemenselijkheid en lotsverbondenheid&#8221;<\/h1>\t  <\/div>\n\t<\/div>\n  <\/div>\n\n\n<div\n  id=\"\"\n  class=\"wrapper  wrapper__spacing-bottom-large--50 wrapper__spacing-bottom-mobile--40  wrapper__gutter--none\"\n  >\n  \t<div class=\"wrapper__container wrapper__container-width-large--default\">\n\t  <div class=\"wrapper__inner wrapper__width-large--13 wrapper__width-desktop--22 wrapper__width-mobile--24 wrapper__offset-large--6 wrapper__offset-desktop--2 wrapper__offset-mobile--0\">\n\t\t<p\n\t\tclass=\"paragraph   paragraph__size--big   block-paragraph__paragraph\"\n\t\t\t>\n\t\tDe Eerste Kamer heeft ingestemd met de voortduring van de Wet verplaatsing bevolking. D66 vindt de betrokkenheid van Nederlanders bij de opvang van Oekra\u00efense ontheemden hartverwarmend. Tegelijkertijd moet er met een kritische blik gekeken worden naar de langdurige inzet van het noodrecht. Senator Petra Stienen voerde het woord namens de fractie.\t<\/p>\t  <\/div>\n\t<\/div>\n  <\/div>\n\n\n<div\n  id=\"\"\n  class=\"wrapper  wrapper__spacing-bottom-large--30 wrapper__spacing-bottom-desktop--20 wrapper__spacing-bottom-mobile--10  wrapper__gutter--none\"\n  >\n  \t<div class=\"wrapper__container wrapper__container-width-large--default\">\n\t  <div class=\"wrapper__inner wrapper__width-large--14 wrapper__width-desktop--24 wrapper__width-mobile--24 wrapper__offset-large--6 wrapper__offset-desktop--2 wrapper__offset-mobile--0\">\n\t\t<section class=\"block-related-post-metadata js-block-related-post-metadata\">\n\t<div class=\"block-related-post-metadata__content-wrapper\">\n\t\t<div class=\"block-related-post-metadata__persons\">\n\t\t\t<div class=\"related-person-info__wrapper\">\n\t\t\t<div class=\"related-person-info__item related-person-info__color--rosePink\">\n\t\t\t<a class=\"related-person-info__link\" href=\"https:\/\/d66.nl\/eerstekamer\/mensen\/petra-stienen\/\">\n\t\t\t\t<div class=\"related-person-info__image_container\">\n\t\t\t\t<img loading=\"lazy\" decoding=\"async\" width=\"150\" height=\"150\" src=\"https:\/\/d66.nl\/eerstekamer\/wp-content\/uploads\/sites\/299\/2022\/04\/Petra-Stienen-foto-website-150x150.png\" class=\"related-person-info__image\" alt=\"\" \/>\t\t\t\t<\/div>\n\t\t\t\t<div class=\"related-person-info__meta\">\n\t\t\t\t\t\t\t\t\t<header class=\"related-person-info__header\">\n\t\t\t\t\t\t<h3 class=\"heading   heading__size--small heading__font--sans heading__weight--bold\" id=\"nav-petra-stienen7124\">\n\tPetra Stienen<\/h3>\t\t\t\t\t<\/header>\n\t\t\t\t\t\t\t\t\t\t\t\t\t<div class=\"related-person-info__description\">\n\t\t\t\t\t\t<p class=\"paragraph   paragraph__size--small paragraph__weight--normal\">\n\t\tEerste kamerlid\t<\/p>\t\t\t\t\t<\/div>\n\t\t\t\t\t\t\t\t<\/div>\n\t\t\t<\/a>\n\t\t<\/div>\n\t\t<\/div>\t\t<\/div>\n\t\t<div class=\"block-related-post-metadata__meta\">\n\t\t\t<div class=\"block-related-post-metadata__date\">\n\t\t\t\t04.04.2023<div class=\"post-share js-post-share rs_skip_always\">\n\t<button class=\"post-share__share-button js-post-share-share-button\">\n\t\tShare\t\t<svg xmlns='http:\/\/www.w3.org\/2000\/svg' width='100px' height='100px' viewBox='0 0 24 24' fill='none'><path d='m8.684 10.658 6.629-3.314m.003 9.314-6.622-3.311M21 6a3 3 0 1 1-6 0 3 3 0 0 1 6 0ZM9 12a3 3 0 1 1-6 0 3 3 0 0 1 6 0Zm12 6a3 3 0 1 1-6 0 3 3 0 0 1 6 0Z' stroke='currentColor' stroke-width='1.5' fill='none'\/><\/svg>\t<\/button>\n\t<dialog class=\"post-share__dialog js-post-share-dialog\" aria-hidden=\"true\">\n\t\t<div class=\"post-share__dialog-header\">\n\t\t\tShare this post\t\t\t<button class=\"post-share__dialog-close js-post-share-dialog-close\">\n\t\t\t\t<svg xmlns='http:\/\/www.w3.org\/2000\/svg' width='150' height='150' viewBox='0 0 150 150' fill='none'><path d='M44.103 105.897 75 75m30.898-30.898L75 75m0 0L44.103 44.102M75 75l30.898 30.897' stroke='currentColor' stroke-width='5' fill='none'\/><\/svg>\t\t\t<\/button>\n\t\t<\/div>\n\t\t<div class=\"post-share__dialog-socials\">\n\t\t\t\t\t\t\t\t\t\t\t<a class=\"post-share__dialog-item js-post-share-dialog-item\" href=\"#\" target=\"_blank\" data-copy=&quot;true&quot;>\n\t\t\t\t\tKopier link<svg xmlns='http:\/\/www.w3.org\/2000\/svg' width='150' height='150' viewBox='0 0 150 150' fill='none'><path d='M67.468 108.679c-8.533-.512-14.164-3.583-17.407-9.983-3.242-6.314-2.815-12.713 1.195-18.6 1.706-2.56 3.584-5.035 5.46-7.594 1.537-2.048 3.584-2.475 5.462-1.195 2.047 1.45 2.389 3.498.938 5.632-1.706 2.474-3.584 4.948-5.29 7.423-3.242 4.778-2.304 11.092 2.133 14.334 4.864 3.584 11.092 2.731 14.761-1.962 1.963-2.475 3.754-5.12 5.632-7.68 1.194-1.535 2.645-2.218 4.607-1.28 1.792.854 2.645 2.39 2.304 4.267 0 .17 0 .427-.17.597-3.67 5.12-6.4 11.178-12.544 13.993-2.56 1.195-5.46 1.707-6.996 2.219l-.085-.171Z' fill='currentColor'\/><path d='M86.921 44.6c6.144.257 11.605 3.328 14.932 9.728 3.328 6.399 2.816 12.798-1.109 18.856-1.621 2.56-3.498 4.95-5.29 7.424-1.707 2.303-3.754 2.815-5.717 1.45-2.048-1.45-2.304-3.669-.597-6.058 1.621-2.304 3.328-4.608 4.949-6.911 3.498-4.95 2.56-11.348-2.133-14.761-4.779-3.499-11.178-2.475-14.847 2.56-1.792 2.388-3.498 4.863-5.205 7.252-1.62 2.218-3.583 2.56-5.546 1.11-1.877-1.366-2.218-3.414-.768-5.462 2.048-2.986 4.01-5.972 6.314-8.703 3.67-4.351 8.448-6.399 15.103-6.399l-.086-.085Z' fill='currentColor'\/><path d='M71.478 88.457c-3.498-.341-5.46-3.413-3.754-6.143 3.327-5.29 6.825-10.495 10.324-15.7 1.45-2.133 3.413-2.389 5.46-1.109 1.878 1.28 2.219 3.413.854 5.546-3.328 5.034-6.57 9.983-9.983 14.932-.683 1.024-1.963 1.621-2.901 2.389v.085Z' fill='currentColor'\/><\/svg>\t\t\t\t<\/a>\n\t\t\t\t\t\t\t\t\t\t\t<a class=\"post-share__dialog-item js-post-share-dialog-item\" href=\"mailto:?to=%20&amp;body=https%3A%2F%2Fd66.nl%2Feerstekamer%2Fnieuws%2Fopvang-van-oekrainers\" target=\"_blank\" >\n\t\t\t\t\tMail<svg xmlns='http:\/\/www.w3.org\/2000\/svg' width='40' height='40' viewBox='0 0 40 40' fill='none'><path d='M24.107 15.865a1 1 0 0 1 1.266 1.265l-1.686 5.052a1 1 0 0 1-1.654.392l-3.37-3.37a1.001 1.001 0 0 1 .392-1.654l5.052-1.685Z' fill='currentColor'\/><path d='m21.763 19.475-5.657 5.657' stroke='currentColor' stroke-width='2' stroke-linecap='round' fill='none'\/><\/svg>\t\t\t\t<\/a>\n\t\t\t\t\t\t\t\t\t\t\t<a class=\"post-share__dialog-item js-post-share-dialog-item\" href=\"https:\/\/www.linkedin.com\/sharing\/share-offsite\/?url=https%3A%2F%2Fd66.nl%2Feerstekamer%2Fnieuws%2Fopvang-van-oekrainers\" target=\"_blank\" >\n\t\t\t\t\tLinkedIn<svg xmlns='http:\/\/www.w3.org\/2000\/svg' width='40' height='40' viewBox='0 0 40 40' fill='none'><path d='M24.107 15.865a1 1 0 0 1 1.266 1.265l-1.686 5.052a1 1 0 0 1-1.654.392l-3.37-3.37a1.001 1.001 0 0 1 .392-1.654l5.052-1.685Z' fill='currentColor'\/><path d='m21.763 19.475-5.657 5.657' stroke='currentColor' stroke-width='2' stroke-linecap='round' fill='none'\/><\/svg>\t\t\t\t<\/a>\n\t\t\t\t\t\t\t\t\t\t\t<a class=\"post-share__dialog-item js-post-share-dialog-item\" href=\"https:\/\/www.facebook.com\/sharer\/sharer.php?u=https%3A%2F%2Fd66.nl%2Feerstekamer%2Fnieuws%2Fopvang-van-oekrainers\" target=\"_blank\" >\n\t\t\t\t\tFacebook<svg xmlns='http:\/\/www.w3.org\/2000\/svg' width='40' height='40' viewBox='0 0 40 40' fill='none'><path d='M24.107 15.865a1 1 0 0 1 1.266 1.265l-1.686 5.052a1 1 0 0 1-1.654.392l-3.37-3.37a1.001 1.001 0 0 1 .392-1.654l5.052-1.685Z' fill='currentColor'\/><path d='m21.763 19.475-5.657 5.657' stroke='currentColor' stroke-width='2' stroke-linecap='round' fill='none'\/><\/svg>\t\t\t\t<\/a>\n\t\t\t\t\t\t\t\t\t\t\t<a class=\"post-share__dialog-item js-post-share-dialog-item\" href=\"whatsapp:\/\/send?text=https%3A%2F%2Fd66.nl%2Feerstekamer%2Fnieuws%2Fopvang-van-oekrainers\" target=\"_blank\" >\n\t\t\t\t\tWhatsApp<svg xmlns='http:\/\/www.w3.org\/2000\/svg' width='40' height='40' viewBox='0 0 40 40' fill='none'><path d='M24.107 15.865a1 1 0 0 1 1.266 1.265l-1.686 5.052a1 1 0 0 1-1.654.392l-3.37-3.37a1.001 1.001 0 0 1 .392-1.654l5.052-1.685Z' fill='currentColor'\/><path d='m21.763 19.475-5.657 5.657' stroke='currentColor' stroke-width='2' stroke-linecap='round' fill='none'\/><\/svg>\t\t\t\t<\/a>\n\t\t\t\t\t\t\t\t\t\t\t<a class=\"post-share__dialog-item js-post-share-dialog-item\" href=\"https:\/\/x.com\/intent\/post?url=https%3A%2F%2Fd66.nl%2Feerstekamer%2Fnieuws%2Fopvang-van-oekrainers\" target=\"_blank\" >\n\t\t\t\t\tTwitter (X)<svg xmlns='http:\/\/www.w3.org\/2000\/svg' width='40' height='40' viewBox='0 0 40 40' fill='none'><path d='M24.107 15.865a1 1 0 0 1 1.266 1.265l-1.686 5.052a1 1 0 0 1-1.654.392l-3.37-3.37a1.001 1.001 0 0 1 .392-1.654l5.052-1.685Z' fill='currentColor'\/><path d='m21.763 19.475-5.657 5.657' stroke='currentColor' stroke-width='2' stroke-linecap='round' fill='none'\/><\/svg>\t\t\t\t<\/a>\n\t\t\t\t\t<\/div>\n\t<\/dialog>\n<\/div>\t\t\t<\/div>\n\t\t\t<div class=\"block-related-post-metadata__categories\">\n\t\t\t\t<div class=\"category-link__wrapper\">\n\t\t\t<div class=\"category-link__item\">\n\t\t\t<a href=\"https:\/\/d66.nl\/eerstekamer\/category\/d66\/\">\n\t\t\t\tD66\t\t\t<\/a>\n\t\t<\/div>\n\t\t\t\t<div class=\"category-link__item\">\n\t\t\t<a href=\"https:\/\/d66.nl\/eerstekamer\/search-tags\/integratie-immigratie\/\">\n\t\t\t\tIntegratie en immigratie\t\t\t<\/a>\n\t\t<\/div>\n\t\t<\/div>\t\t\t<\/div>\n\t\t<\/div>\n\t<\/div>\n<\/section>\n\t  <\/div>\n\t<\/div>\n  <\/div>\n\n\n<div\n  id=\"\"\n  class=\"wrapper  wrapper__spacing-bottom-large--110 wrapper__spacing-bottom-desktop--60 wrapper__spacing-bottom-mobile--50  wrapper__gutter--none\"\n  >\n  \t<div class=\"wrapper__container wrapper__container-width-large--default\">\n\t  <div class=\"wrapper__inner wrapper__width-large--24 wrapper__width-mobile--24\">\n\t\t<section class=\"block-video\">\n\t<div\n\t\tclass=\"block-video__video-wrapper\"\n\t\tstyle=\"background-image: url('https:\/\/d66.nl\/eerstekamer\/wp-content\/uploads\/sites\/299\/2023\/04\/wet-verplaatsing-bevolking-foto-petra.jpeg')\"\n\t>\n\t\t\t<\/div>\n\n\t\t\t<div class=\"block-video__caption-wrapper\">\n\t\t\t<div class=\"block-video__caption\">\n\t\t\t\t<p class=\"paragraph paragraph__align--left paragraph__color--black paragraph__size--small paragraph__weight--medium\">\n\t\tBeeld: Jeroen van der Meyde\/Eerste Kamer\t<\/p>\t\t\t<\/div>\n\t\t<\/div>\n\t\n<\/section>\n\n\t  <\/div>\n\t<\/div>\n  <\/div>\n\n\n<div\n  id=\"\"\n  class=\"wrapper  wrapper__spacing-bottom-large--50 wrapper__spacing-bottom-desktop--70 wrapper__spacing-bottom-mobile--50  wrapper__gutter--none\"\n  >\n  \t<div class=\"wrapper__container wrapper__container-width-large--default\">\n\t  <div class=\"wrapper__inner wrapper__width-large--18 wrapper__width-desktop--22 wrapper__width-mobile--24 wrapper__offset-large--6 wrapper__offset-desktop--2 wrapper__offset-mobile--0\">\n\t\t<section class=\"block-post-content\">\n\t<div class=\"block-post-content__title\">\n\t\t<h3 class=\"heading  heading__color--black heading__size--medium heading__font--sans heading__weight--semiBold  block-post-content__heading\" id=\"nav-medemenselijkheid-en-lotsverbondenheid4488\" data-nav-heading-mobile=\"Medemenselijkheid en lotsverbondenheid\">\n\tMedemenselijkheid en lotsverbondenheid<\/h3>\t<\/div>\n\t<div class=\"block-post-content__content\">\n\t\t\n<div\n  id=\"\"\n  class=\"wrapper  wrapper__spacing-bottom-large--30 wrapper__spacing-bottom-desktop--20  wrapper__gutter--none\"\n  >\n  \t<div class=\"wrapper__container wrapper__container-width-large--default\">\n\t  <div class=\"wrapper__inner wrapper__width-large--24 wrapper__width-mobile--24\">\n\t\t<p\n\t\tclass=\"paragraph paragraph__align--left paragraph__color--black paragraph__size--default   block-paragraph__paragraph\"\n\t\t\t>\n\t\tSinds het begin van de Russische oorlog tegen Oekra\u00efne zien we in heel Nederland veel solidariteit met gevluchte Oekra\u00efners. Gemeenten zorgen in het hele land voor opvangplekken, bedrijven nemen Oekra\u00efense ontheemden in dienst en scholen zorgen ervoor dat Oekra\u00efense kinderen en studenten kunnen blijven leren en studeren. D66 vindt dat Nederland hiermee laat zien waar een klein land groot in kan zijn: medemenselijkheid en lotsverbondenheid. \u201cVoor mijn fractie is dit dan ook precies het tegenovergestelde van de ontwrichting van de Europese samenleving waar Poetin heel duidelijk op heeft ingezet\u201d, aldus senator Stienen.\t<\/p>\t  <\/div>\n\t<\/div>\n  <\/div>\n\n\t<\/div>\n\n\t<div class=\"block-post-content__sidebar\">\n\t\t\n\t\t\n\t\t\t<\/div>\n<\/section>\n\t  <\/div>\n\t<\/div>\n  <\/div>\n\n\n<div\n  id=\"\"\n  class=\"wrapper  wrapper__spacing-bottom-large--70 wrapper__spacing-bottom-desktop--65 wrapper__spacing-bottom-mobile--50  wrapper__gutter--none\"\n  >\n  \t<div class=\"wrapper__container wrapper__container-width-large--default\">\n\t  <div class=\"wrapper__inner wrapper__width-large--14 wrapper__width-desktop--24 wrapper__offset-large--3 wrapper__offset-desktop--0\">\n\t\t<section class=\"block-quote\">\n\t\t\t<p class=\"paragraph  paragraph__color--black     block-quote__quote\">\n\t\t\u201cVoor mijn fractie is dit precies het tegenovergestelde van de ontwrichting van de Europese samenleving waar Poetin heel duidelijk op heeft ingezet\u201d\t<\/p>\t\n\t<\/section>\n\t  <\/div>\n\t<\/div>\n  <\/div>\n\n\n<div\n  id=\"\"\n  class=\"wrapper  wrapper__spacing-bottom-large--50 wrapper__spacing-bottom-desktop--70 wrapper__spacing-bottom-mobile--50  wrapper__gutter--none\"\n  >\n  \t<div class=\"wrapper__container wrapper__container-width-large--default\">\n\t  <div class=\"wrapper__inner wrapper__width-large--18 wrapper__width-desktop--22 wrapper__width-mobile--24 wrapper__offset-large--6 wrapper__offset-desktop--2 wrapper__offset-mobile--0\">\n\t\t<section class=\"block-post-content\">\n\t<div class=\"block-post-content__title\">\n\t\t<h3 class=\"heading  heading__color--black heading__size--medium heading__font--sans heading__weight--semiBold  block-post-content__heading\" id=\"nav-staatsnoodrecht7684\" data-nav-heading-mobile=\"Staatsnoodrecht\">\n\tStaatsnoodrecht<\/h3>\t<\/div>\n\t<div class=\"block-post-content__content\">\n\t\t\n<div\n  id=\"\"\n  class=\"wrapper  wrapper__spacing-bottom-large--30 wrapper__spacing-bottom-desktop--20  wrapper__gutter--none\"\n  >\n  \t<div class=\"wrapper__container wrapper__container-width-large--default\">\n\t  <div class=\"wrapper__inner wrapper__width-large--24 wrapper__width-mobile--24\">\n\t\t<p\n\t\tclass=\"paragraph paragraph__align--left paragraph__color--black paragraph__size--default   block-paragraph__paragraph\"\n\t\t\t>\n\t\tD66 zou willen dat de wijze waarop Oekra\u00efners worden opgevangen ook voor mensen in het reguliere asieltraject zou kunnen. Tegelijkertijd vindt D66 ook dat er niet te lichtzinnig moet worden omgesprongen met de inzet van het staatsnoodrecht. In maart 2022 zijn de artikelen 2c en 4 uit de \u2018Wet verplaatsing bevolking\u2019 geactiveerd. Hierdoor kregen burgemeesters de wettelijke plicht om zorg te dragen voor de opvang van Oekra\u00efners. Senator Stienen vroeg minister van Justitie en Veiligheid of zij kon uitleggen waarom deze maatregel nu nodig was, en niet bij eerdere groepen vluchtelingen. Minister Ye\u015filg\u00f6z-Zegerius antwoordde dat het vorig jaar ging om een plotselinge en ongekend hoge instroom van ontheemden uit Oekra\u00efne die onmogelijk in de bestaande structuur opgevangen konden worden.\t<\/p>\t  <\/div>\n\t<\/div>\n  <\/div>\n\n\t<\/div>\n\n\t<div class=\"block-post-content__sidebar\">\n\t\t\n\t\t\n\t\t\t<\/div>\n<\/section>\n\t  <\/div>\n\t<\/div>\n  <\/div>\n\n\n<div\n  id=\"\"\n  class=\"wrapper  wrapper__spacing-bottom-large--50 wrapper__spacing-bottom-desktop--70 wrapper__spacing-bottom-mobile--50  wrapper__gutter--none\"\n  >\n  \t<div class=\"wrapper__container wrapper__container-width-large--default\">\n\t  <div class=\"wrapper__inner wrapper__width-large--18 wrapper__width-desktop--22 wrapper__width-mobile--24 wrapper__offset-large--6 wrapper__offset-desktop--2 wrapper__offset-mobile--0\">\n\t\t<section class=\"block-post-content\">\n\t<div class=\"block-post-content__title\">\n\t\t<h3 class=\"heading  heading__color--black heading__size--medium heading__font--sans heading__weight--semiBold  block-post-content__heading\" id=\"nav-lessen-voor-de-toekomst1397\" data-nav-heading-mobile=\"Lessen voor de toekomst\">\n\tLessen voor de toekomst<\/h3>\t<\/div>\n\t<div class=\"block-post-content__content\">\n\t\t\n<div\n  id=\"\"\n  class=\"wrapper  wrapper__spacing-bottom-large--30 wrapper__spacing-bottom-desktop--20  wrapper__gutter--none\"\n  >\n  \t<div class=\"wrapper__container wrapper__container-width-large--default\">\n\t  <div class=\"wrapper__inner wrapper__width-large--24 wrapper__width-mobile--24\">\n\t\t<p\n\t\tclass=\"paragraph paragraph__align--left paragraph__color--black paragraph__size--default   block-paragraph__paragraph\"\n\t\t\t>\n\t\tEen groot deel van de Nederlanders, 72 procent, steunt de opvang van Oekra\u00efners. De fractie van D66 ziet een wisselwerking tussen de participatie van Oekra\u00efense ontheemden in de samenleving en het draagvlak onder Nederlanders. Oekra\u00efners hebben meer kansen en mogelijkheden dan asielzoekers in de reguliere asielketen: zij hebben toegang tot werk, scholing en kinderopvang. \u201cMeer participatie leidt tot meer contacten en daardoor meer draagvlak, en meer draagvlak leidt tot een beter netwerk en daardoor meer participatie\u201d, volgens senator Stienen. Daarom vroeg senator Stienen de minister wat wij kunnen leren van de opvang van Oekra\u00efners voor de opvang van asielzoekers en statushouders uit andere landen. De minister antwoordde dat er momenteel meerdere onderzoeken lopen om in de reguliere opvang te leren van de wijze waarop ontheemde Oekra\u00efners zijn opgevangen.\t<\/p>\t  <\/div>\n\t<\/div>\n  <\/div>\n\n\t<\/div>\n\n\t<div class=\"block-post-content__sidebar\">\n\t\t\n\t\t\n\t\t\t<\/div>\n<\/section>\n\t  <\/div>\n\t<\/div>\n  <\/div>\n\n\n<div\n  id=\"\"\n  class=\"wrapper  wrapper__spacing-bottom-large--70 wrapper__spacing-bottom-desktop--65 wrapper__spacing-bottom-mobile--50  wrapper__gutter--none\"\n  >\n  \t<div class=\"wrapper__container wrapper__container-width-large--default\">\n\t  <div class=\"wrapper__inner wrapper__width-large--14 wrapper__width-desktop--24 wrapper__offset-large--3 wrapper__offset-desktop--0\">\n\t\t<section class=\"block-quote\">\n\t\t\t<p class=\"paragraph  paragraph__color--black     block-quote__quote\">\n\t\t&#8220;Wat kunnen we leren van de opvang van Oekra\u00efners voor de opvang van asielzoekers en statushouders uit andere landen, vaak mensen die vluchten voor politiek en oorlogsgeweld?&#8221;\t<\/p>\t\n\t<\/section>\n\t  <\/div>\n\t<\/div>\n  <\/div>\n","protected":false},"excerpt":{"rendered":"","protected":false},"author":1035,"featured_media":0,"comment_status":"open","ping_status":"open","sticky":false,"template":"","format":"standard","meta":{"_acf_changed":false,"footnotes":""},"categories":[1],"search-tags":[13],"labels":[],"class_list":["post-905","post","type-post","status-publish","format-standard","hentry","category-d66","search-tags-integratie-immigratie"],"acf":[],"yoast_head":"<!-- This site is optimized with the Yoast SEO plugin v27.3 - https:\/\/yoast.com\/product\/yoast-seo-wordpress\/ -->\n<title>D66 Eerste Kamer &#8212; Opvang van Oekra\u00efners<\/title>\n<meta name=\"robots\" content=\"index, follow, max-snippet:-1, max-image-preview:large, max-video-preview:-1\" \/>\n<link rel=\"canonical\" href=\"https:\/\/d66.nl\/eerstekamer\/nieuws\/opvang-van-oekrainers\" \/>\n<meta property=\"og:locale\" content=\"nl_NL\" \/>\n<meta property=\"og:type\" content=\"article\" \/>\n<meta property=\"og:title\" content=\"D66 Eerste Kamer &#8212; Opvang van Oekra\u00efners\" \/>\n<meta property=\"og:url\" content=\"https:\/\/d66.nl\/eerstekamer\/nieuws\/opvang-van-oekrainers\/\" \/>\n<meta property=\"og:site_name\" content=\"D66 Eerste Kamer\" \/>\n<meta property=\"article:published_time\" content=\"2023-04-04T16:27:12+00:00\" \/>\n<meta property=\"article:modified_time\" content=\"2023-04-04T16:27:13+00:00\" \/>\n<meta name=\"author\" content=\"anna-heredia\" \/>\n<meta name=\"twitter:card\" content=\"summary_large_image\" \/>\n<meta name=\"twitter:image\" content=\"https:\/\/d66.nl\/eerstekamer\/wp-content\/uploads\/sites\/299\/2023\/04\/wet-verplaatsing-bevolking-foto-petra.jpeg\" \/>\n<meta name=\"twitter:label1\" content=\"Geschreven door\" \/>\n\t<meta name=\"twitter:data1\" content=\"anna-heredia\" \/>\n<script type=\"application\/ld+json\" class=\"yoast-schema-graph\">{\"@context\":\"https:\\\/\\\/schema.org\",\"@graph\":[{\"@type\":\"Article\",\"@id\":\"https:\\\/\\\/d66.nl\\\/eerstekamer\\\/nieuws\\\/opvang-van-oekrainers\\\/#article\",\"isPartOf\":{\"@id\":\"https:\\\/\\\/d66.nl\\\/eerstekamer\\\/nieuws\\\/opvang-van-oekrainers\\\/\"},\"author\":{\"name\":\"anna-heredia\",\"@id\":\"https:\\\/\\\/d66.nl\\\/eerstekamer\\\/#\\\/schema\\\/person\\\/21d219a94c80c1fb0a83058b26abcb36\"},\"headline\":\"Opvang van Oekra\u00efners\",\"datePublished\":\"2023-04-04T16:27:12+00:00\",\"dateModified\":\"2023-04-04T16:27:13+00:00\",\"mainEntityOfPage\":{\"@id\":\"https:\\\/\\\/d66.nl\\\/eerstekamer\\\/nieuws\\\/opvang-van-oekrainers\\\/\"},\"wordCount\":4,\"commentCount\":0,\"publisher\":{\"@id\":\"https:\\\/\\\/d66.nl\\\/eerstekamer\\\/#organization\"},\"articleSection\":[\"D66\"],\"inLanguage\":\"nl-NL\",\"potentialAction\":[{\"@type\":\"CommentAction\",\"name\":\"Comment\",\"target\":[\"https:\\\/\\\/d66.nl\\\/eerstekamer\\\/nieuws\\\/opvang-van-oekrainers\\\/#respond\"]}]},{\"@type\":\"WebPage\",\"@id\":\"https:\\\/\\\/d66.nl\\\/eerstekamer\\\/nieuws\\\/opvang-van-oekrainers\\\/\",\"url\":\"https:\\\/\\\/d66.nl\\\/eerstekamer\\\/nieuws\\\/opvang-van-oekrainers\\\/\",\"name\":\"D66 Eerste Kamer &#8212; Opvang van Oekra\u00efners\",\"isPartOf\":{\"@id\":\"https:\\\/\\\/d66.nl\\\/eerstekamer\\\/#website\"},\"datePublished\":\"2023-04-04T16:27:12+00:00\",\"dateModified\":\"2023-04-04T16:27:13+00:00\",\"breadcrumb\":{\"@id\":\"https:\\\/\\\/d66.nl\\\/eerstekamer\\\/nieuws\\\/opvang-van-oekrainers\\\/#breadcrumb\"},\"inLanguage\":\"nl-NL\",\"potentialAction\":[{\"@type\":\"ReadAction\",\"target\":[\"https:\\\/\\\/d66.nl\\\/eerstekamer\\\/nieuws\\\/opvang-van-oekrainers\\\/\"]}]},{\"@type\":\"BreadcrumbList\",\"@id\":\"https:\\\/\\\/d66.nl\\\/eerstekamer\\\/nieuws\\\/opvang-van-oekrainers\\\/#breadcrumb\",\"itemListElement\":[{\"@type\":\"ListItem\",\"position\":1,\"name\":\"Home\",\"item\":\"https:\\\/\\\/d66.nl\\\/eerstekamer\\\/\"},{\"@type\":\"ListItem\",\"position\":2,\"name\":\"Nieuws\",\"item\":\"https:\\\/\\\/d66.nl\\\/eerstekamer\\\/nieuws\\\/\"},{\"@type\":\"ListItem\",\"position\":3,\"name\":\"Opvang van Oekra\u00efners\"}]},{\"@type\":\"WebSite\",\"@id\":\"https:\\\/\\\/d66.nl\\\/eerstekamer\\\/#website\",\"url\":\"https:\\\/\\\/d66.nl\\\/eerstekamer\\\/\",\"name\":\"D66 Eerste Kamer\",\"description\":\"Just another D66 Sites site\",\"publisher\":{\"@id\":\"https:\\\/\\\/d66.nl\\\/eerstekamer\\\/#organization\"},\"potentialAction\":[{\"@type\":\"SearchAction\",\"target\":{\"@type\":\"EntryPoint\",\"urlTemplate\":\"https:\\\/\\\/d66.nl\\\/eerstekamer\\\/?s={search_term_string}\"},\"query-input\":{\"@type\":\"PropertyValueSpecification\",\"valueRequired\":true,\"valueName\":\"search_term_string\"}}],\"inLanguage\":\"nl-NL\"},{\"@type\":\"Organization\",\"@id\":\"https:\\\/\\\/d66.nl\\\/eerstekamer\\\/#organization\",\"name\":\"D66\",\"url\":\"https:\\\/\\\/d66.nl\\\/eerstekamer\\\/\",\"logo\":{\"@type\":\"ImageObject\",\"inLanguage\":\"nl-NL\",\"@id\":\"https:\\\/\\\/d66.nl\\\/eerstekamer\\\/#\\\/schema\\\/logo\\\/image\\\/\",\"url\":\"https:\\\/\\\/d66.nl\\\/eerstekamer\\\/wp-content\\\/uploads\\\/sites\\\/299\\\/2021\\\/10\\\/d66-themas-algemeen-og.png\",\"contentUrl\":\"https:\\\/\\\/d66.nl\\\/eerstekamer\\\/wp-content\\\/uploads\\\/sites\\\/299\\\/2021\\\/10\\\/d66-themas-algemeen-og.png\",\"width\":1200,\"height\":628,\"caption\":\"D66\"},\"image\":{\"@id\":\"https:\\\/\\\/d66.nl\\\/eerstekamer\\\/#\\\/schema\\\/logo\\\/image\\\/\"}},{\"@type\":\"Person\",\"@id\":\"https:\\\/\\\/d66.nl\\\/eerstekamer\\\/#\\\/schema\\\/person\\\/21d219a94c80c1fb0a83058b26abcb36\",\"name\":\"anna-heredia\",\"image\":{\"@type\":\"ImageObject\",\"inLanguage\":\"nl-NL\",\"@id\":\"https:\\\/\\\/secure.gravatar.com\\\/avatar\\\/e3b17d3613368dc1ec8cd944339145c37def262db5c1e67e206447e057b3e537?s=96&d=mm&r=g\",\"url\":\"https:\\\/\\\/secure.gravatar.com\\\/avatar\\\/e3b17d3613368dc1ec8cd944339145c37def262db5c1e67e206447e057b3e537?s=96&d=mm&r=g\",\"contentUrl\":\"https:\\\/\\\/secure.gravatar.com\\\/avatar\\\/e3b17d3613368dc1ec8cd944339145c37def262db5c1e67e206447e057b3e537?s=96&d=mm&r=g\",\"caption\":\"anna-heredia\"}}]}<\/script>\n<!-- \/ Yoast SEO plugin. -->","yoast_head_json":{"title":"D66 Eerste Kamer &#8212; Opvang van Oekra\u00efners","robots":{"index":"index","follow":"follow","max-snippet":"max-snippet:-1","max-image-preview":"max-image-preview:large","max-video-preview":"max-video-preview:-1"},"canonical":"https:\/\/d66.nl\/eerstekamer\/nieuws\/opvang-van-oekrainers","og_locale":"nl_NL","og_type":"article","og_title":"D66 Eerste Kamer &#8212; Opvang van Oekra\u00efners","og_url":"https:\/\/d66.nl\/eerstekamer\/nieuws\/opvang-van-oekrainers\/","og_site_name":"D66 Eerste Kamer","article_published_time":"2023-04-04T16:27:12+00:00","article_modified_time":"2023-04-04T16:27:13+00:00","author":"anna-heredia","twitter_card":"summary_large_image","twitter_image":"https:\/\/d66.nl\/eerstekamer\/wp-content\/uploads\/sites\/299\/2023\/04\/wet-verplaatsing-bevolking-foto-petra.jpeg","twitter_misc":{"Geschreven door":"anna-heredia"},"schema":{"@context":"https:\/\/schema.org","@graph":[{"@type":"Article","@id":"https:\/\/d66.nl\/eerstekamer\/nieuws\/opvang-van-oekrainers\/#article","isPartOf":{"@id":"https:\/\/d66.nl\/eerstekamer\/nieuws\/opvang-van-oekrainers\/"},"author":{"name":"anna-heredia","@id":"https:\/\/d66.nl\/eerstekamer\/#\/schema\/person\/21d219a94c80c1fb0a83058b26abcb36"},"headline":"Opvang van Oekra\u00efners","datePublished":"2023-04-04T16:27:12+00:00","dateModified":"2023-04-04T16:27:13+00:00","mainEntityOfPage":{"@id":"https:\/\/d66.nl\/eerstekamer\/nieuws\/opvang-van-oekrainers\/"},"wordCount":4,"commentCount":0,"publisher":{"@id":"https:\/\/d66.nl\/eerstekamer\/#organization"},"articleSection":["D66"],"inLanguage":"nl-NL","potentialAction":[{"@type":"CommentAction","name":"Comment","target":["https:\/\/d66.nl\/eerstekamer\/nieuws\/opvang-van-oekrainers\/#respond"]}]},{"@type":"WebPage","@id":"https:\/\/d66.nl\/eerstekamer\/nieuws\/opvang-van-oekrainers\/","url":"https:\/\/d66.nl\/eerstekamer\/nieuws\/opvang-van-oekrainers\/","name":"D66 Eerste Kamer &#8212; Opvang van Oekra\u00efners","isPartOf":{"@id":"https:\/\/d66.nl\/eerstekamer\/#website"},"datePublished":"2023-04-04T16:27:12+00:00","dateModified":"2023-04-04T16:27:13+00:00","breadcrumb":{"@id":"https:\/\/d66.nl\/eerstekamer\/nieuws\/opvang-van-oekrainers\/#breadcrumb"},"inLanguage":"nl-NL","potentialAction":[{"@type":"ReadAction","target":["https:\/\/d66.nl\/eerstekamer\/nieuws\/opvang-van-oekrainers\/"]}]},{"@type":"BreadcrumbList","@id":"https:\/\/d66.nl\/eerstekamer\/nieuws\/opvang-van-oekrainers\/#breadcrumb","itemListElement":[{"@type":"ListItem","position":1,"name":"Home","item":"https:\/\/d66.nl\/eerstekamer\/"},{"@type":"ListItem","position":2,"name":"Nieuws","item":"https:\/\/d66.nl\/eerstekamer\/nieuws\/"},{"@type":"ListItem","position":3,"name":"Opvang van Oekra\u00efners"}]},{"@type":"WebSite","@id":"https:\/\/d66.nl\/eerstekamer\/#website","url":"https:\/\/d66.nl\/eerstekamer\/","name":"D66 Eerste Kamer","description":"Just another D66 Sites site","publisher":{"@id":"https:\/\/d66.nl\/eerstekamer\/#organization"},"potentialAction":[{"@type":"SearchAction","target":{"@type":"EntryPoint","urlTemplate":"https:\/\/d66.nl\/eerstekamer\/?s={search_term_string}"},"query-input":{"@type":"PropertyValueSpecification","valueRequired":true,"valueName":"search_term_string"}}],"inLanguage":"nl-NL"},{"@type":"Organization","@id":"https:\/\/d66.nl\/eerstekamer\/#organization","name":"D66","url":"https:\/\/d66.nl\/eerstekamer\/","logo":{"@type":"ImageObject","inLanguage":"nl-NL","@id":"https:\/\/d66.nl\/eerstekamer\/#\/schema\/logo\/image\/","url":"https:\/\/d66.nl\/eerstekamer\/wp-content\/uploads\/sites\/299\/2021\/10\/d66-themas-algemeen-og.png","contentUrl":"https:\/\/d66.nl\/eerstekamer\/wp-content\/uploads\/sites\/299\/2021\/10\/d66-themas-algemeen-og.png","width":1200,"height":628,"caption":"D66"},"image":{"@id":"https:\/\/d66.nl\/eerstekamer\/#\/schema\/logo\/image\/"}},{"@type":"Person","@id":"https:\/\/d66.nl\/eerstekamer\/#\/schema\/person\/21d219a94c80c1fb0a83058b26abcb36","name":"anna-heredia","image":{"@type":"ImageObject","inLanguage":"nl-NL","@id":"https:\/\/secure.gravatar.com\/avatar\/e3b17d3613368dc1ec8cd944339145c37def262db5c1e67e206447e057b3e537?s=96&d=mm&r=g","url":"https:\/\/secure.gravatar.com\/avatar\/e3b17d3613368dc1ec8cd944339145c37def262db5c1e67e206447e057b3e537?s=96&d=mm&r=g","contentUrl":"https:\/\/secure.gravatar.com\/avatar\/e3b17d3613368dc1ec8cd944339145c37def262db5c1e67e206447e057b3e537?s=96&d=mm&r=g","caption":"anna-heredia"}}]}},"_links":{"self":[{"href":"https:\/\/d66.nl\/eerstekamer\/wp-json\/wp\/v2\/posts\/905","targetHints":{"allow":["GET"]}}],"collection":[{"href":"https:\/\/d66.nl\/eerstekamer\/wp-json\/wp\/v2\/posts"}],"about":[{"href":"https:\/\/d66.nl\/eerstekamer\/wp-json\/wp\/v2\/types\/post"}],"author":[{"embeddable":true,"href":"https:\/\/d66.nl\/eerstekamer\/wp-json\/wp\/v2\/users\/1035"}],"replies":[{"embeddable":true,"href":"https:\/\/d66.nl\/eerstekamer\/wp-json\/wp\/v2\/comments?post=905"}],"version-history":[{"count":4,"href":"https:\/\/d66.nl\/eerstekamer\/wp-json\/wp\/v2\/posts\/905\/revisions"}],"predecessor-version":[{"id":910,"href":"https:\/\/d66.nl\/eerstekamer\/wp-json\/wp\/v2\/posts\/905\/revisions\/910"}],"wp:attachment":[{"href":"https:\/\/d66.nl\/eerstekamer\/wp-json\/wp\/v2\/media?parent=905"}],"wp:term":[{"taxonomy":"category","embeddable":true,"href":"https:\/\/d66.nl\/eerstekamer\/wp-json\/wp\/v2\/categories?post=905"},{"taxonomy":"search-tags","embeddable":true,"href":"https:\/\/d66.nl\/eerstekamer\/wp-json\/wp\/v2\/search-tags?post=905"},{"taxonomy":"labels","embeddable":true,"href":"https:\/\/d66.nl\/eerstekamer\/wp-json\/wp\/v2\/labels?post=905"}],"curies":[{"name":"wp","href":"https:\/\/api.w.org\/{rel}","templated":true}]}}