{"id":662,"date":"2022-06-09T14:05:13","date_gmt":"2022-06-09T14:05:13","guid":{"rendered":"https:\/\/d66.nl\/eerstekamer\/nieuws\/"},"modified":"2022-06-30T14:06:40","modified_gmt":"2022-06-30T14:06:40","slug":"algemene-europese-beschouwingen-2022","status":"publish","type":"post","link":"https:\/\/d66.nl\/eerstekamer\/nieuws\/algemene-europese-beschouwingen-2022","title":{"rendered":"Algemene Europese Beschouwingen 2022"},"content":{"rendered":"<div\n  id=\"\"\n  class=\"wrapper  wrapper__spacing-bottom-large--50 wrapper__spacing-bottom-desktop--66 wrapper__spacing-bottom-mobile--76  wrapper__gutter--none\"\n  >\n  \t<div class=\"wrapper__container wrapper__container-width-large--default\">\n\t  <div class=\"wrapper__inner wrapper__width-large--14 wrapper__width-desktop--20 wrapper__width-mobile--24 wrapper__offset-large--6 wrapper__offset-desktop--4 wrapper__offset-mobile--0\">\n\t\t<h1 class=\"heading   heading__size--giant heading__font--serif heading__weight--regular  block-heading__heading\" id=\"nav-petra-stienen-tijdens-de-algemene-europese-beschouwingen7112\"  data-nav-heading-mobile=\"Petra Stienen tijdens de Algemene Europese Beschouwingen\" >\n\tPetra Stienen tijdens de Algemene Europese Beschouwingen<\/h1>\t  <\/div>\n\t<\/div>\n  <\/div>\n\n\n<div\n  id=\"\"\n  class=\"wrapper  wrapper__spacing-bottom-large--110 wrapper__spacing-bottom-desktop--60 wrapper__spacing-bottom-mobile--50  wrapper__gutter--none\"\n  >\n  \t<div class=\"wrapper__container wrapper__container-width-large--default\">\n\t  <div class=\"wrapper__inner wrapper__width-large--24 wrapper__width-mobile--24\">\n\t\t<section class=\"block-video\">\n\t<div\n\t\tclass=\"block-video__video-wrapper\"\n\t\tstyle=\"background-image: url('https:\/\/d66.nl\/eerstekamer\/wp-content\/uploads\/sites\/299\/2022\/06\/aeb-2022-foto-petra.jpeg')\"\n\t>\n\t\t\t<\/div>\n\n\t\t\t<div class=\"block-video__caption-wrapper\">\n\t\t\t<div class=\"block-video__caption\">\n\t\t\t\t<p class=\"paragraph paragraph__align--left paragraph__color--black paragraph__size--small paragraph__weight--medium\">\n\t\tBeeld: Hans Kouwenhoven\/Eerste Kamer\t<\/p>\t\t\t<\/div>\n\t\t<\/div>\n\t\n<\/section>\n\n\t  <\/div>\n\t<\/div>\n  <\/div>\n\n\n<div\n  id=\"\"\n  class=\"wrapper  wrapper__spacing-bottom-large--50 wrapper__spacing-bottom-mobile--40  wrapper__gutter--none\"\n  >\n  \t<div class=\"wrapper__container wrapper__container-width-large--default\">\n\t  <div class=\"wrapper__inner wrapper__width-large--13 wrapper__width-desktop--22 wrapper__width-mobile--24 wrapper__offset-large--6 wrapper__offset-desktop--2 wrapper__offset-mobile--0\">\n\t\t<p\n\t\tclass=\"paragraph   paragraph__size--big   block-paragraph__paragraph\"\n\t\t\t>\n\t\tDinsdag vonden de Algemene Europese Beschouwingen plaats in de Eerste Kamer. Eerste Kamerlid Petra Stienen voerde namens de D66-fractie het woord. In haar toespraak sprak ze over de donkere tijden waarin we terecht zijn gekomen door de oorlog in Oekra\u00efne, maar ook over lichtpuntjes die daardoor zichtbaar zijn. In het debat vroeg D66 onder meer aandacht voor het oorlogsgeweld in Oekra\u00efne, verdergaande Europese samenwerking en een feministisch buitenlandbeleid.\t<\/p>\t  <\/div>\n\t<\/div>\n  <\/div>\n\n\n<div\n  id=\"\"\n  class=\"wrapper  wrapper__spacing-bottom-large--30 wrapper__spacing-bottom-desktop--20 wrapper__spacing-bottom-mobile--10  wrapper__gutter--none\"\n  >\n  \t<div class=\"wrapper__container wrapper__container-width-large--default\">\n\t  <div class=\"wrapper__inner wrapper__width-large--14 wrapper__width-desktop--24 wrapper__width-mobile--24 wrapper__offset-large--6 wrapper__offset-desktop--2 wrapper__offset-mobile--0\">\n\t\t<section class=\"block-related-post-metadata js-block-related-post-metadata\">\n\t<div class=\"block-related-post-metadata__content-wrapper\">\n\t\t<div class=\"block-related-post-metadata__persons\">\n\t\t\t<div class=\"related-person-info__wrapper\">\n\t\t\t<div class=\"related-person-info__item related-person-info__color--skyBlue\">\n\t\t\t<a class=\"related-person-info__link\" href=\"https:\/\/d66.nl\/eerstekamer\/mensen\/petra-stienen\/\">\n\t\t\t\t<div class=\"related-person-info__image_container\">\n\t\t\t\t<img loading=\"lazy\" decoding=\"async\" width=\"150\" height=\"150\" src=\"https:\/\/d66.nl\/eerstekamer\/wp-content\/uploads\/sites\/299\/2022\/04\/Petra-Stienen-foto-website-150x150.png\" class=\"related-person-info__image\" alt=\"\" \/>\t\t\t\t<\/div>\n\t\t\t\t<div class=\"related-person-info__meta\">\n\t\t\t\t\t\t\t\t\t<header class=\"related-person-info__header\">\n\t\t\t\t\t\t<h3 class=\"heading   heading__size--small heading__font--sans heading__weight--bold\" id=\"nav-petra-stienen8316\">\n\tPetra Stienen<\/h3>\t\t\t\t\t<\/header>\n\t\t\t\t\t\t\t\t\t\t\t\t\t<div class=\"related-person-info__description\">\n\t\t\t\t\t\t<p class=\"paragraph   paragraph__size--small paragraph__weight--normal\">\n\t\tEerste kamerlid\t<\/p>\t\t\t\t\t<\/div>\n\t\t\t\t\t\t\t\t<\/div>\n\t\t\t<\/a>\n\t\t<\/div>\n\t\t<\/div>\t\t<\/div>\n\t\t<div class=\"block-related-post-metadata__meta\">\n\t\t\t<div class=\"block-related-post-metadata__date\">\n\t\t\t\t09.06.2022<div class=\"post-share js-post-share rs_skip_always\">\n\t<button class=\"post-share__share-button js-post-share-share-button\">\n\t\tShare\t\t<svg xmlns='http:\/\/www.w3.org\/2000\/svg' width='100px' height='100px' viewBox='0 0 24 24' fill='none'><path d='m8.684 10.658 6.629-3.314m.003 9.314-6.622-3.311M21 6a3 3 0 1 1-6 0 3 3 0 0 1 6 0ZM9 12a3 3 0 1 1-6 0 3 3 0 0 1 6 0Zm12 6a3 3 0 1 1-6 0 3 3 0 0 1 6 0Z' stroke='currentColor' stroke-width='1.5' fill='none'\/><\/svg>\t<\/button>\n\t<dialog class=\"post-share__dialog js-post-share-dialog\" aria-hidden=\"true\">\n\t\t<div class=\"post-share__dialog-header\">\n\t\t\tShare this post\t\t\t<button class=\"post-share__dialog-close js-post-share-dialog-close\">\n\t\t\t\t<svg xmlns='http:\/\/www.w3.org\/2000\/svg' width='150' height='150' viewBox='0 0 150 150' fill='none'><path d='M44.103 105.897 75 75m30.898-30.898L75 75m0 0L44.103 44.102M75 75l30.898 30.897' stroke='currentColor' stroke-width='5' fill='none'\/><\/svg>\t\t\t<\/button>\n\t\t<\/div>\n\t\t<div class=\"post-share__dialog-socials\">\n\t\t\t\t\t\t\t\t\t\t\t<a class=\"post-share__dialog-item js-post-share-dialog-item\" href=\"#\" target=\"_blank\" data-copy=&quot;true&quot;>\n\t\t\t\t\tKopier link<svg xmlns='http:\/\/www.w3.org\/2000\/svg' width='150' height='150' viewBox='0 0 150 150' fill='none'><path d='M67.468 108.679c-8.533-.512-14.164-3.583-17.407-9.983-3.242-6.314-2.815-12.713 1.195-18.6 1.706-2.56 3.584-5.035 5.46-7.594 1.537-2.048 3.584-2.475 5.462-1.195 2.047 1.45 2.389 3.498.938 5.632-1.706 2.474-3.584 4.948-5.29 7.423-3.242 4.778-2.304 11.092 2.133 14.334 4.864 3.584 11.092 2.731 14.761-1.962 1.963-2.475 3.754-5.12 5.632-7.68 1.194-1.535 2.645-2.218 4.607-1.28 1.792.854 2.645 2.39 2.304 4.267 0 .17 0 .427-.17.597-3.67 5.12-6.4 11.178-12.544 13.993-2.56 1.195-5.46 1.707-6.996 2.219l-.085-.171Z' fill='currentColor'\/><path d='M86.921 44.6c6.144.257 11.605 3.328 14.932 9.728 3.328 6.399 2.816 12.798-1.109 18.856-1.621 2.56-3.498 4.95-5.29 7.424-1.707 2.303-3.754 2.815-5.717 1.45-2.048-1.45-2.304-3.669-.597-6.058 1.621-2.304 3.328-4.608 4.949-6.911 3.498-4.95 2.56-11.348-2.133-14.761-4.779-3.499-11.178-2.475-14.847 2.56-1.792 2.388-3.498 4.863-5.205 7.252-1.62 2.218-3.583 2.56-5.546 1.11-1.877-1.366-2.218-3.414-.768-5.462 2.048-2.986 4.01-5.972 6.314-8.703 3.67-4.351 8.448-6.399 15.103-6.399l-.086-.085Z' fill='currentColor'\/><path d='M71.478 88.457c-3.498-.341-5.46-3.413-3.754-6.143 3.327-5.29 6.825-10.495 10.324-15.7 1.45-2.133 3.413-2.389 5.46-1.109 1.878 1.28 2.219 3.413.854 5.546-3.328 5.034-6.57 9.983-9.983 14.932-.683 1.024-1.963 1.621-2.901 2.389v.085Z' fill='currentColor'\/><\/svg>\t\t\t\t<\/a>\n\t\t\t\t\t\t\t\t\t\t\t<a class=\"post-share__dialog-item js-post-share-dialog-item\" href=\"mailto:?to=%20&amp;body=https%3A%2F%2Fd66.nl%2Feerstekamer%2Fnieuws%2Falgemene-europese-beschouwingen-2022\" target=\"_blank\" >\n\t\t\t\t\tMail<svg xmlns='http:\/\/www.w3.org\/2000\/svg' width='40' height='40' viewBox='0 0 40 40' fill='none'><path d='M24.107 15.865a1 1 0 0 1 1.266 1.265l-1.686 5.052a1 1 0 0 1-1.654.392l-3.37-3.37a1.001 1.001 0 0 1 .392-1.654l5.052-1.685Z' fill='currentColor'\/><path d='m21.763 19.475-5.657 5.657' stroke='currentColor' stroke-width='2' stroke-linecap='round' fill='none'\/><\/svg>\t\t\t\t<\/a>\n\t\t\t\t\t\t\t\t\t\t\t<a class=\"post-share__dialog-item js-post-share-dialog-item\" href=\"https:\/\/www.linkedin.com\/sharing\/share-offsite\/?url=https%3A%2F%2Fd66.nl%2Feerstekamer%2Fnieuws%2Falgemene-europese-beschouwingen-2022\" target=\"_blank\" >\n\t\t\t\t\tLinkedIn<svg xmlns='http:\/\/www.w3.org\/2000\/svg' width='40' height='40' viewBox='0 0 40 40' fill='none'><path d='M24.107 15.865a1 1 0 0 1 1.266 1.265l-1.686 5.052a1 1 0 0 1-1.654.392l-3.37-3.37a1.001 1.001 0 0 1 .392-1.654l5.052-1.685Z' fill='currentColor'\/><path d='m21.763 19.475-5.657 5.657' stroke='currentColor' stroke-width='2' stroke-linecap='round' fill='none'\/><\/svg>\t\t\t\t<\/a>\n\t\t\t\t\t\t\t\t\t\t\t<a class=\"post-share__dialog-item js-post-share-dialog-item\" href=\"https:\/\/www.facebook.com\/sharer\/sharer.php?u=https%3A%2F%2Fd66.nl%2Feerstekamer%2Fnieuws%2Falgemene-europese-beschouwingen-2022\" target=\"_blank\" >\n\t\t\t\t\tFacebook<svg xmlns='http:\/\/www.w3.org\/2000\/svg' width='40' height='40' viewBox='0 0 40 40' fill='none'><path d='M24.107 15.865a1 1 0 0 1 1.266 1.265l-1.686 5.052a1 1 0 0 1-1.654.392l-3.37-3.37a1.001 1.001 0 0 1 .392-1.654l5.052-1.685Z' fill='currentColor'\/><path d='m21.763 19.475-5.657 5.657' stroke='currentColor' stroke-width='2' stroke-linecap='round' fill='none'\/><\/svg>\t\t\t\t<\/a>\n\t\t\t\t\t\t\t\t\t\t\t<a class=\"post-share__dialog-item js-post-share-dialog-item\" href=\"whatsapp:\/\/send?text=https%3A%2F%2Fd66.nl%2Feerstekamer%2Fnieuws%2Falgemene-europese-beschouwingen-2022\" target=\"_blank\" >\n\t\t\t\t\tWhatsApp<svg xmlns='http:\/\/www.w3.org\/2000\/svg' width='40' height='40' viewBox='0 0 40 40' fill='none'><path d='M24.107 15.865a1 1 0 0 1 1.266 1.265l-1.686 5.052a1 1 0 0 1-1.654.392l-3.37-3.37a1.001 1.001 0 0 1 .392-1.654l5.052-1.685Z' fill='currentColor'\/><path d='m21.763 19.475-5.657 5.657' stroke='currentColor' stroke-width='2' stroke-linecap='round' fill='none'\/><\/svg>\t\t\t\t<\/a>\n\t\t\t\t\t\t\t\t\t\t\t<a class=\"post-share__dialog-item js-post-share-dialog-item\" href=\"https:\/\/x.com\/intent\/post?url=https%3A%2F%2Fd66.nl%2Feerstekamer%2Fnieuws%2Falgemene-europese-beschouwingen-2022\" target=\"_blank\" >\n\t\t\t\t\tTwitter (X)<svg xmlns='http:\/\/www.w3.org\/2000\/svg' width='40' height='40' viewBox='0 0 40 40' fill='none'><path d='M24.107 15.865a1 1 0 0 1 1.266 1.265l-1.686 5.052a1 1 0 0 1-1.654.392l-3.37-3.37a1.001 1.001 0 0 1 .392-1.654l5.052-1.685Z' fill='currentColor'\/><path d='m21.763 19.475-5.657 5.657' stroke='currentColor' stroke-width='2' stroke-linecap='round' fill='none'\/><\/svg>\t\t\t\t<\/a>\n\t\t\t\t\t<\/div>\n\t<\/dialog>\n<\/div>\t\t\t<\/div>\n\t\t\t<div class=\"block-related-post-metadata__categories\">\n\t\t\t\t<div class=\"category-link__wrapper\">\n\t\t\t<div class=\"category-link__item\">\n\t\t\t<a href=\"https:\/\/d66.nl\/eerstekamer\/category\/d66\/\">\n\t\t\t\tD66\t\t\t<\/a>\n\t\t<\/div>\n\t\t\t\t<div class=\"category-link__item\">\n\t\t\t<a href=\"https:\/\/d66.nl\/eerstekamer\/search-tags\/europa\/\">\n\t\t\t\tEuropa en internationaal\t\t\t<\/a>\n\t\t<\/div>\n\t\t<\/div>\t\t\t<\/div>\n\t\t<\/div>\n\t<\/div>\n<\/section>\n\t  <\/div>\n\t<\/div>\n  <\/div>\n\n\n<div\n  id=\"\"\n  class=\"wrapper  wrapper__spacing-bottom-large--50 wrapper__spacing-bottom-desktop--70 wrapper__spacing-bottom-mobile--50  wrapper__gutter--none\"\n  >\n  \t<div class=\"wrapper__container wrapper__container-width-large--default\">\n\t  <div class=\"wrapper__inner wrapper__width-large--18 wrapper__width-desktop--22 wrapper__width-mobile--24 wrapper__offset-large--6 wrapper__offset-desktop--2 wrapper__offset-mobile--0\">\n\t\t<section class=\"block-post-content\">\n\t<div class=\"block-post-content__title\">\n\t\t<h3 class=\"heading  heading__color--black heading__size--medium heading__font--sans heading__weight--semiBold  block-post-content__heading\" id=\"nav--strong-oorlog-in-oekra--ne--strong-7892\" data-nav-heading-mobile=\"Oorlog in Oekra\u00efne\">\n\t<strong>Oorlog in Oekra\u00efne<\/strong><\/h3>\t<\/div>\n\t<div class=\"block-post-content__content\">\n\t\t\n<div\n  id=\"\"\n  class=\"wrapper  wrapper__spacing-bottom-large--30 wrapper__spacing-bottom-desktop--20  wrapper__gutter--none\"\n  >\n  \t<div class=\"wrapper__container wrapper__container-width-large--default\">\n\t  <div class=\"wrapper__inner wrapper__width-large--24 wrapper__width-mobile--24\">\n\t\t<p\n\t\tclass=\"paragraph paragraph__align--left paragraph__color--black paragraph__size--default   block-paragraph__paragraph\"\n\t\t\t>\n\t\tDe Russische inval in Oekra\u00efne heeft Europa wakker geschud. In het licht van deze oorlog heeft de D66-fractie drie belangrijke doelstellingen van ons democratische stelsel centraal gesteld tijdens deze beschouwingen: de belofte van vrijheid in verbondenheid in vrede en welvaart, de bescherming van de Europese burger en het beschermen van de Europese beschaving. Stienen benadrukte dat mensenrechten de basis zijn voor een duurzame stabiliteit in Europa. Poetin ondermijnt al jaren de stabiliteit en mensenrechten, niet alleen in zijn eigen land maar ook in zijn buurlanden en Syri\u00eb. Dit heeft voor de Oekra\u00efners desastreuze gevolgen. De D66-fractie vroeg aandacht voor de rol die Nederland en de EU spelen in de steun aan Oekra\u00efne. De minister werd daarom gevraagd naar het uitblijven van de heldere steun van Nederland voor de aspiraties van Oekra\u00efne om in de toekomst lid te kunnen worden van de EU.\t<\/p>\t  <\/div>\n\t<\/div>\n  <\/div>\n\n\t<\/div>\n\n\t<div class=\"block-post-content__sidebar\">\n\t\t\n\t\t\n\t\t\t<\/div>\n<\/section>\n\t  <\/div>\n\t<\/div>\n  <\/div>\n\n\n<div\n  id=\"\"\n  class=\"wrapper  wrapper__spacing-bottom-large--50 wrapper__spacing-bottom-desktop--70 wrapper__spacing-bottom-mobile--50  wrapper__gutter--none\"\n  >\n  \t<div class=\"wrapper__container wrapper__container-width-large--default\">\n\t  <div class=\"wrapper__inner wrapper__width-large--18 wrapper__width-desktop--22 wrapper__width-mobile--24 wrapper__offset-large--6 wrapper__offset-desktop--2 wrapper__offset-mobile--0\">\n\t\t<section class=\"block-post-content\">\n\t<div class=\"block-post-content__title\">\n\t\t<h3 class=\"heading  heading__color--black heading__size--medium heading__font--sans heading__weight--semiBold  block-post-content__heading\" id=\"nav--strong-donker-en-licht--strong-6791\" data-nav-heading-mobile=\"Donker en licht\">\n\t<strong>Donker en licht<\/strong><\/h3>\t<\/div>\n\t<div class=\"block-post-content__content\">\n\t\t\n<div\n  id=\"\"\n  class=\"wrapper  wrapper__spacing-bottom-large--30 wrapper__spacing-bottom-desktop--20  wrapper__gutter--none\"\n  >\n  \t<div class=\"wrapper__container wrapper__container-width-large--default\">\n\t  <div class=\"wrapper__inner wrapper__width-large--24 wrapper__width-mobile--24\">\n\t\t<p\n\t\tclass=\"paragraph paragraph__align--left paragraph__color--black paragraph__size--default   block-paragraph__paragraph\"\n\t\t\t>\n\t\tNaast de oorlog in Oekra\u00efne sprak D66 ook over de coronapandemie en de klimaatcrisis, die net als de oorlog onze eigen kwetsbaarheden in beeld brengen. Als het aan D66 ligt zien we 2022 als een nieuw keerpunt in de geschiedenis, waarin we ondanks de donkere dagen van oorlog en crisis de boemerang van de geschiedenis weten op te vangen en echt te zorgen voor bescherming en koestering van de Europese beschaving. D66 wil dit waarmaken door te vertrouwen op de kracht van Europese samenwerking. Stienen:\u00a0\u201cHet is aan ons om vertrouwen op te bouwen dat de onge\u00ebvenaarde veerkracht die soms onzichtbaar is in Europese samenwerking, nu beter benut gaat worden om samen de uitdagingen aan te gaan.\u201d\t<\/p>\t  <\/div>\n\t<\/div>\n  <\/div>\n\n\t<\/div>\n\n\t<div class=\"block-post-content__sidebar\">\n\t\t\n\t\t\n\t\t\t<\/div>\n<\/section>\n\t  <\/div>\n\t<\/div>\n  <\/div>\n\n\n<div\n  id=\"\"\n  class=\"wrapper  wrapper__spacing-bottom-large--70 wrapper__spacing-bottom-desktop--65 wrapper__spacing-bottom-mobile--50  wrapper__gutter--none\"\n  >\n  \t<div class=\"wrapper__container wrapper__container-width-large--default\">\n\t  <div class=\"wrapper__inner wrapper__width-large--14 wrapper__width-desktop--24 wrapper__offset-large--3 wrapper__offset-desktop--0\">\n\t\t<section class=\"block-quote\">\n\t\t\t<p class=\"paragraph  paragraph__color--black     block-quote__quote\">\n\t\t&#8220;Het is aan ons om vertrouwen op te bouwen dat de onge\u00ebvenaarde veerkracht die soms onzichtbaar is in Europese samenwerking, nu beter benut gaat worden om samen de uitdagingen aan te gaan.&#8221;\t<\/p>\t\n\t<\/section>\n\t  <\/div>\n\t<\/div>\n  <\/div>\n\n\n<div\n  id=\"\"\n  class=\"wrapper  wrapper__spacing-bottom-large--50 wrapper__spacing-bottom-desktop--70 wrapper__spacing-bottom-mobile--50  wrapper__gutter--none\"\n  >\n  \t<div class=\"wrapper__container wrapper__container-width-large--default\">\n\t  <div class=\"wrapper__inner wrapper__width-large--18 wrapper__width-desktop--22 wrapper__width-mobile--24 wrapper__offset-large--6 wrapper__offset-desktop--2 wrapper__offset-mobile--0\">\n\t\t<section class=\"block-post-content\">\n\t<div class=\"block-post-content__title\">\n\t\t<h3 class=\"heading  heading__color--black heading__size--medium heading__font--sans heading__weight--semiBold  block-post-content__heading\" id=\"nav--strong-lichtpuntjes--strong-3015\" data-nav-heading-mobile=\"Lichtpuntjes\">\n\t<strong>Lichtpuntjes<\/strong><\/h3>\t<\/div>\n\t<div class=\"block-post-content__content\">\n\t\t\n<div\n  id=\"\"\n  class=\"wrapper  wrapper__spacing-bottom-large--30 wrapper__spacing-bottom-desktop--20  wrapper__gutter--none\"\n  >\n  \t<div class=\"wrapper__container wrapper__container-width-large--default\">\n\t  <div class=\"wrapper__inner wrapper__width-large--24 wrapper__width-mobile--24\">\n\t\t<p\n\t\tclass=\"paragraph paragraph__align--left paragraph__color--black paragraph__size--default   block-paragraph__paragraph\"\n\t\t\t>\n\t\tIn deze donkere dagen ziet de D66-fractie ook een aantal lichtpuntjes. Zo zijn we verheugd over het actievere Europabeleid van het huidige kabinet. Evenzeer vindt D66 de versterkte defensie- en strategische samenwerking in de EU een belangrijke stap in de goede richting. Verder is het besluit van het kabinet om in te gaan zetten op een feministisch buitenlandbeleid een lichtpuntje in de duisternis. Om dit feministische buitenlandbeleid daadwerkelijk in de praktijk te brengen vroeg senator Stienen wel extra aandacht van de minister:\u00a0<em>\u201cEen feministisch buitenlands beleid kan alleen succesvol zijn als ministers de politieke wil tonen zich actief in te zetten voor dit beleid\u201d.<\/em>\t<\/p>\t  <\/div>\n\t<\/div>\n  <\/div>\n\n\n<div\n  id=\"\"\n  class=\"wrapper  wrapper__spacing-bottom-large--20  wrapper__gutter--none\"\n  >\n  \t<div class=\"wrapper__container wrapper__container-width-large--default\">\n\t  <div class=\"wrapper__inner wrapper__width-large--24 wrapper__width-mobile--24\">\n\t\t\t<div class=\"block-lists  block-lists__color--black\">\n\t\t<p class=\"paragraph  paragraph__color--black paragraph__size--default\">\n\t\t\t<\/p><ul class=\"block-lists lists__lists lists__weight--medium lists__color--black lists__type--default\">\n\t<\/ul>\t<\/div>\n\t\t  <\/div>\n\t<\/div>\n  <\/div>\n\n\t<\/div>\n\n\t<div class=\"block-post-content__sidebar\">\n\t\t\n\t\t\n\t\t\t<\/div>\n<\/section>\n\t  <\/div>\n\t<\/div>\n  <\/div>\n","protected":false},"excerpt":{"rendered":"","protected":false},"author":1035,"featured_media":0,"comment_status":"closed","ping_status":"open","sticky":false,"template":"","format":"standard","meta":{"_acf_changed":false,"footnotes":""},"categories":[1],"search-tags":[8],"labels":[],"class_list":["post-662","post","type-post","status-publish","format-standard","hentry","category-d66","search-tags-europa"],"acf":[],"yoast_head":"<!-- This site is optimized with the Yoast SEO plugin v27.3 - https:\/\/yoast.com\/product\/yoast-seo-wordpress\/ -->\n<title>D66 Eerste Kamer &#8212; Algemene Europese Beschouwingen 2022<\/title>\n<meta name=\"robots\" content=\"index, follow, max-snippet:-1, max-image-preview:large, max-video-preview:-1\" \/>\n<link rel=\"canonical\" href=\"https:\/\/d66.nl\/eerstekamer\/nieuws\/algemene-europese-beschouwingen-2022\" \/>\n<meta property=\"og:locale\" content=\"nl_NL\" \/>\n<meta property=\"og:type\" content=\"article\" \/>\n<meta property=\"og:title\" content=\"D66 Eerste Kamer &#8212; Algemene Europese Beschouwingen 2022\" \/>\n<meta property=\"og:url\" content=\"https:\/\/d66.nl\/eerstekamer\/nieuws\/algemene-europese-beschouwingen-2022\/\" \/>\n<meta property=\"og:site_name\" content=\"D66 Eerste Kamer\" \/>\n<meta property=\"article:published_time\" content=\"2022-06-09T14:05:13+00:00\" \/>\n<meta property=\"article:modified_time\" content=\"2022-06-30T14:06:40+00:00\" \/>\n<meta name=\"author\" content=\"anna-heredia\" \/>\n<meta name=\"twitter:card\" content=\"summary_large_image\" \/>\n<meta name=\"twitter:label1\" content=\"Geschreven door\" \/>\n\t<meta name=\"twitter:data1\" content=\"anna-heredia\" \/>\n<script type=\"application\/ld+json\" class=\"yoast-schema-graph\">{\"@context\":\"https:\\\/\\\/schema.org\",\"@graph\":[{\"@type\":\"Article\",\"@id\":\"https:\\\/\\\/d66.nl\\\/eerstekamer\\\/nieuws\\\/algemene-europese-beschouwingen-2022\\\/#article\",\"isPartOf\":{\"@id\":\"https:\\\/\\\/d66.nl\\\/eerstekamer\\\/nieuws\\\/algemene-europese-beschouwingen-2022\\\/\"},\"author\":{\"name\":\"anna-heredia\",\"@id\":\"https:\\\/\\\/d66.nl\\\/eerstekamer\\\/#\\\/schema\\\/person\\\/21d219a94c80c1fb0a83058b26abcb36\"},\"headline\":\"Algemene Europese Beschouwingen 2022\",\"datePublished\":\"2022-06-09T14:05:13+00:00\",\"dateModified\":\"2022-06-30T14:06:40+00:00\",\"mainEntityOfPage\":{\"@id\":\"https:\\\/\\\/d66.nl\\\/eerstekamer\\\/nieuws\\\/algemene-europese-beschouwingen-2022\\\/\"},\"wordCount\":3,\"publisher\":{\"@id\":\"https:\\\/\\\/d66.nl\\\/eerstekamer\\\/#organization\"},\"articleSection\":[\"D66\"],\"inLanguage\":\"nl-NL\"},{\"@type\":\"WebPage\",\"@id\":\"https:\\\/\\\/d66.nl\\\/eerstekamer\\\/nieuws\\\/algemene-europese-beschouwingen-2022\\\/\",\"url\":\"https:\\\/\\\/d66.nl\\\/eerstekamer\\\/nieuws\\\/algemene-europese-beschouwingen-2022\\\/\",\"name\":\"D66 Eerste Kamer &#8212; Algemene Europese Beschouwingen 2022\",\"isPartOf\":{\"@id\":\"https:\\\/\\\/d66.nl\\\/eerstekamer\\\/#website\"},\"datePublished\":\"2022-06-09T14:05:13+00:00\",\"dateModified\":\"2022-06-30T14:06:40+00:00\",\"breadcrumb\":{\"@id\":\"https:\\\/\\\/d66.nl\\\/eerstekamer\\\/nieuws\\\/algemene-europese-beschouwingen-2022\\\/#breadcrumb\"},\"inLanguage\":\"nl-NL\",\"potentialAction\":[{\"@type\":\"ReadAction\",\"target\":[\"https:\\\/\\\/d66.nl\\\/eerstekamer\\\/nieuws\\\/algemene-europese-beschouwingen-2022\\\/\"]}]},{\"@type\":\"BreadcrumbList\",\"@id\":\"https:\\\/\\\/d66.nl\\\/eerstekamer\\\/nieuws\\\/algemene-europese-beschouwingen-2022\\\/#breadcrumb\",\"itemListElement\":[{\"@type\":\"ListItem\",\"position\":1,\"name\":\"Home\",\"item\":\"https:\\\/\\\/d66.nl\\\/eerstekamer\\\/\"},{\"@type\":\"ListItem\",\"position\":2,\"name\":\"Nieuws\",\"item\":\"https:\\\/\\\/d66.nl\\\/eerstekamer\\\/nieuws\\\/\"},{\"@type\":\"ListItem\",\"position\":3,\"name\":\"Algemene Europese Beschouwingen 2022\"}]},{\"@type\":\"WebSite\",\"@id\":\"https:\\\/\\\/d66.nl\\\/eerstekamer\\\/#website\",\"url\":\"https:\\\/\\\/d66.nl\\\/eerstekamer\\\/\",\"name\":\"D66 Eerste Kamer\",\"description\":\"Just another D66 Sites site\",\"publisher\":{\"@id\":\"https:\\\/\\\/d66.nl\\\/eerstekamer\\\/#organization\"},\"potentialAction\":[{\"@type\":\"SearchAction\",\"target\":{\"@type\":\"EntryPoint\",\"urlTemplate\":\"https:\\\/\\\/d66.nl\\\/eerstekamer\\\/?s={search_term_string}\"},\"query-input\":{\"@type\":\"PropertyValueSpecification\",\"valueRequired\":true,\"valueName\":\"search_term_string\"}}],\"inLanguage\":\"nl-NL\"},{\"@type\":\"Organization\",\"@id\":\"https:\\\/\\\/d66.nl\\\/eerstekamer\\\/#organization\",\"name\":\"D66\",\"url\":\"https:\\\/\\\/d66.nl\\\/eerstekamer\\\/\",\"logo\":{\"@type\":\"ImageObject\",\"inLanguage\":\"nl-NL\",\"@id\":\"https:\\\/\\\/d66.nl\\\/eerstekamer\\\/#\\\/schema\\\/logo\\\/image\\\/\",\"url\":\"https:\\\/\\\/d66.nl\\\/eerstekamer\\\/wp-content\\\/uploads\\\/sites\\\/299\\\/2021\\\/10\\\/d66-themas-algemeen-og.png\",\"contentUrl\":\"https:\\\/\\\/d66.nl\\\/eerstekamer\\\/wp-content\\\/uploads\\\/sites\\\/299\\\/2021\\\/10\\\/d66-themas-algemeen-og.png\",\"width\":1200,\"height\":628,\"caption\":\"D66\"},\"image\":{\"@id\":\"https:\\\/\\\/d66.nl\\\/eerstekamer\\\/#\\\/schema\\\/logo\\\/image\\\/\"}},{\"@type\":\"Person\",\"@id\":\"https:\\\/\\\/d66.nl\\\/eerstekamer\\\/#\\\/schema\\\/person\\\/21d219a94c80c1fb0a83058b26abcb36\",\"name\":\"anna-heredia\",\"image\":{\"@type\":\"ImageObject\",\"inLanguage\":\"nl-NL\",\"@id\":\"https:\\\/\\\/secure.gravatar.com\\\/avatar\\\/e3b17d3613368dc1ec8cd944339145c37def262db5c1e67e206447e057b3e537?s=96&d=mm&r=g\",\"url\":\"https:\\\/\\\/secure.gravatar.com\\\/avatar\\\/e3b17d3613368dc1ec8cd944339145c37def262db5c1e67e206447e057b3e537?s=96&d=mm&r=g\",\"contentUrl\":\"https:\\\/\\\/secure.gravatar.com\\\/avatar\\\/e3b17d3613368dc1ec8cd944339145c37def262db5c1e67e206447e057b3e537?s=96&d=mm&r=g\",\"caption\":\"anna-heredia\"}}]}<\/script>\n<!-- \/ Yoast SEO plugin. -->","yoast_head_json":{"title":"D66 Eerste Kamer &#8212; Algemene Europese Beschouwingen 2022","robots":{"index":"index","follow":"follow","max-snippet":"max-snippet:-1","max-image-preview":"max-image-preview:large","max-video-preview":"max-video-preview:-1"},"canonical":"https:\/\/d66.nl\/eerstekamer\/nieuws\/algemene-europese-beschouwingen-2022","og_locale":"nl_NL","og_type":"article","og_title":"D66 Eerste Kamer &#8212; Algemene Europese Beschouwingen 2022","og_url":"https:\/\/d66.nl\/eerstekamer\/nieuws\/algemene-europese-beschouwingen-2022\/","og_site_name":"D66 Eerste Kamer","article_published_time":"2022-06-09T14:05:13+00:00","article_modified_time":"2022-06-30T14:06:40+00:00","author":"anna-heredia","twitter_card":"summary_large_image","twitter_misc":{"Geschreven door":"anna-heredia"},"schema":{"@context":"https:\/\/schema.org","@graph":[{"@type":"Article","@id":"https:\/\/d66.nl\/eerstekamer\/nieuws\/algemene-europese-beschouwingen-2022\/#article","isPartOf":{"@id":"https:\/\/d66.nl\/eerstekamer\/nieuws\/algemene-europese-beschouwingen-2022\/"},"author":{"name":"anna-heredia","@id":"https:\/\/d66.nl\/eerstekamer\/#\/schema\/person\/21d219a94c80c1fb0a83058b26abcb36"},"headline":"Algemene Europese Beschouwingen 2022","datePublished":"2022-06-09T14:05:13+00:00","dateModified":"2022-06-30T14:06:40+00:00","mainEntityOfPage":{"@id":"https:\/\/d66.nl\/eerstekamer\/nieuws\/algemene-europese-beschouwingen-2022\/"},"wordCount":3,"publisher":{"@id":"https:\/\/d66.nl\/eerstekamer\/#organization"},"articleSection":["D66"],"inLanguage":"nl-NL"},{"@type":"WebPage","@id":"https:\/\/d66.nl\/eerstekamer\/nieuws\/algemene-europese-beschouwingen-2022\/","url":"https:\/\/d66.nl\/eerstekamer\/nieuws\/algemene-europese-beschouwingen-2022\/","name":"D66 Eerste Kamer &#8212; Algemene Europese Beschouwingen 2022","isPartOf":{"@id":"https:\/\/d66.nl\/eerstekamer\/#website"},"datePublished":"2022-06-09T14:05:13+00:00","dateModified":"2022-06-30T14:06:40+00:00","breadcrumb":{"@id":"https:\/\/d66.nl\/eerstekamer\/nieuws\/algemene-europese-beschouwingen-2022\/#breadcrumb"},"inLanguage":"nl-NL","potentialAction":[{"@type":"ReadAction","target":["https:\/\/d66.nl\/eerstekamer\/nieuws\/algemene-europese-beschouwingen-2022\/"]}]},{"@type":"BreadcrumbList","@id":"https:\/\/d66.nl\/eerstekamer\/nieuws\/algemene-europese-beschouwingen-2022\/#breadcrumb","itemListElement":[{"@type":"ListItem","position":1,"name":"Home","item":"https:\/\/d66.nl\/eerstekamer\/"},{"@type":"ListItem","position":2,"name":"Nieuws","item":"https:\/\/d66.nl\/eerstekamer\/nieuws\/"},{"@type":"ListItem","position":3,"name":"Algemene Europese Beschouwingen 2022"}]},{"@type":"WebSite","@id":"https:\/\/d66.nl\/eerstekamer\/#website","url":"https:\/\/d66.nl\/eerstekamer\/","name":"D66 Eerste Kamer","description":"Just another D66 Sites site","publisher":{"@id":"https:\/\/d66.nl\/eerstekamer\/#organization"},"potentialAction":[{"@type":"SearchAction","target":{"@type":"EntryPoint","urlTemplate":"https:\/\/d66.nl\/eerstekamer\/?s={search_term_string}"},"query-input":{"@type":"PropertyValueSpecification","valueRequired":true,"valueName":"search_term_string"}}],"inLanguage":"nl-NL"},{"@type":"Organization","@id":"https:\/\/d66.nl\/eerstekamer\/#organization","name":"D66","url":"https:\/\/d66.nl\/eerstekamer\/","logo":{"@type":"ImageObject","inLanguage":"nl-NL","@id":"https:\/\/d66.nl\/eerstekamer\/#\/schema\/logo\/image\/","url":"https:\/\/d66.nl\/eerstekamer\/wp-content\/uploads\/sites\/299\/2021\/10\/d66-themas-algemeen-og.png","contentUrl":"https:\/\/d66.nl\/eerstekamer\/wp-content\/uploads\/sites\/299\/2021\/10\/d66-themas-algemeen-og.png","width":1200,"height":628,"caption":"D66"},"image":{"@id":"https:\/\/d66.nl\/eerstekamer\/#\/schema\/logo\/image\/"}},{"@type":"Person","@id":"https:\/\/d66.nl\/eerstekamer\/#\/schema\/person\/21d219a94c80c1fb0a83058b26abcb36","name":"anna-heredia","image":{"@type":"ImageObject","inLanguage":"nl-NL","@id":"https:\/\/secure.gravatar.com\/avatar\/e3b17d3613368dc1ec8cd944339145c37def262db5c1e67e206447e057b3e537?s=96&d=mm&r=g","url":"https:\/\/secure.gravatar.com\/avatar\/e3b17d3613368dc1ec8cd944339145c37def262db5c1e67e206447e057b3e537?s=96&d=mm&r=g","contentUrl":"https:\/\/secure.gravatar.com\/avatar\/e3b17d3613368dc1ec8cd944339145c37def262db5c1e67e206447e057b3e537?s=96&d=mm&r=g","caption":"anna-heredia"}}]}},"_links":{"self":[{"href":"https:\/\/d66.nl\/eerstekamer\/wp-json\/wp\/v2\/posts\/662","targetHints":{"allow":["GET"]}}],"collection":[{"href":"https:\/\/d66.nl\/eerstekamer\/wp-json\/wp\/v2\/posts"}],"about":[{"href":"https:\/\/d66.nl\/eerstekamer\/wp-json\/wp\/v2\/types\/post"}],"author":[{"embeddable":true,"href":"https:\/\/d66.nl\/eerstekamer\/wp-json\/wp\/v2\/users\/1035"}],"replies":[{"embeddable":true,"href":"https:\/\/d66.nl\/eerstekamer\/wp-json\/wp\/v2\/comments?post=662"}],"version-history":[{"count":3,"href":"https:\/\/d66.nl\/eerstekamer\/wp-json\/wp\/v2\/posts\/662\/revisions"}],"predecessor-version":[{"id":666,"href":"https:\/\/d66.nl\/eerstekamer\/wp-json\/wp\/v2\/posts\/662\/revisions\/666"}],"wp:attachment":[{"href":"https:\/\/d66.nl\/eerstekamer\/wp-json\/wp\/v2\/media?parent=662"}],"wp:term":[{"taxonomy":"category","embeddable":true,"href":"https:\/\/d66.nl\/eerstekamer\/wp-json\/wp\/v2\/categories?post=662"},{"taxonomy":"search-tags","embeddable":true,"href":"https:\/\/d66.nl\/eerstekamer\/wp-json\/wp\/v2\/search-tags?post=662"},{"taxonomy":"labels","embeddable":true,"href":"https:\/\/d66.nl\/eerstekamer\/wp-json\/wp\/v2\/labels?post=662"}],"curies":[{"name":"wp","href":"https:\/\/api.w.org\/{rel}","templated":true}]}}