{"id":1031,"date":"2022-11-03T14:41:48","date_gmt":"2022-11-03T14:41:48","guid":{"rendered":"https:\/\/d66.nl\/diemen\/nieuws\/"},"modified":"2025-03-01T14:44:48","modified_gmt":"2025-03-01T14:44:48","slug":"algemene-beschouwingen-2022-2","status":"publish","type":"post","link":"https:\/\/d66.nl\/diemen\/nieuws\/algemene-beschouwingen-2022-2","title":{"rendered":"Algemene beschouwingen"},"content":{"rendered":"<div\n  id=\"\"\n  class=\"wrapper  wrapper__spacing-bottom-large--50 wrapper__spacing-bottom-desktop--66 wrapper__spacing-bottom-mobile--76  wrapper__gutter--none\"\n  >\n  \t<div class=\"wrapper__container wrapper__container-width-large--default\">\n\t  <div class=\"wrapper__inner wrapper__width-large--14 wrapper__width-desktop--20 wrapper__width-mobile--24 wrapper__offset-large--6 wrapper__offset-desktop--4 wrapper__offset-mobile--0\">\n\t\t<h1 class=\"heading   heading__size--giant heading__font--serif heading__weight--regular  block-heading__heading\" id=\"nav-algemene-beschouwingen6075\"  data-nav-heading-mobile=\"Algemene beschouwingen\" >\n\tAlgemene beschouwingen<\/h1>\t  <\/div>\n\t<\/div>\n  <\/div>\n\n\n<div\n  id=\"\"\n  class=\"wrapper  wrapper__spacing-bottom-large--50 wrapper__spacing-bottom-mobile--40  wrapper__gutter--none\"\n  >\n  \t<div class=\"wrapper__container wrapper__container-width-large--default\">\n\t  <div class=\"wrapper__inner wrapper__width-large--13 wrapper__width-desktop--22 wrapper__width-mobile--24 wrapper__offset-large--6 wrapper__offset-desktop--2 wrapper__offset-mobile--0\">\n\t\t<p\n\t\tclass=\"paragraph   paragraph__size--big   block-paragraph__paragraph\"\n\t\t\t>\n\t\tOp 3 november werd de begroting 2023 van de gemeente Diemen in de raad behandeld. Bij deze algemene beschouwingen wordt er altijd breed gekeken naar de stand van zaken in de gemeente en de wensen van de toekomst. <br><br>D66 heeft daarbij vooral gekeken naar bestaanszekerheid, klimaat en het &#8216;samen doen&#8217;. Onze fractievoorzitter Rick Poelwijk sprak de volgende tekst uit:\t<\/p>\t  <\/div>\n\t<\/div>\n  <\/div>\n\n\n<div\n  id=\"\"\n  class=\"wrapper  wrapper__spacing-bottom-large--30 wrapper__spacing-bottom-desktop--20 wrapper__spacing-bottom-mobile--10  wrapper__gutter--none\"\n  >\n  \t<div class=\"wrapper__container wrapper__container-width-large--default\">\n\t  <div class=\"wrapper__inner wrapper__width-large--14 wrapper__width-desktop--24 wrapper__width-mobile--24 wrapper__offset-large--6 wrapper__offset-desktop--2 wrapper__offset-mobile--0\">\n\t\t<section class=\"block-related-post-metadata js-block-related-post-metadata\">\n\t<div class=\"block-related-post-metadata__content-wrapper\">\n\t\t<div class=\"block-related-post-metadata__persons\">\n\t\t\t<div class=\"related-person-info__wrapper\">\n\t\t\t<div class=\"related-person-info__item related-person-info__color--tomato\">\n\t\t\t<a class=\"related-person-info__link\" href=\"https:\/\/d66.nl\/diemen\/mensen\/rick-poelwijk\/\">\n\t\t\t\t<div class=\"related-person-info__image_container\">\n\t\t\t\t<img loading=\"lazy\" decoding=\"async\" width=\"150\" height=\"150\" src=\"https:\/\/media.d66.nl\/uploads\/sites\/216\/2022\/01\/P2083202-150x150.jpg\" class=\"related-person-info__image\" alt=\"\" \/>\t\t\t\t<\/div>\n\t\t\t\t<div class=\"related-person-info__meta\">\n\t\t\t\t\t\t\t\t\t<header class=\"related-person-info__header\">\n\t\t\t\t\t\t<h3 class=\"heading   heading__size--small heading__font--sans heading__weight--bold\" id=\"nav-rick-poelwijk8863\">\n\tRick Poelwijk<\/h3>\t\t\t\t\t<\/header>\n\t\t\t\t\t\t\t\t\t\t\t\t\t<div class=\"related-person-info__description\">\n\t\t\t\t\t\t<p class=\"paragraph   paragraph__size--small paragraph__weight--normal\">\n\t\tFractievoorzitter en lijsttrekker\t<\/p>\t\t\t\t\t<\/div>\n\t\t\t\t\t\t\t\t<\/div>\n\t\t\t<\/a>\n\t\t<\/div>\n\t\t<\/div>\t\t<\/div>\n\t\t<div class=\"block-related-post-metadata__meta\">\n\t\t\t<div class=\"block-related-post-metadata__date\">\n\t\t\t\t03.11.2022<div class=\"post-share js-post-share rs_skip_always\">\n\t<button class=\"post-share__share-button js-post-share-share-button\">\n\t\tShare\t\t<svg xmlns='http:\/\/www.w3.org\/2000\/svg' width='100px' height='100px' viewBox='0 0 24 24' fill='none'><path d='m8.684 10.658 6.629-3.314m.003 9.314-6.622-3.311M21 6a3 3 0 1 1-6 0 3 3 0 0 1 6 0ZM9 12a3 3 0 1 1-6 0 3 3 0 0 1 6 0Zm12 6a3 3 0 1 1-6 0 3 3 0 0 1 6 0Z' stroke='currentColor' stroke-width='1.5' fill='none'\/><\/svg>\t<\/button>\n\t<dialog class=\"post-share__dialog js-post-share-dialog\" aria-hidden=\"true\">\n\t\t<div class=\"post-share__dialog-header\">\n\t\t\tShare this post\t\t\t<button class=\"post-share__dialog-close js-post-share-dialog-close\">\n\t\t\t\t<svg xmlns='http:\/\/www.w3.org\/2000\/svg' width='150' height='150' viewBox='0 0 150 150' fill='none'><path d='M44.103 105.897 75 75m30.898-30.898L75 75m0 0L44.103 44.102M75 75l30.898 30.897' stroke='currentColor' stroke-width='5' fill='none'\/><\/svg>\t\t\t<\/button>\n\t\t<\/div>\n\t\t<div class=\"post-share__dialog-socials\">\n\t\t\t\t\t\t\t\t\t\t\t<a class=\"post-share__dialog-item js-post-share-dialog-item\" href=\"#\" target=\"_blank\" data-copy=&quot;true&quot;>\n\t\t\t\t\tKopier link<svg xmlns='http:\/\/www.w3.org\/2000\/svg' width='150' height='150' viewBox='0 0 150 150' fill='none'><path d='M67.468 108.679c-8.533-.512-14.164-3.583-17.407-9.983-3.242-6.314-2.815-12.713 1.195-18.6 1.706-2.56 3.584-5.035 5.46-7.594 1.537-2.048 3.584-2.475 5.462-1.195 2.047 1.45 2.389 3.498.938 5.632-1.706 2.474-3.584 4.948-5.29 7.423-3.242 4.778-2.304 11.092 2.133 14.334 4.864 3.584 11.092 2.731 14.761-1.962 1.963-2.475 3.754-5.12 5.632-7.68 1.194-1.535 2.645-2.218 4.607-1.28 1.792.854 2.645 2.39 2.304 4.267 0 .17 0 .427-.17.597-3.67 5.12-6.4 11.178-12.544 13.993-2.56 1.195-5.46 1.707-6.996 2.219l-.085-.171Z' fill='currentColor'\/><path d='M86.921 44.6c6.144.257 11.605 3.328 14.932 9.728 3.328 6.399 2.816 12.798-1.109 18.856-1.621 2.56-3.498 4.95-5.29 7.424-1.707 2.303-3.754 2.815-5.717 1.45-2.048-1.45-2.304-3.669-.597-6.058 1.621-2.304 3.328-4.608 4.949-6.911 3.498-4.95 2.56-11.348-2.133-14.761-4.779-3.499-11.178-2.475-14.847 2.56-1.792 2.388-3.498 4.863-5.205 7.252-1.62 2.218-3.583 2.56-5.546 1.11-1.877-1.366-2.218-3.414-.768-5.462 2.048-2.986 4.01-5.972 6.314-8.703 3.67-4.351 8.448-6.399 15.103-6.399l-.086-.085Z' fill='currentColor'\/><path d='M71.478 88.457c-3.498-.341-5.46-3.413-3.754-6.143 3.327-5.29 6.825-10.495 10.324-15.7 1.45-2.133 3.413-2.389 5.46-1.109 1.878 1.28 2.219 3.413.854 5.546-3.328 5.034-6.57 9.983-9.983 14.932-.683 1.024-1.963 1.621-2.901 2.389v.085Z' fill='currentColor'\/><\/svg>\t\t\t\t<\/a>\n\t\t\t\t\t\t\t\t\t\t\t<a class=\"post-share__dialog-item js-post-share-dialog-item\" href=\"mailto:?to=%20&amp;body=https%3A%2F%2Fd66.nl%2Fdiemen%2Fnieuws%2Falgemene-beschouwingen-2022-2\" target=\"_blank\" >\n\t\t\t\t\tMail<svg xmlns='http:\/\/www.w3.org\/2000\/svg' width='40' height='40' viewBox='0 0 40 40' fill='none'><path d='M24.107 15.865a1 1 0 0 1 1.266 1.265l-1.686 5.052a1 1 0 0 1-1.654.392l-3.37-3.37a1.001 1.001 0 0 1 .392-1.654l5.052-1.685Z' fill='currentColor'\/><path d='m21.763 19.475-5.657 5.657' stroke='currentColor' stroke-width='2' stroke-linecap='round' fill='none'\/><\/svg>\t\t\t\t<\/a>\n\t\t\t\t\t\t\t\t\t\t\t<a class=\"post-share__dialog-item js-post-share-dialog-item\" href=\"https:\/\/www.linkedin.com\/sharing\/share-offsite\/?url=https%3A%2F%2Fd66.nl%2Fdiemen%2Fnieuws%2Falgemene-beschouwingen-2022-2\" target=\"_blank\" >\n\t\t\t\t\tLinkedIn<svg xmlns='http:\/\/www.w3.org\/2000\/svg' width='40' height='40' viewBox='0 0 40 40' fill='none'><path d='M24.107 15.865a1 1 0 0 1 1.266 1.265l-1.686 5.052a1 1 0 0 1-1.654.392l-3.37-3.37a1.001 1.001 0 0 1 .392-1.654l5.052-1.685Z' fill='currentColor'\/><path d='m21.763 19.475-5.657 5.657' stroke='currentColor' stroke-width='2' stroke-linecap='round' fill='none'\/><\/svg>\t\t\t\t<\/a>\n\t\t\t\t\t\t\t\t\t\t\t<a class=\"post-share__dialog-item js-post-share-dialog-item\" href=\"https:\/\/www.facebook.com\/sharer\/sharer.php?u=https%3A%2F%2Fd66.nl%2Fdiemen%2Fnieuws%2Falgemene-beschouwingen-2022-2\" target=\"_blank\" >\n\t\t\t\t\tFacebook<svg xmlns='http:\/\/www.w3.org\/2000\/svg' width='40' height='40' viewBox='0 0 40 40' fill='none'><path d='M24.107 15.865a1 1 0 0 1 1.266 1.265l-1.686 5.052a1 1 0 0 1-1.654.392l-3.37-3.37a1.001 1.001 0 0 1 .392-1.654l5.052-1.685Z' fill='currentColor'\/><path d='m21.763 19.475-5.657 5.657' stroke='currentColor' stroke-width='2' stroke-linecap='round' fill='none'\/><\/svg>\t\t\t\t<\/a>\n\t\t\t\t\t\t\t\t\t\t\t<a class=\"post-share__dialog-item js-post-share-dialog-item\" href=\"whatsapp:\/\/send?text=https%3A%2F%2Fd66.nl%2Fdiemen%2Fnieuws%2Falgemene-beschouwingen-2022-2\" target=\"_blank\" >\n\t\t\t\t\tWhatsApp<svg xmlns='http:\/\/www.w3.org\/2000\/svg' width='40' height='40' viewBox='0 0 40 40' fill='none'><path d='M24.107 15.865a1 1 0 0 1 1.266 1.265l-1.686 5.052a1 1 0 0 1-1.654.392l-3.37-3.37a1.001 1.001 0 0 1 .392-1.654l5.052-1.685Z' fill='currentColor'\/><path d='m21.763 19.475-5.657 5.657' stroke='currentColor' stroke-width='2' stroke-linecap='round' fill='none'\/><\/svg>\t\t\t\t<\/a>\n\t\t\t\t\t\t\t\t\t\t\t<a class=\"post-share__dialog-item js-post-share-dialog-item\" href=\"https:\/\/x.com\/intent\/post?url=https%3A%2F%2Fd66.nl%2Fdiemen%2Fnieuws%2Falgemene-beschouwingen-2022-2\" target=\"_blank\" >\n\t\t\t\t\tTwitter (X)<svg xmlns='http:\/\/www.w3.org\/2000\/svg' width='40' height='40' viewBox='0 0 40 40' fill='none'><path d='M24.107 15.865a1 1 0 0 1 1.266 1.265l-1.686 5.052a1 1 0 0 1-1.654.392l-3.37-3.37a1.001 1.001 0 0 1 .392-1.654l5.052-1.685Z' fill='currentColor'\/><path d='m21.763 19.475-5.657 5.657' stroke='currentColor' stroke-width='2' stroke-linecap='round' fill='none'\/><\/svg>\t\t\t\t<\/a>\n\t\t\t\t\t<\/div>\n\t<\/dialog>\n<\/div>\t\t\t<\/div>\n\t\t\t<div class=\"block-related-post-metadata__categories\">\n\t\t\t\t<div class=\"category-link__wrapper\">\n\t\t\t<div class=\"category-link__item\">\n\t\t\t<a href=\"https:\/\/d66.nl\/diemen\/category\/d66\/\">\n\t\t\t\tD66\t\t\t<\/a>\n\t\t<\/div>\n\t\t\t\t<div class=\"category-link__item\">\n\t\t\t<a href=\"https:\/\/d66.nl\/diemen\/search-tags\/fractie-bestuur\/\">\n\t\t\t\tFractie en bestuur\t\t\t<\/a>\n\t\t<\/div>\n\t\t\t\t<div class=\"category-link__item\">\n\t\t\t<a href=\"https:\/\/d66.nl\/diemen\/search-tags\/integratie-immigratie\/\">\n\t\t\t\tIntegratie en immigratie\t\t\t<\/a>\n\t\t<\/div>\n\t\t\t\t<div class=\"category-link__item\">\n\t\t\t<a href=\"https:\/\/d66.nl\/diemen\/search-tags\/klimaat\/\">\n\t\t\t\tKlimaat, natuur en milieu\t\t\t<\/a>\n\t\t<\/div>\n\t\t\t\t<div class=\"category-link__item\">\n\t\t\t<a href=\"https:\/\/d66.nl\/diemen\/search-tags\/werk-inkomen-armoede\/\">\n\t\t\t\tWerk, inkomen en armoede\t\t\t<\/a>\n\t\t<\/div>\n\t\t<\/div>\t\t\t<\/div>\n\t\t<\/div>\n\t<\/div>\n<\/section>\n\t  <\/div>\n\t<\/div>\n  <\/div>\n\n\n<div\n  id=\"\"\n  class=\"wrapper  wrapper__spacing-bottom-large--50 wrapper__spacing-bottom-desktop--70 wrapper__spacing-bottom-mobile--50  wrapper__gutter--none\"\n  >\n  \t<div class=\"wrapper__container wrapper__container-width-large--default\">\n\t  <div class=\"wrapper__inner wrapper__width-large--18 wrapper__width-desktop--22 wrapper__width-mobile--24 wrapper__offset-large--6 wrapper__offset-desktop--2 wrapper__offset-mobile--0\">\n\t\t<section class=\"block-post-content\">\n\t<div class=\"block-post-content__title\">\n\t\t<h3 class=\"heading  heading__color--black heading__size--medium heading__font--sans heading__weight--semiBold  block-post-content__heading\" id=\"nav-inleiding6152\" data-nav-heading-mobile=\"Inleiding\">\n\tInleiding<\/h3>\t<\/div>\n\t<div class=\"block-post-content__content\">\n\t\t\n<div\n  id=\"\"\n  class=\"wrapper  wrapper__spacing-bottom-large--30 wrapper__spacing-bottom-desktop--20  wrapper__gutter--none\"\n  >\n  \t<div class=\"wrapper__container wrapper__container-width-large--default\">\n\t  <div class=\"wrapper__inner wrapper__width-large--24 wrapper__width-mobile--24\">\n\t\t<p\n\t\tclass=\"paragraph paragraph__align--left paragraph__color--black paragraph__size--default   block-paragraph__paragraph\"\n\t\t\t>\n\t\tOp 23 februari ging ik aan het einde van de dag slapen, nadat ik de hele avond lang koortsachtig alle nieuwswebsites bleef afgaan. Op 24 februari werden we allemaal wakker in een andere wereld. Kruisraketten op Kiev, tanks die de Oekra\u00efense grens over trokken en vuurgevechten in de straten. Miljoenen mensen op de vlucht, gigantische economische ontwrichting; een geopolitieke schok zoals ons continent die de afgelopen decennia niet gezien heeft. De waanidee\u00ebn van \u00e9\u00e9n man hebben hun weerslag op heel Europa.<br>\u00a0<br>En hoewel de grootste strijd wordt gestreden in Oekra\u00efne zelf, merken we ook in onze eigen gemeente de gevolgen. Die gevolgen be\u00efnvloeden voor een groot deel wat we in 2023 met onze begroting kunnen, willen en moeten doen. Ik wil graag 3 thema\u2019s naar voren brengen die voor D66 extra belangrijk zijn, namelijk bestaanszekerheid, klimaat en het \u201csamen doen\u201d.\t<\/p>\t  <\/div>\n\t<\/div>\n  <\/div>\n\n\n<div\n  id=\"\"\n  class=\"wrapper  wrapper__spacing-bottom-large--20  wrapper__gutter--none\"\n  >\n  \t<div class=\"wrapper__container wrapper__container-width-large--default\">\n\t  <div class=\"wrapper__inner wrapper__width-large--24 wrapper__width-mobile--24\">\n\t\t<img loading=\"lazy\" decoding=\"async\" width=\"1024\" height=\"768\" src=\"https:\/\/d66.nl\/diemen\/wp-content\/uploads\/sites\/216\/2022\/11\/algemene-beschouwingen-2022-1024x768.jpg\" class=\"image block-image__img\" alt=\"\" srcset=\"https:\/\/d66.nl\/diemen\/wp-content\/uploads\/sites\/216\/2022\/11\/algemene-beschouwingen-2022-1024x768.jpg 1024w, https:\/\/d66.nl\/diemen\/wp-content\/uploads\/sites\/216\/2022\/11\/algemene-beschouwingen-2022-300x225.jpg 300w, https:\/\/d66.nl\/diemen\/wp-content\/uploads\/sites\/216\/2022\/11\/algemene-beschouwingen-2022-768x576.jpg 768w, https:\/\/d66.nl\/diemen\/wp-content\/uploads\/sites\/216\/2022\/11\/algemene-beschouwingen-2022-1536x1152.jpg 1536w, https:\/\/d66.nl\/diemen\/wp-content\/uploads\/sites\/216\/2022\/11\/algemene-beschouwingen-2022-2048x1536.jpg 2048w\" sizes=\"auto, (max-width: 1024px) 100vw, 1024px\" \/>\n\t\t\t<div class=\"image__caption-wrapper block-image__caption-wrapper\">\n\t\t\t<div class=\"image__caption block-image__caption\">\n\t\t\t\t<p class=\"paragraph paragraph__align--left paragraph__color--black paragraph__size--small paragraph__weight--medium\">\n\t\tAlgemene beschouwingen 2022 <i>&#x2022;<\/i> Beeld: Sarie Muijs\t<\/p>\t\t\t<\/div>\n\t\t<\/div>\t  <\/div>\n\t<\/div>\n  <\/div>\n\n\t<\/div>\n\n\t<div class=\"block-post-content__sidebar\">\n\t\t\n\t\t\n\t\t\t<\/div>\n<\/section>\n\t  <\/div>\n\t<\/div>\n  <\/div>\n\n\n<div\n  id=\"\"\n  class=\"wrapper  wrapper__spacing-bottom-large--50 wrapper__spacing-bottom-desktop--70 wrapper__spacing-bottom-mobile--50  wrapper__gutter--none\"\n  >\n  \t<div class=\"wrapper__container wrapper__container-width-large--default\">\n\t  <div class=\"wrapper__inner wrapper__width-large--18 wrapper__width-desktop--22 wrapper__width-mobile--24 wrapper__offset-large--6 wrapper__offset-desktop--2 wrapper__offset-mobile--0\">\n\t\t<section class=\"block-post-content\">\n\t<div class=\"block-post-content__title\">\n\t\t<h3 class=\"heading  heading__color--black heading__size--medium heading__font--sans heading__weight--semiBold  block-post-content__heading\" id=\"nav-bestaanszekerheid87\" data-nav-heading-mobile=\"Bestaanszekerheid\">\n\tBestaanszekerheid<\/h3>\t<\/div>\n\t<div class=\"block-post-content__content\">\n\t\t\n<div\n  id=\"\"\n  class=\"wrapper  wrapper__spacing-bottom-large--30 wrapper__spacing-bottom-desktop--20  wrapper__gutter--none\"\n  >\n  \t<div class=\"wrapper__container wrapper__container-width-large--default\">\n\t  <div class=\"wrapper__inner wrapper__width-large--24 wrapper__width-mobile--24\">\n\t\t<p\n\t\tclass=\"paragraph paragraph__align--left paragraph__color--black paragraph__size--default   block-paragraph__paragraph\"\n\t\t\t>\n\t\tDoor inflatie en in het bijzonder de hoge energieprijzen staat de bestaanszekerheid van veel mensen onder druk. We hebben als gemeente de verantwoordelijkheid om ervoor te zorgen dat die mensen niet door het ijs zakken: daar werken we nu al aan, en dat moet ook in 2023 onze grootste prioriteit zijn. Het sterke sociale vangnet dat we in Diemen al hebben, moeten we in stand houden en waar mogelijk uitbreiden. We spraken in de raad al eerder over het verbreden van de minimamaatregelen naar de groep tot 140% van het sociaal minimum. \u00a0Ook kijkt het college naar de instelling van een noodhulpfonds, voor die situaties waarbij snel gehandeld moet worden. Wat ons betreft zijn dat beide dingen die we moeten doen, tenzij uit het nu lopende haalbaarheidsonderzoek blijkt dat er grote bezwaren zijn. Tegelijkertijd willen we dat de drempels om daadwerkelijk gebruik te maken van die regelingen, zo laag mogelijk zijn. Zo veel mogelijk automatisch toekennen, gebruik van heldere, eenvoudige communicatie en met begrip voor iemands individuele situatie. In Diemen proberen we altijd de rek in de regels te zoeken: wat ons betreft moeten we dat in de huidige situatie zo veel mogelijk gebruiken. We kijken in ieder geval met veel verwachting uit naar steunimpuls die het college heeft aangekondigd.<br>\u00a0<br>Maar voorzitter, de realiteit is wel dat we als gemeente niet alle effecten weg kunnen nemen, we gaan best moeilijke tijden tegemoet. We gaan de gevolgen van deze economische tegenslag voelen, voelen die gevolgen nu al. Daarom is het aan ons als bestuur, om nu en in de komende jaren de meest kwetsbare groepen het meest te ontzien.\t<\/p>\t  <\/div>\n\t<\/div>\n  <\/div>\n\n\t<\/div>\n\n\t<div class=\"block-post-content__sidebar\">\n\t\t\n\t\t\n\t\t\t<\/div>\n<\/section>\n\t  <\/div>\n\t<\/div>\n  <\/div>\n\n\n<div\n  id=\"\"\n  class=\"wrapper  wrapper__spacing-bottom-large--50 wrapper__spacing-bottom-desktop--70 wrapper__spacing-bottom-mobile--50  wrapper__gutter--none\"\n  >\n  \t<div class=\"wrapper__container wrapper__container-width-large--default\">\n\t  <div class=\"wrapper__inner wrapper__width-large--18 wrapper__width-desktop--22 wrapper__width-mobile--24 wrapper__offset-large--6 wrapper__offset-desktop--2 wrapper__offset-mobile--0\">\n\t\t<section class=\"block-post-content\">\n\t<div class=\"block-post-content__title\">\n\t\t<h3 class=\"heading  heading__color--black heading__size--medium heading__font--sans heading__weight--semiBold  block-post-content__heading\" id=\"nav-motie-minderjarige-asielzoekers7169\" data-nav-heading-mobile=\"Motie minderjarige asielzoekers\">\n\tMotie minderjarige asielzoekers<\/h3>\t<\/div>\n\t<div class=\"block-post-content__content\">\n\t\t\n<div\n  id=\"\"\n  class=\"wrapper  wrapper__spacing-bottom-large--30 wrapper__spacing-bottom-desktop--20  wrapper__gutter--none\"\n  >\n  \t<div class=\"wrapper__container wrapper__container-width-large--default\">\n\t  <div class=\"wrapper__inner wrapper__width-large--24 wrapper__width-mobile--24\">\n\t\t<p\n\t\tclass=\"paragraph paragraph__align--left paragraph__color--black paragraph__size--default   block-paragraph__paragraph\"\n\t\t\t>\n\t\tBij de informatieve behandeling van de begroting hebben we ook aandacht gevraagd voor een andere zeer kwetsbare groep: de alleenstaande minderjarige asielzoekers. Hun situatie is schrijnend, en er is snel betere opvang voor hen nodig. Daarom dienen wij vanavond een motie in, waarin we het college vragen te onderzoeken of er in Diemen mogelijkheden zijn voor kleinschalige opvang van kinderen uit deze groep. Want ook zij hebben recht op een menswaardig bestaan.\t<\/p>\t  <\/div>\n\t<\/div>\n  <\/div>\n\n\n<div\n  id=\"\"\n  class=\"wrapper  wrapper__spacing-bottom-large--20  wrapper__gutter--none\"\n  >\n  \t<div class=\"wrapper__container wrapper__container-width-large--default\">\n\t  <div class=\"wrapper__inner wrapper__width-large--24 wrapper__width-mobile--24\">\n\t\t<a\n\thref=\"https:\/\/d66.nl\/diemen\/nieuws\/motie-amv\/\"\n\tclass=\"arrow-link arrow-link__size--default arrow-link__color--black block-arrow-link__arrow_link\"\n\tid=\"\"\n\ttitle=\"Lees hier onze hele motie\"\n\n\t\n\t>\n\t<span class=\"arrow-link__arrow\"><\/span>\n\t<span class=\"arrow-link__title\">Lees hier onze hele motie<\/span>\n<\/a>\t  <\/div>\n\t<\/div>\n  <\/div>\n\n\t<\/div>\n\n\t<div class=\"block-post-content__sidebar\">\n\t\t\n\t\t\n\t\t\t<\/div>\n<\/section>\n\t  <\/div>\n\t<\/div>\n  <\/div>\n\n\n<div\n  id=\"\"\n  class=\"wrapper  wrapper__spacing-bottom-large--50 wrapper__spacing-bottom-desktop--70 wrapper__spacing-bottom-mobile--50  wrapper__gutter--none\"\n  >\n  \t<div class=\"wrapper__container wrapper__container-width-large--default\">\n\t  <div class=\"wrapper__inner wrapper__width-large--18 wrapper__width-desktop--22 wrapper__width-mobile--24 wrapper__offset-large--6 wrapper__offset-desktop--2 wrapper__offset-mobile--0\">\n\t\t<section class=\"block-post-content\">\n\t<div class=\"block-post-content__title\">\n\t\t<h3 class=\"heading  heading__color--black heading__size--medium heading__font--sans heading__weight--semiBold  block-post-content__heading\" id=\"nav-klimaat4827\" data-nav-heading-mobile=\"Klimaat\">\n\tKlimaat<\/h3>\t<\/div>\n\t<div class=\"block-post-content__content\">\n\t\t\n<div\n  id=\"\"\n  class=\"wrapper  wrapper__spacing-bottom-large--30 wrapper__spacing-bottom-desktop--20  wrapper__gutter--none\"\n  >\n  \t<div class=\"wrapper__container wrapper__container-width-large--default\">\n\t  <div class=\"wrapper__inner wrapper__width-large--24 wrapper__width-mobile--24\">\n\t\t<p\n\t\tclass=\"paragraph paragraph__align--left paragraph__color--black paragraph__size--default   block-paragraph__paragraph\"\n\t\t\t>\n\t\tDan kom ik bij klimaat. Ik beloof dat ik me hier niet aan het spreekgestoelte zal vastlijmen, maar ook dit onderwerp blijft urgent. Ondanks alle acute crises die op dit moment op ons bordje liggen, mag de klimaatcrisis niet naar de achtergrond verdwijnen. In Nederland is het eind oktober boven de 20 graden, en hebben we een van de droogste zomers ooit meegemaakt. Voor de kust van Canada sterven plotseling miljarden krabben door de opwarming van de zee. En als we denken dat de huidige asielcrisis al groot is; die verdampt bij de stroom klimaatvluchtelingen die we kunnen verwachten, omdat hun huidige woonplaatsen onbewoonbaar worden door verdroging en verwoestijning.\t<\/p>\t  <\/div>\n\t<\/div>\n  <\/div>\n\n\n<div\n  id=\"\"\n  class=\"wrapper  wrapper__spacing-bottom-large--70 wrapper__spacing-bottom-desktop--65 wrapper__spacing-bottom-mobile--50  wrapper__gutter--none\"\n  >\n  \t<div class=\"wrapper__container wrapper__container-width-large--default\">\n\t  <div class=\"wrapper__inner wrapper__width-large--14 wrapper__width-desktop--24 wrapper__offset-large--3 wrapper__offset-desktop--0\">\n\t\t<section class=\"block-quote\">\n\t\t\t<p class=\"paragraph  paragraph__color--black     block-quote__quote\">\n\t\t<em>Mijn geloof in de mensheid, onze collectieve mogelijkheden om onze grenzen te verleggen, is groot<\/em>\t<\/p>\t\n\t\t\t<p class=\"paragraph  paragraph__color--black     block-quote__caption\">\n\t\tRick Poelwijk\t<\/p>\t<\/section>\n\t  <\/div>\n\t<\/div>\n  <\/div>\n\n\n<div\n  id=\"\"\n  class=\"wrapper  wrapper__spacing-bottom-large--30 wrapper__spacing-bottom-desktop--20  wrapper__gutter--none\"\n  >\n  \t<div class=\"wrapper__container wrapper__container-width-large--default\">\n\t  <div class=\"wrapper__inner wrapper__width-large--24 wrapper__width-mobile--24\">\n\t\t<p\n\t\tclass=\"paragraph paragraph__align--left paragraph__color--black paragraph__size--default   block-paragraph__paragraph\"\n\t\t\t>\n\t\tHet is soms moeilijk om niet pessimistisch te worden. Maar mijn geloof in de mensheid, onze collectieve mogelijkheden om onze grenzen te verleggen, is groot. Hoe dan ook begint dat met bewustwording. En het enige positieve dat de gigantisch hoge energieprijzen met zich meebrengen, is dat we ons nu, meer dan ooit, bewust zijn van de energie die we verbruiken. Meer dan ooit zijn we ons bewust van het feit dat we van fossiele brandstoffen af moeten, zowel vanwege het klimaat als vanwege onze economische afhankelijkheid. Laat dit bewustzijn een vliegwiel vormen voor verdere verduurzaming. Verduurzaming door individuele huizenbezitters, door VVE\u2019s, door corporaties. Door bedrijven in Diemen, en door ons als gemeente. Het heden en de toekomst vragen erom.\t<\/p>\t  <\/div>\n\t<\/div>\n  <\/div>\n\n\n<div\n  id=\"\"\n  class=\"wrapper  wrapper__spacing-bottom-large--110 wrapper__spacing-bottom-desktop--60 wrapper__spacing-bottom-mobile--50  wrapper__gutter--none\"\n  >\n  \t<div class=\"wrapper__container wrapper__container-width-large--default\">\n\t  <div class=\"wrapper__inner wrapper__width-large--24 wrapper__width-mobile--24\">\n\t\t<section class=\"block-video\">\n\t<div\n\t\tclass=\"block-video__video-wrapper\"\n\t\tstyle=\"background-image: url('https:\/\/d66.nl\/diemen\/wp-content\/uploads\/sites\/216\/2022\/01\/IMG_11_Natuur-groen-en-recreatie_A-scaled.jpg')\"\n\t>\n\t\t\t\t\t<div class=\"block-video__video-meta\">\n\t\t\t\t<button class=\"video-btn video-btn__style--no-thumbnail  js-play-button video-btn__color--black\" data-micromodal-trigger=\"video-modal600\" aria-label=\"Video afspelen\">\n  <span class=\"video-btn__play-button\"><\/span>\n<\/button>\t\t\t\t<div class=\"block-video__video-description\">\n\t\t\t\t\t<p class=\"paragraph paragraph__align--left paragraph__color--black paragraph__size--default paragraph__weight--medium\">\n\t\tRick over het klimaat\t<\/p>\t\t\t\t<\/div>\n\t\t\t<\/div>\n\t\t\t<\/div>\n\n\t\t\t<div class=\"block-video__caption-wrapper\">\n\t\t\t<div class=\"block-video__caption\">\n\t\t\t\t<p class=\"paragraph paragraph__align--left paragraph__color--black paragraph__size--small paragraph__weight--medium\">\n\t\tNatuur in park Spoorzicht <i>&#x2022;<\/i> Beeld: Marc Lammerts\t<\/p>\t\t\t<\/div>\n\t\t<\/div>\n\t\n<\/section>\n\n<div id=\"video-modal600\" class=\"video-modal js-video-modal\" aria-hidden=\"true\">\n\n\t<div class=\"video-modal__overlay\" tabindex=\"-1\" data-micromodal-close>\n\n\t\t<div class=\"video-modal__dialog\" role=\"dialog\" aria-label=\"\">\n\n\t\t\t<header class=\"video-modal__header\">\n\t\t\t\t<div class=\"video-modal__header-container\">\n\t\t\t\t\t<button class=\"video-modal__close\" aria-label=\"Close modal\" data-micromodal-close><\/button>\n\t\t\t\t<\/div>\n\t\t\t<\/header>\n\n\t\t\t<section class=\"video-modal__content\" id=\"video-modal600-content\">\n\t\t\t\t<div class=\"responsive-embed\">\n\t\t\t\t\t<iframe loading=\"lazy\" title=\"Algemene beschouwingen 2022 - klimaat\" width=\"500\" height=\"281\" src=\"https:\/\/www.youtube-nocookie.com\/embed\/CbZ0GQPMa-0?feature=oembed&amp;enablejsapi=1\" frameborder=\"0\" allow=\"accelerometer; autoplay; clipboard-write; encrypted-media; gyroscope; picture-in-picture; web-share\" referrerpolicy=\"strict-origin-when-cross-origin\" allowfullscreen><\/iframe>\t\t\t\t<\/div>\n\t\t\t<\/section>\n\n\t\t\t<footer class=\"video-modal__footer\">\n\t\t\t\t<button class=\"video-modal__accessibility-button\" data-micromodal-close>\n\t\t\t\t\tSluit module\t\t\t\t<\/button>\n\t\t\t<\/footer>\n\n\t\t<\/div>\n\t<\/div>\n<\/div>\t  <\/div>\n\t<\/div>\n  <\/div>\n\n\t<\/div>\n\n\t<div class=\"block-post-content__sidebar\">\n\t\t\n\t\t\n\t\t\t<\/div>\n<\/section>\n\t  <\/div>\n\t<\/div>\n  <\/div>\n\n\n<div\n  id=\"\"\n  class=\"wrapper  wrapper__spacing-bottom-large--50 wrapper__spacing-bottom-desktop--70 wrapper__spacing-bottom-mobile--50  wrapper__gutter--none\"\n  >\n  \t<div class=\"wrapper__container wrapper__container-width-large--default\">\n\t  <div class=\"wrapper__inner wrapper__width-large--18 wrapper__width-desktop--22 wrapper__width-mobile--24 wrapper__offset-large--6 wrapper__offset-desktop--2 wrapper__offset-mobile--0\">\n\t\t<section class=\"block-post-content\">\n\t<div class=\"block-post-content__title\">\n\t\t<h3 class=\"heading  heading__color--black heading__size--medium heading__font--sans heading__weight--semiBold  block-post-content__heading\" id=\"nav-samen-doen9759\" data-nav-heading-mobile=\"Samen doen\">\n\tSamen doen<\/h3>\t<\/div>\n\t<div class=\"block-post-content__content\">\n\t\t\n<div\n  id=\"\"\n  class=\"wrapper  wrapper__spacing-bottom-large--30 wrapper__spacing-bottom-desktop--20  wrapper__gutter--none\"\n  >\n  \t<div class=\"wrapper__container wrapper__container-width-large--default\">\n\t  <div class=\"wrapper__inner wrapper__width-large--24 wrapper__width-mobile--24\">\n\t\t<p\n\t\tclass=\"paragraph paragraph__align--left paragraph__color--black paragraph__size--default   block-paragraph__paragraph\"\n\t\t\t>\n\t\tDat brengt me bij het \u201csamen doen\u201d. D66 gelooft in zo veel mogelijk vrijheid voor ieder individu, maar die vrijheid bestaat niet in een vacu\u00fcm. We maken deel uit van een samenleving, waarbinnen je banden opbouwt met vrienden, collega\u2019s, teamgenoten, buren. Waarin jij iemand kan helpen, en die persoon ook jou niet laat vallen. Geen vrijheid in een vacu\u00fcm, maar vrijheid in verbondenheid.<br>\u00a0<br>En dat is belangrijk, want we staan voor grote uitdagingen die we alleen gezamenlijk kunnen oplossen. Daarom vinden wij het belangrijk om te blijven investeren in die onderlinge banden tussen mensen. Sport, kunst, cultuur, buurthuizen, evenementen; plekken waar mensen elkaar kunnen ontmoeten en waar ruimte is voor verbinding. Plekken waar we investeren in de lokale Diemense gemeenschap, in al z\u2019n verscheidenheid en diversiteit. Zo kunnen we ervoor zorgen dat huidige, nieuwe en toekomstige inwoners van Diemen zich echte Diemenaren voelen.<br>\u00a0<br>Het \u201csamen doen\u201d, ten slotte, geldt ook voor ons als raad, college en ambtelijke organisatie. Zeker die ambtelijke organisatie verdient een extra compliment: de mensen die voor onze gemeente werken, hebben in de afgelopen maanden en jaren bijzonder veel veerkracht en doorzettingsvermogen getoond. En ondanks dat we leven in een tijd van polarisatie, ervaar ik hier in onze raad, in dit gemeentehuis, nog altijd een bepaald gevoel van collectiviteit. Niet elkaar de tent uit vechten, maar samen zoeken naar de beste oplossing. Dat is lang niet overal zo, en is iets wat we volgens mij moeten koesteren. Ik ben er echt van overtuigd dat het deze manier van werken is, waardoor we als middelgrote gemeente al jarenlang bijzonder veel voor elkaar krijgen. En als we dat vasthouden, kunnen we ook in 2023 blijven werken aan een nog mooier Diemen.\t<\/p>\t  <\/div>\n\t<\/div>\n  <\/div>\n\n\n<div\n  id=\"\"\n  class=\"wrapper  wrapper__spacing-bottom-large--110 wrapper__spacing-bottom-desktop--60 wrapper__spacing-bottom-mobile--50  wrapper__gutter--none\"\n  >\n  \t<div class=\"wrapper__container wrapper__container-width-large--default\">\n\t  <div class=\"wrapper__inner wrapper__width-large--24 wrapper__width-mobile--24\">\n\t\t<section class=\"block-video\">\n\t<div\n\t\tclass=\"block-video__video-wrapper\"\n\t\tstyle=\"background-image: url('https:\/\/d66.nl\/diemen\/wp-content\/uploads\/sites\/216\/2022\/11\/algemene-beschouwingen-2022-scaled.jpg')\"\n\t>\n\t\t\t\t\t<div class=\"block-video__video-meta\">\n\t\t\t\t<button class=\"video-btn video-btn__style--no-thumbnail  js-play-button video-btn__color--black\" data-micromodal-trigger=\"video-modal784\" aria-label=\"Video afspelen\">\n  <span class=\"video-btn__play-button\"><\/span>\n<\/button>\t\t\t\t<div class=\"block-video__video-description\">\n\t\t\t\t\t<p class=\"paragraph paragraph__align--left paragraph__color--black paragraph__size--default paragraph__weight--medium\">\n\t\tRick over Samen doen\t<\/p>\t\t\t\t<\/div>\n\t\t\t<\/div>\n\t\t\t<\/div>\n\n\t\t\t<div class=\"block-video__caption-wrapper\">\n\t\t\t<div class=\"block-video__caption\">\n\t\t\t\t<p class=\"paragraph paragraph__align--left paragraph__color--black paragraph__size--small paragraph__weight--medium\">\n\t\tAlgemene beschouwingen 2022 <i>&#x2022;<\/i> Beeld: Sarie Muijs\t<\/p>\t\t\t<\/div>\n\t\t<\/div>\n\t\n<\/section>\n\n<div id=\"video-modal784\" class=\"video-modal js-video-modal\" aria-hidden=\"true\">\n\n\t<div class=\"video-modal__overlay\" tabindex=\"-1\" data-micromodal-close>\n\n\t\t<div class=\"video-modal__dialog\" role=\"dialog\" aria-label=\"\">\n\n\t\t\t<header class=\"video-modal__header\">\n\t\t\t\t<div class=\"video-modal__header-container\">\n\t\t\t\t\t<button class=\"video-modal__close\" aria-label=\"Close modal\" data-micromodal-close><\/button>\n\t\t\t\t<\/div>\n\t\t\t<\/header>\n\n\t\t\t<section class=\"video-modal__content\" id=\"video-modal784-content\">\n\t\t\t\t<div class=\"responsive-embed\">\n\t\t\t\t\t<iframe loading=\"lazy\" title=\"Algemene beschouwingen 2022 - samen doen\" width=\"500\" height=\"281\" src=\"https:\/\/www.youtube-nocookie.com\/embed\/uluiPU0wgmU?feature=oembed&amp;enablejsapi=1\" frameborder=\"0\" allow=\"accelerometer; autoplay; clipboard-write; encrypted-media; gyroscope; picture-in-picture; web-share\" referrerpolicy=\"strict-origin-when-cross-origin\" allowfullscreen><\/iframe>\t\t\t\t<\/div>\n\t\t\t<\/section>\n\n\t\t\t<footer class=\"video-modal__footer\">\n\t\t\t\t<button class=\"video-modal__accessibility-button\" data-micromodal-close>\n\t\t\t\t\tSluit module\t\t\t\t<\/button>\n\t\t\t<\/footer>\n\n\t\t<\/div>\n\t<\/div>\n<\/div>\t  <\/div>\n\t<\/div>\n  <\/div>\n\n\t<\/div>\n\n\t<div class=\"block-post-content__sidebar\">\n\t\t\n\t\t\n\t\t\t<\/div>\n<\/section>\n\t  <\/div>\n\t<\/div>\n  <\/div>\n","protected":false},"excerpt":{"rendered":"","protected":false},"author":774,"featured_media":1032,"comment_status":"open","ping_status":"open","sticky":false,"template":"","format":"standard","meta":{"_acf_changed":false,"footnotes":""},"categories":[1],"search-tags":[12,13,3,5],"labels":[],"class_list":["post-1031","post","type-post","status-publish","format-standard","has-post-thumbnail","hentry","category-d66","search-tags-fractie-bestuur","search-tags-integratie-immigratie","search-tags-klimaat","search-tags-werk-inkomen-armoede"],"acf":[],"yoast_head":"<!-- This site is optimized with the Yoast SEO plugin v27.3 - https:\/\/yoast.com\/product\/yoast-seo-wordpress\/ -->\n<title>D66 Diemen &#8212; Algemene beschouwingen<\/title>\n<meta name=\"description\" content=\"Bij de algemene beschouwingen 2022 heeft D66 aandacht gevraagd voor bestaanszekerheid, klimaat en het &#039;samen doen&#039;\" \/>\n<meta name=\"robots\" content=\"index, follow, max-snippet:-1, max-image-preview:large, max-video-preview:-1\" \/>\n<link rel=\"canonical\" href=\"https:\/\/d66.nl\/diemen\/nieuws\/algemene-beschouwingen-2022-2\" \/>\n<meta property=\"og:locale\" content=\"nl_NL\" \/>\n<meta property=\"og:type\" content=\"article\" \/>\n<meta property=\"og:title\" content=\"D66 Diemen &#8212; Algemene beschouwingen\" \/>\n<meta property=\"og:description\" content=\"Bij de algemene beschouwingen 2022 heeft D66 aandacht gevraagd voor bestaanszekerheid, klimaat en het &#039;samen doen&#039;\" \/>\n<meta property=\"og:url\" content=\"https:\/\/d66.nl\/diemen\/nieuws\/algemene-beschouwingen-2022-2\/\" \/>\n<meta property=\"og:site_name\" content=\"D66 Diemen\" \/>\n<meta property=\"article:published_time\" content=\"2022-11-03T14:41:48+00:00\" \/>\n<meta property=\"article:modified_time\" content=\"2025-03-01T14:44:48+00:00\" \/>\n<meta property=\"og:image\" content=\"https:\/\/d66.nl\/diemen\/wp-content\/uploads\/sites\/216\/2022\/11\/algemene-beschouwingen-2022-scaled.jpg\" \/>\n\t<meta property=\"og:image:width\" content=\"2560\" \/>\n\t<meta property=\"og:image:height\" content=\"1920\" \/>\n\t<meta property=\"og:image:type\" content=\"image\/jpeg\" \/>\n<meta name=\"author\" content=\"sariemuijs\" \/>\n<meta name=\"twitter:card\" content=\"summary_large_image\" \/>\n<meta name=\"twitter:label1\" content=\"Geschreven door\" \/>\n\t<meta name=\"twitter:data1\" content=\"sariemuijs\" \/>\n<script type=\"application\/ld+json\" class=\"yoast-schema-graph\">{\"@context\":\"https:\\\/\\\/schema.org\",\"@graph\":[{\"@type\":\"Article\",\"@id\":\"https:\\\/\\\/d66.nl\\\/diemen\\\/nieuws\\\/algemene-beschouwingen-2022-2\\\/#article\",\"isPartOf\":{\"@id\":\"https:\\\/\\\/d66.nl\\\/diemen\\\/nieuws\\\/algemene-beschouwingen-2022-2\\\/\"},\"author\":{\"name\":\"sariemuijs\",\"@id\":\"https:\\\/\\\/d66.nl\\\/diemen\\\/#\\\/schema\\\/person\\\/92767e332a41abf348d90e24284d416a\"},\"headline\":\"Algemene beschouwingen\",\"datePublished\":\"2022-11-03T14:41:48+00:00\",\"dateModified\":\"2025-03-01T14:44:48+00:00\",\"mainEntityOfPage\":{\"@id\":\"https:\\\/\\\/d66.nl\\\/diemen\\\/nieuws\\\/algemene-beschouwingen-2022-2\\\/\"},\"wordCount\":2,\"commentCount\":0,\"publisher\":{\"@id\":\"https:\\\/\\\/d66.nl\\\/diemen\\\/#organization\"},\"image\":{\"@id\":\"https:\\\/\\\/d66.nl\\\/diemen\\\/nieuws\\\/algemene-beschouwingen-2022-2\\\/#primaryimage\"},\"thumbnailUrl\":\"https:\\\/\\\/d66.nl\\\/diemen\\\/wp-content\\\/uploads\\\/sites\\\/216\\\/2022\\\/11\\\/algemene-beschouwingen-2022-scaled.jpg\",\"articleSection\":[\"D66\"],\"inLanguage\":\"nl-NL\",\"potentialAction\":[{\"@type\":\"CommentAction\",\"name\":\"Comment\",\"target\":[\"https:\\\/\\\/d66.nl\\\/diemen\\\/nieuws\\\/algemene-beschouwingen-2022-2\\\/#respond\"]}]},{\"@type\":\"WebPage\",\"@id\":\"https:\\\/\\\/d66.nl\\\/diemen\\\/nieuws\\\/algemene-beschouwingen-2022-2\\\/\",\"url\":\"https:\\\/\\\/d66.nl\\\/diemen\\\/nieuws\\\/algemene-beschouwingen-2022-2\\\/\",\"name\":\"D66 Diemen &#8212; Algemene beschouwingen\",\"isPartOf\":{\"@id\":\"https:\\\/\\\/d66.nl\\\/diemen\\\/#website\"},\"primaryImageOfPage\":{\"@id\":\"https:\\\/\\\/d66.nl\\\/diemen\\\/nieuws\\\/algemene-beschouwingen-2022-2\\\/#primaryimage\"},\"image\":{\"@id\":\"https:\\\/\\\/d66.nl\\\/diemen\\\/nieuws\\\/algemene-beschouwingen-2022-2\\\/#primaryimage\"},\"thumbnailUrl\":\"https:\\\/\\\/d66.nl\\\/diemen\\\/wp-content\\\/uploads\\\/sites\\\/216\\\/2022\\\/11\\\/algemene-beschouwingen-2022-scaled.jpg\",\"datePublished\":\"2022-11-03T14:41:48+00:00\",\"dateModified\":\"2025-03-01T14:44:48+00:00\",\"description\":\"Bij de algemene beschouwingen 2022 heeft D66 aandacht gevraagd voor bestaanszekerheid, klimaat en het 'samen doen'\",\"breadcrumb\":{\"@id\":\"https:\\\/\\\/d66.nl\\\/diemen\\\/nieuws\\\/algemene-beschouwingen-2022-2\\\/#breadcrumb\"},\"inLanguage\":\"nl-NL\",\"potentialAction\":[{\"@type\":\"ReadAction\",\"target\":[\"https:\\\/\\\/d66.nl\\\/diemen\\\/nieuws\\\/algemene-beschouwingen-2022-2\\\/\"]}]},{\"@type\":\"ImageObject\",\"inLanguage\":\"nl-NL\",\"@id\":\"https:\\\/\\\/d66.nl\\\/diemen\\\/nieuws\\\/algemene-beschouwingen-2022-2\\\/#primaryimage\",\"url\":\"https:\\\/\\\/d66.nl\\\/diemen\\\/wp-content\\\/uploads\\\/sites\\\/216\\\/2022\\\/11\\\/algemene-beschouwingen-2022-scaled.jpg\",\"contentUrl\":\"https:\\\/\\\/d66.nl\\\/diemen\\\/wp-content\\\/uploads\\\/sites\\\/216\\\/2022\\\/11\\\/algemene-beschouwingen-2022-scaled.jpg\",\"width\":2560,\"height\":1920},{\"@type\":\"BreadcrumbList\",\"@id\":\"https:\\\/\\\/d66.nl\\\/diemen\\\/nieuws\\\/algemene-beschouwingen-2022-2\\\/#breadcrumb\",\"itemListElement\":[{\"@type\":\"ListItem\",\"position\":1,\"name\":\"Home\",\"item\":\"https:\\\/\\\/d66.nl\\\/diemen\\\/\"},{\"@type\":\"ListItem\",\"position\":2,\"name\":\"Nieuws\",\"item\":\"https:\\\/\\\/d66.nl\\\/diemen\\\/nieuws\\\/\"},{\"@type\":\"ListItem\",\"position\":3,\"name\":\"Algemene beschouwingen\"}]},{\"@type\":\"WebSite\",\"@id\":\"https:\\\/\\\/d66.nl\\\/diemen\\\/#website\",\"url\":\"https:\\\/\\\/d66.nl\\\/diemen\\\/\",\"name\":\"D66 Diemen\",\"description\":\"Just another D66 Sites site\",\"publisher\":{\"@id\":\"https:\\\/\\\/d66.nl\\\/diemen\\\/#organization\"},\"potentialAction\":[{\"@type\":\"SearchAction\",\"target\":{\"@type\":\"EntryPoint\",\"urlTemplate\":\"https:\\\/\\\/d66.nl\\\/diemen\\\/?s={search_term_string}\"},\"query-input\":{\"@type\":\"PropertyValueSpecification\",\"valueRequired\":true,\"valueName\":\"search_term_string\"}}],\"inLanguage\":\"nl-NL\"},{\"@type\":\"Organization\",\"@id\":\"https:\\\/\\\/d66.nl\\\/diemen\\\/#organization\",\"name\":\"D66\",\"url\":\"https:\\\/\\\/d66.nl\\\/diemen\\\/\",\"logo\":{\"@type\":\"ImageObject\",\"inLanguage\":\"nl-NL\",\"@id\":\"https:\\\/\\\/d66.nl\\\/diemen\\\/#\\\/schema\\\/logo\\\/image\\\/\",\"url\":\"https:\\\/\\\/d66.nl\\\/diemen\\\/wp-content\\\/uploads\\\/sites\\\/2\\\/2021\\\/10\\\/d66-themas-algemeen-og.png\",\"contentUrl\":\"https:\\\/\\\/d66.nl\\\/diemen\\\/wp-content\\\/uploads\\\/sites\\\/2\\\/2021\\\/10\\\/d66-themas-algemeen-og.png\",\"width\":1200,\"height\":628,\"caption\":\"D66\"},\"image\":{\"@id\":\"https:\\\/\\\/d66.nl\\\/diemen\\\/#\\\/schema\\\/logo\\\/image\\\/\"}},{\"@type\":\"Person\",\"@id\":\"https:\\\/\\\/d66.nl\\\/diemen\\\/#\\\/schema\\\/person\\\/92767e332a41abf348d90e24284d416a\",\"name\":\"sariemuijs\",\"image\":{\"@type\":\"ImageObject\",\"inLanguage\":\"nl-NL\",\"@id\":\"https:\\\/\\\/secure.gravatar.com\\\/avatar\\\/1df02ee69fa6c5bc94c06587933519450bd1300ac64bcf64812d46c1bc8051dc?s=96&d=mm&r=g\",\"url\":\"https:\\\/\\\/secure.gravatar.com\\\/avatar\\\/1df02ee69fa6c5bc94c06587933519450bd1300ac64bcf64812d46c1bc8051dc?s=96&d=mm&r=g\",\"contentUrl\":\"https:\\\/\\\/secure.gravatar.com\\\/avatar\\\/1df02ee69fa6c5bc94c06587933519450bd1300ac64bcf64812d46c1bc8051dc?s=96&d=mm&r=g\",\"caption\":\"sariemuijs\"}}]}<\/script>\n<!-- \/ Yoast SEO plugin. -->","yoast_head_json":{"title":"D66 Diemen &#8212; Algemene beschouwingen","description":"Bij de algemene beschouwingen 2022 heeft D66 aandacht gevraagd voor bestaanszekerheid, klimaat en het 'samen doen'","robots":{"index":"index","follow":"follow","max-snippet":"max-snippet:-1","max-image-preview":"max-image-preview:large","max-video-preview":"max-video-preview:-1"},"canonical":"https:\/\/d66.nl\/diemen\/nieuws\/algemene-beschouwingen-2022-2","og_locale":"nl_NL","og_type":"article","og_title":"D66 Diemen &#8212; Algemene beschouwingen","og_description":"Bij de algemene beschouwingen 2022 heeft D66 aandacht gevraagd voor bestaanszekerheid, klimaat en het 'samen doen'","og_url":"https:\/\/d66.nl\/diemen\/nieuws\/algemene-beschouwingen-2022-2\/","og_site_name":"D66 Diemen","article_published_time":"2022-11-03T14:41:48+00:00","article_modified_time":"2025-03-01T14:44:48+00:00","og_image":[{"width":2560,"height":1920,"url":"https:\/\/d66.nl\/diemen\/wp-content\/uploads\/sites\/216\/2022\/11\/algemene-beschouwingen-2022-scaled.jpg","type":"image\/jpeg"}],"author":"sariemuijs","twitter_card":"summary_large_image","twitter_misc":{"Geschreven door":"sariemuijs"},"schema":{"@context":"https:\/\/schema.org","@graph":[{"@type":"Article","@id":"https:\/\/d66.nl\/diemen\/nieuws\/algemene-beschouwingen-2022-2\/#article","isPartOf":{"@id":"https:\/\/d66.nl\/diemen\/nieuws\/algemene-beschouwingen-2022-2\/"},"author":{"name":"sariemuijs","@id":"https:\/\/d66.nl\/diemen\/#\/schema\/person\/92767e332a41abf348d90e24284d416a"},"headline":"Algemene beschouwingen","datePublished":"2022-11-03T14:41:48+00:00","dateModified":"2025-03-01T14:44:48+00:00","mainEntityOfPage":{"@id":"https:\/\/d66.nl\/diemen\/nieuws\/algemene-beschouwingen-2022-2\/"},"wordCount":2,"commentCount":0,"publisher":{"@id":"https:\/\/d66.nl\/diemen\/#organization"},"image":{"@id":"https:\/\/d66.nl\/diemen\/nieuws\/algemene-beschouwingen-2022-2\/#primaryimage"},"thumbnailUrl":"https:\/\/d66.nl\/diemen\/wp-content\/uploads\/sites\/216\/2022\/11\/algemene-beschouwingen-2022-scaled.jpg","articleSection":["D66"],"inLanguage":"nl-NL","potentialAction":[{"@type":"CommentAction","name":"Comment","target":["https:\/\/d66.nl\/diemen\/nieuws\/algemene-beschouwingen-2022-2\/#respond"]}]},{"@type":"WebPage","@id":"https:\/\/d66.nl\/diemen\/nieuws\/algemene-beschouwingen-2022-2\/","url":"https:\/\/d66.nl\/diemen\/nieuws\/algemene-beschouwingen-2022-2\/","name":"D66 Diemen &#8212; Algemene beschouwingen","isPartOf":{"@id":"https:\/\/d66.nl\/diemen\/#website"},"primaryImageOfPage":{"@id":"https:\/\/d66.nl\/diemen\/nieuws\/algemene-beschouwingen-2022-2\/#primaryimage"},"image":{"@id":"https:\/\/d66.nl\/diemen\/nieuws\/algemene-beschouwingen-2022-2\/#primaryimage"},"thumbnailUrl":"https:\/\/d66.nl\/diemen\/wp-content\/uploads\/sites\/216\/2022\/11\/algemene-beschouwingen-2022-scaled.jpg","datePublished":"2022-11-03T14:41:48+00:00","dateModified":"2025-03-01T14:44:48+00:00","description":"Bij de algemene beschouwingen 2022 heeft D66 aandacht gevraagd voor bestaanszekerheid, klimaat en het 'samen doen'","breadcrumb":{"@id":"https:\/\/d66.nl\/diemen\/nieuws\/algemene-beschouwingen-2022-2\/#breadcrumb"},"inLanguage":"nl-NL","potentialAction":[{"@type":"ReadAction","target":["https:\/\/d66.nl\/diemen\/nieuws\/algemene-beschouwingen-2022-2\/"]}]},{"@type":"ImageObject","inLanguage":"nl-NL","@id":"https:\/\/d66.nl\/diemen\/nieuws\/algemene-beschouwingen-2022-2\/#primaryimage","url":"https:\/\/d66.nl\/diemen\/wp-content\/uploads\/sites\/216\/2022\/11\/algemene-beschouwingen-2022-scaled.jpg","contentUrl":"https:\/\/d66.nl\/diemen\/wp-content\/uploads\/sites\/216\/2022\/11\/algemene-beschouwingen-2022-scaled.jpg","width":2560,"height":1920},{"@type":"BreadcrumbList","@id":"https:\/\/d66.nl\/diemen\/nieuws\/algemene-beschouwingen-2022-2\/#breadcrumb","itemListElement":[{"@type":"ListItem","position":1,"name":"Home","item":"https:\/\/d66.nl\/diemen\/"},{"@type":"ListItem","position":2,"name":"Nieuws","item":"https:\/\/d66.nl\/diemen\/nieuws\/"},{"@type":"ListItem","position":3,"name":"Algemene beschouwingen"}]},{"@type":"WebSite","@id":"https:\/\/d66.nl\/diemen\/#website","url":"https:\/\/d66.nl\/diemen\/","name":"D66 Diemen","description":"Just another D66 Sites site","publisher":{"@id":"https:\/\/d66.nl\/diemen\/#organization"},"potentialAction":[{"@type":"SearchAction","target":{"@type":"EntryPoint","urlTemplate":"https:\/\/d66.nl\/diemen\/?s={search_term_string}"},"query-input":{"@type":"PropertyValueSpecification","valueRequired":true,"valueName":"search_term_string"}}],"inLanguage":"nl-NL"},{"@type":"Organization","@id":"https:\/\/d66.nl\/diemen\/#organization","name":"D66","url":"https:\/\/d66.nl\/diemen\/","logo":{"@type":"ImageObject","inLanguage":"nl-NL","@id":"https:\/\/d66.nl\/diemen\/#\/schema\/logo\/image\/","url":"https:\/\/d66.nl\/diemen\/wp-content\/uploads\/sites\/2\/2021\/10\/d66-themas-algemeen-og.png","contentUrl":"https:\/\/d66.nl\/diemen\/wp-content\/uploads\/sites\/2\/2021\/10\/d66-themas-algemeen-og.png","width":1200,"height":628,"caption":"D66"},"image":{"@id":"https:\/\/d66.nl\/diemen\/#\/schema\/logo\/image\/"}},{"@type":"Person","@id":"https:\/\/d66.nl\/diemen\/#\/schema\/person\/92767e332a41abf348d90e24284d416a","name":"sariemuijs","image":{"@type":"ImageObject","inLanguage":"nl-NL","@id":"https:\/\/secure.gravatar.com\/avatar\/1df02ee69fa6c5bc94c06587933519450bd1300ac64bcf64812d46c1bc8051dc?s=96&d=mm&r=g","url":"https:\/\/secure.gravatar.com\/avatar\/1df02ee69fa6c5bc94c06587933519450bd1300ac64bcf64812d46c1bc8051dc?s=96&d=mm&r=g","contentUrl":"https:\/\/secure.gravatar.com\/avatar\/1df02ee69fa6c5bc94c06587933519450bd1300ac64bcf64812d46c1bc8051dc?s=96&d=mm&r=g","caption":"sariemuijs"}}]}},"_links":{"self":[{"href":"https:\/\/d66.nl\/diemen\/wp-json\/wp\/v2\/posts\/1031","targetHints":{"allow":["GET"]}}],"collection":[{"href":"https:\/\/d66.nl\/diemen\/wp-json\/wp\/v2\/posts"}],"about":[{"href":"https:\/\/d66.nl\/diemen\/wp-json\/wp\/v2\/types\/post"}],"author":[{"embeddable":true,"href":"https:\/\/d66.nl\/diemen\/wp-json\/wp\/v2\/users\/774"}],"replies":[{"embeddable":true,"href":"https:\/\/d66.nl\/diemen\/wp-json\/wp\/v2\/comments?post=1031"}],"version-history":[{"count":6,"href":"https:\/\/d66.nl\/diemen\/wp-json\/wp\/v2\/posts\/1031\/revisions"}],"predecessor-version":[{"id":1590,"href":"https:\/\/d66.nl\/diemen\/wp-json\/wp\/v2\/posts\/1031\/revisions\/1590"}],"wp:featuredmedia":[{"embeddable":true,"href":"https:\/\/d66.nl\/diemen\/wp-json\/wp\/v2\/media\/1032"}],"wp:attachment":[{"href":"https:\/\/d66.nl\/diemen\/wp-json\/wp\/v2\/media?parent=1031"}],"wp:term":[{"taxonomy":"category","embeddable":true,"href":"https:\/\/d66.nl\/diemen\/wp-json\/wp\/v2\/categories?post=1031"},{"taxonomy":"search-tags","embeddable":true,"href":"https:\/\/d66.nl\/diemen\/wp-json\/wp\/v2\/search-tags?post=1031"},{"taxonomy":"labels","embeddable":true,"href":"https:\/\/d66.nl\/diemen\/wp-json\/wp\/v2\/labels?post=1031"}],"curies":[{"name":"wp","href":"https:\/\/api.w.org\/{rel}","templated":true}]}}