{"id":2927,"date":"2023-03-22T16:22:52","date_gmt":"2023-03-22T16:22:52","guid":{"rendered":"https:\/\/d66.nl\/denhaag\/nieuws\/"},"modified":"2023-06-07T09:54:52","modified_gmt":"2023-06-07T09:54:52","slug":"d66-blij-met-succesvol-weren-van-tractoren-bij-demonstratiedag-wel-vragen-over-inzet-waterkanon","status":"publish","type":"post","link":"https:\/\/d66.nl\/denhaag\/nieuws\/d66-blij-met-succesvol-weren-van-tractoren-bij-demonstratiedag-wel-vragen-over-inzet-waterkanon","title":{"rendered":"D66 blij met succesvol weren van tractoren bij demonstratiedag, wel vragen over inzet waterkanon"},"content":{"rendered":"<div\n  id=\"\"\n  class=\"wrapper  wrapper__spacing-bottom-large--50 wrapper__spacing-bottom-desktop--66 wrapper__spacing-bottom-mobile--76  wrapper__gutter--none\"\n  >\n  \t<div class=\"wrapper__container wrapper__container-width-large--default\">\n\t  <div class=\"wrapper__inner wrapper__width-large--14 wrapper__width-desktop--20 wrapper__width-mobile--24 wrapper__offset-large--6 wrapper__offset-desktop--4 wrapper__offset-mobile--0\">\n\t\t<h1 class=\"heading   heading__size--giant heading__font--serif heading__weight--regular  block-heading__heading\" id=\"nav-d66-blij-met-succesvol-weren-van-tractoren-bij-demonstratiedag--wel-vragen-over-inzet-waterkanon3976\"  data-nav-heading-mobile=\"D66 blij met succesvol weren van tractoren bij demonstratiedag, wel vragen over inzet waterkanon\" >\n\tD66 blij met succesvol weren van tractoren bij demonstratiedag, wel vragen over inzet waterkanon<\/h1>\t  <\/div>\n\t<\/div>\n  <\/div>\n\n\n<div\n  id=\"\"\n  class=\"wrapper  wrapper__spacing-bottom-large--20  wrapper__gutter--none\"\n  >\n  \t<div class=\"wrapper__container wrapper__container-width-large--default\">\n\t  <div class=\"wrapper__inner wrapper__width-large--14 wrapper__width-mobile--24 wrapper__offset-large--5\">\n\t\t<img loading=\"lazy\" decoding=\"async\" width=\"1024\" height=\"683\" src=\"https:\/\/d66.nl\/denhaag\/wp-content\/uploads\/sites\/194\/2023\/03\/markus-spiske-hp86NCu8hok-unsplash-1024x683.jpg\" class=\"image block-image__img\" alt=\"\" srcset=\"https:\/\/d66.nl\/denhaag\/wp-content\/uploads\/sites\/194\/2023\/03\/markus-spiske-hp86NCu8hok-unsplash-1024x683.jpg 1024w, https:\/\/d66.nl\/denhaag\/wp-content\/uploads\/sites\/194\/2023\/03\/markus-spiske-hp86NCu8hok-unsplash-300x200.jpg 300w, https:\/\/d66.nl\/denhaag\/wp-content\/uploads\/sites\/194\/2023\/03\/markus-spiske-hp86NCu8hok-unsplash-768x512.jpg 768w, https:\/\/d66.nl\/denhaag\/wp-content\/uploads\/sites\/194\/2023\/03\/markus-spiske-hp86NCu8hok-unsplash-1536x1024.jpg 1536w, https:\/\/d66.nl\/denhaag\/wp-content\/uploads\/sites\/194\/2023\/03\/markus-spiske-hp86NCu8hok-unsplash-2048x1365.jpg 2048w\" sizes=\"auto, (max-width: 1024px) 100vw, 1024px\" \/>\n\t\t\t<div class=\"image__caption-wrapper block-image__caption-wrapper\">\n\t\t\t<div class=\"image__caption block-image__caption\">\n\t\t\t\t<p class=\"paragraph paragraph__align--left paragraph__color--black paragraph__size--small paragraph__weight--medium\">\n\t\tBeeld: Markus Spiske\t<\/p>\t\t\t<\/div>\n\t\t<\/div>\t  <\/div>\n\t<\/div>\n  <\/div>\n\n\n<div\n  id=\"\"\n  class=\"wrapper  wrapper__spacing-bottom-large--50 wrapper__spacing-bottom-mobile--40  wrapper__gutter--none\"\n  >\n  \t<div class=\"wrapper__container wrapper__container-width-large--default\">\n\t  <div class=\"wrapper__inner wrapper__width-large--13 wrapper__width-desktop--22 wrapper__width-mobile--24 wrapper__offset-large--6 wrapper__offset-desktop--2 wrapper__offset-mobile--0\">\n\t\t<p\n\t\tclass=\"paragraph   paragraph__size--big   block-paragraph__paragraph\"\n\t\t\t>\n\t\tVeel inwoners hebben zich grote zorgen gemaakt over de grote demonstraties die op 11 maart door de stad waren aangekondigd. Maar dankzij duidelijke spelregels en snel optreden bleven de gevreesde tractoren thuis en was de grote manifestatie in het Zuiderpark een succes. Dat stelde Marieke van Doorn vast tijdens de terugblik op de demonstratiedag. Wel stelde D66 vragen over het inzet van het waterkanon bij de Extinction Rebellion-blokkade.\t<\/p>\t  <\/div>\n\t<\/div>\n  <\/div>\n\n\n<div\n  id=\"\"\n  class=\"wrapper  wrapper__spacing-bottom-large--30 wrapper__spacing-bottom-desktop--20 wrapper__spacing-bottom-mobile--10  wrapper__gutter--none\"\n  >\n  \t<div class=\"wrapper__container wrapper__container-width-large--default\">\n\t  <div class=\"wrapper__inner wrapper__width-large--14 wrapper__width-desktop--24 wrapper__width-mobile--24 wrapper__offset-large--6 wrapper__offset-desktop--2 wrapper__offset-mobile--0\">\n\t\t<section class=\"block-related-post-metadata js-block-related-post-metadata\">\n\t<div class=\"block-related-post-metadata__content-wrapper\">\n\t\t<div class=\"block-related-post-metadata__persons\">\n\t\t\t<div class=\"related-person-info__wrapper\">\n\t\t\t<div class=\"related-person-info__item related-person-info__color--skyBlue\">\n\t\t\t<a class=\"related-person-info__link\" href=\"https:\/\/d66.nl\/denhaag\/mensen\/marieke-van-doorn\/\">\n\t\t\t\t<div class=\"related-person-info__image_container\">\n\t\t\t\t<img loading=\"lazy\" decoding=\"async\" width=\"150\" height=\"150\" src=\"https:\/\/d66.nl\/denhaag\/wp-content\/uploads\/sites\/194\/2022\/02\/3-Marieke-closeup-150x150.jpg\" class=\"related-person-info__image\" alt=\"\" \/>\t\t\t\t<\/div>\n\t\t\t\t<div class=\"related-person-info__meta\">\n\t\t\t\t\t\t\t\t\t<header class=\"related-person-info__header\">\n\t\t\t\t\t\t<h3 class=\"heading   heading__size--small heading__font--sans heading__weight--bold\" id=\"nav-marieke-van-doorn2892\">\n\tMarieke van Doorn<\/h3>\t\t\t\t\t<\/header>\n\t\t\t\t\t\t\t\t\t\t\t\t\t<div class=\"related-person-info__description\">\n\t\t\t\t\t\t<p class=\"paragraph   paragraph__size--small paragraph__weight--normal\">\n\t\tRechtstaat en democratie, stadhuis en toegankelijkheid\t<\/p>\t\t\t\t\t<\/div>\n\t\t\t\t\t\t\t\t<\/div>\n\t\t\t<\/a>\n\t\t<\/div>\n\t\t\t\t<div class=\"related-person-info__item related-person-info__color--yellow\">\n\t\t\t<a class=\"related-person-info__link\" href=\"https:\/\/d66.nl\/denhaag\/mensen\/marije-mostert-2\/\">\n\t\t\t\t<div class=\"related-person-info__image_container\">\n\t\t\t\t<img loading=\"lazy\" decoding=\"async\" width=\"150\" height=\"150\" src=\"https:\/\/d66.nl\/denhaag\/wp-content\/uploads\/sites\/194\/2025\/11\/251114-089-D66-kandidaten070-preview-JeroenMooijman-1-150x150.jpg\" class=\"related-person-info__image\" alt=\"\" \/>\t\t\t\t<\/div>\n\t\t\t\t<div class=\"related-person-info__meta\">\n\t\t\t\t\t\t\t\t\t<header class=\"related-person-info__header\">\n\t\t\t\t\t\t<h3 class=\"heading   heading__size--small heading__font--sans heading__weight--bold\" id=\"nav-marije-mostert8023\">\n\tMarije Mostert<\/h3>\t\t\t\t\t<\/header>\n\t\t\t\t\t\t\t\t\t\t\t\t\t<div class=\"related-person-info__description\">\n\t\t\t\t\t\t<p class=\"paragraph   paragraph__size--small paragraph__weight--normal\">\n\t\tVeiligheid, Emancipatie en Inclusie, Integratie, Vluchtelingen, Segbroek\t<\/p>\t\t\t\t\t<\/div>\n\t\t\t\t\t\t\t\t<\/div>\n\t\t\t<\/a>\n\t\t<\/div>\n\t\t<\/div>\t\t<\/div>\n\t\t<div class=\"block-related-post-metadata__meta\">\n\t\t\t<div class=\"block-related-post-metadata__date\">\n\t\t\t\t22.03.2023<div class=\"post-share js-post-share rs_skip_always\">\n\t<button class=\"post-share__share-button js-post-share-share-button\">\n\t\tShare\t\t<svg xmlns='http:\/\/www.w3.org\/2000\/svg' width='100px' height='100px' viewBox='0 0 24 24' fill='none'><path d='m8.684 10.658 6.629-3.314m.003 9.314-6.622-3.311M21 6a3 3 0 1 1-6 0 3 3 0 0 1 6 0ZM9 12a3 3 0 1 1-6 0 3 3 0 0 1 6 0Zm12 6a3 3 0 1 1-6 0 3 3 0 0 1 6 0Z' stroke='currentColor' stroke-width='1.5' fill='none'\/><\/svg>\t<\/button>\n\t<dialog class=\"post-share__dialog js-post-share-dialog\" aria-hidden=\"true\">\n\t\t<div class=\"post-share__dialog-header\">\n\t\t\tShare this post\t\t\t<button class=\"post-share__dialog-close js-post-share-dialog-close\">\n\t\t\t\t<svg xmlns='http:\/\/www.w3.org\/2000\/svg' width='150' height='150' viewBox='0 0 150 150' fill='none'><path d='M44.103 105.897 75 75m30.898-30.898L75 75m0 0L44.103 44.102M75 75l30.898 30.897' stroke='currentColor' stroke-width='5' fill='none'\/><\/svg>\t\t\t<\/button>\n\t\t<\/div>\n\t\t<div class=\"post-share__dialog-socials\">\n\t\t\t\t\t\t\t\t\t\t\t<a class=\"post-share__dialog-item js-post-share-dialog-item\" href=\"#\" target=\"_blank\" data-copy=&quot;true&quot;>\n\t\t\t\t\tKopier link<svg xmlns='http:\/\/www.w3.org\/2000\/svg' width='150' height='150' viewBox='0 0 150 150' fill='none'><path d='M67.468 108.679c-8.533-.512-14.164-3.583-17.407-9.983-3.242-6.314-2.815-12.713 1.195-18.6 1.706-2.56 3.584-5.035 5.46-7.594 1.537-2.048 3.584-2.475 5.462-1.195 2.047 1.45 2.389 3.498.938 5.632-1.706 2.474-3.584 4.948-5.29 7.423-3.242 4.778-2.304 11.092 2.133 14.334 4.864 3.584 11.092 2.731 14.761-1.962 1.963-2.475 3.754-5.12 5.632-7.68 1.194-1.535 2.645-2.218 4.607-1.28 1.792.854 2.645 2.39 2.304 4.267 0 .17 0 .427-.17.597-3.67 5.12-6.4 11.178-12.544 13.993-2.56 1.195-5.46 1.707-6.996 2.219l-.085-.171Z' fill='currentColor'\/><path d='M86.921 44.6c6.144.257 11.605 3.328 14.932 9.728 3.328 6.399 2.816 12.798-1.109 18.856-1.621 2.56-3.498 4.95-5.29 7.424-1.707 2.303-3.754 2.815-5.717 1.45-2.048-1.45-2.304-3.669-.597-6.058 1.621-2.304 3.328-4.608 4.949-6.911 3.498-4.95 2.56-11.348-2.133-14.761-4.779-3.499-11.178-2.475-14.847 2.56-1.792 2.388-3.498 4.863-5.205 7.252-1.62 2.218-3.583 2.56-5.546 1.11-1.877-1.366-2.218-3.414-.768-5.462 2.048-2.986 4.01-5.972 6.314-8.703 3.67-4.351 8.448-6.399 15.103-6.399l-.086-.085Z' fill='currentColor'\/><path d='M71.478 88.457c-3.498-.341-5.46-3.413-3.754-6.143 3.327-5.29 6.825-10.495 10.324-15.7 1.45-2.133 3.413-2.389 5.46-1.109 1.878 1.28 2.219 3.413.854 5.546-3.328 5.034-6.57 9.983-9.983 14.932-.683 1.024-1.963 1.621-2.901 2.389v.085Z' fill='currentColor'\/><\/svg>\t\t\t\t<\/a>\n\t\t\t\t\t\t\t\t\t\t\t<a class=\"post-share__dialog-item js-post-share-dialog-item\" href=\"mailto:?to=%20&amp;body=https%3A%2F%2Fd66.nl%2Fdenhaag%2Fnieuws%2Fd66-blij-met-succesvol-weren-van-tractoren-bij-demonstratiedag-wel-vragen-over-inzet-waterkanon\" target=\"_blank\" >\n\t\t\t\t\tMail<svg xmlns='http:\/\/www.w3.org\/2000\/svg' width='40' height='40' viewBox='0 0 40 40' fill='none'><path d='M24.107 15.865a1 1 0 0 1 1.266 1.265l-1.686 5.052a1 1 0 0 1-1.654.392l-3.37-3.37a1.001 1.001 0 0 1 .392-1.654l5.052-1.685Z' fill='currentColor'\/><path d='m21.763 19.475-5.657 5.657' stroke='currentColor' stroke-width='2' stroke-linecap='round' fill='none'\/><\/svg>\t\t\t\t<\/a>\n\t\t\t\t\t\t\t\t\t\t\t<a class=\"post-share__dialog-item js-post-share-dialog-item\" href=\"https:\/\/www.linkedin.com\/sharing\/share-offsite\/?url=https%3A%2F%2Fd66.nl%2Fdenhaag%2Fnieuws%2Fd66-blij-met-succesvol-weren-van-tractoren-bij-demonstratiedag-wel-vragen-over-inzet-waterkanon\" target=\"_blank\" >\n\t\t\t\t\tLinkedIn<svg xmlns='http:\/\/www.w3.org\/2000\/svg' width='40' height='40' viewBox='0 0 40 40' fill='none'><path d='M24.107 15.865a1 1 0 0 1 1.266 1.265l-1.686 5.052a1 1 0 0 1-1.654.392l-3.37-3.37a1.001 1.001 0 0 1 .392-1.654l5.052-1.685Z' fill='currentColor'\/><path d='m21.763 19.475-5.657 5.657' stroke='currentColor' stroke-width='2' stroke-linecap='round' fill='none'\/><\/svg>\t\t\t\t<\/a>\n\t\t\t\t\t\t\t\t\t\t\t<a class=\"post-share__dialog-item js-post-share-dialog-item\" href=\"https:\/\/www.facebook.com\/sharer\/sharer.php?u=https%3A%2F%2Fd66.nl%2Fdenhaag%2Fnieuws%2Fd66-blij-met-succesvol-weren-van-tractoren-bij-demonstratiedag-wel-vragen-over-inzet-waterkanon\" target=\"_blank\" >\n\t\t\t\t\tFacebook<svg xmlns='http:\/\/www.w3.org\/2000\/svg' width='40' height='40' viewBox='0 0 40 40' fill='none'><path d='M24.107 15.865a1 1 0 0 1 1.266 1.265l-1.686 5.052a1 1 0 0 1-1.654.392l-3.37-3.37a1.001 1.001 0 0 1 .392-1.654l5.052-1.685Z' fill='currentColor'\/><path d='m21.763 19.475-5.657 5.657' stroke='currentColor' stroke-width='2' stroke-linecap='round' fill='none'\/><\/svg>\t\t\t\t<\/a>\n\t\t\t\t\t\t\t\t\t\t\t<a class=\"post-share__dialog-item js-post-share-dialog-item\" href=\"whatsapp:\/\/send?text=https%3A%2F%2Fd66.nl%2Fdenhaag%2Fnieuws%2Fd66-blij-met-succesvol-weren-van-tractoren-bij-demonstratiedag-wel-vragen-over-inzet-waterkanon\" target=\"_blank\" >\n\t\t\t\t\tWhatsApp<svg xmlns='http:\/\/www.w3.org\/2000\/svg' width='40' height='40' viewBox='0 0 40 40' fill='none'><path d='M24.107 15.865a1 1 0 0 1 1.266 1.265l-1.686 5.052a1 1 0 0 1-1.654.392l-3.37-3.37a1.001 1.001 0 0 1 .392-1.654l5.052-1.685Z' fill='currentColor'\/><path d='m21.763 19.475-5.657 5.657' stroke='currentColor' stroke-width='2' stroke-linecap='round' fill='none'\/><\/svg>\t\t\t\t<\/a>\n\t\t\t\t\t\t\t\t\t\t\t<a class=\"post-share__dialog-item js-post-share-dialog-item\" href=\"https:\/\/x.com\/intent\/post?url=https%3A%2F%2Fd66.nl%2Fdenhaag%2Fnieuws%2Fd66-blij-met-succesvol-weren-van-tractoren-bij-demonstratiedag-wel-vragen-over-inzet-waterkanon\" target=\"_blank\" >\n\t\t\t\t\tTwitter (X)<svg xmlns='http:\/\/www.w3.org\/2000\/svg' width='40' height='40' viewBox='0 0 40 40' fill='none'><path d='M24.107 15.865a1 1 0 0 1 1.266 1.265l-1.686 5.052a1 1 0 0 1-1.654.392l-3.37-3.37a1.001 1.001 0 0 1 .392-1.654l5.052-1.685Z' fill='currentColor'\/><path d='m21.763 19.475-5.657 5.657' stroke='currentColor' stroke-width='2' stroke-linecap='round' fill='none'\/><\/svg>\t\t\t\t<\/a>\n\t\t\t\t\t<\/div>\n\t<\/dialog>\n<\/div>\t\t\t<\/div>\n\t\t\t<div class=\"block-related-post-metadata__categories\">\n\t\t\t\t<div class=\"category-link__wrapper\">\n\t\t\t<div class=\"category-link__item\">\n\t\t\t<a href=\"https:\/\/d66.nl\/denhaag\/category\/d66\/\">\n\t\t\t\tD66\t\t\t<\/a>\n\t\t<\/div>\n\t\t\t\t<div class=\"category-link__item\">\n\t\t\t<a href=\"https:\/\/d66.nl\/denhaag\/search-tags\/onderwerp\/democratie-bestuur\/\">\n\t\t\t\tDemocratie en bestuur\t\t\t<\/a>\n\t\t<\/div>\n\t\t\t\t<div class=\"category-link__item\">\n\t\t\t<a href=\"https:\/\/d66.nl\/denhaag\/search-tags\/kandidaten\/marieke\/\">\n\t\t\t\tMarieke van Doorn\t\t\t<\/a>\n\t\t<\/div>\n\t\t\t\t<div class=\"category-link__item\">\n\t\t\t<a href=\"https:\/\/d66.nl\/denhaag\/search-tags\/successen\/\">\n\t\t\t\tOnze successen\t\t\t<\/a>\n\t\t<\/div>\n\t\t\t\t<div class=\"category-link__item\">\n\t\t\t<a href=\"https:\/\/d66.nl\/denhaag\/search-tags\/stadsdelen\/centrum\/\">\n\t\t\t\tStadsdeel Centrum\t\t\t<\/a>\n\t\t<\/div>\n\t\t\t\t<div class=\"category-link__item\">\n\t\t\t<a href=\"https:\/\/d66.nl\/denhaag\/search-tags\/stadsdelen\/escamp-zuidwest\/\">\n\t\t\t\tStadsdeel Escamp (inc. Zuidwest)\t\t\t<\/a>\n\t\t<\/div>\n\t\t\t\t<div class=\"category-link__item\">\n\t\t\t<a href=\"https:\/\/d66.nl\/denhaag\/search-tags\/onderwerp\/veiligheid-criminaliteit\/\">\n\t\t\t\tVeiligheid en criminaliteit\t\t\t<\/a>\n\t\t<\/div>\n\t\t<\/div>\t\t\t<\/div>\n\t\t<\/div>\n\t<\/div>\n<\/section>\n\t  <\/div>\n\t<\/div>\n  <\/div>\n\n\n<div\n  id=\"\"\n  class=\"wrapper  wrapper__spacing-bottom-large--50 wrapper__spacing-bottom-desktop--70 wrapper__spacing-bottom-mobile--50  wrapper__gutter--none\"\n  >\n  \t<div class=\"wrapper__container wrapper__container-width-large--default\">\n\t  <div class=\"wrapper__inner wrapper__width-large--18 wrapper__width-desktop--22 wrapper__width-mobile--24 wrapper__offset-large--6 wrapper__offset-desktop--2 wrapper__offset-mobile--0\">\n\t\t<section class=\"block-post-content\">\n\t<div class=\"block-post-content__title\">\n\t\t<h3 class=\"heading  heading__color--black heading__size--medium heading__font--sans heading__weight--bold  block-post-content__heading\" id=\"nav-4611\" data-nav-heading-mobile=\"\">\n\t<\/h3>\t<\/div>\n\t<div class=\"block-post-content__content\">\n\t\t\n<div\n  id=\"\"\n  class=\"wrapper  wrapper__spacing-bottom-large--30 wrapper__spacing-bottom-desktop--20  wrapper__gutter--none\"\n  >\n  \t<div class=\"wrapper__container wrapper__container-width-large--default\">\n\t  <div class=\"wrapper__inner wrapper__width-large--24 wrapper__width-mobile--24\">\n\t\t<p\n\t\tclass=\"paragraph paragraph__align--left paragraph__color--black paragraph__size--default   block-paragraph__paragraph\"\n\t\t\t>\n\t\t<strong>Grote zorgen vooraf<\/strong><br>Voorzitter, in de dagen en weken in aanloop naar de Grote Demonstratiedag maakte heel veel Hagenaars zich grote zorgen. De grootste demonstratie aller tijden zou plaatsvinden in het Zuiderpark, met duizenden tractoren die door dichtbevolkte woonwijken zouden trekken om door een park te rijden dat totaal niet gemaakt is voor landbouwvoertuigen. En aan de andere kant van de stad zou XR voor de zoveelste keer de A12 blokkeren, ongetwijfeld met nog meer mensen dan ze daarvoor al hadden gedaan.\u00a0<br><br><strong>Burgemeester bedankt<br><\/strong>Voorzitter, gelukkig bleek de dag een stuk gemoedelijker te verlopen dan iedereen van tevoren had gedacht.\u00a0<br><br>Complimenten aan de burgemeester en zijn team voor alle voorbereidingen die hij heeft getroffen om de demo\u2019s van 11 maart in d\u00e9 demonstratie-hoofdstad van NL te faciliteren en de spelregels duidelijk kenbaar te maken. De dag was uitstekend voorbereid: Legermaterieel ingehuurd en samenwerking met andere politiekorpsen geregeld om naar Den Haag rijdende tractoren al voor de stadsgrenzen af te vangen. Echt goed nieuws dat de woonwijken rondom het Zuiderpark zo werden beschermd tegen trekkerterreur die we bij eerdere demo\u2019s zagen in onze woonwijken.<br><br>Ook voor de niet-aangemelde demo op de A12 was toch veel voorbereidend werk verricht: De A12 was afgeschermd tegen spullen die naar beneden gegooid zouden kunnen worden zoals de vorige keer gebeurde en was zelfs ingesmeerd tegen plakkers. Daarnaast waren er folders geprint waarop de gemeente demonstranten informeerde over de beperkingen die waren opgelegd met daarop de alternatieve locatie (Laan van Reagan en Gorbachev).\u00a0<br><strong><br>Wat kan beter<\/strong><br>Verliep de dag zonder rumoer? Nee.<br><br>In het Zuiderpark vond een demonstrant het nodig om met een shovel door een barricade van de politie te rijden, met twee gewonde agenten tot gevolg. We zijn blij dat de dader direct is gearresteerd, en we hopen dat het goed gaat met de gewonden.<br><br>En op de A12 slaagde XR er alsnog in om de snelweg te blokkeren. Ik sprak een aantal XR-demonstranten en die leken zich vreemd genoeg minder bewust van de vooraf aangekondigde spelregels dan hun tegenspelers in het Zuiderpark. Het feit dat er een demonstratieplek was toebedeeld aan de Laan van Reagan en Gorbachov was ook langs ze heen gegaan.\u00a0<br><br><strong>Waterwerper<\/strong><br>De D66-fractie begrijpt dat de BGM de demo op de A12 uit veiligheidsoverwegingen voor het donker ontbonden wilde hebben. Na 5 uur lang gedogen, is het ook wel mooi geweest.\u00a0<br><br>Alleen is het voor onze fractie, en voor volgens mij wel meer fracties, inwoners en demonstranten, niet duidelijk waarom de waterwerper werd ingezet ipv het \u00e9\u00e9n voor \u00e9\u00e9n van de weg plukken van demonstranten, net als de vorige keer. Nu moesten de natte demonstranten alsnog een-voor-een van de weg af worden geplukt.<br><br>Kan de burgemeester aangeven waarom de waterwerper precies is inzet? Hoe is de escalatieladder hierbij beoordeeld op basis waarvan werd besloten welk middel wanneer in te zetten? Was dit proportioneel? Kan de burgemeester daar meer informatie over geven want daarover las ik niets, zodat voor fracties en demonstranten de spelregels duidelijk zijn?<br><br>De beelden van waterwerpers die zittende demonstranten vrij lang nat spuiten bij een koude buitentemperatuur zouden de sympathie voor XR wel eens kunnen hebben vergroot. Is deze beeldvorming meegenomen in de zorgvuldige afwegingen waar de burgemeester over schrijft?\u00a0<br><br>Is overwogen om nog op andere manieren dan de flyers de beperking voor de A12 kenbaar te maken? Bijvoorbeeld met matrix-borden? Zou dit voor een volgende keer kunnen worden overwogen? Zijn er andere manieren, bv. Hekwerk plaatsen om de toegang te versperren?<br><br>Dan weer terug naar de boeren: Goed om te lezen dat de schade aan het Zuiderpark zal worden verhaald op de daders. Kan de BGM al meer inzicht geven in de ontstane schade zowel qua groen en in financi\u00eble zin en de manier waarop deze verhaald zal worden?<br><br>Tijdens de gemeenteraadsvergadering van 9 maart werd door collega Butt een werkbespreking gesuggereerd over de houdbaarheid van het huidige demonstratierecht in Den Haag. Is deze al gepland? Of kan deze zsm gepland worden, want als d\u00e9 demonstratiehoofdstad van NL wil Den Haag daarin een leidende rol spelen.\u00a0<br><br><strong>Klimaatbeleid<\/strong><br>Voorzitter, mij ontgaat de ironie niet dat we rondom elke XR demo het uitgebreid hebben over het demonstratiebeleid van onze stad, maar niet over het klimaatbeleid. XR is opgericht om het klimaatbeleid aan de kaak te stellen, niet het demonstratiebeleid van de stad Den Haag. Maar daar begint het zo langzamerhand wel op te lijken. Daar moeten we eens echt bij stilstaan.<br><br>Want een groep bewoners van onze stad en van elders trok in Den Haag aan het brandalarm over het klimaat. Terwijl inmiddels duidelijk wordt dat met de huidige koers het onmogelijk is om het Parijs-doel van 1,5 \u00b0C te behalen, werd in Den Haag bij een buitentemperatuur van ongeveer 1,5 graad het brandalarm geblust in plaats van de brand.\u00a0<br><br><strong>Demonstratiehoofdstad<\/strong><br>Voorzitter, in de debatten ter voorbereiding op deze dag heb ik aangegeven dat ik hoopte dat elke demonstrant op dezelfde manier de kans kreeg om zijn of haar stem te laten horen.<br><br>Hoewel de demonstraties heel verschillend zijn verlopen, is er \u00e9\u00e9n beeld dat bij mij blijft hangen: Een inwoner van onze stad die ook met vrees naar deze dag had uitgekeken, merkte op dat aan het einde van de middag de treinen lekker druk waren omdat XR-demonstranten en boeren-protestanten gezellig naast elkaar in de trein terug naar huis stonden.\u00a0<br><br>Dat beeld, Den Haag als de demonstratiehoofdstad waar iedereen de kans krijgt zijn of haar stem te laten horen, is wat wij met zijn allen moeten koesteren.<br>\t<\/p>\t  <\/div>\n\t<\/div>\n  <\/div>\n\n\t<\/div>\n\n\t<div class=\"block-post-content__sidebar\">\n\t\t\n\t\t\n\t\t\t<\/div>\n<\/section>\n\t  <\/div>\n\t<\/div>\n  <\/div>\n","protected":false},"excerpt":{"rendered":"","protected":false},"author":767,"featured_media":2929,"comment_status":"open","ping_status":"open","sticky":false,"template":"","format":"standard","meta":{"_acf_changed":false,"footnotes":""},"categories":[1],"search-tags":[12,39,58,51,55,9],"labels":[],"class_list":["post-2927","post","type-post","status-publish","format-standard","has-post-thumbnail","hentry","category-d66","search-tags-democratie-bestuur","search-tags-marieke","search-tags-successen","search-tags-centrum","search-tags-escamp-zuidwest","search-tags-veiligheid-criminaliteit"],"acf":[],"yoast_head":"<!-- This site is optimized with the Yoast SEO plugin v27.3 - https:\/\/yoast.com\/product\/yoast-seo-wordpress\/ -->\n<title>D66 Den Haag &#8212; D66 blij met succesvol weren van tractoren bij demonstratiedag, wel vragen over inzet waterkanon<\/title>\n<meta name=\"robots\" content=\"index, follow, max-snippet:-1, max-image-preview:large, max-video-preview:-1\" \/>\n<link rel=\"canonical\" href=\"https:\/\/d66.nl\/denhaag\/nieuws\/d66-blij-met-succesvol-weren-van-tractoren-bij-demonstratiedag-wel-vragen-over-inzet-waterkanon\" \/>\n<meta property=\"og:locale\" content=\"nl_NL\" \/>\n<meta property=\"og:type\" content=\"article\" \/>\n<meta property=\"og:title\" content=\"D66 Den Haag &#8212; D66 blij met succesvol weren van tractoren bij demonstratiedag, wel vragen over inzet waterkanon\" \/>\n<meta property=\"og:url\" content=\"https:\/\/d66.nl\/denhaag\/nieuws\/d66-blij-met-succesvol-weren-van-tractoren-bij-demonstratiedag-wel-vragen-over-inzet-waterkanon\/\" \/>\n<meta property=\"og:site_name\" content=\"D66 Den Haag\" \/>\n<meta property=\"article:published_time\" content=\"2023-03-22T16:22:52+00:00\" \/>\n<meta property=\"article:modified_time\" content=\"2023-06-07T09:54:52+00:00\" \/>\n<meta property=\"og:image\" content=\"https:\/\/d66.nl\/denhaag\/wp-content\/uploads\/sites\/194\/2023\/03\/markus-spiske-hp86NCu8hok-unsplash-scaled.jpg\" \/>\n\t<meta property=\"og:image:width\" content=\"2560\" \/>\n\t<meta property=\"og:image:height\" content=\"1707\" \/>\n\t<meta property=\"og:image:type\" content=\"image\/jpeg\" \/>\n<meta name=\"author\" content=\"mkooistravhoesen\" \/>\n<meta name=\"twitter:card\" content=\"summary_large_image\" \/>\n<meta name=\"twitter:label1\" content=\"Geschreven door\" \/>\n\t<meta name=\"twitter:data1\" content=\"mkooistravhoesen\" \/>\n<script type=\"application\/ld+json\" class=\"yoast-schema-graph\">{\"@context\":\"https:\\\/\\\/schema.org\",\"@graph\":[{\"@type\":\"Article\",\"@id\":\"https:\\\/\\\/d66.nl\\\/denhaag\\\/nieuws\\\/d66-blij-met-succesvol-weren-van-tractoren-bij-demonstratiedag-wel-vragen-over-inzet-waterkanon\\\/#article\",\"isPartOf\":{\"@id\":\"https:\\\/\\\/d66.nl\\\/denhaag\\\/nieuws\\\/d66-blij-met-succesvol-weren-van-tractoren-bij-demonstratiedag-wel-vragen-over-inzet-waterkanon\\\/\"},\"author\":{\"name\":\"mkooistravhoesen\",\"@id\":\"https:\\\/\\\/d66.nl\\\/denhaag\\\/#\\\/schema\\\/person\\\/added08e5005e0e460f46ee7a5c4ac6a\"},\"headline\":\"D66 blij met succesvol weren van tractoren bij demonstratiedag, wel vragen over inzet waterkanon\",\"datePublished\":\"2023-03-22T16:22:52+00:00\",\"dateModified\":\"2023-06-07T09:54:52+00:00\",\"mainEntityOfPage\":{\"@id\":\"https:\\\/\\\/d66.nl\\\/denhaag\\\/nieuws\\\/d66-blij-met-succesvol-weren-van-tractoren-bij-demonstratiedag-wel-vragen-over-inzet-waterkanon\\\/\"},\"wordCount\":14,\"commentCount\":0,\"publisher\":{\"@id\":\"https:\\\/\\\/d66.nl\\\/denhaag\\\/#organization\"},\"image\":{\"@id\":\"https:\\\/\\\/d66.nl\\\/denhaag\\\/nieuws\\\/d66-blij-met-succesvol-weren-van-tractoren-bij-demonstratiedag-wel-vragen-over-inzet-waterkanon\\\/#primaryimage\"},\"thumbnailUrl\":\"https:\\\/\\\/d66.nl\\\/denhaag\\\/wp-content\\\/uploads\\\/sites\\\/194\\\/2023\\\/03\\\/markus-spiske-hp86NCu8hok-unsplash-scaled.jpg\",\"articleSection\":[\"D66\"],\"inLanguage\":\"nl-NL\",\"potentialAction\":[{\"@type\":\"CommentAction\",\"name\":\"Comment\",\"target\":[\"https:\\\/\\\/d66.nl\\\/denhaag\\\/nieuws\\\/d66-blij-met-succesvol-weren-van-tractoren-bij-demonstratiedag-wel-vragen-over-inzet-waterkanon\\\/#respond\"]}]},{\"@type\":\"WebPage\",\"@id\":\"https:\\\/\\\/d66.nl\\\/denhaag\\\/nieuws\\\/d66-blij-met-succesvol-weren-van-tractoren-bij-demonstratiedag-wel-vragen-over-inzet-waterkanon\\\/\",\"url\":\"https:\\\/\\\/d66.nl\\\/denhaag\\\/nieuws\\\/d66-blij-met-succesvol-weren-van-tractoren-bij-demonstratiedag-wel-vragen-over-inzet-waterkanon\\\/\",\"name\":\"D66 Den Haag &#8212; D66 blij met succesvol weren van tractoren bij demonstratiedag, wel vragen over inzet waterkanon\",\"isPartOf\":{\"@id\":\"https:\\\/\\\/d66.nl\\\/denhaag\\\/#website\"},\"primaryImageOfPage\":{\"@id\":\"https:\\\/\\\/d66.nl\\\/denhaag\\\/nieuws\\\/d66-blij-met-succesvol-weren-van-tractoren-bij-demonstratiedag-wel-vragen-over-inzet-waterkanon\\\/#primaryimage\"},\"image\":{\"@id\":\"https:\\\/\\\/d66.nl\\\/denhaag\\\/nieuws\\\/d66-blij-met-succesvol-weren-van-tractoren-bij-demonstratiedag-wel-vragen-over-inzet-waterkanon\\\/#primaryimage\"},\"thumbnailUrl\":\"https:\\\/\\\/d66.nl\\\/denhaag\\\/wp-content\\\/uploads\\\/sites\\\/194\\\/2023\\\/03\\\/markus-spiske-hp86NCu8hok-unsplash-scaled.jpg\",\"datePublished\":\"2023-03-22T16:22:52+00:00\",\"dateModified\":\"2023-06-07T09:54:52+00:00\",\"breadcrumb\":{\"@id\":\"https:\\\/\\\/d66.nl\\\/denhaag\\\/nieuws\\\/d66-blij-met-succesvol-weren-van-tractoren-bij-demonstratiedag-wel-vragen-over-inzet-waterkanon\\\/#breadcrumb\"},\"inLanguage\":\"nl-NL\",\"potentialAction\":[{\"@type\":\"ReadAction\",\"target\":[\"https:\\\/\\\/d66.nl\\\/denhaag\\\/nieuws\\\/d66-blij-met-succesvol-weren-van-tractoren-bij-demonstratiedag-wel-vragen-over-inzet-waterkanon\\\/\"]}]},{\"@type\":\"ImageObject\",\"inLanguage\":\"nl-NL\",\"@id\":\"https:\\\/\\\/d66.nl\\\/denhaag\\\/nieuws\\\/d66-blij-met-succesvol-weren-van-tractoren-bij-demonstratiedag-wel-vragen-over-inzet-waterkanon\\\/#primaryimage\",\"url\":\"https:\\\/\\\/d66.nl\\\/denhaag\\\/wp-content\\\/uploads\\\/sites\\\/194\\\/2023\\\/03\\\/markus-spiske-hp86NCu8hok-unsplash-scaled.jpg\",\"contentUrl\":\"https:\\\/\\\/d66.nl\\\/denhaag\\\/wp-content\\\/uploads\\\/sites\\\/194\\\/2023\\\/03\\\/markus-spiske-hp86NCu8hok-unsplash-scaled.jpg\",\"width\":2560,\"height\":1707},{\"@type\":\"BreadcrumbList\",\"@id\":\"https:\\\/\\\/d66.nl\\\/denhaag\\\/nieuws\\\/d66-blij-met-succesvol-weren-van-tractoren-bij-demonstratiedag-wel-vragen-over-inzet-waterkanon\\\/#breadcrumb\",\"itemListElement\":[{\"@type\":\"ListItem\",\"position\":1,\"name\":\"Home\",\"item\":\"https:\\\/\\\/d66.nl\\\/denhaag\\\/\"},{\"@type\":\"ListItem\",\"position\":2,\"name\":\"Nieuws\",\"item\":\"https:\\\/\\\/d66.nl\\\/denhaag\\\/nieuws\\\/\"},{\"@type\":\"ListItem\",\"position\":3,\"name\":\"D66 blij met succesvol weren van tractoren bij demonstratiedag, wel vragen over inzet waterkanon\"}]},{\"@type\":\"WebSite\",\"@id\":\"https:\\\/\\\/d66.nl\\\/denhaag\\\/#website\",\"url\":\"https:\\\/\\\/d66.nl\\\/denhaag\\\/\",\"name\":\"D66 Den Haag\",\"description\":\"Just another D66 Sites site\",\"publisher\":{\"@id\":\"https:\\\/\\\/d66.nl\\\/denhaag\\\/#organization\"},\"potentialAction\":[{\"@type\":\"SearchAction\",\"target\":{\"@type\":\"EntryPoint\",\"urlTemplate\":\"https:\\\/\\\/d66.nl\\\/denhaag\\\/?s={search_term_string}\"},\"query-input\":{\"@type\":\"PropertyValueSpecification\",\"valueRequired\":true,\"valueName\":\"search_term_string\"}}],\"inLanguage\":\"nl-NL\"},{\"@type\":\"Organization\",\"@id\":\"https:\\\/\\\/d66.nl\\\/denhaag\\\/#organization\",\"name\":\"D66\",\"url\":\"https:\\\/\\\/d66.nl\\\/denhaag\\\/\",\"logo\":{\"@type\":\"ImageObject\",\"inLanguage\":\"nl-NL\",\"@id\":\"https:\\\/\\\/d66.nl\\\/denhaag\\\/#\\\/schema\\\/logo\\\/image\\\/\",\"url\":\"https:\\\/\\\/d66.nl\\\/denhaag\\\/wp-content\\\/uploads\\\/sites\\\/2\\\/2021\\\/10\\\/d66-themas-algemeen-og.png\",\"contentUrl\":\"https:\\\/\\\/d66.nl\\\/denhaag\\\/wp-content\\\/uploads\\\/sites\\\/2\\\/2021\\\/10\\\/d66-themas-algemeen-og.png\",\"width\":1200,\"height\":628,\"caption\":\"D66\"},\"image\":{\"@id\":\"https:\\\/\\\/d66.nl\\\/denhaag\\\/#\\\/schema\\\/logo\\\/image\\\/\"}},{\"@type\":\"Person\",\"@id\":\"https:\\\/\\\/d66.nl\\\/denhaag\\\/#\\\/schema\\\/person\\\/added08e5005e0e460f46ee7a5c4ac6a\",\"name\":\"mkooistravhoesen\",\"image\":{\"@type\":\"ImageObject\",\"inLanguage\":\"nl-NL\",\"@id\":\"https:\\\/\\\/secure.gravatar.com\\\/avatar\\\/4dfca6dcf33212cd0312dd1d923e4f72418b24ff08e52f0eb471a47492a1f4e7?s=96&d=mm&r=g\",\"url\":\"https:\\\/\\\/secure.gravatar.com\\\/avatar\\\/4dfca6dcf33212cd0312dd1d923e4f72418b24ff08e52f0eb471a47492a1f4e7?s=96&d=mm&r=g\",\"contentUrl\":\"https:\\\/\\\/secure.gravatar.com\\\/avatar\\\/4dfca6dcf33212cd0312dd1d923e4f72418b24ff08e52f0eb471a47492a1f4e7?s=96&d=mm&r=g\",\"caption\":\"mkooistravhoesen\"}}]}<\/script>\n<!-- \/ Yoast SEO plugin. -->","yoast_head_json":{"title":"D66 Den Haag &#8212; D66 blij met succesvol weren van tractoren bij demonstratiedag, wel vragen over inzet waterkanon","robots":{"index":"index","follow":"follow","max-snippet":"max-snippet:-1","max-image-preview":"max-image-preview:large","max-video-preview":"max-video-preview:-1"},"canonical":"https:\/\/d66.nl\/denhaag\/nieuws\/d66-blij-met-succesvol-weren-van-tractoren-bij-demonstratiedag-wel-vragen-over-inzet-waterkanon","og_locale":"nl_NL","og_type":"article","og_title":"D66 Den Haag &#8212; D66 blij met succesvol weren van tractoren bij demonstratiedag, wel vragen over inzet waterkanon","og_url":"https:\/\/d66.nl\/denhaag\/nieuws\/d66-blij-met-succesvol-weren-van-tractoren-bij-demonstratiedag-wel-vragen-over-inzet-waterkanon\/","og_site_name":"D66 Den Haag","article_published_time":"2023-03-22T16:22:52+00:00","article_modified_time":"2023-06-07T09:54:52+00:00","og_image":[{"width":2560,"height":1707,"url":"https:\/\/d66.nl\/denhaag\/wp-content\/uploads\/sites\/194\/2023\/03\/markus-spiske-hp86NCu8hok-unsplash-scaled.jpg","type":"image\/jpeg"}],"author":"mkooistravhoesen","twitter_card":"summary_large_image","twitter_misc":{"Geschreven door":"mkooistravhoesen"},"schema":{"@context":"https:\/\/schema.org","@graph":[{"@type":"Article","@id":"https:\/\/d66.nl\/denhaag\/nieuws\/d66-blij-met-succesvol-weren-van-tractoren-bij-demonstratiedag-wel-vragen-over-inzet-waterkanon\/#article","isPartOf":{"@id":"https:\/\/d66.nl\/denhaag\/nieuws\/d66-blij-met-succesvol-weren-van-tractoren-bij-demonstratiedag-wel-vragen-over-inzet-waterkanon\/"},"author":{"name":"mkooistravhoesen","@id":"https:\/\/d66.nl\/denhaag\/#\/schema\/person\/added08e5005e0e460f46ee7a5c4ac6a"},"headline":"D66 blij met succesvol weren van tractoren bij demonstratiedag, wel vragen over inzet waterkanon","datePublished":"2023-03-22T16:22:52+00:00","dateModified":"2023-06-07T09:54:52+00:00","mainEntityOfPage":{"@id":"https:\/\/d66.nl\/denhaag\/nieuws\/d66-blij-met-succesvol-weren-van-tractoren-bij-demonstratiedag-wel-vragen-over-inzet-waterkanon\/"},"wordCount":14,"commentCount":0,"publisher":{"@id":"https:\/\/d66.nl\/denhaag\/#organization"},"image":{"@id":"https:\/\/d66.nl\/denhaag\/nieuws\/d66-blij-met-succesvol-weren-van-tractoren-bij-demonstratiedag-wel-vragen-over-inzet-waterkanon\/#primaryimage"},"thumbnailUrl":"https:\/\/d66.nl\/denhaag\/wp-content\/uploads\/sites\/194\/2023\/03\/markus-spiske-hp86NCu8hok-unsplash-scaled.jpg","articleSection":["D66"],"inLanguage":"nl-NL","potentialAction":[{"@type":"CommentAction","name":"Comment","target":["https:\/\/d66.nl\/denhaag\/nieuws\/d66-blij-met-succesvol-weren-van-tractoren-bij-demonstratiedag-wel-vragen-over-inzet-waterkanon\/#respond"]}]},{"@type":"WebPage","@id":"https:\/\/d66.nl\/denhaag\/nieuws\/d66-blij-met-succesvol-weren-van-tractoren-bij-demonstratiedag-wel-vragen-over-inzet-waterkanon\/","url":"https:\/\/d66.nl\/denhaag\/nieuws\/d66-blij-met-succesvol-weren-van-tractoren-bij-demonstratiedag-wel-vragen-over-inzet-waterkanon\/","name":"D66 Den Haag &#8212; D66 blij met succesvol weren van tractoren bij demonstratiedag, wel vragen over inzet waterkanon","isPartOf":{"@id":"https:\/\/d66.nl\/denhaag\/#website"},"primaryImageOfPage":{"@id":"https:\/\/d66.nl\/denhaag\/nieuws\/d66-blij-met-succesvol-weren-van-tractoren-bij-demonstratiedag-wel-vragen-over-inzet-waterkanon\/#primaryimage"},"image":{"@id":"https:\/\/d66.nl\/denhaag\/nieuws\/d66-blij-met-succesvol-weren-van-tractoren-bij-demonstratiedag-wel-vragen-over-inzet-waterkanon\/#primaryimage"},"thumbnailUrl":"https:\/\/d66.nl\/denhaag\/wp-content\/uploads\/sites\/194\/2023\/03\/markus-spiske-hp86NCu8hok-unsplash-scaled.jpg","datePublished":"2023-03-22T16:22:52+00:00","dateModified":"2023-06-07T09:54:52+00:00","breadcrumb":{"@id":"https:\/\/d66.nl\/denhaag\/nieuws\/d66-blij-met-succesvol-weren-van-tractoren-bij-demonstratiedag-wel-vragen-over-inzet-waterkanon\/#breadcrumb"},"inLanguage":"nl-NL","potentialAction":[{"@type":"ReadAction","target":["https:\/\/d66.nl\/denhaag\/nieuws\/d66-blij-met-succesvol-weren-van-tractoren-bij-demonstratiedag-wel-vragen-over-inzet-waterkanon\/"]}]},{"@type":"ImageObject","inLanguage":"nl-NL","@id":"https:\/\/d66.nl\/denhaag\/nieuws\/d66-blij-met-succesvol-weren-van-tractoren-bij-demonstratiedag-wel-vragen-over-inzet-waterkanon\/#primaryimage","url":"https:\/\/d66.nl\/denhaag\/wp-content\/uploads\/sites\/194\/2023\/03\/markus-spiske-hp86NCu8hok-unsplash-scaled.jpg","contentUrl":"https:\/\/d66.nl\/denhaag\/wp-content\/uploads\/sites\/194\/2023\/03\/markus-spiske-hp86NCu8hok-unsplash-scaled.jpg","width":2560,"height":1707},{"@type":"BreadcrumbList","@id":"https:\/\/d66.nl\/denhaag\/nieuws\/d66-blij-met-succesvol-weren-van-tractoren-bij-demonstratiedag-wel-vragen-over-inzet-waterkanon\/#breadcrumb","itemListElement":[{"@type":"ListItem","position":1,"name":"Home","item":"https:\/\/d66.nl\/denhaag\/"},{"@type":"ListItem","position":2,"name":"Nieuws","item":"https:\/\/d66.nl\/denhaag\/nieuws\/"},{"@type":"ListItem","position":3,"name":"D66 blij met succesvol weren van tractoren bij demonstratiedag, wel vragen over inzet waterkanon"}]},{"@type":"WebSite","@id":"https:\/\/d66.nl\/denhaag\/#website","url":"https:\/\/d66.nl\/denhaag\/","name":"D66 Den Haag","description":"Just another D66 Sites site","publisher":{"@id":"https:\/\/d66.nl\/denhaag\/#organization"},"potentialAction":[{"@type":"SearchAction","target":{"@type":"EntryPoint","urlTemplate":"https:\/\/d66.nl\/denhaag\/?s={search_term_string}"},"query-input":{"@type":"PropertyValueSpecification","valueRequired":true,"valueName":"search_term_string"}}],"inLanguage":"nl-NL"},{"@type":"Organization","@id":"https:\/\/d66.nl\/denhaag\/#organization","name":"D66","url":"https:\/\/d66.nl\/denhaag\/","logo":{"@type":"ImageObject","inLanguage":"nl-NL","@id":"https:\/\/d66.nl\/denhaag\/#\/schema\/logo\/image\/","url":"https:\/\/d66.nl\/denhaag\/wp-content\/uploads\/sites\/2\/2021\/10\/d66-themas-algemeen-og.png","contentUrl":"https:\/\/d66.nl\/denhaag\/wp-content\/uploads\/sites\/2\/2021\/10\/d66-themas-algemeen-og.png","width":1200,"height":628,"caption":"D66"},"image":{"@id":"https:\/\/d66.nl\/denhaag\/#\/schema\/logo\/image\/"}},{"@type":"Person","@id":"https:\/\/d66.nl\/denhaag\/#\/schema\/person\/added08e5005e0e460f46ee7a5c4ac6a","name":"mkooistravhoesen","image":{"@type":"ImageObject","inLanguage":"nl-NL","@id":"https:\/\/secure.gravatar.com\/avatar\/4dfca6dcf33212cd0312dd1d923e4f72418b24ff08e52f0eb471a47492a1f4e7?s=96&d=mm&r=g","url":"https:\/\/secure.gravatar.com\/avatar\/4dfca6dcf33212cd0312dd1d923e4f72418b24ff08e52f0eb471a47492a1f4e7?s=96&d=mm&r=g","contentUrl":"https:\/\/secure.gravatar.com\/avatar\/4dfca6dcf33212cd0312dd1d923e4f72418b24ff08e52f0eb471a47492a1f4e7?s=96&d=mm&r=g","caption":"mkooistravhoesen"}}]}},"_links":{"self":[{"href":"https:\/\/d66.nl\/denhaag\/wp-json\/wp\/v2\/posts\/2927","targetHints":{"allow":["GET"]}}],"collection":[{"href":"https:\/\/d66.nl\/denhaag\/wp-json\/wp\/v2\/posts"}],"about":[{"href":"https:\/\/d66.nl\/denhaag\/wp-json\/wp\/v2\/types\/post"}],"author":[{"embeddable":true,"href":"https:\/\/d66.nl\/denhaag\/wp-json\/wp\/v2\/users\/767"}],"replies":[{"embeddable":true,"href":"https:\/\/d66.nl\/denhaag\/wp-json\/wp\/v2\/comments?post=2927"}],"version-history":[{"count":6,"href":"https:\/\/d66.nl\/denhaag\/wp-json\/wp\/v2\/posts\/2927\/revisions"}],"predecessor-version":[{"id":3110,"href":"https:\/\/d66.nl\/denhaag\/wp-json\/wp\/v2\/posts\/2927\/revisions\/3110"}],"wp:featuredmedia":[{"embeddable":true,"href":"https:\/\/d66.nl\/denhaag\/wp-json\/wp\/v2\/media\/2929"}],"wp:attachment":[{"href":"https:\/\/d66.nl\/denhaag\/wp-json\/wp\/v2\/media?parent=2927"}],"wp:term":[{"taxonomy":"category","embeddable":true,"href":"https:\/\/d66.nl\/denhaag\/wp-json\/wp\/v2\/categories?post=2927"},{"taxonomy":"search-tags","embeddable":true,"href":"https:\/\/d66.nl\/denhaag\/wp-json\/wp\/v2\/search-tags?post=2927"},{"taxonomy":"labels","embeddable":true,"href":"https:\/\/d66.nl\/denhaag\/wp-json\/wp\/v2\/labels?post=2927"}],"curies":[{"name":"wp","href":"https:\/\/api.w.org\/{rel}","templated":true}]}}