{"id":2924,"date":"2026-01-07T23:06:47","date_gmt":"2026-01-07T23:06:47","guid":{"rendered":"https:\/\/d66.nl\/brabant\/nieuws\/"},"modified":"2026-01-07T23:08:15","modified_gmt":"2026-01-07T23:08:15","slug":"provinciale-staten-steunen-vernieuwde-stikstofaanpak","status":"publish","type":"post","link":"https:\/\/d66.nl\/brabant\/nieuws\/provinciale-staten-steunen-vernieuwde-stikstofaanpak","title":{"rendered":"Provinciale Staten steunen vernieuwde stikstofaanpak"},"content":{"rendered":"<div\n  id=\"\"\n  class=\"wrapper  wrapper__spacing-bottom-large--30 wrapper__spacing-bottom-desktop--20 wrapper__spacing-bottom-mobile--20  wrapper__gutter--none\"\n  >\n  \t<div class=\"wrapper__container wrapper__container-width-large--default\">\n\t  <div class=\"wrapper__inner wrapper__width-large--14 wrapper__width-desktop--20 wrapper__width-mobile--24 wrapper__offset-large--6 wrapper__offset-desktop--2 wrapper__offset-mobile--0\">\n\t\t<h1 class=\"heading   heading__size--giant heading__font--serif heading__weight--regular  block-heading__heading\" id=\"nav-d66-brabant--moed--karakter-en-samenwerking-staan-centraal4360\"  data-nav-heading-mobile=\"D66 Brabant: Moed, karakter en samenwerking staan centraal\" >\n\tD66 Brabant: Moed, karakter en samenwerking staan centraal<\/h1>\t  <\/div>\n\t<\/div>\n  <\/div>\n\n\n<div\n  id=\"\"\n  class=\"wrapper  wrapper__spacing-bottom-large--20 wrapper__spacing-bottom-desktop--10 wrapper__spacing-bottom-mobile--10  wrapper__gutter--none\"\n  >\n  \t<div class=\"wrapper__container wrapper__container-width-large--default\">\n\t  <div class=\"wrapper__inner wrapper__width-large--13 wrapper__width-desktop--20 wrapper__width-mobile--24 wrapper__offset-large--6 wrapper__offset-desktop--2 wrapper__offset-mobile--0\">\n\t\t<p\n\t\tclass=\"paragraph   paragraph__size--big   block-paragraph__paragraph\"\n\t\t\t>\n\t\tDe Provinciale Staten van Noord-Brabant hebben ingestemd met een vernieuwd pakket stikstofmaatregelen. Het besluit volgt op maanden van discussie, stevige maatschappelijke druk en zelfs intimidatie richting volksvertegenwoordigers. Toch koos een meerderheid van de Staten ervoor om verantwoordelijkheid te nemen. D66 speelde daarbij een zichtbare en inhoudelijke rol.\t<\/p>\t  <\/div>\n\t<\/div>\n  <\/div>\n\n\n<div\n  id=\"\"\n  class=\"wrapper wrapper__spacing-top-large--30 wrapper__spacing-top-desktop--10 wrapper__spacing-top-mobile--10 wrapper__spacing-bottom-large--30 wrapper__spacing-bottom-desktop--10 wrapper__spacing-bottom-mobile--10  wrapper__gutter--none\"\n  >\n  \t<div class=\"wrapper__container wrapper__container-width-large--default\">\n\t  <div class=\"wrapper__inner wrapper__width-large--24 wrapper__width-mobile--24\">\n\t\t<section class=\"block-video\">\n\t<div\n\t\tclass=\"block-video__video-wrapper\"\n\t\tstyle=\"background-image: url('https:\/\/d66.nl\/brabant\/wp-content\/uploads\/sites\/406\/2022\/07\/fertilization-c-Pixabay.jpg')\"\n\t>\n\t\t\t<\/div>\n\n\t\t\t<div class=\"block-video__caption-wrapper\">\n\t\t\t<div class=\"block-video__caption\">\n\t\t\t\t<p class=\"paragraph paragraph__align--left paragraph__color--black paragraph__size--small paragraph__weight--medium\">\n\t\tBeeld: Pixabay\t<\/p>\t\t\t<\/div>\n\t\t<\/div>\n\t\n<\/section>\n\n\t  <\/div>\n\t<\/div>\n  <\/div>\n\n\n<div\n  id=\"\"\n  class=\"wrapper  wrapper__spacing-bottom-large--20 wrapper__spacing-bottom-desktop--50 wrapper__spacing-bottom-mobile--10  wrapper__gutter--none\"\n  >\n  \t<div class=\"wrapper__container wrapper__container-width-large--default\">\n\t  <div class=\"wrapper__inner wrapper__width-large--14 wrapper__width-desktop--24 wrapper__width-mobile--24 wrapper__offset-large--6 wrapper__offset-desktop--2 wrapper__offset-mobile--0\">\n\t\t<section class=\"block-related-post-metadata js-block-related-post-metadata\">\n\t<div class=\"block-related-post-metadata__content-wrapper\">\n\t\t<div class=\"block-related-post-metadata__persons\">\n\t\t\t<div class=\"related-person-info__wrapper\">\n\t\t\t<div class=\"related-person-info__item related-person-info__color--yellow\">\n\t\t\t<a class=\"related-person-info__link\" href=\"https:\/\/d66.nl\/brabant\/mensen\/matthijs-van-miltenburg\/\">\n\t\t\t\t<div class=\"related-person-info__image_container\">\n\t\t\t\t<img loading=\"lazy\" decoding=\"async\" width=\"150\" height=\"150\" src=\"https:\/\/d66.nl\/brabant\/wp-content\/uploads\/sites\/406\/2023\/01\/D66-gekozen-48-150x150.jpg\" class=\"related-person-info__image\" alt=\"\" \/>\t\t\t\t<\/div>\n\t\t\t\t<div class=\"related-person-info__meta\">\n\t\t\t\t\t\t\t\t\t<header class=\"related-person-info__header\">\n\t\t\t\t\t\t<h3 class=\"heading   heading__size--small heading__font--sans heading__weight--bold\" id=\"nav-matthijs-van-miltenburg4012\">\n\tMatthijs van Miltenburg<\/h3>\t\t\t\t\t<\/header>\n\t\t\t\t\t\t\t\t\t\t\t\t\t<div class=\"related-person-info__description\">\n\t\t\t\t\t\t<p class=\"paragraph   paragraph__size--small paragraph__weight--normal\">\n\t\tStatenlid en Fractievoorzitter\t<\/p>\t\t\t\t\t<\/div>\n\t\t\t\t\t\t\t\t<\/div>\n\t\t\t<\/a>\n\t\t<\/div>\n\t\t<\/div>\t\t<\/div>\n\t\t<div class=\"block-related-post-metadata__meta\">\n\t\t\t<div class=\"block-related-post-metadata__date\">\n\t\t\t\t07.01.2026<div class=\"post-share js-post-share rs_skip_always\">\n\t<button class=\"post-share__share-button js-post-share-share-button\">\n\t\tShare\t\t<svg xmlns='http:\/\/www.w3.org\/2000\/svg' width='100px' height='100px' viewBox='0 0 24 24' fill='none'><path d='m8.684 10.658 6.629-3.314m.003 9.314-6.622-3.311M21 6a3 3 0 1 1-6 0 3 3 0 0 1 6 0ZM9 12a3 3 0 1 1-6 0 3 3 0 0 1 6 0Zm12 6a3 3 0 1 1-6 0 3 3 0 0 1 6 0Z' stroke='currentColor' stroke-width='1.5' fill='none'\/><\/svg>\t<\/button>\n\t<dialog class=\"post-share__dialog js-post-share-dialog\" aria-hidden=\"true\">\n\t\t<div class=\"post-share__dialog-header\">\n\t\t\tShare this post\t\t\t<button class=\"post-share__dialog-close js-post-share-dialog-close\">\n\t\t\t\t<svg xmlns='http:\/\/www.w3.org\/2000\/svg' width='150' height='150' viewBox='0 0 150 150' fill='none'><path d='M44.103 105.897 75 75m30.898-30.898L75 75m0 0L44.103 44.102M75 75l30.898 30.897' stroke='currentColor' stroke-width='5' fill='none'\/><\/svg>\t\t\t<\/button>\n\t\t<\/div>\n\t\t<div class=\"post-share__dialog-socials\">\n\t\t\t\t\t\t\t\t\t\t\t<a class=\"post-share__dialog-item js-post-share-dialog-item\" href=\"#\" target=\"_blank\" data-copy=&quot;true&quot;>\n\t\t\t\t\tKopier link<svg xmlns='http:\/\/www.w3.org\/2000\/svg' width='150' height='150' viewBox='0 0 150 150' fill='none'><path d='M67.468 108.679c-8.533-.512-14.164-3.583-17.407-9.983-3.242-6.314-2.815-12.713 1.195-18.6 1.706-2.56 3.584-5.035 5.46-7.594 1.537-2.048 3.584-2.475 5.462-1.195 2.047 1.45 2.389 3.498.938 5.632-1.706 2.474-3.584 4.948-5.29 7.423-3.242 4.778-2.304 11.092 2.133 14.334 4.864 3.584 11.092 2.731 14.761-1.962 1.963-2.475 3.754-5.12 5.632-7.68 1.194-1.535 2.645-2.218 4.607-1.28 1.792.854 2.645 2.39 2.304 4.267 0 .17 0 .427-.17.597-3.67 5.12-6.4 11.178-12.544 13.993-2.56 1.195-5.46 1.707-6.996 2.219l-.085-.171Z' fill='currentColor'\/><path d='M86.921 44.6c6.144.257 11.605 3.328 14.932 9.728 3.328 6.399 2.816 12.798-1.109 18.856-1.621 2.56-3.498 4.95-5.29 7.424-1.707 2.303-3.754 2.815-5.717 1.45-2.048-1.45-2.304-3.669-.597-6.058 1.621-2.304 3.328-4.608 4.949-6.911 3.498-4.95 2.56-11.348-2.133-14.761-4.779-3.499-11.178-2.475-14.847 2.56-1.792 2.388-3.498 4.863-5.205 7.252-1.62 2.218-3.583 2.56-5.546 1.11-1.877-1.366-2.218-3.414-.768-5.462 2.048-2.986 4.01-5.972 6.314-8.703 3.67-4.351 8.448-6.399 15.103-6.399l-.086-.085Z' fill='currentColor'\/><path d='M71.478 88.457c-3.498-.341-5.46-3.413-3.754-6.143 3.327-5.29 6.825-10.495 10.324-15.7 1.45-2.133 3.413-2.389 5.46-1.109 1.878 1.28 2.219 3.413.854 5.546-3.328 5.034-6.57 9.983-9.983 14.932-.683 1.024-1.963 1.621-2.901 2.389v.085Z' fill='currentColor'\/><\/svg>\t\t\t\t<\/a>\n\t\t\t\t\t\t\t\t\t\t\t<a class=\"post-share__dialog-item js-post-share-dialog-item\" href=\"mailto:?to=%20&amp;body=https%3A%2F%2Fd66.nl%2Fbrabant%2Fnieuws%2Fprovinciale-staten-steunen-vernieuwde-stikstofaanpak\" target=\"_blank\" >\n\t\t\t\t\tMail<svg xmlns='http:\/\/www.w3.org\/2000\/svg' width='40' height='40' viewBox='0 0 40 40' fill='none'><path d='M24.107 15.865a1 1 0 0 1 1.266 1.265l-1.686 5.052a1 1 0 0 1-1.654.392l-3.37-3.37a1.001 1.001 0 0 1 .392-1.654l5.052-1.685Z' fill='currentColor'\/><path d='m21.763 19.475-5.657 5.657' stroke='currentColor' stroke-width='2' stroke-linecap='round' fill='none'\/><\/svg>\t\t\t\t<\/a>\n\t\t\t\t\t\t\t\t\t\t\t<a class=\"post-share__dialog-item js-post-share-dialog-item\" href=\"https:\/\/www.linkedin.com\/sharing\/share-offsite\/?url=https%3A%2F%2Fd66.nl%2Fbrabant%2Fnieuws%2Fprovinciale-staten-steunen-vernieuwde-stikstofaanpak\" target=\"_blank\" >\n\t\t\t\t\tLinkedIn<svg xmlns='http:\/\/www.w3.org\/2000\/svg' width='40' height='40' viewBox='0 0 40 40' fill='none'><path d='M24.107 15.865a1 1 0 0 1 1.266 1.265l-1.686 5.052a1 1 0 0 1-1.654.392l-3.37-3.37a1.001 1.001 0 0 1 .392-1.654l5.052-1.685Z' fill='currentColor'\/><path d='m21.763 19.475-5.657 5.657' stroke='currentColor' stroke-width='2' stroke-linecap='round' fill='none'\/><\/svg>\t\t\t\t<\/a>\n\t\t\t\t\t\t\t\t\t\t\t<a class=\"post-share__dialog-item js-post-share-dialog-item\" href=\"https:\/\/www.facebook.com\/sharer\/sharer.php?u=https%3A%2F%2Fd66.nl%2Fbrabant%2Fnieuws%2Fprovinciale-staten-steunen-vernieuwde-stikstofaanpak\" target=\"_blank\" >\n\t\t\t\t\tFacebook<svg xmlns='http:\/\/www.w3.org\/2000\/svg' width='40' height='40' viewBox='0 0 40 40' fill='none'><path d='M24.107 15.865a1 1 0 0 1 1.266 1.265l-1.686 5.052a1 1 0 0 1-1.654.392l-3.37-3.37a1.001 1.001 0 0 1 .392-1.654l5.052-1.685Z' fill='currentColor'\/><path d='m21.763 19.475-5.657 5.657' stroke='currentColor' stroke-width='2' stroke-linecap='round' fill='none'\/><\/svg>\t\t\t\t<\/a>\n\t\t\t\t\t\t\t\t\t\t\t<a class=\"post-share__dialog-item js-post-share-dialog-item\" href=\"whatsapp:\/\/send?text=https%3A%2F%2Fd66.nl%2Fbrabant%2Fnieuws%2Fprovinciale-staten-steunen-vernieuwde-stikstofaanpak\" target=\"_blank\" >\n\t\t\t\t\tWhatsApp<svg xmlns='http:\/\/www.w3.org\/2000\/svg' width='40' height='40' viewBox='0 0 40 40' fill='none'><path d='M24.107 15.865a1 1 0 0 1 1.266 1.265l-1.686 5.052a1 1 0 0 1-1.654.392l-3.37-3.37a1.001 1.001 0 0 1 .392-1.654l5.052-1.685Z' fill='currentColor'\/><path d='m21.763 19.475-5.657 5.657' stroke='currentColor' stroke-width='2' stroke-linecap='round' fill='none'\/><\/svg>\t\t\t\t<\/a>\n\t\t\t\t\t\t\t\t\t\t\t<a class=\"post-share__dialog-item js-post-share-dialog-item\" href=\"https:\/\/x.com\/intent\/post?url=https%3A%2F%2Fd66.nl%2Fbrabant%2Fnieuws%2Fprovinciale-staten-steunen-vernieuwde-stikstofaanpak\" target=\"_blank\" >\n\t\t\t\t\tTwitter (X)<svg xmlns='http:\/\/www.w3.org\/2000\/svg' width='40' height='40' viewBox='0 0 40 40' fill='none'><path d='M24.107 15.865a1 1 0 0 1 1.266 1.265l-1.686 5.052a1 1 0 0 1-1.654.392l-3.37-3.37a1.001 1.001 0 0 1 .392-1.654l5.052-1.685Z' fill='currentColor'\/><path d='m21.763 19.475-5.657 5.657' stroke='currentColor' stroke-width='2' stroke-linecap='round' fill='none'\/><\/svg>\t\t\t\t<\/a>\n\t\t\t\t\t<\/div>\n\t<\/dialog>\n<\/div>\t\t\t<\/div>\n\t\t\t<div class=\"block-related-post-metadata__categories\">\n\t\t\t\t<div class=\"category-link__wrapper\">\n\t\t\t<div class=\"category-link__item\">\n\t\t\t<a href=\"https:\/\/d66.nl\/brabant\/category\/d66\/\">\n\t\t\t\tD66\t\t\t<\/a>\n\t\t<\/div>\n\t\t<\/div>\t\t\t<\/div>\n\t\t<\/div>\n\t<\/div>\n<\/section>\n\t  <\/div>\n\t<\/div>\n  <\/div>\n\n\n<div\n  id=\"\"\n  class=\"wrapper  wrapper__spacing-bottom-large--20 wrapper__spacing-bottom-desktop--10 wrapper__spacing-bottom-mobile--10  wrapper__gutter--none\"\n  >\n  \t<div class=\"wrapper__container wrapper__container-width-large--default\">\n\t  <div class=\"wrapper__inner wrapper__width-large--18 wrapper__width-desktop--22 wrapper__width-mobile--24 wrapper__offset-large--6 wrapper__offset-desktop--2 wrapper__offset-mobile--0\">\n\t\t<section class=\"block-post-content\">\n\t<div class=\"block-post-content__title\">\n\t\t<h3 class=\"heading  heading__color--black heading__size--medium heading__font--sans heading__weight--bold  block-post-content__heading\" id=\"nav-3883\" data-nav-heading-mobile=\"\">\n\t<\/h3>\t<\/div>\n\t<div class=\"block-post-content__content\">\n\t\t\n<div\n  id=\"\"\n  class=\"wrapper  wrapper__spacing-bottom-large--30 wrapper__spacing-bottom-desktop--20  wrapper__gutter--none\"\n  >\n  \t<div class=\"wrapper__container wrapper__container-width-large--default\">\n\t  <div class=\"wrapper__inner wrapper__width-large--24 wrapper__width-mobile--24\">\n\t\t<p\n\t\tclass=\"paragraph paragraph__align--left paragraph__color--black paragraph__size--default   block-paragraph__paragraph\"\n\t\t\t>\n\t\tVoor D66 is dit besluit een noodzakelijke stap om Brabant vooruit te helpen: richting gezonde natuur, een toekomstbestendige landbouw en een provincie waar boeren, bewoners en natuur naast elkaar kunnen bestaan.<br><br>De afgelopen weken stonden in het teken van verhitte discussies over stikstof, natuurherstel en de toekomst van de landbouw. Verschillende Statenleden werden zelfs thuis opgezocht door radicale boerenactiegroepen. Ondanks deze druk bleef de Statenvergadering doorgaan en werd het debat op een waardige manier gevoerd.\t<\/p>\t  <\/div>\n\t<\/div>\n  <\/div>\n\n\t<\/div>\n\n\t<div class=\"block-post-content__sidebar\">\n\t\t\n\t\t\n\t\t\t<\/div>\n<\/section>\n\t  <\/div>\n\t<\/div>\n  <\/div>\n\n\n<div\n  id=\"\"\n  class=\"wrapper  wrapper__spacing-bottom-large--20 wrapper__spacing-bottom-desktop--10 wrapper__spacing-bottom-mobile--10  wrapper__gutter--none\"\n  >\n  \t<div class=\"wrapper__container wrapper__container-width-large--default\">\n\t  <div class=\"wrapper__inner wrapper__width-large--18 wrapper__width-desktop--22 wrapper__width-mobile--24 wrapper__offset-large--6 wrapper__offset-desktop--2 wrapper__offset-mobile--0\">\n\t\t<section class=\"block-post-content\">\n\t<div class=\"block-post-content__title\">\n\t\t<h3 class=\"heading  heading__color--black heading__size--medium heading__font--sans heading__weight--bold  block-post-content__heading\" id=\"nav-john-f--kennedy8373\" data-nav-heading-mobile=\"John F. Kennedy\">\n\tJohn F. Kennedy<\/h3>\t<\/div>\n\t<div class=\"block-post-content__content\">\n\t\t\n<div\n  id=\"\"\n  class=\"wrapper  wrapper__spacing-bottom-large--30 wrapper__spacing-bottom-desktop--20  wrapper__gutter--none\"\n  >\n  \t<div class=\"wrapper__container wrapper__container-width-large--default\">\n\t  <div class=\"wrapper__inner wrapper__width-large--24 wrapper__width-mobile--24\">\n\t\t<p\n\t\tclass=\"paragraph paragraph__align--left paragraph__color--black paragraph__size--default   block-paragraph__paragraph\"\n\t\t\t>\n\t\tD66-fractievoorzitter Matthijs van Miltenburg benadrukte tijdens zijn bijdrage dat politiek bedrijven soms vraagt om moed en karakter. Hij verwees naar het boek <em>Profiles in Courage<\/em> van John F. Kennedy, waarin politici worden beschreven die hun overtuiging bleven volgen, ook wanneer dat moeilijk was.<br><br>Volgens Van Miltenburg is die houding vandaag de dag opnieuw nodig: \u201cDe problemen in de natuur \u00e9n in de landbouw zijn groot en de druk om daar iets aan te doen is hoog. Maar laten we deze problemen wel samen als \u00e9\u00e9n Brabant met elegantie \u00e9n oplossingsgericht tegemoet treden.\u201d\t<\/p>\t  <\/div>\n\t<\/div>\n  <\/div>\n\n\t<\/div>\n\n\t<div class=\"block-post-content__sidebar\">\n\t\t\n\t\t\n\t\t\t<\/div>\n<\/section>\n\t  <\/div>\n\t<\/div>\n  <\/div>\n\n\n<div\n  id=\"\"\n  class=\"wrapper  wrapper__spacing-bottom-large--20 wrapper__spacing-bottom-desktop--10 wrapper__spacing-bottom-mobile--10  wrapper__gutter--none\"\n  >\n  \t<div class=\"wrapper__container wrapper__container-width-large--default\">\n\t  <div class=\"wrapper__inner wrapper__width-large--18 wrapper__width-desktop--22 wrapper__width-mobile--24 wrapper__offset-large--6 wrapper__offset-desktop--2 wrapper__offset-mobile--0\">\n\t\t<section class=\"block-post-content\">\n\t<div class=\"block-post-content__title\">\n\t\t<h3 class=\"heading  heading__color--black heading__size--medium heading__font--sans heading__weight--bold  block-post-content__heading\" id=\"nav-steun-van-d66-brabant674\" data-nav-heading-mobile=\"Steun van D66 Brabant\">\n\tSteun van D66 Brabant<\/h3>\t<\/div>\n\t<div class=\"block-post-content__content\">\n\t\t\n<div\n  id=\"\"\n  class=\"wrapper  wrapper__spacing-bottom-large--30 wrapper__spacing-bottom-desktop--20  wrapper__gutter--none\"\n  >\n  \t<div class=\"wrapper__container wrapper__container-width-large--default\">\n\t  <div class=\"wrapper__inner wrapper__width-large--24 wrapper__width-mobile--24\">\n\t\t<p\n\t\tclass=\"paragraph paragraph__align--left paragraph__color--black paragraph__size--default   block-paragraph__paragraph\"\n\t\t\t>\n\t\tDe vernieuwde maatregelen richten zich op het terugdringen van stikstofuitstoot, het herstellen van kwetsbare natuurgebieden en het verbeteren van de leefomgeving. D66 ziet in het pakket een evenwichtige aanpak die zowel boeren als natuur perspectief biedt.<br><br>Een belangrijk onderdeel is de overstap van een vergunningsplicht naar een meldingsplicht voor bepaalde verduurzamingsmaatregelen. D66 vindt dit een verstandige keuze. Het verlaagt de administratieve druk voor boeren en maakt het eenvoudiger om daadwerkelijk stappen te zetten richting emissiereductie.<br><br>Van Miltenburg: \u201cWij hebben het vertrouwen dat deze juridische basis standhoudt. Het is goed dat we boeren niet onnodig belasten, maar juist helpen om te verduurzamen.\u201d\t<\/p>\t  <\/div>\n\t<\/div>\n  <\/div>\n\n\t<\/div>\n\n\t<div class=\"block-post-content__sidebar\">\n\t\t\n\t\t\n\t\t\t<\/div>\n<\/section>\n\t  <\/div>\n\t<\/div>\n  <\/div>\n\n\n<div\n  id=\"\"\n  class=\"wrapper  wrapper__spacing-bottom-large--20 wrapper__spacing-bottom-desktop--10 wrapper__spacing-bottom-mobile--10  wrapper__gutter--none\"\n  >\n  \t<div class=\"wrapper__container wrapper__container-width-large--default\">\n\t  <div class=\"wrapper__inner wrapper__width-large--18 wrapper__width-desktop--22 wrapper__width-mobile--24 wrapper__offset-large--6 wrapper__offset-desktop--2 wrapper__offset-mobile--0\">\n\t\t<section class=\"block-post-content\">\n\t<div class=\"block-post-content__title\">\n\t\t<h3 class=\"heading  heading__color--black heading__size--medium heading__font--sans heading__weight--bold  block-post-content__heading\" id=\"nav-meegroeiende-menukaart4095\" data-nav-heading-mobile=\"Meegroeiende menukaart\">\n\tMeegroeiende menukaart<\/h3>\t<\/div>\n\t<div class=\"block-post-content__content\">\n\t\t\n<div\n  id=\"\"\n  class=\"wrapper  wrapper__spacing-bottom-large--30 wrapper__spacing-bottom-desktop--20  wrapper__gutter--none\"\n  >\n  \t<div class=\"wrapper__container wrapper__container-width-large--default\">\n\t  <div class=\"wrapper__inner wrapper__width-large--24 wrapper__width-mobile--24\">\n\t\t<p\n\t\tclass=\"paragraph paragraph__align--left paragraph__color--black paragraph__size--default   block-paragraph__paragraph\"\n\t\t\t>\n\t\tDe zogeheten menukaart met emissiereducerende maatregelen wordt voortaan aangepast zodra nieuwe technieken zich aandienen. D66 vindt dat essentieel: innovatie moet worden beloond, niet afgeremd. Door deze flexibiliteit kunnen boeren blijven investeren in maatregelen die \u00e9cht werken, in plaats van vast te zitten aan verouderde regels.<br><br>D66 benadrukte in het debat dat jonge boeren vaak voor grote investeringen staan. D66 steunde daarom de motie van VVD en Lokaal Brabant om provinciale leningen beschikbaar te stellen voor verduurzaming. Volgens D66 is dit een manier om boeren perspectief te bieden \u00e9n de transitie eerlijker te maken.\t<\/p>\t  <\/div>\n\t<\/div>\n  <\/div>\n\n\n<div\n  id=\"\"\n  class=\"wrapper  wrapper__spacing-bottom-large--110 wrapper__spacing-bottom-desktop--60 wrapper__spacing-bottom-mobile--50  wrapper__gutter--none\"\n  >\n  \t<div class=\"wrapper__container wrapper__container-width-large--default\">\n\t  <div class=\"wrapper__inner wrapper__width-large--24 wrapper__width-mobile--24\">\n\t\t<section class=\"block-video\">\n\t<div\n\t\tclass=\"block-video__video-wrapper\"\n\t\tstyle=\"background-image: url('https:\/\/d66.nl\/brabant\/wp-content\/uploads\/sites\/406\/2024\/11\/20200623_VisitBrabant_Deurne_WillekeMachiels_HR_020_7536-scaled.jpg')\"\n\t>\n\t\t\t<\/div>\n\n\t\t\t<div class=\"block-video__caption-wrapper\">\n\t\t\t<div class=\"block-video__caption\">\n\t\t\t\t<p class=\"paragraph paragraph__align--left paragraph__color--black paragraph__size--small paragraph__weight--medium\">\n\t\tBeeld: D66\t<\/p>\t\t\t<\/div>\n\t\t<\/div>\n\t\n<\/section>\n\n\t  <\/div>\n\t<\/div>\n  <\/div>\n\n\t<\/div>\n\n\t<div class=\"block-post-content__sidebar\">\n\t\t\n\t\t\n\t\t\t<\/div>\n<\/section>\n\t  <\/div>\n\t<\/div>\n  <\/div>\n\n\n<div\n  id=\"\"\n  class=\"wrapper  wrapper__spacing-bottom-large--20 wrapper__spacing-bottom-desktop--10 wrapper__spacing-bottom-mobile--10  wrapper__gutter--none\"\n  >\n  \t<div class=\"wrapper__container wrapper__container-width-large--default\">\n\t  <div class=\"wrapper__inner wrapper__width-large--18 wrapper__width-desktop--22 wrapper__width-mobile--24 wrapper__offset-large--6 wrapper__offset-desktop--2 wrapper__offset-mobile--0\">\n\t\t<section class=\"block-post-content\">\n\t<div class=\"block-post-content__title\">\n\t\t<h3 class=\"heading  heading__color--black heading__size--medium heading__font--sans heading__weight--bold  block-post-content__heading\" id=\"nav-de-gebruiker-betaalt4246\" data-nav-heading-mobile=\"De gebruiker betaalt\">\n\tDe gebruiker betaalt<\/h3>\t<\/div>\n\t<div class=\"block-post-content__content\">\n\t\t\n<div\n  id=\"\"\n  class=\"wrapper  wrapper__spacing-bottom-large--30 wrapper__spacing-bottom-desktop--20  wrapper__gutter--none\"\n  >\n  \t<div class=\"wrapper__container wrapper__container-width-large--default\">\n\t  <div class=\"wrapper__inner wrapper__width-large--24 wrapper__width-mobile--24\">\n\t\t<p\n\t\tclass=\"paragraph paragraph__align--left paragraph__color--black paragraph__size--default   block-paragraph__paragraph\"\n\t\t\t>\n\t\tNaast stikstof stond ook het grondwaterbeleid op de agenda. Brabant kampt al jaren met dalende grondwaterstanden en toenemende druk op de drinkwatervoorraad. D66 steunt de wijziging van de Omgevingsverordening die waterschappen verplicht om gegevens over grondwateronttrekking te registreren en door te geven. Grote gebruikers gaan bovendien meer betalen.<br>Van Miltenburg: \u201cWe moeten zeer zorgzaam omgaan met onze kostbare drinkwatervoorraad. Het is niet meer dan logisch dat grote onttrekkers een eerlijke bijdrage leveren.\u201d\t<\/p>\t  <\/div>\n\t<\/div>\n  <\/div>\n\n\t<\/div>\n\n\t<div class=\"block-post-content__sidebar\">\n\t\t\n\t\t\n\t\t\t<\/div>\n<\/section>\n\t  <\/div>\n\t<\/div>\n  <\/div>\n\n\n<div\n  id=\"\"\n  class=\"wrapper  wrapper__spacing-bottom-large--20 wrapper__spacing-bottom-desktop--10 wrapper__spacing-bottom-mobile--10  wrapper__gutter--none\"\n  >\n  \t<div class=\"wrapper__container wrapper__container-width-large--default\">\n\t  <div class=\"wrapper__inner wrapper__width-large--18 wrapper__width-desktop--22 wrapper__width-mobile--24 wrapper__offset-large--6 wrapper__offset-desktop--2 wrapper__offset-mobile--0\">\n\t\t<section class=\"block-post-content\">\n\t<div class=\"block-post-content__title\">\n\t\t<h3 class=\"heading  heading__color--black heading__size--medium heading__font--sans heading__weight--bold  block-post-content__heading\" id=\"nav-brabant-wil-vooruit6275\" data-nav-heading-mobile=\"Brabant wil vooruit\">\n\tBrabant wil vooruit<\/h3>\t<\/div>\n\t<div class=\"block-post-content__content\">\n\t\t\n<div\n  id=\"\"\n  class=\"wrapper  wrapper__spacing-bottom-large--30 wrapper__spacing-bottom-desktop--20  wrapper__gutter--none\"\n  >\n  \t<div class=\"wrapper__container wrapper__container-width-large--default\">\n\t  <div class=\"wrapper__inner wrapper__width-large--24 wrapper__width-mobile--24\">\n\t\t<p\n\t\tclass=\"paragraph paragraph__align--left paragraph__color--black paragraph__size--default   block-paragraph__paragraph\"\n\t\t\t>\n\t\tDe stemming in de Staten laat zien dat er in Brabant een meerderheid is die verantwoordelijkheid wil nemen voor natuurherstel en een toekomstbestendige landbouw. De vernieuwde maatregelen zijn met een duidelijke meerderheid aangenomen. Voor D66 is dit een belangrijk signaal: Brabant kiest voor samenwerking, voor realisme en voor vooruitgang.<br><br>Van Miltenburg sloot zijn bijdrage af met een oproep om de grote uitdagingen niet te benaderen vanuit tegenstellingen, maar vanuit verbinding: \u201cBrabantse boeren hebben al eeuwenlang laten zien over een bijzondere veerkracht te beschikken. De uitdagingen van vandaag vragen meer dan ooit om samenwerking. Ook als er knopen moeten worden doorgehakt die bijzonder pijnlijk zijn.\u201d<br><br>D66 blijft zich inzetten voor een provincie waar natuur, landbouw en leefbaarheid hand in hand gaan. Het besluit van deze week is volgens de fractie een belangrijke stap in die richting.\t<\/p>\t  <\/div>\n\t<\/div>\n  <\/div>\n\n\t<\/div>\n\n\t<div class=\"block-post-content__sidebar\">\n\t\t\n\t\t\n\t\t\t<\/div>\n<\/section>\n\t  <\/div>\n\t<\/div>\n  <\/div>\n\n\n<div\n  id=\"\"\n  class=\"wrapper  wrapper__spacing-bottom-large--20 wrapper__spacing-bottom-desktop--10 wrapper__spacing-bottom-mobile--10  wrapper__gutter--none\"\n  >\n  \t<div class=\"wrapper__container wrapper__container-width-large--default\">\n\t  <div class=\"wrapper__inner wrapper__width-large--18 wrapper__width-desktop--22 wrapper__width-mobile--24 wrapper__offset-large--6 wrapper__offset-desktop--2 wrapper__offset-mobile--0\">\n\t\t<section class=\"block-post-content\">\n\t<div class=\"block-post-content__title\">\n\t\t<h3 class=\"heading  heading__color--black heading__size--medium heading__font--sans heading__weight--bold  block-post-content__heading\" id=\"nav-1640\" data-nav-heading-mobile=\"\">\n\t<\/h3>\t<\/div>\n\t<div class=\"block-post-content__content\">\n\t\t\n<div\n  id=\"\"\n  class=\"wrapper  wrapper__spacing-bottom-large--30 wrapper__spacing-bottom-desktop--20  wrapper__gutter--none\"\n  >\n  \t<div class=\"wrapper__container wrapper__container-width-large--default\">\n\t  <div class=\"wrapper__inner wrapper__width-large--24 wrapper__width-mobile--24\">\n\t\t<p\n\t\tclass=\"paragraph paragraph__align--left paragraph__color--black paragraph__size--default   block-paragraph__paragraph\"\n\t\t\t>\n\t\t\t<\/p>\t  <\/div>\n\t<\/div>\n  <\/div>\n\n\t<\/div>\n\n\t<div class=\"block-post-content__sidebar\">\n\t\t\n\t\t\n\t\t\t<\/div>\n<\/section>\n\t  <\/div>\n\t<\/div>\n  <\/div>\n","protected":false},"excerpt":{"rendered":"","protected":false},"author":719,"featured_media":2219,"comment_status":"open","ping_status":"open","sticky":false,"template":"","format":"standard","meta":{"_acf_changed":false,"footnotes":""},"categories":[1],"labels":[],"search-tags":[],"class_list":["post-2924","post","type-post","status-publish","format-standard","has-post-thumbnail","hentry","category-d66"],"acf":[],"yoast_head":"<!-- This site is optimized with the Yoast SEO plugin v27.3 - https:\/\/yoast.com\/product\/yoast-seo-wordpress\/ -->\n<title>D66 Brabant &#8212; Provinciale Staten steunen vernieuwde stikstofaanpak<\/title>\n<meta name=\"robots\" content=\"index, follow, max-snippet:-1, max-image-preview:large, max-video-preview:-1\" \/>\n<link rel=\"canonical\" href=\"https:\/\/d66.nl\/brabant\/nieuws\/provinciale-staten-steunen-vernieuwde-stikstofaanpak\" \/>\n<meta property=\"og:locale\" content=\"nl_NL\" \/>\n<meta property=\"og:type\" content=\"article\" \/>\n<meta property=\"og:title\" content=\"D66 Brabant &#8212; Provinciale Staten steunen vernieuwde stikstofaanpak\" \/>\n<meta property=\"og:url\" content=\"https:\/\/d66.nl\/brabant\/nieuws\/provinciale-staten-steunen-vernieuwde-stikstofaanpak\/\" \/>\n<meta property=\"og:site_name\" content=\"D66 Brabant\" \/>\n<meta property=\"article:published_time\" content=\"2026-01-07T23:06:47+00:00\" \/>\n<meta property=\"article:modified_time\" content=\"2026-01-07T23:08:15+00:00\" \/>\n<meta property=\"og:image\" content=\"https:\/\/d66.nl\/brabant\/wp-content\/uploads\/sites\/406\/2023\/10\/WhatsApp-Image-2023-09-22-at-11.21.30.jpeg\" \/>\n\t<meta property=\"og:image:width\" content=\"2016\" \/>\n\t<meta property=\"og:image:height\" content=\"1512\" \/>\n\t<meta property=\"og:image:type\" content=\"image\/jpeg\" \/>\n<meta name=\"author\" content=\"fons\" \/>\n<meta name=\"twitter:card\" content=\"summary_large_image\" \/>\n<meta name=\"twitter:label1\" content=\"Geschreven door\" \/>\n\t<meta name=\"twitter:data1\" content=\"fons\" \/>\n\t<meta name=\"twitter:label2\" content=\"Geschatte leestijd\" \/>\n\t<meta name=\"twitter:data2\" content=\"1 minuut\" \/>\n<script type=\"application\/ld+json\" class=\"yoast-schema-graph\">{\"@context\":\"https:\\\/\\\/schema.org\",\"@graph\":[{\"@type\":\"Article\",\"@id\":\"https:\\\/\\\/d66.nl\\\/brabant\\\/nieuws\\\/provinciale-staten-steunen-vernieuwde-stikstofaanpak\\\/#article\",\"isPartOf\":{\"@id\":\"https:\\\/\\\/d66.nl\\\/brabant\\\/nieuws\\\/provinciale-staten-steunen-vernieuwde-stikstofaanpak\\\/\"},\"author\":{\"name\":\"fons\",\"@id\":\"https:\\\/\\\/d66.nl\\\/brabant\\\/#\\\/schema\\\/person\\\/4eeaf4d00ddd4894b2e6e45c73a7b78e\"},\"headline\":\"Provinciale Staten steunen vernieuwde stikstofaanpak\",\"datePublished\":\"2026-01-07T23:06:47+00:00\",\"dateModified\":\"2026-01-07T23:08:15+00:00\",\"mainEntityOfPage\":{\"@id\":\"https:\\\/\\\/d66.nl\\\/brabant\\\/nieuws\\\/provinciale-staten-steunen-vernieuwde-stikstofaanpak\\\/\"},\"wordCount\":5,\"commentCount\":0,\"publisher\":{\"@id\":\"https:\\\/\\\/d66.nl\\\/brabant\\\/#organization\"},\"image\":{\"@id\":\"https:\\\/\\\/d66.nl\\\/brabant\\\/nieuws\\\/provinciale-staten-steunen-vernieuwde-stikstofaanpak\\\/#primaryimage\"},\"thumbnailUrl\":\"https:\\\/\\\/d66.nl\\\/brabant\\\/wp-content\\\/uploads\\\/sites\\\/406\\\/2023\\\/10\\\/WhatsApp-Image-2023-09-22-at-11.21.30.jpeg\",\"articleSection\":[\"D66\"],\"inLanguage\":\"nl-NL\",\"potentialAction\":[{\"@type\":\"CommentAction\",\"name\":\"Comment\",\"target\":[\"https:\\\/\\\/d66.nl\\\/brabant\\\/nieuws\\\/provinciale-staten-steunen-vernieuwde-stikstofaanpak\\\/#respond\"]}]},{\"@type\":\"WebPage\",\"@id\":\"https:\\\/\\\/d66.nl\\\/brabant\\\/nieuws\\\/provinciale-staten-steunen-vernieuwde-stikstofaanpak\\\/\",\"url\":\"https:\\\/\\\/d66.nl\\\/brabant\\\/nieuws\\\/provinciale-staten-steunen-vernieuwde-stikstofaanpak\\\/\",\"name\":\"D66 Brabant &#8212; Provinciale Staten steunen vernieuwde stikstofaanpak\",\"isPartOf\":{\"@id\":\"https:\\\/\\\/d66.nl\\\/brabant\\\/#website\"},\"primaryImageOfPage\":{\"@id\":\"https:\\\/\\\/d66.nl\\\/brabant\\\/nieuws\\\/provinciale-staten-steunen-vernieuwde-stikstofaanpak\\\/#primaryimage\"},\"image\":{\"@id\":\"https:\\\/\\\/d66.nl\\\/brabant\\\/nieuws\\\/provinciale-staten-steunen-vernieuwde-stikstofaanpak\\\/#primaryimage\"},\"thumbnailUrl\":\"https:\\\/\\\/d66.nl\\\/brabant\\\/wp-content\\\/uploads\\\/sites\\\/406\\\/2023\\\/10\\\/WhatsApp-Image-2023-09-22-at-11.21.30.jpeg\",\"datePublished\":\"2026-01-07T23:06:47+00:00\",\"dateModified\":\"2026-01-07T23:08:15+00:00\",\"breadcrumb\":{\"@id\":\"https:\\\/\\\/d66.nl\\\/brabant\\\/nieuws\\\/provinciale-staten-steunen-vernieuwde-stikstofaanpak\\\/#breadcrumb\"},\"inLanguage\":\"nl-NL\",\"potentialAction\":[{\"@type\":\"ReadAction\",\"target\":[\"https:\\\/\\\/d66.nl\\\/brabant\\\/nieuws\\\/provinciale-staten-steunen-vernieuwde-stikstofaanpak\\\/\"]}]},{\"@type\":\"ImageObject\",\"inLanguage\":\"nl-NL\",\"@id\":\"https:\\\/\\\/d66.nl\\\/brabant\\\/nieuws\\\/provinciale-staten-steunen-vernieuwde-stikstofaanpak\\\/#primaryimage\",\"url\":\"https:\\\/\\\/d66.nl\\\/brabant\\\/wp-content\\\/uploads\\\/sites\\\/406\\\/2023\\\/10\\\/WhatsApp-Image-2023-09-22-at-11.21.30.jpeg\",\"contentUrl\":\"https:\\\/\\\/d66.nl\\\/brabant\\\/wp-content\\\/uploads\\\/sites\\\/406\\\/2023\\\/10\\\/WhatsApp-Image-2023-09-22-at-11.21.30.jpeg\",\"width\":2016,\"height\":1512},{\"@type\":\"BreadcrumbList\",\"@id\":\"https:\\\/\\\/d66.nl\\\/brabant\\\/nieuws\\\/provinciale-staten-steunen-vernieuwde-stikstofaanpak\\\/#breadcrumb\",\"itemListElement\":[{\"@type\":\"ListItem\",\"position\":1,\"name\":\"Home\",\"item\":\"https:\\\/\\\/d66.nl\\\/brabant\\\/\"},{\"@type\":\"ListItem\",\"position\":2,\"name\":\"Nieuws\",\"item\":\"https:\\\/\\\/d66.nl\\\/brabant\\\/nieuws\\\/\"},{\"@type\":\"ListItem\",\"position\":3,\"name\":\"Provinciale Staten steunen vernieuwde stikstofaanpak\"}]},{\"@type\":\"WebSite\",\"@id\":\"https:\\\/\\\/d66.nl\\\/brabant\\\/#website\",\"url\":\"https:\\\/\\\/d66.nl\\\/brabant\\\/\",\"name\":\"D66 Brabant\",\"description\":\"Stop stilstand. Stem vooruit.\",\"publisher\":{\"@id\":\"https:\\\/\\\/d66.nl\\\/brabant\\\/#organization\"},\"potentialAction\":[{\"@type\":\"SearchAction\",\"target\":{\"@type\":\"EntryPoint\",\"urlTemplate\":\"https:\\\/\\\/d66.nl\\\/brabant\\\/?s={search_term_string}\"},\"query-input\":{\"@type\":\"PropertyValueSpecification\",\"valueRequired\":true,\"valueName\":\"search_term_string\"}}],\"inLanguage\":\"nl-NL\"},{\"@type\":\"Organization\",\"@id\":\"https:\\\/\\\/d66.nl\\\/brabant\\\/#organization\",\"name\":\"D66\",\"url\":\"https:\\\/\\\/d66.nl\\\/brabant\\\/\",\"logo\":{\"@type\":\"ImageObject\",\"inLanguage\":\"nl-NL\",\"@id\":\"https:\\\/\\\/d66.nl\\\/brabant\\\/#\\\/schema\\\/logo\\\/image\\\/\",\"url\":\"https:\\\/\\\/d66.nl\\\/brabant\\\/wp-content\\\/uploads\\\/sites\\\/2\\\/2021\\\/10\\\/d66-themas-algemeen-og.png\",\"contentUrl\":\"https:\\\/\\\/d66.nl\\\/brabant\\\/wp-content\\\/uploads\\\/sites\\\/2\\\/2021\\\/10\\\/d66-themas-algemeen-og.png\",\"width\":1200,\"height\":628,\"caption\":\"D66\"},\"image\":{\"@id\":\"https:\\\/\\\/d66.nl\\\/brabant\\\/#\\\/schema\\\/logo\\\/image\\\/\"}},{\"@type\":\"Person\",\"@id\":\"https:\\\/\\\/d66.nl\\\/brabant\\\/#\\\/schema\\\/person\\\/4eeaf4d00ddd4894b2e6e45c73a7b78e\",\"name\":\"fons\",\"image\":{\"@type\":\"ImageObject\",\"inLanguage\":\"nl-NL\",\"@id\":\"https:\\\/\\\/secure.gravatar.com\\\/avatar\\\/6ccf10723d55e2efff7e37783ce6af151f014fdd936c404d839ce0389fdd937e?s=96&d=mm&r=g\",\"url\":\"https:\\\/\\\/secure.gravatar.com\\\/avatar\\\/6ccf10723d55e2efff7e37783ce6af151f014fdd936c404d839ce0389fdd937e?s=96&d=mm&r=g\",\"contentUrl\":\"https:\\\/\\\/secure.gravatar.com\\\/avatar\\\/6ccf10723d55e2efff7e37783ce6af151f014fdd936c404d839ce0389fdd937e?s=96&d=mm&r=g\",\"caption\":\"fons\"}}]}<\/script>\n<!-- \/ Yoast SEO plugin. -->","yoast_head_json":{"title":"D66 Brabant &#8212; Provinciale Staten steunen vernieuwde stikstofaanpak","robots":{"index":"index","follow":"follow","max-snippet":"max-snippet:-1","max-image-preview":"max-image-preview:large","max-video-preview":"max-video-preview:-1"},"canonical":"https:\/\/d66.nl\/brabant\/nieuws\/provinciale-staten-steunen-vernieuwde-stikstofaanpak","og_locale":"nl_NL","og_type":"article","og_title":"D66 Brabant &#8212; Provinciale Staten steunen vernieuwde stikstofaanpak","og_url":"https:\/\/d66.nl\/brabant\/nieuws\/provinciale-staten-steunen-vernieuwde-stikstofaanpak\/","og_site_name":"D66 Brabant","article_published_time":"2026-01-07T23:06:47+00:00","article_modified_time":"2026-01-07T23:08:15+00:00","og_image":[{"width":2016,"height":1512,"url":"https:\/\/d66.nl\/brabant\/wp-content\/uploads\/sites\/406\/2023\/10\/WhatsApp-Image-2023-09-22-at-11.21.30.jpeg","type":"image\/jpeg"}],"author":"fons","twitter_card":"summary_large_image","twitter_misc":{"Geschreven door":"fons","Geschatte leestijd":"1 minuut"},"schema":{"@context":"https:\/\/schema.org","@graph":[{"@type":"Article","@id":"https:\/\/d66.nl\/brabant\/nieuws\/provinciale-staten-steunen-vernieuwde-stikstofaanpak\/#article","isPartOf":{"@id":"https:\/\/d66.nl\/brabant\/nieuws\/provinciale-staten-steunen-vernieuwde-stikstofaanpak\/"},"author":{"name":"fons","@id":"https:\/\/d66.nl\/brabant\/#\/schema\/person\/4eeaf4d00ddd4894b2e6e45c73a7b78e"},"headline":"Provinciale Staten steunen vernieuwde stikstofaanpak","datePublished":"2026-01-07T23:06:47+00:00","dateModified":"2026-01-07T23:08:15+00:00","mainEntityOfPage":{"@id":"https:\/\/d66.nl\/brabant\/nieuws\/provinciale-staten-steunen-vernieuwde-stikstofaanpak\/"},"wordCount":5,"commentCount":0,"publisher":{"@id":"https:\/\/d66.nl\/brabant\/#organization"},"image":{"@id":"https:\/\/d66.nl\/brabant\/nieuws\/provinciale-staten-steunen-vernieuwde-stikstofaanpak\/#primaryimage"},"thumbnailUrl":"https:\/\/d66.nl\/brabant\/wp-content\/uploads\/sites\/406\/2023\/10\/WhatsApp-Image-2023-09-22-at-11.21.30.jpeg","articleSection":["D66"],"inLanguage":"nl-NL","potentialAction":[{"@type":"CommentAction","name":"Comment","target":["https:\/\/d66.nl\/brabant\/nieuws\/provinciale-staten-steunen-vernieuwde-stikstofaanpak\/#respond"]}]},{"@type":"WebPage","@id":"https:\/\/d66.nl\/brabant\/nieuws\/provinciale-staten-steunen-vernieuwde-stikstofaanpak\/","url":"https:\/\/d66.nl\/brabant\/nieuws\/provinciale-staten-steunen-vernieuwde-stikstofaanpak\/","name":"D66 Brabant &#8212; Provinciale Staten steunen vernieuwde stikstofaanpak","isPartOf":{"@id":"https:\/\/d66.nl\/brabant\/#website"},"primaryImageOfPage":{"@id":"https:\/\/d66.nl\/brabant\/nieuws\/provinciale-staten-steunen-vernieuwde-stikstofaanpak\/#primaryimage"},"image":{"@id":"https:\/\/d66.nl\/brabant\/nieuws\/provinciale-staten-steunen-vernieuwde-stikstofaanpak\/#primaryimage"},"thumbnailUrl":"https:\/\/d66.nl\/brabant\/wp-content\/uploads\/sites\/406\/2023\/10\/WhatsApp-Image-2023-09-22-at-11.21.30.jpeg","datePublished":"2026-01-07T23:06:47+00:00","dateModified":"2026-01-07T23:08:15+00:00","breadcrumb":{"@id":"https:\/\/d66.nl\/brabant\/nieuws\/provinciale-staten-steunen-vernieuwde-stikstofaanpak\/#breadcrumb"},"inLanguage":"nl-NL","potentialAction":[{"@type":"ReadAction","target":["https:\/\/d66.nl\/brabant\/nieuws\/provinciale-staten-steunen-vernieuwde-stikstofaanpak\/"]}]},{"@type":"ImageObject","inLanguage":"nl-NL","@id":"https:\/\/d66.nl\/brabant\/nieuws\/provinciale-staten-steunen-vernieuwde-stikstofaanpak\/#primaryimage","url":"https:\/\/d66.nl\/brabant\/wp-content\/uploads\/sites\/406\/2023\/10\/WhatsApp-Image-2023-09-22-at-11.21.30.jpeg","contentUrl":"https:\/\/d66.nl\/brabant\/wp-content\/uploads\/sites\/406\/2023\/10\/WhatsApp-Image-2023-09-22-at-11.21.30.jpeg","width":2016,"height":1512},{"@type":"BreadcrumbList","@id":"https:\/\/d66.nl\/brabant\/nieuws\/provinciale-staten-steunen-vernieuwde-stikstofaanpak\/#breadcrumb","itemListElement":[{"@type":"ListItem","position":1,"name":"Home","item":"https:\/\/d66.nl\/brabant\/"},{"@type":"ListItem","position":2,"name":"Nieuws","item":"https:\/\/d66.nl\/brabant\/nieuws\/"},{"@type":"ListItem","position":3,"name":"Provinciale Staten steunen vernieuwde stikstofaanpak"}]},{"@type":"WebSite","@id":"https:\/\/d66.nl\/brabant\/#website","url":"https:\/\/d66.nl\/brabant\/","name":"D66 Brabant","description":"Stop stilstand. Stem vooruit.","publisher":{"@id":"https:\/\/d66.nl\/brabant\/#organization"},"potentialAction":[{"@type":"SearchAction","target":{"@type":"EntryPoint","urlTemplate":"https:\/\/d66.nl\/brabant\/?s={search_term_string}"},"query-input":{"@type":"PropertyValueSpecification","valueRequired":true,"valueName":"search_term_string"}}],"inLanguage":"nl-NL"},{"@type":"Organization","@id":"https:\/\/d66.nl\/brabant\/#organization","name":"D66","url":"https:\/\/d66.nl\/brabant\/","logo":{"@type":"ImageObject","inLanguage":"nl-NL","@id":"https:\/\/d66.nl\/brabant\/#\/schema\/logo\/image\/","url":"https:\/\/d66.nl\/brabant\/wp-content\/uploads\/sites\/2\/2021\/10\/d66-themas-algemeen-og.png","contentUrl":"https:\/\/d66.nl\/brabant\/wp-content\/uploads\/sites\/2\/2021\/10\/d66-themas-algemeen-og.png","width":1200,"height":628,"caption":"D66"},"image":{"@id":"https:\/\/d66.nl\/brabant\/#\/schema\/logo\/image\/"}},{"@type":"Person","@id":"https:\/\/d66.nl\/brabant\/#\/schema\/person\/4eeaf4d00ddd4894b2e6e45c73a7b78e","name":"fons","image":{"@type":"ImageObject","inLanguage":"nl-NL","@id":"https:\/\/secure.gravatar.com\/avatar\/6ccf10723d55e2efff7e37783ce6af151f014fdd936c404d839ce0389fdd937e?s=96&d=mm&r=g","url":"https:\/\/secure.gravatar.com\/avatar\/6ccf10723d55e2efff7e37783ce6af151f014fdd936c404d839ce0389fdd937e?s=96&d=mm&r=g","contentUrl":"https:\/\/secure.gravatar.com\/avatar\/6ccf10723d55e2efff7e37783ce6af151f014fdd936c404d839ce0389fdd937e?s=96&d=mm&r=g","caption":"fons"}}]}},"_links":{"self":[{"href":"https:\/\/d66.nl\/brabant\/wp-json\/wp\/v2\/posts\/2924","targetHints":{"allow":["GET"]}}],"collection":[{"href":"https:\/\/d66.nl\/brabant\/wp-json\/wp\/v2\/posts"}],"about":[{"href":"https:\/\/d66.nl\/brabant\/wp-json\/wp\/v2\/types\/post"}],"author":[{"embeddable":true,"href":"https:\/\/d66.nl\/brabant\/wp-json\/wp\/v2\/users\/719"}],"replies":[{"embeddable":true,"href":"https:\/\/d66.nl\/brabant\/wp-json\/wp\/v2\/comments?post=2924"}],"version-history":[{"count":4,"href":"https:\/\/d66.nl\/brabant\/wp-json\/wp\/v2\/posts\/2924\/revisions"}],"predecessor-version":[{"id":2928,"href":"https:\/\/d66.nl\/brabant\/wp-json\/wp\/v2\/posts\/2924\/revisions\/2928"}],"wp:featuredmedia":[{"embeddable":true,"href":"https:\/\/d66.nl\/brabant\/wp-json\/wp\/v2\/media\/2219"}],"wp:attachment":[{"href":"https:\/\/d66.nl\/brabant\/wp-json\/wp\/v2\/media?parent=2924"}],"wp:term":[{"taxonomy":"category","embeddable":true,"href":"https:\/\/d66.nl\/brabant\/wp-json\/wp\/v2\/categories?post=2924"},{"taxonomy":"labels","embeddable":true,"href":"https:\/\/d66.nl\/brabant\/wp-json\/wp\/v2\/labels?post=2924"},{"taxonomy":"search-tags","embeddable":true,"href":"https:\/\/d66.nl\/brabant\/wp-json\/wp\/v2\/search-tags?post=2924"}],"curies":[{"name":"wp","href":"https:\/\/api.w.org\/{rel}","templated":true}]}}