{"id":1623,"date":"2026-04-13T14:51:21","date_gmt":"2026-04-13T14:51:21","guid":{"rendered":"https:\/\/d66.nl\/beverwijk\/nieuws\/"},"modified":"2026-04-13T15:10:55","modified_gmt":"2026-04-13T15:10:55","slug":"constructief-verder-in-het-formatieproces","status":"publish","type":"post","link":"https:\/\/d66.nl\/beverwijk\/nieuws\/constructief-verder-in-het-formatieproces","title":{"rendered":"Persbericht: Constructief verder in het formatieproces"},"content":{"rendered":"<div\n  id=\"\"\n  class=\"wrapper  wrapper__spacing-bottom-large--30 wrapper__spacing-bottom-desktop--20 wrapper__spacing-bottom-mobile--20  wrapper__gutter--none\"\n  >\n  \t<div class=\"wrapper__container wrapper__container-width-large--default\">\n\t  <div class=\"wrapper__inner wrapper__width-large--14 wrapper__width-desktop--20 wrapper__width-mobile--24 wrapper__offset-large--6 wrapper__offset-desktop--2 wrapper__offset-mobile--0\">\n\t\t<h1 class=\"heading   heading__size--giant heading__font--serif heading__weight--regular  block-heading__heading\" id=\"nav--strong-persbericht--constructief-verder-in-het-formatieproces--strong-4642\"  data-nav-heading-mobile=\"Persbericht: Constructief verder in het formatieproces\" >\n\t<strong>Persbericht: Constructief verder in het formatieproces<\/strong><\/h1>\t  <\/div>\n\t<\/div>\n  <\/div>\n\n\n<div\n  id=\"\"\n  class=\"wrapper  wrapper__spacing-bottom-large--20 wrapper__spacing-bottom-desktop--10 wrapper__spacing-bottom-mobile--10  wrapper__gutter--none\"\n  >\n  \t<div class=\"wrapper__container wrapper__container-width-large--default\">\n\t  <div class=\"wrapper__inner wrapper__width-large--13 wrapper__width-desktop--20 wrapper__width-mobile--24 wrapper__offset-large--6 wrapper__offset-desktop--2 wrapper__offset-mobile--0\">\n\t\t<p\n\t\tclass=\"paragraph   paragraph__size--big   block-paragraph__paragraph\"\n\t\t\t>\n\t\tD66 Beverwijk is allereerst dankbaar voor het vertrouwen dat de kiezer in haar heeft gesteld en heeft de gesprekken tijdens de eerste ronde in het informatieproces met informateur mevrouw M.J.P. van Kampen als zeer prettig ervaren.\u00a0<br>\u00a0<br><strong>Inzet D66 gesprek informateur<\/strong><br>De\u00a0gemeente heeft een stabiele coalitie met een ruime meerderheid in de raad nodig die de zorgen in onze samenleving in de breedte adresseert. Dat is belangrijk voor onze inwoners. Wij hebben daarom bij de informateur aangegeven dat wij hopen dat tijdens de gesprekken alle partijen steeds gaan voor inhoud, geen muren optrekken maar bruggen bouwen en oog hebben voor elkaars overeenkomsten.<br>\u00a0<br>De twee grootste partijen Samen Lokaal Beverwijk (SLB) en Vrij!, hebben bijna de helft van de zetels in de raad heeft gekregen. Dit mandaat van de kiezer geeft hen een grote verantwoordelijkheid. Om recht te doen aan die uitslag heeft D66 er bij de informateur op aangedrongen dat deze partijen met elkaar een verkennend gesprek zouden voeren. En, mochten deze partijen niet nader tot elkaar komen, de fractie graag verdere gesprekken zouden willen voeren met SLB, VVD en PRO.<br>\u00a0<br><strong>Tweede gesprek met informateur<\/strong><br>Op initiatief en onder leiding van de informateur is er door ons een tweede gesprek samen met de VVD gevoerd. Dit gesprek was inhoudelijk zeer constructief. Daarin werd echter wel duidelijk dat de voorkeursvariant van de VVD met Vrij! is. Bovendien werden wij d\u00e1\u00e1r door de informateur ge\u00efnformeerd over het feit dat PRO, SLB uitsluit. Hierdoor was er geen mogelijkheid meer voor onze voorkeursvariant. Dit betekent dat, in overeenstemming met het advies van de informateur, D66 er voor openstaat vervolggesprekken met Vrij!, VVD en Pro in te gaan.\u00a0<br>\u00a0<br><strong>Jacqueline Makbouli, fractievoorzitter D66 Beverwijk:<\/strong><br><em>\u201cIn de vervolggesprekken kunnen we met elkaar zien wat ons bindt en waar we het verschil kunnen maken om Beverwijk en Wijk aan Zee nog sterker te maken.\u201d<\/em><br>\u00a0<br><strong>Bespreking verslag informateur in de raad<\/strong><br>Het eindverslag wordt aanstaande donderdag 16 april om 19.30 uur besproken in de openbare raadsvergadering in de raadszaal van het gemeentehuis van Beverwijk. Dit debat is live te volgen in het gemeentehuis van Beverwijk, of online via\u00a0<a href=\"https:\/\/beverwijk.raadsinformatie.nl\/\">https:\/\/beverwijk.raadsinformatie.nl<\/a>\t<\/p>\t  <\/div>\n\t<\/div>\n  <\/div>\n\n\n<div\n  id=\"\"\n  class=\"wrapper  wrapper__spacing-bottom-large--30 wrapper__spacing-bottom-desktop--20  wrapper__gutter--none\"\n  >\n  \t<div class=\"wrapper__container wrapper__container-width-large--default\">\n\t  <div class=\"wrapper__inner wrapper__width-large--10 wrapper__width-desktop--22 wrapper__width-mobile--24 wrapper__offset-large--6 wrapper__offset-desktop--2 wrapper__offset-mobile--0\">\n\t\t<p\n\t\tclass=\"paragraph paragraph__align--left paragraph__color--black paragraph__size--default   block-paragraph__paragraph\"\n\t\t\t>\n\t\t<strong>Noot voor de redactie, niet ter publicatie<\/strong>:<br><br>Voor meer informatie kunt u contact opnemen met:<br>Jacqueline Makbouli, fractievoorzitter Beverwijk<br><a href=\"mailto:fractie@D66beverwijk.nl\">fractie@D66beverwijk.nl<\/a>\u00a0\/ 0624749594\t<\/p>\t  <\/div>\n\t<\/div>\n  <\/div>\n\n\n<div\n  id=\"\"\n  class=\"wrapper wrapper__spacing-top-large--30 wrapper__spacing-top-desktop--10 wrapper__spacing-top-mobile--10 wrapper__spacing-bottom-large--30 wrapper__spacing-bottom-desktop--10 wrapper__spacing-bottom-mobile--10  wrapper__gutter--none\"\n  >\n  \t<div class=\"wrapper__container wrapper__container-width-large--default\">\n\t  <div class=\"wrapper__inner wrapper__width-large--24 wrapper__width-mobile--24\">\n\t\t<section class=\"block-video\">\n\t<div\n\t\tclass=\"block-video__video-wrapper\"\n\t\tstyle=\"background-image: url('https:\/\/media.d66.nl\/uploads\/sites\/251\/2026\/04\/Ontwerp-zonder-titel-5.png')\"\n\t>\n\t\t\t<\/div>\n\n\t\t\t<div class=\"block-video__caption-wrapper\">\n\t\t\t<div class=\"block-video__caption\">\n\t\t\t\t<p class=\"paragraph paragraph__align--left paragraph__color--black paragraph__size--small paragraph__weight--medium\">\n\t\tUitzicht vanaf de Wijkertoren <i>&#x2022;<\/i> Beeld: Makbouli\t<\/p>\t\t\t<\/div>\n\t\t<\/div>\n\t\n<\/section>\n\n\t  <\/div>\n\t<\/div>\n  <\/div>\n\n\n<div\n  id=\"\"\n  class=\"wrapper  wrapper__spacing-bottom-large--20 wrapper__spacing-bottom-desktop--50 wrapper__spacing-bottom-mobile--10  wrapper__gutter--none\"\n  >\n  \t<div class=\"wrapper__container wrapper__container-width-large--default\">\n\t  <div class=\"wrapper__inner wrapper__width-large--14 wrapper__width-desktop--24 wrapper__width-mobile--24 wrapper__offset-large--6 wrapper__offset-desktop--2 wrapper__offset-mobile--0\">\n\t\t<section class=\"block-related-post-metadata js-block-related-post-metadata\">\n\t<div class=\"block-related-post-metadata__content-wrapper\">\n\t\t<div class=\"block-related-post-metadata__persons\">\n\t\t\t\t\t<\/div>\n\t\t<div class=\"block-related-post-metadata__meta\">\n\t\t\t<div class=\"block-related-post-metadata__date\">\n\t\t\t\t13.04.2026<div class=\"post-share js-post-share rs_skip_always\">\n\t<button class=\"post-share__share-button js-post-share-share-button\">\n\t\tShare\t\t<svg xmlns='http:\/\/www.w3.org\/2000\/svg' width='100px' height='100px' viewBox='0 0 24 24' fill='none'><path d='m8.684 10.658 6.629-3.314m.003 9.314-6.622-3.311M21 6a3 3 0 1 1-6 0 3 3 0 0 1 6 0ZM9 12a3 3 0 1 1-6 0 3 3 0 0 1 6 0Zm12 6a3 3 0 1 1-6 0 3 3 0 0 1 6 0Z' stroke='currentColor' stroke-width='1.5' fill='none'\/><\/svg>\t<\/button>\n\t<dialog class=\"post-share__dialog js-post-share-dialog\" aria-hidden=\"true\">\n\t\t<div class=\"post-share__dialog-header\">\n\t\t\tShare this post\t\t\t<button class=\"post-share__dialog-close js-post-share-dialog-close\">\n\t\t\t\t<svg xmlns='http:\/\/www.w3.org\/2000\/svg' width='150' height='150' viewBox='0 0 150 150' fill='none'><path d='M44.103 105.897 75 75m30.898-30.898L75 75m0 0L44.103 44.102M75 75l30.898 30.897' stroke='currentColor' stroke-width='5' fill='none'\/><\/svg>\t\t\t<\/button>\n\t\t<\/div>\n\t\t<div class=\"post-share__dialog-socials\">\n\t\t\t\t\t\t\t\t\t\t\t<a class=\"post-share__dialog-item js-post-share-dialog-item\" href=\"#\" target=\"_blank\" data-copy=&quot;true&quot;>\n\t\t\t\t\tKopier link<svg xmlns='http:\/\/www.w3.org\/2000\/svg' width='150' height='150' viewBox='0 0 150 150' fill='none'><path d='M67.468 108.679c-8.533-.512-14.164-3.583-17.407-9.983-3.242-6.314-2.815-12.713 1.195-18.6 1.706-2.56 3.584-5.035 5.46-7.594 1.537-2.048 3.584-2.475 5.462-1.195 2.047 1.45 2.389 3.498.938 5.632-1.706 2.474-3.584 4.948-5.29 7.423-3.242 4.778-2.304 11.092 2.133 14.334 4.864 3.584 11.092 2.731 14.761-1.962 1.963-2.475 3.754-5.12 5.632-7.68 1.194-1.535 2.645-2.218 4.607-1.28 1.792.854 2.645 2.39 2.304 4.267 0 .17 0 .427-.17.597-3.67 5.12-6.4 11.178-12.544 13.993-2.56 1.195-5.46 1.707-6.996 2.219l-.085-.171Z' fill='currentColor'\/><path d='M86.921 44.6c6.144.257 11.605 3.328 14.932 9.728 3.328 6.399 2.816 12.798-1.109 18.856-1.621 2.56-3.498 4.95-5.29 7.424-1.707 2.303-3.754 2.815-5.717 1.45-2.048-1.45-2.304-3.669-.597-6.058 1.621-2.304 3.328-4.608 4.949-6.911 3.498-4.95 2.56-11.348-2.133-14.761-4.779-3.499-11.178-2.475-14.847 2.56-1.792 2.388-3.498 4.863-5.205 7.252-1.62 2.218-3.583 2.56-5.546 1.11-1.877-1.366-2.218-3.414-.768-5.462 2.048-2.986 4.01-5.972 6.314-8.703 3.67-4.351 8.448-6.399 15.103-6.399l-.086-.085Z' fill='currentColor'\/><path d='M71.478 88.457c-3.498-.341-5.46-3.413-3.754-6.143 3.327-5.29 6.825-10.495 10.324-15.7 1.45-2.133 3.413-2.389 5.46-1.109 1.878 1.28 2.219 3.413.854 5.546-3.328 5.034-6.57 9.983-9.983 14.932-.683 1.024-1.963 1.621-2.901 2.389v.085Z' fill='currentColor'\/><\/svg>\t\t\t\t<\/a>\n\t\t\t\t\t\t\t\t\t\t\t<a class=\"post-share__dialog-item js-post-share-dialog-item\" href=\"mailto:?to=%20&amp;body=https%3A%2F%2Fd66.nl%2Fbeverwijk%2Fnieuws%2Fconstructief-verder-in-het-formatieproces\" target=\"_blank\" >\n\t\t\t\t\tMail<svg xmlns='http:\/\/www.w3.org\/2000\/svg' width='40' height='40' viewBox='0 0 40 40' fill='none'><path d='M24.107 15.865a1 1 0 0 1 1.266 1.265l-1.686 5.052a1 1 0 0 1-1.654.392l-3.37-3.37a1.001 1.001 0 0 1 .392-1.654l5.052-1.685Z' fill='currentColor'\/><path d='m21.763 19.475-5.657 5.657' stroke='currentColor' stroke-width='2' stroke-linecap='round' fill='none'\/><\/svg>\t\t\t\t<\/a>\n\t\t\t\t\t\t\t\t\t\t\t<a class=\"post-share__dialog-item js-post-share-dialog-item\" href=\"https:\/\/www.linkedin.com\/sharing\/share-offsite\/?url=https%3A%2F%2Fd66.nl%2Fbeverwijk%2Fnieuws%2Fconstructief-verder-in-het-formatieproces\" target=\"_blank\" >\n\t\t\t\t\tLinkedIn<svg xmlns='http:\/\/www.w3.org\/2000\/svg' width='40' height='40' viewBox='0 0 40 40' fill='none'><path d='M24.107 15.865a1 1 0 0 1 1.266 1.265l-1.686 5.052a1 1 0 0 1-1.654.392l-3.37-3.37a1.001 1.001 0 0 1 .392-1.654l5.052-1.685Z' fill='currentColor'\/><path d='m21.763 19.475-5.657 5.657' stroke='currentColor' stroke-width='2' stroke-linecap='round' fill='none'\/><\/svg>\t\t\t\t<\/a>\n\t\t\t\t\t\t\t\t\t\t\t<a class=\"post-share__dialog-item js-post-share-dialog-item\" href=\"https:\/\/www.facebook.com\/sharer\/sharer.php?u=https%3A%2F%2Fd66.nl%2Fbeverwijk%2Fnieuws%2Fconstructief-verder-in-het-formatieproces\" target=\"_blank\" >\n\t\t\t\t\tFacebook<svg xmlns='http:\/\/www.w3.org\/2000\/svg' width='40' height='40' viewBox='0 0 40 40' fill='none'><path d='M24.107 15.865a1 1 0 0 1 1.266 1.265l-1.686 5.052a1 1 0 0 1-1.654.392l-3.37-3.37a1.001 1.001 0 0 1 .392-1.654l5.052-1.685Z' fill='currentColor'\/><path d='m21.763 19.475-5.657 5.657' stroke='currentColor' stroke-width='2' stroke-linecap='round' fill='none'\/><\/svg>\t\t\t\t<\/a>\n\t\t\t\t\t\t\t\t\t\t\t<a class=\"post-share__dialog-item js-post-share-dialog-item\" href=\"whatsapp:\/\/send?text=https%3A%2F%2Fd66.nl%2Fbeverwijk%2Fnieuws%2Fconstructief-verder-in-het-formatieproces\" target=\"_blank\" >\n\t\t\t\t\tWhatsApp<svg xmlns='http:\/\/www.w3.org\/2000\/svg' width='40' height='40' viewBox='0 0 40 40' fill='none'><path d='M24.107 15.865a1 1 0 0 1 1.266 1.265l-1.686 5.052a1 1 0 0 1-1.654.392l-3.37-3.37a1.001 1.001 0 0 1 .392-1.654l5.052-1.685Z' fill='currentColor'\/><path d='m21.763 19.475-5.657 5.657' stroke='currentColor' stroke-width='2' stroke-linecap='round' fill='none'\/><\/svg>\t\t\t\t<\/a>\n\t\t\t\t\t\t\t\t\t\t\t<a class=\"post-share__dialog-item js-post-share-dialog-item\" href=\"https:\/\/x.com\/intent\/post?url=https%3A%2F%2Fd66.nl%2Fbeverwijk%2Fnieuws%2Fconstructief-verder-in-het-formatieproces\" target=\"_blank\" >\n\t\t\t\t\tTwitter (X)<svg xmlns='http:\/\/www.w3.org\/2000\/svg' width='40' height='40' viewBox='0 0 40 40' fill='none'><path d='M24.107 15.865a1 1 0 0 1 1.266 1.265l-1.686 5.052a1 1 0 0 1-1.654.392l-3.37-3.37a1.001 1.001 0 0 1 .392-1.654l5.052-1.685Z' fill='currentColor'\/><path d='m21.763 19.475-5.657 5.657' stroke='currentColor' stroke-width='2' stroke-linecap='round' fill='none'\/><\/svg>\t\t\t\t<\/a>\n\t\t\t\t\t<\/div>\n\t<\/dialog>\n<\/div>\t\t\t<\/div>\n\t\t\t<div class=\"block-related-post-metadata__categories\">\n\t\t\t\t<div class=\"category-link__wrapper\">\n\t\t\t<div class=\"category-link__item\">\n\t\t\t<a href=\"https:\/\/d66.nl\/beverwijk\/category\/d66\/\">\n\t\t\t\tD66\t\t\t<\/a>\n\t\t<\/div>\n\t\t<\/div>\t\t\t<\/div>\n\t\t<\/div>\n\t<\/div>\n<\/section>\n\t  <\/div>\n\t<\/div>\n  <\/div>\n","protected":false},"excerpt":{"rendered":"","protected":false},"author":1044,"featured_media":1624,"comment_status":"open","ping_status":"open","sticky":false,"template":"","format":"standard","meta":{"_acf_changed":false,"footnotes":""},"categories":[1],"search-tags":[],"labels":[],"class_list":["post-1623","post","type-post","status-publish","format-standard","has-post-thumbnail","hentry","category-d66"],"acf":[],"yoast_head":"<!-- This site is optimized with the Yoast SEO plugin v27.3 - https:\/\/yoast.com\/product\/yoast-seo-wordpress\/ -->\n<title>D66 Beverwijk &#8212; Persbericht: Constructief verder in het formatieproces<\/title>\n<meta name=\"robots\" content=\"index, follow, max-snippet:-1, max-image-preview:large, max-video-preview:-1\" \/>\n<link rel=\"canonical\" href=\"https:\/\/d66.nl\/beverwijk\/nieuws\/constructief-verder-in-het-formatieproces\" \/>\n<meta property=\"og:locale\" content=\"nl_NL\" \/>\n<meta property=\"og:type\" content=\"article\" \/>\n<meta property=\"og:title\" content=\"D66 Beverwijk &#8212; Persbericht: Constructief verder in het formatieproces\" \/>\n<meta property=\"og:url\" content=\"https:\/\/d66.nl\/beverwijk\/nieuws\/constructief-verder-in-het-formatieproces\/\" \/>\n<meta property=\"og:site_name\" content=\"D66 Beverwijk\" \/>\n<meta property=\"article:author\" content=\"https:\/\/www.facebook.com\/D66Beverwijk\/\" \/>\n<meta property=\"article:published_time\" content=\"2026-04-13T14:51:21+00:00\" \/>\n<meta property=\"article:modified_time\" content=\"2026-04-13T15:10:55+00:00\" \/>\n<meta property=\"og:image\" content=\"https:\/\/media.d66.nl\/uploads\/sites\/251\/2026\/04\/Ontwerp-zonder-titel-5.png\" \/>\n\t<meta property=\"og:image:width\" content=\"1200\" \/>\n\t<meta property=\"og:image:height\" content=\"628\" \/>\n\t<meta property=\"og:image:type\" content=\"image\/png\" \/>\n<meta name=\"author\" content=\"makbouli\" \/>\n<meta name=\"twitter:card\" content=\"summary_large_image\" \/>\n<meta name=\"twitter:creator\" content=\"@Makbouli\" \/>\n<meta name=\"twitter:label1\" content=\"Geschreven door\" \/>\n\t<meta name=\"twitter:data1\" content=\"makbouli\" \/>\n\t<meta name=\"twitter:label2\" content=\"Geschatte leestijd\" \/>\n\t<meta name=\"twitter:data2\" content=\"1 minuut\" \/>\n<script type=\"application\/ld+json\" class=\"yoast-schema-graph\">{\"@context\":\"https:\\\/\\\/schema.org\",\"@graph\":[{\"@type\":\"Article\",\"@id\":\"https:\\\/\\\/d66.nl\\\/beverwijk\\\/nieuws\\\/constructief-verder-in-het-formatieproces\\\/#article\",\"isPartOf\":{\"@id\":\"https:\\\/\\\/d66.nl\\\/beverwijk\\\/nieuws\\\/constructief-verder-in-het-formatieproces\\\/\"},\"author\":{\"name\":\"makbouli\",\"@id\":\"https:\\\/\\\/d66.nl\\\/beverwijk\\\/#\\\/schema\\\/person\\\/f74c73f23484946937b779ce336825ce\"},\"headline\":\"Persbericht: Constructief verder in het formatieproces\",\"datePublished\":\"2026-04-13T14:51:21+00:00\",\"dateModified\":\"2026-04-13T15:10:55+00:00\",\"mainEntityOfPage\":{\"@id\":\"https:\\\/\\\/d66.nl\\\/beverwijk\\\/nieuws\\\/constructief-verder-in-het-formatieproces\\\/\"},\"wordCount\":6,\"commentCount\":0,\"publisher\":{\"@id\":\"https:\\\/\\\/d66.nl\\\/beverwijk\\\/#organization\"},\"image\":{\"@id\":\"https:\\\/\\\/d66.nl\\\/beverwijk\\\/nieuws\\\/constructief-verder-in-het-formatieproces\\\/#primaryimage\"},\"thumbnailUrl\":\"https:\\\/\\\/media.d66.nl\\\/uploads\\\/sites\\\/251\\\/2026\\\/04\\\/Ontwerp-zonder-titel-5.png\",\"articleSection\":[\"D66\"],\"inLanguage\":\"nl-NL\",\"potentialAction\":[{\"@type\":\"CommentAction\",\"name\":\"Comment\",\"target\":[\"https:\\\/\\\/d66.nl\\\/beverwijk\\\/nieuws\\\/constructief-verder-in-het-formatieproces\\\/#respond\"]}]},{\"@type\":\"WebPage\",\"@id\":\"https:\\\/\\\/d66.nl\\\/beverwijk\\\/nieuws\\\/constructief-verder-in-het-formatieproces\\\/\",\"url\":\"https:\\\/\\\/d66.nl\\\/beverwijk\\\/nieuws\\\/constructief-verder-in-het-formatieproces\\\/\",\"name\":\"D66 Beverwijk &#8212; Persbericht: Constructief verder in het formatieproces\",\"isPartOf\":{\"@id\":\"https:\\\/\\\/d66.nl\\\/beverwijk\\\/#website\"},\"primaryImageOfPage\":{\"@id\":\"https:\\\/\\\/d66.nl\\\/beverwijk\\\/nieuws\\\/constructief-verder-in-het-formatieproces\\\/#primaryimage\"},\"image\":{\"@id\":\"https:\\\/\\\/d66.nl\\\/beverwijk\\\/nieuws\\\/constructief-verder-in-het-formatieproces\\\/#primaryimage\"},\"thumbnailUrl\":\"https:\\\/\\\/media.d66.nl\\\/uploads\\\/sites\\\/251\\\/2026\\\/04\\\/Ontwerp-zonder-titel-5.png\",\"datePublished\":\"2026-04-13T14:51:21+00:00\",\"dateModified\":\"2026-04-13T15:10:55+00:00\",\"breadcrumb\":{\"@id\":\"https:\\\/\\\/d66.nl\\\/beverwijk\\\/nieuws\\\/constructief-verder-in-het-formatieproces\\\/#breadcrumb\"},\"inLanguage\":\"nl-NL\",\"potentialAction\":[{\"@type\":\"ReadAction\",\"target\":[\"https:\\\/\\\/d66.nl\\\/beverwijk\\\/nieuws\\\/constructief-verder-in-het-formatieproces\\\/\"]}]},{\"@type\":\"ImageObject\",\"inLanguage\":\"nl-NL\",\"@id\":\"https:\\\/\\\/d66.nl\\\/beverwijk\\\/nieuws\\\/constructief-verder-in-het-formatieproces\\\/#primaryimage\",\"url\":\"https:\\\/\\\/media.d66.nl\\\/uploads\\\/sites\\\/251\\\/2026\\\/04\\\/Ontwerp-zonder-titel-5.png\",\"contentUrl\":\"https:\\\/\\\/media.d66.nl\\\/uploads\\\/sites\\\/251\\\/2026\\\/04\\\/Ontwerp-zonder-titel-5.png\",\"width\":1200,\"height\":628},{\"@type\":\"BreadcrumbList\",\"@id\":\"https:\\\/\\\/d66.nl\\\/beverwijk\\\/nieuws\\\/constructief-verder-in-het-formatieproces\\\/#breadcrumb\",\"itemListElement\":[{\"@type\":\"ListItem\",\"position\":1,\"name\":\"Home\",\"item\":\"https:\\\/\\\/d66.nl\\\/beverwijk\\\/\"},{\"@type\":\"ListItem\",\"position\":2,\"name\":\"Nieuws\",\"item\":\"https:\\\/\\\/d66.nl\\\/beverwijk\\\/nieuws\\\/\"},{\"@type\":\"ListItem\",\"position\":3,\"name\":\"Persbericht: Constructief verder in het formatieproces\"}]},{\"@type\":\"WebSite\",\"@id\":\"https:\\\/\\\/d66.nl\\\/beverwijk\\\/#website\",\"url\":\"https:\\\/\\\/d66.nl\\\/beverwijk\\\/\",\"name\":\"D66 Beverwijk\",\"description\":\"Just another D66 Sites site\",\"publisher\":{\"@id\":\"https:\\\/\\\/d66.nl\\\/beverwijk\\\/#organization\"},\"potentialAction\":[{\"@type\":\"SearchAction\",\"target\":{\"@type\":\"EntryPoint\",\"urlTemplate\":\"https:\\\/\\\/d66.nl\\\/beverwijk\\\/?s={search_term_string}\"},\"query-input\":{\"@type\":\"PropertyValueSpecification\",\"valueRequired\":true,\"valueName\":\"search_term_string\"}}],\"inLanguage\":\"nl-NL\"},{\"@type\":\"Organization\",\"@id\":\"https:\\\/\\\/d66.nl\\\/beverwijk\\\/#organization\",\"name\":\"D66\",\"url\":\"https:\\\/\\\/d66.nl\\\/beverwijk\\\/\",\"logo\":{\"@type\":\"ImageObject\",\"inLanguage\":\"nl-NL\",\"@id\":\"https:\\\/\\\/d66.nl\\\/beverwijk\\\/#\\\/schema\\\/logo\\\/image\\\/\",\"url\":\"https:\\\/\\\/d66.nl\\\/beverwijk\\\/wp-content\\\/uploads\\\/sites\\\/251\\\/2021\\\/10\\\/d66-themas-algemeen-og.png\",\"contentUrl\":\"https:\\\/\\\/d66.nl\\\/beverwijk\\\/wp-content\\\/uploads\\\/sites\\\/251\\\/2021\\\/10\\\/d66-themas-algemeen-og.png\",\"width\":1200,\"height\":628,\"caption\":\"D66\"},\"image\":{\"@id\":\"https:\\\/\\\/d66.nl\\\/beverwijk\\\/#\\\/schema\\\/logo\\\/image\\\/\"}},{\"@type\":\"Person\",\"@id\":\"https:\\\/\\\/d66.nl\\\/beverwijk\\\/#\\\/schema\\\/person\\\/f74c73f23484946937b779ce336825ce\",\"name\":\"makbouli\",\"image\":{\"@type\":\"ImageObject\",\"inLanguage\":\"nl-NL\",\"@id\":\"https:\\\/\\\/secure.gravatar.com\\\/avatar\\\/b58b523798eba35bdf546824ac93bc43fdeab3aa8e7c560ec03ab3bec1650ced?s=96&d=mm&r=g\",\"url\":\"https:\\\/\\\/secure.gravatar.com\\\/avatar\\\/b58b523798eba35bdf546824ac93bc43fdeab3aa8e7c560ec03ab3bec1650ced?s=96&d=mm&r=g\",\"contentUrl\":\"https:\\\/\\\/secure.gravatar.com\\\/avatar\\\/b58b523798eba35bdf546824ac93bc43fdeab3aa8e7c560ec03ab3bec1650ced?s=96&d=mm&r=g\",\"caption\":\"makbouli\"},\"sameAs\":[\"https:\\\/\\\/www.facebook.com\\\/D66Beverwijk\\\/\",\"https:\\\/\\\/www.instagram.com\\\/d66beverwijk\\\/\",\"https:\\\/\\\/www.linkedin.com\\\/company\\\/d66-beverwijk\\\/\",\"https:\\\/\\\/x.com\\\/Makbouli\"]}]}<\/script>\n<!-- \/ Yoast SEO plugin. -->","yoast_head_json":{"title":"D66 Beverwijk &#8212; Persbericht: Constructief verder in het formatieproces","robots":{"index":"index","follow":"follow","max-snippet":"max-snippet:-1","max-image-preview":"max-image-preview:large","max-video-preview":"max-video-preview:-1"},"canonical":"https:\/\/d66.nl\/beverwijk\/nieuws\/constructief-verder-in-het-formatieproces","og_locale":"nl_NL","og_type":"article","og_title":"D66 Beverwijk &#8212; Persbericht: Constructief verder in het formatieproces","og_url":"https:\/\/d66.nl\/beverwijk\/nieuws\/constructief-verder-in-het-formatieproces\/","og_site_name":"D66 Beverwijk","article_author":"https:\/\/www.facebook.com\/D66Beverwijk\/","article_published_time":"2026-04-13T14:51:21+00:00","article_modified_time":"2026-04-13T15:10:55+00:00","og_image":[{"width":1200,"height":628,"url":"https:\/\/media.d66.nl\/uploads\/sites\/251\/2026\/04\/Ontwerp-zonder-titel-5.png","type":"image\/png"}],"author":"makbouli","twitter_card":"summary_large_image","twitter_creator":"@Makbouli","twitter_misc":{"Geschreven door":"makbouli","Geschatte leestijd":"1 minuut"},"schema":{"@context":"https:\/\/schema.org","@graph":[{"@type":"Article","@id":"https:\/\/d66.nl\/beverwijk\/nieuws\/constructief-verder-in-het-formatieproces\/#article","isPartOf":{"@id":"https:\/\/d66.nl\/beverwijk\/nieuws\/constructief-verder-in-het-formatieproces\/"},"author":{"name":"makbouli","@id":"https:\/\/d66.nl\/beverwijk\/#\/schema\/person\/f74c73f23484946937b779ce336825ce"},"headline":"Persbericht: Constructief verder in het formatieproces","datePublished":"2026-04-13T14:51:21+00:00","dateModified":"2026-04-13T15:10:55+00:00","mainEntityOfPage":{"@id":"https:\/\/d66.nl\/beverwijk\/nieuws\/constructief-verder-in-het-formatieproces\/"},"wordCount":6,"commentCount":0,"publisher":{"@id":"https:\/\/d66.nl\/beverwijk\/#organization"},"image":{"@id":"https:\/\/d66.nl\/beverwijk\/nieuws\/constructief-verder-in-het-formatieproces\/#primaryimage"},"thumbnailUrl":"https:\/\/media.d66.nl\/uploads\/sites\/251\/2026\/04\/Ontwerp-zonder-titel-5.png","articleSection":["D66"],"inLanguage":"nl-NL","potentialAction":[{"@type":"CommentAction","name":"Comment","target":["https:\/\/d66.nl\/beverwijk\/nieuws\/constructief-verder-in-het-formatieproces\/#respond"]}]},{"@type":"WebPage","@id":"https:\/\/d66.nl\/beverwijk\/nieuws\/constructief-verder-in-het-formatieproces\/","url":"https:\/\/d66.nl\/beverwijk\/nieuws\/constructief-verder-in-het-formatieproces\/","name":"D66 Beverwijk &#8212; Persbericht: Constructief verder in het formatieproces","isPartOf":{"@id":"https:\/\/d66.nl\/beverwijk\/#website"},"primaryImageOfPage":{"@id":"https:\/\/d66.nl\/beverwijk\/nieuws\/constructief-verder-in-het-formatieproces\/#primaryimage"},"image":{"@id":"https:\/\/d66.nl\/beverwijk\/nieuws\/constructief-verder-in-het-formatieproces\/#primaryimage"},"thumbnailUrl":"https:\/\/media.d66.nl\/uploads\/sites\/251\/2026\/04\/Ontwerp-zonder-titel-5.png","datePublished":"2026-04-13T14:51:21+00:00","dateModified":"2026-04-13T15:10:55+00:00","breadcrumb":{"@id":"https:\/\/d66.nl\/beverwijk\/nieuws\/constructief-verder-in-het-formatieproces\/#breadcrumb"},"inLanguage":"nl-NL","potentialAction":[{"@type":"ReadAction","target":["https:\/\/d66.nl\/beverwijk\/nieuws\/constructief-verder-in-het-formatieproces\/"]}]},{"@type":"ImageObject","inLanguage":"nl-NL","@id":"https:\/\/d66.nl\/beverwijk\/nieuws\/constructief-verder-in-het-formatieproces\/#primaryimage","url":"https:\/\/media.d66.nl\/uploads\/sites\/251\/2026\/04\/Ontwerp-zonder-titel-5.png","contentUrl":"https:\/\/media.d66.nl\/uploads\/sites\/251\/2026\/04\/Ontwerp-zonder-titel-5.png","width":1200,"height":628},{"@type":"BreadcrumbList","@id":"https:\/\/d66.nl\/beverwijk\/nieuws\/constructief-verder-in-het-formatieproces\/#breadcrumb","itemListElement":[{"@type":"ListItem","position":1,"name":"Home","item":"https:\/\/d66.nl\/beverwijk\/"},{"@type":"ListItem","position":2,"name":"Nieuws","item":"https:\/\/d66.nl\/beverwijk\/nieuws\/"},{"@type":"ListItem","position":3,"name":"Persbericht: Constructief verder in het formatieproces"}]},{"@type":"WebSite","@id":"https:\/\/d66.nl\/beverwijk\/#website","url":"https:\/\/d66.nl\/beverwijk\/","name":"D66 Beverwijk","description":"Just another D66 Sites site","publisher":{"@id":"https:\/\/d66.nl\/beverwijk\/#organization"},"potentialAction":[{"@type":"SearchAction","target":{"@type":"EntryPoint","urlTemplate":"https:\/\/d66.nl\/beverwijk\/?s={search_term_string}"},"query-input":{"@type":"PropertyValueSpecification","valueRequired":true,"valueName":"search_term_string"}}],"inLanguage":"nl-NL"},{"@type":"Organization","@id":"https:\/\/d66.nl\/beverwijk\/#organization","name":"D66","url":"https:\/\/d66.nl\/beverwijk\/","logo":{"@type":"ImageObject","inLanguage":"nl-NL","@id":"https:\/\/d66.nl\/beverwijk\/#\/schema\/logo\/image\/","url":"https:\/\/d66.nl\/beverwijk\/wp-content\/uploads\/sites\/251\/2021\/10\/d66-themas-algemeen-og.png","contentUrl":"https:\/\/d66.nl\/beverwijk\/wp-content\/uploads\/sites\/251\/2021\/10\/d66-themas-algemeen-og.png","width":1200,"height":628,"caption":"D66"},"image":{"@id":"https:\/\/d66.nl\/beverwijk\/#\/schema\/logo\/image\/"}},{"@type":"Person","@id":"https:\/\/d66.nl\/beverwijk\/#\/schema\/person\/f74c73f23484946937b779ce336825ce","name":"makbouli","image":{"@type":"ImageObject","inLanguage":"nl-NL","@id":"https:\/\/secure.gravatar.com\/avatar\/b58b523798eba35bdf546824ac93bc43fdeab3aa8e7c560ec03ab3bec1650ced?s=96&d=mm&r=g","url":"https:\/\/secure.gravatar.com\/avatar\/b58b523798eba35bdf546824ac93bc43fdeab3aa8e7c560ec03ab3bec1650ced?s=96&d=mm&r=g","contentUrl":"https:\/\/secure.gravatar.com\/avatar\/b58b523798eba35bdf546824ac93bc43fdeab3aa8e7c560ec03ab3bec1650ced?s=96&d=mm&r=g","caption":"makbouli"},"sameAs":["https:\/\/www.facebook.com\/D66Beverwijk\/","https:\/\/www.instagram.com\/d66beverwijk\/","https:\/\/www.linkedin.com\/company\/d66-beverwijk\/","https:\/\/x.com\/Makbouli"]}]}},"_links":{"self":[{"href":"https:\/\/d66.nl\/beverwijk\/wp-json\/wp\/v2\/posts\/1623","targetHints":{"allow":["GET"]}}],"collection":[{"href":"https:\/\/d66.nl\/beverwijk\/wp-json\/wp\/v2\/posts"}],"about":[{"href":"https:\/\/d66.nl\/beverwijk\/wp-json\/wp\/v2\/types\/post"}],"author":[{"embeddable":true,"href":"https:\/\/d66.nl\/beverwijk\/wp-json\/wp\/v2\/users\/1044"}],"replies":[{"embeddable":true,"href":"https:\/\/d66.nl\/beverwijk\/wp-json\/wp\/v2\/comments?post=1623"}],"version-history":[{"count":5,"href":"https:\/\/d66.nl\/beverwijk\/wp-json\/wp\/v2\/posts\/1623\/revisions"}],"predecessor-version":[{"id":1631,"href":"https:\/\/d66.nl\/beverwijk\/wp-json\/wp\/v2\/posts\/1623\/revisions\/1631"}],"wp:featuredmedia":[{"embeddable":true,"href":"https:\/\/d66.nl\/beverwijk\/wp-json\/wp\/v2\/media\/1624"}],"wp:attachment":[{"href":"https:\/\/d66.nl\/beverwijk\/wp-json\/wp\/v2\/media?parent=1623"}],"wp:term":[{"taxonomy":"category","embeddable":true,"href":"https:\/\/d66.nl\/beverwijk\/wp-json\/wp\/v2\/categories?post=1623"},{"taxonomy":"search-tags","embeddable":true,"href":"https:\/\/d66.nl\/beverwijk\/wp-json\/wp\/v2\/search-tags?post=1623"},{"taxonomy":"labels","embeddable":true,"href":"https:\/\/d66.nl\/beverwijk\/wp-json\/wp\/v2\/labels?post=1623"}],"curies":[{"name":"wp","href":"https:\/\/api.w.org\/{rel}","templated":true}]}}