{"id":6924,"date":"2026-04-03T12:17:34","date_gmt":"2026-04-03T12:17:34","guid":{"rendered":"https:\/\/d66.nl\/arnhem\/nieuws\/"},"modified":"2026-04-07T11:43:51","modified_gmt":"2026-04-07T11:43:51","slug":"afscheid-raadsleden-2026","status":"publish","type":"post","link":"https:\/\/d66.nl\/arnhem\/nieuws\/afscheid-raadsleden-2026","title":{"rendered":"Afscheid raadsleden 2026"},"content":{"rendered":"<div\n  id=\"\"\n  class=\"wrapper  wrapper__spacing-bottom-large--50 wrapper__spacing-bottom-desktop--66 wrapper__spacing-bottom-mobile--76  wrapper__gutter--none\"\n  >\n  \t<div class=\"wrapper__container wrapper__container-width-large--default\">\n\t  <div class=\"wrapper__inner wrapper__width-large--14 wrapper__width-desktop--20 wrapper__width-mobile--24 wrapper__offset-large--6 wrapper__offset-desktop--4 wrapper__offset-mobile--0\">\n\t\t<h1 class=\"heading   heading__size--giant heading__font--serif heading__weight--regular  block-heading__heading\" id=\"nav-drie-d66-raadsleden-nemen-afscheid-in-arnhem4438\"  data-nav-heading-mobile=\"Drie D66-raadsleden nemen afscheid in Arnhem\" >\n\tDrie D66-raadsleden nemen afscheid in Arnhem<\/h1>\t  <\/div>\n\t<\/div>\n  <\/div>\n\n\n<div\n  id=\"\"\n  class=\"wrapper  wrapper__spacing-bottom-large--10 wrapper__spacing-bottom-desktop--60 wrapper__spacing-bottom-mobile--10  wrapper__gutter--none\"\n  >\n  \t<div class=\"wrapper__container wrapper__container-width-large--default\">\n\t  <div class=\"wrapper__inner wrapper__width-large--24 wrapper__width-mobile--24\">\n\t\t<section class=\"block-video\">\n\t<div\n\t\tclass=\"block-video__video-wrapper\"\n\t\tstyle=\"background-image: url('https:\/\/media.d66.nl\/uploads\/sites\/154\/2026\/04\/2026-03-31-Afscheidsraad-met-Mattijs-Suzan-Carolien-scaled.jpg')\"\n\t>\n\t\t\t<\/div>\n\n\t\t\t<div class=\"block-video__caption-wrapper\">\n\t\t\t<div class=\"block-video__caption\">\n\t\t\t\t<p class=\"paragraph paragraph__align--left paragraph__color--black paragraph__size--small paragraph__weight--medium\">\n\t\tD66-raadsleden die afscheid namen van de Arnhemse raad op 31 maart 2026 <br \/>\r\n(v.l.n.r. Susan Kemperman, Mattijs Loor, Carolien Zwijnepoel) <i>&#x2022;<\/i> Beeld: Gemeente Arnhem\t<\/p>\t\t\t<\/div>\n\t\t<\/div>\n\t\n<\/section>\n\n\t  <\/div>\n\t<\/div>\n  <\/div>\n\n\n<div\n  id=\"\"\n  class=\"wrapper  wrapper__spacing-bottom-large--50 wrapper__spacing-bottom-mobile--40  wrapper__gutter--none\"\n  >\n  \t<div class=\"wrapper__container wrapper__container-width-large--default\">\n\t  <div class=\"wrapper__inner wrapper__width-large--13 wrapper__width-desktop--22 wrapper__width-mobile--24 wrapper__offset-large--6 wrapper__offset-desktop--2 wrapper__offset-mobile--0\">\n\t\t<p\n\t\tclass=\"paragraph   paragraph__size--big   block-paragraph__paragraph\"\n\t\t\t>\n\t\tDinsdagavond 31 maart 2026 markeerde een speciaal moment in de Arnhemse politiek: de Afscheidsraad. Tijdens deze bijzondere raadsvergadering namen drie D66-raadsleden afscheid: Mattijs Loor, Suzan Kemperman en Carolien Zwijnepoel. Met hun uiteenlopende ervaring \u2013 van twaalf jaar tot \u00e9\u00e9n periode \u2013 deelden zij persoonlijke verhalen, reflecties en een duidelijke boodschap voor de nieuwe raad. Hun speeches waren een mix van betrokkenheid, zorg en inspiratie, en laten een erfenis achter van aandacht voor vrijheid, inclusie en morele verantwoordelijkheid.\t<\/p>\t  <\/div>\n\t<\/div>\n  <\/div>\n\n\n<div\n  id=\"\"\n  class=\"wrapper  wrapper__spacing-bottom-large--30 wrapper__spacing-bottom-desktop--20 wrapper__spacing-bottom-mobile--10  wrapper__gutter--none\"\n  >\n  \t<div class=\"wrapper__container wrapper__container-width-large--default\">\n\t  <div class=\"wrapper__inner wrapper__width-large--14 wrapper__width-desktop--24 wrapper__width-mobile--24 wrapper__offset-large--6 wrapper__offset-desktop--2 wrapper__offset-mobile--0\">\n\t\t<section class=\"block-related-post-metadata js-block-related-post-metadata\">\n\t<div class=\"block-related-post-metadata__content-wrapper\">\n\t\t<div class=\"block-related-post-metadata__persons\">\n\t\t\t<div class=\"related-person-info__wrapper\">\n\t\t\t<div class=\"related-person-info__item related-person-info__color--olive\">\n\t\t\t<a class=\"related-person-info__link\" href=\"https:\/\/d66.nl\/arnhem\/mensen\/mattijs-loor\/\">\n\t\t\t\t<div class=\"related-person-info__image_container\">\n\t\t\t\t<img loading=\"lazy\" decoding=\"async\" width=\"150\" height=\"150\" src=\"https:\/\/d66.nl\/arnhem\/wp-content\/uploads\/sites\/154\/2021\/10\/F_Mattijs-Loor-150x150.jpg\" class=\"related-person-info__image\" alt=\"Mattijs Loor\" \/>\t\t\t\t<\/div>\n\t\t\t\t<div class=\"related-person-info__meta\">\n\t\t\t\t\t\t\t\t\t<header class=\"related-person-info__header\">\n\t\t\t\t\t\t<h3 class=\"heading   heading__size--small heading__font--sans heading__weight--bold\" id=\"nav-mattijs-loor8148\">\n\tMattijs Loor<\/h3>\t\t\t\t\t<\/header>\n\t\t\t\t\t\t\t\t\t\t\t\t\t<div class=\"related-person-info__description\">\n\t\t\t\t\t\t<p class=\"paragraph   paragraph__size--small paragraph__weight--normal\">\n\t\tRaadslid\t<\/p>\t\t\t\t\t<\/div>\n\t\t\t\t\t\t\t\t<\/div>\n\t\t\t<\/a>\n\t\t<\/div>\n\t\t\t\t<div class=\"related-person-info__item related-person-info__color--olive\">\n\t\t\t<a class=\"related-person-info__link\" href=\"https:\/\/d66.nl\/arnhem\/mensen\/suzan-kemperman\/\">\n\t\t\t\t<div class=\"related-person-info__image_container\">\n\t\t\t\t<img loading=\"lazy\" decoding=\"async\" width=\"150\" height=\"150\" src=\"https:\/\/d66.nl\/arnhem\/wp-content\/uploads\/sites\/154\/2022\/01\/Suzan-Kemperman-150x150.jpg\" class=\"related-person-info__image\" alt=\"Suzan Kemperman\" \/>\t\t\t\t<\/div>\n\t\t\t\t<div class=\"related-person-info__meta\">\n\t\t\t\t\t\t\t\t\t<header class=\"related-person-info__header\">\n\t\t\t\t\t\t<h3 class=\"heading   heading__size--small heading__font--sans heading__weight--bold\" id=\"nav-suzan-kemperman7627\">\n\tSuzan Kemperman<\/h3>\t\t\t\t\t<\/header>\n\t\t\t\t\t\t\t\t\t\t\t\t\t<div class=\"related-person-info__description\">\n\t\t\t\t\t\t<p class=\"paragraph   paragraph__size--small paragraph__weight--normal\">\n\t\tRaadslid\t<\/p>\t\t\t\t\t<\/div>\n\t\t\t\t\t\t\t\t<\/div>\n\t\t\t<\/a>\n\t\t<\/div>\n\t\t<\/div>\t\t<\/div>\n\t\t<div class=\"block-related-post-metadata__meta\">\n\t\t\t<div class=\"block-related-post-metadata__date\">\n\t\t\t\t03.04.2026<div class=\"post-share js-post-share rs_skip_always\">\n\t<button class=\"post-share__share-button js-post-share-share-button\">\n\t\tShare\t\t<svg xmlns='http:\/\/www.w3.org\/2000\/svg' width='100px' height='100px' viewBox='0 0 24 24' fill='none'><path d='m8.684 10.658 6.629-3.314m.003 9.314-6.622-3.311M21 6a3 3 0 1 1-6 0 3 3 0 0 1 6 0ZM9 12a3 3 0 1 1-6 0 3 3 0 0 1 6 0Zm12 6a3 3 0 1 1-6 0 3 3 0 0 1 6 0Z' stroke='currentColor' stroke-width='1.5' fill='none'\/><\/svg>\t<\/button>\n\t<dialog class=\"post-share__dialog js-post-share-dialog\" aria-hidden=\"true\">\n\t\t<div class=\"post-share__dialog-header\">\n\t\t\tShare this post\t\t\t<button class=\"post-share__dialog-close js-post-share-dialog-close\">\n\t\t\t\t<svg xmlns='http:\/\/www.w3.org\/2000\/svg' width='150' height='150' viewBox='0 0 150 150' fill='none'><path d='M44.103 105.897 75 75m30.898-30.898L75 75m0 0L44.103 44.102M75 75l30.898 30.897' stroke='currentColor' stroke-width='5' fill='none'\/><\/svg>\t\t\t<\/button>\n\t\t<\/div>\n\t\t<div class=\"post-share__dialog-socials\">\n\t\t\t\t\t\t\t\t\t\t\t<a class=\"post-share__dialog-item js-post-share-dialog-item\" href=\"#\" target=\"_blank\" data-copy=&quot;true&quot;>\n\t\t\t\t\tKopier link<svg xmlns='http:\/\/www.w3.org\/2000\/svg' width='150' height='150' viewBox='0 0 150 150' fill='none'><path d='M67.468 108.679c-8.533-.512-14.164-3.583-17.407-9.983-3.242-6.314-2.815-12.713 1.195-18.6 1.706-2.56 3.584-5.035 5.46-7.594 1.537-2.048 3.584-2.475 5.462-1.195 2.047 1.45 2.389 3.498.938 5.632-1.706 2.474-3.584 4.948-5.29 7.423-3.242 4.778-2.304 11.092 2.133 14.334 4.864 3.584 11.092 2.731 14.761-1.962 1.963-2.475 3.754-5.12 5.632-7.68 1.194-1.535 2.645-2.218 4.607-1.28 1.792.854 2.645 2.39 2.304 4.267 0 .17 0 .427-.17.597-3.67 5.12-6.4 11.178-12.544 13.993-2.56 1.195-5.46 1.707-6.996 2.219l-.085-.171Z' fill='currentColor'\/><path d='M86.921 44.6c6.144.257 11.605 3.328 14.932 9.728 3.328 6.399 2.816 12.798-1.109 18.856-1.621 2.56-3.498 4.95-5.29 7.424-1.707 2.303-3.754 2.815-5.717 1.45-2.048-1.45-2.304-3.669-.597-6.058 1.621-2.304 3.328-4.608 4.949-6.911 3.498-4.95 2.56-11.348-2.133-14.761-4.779-3.499-11.178-2.475-14.847 2.56-1.792 2.388-3.498 4.863-5.205 7.252-1.62 2.218-3.583 2.56-5.546 1.11-1.877-1.366-2.218-3.414-.768-5.462 2.048-2.986 4.01-5.972 6.314-8.703 3.67-4.351 8.448-6.399 15.103-6.399l-.086-.085Z' fill='currentColor'\/><path d='M71.478 88.457c-3.498-.341-5.46-3.413-3.754-6.143 3.327-5.29 6.825-10.495 10.324-15.7 1.45-2.133 3.413-2.389 5.46-1.109 1.878 1.28 2.219 3.413.854 5.546-3.328 5.034-6.57 9.983-9.983 14.932-.683 1.024-1.963 1.621-2.901 2.389v.085Z' fill='currentColor'\/><\/svg>\t\t\t\t<\/a>\n\t\t\t\t\t\t\t\t\t\t\t<a class=\"post-share__dialog-item js-post-share-dialog-item\" href=\"mailto:?to=%20&amp;body=https%3A%2F%2Fd66.nl%2Farnhem%2Fnieuws%2Fafscheid-raadsleden-2026\" target=\"_blank\" >\n\t\t\t\t\tMail<svg xmlns='http:\/\/www.w3.org\/2000\/svg' width='40' height='40' viewBox='0 0 40 40' fill='none'><path d='M24.107 15.865a1 1 0 0 1 1.266 1.265l-1.686 5.052a1 1 0 0 1-1.654.392l-3.37-3.37a1.001 1.001 0 0 1 .392-1.654l5.052-1.685Z' fill='currentColor'\/><path d='m21.763 19.475-5.657 5.657' stroke='currentColor' stroke-width='2' stroke-linecap='round' fill='none'\/><\/svg>\t\t\t\t<\/a>\n\t\t\t\t\t\t\t\t\t\t\t<a class=\"post-share__dialog-item js-post-share-dialog-item\" href=\"https:\/\/www.linkedin.com\/sharing\/share-offsite\/?url=https%3A%2F%2Fd66.nl%2Farnhem%2Fnieuws%2Fafscheid-raadsleden-2026\" target=\"_blank\" >\n\t\t\t\t\tLinkedIn<svg xmlns='http:\/\/www.w3.org\/2000\/svg' width='40' height='40' viewBox='0 0 40 40' fill='none'><path d='M24.107 15.865a1 1 0 0 1 1.266 1.265l-1.686 5.052a1 1 0 0 1-1.654.392l-3.37-3.37a1.001 1.001 0 0 1 .392-1.654l5.052-1.685Z' fill='currentColor'\/><path d='m21.763 19.475-5.657 5.657' stroke='currentColor' stroke-width='2' stroke-linecap='round' fill='none'\/><\/svg>\t\t\t\t<\/a>\n\t\t\t\t\t\t\t\t\t\t\t<a class=\"post-share__dialog-item js-post-share-dialog-item\" href=\"https:\/\/www.facebook.com\/sharer\/sharer.php?u=https%3A%2F%2Fd66.nl%2Farnhem%2Fnieuws%2Fafscheid-raadsleden-2026\" target=\"_blank\" >\n\t\t\t\t\tFacebook<svg xmlns='http:\/\/www.w3.org\/2000\/svg' width='40' height='40' viewBox='0 0 40 40' fill='none'><path d='M24.107 15.865a1 1 0 0 1 1.266 1.265l-1.686 5.052a1 1 0 0 1-1.654.392l-3.37-3.37a1.001 1.001 0 0 1 .392-1.654l5.052-1.685Z' fill='currentColor'\/><path d='m21.763 19.475-5.657 5.657' stroke='currentColor' stroke-width='2' stroke-linecap='round' fill='none'\/><\/svg>\t\t\t\t<\/a>\n\t\t\t\t\t\t\t\t\t\t\t<a class=\"post-share__dialog-item js-post-share-dialog-item\" href=\"whatsapp:\/\/send?text=https%3A%2F%2Fd66.nl%2Farnhem%2Fnieuws%2Fafscheid-raadsleden-2026\" target=\"_blank\" >\n\t\t\t\t\tWhatsApp<svg xmlns='http:\/\/www.w3.org\/2000\/svg' width='40' height='40' viewBox='0 0 40 40' fill='none'><path d='M24.107 15.865a1 1 0 0 1 1.266 1.265l-1.686 5.052a1 1 0 0 1-1.654.392l-3.37-3.37a1.001 1.001 0 0 1 .392-1.654l5.052-1.685Z' fill='currentColor'\/><path d='m21.763 19.475-5.657 5.657' stroke='currentColor' stroke-width='2' stroke-linecap='round' fill='none'\/><\/svg>\t\t\t\t<\/a>\n\t\t\t\t\t\t\t\t\t\t\t<a class=\"post-share__dialog-item js-post-share-dialog-item\" href=\"https:\/\/x.com\/intent\/post?url=https%3A%2F%2Fd66.nl%2Farnhem%2Fnieuws%2Fafscheid-raadsleden-2026\" target=\"_blank\" >\n\t\t\t\t\tTwitter (X)<svg xmlns='http:\/\/www.w3.org\/2000\/svg' width='40' height='40' viewBox='0 0 40 40' fill='none'><path d='M24.107 15.865a1 1 0 0 1 1.266 1.265l-1.686 5.052a1 1 0 0 1-1.654.392l-3.37-3.37a1.001 1.001 0 0 1 .392-1.654l5.052-1.685Z' fill='currentColor'\/><path d='m21.763 19.475-5.657 5.657' stroke='currentColor' stroke-width='2' stroke-linecap='round' fill='none'\/><\/svg>\t\t\t\t<\/a>\n\t\t\t\t\t<\/div>\n\t<\/dialog>\n<\/div>\t\t\t<\/div>\n\t\t\t<div class=\"block-related-post-metadata__categories\">\n\t\t\t\t<div class=\"category-link__wrapper\">\n\t\t\t<div class=\"category-link__item\">\n\t\t\t<a href=\"https:\/\/d66.nl\/arnhem\/category\/d66-arnhem\/\">\n\t\t\t\tD66 Arnhem\t\t\t<\/a>\n\t\t<\/div>\n\t\t\t\t<div class=\"category-link__item\">\n\t\t\t<a href=\"https:\/\/d66.nl\/arnhem\/search-tags\/democratie-bestuur\/\">\n\t\t\t\tDemocratie en bestuur\t\t\t<\/a>\n\t\t<\/div>\n\t\t<\/div>\t\t\t<\/div>\n\t\t<\/div>\n\t<\/div>\n<\/section>\n\t  <\/div>\n\t<\/div>\n  <\/div>\n\n\n<div\n  id=\"\"\n  class=\"wrapper wrapper__spacing-top-large--20 wrapper__spacing-bottom-large--60 wrapper__spacing-bottom-desktop--65 wrapper__spacing-bottom-mobile--50  wrapper__gutter--none\"\n  >\n  \t<div class=\"wrapper__container wrapper__container-width-large--default\">\n\t  <div class=\"wrapper__inner wrapper__width-desktop--24 wrapper__offset-desktop--0\">\n\t\t<section class=\"block-quote\">\n\t\t\t<p class=\"paragraph  paragraph__color--black     block-quote__quote\">\n\t\tConservatisme en rechts-extremisme nemen toe, maar vrijheid om jezelf te zijn blijft iets om te koesteren en te beschermen.\t<\/p>\t\n\t\t\t<p class=\"paragraph  paragraph__color--black     block-quote__caption\">\n\t\tMattijs Loor in zijn afscheidsspeech\t<\/p>\t<\/section>\n\t  <\/div>\n\t<\/div>\n  <\/div>\n\n\n<div\n  id=\"\"\n  class=\"wrapper wrapper__spacing-top-large--0 wrapper__spacing-top-mobile--20 wrapper__spacing-bottom-large--0 wrapper__spacing-bottom-desktop--70 wrapper__spacing-bottom-mobile--0  wrapper__gutter--none\"\n  >\n  \t<div class=\"wrapper__container wrapper__container-width-large--default\">\n\t  <div class=\"wrapper__inner wrapper__width-large--18 wrapper__width-desktop--22 wrapper__width-mobile--24 wrapper__offset-large--6 wrapper__offset-desktop--2 wrapper__offset-mobile--0\">\n\t\t<section class=\"block-post-content\">\n\t<div class=\"block-post-content__title\">\n\t\t<h3 class=\"heading  heading__color--black heading__size--medium heading__font--sans heading__weight--semiBold  block-post-content__heading\" id=\"nav-twaalf-jaar-raadswerk--zorgen---n-hoop-voor-arnhem2516\" data-nav-heading-mobile=\"Twaalf jaar raadswerk: zorgen \u00e9n hoop voor Arnhem\">\n\tTwaalf jaar raadswerk: zorgen \u00e9n hoop voor Arnhem<\/h3>\t<\/div>\n\t<div class=\"block-post-content__content\">\n\t\t\n<div\n  id=\"\"\n  class=\"wrapper wrapper__spacing-top-large--0 wrapper__spacing-top-mobile--20 wrapper__spacing-bottom-large--10 wrapper__spacing-bottom-desktop--20 wrapper__spacing-bottom-mobile--10  wrapper__gutter--none\"\n  >\n  \t<div class=\"wrapper__container wrapper__container-width-large--default\">\n\t  <div class=\"wrapper__inner wrapper__width-large--24 wrapper__width-mobile--24\">\n\t\t<p\n\t\tclass=\"paragraph paragraph__align--left paragraph__color--black paragraph__size--default   block-paragraph__paragraph\"\n\t\t\t>\n\t\t<strong>Mattijs Loor<\/strong>: <em>\u201cVoorzitter, mijn voorbereiding voor vanavond begon ruim een jaar geleden al. Met lichte jaloezie richting mijn toen 5-jarige nichtje Renske. Die had een uiterst modieus jasje aan van Arnhemse makelij. En u snapt, ik moest er voor vanavond ook \u00e9\u00e9n laten maken. Voor wie nu denkt: dat wil ik ook. Ik heb begrepen dat de maakster zich na dit project weer toelegt op kindermaatjes: mijn moeder is van hetzelfde soort mild ongeduldig als ik. Ik verzeker u, dat is niet de beste kwaliteit voor een raadslid. Dingen duren lang in dit huis!<\/em><br><br><em>Raadslid zijn is een taaie bezigheid. En het komt met vele zorgen.<\/em><br><em>Kleine zorgen. Bijvoorbeeld dat na inmiddels zes jaar discussi\u00ebren er ook deze week nog geen aanzet tot een opzet van een accommodatiebeleid ligt. Dat klinkt abstract, dus voor de ondertiteling: het ontbreekt in veel wijken aan goede plekken voor ontmoeting, plekken voor muziekonderwijs en voor verenigingen. We zijn drie wethouders verder en in de voortgangsrapportage van deze week is geen voortgang te bespeuren. Ik zal verder niet te kritisch zijn. Ik heb vorige week in de ledenvergadering mijn nieuwe D66-collega\u2019s al opgeroepen dat de komende jaren vooral w\u00e9l te zijn. En soms wordt geduld beloond. Want 13 jaar na de toezegging daarover van wethouder Van Geffen, in een benauwd zaaltje in Malburgen, opent morgen het nieuwe buurthuis De Hobbit! Zo snel kan het gaan!<\/em><br><br><em>Er zijn ook gr\u00f3te zorgen.<\/em> <em>Bijvoorbeeld de opkomst bij verkiezingen. De oplossing voor dat probleem ligt in ieder geval niet besloten in de politieke verplaswedstrijd tussen de heren Smeulders en Elfrink in deze zaal vorige week, over wie het meest succesvol afgehaakte kiezers vertegenwoordigt (de conclusie: geen van beide, de kiezers waren immers afgehaakt). Oprechte en langdurige betrokkenheid bij inwoners is eerder de oplossing. En nee, dat levert geen stemmen op (of in ieder geval voor mij in heel Malburgen afgelopen verkiezingen maar 10), maar wel verbinding en wederzijdse waardering die op lange termijn leidt tot minder mensen die afhaken.<\/em><br><br><em>Dan een n\u00f3g grotere zorg.<\/em> <em>De ruimte voor mensen om in vrijheid zichzelf te zijn, staat meer onder druk dan toen ik 12 jaar geleden in de raad begon. Zelfs in Arnhem. Mijn grootste zorg, nu, in deze stad, is dan ook de opkomst van conservatisme en rechts-extremisme. Het bewust afremmen van inclusie binnen allerlei organisaties, omdat dat maar \u2018woke\u2019 zou lijken. Social media profeten die hunkeren naar een jaren \u201950 verhouding tussen mannen en vrouwen en voor wie trans- of non-binaire personen \u00fcberhaupt niet bestaan. Politieke partijen die openlijk flirten met totalitair gedachtengoed en die neonazisme goedpraten. Dat is doodeng!<\/em> <em>Het is misschien een harde boodschap op deze feestelijke avond. Maar zoals scheidend politiek verslaggever Lemyae Aharouay dit weekend schreef: \u201cWe hoeven niet blind te zijn voor wat we herkennen.\u201d<\/em><br><br><em>Er is ook hoop. In de eigenzinnigheid en verbeeldingskracht die Arnhem tot leven wekt. In de jaren dat ik mijn studie afrondde en mijn politieke bezigheden begon, was er een jonge fotograaf die me beter naar de stad leerde kijken, Jip. Hij was nooit Arnhemmer. Daar was hij denk ik te optimistisch voor. Door de juiste lens, letterlijk of figuurlijk, ontdekte ik in die jaren de kleine vonkjes die Arnhem zo\u2019n mooie stad maken. De energie onder de oppervlakte die soms ineens tot uitbarsting komt. Feestjes vol eigenzinnige mensen in caf\u00e9 Tape op de Hommelstraat. Een ijskoude, maar zonnige Koningsdag met al het oranje vastgelegd in zwartwit. Een voorjaarsconcert in Sonsbeek. De dingen die de stad laten zoemen (of bruisen, zou mijn opvolger Joris Brandts zeggen). Ik ontdekte in die jaren hoe Arnhem kan voelen als je al het moois dat er is leert zien. (En ook hoe mooi en feestelijk dingen soms zijn, juist als er g\u00e9\u00e9n vergunning voor is aangevraagd.)<\/em><br><em>Jip overleed vorig jaar, veel te jong, en kan al die andere, soms wat pessimistische Arnhemmers niet meer helpen om het te gaan zien. Dus mijn oproep is aan deze raad, om te blijven inzetten op die vonk, dat zoemen, dat moois wat Arnhem zo Arnhems maakt en waar we stiekem (hoe hard we ook zeuren), als we het zien, allemaal zo graag van genieten.<\/em><br><br><em>U merkt, ik draai er wat omheen. Maar het wordt tijd om afscheid te nemen. Aan het begin van de afgelopen raadsperiode wist ik dat er inhoudelijk ijzersterke nieuwe D66-raadsleden klaarstonden. Mijn grootste uitdaging was er een werkende, toekomstbestendige fractie uit te laten ontstaan. Ik zal hier niet de afscheidsspeech van Hans Eli\u00ebns overdoen. Maar al zijn complimenten over het team van D66 waren terecht! Joris, Suzan, Wimer, Carolien, Hans, Jorick, Lonneke, Dennis, Alexander, Marnix en ook Nermina. Zonder jullie inzicht, harde werken en effectieve tegenspraak was het mij nooit gelukt een succesvolle fractie te leiden.<\/em> <em>Maar ook de samenwerking met Sabine, Maarten, Sjoerd, Susan en Patrick zal ik niet vergeten. Net als nog wat langer geleden Yvonne, Werner, Ibrahim, Martijn \u2013 die me opnieuw leerde rekenen \u2013 en Hans Giesing \u2013 die me thuis liet voelen in \u2018Team D66\u2019.<\/em><br><br><em>En voorzitter, nu k\u00e1n ik verder gaan met het lijstje van te bedanken collega\u2019s buiten D66, maar ik weet ook hoe ongeduldig u in de loop van een avond kunt worden\u2026 Een paar wil ik er toch niet onvermeld laten. Dank Steffenie en Mark. Onder de naam \u2018Seniorenconvent\u2019 (sorry Nico) deelden we de minst gebruikte maar meest productieve whatsappgroep. Die kwam enkel tot leven als er \u00e9cht iets geregeld moest worden voor de stad of voor de raad. En als we dat samen oppakten, lukte het!<\/em><br><em>En dank aan onze onvolprezen voormalig vicevoorzitter Klaartje. En dan vooral voor het feit dat aan je gezicht altijd direct te zien was wat je ergens van vond. Het maakte lange raadsvergaderingen zoveel beter vol te houden! Alle andere collega\u2019s in het college en in de raad die ik nu niet genoemd heb: ook jullie bedankt voor alles!<\/em><br><em>En dan de medewerkers van de griffie: dank voor de ondersteuning al die jaren lang. In het bijzonder Jozef, ik weet dat ik soms lastig was of veel vroeg. Dank voor je enorme inzet en ik hoop dat het de commissie werkgeverschap snel lukt om een waardige opvolger voor je te vinden. Zodat je wat kan uitrusten van mijn gedram.<\/em><br><br><em>Voorzitter, er treed morgen een nieuwe generatie aan. Ik zei het al in juni vorig jaar: er rust een enorme verantwoordelijkheid op jullie schouders. Een verantwoordelijkheid voor de vrijheid van alle Arnhemmers. De vrijheid om naar eigen inzicht hun leven vorm te geven. Om vrij te zijn van ziekte, honger of kou. Vrij van geweld, van discriminatie en van onderdrukking. Dat is een verantwoordelijkheid waar je bang van kan worden!<\/em><br><em>En dan is er ook nog dit theater. De enorme afstand, het oversteken van de zaal naar dit spreekgestoelte. Het voelt de eerste maanden als een opkomst in slow-motion, waarbij je ieder moment door je enkels kan zakken. Een omgeving waar iedereen de hele tijd iets vindt, ook van jou. Het compliment van collega\u2019s \u201cje kon merken dat je het meende\u201d, na een belangrijke bijdrage met iets trillende stem. Het betekende voor mij dat het betoog niet alleen wat persoonlijk was, maar ook gewoon spannend om uit te spreken.<\/em><br><br><em>En voorzitter, dat spannende maakt te meer dat een nieuwe raad zich zou moeten inzetten om een veilige omgeving te zijn voor iedereen. Ook voor meer introverte of enigszins onzekere nieuwe collega\u2019s. Ook voor vrouwen die veel vaker dan mannen in de politiek het slachtoffer zijn van intimidatie. Het maakt dat u nooit meer mag accepteren dat mensen in en rond deze zaal worden bespot, ge\u00efntimideerd of uitgelachen. Want voorzitter, hoe kan de raad besluitvaardig zijn en de juiste keuzes maken voor een Arnhem waar iedereen in vrijheid zichzelf kan zijn, als die vrijheid er in dit huis niet is?<\/em><br><br><em>Ik wens de raad eigenzinnigheid en verbeeldingskracht. Pas goed op de stad, maar ook op elkaar. Ik zal jullie missen.\u201d<\/em><br><br><br>\t<\/p>\t  <\/div>\n\t<\/div>\n  <\/div>\n\n\t<\/div>\n\n\t<div class=\"block-post-content__sidebar\">\n\t\t\n\t\t\n\t\t\t<\/div>\n<\/section>\n\t  <\/div>\n\t<\/div>\n  <\/div>\n\n\n<div\n  id=\"\"\n  class=\"wrapper wrapper__spacing-top-large--20 wrapper__spacing-top-mobile--10 wrapper__spacing-bottom-large--60 wrapper__spacing-bottom-desktop--65 wrapper__spacing-bottom-mobile--30  wrapper__gutter--none\"\n  >\n  \t<div class=\"wrapper__container wrapper__container-width-large--default\">\n\t  <div class=\"wrapper__inner wrapper__width-desktop--24 wrapper__offset-desktop--0\">\n\t\t<section class=\"block-quote\">\n\t\t\t<p class=\"paragraph  paragraph__color--black     block-quote__quote\">\n\t\tLiefde is sterker dan haat, en ik hoop dat de nieuwe raad \u00e9cht werk blijft maken van een progressieve stad voor iedereen.\t<\/p>\t\n\t\t\t<p class=\"paragraph  paragraph__color--black     block-quote__caption\">\n\t\tSuzan Kemperman in haar afscheidsspeech\t<\/p>\t<\/section>\n\t  <\/div>\n\t<\/div>\n  <\/div>\n\n\n<div\n  id=\"\"\n  class=\"wrapper wrapper__spacing-top-large--20 wrapper__spacing-top-mobile--20 wrapper__spacing-bottom-large--0 wrapper__spacing-bottom-desktop--70 wrapper__spacing-bottom-mobile--0  wrapper__gutter--none\"\n  >\n  \t<div class=\"wrapper__container wrapper__container-width-large--default\">\n\t  <div class=\"wrapper__inner wrapper__width-large--18 wrapper__width-desktop--22 wrapper__width-mobile--24 wrapper__offset-large--6 wrapper__offset-desktop--2 wrapper__offset-mobile--0\">\n\t\t<section class=\"block-post-content\">\n\t<div class=\"block-post-content__title\">\n\t\t<h3 class=\"heading  heading__color--black heading__size--medium heading__font--sans heading__weight--semiBold  block-post-content__heading\" id=\"nav-van-activist-tot-raadslid--liefde-voor-een-vrije-stad2289\" data-nav-heading-mobile=\"Van activist tot raadslid: liefde voor een vrije stad\">\n\tVan activist tot raadslid: liefde voor een vrije stad<\/h3>\t<\/div>\n\t<div class=\"block-post-content__content\">\n\t\t\n<div\n  id=\"\"\n  class=\"wrapper wrapper__spacing-top-large--0 wrapper__spacing-top-mobile--0 wrapper__spacing-bottom-large--10 wrapper__spacing-bottom-desktop--20 wrapper__spacing-bottom-mobile--10  wrapper__gutter--none\"\n  >\n  \t<div class=\"wrapper__container wrapper__container-width-large--default\">\n\t  <div class=\"wrapper__inner wrapper__width-large--24 wrapper__width-mobile--24\">\n\t\t<p\n\t\tclass=\"paragraph paragraph__align--left paragraph__color--black paragraph__size--default   block-paragraph__paragraph\"\n\t\t\t>\n\t\t<strong>Suzan Kemperman<\/strong>: <em>\u201cRuim vijftien jaar geleden werd ik lid van een politieke partij. In de Tweede Kamer was er iemand die ontzettend domme dingen zei over mijn werkveld: de ouderenzorg. Ik dacht: als ik denk dat ik het beter weet, dan moet ik er misschien ook iets mee doen.<\/em> <em>Na een ontzettend leuke en leerzame periode bij de Jonge Democraten kwam ik in 2014 voor D66 in de gemeenteraad van Arnhem. Na vier jaar besloot ik te stoppen, omdat ik graag een studie wilde doen \u00e9n moeder wilde worden.<\/em><br><em>In 2019 werd ik moeder. En juist d\u00e1t werd de reden om me voor 2022 opnieuw verkiesbaar te stellen. Want ik had een kind op deze wereld gezet, maar maakte me grote zorgen over haar toekomst. Over de leefbaarheid van de aarde voor haar generatie, maar ook omdat ik haar een stad gun waarin zij de vrijheid en veiligheid ervaart om helemaal zichzelf te mogen zijn.<\/em><br><br><em>De afgelopen vier jaar heb ik me met ontzettend veel liefde ingezet voor een vrije en progressieve stad. Ik heb me vaak een activist in de politiek gevoeld en heb altijd geprobeerd om politiek te bedrijven MET mensen en niet over. Hoewel het een bewuste keuze is om nu \u2013 definitief \u2013 te stoppen, weet ik ook dat ik het ga missen.<\/em><br><em>In deze raadsperiode hebben mijn vrouw en ik het geluk mogen ervaren om nog twee kinderen te krijgen. E\u00e9n keer was zij zwanger, en \u00e9\u00e9n keer was ik zelf zwanger. Maar ik moet eerlijk zeggen dat de hectiek van een gezin met drie jonge kinderen, een baan in de zorg en het raadswerk me niet altijd makkelijk is gevallen. Het zijn veel ballen om tegelijk in de lucht te houden.<\/em><br><em>Bovendien zijn er hopeloos ouderwetse regelingen voor raadsleden die zwanger zijn, en zelfs helemaal geen regelingen voor raadsleden van wie de partner zwanger is.<\/em><br><em>Het is jammer dat juist het ouderschap nu de belangrijkste reden is om te stoppen met het raadswerk, omdat ik vind dat er \u00f3\u00f3k voor jonge moeders en ouders plek moet zijn in de gemeentepolitiek. Daarom doet het me extra goed dat er morgen in de nieuwe raad weer jonge moeders be\u00ebdigd zullen worden.<\/em><br><br><em>Ik kijk vanavond ook trots en tevreden terug op wat ik heb mogen bereiken:<\/em><br><em>\u2022\u00a0uitbreiding van de PrEP-zorg;<\/em><br><em>\u2022\u00a0vergoeding van wijziging van geslachtsregistratie;<\/em><br><em>\u2022\u00a0ondertekening van het Manifest Demonstratierecht van Amnesty;<\/em><br><em>\u2022\u00a0blijvende aandacht voor destigmatisering en decriminalisering van sekswerk, met als kers op de taart vorige maand het toestaan van thuissekswerk;<\/em><br><em>\u2022\u00a0het permanent hijsen van de regenboogvlag bij het stadhuis;<\/em><br><em>\u2022\u00a0het voortzetten van het straathoekwerk;<\/em><br><em>\u2022\u00a0meer aandacht voor de veiligheid van vrouwen in de publieke ruimte;<\/em><br><em>\u2022\u00a0en, last but not least: er komen 2(!) extra woningen in het Laarkwartier.<\/em><br><br><em>In een tijd waarin conservatieve stromingen groter worden, haat soms de boventoon voert en vrijheden die we lang voor vanzelfsprekend hebben genomen weer ter discussie staan, kunnen we wel stellen dat stilstand achteruitgang is.<\/em><br><em>Maar aan de nieuwe raad wil ik meegeven dat liefde sterker is dan haat en ik hoop dat de nieuwe raad ook \u00e9cht werk blijft maken van een progressieve en vrijzinnige stad waarin iedereen zichzelf mag en kan zijn. Want niemand is vrij tot iedereen vrij is.<\/em><br><br><em>Dan nog een woord van dank. Bedankt aan de griffie voor de fijne ondersteuning, de ambtenaren voor alle kennis en expertise die zij elke dag inbrengen om onze stad mooier te maken. Dank aan het college voor het uitvoeren van een ambitieus coalitieakkoord. Bedankt aan mijn coalitiegenoten. Voor het eerst sinds TIJDEN, hebben we de rit met elkaar uitgezeten. Bedankt aan mijn collega-raadsleden voor de fijne samenwerking, in verwachte en soms ook onverwachte hoeken.<\/em><br><br><em>Bedankt aan mijn fractie, ik heb nog nooit met zoveel eigenwijze mensen bij elkaar samen gewerkt (mijn tante gaat nu lachen, want ik ben geen haar beter), maar die eigenwijze mensen bij elkaar, waren samen wel ook de meest productieve fractie, dus voor iedereen: zie dit maar als een aanmoediging om eigenwijs te zijn!<\/em><br><em>En tot slot mijn dank aan Anke, zonder jou had ik deze periode niet raadslid kunnen zijn. Bedankt voor de stap extra die je thuis hebt gedaan en ik kijk enorm uit om met de tijd die vrij komt, samen te kunnen genieten van ons gezin!<\/em> <em>Dank jullie wel.\u201d<\/em><br><br><br>\t<\/p>\t  <\/div>\n\t<\/div>\n  <\/div>\n\n\t<\/div>\n\n\t<div class=\"block-post-content__sidebar\">\n\t\t\n\t\t\n\t\t\t<\/div>\n<\/section>\n\t  <\/div>\n\t<\/div>\n  <\/div>\n\n\n<div\n  id=\"\"\n  class=\"wrapper wrapper__spacing-top-large--20 wrapper__spacing-top-mobile--10 wrapper__spacing-bottom-large--60 wrapper__spacing-bottom-desktop--65 wrapper__spacing-bottom-mobile--30  wrapper__gutter--none\"\n  >\n  \t<div class=\"wrapper__container wrapper__container-width-large--default\">\n\t  <div class=\"wrapper__inner wrapper__width-desktop--24 wrapper__offset-desktop--0\">\n\t\t<section class=\"block-quote\">\n\t\t\t<p class=\"paragraph  paragraph__color--black     block-quote__quote\">\n\t\tBlijf die morele vraag stellen, juist als het ingewikkeld wordt, want uiteindelijk worden we herinnerd om de grenzen die we bewaken.\t<\/p>\t\n\t\t\t<p class=\"paragraph  paragraph__color--black     block-quote__caption\">\n\t\tCarolien Zwijnepoel in haar afscheidsspeech\t<\/p>\t<\/section>\n\t  <\/div>\n\t<\/div>\n  <\/div>\n\n\n<div\n  id=\"\"\n  class=\"wrapper wrapper__spacing-top-large--20 wrapper__spacing-top-mobile--20 wrapper__spacing-bottom-large--0 wrapper__spacing-bottom-desktop--70 wrapper__spacing-bottom-mobile--0  wrapper__gutter--none\"\n  >\n  \t<div class=\"wrapper__container wrapper__container-width-large--default\">\n\t  <div class=\"wrapper__inner wrapper__width-large--18 wrapper__width-desktop--22 wrapper__width-mobile--24 wrapper__offset-large--6 wrapper__offset-desktop--2 wrapper__offset-mobile--0\">\n\t\t<section class=\"block-post-content\">\n\t<div class=\"block-post-content__title\">\n\t\t<h3 class=\"heading  heading__color--black heading__size--medium heading__font--sans heading__weight--semiBold  block-post-content__heading\" id=\"nav-tussen-paaltjes-en-morele-keuzes--een-politieke-reis6526\" data-nav-heading-mobile=\"Tussen paaltjes en morele keuzes: een politieke reis\">\n\tTussen paaltjes en morele keuzes: een politieke reis<\/h3>\t<\/div>\n\t<div class=\"block-post-content__content\">\n\t\t\n<div\n  id=\"\"\n  class=\"wrapper wrapper__spacing-top-large--0 wrapper__spacing-top-mobile--0 wrapper__spacing-bottom-large--10 wrapper__spacing-bottom-desktop--20 wrapper__spacing-bottom-mobile--10  wrapper__gutter--none\"\n  >\n  \t<div class=\"wrapper__container wrapper__container-width-large--default\">\n\t  <div class=\"wrapper__inner wrapper__width-large--24 wrapper__width-mobile--24\">\n\t\t<p\n\t\tclass=\"paragraph paragraph__align--left paragraph__color--black paragraph__size--default   block-paragraph__paragraph\"\n\t\t\t>\n\t\t<strong>Carolien Zwijnepoel<\/strong>: <em>\u201cVoorzitter, collega-raadsleden, wethouders, griffie en iedereen die thuis meekijkt. Ik wil deze speech gebruiken voor een aantal bekentenissen. De eerste daarvan is: toen ik begon als raadslid, dacht ik dat ik hier vooral bezig zou zijn met grote visies, meeslepende debatten en historische besluiten. En ja \u2014 die zijn er geweest. Maar eerlijk is eerlijk: ik heb ook uren van mijn leven besteed aan\u2026 paaltjes. Heel veel paaltjes. Verkeerspaaltjes, fietspaaltjes, paaltjes die weg moesten, paaltjes die juist terug moesten. Stoeptegels \u2014 afgesleten stoeptegels. Klinkers. Kleuren. En bomen\u2026 zo ver dat het zelfs ging over rijdende bomen. En nog maar te zwijgen over alle kwartieren die we hebben besteed aan de jawel, de vergaderorde\u2026 En ergens, tussen die paaltjes en stoeptegels, gebeurde iets opmerkelijks. Ik merkte dat we het over alles hadden \u2014 behalve over waar het echt over zou moeten gaan.<br>\u00a0<br>Voorzitter, ik miste soms de moraliteit. En dat is mijn tweede bekentenis. We doen hier alsof politiek draait om cijfers, plannen en haalbaarheid. Alsof het gaat om het juiste amendement, de beste formulering, de slimste coalitie. Maar politiek is in de kern iets anders. Het is de plek waar we bepalen wat we rechtvaardig vinden. Wat we acceptabel vinden. Waar onze grenzen liggen. En juist daarom is het ook de plek waar het mis kan gaan. Want het is verleidelijk. Om dingen een beetje recht te praten. Om compromissen te sluiten die n\u00e9t iets verder gaan dan je eigenlijk wilde. Om te denken: \u201cDit is nu eenmaal hoe het spel gespeeld wordt.\u201d<br>\u00a0<br>Maar ik wil \u2014 juist tegen nieuwe raadsleden \u2014 zeggen: pas daarvoor op. Niet alles wat kan, moet je willen. En niet alles wat slim is, is ook juist. Er zullen momenten komen waarop niemand je tegenhoudt. Waarop niemand zegt: \u201cIs dit eigenlijk wel eerlijk?\u201d Dat is het moment waarop je het jezelf moet afvragen. Kun je hier vanavond mee naar huis? Kun je straks in bed liggen en denken: dit was rechtvaardig? Niet: dit was handig. Niet: dit was politiek verstandig. Maar: dit was juist. Want uiteindelijk ben je niet alleen verantwoordelijk voor wat je hier zegt, maar ook voor wat je hier goedpraat of negeert.<br>\u00a0<br>Een paar weken geleden is mijn wereld veranderd. Ik heb een kind gekregen. En ineens kijk je anders. De wereld voelt groter, maar ook onrustiger. Kwetsbaarder. En tegelijkertijd wordt \u00e9\u00e9n ding glashelder: hoe ver je bereid bent te gaan om je kind te beschermen. Ik dacht altijd dat ik redelijk nuchter was. Dat ik dingen wel zou relativeren. Dat \u201chet zo\u2019n vaart niet zou lopen\u201d. Maar nu? Nu betrap ik mezelf erop dat ik nadenk over dingen waar ik vroeger een beetje om glimlachte. Water opslaan, zoals de overheid adviseert, niet voor mij, nee voor hem. Scenario\u2019s doordenken waarvan je hoopt dat ze nooit werkelijkheid worden.<br>En ik stelde mezelf een vraag. Wat als het echt moet? Wat als ik moet vertrekken \u2014 ver weg \u2014 om ervoor te zorgen dat mijn zoon veilig is? Dan ga ik. Dan pak ik wat ik kan dragen. Mijn telefoon \u2014 zodat mensen weten dat ik veilig ben. Misschien wat sieraden, iets van waarde. Dingen die je niet kunt vervangen. En verder\u2026 laat je alles achter. Mijn huis, mijn leven, alles.<br><br>En stel dat het nodig is \u2014 zou ik dan tegen mijn partner zeggen: ga jij alvast vooruit, als dat betekent dat onze zoon meer kans heeft om veilig te zijn? Ja, dat zou ik doen. En toen kwam de volgende gedachte. Ik kom ergens aan. Met mijn kind. Met een tas. Met een telefoon. En wat zien mensen dan? Zien ze een moeder die alles achter zich heeft gelaten om haar kind te beschermen? Of zien ze iemand die \u201chet hier blijkbaar niet zo slecht had\u201d \u2014 want ja, ik heb wel een iPhone. Zeggen ze dat het land vol is? Dat ik best ergens in een gymzaal kan slapen, zolang het maar niet te dicht bij hun huis is. Vragen ze zich af wat mijn zoon hier eigenlijk komt doen? Noemen ze mij een gelukzoeker? Iemand die op zoek is naar een beter leven? Zeggen ze dat ik lui ben? Dat ik mijn hand ophoud? Want misschien \u2014 misschien werkte ik wel niet eens meer in mijn eigen land. Misschien was ik alles al kwijt.<br>\u00a0<br>Voorzitter ik ga nog 1 keer doen waar ik 4 jaar geleden voor besteld was. Dit is hoe wij kijken naar mensen die precies dat doen. Want deze mensen hebben hun eigen Victor, hun eigen Maxime, Julia, Teun of Arvid. Mensen die alles achterlaten. Niet omdat ze dat willen, maar omdat ze geen keuze meer hebben. En ja \u2014 er zijn grenzen aan wat een samenleving aankan. Natuurlijk zijn er vragen over draagvlak, over organisatie, over capaciteit. Maar daaronder ligt een diepere vraag. Niet: hoeveel kunnen we aan? Maar: wie willen we zijn? Zijn we een land dat mensen reduceert tot dossiers, tot aantallen, tot problemen? Of zijn we een land dat \u2014 juist op het moeilijkste moment \u2014 vasthoudt aan menselijkheid? Dat is geen makkelijke vraag. Maar het is wel een morele vraag. En daar begon ik mee. Tussen de paaltjes en de stoeptegels.<br><br>Voorzitter, als ik iets mag meegeven, dan is het dit: Blijf die morele vraag stellen. Juist als het ingewikkeld wordt. Juist als de druk toeneemt. Juist als het politiek aantrekkelijker is om hem niet te stellen. Want uiteindelijk worden we niet herinnerd om de paaltjes die we hebben verplaatst. Maar om de grenzen die we hebben bewaakt. De grenzen van wat rechtvaardig is. De grenzen van wat menselijk is. En de grenzen van onszelf. Ook als het gaat over mensen hier in deze raadzaal.<br>\u00a0<br>Voorzitter, ik heb Arnhem toch wel ervaren als een ingewikkelde stad om te aarden. Je komt er niet zomaar tussen. Ik denk dat ik de Arnhemse bevolking wel kan omschrijven als\u2026 stug. Stug \u2014 maar ook ontzettend lief. Want voorzitter, ik heb hier de afgelopen jaren met ongelofelijk veel plezier gewoond. Arnhem is mijn thuis geworden. Het is de stad waar ik het allerliefst kom. De stad die ik noem als mensen mij vragen wat de mooiste stad van Nederland is. Ja\u2026 en dat voor een NEC\u2019er. Ik heb mezelf, zelfs toen ik hier al woonde, nog heel lang een Nijmegenaar genoemd. Dat zat diep. Dat ging niet zomaar weg. Maar ergens \u2014 en ik weet nog steeds niet precies wanneer \u2014 veranderde dat. Op een dag betrapte ik mezelf erop dat ik vol trots vertelde dat ik uit Arnhem kwam. Dat Arnhem eigenlijk gewoon mooier is. Fijner voelt. Meer als thuis. En toen ik op een gegeven moment zelfs zei: \u201cIk ga hier nooit meer weg\u201d\u2026<br>\u00a0<br>Toen, voorzitter, veranderde mijn hele wereld. Want met ongelofelijk veel moeite ga ik Arnhem verlaten. En dat is ook de reden dat ik heb besloten mij niet opnieuw verkiesbaar te stellen. Ik laat de stad achter waar ik het liefst doorheen loop. Waar ik mijn weg ken. Waar ik herinneringen heb opgebouwd die ik niet zomaar meeneem. En waarvoor verruil ik dat? Ja\u2026 eerlijk is eerlijk, voorzitter \u2014 voor mij voelt het toch een beetje als een dorp. Maar laat \u00e9\u00e9n ding duidelijk zijn: Arnhem blijft thuis. Het is niet de plek waar ik straks woon, maar wel de plek waar ik hoor. De plek waar ik naar terugkeer. Waarvan ik zeker weet dat ik er altijd weer zal zijn. En ik weet ook zeker \u2014 honderd procent \u2014 dat ik ooit terugkom. Of ik dan ook weer hier zal staan\u2026 Dat laat ik graag aan de tijd.<\/em><br><em><br>Voorzitter, ik wil van deze gelegenheid gebruikmaken om een aantal mensen te bedanken. Allereerst natuurlijk alle collega-raadsleden, wethouders, ambtenaren, de mensen van de techniek \u2014 en zeker de griffie. Zonder jullie draait deze raad simpelweg niet. Jullie maken het mogelijk dat wij hier soms groots en meeslepend \u2014 en soms eindeloos over paaltjes \u2014 kunnen debatteren. Maar er zijn ook een paar mensen die ik er even uit wil lichten.<br>Petra, van de griffie \u2014 ik wil je ongelofelijk bedanken. Voor je steun, je hulp en alle momenten waarop je er gewoon was. Ik heb me altijd vrij gevoeld om alles tegen je te zeggen, en ik wist ook: jij doet er alles aan om te helpen. Dat is van onschatbare waarde geweest. Echt, dank je wel.<br>Mijn fractie \u2014 voor de, laten we het vriendelijk houden, \u201cbumpy road\u201d. We hebben wat meegemaakt met elkaar. Maar juist daardoor heb ik veel geleerd. En uiteindelijk maakt dat het alleen maar waardevoller. De mensen van het landelijk bureau \u2014 op de momenten dat het nodig was, waren jullie er. Sabine en Afke, dank jullie wel daarvoor. Maarten \u2014 voor het meedenken, het spiegelen en het fungeren als klankbord op de momenten dat dat nodig was. Dat heeft echt verschil gemaakt.<br>En dan, voorzitter\u2026 Mattijs. Wij waren soms water en vuur. We konden echt ongelooflijk goed ruzie maken \u2014 en volgens mij ook allebei denken dat we gelijk hadden. Maar juist daarom wil ik dit zeggen: Ik ben ontzettend blij dat jij de afgelopen vier jaar mijn fractievoorzitter was. Je ging voor me staan. Je kwam voor me op. Je gaf me vertrouwen, juist op momenten dat dat nodig was. En je hebt me geholpen om hier te groeien. En daar ben ik je oprecht dankbaar voor. Je bent de fractievoorzitter die ik me had kunnen wensen.<br>\u00a0<br>En dan, last but not least\u2026 Arnhem. Arnhem \u2014 het zit erop. Na vier jaar neem ik afscheid. Met pijn, en eerlijk gezegd ook met moeite. Maar boven alles met dankbaarheid. Want het was de grootste eer die ik me kan voorstellen: om deze stad te mogen vertegenwoordigen. Het ga jullie goed.\u201d<br>\u00a0<\/em>\t<\/p>\t  <\/div>\n\t<\/div>\n  <\/div>\n\n\t<\/div>\n\n\t<div class=\"block-post-content__sidebar\">\n\t\t\n\t\t\n\t\t\t<\/div>\n<\/section>\n\t  <\/div>\n\t<\/div>\n  <\/div>\n","protected":false},"excerpt":{"rendered":"","protected":false},"author":394,"featured_media":6931,"comment_status":"closed","ping_status":"open","sticky":false,"template":"","format":"standard","meta":{"_acf_changed":false,"footnotes":""},"categories":[1],"labels":[],"search-tags":[12],"class_list":["post-6924","post","type-post","status-publish","format-standard","has-post-thumbnail","hentry","category-d66-arnhem","search-tags-democratie-bestuur"],"acf":[],"yoast_head":"<!-- This site is optimized with the Yoast SEO plugin v27.3 - https:\/\/yoast.com\/product\/yoast-seo-wordpress\/ -->\n<title>D66 Arnhem &#8212; Afscheid raadsleden 2026<\/title>\n<meta name=\"description\" content=\"Dinsdagavond 31 maart 2026 markeerde een speciaal moment in de Arnhemse politiek: de Afscheidsraad. Tijdens deze bijzondere raadsvergadering namen drie D66-raadsleden afscheid: Mattijs Loor, Suzan Kemperman en Carolien Zwijnepoel. Met hun uiteenlopende ervaring \u2013 van twaalf jaar tot \u00e9\u00e9n periode \u2013 deelden zij persoonlijke verhalen, reflecties en een duidelijke boodschap voor de nieuwe raad. Hun speeches waren een mix van betrokkenheid, zorg en inspiratie, en laten een erfenis achter van aandacht voor vrijheid, inclusie en morele verantwoordelijkheid.\" \/>\n<meta name=\"robots\" content=\"index, follow, max-snippet:-1, max-image-preview:large, max-video-preview:-1\" \/>\n<link rel=\"canonical\" href=\"https:\/\/d66.nl\/arnhem\/nieuws\/afscheid-raadsleden-2026\" \/>\n<meta property=\"og:locale\" content=\"nl_NL\" \/>\n<meta property=\"og:type\" content=\"article\" \/>\n<meta property=\"og:title\" content=\"D66 Arnhem &#8212; Afscheid raadsleden 2026\" \/>\n<meta property=\"og:description\" content=\"Dinsdagavond 31 maart 2026 markeerde een speciaal moment in de Arnhemse politiek: de Afscheidsraad. Tijdens deze bijzondere raadsvergadering namen drie D66-raadsleden afscheid: Mattijs Loor, Suzan Kemperman en Carolien Zwijnepoel. Met hun uiteenlopende ervaring \u2013 van twaalf jaar tot \u00e9\u00e9n periode \u2013 deelden zij persoonlijke verhalen, reflecties en een duidelijke boodschap voor de nieuwe raad. Hun speeches waren een mix van betrokkenheid, zorg en inspiratie, en laten een erfenis achter van aandacht voor vrijheid, inclusie en morele verantwoordelijkheid.\" \/>\n<meta property=\"og:url\" content=\"https:\/\/d66.nl\/arnhem\/nieuws\/afscheid-raadsleden-2026\/\" \/>\n<meta property=\"og:site_name\" content=\"D66 Arnhem\" \/>\n<meta property=\"article:published_time\" content=\"2026-04-03T12:17:34+00:00\" \/>\n<meta property=\"article:modified_time\" content=\"2026-04-07T11:43:51+00:00\" \/>\n<meta property=\"og:image\" content=\"https:\/\/media.d66.nl\/uploads\/sites\/154\/2026\/04\/2026-03-31-Afscheidsraad-met-Mattijs-Suzan-Carolien-scaled.jpg\" \/>\n\t<meta property=\"og:image:width\" content=\"2560\" \/>\n\t<meta property=\"og:image:height\" content=\"1440\" \/>\n\t<meta property=\"og:image:type\" content=\"image\/jpeg\" \/>\n<meta name=\"author\" content=\"lonneke\" \/>\n<meta name=\"twitter:card\" content=\"summary_large_image\" \/>\n<meta name=\"twitter:label1\" content=\"Geschreven door\" \/>\n\t<meta name=\"twitter:data1\" content=\"lonneke\" \/>\n\t<meta name=\"twitter:label2\" content=\"Geschatte leestijd\" \/>\n\t<meta name=\"twitter:data2\" content=\"1 minuut\" \/>\n<script type=\"application\/ld+json\" class=\"yoast-schema-graph\">{\"@context\":\"https:\\\/\\\/schema.org\",\"@graph\":[{\"@type\":\"Article\",\"@id\":\"https:\\\/\\\/d66.nl\\\/arnhem\\\/nieuws\\\/afscheid-raadsleden-2026\\\/#article\",\"isPartOf\":{\"@id\":\"https:\\\/\\\/d66.nl\\\/arnhem\\\/nieuws\\\/afscheid-raadsleden-2026\\\/\"},\"author\":{\"name\":\"lonneke\",\"@id\":\"https:\\\/\\\/d66.nl\\\/arnhem\\\/#\\\/schema\\\/person\\\/df09ebdc36727fe23f15356876dbc11a\"},\"headline\":\"Afscheid raadsleden 2026\",\"datePublished\":\"2026-04-03T12:17:34+00:00\",\"dateModified\":\"2026-04-07T11:43:51+00:00\",\"mainEntityOfPage\":{\"@id\":\"https:\\\/\\\/d66.nl\\\/arnhem\\\/nieuws\\\/afscheid-raadsleden-2026\\\/\"},\"wordCount\":2,\"publisher\":{\"@id\":\"https:\\\/\\\/d66.nl\\\/arnhem\\\/#organization\"},\"image\":{\"@id\":\"https:\\\/\\\/d66.nl\\\/arnhem\\\/nieuws\\\/afscheid-raadsleden-2026\\\/#primaryimage\"},\"thumbnailUrl\":\"https:\\\/\\\/media.d66.nl\\\/uploads\\\/sites\\\/154\\\/2026\\\/04\\\/2026-03-31-Afscheidsraad-met-Mattijs-Suzan-Carolien-scaled.jpg\",\"articleSection\":[\"D66 Arnhem\"],\"inLanguage\":\"nl-NL\"},{\"@type\":\"WebPage\",\"@id\":\"https:\\\/\\\/d66.nl\\\/arnhem\\\/nieuws\\\/afscheid-raadsleden-2026\\\/\",\"url\":\"https:\\\/\\\/d66.nl\\\/arnhem\\\/nieuws\\\/afscheid-raadsleden-2026\\\/\",\"name\":\"D66 Arnhem &#8212; Afscheid raadsleden 2026\",\"isPartOf\":{\"@id\":\"https:\\\/\\\/d66.nl\\\/arnhem\\\/#website\"},\"primaryImageOfPage\":{\"@id\":\"https:\\\/\\\/d66.nl\\\/arnhem\\\/nieuws\\\/afscheid-raadsleden-2026\\\/#primaryimage\"},\"image\":{\"@id\":\"https:\\\/\\\/d66.nl\\\/arnhem\\\/nieuws\\\/afscheid-raadsleden-2026\\\/#primaryimage\"},\"thumbnailUrl\":\"https:\\\/\\\/media.d66.nl\\\/uploads\\\/sites\\\/154\\\/2026\\\/04\\\/2026-03-31-Afscheidsraad-met-Mattijs-Suzan-Carolien-scaled.jpg\",\"datePublished\":\"2026-04-03T12:17:34+00:00\",\"dateModified\":\"2026-04-07T11:43:51+00:00\",\"description\":\"Dinsdagavond 31 maart 2026 markeerde een speciaal moment in de Arnhemse politiek: de Afscheidsraad. Tijdens deze bijzondere raadsvergadering namen drie D66-raadsleden afscheid: Mattijs Loor, Suzan Kemperman en Carolien Zwijnepoel. Met hun uiteenlopende ervaring \u2013 van twaalf jaar tot \u00e9\u00e9n periode \u2013 deelden zij persoonlijke verhalen, reflecties en een duidelijke boodschap voor de nieuwe raad. Hun speeches waren een mix van betrokkenheid, zorg en inspiratie, en laten een erfenis achter van aandacht voor vrijheid, inclusie en morele verantwoordelijkheid.\",\"breadcrumb\":{\"@id\":\"https:\\\/\\\/d66.nl\\\/arnhem\\\/nieuws\\\/afscheid-raadsleden-2026\\\/#breadcrumb\"},\"inLanguage\":\"nl-NL\",\"potentialAction\":[{\"@type\":\"ReadAction\",\"target\":[\"https:\\\/\\\/d66.nl\\\/arnhem\\\/nieuws\\\/afscheid-raadsleden-2026\\\/\"]}]},{\"@type\":\"ImageObject\",\"inLanguage\":\"nl-NL\",\"@id\":\"https:\\\/\\\/d66.nl\\\/arnhem\\\/nieuws\\\/afscheid-raadsleden-2026\\\/#primaryimage\",\"url\":\"https:\\\/\\\/media.d66.nl\\\/uploads\\\/sites\\\/154\\\/2026\\\/04\\\/2026-03-31-Afscheidsraad-met-Mattijs-Suzan-Carolien-scaled.jpg\",\"contentUrl\":\"https:\\\/\\\/media.d66.nl\\\/uploads\\\/sites\\\/154\\\/2026\\\/04\\\/2026-03-31-Afscheidsraad-met-Mattijs-Suzan-Carolien-scaled.jpg\",\"width\":2560,\"height\":1440},{\"@type\":\"BreadcrumbList\",\"@id\":\"https:\\\/\\\/d66.nl\\\/arnhem\\\/nieuws\\\/afscheid-raadsleden-2026\\\/#breadcrumb\",\"itemListElement\":[{\"@type\":\"ListItem\",\"position\":1,\"name\":\"Home\",\"item\":\"https:\\\/\\\/d66.nl\\\/arnhem\\\/\"},{\"@type\":\"ListItem\",\"position\":2,\"name\":\"Nieuws\",\"item\":\"https:\\\/\\\/d66.nl\\\/arnhem\\\/nieuws\\\/\"},{\"@type\":\"ListItem\",\"position\":3,\"name\":\"Afscheid raadsleden 2026\"}]},{\"@type\":\"WebSite\",\"@id\":\"https:\\\/\\\/d66.nl\\\/arnhem\\\/#website\",\"url\":\"https:\\\/\\\/d66.nl\\\/arnhem\\\/\",\"name\":\"D66 Arnhem\",\"description\":\"Just another D66 Sites site\",\"publisher\":{\"@id\":\"https:\\\/\\\/d66.nl\\\/arnhem\\\/#organization\"},\"potentialAction\":[{\"@type\":\"SearchAction\",\"target\":{\"@type\":\"EntryPoint\",\"urlTemplate\":\"https:\\\/\\\/d66.nl\\\/arnhem\\\/?s={search_term_string}\"},\"query-input\":{\"@type\":\"PropertyValueSpecification\",\"valueRequired\":true,\"valueName\":\"search_term_string\"}}],\"inLanguage\":\"nl-NL\"},{\"@type\":\"Organization\",\"@id\":\"https:\\\/\\\/d66.nl\\\/arnhem\\\/#organization\",\"name\":\"D66\",\"url\":\"https:\\\/\\\/d66.nl\\\/arnhem\\\/\",\"logo\":{\"@type\":\"ImageObject\",\"inLanguage\":\"nl-NL\",\"@id\":\"https:\\\/\\\/d66.nl\\\/arnhem\\\/#\\\/schema\\\/logo\\\/image\\\/\",\"url\":\"https:\\\/\\\/d66.nl\\\/arnhem\\\/wp-content\\\/uploads\\\/sites\\\/2\\\/2021\\\/10\\\/d66-themas-algemeen-og.png\",\"contentUrl\":\"https:\\\/\\\/d66.nl\\\/arnhem\\\/wp-content\\\/uploads\\\/sites\\\/2\\\/2021\\\/10\\\/d66-themas-algemeen-og.png\",\"width\":1200,\"height\":628,\"caption\":\"D66\"},\"image\":{\"@id\":\"https:\\\/\\\/d66.nl\\\/arnhem\\\/#\\\/schema\\\/logo\\\/image\\\/\"}},{\"@type\":\"Person\",\"@id\":\"https:\\\/\\\/d66.nl\\\/arnhem\\\/#\\\/schema\\\/person\\\/df09ebdc36727fe23f15356876dbc11a\",\"name\":\"lonneke\",\"image\":{\"@type\":\"ImageObject\",\"inLanguage\":\"nl-NL\",\"@id\":\"https:\\\/\\\/secure.gravatar.com\\\/avatar\\\/118dbea5d2c419432ce5cf29db49930b507b52591bcdcf5c47cdce5d9784834d?s=96&d=mm&r=g\",\"url\":\"https:\\\/\\\/secure.gravatar.com\\\/avatar\\\/118dbea5d2c419432ce5cf29db49930b507b52591bcdcf5c47cdce5d9784834d?s=96&d=mm&r=g\",\"contentUrl\":\"https:\\\/\\\/secure.gravatar.com\\\/avatar\\\/118dbea5d2c419432ce5cf29db49930b507b52591bcdcf5c47cdce5d9784834d?s=96&d=mm&r=g\",\"caption\":\"lonneke\"}}]}<\/script>\n<!-- \/ Yoast SEO plugin. -->","yoast_head_json":{"title":"D66 Arnhem &#8212; Afscheid raadsleden 2026","description":"Dinsdagavond 31 maart 2026 markeerde een speciaal moment in de Arnhemse politiek: de Afscheidsraad. Tijdens deze bijzondere raadsvergadering namen drie D66-raadsleden afscheid: Mattijs Loor, Suzan Kemperman en Carolien Zwijnepoel. Met hun uiteenlopende ervaring \u2013 van twaalf jaar tot \u00e9\u00e9n periode \u2013 deelden zij persoonlijke verhalen, reflecties en een duidelijke boodschap voor de nieuwe raad. Hun speeches waren een mix van betrokkenheid, zorg en inspiratie, en laten een erfenis achter van aandacht voor vrijheid, inclusie en morele verantwoordelijkheid.","robots":{"index":"index","follow":"follow","max-snippet":"max-snippet:-1","max-image-preview":"max-image-preview:large","max-video-preview":"max-video-preview:-1"},"canonical":"https:\/\/d66.nl\/arnhem\/nieuws\/afscheid-raadsleden-2026","og_locale":"nl_NL","og_type":"article","og_title":"D66 Arnhem &#8212; Afscheid raadsleden 2026","og_description":"Dinsdagavond 31 maart 2026 markeerde een speciaal moment in de Arnhemse politiek: de Afscheidsraad. Tijdens deze bijzondere raadsvergadering namen drie D66-raadsleden afscheid: Mattijs Loor, Suzan Kemperman en Carolien Zwijnepoel. Met hun uiteenlopende ervaring \u2013 van twaalf jaar tot \u00e9\u00e9n periode \u2013 deelden zij persoonlijke verhalen, reflecties en een duidelijke boodschap voor de nieuwe raad. Hun speeches waren een mix van betrokkenheid, zorg en inspiratie, en laten een erfenis achter van aandacht voor vrijheid, inclusie en morele verantwoordelijkheid.","og_url":"https:\/\/d66.nl\/arnhem\/nieuws\/afscheid-raadsleden-2026\/","og_site_name":"D66 Arnhem","article_published_time":"2026-04-03T12:17:34+00:00","article_modified_time":"2026-04-07T11:43:51+00:00","og_image":[{"width":2560,"height":1440,"url":"https:\/\/media.d66.nl\/uploads\/sites\/154\/2026\/04\/2026-03-31-Afscheidsraad-met-Mattijs-Suzan-Carolien-scaled.jpg","type":"image\/jpeg"}],"author":"lonneke","twitter_card":"summary_large_image","twitter_misc":{"Geschreven door":"lonneke","Geschatte leestijd":"1 minuut"},"schema":{"@context":"https:\/\/schema.org","@graph":[{"@type":"Article","@id":"https:\/\/d66.nl\/arnhem\/nieuws\/afscheid-raadsleden-2026\/#article","isPartOf":{"@id":"https:\/\/d66.nl\/arnhem\/nieuws\/afscheid-raadsleden-2026\/"},"author":{"name":"lonneke","@id":"https:\/\/d66.nl\/arnhem\/#\/schema\/person\/df09ebdc36727fe23f15356876dbc11a"},"headline":"Afscheid raadsleden 2026","datePublished":"2026-04-03T12:17:34+00:00","dateModified":"2026-04-07T11:43:51+00:00","mainEntityOfPage":{"@id":"https:\/\/d66.nl\/arnhem\/nieuws\/afscheid-raadsleden-2026\/"},"wordCount":2,"publisher":{"@id":"https:\/\/d66.nl\/arnhem\/#organization"},"image":{"@id":"https:\/\/d66.nl\/arnhem\/nieuws\/afscheid-raadsleden-2026\/#primaryimage"},"thumbnailUrl":"https:\/\/media.d66.nl\/uploads\/sites\/154\/2026\/04\/2026-03-31-Afscheidsraad-met-Mattijs-Suzan-Carolien-scaled.jpg","articleSection":["D66 Arnhem"],"inLanguage":"nl-NL"},{"@type":"WebPage","@id":"https:\/\/d66.nl\/arnhem\/nieuws\/afscheid-raadsleden-2026\/","url":"https:\/\/d66.nl\/arnhem\/nieuws\/afscheid-raadsleden-2026\/","name":"D66 Arnhem &#8212; Afscheid raadsleden 2026","isPartOf":{"@id":"https:\/\/d66.nl\/arnhem\/#website"},"primaryImageOfPage":{"@id":"https:\/\/d66.nl\/arnhem\/nieuws\/afscheid-raadsleden-2026\/#primaryimage"},"image":{"@id":"https:\/\/d66.nl\/arnhem\/nieuws\/afscheid-raadsleden-2026\/#primaryimage"},"thumbnailUrl":"https:\/\/media.d66.nl\/uploads\/sites\/154\/2026\/04\/2026-03-31-Afscheidsraad-met-Mattijs-Suzan-Carolien-scaled.jpg","datePublished":"2026-04-03T12:17:34+00:00","dateModified":"2026-04-07T11:43:51+00:00","description":"Dinsdagavond 31 maart 2026 markeerde een speciaal moment in de Arnhemse politiek: de Afscheidsraad. Tijdens deze bijzondere raadsvergadering namen drie D66-raadsleden afscheid: Mattijs Loor, Suzan Kemperman en Carolien Zwijnepoel. Met hun uiteenlopende ervaring \u2013 van twaalf jaar tot \u00e9\u00e9n periode \u2013 deelden zij persoonlijke verhalen, reflecties en een duidelijke boodschap voor de nieuwe raad. Hun speeches waren een mix van betrokkenheid, zorg en inspiratie, en laten een erfenis achter van aandacht voor vrijheid, inclusie en morele verantwoordelijkheid.","breadcrumb":{"@id":"https:\/\/d66.nl\/arnhem\/nieuws\/afscheid-raadsleden-2026\/#breadcrumb"},"inLanguage":"nl-NL","potentialAction":[{"@type":"ReadAction","target":["https:\/\/d66.nl\/arnhem\/nieuws\/afscheid-raadsleden-2026\/"]}]},{"@type":"ImageObject","inLanguage":"nl-NL","@id":"https:\/\/d66.nl\/arnhem\/nieuws\/afscheid-raadsleden-2026\/#primaryimage","url":"https:\/\/media.d66.nl\/uploads\/sites\/154\/2026\/04\/2026-03-31-Afscheidsraad-met-Mattijs-Suzan-Carolien-scaled.jpg","contentUrl":"https:\/\/media.d66.nl\/uploads\/sites\/154\/2026\/04\/2026-03-31-Afscheidsraad-met-Mattijs-Suzan-Carolien-scaled.jpg","width":2560,"height":1440},{"@type":"BreadcrumbList","@id":"https:\/\/d66.nl\/arnhem\/nieuws\/afscheid-raadsleden-2026\/#breadcrumb","itemListElement":[{"@type":"ListItem","position":1,"name":"Home","item":"https:\/\/d66.nl\/arnhem\/"},{"@type":"ListItem","position":2,"name":"Nieuws","item":"https:\/\/d66.nl\/arnhem\/nieuws\/"},{"@type":"ListItem","position":3,"name":"Afscheid raadsleden 2026"}]},{"@type":"WebSite","@id":"https:\/\/d66.nl\/arnhem\/#website","url":"https:\/\/d66.nl\/arnhem\/","name":"D66 Arnhem","description":"Just another D66 Sites site","publisher":{"@id":"https:\/\/d66.nl\/arnhem\/#organization"},"potentialAction":[{"@type":"SearchAction","target":{"@type":"EntryPoint","urlTemplate":"https:\/\/d66.nl\/arnhem\/?s={search_term_string}"},"query-input":{"@type":"PropertyValueSpecification","valueRequired":true,"valueName":"search_term_string"}}],"inLanguage":"nl-NL"},{"@type":"Organization","@id":"https:\/\/d66.nl\/arnhem\/#organization","name":"D66","url":"https:\/\/d66.nl\/arnhem\/","logo":{"@type":"ImageObject","inLanguage":"nl-NL","@id":"https:\/\/d66.nl\/arnhem\/#\/schema\/logo\/image\/","url":"https:\/\/d66.nl\/arnhem\/wp-content\/uploads\/sites\/2\/2021\/10\/d66-themas-algemeen-og.png","contentUrl":"https:\/\/d66.nl\/arnhem\/wp-content\/uploads\/sites\/2\/2021\/10\/d66-themas-algemeen-og.png","width":1200,"height":628,"caption":"D66"},"image":{"@id":"https:\/\/d66.nl\/arnhem\/#\/schema\/logo\/image\/"}},{"@type":"Person","@id":"https:\/\/d66.nl\/arnhem\/#\/schema\/person\/df09ebdc36727fe23f15356876dbc11a","name":"lonneke","image":{"@type":"ImageObject","inLanguage":"nl-NL","@id":"https:\/\/secure.gravatar.com\/avatar\/118dbea5d2c419432ce5cf29db49930b507b52591bcdcf5c47cdce5d9784834d?s=96&d=mm&r=g","url":"https:\/\/secure.gravatar.com\/avatar\/118dbea5d2c419432ce5cf29db49930b507b52591bcdcf5c47cdce5d9784834d?s=96&d=mm&r=g","contentUrl":"https:\/\/secure.gravatar.com\/avatar\/118dbea5d2c419432ce5cf29db49930b507b52591bcdcf5c47cdce5d9784834d?s=96&d=mm&r=g","caption":"lonneke"}}]}},"_links":{"self":[{"href":"https:\/\/d66.nl\/arnhem\/wp-json\/wp\/v2\/posts\/6924","targetHints":{"allow":["GET"]}}],"collection":[{"href":"https:\/\/d66.nl\/arnhem\/wp-json\/wp\/v2\/posts"}],"about":[{"href":"https:\/\/d66.nl\/arnhem\/wp-json\/wp\/v2\/types\/post"}],"author":[{"embeddable":true,"href":"https:\/\/d66.nl\/arnhem\/wp-json\/wp\/v2\/users\/394"}],"replies":[{"embeddable":true,"href":"https:\/\/d66.nl\/arnhem\/wp-json\/wp\/v2\/comments?post=6924"}],"version-history":[{"count":10,"href":"https:\/\/d66.nl\/arnhem\/wp-json\/wp\/v2\/posts\/6924\/revisions"}],"predecessor-version":[{"id":6977,"href":"https:\/\/d66.nl\/arnhem\/wp-json\/wp\/v2\/posts\/6924\/revisions\/6977"}],"wp:featuredmedia":[{"embeddable":true,"href":"https:\/\/d66.nl\/arnhem\/wp-json\/wp\/v2\/media\/6931"}],"wp:attachment":[{"href":"https:\/\/d66.nl\/arnhem\/wp-json\/wp\/v2\/media?parent=6924"}],"wp:term":[{"taxonomy":"category","embeddable":true,"href":"https:\/\/d66.nl\/arnhem\/wp-json\/wp\/v2\/categories?post=6924"},{"taxonomy":"labels","embeddable":true,"href":"https:\/\/d66.nl\/arnhem\/wp-json\/wp\/v2\/labels?post=6924"},{"taxonomy":"search-tags","embeddable":true,"href":"https:\/\/d66.nl\/arnhem\/wp-json\/wp\/v2\/search-tags?post=6924"}],"curies":[{"name":"wp","href":"https:\/\/api.w.org\/{rel}","templated":true}]}}