{"id":2031,"date":"2022-05-17T20:13:00","date_gmt":"2022-05-17T20:13:00","guid":{"rendered":"https:\/\/d66.nl\/arnhem\/nieuws\/"},"modified":"2026-02-26T13:33:11","modified_gmt":"2026-02-26T13:33:11","slug":"tweede-update-over-de-formatie","status":"publish","type":"post","link":"https:\/\/d66.nl\/arnhem\/nieuws\/tweede-update-over-de-formatie","title":{"rendered":"Tweede update over de formatie"},"content":{"rendered":"<div\n  id=\"\"\n  class=\"wrapper  wrapper__spacing-bottom-large--50 wrapper__spacing-bottom-desktop--66 wrapper__spacing-bottom-mobile--76  wrapper__gutter--none\"\n  >\n  \t<div class=\"wrapper__container wrapper__container-width-large--default\">\n\t  <div class=\"wrapper__inner wrapper__width-large--14 wrapper__width-desktop--20 wrapper__width-mobile--24 wrapper__offset-large--6 wrapper__offset-desktop--4 wrapper__offset-mobile--0\">\n\t\t<h1 class=\"heading   heading__size--giant heading__font--serif heading__weight--regular  block-heading__heading\" id=\"nav-tweede-update-over-de-formatie5539\"  data-nav-heading-mobile=\"Tweede update over de formatie\" >\n\tTweede update over de formatie<\/h1>\t  <\/div>\n\t<\/div>\n  <\/div>\n\n\n<div\n  id=\"\"\n  class=\"wrapper  wrapper__spacing-bottom-large--30 wrapper__spacing-bottom-mobile--40  wrapper__gutter--none\"\n  >\n  \t<div class=\"wrapper__container wrapper__container-width-large--default\">\n\t  <div class=\"wrapper__inner wrapper__width-large--13 wrapper__width-desktop--22 wrapper__width-mobile--24 wrapper__offset-large--6 wrapper__offset-desktop--2 wrapper__offset-mobile--0\">\n\t\t<p\n\t\tclass=\"paragraph   paragraph__size--big   block-paragraph__paragraph\"\n\t\t\t>\n\t\tFormateur Paul Smeulders kwam 16 mei met een tweede voortgangsbericht over de formatie in Arnhem. Zijn inzet: 1 juni presentatie van het coalitieakkoord en de kandidaat-wethouders. Zoals <a href=\"https:\/\/www.gld.nl\/nieuws\/7674709\/kundic-kandidaat-wethouder-d66-in-arnhem\" target=\"_blank\" rel=\"noreferrer noopener\">Omroep Gelderland<\/a> al wist te onthullen, is de kandidaat-wethouder van D66 al bekend: Nermina Kundi\u0107.\t<\/p>\t  <\/div>\n\t<\/div>\n  <\/div>\n\n\n<div\n  id=\"\"\n  class=\"wrapper  wrapper__spacing-bottom-large--30 wrapper__spacing-bottom-desktop--20 wrapper__spacing-bottom-mobile--10  wrapper__gutter--none\"\n  >\n  \t<div class=\"wrapper__container wrapper__container-width-large--default\">\n\t  <div class=\"wrapper__inner wrapper__width-large--14 wrapper__width-desktop--24 wrapper__width-mobile--24 wrapper__offset-large--6 wrapper__offset-desktop--2 wrapper__offset-mobile--0\">\n\t\t<section class=\"block-related-post-metadata js-block-related-post-metadata\">\n\t<div class=\"block-related-post-metadata__content-wrapper\">\n\t\t<div class=\"block-related-post-metadata__persons\">\n\t\t\t<div class=\"related-person-info__wrapper\">\n\t\t\t<div class=\"related-person-info__item related-person-info__color--olive\">\n\t\t\t<a class=\"related-person-info__link\" href=\"https:\/\/d66.nl\/arnhem\/mensen\/mattijs-loor\/\">\n\t\t\t\t<div class=\"related-person-info__image_container\">\n\t\t\t\t<img loading=\"lazy\" decoding=\"async\" width=\"150\" height=\"150\" src=\"https:\/\/d66.nl\/arnhem\/wp-content\/uploads\/sites\/154\/2021\/10\/F_Mattijs-Loor-150x150.jpg\" class=\"related-person-info__image\" alt=\"Mattijs Loor\" \/>\t\t\t\t<\/div>\n\t\t\t\t<div class=\"related-person-info__meta\">\n\t\t\t\t\t\t\t\t\t<header class=\"related-person-info__header\">\n\t\t\t\t\t\t<h3 class=\"heading   heading__size--small heading__font--sans heading__weight--bold\" id=\"nav-mattijs-loor1897\">\n\tMattijs Loor<\/h3>\t\t\t\t\t<\/header>\n\t\t\t\t\t\t\t\t\t\t\t\t\t<div class=\"related-person-info__description\">\n\t\t\t\t\t\t<p class=\"paragraph   paragraph__size--small paragraph__weight--normal\">\n\t\tRaadslid\t<\/p>\t\t\t\t\t<\/div>\n\t\t\t\t\t\t\t\t<\/div>\n\t\t\t<\/a>\n\t\t<\/div>\n\t\t\t\t<div class=\"related-person-info__item related-person-info__color--olive\">\n\t\t\t<a class=\"related-person-info__link\" href=\"https:\/\/d66.nl\/arnhem\/mensen\/suzan-kemperman\/\">\n\t\t\t\t<div class=\"related-person-info__image_container\">\n\t\t\t\t<img loading=\"lazy\" decoding=\"async\" width=\"150\" height=\"150\" src=\"https:\/\/d66.nl\/arnhem\/wp-content\/uploads\/sites\/154\/2022\/01\/Suzan-Kemperman-150x150.jpg\" class=\"related-person-info__image\" alt=\"Suzan Kemperman\" \/>\t\t\t\t<\/div>\n\t\t\t\t<div class=\"related-person-info__meta\">\n\t\t\t\t\t\t\t\t\t<header class=\"related-person-info__header\">\n\t\t\t\t\t\t<h3 class=\"heading   heading__size--small heading__font--sans heading__weight--bold\" id=\"nav-suzan-kemperman1937\">\n\tSuzan Kemperman<\/h3>\t\t\t\t\t<\/header>\n\t\t\t\t\t\t\t\t\t\t\t\t\t<div class=\"related-person-info__description\">\n\t\t\t\t\t\t<p class=\"paragraph   paragraph__size--small paragraph__weight--normal\">\n\t\tRaadslid\t<\/p>\t\t\t\t\t<\/div>\n\t\t\t\t\t\t\t\t<\/div>\n\t\t\t<\/a>\n\t\t<\/div>\n\t\t<\/div>\t\t<\/div>\n\t\t<div class=\"block-related-post-metadata__meta\">\n\t\t\t<div class=\"block-related-post-metadata__date\">\n\t\t\t\t17.05.2022<div class=\"post-share js-post-share rs_skip_always\">\n\t<button class=\"post-share__share-button js-post-share-share-button\">\n\t\tShare\t\t<svg xmlns='http:\/\/www.w3.org\/2000\/svg' width='100px' height='100px' viewBox='0 0 24 24' fill='none'><path d='m8.684 10.658 6.629-3.314m.003 9.314-6.622-3.311M21 6a3 3 0 1 1-6 0 3 3 0 0 1 6 0ZM9 12a3 3 0 1 1-6 0 3 3 0 0 1 6 0Zm12 6a3 3 0 1 1-6 0 3 3 0 0 1 6 0Z' stroke='currentColor' stroke-width='1.5' fill='none'\/><\/svg>\t<\/button>\n\t<dialog class=\"post-share__dialog js-post-share-dialog\" aria-hidden=\"true\">\n\t\t<div class=\"post-share__dialog-header\">\n\t\t\tShare this post\t\t\t<button class=\"post-share__dialog-close js-post-share-dialog-close\">\n\t\t\t\t<svg xmlns='http:\/\/www.w3.org\/2000\/svg' width='150' height='150' viewBox='0 0 150 150' fill='none'><path d='M44.103 105.897 75 75m30.898-30.898L75 75m0 0L44.103 44.102M75 75l30.898 30.897' stroke='currentColor' stroke-width='5' fill='none'\/><\/svg>\t\t\t<\/button>\n\t\t<\/div>\n\t\t<div class=\"post-share__dialog-socials\">\n\t\t\t\t\t\t\t\t\t\t\t<a class=\"post-share__dialog-item js-post-share-dialog-item\" href=\"#\" target=\"_blank\" data-copy=&quot;true&quot;>\n\t\t\t\t\tKopier link<svg xmlns='http:\/\/www.w3.org\/2000\/svg' width='150' height='150' viewBox='0 0 150 150' fill='none'><path d='M67.468 108.679c-8.533-.512-14.164-3.583-17.407-9.983-3.242-6.314-2.815-12.713 1.195-18.6 1.706-2.56 3.584-5.035 5.46-7.594 1.537-2.048 3.584-2.475 5.462-1.195 2.047 1.45 2.389 3.498.938 5.632-1.706 2.474-3.584 4.948-5.29 7.423-3.242 4.778-2.304 11.092 2.133 14.334 4.864 3.584 11.092 2.731 14.761-1.962 1.963-2.475 3.754-5.12 5.632-7.68 1.194-1.535 2.645-2.218 4.607-1.28 1.792.854 2.645 2.39 2.304 4.267 0 .17 0 .427-.17.597-3.67 5.12-6.4 11.178-12.544 13.993-2.56 1.195-5.46 1.707-6.996 2.219l-.085-.171Z' fill='currentColor'\/><path d='M86.921 44.6c6.144.257 11.605 3.328 14.932 9.728 3.328 6.399 2.816 12.798-1.109 18.856-1.621 2.56-3.498 4.95-5.29 7.424-1.707 2.303-3.754 2.815-5.717 1.45-2.048-1.45-2.304-3.669-.597-6.058 1.621-2.304 3.328-4.608 4.949-6.911 3.498-4.95 2.56-11.348-2.133-14.761-4.779-3.499-11.178-2.475-14.847 2.56-1.792 2.388-3.498 4.863-5.205 7.252-1.62 2.218-3.583 2.56-5.546 1.11-1.877-1.366-2.218-3.414-.768-5.462 2.048-2.986 4.01-5.972 6.314-8.703 3.67-4.351 8.448-6.399 15.103-6.399l-.086-.085Z' fill='currentColor'\/><path d='M71.478 88.457c-3.498-.341-5.46-3.413-3.754-6.143 3.327-5.29 6.825-10.495 10.324-15.7 1.45-2.133 3.413-2.389 5.46-1.109 1.878 1.28 2.219 3.413.854 5.546-3.328 5.034-6.57 9.983-9.983 14.932-.683 1.024-1.963 1.621-2.901 2.389v.085Z' fill='currentColor'\/><\/svg>\t\t\t\t<\/a>\n\t\t\t\t\t\t\t\t\t\t\t<a class=\"post-share__dialog-item js-post-share-dialog-item\" href=\"mailto:?to=%20&amp;body=https%3A%2F%2Fd66.nl%2Farnhem%2Fnieuws%2Ftweede-update-over-de-formatie\" target=\"_blank\" >\n\t\t\t\t\tMail<svg xmlns='http:\/\/www.w3.org\/2000\/svg' width='40' height='40' viewBox='0 0 40 40' fill='none'><path d='M24.107 15.865a1 1 0 0 1 1.266 1.265l-1.686 5.052a1 1 0 0 1-1.654.392l-3.37-3.37a1.001 1.001 0 0 1 .392-1.654l5.052-1.685Z' fill='currentColor'\/><path d='m21.763 19.475-5.657 5.657' stroke='currentColor' stroke-width='2' stroke-linecap='round' fill='none'\/><\/svg>\t\t\t\t<\/a>\n\t\t\t\t\t\t\t\t\t\t\t<a class=\"post-share__dialog-item js-post-share-dialog-item\" href=\"https:\/\/www.linkedin.com\/sharing\/share-offsite\/?url=https%3A%2F%2Fd66.nl%2Farnhem%2Fnieuws%2Ftweede-update-over-de-formatie\" target=\"_blank\" >\n\t\t\t\t\tLinkedIn<svg xmlns='http:\/\/www.w3.org\/2000\/svg' width='40' height='40' viewBox='0 0 40 40' fill='none'><path d='M24.107 15.865a1 1 0 0 1 1.266 1.265l-1.686 5.052a1 1 0 0 1-1.654.392l-3.37-3.37a1.001 1.001 0 0 1 .392-1.654l5.052-1.685Z' fill='currentColor'\/><path d='m21.763 19.475-5.657 5.657' stroke='currentColor' stroke-width='2' stroke-linecap='round' fill='none'\/><\/svg>\t\t\t\t<\/a>\n\t\t\t\t\t\t\t\t\t\t\t<a class=\"post-share__dialog-item js-post-share-dialog-item\" href=\"https:\/\/www.facebook.com\/sharer\/sharer.php?u=https%3A%2F%2Fd66.nl%2Farnhem%2Fnieuws%2Ftweede-update-over-de-formatie\" target=\"_blank\" >\n\t\t\t\t\tFacebook<svg xmlns='http:\/\/www.w3.org\/2000\/svg' width='40' height='40' viewBox='0 0 40 40' fill='none'><path d='M24.107 15.865a1 1 0 0 1 1.266 1.265l-1.686 5.052a1 1 0 0 1-1.654.392l-3.37-3.37a1.001 1.001 0 0 1 .392-1.654l5.052-1.685Z' fill='currentColor'\/><path d='m21.763 19.475-5.657 5.657' stroke='currentColor' stroke-width='2' stroke-linecap='round' fill='none'\/><\/svg>\t\t\t\t<\/a>\n\t\t\t\t\t\t\t\t\t\t\t<a class=\"post-share__dialog-item js-post-share-dialog-item\" href=\"whatsapp:\/\/send?text=https%3A%2F%2Fd66.nl%2Farnhem%2Fnieuws%2Ftweede-update-over-de-formatie\" target=\"_blank\" >\n\t\t\t\t\tWhatsApp<svg xmlns='http:\/\/www.w3.org\/2000\/svg' width='40' height='40' viewBox='0 0 40 40' fill='none'><path d='M24.107 15.865a1 1 0 0 1 1.266 1.265l-1.686 5.052a1 1 0 0 1-1.654.392l-3.37-3.37a1.001 1.001 0 0 1 .392-1.654l5.052-1.685Z' fill='currentColor'\/><path d='m21.763 19.475-5.657 5.657' stroke='currentColor' stroke-width='2' stroke-linecap='round' fill='none'\/><\/svg>\t\t\t\t<\/a>\n\t\t\t\t\t\t\t\t\t\t\t<a class=\"post-share__dialog-item js-post-share-dialog-item\" href=\"https:\/\/x.com\/intent\/post?url=https%3A%2F%2Fd66.nl%2Farnhem%2Fnieuws%2Ftweede-update-over-de-formatie\" target=\"_blank\" >\n\t\t\t\t\tTwitter (X)<svg xmlns='http:\/\/www.w3.org\/2000\/svg' width='40' height='40' viewBox='0 0 40 40' fill='none'><path d='M24.107 15.865a1 1 0 0 1 1.266 1.265l-1.686 5.052a1 1 0 0 1-1.654.392l-3.37-3.37a1.001 1.001 0 0 1 .392-1.654l5.052-1.685Z' fill='currentColor'\/><path d='m21.763 19.475-5.657 5.657' stroke='currentColor' stroke-width='2' stroke-linecap='round' fill='none'\/><\/svg>\t\t\t\t<\/a>\n\t\t\t\t\t<\/div>\n\t<\/dialog>\n<\/div>\t\t\t<\/div>\n\t\t\t<div class=\"block-related-post-metadata__categories\">\n\t\t\t\t<div class=\"category-link__wrapper\">\n\t\t\t<div class=\"category-link__item\">\n\t\t\t<a href=\"https:\/\/d66.nl\/arnhem\/category\/d66-arnhem\/\">\n\t\t\t\tD66 Arnhem\t\t\t<\/a>\n\t\t<\/div>\n\t\t\t\t<div class=\"category-link__item\">\n\t\t\t<a href=\"https:\/\/d66.nl\/arnhem\/search-tags\/democratie-bestuur\/\">\n\t\t\t\tDemocratie en bestuur\t\t\t<\/a>\n\t\t<\/div>\n\t\t\t\t<div class=\"category-link__item\">\n\t\t\t<a href=\"https:\/\/d66.nl\/arnhem\/search-tags\/verkiezingen\/\">\n\t\t\t\tVerkiezingen\t\t\t<\/a>\n\t\t<\/div>\n\t\t<\/div>\t\t\t<\/div>\n\t\t<\/div>\n\t<\/div>\n<\/section>\n\t  <\/div>\n\t<\/div>\n  <\/div>\n\n\n<div\n  id=\"\"\n  class=\"wrapper wrapper__spacing-top-large--10 wrapper__spacing-top-mobile--10 wrapper__spacing-bottom-large--10 wrapper__spacing-bottom-desktop--70 wrapper__spacing-bottom-mobile--10  wrapper__gutter--none\"\n  >\n  \t<div class=\"wrapper__container wrapper__container-width-large--default\">\n\t  <div class=\"wrapper__inner wrapper__width-large--18 wrapper__width-desktop--22 wrapper__width-mobile--24 wrapper__offset-large--6 wrapper__offset-desktop--2 wrapper__offset-mobile--0\">\n\t\t<section class=\"block-post-content\">\n\t<div class=\"block-post-content__title\">\n\t\t<h3 class=\"heading  heading__color--black heading__size--medium heading__font--sans heading__weight--semiBold  block-post-content__heading\" id=\"nav-7882\" data-nav-heading-mobile=\"\">\n\t<\/h3>\t<\/div>\n\t<div class=\"block-post-content__content\">\n\t\t\n<div\n  id=\"\"\n  class=\"wrapper wrapper__spacing-top-large--0 wrapper__spacing-top-mobile--0 wrapper__spacing-bottom-large--10 wrapper__spacing-bottom-desktop--20 wrapper__spacing-bottom-mobile--10  wrapper__gutter--none\"\n  >\n  \t<div class=\"wrapper__container wrapper__container-width-large--default\">\n\t  <div class=\"wrapper__inner wrapper__width-large--24 wrapper__width-mobile--24\">\n\t\t<p\n\t\tclass=\"paragraph paragraph__align--left paragraph__color--black paragraph__size--default   block-paragraph__paragraph\"\n\t\t\t>\n\t\tDe coalitie-onderhandelingen tussen GroenLinks, D66, Arnhem Centraal, Partij voor de Dieren, PvdA en Volt verlopen nog steeds voorspoedig en in goede sfeer. Formateur Smeulders maakte bekend dat het de bedoeling is dat alle partijen een wethouder leveren en GroenLinks als grootste twee. Nermina Kundi\u0107 (45) is de eerste nieuwe naam van de aanstaande coalitie die nu bekend is geworden. De overige kandidaten zijn nog niet bekendgemaakt.\t<\/p>\t  <\/div>\n\t<\/div>\n  <\/div>\n\n\t<\/div>\n\n\t<div class=\"block-post-content__sidebar\">\n\t\t\n\t\t\n\t\t\t<\/div>\n<\/section>\n\t  <\/div>\n\t<\/div>\n  <\/div>\n\n\n<div\n  id=\"\"\n  class=\"wrapper wrapper__spacing-top-large--10 wrapper__spacing-top-mobile--10 wrapper__spacing-bottom-large--20 wrapper__spacing-bottom-desktop--70 wrapper__spacing-bottom-mobile--10  wrapper__gutter--none\"\n  >\n  \t<div class=\"wrapper__container wrapper__container-width-large--default\">\n\t  <div class=\"wrapper__inner wrapper__width-large--18 wrapper__width-desktop--22 wrapper__width-mobile--24 wrapper__offset-large--6 wrapper__offset-desktop--2 wrapper__offset-mobile--0\">\n\t\t<section class=\"block-post-content\">\n\t<div class=\"block-post-content__title\">\n\t\t<h3 class=\"heading  heading__color--black heading__size--medium heading__font--sans heading__weight--semiBold  block-post-content__heading\" id=\"nav-kennismaking-3457\" data-nav-heading-mobile=\"Kennismaking\">\n\tKennismaking <\/h3>\t<\/div>\n\t<div class=\"block-post-content__content\">\n\t\t\n<div\n  id=\"\"\n  class=\"wrapper wrapper__spacing-top-large--0 wrapper__spacing-top-mobile--0 wrapper__spacing-bottom-large--10 wrapper__spacing-bottom-desktop--20 wrapper__spacing-bottom-mobile--10  wrapper__gutter--none\"\n  >\n  \t<div class=\"wrapper__container wrapper__container-width-large--default\">\n\t  <div class=\"wrapper__inner wrapper__width-large--24 wrapper__width-mobile--24\">\n\t\t<p\n\t\tclass=\"paragraph paragraph__align--left paragraph__color--black paragraph__size--default   block-paragraph__paragraph\"\n\t\t\t>\n\t\tLeden van D66 Arnhem waren al eerder in de gelegenheid kennis te maken met kandidaat-wethouder Nermina Kundi\u0107. Op 23 april was er een kennismakingsmoment bij Het Arnhems Gemaal. De afgelopen periode was Kundi\u0107 wethouder in Soest en daarvoor in Veenendaal. Voor zij politiek actief werd, had zij een carri\u00e8re bij de politie. Kundi\u0107: \u201cIk ben vereerd dat de D66-fractie in Arnhem mij wil voordragen. Arnhem is natuurlijk een prachtige, creatieve en ambitieuze stad en ik heb er ontzettend zin in om daar een bijdrage aan te leveren.\u201d Binnenkort krijgen D66-leden nogmaals de mogelijkheid om met beoogd wethouder Kundi\u0107 kennis te maken.\t<\/p>\t  <\/div>\n\t<\/div>\n  <\/div>\n\n\t<\/div>\n\n\t<div class=\"block-post-content__sidebar\">\n\t\t\n\t\t\n\t\t\t<\/div>\n<\/section>\n\t  <\/div>\n\t<\/div>\n  <\/div>\n\n\n<div\n  id=\"\"\n  class=\"wrapper wrapper__spacing-top-large--10 wrapper__spacing-top-mobile--10 wrapper__spacing-bottom-large--10 wrapper__spacing-bottom-desktop--65 wrapper__spacing-bottom-mobile--20  wrapper__gutter--none\"\n  >\n  \t<div class=\"wrapper__container wrapper__container-width-large--default\">\n\t  <div class=\"wrapper__inner wrapper__width-desktop--24 wrapper__offset-desktop--0\">\n\t\t<section class=\"block-quote\">\n\t\t\t<p class=\"paragraph  paragraph__color--black     block-quote__quote\">\n\t\t\u201cArnhem is een prachtige, creatieve en ambitieuze stad en ik heb er ontzettend zin in om daar een bijdrage aan te leveren\u201d\t<\/p>\t\n\t\t\t<p class=\"paragraph  paragraph__color--black     block-quote__caption\">\n\t\tNermina Kundi\u0107\t<\/p>\t<\/section>\n\t  <\/div>\n\t<\/div>\n  <\/div>\n\n\n<div\n  id=\"\"\n  class=\"wrapper wrapper__spacing-top-large--10 wrapper__spacing-top-mobile--10 wrapper__spacing-bottom-large--40 wrapper__spacing-bottom-desktop--70 wrapper__spacing-bottom-mobile--30  wrapper__gutter--none\"\n  >\n  \t<div class=\"wrapper__container wrapper__container-width-large--default\">\n\t  <div class=\"wrapper__inner wrapper__width-large--18 wrapper__width-desktop--22 wrapper__width-mobile--24 wrapper__offset-large--6 wrapper__offset-desktop--2 wrapper__offset-mobile--0\">\n\t\t<section class=\"block-post-content\">\n\t<div class=\"block-post-content__title\">\n\t\t<h3 class=\"heading  heading__color--black heading__size--medium heading__font--sans heading__weight--semiBold  block-post-content__heading\" id=\"nav-kandidaat-met--br-groen-progressief-profiel7873\" data-nav-heading-mobile=\"Kandidaat met groen-progressief profiel\">\n\tKandidaat met <br>groen-progressief profiel<\/h3>\t<\/div>\n\t<div class=\"block-post-content__content\">\n\t\t\n<div\n  id=\"\"\n  class=\"wrapper wrapper__spacing-top-large--0 wrapper__spacing-top-mobile--0 wrapper__spacing-bottom-large--10 wrapper__spacing-bottom-desktop--20 wrapper__spacing-bottom-mobile--10  wrapper__gutter--none\"\n  >\n  \t<div class=\"wrapper__container wrapper__container-width-large--default\">\n\t  <div class=\"wrapper__inner wrapper__width-large--24 wrapper__width-mobile--24\">\n\t\t<p\n\t\tclass=\"paragraph paragraph__align--left paragraph__color--black paragraph__size--default   block-paragraph__paragraph\"\n\t\t\t>\n\t\tVolgens D66-fractievoorzitter Mattijs Loor past Kundi\u0107 goed bij de uitdagingen waar Arnhem op dit moment voor staat. \u201cZe heeft ervaring \u00e9n een nieuwe blik. Is toegankelijk, energiek en verbindend. Ook is ze iemand met een uitgesproken groen-progressief profiel.\u201d De echtgenoot van Kundi\u0107 werkt bij het Airborne Museum in Oosterbeek en ze zijn van plan naar Arnhem te verhuizen.<br><br>Voorlopig gaan de formatiegesprekken nog volop door. Namens D66 zitten Mattijs Loor en Suzan Kemperman aan de onderhandelingstafel. Na het <a href=\"https:\/\/d66.nl\/arnhem\/nieuws\/update-over-de-formatie\" target=\"_blank\" rel=\"noreferrer noopener\">eerste voortgangsbericht<\/a> van de formateur zijn er weer grote stappen gezet. Lees hieronder het tweede bericht van de formateur:<br><br><em>\u201cHierbij informeer ik u over de voortgang van de formatiegesprekken voor een nieuwe Arnhemse coalitie bestaande uit GroenLinks, D66, Arnhem Centraal, Partij voor de Dieren, PvdA en Volt.<\/em><br><em>\u00a0<\/em><br><em>De afgelopen weken hebben de partijen hun gesprekken voortvarend en in een constructieve, positieve sfeer voortgezet. Naast de reeds vastgestelde gemeenschappelijke visie, zijn nu ook alle inhoudelijke thema\u2019s besproken. Op basis van deze besprekingen zijn we gestart met het opstellen van de teksten voor een ambitieus coalitieakkoord voor Arnhem en zijn inwoners, ondernemers en maatschappelijke organisaties.<\/em><br><em>\u00a0<\/em><br><em>Alle partijen hebben aangegeven bestuursverantwoordelijkheid te willen dragen door met een eigen wethouder deel te willen nemen aan het college. Afgesproken is dat alle partijen een voltijds wethouder leveren en GroenLinks twee. Dit is wat ons betreft het meest effectief en past bij de uitdagingen waarvoor we staan. De partijen hebben de verschillende portefeuilles besproken en zijn gekomen tot een passende verdeling.<\/em><br><em>\u00a0<\/em><br><em>Het is mijn inzet om op woensdag 1 juni het coalitieakkoord en de kandidaat-wethouders te presenteren. Het raadsdebat over het akkoord en de voordracht van de wethouders zou dan mogelijk op woensdag 8 juni kunnen plaatsvinden.\u201d<\/em>\t<\/p>\t  <\/div>\n\t<\/div>\n  <\/div>\n\n\t<\/div>\n\n\t<div class=\"block-post-content__sidebar\">\n\t\t\n\t\t\n\t\t\t<\/div>\n<\/section>\n\t  <\/div>\n\t<\/div>\n  <\/div>\n","protected":false},"excerpt":{"rendered":"","protected":false},"author":394,"featured_media":2037,"comment_status":"closed","ping_status":"open","sticky":false,"template":"","format":"standard","meta":{"_acf_changed":false,"footnotes":""},"categories":[1],"search-tags":[12,32],"labels":[],"class_list":["post-2031","post","type-post","status-publish","format-standard","has-post-thumbnail","hentry","category-d66-arnhem","search-tags-democratie-bestuur","search-tags-verkiezingen"],"acf":[],"yoast_head":"<!-- This site is optimized with the Yoast SEO plugin v27.3 - https:\/\/yoast.com\/product\/yoast-seo-wordpress\/ -->\n<title>D66 Arnhem &#8212; Tweede update over de formatie<\/title>\n<meta name=\"description\" content=\"Formateur Paul Smeulders kwam 16 mei met een tweede voortgangsbericht over de formatie in Arnhem. Zijn inzet: 1 juni presentatie van het coalitieakkoord en de kandidaat-wethouders. Zoals Omroep Gelderland al wist te onthullen, is de kandidaat-wethouder van D66 al bekend: Nermina Kundi\u0107.\" \/>\n<meta name=\"robots\" content=\"index, follow, max-snippet:-1, max-image-preview:large, max-video-preview:-1\" \/>\n<link rel=\"canonical\" href=\"https:\/\/d66.nl\/arnhem\/nieuws\/tweede-update-over-de-formatie\" \/>\n<meta property=\"og:locale\" content=\"nl_NL\" \/>\n<meta property=\"og:type\" content=\"article\" \/>\n<meta property=\"og:title\" content=\"D66 Arnhem &#8212; Tweede update over de formatie\" \/>\n<meta property=\"og:description\" content=\"Formateur Paul Smeulders kwam 16 mei met een tweede voortgangsbericht over de formatie in Arnhem. Zijn inzet: 1 juni presentatie van het coalitieakkoord en de kandidaat-wethouders. Zoals Omroep Gelderland al wist te onthullen, is de kandidaat-wethouder van D66 al bekend: Nermina Kundi\u0107.\" \/>\n<meta property=\"og:url\" content=\"https:\/\/d66.nl\/arnhem\/nieuws\/tweede-update-over-de-formatie\/\" \/>\n<meta property=\"og:site_name\" content=\"D66 Arnhem\" \/>\n<meta property=\"article:published_time\" content=\"2022-05-17T20:13:00+00:00\" \/>\n<meta property=\"article:modified_time\" content=\"2026-02-26T13:33:11+00:00\" \/>\n<meta property=\"og:image\" content=\"https:\/\/d66.nl\/arnhem\/wp-content\/uploads\/sites\/154\/2022\/05\/Nermina-Kundic-foto-D66-Soest.jpg\" \/>\n\t<meta property=\"og:image:width\" content=\"1080\" \/>\n\t<meta property=\"og:image:height\" content=\"1440\" \/>\n\t<meta property=\"og:image:type\" content=\"image\/jpeg\" \/>\n<meta name=\"author\" content=\"lonneke\" \/>\n<meta name=\"twitter:card\" content=\"summary_large_image\" \/>\n<meta name=\"twitter:label1\" content=\"Geschreven door\" \/>\n\t<meta name=\"twitter:data1\" content=\"lonneke\" \/>\n\t<meta name=\"twitter:label2\" content=\"Geschatte leestijd\" \/>\n\t<meta name=\"twitter:data2\" content=\"1 minuut\" \/>\n<script type=\"application\/ld+json\" class=\"yoast-schema-graph\">{\"@context\":\"https:\\\/\\\/schema.org\",\"@graph\":[{\"@type\":\"Article\",\"@id\":\"https:\\\/\\\/d66.nl\\\/arnhem\\\/nieuws\\\/tweede-update-over-de-formatie\\\/#article\",\"isPartOf\":{\"@id\":\"https:\\\/\\\/d66.nl\\\/arnhem\\\/nieuws\\\/tweede-update-over-de-formatie\\\/\"},\"author\":{\"name\":\"lonneke\",\"@id\":\"https:\\\/\\\/d66.nl\\\/arnhem\\\/#\\\/schema\\\/person\\\/df09ebdc36727fe23f15356876dbc11a\"},\"headline\":\"Tweede update over de formatie\",\"datePublished\":\"2022-05-17T20:13:00+00:00\",\"dateModified\":\"2026-02-26T13:33:11+00:00\",\"mainEntityOfPage\":{\"@id\":\"https:\\\/\\\/d66.nl\\\/arnhem\\\/nieuws\\\/tweede-update-over-de-formatie\\\/\"},\"wordCount\":5,\"publisher\":{\"@id\":\"https:\\\/\\\/d66.nl\\\/arnhem\\\/#organization\"},\"image\":{\"@id\":\"https:\\\/\\\/d66.nl\\\/arnhem\\\/nieuws\\\/tweede-update-over-de-formatie\\\/#primaryimage\"},\"thumbnailUrl\":\"https:\\\/\\\/d66.nl\\\/arnhem\\\/wp-content\\\/uploads\\\/sites\\\/154\\\/2022\\\/05\\\/Nermina-Kundic-foto-D66-Soest.jpg\",\"articleSection\":[\"D66 Arnhem\"],\"inLanguage\":\"nl-NL\"},{\"@type\":\"WebPage\",\"@id\":\"https:\\\/\\\/d66.nl\\\/arnhem\\\/nieuws\\\/tweede-update-over-de-formatie\\\/\",\"url\":\"https:\\\/\\\/d66.nl\\\/arnhem\\\/nieuws\\\/tweede-update-over-de-formatie\\\/\",\"name\":\"D66 Arnhem &#8212; Tweede update over de formatie\",\"isPartOf\":{\"@id\":\"https:\\\/\\\/d66.nl\\\/arnhem\\\/#website\"},\"primaryImageOfPage\":{\"@id\":\"https:\\\/\\\/d66.nl\\\/arnhem\\\/nieuws\\\/tweede-update-over-de-formatie\\\/#primaryimage\"},\"image\":{\"@id\":\"https:\\\/\\\/d66.nl\\\/arnhem\\\/nieuws\\\/tweede-update-over-de-formatie\\\/#primaryimage\"},\"thumbnailUrl\":\"https:\\\/\\\/d66.nl\\\/arnhem\\\/wp-content\\\/uploads\\\/sites\\\/154\\\/2022\\\/05\\\/Nermina-Kundic-foto-D66-Soest.jpg\",\"datePublished\":\"2022-05-17T20:13:00+00:00\",\"dateModified\":\"2026-02-26T13:33:11+00:00\",\"description\":\"Formateur Paul Smeulders kwam 16 mei met een tweede voortgangsbericht over de formatie in Arnhem. Zijn inzet: 1 juni presentatie van het coalitieakkoord en de kandidaat-wethouders. Zoals Omroep Gelderland al wist te onthullen, is de kandidaat-wethouder van D66 al bekend: Nermina Kundi\u0107.\",\"breadcrumb\":{\"@id\":\"https:\\\/\\\/d66.nl\\\/arnhem\\\/nieuws\\\/tweede-update-over-de-formatie\\\/#breadcrumb\"},\"inLanguage\":\"nl-NL\",\"potentialAction\":[{\"@type\":\"ReadAction\",\"target\":[\"https:\\\/\\\/d66.nl\\\/arnhem\\\/nieuws\\\/tweede-update-over-de-formatie\\\/\"]}]},{\"@type\":\"ImageObject\",\"inLanguage\":\"nl-NL\",\"@id\":\"https:\\\/\\\/d66.nl\\\/arnhem\\\/nieuws\\\/tweede-update-over-de-formatie\\\/#primaryimage\",\"url\":\"https:\\\/\\\/d66.nl\\\/arnhem\\\/wp-content\\\/uploads\\\/sites\\\/154\\\/2022\\\/05\\\/Nermina-Kundic-foto-D66-Soest.jpg\",\"contentUrl\":\"https:\\\/\\\/d66.nl\\\/arnhem\\\/wp-content\\\/uploads\\\/sites\\\/154\\\/2022\\\/05\\\/Nermina-Kundic-foto-D66-Soest.jpg\",\"width\":1080,\"height\":1440},{\"@type\":\"BreadcrumbList\",\"@id\":\"https:\\\/\\\/d66.nl\\\/arnhem\\\/nieuws\\\/tweede-update-over-de-formatie\\\/#breadcrumb\",\"itemListElement\":[{\"@type\":\"ListItem\",\"position\":1,\"name\":\"Home\",\"item\":\"https:\\\/\\\/d66.nl\\\/arnhem\\\/\"},{\"@type\":\"ListItem\",\"position\":2,\"name\":\"Nieuws\",\"item\":\"https:\\\/\\\/d66.nl\\\/arnhem\\\/nieuws\\\/\"},{\"@type\":\"ListItem\",\"position\":3,\"name\":\"Tweede update over de formatie\"}]},{\"@type\":\"WebSite\",\"@id\":\"https:\\\/\\\/d66.nl\\\/arnhem\\\/#website\",\"url\":\"https:\\\/\\\/d66.nl\\\/arnhem\\\/\",\"name\":\"D66 Arnhem\",\"description\":\"Just another D66 Sites site\",\"publisher\":{\"@id\":\"https:\\\/\\\/d66.nl\\\/arnhem\\\/#organization\"},\"potentialAction\":[{\"@type\":\"SearchAction\",\"target\":{\"@type\":\"EntryPoint\",\"urlTemplate\":\"https:\\\/\\\/d66.nl\\\/arnhem\\\/?s={search_term_string}\"},\"query-input\":{\"@type\":\"PropertyValueSpecification\",\"valueRequired\":true,\"valueName\":\"search_term_string\"}}],\"inLanguage\":\"nl-NL\"},{\"@type\":\"Organization\",\"@id\":\"https:\\\/\\\/d66.nl\\\/arnhem\\\/#organization\",\"name\":\"D66\",\"url\":\"https:\\\/\\\/d66.nl\\\/arnhem\\\/\",\"logo\":{\"@type\":\"ImageObject\",\"inLanguage\":\"nl-NL\",\"@id\":\"https:\\\/\\\/d66.nl\\\/arnhem\\\/#\\\/schema\\\/logo\\\/image\\\/\",\"url\":\"https:\\\/\\\/d66.nl\\\/arnhem\\\/wp-content\\\/uploads\\\/sites\\\/2\\\/2021\\\/10\\\/d66-themas-algemeen-og.png\",\"contentUrl\":\"https:\\\/\\\/d66.nl\\\/arnhem\\\/wp-content\\\/uploads\\\/sites\\\/2\\\/2021\\\/10\\\/d66-themas-algemeen-og.png\",\"width\":1200,\"height\":628,\"caption\":\"D66\"},\"image\":{\"@id\":\"https:\\\/\\\/d66.nl\\\/arnhem\\\/#\\\/schema\\\/logo\\\/image\\\/\"}},{\"@type\":\"Person\",\"@id\":\"https:\\\/\\\/d66.nl\\\/arnhem\\\/#\\\/schema\\\/person\\\/df09ebdc36727fe23f15356876dbc11a\",\"name\":\"lonneke\",\"image\":{\"@type\":\"ImageObject\",\"inLanguage\":\"nl-NL\",\"@id\":\"https:\\\/\\\/secure.gravatar.com\\\/avatar\\\/118dbea5d2c419432ce5cf29db49930b507b52591bcdcf5c47cdce5d9784834d?s=96&d=mm&r=g\",\"url\":\"https:\\\/\\\/secure.gravatar.com\\\/avatar\\\/118dbea5d2c419432ce5cf29db49930b507b52591bcdcf5c47cdce5d9784834d?s=96&d=mm&r=g\",\"contentUrl\":\"https:\\\/\\\/secure.gravatar.com\\\/avatar\\\/118dbea5d2c419432ce5cf29db49930b507b52591bcdcf5c47cdce5d9784834d?s=96&d=mm&r=g\",\"caption\":\"lonneke\"}}]}<\/script>\n<!-- \/ Yoast SEO plugin. -->","yoast_head_json":{"title":"D66 Arnhem &#8212; Tweede update over de formatie","description":"Formateur Paul Smeulders kwam 16 mei met een tweede voortgangsbericht over de formatie in Arnhem. Zijn inzet: 1 juni presentatie van het coalitieakkoord en de kandidaat-wethouders. Zoals Omroep Gelderland al wist te onthullen, is de kandidaat-wethouder van D66 al bekend: Nermina Kundi\u0107.","robots":{"index":"index","follow":"follow","max-snippet":"max-snippet:-1","max-image-preview":"max-image-preview:large","max-video-preview":"max-video-preview:-1"},"canonical":"https:\/\/d66.nl\/arnhem\/nieuws\/tweede-update-over-de-formatie","og_locale":"nl_NL","og_type":"article","og_title":"D66 Arnhem &#8212; Tweede update over de formatie","og_description":"Formateur Paul Smeulders kwam 16 mei met een tweede voortgangsbericht over de formatie in Arnhem. Zijn inzet: 1 juni presentatie van het coalitieakkoord en de kandidaat-wethouders. Zoals Omroep Gelderland al wist te onthullen, is de kandidaat-wethouder van D66 al bekend: Nermina Kundi\u0107.","og_url":"https:\/\/d66.nl\/arnhem\/nieuws\/tweede-update-over-de-formatie\/","og_site_name":"D66 Arnhem","article_published_time":"2022-05-17T20:13:00+00:00","article_modified_time":"2026-02-26T13:33:11+00:00","og_image":[{"width":1080,"height":1440,"url":"https:\/\/d66.nl\/arnhem\/wp-content\/uploads\/sites\/154\/2022\/05\/Nermina-Kundic-foto-D66-Soest.jpg","type":"image\/jpeg"}],"author":"lonneke","twitter_card":"summary_large_image","twitter_misc":{"Geschreven door":"lonneke","Geschatte leestijd":"1 minuut"},"schema":{"@context":"https:\/\/schema.org","@graph":[{"@type":"Article","@id":"https:\/\/d66.nl\/arnhem\/nieuws\/tweede-update-over-de-formatie\/#article","isPartOf":{"@id":"https:\/\/d66.nl\/arnhem\/nieuws\/tweede-update-over-de-formatie\/"},"author":{"name":"lonneke","@id":"https:\/\/d66.nl\/arnhem\/#\/schema\/person\/df09ebdc36727fe23f15356876dbc11a"},"headline":"Tweede update over de formatie","datePublished":"2022-05-17T20:13:00+00:00","dateModified":"2026-02-26T13:33:11+00:00","mainEntityOfPage":{"@id":"https:\/\/d66.nl\/arnhem\/nieuws\/tweede-update-over-de-formatie\/"},"wordCount":5,"publisher":{"@id":"https:\/\/d66.nl\/arnhem\/#organization"},"image":{"@id":"https:\/\/d66.nl\/arnhem\/nieuws\/tweede-update-over-de-formatie\/#primaryimage"},"thumbnailUrl":"https:\/\/d66.nl\/arnhem\/wp-content\/uploads\/sites\/154\/2022\/05\/Nermina-Kundic-foto-D66-Soest.jpg","articleSection":["D66 Arnhem"],"inLanguage":"nl-NL"},{"@type":"WebPage","@id":"https:\/\/d66.nl\/arnhem\/nieuws\/tweede-update-over-de-formatie\/","url":"https:\/\/d66.nl\/arnhem\/nieuws\/tweede-update-over-de-formatie\/","name":"D66 Arnhem &#8212; Tweede update over de formatie","isPartOf":{"@id":"https:\/\/d66.nl\/arnhem\/#website"},"primaryImageOfPage":{"@id":"https:\/\/d66.nl\/arnhem\/nieuws\/tweede-update-over-de-formatie\/#primaryimage"},"image":{"@id":"https:\/\/d66.nl\/arnhem\/nieuws\/tweede-update-over-de-formatie\/#primaryimage"},"thumbnailUrl":"https:\/\/d66.nl\/arnhem\/wp-content\/uploads\/sites\/154\/2022\/05\/Nermina-Kundic-foto-D66-Soest.jpg","datePublished":"2022-05-17T20:13:00+00:00","dateModified":"2026-02-26T13:33:11+00:00","description":"Formateur Paul Smeulders kwam 16 mei met een tweede voortgangsbericht over de formatie in Arnhem. Zijn inzet: 1 juni presentatie van het coalitieakkoord en de kandidaat-wethouders. Zoals Omroep Gelderland al wist te onthullen, is de kandidaat-wethouder van D66 al bekend: Nermina Kundi\u0107.","breadcrumb":{"@id":"https:\/\/d66.nl\/arnhem\/nieuws\/tweede-update-over-de-formatie\/#breadcrumb"},"inLanguage":"nl-NL","potentialAction":[{"@type":"ReadAction","target":["https:\/\/d66.nl\/arnhem\/nieuws\/tweede-update-over-de-formatie\/"]}]},{"@type":"ImageObject","inLanguage":"nl-NL","@id":"https:\/\/d66.nl\/arnhem\/nieuws\/tweede-update-over-de-formatie\/#primaryimage","url":"https:\/\/d66.nl\/arnhem\/wp-content\/uploads\/sites\/154\/2022\/05\/Nermina-Kundic-foto-D66-Soest.jpg","contentUrl":"https:\/\/d66.nl\/arnhem\/wp-content\/uploads\/sites\/154\/2022\/05\/Nermina-Kundic-foto-D66-Soest.jpg","width":1080,"height":1440},{"@type":"BreadcrumbList","@id":"https:\/\/d66.nl\/arnhem\/nieuws\/tweede-update-over-de-formatie\/#breadcrumb","itemListElement":[{"@type":"ListItem","position":1,"name":"Home","item":"https:\/\/d66.nl\/arnhem\/"},{"@type":"ListItem","position":2,"name":"Nieuws","item":"https:\/\/d66.nl\/arnhem\/nieuws\/"},{"@type":"ListItem","position":3,"name":"Tweede update over de formatie"}]},{"@type":"WebSite","@id":"https:\/\/d66.nl\/arnhem\/#website","url":"https:\/\/d66.nl\/arnhem\/","name":"D66 Arnhem","description":"Just another D66 Sites site","publisher":{"@id":"https:\/\/d66.nl\/arnhem\/#organization"},"potentialAction":[{"@type":"SearchAction","target":{"@type":"EntryPoint","urlTemplate":"https:\/\/d66.nl\/arnhem\/?s={search_term_string}"},"query-input":{"@type":"PropertyValueSpecification","valueRequired":true,"valueName":"search_term_string"}}],"inLanguage":"nl-NL"},{"@type":"Organization","@id":"https:\/\/d66.nl\/arnhem\/#organization","name":"D66","url":"https:\/\/d66.nl\/arnhem\/","logo":{"@type":"ImageObject","inLanguage":"nl-NL","@id":"https:\/\/d66.nl\/arnhem\/#\/schema\/logo\/image\/","url":"https:\/\/d66.nl\/arnhem\/wp-content\/uploads\/sites\/2\/2021\/10\/d66-themas-algemeen-og.png","contentUrl":"https:\/\/d66.nl\/arnhem\/wp-content\/uploads\/sites\/2\/2021\/10\/d66-themas-algemeen-og.png","width":1200,"height":628,"caption":"D66"},"image":{"@id":"https:\/\/d66.nl\/arnhem\/#\/schema\/logo\/image\/"}},{"@type":"Person","@id":"https:\/\/d66.nl\/arnhem\/#\/schema\/person\/df09ebdc36727fe23f15356876dbc11a","name":"lonneke","image":{"@type":"ImageObject","inLanguage":"nl-NL","@id":"https:\/\/secure.gravatar.com\/avatar\/118dbea5d2c419432ce5cf29db49930b507b52591bcdcf5c47cdce5d9784834d?s=96&d=mm&r=g","url":"https:\/\/secure.gravatar.com\/avatar\/118dbea5d2c419432ce5cf29db49930b507b52591bcdcf5c47cdce5d9784834d?s=96&d=mm&r=g","contentUrl":"https:\/\/secure.gravatar.com\/avatar\/118dbea5d2c419432ce5cf29db49930b507b52591bcdcf5c47cdce5d9784834d?s=96&d=mm&r=g","caption":"lonneke"}}]}},"_links":{"self":[{"href":"https:\/\/d66.nl\/arnhem\/wp-json\/wp\/v2\/posts\/2031","targetHints":{"allow":["GET"]}}],"collection":[{"href":"https:\/\/d66.nl\/arnhem\/wp-json\/wp\/v2\/posts"}],"about":[{"href":"https:\/\/d66.nl\/arnhem\/wp-json\/wp\/v2\/types\/post"}],"author":[{"embeddable":true,"href":"https:\/\/d66.nl\/arnhem\/wp-json\/wp\/v2\/users\/394"}],"replies":[{"embeddable":true,"href":"https:\/\/d66.nl\/arnhem\/wp-json\/wp\/v2\/comments?post=2031"}],"version-history":[{"count":10,"href":"https:\/\/d66.nl\/arnhem\/wp-json\/wp\/v2\/posts\/2031\/revisions"}],"predecessor-version":[{"id":6776,"href":"https:\/\/d66.nl\/arnhem\/wp-json\/wp\/v2\/posts\/2031\/revisions\/6776"}],"wp:featuredmedia":[{"embeddable":true,"href":"https:\/\/d66.nl\/arnhem\/wp-json\/wp\/v2\/media\/2037"}],"wp:attachment":[{"href":"https:\/\/d66.nl\/arnhem\/wp-json\/wp\/v2\/media?parent=2031"}],"wp:term":[{"taxonomy":"category","embeddable":true,"href":"https:\/\/d66.nl\/arnhem\/wp-json\/wp\/v2\/categories?post=2031"},{"taxonomy":"search-tags","embeddable":true,"href":"https:\/\/d66.nl\/arnhem\/wp-json\/wp\/v2\/search-tags?post=2031"},{"taxonomy":"labels","embeddable":true,"href":"https:\/\/d66.nl\/arnhem\/wp-json\/wp\/v2\/labels?post=2031"}],"curies":[{"name":"wp","href":"https:\/\/api.w.org\/{rel}","templated":true}]}}