{"id":1374,"date":"2022-03-05T10:39:00","date_gmt":"2022-03-05T10:39:00","guid":{"rendered":"https:\/\/d66.nl\/arnhem\/nieuws\/"},"modified":"2023-10-30T14:52:41","modified_gmt":"2023-10-30T14:52:41","slug":"windpark-koningspleij","status":"publish","type":"post","link":"https:\/\/d66.nl\/arnhem\/nieuws\/windpark-koningspleij","title":{"rendered":"D66 in gesprek: Windpark Koningspleij"},"content":{"rendered":"<div\n  id=\"\"\n  class=\"wrapper  wrapper__spacing-bottom-large--50 wrapper__spacing-bottom-desktop--66 wrapper__spacing-bottom-mobile--30  wrapper__gutter--none\"\n  >\n  \t<div class=\"wrapper__container wrapper__container-width-large--default\">\n\t  <div class=\"wrapper__inner wrapper__width-large--14 wrapper__width-desktop--20 wrapper__width-mobile--24 wrapper__offset-large--6 wrapper__offset-desktop--4 wrapper__offset-mobile--0\">\n\t\t<h1 class=\"heading   heading__size--giant heading__font--serif heading__weight--regular  block-heading__heading\" id=\"nav-samen-bouwen-aan-een-duurzame-toekomst3074\"  data-nav-heading-mobile=\"Samen bouwen aan een duurzame toekomst\" >\n\tSamen bouwen aan een duurzame toekomst<\/h1>\t  <\/div>\n\t<\/div>\n  <\/div>\n\n\n<div\n  id=\"\"\n  class=\"wrapper wrapper__spacing-top-large--40 wrapper__spacing-top-mobile--20 wrapper__spacing-bottom-large--30 wrapper__spacing-bottom-desktop--60 wrapper__spacing-bottom-mobile--30  wrapper__gutter--none\"\n  >\n  \t<div class=\"wrapper__container wrapper__container-width-large--default\">\n\t  <div class=\"wrapper__inner wrapper__width-large--24 wrapper__width-mobile--24\">\n\t\t<section class=\"block-video\">\n\t<div\n\t\tclass=\"block-video__video-wrapper\"\n\t\tstyle=\"background-image: url('https:\/\/d66.nl\/arnhem\/wp-content\/uploads\/sites\/154\/2022\/03\/thumbnail-2.jpg')\"\n\t>\n\t\t\t\t\t<div class=\"block-video__video-meta\">\n\t\t\t\t<button class=\"video-btn video-btn__style--no-thumbnail  js-play-button video-btn__color--white\" data-micromodal-trigger=\"video-modal981\" aria-label=\"Video afspelen\">\n  <span class=\"video-btn__play-button\"><\/span>\n<\/button>\t\t\t\t<div class=\"block-video__video-description\">\n\t\t\t\t\t<p class=\"paragraph paragraph__align--left paragraph__color--white paragraph__size--default paragraph__weight--medium\">\n\t\t<strong>Bekijk de video<\/strong>\t<\/p>\t\t\t\t<\/div>\n\t\t\t<\/div>\n\t\t\t<\/div>\n\n\t\t\t<div class=\"block-video__caption-wrapper\">\n\t\t\t<div class=\"block-video__caption\">\n\t\t\t\t<p class=\"paragraph paragraph__align--left paragraph__color--black paragraph__size--small paragraph__weight--medium\">\n\t\tKandidaat-raadslid Jorick Messink in gesprek met Derk te Bokkel van Rijn en IJssel Energieco\u00f6peratie (video van 2:53 minuut) <i>&#x2022;<\/i> Beeld: Rutger Jansen\t<\/p>\t\t\t<\/div>\n\t\t<\/div>\n\t\n<\/section>\n\n<div id=\"video-modal981\" class=\"video-modal js-video-modal\" aria-hidden=\"true\">\n\n\t<div class=\"video-modal__overlay\" tabindex=\"-1\" data-micromodal-close>\n\n\t\t<div class=\"video-modal__dialog\" role=\"dialog\" aria-label=\"\">\n\n\t\t\t<header class=\"video-modal__header\">\n\t\t\t\t<div class=\"video-modal__header-container\">\n\t\t\t\t\t<button class=\"video-modal__close\" aria-label=\"Close modal\" data-micromodal-close><\/button>\n\t\t\t\t<\/div>\n\t\t\t<\/header>\n\n\t\t\t<section class=\"video-modal__content\" id=\"video-modal981-content\">\n\t\t\t\t<div class=\"responsive-embed\">\n\t\t\t\t\t<iframe loading=\"lazy\" title=\"Jorick Messink in gesprek met Derk te Bokkel (Windpark Koningspleij)\" width=\"500\" height=\"281\" src=\"https:\/\/www.youtube-nocookie.com\/embed\/g5o__g7etc8?feature=oembed&amp;enablejsapi=1\" frameborder=\"0\" allow=\"accelerometer; autoplay; clipboard-write; encrypted-media; gyroscope; picture-in-picture; web-share\" referrerpolicy=\"strict-origin-when-cross-origin\" allowfullscreen><\/iframe>\t\t\t\t<\/div>\n\t\t\t<\/section>\n\n\t\t\t<footer class=\"video-modal__footer\">\n\t\t\t\t<button class=\"video-modal__accessibility-button\" data-micromodal-close>\n\t\t\t\t\tSluit module\t\t\t\t<\/button>\n\t\t\t<\/footer>\n\n\t\t<\/div>\n\t<\/div>\n<\/div>\t  <\/div>\n\t<\/div>\n  <\/div>\n\n\n<div\n  id=\"\"\n  class=\"wrapper wrapper__spacing-top-large--40 wrapper__spacing-bottom-large--30 wrapper__spacing-bottom-desktop--65 wrapper__spacing-bottom-mobile--50  wrapper__gutter--none\"\n  >\n  \t<div class=\"wrapper__container\">\n\t  <div class=\"wrapper__inner wrapper__width-large--18 wrapper__width-desktop--24 wrapper__offset-large--3 wrapper__offset-desktop--0\">\n\t\t<section class=\"block-quote\">\n\t\t\t<p class=\"paragraph  paragraph__color--black     block-quote__quote\">\n\t\t\u201cDankzij goede samenwerking met de omgeving bieden we groene stroom aan 11.000 huishoudens\u201d\t<\/p>\t\n\t\t\t<p class=\"paragraph  paragraph__color--black     block-quote__caption\">\n\t\tDerk te Bokkel, Rijn en IJssel Energieco\u00f6peratie\t<\/p>\t<\/section>\n\t  <\/div>\n\t<\/div>\n  <\/div>\n\n\n<div\n  id=\"\"\n  class=\"wrapper  wrapper__spacing-bottom-large--50 wrapper__spacing-bottom-mobile--40  wrapper__gutter--none\"\n  >\n  \t<div class=\"wrapper__container wrapper__container-width-large--default\">\n\t  <div class=\"wrapper__inner wrapper__width-large--13 wrapper__width-desktop--22 wrapper__width-mobile--24 wrapper__offset-large--6 wrapper__offset-desktop--2 wrapper__offset-mobile--0\">\n\t\t<p\n\t\tclass=\"paragraph   paragraph__size--big   block-paragraph__paragraph\"\n\t\t\t>\n\t\tKandidaat-raadslid Jorick Messink ging in gesprek met Derk te Bokkel van <a href=\"https:\/\/www.rijnenijsselenergie.nl\/\" target=\"_blank\" rel=\"noreferrer noopener\">Rijn en IJssel Energieco\u00f6peratie<\/a> over groene energie in de stad en het belang van burgerparticipatie om dat goed van de grond te krijgen.<br><br>Rijn en IJssel Energieco\u00f6peratie is een co\u00f6peratie van en voor inwoners van Arnhem en omgeving. De co\u00f6peratie startte onder leiding van oud-fractievoorzitters Jan de Wit (D66) en David Willemsen (GroenLinks) en ontwikkelde Windpark Koningspleij. Het windpark omvat vier windmolens waarvan drie in eigendom zijn van Rijn en IJssel Energieco\u00f6peratie en de mede-eigenaren uit Arnhem en omgeving. Samen werken inwoners aan schone energie uit de regio.\t<\/p>\t  <\/div>\n\t<\/div>\n  <\/div>\n\n\n<div\n  id=\"\"\n  class=\"wrapper  wrapper__spacing-bottom-large--30 wrapper__spacing-bottom-desktop--20 wrapper__spacing-bottom-mobile--10  wrapper__gutter--none\"\n  >\n  \t<div class=\"wrapper__container wrapper__container-width-large--default\">\n\t  <div class=\"wrapper__inner wrapper__width-large--14 wrapper__width-desktop--24 wrapper__width-mobile--24 wrapper__offset-large--6 wrapper__offset-desktop--2 wrapper__offset-mobile--0\">\n\t\t<section class=\"block-related-post-metadata js-block-related-post-metadata\">\n\t<div class=\"block-related-post-metadata__content-wrapper\">\n\t\t<div class=\"block-related-post-metadata__persons\">\n\t\t\t<div class=\"related-person-info__wrapper\">\n\t\t\t<div class=\"related-person-info__item related-person-info__color--olive\">\n\t\t\t<a class=\"related-person-info__link\" href=\"https:\/\/d66.nl\/arnhem\/mensen\/jorick-messink\/\">\n\t\t\t\t<div class=\"related-person-info__image_container\">\n\t\t\t\t<img loading=\"lazy\" decoding=\"async\" width=\"150\" height=\"150\" src=\"https:\/\/d66.nl\/arnhem\/wp-content\/uploads\/sites\/154\/2022\/01\/Jorick-Messink-150x150.jpg\" class=\"related-person-info__image\" alt=\"Jorick Messink\" \/>\t\t\t\t<\/div>\n\t\t\t\t<div class=\"related-person-info__meta\">\n\t\t\t\t\t\t\t\t\t<header class=\"related-person-info__header\">\n\t\t\t\t\t\t<h3 class=\"heading   heading__size--small heading__font--sans heading__weight--bold\" id=\"nav-jorick-messink7317\">\n\tJorick Messink<\/h3>\t\t\t\t\t<\/header>\n\t\t\t\t\t\t\t\t\t\t\t\t\t<div class=\"related-person-info__description\">\n\t\t\t\t\t\t<p class=\"paragraph   paragraph__size--small paragraph__weight--normal\">\n\t\tRaadslid (tijdelijke vervanger)\t<\/p>\t\t\t\t\t<\/div>\n\t\t\t\t\t\t\t\t<\/div>\n\t\t\t<\/a>\n\t\t<\/div>\n\t\t<\/div>\t\t<\/div>\n\t\t<div class=\"block-related-post-metadata__meta\">\n\t\t\t<div class=\"block-related-post-metadata__date\">\n\t\t\t\t05.03.2022<div class=\"post-share js-post-share rs_skip_always\">\n\t<button class=\"post-share__share-button js-post-share-share-button\">\n\t\tShare\t\t<svg xmlns='http:\/\/www.w3.org\/2000\/svg' width='100px' height='100px' viewBox='0 0 24 24' fill='none'><path d='m8.684 10.658 6.629-3.314m.003 9.314-6.622-3.311M21 6a3 3 0 1 1-6 0 3 3 0 0 1 6 0ZM9 12a3 3 0 1 1-6 0 3 3 0 0 1 6 0Zm12 6a3 3 0 1 1-6 0 3 3 0 0 1 6 0Z' stroke='currentColor' stroke-width='1.5' fill='none'\/><\/svg>\t<\/button>\n\t<dialog class=\"post-share__dialog js-post-share-dialog\" aria-hidden=\"true\">\n\t\t<div class=\"post-share__dialog-header\">\n\t\t\tShare this post\t\t\t<button class=\"post-share__dialog-close js-post-share-dialog-close\">\n\t\t\t\t<svg xmlns='http:\/\/www.w3.org\/2000\/svg' width='150' height='150' viewBox='0 0 150 150' fill='none'><path d='M44.103 105.897 75 75m30.898-30.898L75 75m0 0L44.103 44.102M75 75l30.898 30.897' stroke='currentColor' stroke-width='5' fill='none'\/><\/svg>\t\t\t<\/button>\n\t\t<\/div>\n\t\t<div class=\"post-share__dialog-socials\">\n\t\t\t\t\t\t\t\t\t\t\t<a class=\"post-share__dialog-item js-post-share-dialog-item\" href=\"#\" target=\"_blank\" data-copy=&quot;true&quot;>\n\t\t\t\t\tKopier link<svg xmlns='http:\/\/www.w3.org\/2000\/svg' width='150' height='150' viewBox='0 0 150 150' fill='none'><path d='M67.468 108.679c-8.533-.512-14.164-3.583-17.407-9.983-3.242-6.314-2.815-12.713 1.195-18.6 1.706-2.56 3.584-5.035 5.46-7.594 1.537-2.048 3.584-2.475 5.462-1.195 2.047 1.45 2.389 3.498.938 5.632-1.706 2.474-3.584 4.948-5.29 7.423-3.242 4.778-2.304 11.092 2.133 14.334 4.864 3.584 11.092 2.731 14.761-1.962 1.963-2.475 3.754-5.12 5.632-7.68 1.194-1.535 2.645-2.218 4.607-1.28 1.792.854 2.645 2.39 2.304 4.267 0 .17 0 .427-.17.597-3.67 5.12-6.4 11.178-12.544 13.993-2.56 1.195-5.46 1.707-6.996 2.219l-.085-.171Z' fill='currentColor'\/><path d='M86.921 44.6c6.144.257 11.605 3.328 14.932 9.728 3.328 6.399 2.816 12.798-1.109 18.856-1.621 2.56-3.498 4.95-5.29 7.424-1.707 2.303-3.754 2.815-5.717 1.45-2.048-1.45-2.304-3.669-.597-6.058 1.621-2.304 3.328-4.608 4.949-6.911 3.498-4.95 2.56-11.348-2.133-14.761-4.779-3.499-11.178-2.475-14.847 2.56-1.792 2.388-3.498 4.863-5.205 7.252-1.62 2.218-3.583 2.56-5.546 1.11-1.877-1.366-2.218-3.414-.768-5.462 2.048-2.986 4.01-5.972 6.314-8.703 3.67-4.351 8.448-6.399 15.103-6.399l-.086-.085Z' fill='currentColor'\/><path d='M71.478 88.457c-3.498-.341-5.46-3.413-3.754-6.143 3.327-5.29 6.825-10.495 10.324-15.7 1.45-2.133 3.413-2.389 5.46-1.109 1.878 1.28 2.219 3.413.854 5.546-3.328 5.034-6.57 9.983-9.983 14.932-.683 1.024-1.963 1.621-2.901 2.389v.085Z' fill='currentColor'\/><\/svg>\t\t\t\t<\/a>\n\t\t\t\t\t\t\t\t\t\t\t<a class=\"post-share__dialog-item js-post-share-dialog-item\" href=\"mailto:?to=%20&amp;body=https%3A%2F%2Fd66.nl%2Farnhem%2Fnieuws%2Fwindpark-koningspleij\" target=\"_blank\" >\n\t\t\t\t\tMail<svg xmlns='http:\/\/www.w3.org\/2000\/svg' width='40' height='40' viewBox='0 0 40 40' fill='none'><path d='M24.107 15.865a1 1 0 0 1 1.266 1.265l-1.686 5.052a1 1 0 0 1-1.654.392l-3.37-3.37a1.001 1.001 0 0 1 .392-1.654l5.052-1.685Z' fill='currentColor'\/><path d='m21.763 19.475-5.657 5.657' stroke='currentColor' stroke-width='2' stroke-linecap='round' fill='none'\/><\/svg>\t\t\t\t<\/a>\n\t\t\t\t\t\t\t\t\t\t\t<a class=\"post-share__dialog-item js-post-share-dialog-item\" href=\"https:\/\/www.linkedin.com\/sharing\/share-offsite\/?url=https%3A%2F%2Fd66.nl%2Farnhem%2Fnieuws%2Fwindpark-koningspleij\" target=\"_blank\" >\n\t\t\t\t\tLinkedIn<svg xmlns='http:\/\/www.w3.org\/2000\/svg' width='40' height='40' viewBox='0 0 40 40' fill='none'><path d='M24.107 15.865a1 1 0 0 1 1.266 1.265l-1.686 5.052a1 1 0 0 1-1.654.392l-3.37-3.37a1.001 1.001 0 0 1 .392-1.654l5.052-1.685Z' fill='currentColor'\/><path d='m21.763 19.475-5.657 5.657' stroke='currentColor' stroke-width='2' stroke-linecap='round' fill='none'\/><\/svg>\t\t\t\t<\/a>\n\t\t\t\t\t\t\t\t\t\t\t<a class=\"post-share__dialog-item js-post-share-dialog-item\" href=\"https:\/\/www.facebook.com\/sharer\/sharer.php?u=https%3A%2F%2Fd66.nl%2Farnhem%2Fnieuws%2Fwindpark-koningspleij\" target=\"_blank\" >\n\t\t\t\t\tFacebook<svg xmlns='http:\/\/www.w3.org\/2000\/svg' width='40' height='40' viewBox='0 0 40 40' fill='none'><path d='M24.107 15.865a1 1 0 0 1 1.266 1.265l-1.686 5.052a1 1 0 0 1-1.654.392l-3.37-3.37a1.001 1.001 0 0 1 .392-1.654l5.052-1.685Z' fill='currentColor'\/><path d='m21.763 19.475-5.657 5.657' stroke='currentColor' stroke-width='2' stroke-linecap='round' fill='none'\/><\/svg>\t\t\t\t<\/a>\n\t\t\t\t\t\t\t\t\t\t\t<a class=\"post-share__dialog-item js-post-share-dialog-item\" href=\"whatsapp:\/\/send?text=https%3A%2F%2Fd66.nl%2Farnhem%2Fnieuws%2Fwindpark-koningspleij\" target=\"_blank\" >\n\t\t\t\t\tWhatsApp<svg xmlns='http:\/\/www.w3.org\/2000\/svg' width='40' height='40' viewBox='0 0 40 40' fill='none'><path d='M24.107 15.865a1 1 0 0 1 1.266 1.265l-1.686 5.052a1 1 0 0 1-1.654.392l-3.37-3.37a1.001 1.001 0 0 1 .392-1.654l5.052-1.685Z' fill='currentColor'\/><path d='m21.763 19.475-5.657 5.657' stroke='currentColor' stroke-width='2' stroke-linecap='round' fill='none'\/><\/svg>\t\t\t\t<\/a>\n\t\t\t\t\t\t\t\t\t\t\t<a class=\"post-share__dialog-item js-post-share-dialog-item\" href=\"https:\/\/x.com\/intent\/post?url=https%3A%2F%2Fd66.nl%2Farnhem%2Fnieuws%2Fwindpark-koningspleij\" target=\"_blank\" >\n\t\t\t\t\tTwitter (X)<svg xmlns='http:\/\/www.w3.org\/2000\/svg' width='40' height='40' viewBox='0 0 40 40' fill='none'><path d='M24.107 15.865a1 1 0 0 1 1.266 1.265l-1.686 5.052a1 1 0 0 1-1.654.392l-3.37-3.37a1.001 1.001 0 0 1 .392-1.654l5.052-1.685Z' fill='currentColor'\/><path d='m21.763 19.475-5.657 5.657' stroke='currentColor' stroke-width='2' stroke-linecap='round' fill='none'\/><\/svg>\t\t\t\t<\/a>\n\t\t\t\t\t<\/div>\n\t<\/dialog>\n<\/div>\t\t\t<\/div>\n\t\t\t<div class=\"block-related-post-metadata__categories\">\n\t\t\t\t<div class=\"category-link__wrapper\">\n\t\t\t<div class=\"category-link__item\">\n\t\t\t<a href=\"https:\/\/d66.nl\/arnhem\/category\/d66-arnhem\/\">\n\t\t\t\tD66 Arnhem\t\t\t<\/a>\n\t\t<\/div>\n\t\t\t\t<div class=\"category-link__item\">\n\t\t\t<a href=\"https:\/\/d66.nl\/arnhem\/search-tags\/burgerparticipatie\/\">\n\t\t\t\tBurgerparticipatie\t\t\t<\/a>\n\t\t<\/div>\n\t\t\t\t<div class=\"category-link__item\">\n\t\t\t<a href=\"https:\/\/d66.nl\/arnhem\/search-tags\/klimaat\/\">\n\t\t\t\tKlimaat, natuur en milieu\t\t\t<\/a>\n\t\t<\/div>\n\t\t<\/div>\t\t\t<\/div>\n\t\t<\/div>\n\t<\/div>\n<\/section>\n\t  <\/div>\n\t<\/div>\n  <\/div>\n","protected":false},"excerpt":{"rendered":"","protected":false},"author":917,"featured_media":1378,"comment_status":"closed","ping_status":"open","sticky":false,"template":"","format":"standard","meta":{"_acf_changed":false,"footnotes":""},"categories":[1],"labels":[],"search-tags":[31,3],"class_list":["post-1374","post","type-post","status-publish","format-standard","has-post-thumbnail","hentry","category-d66-arnhem","search-tags-burgerparticipatie","search-tags-klimaat"],"acf":[],"yoast_head":"<!-- This site is optimized with the Yoast SEO plugin v27.3 - https:\/\/yoast.com\/product\/yoast-seo-wordpress\/ -->\n<title>D66 Arnhem &#8212; D66 in gesprek: Windpark Koningspleij<\/title>\n<meta name=\"description\" content=\"Kandidaat-raadslid Jorick Messink in gesprek met Derk te Bokkel van Rijn en IJssel Energieco\u00f6peratie over groene energie in de stad en het belang van burgerparticipatie om dat goed van de grond te krijgen.\" \/>\n<meta name=\"robots\" content=\"index, follow, max-snippet:-1, max-image-preview:large, max-video-preview:-1\" \/>\n<link rel=\"canonical\" href=\"https:\/\/d66.nl\/arnhem\/nieuws\/windpark-koningspleij\" \/>\n<meta property=\"og:locale\" content=\"nl_NL\" \/>\n<meta property=\"og:type\" content=\"article\" \/>\n<meta property=\"og:title\" content=\"D66 Arnhem &#8212; D66 in gesprek: Windpark Koningspleij\" \/>\n<meta property=\"og:description\" content=\"Kandidaat-raadslid Jorick Messink in gesprek met Derk te Bokkel van Rijn en IJssel Energieco\u00f6peratie over groene energie in de stad en het belang van burgerparticipatie om dat goed van de grond te krijgen.\" \/>\n<meta property=\"og:url\" content=\"https:\/\/d66.nl\/arnhem\/nieuws\/windpark-koningspleij\/\" \/>\n<meta property=\"og:site_name\" content=\"D66 Arnhem\" \/>\n<meta property=\"article:published_time\" content=\"2022-03-05T10:39:00+00:00\" \/>\n<meta property=\"article:modified_time\" content=\"2023-10-30T14:52:41+00:00\" \/>\n<meta property=\"og:image\" content=\"https:\/\/d66.nl\/arnhem\/wp-content\/uploads\/sites\/154\/2022\/03\/thumbnail.jpg\" \/>\n\t<meta property=\"og:image:width\" content=\"1989\" \/>\n\t<meta property=\"og:image:height\" content=\"1113\" \/>\n\t<meta property=\"og:image:type\" content=\"image\/jpeg\" \/>\n<meta name=\"author\" content=\"mattijsloor\" \/>\n<meta name=\"twitter:card\" content=\"summary_large_image\" \/>\n<meta name=\"twitter:label1\" content=\"Geschreven door\" \/>\n\t<meta name=\"twitter:data1\" content=\"mattijsloor\" \/>\n<script type=\"application\/ld+json\" class=\"yoast-schema-graph\">{\"@context\":\"https:\\\/\\\/schema.org\",\"@graph\":[{\"@type\":\"Article\",\"@id\":\"https:\\\/\\\/d66.nl\\\/arnhem\\\/nieuws\\\/windpark-koningspleij\\\/#article\",\"isPartOf\":{\"@id\":\"https:\\\/\\\/d66.nl\\\/arnhem\\\/nieuws\\\/windpark-koningspleij\\\/\"},\"author\":{\"name\":\"mattijsloor\",\"@id\":\"https:\\\/\\\/d66.nl\\\/arnhem\\\/#\\\/schema\\\/person\\\/5b6b97198571666ab385fe399a83ce40\"},\"headline\":\"D66 in gesprek: Windpark Koningspleij\",\"datePublished\":\"2022-03-05T10:39:00+00:00\",\"dateModified\":\"2023-10-30T14:52:41+00:00\",\"mainEntityOfPage\":{\"@id\":\"https:\\\/\\\/d66.nl\\\/arnhem\\\/nieuws\\\/windpark-koningspleij\\\/\"},\"wordCount\":5,\"publisher\":{\"@id\":\"https:\\\/\\\/d66.nl\\\/arnhem\\\/#organization\"},\"image\":{\"@id\":\"https:\\\/\\\/d66.nl\\\/arnhem\\\/nieuws\\\/windpark-koningspleij\\\/#primaryimage\"},\"thumbnailUrl\":\"https:\\\/\\\/d66.nl\\\/arnhem\\\/wp-content\\\/uploads\\\/sites\\\/154\\\/2022\\\/03\\\/thumbnail.jpg\",\"articleSection\":[\"D66 Arnhem\"],\"inLanguage\":\"nl-NL\"},{\"@type\":\"WebPage\",\"@id\":\"https:\\\/\\\/d66.nl\\\/arnhem\\\/nieuws\\\/windpark-koningspleij\\\/\",\"url\":\"https:\\\/\\\/d66.nl\\\/arnhem\\\/nieuws\\\/windpark-koningspleij\\\/\",\"name\":\"D66 Arnhem &#8212; D66 in gesprek: Windpark Koningspleij\",\"isPartOf\":{\"@id\":\"https:\\\/\\\/d66.nl\\\/arnhem\\\/#website\"},\"primaryImageOfPage\":{\"@id\":\"https:\\\/\\\/d66.nl\\\/arnhem\\\/nieuws\\\/windpark-koningspleij\\\/#primaryimage\"},\"image\":{\"@id\":\"https:\\\/\\\/d66.nl\\\/arnhem\\\/nieuws\\\/windpark-koningspleij\\\/#primaryimage\"},\"thumbnailUrl\":\"https:\\\/\\\/d66.nl\\\/arnhem\\\/wp-content\\\/uploads\\\/sites\\\/154\\\/2022\\\/03\\\/thumbnail.jpg\",\"datePublished\":\"2022-03-05T10:39:00+00:00\",\"dateModified\":\"2023-10-30T14:52:41+00:00\",\"description\":\"Kandidaat-raadslid Jorick Messink in gesprek met Derk te Bokkel van Rijn en IJssel Energieco\u00f6peratie over groene energie in de stad en het belang van burgerparticipatie om dat goed van de grond te krijgen.\",\"breadcrumb\":{\"@id\":\"https:\\\/\\\/d66.nl\\\/arnhem\\\/nieuws\\\/windpark-koningspleij\\\/#breadcrumb\"},\"inLanguage\":\"nl-NL\",\"potentialAction\":[{\"@type\":\"ReadAction\",\"target\":[\"https:\\\/\\\/d66.nl\\\/arnhem\\\/nieuws\\\/windpark-koningspleij\\\/\"]}]},{\"@type\":\"ImageObject\",\"inLanguage\":\"nl-NL\",\"@id\":\"https:\\\/\\\/d66.nl\\\/arnhem\\\/nieuws\\\/windpark-koningspleij\\\/#primaryimage\",\"url\":\"https:\\\/\\\/d66.nl\\\/arnhem\\\/wp-content\\\/uploads\\\/sites\\\/154\\\/2022\\\/03\\\/thumbnail.jpg\",\"contentUrl\":\"https:\\\/\\\/d66.nl\\\/arnhem\\\/wp-content\\\/uploads\\\/sites\\\/154\\\/2022\\\/03\\\/thumbnail.jpg\",\"width\":1989,\"height\":1113},{\"@type\":\"BreadcrumbList\",\"@id\":\"https:\\\/\\\/d66.nl\\\/arnhem\\\/nieuws\\\/windpark-koningspleij\\\/#breadcrumb\",\"itemListElement\":[{\"@type\":\"ListItem\",\"position\":1,\"name\":\"Home\",\"item\":\"https:\\\/\\\/d66.nl\\\/arnhem\\\/\"},{\"@type\":\"ListItem\",\"position\":2,\"name\":\"Nieuws\",\"item\":\"https:\\\/\\\/d66.nl\\\/arnhem\\\/nieuws\\\/\"},{\"@type\":\"ListItem\",\"position\":3,\"name\":\"D66 in gesprek: Windpark Koningspleij\"}]},{\"@type\":\"WebSite\",\"@id\":\"https:\\\/\\\/d66.nl\\\/arnhem\\\/#website\",\"url\":\"https:\\\/\\\/d66.nl\\\/arnhem\\\/\",\"name\":\"D66 Arnhem\",\"description\":\"Just another D66 Sites site\",\"publisher\":{\"@id\":\"https:\\\/\\\/d66.nl\\\/arnhem\\\/#organization\"},\"potentialAction\":[{\"@type\":\"SearchAction\",\"target\":{\"@type\":\"EntryPoint\",\"urlTemplate\":\"https:\\\/\\\/d66.nl\\\/arnhem\\\/?s={search_term_string}\"},\"query-input\":{\"@type\":\"PropertyValueSpecification\",\"valueRequired\":true,\"valueName\":\"search_term_string\"}}],\"inLanguage\":\"nl-NL\"},{\"@type\":\"Organization\",\"@id\":\"https:\\\/\\\/d66.nl\\\/arnhem\\\/#organization\",\"name\":\"D66\",\"url\":\"https:\\\/\\\/d66.nl\\\/arnhem\\\/\",\"logo\":{\"@type\":\"ImageObject\",\"inLanguage\":\"nl-NL\",\"@id\":\"https:\\\/\\\/d66.nl\\\/arnhem\\\/#\\\/schema\\\/logo\\\/image\\\/\",\"url\":\"https:\\\/\\\/d66.nl\\\/arnhem\\\/wp-content\\\/uploads\\\/sites\\\/2\\\/2021\\\/10\\\/d66-themas-algemeen-og.png\",\"contentUrl\":\"https:\\\/\\\/d66.nl\\\/arnhem\\\/wp-content\\\/uploads\\\/sites\\\/2\\\/2021\\\/10\\\/d66-themas-algemeen-og.png\",\"width\":1200,\"height\":628,\"caption\":\"D66\"},\"image\":{\"@id\":\"https:\\\/\\\/d66.nl\\\/arnhem\\\/#\\\/schema\\\/logo\\\/image\\\/\"}},{\"@type\":\"Person\",\"@id\":\"https:\\\/\\\/d66.nl\\\/arnhem\\\/#\\\/schema\\\/person\\\/5b6b97198571666ab385fe399a83ce40\",\"name\":\"mattijsloor\",\"image\":{\"@type\":\"ImageObject\",\"inLanguage\":\"nl-NL\",\"@id\":\"https:\\\/\\\/secure.gravatar.com\\\/avatar\\\/eceaa8f52c4a7fc9149e480f9680a1f11645ab1460af991c4ae7105ca4ebbfbe?s=96&d=mm&r=g\",\"url\":\"https:\\\/\\\/secure.gravatar.com\\\/avatar\\\/eceaa8f52c4a7fc9149e480f9680a1f11645ab1460af991c4ae7105ca4ebbfbe?s=96&d=mm&r=g\",\"contentUrl\":\"https:\\\/\\\/secure.gravatar.com\\\/avatar\\\/eceaa8f52c4a7fc9149e480f9680a1f11645ab1460af991c4ae7105ca4ebbfbe?s=96&d=mm&r=g\",\"caption\":\"mattijsloor\"}}]}<\/script>\n<!-- \/ Yoast SEO plugin. -->","yoast_head_json":{"title":"D66 Arnhem &#8212; D66 in gesprek: Windpark Koningspleij","description":"Kandidaat-raadslid Jorick Messink in gesprek met Derk te Bokkel van Rijn en IJssel Energieco\u00f6peratie over groene energie in de stad en het belang van burgerparticipatie om dat goed van de grond te krijgen.","robots":{"index":"index","follow":"follow","max-snippet":"max-snippet:-1","max-image-preview":"max-image-preview:large","max-video-preview":"max-video-preview:-1"},"canonical":"https:\/\/d66.nl\/arnhem\/nieuws\/windpark-koningspleij","og_locale":"nl_NL","og_type":"article","og_title":"D66 Arnhem &#8212; D66 in gesprek: Windpark Koningspleij","og_description":"Kandidaat-raadslid Jorick Messink in gesprek met Derk te Bokkel van Rijn en IJssel Energieco\u00f6peratie over groene energie in de stad en het belang van burgerparticipatie om dat goed van de grond te krijgen.","og_url":"https:\/\/d66.nl\/arnhem\/nieuws\/windpark-koningspleij\/","og_site_name":"D66 Arnhem","article_published_time":"2022-03-05T10:39:00+00:00","article_modified_time":"2023-10-30T14:52:41+00:00","og_image":[{"width":1989,"height":1113,"url":"https:\/\/d66.nl\/arnhem\/wp-content\/uploads\/sites\/154\/2022\/03\/thumbnail.jpg","type":"image\/jpeg"}],"author":"mattijsloor","twitter_card":"summary_large_image","twitter_misc":{"Geschreven door":"mattijsloor"},"schema":{"@context":"https:\/\/schema.org","@graph":[{"@type":"Article","@id":"https:\/\/d66.nl\/arnhem\/nieuws\/windpark-koningspleij\/#article","isPartOf":{"@id":"https:\/\/d66.nl\/arnhem\/nieuws\/windpark-koningspleij\/"},"author":{"name":"mattijsloor","@id":"https:\/\/d66.nl\/arnhem\/#\/schema\/person\/5b6b97198571666ab385fe399a83ce40"},"headline":"D66 in gesprek: Windpark Koningspleij","datePublished":"2022-03-05T10:39:00+00:00","dateModified":"2023-10-30T14:52:41+00:00","mainEntityOfPage":{"@id":"https:\/\/d66.nl\/arnhem\/nieuws\/windpark-koningspleij\/"},"wordCount":5,"publisher":{"@id":"https:\/\/d66.nl\/arnhem\/#organization"},"image":{"@id":"https:\/\/d66.nl\/arnhem\/nieuws\/windpark-koningspleij\/#primaryimage"},"thumbnailUrl":"https:\/\/d66.nl\/arnhem\/wp-content\/uploads\/sites\/154\/2022\/03\/thumbnail.jpg","articleSection":["D66 Arnhem"],"inLanguage":"nl-NL"},{"@type":"WebPage","@id":"https:\/\/d66.nl\/arnhem\/nieuws\/windpark-koningspleij\/","url":"https:\/\/d66.nl\/arnhem\/nieuws\/windpark-koningspleij\/","name":"D66 Arnhem &#8212; D66 in gesprek: Windpark Koningspleij","isPartOf":{"@id":"https:\/\/d66.nl\/arnhem\/#website"},"primaryImageOfPage":{"@id":"https:\/\/d66.nl\/arnhem\/nieuws\/windpark-koningspleij\/#primaryimage"},"image":{"@id":"https:\/\/d66.nl\/arnhem\/nieuws\/windpark-koningspleij\/#primaryimage"},"thumbnailUrl":"https:\/\/d66.nl\/arnhem\/wp-content\/uploads\/sites\/154\/2022\/03\/thumbnail.jpg","datePublished":"2022-03-05T10:39:00+00:00","dateModified":"2023-10-30T14:52:41+00:00","description":"Kandidaat-raadslid Jorick Messink in gesprek met Derk te Bokkel van Rijn en IJssel Energieco\u00f6peratie over groene energie in de stad en het belang van burgerparticipatie om dat goed van de grond te krijgen.","breadcrumb":{"@id":"https:\/\/d66.nl\/arnhem\/nieuws\/windpark-koningspleij\/#breadcrumb"},"inLanguage":"nl-NL","potentialAction":[{"@type":"ReadAction","target":["https:\/\/d66.nl\/arnhem\/nieuws\/windpark-koningspleij\/"]}]},{"@type":"ImageObject","inLanguage":"nl-NL","@id":"https:\/\/d66.nl\/arnhem\/nieuws\/windpark-koningspleij\/#primaryimage","url":"https:\/\/d66.nl\/arnhem\/wp-content\/uploads\/sites\/154\/2022\/03\/thumbnail.jpg","contentUrl":"https:\/\/d66.nl\/arnhem\/wp-content\/uploads\/sites\/154\/2022\/03\/thumbnail.jpg","width":1989,"height":1113},{"@type":"BreadcrumbList","@id":"https:\/\/d66.nl\/arnhem\/nieuws\/windpark-koningspleij\/#breadcrumb","itemListElement":[{"@type":"ListItem","position":1,"name":"Home","item":"https:\/\/d66.nl\/arnhem\/"},{"@type":"ListItem","position":2,"name":"Nieuws","item":"https:\/\/d66.nl\/arnhem\/nieuws\/"},{"@type":"ListItem","position":3,"name":"D66 in gesprek: Windpark Koningspleij"}]},{"@type":"WebSite","@id":"https:\/\/d66.nl\/arnhem\/#website","url":"https:\/\/d66.nl\/arnhem\/","name":"D66 Arnhem","description":"Just another D66 Sites site","publisher":{"@id":"https:\/\/d66.nl\/arnhem\/#organization"},"potentialAction":[{"@type":"SearchAction","target":{"@type":"EntryPoint","urlTemplate":"https:\/\/d66.nl\/arnhem\/?s={search_term_string}"},"query-input":{"@type":"PropertyValueSpecification","valueRequired":true,"valueName":"search_term_string"}}],"inLanguage":"nl-NL"},{"@type":"Organization","@id":"https:\/\/d66.nl\/arnhem\/#organization","name":"D66","url":"https:\/\/d66.nl\/arnhem\/","logo":{"@type":"ImageObject","inLanguage":"nl-NL","@id":"https:\/\/d66.nl\/arnhem\/#\/schema\/logo\/image\/","url":"https:\/\/d66.nl\/arnhem\/wp-content\/uploads\/sites\/2\/2021\/10\/d66-themas-algemeen-og.png","contentUrl":"https:\/\/d66.nl\/arnhem\/wp-content\/uploads\/sites\/2\/2021\/10\/d66-themas-algemeen-og.png","width":1200,"height":628,"caption":"D66"},"image":{"@id":"https:\/\/d66.nl\/arnhem\/#\/schema\/logo\/image\/"}},{"@type":"Person","@id":"https:\/\/d66.nl\/arnhem\/#\/schema\/person\/5b6b97198571666ab385fe399a83ce40","name":"mattijsloor","image":{"@type":"ImageObject","inLanguage":"nl-NL","@id":"https:\/\/secure.gravatar.com\/avatar\/eceaa8f52c4a7fc9149e480f9680a1f11645ab1460af991c4ae7105ca4ebbfbe?s=96&d=mm&r=g","url":"https:\/\/secure.gravatar.com\/avatar\/eceaa8f52c4a7fc9149e480f9680a1f11645ab1460af991c4ae7105ca4ebbfbe?s=96&d=mm&r=g","contentUrl":"https:\/\/secure.gravatar.com\/avatar\/eceaa8f52c4a7fc9149e480f9680a1f11645ab1460af991c4ae7105ca4ebbfbe?s=96&d=mm&r=g","caption":"mattijsloor"}}]}},"_links":{"self":[{"href":"https:\/\/d66.nl\/arnhem\/wp-json\/wp\/v2\/posts\/1374","targetHints":{"allow":["GET"]}}],"collection":[{"href":"https:\/\/d66.nl\/arnhem\/wp-json\/wp\/v2\/posts"}],"about":[{"href":"https:\/\/d66.nl\/arnhem\/wp-json\/wp\/v2\/types\/post"}],"author":[{"embeddable":true,"href":"https:\/\/d66.nl\/arnhem\/wp-json\/wp\/v2\/users\/917"}],"replies":[{"embeddable":true,"href":"https:\/\/d66.nl\/arnhem\/wp-json\/wp\/v2\/comments?post=1374"}],"version-history":[{"count":10,"href":"https:\/\/d66.nl\/arnhem\/wp-json\/wp\/v2\/posts\/1374\/revisions"}],"predecessor-version":[{"id":4028,"href":"https:\/\/d66.nl\/arnhem\/wp-json\/wp\/v2\/posts\/1374\/revisions\/4028"}],"wp:featuredmedia":[{"embeddable":true,"href":"https:\/\/d66.nl\/arnhem\/wp-json\/wp\/v2\/media\/1378"}],"wp:attachment":[{"href":"https:\/\/d66.nl\/arnhem\/wp-json\/wp\/v2\/media?parent=1374"}],"wp:term":[{"taxonomy":"category","embeddable":true,"href":"https:\/\/d66.nl\/arnhem\/wp-json\/wp\/v2\/categories?post=1374"},{"taxonomy":"labels","embeddable":true,"href":"https:\/\/d66.nl\/arnhem\/wp-json\/wp\/v2\/labels?post=1374"},{"taxonomy":"search-tags","embeddable":true,"href":"https:\/\/d66.nl\/arnhem\/wp-json\/wp\/v2\/search-tags?post=1374"}],"curies":[{"name":"wp","href":"https:\/\/api.w.org\/{rel}","templated":true}]}}