{"id":529,"date":"2024-03-26T22:13:15","date_gmt":"2024-03-26T22:13:15","guid":{"rendered":"https:\/\/d66.nl\/amsterdamnoord\/nieuws\/"},"modified":"2024-04-02T13:55:34","modified_gmt":"2024-04-02T13:55:34","slug":"politieke-update-maart-2024","status":"publish","type":"post","link":"https:\/\/d66.nl\/amsterdamnoord\/nieuws\/politieke-update-maart-2024","title":{"rendered":"Politieke update maart 2024"},"content":{"rendered":"<div\n  id=\"\"\n  class=\"wrapper  wrapper__spacing-bottom-large--50 wrapper__spacing-bottom-desktop--66 wrapper__spacing-bottom-mobile--76  wrapper__gutter--none\"\n  >\n  \t<div class=\"wrapper__container wrapper__container-width-large--default\">\n\t  <div class=\"wrapper__inner wrapper__width-large--14 wrapper__width-desktop--20 wrapper__width-mobile--24 wrapper__offset-large--6 wrapper__offset-desktop--4 wrapper__offset-mobile--0\">\n\t\t<h1 class=\"heading   heading__size--giant heading__font--serif heading__weight--regular  block-heading__heading\" id=\"nav-politieke-update-maart-20242556\"  data-nav-heading-mobile=\"Politieke update maart 2024\" >\n\tPolitieke update maart 2024<\/h1>\t  <\/div>\n\t<\/div>\n  <\/div>\n\n\n<div\n  id=\"\"\n  class=\"wrapper  wrapper__spacing-bottom-large--110 wrapper__spacing-bottom-desktop--60 wrapper__spacing-bottom-mobile--50  wrapper__gutter--none\"\n  >\n  \t<div class=\"wrapper__container wrapper__container-width-large--default\">\n\t  <div class=\"wrapper__inner wrapper__width-large--24 wrapper__width-mobile--24\">\n\t\t<section class=\"block-video\">\n\t<div\n\t\tclass=\"block-video__video-wrapper\"\n\t\tstyle=\"background-image: url('https:\/\/d66.nl\/amsterdamnoord\/wp-content\/uploads\/sites\/381\/2024\/04\/ndsmkraan-scaled.jpg')\"\n\t>\n\t\t\t<\/div>\n\n\t\t\t<div class=\"block-video__caption-wrapper\">\n\t\t\t<div class=\"block-video__caption\">\n\t\t\t\t<p class=\"paragraph paragraph__align--left paragraph__color--black paragraph__size--small paragraph__weight--medium\">\n\t\t<b>Faralda Crane Hotel op de NDSM-werf<\/b> <i>&#045;<\/i> Beeld: Anton Rybakov\t<\/p>\t\t\t<\/div>\n\t\t<\/div>\n\t\n<\/section>\n\n\t  <\/div>\n\t<\/div>\n  <\/div>\n\n\n<div\n  id=\"\"\n  class=\"wrapper  wrapper__spacing-bottom-large--50 wrapper__spacing-bottom-mobile--40  wrapper__gutter--none\"\n  >\n  \t<div class=\"wrapper__container wrapper__container-width-large--default\">\n\t  <div class=\"wrapper__inner wrapper__width-large--13 wrapper__width-desktop--22 wrapper__width-mobile--24 wrapper__offset-large--6 wrapper__offset-desktop--2 wrapper__offset-mobile--0\">\n\t\t<p\n\t\tclass=\"paragraph   paragraph__size--big   block-paragraph__paragraph\"\n\t\t\t>\n\t\tHet zonnetje breekt vaker door, terwijl de vogels fluiten en de blaadjes aan de bomen verschijnen: de lente breekt aan! Een periode van bloei en verfrissing, ook op politiek gebied.<br>\t<\/p>\t  <\/div>\n\t<\/div>\n  <\/div>\n\n\n<div\n  id=\"\"\n  class=\"wrapper  wrapper__spacing-bottom-large--50 wrapper__spacing-bottom-desktop--70 wrapper__spacing-bottom-mobile--50  wrapper__gutter--none\"\n  >\n  \t<div class=\"wrapper__container wrapper__container-width-large--default\">\n\t  <div class=\"wrapper__inner wrapper__width-large--18 wrapper__width-desktop--22 wrapper__width-mobile--24 wrapper__offset-large--6 wrapper__offset-desktop--2 wrapper__offset-mobile--0\">\n\t\t<section class=\"block-post-content\">\n\t<div class=\"block-post-content__title\">\n\t\t<h3 class=\"heading  heading__color--black heading__size--medium heading__font--sans heading__weight--semiBold  block-post-content__heading\" id=\"nav--strong-bezoek-aan-hockeyvereniging-noorderlicht--strong-3058\" data-nav-heading-mobile=\"Bezoek aan hockeyvereniging Noorderlicht\">\n\t<strong>Bezoek aan hockeyvereniging Noorderlicht<\/strong><\/h3>\t<\/div>\n\t<div class=\"block-post-content__content\">\n\t\t\n<div\n  id=\"\"\n  class=\"wrapper  wrapper__spacing-bottom-large--30 wrapper__spacing-bottom-desktop--20  wrapper__gutter--none\"\n  >\n  \t<div class=\"wrapper__container wrapper__container-width-large--default\">\n\t  <div class=\"wrapper__inner wrapper__width-large--24 wrapper__width-mobile--24\">\n\t\t<p\n\t\tclass=\"paragraph paragraph__align--left paragraph__color--black paragraph__size--default   block-paragraph__paragraph\"\n\t\t\t>\n\t\tMet de steunfractie zijn we op bezoek geweest bij hockeyclub Noorderlicht. Noorderlicht is een sociale sportclub in Noord die alle kinderen uit de buurt de kans geeft om bij hen te sporten. Een fantastisch initiatief dat broodnodig is in een stadsdeel met veel kansenongelijkheid en hoge obesitascijfers onder kinderen. Helaas loopt de club tegen problemen aan, bijvoorbeeld met betrekking tot (een gevoel van) veiligheid en een goede aansluiting op de buurt. Daar hebben wij vragen over ingediend.<br>Daarnaast hebben we vragen gesteld over de tot nu toe onbenutte kansen die we tegengekomen zijn. Noorderlicht is namelijk \u00e9\u00e9n van de weinige plekken in onze drukke stad waar nog volop ruimte is voor groei. Wat ons betreft worden sportcomplexen zoals deze openbaarder, zodat we de faciliteiten zo intensief mogelijk kunnen gebruiken, in samenwerking met de clubs en de buurt. Denk hierbij bijvoorbeeld aan andere sportactiviteiten of kinderopvang.\t<\/p>\t  <\/div>\n\t<\/div>\n  <\/div>\n\n\t<\/div>\n\n\t<div class=\"block-post-content__sidebar\">\n\t\t\n\t\t\n\t\t\t<\/div>\n<\/section>\n\t  <\/div>\n\t<\/div>\n  <\/div>\n\n\n<div\n  id=\"\"\n  class=\"wrapper  wrapper__spacing-bottom-large--50 wrapper__spacing-bottom-desktop--70 wrapper__spacing-bottom-mobile--50  wrapper__gutter--none\"\n  >\n  \t<div class=\"wrapper__container wrapper__container-width-large--default\">\n\t  <div class=\"wrapper__inner wrapper__width-large--18 wrapper__width-desktop--22 wrapper__width-mobile--24 wrapper__offset-large--6 wrapper__offset-desktop--2 wrapper__offset-mobile--0\">\n\t\t<section class=\"block-post-content\">\n\t<div class=\"block-post-content__title\">\n\t\t<h3 class=\"heading  heading__color--black heading__size--medium heading__font--sans heading__weight--semiBold  block-post-content__heading\" id=\"nav-kinderopvang1616\" data-nav-heading-mobile=\"Kinderopvang\">\n\tKinderopvang<\/h3>\t<\/div>\n\t<div class=\"block-post-content__content\">\n\t\t\n<div\n  id=\"\"\n  class=\"wrapper  wrapper__spacing-bottom-large--30 wrapper__spacing-bottom-desktop--20  wrapper__gutter--none\"\n  >\n  \t<div class=\"wrapper__container wrapper__container-width-large--default\">\n\t  <div class=\"wrapper__inner wrapper__width-large--24 wrapper__width-mobile--24\">\n\t\t<p\n\t\tclass=\"paragraph paragraph__align--left paragraph__color--black paragraph__size--default   block-paragraph__paragraph\"\n\t\t\t>\n\t\tOver kinderopvang gesproken: in de gemeente is er inmiddels een expertsessie geweest met de focus op wat de gemeente w\u00e9l kan doen. Hierbij ging het met name over het regelen van voldoende locaties, iets dat in Amsterdam nog steeds niet altijd goed gaat. Wij hopen dat er uit deze sessie een hoop waardevolle initiatiefvoorstellen vloeien, ook voor ons stadsdeel.\t<\/p>\t  <\/div>\n\t<\/div>\n  <\/div>\n\n\t<\/div>\n\n\t<div class=\"block-post-content__sidebar\">\n\t\t\n\t\t\n\t\t\t<\/div>\n<\/section>\n\t  <\/div>\n\t<\/div>\n  <\/div>\n\n\n<div\n  id=\"\"\n  class=\"wrapper  wrapper__spacing-bottom-large--50 wrapper__spacing-bottom-desktop--70 wrapper__spacing-bottom-mobile--50  wrapper__gutter--none\"\n  >\n  \t<div class=\"wrapper__container wrapper__container-width-large--default\">\n\t  <div class=\"wrapper__inner wrapper__width-large--18 wrapper__width-desktop--22 wrapper__width-mobile--24 wrapper__offset-large--6 wrapper__offset-desktop--2 wrapper__offset-mobile--0\">\n\t\t<section class=\"block-post-content\">\n\t<div class=\"block-post-content__title\">\n\t\t<h3 class=\"heading  heading__color--black heading__size--medium heading__font--sans heading__weight--bold  block-post-content__heading\" id=\"nav-sprong-over-het-ij--aanpak-noord-en-andere-zaken363\" data-nav-heading-mobile=\"Sprong over het IJ, Aanpak Noord en andere zaken\">\n\tSprong over het IJ, Aanpak Noord en andere zaken<\/h3>\t<\/div>\n\t<div class=\"block-post-content__content\">\n\t\t\n<div\n  id=\"\"\n  class=\"wrapper  wrapper__spacing-bottom-large--30 wrapper__spacing-bottom-desktop--20  wrapper__gutter--none\"\n  >\n  \t<div class=\"wrapper__container wrapper__container-width-large--default\">\n\t  <div class=\"wrapper__inner wrapper__width-large--24 wrapper__width-mobile--24\">\n\t\t<p\n\t\tclass=\"paragraph paragraph__align--left paragraph__color--black paragraph__size--default   block-paragraph__paragraph\"\n\t\t\t>\n\t\tDat zijn heel kort de dingen waar we nu mee bezig zijn. Maar er is natuurlijk nog veel meer aan de hand: er zijn zorgen over de kunststoffabriek, waar we samen met de Groene Basispiraten in optrekken, terwijl de Sprong over het IJ ons blijft bezighouden, we bij de Aanpak Noord herhaaldelijk oproepen om ook de kracht van lokale ondernemers positief in te zetten en we routes naar scholen en sportvoorzieningen met schoolstraten veiliger willen maken.\t<\/p>\t  <\/div>\n\t<\/div>\n  <\/div>\n\n\t<\/div>\n\n\t<div class=\"block-post-content__sidebar\">\n\t\t\n\t\t\n\t\t\t<\/div>\n<\/section>\n\t  <\/div>\n\t<\/div>\n  <\/div>\n\n\n<div\n  id=\"\"\n  class=\"wrapper  wrapper__spacing-bottom-large--50 wrapper__spacing-bottom-desktop--70 wrapper__spacing-bottom-mobile--50  wrapper__gutter--none\"\n  >\n  \t<div class=\"wrapper__container wrapper__container-width-large--default\">\n\t  <div class=\"wrapper__inner wrapper__width-large--18 wrapper__width-desktop--22 wrapper__width-mobile--24 wrapper__offset-large--6 wrapper__offset-desktop--2 wrapper__offset-mobile--0\">\n\t\t<section class=\"block-post-content\">\n\t<div class=\"block-post-content__title\">\n\t\t<h3 class=\"heading  heading__color--black heading__size--medium heading__font--sans heading__weight--semiBold  block-post-content__heading\" id=\"nav--strong-vereniging-en-steunfractie--strong-6930\" data-nav-heading-mobile=\"Vereniging en steunfractie\">\n\t<strong>Vereniging en steunfractie<\/strong><\/h3>\t<\/div>\n\t<div class=\"block-post-content__content\">\n\t\t\n<div\n  id=\"\"\n  class=\"wrapper  wrapper__spacing-bottom-large--30 wrapper__spacing-bottom-desktop--20  wrapper__gutter--none\"\n  >\n  \t<div class=\"wrapper__container wrapper__container-width-large--default\">\n\t  <div class=\"wrapper__inner wrapper__width-large--24 wrapper__width-mobile--24\">\n\t\t<p\n\t\tclass=\"paragraph paragraph__align--left paragraph__color--black paragraph__size--default   block-paragraph__paragraph\"\n\t\t\t>\n\t\tOftewel: genoeg te doen. We zijn inmiddels halverwege de raadsperiode en daarom zijn we met de steunfractie aan het nadenken over hoe we ons de komende twee jaar kunnen profileren. Heb jij hier nou idee\u00ebn over? Laat het ons weten of sluit eens aan bij \u00e9\u00e9n van de vergaderingen.   \t<\/p>\t  <\/div>\n\t<\/div>\n  <\/div>\n\n\n<div\n  id=\"\"\n  class=\"wrapper  wrapper__spacing-bottom-large--20  wrapper__gutter--none\"\n  >\n  \t<div class=\"wrapper__container wrapper__container-width-large--default\">\n\t  <div class=\"wrapper__inner wrapper__width-large--24 wrapper__width-mobile--24\">\n\t\t\t<div class=\"block-lists  block-lists__color--black\">\n\t\t<p class=\"paragraph  paragraph__color--black paragraph__size--default\">\n\t\t\t<\/p><ul class=\"block-lists lists__lists lists__weight--medium lists__color--black lists__type--default\">\n\t<\/ul>\t<\/div>\n\t\t  <\/div>\n\t<\/div>\n  <\/div>\n\n\t<\/div>\n\n\t<div class=\"block-post-content__sidebar\">\n\t\t\n\t\t\n\t\t\t<\/div>\n<\/section>\n\t  <\/div>\n\t<\/div>\n  <\/div>\n","protected":false},"excerpt":{"rendered":"","protected":false},"author":1064,"featured_media":530,"comment_status":"open","ping_status":"open","sticky":false,"template":"","format":"standard","meta":{"_acf_changed":false,"footnotes":""},"categories":[1],"labels":[],"search-tags":[],"class_list":["post-529","post","type-post","status-publish","format-standard","has-post-thumbnail","hentry","category-d66"],"acf":[],"yoast_head":"<!-- This site is optimized with the Yoast SEO plugin v27.3 - https:\/\/yoast.com\/product\/yoast-seo-wordpress\/ -->\n<title>D66 Amsterdam Noord &#8212; Politieke update maart 2024<\/title>\n<meta name=\"robots\" content=\"index, follow, max-snippet:-1, max-image-preview:large, max-video-preview:-1\" \/>\n<link rel=\"canonical\" href=\"https:\/\/d66.nl\/amsterdamnoord\/nieuws\/politieke-update-maart-2024\" \/>\n<meta property=\"og:locale\" content=\"nl_NL\" \/>\n<meta property=\"og:type\" content=\"article\" \/>\n<meta property=\"og:title\" content=\"D66 Amsterdam Noord &#8212; Politieke update maart 2024\" \/>\n<meta property=\"og:url\" content=\"https:\/\/d66.nl\/amsterdamnoord\/nieuws\/politieke-update-maart-2024\/\" \/>\n<meta property=\"og:site_name\" content=\"D66 Amsterdam Noord\" \/>\n<meta property=\"article:published_time\" content=\"2024-03-26T22:13:15+00:00\" \/>\n<meta property=\"article:modified_time\" content=\"2024-04-02T13:55:34+00:00\" \/>\n<meta property=\"og:image\" content=\"https:\/\/d66.nl\/amsterdamnoord\/wp-content\/uploads\/sites\/381\/2024\/03\/francois-genon-OG49sLtziCY-unsplash-scaled.jpg\" \/>\n\t<meta property=\"og:image:width\" content=\"2560\" \/>\n\t<meta property=\"og:image:height\" content=\"1707\" \/>\n\t<meta property=\"og:image:type\" content=\"image\/jpeg\" \/>\n<meta name=\"author\" content=\"dionglastra\" \/>\n<meta name=\"twitter:card\" content=\"summary_large_image\" \/>\n<meta name=\"twitter:label1\" content=\"Geschreven door\" \/>\n\t<meta name=\"twitter:data1\" content=\"dionglastra\" \/>\n<script type=\"application\/ld+json\" class=\"yoast-schema-graph\">{\"@context\":\"https:\\\/\\\/schema.org\",\"@graph\":[{\"@type\":\"Article\",\"@id\":\"https:\\\/\\\/d66.nl\\\/amsterdamnoord\\\/nieuws\\\/politieke-update-maart-2024\\\/#article\",\"isPartOf\":{\"@id\":\"https:\\\/\\\/d66.nl\\\/amsterdamnoord\\\/nieuws\\\/politieke-update-maart-2024\\\/\"},\"author\":{\"name\":\"dionglastra\",\"@id\":\"https:\\\/\\\/d66.nl\\\/amsterdamnoord\\\/#\\\/schema\\\/person\\\/3128c51ebf84d17924361effb1883712\"},\"headline\":\"Politieke update maart 2024\",\"datePublished\":\"2024-03-26T22:13:15+00:00\",\"dateModified\":\"2024-04-02T13:55:34+00:00\",\"mainEntityOfPage\":{\"@id\":\"https:\\\/\\\/d66.nl\\\/amsterdamnoord\\\/nieuws\\\/politieke-update-maart-2024\\\/\"},\"wordCount\":3,\"commentCount\":0,\"publisher\":{\"@id\":\"https:\\\/\\\/d66.nl\\\/amsterdamnoord\\\/#organization\"},\"image\":{\"@id\":\"https:\\\/\\\/d66.nl\\\/amsterdamnoord\\\/nieuws\\\/politieke-update-maart-2024\\\/#primaryimage\"},\"thumbnailUrl\":\"https:\\\/\\\/d66.nl\\\/amsterdamnoord\\\/wp-content\\\/uploads\\\/sites\\\/381\\\/2024\\\/03\\\/francois-genon-OG49sLtziCY-unsplash-scaled.jpg\",\"articleSection\":[\"D66\"],\"inLanguage\":\"nl-NL\",\"potentialAction\":[{\"@type\":\"CommentAction\",\"name\":\"Comment\",\"target\":[\"https:\\\/\\\/d66.nl\\\/amsterdamnoord\\\/nieuws\\\/politieke-update-maart-2024\\\/#respond\"]}]},{\"@type\":\"WebPage\",\"@id\":\"https:\\\/\\\/d66.nl\\\/amsterdamnoord\\\/nieuws\\\/politieke-update-maart-2024\\\/\",\"url\":\"https:\\\/\\\/d66.nl\\\/amsterdamnoord\\\/nieuws\\\/politieke-update-maart-2024\\\/\",\"name\":\"D66 Amsterdam Noord &#8212; Politieke update maart 2024\",\"isPartOf\":{\"@id\":\"https:\\\/\\\/d66.nl\\\/amsterdamnoord\\\/#website\"},\"primaryImageOfPage\":{\"@id\":\"https:\\\/\\\/d66.nl\\\/amsterdamnoord\\\/nieuws\\\/politieke-update-maart-2024\\\/#primaryimage\"},\"image\":{\"@id\":\"https:\\\/\\\/d66.nl\\\/amsterdamnoord\\\/nieuws\\\/politieke-update-maart-2024\\\/#primaryimage\"},\"thumbnailUrl\":\"https:\\\/\\\/d66.nl\\\/amsterdamnoord\\\/wp-content\\\/uploads\\\/sites\\\/381\\\/2024\\\/03\\\/francois-genon-OG49sLtziCY-unsplash-scaled.jpg\",\"datePublished\":\"2024-03-26T22:13:15+00:00\",\"dateModified\":\"2024-04-02T13:55:34+00:00\",\"breadcrumb\":{\"@id\":\"https:\\\/\\\/d66.nl\\\/amsterdamnoord\\\/nieuws\\\/politieke-update-maart-2024\\\/#breadcrumb\"},\"inLanguage\":\"nl-NL\",\"potentialAction\":[{\"@type\":\"ReadAction\",\"target\":[\"https:\\\/\\\/d66.nl\\\/amsterdamnoord\\\/nieuws\\\/politieke-update-maart-2024\\\/\"]}]},{\"@type\":\"ImageObject\",\"inLanguage\":\"nl-NL\",\"@id\":\"https:\\\/\\\/d66.nl\\\/amsterdamnoord\\\/nieuws\\\/politieke-update-maart-2024\\\/#primaryimage\",\"url\":\"https:\\\/\\\/d66.nl\\\/amsterdamnoord\\\/wp-content\\\/uploads\\\/sites\\\/381\\\/2024\\\/03\\\/francois-genon-OG49sLtziCY-unsplash-scaled.jpg\",\"contentUrl\":\"https:\\\/\\\/d66.nl\\\/amsterdamnoord\\\/wp-content\\\/uploads\\\/sites\\\/381\\\/2024\\\/03\\\/francois-genon-OG49sLtziCY-unsplash-scaled.jpg\",\"width\":2560,\"height\":1707},{\"@type\":\"BreadcrumbList\",\"@id\":\"https:\\\/\\\/d66.nl\\\/amsterdamnoord\\\/nieuws\\\/politieke-update-maart-2024\\\/#breadcrumb\",\"itemListElement\":[{\"@type\":\"ListItem\",\"position\":1,\"name\":\"Home\",\"item\":\"https:\\\/\\\/d66.nl\\\/amsterdamnoord\\\/\"},{\"@type\":\"ListItem\",\"position\":2,\"name\":\"Nieuws\",\"item\":\"https:\\\/\\\/d66.nl\\\/amsterdamnoord\\\/nieuws\\\/\"},{\"@type\":\"ListItem\",\"position\":3,\"name\":\"Politieke update maart 2024\"}]},{\"@type\":\"WebSite\",\"@id\":\"https:\\\/\\\/d66.nl\\\/amsterdamnoord\\\/#website\",\"url\":\"https:\\\/\\\/d66.nl\\\/amsterdamnoord\\\/\",\"name\":\"D66 Amsterdam Noord\",\"description\":\"Just another D66 Sites site\",\"publisher\":{\"@id\":\"https:\\\/\\\/d66.nl\\\/amsterdamnoord\\\/#organization\"},\"potentialAction\":[{\"@type\":\"SearchAction\",\"target\":{\"@type\":\"EntryPoint\",\"urlTemplate\":\"https:\\\/\\\/d66.nl\\\/amsterdamnoord\\\/?s={search_term_string}\"},\"query-input\":{\"@type\":\"PropertyValueSpecification\",\"valueRequired\":true,\"valueName\":\"search_term_string\"}}],\"inLanguage\":\"nl-NL\"},{\"@type\":\"Organization\",\"@id\":\"https:\\\/\\\/d66.nl\\\/amsterdamnoord\\\/#organization\",\"name\":\"D66\",\"url\":\"https:\\\/\\\/d66.nl\\\/amsterdamnoord\\\/\",\"logo\":{\"@type\":\"ImageObject\",\"inLanguage\":\"nl-NL\",\"@id\":\"https:\\\/\\\/d66.nl\\\/amsterdamnoord\\\/#\\\/schema\\\/logo\\\/image\\\/\",\"url\":\"https:\\\/\\\/d66.nl\\\/amsterdamnoord\\\/wp-content\\\/uploads\\\/sites\\\/381\\\/2021\\\/10\\\/d66-themas-algemeen-og.png\",\"contentUrl\":\"https:\\\/\\\/d66.nl\\\/amsterdamnoord\\\/wp-content\\\/uploads\\\/sites\\\/381\\\/2021\\\/10\\\/d66-themas-algemeen-og.png\",\"width\":1200,\"height\":628,\"caption\":\"D66\"},\"image\":{\"@id\":\"https:\\\/\\\/d66.nl\\\/amsterdamnoord\\\/#\\\/schema\\\/logo\\\/image\\\/\"}},{\"@type\":\"Person\",\"@id\":\"https:\\\/\\\/d66.nl\\\/amsterdamnoord\\\/#\\\/schema\\\/person\\\/3128c51ebf84d17924361effb1883712\",\"name\":\"dionglastra\",\"image\":{\"@type\":\"ImageObject\",\"inLanguage\":\"nl-NL\",\"@id\":\"https:\\\/\\\/secure.gravatar.com\\\/avatar\\\/e5841354a58d8de457ce3e19f4a26bd1965a59c0e7ac24c6b2acd47d2cff0a72?s=96&d=mm&r=g\",\"url\":\"https:\\\/\\\/secure.gravatar.com\\\/avatar\\\/e5841354a58d8de457ce3e19f4a26bd1965a59c0e7ac24c6b2acd47d2cff0a72?s=96&d=mm&r=g\",\"contentUrl\":\"https:\\\/\\\/secure.gravatar.com\\\/avatar\\\/e5841354a58d8de457ce3e19f4a26bd1965a59c0e7ac24c6b2acd47d2cff0a72?s=96&d=mm&r=g\",\"caption\":\"dionglastra\"}}]}<\/script>\n<!-- \/ Yoast SEO plugin. -->","yoast_head_json":{"title":"D66 Amsterdam Noord &#8212; Politieke update maart 2024","robots":{"index":"index","follow":"follow","max-snippet":"max-snippet:-1","max-image-preview":"max-image-preview:large","max-video-preview":"max-video-preview:-1"},"canonical":"https:\/\/d66.nl\/amsterdamnoord\/nieuws\/politieke-update-maart-2024","og_locale":"nl_NL","og_type":"article","og_title":"D66 Amsterdam Noord &#8212; Politieke update maart 2024","og_url":"https:\/\/d66.nl\/amsterdamnoord\/nieuws\/politieke-update-maart-2024\/","og_site_name":"D66 Amsterdam Noord","article_published_time":"2024-03-26T22:13:15+00:00","article_modified_time":"2024-04-02T13:55:34+00:00","og_image":[{"width":2560,"height":1707,"url":"https:\/\/d66.nl\/amsterdamnoord\/wp-content\/uploads\/sites\/381\/2024\/03\/francois-genon-OG49sLtziCY-unsplash-scaled.jpg","type":"image\/jpeg"}],"author":"dionglastra","twitter_card":"summary_large_image","twitter_misc":{"Geschreven door":"dionglastra"},"schema":{"@context":"https:\/\/schema.org","@graph":[{"@type":"Article","@id":"https:\/\/d66.nl\/amsterdamnoord\/nieuws\/politieke-update-maart-2024\/#article","isPartOf":{"@id":"https:\/\/d66.nl\/amsterdamnoord\/nieuws\/politieke-update-maart-2024\/"},"author":{"name":"dionglastra","@id":"https:\/\/d66.nl\/amsterdamnoord\/#\/schema\/person\/3128c51ebf84d17924361effb1883712"},"headline":"Politieke update maart 2024","datePublished":"2024-03-26T22:13:15+00:00","dateModified":"2024-04-02T13:55:34+00:00","mainEntityOfPage":{"@id":"https:\/\/d66.nl\/amsterdamnoord\/nieuws\/politieke-update-maart-2024\/"},"wordCount":3,"commentCount":0,"publisher":{"@id":"https:\/\/d66.nl\/amsterdamnoord\/#organization"},"image":{"@id":"https:\/\/d66.nl\/amsterdamnoord\/nieuws\/politieke-update-maart-2024\/#primaryimage"},"thumbnailUrl":"https:\/\/d66.nl\/amsterdamnoord\/wp-content\/uploads\/sites\/381\/2024\/03\/francois-genon-OG49sLtziCY-unsplash-scaled.jpg","articleSection":["D66"],"inLanguage":"nl-NL","potentialAction":[{"@type":"CommentAction","name":"Comment","target":["https:\/\/d66.nl\/amsterdamnoord\/nieuws\/politieke-update-maart-2024\/#respond"]}]},{"@type":"WebPage","@id":"https:\/\/d66.nl\/amsterdamnoord\/nieuws\/politieke-update-maart-2024\/","url":"https:\/\/d66.nl\/amsterdamnoord\/nieuws\/politieke-update-maart-2024\/","name":"D66 Amsterdam Noord &#8212; Politieke update maart 2024","isPartOf":{"@id":"https:\/\/d66.nl\/amsterdamnoord\/#website"},"primaryImageOfPage":{"@id":"https:\/\/d66.nl\/amsterdamnoord\/nieuws\/politieke-update-maart-2024\/#primaryimage"},"image":{"@id":"https:\/\/d66.nl\/amsterdamnoord\/nieuws\/politieke-update-maart-2024\/#primaryimage"},"thumbnailUrl":"https:\/\/d66.nl\/amsterdamnoord\/wp-content\/uploads\/sites\/381\/2024\/03\/francois-genon-OG49sLtziCY-unsplash-scaled.jpg","datePublished":"2024-03-26T22:13:15+00:00","dateModified":"2024-04-02T13:55:34+00:00","breadcrumb":{"@id":"https:\/\/d66.nl\/amsterdamnoord\/nieuws\/politieke-update-maart-2024\/#breadcrumb"},"inLanguage":"nl-NL","potentialAction":[{"@type":"ReadAction","target":["https:\/\/d66.nl\/amsterdamnoord\/nieuws\/politieke-update-maart-2024\/"]}]},{"@type":"ImageObject","inLanguage":"nl-NL","@id":"https:\/\/d66.nl\/amsterdamnoord\/nieuws\/politieke-update-maart-2024\/#primaryimage","url":"https:\/\/d66.nl\/amsterdamnoord\/wp-content\/uploads\/sites\/381\/2024\/03\/francois-genon-OG49sLtziCY-unsplash-scaled.jpg","contentUrl":"https:\/\/d66.nl\/amsterdamnoord\/wp-content\/uploads\/sites\/381\/2024\/03\/francois-genon-OG49sLtziCY-unsplash-scaled.jpg","width":2560,"height":1707},{"@type":"BreadcrumbList","@id":"https:\/\/d66.nl\/amsterdamnoord\/nieuws\/politieke-update-maart-2024\/#breadcrumb","itemListElement":[{"@type":"ListItem","position":1,"name":"Home","item":"https:\/\/d66.nl\/amsterdamnoord\/"},{"@type":"ListItem","position":2,"name":"Nieuws","item":"https:\/\/d66.nl\/amsterdamnoord\/nieuws\/"},{"@type":"ListItem","position":3,"name":"Politieke update maart 2024"}]},{"@type":"WebSite","@id":"https:\/\/d66.nl\/amsterdamnoord\/#website","url":"https:\/\/d66.nl\/amsterdamnoord\/","name":"D66 Amsterdam Noord","description":"Just another D66 Sites site","publisher":{"@id":"https:\/\/d66.nl\/amsterdamnoord\/#organization"},"potentialAction":[{"@type":"SearchAction","target":{"@type":"EntryPoint","urlTemplate":"https:\/\/d66.nl\/amsterdamnoord\/?s={search_term_string}"},"query-input":{"@type":"PropertyValueSpecification","valueRequired":true,"valueName":"search_term_string"}}],"inLanguage":"nl-NL"},{"@type":"Organization","@id":"https:\/\/d66.nl\/amsterdamnoord\/#organization","name":"D66","url":"https:\/\/d66.nl\/amsterdamnoord\/","logo":{"@type":"ImageObject","inLanguage":"nl-NL","@id":"https:\/\/d66.nl\/amsterdamnoord\/#\/schema\/logo\/image\/","url":"https:\/\/d66.nl\/amsterdamnoord\/wp-content\/uploads\/sites\/381\/2021\/10\/d66-themas-algemeen-og.png","contentUrl":"https:\/\/d66.nl\/amsterdamnoord\/wp-content\/uploads\/sites\/381\/2021\/10\/d66-themas-algemeen-og.png","width":1200,"height":628,"caption":"D66"},"image":{"@id":"https:\/\/d66.nl\/amsterdamnoord\/#\/schema\/logo\/image\/"}},{"@type":"Person","@id":"https:\/\/d66.nl\/amsterdamnoord\/#\/schema\/person\/3128c51ebf84d17924361effb1883712","name":"dionglastra","image":{"@type":"ImageObject","inLanguage":"nl-NL","@id":"https:\/\/secure.gravatar.com\/avatar\/e5841354a58d8de457ce3e19f4a26bd1965a59c0e7ac24c6b2acd47d2cff0a72?s=96&d=mm&r=g","url":"https:\/\/secure.gravatar.com\/avatar\/e5841354a58d8de457ce3e19f4a26bd1965a59c0e7ac24c6b2acd47d2cff0a72?s=96&d=mm&r=g","contentUrl":"https:\/\/secure.gravatar.com\/avatar\/e5841354a58d8de457ce3e19f4a26bd1965a59c0e7ac24c6b2acd47d2cff0a72?s=96&d=mm&r=g","caption":"dionglastra"}}]}},"_links":{"self":[{"href":"https:\/\/d66.nl\/amsterdamnoord\/wp-json\/wp\/v2\/posts\/529","targetHints":{"allow":["GET"]}}],"collection":[{"href":"https:\/\/d66.nl\/amsterdamnoord\/wp-json\/wp\/v2\/posts"}],"about":[{"href":"https:\/\/d66.nl\/amsterdamnoord\/wp-json\/wp\/v2\/types\/post"}],"author":[{"embeddable":true,"href":"https:\/\/d66.nl\/amsterdamnoord\/wp-json\/wp\/v2\/users\/1064"}],"replies":[{"embeddable":true,"href":"https:\/\/d66.nl\/amsterdamnoord\/wp-json\/wp\/v2\/comments?post=529"}],"version-history":[{"count":4,"href":"https:\/\/d66.nl\/amsterdamnoord\/wp-json\/wp\/v2\/posts\/529\/revisions"}],"predecessor-version":[{"id":548,"href":"https:\/\/d66.nl\/amsterdamnoord\/wp-json\/wp\/v2\/posts\/529\/revisions\/548"}],"wp:featuredmedia":[{"embeddable":true,"href":"https:\/\/d66.nl\/amsterdamnoord\/wp-json\/wp\/v2\/media\/530"}],"wp:attachment":[{"href":"https:\/\/d66.nl\/amsterdamnoord\/wp-json\/wp\/v2\/media?parent=529"}],"wp:term":[{"taxonomy":"category","embeddable":true,"href":"https:\/\/d66.nl\/amsterdamnoord\/wp-json\/wp\/v2\/categories?post=529"},{"taxonomy":"labels","embeddable":true,"href":"https:\/\/d66.nl\/amsterdamnoord\/wp-json\/wp\/v2\/labels?post=529"},{"taxonomy":"search-tags","embeddable":true,"href":"https:\/\/d66.nl\/amsterdamnoord\/wp-json\/wp\/v2\/search-tags?post=529"}],"curies":[{"name":"wp","href":"https:\/\/api.w.org\/{rel}","templated":true}]}}