{"id":1212,"date":"2026-03-04T22:00:30","date_gmt":"2026-03-04T22:00:30","guid":{"rendered":"https:\/\/d66.nl\/albrandswaard\/nieuws\/"},"modified":"2026-03-14T16:30:48","modified_gmt":"2026-03-14T16:30:48","slug":"7-maart-thema-middag-over-de-zorg-in-albrandswaard","status":"publish","type":"post","link":"https:\/\/d66.nl\/albrandswaard\/nieuws\/7-maart-thema-middag-over-de-zorg-in-albrandswaard","title":{"rendered":"Zorg in Albrandswaard."},"content":{"rendered":"<div\n  id=\"\"\n  class=\"wrapper  wrapper__spacing-bottom-large--50 wrapper__spacing-bottom-desktop--66 wrapper__spacing-bottom-mobile--76  wrapper__gutter--none\"\n  >\n  \t<div class=\"wrapper__container wrapper__container-width-large--default\">\n\t  <div class=\"wrapper__inner wrapper__width-large--14 wrapper__width-desktop--20 wrapper__width-mobile--24 wrapper__offset-large--6 wrapper__offset-desktop--4 wrapper__offset-mobile--0\">\n\t\t<h1 class=\"heading   heading__size--giant heading__font--serif heading__weight--regular  block-heading__heading\" id=\"nav-7-maart-thema-middag--zorg-in-albrandswaard916\"  data-nav-heading-mobile=\"7 maart Thema-middag: Zorg in Albrandswaard\" >\n\t7 maart Thema-middag: Zorg in Albrandswaard<\/h1>\t  <\/div>\n\t<\/div>\n  <\/div>\n\n\n<div\n  id=\"\"\n  class=\"wrapper  wrapper__spacing-bottom-large--50 wrapper__spacing-bottom-mobile--40  wrapper__gutter--none\"\n  >\n  \t<div class=\"wrapper__container wrapper__container-width-large--default\">\n\t  <div class=\"wrapper__inner wrapper__width-large--13 wrapper__width-desktop--22 wrapper__width-mobile--24 wrapper__offset-large--6 wrapper__offset-desktop--2 wrapper__offset-mobile--0\">\n\t\t<p\n\t\tclass=\"paragraph   paragraph__size--big   block-paragraph__paragraph\"\n\t\t\t>\n\t\tOp 7 maart organiseerde D66 Albrandswaard haar thema middag in de Brinkhoeve Poortugaal.\t<\/p>\t  <\/div>\n\t<\/div>\n  <\/div>\n\n\n<div\n  id=\"\"\n  class=\"wrapper  wrapper__spacing-bottom-large--30 wrapper__spacing-bottom-desktop--20 wrapper__spacing-bottom-mobile--10  wrapper__gutter--none\"\n  >\n  \t<div class=\"wrapper__container wrapper__container-width-large--default\">\n\t  <div class=\"wrapper__inner wrapper__width-large--14 wrapper__width-desktop--24 wrapper__width-mobile--24 wrapper__offset-large--6 wrapper__offset-desktop--2 wrapper__offset-mobile--0\">\n\t\t<section class=\"block-related-post-metadata js-block-related-post-metadata\">\n\t<div class=\"block-related-post-metadata__content-wrapper\">\n\t\t<div class=\"block-related-post-metadata__persons\">\n\t\t\t<div class=\"related-person-info__wrapper\">\n\t\t\t<div class=\"related-person-info__item related-person-info__color--skyBlue\">\n\t\t\t<a class=\"related-person-info__link\" href=\"https:\/\/d66.nl\/albrandswaard\/mensen\/maret-rombout\/\">\n\t\t\t\t<div class=\"related-person-info__image_container\">\n\t\t\t\t<img loading=\"lazy\" decoding=\"async\" width=\"150\" height=\"150\" src=\"https:\/\/d66.nl\/albrandswaard\/wp-content\/uploads\/sites\/447\/2025\/09\/Maret-Rombout-150x150.jpg\" class=\"related-person-info__image\" alt=\"\" \/>\t\t\t\t<\/div>\n\t\t\t\t<div class=\"related-person-info__meta\">\n\t\t\t\t\t\t\t\t\t<header class=\"related-person-info__header\">\n\t\t\t\t\t\t<h3 class=\"heading   heading__size--small heading__font--sans heading__weight--bold\" id=\"nav-maret-rombout5469\">\n\tMaret Rombout<\/h3>\t\t\t\t\t<\/header>\n\t\t\t\t\t\t\t\t\t\t\t\t\t<div class=\"related-person-info__description\">\n\t\t\t\t\t\t<p class=\"paragraph   paragraph__size--small paragraph__weight--normal\">\n\t\tSecretaris\t<\/p>\t\t\t\t\t<\/div>\n\t\t\t\t\t\t\t\t<\/div>\n\t\t\t<\/a>\n\t\t<\/div>\n\t\t<\/div>\t\t<\/div>\n\t\t<div class=\"block-related-post-metadata__meta\">\n\t\t\t<div class=\"block-related-post-metadata__date\">\n\t\t\t\t04.03.2026<div class=\"post-share js-post-share rs_skip_always\">\n\t<button class=\"post-share__share-button js-post-share-share-button\">\n\t\tShare\t\t<svg xmlns='http:\/\/www.w3.org\/2000\/svg' width='100px' height='100px' viewBox='0 0 24 24' fill='none'><path d='m8.684 10.658 6.629-3.314m.003 9.314-6.622-3.311M21 6a3 3 0 1 1-6 0 3 3 0 0 1 6 0ZM9 12a3 3 0 1 1-6 0 3 3 0 0 1 6 0Zm12 6a3 3 0 1 1-6 0 3 3 0 0 1 6 0Z' stroke='currentColor' stroke-width='1.5' fill='none'\/><\/svg>\t<\/button>\n\t<dialog class=\"post-share__dialog js-post-share-dialog\" aria-hidden=\"true\">\n\t\t<div class=\"post-share__dialog-header\">\n\t\t\tShare this post\t\t\t<button class=\"post-share__dialog-close js-post-share-dialog-close\">\n\t\t\t\t<svg xmlns='http:\/\/www.w3.org\/2000\/svg' width='150' height='150' viewBox='0 0 150 150' fill='none'><path d='M44.103 105.897 75 75m30.898-30.898L75 75m0 0L44.103 44.102M75 75l30.898 30.897' stroke='currentColor' stroke-width='5' fill='none'\/><\/svg>\t\t\t<\/button>\n\t\t<\/div>\n\t\t<div class=\"post-share__dialog-socials\">\n\t\t\t\t\t\t\t\t\t\t\t<a class=\"post-share__dialog-item js-post-share-dialog-item\" href=\"#\" target=\"_blank\" data-copy=&quot;true&quot;>\n\t\t\t\t\tKopier link<svg xmlns='http:\/\/www.w3.org\/2000\/svg' width='150' height='150' viewBox='0 0 150 150' fill='none'><path d='M67.468 108.679c-8.533-.512-14.164-3.583-17.407-9.983-3.242-6.314-2.815-12.713 1.195-18.6 1.706-2.56 3.584-5.035 5.46-7.594 1.537-2.048 3.584-2.475 5.462-1.195 2.047 1.45 2.389 3.498.938 5.632-1.706 2.474-3.584 4.948-5.29 7.423-3.242 4.778-2.304 11.092 2.133 14.334 4.864 3.584 11.092 2.731 14.761-1.962 1.963-2.475 3.754-5.12 5.632-7.68 1.194-1.535 2.645-2.218 4.607-1.28 1.792.854 2.645 2.39 2.304 4.267 0 .17 0 .427-.17.597-3.67 5.12-6.4 11.178-12.544 13.993-2.56 1.195-5.46 1.707-6.996 2.219l-.085-.171Z' fill='currentColor'\/><path d='M86.921 44.6c6.144.257 11.605 3.328 14.932 9.728 3.328 6.399 2.816 12.798-1.109 18.856-1.621 2.56-3.498 4.95-5.29 7.424-1.707 2.303-3.754 2.815-5.717 1.45-2.048-1.45-2.304-3.669-.597-6.058 1.621-2.304 3.328-4.608 4.949-6.911 3.498-4.95 2.56-11.348-2.133-14.761-4.779-3.499-11.178-2.475-14.847 2.56-1.792 2.388-3.498 4.863-5.205 7.252-1.62 2.218-3.583 2.56-5.546 1.11-1.877-1.366-2.218-3.414-.768-5.462 2.048-2.986 4.01-5.972 6.314-8.703 3.67-4.351 8.448-6.399 15.103-6.399l-.086-.085Z' fill='currentColor'\/><path d='M71.478 88.457c-3.498-.341-5.46-3.413-3.754-6.143 3.327-5.29 6.825-10.495 10.324-15.7 1.45-2.133 3.413-2.389 5.46-1.109 1.878 1.28 2.219 3.413.854 5.546-3.328 5.034-6.57 9.983-9.983 14.932-.683 1.024-1.963 1.621-2.901 2.389v.085Z' fill='currentColor'\/><\/svg>\t\t\t\t<\/a>\n\t\t\t\t\t\t\t\t\t\t\t<a class=\"post-share__dialog-item js-post-share-dialog-item\" href=\"mailto:?to=%20&amp;body=https%3A%2F%2Fd66.nl%2Falbrandswaard%2Fnieuws%2F7-maart-thema-middag-over-de-zorg-in-albrandswaard\" target=\"_blank\" >\n\t\t\t\t\tMail<svg xmlns='http:\/\/www.w3.org\/2000\/svg' width='40' height='40' viewBox='0 0 40 40' fill='none'><path d='M24.107 15.865a1 1 0 0 1 1.266 1.265l-1.686 5.052a1 1 0 0 1-1.654.392l-3.37-3.37a1.001 1.001 0 0 1 .392-1.654l5.052-1.685Z' fill='currentColor'\/><path d='m21.763 19.475-5.657 5.657' stroke='currentColor' stroke-width='2' stroke-linecap='round' fill='none'\/><\/svg>\t\t\t\t<\/a>\n\t\t\t\t\t\t\t\t\t\t\t<a class=\"post-share__dialog-item js-post-share-dialog-item\" href=\"https:\/\/www.linkedin.com\/sharing\/share-offsite\/?url=https%3A%2F%2Fd66.nl%2Falbrandswaard%2Fnieuws%2F7-maart-thema-middag-over-de-zorg-in-albrandswaard\" target=\"_blank\" >\n\t\t\t\t\tLinkedIn<svg xmlns='http:\/\/www.w3.org\/2000\/svg' width='40' height='40' viewBox='0 0 40 40' fill='none'><path d='M24.107 15.865a1 1 0 0 1 1.266 1.265l-1.686 5.052a1 1 0 0 1-1.654.392l-3.37-3.37a1.001 1.001 0 0 1 .392-1.654l5.052-1.685Z' fill='currentColor'\/><path d='m21.763 19.475-5.657 5.657' stroke='currentColor' stroke-width='2' stroke-linecap='round' fill='none'\/><\/svg>\t\t\t\t<\/a>\n\t\t\t\t\t\t\t\t\t\t\t<a class=\"post-share__dialog-item js-post-share-dialog-item\" href=\"https:\/\/www.facebook.com\/sharer\/sharer.php?u=https%3A%2F%2Fd66.nl%2Falbrandswaard%2Fnieuws%2F7-maart-thema-middag-over-de-zorg-in-albrandswaard\" target=\"_blank\" >\n\t\t\t\t\tFacebook<svg xmlns='http:\/\/www.w3.org\/2000\/svg' width='40' height='40' viewBox='0 0 40 40' fill='none'><path d='M24.107 15.865a1 1 0 0 1 1.266 1.265l-1.686 5.052a1 1 0 0 1-1.654.392l-3.37-3.37a1.001 1.001 0 0 1 .392-1.654l5.052-1.685Z' fill='currentColor'\/><path d='m21.763 19.475-5.657 5.657' stroke='currentColor' stroke-width='2' stroke-linecap='round' fill='none'\/><\/svg>\t\t\t\t<\/a>\n\t\t\t\t\t\t\t\t\t\t\t<a class=\"post-share__dialog-item js-post-share-dialog-item\" href=\"whatsapp:\/\/send?text=https%3A%2F%2Fd66.nl%2Falbrandswaard%2Fnieuws%2F7-maart-thema-middag-over-de-zorg-in-albrandswaard\" target=\"_blank\" >\n\t\t\t\t\tWhatsApp<svg xmlns='http:\/\/www.w3.org\/2000\/svg' width='40' height='40' viewBox='0 0 40 40' fill='none'><path d='M24.107 15.865a1 1 0 0 1 1.266 1.265l-1.686 5.052a1 1 0 0 1-1.654.392l-3.37-3.37a1.001 1.001 0 0 1 .392-1.654l5.052-1.685Z' fill='currentColor'\/><path d='m21.763 19.475-5.657 5.657' stroke='currentColor' stroke-width='2' stroke-linecap='round' fill='none'\/><\/svg>\t\t\t\t<\/a>\n\t\t\t\t\t\t\t\t\t\t\t<a class=\"post-share__dialog-item js-post-share-dialog-item\" href=\"https:\/\/x.com\/intent\/post?url=https%3A%2F%2Fd66.nl%2Falbrandswaard%2Fnieuws%2F7-maart-thema-middag-over-de-zorg-in-albrandswaard\" target=\"_blank\" >\n\t\t\t\t\tTwitter (X)<svg xmlns='http:\/\/www.w3.org\/2000\/svg' width='40' height='40' viewBox='0 0 40 40' fill='none'><path d='M24.107 15.865a1 1 0 0 1 1.266 1.265l-1.686 5.052a1 1 0 0 1-1.654.392l-3.37-3.37a1.001 1.001 0 0 1 .392-1.654l5.052-1.685Z' fill='currentColor'\/><path d='m21.763 19.475-5.657 5.657' stroke='currentColor' stroke-width='2' stroke-linecap='round' fill='none'\/><\/svg>\t\t\t\t<\/a>\n\t\t\t\t\t<\/div>\n\t<\/dialog>\n<\/div>\t\t\t<\/div>\n\t\t\t<div class=\"block-related-post-metadata__categories\">\n\t\t\t\t<div class=\"category-link__wrapper\">\n\t\t\t<div class=\"category-link__item\">\n\t\t\t<a href=\"https:\/\/d66.nl\/albrandswaard\/category\/d66\/\">\n\t\t\t\tD66\t\t\t<\/a>\n\t\t<\/div>\n\t\t\t\t<div class=\"category-link__item\">\n\t\t\t<a href=\"https:\/\/d66.nl\/albrandswaard\/category\/d66-albrandswaard\/\">\n\t\t\t\tD66 Albrandswaard\t\t\t<\/a>\n\t\t<\/div>\n\t\t\t\t<div class=\"category-link__item\">\n\t\t\t<a href=\"https:\/\/d66.nl\/albrandswaard\/search-tags\/lokaal\/\">\n\t\t\t\tLokaal\t\t\t<\/a>\n\t\t<\/div>\n\t\t\t\t<div class=\"category-link__item\">\n\t\t\t<a href=\"https:\/\/d66.nl\/albrandswaard\/search-tags\/lokaal\/politiek-cafe\/\">\n\t\t\t\tPolitiek caf\u00e9\t\t\t<\/a>\n\t\t<\/div>\n\t\t\t\t<div class=\"category-link__item\">\n\t\t\t<a href=\"https:\/\/d66.nl\/albrandswaard\/search-tags\/zorg\/\">\n\t\t\t\tZorg\t\t\t<\/a>\n\t\t<\/div>\n\t\t<\/div>\t\t\t<\/div>\n\t\t<\/div>\n\t<\/div>\n<\/section>\n\t  <\/div>\n\t<\/div>\n  <\/div>\n\n\n<div\n  id=\"\"\n  class=\"wrapper  wrapper__spacing-bottom-large--30 wrapper__spacing-bottom-desktop--20  wrapper__gutter--none\"\n  >\n  \t<div class=\"wrapper__container wrapper__container-width-large--default\">\n\t  <div class=\"wrapper__inner wrapper__width-large--14 wrapper__width-mobile--24 wrapper__offset-large--6\">\n\t\t<p\n\t\tclass=\"paragraph paragraph__align--left paragraph__color--black paragraph__size--default   block-paragraph__paragraph\"\n\t\t\t>\n\t\tIn 2015 heeft het Rijk veel (jeugd)zorgtaken overgedragen aan gemeenten.<br>Het idee was dat gemeenten dichter bij inwoners staan en daardoor sneller kunnen helpen, beter kunnen samenwerken, met minder regels.<br><br>Ook Albrandswaard ging hiermee aan de slag met de slogan: \u00e9\u00e9n gezin, \u00e9\u00e9n plan, \u00e9\u00e9n regisseur.<br>Inwoners die hulp nodig hebben kregen \u00e9\u00e9n vast aanspreekpunt in plaats van meerdere loketten. De zorg moest niet alleen beter, maar ook goedkoper. Ruim tien jaar later is de vraag: hoe staan we ervoor? Die vraag stond centraal tijdens onze D66-themamiddag op 7 maart in De Brinkhoeve. Inwoners, zorgprofessionals en ervaringsdeskundigen waren uitgenodigd.<br>Maret Rombout (D66), voormalig wethouder Zorg &amp; Welzijn in Albrandswaard, begeleidde de middag.<br><br>De gesprekken waren open en waardevol, maar lieten ook zorgen zien. Zo vertelde een ervaringsdeskundige dat een vast aanspreekpunt bij het wijkteam niet vanzelfsprekend is.<br>Als mogelijke oorzaak werd het grote personeelsverloop genoemd. Een wijkteammedewerker uit een andere gemeente herkende dit en vertelde dat de werkdruk hoog is. Doorverwijzingen verlopen soms moeizaam, waardoor mensen met een complexe zorgvraag langer bij het wijkteam blijven dan wenselijk. Ook vanuit een huisarts kregen we een alarmerend signaal over wachttijden.\u00a0<br><br>Daarnaast ervaren inwoners soms een gebrek aan vertrouwen, doordat naast het advies van de professional uit het wijkteam ook een medische verklaring moet worden aangeleverd.<br>Dat leidt tot vertraging, extra stress voor inwoners en hogere kosten voor de gemeente.<br>D66 vindt dat zorg beter werkt wanneer wordt uitgegaan van vertrouwen en betrokkenheid, in plaats van controle en wantrouwen.<br>Deze middag liet ons zien hoe belangrijk het is om niet alleen \u00f3ver zorg te praten, maar vooral m\u00e9t de mensen om wie het gaat.<br>Wij willen iedereen bedanken die heeft bijgedragen aan deze waardevolle middag. Wij blijven dit onderwerp agenderen.\t<\/p>\t  <\/div>\n\t<\/div>\n  <\/div>\n\n\n<div\n  id=\"\"\n  class=\"wrapper wrapper__spacing-top-large--0 wrapper__spacing-top-tablet--120 wrapper__spacing-top-mobile--100 wrapper__spacing-bottom-large--0  wrapper__gutter--none\"\n  data-background-color=\"seashell\">\n  \t<div class=\"wrapper__container wrapper__container-width-large--default\">\n\t  <div class=\"wrapper__inner wrapper__width-large--24 wrapper__width-mobile--24\">\n\t\t\n<section class=\"block-video-hero js-block-video-hero\">\n\n\t\n\t<div class=\"block-video-hero__content\">\n\t\t<h1 class=\"text text-big block-video-hero__title\">Film-impressie<\/h1>\t\t<div class=\"block-video-hero__buttons-wrap\">\n\t\t\t\t\t<\/div>\n\t<\/div>\n\n\t<div class=\"block-video-hero__media\">\n\t\t<div\n\t\t\tclass=\"block-video-hero__video-wrapper\"\n\t\t\tstyle=\"background-image: url('https:\/\/media.d66.nl\/uploads\/sites\/447\/2026\/03\/IMG_0659-scaled.jpg')\">\n\t\t\t\t\t\t\t<div class=\"block-video-hero__video-meta\">\n\t\t\t\t\t<button class=\"video-btn video-btn__style--no-thumbnail  js-play-button video-btn__color--black\" data-micromodal-trigger=\"video-modal273\" aria-label=\"Video afspelen\">\n  <span class=\"video-btn__play-button\"><\/span>\n<\/button>\t\t\t\t\t<div class=\"block-video-hero__video-description\">\n\t\t\t\t\t\t<p class=\"text text-medium block-video-hero__text\"><mark style=\"background-color:#000000\" class=\"has-inline-color has-white-color\">Start hier<\/mark><\/p>\t\t\t\t\t<\/div>\n\t\t\t\t<\/div>\n\t\t\t\t\t<\/div>\n\n\t\t\t\t\t<div class=\"block-video-hero__caption-wrapper\">\n\t\t\t\t<div class=\"block-video-hero__caption\">\n\t\t\t\t\t<p class=\"paragraph paragraph__align--left paragraph__color--black paragraph__size--small paragraph__weight--medium\">\n\t\tBeeld: Mario van Loon en Loes Knopper\t<\/p>\t\t\t\t<\/div>\n\t\t\t<\/div>\n\t\t\t<\/div>\n\n\t\t\t<div id=\"video-modal273\" class=\"video-modal js-video-modal\" aria-hidden=\"true\">\n\n\t<div class=\"video-modal__overlay\" tabindex=\"-1\" data-micromodal-close>\n\n\t\t<div class=\"video-modal__dialog\" role=\"dialog\" aria-label=\"\">\n\n\t\t\t<header class=\"video-modal__header\">\n\t\t\t\t<div class=\"video-modal__header-container\">\n\t\t\t\t\t<button class=\"video-modal__close\" aria-label=\"Close modal\" data-micromodal-close><\/button>\n\t\t\t\t<\/div>\n\t\t\t<\/header>\n\n\t\t\t<section class=\"video-modal__content\" id=\"video-modal273-content\">\n\t\t\t\t<div class=\"responsive-embed\">\n\t\t\t\t\t<iframe loading=\"lazy\" title=\"Zorg themamiddag\" width=\"422\" height=\"750\" src=\"https:\/\/www.youtube-nocookie.com\/embed\/MJZsOjPMJUc?feature=oembed&amp;enablejsapi=1\" frameborder=\"0\" allow=\"accelerometer; autoplay; clipboard-write; encrypted-media; gyroscope; picture-in-picture; web-share\" referrerpolicy=\"strict-origin-when-cross-origin\" allowfullscreen><\/iframe>\t\t\t\t<\/div>\n\t\t\t<\/section>\n\n\t\t\t<footer class=\"video-modal__footer\">\n\t\t\t\t<button class=\"video-modal__accessibility-button\" data-micromodal-close>\n\t\t\t\t\tSluit module\t\t\t\t<\/button>\n\t\t\t<\/footer>\n\n\t\t<\/div>\n\t<\/div>\n<\/div>\t<\/section>\n\t  <\/div>\n\t<\/div>\n  <\/div>\n","protected":false},"excerpt":{"rendered":"<p>Regelmatig organiseert D66 Albrandswaard een politiek caf\u00e9 of thema-middag in Albrandswaard.<\/p>\n","protected":false},"author":1868,"featured_media":1239,"comment_status":"open","ping_status":"open","sticky":false,"template":"","format":"standard","meta":{"_acf_changed":false,"footnotes":""},"categories":[1,28],"search-tags":[26,29,66],"labels":[],"class_list":["post-1212","post","type-post","status-publish","format-standard","has-post-thumbnail","hentry","category-d66","category-d66-albrandswaard","search-tags-lokaal","search-tags-politiek-cafe","search-tags-zorg"],"acf":[],"yoast_head":"<!-- This site is optimized with the Yoast SEO plugin v27.3 - https:\/\/yoast.com\/product\/yoast-seo-wordpress\/ -->\n<title>D66 Albrandswaard &#8212; Zorg in Albrandswaard.<\/title>\n<meta name=\"description\" content=\"Thema middag ZORG in Albrandswaard op 7 maart 2026\" \/>\n<meta name=\"robots\" content=\"index, follow, max-snippet:-1, max-image-preview:large, max-video-preview:-1\" \/>\n<link rel=\"canonical\" href=\"https:\/\/d66.nl\/albrandswaard\/nieuws\/7-maart-thema-middag-over-de-zorg-in-albrandswaard\" \/>\n<meta property=\"og:locale\" content=\"nl_NL\" \/>\n<meta property=\"og:type\" content=\"article\" \/>\n<meta property=\"og:title\" content=\"D66 Albrandswaard &#8212; Zorg in Albrandswaard.\" \/>\n<meta property=\"og:description\" content=\"Thema middag ZORG in Albrandswaard op 7 maart 2026\" \/>\n<meta property=\"og:url\" content=\"https:\/\/d66.nl\/albrandswaard\/nieuws\/7-maart-thema-middag-over-de-zorg-in-albrandswaard\/\" \/>\n<meta property=\"og:site_name\" content=\"D66 Albrandswaard\" \/>\n<meta property=\"article:published_time\" content=\"2026-03-04T22:00:30+00:00\" \/>\n<meta property=\"article:modified_time\" content=\"2026-03-14T16:30:48+00:00\" \/>\n<meta property=\"og:image\" content=\"https:\/\/media.d66.nl\/uploads\/sites\/447\/2026\/03\/IMG_0659-scaled.jpg\" \/>\n\t<meta property=\"og:image:width\" content=\"1920\" \/>\n\t<meta property=\"og:image:height\" content=\"2560\" \/>\n\t<meta property=\"og:image:type\" content=\"image\/jpeg\" \/>\n<meta name=\"author\" content=\"mariovanloon1964\" \/>\n<meta name=\"twitter:card\" content=\"summary_large_image\" \/>\n<meta name=\"twitter:label1\" content=\"Geschreven door\" \/>\n\t<meta name=\"twitter:data1\" content=\"mariovanloon1964\" \/>\n\t<meta name=\"twitter:label2\" content=\"Geschatte leestijd\" \/>\n\t<meta name=\"twitter:data2\" content=\"1 minuut\" \/>\n<script type=\"application\/ld+json\" class=\"yoast-schema-graph\">{\"@context\":\"https:\\\/\\\/schema.org\",\"@graph\":[{\"@type\":\"Article\",\"@id\":\"https:\\\/\\\/d66.nl\\\/albrandswaard\\\/nieuws\\\/7-maart-thema-middag-over-de-zorg-in-albrandswaard\\\/#article\",\"isPartOf\":{\"@id\":\"https:\\\/\\\/d66.nl\\\/albrandswaard\\\/nieuws\\\/7-maart-thema-middag-over-de-zorg-in-albrandswaard\\\/\"},\"author\":{\"name\":\"mariovanloon1964\",\"@id\":\"https:\\\/\\\/d66.nl\\\/albrandswaard\\\/#\\\/schema\\\/person\\\/061ad2b092ece73d28981f3607010636\"},\"headline\":\"Zorg in Albrandswaard.\",\"datePublished\":\"2026-03-04T22:00:30+00:00\",\"dateModified\":\"2026-03-14T16:30:48+00:00\",\"mainEntityOfPage\":{\"@id\":\"https:\\\/\\\/d66.nl\\\/albrandswaard\\\/nieuws\\\/7-maart-thema-middag-over-de-zorg-in-albrandswaard\\\/\"},\"wordCount\":3,\"commentCount\":0,\"publisher\":{\"@id\":\"https:\\\/\\\/d66.nl\\\/albrandswaard\\\/#organization\"},\"image\":{\"@id\":\"https:\\\/\\\/d66.nl\\\/albrandswaard\\\/nieuws\\\/7-maart-thema-middag-over-de-zorg-in-albrandswaard\\\/#primaryimage\"},\"thumbnailUrl\":\"https:\\\/\\\/media.d66.nl\\\/uploads\\\/sites\\\/447\\\/2026\\\/03\\\/IMG_0659-scaled.jpg\",\"articleSection\":[\"D66\",\"D66 Albrandswaard\"],\"inLanguage\":\"nl-NL\",\"potentialAction\":[{\"@type\":\"CommentAction\",\"name\":\"Comment\",\"target\":[\"https:\\\/\\\/d66.nl\\\/albrandswaard\\\/nieuws\\\/7-maart-thema-middag-over-de-zorg-in-albrandswaard\\\/#respond\"]}]},{\"@type\":\"WebPage\",\"@id\":\"https:\\\/\\\/d66.nl\\\/albrandswaard\\\/nieuws\\\/7-maart-thema-middag-over-de-zorg-in-albrandswaard\\\/\",\"url\":\"https:\\\/\\\/d66.nl\\\/albrandswaard\\\/nieuws\\\/7-maart-thema-middag-over-de-zorg-in-albrandswaard\\\/\",\"name\":\"D66 Albrandswaard &#8212; Zorg in Albrandswaard.\",\"isPartOf\":{\"@id\":\"https:\\\/\\\/d66.nl\\\/albrandswaard\\\/#website\"},\"primaryImageOfPage\":{\"@id\":\"https:\\\/\\\/d66.nl\\\/albrandswaard\\\/nieuws\\\/7-maart-thema-middag-over-de-zorg-in-albrandswaard\\\/#primaryimage\"},\"image\":{\"@id\":\"https:\\\/\\\/d66.nl\\\/albrandswaard\\\/nieuws\\\/7-maart-thema-middag-over-de-zorg-in-albrandswaard\\\/#primaryimage\"},\"thumbnailUrl\":\"https:\\\/\\\/media.d66.nl\\\/uploads\\\/sites\\\/447\\\/2026\\\/03\\\/IMG_0659-scaled.jpg\",\"datePublished\":\"2026-03-04T22:00:30+00:00\",\"dateModified\":\"2026-03-14T16:30:48+00:00\",\"description\":\"Thema middag ZORG in Albrandswaard op 7 maart 2026\",\"breadcrumb\":{\"@id\":\"https:\\\/\\\/d66.nl\\\/albrandswaard\\\/nieuws\\\/7-maart-thema-middag-over-de-zorg-in-albrandswaard\\\/#breadcrumb\"},\"inLanguage\":\"nl-NL\",\"potentialAction\":[{\"@type\":\"ReadAction\",\"target\":[\"https:\\\/\\\/d66.nl\\\/albrandswaard\\\/nieuws\\\/7-maart-thema-middag-over-de-zorg-in-albrandswaard\\\/\"]}]},{\"@type\":\"ImageObject\",\"inLanguage\":\"nl-NL\",\"@id\":\"https:\\\/\\\/d66.nl\\\/albrandswaard\\\/nieuws\\\/7-maart-thema-middag-over-de-zorg-in-albrandswaard\\\/#primaryimage\",\"url\":\"https:\\\/\\\/media.d66.nl\\\/uploads\\\/sites\\\/447\\\/2026\\\/03\\\/IMG_0659-scaled.jpg\",\"contentUrl\":\"https:\\\/\\\/media.d66.nl\\\/uploads\\\/sites\\\/447\\\/2026\\\/03\\\/IMG_0659-scaled.jpg\",\"width\":1920,\"height\":2560},{\"@type\":\"BreadcrumbList\",\"@id\":\"https:\\\/\\\/d66.nl\\\/albrandswaard\\\/nieuws\\\/7-maart-thema-middag-over-de-zorg-in-albrandswaard\\\/#breadcrumb\",\"itemListElement\":[{\"@type\":\"ListItem\",\"position\":1,\"name\":\"Home\",\"item\":\"https:\\\/\\\/d66.nl\\\/albrandswaard\\\/\"},{\"@type\":\"ListItem\",\"position\":2,\"name\":\"Nieuws\",\"item\":\"https:\\\/\\\/d66.nl\\\/albrandswaard\\\/nieuws\\\/\"},{\"@type\":\"ListItem\",\"position\":3,\"name\":\"Zorg in Albrandswaard.\"}]},{\"@type\":\"WebSite\",\"@id\":\"https:\\\/\\\/d66.nl\\\/albrandswaard\\\/#website\",\"url\":\"https:\\\/\\\/d66.nl\\\/albrandswaard\\\/\",\"name\":\"D66 Albrandswaard\",\"description\":\"Just another D66 Sites site\",\"publisher\":{\"@id\":\"https:\\\/\\\/d66.nl\\\/albrandswaard\\\/#organization\"},\"potentialAction\":[{\"@type\":\"SearchAction\",\"target\":{\"@type\":\"EntryPoint\",\"urlTemplate\":\"https:\\\/\\\/d66.nl\\\/albrandswaard\\\/?s={search_term_string}\"},\"query-input\":{\"@type\":\"PropertyValueSpecification\",\"valueRequired\":true,\"valueName\":\"search_term_string\"}}],\"inLanguage\":\"nl-NL\"},{\"@type\":\"Organization\",\"@id\":\"https:\\\/\\\/d66.nl\\\/albrandswaard\\\/#organization\",\"name\":\"D66\",\"url\":\"https:\\\/\\\/d66.nl\\\/albrandswaard\\\/\",\"logo\":{\"@type\":\"ImageObject\",\"inLanguage\":\"nl-NL\",\"@id\":\"https:\\\/\\\/d66.nl\\\/albrandswaard\\\/#\\\/schema\\\/logo\\\/image\\\/\",\"url\":\"https:\\\/\\\/d66.nl\\\/template14okt1966\\\/wp-content\\\/uploads\\\/sites\\\/447\\\/2021\\\/10\\\/d66-themas-algemeen-og.png\",\"contentUrl\":\"https:\\\/\\\/d66.nl\\\/template14okt1966\\\/wp-content\\\/uploads\\\/sites\\\/447\\\/2021\\\/10\\\/d66-themas-algemeen-og.png\",\"width\":1200,\"height\":628,\"caption\":\"D66\"},\"image\":{\"@id\":\"https:\\\/\\\/d66.nl\\\/albrandswaard\\\/#\\\/schema\\\/logo\\\/image\\\/\"}},{\"@type\":\"Person\",\"@id\":\"https:\\\/\\\/d66.nl\\\/albrandswaard\\\/#\\\/schema\\\/person\\\/061ad2b092ece73d28981f3607010636\",\"name\":\"mariovanloon1964\",\"image\":{\"@type\":\"ImageObject\",\"inLanguage\":\"nl-NL\",\"@id\":\"https:\\\/\\\/secure.gravatar.com\\\/avatar\\\/5d421bd0436ff4d1aa1a128522821bf3e0f21a3ed365481ddb2b4cac3ba6395c?s=96&d=mm&r=g\",\"url\":\"https:\\\/\\\/secure.gravatar.com\\\/avatar\\\/5d421bd0436ff4d1aa1a128522821bf3e0f21a3ed365481ddb2b4cac3ba6395c?s=96&d=mm&r=g\",\"contentUrl\":\"https:\\\/\\\/secure.gravatar.com\\\/avatar\\\/5d421bd0436ff4d1aa1a128522821bf3e0f21a3ed365481ddb2b4cac3ba6395c?s=96&d=mm&r=g\",\"caption\":\"mariovanloon1964\"}}]}<\/script>\n<!-- \/ Yoast SEO plugin. -->","yoast_head_json":{"title":"D66 Albrandswaard &#8212; Zorg in Albrandswaard.","description":"Thema middag ZORG in Albrandswaard op 7 maart 2026","robots":{"index":"index","follow":"follow","max-snippet":"max-snippet:-1","max-image-preview":"max-image-preview:large","max-video-preview":"max-video-preview:-1"},"canonical":"https:\/\/d66.nl\/albrandswaard\/nieuws\/7-maart-thema-middag-over-de-zorg-in-albrandswaard","og_locale":"nl_NL","og_type":"article","og_title":"D66 Albrandswaard &#8212; Zorg in Albrandswaard.","og_description":"Thema middag ZORG in Albrandswaard op 7 maart 2026","og_url":"https:\/\/d66.nl\/albrandswaard\/nieuws\/7-maart-thema-middag-over-de-zorg-in-albrandswaard\/","og_site_name":"D66 Albrandswaard","article_published_time":"2026-03-04T22:00:30+00:00","article_modified_time":"2026-03-14T16:30:48+00:00","og_image":[{"width":1920,"height":2560,"url":"https:\/\/media.d66.nl\/uploads\/sites\/447\/2026\/03\/IMG_0659-scaled.jpg","type":"image\/jpeg"}],"author":"mariovanloon1964","twitter_card":"summary_large_image","twitter_misc":{"Geschreven door":"mariovanloon1964","Geschatte leestijd":"1 minuut"},"schema":{"@context":"https:\/\/schema.org","@graph":[{"@type":"Article","@id":"https:\/\/d66.nl\/albrandswaard\/nieuws\/7-maart-thema-middag-over-de-zorg-in-albrandswaard\/#article","isPartOf":{"@id":"https:\/\/d66.nl\/albrandswaard\/nieuws\/7-maart-thema-middag-over-de-zorg-in-albrandswaard\/"},"author":{"name":"mariovanloon1964","@id":"https:\/\/d66.nl\/albrandswaard\/#\/schema\/person\/061ad2b092ece73d28981f3607010636"},"headline":"Zorg in Albrandswaard.","datePublished":"2026-03-04T22:00:30+00:00","dateModified":"2026-03-14T16:30:48+00:00","mainEntityOfPage":{"@id":"https:\/\/d66.nl\/albrandswaard\/nieuws\/7-maart-thema-middag-over-de-zorg-in-albrandswaard\/"},"wordCount":3,"commentCount":0,"publisher":{"@id":"https:\/\/d66.nl\/albrandswaard\/#organization"},"image":{"@id":"https:\/\/d66.nl\/albrandswaard\/nieuws\/7-maart-thema-middag-over-de-zorg-in-albrandswaard\/#primaryimage"},"thumbnailUrl":"https:\/\/media.d66.nl\/uploads\/sites\/447\/2026\/03\/IMG_0659-scaled.jpg","articleSection":["D66","D66 Albrandswaard"],"inLanguage":"nl-NL","potentialAction":[{"@type":"CommentAction","name":"Comment","target":["https:\/\/d66.nl\/albrandswaard\/nieuws\/7-maart-thema-middag-over-de-zorg-in-albrandswaard\/#respond"]}]},{"@type":"WebPage","@id":"https:\/\/d66.nl\/albrandswaard\/nieuws\/7-maart-thema-middag-over-de-zorg-in-albrandswaard\/","url":"https:\/\/d66.nl\/albrandswaard\/nieuws\/7-maart-thema-middag-over-de-zorg-in-albrandswaard\/","name":"D66 Albrandswaard &#8212; Zorg in Albrandswaard.","isPartOf":{"@id":"https:\/\/d66.nl\/albrandswaard\/#website"},"primaryImageOfPage":{"@id":"https:\/\/d66.nl\/albrandswaard\/nieuws\/7-maart-thema-middag-over-de-zorg-in-albrandswaard\/#primaryimage"},"image":{"@id":"https:\/\/d66.nl\/albrandswaard\/nieuws\/7-maart-thema-middag-over-de-zorg-in-albrandswaard\/#primaryimage"},"thumbnailUrl":"https:\/\/media.d66.nl\/uploads\/sites\/447\/2026\/03\/IMG_0659-scaled.jpg","datePublished":"2026-03-04T22:00:30+00:00","dateModified":"2026-03-14T16:30:48+00:00","description":"Thema middag ZORG in Albrandswaard op 7 maart 2026","breadcrumb":{"@id":"https:\/\/d66.nl\/albrandswaard\/nieuws\/7-maart-thema-middag-over-de-zorg-in-albrandswaard\/#breadcrumb"},"inLanguage":"nl-NL","potentialAction":[{"@type":"ReadAction","target":["https:\/\/d66.nl\/albrandswaard\/nieuws\/7-maart-thema-middag-over-de-zorg-in-albrandswaard\/"]}]},{"@type":"ImageObject","inLanguage":"nl-NL","@id":"https:\/\/d66.nl\/albrandswaard\/nieuws\/7-maart-thema-middag-over-de-zorg-in-albrandswaard\/#primaryimage","url":"https:\/\/media.d66.nl\/uploads\/sites\/447\/2026\/03\/IMG_0659-scaled.jpg","contentUrl":"https:\/\/media.d66.nl\/uploads\/sites\/447\/2026\/03\/IMG_0659-scaled.jpg","width":1920,"height":2560},{"@type":"BreadcrumbList","@id":"https:\/\/d66.nl\/albrandswaard\/nieuws\/7-maart-thema-middag-over-de-zorg-in-albrandswaard\/#breadcrumb","itemListElement":[{"@type":"ListItem","position":1,"name":"Home","item":"https:\/\/d66.nl\/albrandswaard\/"},{"@type":"ListItem","position":2,"name":"Nieuws","item":"https:\/\/d66.nl\/albrandswaard\/nieuws\/"},{"@type":"ListItem","position":3,"name":"Zorg in Albrandswaard."}]},{"@type":"WebSite","@id":"https:\/\/d66.nl\/albrandswaard\/#website","url":"https:\/\/d66.nl\/albrandswaard\/","name":"D66 Albrandswaard","description":"Just another D66 Sites site","publisher":{"@id":"https:\/\/d66.nl\/albrandswaard\/#organization"},"potentialAction":[{"@type":"SearchAction","target":{"@type":"EntryPoint","urlTemplate":"https:\/\/d66.nl\/albrandswaard\/?s={search_term_string}"},"query-input":{"@type":"PropertyValueSpecification","valueRequired":true,"valueName":"search_term_string"}}],"inLanguage":"nl-NL"},{"@type":"Organization","@id":"https:\/\/d66.nl\/albrandswaard\/#organization","name":"D66","url":"https:\/\/d66.nl\/albrandswaard\/","logo":{"@type":"ImageObject","inLanguage":"nl-NL","@id":"https:\/\/d66.nl\/albrandswaard\/#\/schema\/logo\/image\/","url":"https:\/\/d66.nl\/template14okt1966\/wp-content\/uploads\/sites\/447\/2021\/10\/d66-themas-algemeen-og.png","contentUrl":"https:\/\/d66.nl\/template14okt1966\/wp-content\/uploads\/sites\/447\/2021\/10\/d66-themas-algemeen-og.png","width":1200,"height":628,"caption":"D66"},"image":{"@id":"https:\/\/d66.nl\/albrandswaard\/#\/schema\/logo\/image\/"}},{"@type":"Person","@id":"https:\/\/d66.nl\/albrandswaard\/#\/schema\/person\/061ad2b092ece73d28981f3607010636","name":"mariovanloon1964","image":{"@type":"ImageObject","inLanguage":"nl-NL","@id":"https:\/\/secure.gravatar.com\/avatar\/5d421bd0436ff4d1aa1a128522821bf3e0f21a3ed365481ddb2b4cac3ba6395c?s=96&d=mm&r=g","url":"https:\/\/secure.gravatar.com\/avatar\/5d421bd0436ff4d1aa1a128522821bf3e0f21a3ed365481ddb2b4cac3ba6395c?s=96&d=mm&r=g","contentUrl":"https:\/\/secure.gravatar.com\/avatar\/5d421bd0436ff4d1aa1a128522821bf3e0f21a3ed365481ddb2b4cac3ba6395c?s=96&d=mm&r=g","caption":"mariovanloon1964"}}]}},"_links":{"self":[{"href":"https:\/\/d66.nl\/albrandswaard\/wp-json\/wp\/v2\/posts\/1212","targetHints":{"allow":["GET"]}}],"collection":[{"href":"https:\/\/d66.nl\/albrandswaard\/wp-json\/wp\/v2\/posts"}],"about":[{"href":"https:\/\/d66.nl\/albrandswaard\/wp-json\/wp\/v2\/types\/post"}],"author":[{"embeddable":true,"href":"https:\/\/d66.nl\/albrandswaard\/wp-json\/wp\/v2\/users\/1868"}],"replies":[{"embeddable":true,"href":"https:\/\/d66.nl\/albrandswaard\/wp-json\/wp\/v2\/comments?post=1212"}],"version-history":[{"count":9,"href":"https:\/\/d66.nl\/albrandswaard\/wp-json\/wp\/v2\/posts\/1212\/revisions"}],"predecessor-version":[{"id":1273,"href":"https:\/\/d66.nl\/albrandswaard\/wp-json\/wp\/v2\/posts\/1212\/revisions\/1273"}],"wp:featuredmedia":[{"embeddable":true,"href":"https:\/\/d66.nl\/albrandswaard\/wp-json\/wp\/v2\/media\/1239"}],"wp:attachment":[{"href":"https:\/\/d66.nl\/albrandswaard\/wp-json\/wp\/v2\/media?parent=1212"}],"wp:term":[{"taxonomy":"category","embeddable":true,"href":"https:\/\/d66.nl\/albrandswaard\/wp-json\/wp\/v2\/categories?post=1212"},{"taxonomy":"search-tags","embeddable":true,"href":"https:\/\/d66.nl\/albrandswaard\/wp-json\/wp\/v2\/search-tags?post=1212"},{"taxonomy":"labels","embeddable":true,"href":"https:\/\/d66.nl\/albrandswaard\/wp-json\/wp\/v2\/labels?post=1212"}],"curies":[{"name":"wp","href":"https:\/\/api.w.org\/{rel}","templated":true}]}}